{"id":5614,"date":"2025-06-12T09:40:15","date_gmt":"2025-06-12T07:40:15","guid":{"rendered":"https:\/\/www.strassenweb.de\/nachrichten\/vergessen-sie-cheddar-und-ham-gegrillter-kaese-hat-einen-gluehen-up-und-diese-version-ist-fast-zu-gut-um-sie-zu-teilen\/"},"modified":"2025-06-12T09:40:16","modified_gmt":"2025-06-12T07:40:16","slug":"vergessen-sie-cheddar-und-ham-gegrillter-kaese-hat-einen-gluehen-up-und-diese-version-ist-fast-zu-gut-um-sie-zu-teilen","status":"publish","type":"post","link":"https:\/\/www.strassenweb.de\/nachrichten\/vergessen-sie-cheddar-und-ham-gegrillter-kaese-hat-einen-gluehen-up-und-diese-version-ist-fast-zu-gut-um-sie-zu-teilen\/","title":{"rendered":"Vergessen Sie Cheddar und Ham, gegrillter K\u00e4se hat einen Gl\u00fchen-Up, und diese Version ist fast zu gut, um sie zu teilen"},"content":{"rendered":"<p><\/p>\n<div id=\"article-body\" class=\"article__body \">\n<p>Leben Sie ein klassisches gegrilltes K\u00e4se -Sandwich mit reichem und verw\u00f6hnendem Brie und dem fruchtigen Tang aus Kirschchutney auf.<\/p>\n<div id=\"ad-unit-1\" class=\"ad-unit\"><\/div>\n<p>Diese Brie-Toasties sind die ultimativen (und einfachsten) Publikumsmassener f\u00fcr einen Brunch oder eine Familientreffen am Pool.<\/p>\n<aside data-block-type=\"embed\" data-render-type=\"fte\" data-skip=\"dealsy\" data-widget-type=\"seasonal\" class=\"hawk-base\"><\/aside>\n<p>So einfach, voller Geschmack und absolut befriedigend, dass dies genau die Art von Rezept ist, das ein l\u00e4ssiges Essen in eine Veranstaltung verwandelt.<\/p>\n<div id=\"desktop-in-article\" class=\"in-article ad-unit\">\n<div id=\"desktop-taboola-mid-article\"><\/div>\n<\/div>\n<div id=\"mobile-in-article\" class=\"in-article ad-unit\">\n<div id=\"mobile-taboola-mid-article\"><\/div>\n<\/div>\n<div class=\"van_vid_carousel\">\n<div class=\"van_vid_carousel__padding\">\n<div class=\"van_vid_carousel__container\"><\/div>\n<\/div>\n<\/div>\n<aside data-component-name=\"Recirculation:ArticleRiver\" format=\"inline\" data-nosnippet>\n<span class=\"bg-secondary-500 text-white text-lg font-bold uppercase py-1 px-2 leading-(1.625rem) sm:leading-(6px) sm:text-sm\"><\/p>\n<p>Sie m\u00f6gen m\u00f6gen<br \/>\n<\/span><\/p>\n<ul class=\"flex flex-col my-2 list-outside ms-5 bg-none\">\n<li class=\"m-0 mb-2\" name=\"recirculation-inline\" data-analytics-id=\"recirculation-inline-1\" analytics-label=\"adviser:related\">\n<p>Diese fruchtige Wendung auf Bruschetta wird ein Hit von Kindern und Erwachsenen gleicherma\u00dfen sein und ist so einfach zusammenzuwerfen<\/p>\n<\/li>\n<li class=\"m-0 mb-2\" name=\"recirculation-inline\" data-analytics-id=\"recirculation-inline-2\" analytics-label=\"adviser:related\">\n<p>Feigen und Ricotta -Tart mit Amaretti Kruste<\/p>\n<\/li>\n<li class=\"m-0 mb-2\" name=\"recirculation-inline\" data-analytics-id=\"recirculation-inline-3\" analytics-label=\"adviser:related\">\n<p>Kanalisieren Sie Ihre innere franz\u00f6sische Gastgeberin, indem Sie dieses Tarte Flamb\u00e9e im Elsass-Stil servieren<\/p>\n<\/li>\n<\/ul>\n<\/aside>\n<h2 id=\"ingredients-3\">Zutaten<\/h2>\n<ul>\n<li><strong>Macht 1 Glas Chutney und 2 Sandwiches<\/strong><\/li>\n<li><strong>F\u00fcr den Kirschchutney <\/strong>\n<ul>\n<li>  1 Apfel essen, gerieben<\/li>\n<li>14 Unzen frische Kirschen, gesteinigt und grob gehackt<\/li>\n<li>\u00bd TL Senfsamen<\/li>\n<li>\u00be TL Koriandersamen, grob zerquetscht<\/li>\n<li>3,5 Unzen weicher brauner Zucker<\/li>\n<li>2,5 Fl oz Apfelessig<\/li>\n<\/ul>\n<\/li>\n<li><strong>F\u00fcr die Toasties<\/strong>\n<ul>\n<li>2 Unzen Brie, geschnitten<\/li>\n<li>Handvoll Raketenbl\u00e4tter<\/li>\n<li>4 Scheiben Sauerteigbrot<\/li>\n<\/ul>\n<\/li>\n<\/ul>\n<h2 id=\"the-homes-gardens-method-3\">Die Homes &#038; Gardens -Methode<\/h2>\n<figure class=\"van-image-figure inline-layout \" data-bordeaux-image-check>\n<div class=\"image-full-width-wrapper\">\n<div class=\"image-widthsetter\" style=\"max-width:2000px;\"><\/div>\n<\/div>\n<\/figure>\n<ol start=\"1\">\n<li><strong>Den Chutney machen<\/strong>Legen Sie alle Zutaten in eine Pfanne, kochen Sie sie zum Kochen und k\u00f6cheln Sie sie 45 Minuten lang vorsichtig mit gelegentlichem R\u00fchren. \u00dcbertragen Sie in ein sterilisiertes Glas mit einem eng anliegenden Deckel.<\/li>\n<li>Der Chutney bleibt bis zu 3 Monate an einem k\u00fchlen, dunklen Ort und wird am besten f\u00fcr vierzehn Tage vor dem Essen aufbewahrt.<\/li>\n<li>Um den gegrillten K\u00e4se herzustellen, teilen Sie die Brie und die Rakete zwischen zwei Brotscheiben auf und verteilen Sie die restlichen zwei Scheiben gro\u00dfz\u00fcgig mit Ihrem Chutney.<\/li>\n<li>Sandwich zusammen, fest dr\u00fccken, dann in einer hei\u00dfen Bratpfanne kochen.<\/li>\n<li>Wiegen Sie den gegrillten K\u00e4se mit etwas Schweres wie einer Pfanne, um die Zutaten beim Erhitzen zusammen zu dr\u00fccken.<\/li>\n<li>Wenn das Brot aus der Bratpfanne markiert ist und der Brie-ungef\u00e4hr 1-2 Minuten auf jeder Seite-schmilzt, schneiden Sie die Toasties in Keile und essen Sie sofort.<\/li>\n<\/ol>\n<hr>\n<p>Eine Bratpfanne ist der Schl\u00fcssel, um das perfekte goldene, knusprige gegrillte K\u00e4se -Sandwich zu erreichen, aber der \u00c4rger, es danach zu reinigen, kann Sie schnell davon abhalten, sie regelm\u00e4\u00dfig zu machen. Aus diesem Grund empfehlen wir, in eine Sandwichpresse mit einer doppelten, nicht geschichteten, beschichteten Platten und einem abnehmbaren Tropfschale wie diesem Panini-Pressegrill aus Edelstahl von Walmart zu investieren.<\/p>\n<div id=\"ad-unit-2\" class=\"ad-unit\"><\/div>\n<\/div>\n","protected":false},"excerpt":{"rendered":"<p>Leben Sie ein klassisches gegrilltes K\u00e4se -Sandwich mit reichem und verw\u00f6hnendem Brie und dem fruchtigen Tang aus Kirschchutney auf. Diese Brie-Toasties sind die ultimativen (und<\/p>\n","protected":false},"author":1,"featured_media":5615,"comment_status":"closed","ping_status":"","sticky":false,"template":"","format":"standard","meta":{"footnotes":""},"categories":[118],"tags":[7957,143,166,3224,7959,7961,740,7958,189,15,7960,165,1866,37,1768,7962],"class_list":["post-5614","post","type-post","status-publish","format-standard","has-post-thumbnail","hentry","category-haus-garten","tag-cheddar","tag-diese","tag-einen","tag-fast","tag-gegrillter","tag-gluehenup","tag-gut","tag-ham","tag-hat","tag-ist","tag-kaese","tag-sie","tag-teilen","tag-und","tag-vergessen","tag-version","generate-columns","tablet-grid-50","mobile-grid-100","grid-parent","grid-50"],"yoast_head":"<!-- This site is optimized with the Yoast SEO plugin v27.3 - https:\/\/yoast.com\/product\/yoast-seo-wordpress\/ -->\n<title>Vergessen Sie Cheddar und Ham, gegrillter K\u00e4se hat einen Gl\u00fchen-Up, und diese Version ist fast zu gut, um sie zu teilen - Nachrichten - Stra\u00dfenweb<\/title>\n<meta name=\"robots\" content=\"index, follow, max-snippet:-1, max-image-preview:large, max-video-preview:-1\" \/>\n<link rel=\"canonical\" href=\"https:\/\/www.strassenweb.de\/nachrichten\/vergessen-sie-cheddar-und-ham-gegrillter-kaese-hat-einen-gluehen-up-und-diese-version-ist-fast-zu-gut-um-sie-zu-teilen\/\" \/>\n<meta property=\"og:locale\" content=\"de_DE\" \/>\n<meta property=\"og:type\" content=\"article\" \/>\n<meta property=\"og:title\" content=\"Vergessen Sie Cheddar und Ham, gegrillter K\u00e4se hat einen Gl\u00fchen-Up, und diese Version ist fast zu gut, um sie zu teilen - Nachrichten - Stra\u00dfenweb\" \/>\n<meta property=\"og:description\" content=\"Leben Sie ein klassisches gegrilltes K\u00e4se -Sandwich mit reichem und verw\u00f6hnendem Brie und dem fruchtigen Tang aus Kirschchutney auf. Diese Brie-Toasties sind die ultimativen (und\" \/>\n<meta property=\"og:url\" content=\"https:\/\/www.strassenweb.de\/nachrichten\/vergessen-sie-cheddar-und-ham-gegrillter-kaese-hat-einen-gluehen-up-und-diese-version-ist-fast-zu-gut-um-sie-zu-teilen\/\" \/>\n<meta property=\"og:site_name\" content=\"Stra\u00dfenweb\" \/>\n<meta property=\"article:publisher\" content=\"https:\/\/www.facebook.com\/strassenweb\/\" \/>\n<meta property=\"article:published_time\" content=\"2025-06-12T07:40:15+00:00\" \/>\n<meta property=\"article:modified_time\" content=\"2025-06-12T07:40:16+00:00\" \/>\n<meta property=\"og:image\" content=\"https:\/\/www.strassenweb.de\/nachrichten\/wp-content\/uploads\/2025\/06\/Gc6NgjSoVqFC6Mk2bChh47.jpg\" \/>\n\t<meta property=\"og:image:width\" content=\"1600\" \/>\n\t<meta property=\"og:image:height\" content=\"900\" \/>\n\t<meta property=\"og:image:type\" content=\"image\/jpeg\" \/>\n<meta name=\"author\" content=\"Robert Hoffmann\" \/>\n<meta name=\"twitter:card\" content=\"summary_large_image\" \/>\n<meta name=\"twitter:label1\" content=\"Verfasst von\" \/>\n\t<meta name=\"twitter:data1\" content=\"Robert Hoffmann\" \/>\n\t<meta name=\"twitter:label2\" content=\"Gesch\u00e4tzte Lesezeit\" \/>\n\t<meta name=\"twitter:data2\" content=\"2\u00a0Minuten\" \/>\n<script type=\"application\/ld+json\" class=\"yoast-schema-graph\">{\"@context\":\"https:\\\/\\\/schema.org\",\"@graph\":[{\"@type\":\"Article\",\"@id\":\"https:\\\/\\\/www.strassenweb.de\\\/nachrichten\\\/vergessen-sie-cheddar-und-ham-gegrillter-kaese-hat-einen-gluehen-up-und-diese-version-ist-fast-zu-gut-um-sie-zu-teilen\\\/#article\",\"isPartOf\":{\"@id\":\"https:\\\/\\\/www.strassenweb.de\\\/nachrichten\\\/vergessen-sie-cheddar-und-ham-gegrillter-kaese-hat-einen-gluehen-up-und-diese-version-ist-fast-zu-gut-um-sie-zu-teilen\\\/\"},\"author\":{\"name\":\"Robert Hoffmann\",\"@id\":\"https:\\\/\\\/www.strassenweb.de\\\/nachrichten\\\/#\\\/schema\\\/person\\\/87c9c9067f1211da429a744dc5a5aa41\"},\"headline\":\"Vergessen Sie Cheddar und Ham, gegrillter K\u00e4se hat einen Gl\u00fchen-Up, und diese Version ist fast zu gut, um sie zu teilen\",\"datePublished\":\"2025-06-12T07:40:15+00:00\",\"dateModified\":\"2025-06-12T07:40:16+00:00\",\"mainEntityOfPage\":{\"@id\":\"https:\\\/\\\/www.strassenweb.de\\\/nachrichten\\\/vergessen-sie-cheddar-und-ham-gegrillter-kaese-hat-einen-gluehen-up-und-diese-version-ist-fast-zu-gut-um-sie-zu-teilen\\\/\"},\"wordCount\":395,\"publisher\":{\"@id\":\"https:\\\/\\\/www.strassenweb.de\\\/nachrichten\\\/#organization\"},\"image\":{\"@id\":\"https:\\\/\\\/www.strassenweb.de\\\/nachrichten\\\/vergessen-sie-cheddar-und-ham-gegrillter-kaese-hat-einen-gluehen-up-und-diese-version-ist-fast-zu-gut-um-sie-zu-teilen\\\/#primaryimage\"},\"thumbnailUrl\":\"https:\\\/\\\/www.strassenweb.de\\\/nachrichten\\\/wp-content\\\/uploads\\\/2025\\\/06\\\/Gc6NgjSoVqFC6Mk2bChh47.jpg\",\"keywords\":[\"Cheddar\",\"diese\",\"einen\",\"fast\",\"gegrillter\",\"Gl\u00fchenUp\",\"gut\",\"Ham\",\"hat\",\"ist\",\"K\u00e4se\",\"Sie\",\"teilen\",\"und\",\"Vergessen\",\"Version\"],\"articleSection\":[\"Haus &amp; Garten\"],\"inLanguage\":\"de\"},{\"@type\":\"WebPage\",\"@id\":\"https:\\\/\\\/www.strassenweb.de\\\/nachrichten\\\/vergessen-sie-cheddar-und-ham-gegrillter-kaese-hat-einen-gluehen-up-und-diese-version-ist-fast-zu-gut-um-sie-zu-teilen\\\/\",\"url\":\"https:\\\/\\\/www.strassenweb.de\\\/nachrichten\\\/vergessen-sie-cheddar-und-ham-gegrillter-kaese-hat-einen-gluehen-up-und-diese-version-ist-fast-zu-gut-um-sie-zu-teilen\\\/\",\"name\":\"Vergessen Sie Cheddar und Ham, gegrillter K\u00e4se hat einen Gl\u00fchen-Up, und diese Version ist fast zu gut, um sie zu teilen - Nachrichten - Stra\u00dfenweb\",\"isPartOf\":{\"@id\":\"https:\\\/\\\/www.strassenweb.de\\\/nachrichten\\\/#website\"},\"primaryImageOfPage\":{\"@id\":\"https:\\\/\\\/www.strassenweb.de\\\/nachrichten\\\/vergessen-sie-cheddar-und-ham-gegrillter-kaese-hat-einen-gluehen-up-und-diese-version-ist-fast-zu-gut-um-sie-zu-teilen\\\/#primaryimage\"},\"image\":{\"@id\":\"https:\\\/\\\/www.strassenweb.de\\\/nachrichten\\\/vergessen-sie-cheddar-und-ham-gegrillter-kaese-hat-einen-gluehen-up-und-diese-version-ist-fast-zu-gut-um-sie-zu-teilen\\\/#primaryimage\"},\"thumbnailUrl\":\"https:\\\/\\\/www.strassenweb.de\\\/nachrichten\\\/wp-content\\\/uploads\\\/2025\\\/06\\\/Gc6NgjSoVqFC6Mk2bChh47.jpg\",\"datePublished\":\"2025-06-12T07:40:15+00:00\",\"dateModified\":\"2025-06-12T07:40:16+00:00\",\"breadcrumb\":{\"@id\":\"https:\\\/\\\/www.strassenweb.de\\\/nachrichten\\\/vergessen-sie-cheddar-und-ham-gegrillter-kaese-hat-einen-gluehen-up-und-diese-version-ist-fast-zu-gut-um-sie-zu-teilen\\\/#breadcrumb\"},\"inLanguage\":\"de\",\"potentialAction\":[{\"@type\":\"ReadAction\",\"target\":[\"https:\\\/\\\/www.strassenweb.de\\\/nachrichten\\\/vergessen-sie-cheddar-und-ham-gegrillter-kaese-hat-einen-gluehen-up-und-diese-version-ist-fast-zu-gut-um-sie-zu-teilen\\\/\"]}]},{\"@type\":\"ImageObject\",\"inLanguage\":\"de\",\"@id\":\"https:\\\/\\\/www.strassenweb.de\\\/nachrichten\\\/vergessen-sie-cheddar-und-ham-gegrillter-kaese-hat-einen-gluehen-up-und-diese-version-ist-fast-zu-gut-um-sie-zu-teilen\\\/#primaryimage\",\"url\":\"https:\\\/\\\/www.strassenweb.de\\\/nachrichten\\\/wp-content\\\/uploads\\\/2025\\\/06\\\/Gc6NgjSoVqFC6Mk2bChh47.jpg\",\"contentUrl\":\"https:\\\/\\\/www.strassenweb.de\\\/nachrichten\\\/wp-content\\\/uploads\\\/2025\\\/06\\\/Gc6NgjSoVqFC6Mk2bChh47.jpg\",\"width\":1600,\"height\":900,\"caption\":\"Brie, rocket and cherry chutney toasties\"},{\"@type\":\"BreadcrumbList\",\"@id\":\"https:\\\/\\\/www.strassenweb.de\\\/nachrichten\\\/vergessen-sie-cheddar-und-ham-gegrillter-kaese-hat-einen-gluehen-up-und-diese-version-ist-fast-zu-gut-um-sie-zu-teilen\\\/#breadcrumb\",\"itemListElement\":[{\"@type\":\"ListItem\",\"position\":1,\"name\":\"Home\",\"item\":\"https:\\\/\\\/www.strassenweb.de\\\/nachrichten\\\/\"},{\"@type\":\"ListItem\",\"position\":2,\"name\":\"Vergessen Sie Cheddar und Ham, gegrillter K\u00e4se hat einen Gl\u00fchen-Up, und diese Version ist fast zu gut, um sie zu teilen\"}]},{\"@type\":\"WebSite\",\"@id\":\"https:\\\/\\\/www.strassenweb.de\\\/nachrichten\\\/#website\",\"url\":\"https:\\\/\\\/www.strassenweb.de\\\/nachrichten\\\/\",\"name\":\"Stra\u00dfenweb\",\"description\":\"Stra\u00dfenverzeichnis f\u00fcr Deutschland\",\"publisher\":{\"@id\":\"https:\\\/\\\/www.strassenweb.de\\\/nachrichten\\\/#organization\"},\"potentialAction\":[{\"@type\":\"SearchAction\",\"target\":{\"@type\":\"EntryPoint\",\"urlTemplate\":\"https:\\\/\\\/www.strassenweb.de\\\/nachrichten\\\/?s={search_term_string}\"},\"query-input\":{\"@type\":\"PropertyValueSpecification\",\"valueRequired\":true,\"valueName\":\"search_term_string\"}}],\"inLanguage\":\"de\"},{\"@type\":\"Organization\",\"@id\":\"https:\\\/\\\/www.strassenweb.de\\\/nachrichten\\\/#organization\",\"name\":\"Stra\u00dfenweb\",\"url\":\"https:\\\/\\\/www.strassenweb.de\\\/nachrichten\\\/\",\"logo\":{\"@type\":\"ImageObject\",\"inLanguage\":\"de\",\"@id\":\"https:\\\/\\\/www.strassenweb.de\\\/nachrichten\\\/#\\\/schema\\\/logo\\\/image\\\/\",\"url\":\"https:\\\/\\\/www.strassenweb.de\\\/nachrichten\\\/wp-content\\\/uploads\\\/2024\\\/09\\\/cropped-favicon.png\",\"contentUrl\":\"https:\\\/\\\/www.strassenweb.de\\\/nachrichten\\\/wp-content\\\/uploads\\\/2024\\\/09\\\/cropped-favicon.png\",\"width\":512,\"height\":512,\"caption\":\"Stra\u00dfenweb\"},\"image\":{\"@id\":\"https:\\\/\\\/www.strassenweb.de\\\/nachrichten\\\/#\\\/schema\\\/logo\\\/image\\\/\"},\"sameAs\":[\"https:\\\/\\\/www.facebook.com\\\/strassenweb\\\/\"]},{\"@type\":\"Person\",\"@id\":\"https:\\\/\\\/www.strassenweb.de\\\/nachrichten\\\/#\\\/schema\\\/person\\\/87c9c9067f1211da429a744dc5a5aa41\",\"name\":\"Robert Hoffmann\",\"image\":{\"@type\":\"ImageObject\",\"inLanguage\":\"de\",\"@id\":\"https:\\\/\\\/www.strassenweb.de\\\/nachrichten\\\/wp-content\\\/uploads\\\/2024\\\/09\\\/strassenweb-150x150.jpg\",\"url\":\"https:\\\/\\\/www.strassenweb.de\\\/nachrichten\\\/wp-content\\\/uploads\\\/2024\\\/09\\\/strassenweb-150x150.jpg\",\"contentUrl\":\"https:\\\/\\\/www.strassenweb.de\\\/nachrichten\\\/wp-content\\\/uploads\\\/2024\\\/09\\\/strassenweb-150x150.jpg\",\"caption\":\"Robert Hoffmann\"},\"description\":\"Ich hei\u00dfe Robert Hoffmann und ich bin ein leidenschaftlicher Verfechter von \u00d6kologie und Biodiversit\u00e4t. Seit meiner Kindheit in den W\u00e4ldern Bayerns f\u00fchle ich mich mit der Natur verbunden und bin entschlossen, sie zu sch\u00fctzen. Heute widme ich mein Leben der Sensibilisierung anderer f\u00fcr die Bedeutung des Umweltschutzes f\u00fcr zuk\u00fcnftige Generationen.\",\"sameAs\":[\"https:\\\/\\\/www.strassenweb.de\\\/\"]}]}<\/script>\n<!-- \/ Yoast SEO plugin. -->","yoast_head_json":{"title":"Vergessen Sie Cheddar und Ham, gegrillter K\u00e4se hat einen Gl\u00fchen-Up, und diese Version ist fast zu gut, um sie zu teilen - Nachrichten - Stra\u00dfenweb","robots":{"index":"index","follow":"follow","max-snippet":"max-snippet:-1","max-image-preview":"max-image-preview:large","max-video-preview":"max-video-preview:-1"},"canonical":"https:\/\/www.strassenweb.de\/nachrichten\/vergessen-sie-cheddar-und-ham-gegrillter-kaese-hat-einen-gluehen-up-und-diese-version-ist-fast-zu-gut-um-sie-zu-teilen\/","og_locale":"de_DE","og_type":"article","og_title":"Vergessen Sie Cheddar und Ham, gegrillter K\u00e4se hat einen Gl\u00fchen-Up, und diese Version ist fast zu gut, um sie zu teilen - Nachrichten - Stra\u00dfenweb","og_description":"Leben Sie ein klassisches gegrilltes K\u00e4se -Sandwich mit reichem und verw\u00f6hnendem Brie und dem fruchtigen Tang aus Kirschchutney auf. Diese Brie-Toasties sind die ultimativen (und","og_url":"https:\/\/www.strassenweb.de\/nachrichten\/vergessen-sie-cheddar-und-ham-gegrillter-kaese-hat-einen-gluehen-up-und-diese-version-ist-fast-zu-gut-um-sie-zu-teilen\/","og_site_name":"Stra\u00dfenweb","article_publisher":"https:\/\/www.facebook.com\/strassenweb\/","article_published_time":"2025-06-12T07:40:15+00:00","article_modified_time":"2025-06-12T07:40:16+00:00","og_image":[{"width":1600,"height":900,"url":"https:\/\/www.strassenweb.de\/nachrichten\/wp-content\/uploads\/2025\/06\/Gc6NgjSoVqFC6Mk2bChh47.jpg","type":"image\/jpeg"}],"author":"Robert Hoffmann","twitter_card":"summary_large_image","twitter_misc":{"Verfasst von":"Robert Hoffmann","Gesch\u00e4tzte Lesezeit":"2\u00a0Minuten"},"schema":{"@context":"https:\/\/schema.org","@graph":[{"@type":"Article","@id":"https:\/\/www.strassenweb.de\/nachrichten\/vergessen-sie-cheddar-und-ham-gegrillter-kaese-hat-einen-gluehen-up-und-diese-version-ist-fast-zu-gut-um-sie-zu-teilen\/#article","isPartOf":{"@id":"https:\/\/www.strassenweb.de\/nachrichten\/vergessen-sie-cheddar-und-ham-gegrillter-kaese-hat-einen-gluehen-up-und-diese-version-ist-fast-zu-gut-um-sie-zu-teilen\/"},"author":{"name":"Robert Hoffmann","@id":"https:\/\/www.strassenweb.de\/nachrichten\/#\/schema\/person\/87c9c9067f1211da429a744dc5a5aa41"},"headline":"Vergessen Sie Cheddar und Ham, gegrillter K\u00e4se hat einen Gl\u00fchen-Up, und diese Version ist fast zu gut, um sie zu teilen","datePublished":"2025-06-12T07:40:15+00:00","dateModified":"2025-06-12T07:40:16+00:00","mainEntityOfPage":{"@id":"https:\/\/www.strassenweb.de\/nachrichten\/vergessen-sie-cheddar-und-ham-gegrillter-kaese-hat-einen-gluehen-up-und-diese-version-ist-fast-zu-gut-um-sie-zu-teilen\/"},"wordCount":395,"publisher":{"@id":"https:\/\/www.strassenweb.de\/nachrichten\/#organization"},"image":{"@id":"https:\/\/www.strassenweb.de\/nachrichten\/vergessen-sie-cheddar-und-ham-gegrillter-kaese-hat-einen-gluehen-up-und-diese-version-ist-fast-zu-gut-um-sie-zu-teilen\/#primaryimage"},"thumbnailUrl":"https:\/\/www.strassenweb.de\/nachrichten\/wp-content\/uploads\/2025\/06\/Gc6NgjSoVqFC6Mk2bChh47.jpg","keywords":["Cheddar","diese","einen","fast","gegrillter","Gl\u00fchenUp","gut","Ham","hat","ist","K\u00e4se","Sie","teilen","und","Vergessen","Version"],"articleSection":["Haus &amp; Garten"],"inLanguage":"de"},{"@type":"WebPage","@id":"https:\/\/www.strassenweb.de\/nachrichten\/vergessen-sie-cheddar-und-ham-gegrillter-kaese-hat-einen-gluehen-up-und-diese-version-ist-fast-zu-gut-um-sie-zu-teilen\/","url":"https:\/\/www.strassenweb.de\/nachrichten\/vergessen-sie-cheddar-und-ham-gegrillter-kaese-hat-einen-gluehen-up-und-diese-version-ist-fast-zu-gut-um-sie-zu-teilen\/","name":"Vergessen Sie Cheddar und Ham, gegrillter K\u00e4se hat einen Gl\u00fchen-Up, und diese Version ist fast zu gut, um sie zu teilen - Nachrichten - Stra\u00dfenweb","isPartOf":{"@id":"https:\/\/www.strassenweb.de\/nachrichten\/#website"},"primaryImageOfPage":{"@id":"https:\/\/www.strassenweb.de\/nachrichten\/vergessen-sie-cheddar-und-ham-gegrillter-kaese-hat-einen-gluehen-up-und-diese-version-ist-fast-zu-gut-um-sie-zu-teilen\/#primaryimage"},"image":{"@id":"https:\/\/www.strassenweb.de\/nachrichten\/vergessen-sie-cheddar-und-ham-gegrillter-kaese-hat-einen-gluehen-up-und-diese-version-ist-fast-zu-gut-um-sie-zu-teilen\/#primaryimage"},"thumbnailUrl":"https:\/\/www.strassenweb.de\/nachrichten\/wp-content\/uploads\/2025\/06\/Gc6NgjSoVqFC6Mk2bChh47.jpg","datePublished":"2025-06-12T07:40:15+00:00","dateModified":"2025-06-12T07:40:16+00:00","breadcrumb":{"@id":"https:\/\/www.strassenweb.de\/nachrichten\/vergessen-sie-cheddar-und-ham-gegrillter-kaese-hat-einen-gluehen-up-und-diese-version-ist-fast-zu-gut-um-sie-zu-teilen\/#breadcrumb"},"inLanguage":"de","potentialAction":[{"@type":"ReadAction","target":["https:\/\/www.strassenweb.de\/nachrichten\/vergessen-sie-cheddar-und-ham-gegrillter-kaese-hat-einen-gluehen-up-und-diese-version-ist-fast-zu-gut-um-sie-zu-teilen\/"]}]},{"@type":"ImageObject","inLanguage":"de","@id":"https:\/\/www.strassenweb.de\/nachrichten\/vergessen-sie-cheddar-und-ham-gegrillter-kaese-hat-einen-gluehen-up-und-diese-version-ist-fast-zu-gut-um-sie-zu-teilen\/#primaryimage","url":"https:\/\/www.strassenweb.de\/nachrichten\/wp-content\/uploads\/2025\/06\/Gc6NgjSoVqFC6Mk2bChh47.jpg","contentUrl":"https:\/\/www.strassenweb.de\/nachrichten\/wp-content\/uploads\/2025\/06\/Gc6NgjSoVqFC6Mk2bChh47.jpg","width":1600,"height":900,"caption":"Brie, rocket and cherry chutney toasties"},{"@type":"BreadcrumbList","@id":"https:\/\/www.strassenweb.de\/nachrichten\/vergessen-sie-cheddar-und-ham-gegrillter-kaese-hat-einen-gluehen-up-und-diese-version-ist-fast-zu-gut-um-sie-zu-teilen\/#breadcrumb","itemListElement":[{"@type":"ListItem","position":1,"name":"Home","item":"https:\/\/www.strassenweb.de\/nachrichten\/"},{"@type":"ListItem","position":2,"name":"Vergessen Sie Cheddar und Ham, gegrillter K\u00e4se hat einen Gl\u00fchen-Up, und diese Version ist fast zu gut, um sie zu teilen"}]},{"@type":"WebSite","@id":"https:\/\/www.strassenweb.de\/nachrichten\/#website","url":"https:\/\/www.strassenweb.de\/nachrichten\/","name":"Stra\u00dfenweb","description":"Stra\u00dfenverzeichnis f\u00fcr Deutschland","publisher":{"@id":"https:\/\/www.strassenweb.de\/nachrichten\/#organization"},"potentialAction":[{"@type":"SearchAction","target":{"@type":"EntryPoint","urlTemplate":"https:\/\/www.strassenweb.de\/nachrichten\/?s={search_term_string}"},"query-input":{"@type":"PropertyValueSpecification","valueRequired":true,"valueName":"search_term_string"}}],"inLanguage":"de"},{"@type":"Organization","@id":"https:\/\/www.strassenweb.de\/nachrichten\/#organization","name":"Stra\u00dfenweb","url":"https:\/\/www.strassenweb.de\/nachrichten\/","logo":{"@type":"ImageObject","inLanguage":"de","@id":"https:\/\/www.strassenweb.de\/nachrichten\/#\/schema\/logo\/image\/","url":"https:\/\/www.strassenweb.de\/nachrichten\/wp-content\/uploads\/2024\/09\/cropped-favicon.png","contentUrl":"https:\/\/www.strassenweb.de\/nachrichten\/wp-content\/uploads\/2024\/09\/cropped-favicon.png","width":512,"height":512,"caption":"Stra\u00dfenweb"},"image":{"@id":"https:\/\/www.strassenweb.de\/nachrichten\/#\/schema\/logo\/image\/"},"sameAs":["https:\/\/www.facebook.com\/strassenweb\/"]},{"@type":"Person","@id":"https:\/\/www.strassenweb.de\/nachrichten\/#\/schema\/person\/87c9c9067f1211da429a744dc5a5aa41","name":"Robert Hoffmann","image":{"@type":"ImageObject","inLanguage":"de","@id":"https:\/\/www.strassenweb.de\/nachrichten\/wp-content\/uploads\/2024\/09\/strassenweb-150x150.jpg","url":"https:\/\/www.strassenweb.de\/nachrichten\/wp-content\/uploads\/2024\/09\/strassenweb-150x150.jpg","contentUrl":"https:\/\/www.strassenweb.de\/nachrichten\/wp-content\/uploads\/2024\/09\/strassenweb-150x150.jpg","caption":"Robert Hoffmann"},"description":"Ich hei\u00dfe Robert Hoffmann und ich bin ein leidenschaftlicher Verfechter von \u00d6kologie und Biodiversit\u00e4t. Seit meiner Kindheit in den W\u00e4ldern Bayerns f\u00fchle ich mich mit der Natur verbunden und bin entschlossen, sie zu sch\u00fctzen. Heute widme ich mein Leben der Sensibilisierung anderer f\u00fcr die Bedeutung des Umweltschutzes f\u00fcr zuk\u00fcnftige Generationen.","sameAs":["https:\/\/www.strassenweb.de\/"]}]}},"_links":{"self":[{"href":"https:\/\/www.strassenweb.de\/nachrichten\/wp-json\/wp\/v2\/posts\/5614","targetHints":{"allow":["GET"]}}],"collection":[{"href":"https:\/\/www.strassenweb.de\/nachrichten\/wp-json\/wp\/v2\/posts"}],"about":[{"href":"https:\/\/www.strassenweb.de\/nachrichten\/wp-json\/wp\/v2\/types\/post"}],"author":[{"embeddable":true,"href":"https:\/\/www.strassenweb.de\/nachrichten\/wp-json\/wp\/v2\/users\/1"}],"replies":[{"embeddable":true,"href":"https:\/\/www.strassenweb.de\/nachrichten\/wp-json\/wp\/v2\/comments?post=5614"}],"version-history":[{"count":0,"href":"https:\/\/www.strassenweb.de\/nachrichten\/wp-json\/wp\/v2\/posts\/5614\/revisions"}],"wp:featuredmedia":[{"embeddable":true,"href":"https:\/\/www.strassenweb.de\/nachrichten\/wp-json\/wp\/v2\/media\/5615"}],"wp:attachment":[{"href":"https:\/\/www.strassenweb.de\/nachrichten\/wp-json\/wp\/v2\/media?parent=5614"}],"wp:term":[{"taxonomy":"category","embeddable":true,"href":"https:\/\/www.strassenweb.de\/nachrichten\/wp-json\/wp\/v2\/categories?post=5614"},{"taxonomy":"post_tag","embeddable":true,"href":"https:\/\/www.strassenweb.de\/nachrichten\/wp-json\/wp\/v2\/tags?post=5614"}],"curies":[{"name":"wp","href":"https:\/\/api.w.org\/{rel}","templated":true}]}}