{"id":5605,"date":"2025-06-11T21:40:39","date_gmt":"2025-06-11T19:40:39","guid":{"rendered":"https:\/\/www.strassenweb.de\/nachrichten\/diese-beilage-die-haelt-ist-rauchig-und-duftend-mit-viel-biss\/"},"modified":"2025-06-11T21:40:40","modified_gmt":"2025-06-11T19:40:40","slug":"diese-beilage-die-haelt-ist-rauchig-und-duftend-mit-viel-biss","status":"publish","type":"post","link":"https:\/\/www.strassenweb.de\/nachrichten\/diese-beilage-die-haelt-ist-rauchig-und-duftend-mit-viel-biss\/","title":{"rendered":"Diese Beilage, die h\u00e4lt, ist rauchig und duftend mit viel Biss"},"content":{"rendered":"<p><\/p>\n<div id=\"article-body\" class=\"article__body \">\n<p>Diese farbenfrohe ger\u00f6stete Couscous und verkohlte Gem\u00fcsegerichte verleihen die erdige Tiefe des ger\u00f6steten Giant -Riesen -Couscous mit der reichen, rauchigen S\u00fc\u00dfe von ver\u00e4rgerten roten Paprika und Baby -Auberginen.<\/p>\n<div id=\"ad-unit-1\" class=\"ad-unit\"><\/div>\n<p>Es ist perfekt als eigenst\u00e4ndiges Gericht, eine Seite f\u00fcr gegrilltes Fleisch oder Fisch oder eine farbenfrohe Erg\u00e4nzung zu einem Abendessen im Freien.<\/p>\n<aside data-block-type=\"embed\" data-render-type=\"fte\" data-skip=\"dealsy\" data-widget-type=\"seasonal\" class=\"hawk-base\"><\/aside>\n<p>Ob warm oder bei Raumtemperatur, es ist die Art von Gericht, die sich direkt auf einem Gartentisch zu Hause anf\u00fchlt, und serviert als Teil einer Aperitivo -Speisekarte von der Feuerstelle mit guter Gesellschaft und unserem tr\u00f6stlichen Rum und Birnenw\u00e4rmer.<\/p>\n<div id=\"desktop-in-article\" class=\"in-article ad-unit\">\n<div id=\"desktop-taboola-mid-article\"><\/div>\n<\/div>\n<div id=\"mobile-in-article\" class=\"in-article ad-unit\">\n<div id=\"mobile-taboola-mid-article\"><\/div>\n<\/div>\n<div class=\"van_vid_carousel\">\n<div class=\"van_vid_carousel__padding\">\n<div class=\"van_vid_carousel__container\"><\/div>\n<\/div>\n<\/div>\n<aside data-component-name=\"Recirculation:ArticleRiver\" format=\"inline\" data-nosnippet>\n<span class=\"bg-secondary-500 text-white text-lg font-bold uppercase py-1 px-2 leading-(1.625rem) sm:leading-(6px) sm:text-sm\"><\/p>\n<p>Sie m\u00f6gen m\u00f6gen<br \/>\n<\/span><\/p>\n<ul class=\"flex flex-col my-2 list-outside ms-5 bg-none\">\n<li class=\"m-0 mb-2\" name=\"recirculation-inline\" data-analytics-id=\"recirculation-inline-1\" analytics-label=\"adviser:related\">\n<p>Das perfekte Grill -Potluck -Gericht &#8211; Freude deinen Gastgeber mit diesem einfachen Wurzel -Gem\u00fcsesalat<\/p>\n<\/li>\n<li class=\"m-0 mb-2\" name=\"recirculation-inline\" data-analytics-id=\"recirculation-inline-2\" analytics-label=\"adviser:related\">\n<p>Ich habe den perfekt gegrillten Zucchini -Salat f\u00fcr Sommergrills gefunden<\/p>\n<\/li>\n<li class=\"m-0 mb-2\" name=\"recirculation-inline\" data-analytics-id=\"recirculation-inline-3\" analytics-label=\"adviser:related\">\n<p>Dieses Rezept von Baba Ganoush und Salsa ist schmackhaft, einfach und so lecker<\/p>\n<\/li>\n<\/ul>\n<\/aside>\n<h2 id=\"ingredients-3\">Zutaten <\/h2>\n<ul>\n<li><strong>Dient 8 als Seite<\/strong>\n<ul>\n<li>2 EL Oliven\u00f6l<\/li>\n<li>5,3 Unzen Ganzweizen -Riesen -Couscous<\/li>\n<li>3 Rote Romano oder Paprika, entschlossen, in sehr d\u00fcnne Streifen geschnitten<\/li>\n<li>6 Baby -Auberginen, in L\u00e4ngsrichtung in d\u00fcnne Streifen geschnitten<\/li>\n<li>3 EL Kiefernkerne ger\u00f6stet<\/li>\n<\/ul>\n<\/li>\n<li><strong>F\u00fcr das Basilikum -Dressing<\/strong>\n<ul>\n<li>3 gro\u00dfe Handvoll Basilikumbl\u00e4tter<\/li>\n<li>\u00bd Tasse extra jungfr\u00e4uliches Oliven\u00f6l<\/li>\n<li>Zitronensaft dr\u00fccken<\/li>\n<li>Salz und schwarzer Pfeffer<\/li>\n<\/ul>\n<\/li>\n<\/ul>\n<h2 id=\"the-homes-gardens-method-3\">Die Homes &#038; Gardens -Methode<\/h2>\n<figure class=\"van-image-figure inline-layout \" data-bordeaux-image-check>\n<div class=\"image-full-width-wrapper\">\n<div class=\"image-widthsetter\" style=\"max-width:2000px;\"><\/div>\n<\/div>\n<\/figure>\n<ol start=\"1\">\n<li>Wenn Sie einen Ofen verwenden, erhitzen Sie sich auf 425 \u00b0 F, Gasmarke 8.<\/li>\n<li>\u00bd Essl\u00f6ffel Oliven\u00f6l in einer Pfanne mit Deckel erhitzen. F\u00fcgen Sie den Cous Cous hinzu und r\u00f6sten Sie es bei mittlerer Hitze f\u00fcr vier bis f\u00fcnf Minuten unter R\u00fchren, bis sie goldbraun und duftend ist, und gie\u00dfen Sie dann genug Wasser ein, um nur abzudecken.<\/li>\n<li>F\u00fcgen Sie eine gro\u00dfe Prise Salz hinzu, bringen Sie zum Kochen, bedecken Sie sie teilweise mit dem Deckel und k\u00f6cheln Sie sechs Minuten oder so, bis nur zart, aber nicht matschig.<\/li>\n<li>Zum Abk\u00fchlen beiseite stellen.<\/li>\n<li>Mit den restlichen 1\u00bd Essl\u00f6ffel Oliven\u00f6l die Paprika, Zucchini und Auberginen werfen.<\/li>\n<li>Auf einem Backblech ausbreiten und etwa 35 Minuten r\u00fchren, und r\u00fchren Sie es in der H\u00e4lfte, bis sie weich sind und anfangen zu charieren.<\/li>\n<li>Alternativ kochen Sie das ge\u00f6lte Gem\u00fcse direkt auf den fein beabstandeten Stangen des Grills oder der Feuerstelle und drehen Sie sich h\u00e4ufig 10-15 Minuten lang, bis sie an Stellen verkohlt sind.<\/li>\n<li>Um das Dressing zu machen, Blitz zwei Handvoll Basilikum mit \u00d6l und Zitronensaft in einem Mixer oder einer kleinen K\u00fcchenung mit einer guten Prise Salz und Pfeffer. Das Dressing sollte ein bisschen Textur behalten, also stoppen Sie also, bevor es v\u00f6llig glatt ist.<\/li>\n<li>Kombinieren Sie in einer gro\u00dfen Sch\u00fcssel das Gem\u00fcse, das Couscous, die verbleibenden Basilikumbl\u00e4tter und Kiefernkernen mit ein paar Essl\u00f6ffeln des Basilikum -Dressing und servieren Sie den Rest daneben.<\/li>\n<\/ol>\n<hr>\n<p>Ein kompaktes, effizientes Werkzeug wie einer unserer besten Mixer ist ideal f\u00fcr diese Art von schnellem, aromatischem Dressing. Es ist klein genug, um leicht zu lagern, kraftvoll genug, um Kr\u00e4uter und N\u00fcsse zu bew\u00e4ltigen, und perfekt zum Aufschlagen frischer Saucen bei Demand-es zu einem Begleiter f\u00fcr Sommersalate und Kochen im Freien macht.<\/p>\n<div id=\"ad-unit-2\" class=\"ad-unit\"><\/div>\n<\/div>\n","protected":false},"excerpt":{"rendered":"<p>Diese farbenfrohe ger\u00f6stete Couscous und verkohlte Gem\u00fcsegerichte verleihen die erdige Tiefe des ger\u00f6steten Giant -Riesen -Couscous mit der reichen, rauchigen S\u00fc\u00dfe von ver\u00e4rgerten roten Paprika<\/p>\n","protected":false},"author":1,"featured_media":5606,"comment_status":"closed","ping_status":"","sticky":false,"template":"","format":"standard","meta":{"footnotes":""},"categories":[118],"tags":[7950,7952,9,143,7951,430,15,146,7805,37,263],"class_list":["post-5605","post","type-post","status-publish","format-standard","has-post-thumbnail","hentry","category-haus-garten","tag-beilage","tag-biss","tag-die","tag-diese","tag-duftend","tag-haelt","tag-ist","tag-mit","tag-rauchig","tag-und","tag-viel","generate-columns","tablet-grid-50","mobile-grid-100","grid-parent","grid-50"],"yoast_head":"<!-- This site is optimized with the Yoast SEO plugin v27.3 - https:\/\/yoast.com\/product\/yoast-seo-wordpress\/ -->\n<title>Diese Beilage, die h\u00e4lt, ist rauchig und duftend mit viel Biss - Nachrichten - Stra\u00dfenweb<\/title>\n<meta name=\"robots\" content=\"index, follow, max-snippet:-1, max-image-preview:large, max-video-preview:-1\" \/>\n<link rel=\"canonical\" href=\"https:\/\/www.strassenweb.de\/nachrichten\/diese-beilage-die-haelt-ist-rauchig-und-duftend-mit-viel-biss\/\" \/>\n<meta property=\"og:locale\" content=\"de_DE\" \/>\n<meta property=\"og:type\" content=\"article\" \/>\n<meta property=\"og:title\" content=\"Diese Beilage, die h\u00e4lt, ist rauchig und duftend mit viel Biss - Nachrichten - Stra\u00dfenweb\" \/>\n<meta property=\"og:description\" content=\"Diese farbenfrohe ger\u00f6stete Couscous und verkohlte Gem\u00fcsegerichte verleihen die erdige Tiefe des ger\u00f6steten Giant -Riesen -Couscous mit der reichen, rauchigen S\u00fc\u00dfe von ver\u00e4rgerten roten Paprika\" \/>\n<meta property=\"og:url\" content=\"https:\/\/www.strassenweb.de\/nachrichten\/diese-beilage-die-haelt-ist-rauchig-und-duftend-mit-viel-biss\/\" \/>\n<meta property=\"og:site_name\" content=\"Stra\u00dfenweb\" \/>\n<meta property=\"article:publisher\" content=\"https:\/\/www.facebook.com\/strassenweb\/\" \/>\n<meta property=\"article:published_time\" content=\"2025-06-11T19:40:39+00:00\" \/>\n<meta property=\"article:modified_time\" content=\"2025-06-11T19:40:40+00:00\" \/>\n<meta property=\"og:image\" content=\"https:\/\/www.strassenweb.de\/nachrichten\/wp-content\/uploads\/2025\/06\/E7CfjxYz5JSe8vPavHZ2Mo.jpg\" \/>\n\t<meta property=\"og:image:width\" content=\"1600\" \/>\n\t<meta property=\"og:image:height\" content=\"900\" \/>\n\t<meta property=\"og:image:type\" content=\"image\/jpeg\" \/>\n<meta name=\"author\" content=\"Robert Hoffmann\" \/>\n<meta name=\"twitter:card\" content=\"summary_large_image\" \/>\n<meta name=\"twitter:label1\" content=\"Verfasst von\" \/>\n\t<meta name=\"twitter:data1\" content=\"Robert Hoffmann\" \/>\n\t<meta name=\"twitter:label2\" content=\"Gesch\u00e4tzte Lesezeit\" \/>\n\t<meta name=\"twitter:data2\" content=\"3\u00a0Minuten\" \/>\n<script type=\"application\/ld+json\" class=\"yoast-schema-graph\">{\"@context\":\"https:\\\/\\\/schema.org\",\"@graph\":[{\"@type\":\"Article\",\"@id\":\"https:\\\/\\\/www.strassenweb.de\\\/nachrichten\\\/diese-beilage-die-haelt-ist-rauchig-und-duftend-mit-viel-biss\\\/#article\",\"isPartOf\":{\"@id\":\"https:\\\/\\\/www.strassenweb.de\\\/nachrichten\\\/diese-beilage-die-haelt-ist-rauchig-und-duftend-mit-viel-biss\\\/\"},\"author\":{\"name\":\"Robert Hoffmann\",\"@id\":\"https:\\\/\\\/www.strassenweb.de\\\/nachrichten\\\/#\\\/schema\\\/person\\\/87c9c9067f1211da429a744dc5a5aa41\"},\"headline\":\"Diese Beilage, die h\u00e4lt, ist rauchig und duftend mit viel Biss\",\"datePublished\":\"2025-06-11T19:40:39+00:00\",\"dateModified\":\"2025-06-11T19:40:40+00:00\",\"mainEntityOfPage\":{\"@id\":\"https:\\\/\\\/www.strassenweb.de\\\/nachrichten\\\/diese-beilage-die-haelt-ist-rauchig-und-duftend-mit-viel-biss\\\/\"},\"wordCount\":529,\"publisher\":{\"@id\":\"https:\\\/\\\/www.strassenweb.de\\\/nachrichten\\\/#organization\"},\"image\":{\"@id\":\"https:\\\/\\\/www.strassenweb.de\\\/nachrichten\\\/diese-beilage-die-haelt-ist-rauchig-und-duftend-mit-viel-biss\\\/#primaryimage\"},\"thumbnailUrl\":\"https:\\\/\\\/www.strassenweb.de\\\/nachrichten\\\/wp-content\\\/uploads\\\/2025\\\/06\\\/E7CfjxYz5JSe8vPavHZ2Mo.jpg\",\"keywords\":[\"Beilage\",\"Biss\",\"die\",\"diese\",\"duftend\",\"h\u00e4lt\",\"ist\",\"mit\",\"Rauchig\",\"und\",\"viel\"],\"articleSection\":[\"Haus &amp; Garten\"],\"inLanguage\":\"de\"},{\"@type\":\"WebPage\",\"@id\":\"https:\\\/\\\/www.strassenweb.de\\\/nachrichten\\\/diese-beilage-die-haelt-ist-rauchig-und-duftend-mit-viel-biss\\\/\",\"url\":\"https:\\\/\\\/www.strassenweb.de\\\/nachrichten\\\/diese-beilage-die-haelt-ist-rauchig-und-duftend-mit-viel-biss\\\/\",\"name\":\"Diese Beilage, die h\u00e4lt, ist rauchig und duftend mit viel Biss - Nachrichten - Stra\u00dfenweb\",\"isPartOf\":{\"@id\":\"https:\\\/\\\/www.strassenweb.de\\\/nachrichten\\\/#website\"},\"primaryImageOfPage\":{\"@id\":\"https:\\\/\\\/www.strassenweb.de\\\/nachrichten\\\/diese-beilage-die-haelt-ist-rauchig-und-duftend-mit-viel-biss\\\/#primaryimage\"},\"image\":{\"@id\":\"https:\\\/\\\/www.strassenweb.de\\\/nachrichten\\\/diese-beilage-die-haelt-ist-rauchig-und-duftend-mit-viel-biss\\\/#primaryimage\"},\"thumbnailUrl\":\"https:\\\/\\\/www.strassenweb.de\\\/nachrichten\\\/wp-content\\\/uploads\\\/2025\\\/06\\\/E7CfjxYz5JSe8vPavHZ2Mo.jpg\",\"datePublished\":\"2025-06-11T19:40:39+00:00\",\"dateModified\":\"2025-06-11T19:40:40+00:00\",\"breadcrumb\":{\"@id\":\"https:\\\/\\\/www.strassenweb.de\\\/nachrichten\\\/diese-beilage-die-haelt-ist-rauchig-und-duftend-mit-viel-biss\\\/#breadcrumb\"},\"inLanguage\":\"de\",\"potentialAction\":[{\"@type\":\"ReadAction\",\"target\":[\"https:\\\/\\\/www.strassenweb.de\\\/nachrichten\\\/diese-beilage-die-haelt-ist-rauchig-und-duftend-mit-viel-biss\\\/\"]}]},{\"@type\":\"ImageObject\",\"inLanguage\":\"de\",\"@id\":\"https:\\\/\\\/www.strassenweb.de\\\/nachrichten\\\/diese-beilage-die-haelt-ist-rauchig-und-duftend-mit-viel-biss\\\/#primaryimage\",\"url\":\"https:\\\/\\\/www.strassenweb.de\\\/nachrichten\\\/wp-content\\\/uploads\\\/2025\\\/06\\\/E7CfjxYz5JSe8vPavHZ2Mo.jpg\",\"contentUrl\":\"https:\\\/\\\/www.strassenweb.de\\\/nachrichten\\\/wp-content\\\/uploads\\\/2025\\\/06\\\/E7CfjxYz5JSe8vPavHZ2Mo.jpg\",\"width\":1600,\"height\":900,\"caption\":\"Couscous\"},{\"@type\":\"BreadcrumbList\",\"@id\":\"https:\\\/\\\/www.strassenweb.de\\\/nachrichten\\\/diese-beilage-die-haelt-ist-rauchig-und-duftend-mit-viel-biss\\\/#breadcrumb\",\"itemListElement\":[{\"@type\":\"ListItem\",\"position\":1,\"name\":\"Home\",\"item\":\"https:\\\/\\\/www.strassenweb.de\\\/nachrichten\\\/\"},{\"@type\":\"ListItem\",\"position\":2,\"name\":\"Diese Beilage, die h\u00e4lt, ist rauchig und duftend mit viel Biss\"}]},{\"@type\":\"WebSite\",\"@id\":\"https:\\\/\\\/www.strassenweb.de\\\/nachrichten\\\/#website\",\"url\":\"https:\\\/\\\/www.strassenweb.de\\\/nachrichten\\\/\",\"name\":\"Stra\u00dfenweb\",\"description\":\"Stra\u00dfenverzeichnis f\u00fcr Deutschland\",\"publisher\":{\"@id\":\"https:\\\/\\\/www.strassenweb.de\\\/nachrichten\\\/#organization\"},\"potentialAction\":[{\"@type\":\"SearchAction\",\"target\":{\"@type\":\"EntryPoint\",\"urlTemplate\":\"https:\\\/\\\/www.strassenweb.de\\\/nachrichten\\\/?s={search_term_string}\"},\"query-input\":{\"@type\":\"PropertyValueSpecification\",\"valueRequired\":true,\"valueName\":\"search_term_string\"}}],\"inLanguage\":\"de\"},{\"@type\":\"Organization\",\"@id\":\"https:\\\/\\\/www.strassenweb.de\\\/nachrichten\\\/#organization\",\"name\":\"Stra\u00dfenweb\",\"url\":\"https:\\\/\\\/www.strassenweb.de\\\/nachrichten\\\/\",\"logo\":{\"@type\":\"ImageObject\",\"inLanguage\":\"de\",\"@id\":\"https:\\\/\\\/www.strassenweb.de\\\/nachrichten\\\/#\\\/schema\\\/logo\\\/image\\\/\",\"url\":\"https:\\\/\\\/www.strassenweb.de\\\/nachrichten\\\/wp-content\\\/uploads\\\/2024\\\/09\\\/cropped-favicon.png\",\"contentUrl\":\"https:\\\/\\\/www.strassenweb.de\\\/nachrichten\\\/wp-content\\\/uploads\\\/2024\\\/09\\\/cropped-favicon.png\",\"width\":512,\"height\":512,\"caption\":\"Stra\u00dfenweb\"},\"image\":{\"@id\":\"https:\\\/\\\/www.strassenweb.de\\\/nachrichten\\\/#\\\/schema\\\/logo\\\/image\\\/\"},\"sameAs\":[\"https:\\\/\\\/www.facebook.com\\\/strassenweb\\\/\"]},{\"@type\":\"Person\",\"@id\":\"https:\\\/\\\/www.strassenweb.de\\\/nachrichten\\\/#\\\/schema\\\/person\\\/87c9c9067f1211da429a744dc5a5aa41\",\"name\":\"Robert Hoffmann\",\"image\":{\"@type\":\"ImageObject\",\"inLanguage\":\"de\",\"@id\":\"https:\\\/\\\/www.strassenweb.de\\\/nachrichten\\\/wp-content\\\/uploads\\\/2024\\\/09\\\/strassenweb-150x150.jpg\",\"url\":\"https:\\\/\\\/www.strassenweb.de\\\/nachrichten\\\/wp-content\\\/uploads\\\/2024\\\/09\\\/strassenweb-150x150.jpg\",\"contentUrl\":\"https:\\\/\\\/www.strassenweb.de\\\/nachrichten\\\/wp-content\\\/uploads\\\/2024\\\/09\\\/strassenweb-150x150.jpg\",\"caption\":\"Robert Hoffmann\"},\"description\":\"Ich hei\u00dfe Robert Hoffmann und ich bin ein leidenschaftlicher Verfechter von \u00d6kologie und Biodiversit\u00e4t. Seit meiner Kindheit in den W\u00e4ldern Bayerns f\u00fchle ich mich mit der Natur verbunden und bin entschlossen, sie zu sch\u00fctzen. Heute widme ich mein Leben der Sensibilisierung anderer f\u00fcr die Bedeutung des Umweltschutzes f\u00fcr zuk\u00fcnftige Generationen.\",\"sameAs\":[\"https:\\\/\\\/www.strassenweb.de\\\/\"]}]}<\/script>\n<!-- \/ Yoast SEO plugin. -->","yoast_head_json":{"title":"Diese Beilage, die h\u00e4lt, ist rauchig und duftend mit viel Biss - Nachrichten - Stra\u00dfenweb","robots":{"index":"index","follow":"follow","max-snippet":"max-snippet:-1","max-image-preview":"max-image-preview:large","max-video-preview":"max-video-preview:-1"},"canonical":"https:\/\/www.strassenweb.de\/nachrichten\/diese-beilage-die-haelt-ist-rauchig-und-duftend-mit-viel-biss\/","og_locale":"de_DE","og_type":"article","og_title":"Diese Beilage, die h\u00e4lt, ist rauchig und duftend mit viel Biss - Nachrichten - Stra\u00dfenweb","og_description":"Diese farbenfrohe ger\u00f6stete Couscous und verkohlte Gem\u00fcsegerichte verleihen die erdige Tiefe des ger\u00f6steten Giant -Riesen -Couscous mit der reichen, rauchigen S\u00fc\u00dfe von ver\u00e4rgerten roten Paprika","og_url":"https:\/\/www.strassenweb.de\/nachrichten\/diese-beilage-die-haelt-ist-rauchig-und-duftend-mit-viel-biss\/","og_site_name":"Stra\u00dfenweb","article_publisher":"https:\/\/www.facebook.com\/strassenweb\/","article_published_time":"2025-06-11T19:40:39+00:00","article_modified_time":"2025-06-11T19:40:40+00:00","og_image":[{"width":1600,"height":900,"url":"https:\/\/www.strassenweb.de\/nachrichten\/wp-content\/uploads\/2025\/06\/E7CfjxYz5JSe8vPavHZ2Mo.jpg","type":"image\/jpeg"}],"author":"Robert Hoffmann","twitter_card":"summary_large_image","twitter_misc":{"Verfasst von":"Robert Hoffmann","Gesch\u00e4tzte Lesezeit":"3\u00a0Minuten"},"schema":{"@context":"https:\/\/schema.org","@graph":[{"@type":"Article","@id":"https:\/\/www.strassenweb.de\/nachrichten\/diese-beilage-die-haelt-ist-rauchig-und-duftend-mit-viel-biss\/#article","isPartOf":{"@id":"https:\/\/www.strassenweb.de\/nachrichten\/diese-beilage-die-haelt-ist-rauchig-und-duftend-mit-viel-biss\/"},"author":{"name":"Robert Hoffmann","@id":"https:\/\/www.strassenweb.de\/nachrichten\/#\/schema\/person\/87c9c9067f1211da429a744dc5a5aa41"},"headline":"Diese Beilage, die h\u00e4lt, ist rauchig und duftend mit viel Biss","datePublished":"2025-06-11T19:40:39+00:00","dateModified":"2025-06-11T19:40:40+00:00","mainEntityOfPage":{"@id":"https:\/\/www.strassenweb.de\/nachrichten\/diese-beilage-die-haelt-ist-rauchig-und-duftend-mit-viel-biss\/"},"wordCount":529,"publisher":{"@id":"https:\/\/www.strassenweb.de\/nachrichten\/#organization"},"image":{"@id":"https:\/\/www.strassenweb.de\/nachrichten\/diese-beilage-die-haelt-ist-rauchig-und-duftend-mit-viel-biss\/#primaryimage"},"thumbnailUrl":"https:\/\/www.strassenweb.de\/nachrichten\/wp-content\/uploads\/2025\/06\/E7CfjxYz5JSe8vPavHZ2Mo.jpg","keywords":["Beilage","Biss","die","diese","duftend","h\u00e4lt","ist","mit","Rauchig","und","viel"],"articleSection":["Haus &amp; Garten"],"inLanguage":"de"},{"@type":"WebPage","@id":"https:\/\/www.strassenweb.de\/nachrichten\/diese-beilage-die-haelt-ist-rauchig-und-duftend-mit-viel-biss\/","url":"https:\/\/www.strassenweb.de\/nachrichten\/diese-beilage-die-haelt-ist-rauchig-und-duftend-mit-viel-biss\/","name":"Diese Beilage, die h\u00e4lt, ist rauchig und duftend mit viel Biss - Nachrichten - Stra\u00dfenweb","isPartOf":{"@id":"https:\/\/www.strassenweb.de\/nachrichten\/#website"},"primaryImageOfPage":{"@id":"https:\/\/www.strassenweb.de\/nachrichten\/diese-beilage-die-haelt-ist-rauchig-und-duftend-mit-viel-biss\/#primaryimage"},"image":{"@id":"https:\/\/www.strassenweb.de\/nachrichten\/diese-beilage-die-haelt-ist-rauchig-und-duftend-mit-viel-biss\/#primaryimage"},"thumbnailUrl":"https:\/\/www.strassenweb.de\/nachrichten\/wp-content\/uploads\/2025\/06\/E7CfjxYz5JSe8vPavHZ2Mo.jpg","datePublished":"2025-06-11T19:40:39+00:00","dateModified":"2025-06-11T19:40:40+00:00","breadcrumb":{"@id":"https:\/\/www.strassenweb.de\/nachrichten\/diese-beilage-die-haelt-ist-rauchig-und-duftend-mit-viel-biss\/#breadcrumb"},"inLanguage":"de","potentialAction":[{"@type":"ReadAction","target":["https:\/\/www.strassenweb.de\/nachrichten\/diese-beilage-die-haelt-ist-rauchig-und-duftend-mit-viel-biss\/"]}]},{"@type":"ImageObject","inLanguage":"de","@id":"https:\/\/www.strassenweb.de\/nachrichten\/diese-beilage-die-haelt-ist-rauchig-und-duftend-mit-viel-biss\/#primaryimage","url":"https:\/\/www.strassenweb.de\/nachrichten\/wp-content\/uploads\/2025\/06\/E7CfjxYz5JSe8vPavHZ2Mo.jpg","contentUrl":"https:\/\/www.strassenweb.de\/nachrichten\/wp-content\/uploads\/2025\/06\/E7CfjxYz5JSe8vPavHZ2Mo.jpg","width":1600,"height":900,"caption":"Couscous"},{"@type":"BreadcrumbList","@id":"https:\/\/www.strassenweb.de\/nachrichten\/diese-beilage-die-haelt-ist-rauchig-und-duftend-mit-viel-biss\/#breadcrumb","itemListElement":[{"@type":"ListItem","position":1,"name":"Home","item":"https:\/\/www.strassenweb.de\/nachrichten\/"},{"@type":"ListItem","position":2,"name":"Diese Beilage, die h\u00e4lt, ist rauchig und duftend mit viel Biss"}]},{"@type":"WebSite","@id":"https:\/\/www.strassenweb.de\/nachrichten\/#website","url":"https:\/\/www.strassenweb.de\/nachrichten\/","name":"Stra\u00dfenweb","description":"Stra\u00dfenverzeichnis f\u00fcr Deutschland","publisher":{"@id":"https:\/\/www.strassenweb.de\/nachrichten\/#organization"},"potentialAction":[{"@type":"SearchAction","target":{"@type":"EntryPoint","urlTemplate":"https:\/\/www.strassenweb.de\/nachrichten\/?s={search_term_string}"},"query-input":{"@type":"PropertyValueSpecification","valueRequired":true,"valueName":"search_term_string"}}],"inLanguage":"de"},{"@type":"Organization","@id":"https:\/\/www.strassenweb.de\/nachrichten\/#organization","name":"Stra\u00dfenweb","url":"https:\/\/www.strassenweb.de\/nachrichten\/","logo":{"@type":"ImageObject","inLanguage":"de","@id":"https:\/\/www.strassenweb.de\/nachrichten\/#\/schema\/logo\/image\/","url":"https:\/\/www.strassenweb.de\/nachrichten\/wp-content\/uploads\/2024\/09\/cropped-favicon.png","contentUrl":"https:\/\/www.strassenweb.de\/nachrichten\/wp-content\/uploads\/2024\/09\/cropped-favicon.png","width":512,"height":512,"caption":"Stra\u00dfenweb"},"image":{"@id":"https:\/\/www.strassenweb.de\/nachrichten\/#\/schema\/logo\/image\/"},"sameAs":["https:\/\/www.facebook.com\/strassenweb\/"]},{"@type":"Person","@id":"https:\/\/www.strassenweb.de\/nachrichten\/#\/schema\/person\/87c9c9067f1211da429a744dc5a5aa41","name":"Robert Hoffmann","image":{"@type":"ImageObject","inLanguage":"de","@id":"https:\/\/www.strassenweb.de\/nachrichten\/wp-content\/uploads\/2024\/09\/strassenweb-150x150.jpg","url":"https:\/\/www.strassenweb.de\/nachrichten\/wp-content\/uploads\/2024\/09\/strassenweb-150x150.jpg","contentUrl":"https:\/\/www.strassenweb.de\/nachrichten\/wp-content\/uploads\/2024\/09\/strassenweb-150x150.jpg","caption":"Robert Hoffmann"},"description":"Ich hei\u00dfe Robert Hoffmann und ich bin ein leidenschaftlicher Verfechter von \u00d6kologie und Biodiversit\u00e4t. Seit meiner Kindheit in den W\u00e4ldern Bayerns f\u00fchle ich mich mit der Natur verbunden und bin entschlossen, sie zu sch\u00fctzen. Heute widme ich mein Leben der Sensibilisierung anderer f\u00fcr die Bedeutung des Umweltschutzes f\u00fcr zuk\u00fcnftige Generationen.","sameAs":["https:\/\/www.strassenweb.de\/"]}]}},"_links":{"self":[{"href":"https:\/\/www.strassenweb.de\/nachrichten\/wp-json\/wp\/v2\/posts\/5605","targetHints":{"allow":["GET"]}}],"collection":[{"href":"https:\/\/www.strassenweb.de\/nachrichten\/wp-json\/wp\/v2\/posts"}],"about":[{"href":"https:\/\/www.strassenweb.de\/nachrichten\/wp-json\/wp\/v2\/types\/post"}],"author":[{"embeddable":true,"href":"https:\/\/www.strassenweb.de\/nachrichten\/wp-json\/wp\/v2\/users\/1"}],"replies":[{"embeddable":true,"href":"https:\/\/www.strassenweb.de\/nachrichten\/wp-json\/wp\/v2\/comments?post=5605"}],"version-history":[{"count":0,"href":"https:\/\/www.strassenweb.de\/nachrichten\/wp-json\/wp\/v2\/posts\/5605\/revisions"}],"wp:featuredmedia":[{"embeddable":true,"href":"https:\/\/www.strassenweb.de\/nachrichten\/wp-json\/wp\/v2\/media\/5606"}],"wp:attachment":[{"href":"https:\/\/www.strassenweb.de\/nachrichten\/wp-json\/wp\/v2\/media?parent=5605"}],"wp:term":[{"taxonomy":"category","embeddable":true,"href":"https:\/\/www.strassenweb.de\/nachrichten\/wp-json\/wp\/v2\/categories?post=5605"},{"taxonomy":"post_tag","embeddable":true,"href":"https:\/\/www.strassenweb.de\/nachrichten\/wp-json\/wp\/v2\/tags?post=5605"}],"curies":[{"name":"wp","href":"https:\/\/api.w.org\/{rel}","templated":true}]}}