{"id":5578,"date":"2025-06-10T09:44:07","date_gmt":"2025-06-10T07:44:07","guid":{"rendered":"https:\/\/www.strassenweb.de\/nachrichten\/audra-mcdonalds-atemberaubender-schattengarten-ist-voller-pflanzen-die-von-vernachlaessigung-gedeihen-es-ist-perfekt-fuer-wartungsarme-gaertnerinnen\/"},"modified":"2025-06-10T09:44:07","modified_gmt":"2025-06-10T07:44:07","slug":"audra-mcdonalds-atemberaubender-schattengarten-ist-voller-pflanzen-die-von-vernachlaessigung-gedeihen-es-ist-perfekt-fuer-wartungsarme-gaertnerinnen","status":"publish","type":"post","link":"https:\/\/www.strassenweb.de\/nachrichten\/audra-mcdonalds-atemberaubender-schattengarten-ist-voller-pflanzen-die-von-vernachlaessigung-gedeihen-es-ist-perfekt-fuer-wartungsarme-gaertnerinnen\/","title":{"rendered":"Audra McDonalds atemberaubender Schattengarten ist voller Pflanzen, die von Vernachl\u00e4ssigung gedeihen-es ist perfekt f\u00fcr wartungsarme G\u00e4rtnerinnen."},"content":{"rendered":"<p><\/p>\n<div id=\"article-body\" class=\"article__body \">\n<p>&#8222;Gartenarbeit ist eines der Dinge, die ich nicht wirklich wei\u00df, was ich tue, aber ich liebe es und es f\u00fcttert meine Seele&#8220;, teilt die Schauspielerin Audra McDonald von ihrer Reise einen Schattengarten in ihrem Garten. Es zeigt sicherlich nicht; Ihr Garten ist wundersch\u00f6n.<\/p>\n<div id=\"ad-unit-1\" class=\"ad-unit\"><\/div>\n<p>Eine Instagram -Tour durch Audra&#8217;s Patch ist eine Meisterklasse im Garten mit wenig Licht. Es ist mit Steinst\u00fccken, den besten Schattenpflanzen und dem Boden auf der perfekten Feuchtigkeitsebene gef\u00fcllt.<\/p>\n<aside data-block-type=\"embed\" data-render-type=\"fte\" data-skip=\"dealsy\" data-widget-type=\"seasonal\" class=\"hawk-base\"><\/aside>\n<p>Trotz des polierten Erscheinungsbilds der Gartenschatten-Idee kreierte Audra den Schattengarten mit (selbstverst\u00e4ndlich) sehr wenig Expertenwissen oder Investitionen. Sie erkl\u00e4rt: &#8222;All dies ist Sachen, das bereits an anderen Orten in meinem Garten war, und wir haben es nur umgepflanzt.&#8220;<\/p>\n<div id=\"desktop-in-article\" class=\"in-article ad-unit\">\n<div id=\"desktop-taboola-mid-article\"><\/div>\n<\/div>\n<div id=\"mobile-in-article\" class=\"in-article ad-unit\">\n<div id=\"mobile-taboola-mid-article\"><\/div>\n<\/div>\n<div class=\"van_vid_carousel\">\n<div class=\"van_vid_carousel__padding\">\n<div class=\"van_vid_carousel__container\"><\/div>\n<\/div>\n<\/div>\n<aside data-component-name=\"Recirculation:ArticleRiver\" format=\"inline\" data-nosnippet>\n<span class=\"bg-secondary-500 text-white text-lg font-bold uppercase py-1 px-2 leading-(1.625rem) sm:leading-(6px) sm:text-sm\"><\/p>\n<p>Sie m\u00f6gen m\u00f6gen<br \/>\n<\/span><\/p>\n<ul class=\"flex flex-col my-2 list-outside ms-5 bg-none\">\n<li class=\"m-0 mb-2\" name=\"recirculation-inline\" data-analytics-id=\"recirculation-inline-1\" analytics-label=\"adviser:related\">\n<p>Wie man Astilbe w\u00e4chst-fachkundige Ratschl\u00e4ge zur Kultivierung dieser schattentoleranten bl\u00fchenden Staude<\/p>\n<\/li>\n<li class=\"m-0 mb-2\" name=\"recirculation-inline\" data-analytics-id=\"recirculation-inline-2\" analytics-label=\"adviser:related\">\n<p>Ich t\u00f6te jede Pflanze, die ich ber\u00fchre &#8211; ich denke, Rupaul Charles &#8218;innovativer Innenhof&#8216; Garden &#8218;k\u00f6nnte die L\u00f6sung sein<\/p>\n<\/li>\n<li class=\"m-0 mb-2\" name=\"recirculation-inline\" data-analytics-id=\"recirculation-inline-3\" analytics-label=\"adviser:related\">\n<p>Cynthia Nixons mehrstufiges Privatsph\u00e4re-Pflanzung verwandelt ihre Terrasse in eine \u201eWald-\u00e4hnliche Enklave\u201c-ein G\u00e4rtnermeister erkl\u00e4rt, wie man ihren Au\u00dfenraum nachbildert<\/p>\n<\/li>\n<\/ul>\n<\/aside>\n<div class=\"instagram-embed\">\n<blockquote class=\"instagram-media\" data-instgrm-captioned data-instgrm-version=\"6\" style=\"width:99.375%; width:-webkit-calc(100% - 2px); width:calc(100% - 2px);\">\n<p>Ein Beitrag, der von Audra McDonald (@Audramcdonald) geteilt wird<\/p>\n<p>Ein Foto von on <\/p>\n<\/blockquote>\n<\/div>\n<h3 class=\"article-body__section\" id=\"section-shop-the-look\"><span>Kaufen Sie den Look ein<\/span><\/h3>\n<div class=\"product-container hero-product-container product-block-no-wrap\">\n<div class=\"product-block-row\"><\/div>\n<div class=\"product-block-row\"><\/div>\n<div class=\"product-block-row\"><\/div>\n<\/div>\n<p>Laut Experten ist Audra&#8217;s Look aus den besten Pflanzen f\u00fcr Under B\u00e4ume leicht nachzubilden.<\/p>\n<div id=\"ad-unit-2\" class=\"ad-unit\"><\/div>\n<p>Thom Rutter, ein G\u00e4rtner und Content -Editor bei Master bei <em>H\u00e4user &#038; G\u00e4rten<\/em> erkl\u00e4rt: &#8218;Hostas und Farne sind klassische Schattenpflanzen. Wie Sie von Audra McDonalds Grenze sehen k\u00f6nnen, sehen diese Waldpflanzen nicht nur gro\u00dfartig aus, sondern tolerieren die herausfordernden Bedingungen gut. &#8218;<\/p>\n<p>Die wichtigste \u00dcberlegung ist ein Fokus auf die Verbesserung des Gartenbodens.<\/p>\n<p>&#8222;Sowohl Farne als auch Hostas, w\u00e4hrend sie in einem Teil der Schatten oder des Vollschattens gut wachsen, bevorzugen sie feuchten Boden&#8220;, sagt Thom. &#8222;Sie m\u00f6gen es nicht, in w\u00e4ssrigen Betten zu sitzen, aber einige Feuchtigkeit im Boden erzeugen die besten Ergebnisse.&#8220;<\/p>\n<div id=\"slice-container-newsletterForm-articleInbodyContent-af9h4gB756ncTc8dYD6Z8Z\" class=\"slice-container newsletter-inbodyContent-slice newsletterForm-articleInbodyContent-af9h4gB756ncTc8dYD6Z8Z slice-container-newsletterForm\"><\/div>\n<p>Was ist der beste Weg, dies zu tun? Thom empfiehlt: &#8222;Ich w\u00fcrde vorschlagen, Ihre Waldbetten nach dem Pflanzen zu mlieren. Dies hilft Farnen und Hostas, im Sommer Feuchtigkeit zu halten, insbesondere wenn die Bedingungen hei\u00df und trocken sein k\u00f6nnen (auch im Schatten!).&#8220;<\/p>\n<hr>\n<p>Obwohl sich Gartenarbeit wie ein Insider -Club anf\u00fchlen kann, mit jahrelanger Fachkenntnissen, die nur f\u00fcr den Einstieg erforderlich sind, muss dies nicht der Fall sein. Wenn Sie die St\u00e4rken Ihres Au\u00dfenbereichs mit den Pflanzen, die Sie bereits kennen, dort gut wachsen lassen, k\u00f6nnen Sie nichts falsch machen.<\/p>\n<hr>\n<\/div>\n<p><script async src=\"\/\/www.instagram.com\/embed.js\"><\/script><\/p>\n","protected":false},"excerpt":{"rendered":"<p>&#8222;Gartenarbeit ist eines der Dinge, die ich nicht wirklich wei\u00df, was ich tue, aber ich liebe es und es f\u00fcttert meine Seele&#8220;, teilt die Schauspielerin<\/p>\n","protected":false},"author":1,"featured_media":5579,"comment_status":"closed","ping_status":"","sticky":false,"template":"","format":"standard","meta":{"footnotes":""},"categories":[118],"tags":[7925,7923,9,55,6939,7927,15,7924,393,246,7926,6933,792,21,4856],"class_list":["post-5578","post","type-post","status-publish","format-standard","has-post-thumbnail","hentry","category-haus-garten","tag-atemberaubender","tag-audra","tag-die","tag-fuer","tag-gaertnerinnen","tag-gedeihenes","tag-ist","tag-mcdonalds","tag-perfekt","tag-pflanzen","tag-schattengarten","tag-vernachlaessigung","tag-voller","tag-von","tag-wartungsarme","generate-columns","tablet-grid-50","mobile-grid-100","grid-parent","grid-50"],"yoast_head":"<!-- This site is optimized with the Yoast SEO plugin v27.3 - https:\/\/yoast.com\/product\/yoast-seo-wordpress\/ -->\n<title>Audra McDonalds atemberaubender Schattengarten ist voller Pflanzen, die von Vernachl\u00e4ssigung gedeihen-es ist perfekt f\u00fcr wartungsarme G\u00e4rtnerinnen. - Nachrichten - Stra\u00dfenweb<\/title>\n<meta name=\"robots\" content=\"index, follow, max-snippet:-1, max-image-preview:large, max-video-preview:-1\" \/>\n<link rel=\"canonical\" href=\"https:\/\/www.strassenweb.de\/nachrichten\/audra-mcdonalds-atemberaubender-schattengarten-ist-voller-pflanzen-die-von-vernachlaessigung-gedeihen-es-ist-perfekt-fuer-wartungsarme-gaertnerinnen\/\" \/>\n<meta property=\"og:locale\" content=\"de_DE\" \/>\n<meta property=\"og:type\" content=\"article\" \/>\n<meta property=\"og:title\" content=\"Audra McDonalds atemberaubender Schattengarten ist voller Pflanzen, die von Vernachl\u00e4ssigung gedeihen-es ist perfekt f\u00fcr wartungsarme G\u00e4rtnerinnen. - Nachrichten - Stra\u00dfenweb\" \/>\n<meta property=\"og:description\" content=\"&#8222;Gartenarbeit ist eines der Dinge, die ich nicht wirklich wei\u00df, was ich tue, aber ich liebe es und es f\u00fcttert meine Seele&#8220;, teilt die Schauspielerin\" \/>\n<meta property=\"og:url\" content=\"https:\/\/www.strassenweb.de\/nachrichten\/audra-mcdonalds-atemberaubender-schattengarten-ist-voller-pflanzen-die-von-vernachlaessigung-gedeihen-es-ist-perfekt-fuer-wartungsarme-gaertnerinnen\/\" \/>\n<meta property=\"og:site_name\" content=\"Stra\u00dfenweb\" \/>\n<meta property=\"article:publisher\" content=\"https:\/\/www.facebook.com\/strassenweb\/\" \/>\n<meta property=\"article:published_time\" content=\"2025-06-10T07:44:07+00:00\" \/>\n<meta property=\"og:image\" content=\"https:\/\/www.strassenweb.de\/nachrichten\/wp-content\/uploads\/2025\/06\/DYjcbkyXmbW9urzfTHM6wc.jpg\" \/>\n\t<meta property=\"og:image:width\" content=\"1600\" \/>\n\t<meta property=\"og:image:height\" content=\"900\" \/>\n\t<meta property=\"og:image:type\" content=\"image\/jpeg\" \/>\n<meta name=\"author\" content=\"Robert Hoffmann\" \/>\n<meta name=\"twitter:card\" content=\"summary_large_image\" \/>\n<meta name=\"twitter:label1\" content=\"Verfasst von\" \/>\n\t<meta name=\"twitter:data1\" content=\"Robert Hoffmann\" \/>\n\t<meta name=\"twitter:label2\" content=\"Gesch\u00e4tzte Lesezeit\" \/>\n\t<meta name=\"twitter:data2\" content=\"2\u00a0Minuten\" \/>\n<script type=\"application\/ld+json\" class=\"yoast-schema-graph\">{\"@context\":\"https:\\\/\\\/schema.org\",\"@graph\":[{\"@type\":\"Article\",\"@id\":\"https:\\\/\\\/www.strassenweb.de\\\/nachrichten\\\/audra-mcdonalds-atemberaubender-schattengarten-ist-voller-pflanzen-die-von-vernachlaessigung-gedeihen-es-ist-perfekt-fuer-wartungsarme-gaertnerinnen\\\/#article\",\"isPartOf\":{\"@id\":\"https:\\\/\\\/www.strassenweb.de\\\/nachrichten\\\/audra-mcdonalds-atemberaubender-schattengarten-ist-voller-pflanzen-die-von-vernachlaessigung-gedeihen-es-ist-perfekt-fuer-wartungsarme-gaertnerinnen\\\/\"},\"author\":{\"name\":\"Robert Hoffmann\",\"@id\":\"https:\\\/\\\/www.strassenweb.de\\\/nachrichten\\\/#\\\/schema\\\/person\\\/87c9c9067f1211da429a744dc5a5aa41\"},\"headline\":\"Audra McDonalds atemberaubender Schattengarten ist voller Pflanzen, die von Vernachl\u00e4ssigung gedeihen-es ist perfekt f\u00fcr wartungsarme G\u00e4rtnerinnen.\",\"datePublished\":\"2025-06-10T07:44:07+00:00\",\"mainEntityOfPage\":{\"@id\":\"https:\\\/\\\/www.strassenweb.de\\\/nachrichten\\\/audra-mcdonalds-atemberaubender-schattengarten-ist-voller-pflanzen-die-von-vernachlaessigung-gedeihen-es-ist-perfekt-fuer-wartungsarme-gaertnerinnen\\\/\"},\"wordCount\":434,\"publisher\":{\"@id\":\"https:\\\/\\\/www.strassenweb.de\\\/nachrichten\\\/#organization\"},\"image\":{\"@id\":\"https:\\\/\\\/www.strassenweb.de\\\/nachrichten\\\/audra-mcdonalds-atemberaubender-schattengarten-ist-voller-pflanzen-die-von-vernachlaessigung-gedeihen-es-ist-perfekt-fuer-wartungsarme-gaertnerinnen\\\/#primaryimage\"},\"thumbnailUrl\":\"https:\\\/\\\/www.strassenweb.de\\\/nachrichten\\\/wp-content\\\/uploads\\\/2025\\\/06\\\/DYjcbkyXmbW9urzfTHM6wc.jpg\",\"keywords\":[\"atemberaubender\",\"Audra\",\"die\",\"f\u00fcr\",\"G\u00e4rtnerinnen\",\"gedeihenes\",\"ist\",\"McDonalds\",\"perfekt\",\"Pflanzen\",\"Schattengarten\",\"Vernachl\u00e4ssigung\",\"voller\",\"von\",\"wartungsarme\"],\"articleSection\":[\"Haus &amp; Garten\"],\"inLanguage\":\"de\"},{\"@type\":\"WebPage\",\"@id\":\"https:\\\/\\\/www.strassenweb.de\\\/nachrichten\\\/audra-mcdonalds-atemberaubender-schattengarten-ist-voller-pflanzen-die-von-vernachlaessigung-gedeihen-es-ist-perfekt-fuer-wartungsarme-gaertnerinnen\\\/\",\"url\":\"https:\\\/\\\/www.strassenweb.de\\\/nachrichten\\\/audra-mcdonalds-atemberaubender-schattengarten-ist-voller-pflanzen-die-von-vernachlaessigung-gedeihen-es-ist-perfekt-fuer-wartungsarme-gaertnerinnen\\\/\",\"name\":\"Audra McDonalds atemberaubender Schattengarten ist voller Pflanzen, die von Vernachl\u00e4ssigung gedeihen-es ist perfekt f\u00fcr wartungsarme G\u00e4rtnerinnen. - Nachrichten - Stra\u00dfenweb\",\"isPartOf\":{\"@id\":\"https:\\\/\\\/www.strassenweb.de\\\/nachrichten\\\/#website\"},\"primaryImageOfPage\":{\"@id\":\"https:\\\/\\\/www.strassenweb.de\\\/nachrichten\\\/audra-mcdonalds-atemberaubender-schattengarten-ist-voller-pflanzen-die-von-vernachlaessigung-gedeihen-es-ist-perfekt-fuer-wartungsarme-gaertnerinnen\\\/#primaryimage\"},\"image\":{\"@id\":\"https:\\\/\\\/www.strassenweb.de\\\/nachrichten\\\/audra-mcdonalds-atemberaubender-schattengarten-ist-voller-pflanzen-die-von-vernachlaessigung-gedeihen-es-ist-perfekt-fuer-wartungsarme-gaertnerinnen\\\/#primaryimage\"},\"thumbnailUrl\":\"https:\\\/\\\/www.strassenweb.de\\\/nachrichten\\\/wp-content\\\/uploads\\\/2025\\\/06\\\/DYjcbkyXmbW9urzfTHM6wc.jpg\",\"datePublished\":\"2025-06-10T07:44:07+00:00\",\"breadcrumb\":{\"@id\":\"https:\\\/\\\/www.strassenweb.de\\\/nachrichten\\\/audra-mcdonalds-atemberaubender-schattengarten-ist-voller-pflanzen-die-von-vernachlaessigung-gedeihen-es-ist-perfekt-fuer-wartungsarme-gaertnerinnen\\\/#breadcrumb\"},\"inLanguage\":\"de\",\"potentialAction\":[{\"@type\":\"ReadAction\",\"target\":[\"https:\\\/\\\/www.strassenweb.de\\\/nachrichten\\\/audra-mcdonalds-atemberaubender-schattengarten-ist-voller-pflanzen-die-von-vernachlaessigung-gedeihen-es-ist-perfekt-fuer-wartungsarme-gaertnerinnen\\\/\"]}]},{\"@type\":\"ImageObject\",\"inLanguage\":\"de\",\"@id\":\"https:\\\/\\\/www.strassenweb.de\\\/nachrichten\\\/audra-mcdonalds-atemberaubender-schattengarten-ist-voller-pflanzen-die-von-vernachlaessigung-gedeihen-es-ist-perfekt-fuer-wartungsarme-gaertnerinnen\\\/#primaryimage\",\"url\":\"https:\\\/\\\/www.strassenweb.de\\\/nachrichten\\\/wp-content\\\/uploads\\\/2025\\\/06\\\/DYjcbkyXmbW9urzfTHM6wc.jpg\",\"contentUrl\":\"https:\\\/\\\/www.strassenweb.de\\\/nachrichten\\\/wp-content\\\/uploads\\\/2025\\\/06\\\/DYjcbkyXmbW9urzfTHM6wc.jpg\",\"width\":1600,\"height\":900,\"caption\":\"audra mcdonald on a plain background\"},{\"@type\":\"BreadcrumbList\",\"@id\":\"https:\\\/\\\/www.strassenweb.de\\\/nachrichten\\\/audra-mcdonalds-atemberaubender-schattengarten-ist-voller-pflanzen-die-von-vernachlaessigung-gedeihen-es-ist-perfekt-fuer-wartungsarme-gaertnerinnen\\\/#breadcrumb\",\"itemListElement\":[{\"@type\":\"ListItem\",\"position\":1,\"name\":\"Home\",\"item\":\"https:\\\/\\\/www.strassenweb.de\\\/nachrichten\\\/\"},{\"@type\":\"ListItem\",\"position\":2,\"name\":\"Audra McDonalds atemberaubender Schattengarten ist voller Pflanzen, die von Vernachl\u00e4ssigung gedeihen-es ist perfekt f\u00fcr wartungsarme G\u00e4rtnerinnen.\"}]},{\"@type\":\"WebSite\",\"@id\":\"https:\\\/\\\/www.strassenweb.de\\\/nachrichten\\\/#website\",\"url\":\"https:\\\/\\\/www.strassenweb.de\\\/nachrichten\\\/\",\"name\":\"Stra\u00dfenweb\",\"description\":\"Stra\u00dfenverzeichnis f\u00fcr Deutschland\",\"publisher\":{\"@id\":\"https:\\\/\\\/www.strassenweb.de\\\/nachrichten\\\/#organization\"},\"potentialAction\":[{\"@type\":\"SearchAction\",\"target\":{\"@type\":\"EntryPoint\",\"urlTemplate\":\"https:\\\/\\\/www.strassenweb.de\\\/nachrichten\\\/?s={search_term_string}\"},\"query-input\":{\"@type\":\"PropertyValueSpecification\",\"valueRequired\":true,\"valueName\":\"search_term_string\"}}],\"inLanguage\":\"de\"},{\"@type\":\"Organization\",\"@id\":\"https:\\\/\\\/www.strassenweb.de\\\/nachrichten\\\/#organization\",\"name\":\"Stra\u00dfenweb\",\"url\":\"https:\\\/\\\/www.strassenweb.de\\\/nachrichten\\\/\",\"logo\":{\"@type\":\"ImageObject\",\"inLanguage\":\"de\",\"@id\":\"https:\\\/\\\/www.strassenweb.de\\\/nachrichten\\\/#\\\/schema\\\/logo\\\/image\\\/\",\"url\":\"https:\\\/\\\/www.strassenweb.de\\\/nachrichten\\\/wp-content\\\/uploads\\\/2024\\\/09\\\/cropped-favicon.png\",\"contentUrl\":\"https:\\\/\\\/www.strassenweb.de\\\/nachrichten\\\/wp-content\\\/uploads\\\/2024\\\/09\\\/cropped-favicon.png\",\"width\":512,\"height\":512,\"caption\":\"Stra\u00dfenweb\"},\"image\":{\"@id\":\"https:\\\/\\\/www.strassenweb.de\\\/nachrichten\\\/#\\\/schema\\\/logo\\\/image\\\/\"},\"sameAs\":[\"https:\\\/\\\/www.facebook.com\\\/strassenweb\\\/\"]},{\"@type\":\"Person\",\"@id\":\"https:\\\/\\\/www.strassenweb.de\\\/nachrichten\\\/#\\\/schema\\\/person\\\/87c9c9067f1211da429a744dc5a5aa41\",\"name\":\"Robert Hoffmann\",\"image\":{\"@type\":\"ImageObject\",\"inLanguage\":\"de\",\"@id\":\"https:\\\/\\\/www.strassenweb.de\\\/nachrichten\\\/wp-content\\\/uploads\\\/2024\\\/09\\\/strassenweb-150x150.jpg\",\"url\":\"https:\\\/\\\/www.strassenweb.de\\\/nachrichten\\\/wp-content\\\/uploads\\\/2024\\\/09\\\/strassenweb-150x150.jpg\",\"contentUrl\":\"https:\\\/\\\/www.strassenweb.de\\\/nachrichten\\\/wp-content\\\/uploads\\\/2024\\\/09\\\/strassenweb-150x150.jpg\",\"caption\":\"Robert Hoffmann\"},\"description\":\"Ich hei\u00dfe Robert Hoffmann und ich bin ein leidenschaftlicher Verfechter von \u00d6kologie und Biodiversit\u00e4t. Seit meiner Kindheit in den W\u00e4ldern Bayerns f\u00fchle ich mich mit der Natur verbunden und bin entschlossen, sie zu sch\u00fctzen. Heute widme ich mein Leben der Sensibilisierung anderer f\u00fcr die Bedeutung des Umweltschutzes f\u00fcr zuk\u00fcnftige Generationen.\",\"sameAs\":[\"https:\\\/\\\/www.strassenweb.de\\\/\"]}]}<\/script>\n<!-- \/ Yoast SEO plugin. -->","yoast_head_json":{"title":"Audra McDonalds atemberaubender Schattengarten ist voller Pflanzen, die von Vernachl\u00e4ssigung gedeihen-es ist perfekt f\u00fcr wartungsarme G\u00e4rtnerinnen. - Nachrichten - Stra\u00dfenweb","robots":{"index":"index","follow":"follow","max-snippet":"max-snippet:-1","max-image-preview":"max-image-preview:large","max-video-preview":"max-video-preview:-1"},"canonical":"https:\/\/www.strassenweb.de\/nachrichten\/audra-mcdonalds-atemberaubender-schattengarten-ist-voller-pflanzen-die-von-vernachlaessigung-gedeihen-es-ist-perfekt-fuer-wartungsarme-gaertnerinnen\/","og_locale":"de_DE","og_type":"article","og_title":"Audra McDonalds atemberaubender Schattengarten ist voller Pflanzen, die von Vernachl\u00e4ssigung gedeihen-es ist perfekt f\u00fcr wartungsarme G\u00e4rtnerinnen. - Nachrichten - Stra\u00dfenweb","og_description":"&#8222;Gartenarbeit ist eines der Dinge, die ich nicht wirklich wei\u00df, was ich tue, aber ich liebe es und es f\u00fcttert meine Seele&#8220;, teilt die Schauspielerin","og_url":"https:\/\/www.strassenweb.de\/nachrichten\/audra-mcdonalds-atemberaubender-schattengarten-ist-voller-pflanzen-die-von-vernachlaessigung-gedeihen-es-ist-perfekt-fuer-wartungsarme-gaertnerinnen\/","og_site_name":"Stra\u00dfenweb","article_publisher":"https:\/\/www.facebook.com\/strassenweb\/","article_published_time":"2025-06-10T07:44:07+00:00","og_image":[{"width":1600,"height":900,"url":"https:\/\/www.strassenweb.de\/nachrichten\/wp-content\/uploads\/2025\/06\/DYjcbkyXmbW9urzfTHM6wc.jpg","type":"image\/jpeg"}],"author":"Robert Hoffmann","twitter_card":"summary_large_image","twitter_misc":{"Verfasst von":"Robert Hoffmann","Gesch\u00e4tzte Lesezeit":"2\u00a0Minuten"},"schema":{"@context":"https:\/\/schema.org","@graph":[{"@type":"Article","@id":"https:\/\/www.strassenweb.de\/nachrichten\/audra-mcdonalds-atemberaubender-schattengarten-ist-voller-pflanzen-die-von-vernachlaessigung-gedeihen-es-ist-perfekt-fuer-wartungsarme-gaertnerinnen\/#article","isPartOf":{"@id":"https:\/\/www.strassenweb.de\/nachrichten\/audra-mcdonalds-atemberaubender-schattengarten-ist-voller-pflanzen-die-von-vernachlaessigung-gedeihen-es-ist-perfekt-fuer-wartungsarme-gaertnerinnen\/"},"author":{"name":"Robert Hoffmann","@id":"https:\/\/www.strassenweb.de\/nachrichten\/#\/schema\/person\/87c9c9067f1211da429a744dc5a5aa41"},"headline":"Audra McDonalds atemberaubender Schattengarten ist voller Pflanzen, die von Vernachl\u00e4ssigung gedeihen-es ist perfekt f\u00fcr wartungsarme G\u00e4rtnerinnen.","datePublished":"2025-06-10T07:44:07+00:00","mainEntityOfPage":{"@id":"https:\/\/www.strassenweb.de\/nachrichten\/audra-mcdonalds-atemberaubender-schattengarten-ist-voller-pflanzen-die-von-vernachlaessigung-gedeihen-es-ist-perfekt-fuer-wartungsarme-gaertnerinnen\/"},"wordCount":434,"publisher":{"@id":"https:\/\/www.strassenweb.de\/nachrichten\/#organization"},"image":{"@id":"https:\/\/www.strassenweb.de\/nachrichten\/audra-mcdonalds-atemberaubender-schattengarten-ist-voller-pflanzen-die-von-vernachlaessigung-gedeihen-es-ist-perfekt-fuer-wartungsarme-gaertnerinnen\/#primaryimage"},"thumbnailUrl":"https:\/\/www.strassenweb.de\/nachrichten\/wp-content\/uploads\/2025\/06\/DYjcbkyXmbW9urzfTHM6wc.jpg","keywords":["atemberaubender","Audra","die","f\u00fcr","G\u00e4rtnerinnen","gedeihenes","ist","McDonalds","perfekt","Pflanzen","Schattengarten","Vernachl\u00e4ssigung","voller","von","wartungsarme"],"articleSection":["Haus &amp; Garten"],"inLanguage":"de"},{"@type":"WebPage","@id":"https:\/\/www.strassenweb.de\/nachrichten\/audra-mcdonalds-atemberaubender-schattengarten-ist-voller-pflanzen-die-von-vernachlaessigung-gedeihen-es-ist-perfekt-fuer-wartungsarme-gaertnerinnen\/","url":"https:\/\/www.strassenweb.de\/nachrichten\/audra-mcdonalds-atemberaubender-schattengarten-ist-voller-pflanzen-die-von-vernachlaessigung-gedeihen-es-ist-perfekt-fuer-wartungsarme-gaertnerinnen\/","name":"Audra McDonalds atemberaubender Schattengarten ist voller Pflanzen, die von Vernachl\u00e4ssigung gedeihen-es ist perfekt f\u00fcr wartungsarme G\u00e4rtnerinnen. - Nachrichten - Stra\u00dfenweb","isPartOf":{"@id":"https:\/\/www.strassenweb.de\/nachrichten\/#website"},"primaryImageOfPage":{"@id":"https:\/\/www.strassenweb.de\/nachrichten\/audra-mcdonalds-atemberaubender-schattengarten-ist-voller-pflanzen-die-von-vernachlaessigung-gedeihen-es-ist-perfekt-fuer-wartungsarme-gaertnerinnen\/#primaryimage"},"image":{"@id":"https:\/\/www.strassenweb.de\/nachrichten\/audra-mcdonalds-atemberaubender-schattengarten-ist-voller-pflanzen-die-von-vernachlaessigung-gedeihen-es-ist-perfekt-fuer-wartungsarme-gaertnerinnen\/#primaryimage"},"thumbnailUrl":"https:\/\/www.strassenweb.de\/nachrichten\/wp-content\/uploads\/2025\/06\/DYjcbkyXmbW9urzfTHM6wc.jpg","datePublished":"2025-06-10T07:44:07+00:00","breadcrumb":{"@id":"https:\/\/www.strassenweb.de\/nachrichten\/audra-mcdonalds-atemberaubender-schattengarten-ist-voller-pflanzen-die-von-vernachlaessigung-gedeihen-es-ist-perfekt-fuer-wartungsarme-gaertnerinnen\/#breadcrumb"},"inLanguage":"de","potentialAction":[{"@type":"ReadAction","target":["https:\/\/www.strassenweb.de\/nachrichten\/audra-mcdonalds-atemberaubender-schattengarten-ist-voller-pflanzen-die-von-vernachlaessigung-gedeihen-es-ist-perfekt-fuer-wartungsarme-gaertnerinnen\/"]}]},{"@type":"ImageObject","inLanguage":"de","@id":"https:\/\/www.strassenweb.de\/nachrichten\/audra-mcdonalds-atemberaubender-schattengarten-ist-voller-pflanzen-die-von-vernachlaessigung-gedeihen-es-ist-perfekt-fuer-wartungsarme-gaertnerinnen\/#primaryimage","url":"https:\/\/www.strassenweb.de\/nachrichten\/wp-content\/uploads\/2025\/06\/DYjcbkyXmbW9urzfTHM6wc.jpg","contentUrl":"https:\/\/www.strassenweb.de\/nachrichten\/wp-content\/uploads\/2025\/06\/DYjcbkyXmbW9urzfTHM6wc.jpg","width":1600,"height":900,"caption":"audra mcdonald on a plain background"},{"@type":"BreadcrumbList","@id":"https:\/\/www.strassenweb.de\/nachrichten\/audra-mcdonalds-atemberaubender-schattengarten-ist-voller-pflanzen-die-von-vernachlaessigung-gedeihen-es-ist-perfekt-fuer-wartungsarme-gaertnerinnen\/#breadcrumb","itemListElement":[{"@type":"ListItem","position":1,"name":"Home","item":"https:\/\/www.strassenweb.de\/nachrichten\/"},{"@type":"ListItem","position":2,"name":"Audra McDonalds atemberaubender Schattengarten ist voller Pflanzen, die von Vernachl\u00e4ssigung gedeihen-es ist perfekt f\u00fcr wartungsarme G\u00e4rtnerinnen."}]},{"@type":"WebSite","@id":"https:\/\/www.strassenweb.de\/nachrichten\/#website","url":"https:\/\/www.strassenweb.de\/nachrichten\/","name":"Stra\u00dfenweb","description":"Stra\u00dfenverzeichnis f\u00fcr Deutschland","publisher":{"@id":"https:\/\/www.strassenweb.de\/nachrichten\/#organization"},"potentialAction":[{"@type":"SearchAction","target":{"@type":"EntryPoint","urlTemplate":"https:\/\/www.strassenweb.de\/nachrichten\/?s={search_term_string}"},"query-input":{"@type":"PropertyValueSpecification","valueRequired":true,"valueName":"search_term_string"}}],"inLanguage":"de"},{"@type":"Organization","@id":"https:\/\/www.strassenweb.de\/nachrichten\/#organization","name":"Stra\u00dfenweb","url":"https:\/\/www.strassenweb.de\/nachrichten\/","logo":{"@type":"ImageObject","inLanguage":"de","@id":"https:\/\/www.strassenweb.de\/nachrichten\/#\/schema\/logo\/image\/","url":"https:\/\/www.strassenweb.de\/nachrichten\/wp-content\/uploads\/2024\/09\/cropped-favicon.png","contentUrl":"https:\/\/www.strassenweb.de\/nachrichten\/wp-content\/uploads\/2024\/09\/cropped-favicon.png","width":512,"height":512,"caption":"Stra\u00dfenweb"},"image":{"@id":"https:\/\/www.strassenweb.de\/nachrichten\/#\/schema\/logo\/image\/"},"sameAs":["https:\/\/www.facebook.com\/strassenweb\/"]},{"@type":"Person","@id":"https:\/\/www.strassenweb.de\/nachrichten\/#\/schema\/person\/87c9c9067f1211da429a744dc5a5aa41","name":"Robert Hoffmann","image":{"@type":"ImageObject","inLanguage":"de","@id":"https:\/\/www.strassenweb.de\/nachrichten\/wp-content\/uploads\/2024\/09\/strassenweb-150x150.jpg","url":"https:\/\/www.strassenweb.de\/nachrichten\/wp-content\/uploads\/2024\/09\/strassenweb-150x150.jpg","contentUrl":"https:\/\/www.strassenweb.de\/nachrichten\/wp-content\/uploads\/2024\/09\/strassenweb-150x150.jpg","caption":"Robert Hoffmann"},"description":"Ich hei\u00dfe Robert Hoffmann und ich bin ein leidenschaftlicher Verfechter von \u00d6kologie und Biodiversit\u00e4t. Seit meiner Kindheit in den W\u00e4ldern Bayerns f\u00fchle ich mich mit der Natur verbunden und bin entschlossen, sie zu sch\u00fctzen. Heute widme ich mein Leben der Sensibilisierung anderer f\u00fcr die Bedeutung des Umweltschutzes f\u00fcr zuk\u00fcnftige Generationen.","sameAs":["https:\/\/www.strassenweb.de\/"]}]}},"_links":{"self":[{"href":"https:\/\/www.strassenweb.de\/nachrichten\/wp-json\/wp\/v2\/posts\/5578","targetHints":{"allow":["GET"]}}],"collection":[{"href":"https:\/\/www.strassenweb.de\/nachrichten\/wp-json\/wp\/v2\/posts"}],"about":[{"href":"https:\/\/www.strassenweb.de\/nachrichten\/wp-json\/wp\/v2\/types\/post"}],"author":[{"embeddable":true,"href":"https:\/\/www.strassenweb.de\/nachrichten\/wp-json\/wp\/v2\/users\/1"}],"replies":[{"embeddable":true,"href":"https:\/\/www.strassenweb.de\/nachrichten\/wp-json\/wp\/v2\/comments?post=5578"}],"version-history":[{"count":0,"href":"https:\/\/www.strassenweb.de\/nachrichten\/wp-json\/wp\/v2\/posts\/5578\/revisions"}],"wp:featuredmedia":[{"embeddable":true,"href":"https:\/\/www.strassenweb.de\/nachrichten\/wp-json\/wp\/v2\/media\/5579"}],"wp:attachment":[{"href":"https:\/\/www.strassenweb.de\/nachrichten\/wp-json\/wp\/v2\/media?parent=5578"}],"wp:term":[{"taxonomy":"category","embeddable":true,"href":"https:\/\/www.strassenweb.de\/nachrichten\/wp-json\/wp\/v2\/categories?post=5578"},{"taxonomy":"post_tag","embeddable":true,"href":"https:\/\/www.strassenweb.de\/nachrichten\/wp-json\/wp\/v2\/tags?post=5578"}],"curies":[{"name":"wp","href":"https:\/\/api.w.org\/{rel}","templated":true}]}}