{"id":5565,"date":"2025-06-09T09:39:16","date_gmt":"2025-06-09T07:39:16","guid":{"rendered":"https:\/\/www.strassenweb.de\/nachrichten\/die-kluegsten-leute-die-ich-kenne-kaufen-nur-moebel-die-multifunktional-sind-martha-stewart-hat-eine-osmanische-gestaltet-die-diese-ideologie-verkoerpert\/"},"modified":"2025-06-09T09:39:17","modified_gmt":"2025-06-09T07:39:17","slug":"die-kluegsten-leute-die-ich-kenne-kaufen-nur-moebel-die-multifunktional-sind-martha-stewart-hat-eine-osmanische-gestaltet-die-diese-ideologie-verkoerpert","status":"publish","type":"post","link":"https:\/\/www.strassenweb.de\/nachrichten\/die-kluegsten-leute-die-ich-kenne-kaufen-nur-moebel-die-multifunktional-sind-martha-stewart-hat-eine-osmanische-gestaltet-die-diese-ideologie-verkoerpert\/","title":{"rendered":"Die kl\u00fcgsten Leute, die ich kenne, kaufen nur M\u00f6bel, die multifunktional sind-Martha Stewart hat eine Osmanische gestaltet, die diese Ideologie verk\u00f6rpert"},"content":{"rendered":"<p><\/p>\n<div id=\"article-body\" class=\"article__body \">\n<p>Das Leben in einer winzigen st\u00e4dtischen Wohnung zwingt Sie dazu, intelligent \u00fcber Weltraum nachzudenken und in multifunktionale M\u00f6bel zu investieren, sollte Ihr erster Anlaufhafen sein. Jeder, den ich kenne, der in der Stadt lebt, hat die gleiche Ideologie und priorisiert M\u00f6bel, die als Lagerung oder zus\u00e4tzliche Sitzpl\u00e4tze dienen, und es scheint, als h\u00e4tte Martha Stewart diese Prinzipien bis auf einen T.<\/p>\n<div id=\"ad-unit-1\" class=\"ad-unit\"><\/div>\n<p>Trotz des Immobilienportfolios von Martha Stewart in einem Bedford Farmhouse und Hamptons Retreat beweist der Lifestyle -Guru, dass sie die Notwendigkeit multifunktionaler M\u00f6bel versteht, beginnend mit ihrem Cedric Tufted Ottoman (erh\u00e4ltlich bei Wayfair).<\/p>\n<aside data-block-type=\"embed\" data-render-type=\"fte\" data-skip=\"dealsy\" data-widget-type=\"seasonal\" class=\"hawk-base\"><\/aside>\n<p>Wie Sie von einer gut gestalteten Ottomane erwarten w\u00fcrden, dient dieses St\u00fcck sowohl als ultra-komfortabler Sitz als auch als Fu\u00dfst\u00fctze, aber es ist auch ein versteckter Speicherretter. Unterhalb der grauen Polsterung befindet sich ein Furnierregal und bietet diskreten Stauraum f\u00fcr Ihr Wohnzimmer oder Ihr Schlafzimmer. Es ist der perfekte Ort, um Fernseher Fernbedienungen, B\u00fccher und Spiele f\u00fcr Ihre nahe gelegenen Kerzen zu speichern.<\/p>\n<div id=\"desktop-in-article\" class=\"in-article ad-unit\">\n<div id=\"desktop-taboola-mid-article\"><\/div>\n<\/div>\n<div id=\"mobile-in-article\" class=\"in-article ad-unit\">\n<div id=\"mobile-taboola-mid-article\"><\/div>\n<\/div>\n<div class=\"van_vid_carousel\">\n<div class=\"van_vid_carousel__padding\">\n<div class=\"van_vid_carousel__container\"><\/div>\n<\/div>\n<\/div>\n<aside data-component-name=\"Recirculation:ArticleRiver\" format=\"inline\" data-nosnippet>\n<span class=\"bg-secondary-500 text-white text-lg font-bold uppercase py-1 px-2 leading-(1.625rem) sm:leading-(6px) sm:text-sm\"><\/p>\n<p>Sie m\u00f6gen m\u00f6gen<br \/>\n<\/span><\/p>\n<ul class=\"flex flex-col my-2 list-outside ms-5 bg-none\">\n<li class=\"m-0 mb-2\" name=\"recirculation-inline\" data-analytics-id=\"recirculation-inline-1\" analytics-label=\"adviser:related\">\n<p>Ich brauche eine intelligente, aber schicke Aufbewahrungsbank f\u00fcr meinen winzigen Wohnungseingang-dieses Martha Stewart-entworfene St\u00fcck ist die L\u00f6sung (und es wird um 57%reduziert)<\/p>\n<\/li>\n<li class=\"m-0 mb-2\" name=\"recirculation-inline\" data-analytics-id=\"recirculation-inline-2\" analytics-label=\"adviser:related\">\n<p>Martha Stewart hat eine gestreifte Osmanisch gestaltet, die sich perfekt f\u00fcr den Charme von New England in ein beliebiges Wohnzimmer einbringt-und es kostet unter 90 US-Dollar<\/p>\n<\/li>\n<li class=\"m-0 mb-2\" name=\"recirculation-inline\" data-analytics-id=\"recirculation-inline-3\" analytics-label=\"adviser:related\">\n<p>Designer sagen, Osmanen seien eine der vielseitigsten M\u00f6bel, und Kelly Clarkson hat den perfekten gefunden &#8211; es ist auf Wayfair versteckt (f\u00fcr unter 134 US -Dollar).<\/p>\n<\/li>\n<\/ul>\n<\/aside>\n<p>Derzeit versteckt es sich tief auf Wayfair mit 37% Rabatt, was bedeutet, dass Sie einen neuen Sitz und einen neuen Speicher f\u00fcr weniger als 303 US -Dollar erhalten k\u00f6nnen.<\/p>\n<div id=\"ad-unit-2\" class=\"ad-unit\"><\/div>\n<div class=\"product-container horizontal-product-container\">\n<div class=\"product-block-row\"><\/div>\n<\/div>\n<p>Um diesen Speicherplatz zu nutzen, schlage ich vor, in ein Rattan -Tablett zu investieren (\u00e4hnlich wie unten), das eine stilvolle Zone erstellt, um Ihr Wesentliche ordentlich und ordentlich zu halten. Es ist eine ideale L\u00f6sung f\u00fcr mein kleines Wohnzimmer, aber wie Designer erkl\u00e4ren, sollten Sie das Schlafzimmer nicht \u00fcbersehen.<\/p>\n<p>\u201eEin Ottomane in das Schlafzimmer zu integrieren, ist eine kluge und stilvolle M\u00f6glichkeit, sowohl die Funktionalit\u00e4t als auch die \u00c4sthetik des Raums zu verbessern. Es bietet zus\u00e4tzliche Sitzgelegenheiten oder Lagerung und f\u00fcgt gleichzeitig einen Hauch von Luxus und Komfort hinzu, die Cristina Rugo, die Kreativdirektorin bei Greyciane.<\/p>\n<p>Wenn Sie Ihren Ottomanen in Ihr Schlafzimmer bringen, empfiehlt Cristina, ihn vor Ihrem Bett zu positionieren, um &#8222;den perfekten Schwerpunkt zu schaffen, das Praktikabilit\u00e4t mit Eleganz ausbalancieren&#8220;.<\/p>\n<div id=\"slice-container-newsletterForm-articleInbodyContent-43xMAsAUacD986HfAq7Av6\" class=\"slice-container newsletter-inbodyContent-slice newsletterForm-articleInbodyContent-43xMAsAUacD986HfAq7Av6 slice-container-newsletterForm\"><\/div>\n<p>Sie f\u00e4hrt fort: &#8222;M\u00f6belschichten sind eine effektive M\u00f6glichkeit, jeden Raum zu erh\u00f6hen, und ein Ottoman ist das ideale Beispiel daf\u00fcr, wie das richtige St\u00fcck Textur, Farbe und Raffinesse in Ihrem Schlafzimmer einf\u00fchren kann.&#8220;<\/p>\n<div class=\"product-container hero-product-container product-block-no-wrap\">\n<div class=\"product-block-row\"><\/div>\n<div class=\"product-block-row\"><\/div>\n<div class=\"product-block-row\"><\/div>\n<\/div>\n<hr>\n<div class=\"block\" id=\"articleTag\" data-component-name=\"PostArticleLinks\">\n<div class=\"border-b border-b-black border-solid py-2.5 text-black font-bold uppercase\">Themen<\/div>\n<nav class=\"py-2.5 flex gap-2.5 flex-wrap\" data-analytics-id=\"article-tag\">\n<p>Martha Stewart<br \/>\n<\/nav>\n<\/div>\n<\/div>\n","protected":false},"excerpt":{"rendered":"<p>Das Leben in einer winzigen st\u00e4dtischen Wohnung zwingt Sie dazu, intelligent \u00fcber Weltraum nachzudenken und in multifunktionale M\u00f6bel zu investieren, sollte Ihr erster Anlaufhafen sein.<\/p>\n","protected":false},"author":1,"featured_media":4696,"comment_status":"closed","ping_status":"","sticky":false,"template":"","format":"standard","meta":{"footnotes":""},"categories":[118],"tags":[9,143,74,6001,189,129,7912,964,3507,7908,6499,1816,7909,54,7911,7910,3131,3421],"class_list":["post-5565","post","type-post","status-publish","format-standard","has-post-thumbnail","hentry","category-haus-garten","tag-die","tag-diese","tag-eine","tag-gestaltet","tag-hat","tag-ich","tag-ideologie","tag-kaufen","tag-kenne","tag-kluegsten","tag-leute","tag-moebel","tag-multifunktional","tag-nur","tag-osmanische","tag-sindmartha","tag-stewart","tag-verkoerpert","generate-columns","tablet-grid-50","mobile-grid-100","grid-parent","grid-50"],"yoast_head":"<!-- This site is optimized with the Yoast SEO plugin v27.3 - https:\/\/yoast.com\/product\/yoast-seo-wordpress\/ -->\n<title>Die kl\u00fcgsten Leute, die ich kenne, kaufen nur M\u00f6bel, die multifunktional sind-Martha Stewart hat eine Osmanische gestaltet, die diese Ideologie verk\u00f6rpert - Nachrichten - Stra\u00dfenweb<\/title>\n<meta name=\"robots\" content=\"index, follow, max-snippet:-1, max-image-preview:large, max-video-preview:-1\" \/>\n<link rel=\"canonical\" href=\"https:\/\/www.strassenweb.de\/nachrichten\/die-kluegsten-leute-die-ich-kenne-kaufen-nur-moebel-die-multifunktional-sind-martha-stewart-hat-eine-osmanische-gestaltet-die-diese-ideologie-verkoerpert\/\" \/>\n<meta property=\"og:locale\" content=\"de_DE\" \/>\n<meta property=\"og:type\" content=\"article\" \/>\n<meta property=\"og:title\" content=\"Die kl\u00fcgsten Leute, die ich kenne, kaufen nur M\u00f6bel, die multifunktional sind-Martha Stewart hat eine Osmanische gestaltet, die diese Ideologie verk\u00f6rpert - Nachrichten - Stra\u00dfenweb\" \/>\n<meta property=\"og:description\" content=\"Das Leben in einer winzigen st\u00e4dtischen Wohnung zwingt Sie dazu, intelligent \u00fcber Weltraum nachzudenken und in multifunktionale M\u00f6bel zu investieren, sollte Ihr erster Anlaufhafen sein.\" \/>\n<meta property=\"og:url\" content=\"https:\/\/www.strassenweb.de\/nachrichten\/die-kluegsten-leute-die-ich-kenne-kaufen-nur-moebel-die-multifunktional-sind-martha-stewart-hat-eine-osmanische-gestaltet-die-diese-ideologie-verkoerpert\/\" \/>\n<meta property=\"og:site_name\" content=\"Stra\u00dfenweb\" \/>\n<meta property=\"article:publisher\" content=\"https:\/\/www.facebook.com\/strassenweb\/\" \/>\n<meta property=\"article:published_time\" content=\"2025-06-09T07:39:16+00:00\" \/>\n<meta property=\"article:modified_time\" content=\"2025-06-09T07:39:17+00:00\" \/>\n<meta property=\"og:image\" content=\"https:\/\/www.strassenweb.de\/nachrichten\/wp-content\/uploads\/2025\/03\/bVN24TqBeLcbMNmXvZuFkg.jpg\" \/>\n\t<meta property=\"og:image:width\" content=\"1600\" \/>\n\t<meta property=\"og:image:height\" content=\"900\" \/>\n\t<meta property=\"og:image:type\" content=\"image\/jpeg\" \/>\n<meta name=\"author\" content=\"Robert Hoffmann\" \/>\n<meta name=\"twitter:card\" content=\"summary_large_image\" \/>\n<meta name=\"twitter:label1\" content=\"Verfasst von\" \/>\n\t<meta name=\"twitter:data1\" content=\"Robert Hoffmann\" \/>\n\t<meta name=\"twitter:label2\" content=\"Gesch\u00e4tzte Lesezeit\" \/>\n\t<meta name=\"twitter:data2\" content=\"2\u00a0Minuten\" \/>\n<script type=\"application\/ld+json\" class=\"yoast-schema-graph\">{\"@context\":\"https:\\\/\\\/schema.org\",\"@graph\":[{\"@type\":\"Article\",\"@id\":\"https:\\\/\\\/www.strassenweb.de\\\/nachrichten\\\/die-kluegsten-leute-die-ich-kenne-kaufen-nur-moebel-die-multifunktional-sind-martha-stewart-hat-eine-osmanische-gestaltet-die-diese-ideologie-verkoerpert\\\/#article\",\"isPartOf\":{\"@id\":\"https:\\\/\\\/www.strassenweb.de\\\/nachrichten\\\/die-kluegsten-leute-die-ich-kenne-kaufen-nur-moebel-die-multifunktional-sind-martha-stewart-hat-eine-osmanische-gestaltet-die-diese-ideologie-verkoerpert\\\/\"},\"author\":{\"name\":\"Robert Hoffmann\",\"@id\":\"https:\\\/\\\/www.strassenweb.de\\\/nachrichten\\\/#\\\/schema\\\/person\\\/87c9c9067f1211da429a744dc5a5aa41\"},\"headline\":\"Die kl\u00fcgsten Leute, die ich kenne, kaufen nur M\u00f6bel, die multifunktional sind-Martha Stewart hat eine Osmanische gestaltet, die diese Ideologie verk\u00f6rpert\",\"datePublished\":\"2025-06-09T07:39:16+00:00\",\"dateModified\":\"2025-06-09T07:39:17+00:00\",\"mainEntityOfPage\":{\"@id\":\"https:\\\/\\\/www.strassenweb.de\\\/nachrichten\\\/die-kluegsten-leute-die-ich-kenne-kaufen-nur-moebel-die-multifunktional-sind-martha-stewart-hat-eine-osmanische-gestaltet-die-diese-ideologie-verkoerpert\\\/\"},\"wordCount\":482,\"publisher\":{\"@id\":\"https:\\\/\\\/www.strassenweb.de\\\/nachrichten\\\/#organization\"},\"image\":{\"@id\":\"https:\\\/\\\/www.strassenweb.de\\\/nachrichten\\\/die-kluegsten-leute-die-ich-kenne-kaufen-nur-moebel-die-multifunktional-sind-martha-stewart-hat-eine-osmanische-gestaltet-die-diese-ideologie-verkoerpert\\\/#primaryimage\"},\"thumbnailUrl\":\"https:\\\/\\\/www.strassenweb.de\\\/nachrichten\\\/wp-content\\\/uploads\\\/2025\\\/03\\\/bVN24TqBeLcbMNmXvZuFkg.jpg\",\"keywords\":[\"die\",\"diese\",\"eine\",\"gestaltet\",\"hat\",\"ich\",\"Ideologie\",\"kaufen\",\"kenne\",\"kl\u00fcgsten\",\"Leute\",\"M\u00f6bel\",\"multifunktional\",\"nur\",\"Osmanische\",\"sindMartha\",\"Stewart\",\"verk\u00f6rpert\"],\"articleSection\":[\"Haus &amp; Garten\"],\"inLanguage\":\"de\"},{\"@type\":\"WebPage\",\"@id\":\"https:\\\/\\\/www.strassenweb.de\\\/nachrichten\\\/die-kluegsten-leute-die-ich-kenne-kaufen-nur-moebel-die-multifunktional-sind-martha-stewart-hat-eine-osmanische-gestaltet-die-diese-ideologie-verkoerpert\\\/\",\"url\":\"https:\\\/\\\/www.strassenweb.de\\\/nachrichten\\\/die-kluegsten-leute-die-ich-kenne-kaufen-nur-moebel-die-multifunktional-sind-martha-stewart-hat-eine-osmanische-gestaltet-die-diese-ideologie-verkoerpert\\\/\",\"name\":\"Die kl\u00fcgsten Leute, die ich kenne, kaufen nur M\u00f6bel, die multifunktional sind-Martha Stewart hat eine Osmanische gestaltet, die diese Ideologie verk\u00f6rpert - Nachrichten - Stra\u00dfenweb\",\"isPartOf\":{\"@id\":\"https:\\\/\\\/www.strassenweb.de\\\/nachrichten\\\/#website\"},\"primaryImageOfPage\":{\"@id\":\"https:\\\/\\\/www.strassenweb.de\\\/nachrichten\\\/die-kluegsten-leute-die-ich-kenne-kaufen-nur-moebel-die-multifunktional-sind-martha-stewart-hat-eine-osmanische-gestaltet-die-diese-ideologie-verkoerpert\\\/#primaryimage\"},\"image\":{\"@id\":\"https:\\\/\\\/www.strassenweb.de\\\/nachrichten\\\/die-kluegsten-leute-die-ich-kenne-kaufen-nur-moebel-die-multifunktional-sind-martha-stewart-hat-eine-osmanische-gestaltet-die-diese-ideologie-verkoerpert\\\/#primaryimage\"},\"thumbnailUrl\":\"https:\\\/\\\/www.strassenweb.de\\\/nachrichten\\\/wp-content\\\/uploads\\\/2025\\\/03\\\/bVN24TqBeLcbMNmXvZuFkg.jpg\",\"datePublished\":\"2025-06-09T07:39:16+00:00\",\"dateModified\":\"2025-06-09T07:39:17+00:00\",\"breadcrumb\":{\"@id\":\"https:\\\/\\\/www.strassenweb.de\\\/nachrichten\\\/die-kluegsten-leute-die-ich-kenne-kaufen-nur-moebel-die-multifunktional-sind-martha-stewart-hat-eine-osmanische-gestaltet-die-diese-ideologie-verkoerpert\\\/#breadcrumb\"},\"inLanguage\":\"de\",\"potentialAction\":[{\"@type\":\"ReadAction\",\"target\":[\"https:\\\/\\\/www.strassenweb.de\\\/nachrichten\\\/die-kluegsten-leute-die-ich-kenne-kaufen-nur-moebel-die-multifunktional-sind-martha-stewart-hat-eine-osmanische-gestaltet-die-diese-ideologie-verkoerpert\\\/\"]}]},{\"@type\":\"ImageObject\",\"inLanguage\":\"de\",\"@id\":\"https:\\\/\\\/www.strassenweb.de\\\/nachrichten\\\/die-kluegsten-leute-die-ich-kenne-kaufen-nur-moebel-die-multifunktional-sind-martha-stewart-hat-eine-osmanische-gestaltet-die-diese-ideologie-verkoerpert\\\/#primaryimage\",\"url\":\"https:\\\/\\\/www.strassenweb.de\\\/nachrichten\\\/wp-content\\\/uploads\\\/2025\\\/03\\\/bVN24TqBeLcbMNmXvZuFkg.jpg\",\"contentUrl\":\"https:\\\/\\\/www.strassenweb.de\\\/nachrichten\\\/wp-content\\\/uploads\\\/2025\\\/03\\\/bVN24TqBeLcbMNmXvZuFkg.jpg\",\"width\":1600,\"height\":900,\"caption\":\"Martha Stewart\"},{\"@type\":\"BreadcrumbList\",\"@id\":\"https:\\\/\\\/www.strassenweb.de\\\/nachrichten\\\/die-kluegsten-leute-die-ich-kenne-kaufen-nur-moebel-die-multifunktional-sind-martha-stewart-hat-eine-osmanische-gestaltet-die-diese-ideologie-verkoerpert\\\/#breadcrumb\",\"itemListElement\":[{\"@type\":\"ListItem\",\"position\":1,\"name\":\"Home\",\"item\":\"https:\\\/\\\/www.strassenweb.de\\\/nachrichten\\\/\"},{\"@type\":\"ListItem\",\"position\":2,\"name\":\"Die kl\u00fcgsten Leute, die ich kenne, kaufen nur M\u00f6bel, die multifunktional sind-Martha Stewart hat eine Osmanische gestaltet, die diese Ideologie verk\u00f6rpert\"}]},{\"@type\":\"WebSite\",\"@id\":\"https:\\\/\\\/www.strassenweb.de\\\/nachrichten\\\/#website\",\"url\":\"https:\\\/\\\/www.strassenweb.de\\\/nachrichten\\\/\",\"name\":\"Stra\u00dfenweb\",\"description\":\"Stra\u00dfenverzeichnis f\u00fcr Deutschland\",\"publisher\":{\"@id\":\"https:\\\/\\\/www.strassenweb.de\\\/nachrichten\\\/#organization\"},\"potentialAction\":[{\"@type\":\"SearchAction\",\"target\":{\"@type\":\"EntryPoint\",\"urlTemplate\":\"https:\\\/\\\/www.strassenweb.de\\\/nachrichten\\\/?s={search_term_string}\"},\"query-input\":{\"@type\":\"PropertyValueSpecification\",\"valueRequired\":true,\"valueName\":\"search_term_string\"}}],\"inLanguage\":\"de\"},{\"@type\":\"Organization\",\"@id\":\"https:\\\/\\\/www.strassenweb.de\\\/nachrichten\\\/#organization\",\"name\":\"Stra\u00dfenweb\",\"url\":\"https:\\\/\\\/www.strassenweb.de\\\/nachrichten\\\/\",\"logo\":{\"@type\":\"ImageObject\",\"inLanguage\":\"de\",\"@id\":\"https:\\\/\\\/www.strassenweb.de\\\/nachrichten\\\/#\\\/schema\\\/logo\\\/image\\\/\",\"url\":\"https:\\\/\\\/www.strassenweb.de\\\/nachrichten\\\/wp-content\\\/uploads\\\/2024\\\/09\\\/cropped-favicon.png\",\"contentUrl\":\"https:\\\/\\\/www.strassenweb.de\\\/nachrichten\\\/wp-content\\\/uploads\\\/2024\\\/09\\\/cropped-favicon.png\",\"width\":512,\"height\":512,\"caption\":\"Stra\u00dfenweb\"},\"image\":{\"@id\":\"https:\\\/\\\/www.strassenweb.de\\\/nachrichten\\\/#\\\/schema\\\/logo\\\/image\\\/\"},\"sameAs\":[\"https:\\\/\\\/www.facebook.com\\\/strassenweb\\\/\"]},{\"@type\":\"Person\",\"@id\":\"https:\\\/\\\/www.strassenweb.de\\\/nachrichten\\\/#\\\/schema\\\/person\\\/87c9c9067f1211da429a744dc5a5aa41\",\"name\":\"Robert Hoffmann\",\"image\":{\"@type\":\"ImageObject\",\"inLanguage\":\"de\",\"@id\":\"https:\\\/\\\/www.strassenweb.de\\\/nachrichten\\\/wp-content\\\/uploads\\\/2024\\\/09\\\/strassenweb-150x150.jpg\",\"url\":\"https:\\\/\\\/www.strassenweb.de\\\/nachrichten\\\/wp-content\\\/uploads\\\/2024\\\/09\\\/strassenweb-150x150.jpg\",\"contentUrl\":\"https:\\\/\\\/www.strassenweb.de\\\/nachrichten\\\/wp-content\\\/uploads\\\/2024\\\/09\\\/strassenweb-150x150.jpg\",\"caption\":\"Robert Hoffmann\"},\"description\":\"Ich hei\u00dfe Robert Hoffmann und ich bin ein leidenschaftlicher Verfechter von \u00d6kologie und Biodiversit\u00e4t. Seit meiner Kindheit in den W\u00e4ldern Bayerns f\u00fchle ich mich mit der Natur verbunden und bin entschlossen, sie zu sch\u00fctzen. Heute widme ich mein Leben der Sensibilisierung anderer f\u00fcr die Bedeutung des Umweltschutzes f\u00fcr zuk\u00fcnftige Generationen.\",\"sameAs\":[\"https:\\\/\\\/www.strassenweb.de\\\/\"]}]}<\/script>\n<!-- \/ Yoast SEO plugin. -->","yoast_head_json":{"title":"Die kl\u00fcgsten Leute, die ich kenne, kaufen nur M\u00f6bel, die multifunktional sind-Martha Stewart hat eine Osmanische gestaltet, die diese Ideologie verk\u00f6rpert - Nachrichten - Stra\u00dfenweb","robots":{"index":"index","follow":"follow","max-snippet":"max-snippet:-1","max-image-preview":"max-image-preview:large","max-video-preview":"max-video-preview:-1"},"canonical":"https:\/\/www.strassenweb.de\/nachrichten\/die-kluegsten-leute-die-ich-kenne-kaufen-nur-moebel-die-multifunktional-sind-martha-stewart-hat-eine-osmanische-gestaltet-die-diese-ideologie-verkoerpert\/","og_locale":"de_DE","og_type":"article","og_title":"Die kl\u00fcgsten Leute, die ich kenne, kaufen nur M\u00f6bel, die multifunktional sind-Martha Stewart hat eine Osmanische gestaltet, die diese Ideologie verk\u00f6rpert - Nachrichten - Stra\u00dfenweb","og_description":"Das Leben in einer winzigen st\u00e4dtischen Wohnung zwingt Sie dazu, intelligent \u00fcber Weltraum nachzudenken und in multifunktionale M\u00f6bel zu investieren, sollte Ihr erster Anlaufhafen sein.","og_url":"https:\/\/www.strassenweb.de\/nachrichten\/die-kluegsten-leute-die-ich-kenne-kaufen-nur-moebel-die-multifunktional-sind-martha-stewart-hat-eine-osmanische-gestaltet-die-diese-ideologie-verkoerpert\/","og_site_name":"Stra\u00dfenweb","article_publisher":"https:\/\/www.facebook.com\/strassenweb\/","article_published_time":"2025-06-09T07:39:16+00:00","article_modified_time":"2025-06-09T07:39:17+00:00","og_image":[{"width":1600,"height":900,"url":"https:\/\/www.strassenweb.de\/nachrichten\/wp-content\/uploads\/2025\/03\/bVN24TqBeLcbMNmXvZuFkg.jpg","type":"image\/jpeg"}],"author":"Robert Hoffmann","twitter_card":"summary_large_image","twitter_misc":{"Verfasst von":"Robert Hoffmann","Gesch\u00e4tzte Lesezeit":"2\u00a0Minuten"},"schema":{"@context":"https:\/\/schema.org","@graph":[{"@type":"Article","@id":"https:\/\/www.strassenweb.de\/nachrichten\/die-kluegsten-leute-die-ich-kenne-kaufen-nur-moebel-die-multifunktional-sind-martha-stewart-hat-eine-osmanische-gestaltet-die-diese-ideologie-verkoerpert\/#article","isPartOf":{"@id":"https:\/\/www.strassenweb.de\/nachrichten\/die-kluegsten-leute-die-ich-kenne-kaufen-nur-moebel-die-multifunktional-sind-martha-stewart-hat-eine-osmanische-gestaltet-die-diese-ideologie-verkoerpert\/"},"author":{"name":"Robert Hoffmann","@id":"https:\/\/www.strassenweb.de\/nachrichten\/#\/schema\/person\/87c9c9067f1211da429a744dc5a5aa41"},"headline":"Die kl\u00fcgsten Leute, die ich kenne, kaufen nur M\u00f6bel, die multifunktional sind-Martha Stewart hat eine Osmanische gestaltet, die diese Ideologie verk\u00f6rpert","datePublished":"2025-06-09T07:39:16+00:00","dateModified":"2025-06-09T07:39:17+00:00","mainEntityOfPage":{"@id":"https:\/\/www.strassenweb.de\/nachrichten\/die-kluegsten-leute-die-ich-kenne-kaufen-nur-moebel-die-multifunktional-sind-martha-stewart-hat-eine-osmanische-gestaltet-die-diese-ideologie-verkoerpert\/"},"wordCount":482,"publisher":{"@id":"https:\/\/www.strassenweb.de\/nachrichten\/#organization"},"image":{"@id":"https:\/\/www.strassenweb.de\/nachrichten\/die-kluegsten-leute-die-ich-kenne-kaufen-nur-moebel-die-multifunktional-sind-martha-stewart-hat-eine-osmanische-gestaltet-die-diese-ideologie-verkoerpert\/#primaryimage"},"thumbnailUrl":"https:\/\/www.strassenweb.de\/nachrichten\/wp-content\/uploads\/2025\/03\/bVN24TqBeLcbMNmXvZuFkg.jpg","keywords":["die","diese","eine","gestaltet","hat","ich","Ideologie","kaufen","kenne","kl\u00fcgsten","Leute","M\u00f6bel","multifunktional","nur","Osmanische","sindMartha","Stewart","verk\u00f6rpert"],"articleSection":["Haus &amp; Garten"],"inLanguage":"de"},{"@type":"WebPage","@id":"https:\/\/www.strassenweb.de\/nachrichten\/die-kluegsten-leute-die-ich-kenne-kaufen-nur-moebel-die-multifunktional-sind-martha-stewart-hat-eine-osmanische-gestaltet-die-diese-ideologie-verkoerpert\/","url":"https:\/\/www.strassenweb.de\/nachrichten\/die-kluegsten-leute-die-ich-kenne-kaufen-nur-moebel-die-multifunktional-sind-martha-stewart-hat-eine-osmanische-gestaltet-die-diese-ideologie-verkoerpert\/","name":"Die kl\u00fcgsten Leute, die ich kenne, kaufen nur M\u00f6bel, die multifunktional sind-Martha Stewart hat eine Osmanische gestaltet, die diese Ideologie verk\u00f6rpert - Nachrichten - Stra\u00dfenweb","isPartOf":{"@id":"https:\/\/www.strassenweb.de\/nachrichten\/#website"},"primaryImageOfPage":{"@id":"https:\/\/www.strassenweb.de\/nachrichten\/die-kluegsten-leute-die-ich-kenne-kaufen-nur-moebel-die-multifunktional-sind-martha-stewart-hat-eine-osmanische-gestaltet-die-diese-ideologie-verkoerpert\/#primaryimage"},"image":{"@id":"https:\/\/www.strassenweb.de\/nachrichten\/die-kluegsten-leute-die-ich-kenne-kaufen-nur-moebel-die-multifunktional-sind-martha-stewart-hat-eine-osmanische-gestaltet-die-diese-ideologie-verkoerpert\/#primaryimage"},"thumbnailUrl":"https:\/\/www.strassenweb.de\/nachrichten\/wp-content\/uploads\/2025\/03\/bVN24TqBeLcbMNmXvZuFkg.jpg","datePublished":"2025-06-09T07:39:16+00:00","dateModified":"2025-06-09T07:39:17+00:00","breadcrumb":{"@id":"https:\/\/www.strassenweb.de\/nachrichten\/die-kluegsten-leute-die-ich-kenne-kaufen-nur-moebel-die-multifunktional-sind-martha-stewart-hat-eine-osmanische-gestaltet-die-diese-ideologie-verkoerpert\/#breadcrumb"},"inLanguage":"de","potentialAction":[{"@type":"ReadAction","target":["https:\/\/www.strassenweb.de\/nachrichten\/die-kluegsten-leute-die-ich-kenne-kaufen-nur-moebel-die-multifunktional-sind-martha-stewart-hat-eine-osmanische-gestaltet-die-diese-ideologie-verkoerpert\/"]}]},{"@type":"ImageObject","inLanguage":"de","@id":"https:\/\/www.strassenweb.de\/nachrichten\/die-kluegsten-leute-die-ich-kenne-kaufen-nur-moebel-die-multifunktional-sind-martha-stewart-hat-eine-osmanische-gestaltet-die-diese-ideologie-verkoerpert\/#primaryimage","url":"https:\/\/www.strassenweb.de\/nachrichten\/wp-content\/uploads\/2025\/03\/bVN24TqBeLcbMNmXvZuFkg.jpg","contentUrl":"https:\/\/www.strassenweb.de\/nachrichten\/wp-content\/uploads\/2025\/03\/bVN24TqBeLcbMNmXvZuFkg.jpg","width":1600,"height":900,"caption":"Martha Stewart"},{"@type":"BreadcrumbList","@id":"https:\/\/www.strassenweb.de\/nachrichten\/die-kluegsten-leute-die-ich-kenne-kaufen-nur-moebel-die-multifunktional-sind-martha-stewart-hat-eine-osmanische-gestaltet-die-diese-ideologie-verkoerpert\/#breadcrumb","itemListElement":[{"@type":"ListItem","position":1,"name":"Home","item":"https:\/\/www.strassenweb.de\/nachrichten\/"},{"@type":"ListItem","position":2,"name":"Die kl\u00fcgsten Leute, die ich kenne, kaufen nur M\u00f6bel, die multifunktional sind-Martha Stewart hat eine Osmanische gestaltet, die diese Ideologie verk\u00f6rpert"}]},{"@type":"WebSite","@id":"https:\/\/www.strassenweb.de\/nachrichten\/#website","url":"https:\/\/www.strassenweb.de\/nachrichten\/","name":"Stra\u00dfenweb","description":"Stra\u00dfenverzeichnis f\u00fcr Deutschland","publisher":{"@id":"https:\/\/www.strassenweb.de\/nachrichten\/#organization"},"potentialAction":[{"@type":"SearchAction","target":{"@type":"EntryPoint","urlTemplate":"https:\/\/www.strassenweb.de\/nachrichten\/?s={search_term_string}"},"query-input":{"@type":"PropertyValueSpecification","valueRequired":true,"valueName":"search_term_string"}}],"inLanguage":"de"},{"@type":"Organization","@id":"https:\/\/www.strassenweb.de\/nachrichten\/#organization","name":"Stra\u00dfenweb","url":"https:\/\/www.strassenweb.de\/nachrichten\/","logo":{"@type":"ImageObject","inLanguage":"de","@id":"https:\/\/www.strassenweb.de\/nachrichten\/#\/schema\/logo\/image\/","url":"https:\/\/www.strassenweb.de\/nachrichten\/wp-content\/uploads\/2024\/09\/cropped-favicon.png","contentUrl":"https:\/\/www.strassenweb.de\/nachrichten\/wp-content\/uploads\/2024\/09\/cropped-favicon.png","width":512,"height":512,"caption":"Stra\u00dfenweb"},"image":{"@id":"https:\/\/www.strassenweb.de\/nachrichten\/#\/schema\/logo\/image\/"},"sameAs":["https:\/\/www.facebook.com\/strassenweb\/"]},{"@type":"Person","@id":"https:\/\/www.strassenweb.de\/nachrichten\/#\/schema\/person\/87c9c9067f1211da429a744dc5a5aa41","name":"Robert Hoffmann","image":{"@type":"ImageObject","inLanguage":"de","@id":"https:\/\/www.strassenweb.de\/nachrichten\/wp-content\/uploads\/2024\/09\/strassenweb-150x150.jpg","url":"https:\/\/www.strassenweb.de\/nachrichten\/wp-content\/uploads\/2024\/09\/strassenweb-150x150.jpg","contentUrl":"https:\/\/www.strassenweb.de\/nachrichten\/wp-content\/uploads\/2024\/09\/strassenweb-150x150.jpg","caption":"Robert Hoffmann"},"description":"Ich hei\u00dfe Robert Hoffmann und ich bin ein leidenschaftlicher Verfechter von \u00d6kologie und Biodiversit\u00e4t. Seit meiner Kindheit in den W\u00e4ldern Bayerns f\u00fchle ich mich mit der Natur verbunden und bin entschlossen, sie zu sch\u00fctzen. Heute widme ich mein Leben der Sensibilisierung anderer f\u00fcr die Bedeutung des Umweltschutzes f\u00fcr zuk\u00fcnftige Generationen.","sameAs":["https:\/\/www.strassenweb.de\/"]}]}},"_links":{"self":[{"href":"https:\/\/www.strassenweb.de\/nachrichten\/wp-json\/wp\/v2\/posts\/5565","targetHints":{"allow":["GET"]}}],"collection":[{"href":"https:\/\/www.strassenweb.de\/nachrichten\/wp-json\/wp\/v2\/posts"}],"about":[{"href":"https:\/\/www.strassenweb.de\/nachrichten\/wp-json\/wp\/v2\/types\/post"}],"author":[{"embeddable":true,"href":"https:\/\/www.strassenweb.de\/nachrichten\/wp-json\/wp\/v2\/users\/1"}],"replies":[{"embeddable":true,"href":"https:\/\/www.strassenweb.de\/nachrichten\/wp-json\/wp\/v2\/comments?post=5565"}],"version-history":[{"count":0,"href":"https:\/\/www.strassenweb.de\/nachrichten\/wp-json\/wp\/v2\/posts\/5565\/revisions"}],"wp:featuredmedia":[{"embeddable":true,"href":"https:\/\/www.strassenweb.de\/nachrichten\/wp-json\/wp\/v2\/media\/4696"}],"wp:attachment":[{"href":"https:\/\/www.strassenweb.de\/nachrichten\/wp-json\/wp\/v2\/media?parent=5565"}],"wp:term":[{"taxonomy":"category","embeddable":true,"href":"https:\/\/www.strassenweb.de\/nachrichten\/wp-json\/wp\/v2\/categories?post=5565"},{"taxonomy":"post_tag","embeddable":true,"href":"https:\/\/www.strassenweb.de\/nachrichten\/wp-json\/wp\/v2\/tags?post=5565"}],"curies":[{"name":"wp","href":"https:\/\/api.w.org\/{rel}","templated":true}]}}