{"id":5562,"date":"2025-06-09T05:40:23","date_gmt":"2025-06-09T03:40:23","guid":{"rendered":"https:\/\/www.strassenweb.de\/nachrichten\/salvador-dalis-60er-jahre-terrasse-verkoerpert-die-spanischen-landschaften-die-eine-generation-moderner-kuenstler-inspiriert-haben-jetzt-sind-mediterrane-gaerten-wieder-im-trend\/"},"modified":"2025-06-09T05:40:24","modified_gmt":"2025-06-09T03:40:24","slug":"salvador-dalis-60er-jahre-terrasse-verkoerpert-die-spanischen-landschaften-die-eine-generation-moderner-kuenstler-inspiriert-haben-jetzt-sind-mediterrane-gaerten-wieder-im-trend","status":"publish","type":"post","link":"https:\/\/www.strassenweb.de\/nachrichten\/salvador-dalis-60er-jahre-terrasse-verkoerpert-die-spanischen-landschaften-die-eine-generation-moderner-kuenstler-inspiriert-haben-jetzt-sind-mediterrane-gaerten-wieder-im-trend\/","title":{"rendered":"Salvador Dal\u00eds 60er -Jahre -Terrasse verk\u00f6rpert die spanischen Landschaften, die eine Generation moderner K\u00fcnstler inspiriert haben &#8211; jetzt sind mediterrane G\u00e4rten wieder im Trend"},"content":{"rendered":"<p><\/p>\n<div id=\"article-body\" class=\"article__body \">\n<p>Die Landschaften von Cadaqu\u00e9s, einer Stadt in der Region Kataloniens Spaniens, haben einen besonderen Platz in der Kunstgeschichte. Pablo Picasso, Joan Mir\u00f3, Marcel Duchamp und Gabriel Garc\u00eda M\u00e1rquez verbrachten alle Zeit dort, wobei die einheimischen Pflanzen viele ihrer Werke inspirierten. Es macht also nur Sinn, dass der surrealistische Maler Salvador Dal\u00ed ein Zuhause in der Gegend besa\u00df.<\/p>\n<div id=\"ad-unit-1\" class=\"ad-unit\"><\/div>\n<p>Die Terrasse in seinem Haus in Port Ligat in den 1960er Jahren verk\u00f6rpert alles, was diesen Teil der Costa Brava so sch\u00f6n macht.<\/p>\n<p>Strukturierte Pflanzer, gef\u00fcllt mit Zypressen, Olivenb\u00e4umen und Bougainvillea, sitzen in verschiedenen H\u00f6hen \u00fcber die Travertinfliesen. Einheimische Gr\u00e4ser s\u00e4umen die R\u00e4nder des Hauses. Der ganze Look wird durch den Minimalismus seines Kalkstein- und Terrakotta -Hauses unterst\u00fctzt. Es ist praktisch eine Meisterklasse in der mediterranen Gartenarbeit.<\/p>\n<div id=\"desktop-in-article\" class=\"in-article ad-unit\">\n<div id=\"desktop-taboola-mid-article\"><\/div>\n<\/div>\n<div id=\"mobile-in-article\" class=\"in-article ad-unit\">\n<div id=\"mobile-taboola-mid-article\"><\/div>\n<\/div>\n<div class=\"van_vid_carousel\">\n<div class=\"van_vid_carousel__padding\">\n<div class=\"van_vid_carousel__container\"><\/div>\n<\/div>\n<\/div>\n<aside data-component-name=\"Recirculation:ArticleRiver\" format=\"inline\" data-nosnippet>\n<span class=\"bg-secondary-500 text-white text-lg font-bold uppercase py-1 px-2 leading-(1.625rem) sm:leading-(6px) sm:text-sm\"><\/p>\n<p>Sie m\u00f6gen m\u00f6gen<br \/>\n<\/span><\/p>\n<ul class=\"flex flex-col my-2 list-outside ms-5 bg-none\">\n<li class=\"m-0 mb-2\" name=\"recirculation-inline\" data-analytics-id=\"recirculation-inline-1\" analytics-label=\"adviser:related\">\n<p>Ich m\u00f6chte einen Hauch von mediterraner Charme auf meine Terrasse f\u00fcr den Sommer 2025 bringen &#8211; die Pflanzgef\u00e4\u00dfe auf Goldie Hawns Terrace sind die L\u00f6sung<\/p>\n<\/li>\n<li class=\"m-0 mb-2\" name=\"recirculation-inline\" data-analytics-id=\"recirculation-inline-2\" analytics-label=\"adviser:related\">\n<p>M\u00f6chten Sie Ihren Garten in diesem Jahr in eine mediterrane Flucht verwandeln? Das sommerbereitete Dekor von Newgarden macht dies leicht zu erreichen<\/p>\n<\/li>\n<li class=\"m-0 mb-2\" name=\"recirculation-inline\" data-analytics-id=\"recirculation-inline-3\" analytics-label=\"adviser:related\">\n<p>Joan Didions 70er Jahre Malibu Speisesaal ist ein atemberaubendes St\u00fcck des Mittelmeers &#8211; die Terrakotta -Fliesen, Korbst\u00fchle und Holztisch sind transzendent<\/p>\n<\/li>\n<\/ul>\n<\/aside>\n<figure class=\"van-image-figure inline-layout \" data-bordeaux-image-check>\n<div class=\"image-full-width-wrapper\">\n<div class=\"image-widthsetter\" style=\"max-width:2000px;\"><\/div>\n<\/div>\n<\/figure>\n<h3 class=\"article-body__section\" id=\"section-shop-the-look\"><span>Kaufen Sie den Look ein<\/span><\/h3>\n<div class=\"product-container hero-product-container product-block-no-wrap\">\n<div class=\"product-block-row\"><\/div>\n<div class=\"product-block-row\"><\/div>\n<div class=\"product-block-row\"><\/div>\n<\/div>\n<aside data-block-type=\"embed\" data-render-type=\"fte\" data-skip=\"dealsy\" data-widget-type=\"seasonal\" class=\"hawk-base\"><\/aside>\n<p>Die Sch\u00f6nheit dieses Gartenstils hat die Kraft, die \u00fcber den Rahmen der 60er Jahre hinausgeht. Es ist ein beliebter Gartentrend f\u00fcr 2025. Zum Beispiel zeigt Google -Daten, dass \u201emediterrane Gartenideen\u201c in den letzten drei Monaten um 53% gestiegen sind. Dies ist haupts\u00e4chlich auf seine \u00e4sthetische und praktische Anziehungskraft zur\u00fcckzuf\u00fchren.<\/p>\n<div id=\"ad-unit-2\" class=\"ad-unit\"><\/div>\n<p>Ali Wooldridge, Gartenexperte und Mitbegr\u00fcnder der Luxury Outdoor Furniture Company Gardenesque, erkl\u00e4rt: \u201eEin mediterranes Design ist nicht nur geringer Wartung und d\u00fcrretolerant, sondern seine Palette ist sowohl leicht als auch hitzend, um Sie w\u00e4hrend der gesamten Hitze abk\u00fchlend zu halten. Diese Eigenschaften k\u00f6nnen auch die Illusion eines gr\u00f6\u00dferen Raums schaffen, was bedeutet, dass sie sowohl gro\u00dfe soziale Versammlungen als auch f\u00fcr den ganzen Sommer \u00fcber einen beruhigenden R\u00fcckzugsort ausgestattet sind. &#8218;<\/p>\n<figure class=\"van-image-figure inline-layout \" data-bordeaux-image-check>\n<div class=\"image-full-width-wrapper\">\n<div class=\"image-widthsetter\" style=\"max-width:2000px;\"><\/div>\n<\/div>\n<\/figure>\n<p>Gl\u00fccklicherweise ist es genauso einfach, einen mediterranen Garten zu schaffen wie seine Farbpalette.<\/p>\n<p>Ali schl\u00e4gt vor: \u201ewarme erdige T\u00f6ne wie Terrakotta und verbrannte Orangen sowie rustikaler Stein transportieren Sie zum Med. F\u00fcgen Sie diese T\u00f6ne durch ein Wasserspiel, Gartensitz oder Esss\u00e4tze oder T\u00f6pfe und Pflanzer hinzu, um einen einfachen, aber beeindruckenden Effekt zu erzielen. &#8218;<\/p>\n<div id=\"slice-container-newsletterForm-articleInbodyContent-En3Ck5NX9frE7RkrCqppD8\" class=\"slice-container newsletter-inbodyContent-slice newsletterForm-articleInbodyContent-En3Ck5NX9frE7RkrCqppD8 slice-container-newsletterForm\"><\/div>\n<figure class=\"van-image-figure inline-layout \" data-bordeaux-image-check>\n<div class=\"image-full-width-wrapper\">\n<div class=\"image-widthsetter\" style=\"max-width:2000px;\"><\/div>\n<\/div>\n<\/figure>\n<p>Sommerbeh\u00e4lter Pflanzer sind das perfekte Schiff, um diese Pflanzen in Ihren Garten zu bringen.<\/p>\n<p>Ali erkl\u00e4rt: &#8218;Italienische Terrakotta -T\u00f6pfe sind perfekt f\u00fcr diesen Gartenstil, da der authentische Ton ein wundersch\u00f6nes, ikonisches, gewaschenes Finish verleiht. Terrakotta-T\u00f6pfe sind nicht nur ein klassisches mediterranes Merkmal, sondern ihre starken Eigenschaften werden sicherstellen, dass Ihr Garten das ganze Jahr \u00fcber einen Hauch des Medikaments hat. &#8218;<\/p>\n<p>Sie f\u00e4hrt fort: &#8222;Sie k\u00f6nnen sogar die T\u00f6pfe mit Kies oder Kieselsteinen \u00fcbertreffen, um den Boden zu verbergen, um visuelles Interesse zu wecken, oder die Bedeckung mit Moos kann auch ein mediterranes Gef\u00fchl verleihen.&#8220;<\/p>\n<hr>\n<p>Der Garten von Salvador Dal\u00ed ist die perfekte Inspiration, um einen atemberaubenden, zeitlosen Au\u00dfenbereich zu schaffen. Wenn die mediterranen G\u00e4rten immer beliebter werden, werden diese Bilder niemals unseren Verstand verlassen.<\/p>\n<hr>\n<\/div>\n","protected":false},"excerpt":{"rendered":"<p>Die Landschaften von Cadaqu\u00e9s, einer Stadt in der Region Kataloniens Spaniens, haben einen besonderen Platz in der Kunstgeschichte. Pablo Picasso, Joan Mir\u00f3, Marcel Duchamp und<\/p>\n","protected":false},"author":1,"featured_media":5563,"comment_status":"closed","ping_status":"","sticky":false,"template":"","format":"standard","meta":{"footnotes":""},"categories":[118],"tags":[7904,7903,9,74,320,7906,469,1215,831,1272,7907,7905,7183,3790,7902,58,3119,2491,504,3421,1440],"class_list":["post-5562","post","type-post","status-publish","format-standard","has-post-thumbnail","hentry","category-haus-garten","tag-60er","tag-dalis","tag-die","tag-eine","tag-garten","tag-generation","tag-haben","tag-inspiriert","tag-jahre","tag-jetzt","tag-kuenstler","tag-landschaften","tag-mediterrane","tag-moderner","tag-salvador","tag-sind","tag-spanischen","tag-terrasse","tag-trend","tag-verkoerpert","tag-wieder","generate-columns","tablet-grid-50","mobile-grid-100","grid-parent","grid-50"],"yoast_head":"<!-- This site is optimized with the Yoast SEO plugin v27.3 - https:\/\/yoast.com\/product\/yoast-seo-wordpress\/ -->\n<title>Salvador Dal\u00eds 60er -Jahre -Terrasse verk\u00f6rpert die spanischen Landschaften, die eine Generation moderner K\u00fcnstler inspiriert haben - jetzt sind mediterrane G\u00e4rten wieder im Trend - Nachrichten - Stra\u00dfenweb<\/title>\n<meta name=\"robots\" content=\"index, follow, max-snippet:-1, max-image-preview:large, max-video-preview:-1\" \/>\n<link rel=\"canonical\" href=\"https:\/\/www.strassenweb.de\/nachrichten\/salvador-dalis-60er-jahre-terrasse-verkoerpert-die-spanischen-landschaften-die-eine-generation-moderner-kuenstler-inspiriert-haben-jetzt-sind-mediterrane-gaerten-wieder-im-trend\/\" \/>\n<meta property=\"og:locale\" content=\"de_DE\" \/>\n<meta property=\"og:type\" content=\"article\" \/>\n<meta property=\"og:title\" content=\"Salvador Dal\u00eds 60er -Jahre -Terrasse verk\u00f6rpert die spanischen Landschaften, die eine Generation moderner K\u00fcnstler inspiriert haben - jetzt sind mediterrane G\u00e4rten wieder im Trend - Nachrichten - Stra\u00dfenweb\" \/>\n<meta property=\"og:description\" content=\"Die Landschaften von Cadaqu\u00e9s, einer Stadt in der Region Kataloniens Spaniens, haben einen besonderen Platz in der Kunstgeschichte. Pablo Picasso, Joan Mir\u00f3, Marcel Duchamp und\" \/>\n<meta property=\"og:url\" content=\"https:\/\/www.strassenweb.de\/nachrichten\/salvador-dalis-60er-jahre-terrasse-verkoerpert-die-spanischen-landschaften-die-eine-generation-moderner-kuenstler-inspiriert-haben-jetzt-sind-mediterrane-gaerten-wieder-im-trend\/\" \/>\n<meta property=\"og:site_name\" content=\"Stra\u00dfenweb\" \/>\n<meta property=\"article:publisher\" content=\"https:\/\/www.facebook.com\/strassenweb\/\" \/>\n<meta property=\"article:published_time\" content=\"2025-06-09T03:40:23+00:00\" \/>\n<meta property=\"article:modified_time\" content=\"2025-06-09T03:40:24+00:00\" \/>\n<meta property=\"og:image\" content=\"https:\/\/www.strassenweb.de\/nachrichten\/wp-content\/uploads\/2025\/06\/mZWDqLiuaCvv29NTHG9v26.jpg\" \/>\n\t<meta property=\"og:image:width\" content=\"1600\" \/>\n\t<meta property=\"og:image:height\" content=\"900\" \/>\n\t<meta property=\"og:image:type\" content=\"image\/jpeg\" \/>\n<meta name=\"author\" content=\"Robert Hoffmann\" \/>\n<meta name=\"twitter:card\" content=\"summary_large_image\" \/>\n<meta name=\"twitter:label1\" content=\"Verfasst von\" \/>\n\t<meta name=\"twitter:data1\" content=\"Robert Hoffmann\" \/>\n\t<meta name=\"twitter:label2\" content=\"Gesch\u00e4tzte Lesezeit\" \/>\n\t<meta name=\"twitter:data2\" content=\"3\u00a0Minuten\" \/>\n<script type=\"application\/ld+json\" class=\"yoast-schema-graph\">{\"@context\":\"https:\\\/\\\/schema.org\",\"@graph\":[{\"@type\":\"Article\",\"@id\":\"https:\\\/\\\/www.strassenweb.de\\\/nachrichten\\\/salvador-dalis-60er-jahre-terrasse-verkoerpert-die-spanischen-landschaften-die-eine-generation-moderner-kuenstler-inspiriert-haben-jetzt-sind-mediterrane-gaerten-wieder-im-trend\\\/#article\",\"isPartOf\":{\"@id\":\"https:\\\/\\\/www.strassenweb.de\\\/nachrichten\\\/salvador-dalis-60er-jahre-terrasse-verkoerpert-die-spanischen-landschaften-die-eine-generation-moderner-kuenstler-inspiriert-haben-jetzt-sind-mediterrane-gaerten-wieder-im-trend\\\/\"},\"author\":{\"name\":\"Robert Hoffmann\",\"@id\":\"https:\\\/\\\/www.strassenweb.de\\\/nachrichten\\\/#\\\/schema\\\/person\\\/87c9c9067f1211da429a744dc5a5aa41\"},\"headline\":\"Salvador Dal\u00eds 60er -Jahre -Terrasse verk\u00f6rpert die spanischen Landschaften, die eine Generation moderner K\u00fcnstler inspiriert haben &#8211; jetzt sind mediterrane G\u00e4rten wieder im Trend\",\"datePublished\":\"2025-06-09T03:40:23+00:00\",\"dateModified\":\"2025-06-09T03:40:24+00:00\",\"mainEntityOfPage\":{\"@id\":\"https:\\\/\\\/www.strassenweb.de\\\/nachrichten\\\/salvador-dalis-60er-jahre-terrasse-verkoerpert-die-spanischen-landschaften-die-eine-generation-moderner-kuenstler-inspiriert-haben-jetzt-sind-mediterrane-gaerten-wieder-im-trend\\\/\"},\"wordCount\":577,\"publisher\":{\"@id\":\"https:\\\/\\\/www.strassenweb.de\\\/nachrichten\\\/#organization\"},\"image\":{\"@id\":\"https:\\\/\\\/www.strassenweb.de\\\/nachrichten\\\/salvador-dalis-60er-jahre-terrasse-verkoerpert-die-spanischen-landschaften-die-eine-generation-moderner-kuenstler-inspiriert-haben-jetzt-sind-mediterrane-gaerten-wieder-im-trend\\\/#primaryimage\"},\"thumbnailUrl\":\"https:\\\/\\\/www.strassenweb.de\\\/nachrichten\\\/wp-content\\\/uploads\\\/2025\\\/06\\\/mZWDqLiuaCvv29NTHG9v26.jpg\",\"keywords\":[\"60er\",\"Dal\u00eds\",\"die\",\"eine\",\"Garten\",\"Generation\",\"haben\",\"inspiriert\",\"Jahre\",\"jetzt\",\"K\u00fcnstler\",\"Landschaften\",\"mediterrane\",\"moderner\",\"Salvador\",\"sind\",\"spanischen\",\"Terrasse\",\"Trend\",\"verk\u00f6rpert\",\"wieder\"],\"articleSection\":[\"Haus &amp; Garten\"],\"inLanguage\":\"de\"},{\"@type\":\"WebPage\",\"@id\":\"https:\\\/\\\/www.strassenweb.de\\\/nachrichten\\\/salvador-dalis-60er-jahre-terrasse-verkoerpert-die-spanischen-landschaften-die-eine-generation-moderner-kuenstler-inspiriert-haben-jetzt-sind-mediterrane-gaerten-wieder-im-trend\\\/\",\"url\":\"https:\\\/\\\/www.strassenweb.de\\\/nachrichten\\\/salvador-dalis-60er-jahre-terrasse-verkoerpert-die-spanischen-landschaften-die-eine-generation-moderner-kuenstler-inspiriert-haben-jetzt-sind-mediterrane-gaerten-wieder-im-trend\\\/\",\"name\":\"Salvador Dal\u00eds 60er -Jahre -Terrasse verk\u00f6rpert die spanischen Landschaften, die eine Generation moderner K\u00fcnstler inspiriert haben - jetzt sind mediterrane G\u00e4rten wieder im Trend - Nachrichten - Stra\u00dfenweb\",\"isPartOf\":{\"@id\":\"https:\\\/\\\/www.strassenweb.de\\\/nachrichten\\\/#website\"},\"primaryImageOfPage\":{\"@id\":\"https:\\\/\\\/www.strassenweb.de\\\/nachrichten\\\/salvador-dalis-60er-jahre-terrasse-verkoerpert-die-spanischen-landschaften-die-eine-generation-moderner-kuenstler-inspiriert-haben-jetzt-sind-mediterrane-gaerten-wieder-im-trend\\\/#primaryimage\"},\"image\":{\"@id\":\"https:\\\/\\\/www.strassenweb.de\\\/nachrichten\\\/salvador-dalis-60er-jahre-terrasse-verkoerpert-die-spanischen-landschaften-die-eine-generation-moderner-kuenstler-inspiriert-haben-jetzt-sind-mediterrane-gaerten-wieder-im-trend\\\/#primaryimage\"},\"thumbnailUrl\":\"https:\\\/\\\/www.strassenweb.de\\\/nachrichten\\\/wp-content\\\/uploads\\\/2025\\\/06\\\/mZWDqLiuaCvv29NTHG9v26.jpg\",\"datePublished\":\"2025-06-09T03:40:23+00:00\",\"dateModified\":\"2025-06-09T03:40:24+00:00\",\"breadcrumb\":{\"@id\":\"https:\\\/\\\/www.strassenweb.de\\\/nachrichten\\\/salvador-dalis-60er-jahre-terrasse-verkoerpert-die-spanischen-landschaften-die-eine-generation-moderner-kuenstler-inspiriert-haben-jetzt-sind-mediterrane-gaerten-wieder-im-trend\\\/#breadcrumb\"},\"inLanguage\":\"de\",\"potentialAction\":[{\"@type\":\"ReadAction\",\"target\":[\"https:\\\/\\\/www.strassenweb.de\\\/nachrichten\\\/salvador-dalis-60er-jahre-terrasse-verkoerpert-die-spanischen-landschaften-die-eine-generation-moderner-kuenstler-inspiriert-haben-jetzt-sind-mediterrane-gaerten-wieder-im-trend\\\/\"]}]},{\"@type\":\"ImageObject\",\"inLanguage\":\"de\",\"@id\":\"https:\\\/\\\/www.strassenweb.de\\\/nachrichten\\\/salvador-dalis-60er-jahre-terrasse-verkoerpert-die-spanischen-landschaften-die-eine-generation-moderner-kuenstler-inspiriert-haben-jetzt-sind-mediterrane-gaerten-wieder-im-trend\\\/#primaryimage\",\"url\":\"https:\\\/\\\/www.strassenweb.de\\\/nachrichten\\\/wp-content\\\/uploads\\\/2025\\\/06\\\/mZWDqLiuaCvv29NTHG9v26.jpg\",\"contentUrl\":\"https:\\\/\\\/www.strassenweb.de\\\/nachrichten\\\/wp-content\\\/uploads\\\/2025\\\/06\\\/mZWDqLiuaCvv29NTHG9v26.jpg\",\"width\":1600,\"height\":900,\"caption\":\"Salvador Dali in black and white against a window\"},{\"@type\":\"BreadcrumbList\",\"@id\":\"https:\\\/\\\/www.strassenweb.de\\\/nachrichten\\\/salvador-dalis-60er-jahre-terrasse-verkoerpert-die-spanischen-landschaften-die-eine-generation-moderner-kuenstler-inspiriert-haben-jetzt-sind-mediterrane-gaerten-wieder-im-trend\\\/#breadcrumb\",\"itemListElement\":[{\"@type\":\"ListItem\",\"position\":1,\"name\":\"Home\",\"item\":\"https:\\\/\\\/www.strassenweb.de\\\/nachrichten\\\/\"},{\"@type\":\"ListItem\",\"position\":2,\"name\":\"Salvador Dal\u00eds 60er -Jahre -Terrasse verk\u00f6rpert die spanischen Landschaften, die eine Generation moderner K\u00fcnstler inspiriert haben &#8211; jetzt sind mediterrane G\u00e4rten wieder im Trend\"}]},{\"@type\":\"WebSite\",\"@id\":\"https:\\\/\\\/www.strassenweb.de\\\/nachrichten\\\/#website\",\"url\":\"https:\\\/\\\/www.strassenweb.de\\\/nachrichten\\\/\",\"name\":\"Stra\u00dfenweb\",\"description\":\"Stra\u00dfenverzeichnis f\u00fcr Deutschland\",\"publisher\":{\"@id\":\"https:\\\/\\\/www.strassenweb.de\\\/nachrichten\\\/#organization\"},\"potentialAction\":[{\"@type\":\"SearchAction\",\"target\":{\"@type\":\"EntryPoint\",\"urlTemplate\":\"https:\\\/\\\/www.strassenweb.de\\\/nachrichten\\\/?s={search_term_string}\"},\"query-input\":{\"@type\":\"PropertyValueSpecification\",\"valueRequired\":true,\"valueName\":\"search_term_string\"}}],\"inLanguage\":\"de\"},{\"@type\":\"Organization\",\"@id\":\"https:\\\/\\\/www.strassenweb.de\\\/nachrichten\\\/#organization\",\"name\":\"Stra\u00dfenweb\",\"url\":\"https:\\\/\\\/www.strassenweb.de\\\/nachrichten\\\/\",\"logo\":{\"@type\":\"ImageObject\",\"inLanguage\":\"de\",\"@id\":\"https:\\\/\\\/www.strassenweb.de\\\/nachrichten\\\/#\\\/schema\\\/logo\\\/image\\\/\",\"url\":\"https:\\\/\\\/www.strassenweb.de\\\/nachrichten\\\/wp-content\\\/uploads\\\/2024\\\/09\\\/cropped-favicon.png\",\"contentUrl\":\"https:\\\/\\\/www.strassenweb.de\\\/nachrichten\\\/wp-content\\\/uploads\\\/2024\\\/09\\\/cropped-favicon.png\",\"width\":512,\"height\":512,\"caption\":\"Stra\u00dfenweb\"},\"image\":{\"@id\":\"https:\\\/\\\/www.strassenweb.de\\\/nachrichten\\\/#\\\/schema\\\/logo\\\/image\\\/\"},\"sameAs\":[\"https:\\\/\\\/www.facebook.com\\\/strassenweb\\\/\"]},{\"@type\":\"Person\",\"@id\":\"https:\\\/\\\/www.strassenweb.de\\\/nachrichten\\\/#\\\/schema\\\/person\\\/87c9c9067f1211da429a744dc5a5aa41\",\"name\":\"Robert Hoffmann\",\"image\":{\"@type\":\"ImageObject\",\"inLanguage\":\"de\",\"@id\":\"https:\\\/\\\/www.strassenweb.de\\\/nachrichten\\\/wp-content\\\/uploads\\\/2024\\\/09\\\/strassenweb-150x150.jpg\",\"url\":\"https:\\\/\\\/www.strassenweb.de\\\/nachrichten\\\/wp-content\\\/uploads\\\/2024\\\/09\\\/strassenweb-150x150.jpg\",\"contentUrl\":\"https:\\\/\\\/www.strassenweb.de\\\/nachrichten\\\/wp-content\\\/uploads\\\/2024\\\/09\\\/strassenweb-150x150.jpg\",\"caption\":\"Robert Hoffmann\"},\"description\":\"Ich hei\u00dfe Robert Hoffmann und ich bin ein leidenschaftlicher Verfechter von \u00d6kologie und Biodiversit\u00e4t. Seit meiner Kindheit in den W\u00e4ldern Bayerns f\u00fchle ich mich mit der Natur verbunden und bin entschlossen, sie zu sch\u00fctzen. Heute widme ich mein Leben der Sensibilisierung anderer f\u00fcr die Bedeutung des Umweltschutzes f\u00fcr zuk\u00fcnftige Generationen.\",\"sameAs\":[\"https:\\\/\\\/www.strassenweb.de\\\/\"]}]}<\/script>\n<!-- \/ Yoast SEO plugin. -->","yoast_head_json":{"title":"Salvador Dal\u00eds 60er -Jahre -Terrasse verk\u00f6rpert die spanischen Landschaften, die eine Generation moderner K\u00fcnstler inspiriert haben - jetzt sind mediterrane G\u00e4rten wieder im Trend - Nachrichten - Stra\u00dfenweb","robots":{"index":"index","follow":"follow","max-snippet":"max-snippet:-1","max-image-preview":"max-image-preview:large","max-video-preview":"max-video-preview:-1"},"canonical":"https:\/\/www.strassenweb.de\/nachrichten\/salvador-dalis-60er-jahre-terrasse-verkoerpert-die-spanischen-landschaften-die-eine-generation-moderner-kuenstler-inspiriert-haben-jetzt-sind-mediterrane-gaerten-wieder-im-trend\/","og_locale":"de_DE","og_type":"article","og_title":"Salvador Dal\u00eds 60er -Jahre -Terrasse verk\u00f6rpert die spanischen Landschaften, die eine Generation moderner K\u00fcnstler inspiriert haben - jetzt sind mediterrane G\u00e4rten wieder im Trend - Nachrichten - Stra\u00dfenweb","og_description":"Die Landschaften von Cadaqu\u00e9s, einer Stadt in der Region Kataloniens Spaniens, haben einen besonderen Platz in der Kunstgeschichte. Pablo Picasso, Joan Mir\u00f3, Marcel Duchamp und","og_url":"https:\/\/www.strassenweb.de\/nachrichten\/salvador-dalis-60er-jahre-terrasse-verkoerpert-die-spanischen-landschaften-die-eine-generation-moderner-kuenstler-inspiriert-haben-jetzt-sind-mediterrane-gaerten-wieder-im-trend\/","og_site_name":"Stra\u00dfenweb","article_publisher":"https:\/\/www.facebook.com\/strassenweb\/","article_published_time":"2025-06-09T03:40:23+00:00","article_modified_time":"2025-06-09T03:40:24+00:00","og_image":[{"width":1600,"height":900,"url":"https:\/\/www.strassenweb.de\/nachrichten\/wp-content\/uploads\/2025\/06\/mZWDqLiuaCvv29NTHG9v26.jpg","type":"image\/jpeg"}],"author":"Robert Hoffmann","twitter_card":"summary_large_image","twitter_misc":{"Verfasst von":"Robert Hoffmann","Gesch\u00e4tzte Lesezeit":"3\u00a0Minuten"},"schema":{"@context":"https:\/\/schema.org","@graph":[{"@type":"Article","@id":"https:\/\/www.strassenweb.de\/nachrichten\/salvador-dalis-60er-jahre-terrasse-verkoerpert-die-spanischen-landschaften-die-eine-generation-moderner-kuenstler-inspiriert-haben-jetzt-sind-mediterrane-gaerten-wieder-im-trend\/#article","isPartOf":{"@id":"https:\/\/www.strassenweb.de\/nachrichten\/salvador-dalis-60er-jahre-terrasse-verkoerpert-die-spanischen-landschaften-die-eine-generation-moderner-kuenstler-inspiriert-haben-jetzt-sind-mediterrane-gaerten-wieder-im-trend\/"},"author":{"name":"Robert Hoffmann","@id":"https:\/\/www.strassenweb.de\/nachrichten\/#\/schema\/person\/87c9c9067f1211da429a744dc5a5aa41"},"headline":"Salvador Dal\u00eds 60er -Jahre -Terrasse verk\u00f6rpert die spanischen Landschaften, die eine Generation moderner K\u00fcnstler inspiriert haben &#8211; jetzt sind mediterrane G\u00e4rten wieder im Trend","datePublished":"2025-06-09T03:40:23+00:00","dateModified":"2025-06-09T03:40:24+00:00","mainEntityOfPage":{"@id":"https:\/\/www.strassenweb.de\/nachrichten\/salvador-dalis-60er-jahre-terrasse-verkoerpert-die-spanischen-landschaften-die-eine-generation-moderner-kuenstler-inspiriert-haben-jetzt-sind-mediterrane-gaerten-wieder-im-trend\/"},"wordCount":577,"publisher":{"@id":"https:\/\/www.strassenweb.de\/nachrichten\/#organization"},"image":{"@id":"https:\/\/www.strassenweb.de\/nachrichten\/salvador-dalis-60er-jahre-terrasse-verkoerpert-die-spanischen-landschaften-die-eine-generation-moderner-kuenstler-inspiriert-haben-jetzt-sind-mediterrane-gaerten-wieder-im-trend\/#primaryimage"},"thumbnailUrl":"https:\/\/www.strassenweb.de\/nachrichten\/wp-content\/uploads\/2025\/06\/mZWDqLiuaCvv29NTHG9v26.jpg","keywords":["60er","Dal\u00eds","die","eine","Garten","Generation","haben","inspiriert","Jahre","jetzt","K\u00fcnstler","Landschaften","mediterrane","moderner","Salvador","sind","spanischen","Terrasse","Trend","verk\u00f6rpert","wieder"],"articleSection":["Haus &amp; Garten"],"inLanguage":"de"},{"@type":"WebPage","@id":"https:\/\/www.strassenweb.de\/nachrichten\/salvador-dalis-60er-jahre-terrasse-verkoerpert-die-spanischen-landschaften-die-eine-generation-moderner-kuenstler-inspiriert-haben-jetzt-sind-mediterrane-gaerten-wieder-im-trend\/","url":"https:\/\/www.strassenweb.de\/nachrichten\/salvador-dalis-60er-jahre-terrasse-verkoerpert-die-spanischen-landschaften-die-eine-generation-moderner-kuenstler-inspiriert-haben-jetzt-sind-mediterrane-gaerten-wieder-im-trend\/","name":"Salvador Dal\u00eds 60er -Jahre -Terrasse verk\u00f6rpert die spanischen Landschaften, die eine Generation moderner K\u00fcnstler inspiriert haben - jetzt sind mediterrane G\u00e4rten wieder im Trend - Nachrichten - Stra\u00dfenweb","isPartOf":{"@id":"https:\/\/www.strassenweb.de\/nachrichten\/#website"},"primaryImageOfPage":{"@id":"https:\/\/www.strassenweb.de\/nachrichten\/salvador-dalis-60er-jahre-terrasse-verkoerpert-die-spanischen-landschaften-die-eine-generation-moderner-kuenstler-inspiriert-haben-jetzt-sind-mediterrane-gaerten-wieder-im-trend\/#primaryimage"},"image":{"@id":"https:\/\/www.strassenweb.de\/nachrichten\/salvador-dalis-60er-jahre-terrasse-verkoerpert-die-spanischen-landschaften-die-eine-generation-moderner-kuenstler-inspiriert-haben-jetzt-sind-mediterrane-gaerten-wieder-im-trend\/#primaryimage"},"thumbnailUrl":"https:\/\/www.strassenweb.de\/nachrichten\/wp-content\/uploads\/2025\/06\/mZWDqLiuaCvv29NTHG9v26.jpg","datePublished":"2025-06-09T03:40:23+00:00","dateModified":"2025-06-09T03:40:24+00:00","breadcrumb":{"@id":"https:\/\/www.strassenweb.de\/nachrichten\/salvador-dalis-60er-jahre-terrasse-verkoerpert-die-spanischen-landschaften-die-eine-generation-moderner-kuenstler-inspiriert-haben-jetzt-sind-mediterrane-gaerten-wieder-im-trend\/#breadcrumb"},"inLanguage":"de","potentialAction":[{"@type":"ReadAction","target":["https:\/\/www.strassenweb.de\/nachrichten\/salvador-dalis-60er-jahre-terrasse-verkoerpert-die-spanischen-landschaften-die-eine-generation-moderner-kuenstler-inspiriert-haben-jetzt-sind-mediterrane-gaerten-wieder-im-trend\/"]}]},{"@type":"ImageObject","inLanguage":"de","@id":"https:\/\/www.strassenweb.de\/nachrichten\/salvador-dalis-60er-jahre-terrasse-verkoerpert-die-spanischen-landschaften-die-eine-generation-moderner-kuenstler-inspiriert-haben-jetzt-sind-mediterrane-gaerten-wieder-im-trend\/#primaryimage","url":"https:\/\/www.strassenweb.de\/nachrichten\/wp-content\/uploads\/2025\/06\/mZWDqLiuaCvv29NTHG9v26.jpg","contentUrl":"https:\/\/www.strassenweb.de\/nachrichten\/wp-content\/uploads\/2025\/06\/mZWDqLiuaCvv29NTHG9v26.jpg","width":1600,"height":900,"caption":"Salvador Dali in black and white against a window"},{"@type":"BreadcrumbList","@id":"https:\/\/www.strassenweb.de\/nachrichten\/salvador-dalis-60er-jahre-terrasse-verkoerpert-die-spanischen-landschaften-die-eine-generation-moderner-kuenstler-inspiriert-haben-jetzt-sind-mediterrane-gaerten-wieder-im-trend\/#breadcrumb","itemListElement":[{"@type":"ListItem","position":1,"name":"Home","item":"https:\/\/www.strassenweb.de\/nachrichten\/"},{"@type":"ListItem","position":2,"name":"Salvador Dal\u00eds 60er -Jahre -Terrasse verk\u00f6rpert die spanischen Landschaften, die eine Generation moderner K\u00fcnstler inspiriert haben &#8211; jetzt sind mediterrane G\u00e4rten wieder im Trend"}]},{"@type":"WebSite","@id":"https:\/\/www.strassenweb.de\/nachrichten\/#website","url":"https:\/\/www.strassenweb.de\/nachrichten\/","name":"Stra\u00dfenweb","description":"Stra\u00dfenverzeichnis f\u00fcr Deutschland","publisher":{"@id":"https:\/\/www.strassenweb.de\/nachrichten\/#organization"},"potentialAction":[{"@type":"SearchAction","target":{"@type":"EntryPoint","urlTemplate":"https:\/\/www.strassenweb.de\/nachrichten\/?s={search_term_string}"},"query-input":{"@type":"PropertyValueSpecification","valueRequired":true,"valueName":"search_term_string"}}],"inLanguage":"de"},{"@type":"Organization","@id":"https:\/\/www.strassenweb.de\/nachrichten\/#organization","name":"Stra\u00dfenweb","url":"https:\/\/www.strassenweb.de\/nachrichten\/","logo":{"@type":"ImageObject","inLanguage":"de","@id":"https:\/\/www.strassenweb.de\/nachrichten\/#\/schema\/logo\/image\/","url":"https:\/\/www.strassenweb.de\/nachrichten\/wp-content\/uploads\/2024\/09\/cropped-favicon.png","contentUrl":"https:\/\/www.strassenweb.de\/nachrichten\/wp-content\/uploads\/2024\/09\/cropped-favicon.png","width":512,"height":512,"caption":"Stra\u00dfenweb"},"image":{"@id":"https:\/\/www.strassenweb.de\/nachrichten\/#\/schema\/logo\/image\/"},"sameAs":["https:\/\/www.facebook.com\/strassenweb\/"]},{"@type":"Person","@id":"https:\/\/www.strassenweb.de\/nachrichten\/#\/schema\/person\/87c9c9067f1211da429a744dc5a5aa41","name":"Robert Hoffmann","image":{"@type":"ImageObject","inLanguage":"de","@id":"https:\/\/www.strassenweb.de\/nachrichten\/wp-content\/uploads\/2024\/09\/strassenweb-150x150.jpg","url":"https:\/\/www.strassenweb.de\/nachrichten\/wp-content\/uploads\/2024\/09\/strassenweb-150x150.jpg","contentUrl":"https:\/\/www.strassenweb.de\/nachrichten\/wp-content\/uploads\/2024\/09\/strassenweb-150x150.jpg","caption":"Robert Hoffmann"},"description":"Ich hei\u00dfe Robert Hoffmann und ich bin ein leidenschaftlicher Verfechter von \u00d6kologie und Biodiversit\u00e4t. Seit meiner Kindheit in den W\u00e4ldern Bayerns f\u00fchle ich mich mit der Natur verbunden und bin entschlossen, sie zu sch\u00fctzen. Heute widme ich mein Leben der Sensibilisierung anderer f\u00fcr die Bedeutung des Umweltschutzes f\u00fcr zuk\u00fcnftige Generationen.","sameAs":["https:\/\/www.strassenweb.de\/"]}]}},"_links":{"self":[{"href":"https:\/\/www.strassenweb.de\/nachrichten\/wp-json\/wp\/v2\/posts\/5562","targetHints":{"allow":["GET"]}}],"collection":[{"href":"https:\/\/www.strassenweb.de\/nachrichten\/wp-json\/wp\/v2\/posts"}],"about":[{"href":"https:\/\/www.strassenweb.de\/nachrichten\/wp-json\/wp\/v2\/types\/post"}],"author":[{"embeddable":true,"href":"https:\/\/www.strassenweb.de\/nachrichten\/wp-json\/wp\/v2\/users\/1"}],"replies":[{"embeddable":true,"href":"https:\/\/www.strassenweb.de\/nachrichten\/wp-json\/wp\/v2\/comments?post=5562"}],"version-history":[{"count":0,"href":"https:\/\/www.strassenweb.de\/nachrichten\/wp-json\/wp\/v2\/posts\/5562\/revisions"}],"wp:featuredmedia":[{"embeddable":true,"href":"https:\/\/www.strassenweb.de\/nachrichten\/wp-json\/wp\/v2\/media\/5563"}],"wp:attachment":[{"href":"https:\/\/www.strassenweb.de\/nachrichten\/wp-json\/wp\/v2\/media?parent=5562"}],"wp:term":[{"taxonomy":"category","embeddable":true,"href":"https:\/\/www.strassenweb.de\/nachrichten\/wp-json\/wp\/v2\/categories?post=5562"},{"taxonomy":"post_tag","embeddable":true,"href":"https:\/\/www.strassenweb.de\/nachrichten\/wp-json\/wp\/v2\/tags?post=5562"}],"curies":[{"name":"wp","href":"https:\/\/api.w.org\/{rel}","templated":true}]}}