{"id":547,"date":"2024-10-03T05:39:40","date_gmt":"2024-10-03T03:39:40","guid":{"rendered":"https:\/\/www.strassenweb.de\/nachrichten\/der-nationale-aktionstag-gegen-die-dachs-toetung-ist-fuer-dienstag-den-3-september-2024-ausgerufen\/"},"modified":"2024-10-03T05:39:41","modified_gmt":"2024-10-03T03:39:41","slug":"der-nationale-aktionstag-gegen-die-dachs-toetung-ist-fuer-dienstag-den-3-september-2024-ausgerufen","status":"publish","type":"post","link":"https:\/\/www.strassenweb.de\/nachrichten\/der-nationale-aktionstag-gegen-die-dachs-toetung-ist-fuer-dienstag-den-3-september-2024-ausgerufen\/","title":{"rendered":"Der Nationale Aktionstag gegen die Dachs-T\u00f6tung ist f\u00fcr Dienstag, den 3. September 2024, ausgerufen"},"content":{"rendered":"<p><strong>W\u00e4hrend das intensive Massaker wieder beginnt, wird eine Massenlobby von Abgeordneten einer Demonstration vor dem Parlament und mehreren Pr\u00e4sentationen von Petitionen gegen die Abschlachtung bei der Defra folgen.  <\/strong><\/p>\n<p>Badger Trust und unsere Verb\u00fcndeten planen am Dienstag, den 3. September 2024, einen nationalen Aktionstag gegen die Dachs-T\u00f6tung.<\/p>\n<p>Wildtiergruppen im gesamten Vereinigten K\u00f6nigreich werden in einer kraftvollen Demonstration ihrer Einigkeit zusammenkommen und die neue Regierung auffordern, die Abschlachtungen zu beenden, da die intensive T\u00f6tung von Dachsen wieder beginnt. <\/p>\n<p>Rindertuberkulose ist ein Rinderproblem, und die L\u00f6sungen liegen in der Herde und nicht darin, den Dachsen die Schuld zu geben. \u00dcber 230.000 Dachse wurden bereits get\u00f6tet und die erste Septemberwoche markiert den Beginn einer weiteren intensiven T\u00f6tungssaison. Die Dringlichkeit dieser Situation kann nicht genug betont werden. Dieses ineffektive und unethische T\u00f6ten von Dachsen muss sofort beendet werden.<\/p>\n<h2 class=\"wp-block-heading\">Was passiert am Dienstag, 3. September?<\/h2>\n<p>Am Morgen des 3. September werden wir zusammen mit unseren Verb\u00fcndeten dem Defra-Au\u00dfenminister Steve Reed MP in den Defra-B\u00fcros Petitionen mit Tausenden von Namen \u00fcberreichen, die ein Ende der T\u00f6tung fordern.<\/p>\n<p>Von 11 bis 14 Uhr versammeln sich die Unterst\u00fctzer auf dem Parliament Square, wo wir eine friedliche Demonstration gegen die Dachs-T\u00f6tung abhalten werden. <\/p>\n<p>Ab 13.30 Uhr werden Unterst\u00fctzer in einer Massenlobby von Abgeordneten das Parlament betreten und ein sofortiges Ende der wirkungslosen und unethischen Keulung fordern. <\/p>\n<p>Wir freuen uns \u00fcber Menschen, die am 3. in London zu uns kommen, aber wenn Sie es nicht schaffen, dann vereinbaren Sie bitte in dieser Woche einen Termin mit Ihrem neu gew\u00e4hlten Abgeordneten, um ihm mitzuteilen, dass Sie und die Mehrheit der britischen Bev\u00f6lkerung eine sofortige Einigung w\u00fcnschen Schluss mit dem grausamen Dachsmord.  <\/p>\n<h2 class=\"wp-block-heading\">Gemeinsam m\u00fcssen wir die Keulung beenden.<\/h2>\n<p>Peter Hambly, Gesch\u00e4ftsf\u00fchrer von Badger Trust, kommentierte: \u201eBadger Trust und unsere Verb\u00fcndeten hoffen, dass dieser Tag nicht n\u00f6tig ist. Wir m\u00f6chten, dass die Labour-Regierung der Aussage in ihrem eigenen Manifest folgt und diese \u201ewirkungslose Dachsbek\u00e4mpfung\u201c stoppt.  <\/p>\n<p>Es ist moralisch, wissenschaftlich und finanziell nicht vertretbar, das Schlachten von Dachsen im Rahmen bereits bestehender T\u00f6tungslizenzen bis Januar 2026 zuzulassen, wenn sie bereits wissen, dass die T\u00f6tung wirkungslos ist. Das T\u00f6ten wilder Tiere, um m\u00e4chtige Lobbygruppen zu bes\u00e4nftigen, sollte die Wissenschaft nicht \u00fcbertrumpfen.<\/p>\n<p>Es ist nicht die Schuld der Dachse; Sie sind S\u00fcndenb\u00f6cke f\u00fcr eine gescheiterte Politik zur Bek\u00e4mpfung des Problems der Ausbreitung von Krankheiten von Rind zu Rind in England. Diese neue Regierung hat die Macht, das zu \u00e4ndern. \u00dcber ein Jahrzehnt der T\u00f6tungen unter der Vorg\u00e4ngerregierung hatte kaum Auswirkungen auf die unaufhaltsame Ausbreitung der Rindertuberkulose bei K\u00fchen, und daher muss dieses katastrophale Abschlachten gesch\u00fctzter Dachse aufh\u00f6ren.   <\/p>\n<p>Der September markiert den Beginn einer weiteren intensiven Keulung, bei der Tausende von Dachsen auf den Feldern in ganz England Gefahr laufen, erschossen zu werden.  Die neue Regierung muss die T\u00f6tung entschieden beenden, und zwar jetzt.\u201c<\/p>\n<p>Weitere Informationen zum Aktionstag finden Sie unter Badgertrust.org.uk<\/p>\n","protected":false},"excerpt":{"rendered":"<p>W\u00e4hrend das intensive Massaker wieder beginnt, wird eine Massenlobby von Abgeordneten einer Demonstration vor dem Parlament und mehreren Pr\u00e4sentationen von Petitionen gegen die Abschlachtung bei<\/p>\n","protected":false},"author":1,"featured_media":222,"comment_status":"closed","ping_status":"","sticky":false,"template":"","format":"standard","meta":{"footnotes":""},"categories":[101],"tags":[288,1081,1080,78,81,9,454,55,294,15,1079,92],"class_list":["post-547","post","type-post","status-publish","format-standard","has-post-thumbnail","hentry","category-oekologie","tag-aktionstag","tag-ausgerufen","tag-dachstoetung","tag-den","tag-der","tag-die","tag-dienstag","tag-fuer","tag-gegen","tag-ist","tag-nationale","tag-september","generate-columns","tablet-grid-50","mobile-grid-100","grid-parent","grid-50"],"yoast_head":"<!-- This site is optimized with the Yoast SEO plugin v27.3 - https:\/\/yoast.com\/product\/yoast-seo-wordpress\/ -->\n<title>Der Nationale Aktionstag gegen die Dachs-T\u00f6tung ist f\u00fcr Dienstag, den 3. September 2024, ausgerufen - Nachrichten - Stra\u00dfenweb<\/title>\n<meta name=\"robots\" content=\"index, follow, max-snippet:-1, max-image-preview:large, max-video-preview:-1\" \/>\n<link rel=\"canonical\" href=\"https:\/\/www.strassenweb.de\/nachrichten\/der-nationale-aktionstag-gegen-die-dachs-toetung-ist-fuer-dienstag-den-3-september-2024-ausgerufen\/\" \/>\n<meta property=\"og:locale\" content=\"de_DE\" \/>\n<meta property=\"og:type\" content=\"article\" \/>\n<meta property=\"og:title\" content=\"Der Nationale Aktionstag gegen die Dachs-T\u00f6tung ist f\u00fcr Dienstag, den 3. September 2024, ausgerufen - Nachrichten - Stra\u00dfenweb\" \/>\n<meta property=\"og:description\" content=\"W\u00e4hrend das intensive Massaker wieder beginnt, wird eine Massenlobby von Abgeordneten einer Demonstration vor dem Parlament und mehreren Pr\u00e4sentationen von Petitionen gegen die Abschlachtung bei\" \/>\n<meta property=\"og:url\" content=\"https:\/\/www.strassenweb.de\/nachrichten\/der-nationale-aktionstag-gegen-die-dachs-toetung-ist-fuer-dienstag-den-3-september-2024-ausgerufen\/\" \/>\n<meta property=\"og:site_name\" content=\"Stra\u00dfenweb\" \/>\n<meta property=\"article:publisher\" content=\"https:\/\/www.facebook.com\/strassenweb\/\" \/>\n<meta property=\"article:published_time\" content=\"2024-10-03T03:39:40+00:00\" \/>\n<meta property=\"article:modified_time\" content=\"2024-10-03T03:39:41+00:00\" \/>\n<meta property=\"og:image\" content=\"https:\/\/www.strassenweb.de\/nachrichten\/wp-content\/uploads\/2024\/09\/INFORMATIONEN-ZUR-DEMONSTRATION-ZUR-BEENDIGUNG-DER-DACHS-ABSCHLUSS-AM-DIENSTAG-3.jpg\" \/>\n\t<meta property=\"og:image:width\" content=\"900\" \/>\n\t<meta property=\"og:image:height\" content=\"600\" \/>\n\t<meta property=\"og:image:type\" content=\"image\/jpeg\" \/>\n<meta name=\"author\" content=\"Robert Hoffmann\" \/>\n<meta name=\"twitter:card\" content=\"summary_large_image\" \/>\n<meta name=\"twitter:label1\" content=\"Verfasst von\" \/>\n\t<meta name=\"twitter:data1\" content=\"Robert Hoffmann\" \/>\n\t<meta name=\"twitter:label2\" content=\"Gesch\u00e4tzte Lesezeit\" \/>\n\t<meta name=\"twitter:data2\" content=\"2\u00a0Minuten\" \/>\n<script type=\"application\/ld+json\" class=\"yoast-schema-graph\">{\"@context\":\"https:\\\/\\\/schema.org\",\"@graph\":[{\"@type\":\"Article\",\"@id\":\"https:\\\/\\\/www.strassenweb.de\\\/nachrichten\\\/der-nationale-aktionstag-gegen-die-dachs-toetung-ist-fuer-dienstag-den-3-september-2024-ausgerufen\\\/#article\",\"isPartOf\":{\"@id\":\"https:\\\/\\\/www.strassenweb.de\\\/nachrichten\\\/der-nationale-aktionstag-gegen-die-dachs-toetung-ist-fuer-dienstag-den-3-september-2024-ausgerufen\\\/\"},\"author\":{\"name\":\"Robert Hoffmann\",\"@id\":\"https:\\\/\\\/www.strassenweb.de\\\/nachrichten\\\/#\\\/schema\\\/person\\\/87c9c9067f1211da429a744dc5a5aa41\"},\"headline\":\"Der Nationale Aktionstag gegen die Dachs-T\u00f6tung ist f\u00fcr Dienstag, den 3. September 2024, ausgerufen\",\"datePublished\":\"2024-10-03T03:39:40+00:00\",\"dateModified\":\"2024-10-03T03:39:41+00:00\",\"mainEntityOfPage\":{\"@id\":\"https:\\\/\\\/www.strassenweb.de\\\/nachrichten\\\/der-nationale-aktionstag-gegen-die-dachs-toetung-ist-fuer-dienstag-den-3-september-2024-ausgerufen\\\/\"},\"wordCount\":512,\"publisher\":{\"@id\":\"https:\\\/\\\/www.strassenweb.de\\\/nachrichten\\\/#organization\"},\"image\":{\"@id\":\"https:\\\/\\\/www.strassenweb.de\\\/nachrichten\\\/der-nationale-aktionstag-gegen-die-dachs-toetung-ist-fuer-dienstag-den-3-september-2024-ausgerufen\\\/#primaryimage\"},\"thumbnailUrl\":\"https:\\\/\\\/www.strassenweb.de\\\/nachrichten\\\/wp-content\\\/uploads\\\/2024\\\/09\\\/INFORMATIONEN-ZUR-DEMONSTRATION-ZUR-BEENDIGUNG-DER-DACHS-ABSCHLUSS-AM-DIENSTAG-3.jpg\",\"keywords\":[\"Aktionstag\",\"ausgerufen\",\"DachsT\u00f6tung\",\"den\",\"der\",\"die\",\"DIENSTAG\",\"f\u00fcr\",\"gegen\",\"ist\",\"Nationale\",\"September\"],\"articleSection\":[\"\u00d6kologie\"],\"inLanguage\":\"de\"},{\"@type\":\"WebPage\",\"@id\":\"https:\\\/\\\/www.strassenweb.de\\\/nachrichten\\\/der-nationale-aktionstag-gegen-die-dachs-toetung-ist-fuer-dienstag-den-3-september-2024-ausgerufen\\\/\",\"url\":\"https:\\\/\\\/www.strassenweb.de\\\/nachrichten\\\/der-nationale-aktionstag-gegen-die-dachs-toetung-ist-fuer-dienstag-den-3-september-2024-ausgerufen\\\/\",\"name\":\"Der Nationale Aktionstag gegen die Dachs-T\u00f6tung ist f\u00fcr Dienstag, den 3. September 2024, ausgerufen - Nachrichten - Stra\u00dfenweb\",\"isPartOf\":{\"@id\":\"https:\\\/\\\/www.strassenweb.de\\\/nachrichten\\\/#website\"},\"primaryImageOfPage\":{\"@id\":\"https:\\\/\\\/www.strassenweb.de\\\/nachrichten\\\/der-nationale-aktionstag-gegen-die-dachs-toetung-ist-fuer-dienstag-den-3-september-2024-ausgerufen\\\/#primaryimage\"},\"image\":{\"@id\":\"https:\\\/\\\/www.strassenweb.de\\\/nachrichten\\\/der-nationale-aktionstag-gegen-die-dachs-toetung-ist-fuer-dienstag-den-3-september-2024-ausgerufen\\\/#primaryimage\"},\"thumbnailUrl\":\"https:\\\/\\\/www.strassenweb.de\\\/nachrichten\\\/wp-content\\\/uploads\\\/2024\\\/09\\\/INFORMATIONEN-ZUR-DEMONSTRATION-ZUR-BEENDIGUNG-DER-DACHS-ABSCHLUSS-AM-DIENSTAG-3.jpg\",\"datePublished\":\"2024-10-03T03:39:40+00:00\",\"dateModified\":\"2024-10-03T03:39:41+00:00\",\"breadcrumb\":{\"@id\":\"https:\\\/\\\/www.strassenweb.de\\\/nachrichten\\\/der-nationale-aktionstag-gegen-die-dachs-toetung-ist-fuer-dienstag-den-3-september-2024-ausgerufen\\\/#breadcrumb\"},\"inLanguage\":\"de\",\"potentialAction\":[{\"@type\":\"ReadAction\",\"target\":[\"https:\\\/\\\/www.strassenweb.de\\\/nachrichten\\\/der-nationale-aktionstag-gegen-die-dachs-toetung-ist-fuer-dienstag-den-3-september-2024-ausgerufen\\\/\"]}]},{\"@type\":\"ImageObject\",\"inLanguage\":\"de\",\"@id\":\"https:\\\/\\\/www.strassenweb.de\\\/nachrichten\\\/der-nationale-aktionstag-gegen-die-dachs-toetung-ist-fuer-dienstag-den-3-september-2024-ausgerufen\\\/#primaryimage\",\"url\":\"https:\\\/\\\/www.strassenweb.de\\\/nachrichten\\\/wp-content\\\/uploads\\\/2024\\\/09\\\/INFORMATIONEN-ZUR-DEMONSTRATION-ZUR-BEENDIGUNG-DER-DACHS-ABSCHLUSS-AM-DIENSTAG-3.jpg\",\"contentUrl\":\"https:\\\/\\\/www.strassenweb.de\\\/nachrichten\\\/wp-content\\\/uploads\\\/2024\\\/09\\\/INFORMATIONEN-ZUR-DEMONSTRATION-ZUR-BEENDIGUNG-DER-DACHS-ABSCHLUSS-AM-DIENSTAG-3.jpg\",\"width\":900,\"height\":600,\"caption\":\"National Day of Action Against the Badger Cull called for Tuesday, 3 September 2024\"},{\"@type\":\"BreadcrumbList\",\"@id\":\"https:\\\/\\\/www.strassenweb.de\\\/nachrichten\\\/der-nationale-aktionstag-gegen-die-dachs-toetung-ist-fuer-dienstag-den-3-september-2024-ausgerufen\\\/#breadcrumb\",\"itemListElement\":[{\"@type\":\"ListItem\",\"position\":1,\"name\":\"Home\",\"item\":\"https:\\\/\\\/www.strassenweb.de\\\/nachrichten\\\/\"},{\"@type\":\"ListItem\",\"position\":2,\"name\":\"Der Nationale Aktionstag gegen die Dachs-T\u00f6tung ist f\u00fcr Dienstag, den 3. September 2024, ausgerufen\"}]},{\"@type\":\"WebSite\",\"@id\":\"https:\\\/\\\/www.strassenweb.de\\\/nachrichten\\\/#website\",\"url\":\"https:\\\/\\\/www.strassenweb.de\\\/nachrichten\\\/\",\"name\":\"Stra\u00dfenweb\",\"description\":\"Stra\u00dfenverzeichnis f\u00fcr Deutschland\",\"publisher\":{\"@id\":\"https:\\\/\\\/www.strassenweb.de\\\/nachrichten\\\/#organization\"},\"potentialAction\":[{\"@type\":\"SearchAction\",\"target\":{\"@type\":\"EntryPoint\",\"urlTemplate\":\"https:\\\/\\\/www.strassenweb.de\\\/nachrichten\\\/?s={search_term_string}\"},\"query-input\":{\"@type\":\"PropertyValueSpecification\",\"valueRequired\":true,\"valueName\":\"search_term_string\"}}],\"inLanguage\":\"de\"},{\"@type\":\"Organization\",\"@id\":\"https:\\\/\\\/www.strassenweb.de\\\/nachrichten\\\/#organization\",\"name\":\"Stra\u00dfenweb\",\"url\":\"https:\\\/\\\/www.strassenweb.de\\\/nachrichten\\\/\",\"logo\":{\"@type\":\"ImageObject\",\"inLanguage\":\"de\",\"@id\":\"https:\\\/\\\/www.strassenweb.de\\\/nachrichten\\\/#\\\/schema\\\/logo\\\/image\\\/\",\"url\":\"https:\\\/\\\/www.strassenweb.de\\\/nachrichten\\\/wp-content\\\/uploads\\\/2024\\\/09\\\/cropped-favicon.png\",\"contentUrl\":\"https:\\\/\\\/www.strassenweb.de\\\/nachrichten\\\/wp-content\\\/uploads\\\/2024\\\/09\\\/cropped-favicon.png\",\"width\":512,\"height\":512,\"caption\":\"Stra\u00dfenweb\"},\"image\":{\"@id\":\"https:\\\/\\\/www.strassenweb.de\\\/nachrichten\\\/#\\\/schema\\\/logo\\\/image\\\/\"},\"sameAs\":[\"https:\\\/\\\/www.facebook.com\\\/strassenweb\\\/\"]},{\"@type\":\"Person\",\"@id\":\"https:\\\/\\\/www.strassenweb.de\\\/nachrichten\\\/#\\\/schema\\\/person\\\/87c9c9067f1211da429a744dc5a5aa41\",\"name\":\"Robert Hoffmann\",\"image\":{\"@type\":\"ImageObject\",\"inLanguage\":\"de\",\"@id\":\"https:\\\/\\\/www.strassenweb.de\\\/nachrichten\\\/wp-content\\\/uploads\\\/2024\\\/09\\\/strassenweb-150x150.jpg\",\"url\":\"https:\\\/\\\/www.strassenweb.de\\\/nachrichten\\\/wp-content\\\/uploads\\\/2024\\\/09\\\/strassenweb-150x150.jpg\",\"contentUrl\":\"https:\\\/\\\/www.strassenweb.de\\\/nachrichten\\\/wp-content\\\/uploads\\\/2024\\\/09\\\/strassenweb-150x150.jpg\",\"caption\":\"Robert Hoffmann\"},\"description\":\"Ich hei\u00dfe Robert Hoffmann und ich bin ein leidenschaftlicher Verfechter von \u00d6kologie und Biodiversit\u00e4t. Seit meiner Kindheit in den W\u00e4ldern Bayerns f\u00fchle ich mich mit der Natur verbunden und bin entschlossen, sie zu sch\u00fctzen. Heute widme ich mein Leben der Sensibilisierung anderer f\u00fcr die Bedeutung des Umweltschutzes f\u00fcr zuk\u00fcnftige Generationen.\",\"sameAs\":[\"https:\\\/\\\/www.strassenweb.de\\\/\"]}]}<\/script>\n<!-- \/ Yoast SEO plugin. -->","yoast_head_json":{"title":"Der Nationale Aktionstag gegen die Dachs-T\u00f6tung ist f\u00fcr Dienstag, den 3. September 2024, ausgerufen - Nachrichten - Stra\u00dfenweb","robots":{"index":"index","follow":"follow","max-snippet":"max-snippet:-1","max-image-preview":"max-image-preview:large","max-video-preview":"max-video-preview:-1"},"canonical":"https:\/\/www.strassenweb.de\/nachrichten\/der-nationale-aktionstag-gegen-die-dachs-toetung-ist-fuer-dienstag-den-3-september-2024-ausgerufen\/","og_locale":"de_DE","og_type":"article","og_title":"Der Nationale Aktionstag gegen die Dachs-T\u00f6tung ist f\u00fcr Dienstag, den 3. September 2024, ausgerufen - Nachrichten - Stra\u00dfenweb","og_description":"W\u00e4hrend das intensive Massaker wieder beginnt, wird eine Massenlobby von Abgeordneten einer Demonstration vor dem Parlament und mehreren Pr\u00e4sentationen von Petitionen gegen die Abschlachtung bei","og_url":"https:\/\/www.strassenweb.de\/nachrichten\/der-nationale-aktionstag-gegen-die-dachs-toetung-ist-fuer-dienstag-den-3-september-2024-ausgerufen\/","og_site_name":"Stra\u00dfenweb","article_publisher":"https:\/\/www.facebook.com\/strassenweb\/","article_published_time":"2024-10-03T03:39:40+00:00","article_modified_time":"2024-10-03T03:39:41+00:00","og_image":[{"width":900,"height":600,"url":"https:\/\/www.strassenweb.de\/nachrichten\/wp-content\/uploads\/2024\/09\/INFORMATIONEN-ZUR-DEMONSTRATION-ZUR-BEENDIGUNG-DER-DACHS-ABSCHLUSS-AM-DIENSTAG-3.jpg","type":"image\/jpeg"}],"author":"Robert Hoffmann","twitter_card":"summary_large_image","twitter_misc":{"Verfasst von":"Robert Hoffmann","Gesch\u00e4tzte Lesezeit":"2\u00a0Minuten"},"schema":{"@context":"https:\/\/schema.org","@graph":[{"@type":"Article","@id":"https:\/\/www.strassenweb.de\/nachrichten\/der-nationale-aktionstag-gegen-die-dachs-toetung-ist-fuer-dienstag-den-3-september-2024-ausgerufen\/#article","isPartOf":{"@id":"https:\/\/www.strassenweb.de\/nachrichten\/der-nationale-aktionstag-gegen-die-dachs-toetung-ist-fuer-dienstag-den-3-september-2024-ausgerufen\/"},"author":{"name":"Robert Hoffmann","@id":"https:\/\/www.strassenweb.de\/nachrichten\/#\/schema\/person\/87c9c9067f1211da429a744dc5a5aa41"},"headline":"Der Nationale Aktionstag gegen die Dachs-T\u00f6tung ist f\u00fcr Dienstag, den 3. September 2024, ausgerufen","datePublished":"2024-10-03T03:39:40+00:00","dateModified":"2024-10-03T03:39:41+00:00","mainEntityOfPage":{"@id":"https:\/\/www.strassenweb.de\/nachrichten\/der-nationale-aktionstag-gegen-die-dachs-toetung-ist-fuer-dienstag-den-3-september-2024-ausgerufen\/"},"wordCount":512,"publisher":{"@id":"https:\/\/www.strassenweb.de\/nachrichten\/#organization"},"image":{"@id":"https:\/\/www.strassenweb.de\/nachrichten\/der-nationale-aktionstag-gegen-die-dachs-toetung-ist-fuer-dienstag-den-3-september-2024-ausgerufen\/#primaryimage"},"thumbnailUrl":"https:\/\/www.strassenweb.de\/nachrichten\/wp-content\/uploads\/2024\/09\/INFORMATIONEN-ZUR-DEMONSTRATION-ZUR-BEENDIGUNG-DER-DACHS-ABSCHLUSS-AM-DIENSTAG-3.jpg","keywords":["Aktionstag","ausgerufen","DachsT\u00f6tung","den","der","die","DIENSTAG","f\u00fcr","gegen","ist","Nationale","September"],"articleSection":["\u00d6kologie"],"inLanguage":"de"},{"@type":"WebPage","@id":"https:\/\/www.strassenweb.de\/nachrichten\/der-nationale-aktionstag-gegen-die-dachs-toetung-ist-fuer-dienstag-den-3-september-2024-ausgerufen\/","url":"https:\/\/www.strassenweb.de\/nachrichten\/der-nationale-aktionstag-gegen-die-dachs-toetung-ist-fuer-dienstag-den-3-september-2024-ausgerufen\/","name":"Der Nationale Aktionstag gegen die Dachs-T\u00f6tung ist f\u00fcr Dienstag, den 3. September 2024, ausgerufen - Nachrichten - Stra\u00dfenweb","isPartOf":{"@id":"https:\/\/www.strassenweb.de\/nachrichten\/#website"},"primaryImageOfPage":{"@id":"https:\/\/www.strassenweb.de\/nachrichten\/der-nationale-aktionstag-gegen-die-dachs-toetung-ist-fuer-dienstag-den-3-september-2024-ausgerufen\/#primaryimage"},"image":{"@id":"https:\/\/www.strassenweb.de\/nachrichten\/der-nationale-aktionstag-gegen-die-dachs-toetung-ist-fuer-dienstag-den-3-september-2024-ausgerufen\/#primaryimage"},"thumbnailUrl":"https:\/\/www.strassenweb.de\/nachrichten\/wp-content\/uploads\/2024\/09\/INFORMATIONEN-ZUR-DEMONSTRATION-ZUR-BEENDIGUNG-DER-DACHS-ABSCHLUSS-AM-DIENSTAG-3.jpg","datePublished":"2024-10-03T03:39:40+00:00","dateModified":"2024-10-03T03:39:41+00:00","breadcrumb":{"@id":"https:\/\/www.strassenweb.de\/nachrichten\/der-nationale-aktionstag-gegen-die-dachs-toetung-ist-fuer-dienstag-den-3-september-2024-ausgerufen\/#breadcrumb"},"inLanguage":"de","potentialAction":[{"@type":"ReadAction","target":["https:\/\/www.strassenweb.de\/nachrichten\/der-nationale-aktionstag-gegen-die-dachs-toetung-ist-fuer-dienstag-den-3-september-2024-ausgerufen\/"]}]},{"@type":"ImageObject","inLanguage":"de","@id":"https:\/\/www.strassenweb.de\/nachrichten\/der-nationale-aktionstag-gegen-die-dachs-toetung-ist-fuer-dienstag-den-3-september-2024-ausgerufen\/#primaryimage","url":"https:\/\/www.strassenweb.de\/nachrichten\/wp-content\/uploads\/2024\/09\/INFORMATIONEN-ZUR-DEMONSTRATION-ZUR-BEENDIGUNG-DER-DACHS-ABSCHLUSS-AM-DIENSTAG-3.jpg","contentUrl":"https:\/\/www.strassenweb.de\/nachrichten\/wp-content\/uploads\/2024\/09\/INFORMATIONEN-ZUR-DEMONSTRATION-ZUR-BEENDIGUNG-DER-DACHS-ABSCHLUSS-AM-DIENSTAG-3.jpg","width":900,"height":600,"caption":"National Day of Action Against the Badger Cull called for Tuesday, 3 September 2024"},{"@type":"BreadcrumbList","@id":"https:\/\/www.strassenweb.de\/nachrichten\/der-nationale-aktionstag-gegen-die-dachs-toetung-ist-fuer-dienstag-den-3-september-2024-ausgerufen\/#breadcrumb","itemListElement":[{"@type":"ListItem","position":1,"name":"Home","item":"https:\/\/www.strassenweb.de\/nachrichten\/"},{"@type":"ListItem","position":2,"name":"Der Nationale Aktionstag gegen die Dachs-T\u00f6tung ist f\u00fcr Dienstag, den 3. September 2024, ausgerufen"}]},{"@type":"WebSite","@id":"https:\/\/www.strassenweb.de\/nachrichten\/#website","url":"https:\/\/www.strassenweb.de\/nachrichten\/","name":"Stra\u00dfenweb","description":"Stra\u00dfenverzeichnis f\u00fcr Deutschland","publisher":{"@id":"https:\/\/www.strassenweb.de\/nachrichten\/#organization"},"potentialAction":[{"@type":"SearchAction","target":{"@type":"EntryPoint","urlTemplate":"https:\/\/www.strassenweb.de\/nachrichten\/?s={search_term_string}"},"query-input":{"@type":"PropertyValueSpecification","valueRequired":true,"valueName":"search_term_string"}}],"inLanguage":"de"},{"@type":"Organization","@id":"https:\/\/www.strassenweb.de\/nachrichten\/#organization","name":"Stra\u00dfenweb","url":"https:\/\/www.strassenweb.de\/nachrichten\/","logo":{"@type":"ImageObject","inLanguage":"de","@id":"https:\/\/www.strassenweb.de\/nachrichten\/#\/schema\/logo\/image\/","url":"https:\/\/www.strassenweb.de\/nachrichten\/wp-content\/uploads\/2024\/09\/cropped-favicon.png","contentUrl":"https:\/\/www.strassenweb.de\/nachrichten\/wp-content\/uploads\/2024\/09\/cropped-favicon.png","width":512,"height":512,"caption":"Stra\u00dfenweb"},"image":{"@id":"https:\/\/www.strassenweb.de\/nachrichten\/#\/schema\/logo\/image\/"},"sameAs":["https:\/\/www.facebook.com\/strassenweb\/"]},{"@type":"Person","@id":"https:\/\/www.strassenweb.de\/nachrichten\/#\/schema\/person\/87c9c9067f1211da429a744dc5a5aa41","name":"Robert Hoffmann","image":{"@type":"ImageObject","inLanguage":"de","@id":"https:\/\/www.strassenweb.de\/nachrichten\/wp-content\/uploads\/2024\/09\/strassenweb-150x150.jpg","url":"https:\/\/www.strassenweb.de\/nachrichten\/wp-content\/uploads\/2024\/09\/strassenweb-150x150.jpg","contentUrl":"https:\/\/www.strassenweb.de\/nachrichten\/wp-content\/uploads\/2024\/09\/strassenweb-150x150.jpg","caption":"Robert Hoffmann"},"description":"Ich hei\u00dfe Robert Hoffmann und ich bin ein leidenschaftlicher Verfechter von \u00d6kologie und Biodiversit\u00e4t. Seit meiner Kindheit in den W\u00e4ldern Bayerns f\u00fchle ich mich mit der Natur verbunden und bin entschlossen, sie zu sch\u00fctzen. Heute widme ich mein Leben der Sensibilisierung anderer f\u00fcr die Bedeutung des Umweltschutzes f\u00fcr zuk\u00fcnftige Generationen.","sameAs":["https:\/\/www.strassenweb.de\/"]}]}},"_links":{"self":[{"href":"https:\/\/www.strassenweb.de\/nachrichten\/wp-json\/wp\/v2\/posts\/547","targetHints":{"allow":["GET"]}}],"collection":[{"href":"https:\/\/www.strassenweb.de\/nachrichten\/wp-json\/wp\/v2\/posts"}],"about":[{"href":"https:\/\/www.strassenweb.de\/nachrichten\/wp-json\/wp\/v2\/types\/post"}],"author":[{"embeddable":true,"href":"https:\/\/www.strassenweb.de\/nachrichten\/wp-json\/wp\/v2\/users\/1"}],"replies":[{"embeddable":true,"href":"https:\/\/www.strassenweb.de\/nachrichten\/wp-json\/wp\/v2\/comments?post=547"}],"version-history":[{"count":0,"href":"https:\/\/www.strassenweb.de\/nachrichten\/wp-json\/wp\/v2\/posts\/547\/revisions"}],"wp:featuredmedia":[{"embeddable":true,"href":"https:\/\/www.strassenweb.de\/nachrichten\/wp-json\/wp\/v2\/media\/222"}],"wp:attachment":[{"href":"https:\/\/www.strassenweb.de\/nachrichten\/wp-json\/wp\/v2\/media?parent=547"}],"wp:term":[{"taxonomy":"category","embeddable":true,"href":"https:\/\/www.strassenweb.de\/nachrichten\/wp-json\/wp\/v2\/categories?post=547"},{"taxonomy":"post_tag","embeddable":true,"href":"https:\/\/www.strassenweb.de\/nachrichten\/wp-json\/wp\/v2\/tags?post=547"}],"curies":[{"name":"wp","href":"https:\/\/api.w.org\/{rel}","templated":true}]}}