{"id":5465,"date":"2025-06-04T13:40:16","date_gmt":"2025-06-04T11:40:16","guid":{"rendered":"https:\/\/www.strassenweb.de\/nachrichten\/ich-moechte-meinem-sommergarten-ein-sofortiges-strukturelles-interesse-erweitern-aber-keine-zeit-fuer-die-wartung-haben-isabela-merced-hat-die-loesung\/"},"modified":"2025-06-04T13:40:16","modified_gmt":"2025-06-04T11:40:16","slug":"ich-moechte-meinem-sommergarten-ein-sofortiges-strukturelles-interesse-erweitern-aber-keine-zeit-fuer-die-wartung-haben-isabela-merced-hat-die-loesung","status":"publish","type":"post","link":"https:\/\/www.strassenweb.de\/nachrichten\/ich-moechte-meinem-sommergarten-ein-sofortiges-strukturelles-interesse-erweitern-aber-keine-zeit-fuer-die-wartung-haben-isabela-merced-hat-die-loesung\/","title":{"rendered":"Ich m\u00f6chte meinem Sommergarten ein sofortiges strukturelles Interesse erweitern, aber keine Zeit f\u00fcr die Wartung haben &#8211; Isabela Merced hat die L\u00f6sung"},"content":{"rendered":"<p><\/p>\n<div id=\"article-body\" class=\"article__body \">\n<p>Isabela Merced macht m\u00f6glicherweise Schlagzeilen f\u00fcr ihre Rolle in <em>Der letzte von uns<\/em>aber ich bin mehr von ihrem Garten abgelenkt, oder genauer gesagt ihre kluge D\u00fcrre-tolerante Pflanzung.<\/p>\n<div id=\"ad-unit-1\" class=\"ad-unit\"><\/div>\n<p>Die Schauspielerin hat ihre Grenzen mit auff\u00e4lligen Yucca -Pflanzen gef\u00fcllt, von denen die meisten einen tropischen Touch und mutiges strukturelles Interesse in ihren Garten bringen. Das Beste daran? Ihre Technik ist eine der sch\u00f6nsten Ideen f\u00fcr die Wartung, die Sie selbst in den kleinsten G\u00e4rten folgen k\u00f6nnen.<\/p>\n<aside data-block-type=\"embed\" data-render-type=\"fte\" data-skip=\"dealsy\" data-widget-type=\"seasonal\" class=\"hawk-base\"><\/aside>\n<p>W\u00e4hrend Yucca-Pflanzen in ihrer Form auftreten, sind sie f\u00fcr Ihre Umgebung leicht anpassbar, entweder als eigenst\u00e4ndige Pflanze in einem kleinen Garten. Oder wenn Sie mit einem gr\u00f6\u00dferen Raum arbeiten, wie in Isabelas Fall, k\u00f6nnen Sie eine Reihe von Yucca -Pflanzen zusammen gruppieren und eine dramatische Grenze schaffen, die in diesen Sommermonaten (und dar\u00fcber hinaus) eine dramatische Grenze schafft.<\/p>\n<div id=\"desktop-in-article\" class=\"in-article ad-unit\">\n<div id=\"desktop-taboola-mid-article\"><\/div>\n<\/div>\n<div id=\"mobile-in-article\" class=\"in-article ad-unit\">\n<div id=\"mobile-taboola-mid-article\"><\/div>\n<\/div>\n<div class=\"van_vid_carousel\">\n<div class=\"van_vid_carousel__padding\">\n<div class=\"van_vid_carousel__container\"><\/div>\n<\/div>\n<\/div>\n<aside data-component-name=\"Recirculation:ArticleRiver\" data-nosnippet>\n<span class=\"bg-secondary-500 text-white text-lg font-bold uppercase py-1 px-2 leading-(1.625rem) sm:leading-(6px) sm:text-sm\"><\/p>\n<p>Sie m\u00f6gen m\u00f6gen<br \/>\n<\/span><\/p>\n<ul class=\"flex flex-col my-2 list-outside ms-5 bg-none\" data-analytics-id=\"more-about-inline\">\n<li class=\"m-0 mb-2\" name=\"more-about-inline\" data-analytics-id=\"more-about-inline-0\">\n<p>Wenn Sie es hassen, Ihre Pflanzen zu gie\u00dfen, hilft Kevin Bacon und Kyra Sedgwicks pflegeleichte Pflanztechnik-und es sieht auch wundersch\u00f6n aus<\/p>\n<\/li>\n<li class=\"m-0 mb-2\" name=\"more-about-inline\" data-analytics-id=\"more-about-inline-1\">\n<p>Beste Pflanzen f\u00fcr einen minimalistischen Garten &#8211; 9 Sorten, um Struktur, Raum und Gelassenheit zu schaffen<\/p>\n<\/li>\n<li class=\"m-0 mb-2\" name=\"more-about-inline\" data-analytics-id=\"more-about-inline-2\">\n<p>Jennifer Anistons &#8218;resortartiger&#8216; Gartenlandschaft war &#8222;Jahre voraus&#8220; eines modernen Pflanztrends-Designer sagen, dass das Ergebnis m\u00fchelos und gelassen ist<\/p>\n<\/li>\n<\/ul>\n<\/aside>\n<div class=\"instagram-embed\">\n<blockquote class=\"instagram-media\" data-instgrm-captioned data-instgrm-version=\"6\" style=\"width:99.375%; width:-webkit-calc(100% - 2px); width:calc(100% - 2px);\">\n<p>Ein Beitrag von Isabela\ud83c\uddf5\ud83c\uddea\ud83c\uddfa\ud83c\uddf8 (@isabelamerced)<\/p>\n<p>Ein Foto von on <\/p>\n<\/blockquote>\n<\/div>\n<h2 id=\"shop-the-look-3\">Kaufen Sie den Look ein<\/h2>\n<div class=\"product-container hero-product-container product-block-no-wrap\">\n<div class=\"product-block-row\"><\/div>\n<div class=\"product-block-row\"><\/div>\n<div class=\"product-block-row\"><\/div>\n<\/div>\n<p>Isabela, der vor ihren Yuccas abgebildet ist, erinnert uns daran, dass diese Anlage mehr als seine einfache Wartung gibt. Die Bl\u00e4tter sind architektonisch atemberaubend und verleihen ihrem Garten ein einzigartiges Interesse, ohne Blumen zu ben\u00f6tigen. Es ist also vielleicht nicht \u00fcberraschend, das <em>H\u00e4user &#038; G\u00e4rten &#8218;<\/em> Content -Editor und Meisterg\u00e4rtner Thom Rutter schw\u00f6rt auf ihre Pflanztechnik.<\/p>\n<div id=\"ad-unit-2\" class=\"ad-unit\"><\/div>\n<p>&#8222;Langsam wachsende, harte und visuell atemberaubende Isabela&#8217;s Yuccas sind eine der sichersten, aber sch\u00f6nsten Pflanzen, die Sie Ihrem Garten vorstellen k\u00f6nnen&#8220;, sagt Thom.<\/p>\n<p>\u201eWie wir in ihrer Ausstellung sehen, tragen Yuccas Kronen von dickem, architektonischem Laub, die so stilvoll aussehen, wenn sie zusammengefasst, wie sie es getan hat, oder als eigenst\u00e4ndige Pflanze. Das Beste von allem ist, dass diese Pflanze winterhart und d\u00fcrretolerant ist, perfekt f\u00fcr Grenzen oder in einem Pflanzer auf einer Terrasse oder Terrasse. Es ist auch eine gro\u00dfartige Idee des Innenpflanzens f\u00fcr diejenigen, die ihr Zuhause mit Gr\u00fcn f\u00fcllen m\u00f6chten, ohne sich um einen strengen Bew\u00e4sserungsplan zu k\u00fcmmern. &#8218;<\/p>\n<p>Diese Pflanzen sind langlebig, aber immer gut aussehend und werden mit der richtigen Sorgfalt lange bis Herbst und Winter beeindrucken. Wenn sie f\u00fcr Isabela Merced gut genug sind, sind sie gut genug f\u00fcr uns.<\/p>\n<div id=\"slice-container-newsletterForm-articleInbodyContent-5cLwBDtEpod5FDDjuY2USd\" class=\"slice-container newsletter-inbodyContent-slice newsletterForm-articleInbodyContent-5cLwBDtEpod5FDDjuY2USd slice-container-newsletterForm\"><\/div>\n<hr>\n<\/div>\n<p><script async src=\"\/\/www.instagram.com\/embed.js\"><\/script><\/p>\n","protected":false},"excerpt":{"rendered":"<p>Isabela Merced macht m\u00f6glicherweise Schlagzeilen f\u00fcr ihre Rolle in Der letzte von unsaber ich bin mehr von ihrem Garten abgelenkt, oder genauer gesagt ihre kluge<\/p>\n","protected":false},"author":1,"featured_media":5466,"comment_status":"closed","ping_status":"","sticky":false,"template":"","format":"standard","meta":{"footnotes":""},"categories":[118],"tags":[357,9,43,7785,55,469,189,129,7509,7786,1771,1759,1860,7787,7284,3943,5041,7784,2755,526],"class_list":["post-5465","post","type-post","status-publish","format-standard","has-post-thumbnail","hentry","category-haus-garten","tag-aber","tag-die","tag-ein","tag-erweitern","tag-fuer","tag-haben","tag-hat","tag-ich","tag-interesse","tag-isabela","tag-keine","tag-loesung","tag-meinem","tag-merced","tag-moechte","tag-sofortiges","tag-sommergarten","tag-strukturelles","tag-wartung","tag-zeit","generate-columns","tablet-grid-50","mobile-grid-100","grid-parent","grid-50"],"yoast_head":"<!-- This site is optimized with the Yoast SEO plugin v27.3 - https:\/\/yoast.com\/product\/yoast-seo-wordpress\/ -->\n<title>Ich m\u00f6chte meinem Sommergarten ein sofortiges strukturelles Interesse erweitern, aber keine Zeit f\u00fcr die Wartung haben - Isabela Merced hat die L\u00f6sung - Nachrichten - Stra\u00dfenweb<\/title>\n<meta name=\"robots\" content=\"index, follow, max-snippet:-1, max-image-preview:large, max-video-preview:-1\" \/>\n<link rel=\"canonical\" href=\"https:\/\/www.strassenweb.de\/nachrichten\/ich-moechte-meinem-sommergarten-ein-sofortiges-strukturelles-interesse-erweitern-aber-keine-zeit-fuer-die-wartung-haben-isabela-merced-hat-die-loesung\/\" \/>\n<meta property=\"og:locale\" content=\"de_DE\" \/>\n<meta property=\"og:type\" content=\"article\" \/>\n<meta property=\"og:title\" content=\"Ich m\u00f6chte meinem Sommergarten ein sofortiges strukturelles Interesse erweitern, aber keine Zeit f\u00fcr die Wartung haben - Isabela Merced hat die L\u00f6sung - Nachrichten - Stra\u00dfenweb\" \/>\n<meta property=\"og:description\" content=\"Isabela Merced macht m\u00f6glicherweise Schlagzeilen f\u00fcr ihre Rolle in Der letzte von unsaber ich bin mehr von ihrem Garten abgelenkt, oder genauer gesagt ihre kluge\" \/>\n<meta property=\"og:url\" content=\"https:\/\/www.strassenweb.de\/nachrichten\/ich-moechte-meinem-sommergarten-ein-sofortiges-strukturelles-interesse-erweitern-aber-keine-zeit-fuer-die-wartung-haben-isabela-merced-hat-die-loesung\/\" \/>\n<meta property=\"og:site_name\" content=\"Stra\u00dfenweb\" \/>\n<meta property=\"article:publisher\" content=\"https:\/\/www.facebook.com\/strassenweb\/\" \/>\n<meta property=\"article:published_time\" content=\"2025-06-04T11:40:16+00:00\" \/>\n<meta property=\"og:image\" content=\"https:\/\/www.strassenweb.de\/nachrichten\/wp-content\/uploads\/2025\/06\/PHak53DQzUUbwu3pGxBLjG.jpg\" \/>\n\t<meta property=\"og:image:width\" content=\"1600\" \/>\n\t<meta property=\"og:image:height\" content=\"900\" \/>\n\t<meta property=\"og:image:type\" content=\"image\/jpeg\" \/>\n<meta name=\"author\" content=\"Robert Hoffmann\" \/>\n<meta name=\"twitter:card\" content=\"summary_large_image\" \/>\n<meta name=\"twitter:label1\" content=\"Verfasst von\" \/>\n\t<meta name=\"twitter:data1\" content=\"Robert Hoffmann\" \/>\n\t<meta name=\"twitter:label2\" content=\"Gesch\u00e4tzte Lesezeit\" \/>\n\t<meta name=\"twitter:data2\" content=\"2\u00a0Minuten\" \/>\n<script type=\"application\/ld+json\" class=\"yoast-schema-graph\">{\"@context\":\"https:\\\/\\\/schema.org\",\"@graph\":[{\"@type\":\"Article\",\"@id\":\"https:\\\/\\\/www.strassenweb.de\\\/nachrichten\\\/ich-moechte-meinem-sommergarten-ein-sofortiges-strukturelles-interesse-erweitern-aber-keine-zeit-fuer-die-wartung-haben-isabela-merced-hat-die-loesung\\\/#article\",\"isPartOf\":{\"@id\":\"https:\\\/\\\/www.strassenweb.de\\\/nachrichten\\\/ich-moechte-meinem-sommergarten-ein-sofortiges-strukturelles-interesse-erweitern-aber-keine-zeit-fuer-die-wartung-haben-isabela-merced-hat-die-loesung\\\/\"},\"author\":{\"name\":\"Robert Hoffmann\",\"@id\":\"https:\\\/\\\/www.strassenweb.de\\\/nachrichten\\\/#\\\/schema\\\/person\\\/87c9c9067f1211da429a744dc5a5aa41\"},\"headline\":\"Ich m\u00f6chte meinem Sommergarten ein sofortiges strukturelles Interesse erweitern, aber keine Zeit f\u00fcr die Wartung haben &#8211; Isabela Merced hat die L\u00f6sung\",\"datePublished\":\"2025-06-04T11:40:16+00:00\",\"mainEntityOfPage\":{\"@id\":\"https:\\\/\\\/www.strassenweb.de\\\/nachrichten\\\/ich-moechte-meinem-sommergarten-ein-sofortiges-strukturelles-interesse-erweitern-aber-keine-zeit-fuer-die-wartung-haben-isabela-merced-hat-die-loesung\\\/\"},\"wordCount\":459,\"publisher\":{\"@id\":\"https:\\\/\\\/www.strassenweb.de\\\/nachrichten\\\/#organization\"},\"image\":{\"@id\":\"https:\\\/\\\/www.strassenweb.de\\\/nachrichten\\\/ich-moechte-meinem-sommergarten-ein-sofortiges-strukturelles-interesse-erweitern-aber-keine-zeit-fuer-die-wartung-haben-isabela-merced-hat-die-loesung\\\/#primaryimage\"},\"thumbnailUrl\":\"https:\\\/\\\/www.strassenweb.de\\\/nachrichten\\\/wp-content\\\/uploads\\\/2025\\\/06\\\/PHak53DQzUUbwu3pGxBLjG.jpg\",\"keywords\":[\"aber\",\"die\",\"ein\",\"erweitern\",\"f\u00fcr\",\"haben\",\"hat\",\"ich\",\"Interesse\",\"Isabela\",\"keine\",\"L\u00f6sung\",\"meinem\",\"Merced\",\"m\u00f6chte\",\"sofortiges\",\"Sommergarten\",\"strukturelles\",\"Wartung\",\"Zeit\"],\"articleSection\":[\"Haus &amp; Garten\"],\"inLanguage\":\"de\"},{\"@type\":\"WebPage\",\"@id\":\"https:\\\/\\\/www.strassenweb.de\\\/nachrichten\\\/ich-moechte-meinem-sommergarten-ein-sofortiges-strukturelles-interesse-erweitern-aber-keine-zeit-fuer-die-wartung-haben-isabela-merced-hat-die-loesung\\\/\",\"url\":\"https:\\\/\\\/www.strassenweb.de\\\/nachrichten\\\/ich-moechte-meinem-sommergarten-ein-sofortiges-strukturelles-interesse-erweitern-aber-keine-zeit-fuer-die-wartung-haben-isabela-merced-hat-die-loesung\\\/\",\"name\":\"Ich m\u00f6chte meinem Sommergarten ein sofortiges strukturelles Interesse erweitern, aber keine Zeit f\u00fcr die Wartung haben - Isabela Merced hat die L\u00f6sung - Nachrichten - Stra\u00dfenweb\",\"isPartOf\":{\"@id\":\"https:\\\/\\\/www.strassenweb.de\\\/nachrichten\\\/#website\"},\"primaryImageOfPage\":{\"@id\":\"https:\\\/\\\/www.strassenweb.de\\\/nachrichten\\\/ich-moechte-meinem-sommergarten-ein-sofortiges-strukturelles-interesse-erweitern-aber-keine-zeit-fuer-die-wartung-haben-isabela-merced-hat-die-loesung\\\/#primaryimage\"},\"image\":{\"@id\":\"https:\\\/\\\/www.strassenweb.de\\\/nachrichten\\\/ich-moechte-meinem-sommergarten-ein-sofortiges-strukturelles-interesse-erweitern-aber-keine-zeit-fuer-die-wartung-haben-isabela-merced-hat-die-loesung\\\/#primaryimage\"},\"thumbnailUrl\":\"https:\\\/\\\/www.strassenweb.de\\\/nachrichten\\\/wp-content\\\/uploads\\\/2025\\\/06\\\/PHak53DQzUUbwu3pGxBLjG.jpg\",\"datePublished\":\"2025-06-04T11:40:16+00:00\",\"breadcrumb\":{\"@id\":\"https:\\\/\\\/www.strassenweb.de\\\/nachrichten\\\/ich-moechte-meinem-sommergarten-ein-sofortiges-strukturelles-interesse-erweitern-aber-keine-zeit-fuer-die-wartung-haben-isabela-merced-hat-die-loesung\\\/#breadcrumb\"},\"inLanguage\":\"de\",\"potentialAction\":[{\"@type\":\"ReadAction\",\"target\":[\"https:\\\/\\\/www.strassenweb.de\\\/nachrichten\\\/ich-moechte-meinem-sommergarten-ein-sofortiges-strukturelles-interesse-erweitern-aber-keine-zeit-fuer-die-wartung-haben-isabela-merced-hat-die-loesung\\\/\"]}]},{\"@type\":\"ImageObject\",\"inLanguage\":\"de\",\"@id\":\"https:\\\/\\\/www.strassenweb.de\\\/nachrichten\\\/ich-moechte-meinem-sommergarten-ein-sofortiges-strukturelles-interesse-erweitern-aber-keine-zeit-fuer-die-wartung-haben-isabela-merced-hat-die-loesung\\\/#primaryimage\",\"url\":\"https:\\\/\\\/www.strassenweb.de\\\/nachrichten\\\/wp-content\\\/uploads\\\/2025\\\/06\\\/PHak53DQzUUbwu3pGxBLjG.jpg\",\"contentUrl\":\"https:\\\/\\\/www.strassenweb.de\\\/nachrichten\\\/wp-content\\\/uploads\\\/2025\\\/06\\\/PHak53DQzUUbwu3pGxBLjG.jpg\",\"width\":1600,\"height\":900,\"caption\":\"Isabela Merced\"},{\"@type\":\"BreadcrumbList\",\"@id\":\"https:\\\/\\\/www.strassenweb.de\\\/nachrichten\\\/ich-moechte-meinem-sommergarten-ein-sofortiges-strukturelles-interesse-erweitern-aber-keine-zeit-fuer-die-wartung-haben-isabela-merced-hat-die-loesung\\\/#breadcrumb\",\"itemListElement\":[{\"@type\":\"ListItem\",\"position\":1,\"name\":\"Home\",\"item\":\"https:\\\/\\\/www.strassenweb.de\\\/nachrichten\\\/\"},{\"@type\":\"ListItem\",\"position\":2,\"name\":\"Ich m\u00f6chte meinem Sommergarten ein sofortiges strukturelles Interesse erweitern, aber keine Zeit f\u00fcr die Wartung haben &#8211; Isabela Merced hat die L\u00f6sung\"}]},{\"@type\":\"WebSite\",\"@id\":\"https:\\\/\\\/www.strassenweb.de\\\/nachrichten\\\/#website\",\"url\":\"https:\\\/\\\/www.strassenweb.de\\\/nachrichten\\\/\",\"name\":\"Stra\u00dfenweb\",\"description\":\"Stra\u00dfenverzeichnis f\u00fcr Deutschland\",\"publisher\":{\"@id\":\"https:\\\/\\\/www.strassenweb.de\\\/nachrichten\\\/#organization\"},\"potentialAction\":[{\"@type\":\"SearchAction\",\"target\":{\"@type\":\"EntryPoint\",\"urlTemplate\":\"https:\\\/\\\/www.strassenweb.de\\\/nachrichten\\\/?s={search_term_string}\"},\"query-input\":{\"@type\":\"PropertyValueSpecification\",\"valueRequired\":true,\"valueName\":\"search_term_string\"}}],\"inLanguage\":\"de\"},{\"@type\":\"Organization\",\"@id\":\"https:\\\/\\\/www.strassenweb.de\\\/nachrichten\\\/#organization\",\"name\":\"Stra\u00dfenweb\",\"url\":\"https:\\\/\\\/www.strassenweb.de\\\/nachrichten\\\/\",\"logo\":{\"@type\":\"ImageObject\",\"inLanguage\":\"de\",\"@id\":\"https:\\\/\\\/www.strassenweb.de\\\/nachrichten\\\/#\\\/schema\\\/logo\\\/image\\\/\",\"url\":\"https:\\\/\\\/www.strassenweb.de\\\/nachrichten\\\/wp-content\\\/uploads\\\/2024\\\/09\\\/cropped-favicon.png\",\"contentUrl\":\"https:\\\/\\\/www.strassenweb.de\\\/nachrichten\\\/wp-content\\\/uploads\\\/2024\\\/09\\\/cropped-favicon.png\",\"width\":512,\"height\":512,\"caption\":\"Stra\u00dfenweb\"},\"image\":{\"@id\":\"https:\\\/\\\/www.strassenweb.de\\\/nachrichten\\\/#\\\/schema\\\/logo\\\/image\\\/\"},\"sameAs\":[\"https:\\\/\\\/www.facebook.com\\\/strassenweb\\\/\"]},{\"@type\":\"Person\",\"@id\":\"https:\\\/\\\/www.strassenweb.de\\\/nachrichten\\\/#\\\/schema\\\/person\\\/87c9c9067f1211da429a744dc5a5aa41\",\"name\":\"Robert Hoffmann\",\"image\":{\"@type\":\"ImageObject\",\"inLanguage\":\"de\",\"@id\":\"https:\\\/\\\/www.strassenweb.de\\\/nachrichten\\\/wp-content\\\/uploads\\\/2024\\\/09\\\/strassenweb-150x150.jpg\",\"url\":\"https:\\\/\\\/www.strassenweb.de\\\/nachrichten\\\/wp-content\\\/uploads\\\/2024\\\/09\\\/strassenweb-150x150.jpg\",\"contentUrl\":\"https:\\\/\\\/www.strassenweb.de\\\/nachrichten\\\/wp-content\\\/uploads\\\/2024\\\/09\\\/strassenweb-150x150.jpg\",\"caption\":\"Robert Hoffmann\"},\"description\":\"Ich hei\u00dfe Robert Hoffmann und ich bin ein leidenschaftlicher Verfechter von \u00d6kologie und Biodiversit\u00e4t. Seit meiner Kindheit in den W\u00e4ldern Bayerns f\u00fchle ich mich mit der Natur verbunden und bin entschlossen, sie zu sch\u00fctzen. Heute widme ich mein Leben der Sensibilisierung anderer f\u00fcr die Bedeutung des Umweltschutzes f\u00fcr zuk\u00fcnftige Generationen.\",\"sameAs\":[\"https:\\\/\\\/www.strassenweb.de\\\/\"]}]}<\/script>\n<!-- \/ Yoast SEO plugin. -->","yoast_head_json":{"title":"Ich m\u00f6chte meinem Sommergarten ein sofortiges strukturelles Interesse erweitern, aber keine Zeit f\u00fcr die Wartung haben - Isabela Merced hat die L\u00f6sung - Nachrichten - Stra\u00dfenweb","robots":{"index":"index","follow":"follow","max-snippet":"max-snippet:-1","max-image-preview":"max-image-preview:large","max-video-preview":"max-video-preview:-1"},"canonical":"https:\/\/www.strassenweb.de\/nachrichten\/ich-moechte-meinem-sommergarten-ein-sofortiges-strukturelles-interesse-erweitern-aber-keine-zeit-fuer-die-wartung-haben-isabela-merced-hat-die-loesung\/","og_locale":"de_DE","og_type":"article","og_title":"Ich m\u00f6chte meinem Sommergarten ein sofortiges strukturelles Interesse erweitern, aber keine Zeit f\u00fcr die Wartung haben - Isabela Merced hat die L\u00f6sung - Nachrichten - Stra\u00dfenweb","og_description":"Isabela Merced macht m\u00f6glicherweise Schlagzeilen f\u00fcr ihre Rolle in Der letzte von unsaber ich bin mehr von ihrem Garten abgelenkt, oder genauer gesagt ihre kluge","og_url":"https:\/\/www.strassenweb.de\/nachrichten\/ich-moechte-meinem-sommergarten-ein-sofortiges-strukturelles-interesse-erweitern-aber-keine-zeit-fuer-die-wartung-haben-isabela-merced-hat-die-loesung\/","og_site_name":"Stra\u00dfenweb","article_publisher":"https:\/\/www.facebook.com\/strassenweb\/","article_published_time":"2025-06-04T11:40:16+00:00","og_image":[{"width":1600,"height":900,"url":"https:\/\/www.strassenweb.de\/nachrichten\/wp-content\/uploads\/2025\/06\/PHak53DQzUUbwu3pGxBLjG.jpg","type":"image\/jpeg"}],"author":"Robert Hoffmann","twitter_card":"summary_large_image","twitter_misc":{"Verfasst von":"Robert Hoffmann","Gesch\u00e4tzte Lesezeit":"2\u00a0Minuten"},"schema":{"@context":"https:\/\/schema.org","@graph":[{"@type":"Article","@id":"https:\/\/www.strassenweb.de\/nachrichten\/ich-moechte-meinem-sommergarten-ein-sofortiges-strukturelles-interesse-erweitern-aber-keine-zeit-fuer-die-wartung-haben-isabela-merced-hat-die-loesung\/#article","isPartOf":{"@id":"https:\/\/www.strassenweb.de\/nachrichten\/ich-moechte-meinem-sommergarten-ein-sofortiges-strukturelles-interesse-erweitern-aber-keine-zeit-fuer-die-wartung-haben-isabela-merced-hat-die-loesung\/"},"author":{"name":"Robert Hoffmann","@id":"https:\/\/www.strassenweb.de\/nachrichten\/#\/schema\/person\/87c9c9067f1211da429a744dc5a5aa41"},"headline":"Ich m\u00f6chte meinem Sommergarten ein sofortiges strukturelles Interesse erweitern, aber keine Zeit f\u00fcr die Wartung haben &#8211; Isabela Merced hat die L\u00f6sung","datePublished":"2025-06-04T11:40:16+00:00","mainEntityOfPage":{"@id":"https:\/\/www.strassenweb.de\/nachrichten\/ich-moechte-meinem-sommergarten-ein-sofortiges-strukturelles-interesse-erweitern-aber-keine-zeit-fuer-die-wartung-haben-isabela-merced-hat-die-loesung\/"},"wordCount":459,"publisher":{"@id":"https:\/\/www.strassenweb.de\/nachrichten\/#organization"},"image":{"@id":"https:\/\/www.strassenweb.de\/nachrichten\/ich-moechte-meinem-sommergarten-ein-sofortiges-strukturelles-interesse-erweitern-aber-keine-zeit-fuer-die-wartung-haben-isabela-merced-hat-die-loesung\/#primaryimage"},"thumbnailUrl":"https:\/\/www.strassenweb.de\/nachrichten\/wp-content\/uploads\/2025\/06\/PHak53DQzUUbwu3pGxBLjG.jpg","keywords":["aber","die","ein","erweitern","f\u00fcr","haben","hat","ich","Interesse","Isabela","keine","L\u00f6sung","meinem","Merced","m\u00f6chte","sofortiges","Sommergarten","strukturelles","Wartung","Zeit"],"articleSection":["Haus &amp; Garten"],"inLanguage":"de"},{"@type":"WebPage","@id":"https:\/\/www.strassenweb.de\/nachrichten\/ich-moechte-meinem-sommergarten-ein-sofortiges-strukturelles-interesse-erweitern-aber-keine-zeit-fuer-die-wartung-haben-isabela-merced-hat-die-loesung\/","url":"https:\/\/www.strassenweb.de\/nachrichten\/ich-moechte-meinem-sommergarten-ein-sofortiges-strukturelles-interesse-erweitern-aber-keine-zeit-fuer-die-wartung-haben-isabela-merced-hat-die-loesung\/","name":"Ich m\u00f6chte meinem Sommergarten ein sofortiges strukturelles Interesse erweitern, aber keine Zeit f\u00fcr die Wartung haben - Isabela Merced hat die L\u00f6sung - Nachrichten - Stra\u00dfenweb","isPartOf":{"@id":"https:\/\/www.strassenweb.de\/nachrichten\/#website"},"primaryImageOfPage":{"@id":"https:\/\/www.strassenweb.de\/nachrichten\/ich-moechte-meinem-sommergarten-ein-sofortiges-strukturelles-interesse-erweitern-aber-keine-zeit-fuer-die-wartung-haben-isabela-merced-hat-die-loesung\/#primaryimage"},"image":{"@id":"https:\/\/www.strassenweb.de\/nachrichten\/ich-moechte-meinem-sommergarten-ein-sofortiges-strukturelles-interesse-erweitern-aber-keine-zeit-fuer-die-wartung-haben-isabela-merced-hat-die-loesung\/#primaryimage"},"thumbnailUrl":"https:\/\/www.strassenweb.de\/nachrichten\/wp-content\/uploads\/2025\/06\/PHak53DQzUUbwu3pGxBLjG.jpg","datePublished":"2025-06-04T11:40:16+00:00","breadcrumb":{"@id":"https:\/\/www.strassenweb.de\/nachrichten\/ich-moechte-meinem-sommergarten-ein-sofortiges-strukturelles-interesse-erweitern-aber-keine-zeit-fuer-die-wartung-haben-isabela-merced-hat-die-loesung\/#breadcrumb"},"inLanguage":"de","potentialAction":[{"@type":"ReadAction","target":["https:\/\/www.strassenweb.de\/nachrichten\/ich-moechte-meinem-sommergarten-ein-sofortiges-strukturelles-interesse-erweitern-aber-keine-zeit-fuer-die-wartung-haben-isabela-merced-hat-die-loesung\/"]}]},{"@type":"ImageObject","inLanguage":"de","@id":"https:\/\/www.strassenweb.de\/nachrichten\/ich-moechte-meinem-sommergarten-ein-sofortiges-strukturelles-interesse-erweitern-aber-keine-zeit-fuer-die-wartung-haben-isabela-merced-hat-die-loesung\/#primaryimage","url":"https:\/\/www.strassenweb.de\/nachrichten\/wp-content\/uploads\/2025\/06\/PHak53DQzUUbwu3pGxBLjG.jpg","contentUrl":"https:\/\/www.strassenweb.de\/nachrichten\/wp-content\/uploads\/2025\/06\/PHak53DQzUUbwu3pGxBLjG.jpg","width":1600,"height":900,"caption":"Isabela Merced"},{"@type":"BreadcrumbList","@id":"https:\/\/www.strassenweb.de\/nachrichten\/ich-moechte-meinem-sommergarten-ein-sofortiges-strukturelles-interesse-erweitern-aber-keine-zeit-fuer-die-wartung-haben-isabela-merced-hat-die-loesung\/#breadcrumb","itemListElement":[{"@type":"ListItem","position":1,"name":"Home","item":"https:\/\/www.strassenweb.de\/nachrichten\/"},{"@type":"ListItem","position":2,"name":"Ich m\u00f6chte meinem Sommergarten ein sofortiges strukturelles Interesse erweitern, aber keine Zeit f\u00fcr die Wartung haben &#8211; Isabela Merced hat die L\u00f6sung"}]},{"@type":"WebSite","@id":"https:\/\/www.strassenweb.de\/nachrichten\/#website","url":"https:\/\/www.strassenweb.de\/nachrichten\/","name":"Stra\u00dfenweb","description":"Stra\u00dfenverzeichnis f\u00fcr Deutschland","publisher":{"@id":"https:\/\/www.strassenweb.de\/nachrichten\/#organization"},"potentialAction":[{"@type":"SearchAction","target":{"@type":"EntryPoint","urlTemplate":"https:\/\/www.strassenweb.de\/nachrichten\/?s={search_term_string}"},"query-input":{"@type":"PropertyValueSpecification","valueRequired":true,"valueName":"search_term_string"}}],"inLanguage":"de"},{"@type":"Organization","@id":"https:\/\/www.strassenweb.de\/nachrichten\/#organization","name":"Stra\u00dfenweb","url":"https:\/\/www.strassenweb.de\/nachrichten\/","logo":{"@type":"ImageObject","inLanguage":"de","@id":"https:\/\/www.strassenweb.de\/nachrichten\/#\/schema\/logo\/image\/","url":"https:\/\/www.strassenweb.de\/nachrichten\/wp-content\/uploads\/2024\/09\/cropped-favicon.png","contentUrl":"https:\/\/www.strassenweb.de\/nachrichten\/wp-content\/uploads\/2024\/09\/cropped-favicon.png","width":512,"height":512,"caption":"Stra\u00dfenweb"},"image":{"@id":"https:\/\/www.strassenweb.de\/nachrichten\/#\/schema\/logo\/image\/"},"sameAs":["https:\/\/www.facebook.com\/strassenweb\/"]},{"@type":"Person","@id":"https:\/\/www.strassenweb.de\/nachrichten\/#\/schema\/person\/87c9c9067f1211da429a744dc5a5aa41","name":"Robert Hoffmann","image":{"@type":"ImageObject","inLanguage":"de","@id":"https:\/\/www.strassenweb.de\/nachrichten\/wp-content\/uploads\/2024\/09\/strassenweb-150x150.jpg","url":"https:\/\/www.strassenweb.de\/nachrichten\/wp-content\/uploads\/2024\/09\/strassenweb-150x150.jpg","contentUrl":"https:\/\/www.strassenweb.de\/nachrichten\/wp-content\/uploads\/2024\/09\/strassenweb-150x150.jpg","caption":"Robert Hoffmann"},"description":"Ich hei\u00dfe Robert Hoffmann und ich bin ein leidenschaftlicher Verfechter von \u00d6kologie und Biodiversit\u00e4t. Seit meiner Kindheit in den W\u00e4ldern Bayerns f\u00fchle ich mich mit der Natur verbunden und bin entschlossen, sie zu sch\u00fctzen. Heute widme ich mein Leben der Sensibilisierung anderer f\u00fcr die Bedeutung des Umweltschutzes f\u00fcr zuk\u00fcnftige Generationen.","sameAs":["https:\/\/www.strassenweb.de\/"]}]}},"_links":{"self":[{"href":"https:\/\/www.strassenweb.de\/nachrichten\/wp-json\/wp\/v2\/posts\/5465","targetHints":{"allow":["GET"]}}],"collection":[{"href":"https:\/\/www.strassenweb.de\/nachrichten\/wp-json\/wp\/v2\/posts"}],"about":[{"href":"https:\/\/www.strassenweb.de\/nachrichten\/wp-json\/wp\/v2\/types\/post"}],"author":[{"embeddable":true,"href":"https:\/\/www.strassenweb.de\/nachrichten\/wp-json\/wp\/v2\/users\/1"}],"replies":[{"embeddable":true,"href":"https:\/\/www.strassenweb.de\/nachrichten\/wp-json\/wp\/v2\/comments?post=5465"}],"version-history":[{"count":0,"href":"https:\/\/www.strassenweb.de\/nachrichten\/wp-json\/wp\/v2\/posts\/5465\/revisions"}],"wp:featuredmedia":[{"embeddable":true,"href":"https:\/\/www.strassenweb.de\/nachrichten\/wp-json\/wp\/v2\/media\/5466"}],"wp:attachment":[{"href":"https:\/\/www.strassenweb.de\/nachrichten\/wp-json\/wp\/v2\/media?parent=5465"}],"wp:term":[{"taxonomy":"category","embeddable":true,"href":"https:\/\/www.strassenweb.de\/nachrichten\/wp-json\/wp\/v2\/categories?post=5465"},{"taxonomy":"post_tag","embeddable":true,"href":"https:\/\/www.strassenweb.de\/nachrichten\/wp-json\/wp\/v2\/tags?post=5465"}],"curies":[{"name":"wp","href":"https:\/\/api.w.org\/{rel}","templated":true}]}}