{"id":5454,"date":"2025-06-03T21:41:29","date_gmt":"2025-06-03T19:41:29","guid":{"rendered":"https:\/\/www.strassenweb.de\/nachrichten\/verlangen-sie-eine-frische-wendung-auf-gruen-es-beginnt-mit-martha-stewarts-akzentstuhl-es-ist-unsere-neue-wichtige-ausstattung\/"},"modified":"2025-06-03T21:41:30","modified_gmt":"2025-06-03T19:41:30","slug":"verlangen-sie-eine-frische-wendung-auf-gruen-es-beginnt-mit-martha-stewarts-akzentstuhl-es-ist-unsere-neue-wichtige-ausstattung","status":"publish","type":"post","link":"https:\/\/www.strassenweb.de\/nachrichten\/verlangen-sie-eine-frische-wendung-auf-gruen-es-beginnt-mit-martha-stewarts-akzentstuhl-es-ist-unsere-neue-wichtige-ausstattung\/","title":{"rendered":"Verlangen Sie eine frische Wendung auf Gr\u00fcn? Es beginnt mit Martha Stewarts Akzentstuhl &#8211; es ist unsere neue wichtige Ausstattung"},"content":{"rendered":"<p><\/p>\n<div id=\"article-body\" class=\"article__body \">\n<p>Einige von uns m\u00f6gen es, Gr\u00fcn auf nat\u00fcrliche Weise in das Haus zu infundieren-durch Dekoration mit Pflanzen-, w\u00e4hrend andere gerne diesen von Natur inspirierten Farbton durch M\u00f6bel und Dekoration vorstellen.<\/p>\n<div id=\"ad-unit-1\" class=\"ad-unit\"><\/div>\n<p>Wenn es um die letztere Option geht, suchen wir Martha Stewart, die k\u00fcrzlich einen Clip ihres gr\u00fcnen, regency-artigen Sessel auf ihrer Instagram-Seite geteilt hat und uns einige gr\u00fcne Raumideen gibt.<\/p>\n<aside data-block-type=\"embed\" data-render-type=\"fte\" data-skip=\"dealsy\" data-widget-type=\"seasonal\" class=\"hawk-base\"><\/aside>\n<p>Mit seinen Holzbeinen f\u00e4rbt der Schl\u00fcsselkalksitz wunderbar den ansonsten Neturalraum, der einen beige Teppich enth\u00e4lt, und antike Gerichte, die an der von Greige wallpaperierten Wand h\u00e4ngen. Es ist genau die richtige Zugabe von anspruchsvoller Lebendigkeit in der Region.<\/p>\n<div id=\"desktop-in-article\" class=\"in-article ad-unit\">\n<div id=\"desktop-taboola-mid-article\"><\/div>\n<\/div>\n<div id=\"mobile-in-article\" class=\"in-article ad-unit\">\n<div id=\"mobile-taboola-mid-article\"><\/div>\n<\/div>\n<div class=\"van_vid_carousel\">\n<div class=\"van_vid_carousel__padding\">\n<div class=\"van_vid_carousel__container\"><\/div>\n<\/div>\n<\/div>\n<aside data-component-name=\"Recirculation:ArticleRiver\" data-nosnippet>\n<span class=\"bg-secondary-500 text-white text-lg font-bold uppercase py-1 px-2 leading-(1.625rem) sm:leading-(6px) sm:text-sm\"><\/p>\n<p>Sie m\u00f6gen m\u00f6gen<br \/>\n<\/span><\/p>\n<ul class=\"flex flex-col my-2 list-outside ms-5 bg-none\" data-analytics-id=\"more-about-inline\">\n<li class=\"m-0 mb-2\" name=\"more-about-inline\" data-analytics-id=\"more-about-inline-0\">\n<p>Keke Palmers erdiges Wohnzimmersofa tippt in den Trend &#8222;Pistazy Green&#8220; im Jahr 2025 ein &#8211; es bringt zeitgen\u00f6ssische Raffinesse in jeden Raum ein<\/p>\n<\/li>\n<li class=\"m-0 mb-2\" name=\"more-about-inline\" data-analytics-id=\"more-about-inline-1\">\n<p>Ich nenne es: Joanna Gaines und Victoria Beckhams Lieblingsfarbe werden im Jahr 2025 die Trends top -Trends &#8211; Designer und Farbvorhersagen sind sich einig<\/p>\n<\/li>\n<li class=\"m-0 mb-2\" name=\"more-about-inline\" data-analytics-id=\"more-about-inline-2\">\n<p>Martha Stewarts nostalgisch graugr\u00fcne K\u00fcchenschrankfarbe hat eine Wiederbelebung-und ich gehe davon aus<\/p>\n<\/li>\n<\/ul>\n<\/aside>\n<div class=\"instagram-embed\">\n<blockquote class=\"instagram-media\" data-instgrm-captioned data-instgrm-version=\"6\" style=\"width:99.375%; width:-webkit-calc(100% - 2px); width:calc(100% - 2px);\">\n<p>Ein Beitrag von Martha Stewart (@marthasteWart48)<\/p>\n<p>Ein Foto von on <\/p>\n<\/blockquote>\n<\/div>\n<h2 id=\"shop-the-lime-green-edit-3\">Kaufen Sie die Lime Green Edit ein<\/h2>\n<div class=\"product-container hero-product-container product-block-no-wrap\">\n<div class=\"product-block-row\"><\/div>\n<div class=\"product-block-row\"><\/div>\n<div class=\"product-block-row\"><\/div>\n<\/div>\n<p>Laut Experten macht die Erinnerung der Farbe an die Natur der Natur zu einer sehr vielseitigen Farbauswahl, was bedeutet, dass es sich um eine sichere Auswahl f\u00fcr ein M\u00f6belst\u00fcck wie ein Sofa oder einen Stuhl handelt.<\/p>\n<div id=\"ad-unit-2\" class=\"ad-unit\"><\/div>\n<p>&#8222;Ein gr\u00fcner Akzentstuhl dient als mutiges Statement -St\u00fcck, das jedem Wohnraum sowohl Eleganz als auch Komfort verleiht&#8220;, erkl\u00e4rt Designerin Nina Lichtenstein. (Es) l\u00e4sst Sie sich vom Komfort der Natur umgeben. Es ist eine m\u00fchelose M\u00f6glichkeit, den beruhigenden Einfluss der Natur im Inneren zu haben und ein Gef\u00fchl der Entspannung und des Wohlbefindens zu f\u00f6rdern. &#8218;<\/p>\n<p>Um einen gr\u00fcnen Stuhl oder ein Sofa zu speichern, empfiehlt Nina die Implementierung der visuellen Attraktivit\u00e4t mit strukturierten Elementen.<\/p>\n<p>&#8222;F\u00fcgen Sie Tiefe und Textur mit einer Mischung aus Kissen, W\u00fcrfen und Teppichen hinzu&#8220;, schl\u00e4gt sie vor. &#8222;W\u00e4hlen Sie komplement\u00e4re Farben und Muster, die das Gr\u00fcn verbessern, ohne es zu \u00fcberw\u00e4ltigen.&#8220;<\/p>\n<div id=\"slice-container-newsletterForm-articleInbodyContent-9qryxqdxApDVVrKpZTAfgh\" class=\"slice-container newsletter-inbodyContent-slice newsletterForm-articleInbodyContent-9qryxqdxApDVVrKpZTAfgh slice-container-newsletterForm\"><\/div>\n<p>Zu diesen komplement\u00e4ren Farben geh\u00f6ren Neutrale wie Weichcremes, Graut\u00f6ne oder Braun, die wir \u00fcber die Holzbeine perfekt zu Martha&#8217;s Green Chair sehen k\u00f6nnen.<\/p>\n<p>Nina schl\u00e4gt au\u00dferdem vor, echte Gr\u00fcn- und andere nat\u00fcrliche St\u00fccke einzubringen, um gr\u00fcnes M\u00f6beln zu betonen, insbesondere wenn Sie in einem japandi- oder organischen modernen Designprogramm arbeiten.<\/p>\n<p>Integrieren Sie Pflanzen, Holzm\u00f6bel und nat\u00fcrliche Fasern, um die Verbindung zur Natur hervorzuheben. Diese Elemente k\u00f6nnen das Beste in Ihrem gr\u00fcnen Sofa herausbringen, wodurch sich der Raum biologisch und koh\u00e4rent anf\u00fchlt. &#8218;<\/p>\n<hr>\n<p>Egal, ob Sie sich f\u00fcr einen moderneren oder traditionelleren Sitz entscheiden, Green ist eine fantastische Wahl, wenn Sie nach einer M\u00f6belfarbe suchen, die Trends sowohl festgelegt als auch transzendiert.<\/p>\n<hr>\n<div class=\"block\" id=\"articleTag\" data-component-name=\"PostArticleLinks\">\n<div class=\"border-b border-b-black border-solid py-2.5 text-black font-bold uppercase\">Themen<\/div>\n<nav class=\"py-2.5 flex gap-2.5 flex-wrap\" data-analytics-id=\"article-tag\">\n<p>Martha Stewart<br \/>\n<\/nav>\n<\/div>\n<\/div>\n<p><script async src=\"\/\/www.instagram.com\/embed.js\"><\/script><\/p>\n","protected":false},"excerpt":{"rendered":"<p>Einige von uns m\u00f6gen es, Gr\u00fcn auf nat\u00fcrliche Weise in das Haus zu infundieren-durch Dekoration mit Pflanzen-, w\u00e4hrend andere gerne diesen von Natur inspirierten Farbton<\/p>\n","protected":false},"author":1,"featured_media":4936,"comment_status":"closed","ping_status":"","sticky":false,"template":"","format":"standard","meta":{"footnotes":""},"categories":[118],"tags":[5228,46,7773,3916,74,1156,3594,15,2894,146,108,165,2895,1068,7772,5495,557],"class_list":["post-5454","post","type-post","status-publish","format-standard","has-post-thumbnail","hentry","category-haus-garten","tag-akzentstuhl","tag-auf","tag-ausstattung","tag-beginnt","tag-eine","tag-frische","tag-gruen","tag-ist","tag-martha","tag-mit","tag-neue","tag-sie","tag-stewarts","tag-unsere","tag-verlangen","tag-wendung","tag-wichtige","generate-columns","tablet-grid-50","mobile-grid-100","grid-parent","grid-50"],"yoast_head":"<!-- This site is optimized with the Yoast SEO plugin v27.3 - https:\/\/yoast.com\/product\/yoast-seo-wordpress\/ -->\n<title>Verlangen Sie eine frische Wendung auf Gr\u00fcn? Es beginnt mit Martha Stewarts Akzentstuhl - es ist unsere neue wichtige Ausstattung - Nachrichten - Stra\u00dfenweb<\/title>\n<meta name=\"robots\" content=\"index, follow, max-snippet:-1, max-image-preview:large, max-video-preview:-1\" \/>\n<link rel=\"canonical\" href=\"https:\/\/www.strassenweb.de\/nachrichten\/verlangen-sie-eine-frische-wendung-auf-gruen-es-beginnt-mit-martha-stewarts-akzentstuhl-es-ist-unsere-neue-wichtige-ausstattung\/\" \/>\n<meta property=\"og:locale\" content=\"de_DE\" \/>\n<meta property=\"og:type\" content=\"article\" \/>\n<meta property=\"og:title\" content=\"Verlangen Sie eine frische Wendung auf Gr\u00fcn? Es beginnt mit Martha Stewarts Akzentstuhl - es ist unsere neue wichtige Ausstattung - Nachrichten - Stra\u00dfenweb\" \/>\n<meta property=\"og:description\" content=\"Einige von uns m\u00f6gen es, Gr\u00fcn auf nat\u00fcrliche Weise in das Haus zu infundieren-durch Dekoration mit Pflanzen-, w\u00e4hrend andere gerne diesen von Natur inspirierten Farbton\" \/>\n<meta property=\"og:url\" content=\"https:\/\/www.strassenweb.de\/nachrichten\/verlangen-sie-eine-frische-wendung-auf-gruen-es-beginnt-mit-martha-stewarts-akzentstuhl-es-ist-unsere-neue-wichtige-ausstattung\/\" \/>\n<meta property=\"og:site_name\" content=\"Stra\u00dfenweb\" \/>\n<meta property=\"article:publisher\" content=\"https:\/\/www.facebook.com\/strassenweb\/\" \/>\n<meta property=\"article:published_time\" content=\"2025-06-03T19:41:29+00:00\" \/>\n<meta property=\"article:modified_time\" content=\"2025-06-03T19:41:30+00:00\" \/>\n<meta property=\"og:image\" content=\"https:\/\/www.strassenweb.de\/nachrichten\/wp-content\/uploads\/2025\/05\/rnzho2YbjY25YLV5MmuttK.jpg\" \/>\n\t<meta property=\"og:image:width\" content=\"1600\" \/>\n\t<meta property=\"og:image:height\" content=\"900\" \/>\n\t<meta property=\"og:image:type\" content=\"image\/jpeg\" \/>\n<meta name=\"author\" content=\"Robert Hoffmann\" \/>\n<meta name=\"twitter:card\" content=\"summary_large_image\" \/>\n<meta name=\"twitter:label1\" content=\"Verfasst von\" \/>\n\t<meta name=\"twitter:data1\" content=\"Robert Hoffmann\" \/>\n\t<meta name=\"twitter:label2\" content=\"Gesch\u00e4tzte Lesezeit\" \/>\n\t<meta name=\"twitter:data2\" content=\"2\u00a0Minuten\" \/>\n<script type=\"application\/ld+json\" class=\"yoast-schema-graph\">{\"@context\":\"https:\\\/\\\/schema.org\",\"@graph\":[{\"@type\":\"Article\",\"@id\":\"https:\\\/\\\/www.strassenweb.de\\\/nachrichten\\\/verlangen-sie-eine-frische-wendung-auf-gruen-es-beginnt-mit-martha-stewarts-akzentstuhl-es-ist-unsere-neue-wichtige-ausstattung\\\/#article\",\"isPartOf\":{\"@id\":\"https:\\\/\\\/www.strassenweb.de\\\/nachrichten\\\/verlangen-sie-eine-frische-wendung-auf-gruen-es-beginnt-mit-martha-stewarts-akzentstuhl-es-ist-unsere-neue-wichtige-ausstattung\\\/\"},\"author\":{\"name\":\"Robert Hoffmann\",\"@id\":\"https:\\\/\\\/www.strassenweb.de\\\/nachrichten\\\/#\\\/schema\\\/person\\\/87c9c9067f1211da429a744dc5a5aa41\"},\"headline\":\"Verlangen Sie eine frische Wendung auf Gr\u00fcn? Es beginnt mit Martha Stewarts Akzentstuhl &#8211; es ist unsere neue wichtige Ausstattung\",\"datePublished\":\"2025-06-03T19:41:29+00:00\",\"dateModified\":\"2025-06-03T19:41:30+00:00\",\"mainEntityOfPage\":{\"@id\":\"https:\\\/\\\/www.strassenweb.de\\\/nachrichten\\\/verlangen-sie-eine-frische-wendung-auf-gruen-es-beginnt-mit-martha-stewarts-akzentstuhl-es-ist-unsere-neue-wichtige-ausstattung\\\/\"},\"wordCount\":506,\"publisher\":{\"@id\":\"https:\\\/\\\/www.strassenweb.de\\\/nachrichten\\\/#organization\"},\"image\":{\"@id\":\"https:\\\/\\\/www.strassenweb.de\\\/nachrichten\\\/verlangen-sie-eine-frische-wendung-auf-gruen-es-beginnt-mit-martha-stewarts-akzentstuhl-es-ist-unsere-neue-wichtige-ausstattung\\\/#primaryimage\"},\"thumbnailUrl\":\"https:\\\/\\\/www.strassenweb.de\\\/nachrichten\\\/wp-content\\\/uploads\\\/2025\\\/05\\\/rnzho2YbjY25YLV5MmuttK.jpg\",\"keywords\":[\"Akzentstuhl\",\"auf\",\"Ausstattung\",\"beginnt\",\"eine\",\"frische\",\"Gr\u00fcn\",\"ist\",\"Martha\",\"mit\",\"Neue\",\"Sie\",\"Stewarts\",\"Unsere\",\"Verlangen\",\"Wendung\",\"wichtige\"],\"articleSection\":[\"Haus &amp; Garten\"],\"inLanguage\":\"de\"},{\"@type\":\"WebPage\",\"@id\":\"https:\\\/\\\/www.strassenweb.de\\\/nachrichten\\\/verlangen-sie-eine-frische-wendung-auf-gruen-es-beginnt-mit-martha-stewarts-akzentstuhl-es-ist-unsere-neue-wichtige-ausstattung\\\/\",\"url\":\"https:\\\/\\\/www.strassenweb.de\\\/nachrichten\\\/verlangen-sie-eine-frische-wendung-auf-gruen-es-beginnt-mit-martha-stewarts-akzentstuhl-es-ist-unsere-neue-wichtige-ausstattung\\\/\",\"name\":\"Verlangen Sie eine frische Wendung auf Gr\u00fcn? Es beginnt mit Martha Stewarts Akzentstuhl - es ist unsere neue wichtige Ausstattung - Nachrichten - Stra\u00dfenweb\",\"isPartOf\":{\"@id\":\"https:\\\/\\\/www.strassenweb.de\\\/nachrichten\\\/#website\"},\"primaryImageOfPage\":{\"@id\":\"https:\\\/\\\/www.strassenweb.de\\\/nachrichten\\\/verlangen-sie-eine-frische-wendung-auf-gruen-es-beginnt-mit-martha-stewarts-akzentstuhl-es-ist-unsere-neue-wichtige-ausstattung\\\/#primaryimage\"},\"image\":{\"@id\":\"https:\\\/\\\/www.strassenweb.de\\\/nachrichten\\\/verlangen-sie-eine-frische-wendung-auf-gruen-es-beginnt-mit-martha-stewarts-akzentstuhl-es-ist-unsere-neue-wichtige-ausstattung\\\/#primaryimage\"},\"thumbnailUrl\":\"https:\\\/\\\/www.strassenweb.de\\\/nachrichten\\\/wp-content\\\/uploads\\\/2025\\\/05\\\/rnzho2YbjY25YLV5MmuttK.jpg\",\"datePublished\":\"2025-06-03T19:41:29+00:00\",\"dateModified\":\"2025-06-03T19:41:30+00:00\",\"breadcrumb\":{\"@id\":\"https:\\\/\\\/www.strassenweb.de\\\/nachrichten\\\/verlangen-sie-eine-frische-wendung-auf-gruen-es-beginnt-mit-martha-stewarts-akzentstuhl-es-ist-unsere-neue-wichtige-ausstattung\\\/#breadcrumb\"},\"inLanguage\":\"de\",\"potentialAction\":[{\"@type\":\"ReadAction\",\"target\":[\"https:\\\/\\\/www.strassenweb.de\\\/nachrichten\\\/verlangen-sie-eine-frische-wendung-auf-gruen-es-beginnt-mit-martha-stewarts-akzentstuhl-es-ist-unsere-neue-wichtige-ausstattung\\\/\"]}]},{\"@type\":\"ImageObject\",\"inLanguage\":\"de\",\"@id\":\"https:\\\/\\\/www.strassenweb.de\\\/nachrichten\\\/verlangen-sie-eine-frische-wendung-auf-gruen-es-beginnt-mit-martha-stewarts-akzentstuhl-es-ist-unsere-neue-wichtige-ausstattung\\\/#primaryimage\",\"url\":\"https:\\\/\\\/www.strassenweb.de\\\/nachrichten\\\/wp-content\\\/uploads\\\/2025\\\/05\\\/rnzho2YbjY25YLV5MmuttK.jpg\",\"contentUrl\":\"https:\\\/\\\/www.strassenweb.de\\\/nachrichten\\\/wp-content\\\/uploads\\\/2025\\\/05\\\/rnzho2YbjY25YLV5MmuttK.jpg\",\"width\":1600,\"height\":900,\"caption\":\"Martha Stewart\"},{\"@type\":\"BreadcrumbList\",\"@id\":\"https:\\\/\\\/www.strassenweb.de\\\/nachrichten\\\/verlangen-sie-eine-frische-wendung-auf-gruen-es-beginnt-mit-martha-stewarts-akzentstuhl-es-ist-unsere-neue-wichtige-ausstattung\\\/#breadcrumb\",\"itemListElement\":[{\"@type\":\"ListItem\",\"position\":1,\"name\":\"Home\",\"item\":\"https:\\\/\\\/www.strassenweb.de\\\/nachrichten\\\/\"},{\"@type\":\"ListItem\",\"position\":2,\"name\":\"Verlangen Sie eine frische Wendung auf Gr\u00fcn? Es beginnt mit Martha Stewarts Akzentstuhl &#8211; es ist unsere neue wichtige Ausstattung\"}]},{\"@type\":\"WebSite\",\"@id\":\"https:\\\/\\\/www.strassenweb.de\\\/nachrichten\\\/#website\",\"url\":\"https:\\\/\\\/www.strassenweb.de\\\/nachrichten\\\/\",\"name\":\"Stra\u00dfenweb\",\"description\":\"Stra\u00dfenverzeichnis f\u00fcr Deutschland\",\"publisher\":{\"@id\":\"https:\\\/\\\/www.strassenweb.de\\\/nachrichten\\\/#organization\"},\"potentialAction\":[{\"@type\":\"SearchAction\",\"target\":{\"@type\":\"EntryPoint\",\"urlTemplate\":\"https:\\\/\\\/www.strassenweb.de\\\/nachrichten\\\/?s={search_term_string}\"},\"query-input\":{\"@type\":\"PropertyValueSpecification\",\"valueRequired\":true,\"valueName\":\"search_term_string\"}}],\"inLanguage\":\"de\"},{\"@type\":\"Organization\",\"@id\":\"https:\\\/\\\/www.strassenweb.de\\\/nachrichten\\\/#organization\",\"name\":\"Stra\u00dfenweb\",\"url\":\"https:\\\/\\\/www.strassenweb.de\\\/nachrichten\\\/\",\"logo\":{\"@type\":\"ImageObject\",\"inLanguage\":\"de\",\"@id\":\"https:\\\/\\\/www.strassenweb.de\\\/nachrichten\\\/#\\\/schema\\\/logo\\\/image\\\/\",\"url\":\"https:\\\/\\\/www.strassenweb.de\\\/nachrichten\\\/wp-content\\\/uploads\\\/2024\\\/09\\\/cropped-favicon.png\",\"contentUrl\":\"https:\\\/\\\/www.strassenweb.de\\\/nachrichten\\\/wp-content\\\/uploads\\\/2024\\\/09\\\/cropped-favicon.png\",\"width\":512,\"height\":512,\"caption\":\"Stra\u00dfenweb\"},\"image\":{\"@id\":\"https:\\\/\\\/www.strassenweb.de\\\/nachrichten\\\/#\\\/schema\\\/logo\\\/image\\\/\"},\"sameAs\":[\"https:\\\/\\\/www.facebook.com\\\/strassenweb\\\/\"]},{\"@type\":\"Person\",\"@id\":\"https:\\\/\\\/www.strassenweb.de\\\/nachrichten\\\/#\\\/schema\\\/person\\\/87c9c9067f1211da429a744dc5a5aa41\",\"name\":\"Robert Hoffmann\",\"image\":{\"@type\":\"ImageObject\",\"inLanguage\":\"de\",\"@id\":\"https:\\\/\\\/www.strassenweb.de\\\/nachrichten\\\/wp-content\\\/uploads\\\/2024\\\/09\\\/strassenweb-150x150.jpg\",\"url\":\"https:\\\/\\\/www.strassenweb.de\\\/nachrichten\\\/wp-content\\\/uploads\\\/2024\\\/09\\\/strassenweb-150x150.jpg\",\"contentUrl\":\"https:\\\/\\\/www.strassenweb.de\\\/nachrichten\\\/wp-content\\\/uploads\\\/2024\\\/09\\\/strassenweb-150x150.jpg\",\"caption\":\"Robert Hoffmann\"},\"description\":\"Ich hei\u00dfe Robert Hoffmann und ich bin ein leidenschaftlicher Verfechter von \u00d6kologie und Biodiversit\u00e4t. Seit meiner Kindheit in den W\u00e4ldern Bayerns f\u00fchle ich mich mit der Natur verbunden und bin entschlossen, sie zu sch\u00fctzen. Heute widme ich mein Leben der Sensibilisierung anderer f\u00fcr die Bedeutung des Umweltschutzes f\u00fcr zuk\u00fcnftige Generationen.\",\"sameAs\":[\"https:\\\/\\\/www.strassenweb.de\\\/\"]}]}<\/script>\n<!-- \/ Yoast SEO plugin. -->","yoast_head_json":{"title":"Verlangen Sie eine frische Wendung auf Gr\u00fcn? Es beginnt mit Martha Stewarts Akzentstuhl - es ist unsere neue wichtige Ausstattung - Nachrichten - Stra\u00dfenweb","robots":{"index":"index","follow":"follow","max-snippet":"max-snippet:-1","max-image-preview":"max-image-preview:large","max-video-preview":"max-video-preview:-1"},"canonical":"https:\/\/www.strassenweb.de\/nachrichten\/verlangen-sie-eine-frische-wendung-auf-gruen-es-beginnt-mit-martha-stewarts-akzentstuhl-es-ist-unsere-neue-wichtige-ausstattung\/","og_locale":"de_DE","og_type":"article","og_title":"Verlangen Sie eine frische Wendung auf Gr\u00fcn? Es beginnt mit Martha Stewarts Akzentstuhl - es ist unsere neue wichtige Ausstattung - Nachrichten - Stra\u00dfenweb","og_description":"Einige von uns m\u00f6gen es, Gr\u00fcn auf nat\u00fcrliche Weise in das Haus zu infundieren-durch Dekoration mit Pflanzen-, w\u00e4hrend andere gerne diesen von Natur inspirierten Farbton","og_url":"https:\/\/www.strassenweb.de\/nachrichten\/verlangen-sie-eine-frische-wendung-auf-gruen-es-beginnt-mit-martha-stewarts-akzentstuhl-es-ist-unsere-neue-wichtige-ausstattung\/","og_site_name":"Stra\u00dfenweb","article_publisher":"https:\/\/www.facebook.com\/strassenweb\/","article_published_time":"2025-06-03T19:41:29+00:00","article_modified_time":"2025-06-03T19:41:30+00:00","og_image":[{"width":1600,"height":900,"url":"https:\/\/www.strassenweb.de\/nachrichten\/wp-content\/uploads\/2025\/05\/rnzho2YbjY25YLV5MmuttK.jpg","type":"image\/jpeg"}],"author":"Robert Hoffmann","twitter_card":"summary_large_image","twitter_misc":{"Verfasst von":"Robert Hoffmann","Gesch\u00e4tzte Lesezeit":"2\u00a0Minuten"},"schema":{"@context":"https:\/\/schema.org","@graph":[{"@type":"Article","@id":"https:\/\/www.strassenweb.de\/nachrichten\/verlangen-sie-eine-frische-wendung-auf-gruen-es-beginnt-mit-martha-stewarts-akzentstuhl-es-ist-unsere-neue-wichtige-ausstattung\/#article","isPartOf":{"@id":"https:\/\/www.strassenweb.de\/nachrichten\/verlangen-sie-eine-frische-wendung-auf-gruen-es-beginnt-mit-martha-stewarts-akzentstuhl-es-ist-unsere-neue-wichtige-ausstattung\/"},"author":{"name":"Robert Hoffmann","@id":"https:\/\/www.strassenweb.de\/nachrichten\/#\/schema\/person\/87c9c9067f1211da429a744dc5a5aa41"},"headline":"Verlangen Sie eine frische Wendung auf Gr\u00fcn? Es beginnt mit Martha Stewarts Akzentstuhl &#8211; es ist unsere neue wichtige Ausstattung","datePublished":"2025-06-03T19:41:29+00:00","dateModified":"2025-06-03T19:41:30+00:00","mainEntityOfPage":{"@id":"https:\/\/www.strassenweb.de\/nachrichten\/verlangen-sie-eine-frische-wendung-auf-gruen-es-beginnt-mit-martha-stewarts-akzentstuhl-es-ist-unsere-neue-wichtige-ausstattung\/"},"wordCount":506,"publisher":{"@id":"https:\/\/www.strassenweb.de\/nachrichten\/#organization"},"image":{"@id":"https:\/\/www.strassenweb.de\/nachrichten\/verlangen-sie-eine-frische-wendung-auf-gruen-es-beginnt-mit-martha-stewarts-akzentstuhl-es-ist-unsere-neue-wichtige-ausstattung\/#primaryimage"},"thumbnailUrl":"https:\/\/www.strassenweb.de\/nachrichten\/wp-content\/uploads\/2025\/05\/rnzho2YbjY25YLV5MmuttK.jpg","keywords":["Akzentstuhl","auf","Ausstattung","beginnt","eine","frische","Gr\u00fcn","ist","Martha","mit","Neue","Sie","Stewarts","Unsere","Verlangen","Wendung","wichtige"],"articleSection":["Haus &amp; Garten"],"inLanguage":"de"},{"@type":"WebPage","@id":"https:\/\/www.strassenweb.de\/nachrichten\/verlangen-sie-eine-frische-wendung-auf-gruen-es-beginnt-mit-martha-stewarts-akzentstuhl-es-ist-unsere-neue-wichtige-ausstattung\/","url":"https:\/\/www.strassenweb.de\/nachrichten\/verlangen-sie-eine-frische-wendung-auf-gruen-es-beginnt-mit-martha-stewarts-akzentstuhl-es-ist-unsere-neue-wichtige-ausstattung\/","name":"Verlangen Sie eine frische Wendung auf Gr\u00fcn? Es beginnt mit Martha Stewarts Akzentstuhl - es ist unsere neue wichtige Ausstattung - Nachrichten - Stra\u00dfenweb","isPartOf":{"@id":"https:\/\/www.strassenweb.de\/nachrichten\/#website"},"primaryImageOfPage":{"@id":"https:\/\/www.strassenweb.de\/nachrichten\/verlangen-sie-eine-frische-wendung-auf-gruen-es-beginnt-mit-martha-stewarts-akzentstuhl-es-ist-unsere-neue-wichtige-ausstattung\/#primaryimage"},"image":{"@id":"https:\/\/www.strassenweb.de\/nachrichten\/verlangen-sie-eine-frische-wendung-auf-gruen-es-beginnt-mit-martha-stewarts-akzentstuhl-es-ist-unsere-neue-wichtige-ausstattung\/#primaryimage"},"thumbnailUrl":"https:\/\/www.strassenweb.de\/nachrichten\/wp-content\/uploads\/2025\/05\/rnzho2YbjY25YLV5MmuttK.jpg","datePublished":"2025-06-03T19:41:29+00:00","dateModified":"2025-06-03T19:41:30+00:00","breadcrumb":{"@id":"https:\/\/www.strassenweb.de\/nachrichten\/verlangen-sie-eine-frische-wendung-auf-gruen-es-beginnt-mit-martha-stewarts-akzentstuhl-es-ist-unsere-neue-wichtige-ausstattung\/#breadcrumb"},"inLanguage":"de","potentialAction":[{"@type":"ReadAction","target":["https:\/\/www.strassenweb.de\/nachrichten\/verlangen-sie-eine-frische-wendung-auf-gruen-es-beginnt-mit-martha-stewarts-akzentstuhl-es-ist-unsere-neue-wichtige-ausstattung\/"]}]},{"@type":"ImageObject","inLanguage":"de","@id":"https:\/\/www.strassenweb.de\/nachrichten\/verlangen-sie-eine-frische-wendung-auf-gruen-es-beginnt-mit-martha-stewarts-akzentstuhl-es-ist-unsere-neue-wichtige-ausstattung\/#primaryimage","url":"https:\/\/www.strassenweb.de\/nachrichten\/wp-content\/uploads\/2025\/05\/rnzho2YbjY25YLV5MmuttK.jpg","contentUrl":"https:\/\/www.strassenweb.de\/nachrichten\/wp-content\/uploads\/2025\/05\/rnzho2YbjY25YLV5MmuttK.jpg","width":1600,"height":900,"caption":"Martha Stewart"},{"@type":"BreadcrumbList","@id":"https:\/\/www.strassenweb.de\/nachrichten\/verlangen-sie-eine-frische-wendung-auf-gruen-es-beginnt-mit-martha-stewarts-akzentstuhl-es-ist-unsere-neue-wichtige-ausstattung\/#breadcrumb","itemListElement":[{"@type":"ListItem","position":1,"name":"Home","item":"https:\/\/www.strassenweb.de\/nachrichten\/"},{"@type":"ListItem","position":2,"name":"Verlangen Sie eine frische Wendung auf Gr\u00fcn? Es beginnt mit Martha Stewarts Akzentstuhl &#8211; es ist unsere neue wichtige Ausstattung"}]},{"@type":"WebSite","@id":"https:\/\/www.strassenweb.de\/nachrichten\/#website","url":"https:\/\/www.strassenweb.de\/nachrichten\/","name":"Stra\u00dfenweb","description":"Stra\u00dfenverzeichnis f\u00fcr Deutschland","publisher":{"@id":"https:\/\/www.strassenweb.de\/nachrichten\/#organization"},"potentialAction":[{"@type":"SearchAction","target":{"@type":"EntryPoint","urlTemplate":"https:\/\/www.strassenweb.de\/nachrichten\/?s={search_term_string}"},"query-input":{"@type":"PropertyValueSpecification","valueRequired":true,"valueName":"search_term_string"}}],"inLanguage":"de"},{"@type":"Organization","@id":"https:\/\/www.strassenweb.de\/nachrichten\/#organization","name":"Stra\u00dfenweb","url":"https:\/\/www.strassenweb.de\/nachrichten\/","logo":{"@type":"ImageObject","inLanguage":"de","@id":"https:\/\/www.strassenweb.de\/nachrichten\/#\/schema\/logo\/image\/","url":"https:\/\/www.strassenweb.de\/nachrichten\/wp-content\/uploads\/2024\/09\/cropped-favicon.png","contentUrl":"https:\/\/www.strassenweb.de\/nachrichten\/wp-content\/uploads\/2024\/09\/cropped-favicon.png","width":512,"height":512,"caption":"Stra\u00dfenweb"},"image":{"@id":"https:\/\/www.strassenweb.de\/nachrichten\/#\/schema\/logo\/image\/"},"sameAs":["https:\/\/www.facebook.com\/strassenweb\/"]},{"@type":"Person","@id":"https:\/\/www.strassenweb.de\/nachrichten\/#\/schema\/person\/87c9c9067f1211da429a744dc5a5aa41","name":"Robert Hoffmann","image":{"@type":"ImageObject","inLanguage":"de","@id":"https:\/\/www.strassenweb.de\/nachrichten\/wp-content\/uploads\/2024\/09\/strassenweb-150x150.jpg","url":"https:\/\/www.strassenweb.de\/nachrichten\/wp-content\/uploads\/2024\/09\/strassenweb-150x150.jpg","contentUrl":"https:\/\/www.strassenweb.de\/nachrichten\/wp-content\/uploads\/2024\/09\/strassenweb-150x150.jpg","caption":"Robert Hoffmann"},"description":"Ich hei\u00dfe Robert Hoffmann und ich bin ein leidenschaftlicher Verfechter von \u00d6kologie und Biodiversit\u00e4t. Seit meiner Kindheit in den W\u00e4ldern Bayerns f\u00fchle ich mich mit der Natur verbunden und bin entschlossen, sie zu sch\u00fctzen. Heute widme ich mein Leben der Sensibilisierung anderer f\u00fcr die Bedeutung des Umweltschutzes f\u00fcr zuk\u00fcnftige Generationen.","sameAs":["https:\/\/www.strassenweb.de\/"]}]}},"_links":{"self":[{"href":"https:\/\/www.strassenweb.de\/nachrichten\/wp-json\/wp\/v2\/posts\/5454","targetHints":{"allow":["GET"]}}],"collection":[{"href":"https:\/\/www.strassenweb.de\/nachrichten\/wp-json\/wp\/v2\/posts"}],"about":[{"href":"https:\/\/www.strassenweb.de\/nachrichten\/wp-json\/wp\/v2\/types\/post"}],"author":[{"embeddable":true,"href":"https:\/\/www.strassenweb.de\/nachrichten\/wp-json\/wp\/v2\/users\/1"}],"replies":[{"embeddable":true,"href":"https:\/\/www.strassenweb.de\/nachrichten\/wp-json\/wp\/v2\/comments?post=5454"}],"version-history":[{"count":0,"href":"https:\/\/www.strassenweb.de\/nachrichten\/wp-json\/wp\/v2\/posts\/5454\/revisions"}],"wp:featuredmedia":[{"embeddable":true,"href":"https:\/\/www.strassenweb.de\/nachrichten\/wp-json\/wp\/v2\/media\/4936"}],"wp:attachment":[{"href":"https:\/\/www.strassenweb.de\/nachrichten\/wp-json\/wp\/v2\/media?parent=5454"}],"wp:term":[{"taxonomy":"category","embeddable":true,"href":"https:\/\/www.strassenweb.de\/nachrichten\/wp-json\/wp\/v2\/categories?post=5454"},{"taxonomy":"post_tag","embeddable":true,"href":"https:\/\/www.strassenweb.de\/nachrichten\/wp-json\/wp\/v2\/tags?post=5454"}],"curies":[{"name":"wp","href":"https:\/\/api.w.org\/{rel}","templated":true}]}}