{"id":5442,"date":"2025-06-03T10:39:35","date_gmt":"2025-06-03T08:39:35","guid":{"rendered":"https:\/\/www.strassenweb.de\/nachrichten\/100-000-boost-fuer-die-community-die-daran-arbeitet-die-meere-von-arran-zu-retten\/"},"modified":"2025-06-03T10:39:35","modified_gmt":"2025-06-03T08:39:35","slug":"100-000-boost-fuer-die-community-die-daran-arbeitet-die-meere-von-arran-zu-retten","status":"publish","type":"post","link":"https:\/\/www.strassenweb.de\/nachrichten\/100-000-boost-fuer-die-community-die-daran-arbeitet-die-meere-von-arran-zu-retten\/","title":{"rendered":"\u00a3 100.000 Boost f\u00fcr die Community, die daran arbeitet, die Meere von Arran zu retten"},"content":{"rendered":"<p><em>Standort in David Attenboroughs Ocean-Dokumentarfilm zur Hervorhebung der sch\u00e4dlichen Auswirkungen von Bodtrawling, die Finanzmittel f\u00fcr die Erweiterung der Gemeinschaftsberatung hervorheben <\/em><\/p>\n<p>Eine weltbekannte gemeinn\u00fctzige Wohlt\u00e4tigkeitsorganisation auf der Isle of Arran erhielt 100.000 Pfund, um seine Gemeinschaftskonsultationen in einem entscheidenden n\u00e4chsten Schritt zum Schutz und zur Wiederherstellung der schottischen Meere zu erweitern. <\/p>\n<p>Die Gemeinde des Arran Seabon Trust oder Coast erhielt im Rahmen des j\u00e4hrlichen Challenge -Fonds der Wohlt\u00e4tigkeitsorganisation eine Finanzierung von Gro\u00dfbritannien &#8211; eine Initiative, die die Skalierung von Rewilding in Gro\u00dfbritannien unterst\u00fctzt. <\/p>\n<p>Die Finanzierung wird das Rewilding -Projekt von Coast \u201eCommunities &#038; the Sea: Erkundung unserer K\u00fcstengew\u00e4sser\u201c unterst\u00fctzen, um Gemeinden au\u00dferhalb des vorhandenen marinen Schutzgebiets zu engagieren, das 2014 von der K\u00fcste angef\u00fchrt wurde. Die Wohlt\u00e4tigkeitsorganisation verf\u00fcgt \u00fcber eine \u00dcbereinstimmung mit dem Projekt aus dem von NaturesCot verwalteten Naturrestaurationsfonds der schottischen Regierung.<\/p>\n<p>Zu den geplanten Initiativen zur Bek\u00e4mpfung von Community -Engagement geh\u00f6ren die M\u00f6glichkeit f\u00fcr Mitglieder der Gemeinschaft, das Schiff von Coast Coast zu befassen, und die Meeresboden zu erkunden, die derzeit nicht unter Marine -Schutz \u00fcber einen speziellen Bildschirm an Bord des Bootes unterbrochen werden. Durch die Bereitstellung dieser Engagement -M\u00f6glichkeiten kann Coast direkt mit der Gemeinde zusammenarbeiten, um die Zukunft der marinen Naturschutzarbeit zum Nutzen von Natur, Klima, Wirtschaft und Menschen am besten zu gestalten. <\/p>\n<p><strong>Jacques Villemot, Marine Rewilding Policy und Advocacy Lead bei Rewilding Britain,<\/strong> sagte: \u201eCoast ist eine der inspirierendsten von der Gemeinschaft gef\u00fchrten Marine-Rewilding-Projekte in Gro\u00dfbritannien und ein weltbekanntes Beispiel daf\u00fcr, wie eine lokale Gemeinschaft ihre Meeresumgebung wiederherstellen kann und dabei Jobs und Unternehmen unterst\u00fctzt. <\/p>\n<p>\u201eDie Verbesserung solcher lebenswichtigen REWILLING -Projekte f\u00fcr Meeresanw\u00e4lte ist f\u00fcr die Wiederherstellung unserer Ozeane in die Gesundheit von entscheidender Bedeutung. Die entscheidende Arbeit von Coast ist ein Beweis daf\u00fcr, dass selbst die am st\u00e4rksten erniedrigten Lebensr\u00e4ume sich erholen k\u00f6nnen, wenn sie angemessenen Schutz erhalten, und wir sind erfreut, sie bei der Erh\u00f6hung ihrer Vision f\u00fcr ges\u00fcndere Meere und florierende Gemeinschaften zu unterst\u00fctzen.\u201c <\/p>\n<p>Coast war die treibende Kraft hinter dem Establishment in Arrans Lamlash Bay von Schottlands erster &#8211; und nur noch &#8211; keine Take -Zone, in der es nach keiner Methode entfernen kann. Dieses Pionierabkommen sch\u00fctzt das Gew\u00e4sser, Meeresboden und Lebensr\u00e4ume in diesem Bereich von 2,67 km\u00b2 &#8211; einschlie\u00dflich eines der gr\u00f6\u00dften Maerl -Betten in Schottland, einem korallinen rosa Seetang, der f\u00fcr kleine Arten lebenswichtiger Schutz bietet. Die No Take -Zone befindet sich innerhalb eines gr\u00f6\u00dferen 280 km\u00b2 gro\u00dfen Meeresschutzgebiets, der 2014 nach zunehmenden Bedenken der K\u00fcste \u00fcber den Abbau des Firth of Clyde Marine -\u00d6kosystems ausgewiesen wurde. <\/p>\n<p>Eines der Gr\u00fcndungsmitglieder von Coast, Don MacNeish, zeigt in David Attenboroughs neuem Dokumentarfilm <em>Ozean<\/em> Wo zu den Zuschauern aus erster Hand gezeigt wird, die verheerenden Auswirkungen des Bodens auf die Lebensr\u00e4ume und die Tierwelt des Bodens. MacNeish, ein Arran -Taucher, half 1995 bei der Einrichtung der K\u00fcste mit dem Ziel, den schockierenden Niedergang umzukehren, den er in Arrans marinen Lebensr\u00e4umen beobachtet hatte. <\/p>\n<p>Nach den Bezeichnungen des Ozeans war die Wiederherstellung des Meereslebens dramatisch und verdoppelte den Artenreichtum innerhalb des s\u00fcdlichen Arran -Marine -Schutzgebiets. Dies umfasst kommerziell wichtige Arten wie Hummer und Jakobsmuschel, wodurch die lokale traditionelle Creel -Fischerei unterst\u00fctzt wird. Es hat auch zur Schaffung einer Vielzahl lokaler Besch\u00e4ftigungsm\u00f6glichkeiten bei der Wiederherstellung der Meeres, der Gemeinschaftsbindung, des Projektmanagements und der Forschung beigetragen.<\/p>\n<p><strong>\u00c1ine Purcell-Milton, Gesch\u00e4ftsf\u00fchrerin bei Coast,<\/strong> sagte: \u201eCoast wurde von der Gemeinde f\u00fcr die Gemeinde gegr\u00fcndet &#8211; von den Menschen, die in Arran leben und sie lieben, und f\u00fcr die besondere K\u00fcste, die wir alle sch\u00e4tzen.<\/p>\n<p>\u201eArran zeigt, wie effektiv der Schutz des Ozeans wie das No Take -Zone und das marine Schutzgebiet unseren Meeren helfen kann, sich zu erholen und zu gedeihen. Gemeinschaften au\u00dferhalb des marinen Schutzgebiets sehen die Vorteile dieser Bezeichnungen und wollen mehr lernen. Diese Finanzierung von Wiederaufnahme von Britain ist die n\u00e4chste entscheidende Schritt, um diese Gemeinde zu verleihen. <\/p>\n<hr class=\"wp-block-separator has-alpha-channel-opacity\">\n<p>Bildnachweis: SUNSTAR Juvenile Jakobsmuscheln, Affenpuzzle Bryozoen, Howard Wood <em>Gro\u00dfbritannien neu aufgewiesen<\/em> &#038; K\u00fcste<\/p><\/p>\n","protected":false},"excerpt":{"rendered":"<p>Standort in David Attenboroughs Ocean-Dokumentarfilm zur Hervorhebung der sch\u00e4dlichen Auswirkungen von Bodtrawling, die Finanzmittel f\u00fcr die Erweiterung der Gemeinschaftsberatung hervorheben Eine weltbekannte gemeinn\u00fctzige Wohlt\u00e4tigkeitsorganisation auf<\/p>\n","protected":false},"author":1,"featured_media":5443,"comment_status":"closed","ping_status":"","sticky":false,"template":"","format":"standard","meta":{"footnotes":""},"categories":[101],"tags":[300,7762,4454,7760,2878,9,55,7761,230,21],"class_list":["post-5442","post","type-post","status-publish","format-standard","has-post-thumbnail","hentry","category-oekologie","tag-arbeitet","tag-arran","tag-boost","tag-community","tag-daran","tag-die","tag-fuer","tag-meere","tag-retten","tag-von","generate-columns","tablet-grid-50","mobile-grid-100","grid-parent","grid-50"],"yoast_head":"<!-- This site is optimized with the Yoast SEO plugin v27.3 - https:\/\/yoast.com\/product\/yoast-seo-wordpress\/ -->\n<title>\u00a3 100.000 Boost f\u00fcr die Community, die daran arbeitet, die Meere von Arran zu retten - Nachrichten - Stra\u00dfenweb<\/title>\n<meta name=\"robots\" content=\"index, follow, max-snippet:-1, max-image-preview:large, max-video-preview:-1\" \/>\n<link rel=\"canonical\" href=\"https:\/\/www.strassenweb.de\/nachrichten\/100-000-boost-fuer-die-community-die-daran-arbeitet-die-meere-von-arran-zu-retten\/\" \/>\n<meta property=\"og:locale\" content=\"de_DE\" \/>\n<meta property=\"og:type\" content=\"article\" \/>\n<meta property=\"og:title\" content=\"\u00a3 100.000 Boost f\u00fcr die Community, die daran arbeitet, die Meere von Arran zu retten - Nachrichten - Stra\u00dfenweb\" \/>\n<meta property=\"og:description\" content=\"Standort in David Attenboroughs Ocean-Dokumentarfilm zur Hervorhebung der sch\u00e4dlichen Auswirkungen von Bodtrawling, die Finanzmittel f\u00fcr die Erweiterung der Gemeinschaftsberatung hervorheben Eine weltbekannte gemeinn\u00fctzige Wohlt\u00e4tigkeitsorganisation auf\" \/>\n<meta property=\"og:url\" content=\"https:\/\/www.strassenweb.de\/nachrichten\/100-000-boost-fuer-die-community-die-daran-arbeitet-die-meere-von-arran-zu-retten\/\" \/>\n<meta property=\"og:site_name\" content=\"Stra\u00dfenweb\" \/>\n<meta property=\"article:publisher\" content=\"https:\/\/www.facebook.com\/strassenweb\/\" \/>\n<meta property=\"article:published_time\" content=\"2025-06-03T08:39:35+00:00\" \/>\n<meta property=\"og:image\" content=\"https:\/\/www.strassenweb.de\/nachrichten\/wp-content\/uploads\/2025\/06\/100000-Boost-fuer-die-Community-die-daran-arbeitet-die-Meere.jpg\" \/>\n\t<meta property=\"og:image:width\" content=\"900\" \/>\n\t<meta property=\"og:image:height\" content=\"592\" \/>\n\t<meta property=\"og:image:type\" content=\"image\/jpeg\" \/>\n<meta name=\"author\" content=\"Robert Hoffmann\" \/>\n<meta name=\"twitter:card\" content=\"summary_large_image\" \/>\n<meta name=\"twitter:label1\" content=\"Verfasst von\" \/>\n\t<meta name=\"twitter:data1\" content=\"Robert Hoffmann\" \/>\n\t<meta name=\"twitter:label2\" content=\"Gesch\u00e4tzte Lesezeit\" \/>\n\t<meta name=\"twitter:data2\" content=\"3\u00a0Minuten\" \/>\n<script type=\"application\/ld+json\" class=\"yoast-schema-graph\">{\"@context\":\"https:\\\/\\\/schema.org\",\"@graph\":[{\"@type\":\"Article\",\"@id\":\"https:\\\/\\\/www.strassenweb.de\\\/nachrichten\\\/100-000-boost-fuer-die-community-die-daran-arbeitet-die-meere-von-arran-zu-retten\\\/#article\",\"isPartOf\":{\"@id\":\"https:\\\/\\\/www.strassenweb.de\\\/nachrichten\\\/100-000-boost-fuer-die-community-die-daran-arbeitet-die-meere-von-arran-zu-retten\\\/\"},\"author\":{\"name\":\"Robert Hoffmann\",\"@id\":\"https:\\\/\\\/www.strassenweb.de\\\/nachrichten\\\/#\\\/schema\\\/person\\\/87c9c9067f1211da429a744dc5a5aa41\"},\"headline\":\"\u00a3 100.000 Boost f\u00fcr die Community, die daran arbeitet, die Meere von Arran zu retten\",\"datePublished\":\"2025-06-03T08:39:35+00:00\",\"mainEntityOfPage\":{\"@id\":\"https:\\\/\\\/www.strassenweb.de\\\/nachrichten\\\/100-000-boost-fuer-die-community-die-daran-arbeitet-die-meere-von-arran-zu-retten\\\/\"},\"wordCount\":708,\"publisher\":{\"@id\":\"https:\\\/\\\/www.strassenweb.de\\\/nachrichten\\\/#organization\"},\"image\":{\"@id\":\"https:\\\/\\\/www.strassenweb.de\\\/nachrichten\\\/100-000-boost-fuer-die-community-die-daran-arbeitet-die-meere-von-arran-zu-retten\\\/#primaryimage\"},\"thumbnailUrl\":\"https:\\\/\\\/www.strassenweb.de\\\/nachrichten\\\/wp-content\\\/uploads\\\/2025\\\/06\\\/100000-Boost-fuer-die-Community-die-daran-arbeitet-die-Meere.jpg\",\"keywords\":[\"arbeitet\",\"Arran\",\"Boost\",\"Community\",\"daran\",\"die\",\"f\u00fcr\",\"Meere\",\"retten\",\"von\"],\"articleSection\":[\"\u00d6kologie\"],\"inLanguage\":\"de\"},{\"@type\":\"WebPage\",\"@id\":\"https:\\\/\\\/www.strassenweb.de\\\/nachrichten\\\/100-000-boost-fuer-die-community-die-daran-arbeitet-die-meere-von-arran-zu-retten\\\/\",\"url\":\"https:\\\/\\\/www.strassenweb.de\\\/nachrichten\\\/100-000-boost-fuer-die-community-die-daran-arbeitet-die-meere-von-arran-zu-retten\\\/\",\"name\":\"\u00a3 100.000 Boost f\u00fcr die Community, die daran arbeitet, die Meere von Arran zu retten - Nachrichten - Stra\u00dfenweb\",\"isPartOf\":{\"@id\":\"https:\\\/\\\/www.strassenweb.de\\\/nachrichten\\\/#website\"},\"primaryImageOfPage\":{\"@id\":\"https:\\\/\\\/www.strassenweb.de\\\/nachrichten\\\/100-000-boost-fuer-die-community-die-daran-arbeitet-die-meere-von-arran-zu-retten\\\/#primaryimage\"},\"image\":{\"@id\":\"https:\\\/\\\/www.strassenweb.de\\\/nachrichten\\\/100-000-boost-fuer-die-community-die-daran-arbeitet-die-meere-von-arran-zu-retten\\\/#primaryimage\"},\"thumbnailUrl\":\"https:\\\/\\\/www.strassenweb.de\\\/nachrichten\\\/wp-content\\\/uploads\\\/2025\\\/06\\\/100000-Boost-fuer-die-Community-die-daran-arbeitet-die-Meere.jpg\",\"datePublished\":\"2025-06-03T08:39:35+00:00\",\"breadcrumb\":{\"@id\":\"https:\\\/\\\/www.strassenweb.de\\\/nachrichten\\\/100-000-boost-fuer-die-community-die-daran-arbeitet-die-meere-von-arran-zu-retten\\\/#breadcrumb\"},\"inLanguage\":\"de\",\"potentialAction\":[{\"@type\":\"ReadAction\",\"target\":[\"https:\\\/\\\/www.strassenweb.de\\\/nachrichten\\\/100-000-boost-fuer-die-community-die-daran-arbeitet-die-meere-von-arran-zu-retten\\\/\"]}]},{\"@type\":\"ImageObject\",\"inLanguage\":\"de\",\"@id\":\"https:\\\/\\\/www.strassenweb.de\\\/nachrichten\\\/100-000-boost-fuer-die-community-die-daran-arbeitet-die-meere-von-arran-zu-retten\\\/#primaryimage\",\"url\":\"https:\\\/\\\/www.strassenweb.de\\\/nachrichten\\\/wp-content\\\/uploads\\\/2025\\\/06\\\/100000-Boost-fuer-die-Community-die-daran-arbeitet-die-Meere.jpg\",\"contentUrl\":\"https:\\\/\\\/www.strassenweb.de\\\/nachrichten\\\/wp-content\\\/uploads\\\/2025\\\/06\\\/100000-Boost-fuer-die-Community-die-daran-arbeitet-die-Meere.jpg\",\"width\":900,\"height\":592,\"caption\":\"\u00a3100k boost for community working to save Arran\u2019s seas\"},{\"@type\":\"BreadcrumbList\",\"@id\":\"https:\\\/\\\/www.strassenweb.de\\\/nachrichten\\\/100-000-boost-fuer-die-community-die-daran-arbeitet-die-meere-von-arran-zu-retten\\\/#breadcrumb\",\"itemListElement\":[{\"@type\":\"ListItem\",\"position\":1,\"name\":\"Home\",\"item\":\"https:\\\/\\\/www.strassenweb.de\\\/nachrichten\\\/\"},{\"@type\":\"ListItem\",\"position\":2,\"name\":\"\u00a3 100.000 Boost f\u00fcr die Community, die daran arbeitet, die Meere von Arran zu retten\"}]},{\"@type\":\"WebSite\",\"@id\":\"https:\\\/\\\/www.strassenweb.de\\\/nachrichten\\\/#website\",\"url\":\"https:\\\/\\\/www.strassenweb.de\\\/nachrichten\\\/\",\"name\":\"Stra\u00dfenweb\",\"description\":\"Stra\u00dfenverzeichnis f\u00fcr Deutschland\",\"publisher\":{\"@id\":\"https:\\\/\\\/www.strassenweb.de\\\/nachrichten\\\/#organization\"},\"potentialAction\":[{\"@type\":\"SearchAction\",\"target\":{\"@type\":\"EntryPoint\",\"urlTemplate\":\"https:\\\/\\\/www.strassenweb.de\\\/nachrichten\\\/?s={search_term_string}\"},\"query-input\":{\"@type\":\"PropertyValueSpecification\",\"valueRequired\":true,\"valueName\":\"search_term_string\"}}],\"inLanguage\":\"de\"},{\"@type\":\"Organization\",\"@id\":\"https:\\\/\\\/www.strassenweb.de\\\/nachrichten\\\/#organization\",\"name\":\"Stra\u00dfenweb\",\"url\":\"https:\\\/\\\/www.strassenweb.de\\\/nachrichten\\\/\",\"logo\":{\"@type\":\"ImageObject\",\"inLanguage\":\"de\",\"@id\":\"https:\\\/\\\/www.strassenweb.de\\\/nachrichten\\\/#\\\/schema\\\/logo\\\/image\\\/\",\"url\":\"https:\\\/\\\/www.strassenweb.de\\\/nachrichten\\\/wp-content\\\/uploads\\\/2024\\\/09\\\/cropped-favicon.png\",\"contentUrl\":\"https:\\\/\\\/www.strassenweb.de\\\/nachrichten\\\/wp-content\\\/uploads\\\/2024\\\/09\\\/cropped-favicon.png\",\"width\":512,\"height\":512,\"caption\":\"Stra\u00dfenweb\"},\"image\":{\"@id\":\"https:\\\/\\\/www.strassenweb.de\\\/nachrichten\\\/#\\\/schema\\\/logo\\\/image\\\/\"},\"sameAs\":[\"https:\\\/\\\/www.facebook.com\\\/strassenweb\\\/\"]},{\"@type\":\"Person\",\"@id\":\"https:\\\/\\\/www.strassenweb.de\\\/nachrichten\\\/#\\\/schema\\\/person\\\/87c9c9067f1211da429a744dc5a5aa41\",\"name\":\"Robert Hoffmann\",\"image\":{\"@type\":\"ImageObject\",\"inLanguage\":\"de\",\"@id\":\"https:\\\/\\\/www.strassenweb.de\\\/nachrichten\\\/wp-content\\\/uploads\\\/2024\\\/09\\\/strassenweb-150x150.jpg\",\"url\":\"https:\\\/\\\/www.strassenweb.de\\\/nachrichten\\\/wp-content\\\/uploads\\\/2024\\\/09\\\/strassenweb-150x150.jpg\",\"contentUrl\":\"https:\\\/\\\/www.strassenweb.de\\\/nachrichten\\\/wp-content\\\/uploads\\\/2024\\\/09\\\/strassenweb-150x150.jpg\",\"caption\":\"Robert Hoffmann\"},\"description\":\"Ich hei\u00dfe Robert Hoffmann und ich bin ein leidenschaftlicher Verfechter von \u00d6kologie und Biodiversit\u00e4t. Seit meiner Kindheit in den W\u00e4ldern Bayerns f\u00fchle ich mich mit der Natur verbunden und bin entschlossen, sie zu sch\u00fctzen. Heute widme ich mein Leben der Sensibilisierung anderer f\u00fcr die Bedeutung des Umweltschutzes f\u00fcr zuk\u00fcnftige Generationen.\",\"sameAs\":[\"https:\\\/\\\/www.strassenweb.de\\\/\"]}]}<\/script>\n<!-- \/ Yoast SEO plugin. -->","yoast_head_json":{"title":"\u00a3 100.000 Boost f\u00fcr die Community, die daran arbeitet, die Meere von Arran zu retten - Nachrichten - Stra\u00dfenweb","robots":{"index":"index","follow":"follow","max-snippet":"max-snippet:-1","max-image-preview":"max-image-preview:large","max-video-preview":"max-video-preview:-1"},"canonical":"https:\/\/www.strassenweb.de\/nachrichten\/100-000-boost-fuer-die-community-die-daran-arbeitet-die-meere-von-arran-zu-retten\/","og_locale":"de_DE","og_type":"article","og_title":"\u00a3 100.000 Boost f\u00fcr die Community, die daran arbeitet, die Meere von Arran zu retten - Nachrichten - Stra\u00dfenweb","og_description":"Standort in David Attenboroughs Ocean-Dokumentarfilm zur Hervorhebung der sch\u00e4dlichen Auswirkungen von Bodtrawling, die Finanzmittel f\u00fcr die Erweiterung der Gemeinschaftsberatung hervorheben Eine weltbekannte gemeinn\u00fctzige Wohlt\u00e4tigkeitsorganisation auf","og_url":"https:\/\/www.strassenweb.de\/nachrichten\/100-000-boost-fuer-die-community-die-daran-arbeitet-die-meere-von-arran-zu-retten\/","og_site_name":"Stra\u00dfenweb","article_publisher":"https:\/\/www.facebook.com\/strassenweb\/","article_published_time":"2025-06-03T08:39:35+00:00","og_image":[{"width":900,"height":592,"url":"https:\/\/www.strassenweb.de\/nachrichten\/wp-content\/uploads\/2025\/06\/100000-Boost-fuer-die-Community-die-daran-arbeitet-die-Meere.jpg","type":"image\/jpeg"}],"author":"Robert Hoffmann","twitter_card":"summary_large_image","twitter_misc":{"Verfasst von":"Robert Hoffmann","Gesch\u00e4tzte Lesezeit":"3\u00a0Minuten"},"schema":{"@context":"https:\/\/schema.org","@graph":[{"@type":"Article","@id":"https:\/\/www.strassenweb.de\/nachrichten\/100-000-boost-fuer-die-community-die-daran-arbeitet-die-meere-von-arran-zu-retten\/#article","isPartOf":{"@id":"https:\/\/www.strassenweb.de\/nachrichten\/100-000-boost-fuer-die-community-die-daran-arbeitet-die-meere-von-arran-zu-retten\/"},"author":{"name":"Robert Hoffmann","@id":"https:\/\/www.strassenweb.de\/nachrichten\/#\/schema\/person\/87c9c9067f1211da429a744dc5a5aa41"},"headline":"\u00a3 100.000 Boost f\u00fcr die Community, die daran arbeitet, die Meere von Arran zu retten","datePublished":"2025-06-03T08:39:35+00:00","mainEntityOfPage":{"@id":"https:\/\/www.strassenweb.de\/nachrichten\/100-000-boost-fuer-die-community-die-daran-arbeitet-die-meere-von-arran-zu-retten\/"},"wordCount":708,"publisher":{"@id":"https:\/\/www.strassenweb.de\/nachrichten\/#organization"},"image":{"@id":"https:\/\/www.strassenweb.de\/nachrichten\/100-000-boost-fuer-die-community-die-daran-arbeitet-die-meere-von-arran-zu-retten\/#primaryimage"},"thumbnailUrl":"https:\/\/www.strassenweb.de\/nachrichten\/wp-content\/uploads\/2025\/06\/100000-Boost-fuer-die-Community-die-daran-arbeitet-die-Meere.jpg","keywords":["arbeitet","Arran","Boost","Community","daran","die","f\u00fcr","Meere","retten","von"],"articleSection":["\u00d6kologie"],"inLanguage":"de"},{"@type":"WebPage","@id":"https:\/\/www.strassenweb.de\/nachrichten\/100-000-boost-fuer-die-community-die-daran-arbeitet-die-meere-von-arran-zu-retten\/","url":"https:\/\/www.strassenweb.de\/nachrichten\/100-000-boost-fuer-die-community-die-daran-arbeitet-die-meere-von-arran-zu-retten\/","name":"\u00a3 100.000 Boost f\u00fcr die Community, die daran arbeitet, die Meere von Arran zu retten - Nachrichten - Stra\u00dfenweb","isPartOf":{"@id":"https:\/\/www.strassenweb.de\/nachrichten\/#website"},"primaryImageOfPage":{"@id":"https:\/\/www.strassenweb.de\/nachrichten\/100-000-boost-fuer-die-community-die-daran-arbeitet-die-meere-von-arran-zu-retten\/#primaryimage"},"image":{"@id":"https:\/\/www.strassenweb.de\/nachrichten\/100-000-boost-fuer-die-community-die-daran-arbeitet-die-meere-von-arran-zu-retten\/#primaryimage"},"thumbnailUrl":"https:\/\/www.strassenweb.de\/nachrichten\/wp-content\/uploads\/2025\/06\/100000-Boost-fuer-die-Community-die-daran-arbeitet-die-Meere.jpg","datePublished":"2025-06-03T08:39:35+00:00","breadcrumb":{"@id":"https:\/\/www.strassenweb.de\/nachrichten\/100-000-boost-fuer-die-community-die-daran-arbeitet-die-meere-von-arran-zu-retten\/#breadcrumb"},"inLanguage":"de","potentialAction":[{"@type":"ReadAction","target":["https:\/\/www.strassenweb.de\/nachrichten\/100-000-boost-fuer-die-community-die-daran-arbeitet-die-meere-von-arran-zu-retten\/"]}]},{"@type":"ImageObject","inLanguage":"de","@id":"https:\/\/www.strassenweb.de\/nachrichten\/100-000-boost-fuer-die-community-die-daran-arbeitet-die-meere-von-arran-zu-retten\/#primaryimage","url":"https:\/\/www.strassenweb.de\/nachrichten\/wp-content\/uploads\/2025\/06\/100000-Boost-fuer-die-Community-die-daran-arbeitet-die-Meere.jpg","contentUrl":"https:\/\/www.strassenweb.de\/nachrichten\/wp-content\/uploads\/2025\/06\/100000-Boost-fuer-die-Community-die-daran-arbeitet-die-Meere.jpg","width":900,"height":592,"caption":"\u00a3100k boost for community working to save Arran\u2019s seas"},{"@type":"BreadcrumbList","@id":"https:\/\/www.strassenweb.de\/nachrichten\/100-000-boost-fuer-die-community-die-daran-arbeitet-die-meere-von-arran-zu-retten\/#breadcrumb","itemListElement":[{"@type":"ListItem","position":1,"name":"Home","item":"https:\/\/www.strassenweb.de\/nachrichten\/"},{"@type":"ListItem","position":2,"name":"\u00a3 100.000 Boost f\u00fcr die Community, die daran arbeitet, die Meere von Arran zu retten"}]},{"@type":"WebSite","@id":"https:\/\/www.strassenweb.de\/nachrichten\/#website","url":"https:\/\/www.strassenweb.de\/nachrichten\/","name":"Stra\u00dfenweb","description":"Stra\u00dfenverzeichnis f\u00fcr Deutschland","publisher":{"@id":"https:\/\/www.strassenweb.de\/nachrichten\/#organization"},"potentialAction":[{"@type":"SearchAction","target":{"@type":"EntryPoint","urlTemplate":"https:\/\/www.strassenweb.de\/nachrichten\/?s={search_term_string}"},"query-input":{"@type":"PropertyValueSpecification","valueRequired":true,"valueName":"search_term_string"}}],"inLanguage":"de"},{"@type":"Organization","@id":"https:\/\/www.strassenweb.de\/nachrichten\/#organization","name":"Stra\u00dfenweb","url":"https:\/\/www.strassenweb.de\/nachrichten\/","logo":{"@type":"ImageObject","inLanguage":"de","@id":"https:\/\/www.strassenweb.de\/nachrichten\/#\/schema\/logo\/image\/","url":"https:\/\/www.strassenweb.de\/nachrichten\/wp-content\/uploads\/2024\/09\/cropped-favicon.png","contentUrl":"https:\/\/www.strassenweb.de\/nachrichten\/wp-content\/uploads\/2024\/09\/cropped-favicon.png","width":512,"height":512,"caption":"Stra\u00dfenweb"},"image":{"@id":"https:\/\/www.strassenweb.de\/nachrichten\/#\/schema\/logo\/image\/"},"sameAs":["https:\/\/www.facebook.com\/strassenweb\/"]},{"@type":"Person","@id":"https:\/\/www.strassenweb.de\/nachrichten\/#\/schema\/person\/87c9c9067f1211da429a744dc5a5aa41","name":"Robert Hoffmann","image":{"@type":"ImageObject","inLanguage":"de","@id":"https:\/\/www.strassenweb.de\/nachrichten\/wp-content\/uploads\/2024\/09\/strassenweb-150x150.jpg","url":"https:\/\/www.strassenweb.de\/nachrichten\/wp-content\/uploads\/2024\/09\/strassenweb-150x150.jpg","contentUrl":"https:\/\/www.strassenweb.de\/nachrichten\/wp-content\/uploads\/2024\/09\/strassenweb-150x150.jpg","caption":"Robert Hoffmann"},"description":"Ich hei\u00dfe Robert Hoffmann und ich bin ein leidenschaftlicher Verfechter von \u00d6kologie und Biodiversit\u00e4t. Seit meiner Kindheit in den W\u00e4ldern Bayerns f\u00fchle ich mich mit der Natur verbunden und bin entschlossen, sie zu sch\u00fctzen. Heute widme ich mein Leben der Sensibilisierung anderer f\u00fcr die Bedeutung des Umweltschutzes f\u00fcr zuk\u00fcnftige Generationen.","sameAs":["https:\/\/www.strassenweb.de\/"]}]}},"_links":{"self":[{"href":"https:\/\/www.strassenweb.de\/nachrichten\/wp-json\/wp\/v2\/posts\/5442","targetHints":{"allow":["GET"]}}],"collection":[{"href":"https:\/\/www.strassenweb.de\/nachrichten\/wp-json\/wp\/v2\/posts"}],"about":[{"href":"https:\/\/www.strassenweb.de\/nachrichten\/wp-json\/wp\/v2\/types\/post"}],"author":[{"embeddable":true,"href":"https:\/\/www.strassenweb.de\/nachrichten\/wp-json\/wp\/v2\/users\/1"}],"replies":[{"embeddable":true,"href":"https:\/\/www.strassenweb.de\/nachrichten\/wp-json\/wp\/v2\/comments?post=5442"}],"version-history":[{"count":0,"href":"https:\/\/www.strassenweb.de\/nachrichten\/wp-json\/wp\/v2\/posts\/5442\/revisions"}],"wp:featuredmedia":[{"embeddable":true,"href":"https:\/\/www.strassenweb.de\/nachrichten\/wp-json\/wp\/v2\/media\/5443"}],"wp:attachment":[{"href":"https:\/\/www.strassenweb.de\/nachrichten\/wp-json\/wp\/v2\/media?parent=5442"}],"wp:term":[{"taxonomy":"category","embeddable":true,"href":"https:\/\/www.strassenweb.de\/nachrichten\/wp-json\/wp\/v2\/categories?post=5442"},{"taxonomy":"post_tag","embeddable":true,"href":"https:\/\/www.strassenweb.de\/nachrichten\/wp-json\/wp\/v2\/tags?post=5442"}],"curies":[{"name":"wp","href":"https:\/\/api.w.org\/{rel}","templated":true}]}}