{"id":5433,"date":"2025-06-03T01:41:59","date_gmt":"2025-06-02T23:41:59","guid":{"rendered":"https:\/\/www.strassenweb.de\/nachrichten\/naomi-watts-beweist-dass-green-fuer-die-heimbar-genauso-gut-arbeitet-wie-die-kueche-ihr-raum-ist-ein-wendung-fuer-diesen-luxurioesen-designtrend\/"},"modified":"2025-06-03T01:42:00","modified_gmt":"2025-06-02T23:42:00","slug":"naomi-watts-beweist-dass-green-fuer-die-heimbar-genauso-gut-arbeitet-wie-die-kueche-ihr-raum-ist-ein-wendung-fuer-diesen-luxurioesen-designtrend","status":"publish","type":"post","link":"https:\/\/www.strassenweb.de\/nachrichten\/naomi-watts-beweist-dass-green-fuer-die-heimbar-genauso-gut-arbeitet-wie-die-kueche-ihr-raum-ist-ein-wendung-fuer-diesen-luxurioesen-designtrend\/","title":{"rendered":"Naomi Watts beweist, dass Green f\u00fcr die Heimbar genauso gut arbeitet wie die K\u00fcche &#8211; ihr Raum ist ein Wendung f\u00fcr diesen luxuri\u00f6sen Designtrend"},"content":{"rendered":"<p><\/p>\n<div id=\"article-body\" class=\"article__body \">\n<p>Es ist eine K\u00fcchenfarbe, die in den letzten Jahren dauerte: Green ist aus einem bestimmten Grund immer beliebt und erweitert \u00fcber die K\u00fcche hinaus in die Heimat.<\/p>\n<div id=\"ad-unit-1\" class=\"ad-unit\"><\/div>\n<p>Naomi Watts &#8218;Wet Bar ist ein Beweis: Der Schauspieler hat k\u00fcrzlich einen Clip an ihre Instagram-Seite ihres dunkelgr\u00fcnen Raums geteilt und gibt uns einige aufregende Home Bar-Ideen.<\/p>\n<aside data-block-type=\"embed\" data-render-type=\"fte\" data-skip=\"dealsy\" data-widget-type=\"seasonal\" class=\"hawk-base\"><\/aside>\n<p>Der dunkle Farbton ist stimmungsvoll und doch raffiniert und verleiht dem Raum ein &#8222;altes Geld&#8220;, das perfekt zu Barkarren und Cocktail -Shakern als Dekor passt.<\/p>\n<div id=\"desktop-in-article\" class=\"in-article ad-unit\">\n<div id=\"desktop-taboola-mid-article\"><\/div>\n<\/div>\n<div id=\"mobile-in-article\" class=\"in-article ad-unit\">\n<div id=\"mobile-taboola-mid-article\"><\/div>\n<\/div>\n<div class=\"van_vid_carousel\">\n<div class=\"van_vid_carousel__padding\">\n<div class=\"van_vid_carousel__container\"><\/div>\n<\/div>\n<\/div>\n<aside data-component-name=\"Recirculation:ArticleRiver\" data-nosnippet>\n<span class=\"bg-secondary-500 text-white text-lg font-bold uppercase py-1 px-2 leading-(1.625rem) sm:leading-(6px) sm:text-sm\"><\/p>\n<p>Sie m\u00f6gen m\u00f6gen<br \/>\n<\/span><\/p>\n<ul class=\"flex flex-col my-2 list-outside ms-5 bg-none\" data-analytics-id=\"more-about-inline\">\n<li class=\"m-0 mb-2\" name=\"more-about-inline\" data-analytics-id=\"more-about-inline-0\">\n<p>Ich nenne es: Joanna Gaines und Victoria Beckhams Lieblingsfarbe werden im Jahr 2025 die Trends top -Trends &#8211; Designer und Farbvorhersagen sind sich einig<\/p>\n<\/li>\n<li class=\"m-0 mb-2\" name=\"more-about-inline\" data-analytics-id=\"more-about-inline-1\">\n<p>Martha Stewarts nostalgisch graugr\u00fcne K\u00fcchenschrankfarbe hat eine Wiederbelebung-und ich gehe davon aus<\/p>\n<\/li>\n<li class=\"m-0 mb-2\" name=\"more-about-inline\" data-analytics-id=\"more-about-inline-2\">\n<p>Reese Witherspoon und Martha Stewarts graugr\u00fcne K\u00fcchenschr\u00e4nke sind Jahrzehnte voneinander entfernt, aber beide perfektionieren diesen modernen Farbtrend<\/p>\n<\/li>\n<\/ul>\n<\/aside>\n<div class=\"instagram-embed\">\n<blockquote class=\"instagram-media\" data-instgrm-captioned data-instgrm-version=\"6\" style=\"width:99.375%; width:-webkit-calc(100% - 2px); width:calc(100% - 2px);\">\n<p>Ein Beitrag von Stripes (@stripesbeauty) geteilt<\/p>\n<p>Ein Foto von on <\/p>\n<\/blockquote>\n<\/div>\n<h3 class=\"article-body__section\" id=\"section-shop-the-green-home-bar-edit\"><span>Kaufen Sie die Green Home Bar Edit ein<\/span><\/h3>\n<div class=\"product-container hero-product-container product-block-no-wrap\">\n<div class=\"product-block-row\"><\/div>\n<div class=\"product-block-row\"><\/div>\n<div class=\"product-block-row\"><\/div>\n<\/div>\n<p>Laut Experten sind insbesondere dunkle Gr\u00fcns in der Welt der Innenr\u00e4ume tendiert.<\/p>\n<div id=\"ad-unit-2\" class=\"ad-unit\"><\/div>\n<p>&#8222;Wald- und Rennk\u00fcchen sind momentan einen Moment Zeit&#8220;, sagt der ma\u00dfgeschneiderte K\u00fcchendesigner Tom Howley. &#8222;Als Farbe verbinden wir haupts\u00e4chlich mit der Natur, dieser gem\u00fctliche Farbton hat eine unglaubliche Art, uns wieder mit unserer Umgebung zu verbinden und Momente der Ruhe und Positivit\u00e4t zu schaffen.&#8220;<\/p>\n<p>Er f\u00e4hrt fort: &#8222;F\u00fcr 2025 erwartet er, dass Eichenschr\u00e4nke und Metzgerbl\u00f6cke mit dunkleren Farbt\u00f6nen wie Avocado-Gr\u00fcn und gro\u00dfen Ger\u00e4ten aus Edelstahl gepaart werden-und eine warme und einladende und doch zeitgen\u00f6ssische Atmosph\u00e4re schafft.&#8220;<\/p>\n<p>Die Grenze der Gr\u00fcns, die Sie in einer Heimat verwenden k\u00f6nnen, ist Teil der Berufung. Gehen Sie dunkel f\u00fcr einen Naomi-inspirierten Look, oder es gibt den bew\u00e4hrten Weisenschatten, der ein helles, luftiges Gef\u00fchl hat.<\/p>\n<div id=\"slice-container-newsletterForm-articleInbodyContent-uqmKs8o5EG7GGTsCFNXedQ\" class=\"slice-container newsletter-inbodyContent-slice newsletterForm-articleInbodyContent-uqmKs8o5EG7GGTsCFNXedQ slice-container-newsletterForm\"><\/div>\n<p>Tom erw\u00e4hnt auch, dass Deep Greens Bridgerton erinnern, ein weiterer dauerhafter kultureller Trend, der \u00fcber Regencycore in das Innenraum gelangt.<\/p>\n<p>&#8222;2025 ist auch das Jahr des Bridgerton -Einflusses&#8220;, sagt Tom. \u00bbVersuchen Sie tiefe, k\u00f6nigliche Gr\u00fcns und einen Schuss Nature-inspiriertes Muster mit einem Erbegef\u00fchl. Wir haben vielleicht nicht alle ein Bridgerton -Budget, aber wir k\u00f6nnen ein oder zwei Dinge dar\u00fcber lernen, wie man sch\u00f6ne R\u00e4ume schafft, indem wir in die Vergangenheit schauen. &#8218;<\/p>\n<hr>\n<p>Wenn Sie sich nicht dazu verpflichten m\u00f6chten, Ihre Heimat in Farbe abzudecken, versuchen Sie, gr\u00fcne Accessoires wie Weingl\u00e4ser oder Shaker zu integrieren, um einen \u00e4hnlichen Einfluss zu erhalten.<\/p>\n<hr>\n<div class=\"block\" id=\"articleTag\" data-component-name=\"PostArticleLinks\">\n<div class=\"border-b border-b-black border-solid py-2.5 text-black font-bold uppercase\">Themen<\/div>\n<nav class=\"py-2.5 flex gap-2.5 flex-wrap\" data-analytics-id=\"article-tag\">\n<p>Naomi Watts<br \/>\n<\/nav>\n<\/div>\n<\/div>\n<p><script async src=\"\/\/www.instagram.com\/embed.js\"><\/script><\/p>\n","protected":false},"excerpt":{"rendered":"<p>Es ist eine K\u00fcchenfarbe, die in den letzten Jahren dauerte: Green ist aus einem bestimmten Grund immer beliebt und erweitert \u00fcber die K\u00fcche hinaus in<\/p>\n","protected":false},"author":1,"featured_media":5434,"comment_status":"closed","ping_status":"","sticky":false,"template":"","format":"standard","meta":{"footnotes":""},"categories":[118],"tags":[300,2037,51,7755,9,208,43,55,2674,4506,740,7754,170,15,468,2928,660,182,661,5495,26],"class_list":["post-5433","post","type-post","status-publish","format-standard","has-post-thumbnail","hentry","category-haus-garten","tag-arbeitet","tag-beweist","tag-dass","tag-designtrend","tag-die","tag-diesen","tag-ein","tag-fuer","tag-genauso","tag-green","tag-gut","tag-heimbar","tag-ihr","tag-ist","tag-kueche","tag-luxurioesen","tag-naomi","tag-raum","tag-watts","tag-wendung","tag-wie","generate-columns","tablet-grid-50","mobile-grid-100","grid-parent","grid-50"],"yoast_head":"<!-- This site is optimized with the Yoast SEO plugin v27.3 - https:\/\/yoast.com\/product\/yoast-seo-wordpress\/ -->\n<title>Naomi Watts beweist, dass Green f\u00fcr die Heimbar genauso gut arbeitet wie die K\u00fcche - ihr Raum ist ein Wendung f\u00fcr diesen luxuri\u00f6sen Designtrend - Nachrichten - Stra\u00dfenweb<\/title>\n<meta name=\"robots\" content=\"index, follow, max-snippet:-1, max-image-preview:large, max-video-preview:-1\" \/>\n<link rel=\"canonical\" href=\"https:\/\/www.strassenweb.de\/nachrichten\/naomi-watts-beweist-dass-green-fuer-die-heimbar-genauso-gut-arbeitet-wie-die-kueche-ihr-raum-ist-ein-wendung-fuer-diesen-luxurioesen-designtrend\/\" \/>\n<meta property=\"og:locale\" content=\"de_DE\" \/>\n<meta property=\"og:type\" content=\"article\" \/>\n<meta property=\"og:title\" content=\"Naomi Watts beweist, dass Green f\u00fcr die Heimbar genauso gut arbeitet wie die K\u00fcche - ihr Raum ist ein Wendung f\u00fcr diesen luxuri\u00f6sen Designtrend - Nachrichten - Stra\u00dfenweb\" \/>\n<meta property=\"og:description\" content=\"Es ist eine K\u00fcchenfarbe, die in den letzten Jahren dauerte: Green ist aus einem bestimmten Grund immer beliebt und erweitert \u00fcber die K\u00fcche hinaus in\" \/>\n<meta property=\"og:url\" content=\"https:\/\/www.strassenweb.de\/nachrichten\/naomi-watts-beweist-dass-green-fuer-die-heimbar-genauso-gut-arbeitet-wie-die-kueche-ihr-raum-ist-ein-wendung-fuer-diesen-luxurioesen-designtrend\/\" \/>\n<meta property=\"og:site_name\" content=\"Stra\u00dfenweb\" \/>\n<meta property=\"article:publisher\" content=\"https:\/\/www.facebook.com\/strassenweb\/\" \/>\n<meta property=\"article:published_time\" content=\"2025-06-02T23:41:59+00:00\" \/>\n<meta property=\"article:modified_time\" content=\"2025-06-02T23:42:00+00:00\" \/>\n<meta property=\"og:image\" content=\"https:\/\/www.strassenweb.de\/nachrichten\/wp-content\/uploads\/2024\/11\/khcPssg5q54rz4UaRGfCxf.jpg\" \/>\n\t<meta property=\"og:image:width\" content=\"1\" \/>\n\t<meta property=\"og:image:height\" content=\"1\" \/>\n\t<meta property=\"og:image:type\" content=\"image\/jpeg\" \/>\n<meta name=\"author\" content=\"Robert Hoffmann\" \/>\n<meta name=\"twitter:card\" content=\"summary_large_image\" \/>\n<meta name=\"twitter:label1\" content=\"Verfasst von\" \/>\n\t<meta name=\"twitter:data1\" content=\"Robert Hoffmann\" \/>\n\t<meta name=\"twitter:label2\" content=\"Gesch\u00e4tzte Lesezeit\" \/>\n\t<meta name=\"twitter:data2\" content=\"2\u00a0Minuten\" \/>\n<script type=\"application\/ld+json\" class=\"yoast-schema-graph\">{\"@context\":\"https:\\\/\\\/schema.org\",\"@graph\":[{\"@type\":\"Article\",\"@id\":\"https:\\\/\\\/www.strassenweb.de\\\/nachrichten\\\/naomi-watts-beweist-dass-green-fuer-die-heimbar-genauso-gut-arbeitet-wie-die-kueche-ihr-raum-ist-ein-wendung-fuer-diesen-luxurioesen-designtrend\\\/#article\",\"isPartOf\":{\"@id\":\"https:\\\/\\\/www.strassenweb.de\\\/nachrichten\\\/naomi-watts-beweist-dass-green-fuer-die-heimbar-genauso-gut-arbeitet-wie-die-kueche-ihr-raum-ist-ein-wendung-fuer-diesen-luxurioesen-designtrend\\\/\"},\"author\":{\"name\":\"Robert Hoffmann\",\"@id\":\"https:\\\/\\\/www.strassenweb.de\\\/nachrichten\\\/#\\\/schema\\\/person\\\/87c9c9067f1211da429a744dc5a5aa41\"},\"headline\":\"Naomi Watts beweist, dass Green f\u00fcr die Heimbar genauso gut arbeitet wie die K\u00fcche &#8211; ihr Raum ist ein Wendung f\u00fcr diesen luxuri\u00f6sen Designtrend\",\"datePublished\":\"2025-06-02T23:41:59+00:00\",\"dateModified\":\"2025-06-02T23:42:00+00:00\",\"mainEntityOfPage\":{\"@id\":\"https:\\\/\\\/www.strassenweb.de\\\/nachrichten\\\/naomi-watts-beweist-dass-green-fuer-die-heimbar-genauso-gut-arbeitet-wie-die-kueche-ihr-raum-ist-ein-wendung-fuer-diesen-luxurioesen-designtrend\\\/\"},\"wordCount\":447,\"publisher\":{\"@id\":\"https:\\\/\\\/www.strassenweb.de\\\/nachrichten\\\/#organization\"},\"image\":{\"@id\":\"https:\\\/\\\/www.strassenweb.de\\\/nachrichten\\\/naomi-watts-beweist-dass-green-fuer-die-heimbar-genauso-gut-arbeitet-wie-die-kueche-ihr-raum-ist-ein-wendung-fuer-diesen-luxurioesen-designtrend\\\/#primaryimage\"},\"thumbnailUrl\":\"https:\\\/\\\/www.strassenweb.de\\\/nachrichten\\\/wp-content\\\/uploads\\\/2024\\\/11\\\/khcPssg5q54rz4UaRGfCxf.jpg\",\"keywords\":[\"arbeitet\",\"beweist\",\"dass\",\"Designtrend\",\"die\",\"diesen\",\"ein\",\"f\u00fcr\",\"genauso\",\"Green\",\"gut\",\"Heimbar\",\"Ihr\",\"ist\",\"K\u00fcche\",\"luxuri\u00f6sen\",\"Naomi\",\"Raum\",\"Watts\",\"Wendung\",\"Wie\"],\"articleSection\":[\"Haus &amp; Garten\"],\"inLanguage\":\"de\"},{\"@type\":\"WebPage\",\"@id\":\"https:\\\/\\\/www.strassenweb.de\\\/nachrichten\\\/naomi-watts-beweist-dass-green-fuer-die-heimbar-genauso-gut-arbeitet-wie-die-kueche-ihr-raum-ist-ein-wendung-fuer-diesen-luxurioesen-designtrend\\\/\",\"url\":\"https:\\\/\\\/www.strassenweb.de\\\/nachrichten\\\/naomi-watts-beweist-dass-green-fuer-die-heimbar-genauso-gut-arbeitet-wie-die-kueche-ihr-raum-ist-ein-wendung-fuer-diesen-luxurioesen-designtrend\\\/\",\"name\":\"Naomi Watts beweist, dass Green f\u00fcr die Heimbar genauso gut arbeitet wie die K\u00fcche - ihr Raum ist ein Wendung f\u00fcr diesen luxuri\u00f6sen Designtrend - Nachrichten - Stra\u00dfenweb\",\"isPartOf\":{\"@id\":\"https:\\\/\\\/www.strassenweb.de\\\/nachrichten\\\/#website\"},\"primaryImageOfPage\":{\"@id\":\"https:\\\/\\\/www.strassenweb.de\\\/nachrichten\\\/naomi-watts-beweist-dass-green-fuer-die-heimbar-genauso-gut-arbeitet-wie-die-kueche-ihr-raum-ist-ein-wendung-fuer-diesen-luxurioesen-designtrend\\\/#primaryimage\"},\"image\":{\"@id\":\"https:\\\/\\\/www.strassenweb.de\\\/nachrichten\\\/naomi-watts-beweist-dass-green-fuer-die-heimbar-genauso-gut-arbeitet-wie-die-kueche-ihr-raum-ist-ein-wendung-fuer-diesen-luxurioesen-designtrend\\\/#primaryimage\"},\"thumbnailUrl\":\"https:\\\/\\\/www.strassenweb.de\\\/nachrichten\\\/wp-content\\\/uploads\\\/2024\\\/11\\\/khcPssg5q54rz4UaRGfCxf.jpg\",\"datePublished\":\"2025-06-02T23:41:59+00:00\",\"dateModified\":\"2025-06-02T23:42:00+00:00\",\"breadcrumb\":{\"@id\":\"https:\\\/\\\/www.strassenweb.de\\\/nachrichten\\\/naomi-watts-beweist-dass-green-fuer-die-heimbar-genauso-gut-arbeitet-wie-die-kueche-ihr-raum-ist-ein-wendung-fuer-diesen-luxurioesen-designtrend\\\/#breadcrumb\"},\"inLanguage\":\"de\",\"potentialAction\":[{\"@type\":\"ReadAction\",\"target\":[\"https:\\\/\\\/www.strassenweb.de\\\/nachrichten\\\/naomi-watts-beweist-dass-green-fuer-die-heimbar-genauso-gut-arbeitet-wie-die-kueche-ihr-raum-ist-ein-wendung-fuer-diesen-luxurioesen-designtrend\\\/\"]}]},{\"@type\":\"ImageObject\",\"inLanguage\":\"de\",\"@id\":\"https:\\\/\\\/www.strassenweb.de\\\/nachrichten\\\/naomi-watts-beweist-dass-green-fuer-die-heimbar-genauso-gut-arbeitet-wie-die-kueche-ihr-raum-ist-ein-wendung-fuer-diesen-luxurioesen-designtrend\\\/#primaryimage\",\"url\":\"https:\\\/\\\/www.strassenweb.de\\\/nachrichten\\\/wp-content\\\/uploads\\\/2024\\\/11\\\/khcPssg5q54rz4UaRGfCxf.jpg\",\"contentUrl\":\"https:\\\/\\\/www.strassenweb.de\\\/nachrichten\\\/wp-content\\\/uploads\\\/2024\\\/11\\\/khcPssg5q54rz4UaRGfCxf.jpg\",\"caption\":\"naomi watts on a tan background\"},{\"@type\":\"BreadcrumbList\",\"@id\":\"https:\\\/\\\/www.strassenweb.de\\\/nachrichten\\\/naomi-watts-beweist-dass-green-fuer-die-heimbar-genauso-gut-arbeitet-wie-die-kueche-ihr-raum-ist-ein-wendung-fuer-diesen-luxurioesen-designtrend\\\/#breadcrumb\",\"itemListElement\":[{\"@type\":\"ListItem\",\"position\":1,\"name\":\"Home\",\"item\":\"https:\\\/\\\/www.strassenweb.de\\\/nachrichten\\\/\"},{\"@type\":\"ListItem\",\"position\":2,\"name\":\"Naomi Watts beweist, dass Green f\u00fcr die Heimbar genauso gut arbeitet wie die K\u00fcche &#8211; ihr Raum ist ein Wendung f\u00fcr diesen luxuri\u00f6sen Designtrend\"}]},{\"@type\":\"WebSite\",\"@id\":\"https:\\\/\\\/www.strassenweb.de\\\/nachrichten\\\/#website\",\"url\":\"https:\\\/\\\/www.strassenweb.de\\\/nachrichten\\\/\",\"name\":\"Stra\u00dfenweb\",\"description\":\"Stra\u00dfenverzeichnis f\u00fcr Deutschland\",\"publisher\":{\"@id\":\"https:\\\/\\\/www.strassenweb.de\\\/nachrichten\\\/#organization\"},\"potentialAction\":[{\"@type\":\"SearchAction\",\"target\":{\"@type\":\"EntryPoint\",\"urlTemplate\":\"https:\\\/\\\/www.strassenweb.de\\\/nachrichten\\\/?s={search_term_string}\"},\"query-input\":{\"@type\":\"PropertyValueSpecification\",\"valueRequired\":true,\"valueName\":\"search_term_string\"}}],\"inLanguage\":\"de\"},{\"@type\":\"Organization\",\"@id\":\"https:\\\/\\\/www.strassenweb.de\\\/nachrichten\\\/#organization\",\"name\":\"Stra\u00dfenweb\",\"url\":\"https:\\\/\\\/www.strassenweb.de\\\/nachrichten\\\/\",\"logo\":{\"@type\":\"ImageObject\",\"inLanguage\":\"de\",\"@id\":\"https:\\\/\\\/www.strassenweb.de\\\/nachrichten\\\/#\\\/schema\\\/logo\\\/image\\\/\",\"url\":\"https:\\\/\\\/www.strassenweb.de\\\/nachrichten\\\/wp-content\\\/uploads\\\/2024\\\/09\\\/cropped-favicon.png\",\"contentUrl\":\"https:\\\/\\\/www.strassenweb.de\\\/nachrichten\\\/wp-content\\\/uploads\\\/2024\\\/09\\\/cropped-favicon.png\",\"width\":512,\"height\":512,\"caption\":\"Stra\u00dfenweb\"},\"image\":{\"@id\":\"https:\\\/\\\/www.strassenweb.de\\\/nachrichten\\\/#\\\/schema\\\/logo\\\/image\\\/\"},\"sameAs\":[\"https:\\\/\\\/www.facebook.com\\\/strassenweb\\\/\"]},{\"@type\":\"Person\",\"@id\":\"https:\\\/\\\/www.strassenweb.de\\\/nachrichten\\\/#\\\/schema\\\/person\\\/87c9c9067f1211da429a744dc5a5aa41\",\"name\":\"Robert Hoffmann\",\"image\":{\"@type\":\"ImageObject\",\"inLanguage\":\"de\",\"@id\":\"https:\\\/\\\/www.strassenweb.de\\\/nachrichten\\\/wp-content\\\/uploads\\\/2024\\\/09\\\/strassenweb-150x150.jpg\",\"url\":\"https:\\\/\\\/www.strassenweb.de\\\/nachrichten\\\/wp-content\\\/uploads\\\/2024\\\/09\\\/strassenweb-150x150.jpg\",\"contentUrl\":\"https:\\\/\\\/www.strassenweb.de\\\/nachrichten\\\/wp-content\\\/uploads\\\/2024\\\/09\\\/strassenweb-150x150.jpg\",\"caption\":\"Robert Hoffmann\"},\"description\":\"Ich hei\u00dfe Robert Hoffmann und ich bin ein leidenschaftlicher Verfechter von \u00d6kologie und Biodiversit\u00e4t. Seit meiner Kindheit in den W\u00e4ldern Bayerns f\u00fchle ich mich mit der Natur verbunden und bin entschlossen, sie zu sch\u00fctzen. Heute widme ich mein Leben der Sensibilisierung anderer f\u00fcr die Bedeutung des Umweltschutzes f\u00fcr zuk\u00fcnftige Generationen.\",\"sameAs\":[\"https:\\\/\\\/www.strassenweb.de\\\/\"]}]}<\/script>\n<!-- \/ Yoast SEO plugin. -->","yoast_head_json":{"title":"Naomi Watts beweist, dass Green f\u00fcr die Heimbar genauso gut arbeitet wie die K\u00fcche - ihr Raum ist ein Wendung f\u00fcr diesen luxuri\u00f6sen Designtrend - Nachrichten - Stra\u00dfenweb","robots":{"index":"index","follow":"follow","max-snippet":"max-snippet:-1","max-image-preview":"max-image-preview:large","max-video-preview":"max-video-preview:-1"},"canonical":"https:\/\/www.strassenweb.de\/nachrichten\/naomi-watts-beweist-dass-green-fuer-die-heimbar-genauso-gut-arbeitet-wie-die-kueche-ihr-raum-ist-ein-wendung-fuer-diesen-luxurioesen-designtrend\/","og_locale":"de_DE","og_type":"article","og_title":"Naomi Watts beweist, dass Green f\u00fcr die Heimbar genauso gut arbeitet wie die K\u00fcche - ihr Raum ist ein Wendung f\u00fcr diesen luxuri\u00f6sen Designtrend - Nachrichten - Stra\u00dfenweb","og_description":"Es ist eine K\u00fcchenfarbe, die in den letzten Jahren dauerte: Green ist aus einem bestimmten Grund immer beliebt und erweitert \u00fcber die K\u00fcche hinaus in","og_url":"https:\/\/www.strassenweb.de\/nachrichten\/naomi-watts-beweist-dass-green-fuer-die-heimbar-genauso-gut-arbeitet-wie-die-kueche-ihr-raum-ist-ein-wendung-fuer-diesen-luxurioesen-designtrend\/","og_site_name":"Stra\u00dfenweb","article_publisher":"https:\/\/www.facebook.com\/strassenweb\/","article_published_time":"2025-06-02T23:41:59+00:00","article_modified_time":"2025-06-02T23:42:00+00:00","og_image":[{"url":"https:\/\/www.strassenweb.de\/nachrichten\/wp-content\/uploads\/2024\/11\/khcPssg5q54rz4UaRGfCxf.jpg","width":1,"height":1,"type":"image\/jpeg"}],"author":"Robert Hoffmann","twitter_card":"summary_large_image","twitter_misc":{"Verfasst von":"Robert Hoffmann","Gesch\u00e4tzte Lesezeit":"2\u00a0Minuten"},"schema":{"@context":"https:\/\/schema.org","@graph":[{"@type":"Article","@id":"https:\/\/www.strassenweb.de\/nachrichten\/naomi-watts-beweist-dass-green-fuer-die-heimbar-genauso-gut-arbeitet-wie-die-kueche-ihr-raum-ist-ein-wendung-fuer-diesen-luxurioesen-designtrend\/#article","isPartOf":{"@id":"https:\/\/www.strassenweb.de\/nachrichten\/naomi-watts-beweist-dass-green-fuer-die-heimbar-genauso-gut-arbeitet-wie-die-kueche-ihr-raum-ist-ein-wendung-fuer-diesen-luxurioesen-designtrend\/"},"author":{"name":"Robert Hoffmann","@id":"https:\/\/www.strassenweb.de\/nachrichten\/#\/schema\/person\/87c9c9067f1211da429a744dc5a5aa41"},"headline":"Naomi Watts beweist, dass Green f\u00fcr die Heimbar genauso gut arbeitet wie die K\u00fcche &#8211; ihr Raum ist ein Wendung f\u00fcr diesen luxuri\u00f6sen Designtrend","datePublished":"2025-06-02T23:41:59+00:00","dateModified":"2025-06-02T23:42:00+00:00","mainEntityOfPage":{"@id":"https:\/\/www.strassenweb.de\/nachrichten\/naomi-watts-beweist-dass-green-fuer-die-heimbar-genauso-gut-arbeitet-wie-die-kueche-ihr-raum-ist-ein-wendung-fuer-diesen-luxurioesen-designtrend\/"},"wordCount":447,"publisher":{"@id":"https:\/\/www.strassenweb.de\/nachrichten\/#organization"},"image":{"@id":"https:\/\/www.strassenweb.de\/nachrichten\/naomi-watts-beweist-dass-green-fuer-die-heimbar-genauso-gut-arbeitet-wie-die-kueche-ihr-raum-ist-ein-wendung-fuer-diesen-luxurioesen-designtrend\/#primaryimage"},"thumbnailUrl":"https:\/\/www.strassenweb.de\/nachrichten\/wp-content\/uploads\/2024\/11\/khcPssg5q54rz4UaRGfCxf.jpg","keywords":["arbeitet","beweist","dass","Designtrend","die","diesen","ein","f\u00fcr","genauso","Green","gut","Heimbar","Ihr","ist","K\u00fcche","luxuri\u00f6sen","Naomi","Raum","Watts","Wendung","Wie"],"articleSection":["Haus &amp; Garten"],"inLanguage":"de"},{"@type":"WebPage","@id":"https:\/\/www.strassenweb.de\/nachrichten\/naomi-watts-beweist-dass-green-fuer-die-heimbar-genauso-gut-arbeitet-wie-die-kueche-ihr-raum-ist-ein-wendung-fuer-diesen-luxurioesen-designtrend\/","url":"https:\/\/www.strassenweb.de\/nachrichten\/naomi-watts-beweist-dass-green-fuer-die-heimbar-genauso-gut-arbeitet-wie-die-kueche-ihr-raum-ist-ein-wendung-fuer-diesen-luxurioesen-designtrend\/","name":"Naomi Watts beweist, dass Green f\u00fcr die Heimbar genauso gut arbeitet wie die K\u00fcche - ihr Raum ist ein Wendung f\u00fcr diesen luxuri\u00f6sen Designtrend - Nachrichten - Stra\u00dfenweb","isPartOf":{"@id":"https:\/\/www.strassenweb.de\/nachrichten\/#website"},"primaryImageOfPage":{"@id":"https:\/\/www.strassenweb.de\/nachrichten\/naomi-watts-beweist-dass-green-fuer-die-heimbar-genauso-gut-arbeitet-wie-die-kueche-ihr-raum-ist-ein-wendung-fuer-diesen-luxurioesen-designtrend\/#primaryimage"},"image":{"@id":"https:\/\/www.strassenweb.de\/nachrichten\/naomi-watts-beweist-dass-green-fuer-die-heimbar-genauso-gut-arbeitet-wie-die-kueche-ihr-raum-ist-ein-wendung-fuer-diesen-luxurioesen-designtrend\/#primaryimage"},"thumbnailUrl":"https:\/\/www.strassenweb.de\/nachrichten\/wp-content\/uploads\/2024\/11\/khcPssg5q54rz4UaRGfCxf.jpg","datePublished":"2025-06-02T23:41:59+00:00","dateModified":"2025-06-02T23:42:00+00:00","breadcrumb":{"@id":"https:\/\/www.strassenweb.de\/nachrichten\/naomi-watts-beweist-dass-green-fuer-die-heimbar-genauso-gut-arbeitet-wie-die-kueche-ihr-raum-ist-ein-wendung-fuer-diesen-luxurioesen-designtrend\/#breadcrumb"},"inLanguage":"de","potentialAction":[{"@type":"ReadAction","target":["https:\/\/www.strassenweb.de\/nachrichten\/naomi-watts-beweist-dass-green-fuer-die-heimbar-genauso-gut-arbeitet-wie-die-kueche-ihr-raum-ist-ein-wendung-fuer-diesen-luxurioesen-designtrend\/"]}]},{"@type":"ImageObject","inLanguage":"de","@id":"https:\/\/www.strassenweb.de\/nachrichten\/naomi-watts-beweist-dass-green-fuer-die-heimbar-genauso-gut-arbeitet-wie-die-kueche-ihr-raum-ist-ein-wendung-fuer-diesen-luxurioesen-designtrend\/#primaryimage","url":"https:\/\/www.strassenweb.de\/nachrichten\/wp-content\/uploads\/2024\/11\/khcPssg5q54rz4UaRGfCxf.jpg","contentUrl":"https:\/\/www.strassenweb.de\/nachrichten\/wp-content\/uploads\/2024\/11\/khcPssg5q54rz4UaRGfCxf.jpg","caption":"naomi watts on a tan background"},{"@type":"BreadcrumbList","@id":"https:\/\/www.strassenweb.de\/nachrichten\/naomi-watts-beweist-dass-green-fuer-die-heimbar-genauso-gut-arbeitet-wie-die-kueche-ihr-raum-ist-ein-wendung-fuer-diesen-luxurioesen-designtrend\/#breadcrumb","itemListElement":[{"@type":"ListItem","position":1,"name":"Home","item":"https:\/\/www.strassenweb.de\/nachrichten\/"},{"@type":"ListItem","position":2,"name":"Naomi Watts beweist, dass Green f\u00fcr die Heimbar genauso gut arbeitet wie die K\u00fcche &#8211; ihr Raum ist ein Wendung f\u00fcr diesen luxuri\u00f6sen Designtrend"}]},{"@type":"WebSite","@id":"https:\/\/www.strassenweb.de\/nachrichten\/#website","url":"https:\/\/www.strassenweb.de\/nachrichten\/","name":"Stra\u00dfenweb","description":"Stra\u00dfenverzeichnis f\u00fcr Deutschland","publisher":{"@id":"https:\/\/www.strassenweb.de\/nachrichten\/#organization"},"potentialAction":[{"@type":"SearchAction","target":{"@type":"EntryPoint","urlTemplate":"https:\/\/www.strassenweb.de\/nachrichten\/?s={search_term_string}"},"query-input":{"@type":"PropertyValueSpecification","valueRequired":true,"valueName":"search_term_string"}}],"inLanguage":"de"},{"@type":"Organization","@id":"https:\/\/www.strassenweb.de\/nachrichten\/#organization","name":"Stra\u00dfenweb","url":"https:\/\/www.strassenweb.de\/nachrichten\/","logo":{"@type":"ImageObject","inLanguage":"de","@id":"https:\/\/www.strassenweb.de\/nachrichten\/#\/schema\/logo\/image\/","url":"https:\/\/www.strassenweb.de\/nachrichten\/wp-content\/uploads\/2024\/09\/cropped-favicon.png","contentUrl":"https:\/\/www.strassenweb.de\/nachrichten\/wp-content\/uploads\/2024\/09\/cropped-favicon.png","width":512,"height":512,"caption":"Stra\u00dfenweb"},"image":{"@id":"https:\/\/www.strassenweb.de\/nachrichten\/#\/schema\/logo\/image\/"},"sameAs":["https:\/\/www.facebook.com\/strassenweb\/"]},{"@type":"Person","@id":"https:\/\/www.strassenweb.de\/nachrichten\/#\/schema\/person\/87c9c9067f1211da429a744dc5a5aa41","name":"Robert Hoffmann","image":{"@type":"ImageObject","inLanguage":"de","@id":"https:\/\/www.strassenweb.de\/nachrichten\/wp-content\/uploads\/2024\/09\/strassenweb-150x150.jpg","url":"https:\/\/www.strassenweb.de\/nachrichten\/wp-content\/uploads\/2024\/09\/strassenweb-150x150.jpg","contentUrl":"https:\/\/www.strassenweb.de\/nachrichten\/wp-content\/uploads\/2024\/09\/strassenweb-150x150.jpg","caption":"Robert Hoffmann"},"description":"Ich hei\u00dfe Robert Hoffmann und ich bin ein leidenschaftlicher Verfechter von \u00d6kologie und Biodiversit\u00e4t. Seit meiner Kindheit in den W\u00e4ldern Bayerns f\u00fchle ich mich mit der Natur verbunden und bin entschlossen, sie zu sch\u00fctzen. Heute widme ich mein Leben der Sensibilisierung anderer f\u00fcr die Bedeutung des Umweltschutzes f\u00fcr zuk\u00fcnftige Generationen.","sameAs":["https:\/\/www.strassenweb.de\/"]}]}},"_links":{"self":[{"href":"https:\/\/www.strassenweb.de\/nachrichten\/wp-json\/wp\/v2\/posts\/5433","targetHints":{"allow":["GET"]}}],"collection":[{"href":"https:\/\/www.strassenweb.de\/nachrichten\/wp-json\/wp\/v2\/posts"}],"about":[{"href":"https:\/\/www.strassenweb.de\/nachrichten\/wp-json\/wp\/v2\/types\/post"}],"author":[{"embeddable":true,"href":"https:\/\/www.strassenweb.de\/nachrichten\/wp-json\/wp\/v2\/users\/1"}],"replies":[{"embeddable":true,"href":"https:\/\/www.strassenweb.de\/nachrichten\/wp-json\/wp\/v2\/comments?post=5433"}],"version-history":[{"count":0,"href":"https:\/\/www.strassenweb.de\/nachrichten\/wp-json\/wp\/v2\/posts\/5433\/revisions"}],"wp:featuredmedia":[{"embeddable":true,"href":"https:\/\/www.strassenweb.de\/nachrichten\/wp-json\/wp\/v2\/media\/5434"}],"wp:attachment":[{"href":"https:\/\/www.strassenweb.de\/nachrichten\/wp-json\/wp\/v2\/media?parent=5433"}],"wp:term":[{"taxonomy":"category","embeddable":true,"href":"https:\/\/www.strassenweb.de\/nachrichten\/wp-json\/wp\/v2\/categories?post=5433"},{"taxonomy":"post_tag","embeddable":true,"href":"https:\/\/www.strassenweb.de\/nachrichten\/wp-json\/wp\/v2\/tags?post=5433"}],"curies":[{"name":"wp","href":"https:\/\/api.w.org\/{rel}","templated":true}]}}