{"id":542,"date":"2024-10-03T02:04:09","date_gmt":"2024-10-03T00:04:09","guid":{"rendered":"https:\/\/www.strassenweb.de\/nachrichten\/badger-trust-fordert-den-naturminister-auf-die-natur-zu-schuetzen\/"},"modified":"2024-10-03T02:04:10","modified_gmt":"2024-10-03T00:04:10","slug":"badger-trust-fordert-den-naturminister-auf-die-natur-zu-schuetzen","status":"publish","type":"post","link":"https:\/\/www.strassenweb.de\/nachrichten\/badger-trust-fordert-den-naturminister-auf-die-natur-zu-schuetzen\/","title":{"rendered":"Badger Trust fordert den Naturminister auf, die Natur zu sch\u00fctzen"},"content":{"rendered":"<p><strong>Die ver\u00f6ffentlichten erg\u00e4nzenden Keulungszahlen zeigen, dass fast 28.000 weitere Dachse zum Schlachten markiert sind, was die Gesamtzahl der get\u00f6teten Dachse auf \u00fcber 250.000 erh\u00f6ht.<\/strong><strong> <\/strong><\/p>\n<p>Neue Zahlen, die heute durch Anfragen zur Informationsfreiheit eingesehen wurden, die Badger Trust mitgeteilt wurden, zeigen, dass fast 28.000 Dachse in Lizenzen zum Schlachten markiert wurden, die im Rahmen der umstrittenen erg\u00e4nzenden Keulung ausgestellt wurden, die am 1. Juni 2024 begann. Am 16. Mai 2024 genehmigte Natural England 17 bestehende Dachse erneut und gew\u00e4hrte sie Zus\u00e4tzliche Dachsbek\u00e4mpfungslizenzen und neun neue.<\/p>\n<p>Rechnet man diese Zahl zu den erwarteten T\u00f6tungszahlen f\u00fcr die f\u00fcr diesen Herbst geplante intensive Dachskeulung hinzu, bedeutet dies, dass im Jahr 2024 die schreckliche Zahl von einer Viertelmillion Dachse erreicht wird, die seit Beginn der Dachskeulung im Jahr 2013 abgeschlachtet wurden.<\/p>\n<p>Badger Trust hat an die neu ernannte Naturministerin Mary Creagh CBE MP geschrieben, um die Natur zu sch\u00fctzen und diese Keulung sofort zu stoppen. Creagh ist Minister in Defra \u2013 der f\u00fcr die T\u00f6tung verantwortlichen Regierungsbeh\u00f6rde.<\/p>\n<p>Peter Hambly, Gesch\u00e4ftsf\u00fchrer von Badger Trust, sagte:<\/p>\n<p>\u201eEine Viertelmillion Dachse, die wegen einer haupts\u00e4chlich von Vieh zu Rindern \u00fcbertragenen Krankheit \u2013 der Rindertuberkulose \u2013 get\u00f6tet wurden, ist der gr\u00f6\u00dfte Angriff auf die Natur in Gro\u00dfbritannien in unserem Leben. Im Gegensatz zu Schottland und Wales konzentriert sich England zu Unrecht auf den Dachs und f\u00fchrt eine unethische und ineffektive T\u00f6tung durch.  <\/p>\n<p>Die neue Regierung hat in ihrem Wahlprogramm zugegeben, dass die T\u00f6tung wirkungslos ist. Deshalb fordern wir den Naturminister auf, das Massaker, das derzeit stattfindet, zu stoppen. Dieses Gemetzel sollte unter ihrer Aufsicht nicht weitergehen. <\/p>\n<p>Zehntausende Dachse werden get\u00f6tet, obwohl die Labour-Regierung wei\u00df, dass es nicht funktioniert. Diese Politik macht keinen Sinn und diese ikonische und beliebte einheimische Art muss jetzt gesch\u00fctzt werden.\u201c<\/p>\n<p>In Teilen des S\u00fcdwestens Englands kommt es derzeit zu lokalen Aussterbeereignissen, da die dortige Dachspopulation weiterhin unterdr\u00fcckt wird. Diese Massent\u00f6tung stellt eine Bedrohung f\u00fcr die Existenz dieser gesch\u00fctzten einheimischen Tiere in unseren lokalen Gebieten dar. Das Abschlachten des Dachses bedroht nicht nur das \u00dcberleben der Dachspopulation, es bringt auch das empfindliche Gleichgewicht unserer \u00d6kosysteme durcheinander, was verheerende langfristige Folgen f\u00fcr Dachse und die Natur hat.  <\/p>\n<p>Badger Trust hat f\u00fcr Dienstag, den 3. September, vor dem Parlament einen nationalen Aktionstag gegen die Keulung ausgerufen. Wenn Sie es nicht schaffen, bitten wir Sie, in dieser Woche einen Termin zu einem Treffen mit Ihrem neu gew\u00e4hlten Abgeordneten in Ihrer N\u00e4he zu vereinbaren, um Ihren Widerstand gegen die unpopul\u00e4re Dachs-T\u00f6tung zum Ausdruck zu bringen.<\/p>\n<p><strong>Im Jahr 2024 genehmigte zus\u00e4tzliche Kontrollgebiete (Zahlen von Natural England)<\/strong><\/p>\n<figure class=\"wp-block-table\">\n<table class=\"has-fixed-layout\">\n<tbody>\n<tr>\n<td>Gebietsnummer und Landkreis<\/td>\n<td>Mindestanzahl<\/td>\n<td>Maximale Anzahl<\/td>\n<td>Betriebsjahr<\/td>\n<\/tr>\n<tr>\n<td>Bereich 4 \u2013 Cornwall<\/td>\n<td>131<\/td>\n<td>380<\/td>\n<td>Jahr 5<\/td>\n<\/tr>\n<tr>\n<td>Bereich 5 \u2013 Cornwall<\/td>\n<td>152<\/td>\n<td>461<\/td>\n<td>Jahr 5<\/td>\n<\/tr>\n<tr>\n<td>Bereich 6 \u2013 Devon<\/td>\n<td>294<\/td>\n<td>1173<\/td>\n<td>Jahr 5<\/td>\n<\/tr>\n<tr>\n<td>Bereich 7 \u2013 Devon<\/td>\n<td>145<\/td>\n<td>455<\/td>\n<td>Jahr 5<\/td>\n<\/tr>\n<tr>\n<td>Bereich 8 \u2013 Dorset<\/td>\n<td>475<\/td>\n<td>1685<\/td>\n<td>Jahr 5<\/td>\n<\/tr>\n<tr>\n<td>Bereich 9 \u2013 Glos<\/td>\n<td>219<\/td>\n<td>1118<\/td>\n<td>Jahr 5<\/td>\n<\/tr>\n<tr>\n<td>Bereich 33 \u2013 Avon<\/td>\n<td>74<\/td>\n<td>707<\/td>\n<td>Jahr 2<\/td>\n<\/tr>\n<tr>\n<td>Bereich 34 \u2013 Cheshire<\/td>\n<td>117<\/td>\n<td>1124<\/td>\n<td>Jahr 2<\/td>\n<\/tr>\n<tr>\n<td>Bereich 35 \u2013 Cornwall<\/td>\n<td>263<\/td>\n<td>1897<\/td>\n<td>Jahr 2<\/td>\n<\/tr>\n<tr>\n<td>Bereich 36 \u2013 Staffordshire<\/td>\n<td>100<\/td>\n<td>648<\/td>\n<td>Jahr 2<\/td>\n<\/tr>\n<tr>\n<td>Bereich 37 \u2013 Devon<\/td>\n<td>193<\/td>\n<td>985<\/td>\n<td>Jahr 2<\/td>\n<\/tr>\n<tr>\n<td>Bereich 38 \u2013 Devon<\/td>\n<td>173<\/td>\n<td>1316<\/td>\n<td>Jahr 2<\/td>\n<\/tr>\n<tr>\n<td>Bereich 39 \u2013 Dorset<\/td>\n<td>51<\/td>\n<td>484<\/td>\n<td>Jahr 2<\/td>\n<\/tr>\n<tr>\n<td>Bereich 40 \u2013 Herefordshire<\/td>\n<td>281<\/td>\n<td>1253<\/td>\n<td>Jahr 2<\/td>\n<\/tr>\n<tr>\n<td>Bereich 41 \u2013 Staffordshire<\/td>\n<td>351<\/td>\n<td>809<\/td>\n<td>Jahr 2<\/td>\n<\/tr>\n<tr>\n<td>Bereich 42 \u2013 Wiltshire<\/td>\n<td>19<\/td>\n<td>2550<\/td>\n<td>Jahr 2<\/td>\n<\/tr>\n<tr>\n<td>Bereich 43 \u2013 Wiltshire<\/td>\n<td>64<\/td>\n<td>1005<\/td>\n<td>Jahr 2<\/td>\n<\/tr>\n<tr>\n<td>Bereich 45 \u2013 Derbyshire<\/td>\n<td>425<\/td>\n<td>1675<\/td>\n<td>Jahr 1<\/td>\n<\/tr>\n<tr>\n<td>Bereich 46 \u2013 Glos<\/td>\n<td>54<\/td>\n<td>284<\/td>\n<td>Jahr 1<\/td>\n<\/tr>\n<tr>\n<td>Bereich 47 \u2013 Herefordshire<\/td>\n<td>284<\/td>\n<td>1236<\/td>\n<td>Jahr 1<\/td>\n<\/tr>\n<tr>\n<td>Bereich 48 \u2013 Leicestershire<\/td>\n<td>82<\/td>\n<td>432<\/td>\n<td>Jahr 1<\/td>\n<\/tr>\n<tr>\n<td>Bereich 49 \u2013 Oxfordshire<\/td>\n<td>128<\/td>\n<td>621<\/td>\n<td>Jahr 1<\/td>\n<\/tr>\n<tr>\n<td>Bereich 50 \u2013 Shropshire<\/td>\n<td>256<\/td>\n<td>2382<\/td>\n<td>Jahr 1<\/td>\n<\/tr>\n<tr>\n<td>Bereich 51 \u2013 Somerset<\/td>\n<td>56<\/td>\n<td>1746<\/td>\n<td>Jahr 1<\/td>\n<\/tr>\n<tr>\n<td>Bereich 52 \u2013 Warwickshire<\/td>\n<td>200<\/td>\n<td>1044<\/td>\n<td>Jahr 1<\/td>\n<\/tr>\n<tr>\n<td>Bereich 53 \u2013 Wiltshire<\/td>\n<td>64<\/td>\n<td>329<\/td>\n<td>Jahr 1<\/td>\n<\/tr>\n<tr>\n<td>Gesamt<\/td>\n<td>4651<\/td>\n<td>27799<\/td>\n<td><\/td>\n<\/tr>\n<\/tbody>\n<\/table>\n<\/figure>\n","protected":false},"excerpt":{"rendered":"<p>Die ver\u00f6ffentlichten erg\u00e4nzenden Keulungszahlen zeigen, dass fast 28.000 weitere Dachse zum Schlachten markiert sind, was die Gesamtzahl der get\u00f6teten Dachse auf \u00fcber 250.000 erh\u00f6ht. Neue<\/p>\n","protected":false},"author":1,"featured_media":198,"comment_status":"closed","ping_status":"","sticky":false,"template":"","format":"standard","meta":{"footnotes":""},"categories":[101],"tags":[46,289,78,9,1072,805,1073,1074,290],"class_list":["post-542","post","type-post","status-publish","format-standard","has-post-thumbnail","hentry","category-oekologie","tag-auf","tag-badger","tag-den","tag-die","tag-fordert","tag-natur","tag-naturminister","tag-schuetzen","tag-trust","generate-columns","tablet-grid-50","mobile-grid-100","grid-parent","grid-50"],"yoast_head":"<!-- This site is optimized with the Yoast SEO plugin v27.3 - https:\/\/yoast.com\/product\/yoast-seo-wordpress\/ -->\n<title>Badger Trust fordert den Naturminister auf, die Natur zu sch\u00fctzen - Nachrichten - Stra\u00dfenweb<\/title>\n<meta name=\"robots\" content=\"index, follow, max-snippet:-1, max-image-preview:large, max-video-preview:-1\" \/>\n<link rel=\"canonical\" href=\"https:\/\/www.strassenweb.de\/nachrichten\/badger-trust-fordert-den-naturminister-auf-die-natur-zu-schuetzen\/\" \/>\n<meta property=\"og:locale\" content=\"de_DE\" \/>\n<meta property=\"og:type\" content=\"article\" \/>\n<meta property=\"og:title\" content=\"Badger Trust fordert den Naturminister auf, die Natur zu sch\u00fctzen - Nachrichten - Stra\u00dfenweb\" \/>\n<meta property=\"og:description\" content=\"Die ver\u00f6ffentlichten erg\u00e4nzenden Keulungszahlen zeigen, dass fast 28.000 weitere Dachse zum Schlachten markiert sind, was die Gesamtzahl der get\u00f6teten Dachse auf \u00fcber 250.000 erh\u00f6ht. Neue\" \/>\n<meta property=\"og:url\" content=\"https:\/\/www.strassenweb.de\/nachrichten\/badger-trust-fordert-den-naturminister-auf-die-natur-zu-schuetzen\/\" \/>\n<meta property=\"og:site_name\" content=\"Stra\u00dfenweb\" \/>\n<meta property=\"article:publisher\" content=\"https:\/\/www.facebook.com\/strassenweb\/\" \/>\n<meta property=\"article:published_time\" content=\"2024-10-03T00:04:09+00:00\" \/>\n<meta property=\"article:modified_time\" content=\"2024-10-03T00:04:10+00:00\" \/>\n<meta property=\"og:image\" content=\"https:\/\/www.strassenweb.de\/nachrichten\/wp-content\/uploads\/2024\/09\/Erste-Reaktion-des-Badger-Trust-auf-die-Regierungserklaerung-zum-Plan.jpg\" \/>\n\t<meta property=\"og:image:width\" content=\"900\" \/>\n\t<meta property=\"og:image:height\" content=\"600\" \/>\n\t<meta property=\"og:image:type\" content=\"image\/jpeg\" \/>\n<meta name=\"author\" content=\"Robert Hoffmann\" \/>\n<meta name=\"twitter:card\" content=\"summary_large_image\" \/>\n<meta name=\"twitter:label1\" content=\"Verfasst von\" \/>\n\t<meta name=\"twitter:data1\" content=\"Robert Hoffmann\" \/>\n\t<meta name=\"twitter:label2\" content=\"Gesch\u00e4tzte Lesezeit\" \/>\n\t<meta name=\"twitter:data2\" content=\"3\u00a0Minuten\" \/>\n<script type=\"application\/ld+json\" class=\"yoast-schema-graph\">{\"@context\":\"https:\\\/\\\/schema.org\",\"@graph\":[{\"@type\":\"Article\",\"@id\":\"https:\\\/\\\/www.strassenweb.de\\\/nachrichten\\\/badger-trust-fordert-den-naturminister-auf-die-natur-zu-schuetzen\\\/#article\",\"isPartOf\":{\"@id\":\"https:\\\/\\\/www.strassenweb.de\\\/nachrichten\\\/badger-trust-fordert-den-naturminister-auf-die-natur-zu-schuetzen\\\/\"},\"author\":{\"name\":\"Robert Hoffmann\",\"@id\":\"https:\\\/\\\/www.strassenweb.de\\\/nachrichten\\\/#\\\/schema\\\/person\\\/87c9c9067f1211da429a744dc5a5aa41\"},\"headline\":\"Badger Trust fordert den Naturminister auf, die Natur zu sch\u00fctzen\",\"datePublished\":\"2024-10-03T00:04:09+00:00\",\"dateModified\":\"2024-10-03T00:04:10+00:00\",\"mainEntityOfPage\":{\"@id\":\"https:\\\/\\\/www.strassenweb.de\\\/nachrichten\\\/badger-trust-fordert-den-naturminister-auf-die-natur-zu-schuetzen\\\/\"},\"wordCount\":534,\"publisher\":{\"@id\":\"https:\\\/\\\/www.strassenweb.de\\\/nachrichten\\\/#organization\"},\"image\":{\"@id\":\"https:\\\/\\\/www.strassenweb.de\\\/nachrichten\\\/badger-trust-fordert-den-naturminister-auf-die-natur-zu-schuetzen\\\/#primaryimage\"},\"thumbnailUrl\":\"https:\\\/\\\/www.strassenweb.de\\\/nachrichten\\\/wp-content\\\/uploads\\\/2024\\\/09\\\/Erste-Reaktion-des-Badger-Trust-auf-die-Regierungserklaerung-zum-Plan.jpg\",\"keywords\":[\"auf\",\"Badger\",\"den\",\"die\",\"fordert\",\"Natur\",\"Naturminister\",\"sch\u00fctzen\",\"Trust\"],\"articleSection\":[\"\u00d6kologie\"],\"inLanguage\":\"de\"},{\"@type\":\"WebPage\",\"@id\":\"https:\\\/\\\/www.strassenweb.de\\\/nachrichten\\\/badger-trust-fordert-den-naturminister-auf-die-natur-zu-schuetzen\\\/\",\"url\":\"https:\\\/\\\/www.strassenweb.de\\\/nachrichten\\\/badger-trust-fordert-den-naturminister-auf-die-natur-zu-schuetzen\\\/\",\"name\":\"Badger Trust fordert den Naturminister auf, die Natur zu sch\u00fctzen - Nachrichten - Stra\u00dfenweb\",\"isPartOf\":{\"@id\":\"https:\\\/\\\/www.strassenweb.de\\\/nachrichten\\\/#website\"},\"primaryImageOfPage\":{\"@id\":\"https:\\\/\\\/www.strassenweb.de\\\/nachrichten\\\/badger-trust-fordert-den-naturminister-auf-die-natur-zu-schuetzen\\\/#primaryimage\"},\"image\":{\"@id\":\"https:\\\/\\\/www.strassenweb.de\\\/nachrichten\\\/badger-trust-fordert-den-naturminister-auf-die-natur-zu-schuetzen\\\/#primaryimage\"},\"thumbnailUrl\":\"https:\\\/\\\/www.strassenweb.de\\\/nachrichten\\\/wp-content\\\/uploads\\\/2024\\\/09\\\/Erste-Reaktion-des-Badger-Trust-auf-die-Regierungserklaerung-zum-Plan.jpg\",\"datePublished\":\"2024-10-03T00:04:09+00:00\",\"dateModified\":\"2024-10-03T00:04:10+00:00\",\"breadcrumb\":{\"@id\":\"https:\\\/\\\/www.strassenweb.de\\\/nachrichten\\\/badger-trust-fordert-den-naturminister-auf-die-natur-zu-schuetzen\\\/#breadcrumb\"},\"inLanguage\":\"de\",\"potentialAction\":[{\"@type\":\"ReadAction\",\"target\":[\"https:\\\/\\\/www.strassenweb.de\\\/nachrichten\\\/badger-trust-fordert-den-naturminister-auf-die-natur-zu-schuetzen\\\/\"]}]},{\"@type\":\"ImageObject\",\"inLanguage\":\"de\",\"@id\":\"https:\\\/\\\/www.strassenweb.de\\\/nachrichten\\\/badger-trust-fordert-den-naturminister-auf-die-natur-zu-schuetzen\\\/#primaryimage\",\"url\":\"https:\\\/\\\/www.strassenweb.de\\\/nachrichten\\\/wp-content\\\/uploads\\\/2024\\\/09\\\/Erste-Reaktion-des-Badger-Trust-auf-die-Regierungserklaerung-zum-Plan.jpg\",\"contentUrl\":\"https:\\\/\\\/www.strassenweb.de\\\/nachrichten\\\/wp-content\\\/uploads\\\/2024\\\/09\\\/Erste-Reaktion-des-Badger-Trust-auf-die-Regierungserklaerung-zum-Plan.jpg\",\"width\":900,\"height\":600,\"caption\":\"Initial Response to Government Statement on bTB eradication plan from Badger Trust\"},{\"@type\":\"BreadcrumbList\",\"@id\":\"https:\\\/\\\/www.strassenweb.de\\\/nachrichten\\\/badger-trust-fordert-den-naturminister-auf-die-natur-zu-schuetzen\\\/#breadcrumb\",\"itemListElement\":[{\"@type\":\"ListItem\",\"position\":1,\"name\":\"Home\",\"item\":\"https:\\\/\\\/www.strassenweb.de\\\/nachrichten\\\/\"},{\"@type\":\"ListItem\",\"position\":2,\"name\":\"Badger Trust fordert den Naturminister auf, die Natur zu sch\u00fctzen\"}]},{\"@type\":\"WebSite\",\"@id\":\"https:\\\/\\\/www.strassenweb.de\\\/nachrichten\\\/#website\",\"url\":\"https:\\\/\\\/www.strassenweb.de\\\/nachrichten\\\/\",\"name\":\"Stra\u00dfenweb\",\"description\":\"Stra\u00dfenverzeichnis f\u00fcr Deutschland\",\"publisher\":{\"@id\":\"https:\\\/\\\/www.strassenweb.de\\\/nachrichten\\\/#organization\"},\"potentialAction\":[{\"@type\":\"SearchAction\",\"target\":{\"@type\":\"EntryPoint\",\"urlTemplate\":\"https:\\\/\\\/www.strassenweb.de\\\/nachrichten\\\/?s={search_term_string}\"},\"query-input\":{\"@type\":\"PropertyValueSpecification\",\"valueRequired\":true,\"valueName\":\"search_term_string\"}}],\"inLanguage\":\"de\"},{\"@type\":\"Organization\",\"@id\":\"https:\\\/\\\/www.strassenweb.de\\\/nachrichten\\\/#organization\",\"name\":\"Stra\u00dfenweb\",\"url\":\"https:\\\/\\\/www.strassenweb.de\\\/nachrichten\\\/\",\"logo\":{\"@type\":\"ImageObject\",\"inLanguage\":\"de\",\"@id\":\"https:\\\/\\\/www.strassenweb.de\\\/nachrichten\\\/#\\\/schema\\\/logo\\\/image\\\/\",\"url\":\"https:\\\/\\\/www.strassenweb.de\\\/nachrichten\\\/wp-content\\\/uploads\\\/2024\\\/09\\\/cropped-favicon.png\",\"contentUrl\":\"https:\\\/\\\/www.strassenweb.de\\\/nachrichten\\\/wp-content\\\/uploads\\\/2024\\\/09\\\/cropped-favicon.png\",\"width\":512,\"height\":512,\"caption\":\"Stra\u00dfenweb\"},\"image\":{\"@id\":\"https:\\\/\\\/www.strassenweb.de\\\/nachrichten\\\/#\\\/schema\\\/logo\\\/image\\\/\"},\"sameAs\":[\"https:\\\/\\\/www.facebook.com\\\/strassenweb\\\/\"]},{\"@type\":\"Person\",\"@id\":\"https:\\\/\\\/www.strassenweb.de\\\/nachrichten\\\/#\\\/schema\\\/person\\\/87c9c9067f1211da429a744dc5a5aa41\",\"name\":\"Robert Hoffmann\",\"image\":{\"@type\":\"ImageObject\",\"inLanguage\":\"de\",\"@id\":\"https:\\\/\\\/www.strassenweb.de\\\/nachrichten\\\/wp-content\\\/uploads\\\/2024\\\/09\\\/strassenweb-150x150.jpg\",\"url\":\"https:\\\/\\\/www.strassenweb.de\\\/nachrichten\\\/wp-content\\\/uploads\\\/2024\\\/09\\\/strassenweb-150x150.jpg\",\"contentUrl\":\"https:\\\/\\\/www.strassenweb.de\\\/nachrichten\\\/wp-content\\\/uploads\\\/2024\\\/09\\\/strassenweb-150x150.jpg\",\"caption\":\"Robert Hoffmann\"},\"description\":\"Ich hei\u00dfe Robert Hoffmann und ich bin ein leidenschaftlicher Verfechter von \u00d6kologie und Biodiversit\u00e4t. Seit meiner Kindheit in den W\u00e4ldern Bayerns f\u00fchle ich mich mit der Natur verbunden und bin entschlossen, sie zu sch\u00fctzen. Heute widme ich mein Leben der Sensibilisierung anderer f\u00fcr die Bedeutung des Umweltschutzes f\u00fcr zuk\u00fcnftige Generationen.\",\"sameAs\":[\"https:\\\/\\\/www.strassenweb.de\\\/\"]}]}<\/script>\n<!-- \/ Yoast SEO plugin. -->","yoast_head_json":{"title":"Badger Trust fordert den Naturminister auf, die Natur zu sch\u00fctzen - Nachrichten - Stra\u00dfenweb","robots":{"index":"index","follow":"follow","max-snippet":"max-snippet:-1","max-image-preview":"max-image-preview:large","max-video-preview":"max-video-preview:-1"},"canonical":"https:\/\/www.strassenweb.de\/nachrichten\/badger-trust-fordert-den-naturminister-auf-die-natur-zu-schuetzen\/","og_locale":"de_DE","og_type":"article","og_title":"Badger Trust fordert den Naturminister auf, die Natur zu sch\u00fctzen - Nachrichten - Stra\u00dfenweb","og_description":"Die ver\u00f6ffentlichten erg\u00e4nzenden Keulungszahlen zeigen, dass fast 28.000 weitere Dachse zum Schlachten markiert sind, was die Gesamtzahl der get\u00f6teten Dachse auf \u00fcber 250.000 erh\u00f6ht. Neue","og_url":"https:\/\/www.strassenweb.de\/nachrichten\/badger-trust-fordert-den-naturminister-auf-die-natur-zu-schuetzen\/","og_site_name":"Stra\u00dfenweb","article_publisher":"https:\/\/www.facebook.com\/strassenweb\/","article_published_time":"2024-10-03T00:04:09+00:00","article_modified_time":"2024-10-03T00:04:10+00:00","og_image":[{"width":900,"height":600,"url":"https:\/\/www.strassenweb.de\/nachrichten\/wp-content\/uploads\/2024\/09\/Erste-Reaktion-des-Badger-Trust-auf-die-Regierungserklaerung-zum-Plan.jpg","type":"image\/jpeg"}],"author":"Robert Hoffmann","twitter_card":"summary_large_image","twitter_misc":{"Verfasst von":"Robert Hoffmann","Gesch\u00e4tzte Lesezeit":"3\u00a0Minuten"},"schema":{"@context":"https:\/\/schema.org","@graph":[{"@type":"Article","@id":"https:\/\/www.strassenweb.de\/nachrichten\/badger-trust-fordert-den-naturminister-auf-die-natur-zu-schuetzen\/#article","isPartOf":{"@id":"https:\/\/www.strassenweb.de\/nachrichten\/badger-trust-fordert-den-naturminister-auf-die-natur-zu-schuetzen\/"},"author":{"name":"Robert Hoffmann","@id":"https:\/\/www.strassenweb.de\/nachrichten\/#\/schema\/person\/87c9c9067f1211da429a744dc5a5aa41"},"headline":"Badger Trust fordert den Naturminister auf, die Natur zu sch\u00fctzen","datePublished":"2024-10-03T00:04:09+00:00","dateModified":"2024-10-03T00:04:10+00:00","mainEntityOfPage":{"@id":"https:\/\/www.strassenweb.de\/nachrichten\/badger-trust-fordert-den-naturminister-auf-die-natur-zu-schuetzen\/"},"wordCount":534,"publisher":{"@id":"https:\/\/www.strassenweb.de\/nachrichten\/#organization"},"image":{"@id":"https:\/\/www.strassenweb.de\/nachrichten\/badger-trust-fordert-den-naturminister-auf-die-natur-zu-schuetzen\/#primaryimage"},"thumbnailUrl":"https:\/\/www.strassenweb.de\/nachrichten\/wp-content\/uploads\/2024\/09\/Erste-Reaktion-des-Badger-Trust-auf-die-Regierungserklaerung-zum-Plan.jpg","keywords":["auf","Badger","den","die","fordert","Natur","Naturminister","sch\u00fctzen","Trust"],"articleSection":["\u00d6kologie"],"inLanguage":"de"},{"@type":"WebPage","@id":"https:\/\/www.strassenweb.de\/nachrichten\/badger-trust-fordert-den-naturminister-auf-die-natur-zu-schuetzen\/","url":"https:\/\/www.strassenweb.de\/nachrichten\/badger-trust-fordert-den-naturminister-auf-die-natur-zu-schuetzen\/","name":"Badger Trust fordert den Naturminister auf, die Natur zu sch\u00fctzen - Nachrichten - Stra\u00dfenweb","isPartOf":{"@id":"https:\/\/www.strassenweb.de\/nachrichten\/#website"},"primaryImageOfPage":{"@id":"https:\/\/www.strassenweb.de\/nachrichten\/badger-trust-fordert-den-naturminister-auf-die-natur-zu-schuetzen\/#primaryimage"},"image":{"@id":"https:\/\/www.strassenweb.de\/nachrichten\/badger-trust-fordert-den-naturminister-auf-die-natur-zu-schuetzen\/#primaryimage"},"thumbnailUrl":"https:\/\/www.strassenweb.de\/nachrichten\/wp-content\/uploads\/2024\/09\/Erste-Reaktion-des-Badger-Trust-auf-die-Regierungserklaerung-zum-Plan.jpg","datePublished":"2024-10-03T00:04:09+00:00","dateModified":"2024-10-03T00:04:10+00:00","breadcrumb":{"@id":"https:\/\/www.strassenweb.de\/nachrichten\/badger-trust-fordert-den-naturminister-auf-die-natur-zu-schuetzen\/#breadcrumb"},"inLanguage":"de","potentialAction":[{"@type":"ReadAction","target":["https:\/\/www.strassenweb.de\/nachrichten\/badger-trust-fordert-den-naturminister-auf-die-natur-zu-schuetzen\/"]}]},{"@type":"ImageObject","inLanguage":"de","@id":"https:\/\/www.strassenweb.de\/nachrichten\/badger-trust-fordert-den-naturminister-auf-die-natur-zu-schuetzen\/#primaryimage","url":"https:\/\/www.strassenweb.de\/nachrichten\/wp-content\/uploads\/2024\/09\/Erste-Reaktion-des-Badger-Trust-auf-die-Regierungserklaerung-zum-Plan.jpg","contentUrl":"https:\/\/www.strassenweb.de\/nachrichten\/wp-content\/uploads\/2024\/09\/Erste-Reaktion-des-Badger-Trust-auf-die-Regierungserklaerung-zum-Plan.jpg","width":900,"height":600,"caption":"Initial Response to Government Statement on bTB eradication plan from Badger Trust"},{"@type":"BreadcrumbList","@id":"https:\/\/www.strassenweb.de\/nachrichten\/badger-trust-fordert-den-naturminister-auf-die-natur-zu-schuetzen\/#breadcrumb","itemListElement":[{"@type":"ListItem","position":1,"name":"Home","item":"https:\/\/www.strassenweb.de\/nachrichten\/"},{"@type":"ListItem","position":2,"name":"Badger Trust fordert den Naturminister auf, die Natur zu sch\u00fctzen"}]},{"@type":"WebSite","@id":"https:\/\/www.strassenweb.de\/nachrichten\/#website","url":"https:\/\/www.strassenweb.de\/nachrichten\/","name":"Stra\u00dfenweb","description":"Stra\u00dfenverzeichnis f\u00fcr Deutschland","publisher":{"@id":"https:\/\/www.strassenweb.de\/nachrichten\/#organization"},"potentialAction":[{"@type":"SearchAction","target":{"@type":"EntryPoint","urlTemplate":"https:\/\/www.strassenweb.de\/nachrichten\/?s={search_term_string}"},"query-input":{"@type":"PropertyValueSpecification","valueRequired":true,"valueName":"search_term_string"}}],"inLanguage":"de"},{"@type":"Organization","@id":"https:\/\/www.strassenweb.de\/nachrichten\/#organization","name":"Stra\u00dfenweb","url":"https:\/\/www.strassenweb.de\/nachrichten\/","logo":{"@type":"ImageObject","inLanguage":"de","@id":"https:\/\/www.strassenweb.de\/nachrichten\/#\/schema\/logo\/image\/","url":"https:\/\/www.strassenweb.de\/nachrichten\/wp-content\/uploads\/2024\/09\/cropped-favicon.png","contentUrl":"https:\/\/www.strassenweb.de\/nachrichten\/wp-content\/uploads\/2024\/09\/cropped-favicon.png","width":512,"height":512,"caption":"Stra\u00dfenweb"},"image":{"@id":"https:\/\/www.strassenweb.de\/nachrichten\/#\/schema\/logo\/image\/"},"sameAs":["https:\/\/www.facebook.com\/strassenweb\/"]},{"@type":"Person","@id":"https:\/\/www.strassenweb.de\/nachrichten\/#\/schema\/person\/87c9c9067f1211da429a744dc5a5aa41","name":"Robert Hoffmann","image":{"@type":"ImageObject","inLanguage":"de","@id":"https:\/\/www.strassenweb.de\/nachrichten\/wp-content\/uploads\/2024\/09\/strassenweb-150x150.jpg","url":"https:\/\/www.strassenweb.de\/nachrichten\/wp-content\/uploads\/2024\/09\/strassenweb-150x150.jpg","contentUrl":"https:\/\/www.strassenweb.de\/nachrichten\/wp-content\/uploads\/2024\/09\/strassenweb-150x150.jpg","caption":"Robert Hoffmann"},"description":"Ich hei\u00dfe Robert Hoffmann und ich bin ein leidenschaftlicher Verfechter von \u00d6kologie und Biodiversit\u00e4t. Seit meiner Kindheit in den W\u00e4ldern Bayerns f\u00fchle ich mich mit der Natur verbunden und bin entschlossen, sie zu sch\u00fctzen. Heute widme ich mein Leben der Sensibilisierung anderer f\u00fcr die Bedeutung des Umweltschutzes f\u00fcr zuk\u00fcnftige Generationen.","sameAs":["https:\/\/www.strassenweb.de\/"]}]}},"_links":{"self":[{"href":"https:\/\/www.strassenweb.de\/nachrichten\/wp-json\/wp\/v2\/posts\/542","targetHints":{"allow":["GET"]}}],"collection":[{"href":"https:\/\/www.strassenweb.de\/nachrichten\/wp-json\/wp\/v2\/posts"}],"about":[{"href":"https:\/\/www.strassenweb.de\/nachrichten\/wp-json\/wp\/v2\/types\/post"}],"author":[{"embeddable":true,"href":"https:\/\/www.strassenweb.de\/nachrichten\/wp-json\/wp\/v2\/users\/1"}],"replies":[{"embeddable":true,"href":"https:\/\/www.strassenweb.de\/nachrichten\/wp-json\/wp\/v2\/comments?post=542"}],"version-history":[{"count":0,"href":"https:\/\/www.strassenweb.de\/nachrichten\/wp-json\/wp\/v2\/posts\/542\/revisions"}],"wp:featuredmedia":[{"embeddable":true,"href":"https:\/\/www.strassenweb.de\/nachrichten\/wp-json\/wp\/v2\/media\/198"}],"wp:attachment":[{"href":"https:\/\/www.strassenweb.de\/nachrichten\/wp-json\/wp\/v2\/media?parent=542"}],"wp:term":[{"taxonomy":"category","embeddable":true,"href":"https:\/\/www.strassenweb.de\/nachrichten\/wp-json\/wp\/v2\/categories?post=542"},{"taxonomy":"post_tag","embeddable":true,"href":"https:\/\/www.strassenweb.de\/nachrichten\/wp-json\/wp\/v2\/tags?post=542"}],"curies":[{"name":"wp","href":"https:\/\/api.w.org\/{rel}","templated":true}]}}