{"id":5407,"date":"2025-06-01T21:40:01","date_gmt":"2025-06-01T19:40:01","guid":{"rendered":"https:\/\/www.strassenweb.de\/nachrichten\/ich-fand-creme-die-schlimmste-wohnzimmerfarbe-aber-sofia-vergaras-raum-verleiht-dem-neutralen-schatten-einen-beispiellosen-anspruch\/"},"modified":"2025-06-01T21:40:01","modified_gmt":"2025-06-01T19:40:01","slug":"ich-fand-creme-die-schlimmste-wohnzimmerfarbe-aber-sofia-vergaras-raum-verleiht-dem-neutralen-schatten-einen-beispiellosen-anspruch","status":"publish","type":"post","link":"https:\/\/www.strassenweb.de\/nachrichten\/ich-fand-creme-die-schlimmste-wohnzimmerfarbe-aber-sofia-vergaras-raum-verleiht-dem-neutralen-schatten-einen-beispiellosen-anspruch\/","title":{"rendered":"Ich fand Creme die schlimmste Wohnzimmerfarbe, aber Sof\u00eda Vergaras Raum verleiht dem neutralen Schatten einen beispiellosen Anspruch"},"content":{"rendered":"<p><\/p>\n<div id=\"article-body\" class=\"article__body \">\n<p>Fr\u00fcher dachte ich, dass es nichts Uninspirierteres gab als ein cremefarbenes Wohnzimmer; Sogar die Phrase erf\u00fcllt meinen Geist mit Bildern von langweiligen, ultra-modernen R\u00e4umen ohne Pers\u00f6nlichkeit oder Stil.<\/p>\n<div id=\"ad-unit-1\" class=\"ad-unit\"><\/div>\n<p>Durch das Styling von Sahne mit reichen Braunen, strukturellen Graut\u00f6nen und Gr\u00fcnen hat das Wohnzimmer von Sof\u00eda Vergara mir bewiesen, dass der Schatten viele Vorz\u00fcge hat.<\/p>\n<aside data-block-type=\"embed\" data-render-type=\"fte\" data-skip=\"dealsy\" data-widget-type=\"seasonal\" class=\"hawk-base\"><\/aside>\n<p>Ich entdeckte das cremefarbene Wohnzimmer der Schauspielerin k\u00fcrzlich in einem Instagram -Beitrag, in dem Sof\u00eda auf ihrem Cremesofa sitzt. Sahnelampen und Cremw\u00e4nde erdecken den Raum. Graue strukturierte Kissen, geschnitztes Holz auf der R\u00fcckseite des Sofas und eine F\u00fclle von Zimmerpflanzen sorgen f\u00fcr Interesse. Es ist ein Beweis f\u00fcr die eindeutige Vielseitigkeit der Farbe.<\/p>\n<div id=\"desktop-in-article\" class=\"in-article ad-unit\">\n<div id=\"desktop-taboola-mid-article\"><\/div>\n<\/div>\n<div id=\"mobile-in-article\" class=\"in-article ad-unit\">\n<div id=\"mobile-taboola-mid-article\"><\/div>\n<\/div>\n<div class=\"van_vid_carousel\">\n<div class=\"van_vid_carousel__padding\">\n<div class=\"van_vid_carousel__container\"><\/div>\n<\/div>\n<\/div>\n<aside data-component-name=\"Recirculation:ArticleRiver\" data-nosnippet>\n<span class=\"bg-secondary-500 text-white text-lg font-bold uppercase py-1 px-2 leading-(1.625rem) sm:leading-(6px) sm:text-sm\"><\/p>\n<p>Sie m\u00f6gen m\u00f6gen<br \/>\n<\/span><\/p>\n<ul class=\"flex flex-col my-2 list-outside ms-5 bg-none\" data-analytics-id=\"more-about-inline\">\n<li class=\"m-0 mb-2\" name=\"more-about-inline\" data-analytics-id=\"more-about-inline-0\">\n<p>Michelle Monaghans ruhiges Luxus -Sofa ist in 100 Jahren genauso stilvoll &#8211; der weiche Farbton f\u00f6rdert die Ruhe in ihrem Wohnzimmer<\/p>\n<\/li>\n<li class=\"m-0 mb-2\" name=\"more-about-inline\" data-analytics-id=\"more-about-inline-1\">\n<p>Chrissy Teigens reichhaltige Wohnzimmertexturen infundieren ihr erdiges Farbschema mit dem Leben &#8211; es ist die beste Einstellung zu warmen Neutralen, die ich je gesehen habe<\/p>\n<\/li>\n<li class=\"m-0 mb-2\" name=\"more-about-inline\" data-analytics-id=\"more-about-inline-2\">\n<p>Claudia Schiffer schafft ein hoch entwickeltes minimalistisches Wohnzimmer mit diesen 3 Teilen &#8211; Designer sagen<\/p>\n<\/li>\n<\/ul>\n<\/aside>\n<div class=\"instagram-embed\">\n<blockquote class=\"instagram-media\" data-instgrm-captioned data-instgrm-version=\"6\" style=\"width:99.375%; width:-webkit-calc(100% - 2px); width:calc(100% - 2px);\">\n<p>Ein Beitrag von Sofia Vergara (@Sofiavgara) geteilt<\/p>\n<p>Ein Foto von on <\/p>\n<\/blockquote>\n<\/div>\n<h3 class=\"article-body__section\" id=\"section-shop-the-look\"><span>Kaufen Sie den Look ein<\/span><\/h3>\n<div class=\"product-container hero-product-container product-block-no-wrap\">\n<div class=\"product-block-row\"><\/div>\n<div class=\"product-block-row\"><\/div>\n<div class=\"product-block-row\"><\/div>\n<\/div>\n<p>Sof\u00edas Wohnzimmer -Farbidee funktioniert so gut, weil sie schlanke moderne T\u00f6ne mit tieferen, klassischen Texturen und Materialien kontrastiert. Um diesen Look in Ihrem Zuhause zu stylen, w\u00fcrde ich empfehlen, Creme nicht als Ihr Farbschema, sondern als Basis zu denken. Sie k\u00f6nnen die W\u00e4ndecreme malen, cremefarbene Leuchten verwenden und ein Sofa mit Sahnekissen ausw\u00e4hlen.<\/p>\n<div id=\"ad-unit-2\" class=\"ad-unit\"><\/div>\n<p>Wenn es jedoch um die Dekoration mit Creme geht, empfehle ich, sich f\u00fcr weniger neutrale St\u00fccke zu entscheiden, anstatt ein All-Creme-Schema zu erreichen. Strukturierte Kissen, ein farbenfroher Teppich, Pflanzen und helle Skulpturen sind gute Optionen, um Farbe in den Raum zu bringen, ohne ihn zu \u00fcberw\u00e4ltigen.<\/p>\n<p>Ich schlage auch vor, eine Vielzahl nat\u00fcrlicher Materialien zu integrieren, damit sich ein Cremeschema w\u00e4rmer anf\u00fchlt. In Sof\u00edas Raum hat dies die Form eines Holzsofas und eines Jute -Teppichs, die ein gro\u00dfer Ausgangspunkt sind. Sie k\u00f6nnen auch nat\u00fcrliche Tonvasen, eine Sammlung von Zimmerpflanzen und gewebte Korbst\u00fccke verwenden, um verschiedene Texturen hinzuzuf\u00fcgen. F\u00fcr einen mehr K\u00fcsten -Look liebe ich das Gef\u00fchl von Treibholzst\u00fccken als Dekor.<\/p>\n<hr>\n<p>Creme ist eine zeitlose Farbe, und es gibt M\u00f6glichkeiten, es in einen beliebigen Wohnzimmerstil zu machen. Egal, dass Sie neutrale R\u00e4ume einnehmen, schreiben Sie ihn nicht so ab wie ich. Kein Neutral ist au\u00dferhalb der Erl\u00f6sung, wie das Haus von Sof\u00eda Vergara zeigt.<\/p>\n<div id=\"slice-container-newsletterForm-articleInbodyContent-X8brQCSRJvrDRMGSmhz6HK\" class=\"slice-container newsletter-inbodyContent-slice newsletterForm-articleInbodyContent-X8brQCSRJvrDRMGSmhz6HK slice-container-newsletterForm\"><\/div>\n<hr>\n<\/div>\n<p><script async src=\"\/\/www.instagram.com\/embed.js\"><\/script><\/p>\n","protected":false},"excerpt":{"rendered":"<p>Fr\u00fcher dachte ich, dass es nichts Uninspirierteres gab als ein cremefarbenes Wohnzimmer; Sogar die Phrase erf\u00fcllt meinen Geist mit Bildern von langweiligen, ultra-modernen R\u00e4umen ohne<\/p>\n","protected":false},"author":1,"featured_media":5408,"comment_status":"closed","ping_status":"","sticky":false,"template":"","format":"standard","meta":{"footnotes":""},"categories":[118],"tags":[357,696,7726,7725,91,9,166,6459,129,1021,182,4752,6589,3004,3465,958,5924],"class_list":["post-5407","post","type-post","status-publish","format-standard","has-post-thumbnail","hentry","category-haus-garten","tag-aber","tag-anspruch","tag-beispiellosen","tag-creme","tag-dem","tag-die","tag-einen","tag-fand","tag-ich","tag-neutralen","tag-raum","tag-schatten","tag-schlimmste","tag-sofia","tag-vergaras","tag-verleiht","tag-wohnzimmerfarbe","generate-columns","tablet-grid-50","mobile-grid-100","grid-parent","grid-50"],"yoast_head":"<!-- This site is optimized with the Yoast SEO plugin v27.3 - https:\/\/yoast.com\/product\/yoast-seo-wordpress\/ -->\n<title>Ich fand Creme die schlimmste Wohnzimmerfarbe, aber Sof\u00eda Vergaras Raum verleiht dem neutralen Schatten einen beispiellosen Anspruch - Nachrichten - Stra\u00dfenweb<\/title>\n<meta name=\"robots\" content=\"index, follow, max-snippet:-1, max-image-preview:large, max-video-preview:-1\" \/>\n<link rel=\"canonical\" href=\"https:\/\/www.strassenweb.de\/nachrichten\/ich-fand-creme-die-schlimmste-wohnzimmerfarbe-aber-sofia-vergaras-raum-verleiht-dem-neutralen-schatten-einen-beispiellosen-anspruch\/\" \/>\n<meta property=\"og:locale\" content=\"de_DE\" \/>\n<meta property=\"og:type\" content=\"article\" \/>\n<meta property=\"og:title\" content=\"Ich fand Creme die schlimmste Wohnzimmerfarbe, aber Sof\u00eda Vergaras Raum verleiht dem neutralen Schatten einen beispiellosen Anspruch - Nachrichten - Stra\u00dfenweb\" \/>\n<meta property=\"og:description\" content=\"Fr\u00fcher dachte ich, dass es nichts Uninspirierteres gab als ein cremefarbenes Wohnzimmer; Sogar die Phrase erf\u00fcllt meinen Geist mit Bildern von langweiligen, ultra-modernen R\u00e4umen ohne\" \/>\n<meta property=\"og:url\" content=\"https:\/\/www.strassenweb.de\/nachrichten\/ich-fand-creme-die-schlimmste-wohnzimmerfarbe-aber-sofia-vergaras-raum-verleiht-dem-neutralen-schatten-einen-beispiellosen-anspruch\/\" \/>\n<meta property=\"og:site_name\" content=\"Stra\u00dfenweb\" \/>\n<meta property=\"article:publisher\" content=\"https:\/\/www.facebook.com\/strassenweb\/\" \/>\n<meta property=\"article:published_time\" content=\"2025-06-01T19:40:01+00:00\" \/>\n<meta property=\"og:image\" content=\"https:\/\/www.strassenweb.de\/nachrichten\/wp-content\/uploads\/2024\/12\/qKSFziTvjydMPrZrA2B6Qg.jpg\" \/>\n\t<meta property=\"og:image:width\" content=\"1\" \/>\n\t<meta property=\"og:image:height\" content=\"1\" \/>\n\t<meta property=\"og:image:type\" content=\"image\/jpeg\" \/>\n<meta name=\"author\" content=\"Robert Hoffmann\" \/>\n<meta name=\"twitter:card\" content=\"summary_large_image\" \/>\n<meta name=\"twitter:label1\" content=\"Verfasst von\" \/>\n\t<meta name=\"twitter:data1\" content=\"Robert Hoffmann\" \/>\n\t<meta name=\"twitter:label2\" content=\"Gesch\u00e4tzte Lesezeit\" \/>\n\t<meta name=\"twitter:data2\" content=\"2\u00a0Minuten\" \/>\n<script type=\"application\/ld+json\" class=\"yoast-schema-graph\">{\"@context\":\"https:\\\/\\\/schema.org\",\"@graph\":[{\"@type\":\"Article\",\"@id\":\"https:\\\/\\\/www.strassenweb.de\\\/nachrichten\\\/ich-fand-creme-die-schlimmste-wohnzimmerfarbe-aber-sofia-vergaras-raum-verleiht-dem-neutralen-schatten-einen-beispiellosen-anspruch\\\/#article\",\"isPartOf\":{\"@id\":\"https:\\\/\\\/www.strassenweb.de\\\/nachrichten\\\/ich-fand-creme-die-schlimmste-wohnzimmerfarbe-aber-sofia-vergaras-raum-verleiht-dem-neutralen-schatten-einen-beispiellosen-anspruch\\\/\"},\"author\":{\"name\":\"Robert Hoffmann\",\"@id\":\"https:\\\/\\\/www.strassenweb.de\\\/nachrichten\\\/#\\\/schema\\\/person\\\/87c9c9067f1211da429a744dc5a5aa41\"},\"headline\":\"Ich fand Creme die schlimmste Wohnzimmerfarbe, aber Sof\u00eda Vergaras Raum verleiht dem neutralen Schatten einen beispiellosen Anspruch\",\"datePublished\":\"2025-06-01T19:40:01+00:00\",\"mainEntityOfPage\":{\"@id\":\"https:\\\/\\\/www.strassenweb.de\\\/nachrichten\\\/ich-fand-creme-die-schlimmste-wohnzimmerfarbe-aber-sofia-vergaras-raum-verleiht-dem-neutralen-schatten-einen-beispiellosen-anspruch\\\/\"},\"wordCount\":454,\"publisher\":{\"@id\":\"https:\\\/\\\/www.strassenweb.de\\\/nachrichten\\\/#organization\"},\"image\":{\"@id\":\"https:\\\/\\\/www.strassenweb.de\\\/nachrichten\\\/ich-fand-creme-die-schlimmste-wohnzimmerfarbe-aber-sofia-vergaras-raum-verleiht-dem-neutralen-schatten-einen-beispiellosen-anspruch\\\/#primaryimage\"},\"thumbnailUrl\":\"https:\\\/\\\/www.strassenweb.de\\\/nachrichten\\\/wp-content\\\/uploads\\\/2024\\\/12\\\/qKSFziTvjydMPrZrA2B6Qg.jpg\",\"keywords\":[\"aber\",\"Anspruch\",\"beispiellosen\",\"Creme\",\"dem\",\"die\",\"einen\",\"fand\",\"ich\",\"neutralen\",\"Raum\",\"Schatten\",\"Schlimmste\",\"Sofia\",\"Vergaras\",\"verleiht\",\"Wohnzimmerfarbe\"],\"articleSection\":[\"Haus &amp; Garten\"],\"inLanguage\":\"de\"},{\"@type\":\"WebPage\",\"@id\":\"https:\\\/\\\/www.strassenweb.de\\\/nachrichten\\\/ich-fand-creme-die-schlimmste-wohnzimmerfarbe-aber-sofia-vergaras-raum-verleiht-dem-neutralen-schatten-einen-beispiellosen-anspruch\\\/\",\"url\":\"https:\\\/\\\/www.strassenweb.de\\\/nachrichten\\\/ich-fand-creme-die-schlimmste-wohnzimmerfarbe-aber-sofia-vergaras-raum-verleiht-dem-neutralen-schatten-einen-beispiellosen-anspruch\\\/\",\"name\":\"Ich fand Creme die schlimmste Wohnzimmerfarbe, aber Sof\u00eda Vergaras Raum verleiht dem neutralen Schatten einen beispiellosen Anspruch - Nachrichten - Stra\u00dfenweb\",\"isPartOf\":{\"@id\":\"https:\\\/\\\/www.strassenweb.de\\\/nachrichten\\\/#website\"},\"primaryImageOfPage\":{\"@id\":\"https:\\\/\\\/www.strassenweb.de\\\/nachrichten\\\/ich-fand-creme-die-schlimmste-wohnzimmerfarbe-aber-sofia-vergaras-raum-verleiht-dem-neutralen-schatten-einen-beispiellosen-anspruch\\\/#primaryimage\"},\"image\":{\"@id\":\"https:\\\/\\\/www.strassenweb.de\\\/nachrichten\\\/ich-fand-creme-die-schlimmste-wohnzimmerfarbe-aber-sofia-vergaras-raum-verleiht-dem-neutralen-schatten-einen-beispiellosen-anspruch\\\/#primaryimage\"},\"thumbnailUrl\":\"https:\\\/\\\/www.strassenweb.de\\\/nachrichten\\\/wp-content\\\/uploads\\\/2024\\\/12\\\/qKSFziTvjydMPrZrA2B6Qg.jpg\",\"datePublished\":\"2025-06-01T19:40:01+00:00\",\"breadcrumb\":{\"@id\":\"https:\\\/\\\/www.strassenweb.de\\\/nachrichten\\\/ich-fand-creme-die-schlimmste-wohnzimmerfarbe-aber-sofia-vergaras-raum-verleiht-dem-neutralen-schatten-einen-beispiellosen-anspruch\\\/#breadcrumb\"},\"inLanguage\":\"de\",\"potentialAction\":[{\"@type\":\"ReadAction\",\"target\":[\"https:\\\/\\\/www.strassenweb.de\\\/nachrichten\\\/ich-fand-creme-die-schlimmste-wohnzimmerfarbe-aber-sofia-vergaras-raum-verleiht-dem-neutralen-schatten-einen-beispiellosen-anspruch\\\/\"]}]},{\"@type\":\"ImageObject\",\"inLanguage\":\"de\",\"@id\":\"https:\\\/\\\/www.strassenweb.de\\\/nachrichten\\\/ich-fand-creme-die-schlimmste-wohnzimmerfarbe-aber-sofia-vergaras-raum-verleiht-dem-neutralen-schatten-einen-beispiellosen-anspruch\\\/#primaryimage\",\"url\":\"https:\\\/\\\/www.strassenweb.de\\\/nachrichten\\\/wp-content\\\/uploads\\\/2024\\\/12\\\/qKSFziTvjydMPrZrA2B6Qg.jpg\",\"contentUrl\":\"https:\\\/\\\/www.strassenweb.de\\\/nachrichten\\\/wp-content\\\/uploads\\\/2024\\\/12\\\/qKSFziTvjydMPrZrA2B6Qg.jpg\",\"caption\":\"sofia vergara on a gold background\"},{\"@type\":\"BreadcrumbList\",\"@id\":\"https:\\\/\\\/www.strassenweb.de\\\/nachrichten\\\/ich-fand-creme-die-schlimmste-wohnzimmerfarbe-aber-sofia-vergaras-raum-verleiht-dem-neutralen-schatten-einen-beispiellosen-anspruch\\\/#breadcrumb\",\"itemListElement\":[{\"@type\":\"ListItem\",\"position\":1,\"name\":\"Home\",\"item\":\"https:\\\/\\\/www.strassenweb.de\\\/nachrichten\\\/\"},{\"@type\":\"ListItem\",\"position\":2,\"name\":\"Ich fand Creme die schlimmste Wohnzimmerfarbe, aber Sof\u00eda Vergaras Raum verleiht dem neutralen Schatten einen beispiellosen Anspruch\"}]},{\"@type\":\"WebSite\",\"@id\":\"https:\\\/\\\/www.strassenweb.de\\\/nachrichten\\\/#website\",\"url\":\"https:\\\/\\\/www.strassenweb.de\\\/nachrichten\\\/\",\"name\":\"Stra\u00dfenweb\",\"description\":\"Stra\u00dfenverzeichnis f\u00fcr Deutschland\",\"publisher\":{\"@id\":\"https:\\\/\\\/www.strassenweb.de\\\/nachrichten\\\/#organization\"},\"potentialAction\":[{\"@type\":\"SearchAction\",\"target\":{\"@type\":\"EntryPoint\",\"urlTemplate\":\"https:\\\/\\\/www.strassenweb.de\\\/nachrichten\\\/?s={search_term_string}\"},\"query-input\":{\"@type\":\"PropertyValueSpecification\",\"valueRequired\":true,\"valueName\":\"search_term_string\"}}],\"inLanguage\":\"de\"},{\"@type\":\"Organization\",\"@id\":\"https:\\\/\\\/www.strassenweb.de\\\/nachrichten\\\/#organization\",\"name\":\"Stra\u00dfenweb\",\"url\":\"https:\\\/\\\/www.strassenweb.de\\\/nachrichten\\\/\",\"logo\":{\"@type\":\"ImageObject\",\"inLanguage\":\"de\",\"@id\":\"https:\\\/\\\/www.strassenweb.de\\\/nachrichten\\\/#\\\/schema\\\/logo\\\/image\\\/\",\"url\":\"https:\\\/\\\/www.strassenweb.de\\\/nachrichten\\\/wp-content\\\/uploads\\\/2024\\\/09\\\/cropped-favicon.png\",\"contentUrl\":\"https:\\\/\\\/www.strassenweb.de\\\/nachrichten\\\/wp-content\\\/uploads\\\/2024\\\/09\\\/cropped-favicon.png\",\"width\":512,\"height\":512,\"caption\":\"Stra\u00dfenweb\"},\"image\":{\"@id\":\"https:\\\/\\\/www.strassenweb.de\\\/nachrichten\\\/#\\\/schema\\\/logo\\\/image\\\/\"},\"sameAs\":[\"https:\\\/\\\/www.facebook.com\\\/strassenweb\\\/\"]},{\"@type\":\"Person\",\"@id\":\"https:\\\/\\\/www.strassenweb.de\\\/nachrichten\\\/#\\\/schema\\\/person\\\/87c9c9067f1211da429a744dc5a5aa41\",\"name\":\"Robert Hoffmann\",\"image\":{\"@type\":\"ImageObject\",\"inLanguage\":\"de\",\"@id\":\"https:\\\/\\\/www.strassenweb.de\\\/nachrichten\\\/wp-content\\\/uploads\\\/2024\\\/09\\\/strassenweb-150x150.jpg\",\"url\":\"https:\\\/\\\/www.strassenweb.de\\\/nachrichten\\\/wp-content\\\/uploads\\\/2024\\\/09\\\/strassenweb-150x150.jpg\",\"contentUrl\":\"https:\\\/\\\/www.strassenweb.de\\\/nachrichten\\\/wp-content\\\/uploads\\\/2024\\\/09\\\/strassenweb-150x150.jpg\",\"caption\":\"Robert Hoffmann\"},\"description\":\"Ich hei\u00dfe Robert Hoffmann und ich bin ein leidenschaftlicher Verfechter von \u00d6kologie und Biodiversit\u00e4t. Seit meiner Kindheit in den W\u00e4ldern Bayerns f\u00fchle ich mich mit der Natur verbunden und bin entschlossen, sie zu sch\u00fctzen. Heute widme ich mein Leben der Sensibilisierung anderer f\u00fcr die Bedeutung des Umweltschutzes f\u00fcr zuk\u00fcnftige Generationen.\",\"sameAs\":[\"https:\\\/\\\/www.strassenweb.de\\\/\"]}]}<\/script>\n<!-- \/ Yoast SEO plugin. -->","yoast_head_json":{"title":"Ich fand Creme die schlimmste Wohnzimmerfarbe, aber Sof\u00eda Vergaras Raum verleiht dem neutralen Schatten einen beispiellosen Anspruch - Nachrichten - Stra\u00dfenweb","robots":{"index":"index","follow":"follow","max-snippet":"max-snippet:-1","max-image-preview":"max-image-preview:large","max-video-preview":"max-video-preview:-1"},"canonical":"https:\/\/www.strassenweb.de\/nachrichten\/ich-fand-creme-die-schlimmste-wohnzimmerfarbe-aber-sofia-vergaras-raum-verleiht-dem-neutralen-schatten-einen-beispiellosen-anspruch\/","og_locale":"de_DE","og_type":"article","og_title":"Ich fand Creme die schlimmste Wohnzimmerfarbe, aber Sof\u00eda Vergaras Raum verleiht dem neutralen Schatten einen beispiellosen Anspruch - Nachrichten - Stra\u00dfenweb","og_description":"Fr\u00fcher dachte ich, dass es nichts Uninspirierteres gab als ein cremefarbenes Wohnzimmer; Sogar die Phrase erf\u00fcllt meinen Geist mit Bildern von langweiligen, ultra-modernen R\u00e4umen ohne","og_url":"https:\/\/www.strassenweb.de\/nachrichten\/ich-fand-creme-die-schlimmste-wohnzimmerfarbe-aber-sofia-vergaras-raum-verleiht-dem-neutralen-schatten-einen-beispiellosen-anspruch\/","og_site_name":"Stra\u00dfenweb","article_publisher":"https:\/\/www.facebook.com\/strassenweb\/","article_published_time":"2025-06-01T19:40:01+00:00","og_image":[{"url":"https:\/\/www.strassenweb.de\/nachrichten\/wp-content\/uploads\/2024\/12\/qKSFziTvjydMPrZrA2B6Qg.jpg","width":1,"height":1,"type":"image\/jpeg"}],"author":"Robert Hoffmann","twitter_card":"summary_large_image","twitter_misc":{"Verfasst von":"Robert Hoffmann","Gesch\u00e4tzte Lesezeit":"2\u00a0Minuten"},"schema":{"@context":"https:\/\/schema.org","@graph":[{"@type":"Article","@id":"https:\/\/www.strassenweb.de\/nachrichten\/ich-fand-creme-die-schlimmste-wohnzimmerfarbe-aber-sofia-vergaras-raum-verleiht-dem-neutralen-schatten-einen-beispiellosen-anspruch\/#article","isPartOf":{"@id":"https:\/\/www.strassenweb.de\/nachrichten\/ich-fand-creme-die-schlimmste-wohnzimmerfarbe-aber-sofia-vergaras-raum-verleiht-dem-neutralen-schatten-einen-beispiellosen-anspruch\/"},"author":{"name":"Robert Hoffmann","@id":"https:\/\/www.strassenweb.de\/nachrichten\/#\/schema\/person\/87c9c9067f1211da429a744dc5a5aa41"},"headline":"Ich fand Creme die schlimmste Wohnzimmerfarbe, aber Sof\u00eda Vergaras Raum verleiht dem neutralen Schatten einen beispiellosen Anspruch","datePublished":"2025-06-01T19:40:01+00:00","mainEntityOfPage":{"@id":"https:\/\/www.strassenweb.de\/nachrichten\/ich-fand-creme-die-schlimmste-wohnzimmerfarbe-aber-sofia-vergaras-raum-verleiht-dem-neutralen-schatten-einen-beispiellosen-anspruch\/"},"wordCount":454,"publisher":{"@id":"https:\/\/www.strassenweb.de\/nachrichten\/#organization"},"image":{"@id":"https:\/\/www.strassenweb.de\/nachrichten\/ich-fand-creme-die-schlimmste-wohnzimmerfarbe-aber-sofia-vergaras-raum-verleiht-dem-neutralen-schatten-einen-beispiellosen-anspruch\/#primaryimage"},"thumbnailUrl":"https:\/\/www.strassenweb.de\/nachrichten\/wp-content\/uploads\/2024\/12\/qKSFziTvjydMPrZrA2B6Qg.jpg","keywords":["aber","Anspruch","beispiellosen","Creme","dem","die","einen","fand","ich","neutralen","Raum","Schatten","Schlimmste","Sofia","Vergaras","verleiht","Wohnzimmerfarbe"],"articleSection":["Haus &amp; Garten"],"inLanguage":"de"},{"@type":"WebPage","@id":"https:\/\/www.strassenweb.de\/nachrichten\/ich-fand-creme-die-schlimmste-wohnzimmerfarbe-aber-sofia-vergaras-raum-verleiht-dem-neutralen-schatten-einen-beispiellosen-anspruch\/","url":"https:\/\/www.strassenweb.de\/nachrichten\/ich-fand-creme-die-schlimmste-wohnzimmerfarbe-aber-sofia-vergaras-raum-verleiht-dem-neutralen-schatten-einen-beispiellosen-anspruch\/","name":"Ich fand Creme die schlimmste Wohnzimmerfarbe, aber Sof\u00eda Vergaras Raum verleiht dem neutralen Schatten einen beispiellosen Anspruch - Nachrichten - Stra\u00dfenweb","isPartOf":{"@id":"https:\/\/www.strassenweb.de\/nachrichten\/#website"},"primaryImageOfPage":{"@id":"https:\/\/www.strassenweb.de\/nachrichten\/ich-fand-creme-die-schlimmste-wohnzimmerfarbe-aber-sofia-vergaras-raum-verleiht-dem-neutralen-schatten-einen-beispiellosen-anspruch\/#primaryimage"},"image":{"@id":"https:\/\/www.strassenweb.de\/nachrichten\/ich-fand-creme-die-schlimmste-wohnzimmerfarbe-aber-sofia-vergaras-raum-verleiht-dem-neutralen-schatten-einen-beispiellosen-anspruch\/#primaryimage"},"thumbnailUrl":"https:\/\/www.strassenweb.de\/nachrichten\/wp-content\/uploads\/2024\/12\/qKSFziTvjydMPrZrA2B6Qg.jpg","datePublished":"2025-06-01T19:40:01+00:00","breadcrumb":{"@id":"https:\/\/www.strassenweb.de\/nachrichten\/ich-fand-creme-die-schlimmste-wohnzimmerfarbe-aber-sofia-vergaras-raum-verleiht-dem-neutralen-schatten-einen-beispiellosen-anspruch\/#breadcrumb"},"inLanguage":"de","potentialAction":[{"@type":"ReadAction","target":["https:\/\/www.strassenweb.de\/nachrichten\/ich-fand-creme-die-schlimmste-wohnzimmerfarbe-aber-sofia-vergaras-raum-verleiht-dem-neutralen-schatten-einen-beispiellosen-anspruch\/"]}]},{"@type":"ImageObject","inLanguage":"de","@id":"https:\/\/www.strassenweb.de\/nachrichten\/ich-fand-creme-die-schlimmste-wohnzimmerfarbe-aber-sofia-vergaras-raum-verleiht-dem-neutralen-schatten-einen-beispiellosen-anspruch\/#primaryimage","url":"https:\/\/www.strassenweb.de\/nachrichten\/wp-content\/uploads\/2024\/12\/qKSFziTvjydMPrZrA2B6Qg.jpg","contentUrl":"https:\/\/www.strassenweb.de\/nachrichten\/wp-content\/uploads\/2024\/12\/qKSFziTvjydMPrZrA2B6Qg.jpg","caption":"sofia vergara on a gold background"},{"@type":"BreadcrumbList","@id":"https:\/\/www.strassenweb.de\/nachrichten\/ich-fand-creme-die-schlimmste-wohnzimmerfarbe-aber-sofia-vergaras-raum-verleiht-dem-neutralen-schatten-einen-beispiellosen-anspruch\/#breadcrumb","itemListElement":[{"@type":"ListItem","position":1,"name":"Home","item":"https:\/\/www.strassenweb.de\/nachrichten\/"},{"@type":"ListItem","position":2,"name":"Ich fand Creme die schlimmste Wohnzimmerfarbe, aber Sof\u00eda Vergaras Raum verleiht dem neutralen Schatten einen beispiellosen Anspruch"}]},{"@type":"WebSite","@id":"https:\/\/www.strassenweb.de\/nachrichten\/#website","url":"https:\/\/www.strassenweb.de\/nachrichten\/","name":"Stra\u00dfenweb","description":"Stra\u00dfenverzeichnis f\u00fcr Deutschland","publisher":{"@id":"https:\/\/www.strassenweb.de\/nachrichten\/#organization"},"potentialAction":[{"@type":"SearchAction","target":{"@type":"EntryPoint","urlTemplate":"https:\/\/www.strassenweb.de\/nachrichten\/?s={search_term_string}"},"query-input":{"@type":"PropertyValueSpecification","valueRequired":true,"valueName":"search_term_string"}}],"inLanguage":"de"},{"@type":"Organization","@id":"https:\/\/www.strassenweb.de\/nachrichten\/#organization","name":"Stra\u00dfenweb","url":"https:\/\/www.strassenweb.de\/nachrichten\/","logo":{"@type":"ImageObject","inLanguage":"de","@id":"https:\/\/www.strassenweb.de\/nachrichten\/#\/schema\/logo\/image\/","url":"https:\/\/www.strassenweb.de\/nachrichten\/wp-content\/uploads\/2024\/09\/cropped-favicon.png","contentUrl":"https:\/\/www.strassenweb.de\/nachrichten\/wp-content\/uploads\/2024\/09\/cropped-favicon.png","width":512,"height":512,"caption":"Stra\u00dfenweb"},"image":{"@id":"https:\/\/www.strassenweb.de\/nachrichten\/#\/schema\/logo\/image\/"},"sameAs":["https:\/\/www.facebook.com\/strassenweb\/"]},{"@type":"Person","@id":"https:\/\/www.strassenweb.de\/nachrichten\/#\/schema\/person\/87c9c9067f1211da429a744dc5a5aa41","name":"Robert Hoffmann","image":{"@type":"ImageObject","inLanguage":"de","@id":"https:\/\/www.strassenweb.de\/nachrichten\/wp-content\/uploads\/2024\/09\/strassenweb-150x150.jpg","url":"https:\/\/www.strassenweb.de\/nachrichten\/wp-content\/uploads\/2024\/09\/strassenweb-150x150.jpg","contentUrl":"https:\/\/www.strassenweb.de\/nachrichten\/wp-content\/uploads\/2024\/09\/strassenweb-150x150.jpg","caption":"Robert Hoffmann"},"description":"Ich hei\u00dfe Robert Hoffmann und ich bin ein leidenschaftlicher Verfechter von \u00d6kologie und Biodiversit\u00e4t. Seit meiner Kindheit in den W\u00e4ldern Bayerns f\u00fchle ich mich mit der Natur verbunden und bin entschlossen, sie zu sch\u00fctzen. Heute widme ich mein Leben der Sensibilisierung anderer f\u00fcr die Bedeutung des Umweltschutzes f\u00fcr zuk\u00fcnftige Generationen.","sameAs":["https:\/\/www.strassenweb.de\/"]}]}},"_links":{"self":[{"href":"https:\/\/www.strassenweb.de\/nachrichten\/wp-json\/wp\/v2\/posts\/5407","targetHints":{"allow":["GET"]}}],"collection":[{"href":"https:\/\/www.strassenweb.de\/nachrichten\/wp-json\/wp\/v2\/posts"}],"about":[{"href":"https:\/\/www.strassenweb.de\/nachrichten\/wp-json\/wp\/v2\/types\/post"}],"author":[{"embeddable":true,"href":"https:\/\/www.strassenweb.de\/nachrichten\/wp-json\/wp\/v2\/users\/1"}],"replies":[{"embeddable":true,"href":"https:\/\/www.strassenweb.de\/nachrichten\/wp-json\/wp\/v2\/comments?post=5407"}],"version-history":[{"count":0,"href":"https:\/\/www.strassenweb.de\/nachrichten\/wp-json\/wp\/v2\/posts\/5407\/revisions"}],"wp:featuredmedia":[{"embeddable":true,"href":"https:\/\/www.strassenweb.de\/nachrichten\/wp-json\/wp\/v2\/media\/5408"}],"wp:attachment":[{"href":"https:\/\/www.strassenweb.de\/nachrichten\/wp-json\/wp\/v2\/media?parent=5407"}],"wp:term":[{"taxonomy":"category","embeddable":true,"href":"https:\/\/www.strassenweb.de\/nachrichten\/wp-json\/wp\/v2\/categories?post=5407"},{"taxonomy":"post_tag","embeddable":true,"href":"https:\/\/www.strassenweb.de\/nachrichten\/wp-json\/wp\/v2\/tags?post=5407"}],"curies":[{"name":"wp","href":"https:\/\/api.w.org\/{rel}","templated":true}]}}