{"id":5392,"date":"2025-06-01T01:41:17","date_gmt":"2025-05-31T23:41:17","guid":{"rendered":"https:\/\/www.strassenweb.de\/nachrichten\/gloria-steinem-hat-den-groessten-farbtrend-2025-in-ihrem-wohnzimmer-seit-1990-angenommen-ihr-erhebender-raum-versichert-mir-dass-er-niemals-aus-der-mode-gehen-wird\/"},"modified":"2025-06-01T01:41:18","modified_gmt":"2025-05-31T23:41:18","slug":"gloria-steinem-hat-den-groessten-farbtrend-2025-in-ihrem-wohnzimmer-seit-1990-angenommen-ihr-erhebender-raum-versichert-mir-dass-er-niemals-aus-der-mode-gehen-wird","status":"publish","type":"post","link":"https:\/\/www.strassenweb.de\/nachrichten\/gloria-steinem-hat-den-groessten-farbtrend-2025-in-ihrem-wohnzimmer-seit-1990-angenommen-ihr-erhebender-raum-versichert-mir-dass-er-niemals-aus-der-mode-gehen-wird\/","title":{"rendered":"Gloria Steinem hat den gr\u00f6\u00dften Farbtrend 2025 in ihrem Wohnzimmer seit 1990 angenommen &#8211; ihr erhebender Raum versichert mir, dass er niemals aus der Mode gehen wird"},"content":{"rendered":"<p><\/p>\n<div id=\"article-body\" class=\"article__body \">\n<p>Buttergelb ist weich und einladend und war seit Beginn des Jahres unser Lieblings -Farbtrend. Der beruhigende Schatten hellt sofort einen Raum auf, in dem er verwendet wird, aber ist es nur eine fl\u00fcchtige Modeerscheinung?<\/p>\n<div id=\"ad-unit-1\" class=\"ad-unit\"><\/div>\n<p>Zwei Bilder von Gloria Steinems Wohnzimmer, 25 Jahre voneinander aufgenommen, sagen &#8222;Nein&#8220;. Wenn der legend\u00e4re amerikanische Journalist und der Aktivist des Aktivisten etwas zu tun sind, wird Buttergelb lange nach dem typischen Trend gekommen und gegangen sein.<\/p>\n<aside data-block-type=\"embed\" data-render-type=\"fte\" data-skip=\"dealsy\" data-widget-type=\"seasonal\" class=\"hawk-base\"><\/aside>\n<p>Das erste Wohnzimmerbild wurde aufgenommen f\u00fcr <em>Der New Yorker<\/em> von Gillian Laub im Jahr 2025, und die zweite ist ab 1990. In beiden Bildern ist das bekannteste Merkmal eine gelbe Wand, die die dauerhafte Kraft des Schattens hervorhebt.<\/p>\n<div id=\"desktop-in-article\" class=\"in-article ad-unit\">\n<div id=\"desktop-taboola-mid-article\"><\/div>\n<\/div>\n<div id=\"mobile-in-article\" class=\"in-article ad-unit\">\n<div id=\"mobile-taboola-mid-article\"><\/div>\n<\/div>\n<div class=\"van_vid_carousel\">\n<div class=\"van_vid_carousel__padding\">\n<div class=\"van_vid_carousel__container\"><\/div>\n<\/div>\n<\/div>\n<aside data-component-name=\"Recirculation:ArticleRiver\" data-nosnippet>\n<span class=\"bg-secondary-500 text-white text-lg font-bold uppercase py-1 px-2 leading-(1.625rem) sm:leading-(6px) sm:text-sm\"><\/p>\n<p>Sie m\u00f6gen m\u00f6gen<br \/>\n<\/span><\/p>\n<ul class=\"flex flex-col my-2 list-outside ms-5 bg-none\" data-analytics-id=\"more-about-inline\">\n<li class=\"m-0 mb-2\" name=\"more-about-inline\" data-analytics-id=\"more-about-inline-0\">\n<p>Gwyneth Paltrows &#8218;Butter Yellow&#8216; -W\u00e4nde bringen gem\u00fctlichen, entspannten Luxus in ihr Wohnzimmer &#8211; ich war mir \u00fcber diesen Farbtrend nicht sicher, aber jetzt bin ich \u00fcberzeugt<\/p>\n<\/li>\n<li class=\"m-0 mb-2\" name=\"more-about-inline\" data-analytics-id=\"more-about-inline-1\">\n<p>Martha Stewarts Butter Yellow Kitchen aus den 1970er Jahren ist wieder stilvoll und dominiert die Farbtrends im Jahr 2025-die stimmungsbraunen Vorteile sind un\u00fcbertroffen<\/p>\n<\/li>\n<li class=\"m-0 mb-2\" name=\"more-about-inline\" data-analytics-id=\"more-about-inline-2\">\n<p>Buttergelb ist die Farbe von 2025 &#8211; Diese 12 k\u00f6stlichen hellgelben K\u00e4ufe haben mich \u00fcberzeugt, diesen neuen Neutral zu lieben<\/p>\n<\/li>\n<\/ul>\n<\/aside>\n<div class=\"instagram-embed\">\n<blockquote class=\"instagram-media\" data-instgrm-captioned data-instgrm-version=\"6\" style=\"width:99.375%; width:-webkit-calc(100% - 2px); width:calc(100% - 2px);\">\n<p>Ein Beitrag, der von Gillian Laub (@gigilaub) geteilt wird<\/p>\n<p>Ein Foto von on <\/p>\n<\/blockquote>\n<\/div>\n<figure class=\"van-image-figure inline-layout \" data-bordeaux-image-check>\n<div class=\"image-full-width-wrapper\">\n<div class=\"image-widthsetter\" style=\"max-width:2000px;\"><\/div>\n<\/div><figcaption class=\"inline-layout \">\n<div class=\"caption-text\">\n<p>Gloria Steinems Wohnzimmer im Jahr 2025<\/p>\n<\/div>\n<\/figcaption><\/figure>\n<p>Das Dekorieren mit Gelb ist eine zeitlose Option aufgrund der stimmungsbreiten Eigenschaften. Kein Wunder, dass eine sehr erfolgreiche Person es als Teil ihres Programms einbeziehen m\u00f6chte.<\/p>\n<div id=\"ad-unit-2\" class=\"ad-unit\"><\/div>\n<p>Emma Bestley, Creative Director, Mitbegr\u00fcnderin und Farbsexpertin bei Yescolours erkl\u00e4rt: \u201eAus Sicht der Neurowissenschafts- und Farbpsychologie: Blasse Gelb wie diese stimuliert Serotonin, die Wohlf\u00fchl-Chemikalie in unserem Gehirn, die dazu beitragen, Gef\u00fchle des Gl\u00fccks, des Komforts und der Kreativit\u00e4t zu f\u00f6rdern. Deshalb finden butterige Gelbs oft ein Zuhause in R\u00e4umen, die zum Sammeln, Kochen und Wiederverbinden an Orten, die sowohl K\u00f6rper als auch Geist ern\u00e4hren. &#8218;<\/p>\n<h3 class=\"article-body__section\" id=\"section-shop-the-butter-yellow-edit\"><span>Kaufen Sie die Buttergelbbearbeitung ein<\/span><\/h3>\n<div class=\"product-container hero-product-container product-block-no-wrap\">\n<div class=\"product-block-row\"><\/div>\n<div class=\"product-block-row\"><\/div>\n<div class=\"product-block-row\"><\/div>\n<div class=\"product-block-row\"><\/div>\n<div class=\"product-block-row\"><\/div>\n<div class=\"product-block-row\"><\/div>\n<\/div>\n<p>Wenn Sie in Ihrem eigenen Zuhause mit einer gelben Raumidee dekorieren m\u00f6chten, gibt es viele M\u00f6glichkeiten in und au\u00dferhalb des Wohnzimmers, um die Farbe zum Leuchten zu bringen.<\/p>\n<p>Emma r\u00e4t: \u201eGelb ist bekannt, die linke Seite des Gehirns zu stimulieren, was bei klarem Denken und Entscheidungsfindung hilft. Eine Option w\u00e4re, sie als Akzentfarbe f\u00fcr Holzarbeiten zu verwenden, innerhalb eines Fensters eine Ecke dieses Raumes in Gelb. &#8218;<\/p>\n<div id=\"slice-container-newsletterForm-articleInbodyContent-VVcdPaqN96szM4WDu5qhAK\" class=\"slice-container newsletter-inbodyContent-slice newsletterForm-articleInbodyContent-VVcdPaqN96szM4WDu5qhAK slice-container-newsletterForm\"><\/div>\n<hr>\n<p>Buttergelb ist aufgrund seiner historischen Wurzeln und seiner lang anhaltenden Kraft mehr als ein fl\u00fcchtiger Trend f\u00fcr Innenausstattung. In 25 Jahren wird es immer noch genauso gut aussehen.<\/p>\n<hr>\n<\/div>\n<p><script async src=\"\/\/www.instagram.com\/embed.js\"><\/script><\/p>\n","protected":false},"excerpt":{"rendered":"<p>Buttergelb ist weich und einladend und war seit Beginn des Jahres unser Lieblings -Farbtrend. Der beruhigende Schatten hellt sofort einen Raum auf, in dem er<\/p>\n","protected":false},"author":1,"featured_media":5393,"comment_status":"closed","ping_status":"","sticky":false,"template":"","format":"standard","meta":{"footnotes":""},"categories":[118],"tags":[7709,287,51,78,81,7710,2771,69,7707,2600,189,170,534,603,2252,444,182,836,7708,7711,71,1229],"class_list":["post-5392","post","type-post","status-publish","format-standard","has-post-thumbnail","hentry","category-haus-garten","tag-angenommen","tag-aus","tag-dass","tag-den","tag-der","tag-erhebender","tag-farbtrend","tag-gehen","tag-gloria","tag-groessten","tag-hat","tag-ihr","tag-ihrem","tag-mir","tag-mode","tag-niemals","tag-raum","tag-seit","tag-steinem","tag-versichert","tag-wird","tag-wohnzimmer","generate-columns","tablet-grid-50","mobile-grid-100","grid-parent","grid-50"],"yoast_head":"<!-- This site is optimized with the Yoast SEO plugin v27.3 - https:\/\/yoast.com\/product\/yoast-seo-wordpress\/ -->\n<title>Gloria Steinem hat den gr\u00f6\u00dften Farbtrend 2025 in ihrem Wohnzimmer seit 1990 angenommen - ihr erhebender Raum versichert mir, dass er niemals aus der Mode gehen wird - Nachrichten - Stra\u00dfenweb<\/title>\n<meta name=\"robots\" content=\"index, follow, max-snippet:-1, max-image-preview:large, max-video-preview:-1\" \/>\n<link rel=\"canonical\" href=\"https:\/\/www.strassenweb.de\/nachrichten\/gloria-steinem-hat-den-groessten-farbtrend-2025-in-ihrem-wohnzimmer-seit-1990-angenommen-ihr-erhebender-raum-versichert-mir-dass-er-niemals-aus-der-mode-gehen-wird\/\" \/>\n<meta property=\"og:locale\" content=\"de_DE\" \/>\n<meta property=\"og:type\" content=\"article\" \/>\n<meta property=\"og:title\" content=\"Gloria Steinem hat den gr\u00f6\u00dften Farbtrend 2025 in ihrem Wohnzimmer seit 1990 angenommen - ihr erhebender Raum versichert mir, dass er niemals aus der Mode gehen wird - Nachrichten - Stra\u00dfenweb\" \/>\n<meta property=\"og:description\" content=\"Buttergelb ist weich und einladend und war seit Beginn des Jahres unser Lieblings -Farbtrend. Der beruhigende Schatten hellt sofort einen Raum auf, in dem er\" \/>\n<meta property=\"og:url\" content=\"https:\/\/www.strassenweb.de\/nachrichten\/gloria-steinem-hat-den-groessten-farbtrend-2025-in-ihrem-wohnzimmer-seit-1990-angenommen-ihr-erhebender-raum-versichert-mir-dass-er-niemals-aus-der-mode-gehen-wird\/\" \/>\n<meta property=\"og:site_name\" content=\"Stra\u00dfenweb\" \/>\n<meta property=\"article:publisher\" content=\"https:\/\/www.facebook.com\/strassenweb\/\" \/>\n<meta property=\"article:published_time\" content=\"2025-05-31T23:41:17+00:00\" \/>\n<meta property=\"article:modified_time\" content=\"2025-05-31T23:41:18+00:00\" \/>\n<meta property=\"og:image\" content=\"https:\/\/www.strassenweb.de\/nachrichten\/wp-content\/uploads\/2025\/06\/ymXvBDADJH8BbYDtsTfjFC.jpg\" \/>\n\t<meta property=\"og:image:width\" content=\"1600\" \/>\n\t<meta property=\"og:image:height\" content=\"900\" \/>\n\t<meta property=\"og:image:type\" content=\"image\/jpeg\" \/>\n<meta name=\"author\" content=\"Robert Hoffmann\" \/>\n<meta name=\"twitter:card\" content=\"summary_large_image\" \/>\n<meta name=\"twitter:label1\" content=\"Verfasst von\" \/>\n\t<meta name=\"twitter:data1\" content=\"Robert Hoffmann\" \/>\n\t<meta name=\"twitter:label2\" content=\"Gesch\u00e4tzte Lesezeit\" \/>\n\t<meta name=\"twitter:data2\" content=\"2\u00a0Minuten\" \/>\n<script type=\"application\/ld+json\" class=\"yoast-schema-graph\">{\"@context\":\"https:\\\/\\\/schema.org\",\"@graph\":[{\"@type\":\"Article\",\"@id\":\"https:\\\/\\\/www.strassenweb.de\\\/nachrichten\\\/gloria-steinem-hat-den-groessten-farbtrend-2025-in-ihrem-wohnzimmer-seit-1990-angenommen-ihr-erhebender-raum-versichert-mir-dass-er-niemals-aus-der-mode-gehen-wird\\\/#article\",\"isPartOf\":{\"@id\":\"https:\\\/\\\/www.strassenweb.de\\\/nachrichten\\\/gloria-steinem-hat-den-groessten-farbtrend-2025-in-ihrem-wohnzimmer-seit-1990-angenommen-ihr-erhebender-raum-versichert-mir-dass-er-niemals-aus-der-mode-gehen-wird\\\/\"},\"author\":{\"name\":\"Robert Hoffmann\",\"@id\":\"https:\\\/\\\/www.strassenweb.de\\\/nachrichten\\\/#\\\/schema\\\/person\\\/87c9c9067f1211da429a744dc5a5aa41\"},\"headline\":\"Gloria Steinem hat den gr\u00f6\u00dften Farbtrend 2025 in ihrem Wohnzimmer seit 1990 angenommen &#8211; ihr erhebender Raum versichert mir, dass er niemals aus der Mode gehen wird\",\"datePublished\":\"2025-05-31T23:41:17+00:00\",\"dateModified\":\"2025-05-31T23:41:18+00:00\",\"mainEntityOfPage\":{\"@id\":\"https:\\\/\\\/www.strassenweb.de\\\/nachrichten\\\/gloria-steinem-hat-den-groessten-farbtrend-2025-in-ihrem-wohnzimmer-seit-1990-angenommen-ihr-erhebender-raum-versichert-mir-dass-er-niemals-aus-der-mode-gehen-wird\\\/\"},\"wordCount\":437,\"publisher\":{\"@id\":\"https:\\\/\\\/www.strassenweb.de\\\/nachrichten\\\/#organization\"},\"image\":{\"@id\":\"https:\\\/\\\/www.strassenweb.de\\\/nachrichten\\\/gloria-steinem-hat-den-groessten-farbtrend-2025-in-ihrem-wohnzimmer-seit-1990-angenommen-ihr-erhebender-raum-versichert-mir-dass-er-niemals-aus-der-mode-gehen-wird\\\/#primaryimage\"},\"thumbnailUrl\":\"https:\\\/\\\/www.strassenweb.de\\\/nachrichten\\\/wp-content\\\/uploads\\\/2025\\\/06\\\/ymXvBDADJH8BbYDtsTfjFC.jpg\",\"keywords\":[\"angenommen\",\"aus\",\"dass\",\"den\",\"der\",\"erhebender\",\"Farbtrend\",\"gehen\",\"Gloria\",\"gr\u00f6\u00dften\",\"hat\",\"Ihr\",\"ihrem\",\"mir\",\"Mode\",\"niemals\",\"Raum\",\"seit\",\"Steinem\",\"versichert\",\"wird\",\"Wohnzimmer\"],\"articleSection\":[\"Haus &amp; Garten\"],\"inLanguage\":\"de\"},{\"@type\":\"WebPage\",\"@id\":\"https:\\\/\\\/www.strassenweb.de\\\/nachrichten\\\/gloria-steinem-hat-den-groessten-farbtrend-2025-in-ihrem-wohnzimmer-seit-1990-angenommen-ihr-erhebender-raum-versichert-mir-dass-er-niemals-aus-der-mode-gehen-wird\\\/\",\"url\":\"https:\\\/\\\/www.strassenweb.de\\\/nachrichten\\\/gloria-steinem-hat-den-groessten-farbtrend-2025-in-ihrem-wohnzimmer-seit-1990-angenommen-ihr-erhebender-raum-versichert-mir-dass-er-niemals-aus-der-mode-gehen-wird\\\/\",\"name\":\"Gloria Steinem hat den gr\u00f6\u00dften Farbtrend 2025 in ihrem Wohnzimmer seit 1990 angenommen - ihr erhebender Raum versichert mir, dass er niemals aus der Mode gehen wird - Nachrichten - Stra\u00dfenweb\",\"isPartOf\":{\"@id\":\"https:\\\/\\\/www.strassenweb.de\\\/nachrichten\\\/#website\"},\"primaryImageOfPage\":{\"@id\":\"https:\\\/\\\/www.strassenweb.de\\\/nachrichten\\\/gloria-steinem-hat-den-groessten-farbtrend-2025-in-ihrem-wohnzimmer-seit-1990-angenommen-ihr-erhebender-raum-versichert-mir-dass-er-niemals-aus-der-mode-gehen-wird\\\/#primaryimage\"},\"image\":{\"@id\":\"https:\\\/\\\/www.strassenweb.de\\\/nachrichten\\\/gloria-steinem-hat-den-groessten-farbtrend-2025-in-ihrem-wohnzimmer-seit-1990-angenommen-ihr-erhebender-raum-versichert-mir-dass-er-niemals-aus-der-mode-gehen-wird\\\/#primaryimage\"},\"thumbnailUrl\":\"https:\\\/\\\/www.strassenweb.de\\\/nachrichten\\\/wp-content\\\/uploads\\\/2025\\\/06\\\/ymXvBDADJH8BbYDtsTfjFC.jpg\",\"datePublished\":\"2025-05-31T23:41:17+00:00\",\"dateModified\":\"2025-05-31T23:41:18+00:00\",\"breadcrumb\":{\"@id\":\"https:\\\/\\\/www.strassenweb.de\\\/nachrichten\\\/gloria-steinem-hat-den-groessten-farbtrend-2025-in-ihrem-wohnzimmer-seit-1990-angenommen-ihr-erhebender-raum-versichert-mir-dass-er-niemals-aus-der-mode-gehen-wird\\\/#breadcrumb\"},\"inLanguage\":\"de\",\"potentialAction\":[{\"@type\":\"ReadAction\",\"target\":[\"https:\\\/\\\/www.strassenweb.de\\\/nachrichten\\\/gloria-steinem-hat-den-groessten-farbtrend-2025-in-ihrem-wohnzimmer-seit-1990-angenommen-ihr-erhebender-raum-versichert-mir-dass-er-niemals-aus-der-mode-gehen-wird\\\/\"]}]},{\"@type\":\"ImageObject\",\"inLanguage\":\"de\",\"@id\":\"https:\\\/\\\/www.strassenweb.de\\\/nachrichten\\\/gloria-steinem-hat-den-groessten-farbtrend-2025-in-ihrem-wohnzimmer-seit-1990-angenommen-ihr-erhebender-raum-versichert-mir-dass-er-niemals-aus-der-mode-gehen-wird\\\/#primaryimage\",\"url\":\"https:\\\/\\\/www.strassenweb.de\\\/nachrichten\\\/wp-content\\\/uploads\\\/2025\\\/06\\\/ymXvBDADJH8BbYDtsTfjFC.jpg\",\"contentUrl\":\"https:\\\/\\\/www.strassenweb.de\\\/nachrichten\\\/wp-content\\\/uploads\\\/2025\\\/06\\\/ymXvBDADJH8BbYDtsTfjFC.jpg\",\"width\":1600,\"height\":900,\"caption\":\"gloria steinem in her living room\"},{\"@type\":\"BreadcrumbList\",\"@id\":\"https:\\\/\\\/www.strassenweb.de\\\/nachrichten\\\/gloria-steinem-hat-den-groessten-farbtrend-2025-in-ihrem-wohnzimmer-seit-1990-angenommen-ihr-erhebender-raum-versichert-mir-dass-er-niemals-aus-der-mode-gehen-wird\\\/#breadcrumb\",\"itemListElement\":[{\"@type\":\"ListItem\",\"position\":1,\"name\":\"Home\",\"item\":\"https:\\\/\\\/www.strassenweb.de\\\/nachrichten\\\/\"},{\"@type\":\"ListItem\",\"position\":2,\"name\":\"Gloria Steinem hat den gr\u00f6\u00dften Farbtrend 2025 in ihrem Wohnzimmer seit 1990 angenommen &#8211; ihr erhebender Raum versichert mir, dass er niemals aus der Mode gehen wird\"}]},{\"@type\":\"WebSite\",\"@id\":\"https:\\\/\\\/www.strassenweb.de\\\/nachrichten\\\/#website\",\"url\":\"https:\\\/\\\/www.strassenweb.de\\\/nachrichten\\\/\",\"name\":\"Stra\u00dfenweb\",\"description\":\"Stra\u00dfenverzeichnis f\u00fcr Deutschland\",\"publisher\":{\"@id\":\"https:\\\/\\\/www.strassenweb.de\\\/nachrichten\\\/#organization\"},\"potentialAction\":[{\"@type\":\"SearchAction\",\"target\":{\"@type\":\"EntryPoint\",\"urlTemplate\":\"https:\\\/\\\/www.strassenweb.de\\\/nachrichten\\\/?s={search_term_string}\"},\"query-input\":{\"@type\":\"PropertyValueSpecification\",\"valueRequired\":true,\"valueName\":\"search_term_string\"}}],\"inLanguage\":\"de\"},{\"@type\":\"Organization\",\"@id\":\"https:\\\/\\\/www.strassenweb.de\\\/nachrichten\\\/#organization\",\"name\":\"Stra\u00dfenweb\",\"url\":\"https:\\\/\\\/www.strassenweb.de\\\/nachrichten\\\/\",\"logo\":{\"@type\":\"ImageObject\",\"inLanguage\":\"de\",\"@id\":\"https:\\\/\\\/www.strassenweb.de\\\/nachrichten\\\/#\\\/schema\\\/logo\\\/image\\\/\",\"url\":\"https:\\\/\\\/www.strassenweb.de\\\/nachrichten\\\/wp-content\\\/uploads\\\/2024\\\/09\\\/cropped-favicon.png\",\"contentUrl\":\"https:\\\/\\\/www.strassenweb.de\\\/nachrichten\\\/wp-content\\\/uploads\\\/2024\\\/09\\\/cropped-favicon.png\",\"width\":512,\"height\":512,\"caption\":\"Stra\u00dfenweb\"},\"image\":{\"@id\":\"https:\\\/\\\/www.strassenweb.de\\\/nachrichten\\\/#\\\/schema\\\/logo\\\/image\\\/\"},\"sameAs\":[\"https:\\\/\\\/www.facebook.com\\\/strassenweb\\\/\"]},{\"@type\":\"Person\",\"@id\":\"https:\\\/\\\/www.strassenweb.de\\\/nachrichten\\\/#\\\/schema\\\/person\\\/87c9c9067f1211da429a744dc5a5aa41\",\"name\":\"Robert Hoffmann\",\"image\":{\"@type\":\"ImageObject\",\"inLanguage\":\"de\",\"@id\":\"https:\\\/\\\/www.strassenweb.de\\\/nachrichten\\\/wp-content\\\/uploads\\\/2024\\\/09\\\/strassenweb-150x150.jpg\",\"url\":\"https:\\\/\\\/www.strassenweb.de\\\/nachrichten\\\/wp-content\\\/uploads\\\/2024\\\/09\\\/strassenweb-150x150.jpg\",\"contentUrl\":\"https:\\\/\\\/www.strassenweb.de\\\/nachrichten\\\/wp-content\\\/uploads\\\/2024\\\/09\\\/strassenweb-150x150.jpg\",\"caption\":\"Robert Hoffmann\"},\"description\":\"Ich hei\u00dfe Robert Hoffmann und ich bin ein leidenschaftlicher Verfechter von \u00d6kologie und Biodiversit\u00e4t. Seit meiner Kindheit in den W\u00e4ldern Bayerns f\u00fchle ich mich mit der Natur verbunden und bin entschlossen, sie zu sch\u00fctzen. Heute widme ich mein Leben der Sensibilisierung anderer f\u00fcr die Bedeutung des Umweltschutzes f\u00fcr zuk\u00fcnftige Generationen.\",\"sameAs\":[\"https:\\\/\\\/www.strassenweb.de\\\/\"]}]}<\/script>\n<!-- \/ Yoast SEO plugin. -->","yoast_head_json":{"title":"Gloria Steinem hat den gr\u00f6\u00dften Farbtrend 2025 in ihrem Wohnzimmer seit 1990 angenommen - ihr erhebender Raum versichert mir, dass er niemals aus der Mode gehen wird - Nachrichten - Stra\u00dfenweb","robots":{"index":"index","follow":"follow","max-snippet":"max-snippet:-1","max-image-preview":"max-image-preview:large","max-video-preview":"max-video-preview:-1"},"canonical":"https:\/\/www.strassenweb.de\/nachrichten\/gloria-steinem-hat-den-groessten-farbtrend-2025-in-ihrem-wohnzimmer-seit-1990-angenommen-ihr-erhebender-raum-versichert-mir-dass-er-niemals-aus-der-mode-gehen-wird\/","og_locale":"de_DE","og_type":"article","og_title":"Gloria Steinem hat den gr\u00f6\u00dften Farbtrend 2025 in ihrem Wohnzimmer seit 1990 angenommen - ihr erhebender Raum versichert mir, dass er niemals aus der Mode gehen wird - Nachrichten - Stra\u00dfenweb","og_description":"Buttergelb ist weich und einladend und war seit Beginn des Jahres unser Lieblings -Farbtrend. Der beruhigende Schatten hellt sofort einen Raum auf, in dem er","og_url":"https:\/\/www.strassenweb.de\/nachrichten\/gloria-steinem-hat-den-groessten-farbtrend-2025-in-ihrem-wohnzimmer-seit-1990-angenommen-ihr-erhebender-raum-versichert-mir-dass-er-niemals-aus-der-mode-gehen-wird\/","og_site_name":"Stra\u00dfenweb","article_publisher":"https:\/\/www.facebook.com\/strassenweb\/","article_published_time":"2025-05-31T23:41:17+00:00","article_modified_time":"2025-05-31T23:41:18+00:00","og_image":[{"width":1600,"height":900,"url":"https:\/\/www.strassenweb.de\/nachrichten\/wp-content\/uploads\/2025\/06\/ymXvBDADJH8BbYDtsTfjFC.jpg","type":"image\/jpeg"}],"author":"Robert Hoffmann","twitter_card":"summary_large_image","twitter_misc":{"Verfasst von":"Robert Hoffmann","Gesch\u00e4tzte Lesezeit":"2\u00a0Minuten"},"schema":{"@context":"https:\/\/schema.org","@graph":[{"@type":"Article","@id":"https:\/\/www.strassenweb.de\/nachrichten\/gloria-steinem-hat-den-groessten-farbtrend-2025-in-ihrem-wohnzimmer-seit-1990-angenommen-ihr-erhebender-raum-versichert-mir-dass-er-niemals-aus-der-mode-gehen-wird\/#article","isPartOf":{"@id":"https:\/\/www.strassenweb.de\/nachrichten\/gloria-steinem-hat-den-groessten-farbtrend-2025-in-ihrem-wohnzimmer-seit-1990-angenommen-ihr-erhebender-raum-versichert-mir-dass-er-niemals-aus-der-mode-gehen-wird\/"},"author":{"name":"Robert Hoffmann","@id":"https:\/\/www.strassenweb.de\/nachrichten\/#\/schema\/person\/87c9c9067f1211da429a744dc5a5aa41"},"headline":"Gloria Steinem hat den gr\u00f6\u00dften Farbtrend 2025 in ihrem Wohnzimmer seit 1990 angenommen &#8211; ihr erhebender Raum versichert mir, dass er niemals aus der Mode gehen wird","datePublished":"2025-05-31T23:41:17+00:00","dateModified":"2025-05-31T23:41:18+00:00","mainEntityOfPage":{"@id":"https:\/\/www.strassenweb.de\/nachrichten\/gloria-steinem-hat-den-groessten-farbtrend-2025-in-ihrem-wohnzimmer-seit-1990-angenommen-ihr-erhebender-raum-versichert-mir-dass-er-niemals-aus-der-mode-gehen-wird\/"},"wordCount":437,"publisher":{"@id":"https:\/\/www.strassenweb.de\/nachrichten\/#organization"},"image":{"@id":"https:\/\/www.strassenweb.de\/nachrichten\/gloria-steinem-hat-den-groessten-farbtrend-2025-in-ihrem-wohnzimmer-seit-1990-angenommen-ihr-erhebender-raum-versichert-mir-dass-er-niemals-aus-der-mode-gehen-wird\/#primaryimage"},"thumbnailUrl":"https:\/\/www.strassenweb.de\/nachrichten\/wp-content\/uploads\/2025\/06\/ymXvBDADJH8BbYDtsTfjFC.jpg","keywords":["angenommen","aus","dass","den","der","erhebender","Farbtrend","gehen","Gloria","gr\u00f6\u00dften","hat","Ihr","ihrem","mir","Mode","niemals","Raum","seit","Steinem","versichert","wird","Wohnzimmer"],"articleSection":["Haus &amp; Garten"],"inLanguage":"de"},{"@type":"WebPage","@id":"https:\/\/www.strassenweb.de\/nachrichten\/gloria-steinem-hat-den-groessten-farbtrend-2025-in-ihrem-wohnzimmer-seit-1990-angenommen-ihr-erhebender-raum-versichert-mir-dass-er-niemals-aus-der-mode-gehen-wird\/","url":"https:\/\/www.strassenweb.de\/nachrichten\/gloria-steinem-hat-den-groessten-farbtrend-2025-in-ihrem-wohnzimmer-seit-1990-angenommen-ihr-erhebender-raum-versichert-mir-dass-er-niemals-aus-der-mode-gehen-wird\/","name":"Gloria Steinem hat den gr\u00f6\u00dften Farbtrend 2025 in ihrem Wohnzimmer seit 1990 angenommen - ihr erhebender Raum versichert mir, dass er niemals aus der Mode gehen wird - Nachrichten - Stra\u00dfenweb","isPartOf":{"@id":"https:\/\/www.strassenweb.de\/nachrichten\/#website"},"primaryImageOfPage":{"@id":"https:\/\/www.strassenweb.de\/nachrichten\/gloria-steinem-hat-den-groessten-farbtrend-2025-in-ihrem-wohnzimmer-seit-1990-angenommen-ihr-erhebender-raum-versichert-mir-dass-er-niemals-aus-der-mode-gehen-wird\/#primaryimage"},"image":{"@id":"https:\/\/www.strassenweb.de\/nachrichten\/gloria-steinem-hat-den-groessten-farbtrend-2025-in-ihrem-wohnzimmer-seit-1990-angenommen-ihr-erhebender-raum-versichert-mir-dass-er-niemals-aus-der-mode-gehen-wird\/#primaryimage"},"thumbnailUrl":"https:\/\/www.strassenweb.de\/nachrichten\/wp-content\/uploads\/2025\/06\/ymXvBDADJH8BbYDtsTfjFC.jpg","datePublished":"2025-05-31T23:41:17+00:00","dateModified":"2025-05-31T23:41:18+00:00","breadcrumb":{"@id":"https:\/\/www.strassenweb.de\/nachrichten\/gloria-steinem-hat-den-groessten-farbtrend-2025-in-ihrem-wohnzimmer-seit-1990-angenommen-ihr-erhebender-raum-versichert-mir-dass-er-niemals-aus-der-mode-gehen-wird\/#breadcrumb"},"inLanguage":"de","potentialAction":[{"@type":"ReadAction","target":["https:\/\/www.strassenweb.de\/nachrichten\/gloria-steinem-hat-den-groessten-farbtrend-2025-in-ihrem-wohnzimmer-seit-1990-angenommen-ihr-erhebender-raum-versichert-mir-dass-er-niemals-aus-der-mode-gehen-wird\/"]}]},{"@type":"ImageObject","inLanguage":"de","@id":"https:\/\/www.strassenweb.de\/nachrichten\/gloria-steinem-hat-den-groessten-farbtrend-2025-in-ihrem-wohnzimmer-seit-1990-angenommen-ihr-erhebender-raum-versichert-mir-dass-er-niemals-aus-der-mode-gehen-wird\/#primaryimage","url":"https:\/\/www.strassenweb.de\/nachrichten\/wp-content\/uploads\/2025\/06\/ymXvBDADJH8BbYDtsTfjFC.jpg","contentUrl":"https:\/\/www.strassenweb.de\/nachrichten\/wp-content\/uploads\/2025\/06\/ymXvBDADJH8BbYDtsTfjFC.jpg","width":1600,"height":900,"caption":"gloria steinem in her living room"},{"@type":"BreadcrumbList","@id":"https:\/\/www.strassenweb.de\/nachrichten\/gloria-steinem-hat-den-groessten-farbtrend-2025-in-ihrem-wohnzimmer-seit-1990-angenommen-ihr-erhebender-raum-versichert-mir-dass-er-niemals-aus-der-mode-gehen-wird\/#breadcrumb","itemListElement":[{"@type":"ListItem","position":1,"name":"Home","item":"https:\/\/www.strassenweb.de\/nachrichten\/"},{"@type":"ListItem","position":2,"name":"Gloria Steinem hat den gr\u00f6\u00dften Farbtrend 2025 in ihrem Wohnzimmer seit 1990 angenommen &#8211; ihr erhebender Raum versichert mir, dass er niemals aus der Mode gehen wird"}]},{"@type":"WebSite","@id":"https:\/\/www.strassenweb.de\/nachrichten\/#website","url":"https:\/\/www.strassenweb.de\/nachrichten\/","name":"Stra\u00dfenweb","description":"Stra\u00dfenverzeichnis f\u00fcr Deutschland","publisher":{"@id":"https:\/\/www.strassenweb.de\/nachrichten\/#organization"},"potentialAction":[{"@type":"SearchAction","target":{"@type":"EntryPoint","urlTemplate":"https:\/\/www.strassenweb.de\/nachrichten\/?s={search_term_string}"},"query-input":{"@type":"PropertyValueSpecification","valueRequired":true,"valueName":"search_term_string"}}],"inLanguage":"de"},{"@type":"Organization","@id":"https:\/\/www.strassenweb.de\/nachrichten\/#organization","name":"Stra\u00dfenweb","url":"https:\/\/www.strassenweb.de\/nachrichten\/","logo":{"@type":"ImageObject","inLanguage":"de","@id":"https:\/\/www.strassenweb.de\/nachrichten\/#\/schema\/logo\/image\/","url":"https:\/\/www.strassenweb.de\/nachrichten\/wp-content\/uploads\/2024\/09\/cropped-favicon.png","contentUrl":"https:\/\/www.strassenweb.de\/nachrichten\/wp-content\/uploads\/2024\/09\/cropped-favicon.png","width":512,"height":512,"caption":"Stra\u00dfenweb"},"image":{"@id":"https:\/\/www.strassenweb.de\/nachrichten\/#\/schema\/logo\/image\/"},"sameAs":["https:\/\/www.facebook.com\/strassenweb\/"]},{"@type":"Person","@id":"https:\/\/www.strassenweb.de\/nachrichten\/#\/schema\/person\/87c9c9067f1211da429a744dc5a5aa41","name":"Robert Hoffmann","image":{"@type":"ImageObject","inLanguage":"de","@id":"https:\/\/www.strassenweb.de\/nachrichten\/wp-content\/uploads\/2024\/09\/strassenweb-150x150.jpg","url":"https:\/\/www.strassenweb.de\/nachrichten\/wp-content\/uploads\/2024\/09\/strassenweb-150x150.jpg","contentUrl":"https:\/\/www.strassenweb.de\/nachrichten\/wp-content\/uploads\/2024\/09\/strassenweb-150x150.jpg","caption":"Robert Hoffmann"},"description":"Ich hei\u00dfe Robert Hoffmann und ich bin ein leidenschaftlicher Verfechter von \u00d6kologie und Biodiversit\u00e4t. Seit meiner Kindheit in den W\u00e4ldern Bayerns f\u00fchle ich mich mit der Natur verbunden und bin entschlossen, sie zu sch\u00fctzen. Heute widme ich mein Leben der Sensibilisierung anderer f\u00fcr die Bedeutung des Umweltschutzes f\u00fcr zuk\u00fcnftige Generationen.","sameAs":["https:\/\/www.strassenweb.de\/"]}]}},"_links":{"self":[{"href":"https:\/\/www.strassenweb.de\/nachrichten\/wp-json\/wp\/v2\/posts\/5392","targetHints":{"allow":["GET"]}}],"collection":[{"href":"https:\/\/www.strassenweb.de\/nachrichten\/wp-json\/wp\/v2\/posts"}],"about":[{"href":"https:\/\/www.strassenweb.de\/nachrichten\/wp-json\/wp\/v2\/types\/post"}],"author":[{"embeddable":true,"href":"https:\/\/www.strassenweb.de\/nachrichten\/wp-json\/wp\/v2\/users\/1"}],"replies":[{"embeddable":true,"href":"https:\/\/www.strassenweb.de\/nachrichten\/wp-json\/wp\/v2\/comments?post=5392"}],"version-history":[{"count":0,"href":"https:\/\/www.strassenweb.de\/nachrichten\/wp-json\/wp\/v2\/posts\/5392\/revisions"}],"wp:featuredmedia":[{"embeddable":true,"href":"https:\/\/www.strassenweb.de\/nachrichten\/wp-json\/wp\/v2\/media\/5393"}],"wp:attachment":[{"href":"https:\/\/www.strassenweb.de\/nachrichten\/wp-json\/wp\/v2\/media?parent=5392"}],"wp:term":[{"taxonomy":"category","embeddable":true,"href":"https:\/\/www.strassenweb.de\/nachrichten\/wp-json\/wp\/v2\/categories?post=5392"},{"taxonomy":"post_tag","embeddable":true,"href":"https:\/\/www.strassenweb.de\/nachrichten\/wp-json\/wp\/v2\/tags?post=5392"}],"curies":[{"name":"wp","href":"https:\/\/api.w.org\/{rel}","templated":true}]}}