{"id":5386,"date":"2025-05-31T17:39:17","date_gmt":"2025-05-31T15:39:17","guid":{"rendered":"https:\/\/www.strassenweb.de\/nachrichten\/ich-haette-nie-gedacht-dass-sich-dieser-gewagte-druck-geschmackvoll-anfuehlen-koennte-bis-reese-witherspoons-sofa-meine-meinung-sofort-veraenderte\/"},"modified":"2025-05-31T17:39:18","modified_gmt":"2025-05-31T15:39:18","slug":"ich-haette-nie-gedacht-dass-sich-dieser-gewagte-druck-geschmackvoll-anfuehlen-koennte-bis-reese-witherspoons-sofa-meine-meinung-sofort-veraenderte","status":"publish","type":"post","link":"https:\/\/www.strassenweb.de\/nachrichten\/ich-haette-nie-gedacht-dass-sich-dieser-gewagte-druck-geschmackvoll-anfuehlen-koennte-bis-reese-witherspoons-sofa-meine-meinung-sofort-veraenderte\/","title":{"rendered":"Ich h\u00e4tte nie gedacht, dass sich dieser gewagte Druck geschmackvoll anf\u00fchlen k\u00f6nnte, bis Reese Witherspoons Sofa meine Meinung sofort ver\u00e4nderte"},"content":{"rendered":"<p><\/p>\n<div id=\"article-body\" class=\"article__body \">\n<p>In meinem Haus regiert der Minimalismus \u00fcberragend. Ich liebe es, mit Neutralen zu arbeiten, von meinen cremefarbenen und beige -Kissen bis hin zu meinen subtilen Rattan -Accessoires, die neben meinen Zimmerpflanzen sitzen. Sie k\u00f6nnen sich also vorstellen, dass die Einf\u00fchrung von Tierdruck nie auf meiner Agenda lag. Dann sah ich Reese Witherspoons Zebra-gedruckter Sofa.<\/p>\n<div id=\"ad-unit-1\" class=\"ad-unit\"><\/div>\n<p>W\u00e4hrend ich Reese Witherspoons Immobilienportfolio recherchierte, hatte ich die Gelegenheit, einige der Archivaufnahmen der Schauspielerin zu \u00fcberdenken, als mich ihr tiergedrucktes St\u00fcck in meinen Spuren stoppte.<\/p>\n<aside data-block-type=\"embed\" data-render-type=\"fte\" data-skip=\"dealsy\" data-widget-type=\"seasonal\" class=\"hawk-base\"><\/aside>\n<p>Ich hatte immer gedacht, dass dieses Muster gewagt und viel zu k\u00fchn in einem minimalistischen Wohnzimmer wie mir vorgestellt wurde. Reese &#8217;schwarzer und brauner Druck f\u00fchlt sich jedoch nicht zu aufdringlich an. Es macht einfach eine Aussage, ohne \u00fcberw\u00e4ltigend zu sein. Es ist eines der schicksten Sofas, die ich je gesehen habe, und ich h\u00e4tte nie gedacht, dass ich das \u00fcber Zebrasdruck sagen w\u00fcrde.<\/p>\n<div id=\"desktop-in-article\" class=\"in-article ad-unit\">\n<div id=\"desktop-taboola-mid-article\"><\/div>\n<\/div>\n<div id=\"mobile-in-article\" class=\"in-article ad-unit\">\n<div id=\"mobile-taboola-mid-article\"><\/div>\n<\/div>\n<div class=\"van_vid_carousel\">\n<div class=\"van_vid_carousel__padding\">\n<div class=\"van_vid_carousel__container\"><\/div>\n<\/div>\n<\/div>\n<aside data-component-name=\"Recirculation:ArticleRiver\" data-nosnippet>\n<span class=\"bg-secondary-500 text-white text-lg font-bold uppercase py-1 px-2 leading-(1.625rem) sm:leading-(6px) sm:text-sm\"><\/p>\n<p>Sie m\u00f6gen m\u00f6gen<br \/>\n<\/span><\/p>\n<ul class=\"flex flex-col my-2 list-outside ms-5 bg-none\" data-analytics-id=\"more-about-inline\">\n<li class=\"m-0 mb-2\" name=\"more-about-inline\" data-analytics-id=\"more-about-inline-0\">\n<p>Denise Richards &#8218;Treppenl\u00e4ufer ist eine anspruchsvolle Wendung f\u00fcr einen Mustertrend, der f\u00fcr 2025 in unsere H\u00e4user eingeschlichen wird &#8211; Designer diskutieren den mutigen Look<\/p>\n<\/li>\n<li class=\"m-0 mb-2\" name=\"more-about-inline\" data-analytics-id=\"more-about-inline-1\">\n<p>Ich war mir nicht sicher \u00fcber den Tierdruck Trend, aber ich bin ein Konvertier<\/p>\n<\/li>\n<li class=\"m-0 mb-2\" name=\"more-about-inline\" data-analytics-id=\"more-about-inline-2\">\n<p>Ist Kuhdruck der neue Leopardendruck? Das denke ich sicher und ich habe viele Innenarchitekten gefunden, die zustimmen<\/p>\n<\/li>\n<\/ul>\n<\/aside>\n<div class=\"instagram-embed\">\n<blockquote class=\"instagram-media\" data-instgrm-captioned data-instgrm-version=\"6\" style=\"width:99.375%; width:-webkit-calc(100% - 2px); width:calc(100% - 2px);\">\n<p>Ein Beitrag von Reese Witherspoon (@reesewitherspoon)<\/p>\n<p>Ein Foto von on <\/p>\n<\/blockquote>\n<\/div>\n<h2 id=\"shop-the-look-3\">Kaufen Sie den Look ein<\/h2>\n<div class=\"product-container hero-product-container product-block-no-wrap\">\n<div class=\"product-block-row\"><\/div>\n<div class=\"product-block-row\"><\/div>\n<div class=\"product-block-row\"><\/div>\n<\/div>\n<p>Es ist einfacher, zu wissen, wie man mit Tierdrucken geschmackvoll dekoriert, als es aussieht. Ich sprach mit dem ber\u00fchmten Designer Kathy Kuo aus Kathy Kuo Home, der erkl\u00e4rte, dass das Gleichgewicht der Schl\u00fcssel ist.<\/p>\n<div id=\"ad-unit-2\" class=\"ad-unit\"><\/div>\n<p>&#8222;Wenn Tierdrucke absichtlich verwendet werden, k\u00f6nnen Tierdrucke wie Leopard, Zebra und Tigerdrucke wirklich schick und subtil aussehen&#8220;, sagt sie. &#8222;Es geht darum, ein Gleichgewicht zu setzen, in dem der Tierdruck ein auff\u00e4lliger Akzent ist, der andere Farben und Muster erg\u00e4nzt und nicht den dominanten Druck im gesamten Raum.&#8220;<\/p>\n<p>Neben einem Zebra -Druck hat Kathy Kuhdrucke bemerkt, die Innenarchitekten f\u00fcr 2025 formen. Sie m\u00fcssen sie jedoch nicht auf Ihr Sofa beschr\u00e4nken. Ein kuhgedrucktes Kissen, genau wie dieses auf Wayfair, ist subtil genug, um einen Platz selbst in den minimalistischsten Wohnr\u00e4umen zu verdienen. Vertrauen Sie mir, ich w\u00fcrde f\u00fcr mich selbst einkaufen.<\/p>\n<p>&#8222;Ich liebe Tierdruck f\u00fcr dekorative Kissen und Haare-Hader-Wurfenteppiche, aber ich habe auch einen Trend zum westlich inspirierten Kuhdruck f\u00fcr Osmanen und Bankkissen festgestellt&#8220;, sagt Kathy.<\/p>\n<div id=\"slice-container-newsletterForm-articleInbodyContent-zZMFjhRXVrSg25VdAq4Ca7\" class=\"slice-container newsletter-inbodyContent-slice newsletterForm-articleInbodyContent-zZMFjhRXVrSg25VdAq4Ca7 slice-container-newsletterForm\"><\/div>\n<p>Halten Sie im Zweifelsfall den Bereich um Ihre Tierdrucke neutral sowie Accessoires und Kunstwerke auf ein Minimum. Auf diese Weise f\u00fchlt sich Ihr Raum nicht zu \u00fcberfordert von Farbe, und Sie k\u00f6nnen die Leuchtscheibe dieser Drucke ohne Sorge genie\u00dfen. Nehmen Sie es von Reese, wer es zuerst getan hat.<\/p>\n<hr>\n<div class=\"block\" id=\"articleTag\" data-component-name=\"PostArticleLinks\">\n<div class=\"border-b border-b-black border-solid py-2.5 text-black font-bold uppercase\">Themen<\/div>\n<nav class=\"py-2.5 flex gap-2.5 flex-wrap\" data-analytics-id=\"article-tag\">\n<p>Reese Witherspoon<br \/>\n<\/nav>\n<\/div>\n<\/div>\n<p><script async src=\"\/\/www.instagram.com\/embed.js\"><\/script><\/p>\n","protected":false},"excerpt":{"rendered":"<p>In meinem Haus regiert der Minimalismus \u00fcberragend. Ich liebe es, mit Neutralen zu arbeiten, von meinen cremefarbenen und beige -Kissen bis hin zu meinen subtilen<\/p>\n","protected":false},"author":1,"featured_media":5387,"comment_status":"closed","ping_status":"","sticky":false,"template":"","format":"standard","meta":{"footnotes":""},"categories":[118],"tags":[5347,180,51,1554,6993,5284,5999,7615,1533,129,694,1054,3369,460,3269,142,2806,197,4696,5076],"class_list":["post-5386","post","type-post","status-publish","format-standard","has-post-thumbnail","hentry","category-haus-garten","tag-anfuehlen","tag-bis","tag-dass","tag-dieser","tag-druck","tag-gedacht","tag-geschmackvoll","tag-gewagte","tag-haette","tag-ich","tag-koennte","tag-meine","tag-meinung","tag-nie","tag-reese","tag-sich","tag-sofa","tag-sofort","tag-veraenderte","tag-witherspoons","generate-columns","tablet-grid-50","mobile-grid-100","grid-parent","grid-50"],"yoast_head":"<!-- This site is optimized with the Yoast SEO plugin v27.3 - https:\/\/yoast.com\/product\/yoast-seo-wordpress\/ -->\n<title>Ich h\u00e4tte nie gedacht, dass sich dieser gewagte Druck geschmackvoll anf\u00fchlen k\u00f6nnte, bis Reese Witherspoons Sofa meine Meinung sofort ver\u00e4nderte - Nachrichten - Stra\u00dfenweb<\/title>\n<meta name=\"robots\" content=\"index, follow, max-snippet:-1, max-image-preview:large, max-video-preview:-1\" \/>\n<link rel=\"canonical\" href=\"https:\/\/www.strassenweb.de\/nachrichten\/ich-haette-nie-gedacht-dass-sich-dieser-gewagte-druck-geschmackvoll-anfuehlen-koennte-bis-reese-witherspoons-sofa-meine-meinung-sofort-veraenderte\/\" \/>\n<meta property=\"og:locale\" content=\"de_DE\" \/>\n<meta property=\"og:type\" content=\"article\" \/>\n<meta property=\"og:title\" content=\"Ich h\u00e4tte nie gedacht, dass sich dieser gewagte Druck geschmackvoll anf\u00fchlen k\u00f6nnte, bis Reese Witherspoons Sofa meine Meinung sofort ver\u00e4nderte - Nachrichten - Stra\u00dfenweb\" \/>\n<meta property=\"og:description\" content=\"In meinem Haus regiert der Minimalismus \u00fcberragend. Ich liebe es, mit Neutralen zu arbeiten, von meinen cremefarbenen und beige -Kissen bis hin zu meinen subtilen\" \/>\n<meta property=\"og:url\" content=\"https:\/\/www.strassenweb.de\/nachrichten\/ich-haette-nie-gedacht-dass-sich-dieser-gewagte-druck-geschmackvoll-anfuehlen-koennte-bis-reese-witherspoons-sofa-meine-meinung-sofort-veraenderte\/\" \/>\n<meta property=\"og:site_name\" content=\"Stra\u00dfenweb\" \/>\n<meta property=\"article:publisher\" content=\"https:\/\/www.facebook.com\/strassenweb\/\" \/>\n<meta property=\"article:published_time\" content=\"2025-05-31T15:39:17+00:00\" \/>\n<meta property=\"article:modified_time\" content=\"2025-05-31T15:39:18+00:00\" \/>\n<meta property=\"og:image\" content=\"https:\/\/www.strassenweb.de\/nachrichten\/wp-content\/uploads\/2025\/03\/FtrmYQfk9pMNAecLhLqACQ.jpg\" \/>\n\t<meta property=\"og:image:width\" content=\"1600\" \/>\n\t<meta property=\"og:image:height\" content=\"900\" \/>\n\t<meta property=\"og:image:type\" content=\"image\/jpeg\" \/>\n<meta name=\"author\" content=\"Robert Hoffmann\" \/>\n<meta name=\"twitter:card\" content=\"summary_large_image\" \/>\n<meta name=\"twitter:label1\" content=\"Verfasst von\" \/>\n\t<meta name=\"twitter:data1\" content=\"Robert Hoffmann\" \/>\n\t<meta name=\"twitter:label2\" content=\"Gesch\u00e4tzte Lesezeit\" \/>\n\t<meta name=\"twitter:data2\" content=\"2\u00a0Minuten\" \/>\n<script type=\"application\/ld+json\" class=\"yoast-schema-graph\">{\"@context\":\"https:\\\/\\\/schema.org\",\"@graph\":[{\"@type\":\"Article\",\"@id\":\"https:\\\/\\\/www.strassenweb.de\\\/nachrichten\\\/ich-haette-nie-gedacht-dass-sich-dieser-gewagte-druck-geschmackvoll-anfuehlen-koennte-bis-reese-witherspoons-sofa-meine-meinung-sofort-veraenderte\\\/#article\",\"isPartOf\":{\"@id\":\"https:\\\/\\\/www.strassenweb.de\\\/nachrichten\\\/ich-haette-nie-gedacht-dass-sich-dieser-gewagte-druck-geschmackvoll-anfuehlen-koennte-bis-reese-witherspoons-sofa-meine-meinung-sofort-veraenderte\\\/\"},\"author\":{\"name\":\"Robert Hoffmann\",\"@id\":\"https:\\\/\\\/www.strassenweb.de\\\/nachrichten\\\/#\\\/schema\\\/person\\\/87c9c9067f1211da429a744dc5a5aa41\"},\"headline\":\"Ich h\u00e4tte nie gedacht, dass sich dieser gewagte Druck geschmackvoll anf\u00fchlen k\u00f6nnte, bis Reese Witherspoons Sofa meine Meinung sofort ver\u00e4nderte\",\"datePublished\":\"2025-05-31T15:39:17+00:00\",\"dateModified\":\"2025-05-31T15:39:18+00:00\",\"mainEntityOfPage\":{\"@id\":\"https:\\\/\\\/www.strassenweb.de\\\/nachrichten\\\/ich-haette-nie-gedacht-dass-sich-dieser-gewagte-druck-geschmackvoll-anfuehlen-koennte-bis-reese-witherspoons-sofa-meine-meinung-sofort-veraenderte\\\/\"},\"wordCount\":482,\"publisher\":{\"@id\":\"https:\\\/\\\/www.strassenweb.de\\\/nachrichten\\\/#organization\"},\"image\":{\"@id\":\"https:\\\/\\\/www.strassenweb.de\\\/nachrichten\\\/ich-haette-nie-gedacht-dass-sich-dieser-gewagte-druck-geschmackvoll-anfuehlen-koennte-bis-reese-witherspoons-sofa-meine-meinung-sofort-veraenderte\\\/#primaryimage\"},\"thumbnailUrl\":\"https:\\\/\\\/www.strassenweb.de\\\/nachrichten\\\/wp-content\\\/uploads\\\/2025\\\/03\\\/FtrmYQfk9pMNAecLhLqACQ.jpg\",\"keywords\":[\"anf\u00fchlen\",\"bis\",\"dass\",\"dieser\",\"Druck\",\"gedacht\",\"geschmackvoll\",\"gewagte\",\"h\u00e4tte\",\"ich\",\"k\u00f6nnte\",\"meine\",\"Meinung\",\"nie\",\"Reese\",\"sich\",\"Sofa\",\"sofort\",\"ver\u00e4nderte\",\"Witherspoons\"],\"articleSection\":[\"Haus &amp; Garten\"],\"inLanguage\":\"de\"},{\"@type\":\"WebPage\",\"@id\":\"https:\\\/\\\/www.strassenweb.de\\\/nachrichten\\\/ich-haette-nie-gedacht-dass-sich-dieser-gewagte-druck-geschmackvoll-anfuehlen-koennte-bis-reese-witherspoons-sofa-meine-meinung-sofort-veraenderte\\\/\",\"url\":\"https:\\\/\\\/www.strassenweb.de\\\/nachrichten\\\/ich-haette-nie-gedacht-dass-sich-dieser-gewagte-druck-geschmackvoll-anfuehlen-koennte-bis-reese-witherspoons-sofa-meine-meinung-sofort-veraenderte\\\/\",\"name\":\"Ich h\u00e4tte nie gedacht, dass sich dieser gewagte Druck geschmackvoll anf\u00fchlen k\u00f6nnte, bis Reese Witherspoons Sofa meine Meinung sofort ver\u00e4nderte - Nachrichten - Stra\u00dfenweb\",\"isPartOf\":{\"@id\":\"https:\\\/\\\/www.strassenweb.de\\\/nachrichten\\\/#website\"},\"primaryImageOfPage\":{\"@id\":\"https:\\\/\\\/www.strassenweb.de\\\/nachrichten\\\/ich-haette-nie-gedacht-dass-sich-dieser-gewagte-druck-geschmackvoll-anfuehlen-koennte-bis-reese-witherspoons-sofa-meine-meinung-sofort-veraenderte\\\/#primaryimage\"},\"image\":{\"@id\":\"https:\\\/\\\/www.strassenweb.de\\\/nachrichten\\\/ich-haette-nie-gedacht-dass-sich-dieser-gewagte-druck-geschmackvoll-anfuehlen-koennte-bis-reese-witherspoons-sofa-meine-meinung-sofort-veraenderte\\\/#primaryimage\"},\"thumbnailUrl\":\"https:\\\/\\\/www.strassenweb.de\\\/nachrichten\\\/wp-content\\\/uploads\\\/2025\\\/03\\\/FtrmYQfk9pMNAecLhLqACQ.jpg\",\"datePublished\":\"2025-05-31T15:39:17+00:00\",\"dateModified\":\"2025-05-31T15:39:18+00:00\",\"breadcrumb\":{\"@id\":\"https:\\\/\\\/www.strassenweb.de\\\/nachrichten\\\/ich-haette-nie-gedacht-dass-sich-dieser-gewagte-druck-geschmackvoll-anfuehlen-koennte-bis-reese-witherspoons-sofa-meine-meinung-sofort-veraenderte\\\/#breadcrumb\"},\"inLanguage\":\"de\",\"potentialAction\":[{\"@type\":\"ReadAction\",\"target\":[\"https:\\\/\\\/www.strassenweb.de\\\/nachrichten\\\/ich-haette-nie-gedacht-dass-sich-dieser-gewagte-druck-geschmackvoll-anfuehlen-koennte-bis-reese-witherspoons-sofa-meine-meinung-sofort-veraenderte\\\/\"]}]},{\"@type\":\"ImageObject\",\"inLanguage\":\"de\",\"@id\":\"https:\\\/\\\/www.strassenweb.de\\\/nachrichten\\\/ich-haette-nie-gedacht-dass-sich-dieser-gewagte-druck-geschmackvoll-anfuehlen-koennte-bis-reese-witherspoons-sofa-meine-meinung-sofort-veraenderte\\\/#primaryimage\",\"url\":\"https:\\\/\\\/www.strassenweb.de\\\/nachrichten\\\/wp-content\\\/uploads\\\/2025\\\/03\\\/FtrmYQfk9pMNAecLhLqACQ.jpg\",\"contentUrl\":\"https:\\\/\\\/www.strassenweb.de\\\/nachrichten\\\/wp-content\\\/uploads\\\/2025\\\/03\\\/FtrmYQfk9pMNAecLhLqACQ.jpg\",\"width\":1600,\"height\":900,\"caption\":\"Reese Witherspoon\"},{\"@type\":\"BreadcrumbList\",\"@id\":\"https:\\\/\\\/www.strassenweb.de\\\/nachrichten\\\/ich-haette-nie-gedacht-dass-sich-dieser-gewagte-druck-geschmackvoll-anfuehlen-koennte-bis-reese-witherspoons-sofa-meine-meinung-sofort-veraenderte\\\/#breadcrumb\",\"itemListElement\":[{\"@type\":\"ListItem\",\"position\":1,\"name\":\"Home\",\"item\":\"https:\\\/\\\/www.strassenweb.de\\\/nachrichten\\\/\"},{\"@type\":\"ListItem\",\"position\":2,\"name\":\"Ich h\u00e4tte nie gedacht, dass sich dieser gewagte Druck geschmackvoll anf\u00fchlen k\u00f6nnte, bis Reese Witherspoons Sofa meine Meinung sofort ver\u00e4nderte\"}]},{\"@type\":\"WebSite\",\"@id\":\"https:\\\/\\\/www.strassenweb.de\\\/nachrichten\\\/#website\",\"url\":\"https:\\\/\\\/www.strassenweb.de\\\/nachrichten\\\/\",\"name\":\"Stra\u00dfenweb\",\"description\":\"Stra\u00dfenverzeichnis f\u00fcr Deutschland\",\"publisher\":{\"@id\":\"https:\\\/\\\/www.strassenweb.de\\\/nachrichten\\\/#organization\"},\"potentialAction\":[{\"@type\":\"SearchAction\",\"target\":{\"@type\":\"EntryPoint\",\"urlTemplate\":\"https:\\\/\\\/www.strassenweb.de\\\/nachrichten\\\/?s={search_term_string}\"},\"query-input\":{\"@type\":\"PropertyValueSpecification\",\"valueRequired\":true,\"valueName\":\"search_term_string\"}}],\"inLanguage\":\"de\"},{\"@type\":\"Organization\",\"@id\":\"https:\\\/\\\/www.strassenweb.de\\\/nachrichten\\\/#organization\",\"name\":\"Stra\u00dfenweb\",\"url\":\"https:\\\/\\\/www.strassenweb.de\\\/nachrichten\\\/\",\"logo\":{\"@type\":\"ImageObject\",\"inLanguage\":\"de\",\"@id\":\"https:\\\/\\\/www.strassenweb.de\\\/nachrichten\\\/#\\\/schema\\\/logo\\\/image\\\/\",\"url\":\"https:\\\/\\\/www.strassenweb.de\\\/nachrichten\\\/wp-content\\\/uploads\\\/2024\\\/09\\\/cropped-favicon.png\",\"contentUrl\":\"https:\\\/\\\/www.strassenweb.de\\\/nachrichten\\\/wp-content\\\/uploads\\\/2024\\\/09\\\/cropped-favicon.png\",\"width\":512,\"height\":512,\"caption\":\"Stra\u00dfenweb\"},\"image\":{\"@id\":\"https:\\\/\\\/www.strassenweb.de\\\/nachrichten\\\/#\\\/schema\\\/logo\\\/image\\\/\"},\"sameAs\":[\"https:\\\/\\\/www.facebook.com\\\/strassenweb\\\/\"]},{\"@type\":\"Person\",\"@id\":\"https:\\\/\\\/www.strassenweb.de\\\/nachrichten\\\/#\\\/schema\\\/person\\\/87c9c9067f1211da429a744dc5a5aa41\",\"name\":\"Robert Hoffmann\",\"image\":{\"@type\":\"ImageObject\",\"inLanguage\":\"de\",\"@id\":\"https:\\\/\\\/www.strassenweb.de\\\/nachrichten\\\/wp-content\\\/uploads\\\/2024\\\/09\\\/strassenweb-150x150.jpg\",\"url\":\"https:\\\/\\\/www.strassenweb.de\\\/nachrichten\\\/wp-content\\\/uploads\\\/2024\\\/09\\\/strassenweb-150x150.jpg\",\"contentUrl\":\"https:\\\/\\\/www.strassenweb.de\\\/nachrichten\\\/wp-content\\\/uploads\\\/2024\\\/09\\\/strassenweb-150x150.jpg\",\"caption\":\"Robert Hoffmann\"},\"description\":\"Ich hei\u00dfe Robert Hoffmann und ich bin ein leidenschaftlicher Verfechter von \u00d6kologie und Biodiversit\u00e4t. Seit meiner Kindheit in den W\u00e4ldern Bayerns f\u00fchle ich mich mit der Natur verbunden und bin entschlossen, sie zu sch\u00fctzen. Heute widme ich mein Leben der Sensibilisierung anderer f\u00fcr die Bedeutung des Umweltschutzes f\u00fcr zuk\u00fcnftige Generationen.\",\"sameAs\":[\"https:\\\/\\\/www.strassenweb.de\\\/\"]}]}<\/script>\n<!-- \/ Yoast SEO plugin. -->","yoast_head_json":{"title":"Ich h\u00e4tte nie gedacht, dass sich dieser gewagte Druck geschmackvoll anf\u00fchlen k\u00f6nnte, bis Reese Witherspoons Sofa meine Meinung sofort ver\u00e4nderte - Nachrichten - Stra\u00dfenweb","robots":{"index":"index","follow":"follow","max-snippet":"max-snippet:-1","max-image-preview":"max-image-preview:large","max-video-preview":"max-video-preview:-1"},"canonical":"https:\/\/www.strassenweb.de\/nachrichten\/ich-haette-nie-gedacht-dass-sich-dieser-gewagte-druck-geschmackvoll-anfuehlen-koennte-bis-reese-witherspoons-sofa-meine-meinung-sofort-veraenderte\/","og_locale":"de_DE","og_type":"article","og_title":"Ich h\u00e4tte nie gedacht, dass sich dieser gewagte Druck geschmackvoll anf\u00fchlen k\u00f6nnte, bis Reese Witherspoons Sofa meine Meinung sofort ver\u00e4nderte - Nachrichten - Stra\u00dfenweb","og_description":"In meinem Haus regiert der Minimalismus \u00fcberragend. Ich liebe es, mit Neutralen zu arbeiten, von meinen cremefarbenen und beige -Kissen bis hin zu meinen subtilen","og_url":"https:\/\/www.strassenweb.de\/nachrichten\/ich-haette-nie-gedacht-dass-sich-dieser-gewagte-druck-geschmackvoll-anfuehlen-koennte-bis-reese-witherspoons-sofa-meine-meinung-sofort-veraenderte\/","og_site_name":"Stra\u00dfenweb","article_publisher":"https:\/\/www.facebook.com\/strassenweb\/","article_published_time":"2025-05-31T15:39:17+00:00","article_modified_time":"2025-05-31T15:39:18+00:00","og_image":[{"width":1600,"height":900,"url":"https:\/\/www.strassenweb.de\/nachrichten\/wp-content\/uploads\/2025\/03\/FtrmYQfk9pMNAecLhLqACQ.jpg","type":"image\/jpeg"}],"author":"Robert Hoffmann","twitter_card":"summary_large_image","twitter_misc":{"Verfasst von":"Robert Hoffmann","Gesch\u00e4tzte Lesezeit":"2\u00a0Minuten"},"schema":{"@context":"https:\/\/schema.org","@graph":[{"@type":"Article","@id":"https:\/\/www.strassenweb.de\/nachrichten\/ich-haette-nie-gedacht-dass-sich-dieser-gewagte-druck-geschmackvoll-anfuehlen-koennte-bis-reese-witherspoons-sofa-meine-meinung-sofort-veraenderte\/#article","isPartOf":{"@id":"https:\/\/www.strassenweb.de\/nachrichten\/ich-haette-nie-gedacht-dass-sich-dieser-gewagte-druck-geschmackvoll-anfuehlen-koennte-bis-reese-witherspoons-sofa-meine-meinung-sofort-veraenderte\/"},"author":{"name":"Robert Hoffmann","@id":"https:\/\/www.strassenweb.de\/nachrichten\/#\/schema\/person\/87c9c9067f1211da429a744dc5a5aa41"},"headline":"Ich h\u00e4tte nie gedacht, dass sich dieser gewagte Druck geschmackvoll anf\u00fchlen k\u00f6nnte, bis Reese Witherspoons Sofa meine Meinung sofort ver\u00e4nderte","datePublished":"2025-05-31T15:39:17+00:00","dateModified":"2025-05-31T15:39:18+00:00","mainEntityOfPage":{"@id":"https:\/\/www.strassenweb.de\/nachrichten\/ich-haette-nie-gedacht-dass-sich-dieser-gewagte-druck-geschmackvoll-anfuehlen-koennte-bis-reese-witherspoons-sofa-meine-meinung-sofort-veraenderte\/"},"wordCount":482,"publisher":{"@id":"https:\/\/www.strassenweb.de\/nachrichten\/#organization"},"image":{"@id":"https:\/\/www.strassenweb.de\/nachrichten\/ich-haette-nie-gedacht-dass-sich-dieser-gewagte-druck-geschmackvoll-anfuehlen-koennte-bis-reese-witherspoons-sofa-meine-meinung-sofort-veraenderte\/#primaryimage"},"thumbnailUrl":"https:\/\/www.strassenweb.de\/nachrichten\/wp-content\/uploads\/2025\/03\/FtrmYQfk9pMNAecLhLqACQ.jpg","keywords":["anf\u00fchlen","bis","dass","dieser","Druck","gedacht","geschmackvoll","gewagte","h\u00e4tte","ich","k\u00f6nnte","meine","Meinung","nie","Reese","sich","Sofa","sofort","ver\u00e4nderte","Witherspoons"],"articleSection":["Haus &amp; Garten"],"inLanguage":"de"},{"@type":"WebPage","@id":"https:\/\/www.strassenweb.de\/nachrichten\/ich-haette-nie-gedacht-dass-sich-dieser-gewagte-druck-geschmackvoll-anfuehlen-koennte-bis-reese-witherspoons-sofa-meine-meinung-sofort-veraenderte\/","url":"https:\/\/www.strassenweb.de\/nachrichten\/ich-haette-nie-gedacht-dass-sich-dieser-gewagte-druck-geschmackvoll-anfuehlen-koennte-bis-reese-witherspoons-sofa-meine-meinung-sofort-veraenderte\/","name":"Ich h\u00e4tte nie gedacht, dass sich dieser gewagte Druck geschmackvoll anf\u00fchlen k\u00f6nnte, bis Reese Witherspoons Sofa meine Meinung sofort ver\u00e4nderte - Nachrichten - Stra\u00dfenweb","isPartOf":{"@id":"https:\/\/www.strassenweb.de\/nachrichten\/#website"},"primaryImageOfPage":{"@id":"https:\/\/www.strassenweb.de\/nachrichten\/ich-haette-nie-gedacht-dass-sich-dieser-gewagte-druck-geschmackvoll-anfuehlen-koennte-bis-reese-witherspoons-sofa-meine-meinung-sofort-veraenderte\/#primaryimage"},"image":{"@id":"https:\/\/www.strassenweb.de\/nachrichten\/ich-haette-nie-gedacht-dass-sich-dieser-gewagte-druck-geschmackvoll-anfuehlen-koennte-bis-reese-witherspoons-sofa-meine-meinung-sofort-veraenderte\/#primaryimage"},"thumbnailUrl":"https:\/\/www.strassenweb.de\/nachrichten\/wp-content\/uploads\/2025\/03\/FtrmYQfk9pMNAecLhLqACQ.jpg","datePublished":"2025-05-31T15:39:17+00:00","dateModified":"2025-05-31T15:39:18+00:00","breadcrumb":{"@id":"https:\/\/www.strassenweb.de\/nachrichten\/ich-haette-nie-gedacht-dass-sich-dieser-gewagte-druck-geschmackvoll-anfuehlen-koennte-bis-reese-witherspoons-sofa-meine-meinung-sofort-veraenderte\/#breadcrumb"},"inLanguage":"de","potentialAction":[{"@type":"ReadAction","target":["https:\/\/www.strassenweb.de\/nachrichten\/ich-haette-nie-gedacht-dass-sich-dieser-gewagte-druck-geschmackvoll-anfuehlen-koennte-bis-reese-witherspoons-sofa-meine-meinung-sofort-veraenderte\/"]}]},{"@type":"ImageObject","inLanguage":"de","@id":"https:\/\/www.strassenweb.de\/nachrichten\/ich-haette-nie-gedacht-dass-sich-dieser-gewagte-druck-geschmackvoll-anfuehlen-koennte-bis-reese-witherspoons-sofa-meine-meinung-sofort-veraenderte\/#primaryimage","url":"https:\/\/www.strassenweb.de\/nachrichten\/wp-content\/uploads\/2025\/03\/FtrmYQfk9pMNAecLhLqACQ.jpg","contentUrl":"https:\/\/www.strassenweb.de\/nachrichten\/wp-content\/uploads\/2025\/03\/FtrmYQfk9pMNAecLhLqACQ.jpg","width":1600,"height":900,"caption":"Reese Witherspoon"},{"@type":"BreadcrumbList","@id":"https:\/\/www.strassenweb.de\/nachrichten\/ich-haette-nie-gedacht-dass-sich-dieser-gewagte-druck-geschmackvoll-anfuehlen-koennte-bis-reese-witherspoons-sofa-meine-meinung-sofort-veraenderte\/#breadcrumb","itemListElement":[{"@type":"ListItem","position":1,"name":"Home","item":"https:\/\/www.strassenweb.de\/nachrichten\/"},{"@type":"ListItem","position":2,"name":"Ich h\u00e4tte nie gedacht, dass sich dieser gewagte Druck geschmackvoll anf\u00fchlen k\u00f6nnte, bis Reese Witherspoons Sofa meine Meinung sofort ver\u00e4nderte"}]},{"@type":"WebSite","@id":"https:\/\/www.strassenweb.de\/nachrichten\/#website","url":"https:\/\/www.strassenweb.de\/nachrichten\/","name":"Stra\u00dfenweb","description":"Stra\u00dfenverzeichnis f\u00fcr Deutschland","publisher":{"@id":"https:\/\/www.strassenweb.de\/nachrichten\/#organization"},"potentialAction":[{"@type":"SearchAction","target":{"@type":"EntryPoint","urlTemplate":"https:\/\/www.strassenweb.de\/nachrichten\/?s={search_term_string}"},"query-input":{"@type":"PropertyValueSpecification","valueRequired":true,"valueName":"search_term_string"}}],"inLanguage":"de"},{"@type":"Organization","@id":"https:\/\/www.strassenweb.de\/nachrichten\/#organization","name":"Stra\u00dfenweb","url":"https:\/\/www.strassenweb.de\/nachrichten\/","logo":{"@type":"ImageObject","inLanguage":"de","@id":"https:\/\/www.strassenweb.de\/nachrichten\/#\/schema\/logo\/image\/","url":"https:\/\/www.strassenweb.de\/nachrichten\/wp-content\/uploads\/2024\/09\/cropped-favicon.png","contentUrl":"https:\/\/www.strassenweb.de\/nachrichten\/wp-content\/uploads\/2024\/09\/cropped-favicon.png","width":512,"height":512,"caption":"Stra\u00dfenweb"},"image":{"@id":"https:\/\/www.strassenweb.de\/nachrichten\/#\/schema\/logo\/image\/"},"sameAs":["https:\/\/www.facebook.com\/strassenweb\/"]},{"@type":"Person","@id":"https:\/\/www.strassenweb.de\/nachrichten\/#\/schema\/person\/87c9c9067f1211da429a744dc5a5aa41","name":"Robert Hoffmann","image":{"@type":"ImageObject","inLanguage":"de","@id":"https:\/\/www.strassenweb.de\/nachrichten\/wp-content\/uploads\/2024\/09\/strassenweb-150x150.jpg","url":"https:\/\/www.strassenweb.de\/nachrichten\/wp-content\/uploads\/2024\/09\/strassenweb-150x150.jpg","contentUrl":"https:\/\/www.strassenweb.de\/nachrichten\/wp-content\/uploads\/2024\/09\/strassenweb-150x150.jpg","caption":"Robert Hoffmann"},"description":"Ich hei\u00dfe Robert Hoffmann und ich bin ein leidenschaftlicher Verfechter von \u00d6kologie und Biodiversit\u00e4t. Seit meiner Kindheit in den W\u00e4ldern Bayerns f\u00fchle ich mich mit der Natur verbunden und bin entschlossen, sie zu sch\u00fctzen. Heute widme ich mein Leben der Sensibilisierung anderer f\u00fcr die Bedeutung des Umweltschutzes f\u00fcr zuk\u00fcnftige Generationen.","sameAs":["https:\/\/www.strassenweb.de\/"]}]}},"_links":{"self":[{"href":"https:\/\/www.strassenweb.de\/nachrichten\/wp-json\/wp\/v2\/posts\/5386","targetHints":{"allow":["GET"]}}],"collection":[{"href":"https:\/\/www.strassenweb.de\/nachrichten\/wp-json\/wp\/v2\/posts"}],"about":[{"href":"https:\/\/www.strassenweb.de\/nachrichten\/wp-json\/wp\/v2\/types\/post"}],"author":[{"embeddable":true,"href":"https:\/\/www.strassenweb.de\/nachrichten\/wp-json\/wp\/v2\/users\/1"}],"replies":[{"embeddable":true,"href":"https:\/\/www.strassenweb.de\/nachrichten\/wp-json\/wp\/v2\/comments?post=5386"}],"version-history":[{"count":0,"href":"https:\/\/www.strassenweb.de\/nachrichten\/wp-json\/wp\/v2\/posts\/5386\/revisions"}],"wp:featuredmedia":[{"embeddable":true,"href":"https:\/\/www.strassenweb.de\/nachrichten\/wp-json\/wp\/v2\/media\/5387"}],"wp:attachment":[{"href":"https:\/\/www.strassenweb.de\/nachrichten\/wp-json\/wp\/v2\/media?parent=5386"}],"wp:term":[{"taxonomy":"category","embeddable":true,"href":"https:\/\/www.strassenweb.de\/nachrichten\/wp-json\/wp\/v2\/categories?post=5386"},{"taxonomy":"post_tag","embeddable":true,"href":"https:\/\/www.strassenweb.de\/nachrichten\/wp-json\/wp\/v2\/tags?post=5386"}],"curies":[{"name":"wp","href":"https:\/\/api.w.org\/{rel}","templated":true}]}}