{"id":5374,"date":"2025-05-31T03:47:00","date_gmt":"2025-05-31T01:47:00","guid":{"rendered":"https:\/\/www.strassenweb.de\/nachrichten\/sollten-neue-fenster-im-inneren-kondensation-haben\/"},"modified":"2025-05-31T03:47:01","modified_gmt":"2025-05-31T01:47:01","slug":"sollten-neue-fenster-im-inneren-kondensation-haben","status":"publish","type":"post","link":"https:\/\/www.strassenweb.de\/nachrichten\/sollten-neue-fenster-im-inneren-kondensation-haben\/","title":{"rendered":"Sollten neue Fenster im Inneren Kondensation haben?"},"content":{"rendered":"<div><!--(--><!----><!----><\/p>\n<div class=\"wordpress-image\">\n<figure class=\"wp-block-image size-full is-resized\"><\/figure>\n<\/div>\n<p><!----><\/p>\n<div class=\"wordpress-paragraph\" style=\"--25ab227a:left;\" data-v-c0f9f52b=\"\">\n<p>Fensterkondensation kann erheblich irritierend sein! Wenn Sie in einem Klima mit coolen Wintern und hohen Luftfeuchtigkeitsniveaus leben, ist dies leider ziemlich unvermeidlich. Sobald Sie sich im Herbst befinden und die Temperaturen zu sinken beginnen, sehen viele Hausbesitzer in der Kondensation der Innenausstattung.<\/p>\n<\/div>\n<p><!----><\/p>\n<div class=\"wordpress-paragraph\" style=\"--25ab227a:left;\" data-v-c0f9f52b=\"\">\n<p>Obwohl die Dinge viel besser sind als vor einer Generation vor oder so, bevor doppelte glasierte Fenster allt\u00e4glich wurden, ist die Kondensation am Boden der Doppelverglasung immer noch ein Problem.<\/p>\n<\/div>\n<p><!----><\/p>\n<div class=\"wordpress-paragraph\" style=\"--25ab227a:left;\" data-v-c0f9f52b=\"\">\n<p>Obwohl das Wischen von Fenstern m\u00fchsam ist, kann es negative Auswirkungen haben, wenn Sie sich nicht richtig und schnell mit Kondensation befassen. In den extremsten F\u00e4llen k\u00f6nnen Fensterrahmen und Fensterb\u00e4nke schwarze Form anbauen. Diese Form und ihre Sporen sind schlecht f\u00fcr Ihre Gesundheit und k\u00f6nnen Atemprobleme verursachen oder verschlimmern.<\/p>\n<\/div>\n<p><!----><\/p>\n<div class=\"wordpress-paragraph\" style=\"--25ab227a:left;\" data-v-c0f9f52b=\"\">\n<p>In diesem Artikel werden wir dar\u00fcber sprechen, warum Kondensation unter Windows bildet und wie Sie damit umgehen k\u00f6nnen. Wir werden uns vor allem auf die Frage befassen, falls neue Fenster Kondensation im Inneren haben?<\/p>\n<\/div>\n<p><!----><\/p>\n<h2 class=\"wp-block-heading\">Was ist Kondensation?<\/h2>\n<p><!----><\/p>\n<div class=\"wordpress-paragraph\" style=\"--25ab227a:left;\" data-v-c0f9f52b=\"\">\n<p>Wenn sich ein Dampf oder Gas ver\u00e4ndert und eine Fl\u00fcssigkeit wird, bildet sich Kondensation. Dies geschieht, wenn die Temperatur eines Objekts (in diesem Fall glasierte Fenster) niedriger ist als der Tauspunkt der Luft.<\/p>\n<\/div>\n<p><!----><\/p>\n<div class=\"wordpress-paragraph\" style=\"--25ab227a:left;\" data-v-c0f9f52b=\"\">\n<p>Der Taupunkt ist die atmosph\u00e4rische Temperatur, unter der Wasserdampf kondensiert und Wassertropfen bildet. Der Taupunkt variiert je nach Luftfeuchtigkeit und Luftdruck).<\/p>\n<\/div>\n<p><!----><\/p>\n<div class=\"wordpress-paragraph\" style=\"--25ab227a:left;\" data-v-c0f9f52b=\"\">\n<p>Da der Taupunkt variieren kann, kann Kondensation auch mit h\u00f6heren Temperaturen auftreten (wenn die Luftfeuchtigkeit hoch ist). Wenn es kalt ist, tritt die Kondensation auch bei geringer Luftfeuchtigkeit auf.<\/p>\n<\/div>\n<p><!----><\/p>\n<h2 class=\"wp-block-heading\">Was verursacht Kondensation an Fenstern?<\/h2>\n<p><!----><\/p>\n<div class=\"wordpress-paragraph\" style=\"--25ab227a:left;\" data-v-c0f9f52b=\"\">\n<p>Wenn die \u00fcbersch\u00fcssige Feuchtigkeit in der Luft mit der kalten Oberfl\u00e4che des Fensters in Kontakt kommt, kondensiert und bildet sie sichtbare Wassertr\u00f6pfchen. Dies geschieht normalerweise, wenn ein gro\u00dfer Unterschied zwischen der Au\u00dfentemperatur und der Innentemperatur besteht.<\/p>\n<\/div>\n<p><!----><\/p>\n<div class=\"wordpress-paragraph\" style=\"--25ab227a:left;\" data-v-c0f9f52b=\"\">\n<p>Die Luft, die wir atmen, enth\u00e4lt viele mikroskopische Wassertropfen, die f\u00fcr das blo\u00dfe Auge unsichtbar sind. Wenn die Luftfeuchtigkeit h\u00f6her ist, gibt es mehr davon und Sie sehen eher Kondensation auf Ihren Oberfl\u00e4chen.<\/p>\n<\/div>\n<p><!----><\/p>\n<div class=\"wordpress-paragraph\" style=\"--25ab227a:left;\" data-v-c0f9f52b=\"\">\n<p>Wenn Sie beispielsweise ein Glas eiskaltes Wasser an einem hei\u00dfen, sonnigen Tag auf einem Tisch haben, ist die Au\u00dfenseite des Glass nass. Dies ist der gleiche Kondensationseffekt, den wir unter Windows sehen.<\/p>\n<\/div>\n<p><!----><\/p>\n<div class=\"wordpress-paragraph\" style=\"--25ab227a:left;\" data-v-c0f9f52b=\"\">\n<p>Wenn die Luft w\u00e4rmer ist, sind die darin enthaltenen Molek\u00fcle weiter voneinander entfernt. Dies bedeutet, dass die Feuchtigkeit gut gehalten wird. In k\u00fchlerer Luft kommen diese Molek\u00fcle n\u00e4her zusammen. Wenn sie nah genug sind, kommen sie als sichtbare Fl\u00fcssigkeit zusammen.<\/p>\n<\/div>\n<p><!----><\/p>\n<div class=\"wordpress-paragraph\" style=\"--25ab227a:left;\" data-v-c0f9f52b=\"\">\n<p>Andere Beispiele f\u00fcr Kondensation, die wir h\u00e4ufig sehen, sind:<\/p>\n<\/div>\n<p><!----><\/p>\n<ul class=\"wordpress-list\" style=\"--ebf5db5c:;\" data-v-2f7eb99b=\"\"><!--(--><!--(--><\/p>\n<li class=\"wordpress-list-item\">\n<p>Kondensation am Badezimmerspiegel nach dem Duschen\n<\/li>\n<p><!----><!--)--><!--(--><\/p>\n<li class=\"wordpress-list-item\">\n<p>K\u00fcchenfenster &#8218;ged\u00e4mpft&#8216; w\u00e4hrend des Kochens\n<\/li>\n<p><!----><!--)--><!--(--><\/p>\n<li class=\"wordpress-list-item\">\n<p>Kondensation an Fenstern, wenn Sie Ihre Kleidung im Inneren austrocknen.\n<\/li>\n<p><!----><!--)--><!--)--><\/ul>\n<p><!----><\/p>\n<div class=\"wordpress-paragraph\" style=\"--25ab227a:left;\" data-v-c0f9f52b=\"\">\n<p>Kondensation bildet sich auf jeder Oberfl\u00e4che, die kalt ist und nicht nur Fenster. Es ist wahrscheinlicher, dass die Feuchtigkeit &#8222;gefangen&#8220; ist. Es kann sich auf:<\/p>\n<\/div>\n<p><!----><\/p>\n<ul class=\"wordpress-list\" style=\"--ebf5db5c:;\" data-v-2f7eb99b=\"\"><!--(--><!--(--><\/p>\n<li class=\"wordpress-list-item\">\n<p>eine kalte Wand (in Einbaum\u00f6bel)\n<\/li>\n<p><!----><!--)--><!--(--><\/p>\n<li class=\"wordpress-list-item\">\n<p>eine \u00e4u\u00dfere Wand (hinter M\u00f6beln)\n<\/li>\n<p><!----><!--)--><!--(--><\/p>\n<li class=\"wordpress-list-item\">\n<p>Fenster mit Vorh\u00e4ngen oder Jalousien geschlossen\n<\/li>\n<p><!----><!--)--><!--)--><\/ul>\n<p><!----><\/p>\n<h2 class=\"wp-block-heading\">Wann ist die Kondensation wahrscheinlicher?<\/h2>\n<p><!----><\/p>\n<div class=\"wordpress-paragraph\" style=\"--25ab227a:left;\" data-v-c0f9f52b=\"\">\n<p>Wenn Sie nur einzelne Glasfenster haben, ist die Kondensation wahrscheinlicher. Dies liegt daran, dass die Temperaturdifferenz am Glasscheibe gr\u00f6\u00dfer ist. Doppelverglasende Fenster sind isolierter und daher wird es weniger Kondensation auf der Innenseite geben.<\/p>\n<\/div>\n<p><!----><\/p>\n<div class=\"wordpress-paragraph\" style=\"--25ab227a:left;\" data-v-c0f9f52b=\"\">\n<p>Vor der Doppelverglasung war es \u00fcblich, jeden Morgen Kondensation von Fenstern zu l\u00f6schen! Im Winter haben Sie vielleicht sogar Eis gereinigt!<\/p>\n<\/div>\n<p><!----><\/p>\n<div class=\"wordpress-paragraph\" style=\"--25ab227a:left;\" data-v-c0f9f52b=\"\">\n<p>Es ist immer noch m\u00f6glich, Kondensation an der Innenseite der Doppelverglasung zu sehen, aber dies ist viel wahrscheinlicher, wenn sie \u00e4lter sind, besch\u00e4digt wurden oder die Fensterdichtung verschwunden ist.<\/p>\n<\/div>\n<p><!----><\/p>\n<h2 class=\"wp-block-heading\">Warum ist Kondensation schlecht?<\/h2>\n<p><!----><\/p>\n<div class=\"wordpress-paragraph\" style=\"--25ab227a:left;\" data-v-c0f9f52b=\"\">\n<p>Letztendlich ist die Kondensation schlecht, weil sie die Lebensdauer eines Fensters verringert. Dies gilt insbesondere dann, wenn die versiegelte Fenstereinheit lange in Wasser sitzt. Kondensation kann auch das Schimmelwachstum f\u00f6rdern, was auch Fensterrahmen besch\u00e4digen kann.<\/p>\n<\/div>\n<p><!----><!----><\/p>\n<h2 class=\"wp-block-heading\">Wo h\u00e4ufen sich die Kondensation bei doppelt glasierten Fenstern an?<\/h2>\n<p><!----><\/p>\n<div class=\"wordpress-paragraph\" style=\"--25ab227a:left;\" data-v-c0f9f52b=\"\">\n<p>Sie sehen am wahrscheinlichsten Kondensation:<\/p>\n<\/div>\n<p><!----><\/p>\n<ul class=\"wordpress-list\" style=\"--ebf5db5c:;\" data-v-2f7eb99b=\"\"><!--(--><!--(--><\/p>\n<li class=\"wordpress-list-item\">\n<p>im Fenster im Scheibenbereich\n<\/li>\n<p><!----><!--)--><!--(--><\/p>\n<li class=\"wordpress-list-item\">\n<p>im Fenster im Au\u00dfenbereich des Fensters\n<\/li>\n<p><!----><!--)--><!--(--><\/p>\n<li class=\"wordpress-list-item\">\n<p>innerhalb der L\u00fccke zwischen den beiden Glasscheiben\n<\/li>\n<p><!----><!--)--><!--)--><\/ul>\n<p><!----><\/p>\n<h3 class=\"wp-block-heading\">Kondensation im Fenster im Scheibenbereich des Fensters<\/h3>\n<p><!----><\/p>\n<h4 class=\"wp-block-heading\">Was verursacht das?<\/h4>\n<p><!----><\/p>\n<div class=\"wordpress-paragraph\" style=\"--25ab227a:left;\" data-v-c0f9f52b=\"\">\n<p>In den meisten F\u00e4llen tritt die Kondensation auf der Innenscheibe von Glas auf, wenn die Luftfeuchtigkeit des Raums hoch ist und die Luft nicht gut zirkuliert. In dieser Situation kondensiert Wasserdampf auf der k\u00e4lteren Oberfl\u00e4che des Fensters. Jetzt haben wir so gut isolierte H\u00e4user mit gut versiegelten T\u00fcren, es gibt wenig Luftzirkulation, was zur Kondensation an Fenstern beitr\u00e4gt.<\/p>\n<\/div>\n<p><!----><\/p>\n<div class=\"wordpress-paragraph\" style=\"--25ab227a:left;\" data-v-c0f9f52b=\"\">\n<p>Niedrige innere Raumtemperaturen k\u00f6nnen auch kalte Oberfl\u00e4chen im Raum erzeugen. Dies bedeutet, dass jede warme Luft auf ihnen leicht kondensiert.<\/p>\n<\/div>\n<p><!----><\/p>\n<div class=\"wordpress-paragraph\" style=\"--25ab227a:left;\" data-v-c0f9f52b=\"\">\n<p>In Badezimmern und K\u00fcchen, in denen die Feuchtigkeitsniveau hoch ist, ist die Kondensation wahrscheinlicher.<\/p>\n<\/div>\n<p><!----><\/p>\n<div class=\"wordpress-paragraph\" style=\"--25ab227a:left;\" data-v-c0f9f52b=\"\">\n<p>Schlafzimmerfenster haben m\u00f6glicherweise auch morgens Kondensation, da die Lufttemperatur wahrscheinlich gesunken ist und die Menschen \u00fcber Nacht, ohne dass T\u00fcren und Fenster ge\u00f6ffnet und geschlossen werden, feuchte Luft geben wird.<\/p>\n<\/div>\n<p><!----><\/p>\n<div class=\"wordpress-paragraph\" style=\"--25ab227a:left;\" data-v-c0f9f52b=\"\">\n<p>Wenn Sie k\u00fcrzlich irgendwelche Bauarbeiten hatten, haben Sie f\u00fcr sechs Monate m\u00f6glicherweise h\u00f6here Feuchtigkeitswerte aufgrund von Trocknungsbeton, Nasspflaster und Farbe. In diesem Fall wird es schwieriger sein, Kondensation zu stoppen.<\/p>\n<\/div>\n<p><!----><\/p>\n<div class=\"wordpress-paragraph\" style=\"--25ab227a:left;\" data-v-c0f9f52b=\"\">\n<p>F\u00fcr alle mit Kondensationsproblemen ist es wichtig, es so schnell wie m\u00f6glich mit einem Handtuch oder einem Tuch abzuwischen. Wenn es auf Ihren Oberfl\u00e4chen sitzt, f\u00fchrt es schlie\u00dflich zu Schimmel, F\u00e4ulnis und Besch\u00e4digung.<\/p>\n<\/div>\n<p><!----><\/p>\n<h4 class=\"wp-block-heading\">Die L\u00f6sung<\/h4>\n<p><!----><\/p>\n<div class=\"wordpress-paragraph\" style=\"--25ab227a:left;\" data-v-c0f9f52b=\"\">\n<p>Die einfachste und effizienteste Art, sich mit Kondensation auf einem Fenster in der Innenscheibe zu befassen, besteht darin, die Luftzirkulation im Raum zu verbessern. Dies verringert die Luftfeuchtigkeit und bedeutet, dass im Raum weniger Feuchtigkeit vorliegt.<\/p>\n<\/div>\n<p><!----><\/p>\n<div class=\"wordpress-paragraph\" style=\"--25ab227a:left;\" data-v-c0f9f52b=\"\">\n<p>Stellen Sie sicher, dass Sie h\u00e4ufig Fenster reinigen, um Kondensation oder Schimmelgeb\u00e4ude zu entfernen. <\/p>\n<\/div>\n<p><!----><\/p>\n<div class=\"wordpress-paragraph\" style=\"--25ab227a:left;\" data-v-c0f9f52b=\"\">\n<p>Wenn Sie Ihr Zuhause bei einer relativ warmen und konstanten Temperatur halten, verringert sich auch die K\u00e4lte der Oberfl\u00e4chen und erschwert es, dass Kondensation auftritt.<\/p>\n<\/div>\n<p><!----><\/p>\n<div class=\"wordpress-paragraph\" style=\"--25ab227a:left;\" data-v-c0f9f52b=\"\">\n<p>Im Badezimmer sollten Sie einen Extraktorventilator oder ein offenes Fenster haben, wenn Sie im Bad oder im Duschen sind (und f\u00fcr eine Weile auch danach). Dadurch wird die feuchtigkeitsreiche Luft entfernt. Es wird auch verhindern, dass Wasserdampf kondensiert. Das Schlie\u00dfen Ihrer Badezimmert\u00fcr w\u00e4hrend des Duschens sch\u00fctzt auch den Rest Ihres Hauses vor feuchtigkeitsreicher Luft und stoppt Kondensation in anderen R\u00e4umen des Hauses.<\/p>\n<\/div>\n<p><!----><\/p>\n<div class=\"wordpress-paragraph\" style=\"--25ab227a:left;\" data-v-c0f9f52b=\"\">\n<p>In der K\u00fcche ist es eine gute Idee, Deckel f\u00fcr Ihre Pfannen zu verwenden, um Kondensation zu reduzieren. Das \u00d6ffnen der Fenster oder die Verwendung des Extraktorventilators entfernen auch \u00fcbersch\u00fcssige Feuchtigkeit.<\/p>\n<\/div>\n<p><!----><\/p>\n<div class=\"wordpress-paragraph\" style=\"--25ab227a:left;\" data-v-c0f9f52b=\"\">\n<p>Wenn Sie Ihre Kleidung in einem Tumble -Trockner trocknen, stellen Sie sicher, dass sie nach au\u00dfen bel\u00fcftet werden. Wenn Sie keinen Tumble -Trockner haben, versuchen Sie, Ihre Kleidung so oft wie m\u00f6glich zu trocknen, wie das Trocknen im Inneren die Luftfeuchtigkeit erh\u00f6ht. Wenn Sie nicht vermeiden k\u00f6nnen, nasse Kleidung im Inneren zu trocknen, hilft das \u00d6ffnen von Fenstern.<\/p>\n<\/div>\n<p><!----><\/p>\n<div class=\"wordpress-paragraph\" style=\"--25ab227a:left;\" data-v-c0f9f52b=\"\">\n<p>Alternativ wird auch ein Entfeugerer \u00fcbersch\u00fcssiger Feuchtigkeit aus der Luft entfernt. Entfeuger sind nicht billig zu laufen, aber sie k\u00f6nnen die Kondensation hervorragend reduzieren.<\/p>\n<\/div>\n<p><!----><\/p>\n<div class=\"wordpress-paragraph\" style=\"--25ab227a:left;\" data-v-c0f9f52b=\"\">\n<p>Wenn Ihr Zuhause schlie\u00dflich Luftsteine \u200b\u200bhat, blockieren Sie diese nicht, da diese dazu beitragen, dass die Luftrundung besser zirkuliert, um die Kondensation zu stoppen.<\/p>\n<\/div>\n<p><!----><\/p>\n<h3 class=\"wp-block-heading\">Kondensation im Fenster im Fenster<\/h3>\n<p><!----><\/p>\n<h4 class=\"wp-block-heading\">Was verursacht das?<\/h4>\n<p><!----><\/p>\n<div class=\"wordpress-paragraph\" style=\"--25ab227a:left;\" data-v-c0f9f52b=\"\">\n<p>Obwohl Kondensation im Au\u00dfenbereich nicht oft stattfindet, wenn es passiert, ist es ein gutes Zeichen. Im Wesentlichen bedeutet dies, dass die Fenstereinheit sehr gut funktioniert und thermisch effizient ist.<\/p>\n<\/div>\n<p><!----><\/p>\n<div class=\"wordpress-paragraph\" style=\"--25ab227a:left;\" data-v-c0f9f52b=\"\">\n<p>Au\u00dfenfensterkondensation auf Ihrer Doppelverglasung ist kein Zeichen daf\u00fcr, dass etwas nicht funktioniert!<\/p>\n<\/div>\n<p><!----><\/p>\n<div class=\"wordpress-paragraph\" style=\"--25ab227a:left;\" data-v-c0f9f52b=\"\">\n<p>Der Grund, warum Sie dies sehen, ist, dass die Luft w\u00e4rmer ist als die kalte Oberfl\u00e4che der Fensteroberfl\u00e4che und der Lufttaupunkt h\u00f6her. Sie sehen diese Art von Kondensation eher am fr\u00fchen Morgen oder sp\u00e4ter in der Nacht, wenn die Temperaturen niedrig sind. Es ist auch viel wahrscheinlicher im klaren Himmel und wenn es sehr wenig Wind gibt.<\/p>\n<\/div>\n<p><!----><\/p>\n<h4 class=\"wp-block-heading\">Die L\u00f6sung<\/h4>\n<p><!----><\/p>\n<div class=\"wordpress-paragraph\" style=\"--25ab227a:left;\" data-v-c0f9f52b=\"\">\n<p>Sie brauchen keine L\u00f6sung! Mit dieser Art von Kondensation ist es eine gute Sache: Es bedeutet, dass Ihre Fenster energieeffizient sind und aus Low-e-Glas hergestellt werden.<\/p>\n<\/div>\n<p><!----><\/p>\n<div class=\"wordpress-paragraph\" style=\"--25ab227a:left;\" data-v-c0f9f52b=\"\">\n<p>Das einzige Problem, das es verursacht, ist eine schlechtere Sichtbarkeit, aber dies ist von kurzer Dauer.<\/p>\n<\/div>\n<p><!----><\/p>\n<div class=\"wordpress-paragraph\" style=\"--25ab227a:left;\" data-v-c0f9f52b=\"\">\n<p>Wenn Sie gerne morgens eine klare Aussicht schauen, m\u00f6chten Sie dies m\u00f6glicherweise ausrotten. Normalerweise k\u00f6nnen Sie Str\u00e4ucher und B\u00e4ume verwenden, um das Fenster zu sch\u00fctzen, um die W\u00e4rme beizubehalten. Alternativ sollten Sie mehr Wind flie\u00dfen lassen, um die Kondensation zu reduzieren. Letztendlich ist es jedoch kein Problem, das Sie l\u00f6sen m\u00fcssen!<\/p>\n<\/div>\n<p><!----><\/p>\n<h3 class=\"wp-block-heading\">Kondensation zwischen den beiden Glasscheiben<\/h3>\n<p><!----><\/p>\n<h4 class=\"wp-block-heading\">Was verursacht das?<\/h4>\n<p><!----><\/p>\n<div class=\"wordpress-paragraph\" style=\"--25ab227a:left;\" data-v-c0f9f52b=\"\">\n<p>Es gibt einige Gr\u00fcnde, warum Kondensationsformen in der Mitte Ihrer doppelglasierten Fenstereinheit bilden.<\/p>\n<\/div>\n<p><!----><\/p>\n<div class=\"wordpress-paragraph\" style=\"--25ab227a:left;\" data-v-c0f9f52b=\"\">\n<p>Wie bei vielen Home -Installationen verschlechtert sich Windows im Laufe der Zeit. Wie bald dies geschieht, h\u00e4ngt vollst\u00e4ndig von der Qualit\u00e4t der installierten Fenster ab. Schlie\u00dflich wird die versiegelte Einheit abgebaut und feuchte Luft in die L\u00fccke zwischen den beiden Scheiben.<\/p>\n<\/div>\n<p><!----><\/p>\n<div class=\"wordpress-paragraph\" style=\"--25ab227a:left;\" data-v-c0f9f52b=\"\">\n<p>Bei unter Standard- oder \u00e4lteren Einheiten kann sich das Siegel schlie\u00dflich locker machen. Diese Siegel k\u00f6nnte nur ein Gummistreifen sein. Wenn es sich nicht um ein hochwertiges Siegel handelt, verschlechtert es sich schneller, sodass Wasser und Feuchtigkeit in die Scheiben gelangen k\u00f6nnen.<\/p>\n<\/div>\n<p><!----><\/p>\n<div class=\"wordpress-paragraph\" style=\"--25ab227a:left;\" data-v-c0f9f52b=\"\">\n<p>Wenn Sie sich lange in den Fenstern viel Feuchtigkeit niederlassen lassen, wird der Luftspalt kondensiert &#8211; oft die ganze Zeit. Manchmal sehen Sie auch den UPVC -Riss, sodass Wasser sammeln kann.<\/p>\n<\/div>\n<p><!----><\/p>\n<div class=\"wordpress-paragraph\" style=\"--25ab227a:left;\" data-v-c0f9f52b=\"\">\n<p>Ein weiterer Grund f\u00fcr eine doppelte Verglasungskondensation ist auf einen Fehler im &#8222;Abstandshalter&#8220;. Dieser Abstandshalter befindet sich normalerweise zwischen den Glasscheiben und enth\u00e4lt Trockenmittel. Der Trockenmittel ist sehr absorptiv und wird Feuchtigkeit in der L\u00fccke aufsaugen.<\/p>\n<\/div>\n<p><!----><\/p>\n<div class=\"wordpress-paragraph\" style=\"--25ab227a:left;\" data-v-c0f9f52b=\"\">\n<p>Wenn die Fensterdichtung irgendeine Art von Unvollkommenheit aufweist, wird der Trockenmittel schnell durch Wasser oder feuchte Luft ges\u00e4ttigt. Wenn es vollst\u00e4ndig ges\u00e4ttigt ist, erscheint \u00fcberm\u00e4\u00dfige Feuchtigkeit in der versiegelten Einheit als Kondensation.<\/p>\n<\/div>\n<p><!----><\/p>\n<div class=\"wordpress-paragraph\" style=\"--25ab227a:left;\" data-v-c0f9f52b=\"\">\n<p>Daher k\u00f6nnte das Problem eine Weile dort gewesen sein, wird aber nur sichtbar, wenn der Trockenmittel nicht mehr Feuchtigkeit festhalten kann.<\/p>\n<\/div>\n<p><!----><\/p>\n<h4 class=\"wp-block-heading\">Die L\u00f6sung<\/h4>\n<p><!----><\/p>\n<div class=\"wordpress-paragraph\" style=\"--25ab227a:left;\" data-v-c0f9f52b=\"\">\n<p>Die Kondensation an der Innenseite von doppelt glasierten Fenstern ist sowohl unerw\u00fcnscht als auch nervig. Leider bedeutet dies auch, dass W\u00e4rme auf diese Weise aus Ihrem Zuhause entkommt und Ihre Fenster Ihr Zuhause nicht so effizient wie sie sollten.<\/p>\n<\/div>\n<p><!----><\/p>\n<div class=\"wordpress-paragraph\" style=\"--25ab227a:left;\" data-v-c0f9f52b=\"\">\n<p>Wenn Sie Feuchtigkeit, Wasser oder Kondensation zwischen den Fensterscheiben haben, ist es sehr wahrscheinlich, dass es eine zerbrochene Siegel ist. Dies bedeutet leider, dass die Fenster ihren Job nicht erledigen.<\/p>\n<\/div>\n<p><!----><\/p>\n<div class=\"wordpress-paragraph\" style=\"--25ab227a:left;\" data-v-c0f9f52b=\"\">\n<p>Bei der L\u00f6sung des Problems h\u00e4ngt es von der Ursache des Problems ab. Es gibt zwei Hauptm\u00f6glichkeiten, wie dieses Problem gel\u00f6st werden kann:<\/p>\n<\/div>\n<p><!----><!----><\/p>\n<h2 class=\"wp-block-heading\">Sollten Sie Ihre Fenster reparieren? <\/h2>\n<p><!----><\/p>\n<div class=\"wordpress-paragraph\" style=\"--25ab227a:left;\" data-v-c0f9f52b=\"\">\n<p>Wenn Sie immer noch gute, feste UPVC -Frames haben, k\u00f6nnen Sie m\u00f6glicherweise das Kondensationsproblem beheben, indem Sie die versiegelte Einheit ersetzen. Dies ist offensichtlich eine billigere L\u00f6sung, als ein ganzes Fenster zu ersetzen.<\/p>\n<\/div>\n<p><!----><\/p>\n<div class=\"wordpress-paragraph\" style=\"--25ab227a:left;\" data-v-c0f9f52b=\"\">\n<p>In den meisten F\u00e4llen wird ein Spezialist ein Loch in die Abstandshalter- oder Glaseinheit bohren. Anschlie\u00dfend wird ein Trockenmittel oder ein Trocknungsmittel injiziert oder gepumpt, um die Luft zu entmengen, oder um Kondensation innerhalb der versiegelten Einheit auszuschlie\u00dfen. Manchmal verwendet der Reparaturer ein Anti-Fogging-Mittel, um zu verhindern, dass weitere Feuchtigkeit aufbauen, bevor das Ger\u00e4t erneut versiegelt wird.<\/p>\n<\/div>\n<p><!----><\/p>\n<div class=\"wordpress-paragraph\" style=\"--25ab227a:left;\" data-v-c0f9f52b=\"\">\n<p>Wenn Sie daran denken, ein Fenster zu reparieren, anstatt es zu ersetzen, sollten Sie ber\u00fccksichtigen, dass ein fehlgeschlagenes Siegel das Problem h\u00f6chstwahrscheinlich \u00fcberhaupt verursacht hat. Wenn Sie es wieder verschlie\u00dfen, k\u00f6nnen Sie das Problem l\u00f6sen, aber es dauert m\u00f6glicherweise nicht so lange.<\/p>\n<\/div>\n<p><!----><\/p>\n<h2 class=\"wp-block-heading\">Sollten Sie Ihre Fenster ersetzen?<\/h2>\n<p><!----><\/p>\n<div class=\"wordpress-paragraph\" style=\"--25ab227a:left;\" data-v-c0f9f52b=\"\">\n<p>Das Ersetzen eines Fensters ist nat\u00fcrlich viel teurer als die Reparatur eines versiegelten Ger\u00e4ts. Es handelt sich jedoch um eine garantierte L\u00f6sung und bietet m\u00f6glicherweise l\u00e4ngerfristig einen besseren Wert &#8211; wenn Sie es sich nat\u00fcrlich leisten k\u00f6nnen.<\/p>\n<\/div>\n<p><!----><\/p>\n<div class=\"wordpress-paragraph\" style=\"--25ab227a:left;\" data-v-c0f9f52b=\"\">\n<p>Wenn Kondensation an Fenstern stattfindet und sie noch nicht zehn Jahre alt sind, m\u00f6chten Sie vielleicht sehen, ob sie noch unter einer Garantie stehen. Wenn dies der Fall ist, wenden Sie sich an die Installateure und melden Sie sie. Wenn die Fensterdichtung oder die Fenstereinheit defekt ist, sollten sie eine neue ohne Ladung installieren. Wenn Sie dar\u00fcber nachdenken, manipulieren Sie sie nicht oder versuchen Sie, sie zu reparieren, da Sie die Garantie ung\u00fcltig machen k\u00f6nnten.<\/p>\n<\/div>\n<p><!----><\/p>\n<div class=\"wordpress-paragraph\" style=\"--25ab227a:left;\" data-v-c0f9f52b=\"\">\n<p>Die meisten Fensterfirmen machen Windows zu einem sehr hohen Standard. Neue Fenster haben normalerweise eine zehnj\u00e4hrige Garantie. Einige werden sogar f\u00fcnfzehn oder zwanzig Jahre dauern.<\/p>\n<\/div>\n<p><!----><\/p>\n<div class=\"wordpress-paragraph\" style=\"--25ab227a:left;\" data-v-c0f9f52b=\"\">\n<p>Die meisten jetzt ausgestatteten doppelt glasierten Fenster sind A-bewertet. Diese helfen, Kondensation und W\u00e4rmeverlust aus den H\u00e4usern zu verringern. Sie sind auch in der Lage, von der Sonne erfasste W\u00e4rme einzusperren, wodurch die Energiekosten reduziert werden.<\/p>\n<\/div>\n<p><!----><\/p>\n<h2 class=\"wp-block-heading\">Letzte Gedanken &#8211; Sollten neue Fenster Kondensation im Inneren haben?<\/h2>\n<p><!----><\/p>\n<div class=\"wordpress-paragraph\" style=\"--25ab227a:left;\" data-v-c0f9f52b=\"\">\n<p>Um die Frage zu beantworten, nein, neue Fenster sollten innen nicht wirklich Kondensation haben &#8211; zumindest nicht zwischen den beiden Scheiben. Wenn auf der doppelten Verglasung im inneren Bereich eine Fensterkondensation erscheint, ist dies normal und kann mit einem Extraktorventilator, einem ge\u00f6ffneten Fenster, dem Luftentfeuchter oder einem Rinnselschlitze an T\u00fcren und Fenstern aufgel\u00f6st werden.<\/p>\n<\/div>\n<p><!----><\/p>\n<div class=\"wordpress-paragraph\" style=\"--25ab227a:left;\" data-v-c0f9f52b=\"\">\n<p>Wenn Sie ein ernstes Kondensationsproblem haben, bei dem t\u00e4glich interne Kondensationsprobleme auftreten, k\u00f6nnen Sie ein Vollhausl\u00fcftungssystem in Betracht ziehen, obwohl dies nicht billig ist.<\/p>\n<\/div>\n<p><!--)--><\/div>\n","protected":false},"excerpt":{"rendered":"<p>Fensterkondensation kann erheblich irritierend sein! Wenn Sie in einem Klima mit coolen Wintern und hohen Luftfeuchtigkeitsniveaus leben, ist dies leider ziemlich unvermeidlich. Sobald Sie sich<\/p>\n","protected":false},"author":1,"featured_media":5375,"comment_status":"closed","ping_status":"","sticky":false,"template":"","format":"standard","meta":{"footnotes":""},"categories":[87],"tags":[428,469,3070,3855,108,560],"class_list":["post-5374","post","type-post","status-publish","format-standard","has-post-thumbnail","hentry","category-energie","tag-fenster","tag-haben","tag-inneren","tag-kondensation","tag-neue","tag-sollten","generate-columns","tablet-grid-50","mobile-grid-100","grid-parent","grid-50"],"yoast_head":"<!-- This site is optimized with the Yoast SEO plugin v27.3 - https:\/\/yoast.com\/product\/yoast-seo-wordpress\/ -->\n<title>Sollten neue Fenster im Inneren Kondensation haben? - Nachrichten - Stra\u00dfenweb<\/title>\n<meta name=\"robots\" content=\"index, follow, max-snippet:-1, max-image-preview:large, max-video-preview:-1\" \/>\n<link rel=\"canonical\" href=\"https:\/\/www.strassenweb.de\/nachrichten\/sollten-neue-fenster-im-inneren-kondensation-haben\/\" \/>\n<meta property=\"og:locale\" content=\"de_DE\" \/>\n<meta property=\"og:type\" content=\"article\" \/>\n<meta property=\"og:title\" content=\"Sollten neue Fenster im Inneren Kondensation haben? - Nachrichten - Stra\u00dfenweb\" \/>\n<meta property=\"og:description\" content=\"Fensterkondensation kann erheblich irritierend sein! Wenn Sie in einem Klima mit coolen Wintern und hohen Luftfeuchtigkeitsniveaus leben, ist dies leider ziemlich unvermeidlich. Sobald Sie sich\" \/>\n<meta property=\"og:url\" content=\"https:\/\/www.strassenweb.de\/nachrichten\/sollten-neue-fenster-im-inneren-kondensation-haben\/\" \/>\n<meta property=\"og:site_name\" content=\"Stra\u00dfenweb\" \/>\n<meta property=\"article:publisher\" content=\"https:\/\/www.facebook.com\/strassenweb\/\" \/>\n<meta property=\"article:published_time\" content=\"2025-05-31T01:47:00+00:00\" \/>\n<meta property=\"article:modified_time\" content=\"2025-05-31T01:47:01+00:00\" \/>\n<meta property=\"og:image\" content=\"https:\/\/www.strassenweb.de\/nachrichten\/wp-content\/uploads\/2025\/05\/Sollten-neue-Fenster-im-Inneren-Kondensation-haben.jpg\" \/>\n\t<meta property=\"og:image:width\" content=\"1254\" \/>\n\t<meta property=\"og:image:height\" content=\"836\" \/>\n\t<meta property=\"og:image:type\" content=\"image\/jpeg\" \/>\n<meta name=\"author\" content=\"Robert Hoffmann\" \/>\n<meta name=\"twitter:card\" content=\"summary_large_image\" \/>\n<meta name=\"twitter:label1\" content=\"Verfasst von\" \/>\n\t<meta name=\"twitter:data1\" content=\"Robert Hoffmann\" \/>\n\t<meta name=\"twitter:label2\" content=\"Gesch\u00e4tzte Lesezeit\" \/>\n\t<meta name=\"twitter:data2\" content=\"11\u00a0Minuten\" \/>\n<script type=\"application\/ld+json\" class=\"yoast-schema-graph\">{\"@context\":\"https:\\\/\\\/schema.org\",\"@graph\":[{\"@type\":\"Article\",\"@id\":\"https:\\\/\\\/www.strassenweb.de\\\/nachrichten\\\/sollten-neue-fenster-im-inneren-kondensation-haben\\\/#article\",\"isPartOf\":{\"@id\":\"https:\\\/\\\/www.strassenweb.de\\\/nachrichten\\\/sollten-neue-fenster-im-inneren-kondensation-haben\\\/\"},\"author\":{\"name\":\"Robert Hoffmann\",\"@id\":\"https:\\\/\\\/www.strassenweb.de\\\/nachrichten\\\/#\\\/schema\\\/person\\\/87c9c9067f1211da429a744dc5a5aa41\"},\"headline\":\"Sollten neue Fenster im Inneren Kondensation haben?\",\"datePublished\":\"2025-05-31T01:47:00+00:00\",\"dateModified\":\"2025-05-31T01:47:01+00:00\",\"mainEntityOfPage\":{\"@id\":\"https:\\\/\\\/www.strassenweb.de\\\/nachrichten\\\/sollten-neue-fenster-im-inneren-kondensation-haben\\\/\"},\"wordCount\":2193,\"publisher\":{\"@id\":\"https:\\\/\\\/www.strassenweb.de\\\/nachrichten\\\/#organization\"},\"image\":{\"@id\":\"https:\\\/\\\/www.strassenweb.de\\\/nachrichten\\\/sollten-neue-fenster-im-inneren-kondensation-haben\\\/#primaryimage\"},\"thumbnailUrl\":\"https:\\\/\\\/www.strassenweb.de\\\/nachrichten\\\/wp-content\\\/uploads\\\/2025\\\/05\\\/Sollten-neue-Fenster-im-Inneren-Kondensation-haben.jpg\",\"keywords\":[\"Fenster\",\"haben\",\"Inneren\",\"Kondensation\",\"Neue\",\"sollten\"],\"articleSection\":[\"Energie\"],\"inLanguage\":\"de\"},{\"@type\":\"WebPage\",\"@id\":\"https:\\\/\\\/www.strassenweb.de\\\/nachrichten\\\/sollten-neue-fenster-im-inneren-kondensation-haben\\\/\",\"url\":\"https:\\\/\\\/www.strassenweb.de\\\/nachrichten\\\/sollten-neue-fenster-im-inneren-kondensation-haben\\\/\",\"name\":\"Sollten neue Fenster im Inneren Kondensation haben? - Nachrichten - Stra\u00dfenweb\",\"isPartOf\":{\"@id\":\"https:\\\/\\\/www.strassenweb.de\\\/nachrichten\\\/#website\"},\"primaryImageOfPage\":{\"@id\":\"https:\\\/\\\/www.strassenweb.de\\\/nachrichten\\\/sollten-neue-fenster-im-inneren-kondensation-haben\\\/#primaryimage\"},\"image\":{\"@id\":\"https:\\\/\\\/www.strassenweb.de\\\/nachrichten\\\/sollten-neue-fenster-im-inneren-kondensation-haben\\\/#primaryimage\"},\"thumbnailUrl\":\"https:\\\/\\\/www.strassenweb.de\\\/nachrichten\\\/wp-content\\\/uploads\\\/2025\\\/05\\\/Sollten-neue-Fenster-im-Inneren-Kondensation-haben.jpg\",\"datePublished\":\"2025-05-31T01:47:00+00:00\",\"dateModified\":\"2025-05-31T01:47:01+00:00\",\"breadcrumb\":{\"@id\":\"https:\\\/\\\/www.strassenweb.de\\\/nachrichten\\\/sollten-neue-fenster-im-inneren-kondensation-haben\\\/#breadcrumb\"},\"inLanguage\":\"de\",\"potentialAction\":[{\"@type\":\"ReadAction\",\"target\":[\"https:\\\/\\\/www.strassenweb.de\\\/nachrichten\\\/sollten-neue-fenster-im-inneren-kondensation-haben\\\/\"]}]},{\"@type\":\"ImageObject\",\"inLanguage\":\"de\",\"@id\":\"https:\\\/\\\/www.strassenweb.de\\\/nachrichten\\\/sollten-neue-fenster-im-inneren-kondensation-haben\\\/#primaryimage\",\"url\":\"https:\\\/\\\/www.strassenweb.de\\\/nachrichten\\\/wp-content\\\/uploads\\\/2025\\\/05\\\/Sollten-neue-Fenster-im-Inneren-Kondensation-haben.jpg\",\"contentUrl\":\"https:\\\/\\\/www.strassenweb.de\\\/nachrichten\\\/wp-content\\\/uploads\\\/2025\\\/05\\\/Sollten-neue-Fenster-im-Inneren-Kondensation-haben.jpg\",\"width\":1254,\"height\":836,\"caption\":\"Water condensation on windows\"},{\"@type\":\"BreadcrumbList\",\"@id\":\"https:\\\/\\\/www.strassenweb.de\\\/nachrichten\\\/sollten-neue-fenster-im-inneren-kondensation-haben\\\/#breadcrumb\",\"itemListElement\":[{\"@type\":\"ListItem\",\"position\":1,\"name\":\"Home\",\"item\":\"https:\\\/\\\/www.strassenweb.de\\\/nachrichten\\\/\"},{\"@type\":\"ListItem\",\"position\":2,\"name\":\"Sollten neue Fenster im Inneren Kondensation haben?\"}]},{\"@type\":\"WebSite\",\"@id\":\"https:\\\/\\\/www.strassenweb.de\\\/nachrichten\\\/#website\",\"url\":\"https:\\\/\\\/www.strassenweb.de\\\/nachrichten\\\/\",\"name\":\"Stra\u00dfenweb\",\"description\":\"Stra\u00dfenverzeichnis f\u00fcr Deutschland\",\"publisher\":{\"@id\":\"https:\\\/\\\/www.strassenweb.de\\\/nachrichten\\\/#organization\"},\"potentialAction\":[{\"@type\":\"SearchAction\",\"target\":{\"@type\":\"EntryPoint\",\"urlTemplate\":\"https:\\\/\\\/www.strassenweb.de\\\/nachrichten\\\/?s={search_term_string}\"},\"query-input\":{\"@type\":\"PropertyValueSpecification\",\"valueRequired\":true,\"valueName\":\"search_term_string\"}}],\"inLanguage\":\"de\"},{\"@type\":\"Organization\",\"@id\":\"https:\\\/\\\/www.strassenweb.de\\\/nachrichten\\\/#organization\",\"name\":\"Stra\u00dfenweb\",\"url\":\"https:\\\/\\\/www.strassenweb.de\\\/nachrichten\\\/\",\"logo\":{\"@type\":\"ImageObject\",\"inLanguage\":\"de\",\"@id\":\"https:\\\/\\\/www.strassenweb.de\\\/nachrichten\\\/#\\\/schema\\\/logo\\\/image\\\/\",\"url\":\"https:\\\/\\\/www.strassenweb.de\\\/nachrichten\\\/wp-content\\\/uploads\\\/2024\\\/09\\\/cropped-favicon.png\",\"contentUrl\":\"https:\\\/\\\/www.strassenweb.de\\\/nachrichten\\\/wp-content\\\/uploads\\\/2024\\\/09\\\/cropped-favicon.png\",\"width\":512,\"height\":512,\"caption\":\"Stra\u00dfenweb\"},\"image\":{\"@id\":\"https:\\\/\\\/www.strassenweb.de\\\/nachrichten\\\/#\\\/schema\\\/logo\\\/image\\\/\"},\"sameAs\":[\"https:\\\/\\\/www.facebook.com\\\/strassenweb\\\/\"]},{\"@type\":\"Person\",\"@id\":\"https:\\\/\\\/www.strassenweb.de\\\/nachrichten\\\/#\\\/schema\\\/person\\\/87c9c9067f1211da429a744dc5a5aa41\",\"name\":\"Robert Hoffmann\",\"image\":{\"@type\":\"ImageObject\",\"inLanguage\":\"de\",\"@id\":\"https:\\\/\\\/www.strassenweb.de\\\/nachrichten\\\/wp-content\\\/uploads\\\/2024\\\/09\\\/strassenweb-150x150.jpg\",\"url\":\"https:\\\/\\\/www.strassenweb.de\\\/nachrichten\\\/wp-content\\\/uploads\\\/2024\\\/09\\\/strassenweb-150x150.jpg\",\"contentUrl\":\"https:\\\/\\\/www.strassenweb.de\\\/nachrichten\\\/wp-content\\\/uploads\\\/2024\\\/09\\\/strassenweb-150x150.jpg\",\"caption\":\"Robert Hoffmann\"},\"description\":\"Ich hei\u00dfe Robert Hoffmann und ich bin ein leidenschaftlicher Verfechter von \u00d6kologie und Biodiversit\u00e4t. Seit meiner Kindheit in den W\u00e4ldern Bayerns f\u00fchle ich mich mit der Natur verbunden und bin entschlossen, sie zu sch\u00fctzen. Heute widme ich mein Leben der Sensibilisierung anderer f\u00fcr die Bedeutung des Umweltschutzes f\u00fcr zuk\u00fcnftige Generationen.\",\"sameAs\":[\"https:\\\/\\\/www.strassenweb.de\\\/\"]}]}<\/script>\n<!-- \/ Yoast SEO plugin. -->","yoast_head_json":{"title":"Sollten neue Fenster im Inneren Kondensation haben? - Nachrichten - Stra\u00dfenweb","robots":{"index":"index","follow":"follow","max-snippet":"max-snippet:-1","max-image-preview":"max-image-preview:large","max-video-preview":"max-video-preview:-1"},"canonical":"https:\/\/www.strassenweb.de\/nachrichten\/sollten-neue-fenster-im-inneren-kondensation-haben\/","og_locale":"de_DE","og_type":"article","og_title":"Sollten neue Fenster im Inneren Kondensation haben? - Nachrichten - Stra\u00dfenweb","og_description":"Fensterkondensation kann erheblich irritierend sein! Wenn Sie in einem Klima mit coolen Wintern und hohen Luftfeuchtigkeitsniveaus leben, ist dies leider ziemlich unvermeidlich. Sobald Sie sich","og_url":"https:\/\/www.strassenweb.de\/nachrichten\/sollten-neue-fenster-im-inneren-kondensation-haben\/","og_site_name":"Stra\u00dfenweb","article_publisher":"https:\/\/www.facebook.com\/strassenweb\/","article_published_time":"2025-05-31T01:47:00+00:00","article_modified_time":"2025-05-31T01:47:01+00:00","og_image":[{"width":1254,"height":836,"url":"https:\/\/www.strassenweb.de\/nachrichten\/wp-content\/uploads\/2025\/05\/Sollten-neue-Fenster-im-Inneren-Kondensation-haben.jpg","type":"image\/jpeg"}],"author":"Robert Hoffmann","twitter_card":"summary_large_image","twitter_misc":{"Verfasst von":"Robert Hoffmann","Gesch\u00e4tzte Lesezeit":"11\u00a0Minuten"},"schema":{"@context":"https:\/\/schema.org","@graph":[{"@type":"Article","@id":"https:\/\/www.strassenweb.de\/nachrichten\/sollten-neue-fenster-im-inneren-kondensation-haben\/#article","isPartOf":{"@id":"https:\/\/www.strassenweb.de\/nachrichten\/sollten-neue-fenster-im-inneren-kondensation-haben\/"},"author":{"name":"Robert Hoffmann","@id":"https:\/\/www.strassenweb.de\/nachrichten\/#\/schema\/person\/87c9c9067f1211da429a744dc5a5aa41"},"headline":"Sollten neue Fenster im Inneren Kondensation haben?","datePublished":"2025-05-31T01:47:00+00:00","dateModified":"2025-05-31T01:47:01+00:00","mainEntityOfPage":{"@id":"https:\/\/www.strassenweb.de\/nachrichten\/sollten-neue-fenster-im-inneren-kondensation-haben\/"},"wordCount":2193,"publisher":{"@id":"https:\/\/www.strassenweb.de\/nachrichten\/#organization"},"image":{"@id":"https:\/\/www.strassenweb.de\/nachrichten\/sollten-neue-fenster-im-inneren-kondensation-haben\/#primaryimage"},"thumbnailUrl":"https:\/\/www.strassenweb.de\/nachrichten\/wp-content\/uploads\/2025\/05\/Sollten-neue-Fenster-im-Inneren-Kondensation-haben.jpg","keywords":["Fenster","haben","Inneren","Kondensation","Neue","sollten"],"articleSection":["Energie"],"inLanguage":"de"},{"@type":"WebPage","@id":"https:\/\/www.strassenweb.de\/nachrichten\/sollten-neue-fenster-im-inneren-kondensation-haben\/","url":"https:\/\/www.strassenweb.de\/nachrichten\/sollten-neue-fenster-im-inneren-kondensation-haben\/","name":"Sollten neue Fenster im Inneren Kondensation haben? - Nachrichten - Stra\u00dfenweb","isPartOf":{"@id":"https:\/\/www.strassenweb.de\/nachrichten\/#website"},"primaryImageOfPage":{"@id":"https:\/\/www.strassenweb.de\/nachrichten\/sollten-neue-fenster-im-inneren-kondensation-haben\/#primaryimage"},"image":{"@id":"https:\/\/www.strassenweb.de\/nachrichten\/sollten-neue-fenster-im-inneren-kondensation-haben\/#primaryimage"},"thumbnailUrl":"https:\/\/www.strassenweb.de\/nachrichten\/wp-content\/uploads\/2025\/05\/Sollten-neue-Fenster-im-Inneren-Kondensation-haben.jpg","datePublished":"2025-05-31T01:47:00+00:00","dateModified":"2025-05-31T01:47:01+00:00","breadcrumb":{"@id":"https:\/\/www.strassenweb.de\/nachrichten\/sollten-neue-fenster-im-inneren-kondensation-haben\/#breadcrumb"},"inLanguage":"de","potentialAction":[{"@type":"ReadAction","target":["https:\/\/www.strassenweb.de\/nachrichten\/sollten-neue-fenster-im-inneren-kondensation-haben\/"]}]},{"@type":"ImageObject","inLanguage":"de","@id":"https:\/\/www.strassenweb.de\/nachrichten\/sollten-neue-fenster-im-inneren-kondensation-haben\/#primaryimage","url":"https:\/\/www.strassenweb.de\/nachrichten\/wp-content\/uploads\/2025\/05\/Sollten-neue-Fenster-im-Inneren-Kondensation-haben.jpg","contentUrl":"https:\/\/www.strassenweb.de\/nachrichten\/wp-content\/uploads\/2025\/05\/Sollten-neue-Fenster-im-Inneren-Kondensation-haben.jpg","width":1254,"height":836,"caption":"Water condensation on windows"},{"@type":"BreadcrumbList","@id":"https:\/\/www.strassenweb.de\/nachrichten\/sollten-neue-fenster-im-inneren-kondensation-haben\/#breadcrumb","itemListElement":[{"@type":"ListItem","position":1,"name":"Home","item":"https:\/\/www.strassenweb.de\/nachrichten\/"},{"@type":"ListItem","position":2,"name":"Sollten neue Fenster im Inneren Kondensation haben?"}]},{"@type":"WebSite","@id":"https:\/\/www.strassenweb.de\/nachrichten\/#website","url":"https:\/\/www.strassenweb.de\/nachrichten\/","name":"Stra\u00dfenweb","description":"Stra\u00dfenverzeichnis f\u00fcr Deutschland","publisher":{"@id":"https:\/\/www.strassenweb.de\/nachrichten\/#organization"},"potentialAction":[{"@type":"SearchAction","target":{"@type":"EntryPoint","urlTemplate":"https:\/\/www.strassenweb.de\/nachrichten\/?s={search_term_string}"},"query-input":{"@type":"PropertyValueSpecification","valueRequired":true,"valueName":"search_term_string"}}],"inLanguage":"de"},{"@type":"Organization","@id":"https:\/\/www.strassenweb.de\/nachrichten\/#organization","name":"Stra\u00dfenweb","url":"https:\/\/www.strassenweb.de\/nachrichten\/","logo":{"@type":"ImageObject","inLanguage":"de","@id":"https:\/\/www.strassenweb.de\/nachrichten\/#\/schema\/logo\/image\/","url":"https:\/\/www.strassenweb.de\/nachrichten\/wp-content\/uploads\/2024\/09\/cropped-favicon.png","contentUrl":"https:\/\/www.strassenweb.de\/nachrichten\/wp-content\/uploads\/2024\/09\/cropped-favicon.png","width":512,"height":512,"caption":"Stra\u00dfenweb"},"image":{"@id":"https:\/\/www.strassenweb.de\/nachrichten\/#\/schema\/logo\/image\/"},"sameAs":["https:\/\/www.facebook.com\/strassenweb\/"]},{"@type":"Person","@id":"https:\/\/www.strassenweb.de\/nachrichten\/#\/schema\/person\/87c9c9067f1211da429a744dc5a5aa41","name":"Robert Hoffmann","image":{"@type":"ImageObject","inLanguage":"de","@id":"https:\/\/www.strassenweb.de\/nachrichten\/wp-content\/uploads\/2024\/09\/strassenweb-150x150.jpg","url":"https:\/\/www.strassenweb.de\/nachrichten\/wp-content\/uploads\/2024\/09\/strassenweb-150x150.jpg","contentUrl":"https:\/\/www.strassenweb.de\/nachrichten\/wp-content\/uploads\/2024\/09\/strassenweb-150x150.jpg","caption":"Robert Hoffmann"},"description":"Ich hei\u00dfe Robert Hoffmann und ich bin ein leidenschaftlicher Verfechter von \u00d6kologie und Biodiversit\u00e4t. Seit meiner Kindheit in den W\u00e4ldern Bayerns f\u00fchle ich mich mit der Natur verbunden und bin entschlossen, sie zu sch\u00fctzen. Heute widme ich mein Leben der Sensibilisierung anderer f\u00fcr die Bedeutung des Umweltschutzes f\u00fcr zuk\u00fcnftige Generationen.","sameAs":["https:\/\/www.strassenweb.de\/"]}]}},"_links":{"self":[{"href":"https:\/\/www.strassenweb.de\/nachrichten\/wp-json\/wp\/v2\/posts\/5374","targetHints":{"allow":["GET"]}}],"collection":[{"href":"https:\/\/www.strassenweb.de\/nachrichten\/wp-json\/wp\/v2\/posts"}],"about":[{"href":"https:\/\/www.strassenweb.de\/nachrichten\/wp-json\/wp\/v2\/types\/post"}],"author":[{"embeddable":true,"href":"https:\/\/www.strassenweb.de\/nachrichten\/wp-json\/wp\/v2\/users\/1"}],"replies":[{"embeddable":true,"href":"https:\/\/www.strassenweb.de\/nachrichten\/wp-json\/wp\/v2\/comments?post=5374"}],"version-history":[{"count":0,"href":"https:\/\/www.strassenweb.de\/nachrichten\/wp-json\/wp\/v2\/posts\/5374\/revisions"}],"wp:featuredmedia":[{"embeddable":true,"href":"https:\/\/www.strassenweb.de\/nachrichten\/wp-json\/wp\/v2\/media\/5375"}],"wp:attachment":[{"href":"https:\/\/www.strassenweb.de\/nachrichten\/wp-json\/wp\/v2\/media?parent=5374"}],"wp:term":[{"taxonomy":"category","embeddable":true,"href":"https:\/\/www.strassenweb.de\/nachrichten\/wp-json\/wp\/v2\/categories?post=5374"},{"taxonomy":"post_tag","embeddable":true,"href":"https:\/\/www.strassenweb.de\/nachrichten\/wp-json\/wp\/v2\/tags?post=5374"}],"curies":[{"name":"wp","href":"https:\/\/api.w.org\/{rel}","templated":true}]}}