{"id":5335,"date":"2025-05-29T09:40:41","date_gmt":"2025-05-29T07:40:41","guid":{"rendered":"https:\/\/www.strassenweb.de\/nachrichten\/beste-duftende-privatsphaereanlagen-5-duftstau-jahre-und-straeucher-um-ihren-garten-in-ein-parfuemiertes-heiligtum-zu-verwandeln\/"},"modified":"2025-05-29T09:40:42","modified_gmt":"2025-05-29T07:40:42","slug":"beste-duftende-privatsphaereanlagen-5-duftstau-jahre-und-straeucher-um-ihren-garten-in-ein-parfuemiertes-heiligtum-zu-verwandeln","status":"publish","type":"post","link":"https:\/\/www.strassenweb.de\/nachrichten\/beste-duftende-privatsphaereanlagen-5-duftstau-jahre-und-straeucher-um-ihren-garten-in-ein-parfuemiertes-heiligtum-zu-verwandeln\/","title":{"rendered":"Beste duftende Privatsph\u00e4reanlagen &#8211; 5 Duftstau Jahre und Str\u00e4ucher, um Ihren Garten in ein parf\u00fcmiertes Heiligtum zu verwandeln"},"content":{"rendered":"<p><\/p>\n<div id=\"article-body\" class=\"article__body \">\n<p>Ich bin immer von der Idee angezogen, Schutzgebiete in G\u00e4rten zu schaffen. Abgeschiedene R\u00fcckzugsm\u00f6glichkeiten, bei denen Sie f\u00fcnf Minuten mit einem Buch und einem Kaffee entkommen k\u00f6nnen. Privatsph\u00e4re ist in G\u00e4rten wichtig, egal ob Sie eine weitl\u00e4ufige Handlung oder einen winzigen Balkon haben. Und die guten Nachrichten? Datenschutzbildschirme und Grenzen m\u00fcssen nicht langweilig oder langweilig sein.<\/p>\n<div id=\"ad-unit-1\" class=\"ad-unit\"><\/div>\n<p>So oft werfen die Leute einen Zaun oder eine Reihe immergr\u00fcner Str\u00e4ucher hoch, ticken das Datenschutzfeld und fahren weiter. Dies sind jedoch nicht die einzigen Optionen. Hier besteht die M\u00f6glichkeit, einige der besten duftenden Datenschutzanlagen einzubeziehen, die nicht nur Abgeschiedenheit enthalten, sondern auch eine sensorische Dimension hinzuf\u00fcgen.<\/p>\n<p>Ich habe in gro\u00dfen und kleinen G\u00e4rten gearbeitet, und ich kann Ihnen versprechen, dass das Pflanzen f\u00fcr Privatsph\u00e4re nicht bedeutet, Sch\u00f6nheit zu opfern. Hier sind f\u00fcnf meiner Lieblings -Screening- und duftenden Heckwerke, um Ihren Au\u00dfenbereich in diesem Jahr zu ver\u00e4ndern.<\/p>\n<div id=\"desktop-in-article\" class=\"in-article ad-unit\">\n<div id=\"desktop-taboola-mid-article\"><\/div>\n<\/div>\n<div id=\"mobile-in-article\" class=\"in-article ad-unit\">\n<div id=\"mobile-taboola-mid-article\"><\/div>\n<\/div>\n<div class=\"van_vid_carousel\">\n<div class=\"van_vid_carousel__padding\">\n<div class=\"van_vid_carousel__container\"><\/div>\n<\/div>\n<\/div>\n<aside data-component-name=\"Recirculation:ArticleRiver\" data-nosnippet>\n<span class=\"bg-secondary-500 text-white text-lg font-bold uppercase py-1 px-2 leading-(1.625rem) sm:leading-(6px) sm:text-sm\"><\/p>\n<p>Sie m\u00f6gen m\u00f6gen<br \/>\n<\/span><\/p>\n<ul class=\"flex flex-col my-2 list-outside ms-5 bg-none\" data-analytics-id=\"more-about-inline\">\n<li class=\"m-0 mb-2\" name=\"more-about-inline\" data-analytics-id=\"more-about-inline-0\">\n<p>Beste duftende Str\u00e4ucher &#8211; 5 parf\u00fcmierte Pflanzen, um Gartenr\u00e4nder und Topf -Displays in diesem Sommer zu verwandeln<\/p>\n<\/li>\n<li class=\"m-0 mb-2\" name=\"more-about-inline\" data-analytics-id=\"more-about-inline-1\">\n<p>Beste duftende Fr\u00fchlingsbl\u00fcten-Stauden-5 charmante Auswahlm\u00f6glichkeiten, um in dieser Saison einen entz\u00fcckenden Duft in Ihren Garten zu verleihen<\/p>\n<\/li>\n<li class=\"m-0 mb-2\" name=\"more-about-inline\" data-analytics-id=\"more-about-inline-2\">\n<p>Duftende Pflanzen k\u00f6nnen Ihren Blutdruck senken, Stress verringern und die Konzentration verbessern, sagt ein Gartenbautherapeut &#8211; entdecken Sie, wie man die Geruchswissenschaft in Ihrem Garten nutzt<\/p>\n<\/li>\n<\/ul>\n<\/aside>\n<figure class=\"van-image-figure inline-layout \" data-bordeaux-image-check>\n<div class=\"image-full-width-wrapper\">\n<div class=\"image-widthsetter\" style=\"max-width:2400px;\"><\/div>\n<\/div>\n<\/figure>\n<h2 id=\"5-best-fragrant-privacy-plants-3\">5 beste duftende Datenschutzanlagen<\/h2>\n<aside data-block-type=\"embed\" data-render-type=\"fte\" data-skip=\"dealsy\" data-widget-type=\"seasonal\" class=\"hawk-base\"><\/aside>\n<p>Unabh\u00e4ngig davon, wo Sie wohnen und Ihre US -amerikanische Hardinit\u00e4tszone, gibt es viele duftende Datenschutzanlagen zur Auswahl. Egal, ob Sie nach duftenden bl\u00fchenden Hecken oder parf\u00fcmierten Stauden suchen, es gibt viele Optionen, die bei den Privatsph\u00e4re f\u00fcr die Privatsph\u00e4re von Garten helfen k\u00f6nnen.<\/p>\n<div id=\"ad-unit-2\" class=\"ad-unit\"><\/div>\n<p>W\u00e4hlen Sie nur Arten aus, die in Bezug auf Boden, Licht und Klima gut f\u00fcr Ihren Garten funktionieren.<\/p>\n<h3 class=\"article-body__section\" id=\"section-1-buttonbush\"><span>1. ButtonBush<\/span><\/h3>\n<figure class=\"van-image-figure inline-layout \" data-bordeaux-image-check>\n<div class=\"image-full-width-wrapper\">\n<div class=\"image-widthsetter\" style=\"max-width:2000px;\"><\/div>\n<\/div>\n<\/figure>\n<p>Buttonbush, <em>Cephalanthus occidentalis<\/em>ist eine ungew\u00f6hnliche und nicht genutzte einheimische Pflanze. Diese Pflanze in Nordamerika heimisch und in den US-amerikanischen H\u00e4rtezonen 5 bis 9 bl\u00fcht, ist bekannt f\u00fcr ihre kugelf\u00f6rmigen, wei\u00dfen, pom-pom-\u00e4hnlichen Bl\u00fcten, die sanft s\u00fc\u00df riechen und Bienen, Schmetterlinge und sogar Kolibris anziehen.<\/p>\n<p>&#8222;Buttonbush ist eine der besten duftenden Datenschutzanlagen, die in herausfordernden Bereichen des Hofes gedeiht&#8220;, sagt Tabar Gifford, Pflanzenexperte und amerikanischer Meadows Master Gardener.<\/p>\n<p>&#8222;Es kann bis zu 10 Fu\u00df gro\u00df und breit werden, kann aber beschnitten werden, um es auf einer \u00fcberschaubaren Gr\u00f6\u00dfe zu halten&#8220;, sagt Tabar.<\/p>\n<p>&#8218;Es ist wirklich anpassungsf\u00e4hig und kann in teilweise schattierten Bedingungen in feuchter bis nassem Boden gedeihen. Pflanzen Sie zwei oder drei zusammen, um eine ordentliche, dichte, parf\u00fcmierte Privatsph\u00e4re zu bilden. &#8218;<\/p>\n<p>Live -Buttonbush -Str\u00e4ucher sind bei Amazon erh\u00e4ltlich.<\/p>\n<h3 class=\"article-body__section\" id=\"section-2-osmanthus\"><span>2. Osmanthus<\/span><\/h3>\n<figure class=\"van-image-figure inline-layout \" data-bordeaux-image-check>\n<div class=\"image-full-width-wrapper\">\n<div class=\"image-widthsetter\" style=\"max-width:2400px;\"><\/div>\n<\/div>\n<\/figure>\n<p>Ich habe Osmanthus in einer Handvoll G\u00e4rten gewachsen, in denen ich als professioneller G\u00e4rtner gearbeitet habe.<\/p>\n<p>In der Toskana zum Beispiel sind wir gewachsen <em>Osmanthus \u00d7 Burkwoodii<\/em> in kompakten, multis-stamme Form. Mit immergr\u00fcnen Bl\u00e4ttern und duftenden wei\u00dfen Bl\u00fcten mit Jasmin-duftenden Bl\u00fcten kann ich diese Art nicht genug empfehlen.<\/p>\n<p>W\u00e4hrend es von Arten zu Arten variieren wird, wachsen die meisten Osmanthus am besten von der US -amerikanischen H\u00e4rte Zone 7 bis Zone 10, wobei der Teil des Teilschattens in w\u00e4rmeren Situationen oder in k\u00fchleren Klimazonen eine volle Sonne bevorzugt.<\/p>\n<p>Osmanthus wird am besten als kleiner immergr\u00fcner Strauch oder Baum angesehen, aber Sie k\u00f6nnen zwei oder drei eng zusammen anbauen, um eine ordentliche Hecke oder einen ordentlichen Bildschirm zu bilden, der wunderbar im Sommer riecht.<\/p>\n<p>F\u00fcr eine ungew\u00f6hnliche orangebl\u00fctige Sorte, die im obigen Bild zu sehen ist, versuchen Sie, den s\u00fc\u00dfen Osmanthus zu erweitern, oder <em>Osmanthus duftrans<\/em>mit Live -Starterpflanzen, die bei Walmart bestellt werden k\u00f6nnen. <\/p>\n<h3 class=\"article-body__section\" id=\"section-3-lilac\"><span>3. Lilac<\/span><\/h3>\n<figure class=\"van-image-figure inline-layout \" data-bordeaux-image-check>\n<div class=\"image-full-width-wrapper\">\n<div class=\"image-widthsetter\" style=\"max-width:2400px;\"><\/div>\n<\/div>\n<\/figure>\n<p>In Bezug auf das Anbau von lila konnten diese Duftstr\u00e4ucher nicht einfacher sein. Wenn Sie nach wartungsarmen Str\u00e4uchern suchen, denke ich nicht, dass Sie viel besser finden werden als Lilacs.<\/p>\n<p>Sie eignen sich perfekt f\u00fcr k\u00fchlere, n\u00f6rdliche Yards, wie die Gartenarbeit in Illinois, New York oder Washington, und k\u00f6nnen in sonnigen Stellen auf Zone 3 erwachsen werden.<\/p>\n<p>Nach meiner Erfahrung sind sie nicht pingelig, wenn es um Erde geht, solange sie nicht auf Wasserloggen sitzen.<\/p>\n<p>Sie k\u00f6nnen sie in Grenzen wachsen lassen, drei Fu\u00df voneinander entfernt von einem Datenschutzbildschirm ausreichen oder warum man nicht lernen, wie man in T\u00f6pfen lila w\u00e4chst, wenn Sie eine Terrasse oder einen Balkon haben, der \u00fcbersehen wird?<\/p>\n<p>Sie finden lebende lila Pflanzen, einschlie\u00dflich des leicht zu erbauten gemeinsamen Lilac. <em>Syringa vulgaris<\/em>zur Bestellung von Nature Hills verf\u00fcgbar.<\/p>\n<h3 class=\"article-body__section\" id=\"section-4-verbena\"><span>4. Verbena<\/span><\/h3>\n<figure class=\"van-image-figure inline-layout \" data-bordeaux-image-check>\n<div class=\"image-full-width-wrapper\">\n<div class=\"image-widthsetter\" style=\"max-width:2400px;\"><\/div>\n<\/div>\n<\/figure>\n<p>Verbenas sind zwar keine traditionellen Absicherungsanlagen, aber hohe mehrj\u00e4hrige Bl\u00fcten, die dazu beitragen k\u00f6nnen, Terrassen oder Sitzbereiche in sonnigen Metern zu sch\u00fctzen.<\/p>\n<p>Nach meiner Erfahrung geh\u00f6ren Verbenas einige der am l\u00e4ngsten bl\u00fchenden Pflanzen und bl\u00fchen einen Gro\u00dfteil des Sommers bis zum Herbst bis zum ersten Frost.<\/p>\n<p>Eine Art, die ich bei vielen Gelegenheiten gewachsen bin, ist <em>Verbena bonariensis,<\/em> Beliebt f\u00fcr seine best\u00e4u\u00dferungsfreundlichen Blumen, die \u00fcber sechs Fu\u00df wachsen k\u00f6nnen.<\/p>\n<p>&#8222;Verbenas sind praktische Stauden, wo immer sie angebaut werden&#8220;, sagt Ali McEnhill, Pflanzenexperte und Eigent\u00fcmer des Old Dairy Nursery im Hudson Valley.<\/p>\n<p>&#8218;F\u00fcr eine native Option versuchen Sie zu wachsen <em>Verbena Hastata<\/em>sonst als blaues Vervain genannt, f\u00e4hrt Ali fort.<\/p>\n<p>&#8222;Diese Art wird in k\u00e4lteren Regionen bis in Zone 5 ein schwankendes Wetter tolerieren und k\u00f6nnen im Sommer Terrassen, Terrassen und Sitzbereiche untersuchen.&#8220;<\/p>\n<p>Live -Verbena -Starterpflanzen, einschlie\u00dflich des Eingeborenen <em>Verbena Hastata<\/em>kann \u00fcber Walmart bestellt werden. <\/p>\n<h3 class=\"article-body__section\" id=\"section-5-summersweet\"><span>5. SummerSweet<\/span><\/h3>\n<figure class=\"van-image-figure inline-layout \" data-bordeaux-image-check>\n<div class=\"image-full-width-wrapper\">\n<div class=\"image-widthsetter\" style=\"max-width:2000px;\"><\/div>\n<\/div>\n<\/figure>\n<p>SummerSweet, oder <em>Clethra Alnifolia, <\/em>ist ein weiterer duftender Strauch, der von Vernachl\u00e4ssigung gedeiht.<\/p>\n<p>Diese einfach zu erbautes Arten ist ideal f\u00fcr die Bildung eines Datenschutzbildschirms von vier bis sechs Fu\u00df. Wenn Sie also dieses Jahr mit Hecken mit Hecken landeten, sollten Sie diesen Strauch nicht \u00fcber den Tellerrand hinaus denken und stattdessen versuchen.<\/p>\n<p>&#8222;In den USA heimisch ist SummerSweet ein harter Strauch&#8220;, f\u00e4hrt Tabar fort. \u201eSie sind winterhart auf Zone 3 und tolerieren gefrorene Winter, nur um Massen von duftenden wei\u00dfen Bl\u00fcten im Fr\u00fchjahr zu produzieren.<\/p>\n<p>&#8222;Sie k\u00f6nnen energisch sein&#8220;, sagt Tabar, &#8222;produzieren sie im Fr\u00fchling und Sommer Dreh- und Sauger -Sauger, aber ich finde, diese k\u00f6nnen leicht zugeschnitten werden, um eine dichte Privatsph\u00e4re zu erhalten.&#8220;<\/p>\n<p>Live SummerSweet -Anlagen sind bei Amazon erh\u00e4ltlich.<\/p>\n<h3 class=\"article-body__section\" id=\"section-faqs\"><span>FAQs<\/span><\/h3>\n<h2 id=\"what-is-a-good-fragrant-evergreen-to-plant-for-privacy-3\">Was ist ein guter, duftender Evergreen f\u00fcr die Privatsph\u00e4re?<\/h2>\n<p>Versuchen Sie f\u00fcr eine der besten immergr\u00fcnen Str\u00e4ucher, Pflanzen <em>Pittosporum Tenuifolium. <\/em>Ich habe diesen immergr\u00fcnen immer wieder verwendet, und es hat nicht nur ein attraktives Laub f\u00fcr das ganzj\u00e4hrige Interesse und das ganzj\u00e4hrige Screening, sondern im Fr\u00fchjahr werden auch duftende, winzige Blumen produziert. Dieser Strauch ist winterhart auf Zone 8 und kann in Sonne oder Schatten angebaut werden. Sie k\u00f6nnen auch in T\u00f6pfen angebaut werden, wenn Sie in einer Mieteinheit wohnen oder einen Balkon haben.<\/p>\n<p>Pittosporum -Str\u00e4ucher k\u00f6nnen bei Amazon online gekauft werden.<\/p>\n<hr>\n<p>Das Pflanzen von Str\u00e4uchern und Stauden in dichten Gruppen ist nicht nur gut, um ein Gef\u00fchl der Privatsph\u00e4re und Abgeschiedenheit in den Hinterh\u00f6fen zu schaffen, sondern kann auch dazu beitragen, laute Ger\u00e4usche und Ger\u00e4usche auszublenden.<\/p>\n<p>Wenn Sie also in einem hochverfuhrtraffischen Viertel leben, sollten Sie sich in diesem Jahr mit dichtem Eibenschu\u00df mit duftenden Laubstr\u00e4uchern wie Lila oder Mock Orange durchsetzt.<\/p>\n<p>Weitere Informationen finden Sie in unserem Leitfaden, wie Sie einen Garten klingen.<\/p>\n<h2 id=\"shop-garden-accessories-3\">Kaufen Sie Gartenzubeh\u00f6r<\/h2>\n<div class=\"product-container hero-product-container product-block-no-wrap\">\n<div class=\"product-block-row\"><\/div>\n<div class=\"product-block-row\"><\/div>\n<div class=\"product-block-row\"><\/div>\n<\/div>\n<div class=\"block\" id=\"articleTag\" data-component-name=\"PostArticleLinks\">\n<div class=\"border-b border-b-black border-solid py-2.5 text-black font-bold uppercase\">Themen<\/div>\n<nav class=\"py-2.5 flex gap-2.5 flex-wrap\" data-analytics-id=\"article-tag\">\n<p>Stauden<br \/>\n<\/nav>\n<\/div>\n<\/div>\n","protected":false},"excerpt":{"rendered":"<p>Ich bin immer von der Idee angezogen, Schutzgebiete in G\u00e4rten zu schaffen. Abgeschiedene R\u00fcckzugsm\u00f6glichkeiten, bei denen Sie f\u00fcnf Minuten mit einem Buch und einem Kaffee<\/p>\n","protected":false},"author":1,"featured_media":5336,"comment_status":"closed","ping_status":"","sticky":false,"template":"","format":"standard","meta":{"footnotes":""},"categories":[118],"tags":[201,2728,7655,43,320,5588,325,831,1643,7654,1008,37,1140],"class_list":["post-5335","post","type-post","status-publish","format-standard","has-post-thumbnail","hentry","category-haus-garten","tag-beste","tag-duftende","tag-duftstau","tag-ein","tag-garten","tag-heiligtum","tag-ihren","tag-jahre","tag-parfuemiertes","tag-privatsphaereanlagen","tag-straeucher","tag-und","tag-verwandeln","generate-columns","tablet-grid-50","mobile-grid-100","grid-parent","grid-50"],"yoast_head":"<!-- This site is optimized with the Yoast SEO plugin v27.3 - https:\/\/yoast.com\/product\/yoast-seo-wordpress\/ -->\n<title>Beste duftende Privatsph\u00e4reanlagen - 5 Duftstau Jahre und Str\u00e4ucher, um Ihren Garten in ein parf\u00fcmiertes Heiligtum zu verwandeln - Nachrichten - Stra\u00dfenweb<\/title>\n<meta name=\"robots\" content=\"index, follow, max-snippet:-1, max-image-preview:large, max-video-preview:-1\" \/>\n<link rel=\"canonical\" href=\"https:\/\/www.strassenweb.de\/nachrichten\/beste-duftende-privatsphaereanlagen-5-duftstau-jahre-und-straeucher-um-ihren-garten-in-ein-parfuemiertes-heiligtum-zu-verwandeln\/\" \/>\n<meta property=\"og:locale\" content=\"de_DE\" \/>\n<meta property=\"og:type\" content=\"article\" \/>\n<meta property=\"og:title\" content=\"Beste duftende Privatsph\u00e4reanlagen - 5 Duftstau Jahre und Str\u00e4ucher, um Ihren Garten in ein parf\u00fcmiertes Heiligtum zu verwandeln - Nachrichten - Stra\u00dfenweb\" \/>\n<meta property=\"og:description\" content=\"Ich bin immer von der Idee angezogen, Schutzgebiete in G\u00e4rten zu schaffen. Abgeschiedene R\u00fcckzugsm\u00f6glichkeiten, bei denen Sie f\u00fcnf Minuten mit einem Buch und einem Kaffee\" \/>\n<meta property=\"og:url\" content=\"https:\/\/www.strassenweb.de\/nachrichten\/beste-duftende-privatsphaereanlagen-5-duftstau-jahre-und-straeucher-um-ihren-garten-in-ein-parfuemiertes-heiligtum-zu-verwandeln\/\" \/>\n<meta property=\"og:site_name\" content=\"Stra\u00dfenweb\" \/>\n<meta property=\"article:publisher\" content=\"https:\/\/www.facebook.com\/strassenweb\/\" \/>\n<meta property=\"article:published_time\" content=\"2025-05-29T07:40:41+00:00\" \/>\n<meta property=\"article:modified_time\" content=\"2025-05-29T07:40:42+00:00\" \/>\n<meta property=\"og:image\" content=\"https:\/\/www.strassenweb.de\/nachrichten\/wp-content\/uploads\/2025\/05\/zEEmtokUVnEn8nwd5qtKd7.jpg\" \/>\n\t<meta property=\"og:image:width\" content=\"1600\" \/>\n\t<meta property=\"og:image:height\" content=\"900\" \/>\n\t<meta property=\"og:image:type\" content=\"image\/jpeg\" \/>\n<meta name=\"author\" content=\"Robert Hoffmann\" \/>\n<meta name=\"twitter:card\" content=\"summary_large_image\" \/>\n<meta name=\"twitter:label1\" content=\"Verfasst von\" \/>\n\t<meta name=\"twitter:data1\" content=\"Robert Hoffmann\" \/>\n\t<meta name=\"twitter:label2\" content=\"Gesch\u00e4tzte Lesezeit\" \/>\n\t<meta name=\"twitter:data2\" content=\"6\u00a0Minuten\" \/>\n<script type=\"application\/ld+json\" class=\"yoast-schema-graph\">{\"@context\":\"https:\\\/\\\/schema.org\",\"@graph\":[{\"@type\":\"Article\",\"@id\":\"https:\\\/\\\/www.strassenweb.de\\\/nachrichten\\\/beste-duftende-privatsphaereanlagen-5-duftstau-jahre-und-straeucher-um-ihren-garten-in-ein-parfuemiertes-heiligtum-zu-verwandeln\\\/#article\",\"isPartOf\":{\"@id\":\"https:\\\/\\\/www.strassenweb.de\\\/nachrichten\\\/beste-duftende-privatsphaereanlagen-5-duftstau-jahre-und-straeucher-um-ihren-garten-in-ein-parfuemiertes-heiligtum-zu-verwandeln\\\/\"},\"author\":{\"name\":\"Robert Hoffmann\",\"@id\":\"https:\\\/\\\/www.strassenweb.de\\\/nachrichten\\\/#\\\/schema\\\/person\\\/87c9c9067f1211da429a744dc5a5aa41\"},\"headline\":\"Beste duftende Privatsph\u00e4reanlagen &#8211; 5 Duftstau Jahre und Str\u00e4ucher, um Ihren Garten in ein parf\u00fcmiertes Heiligtum zu verwandeln\",\"datePublished\":\"2025-05-29T07:40:41+00:00\",\"dateModified\":\"2025-05-29T07:40:42+00:00\",\"mainEntityOfPage\":{\"@id\":\"https:\\\/\\\/www.strassenweb.de\\\/nachrichten\\\/beste-duftende-privatsphaereanlagen-5-duftstau-jahre-und-straeucher-um-ihren-garten-in-ein-parfuemiertes-heiligtum-zu-verwandeln\\\/\"},\"wordCount\":1268,\"publisher\":{\"@id\":\"https:\\\/\\\/www.strassenweb.de\\\/nachrichten\\\/#organization\"},\"image\":{\"@id\":\"https:\\\/\\\/www.strassenweb.de\\\/nachrichten\\\/beste-duftende-privatsphaereanlagen-5-duftstau-jahre-und-straeucher-um-ihren-garten-in-ein-parfuemiertes-heiligtum-zu-verwandeln\\\/#primaryimage\"},\"thumbnailUrl\":\"https:\\\/\\\/www.strassenweb.de\\\/nachrichten\\\/wp-content\\\/uploads\\\/2025\\\/05\\\/zEEmtokUVnEn8nwd5qtKd7.jpg\",\"keywords\":[\"beste\",\"duftende\",\"Duftstau\",\"ein\",\"Garten\",\"Heiligtum\",\"ihren\",\"Jahre\",\"parf\u00fcmiertes\",\"Privatsph\u00e4reanlagen\",\"Str\u00e4ucher\",\"und\",\"Verwandeln\"],\"articleSection\":[\"Haus &amp; Garten\"],\"inLanguage\":\"de\"},{\"@type\":\"WebPage\",\"@id\":\"https:\\\/\\\/www.strassenweb.de\\\/nachrichten\\\/beste-duftende-privatsphaereanlagen-5-duftstau-jahre-und-straeucher-um-ihren-garten-in-ein-parfuemiertes-heiligtum-zu-verwandeln\\\/\",\"url\":\"https:\\\/\\\/www.strassenweb.de\\\/nachrichten\\\/beste-duftende-privatsphaereanlagen-5-duftstau-jahre-und-straeucher-um-ihren-garten-in-ein-parfuemiertes-heiligtum-zu-verwandeln\\\/\",\"name\":\"Beste duftende Privatsph\u00e4reanlagen - 5 Duftstau Jahre und Str\u00e4ucher, um Ihren Garten in ein parf\u00fcmiertes Heiligtum zu verwandeln - Nachrichten - Stra\u00dfenweb\",\"isPartOf\":{\"@id\":\"https:\\\/\\\/www.strassenweb.de\\\/nachrichten\\\/#website\"},\"primaryImageOfPage\":{\"@id\":\"https:\\\/\\\/www.strassenweb.de\\\/nachrichten\\\/beste-duftende-privatsphaereanlagen-5-duftstau-jahre-und-straeucher-um-ihren-garten-in-ein-parfuemiertes-heiligtum-zu-verwandeln\\\/#primaryimage\"},\"image\":{\"@id\":\"https:\\\/\\\/www.strassenweb.de\\\/nachrichten\\\/beste-duftende-privatsphaereanlagen-5-duftstau-jahre-und-straeucher-um-ihren-garten-in-ein-parfuemiertes-heiligtum-zu-verwandeln\\\/#primaryimage\"},\"thumbnailUrl\":\"https:\\\/\\\/www.strassenweb.de\\\/nachrichten\\\/wp-content\\\/uploads\\\/2025\\\/05\\\/zEEmtokUVnEn8nwd5qtKd7.jpg\",\"datePublished\":\"2025-05-29T07:40:41+00:00\",\"dateModified\":\"2025-05-29T07:40:42+00:00\",\"breadcrumb\":{\"@id\":\"https:\\\/\\\/www.strassenweb.de\\\/nachrichten\\\/beste-duftende-privatsphaereanlagen-5-duftstau-jahre-und-straeucher-um-ihren-garten-in-ein-parfuemiertes-heiligtum-zu-verwandeln\\\/#breadcrumb\"},\"inLanguage\":\"de\",\"potentialAction\":[{\"@type\":\"ReadAction\",\"target\":[\"https:\\\/\\\/www.strassenweb.de\\\/nachrichten\\\/beste-duftende-privatsphaereanlagen-5-duftstau-jahre-und-straeucher-um-ihren-garten-in-ein-parfuemiertes-heiligtum-zu-verwandeln\\\/\"]}]},{\"@type\":\"ImageObject\",\"inLanguage\":\"de\",\"@id\":\"https:\\\/\\\/www.strassenweb.de\\\/nachrichten\\\/beste-duftende-privatsphaereanlagen-5-duftstau-jahre-und-straeucher-um-ihren-garten-in-ein-parfuemiertes-heiligtum-zu-verwandeln\\\/#primaryimage\",\"url\":\"https:\\\/\\\/www.strassenweb.de\\\/nachrichten\\\/wp-content\\\/uploads\\\/2025\\\/05\\\/zEEmtokUVnEn8nwd5qtKd7.jpg\",\"contentUrl\":\"https:\\\/\\\/www.strassenweb.de\\\/nachrichten\\\/wp-content\\\/uploads\\\/2025\\\/05\\\/zEEmtokUVnEn8nwd5qtKd7.jpg\",\"width\":1600,\"height\":900,\"caption\":\"Purple verbena blooms in a garden border\"},{\"@type\":\"BreadcrumbList\",\"@id\":\"https:\\\/\\\/www.strassenweb.de\\\/nachrichten\\\/beste-duftende-privatsphaereanlagen-5-duftstau-jahre-und-straeucher-um-ihren-garten-in-ein-parfuemiertes-heiligtum-zu-verwandeln\\\/#breadcrumb\",\"itemListElement\":[{\"@type\":\"ListItem\",\"position\":1,\"name\":\"Home\",\"item\":\"https:\\\/\\\/www.strassenweb.de\\\/nachrichten\\\/\"},{\"@type\":\"ListItem\",\"position\":2,\"name\":\"Beste duftende Privatsph\u00e4reanlagen &#8211; 5 Duftstau Jahre und Str\u00e4ucher, um Ihren Garten in ein parf\u00fcmiertes Heiligtum zu verwandeln\"}]},{\"@type\":\"WebSite\",\"@id\":\"https:\\\/\\\/www.strassenweb.de\\\/nachrichten\\\/#website\",\"url\":\"https:\\\/\\\/www.strassenweb.de\\\/nachrichten\\\/\",\"name\":\"Stra\u00dfenweb\",\"description\":\"Stra\u00dfenverzeichnis f\u00fcr Deutschland\",\"publisher\":{\"@id\":\"https:\\\/\\\/www.strassenweb.de\\\/nachrichten\\\/#organization\"},\"potentialAction\":[{\"@type\":\"SearchAction\",\"target\":{\"@type\":\"EntryPoint\",\"urlTemplate\":\"https:\\\/\\\/www.strassenweb.de\\\/nachrichten\\\/?s={search_term_string}\"},\"query-input\":{\"@type\":\"PropertyValueSpecification\",\"valueRequired\":true,\"valueName\":\"search_term_string\"}}],\"inLanguage\":\"de\"},{\"@type\":\"Organization\",\"@id\":\"https:\\\/\\\/www.strassenweb.de\\\/nachrichten\\\/#organization\",\"name\":\"Stra\u00dfenweb\",\"url\":\"https:\\\/\\\/www.strassenweb.de\\\/nachrichten\\\/\",\"logo\":{\"@type\":\"ImageObject\",\"inLanguage\":\"de\",\"@id\":\"https:\\\/\\\/www.strassenweb.de\\\/nachrichten\\\/#\\\/schema\\\/logo\\\/image\\\/\",\"url\":\"https:\\\/\\\/www.strassenweb.de\\\/nachrichten\\\/wp-content\\\/uploads\\\/2024\\\/09\\\/cropped-favicon.png\",\"contentUrl\":\"https:\\\/\\\/www.strassenweb.de\\\/nachrichten\\\/wp-content\\\/uploads\\\/2024\\\/09\\\/cropped-favicon.png\",\"width\":512,\"height\":512,\"caption\":\"Stra\u00dfenweb\"},\"image\":{\"@id\":\"https:\\\/\\\/www.strassenweb.de\\\/nachrichten\\\/#\\\/schema\\\/logo\\\/image\\\/\"},\"sameAs\":[\"https:\\\/\\\/www.facebook.com\\\/strassenweb\\\/\"]},{\"@type\":\"Person\",\"@id\":\"https:\\\/\\\/www.strassenweb.de\\\/nachrichten\\\/#\\\/schema\\\/person\\\/87c9c9067f1211da429a744dc5a5aa41\",\"name\":\"Robert Hoffmann\",\"image\":{\"@type\":\"ImageObject\",\"inLanguage\":\"de\",\"@id\":\"https:\\\/\\\/www.strassenweb.de\\\/nachrichten\\\/wp-content\\\/uploads\\\/2024\\\/09\\\/strassenweb-150x150.jpg\",\"url\":\"https:\\\/\\\/www.strassenweb.de\\\/nachrichten\\\/wp-content\\\/uploads\\\/2024\\\/09\\\/strassenweb-150x150.jpg\",\"contentUrl\":\"https:\\\/\\\/www.strassenweb.de\\\/nachrichten\\\/wp-content\\\/uploads\\\/2024\\\/09\\\/strassenweb-150x150.jpg\",\"caption\":\"Robert Hoffmann\"},\"description\":\"Ich hei\u00dfe Robert Hoffmann und ich bin ein leidenschaftlicher Verfechter von \u00d6kologie und Biodiversit\u00e4t. Seit meiner Kindheit in den W\u00e4ldern Bayerns f\u00fchle ich mich mit der Natur verbunden und bin entschlossen, sie zu sch\u00fctzen. Heute widme ich mein Leben der Sensibilisierung anderer f\u00fcr die Bedeutung des Umweltschutzes f\u00fcr zuk\u00fcnftige Generationen.\",\"sameAs\":[\"https:\\\/\\\/www.strassenweb.de\\\/\"]}]}<\/script>\n<!-- \/ Yoast SEO plugin. -->","yoast_head_json":{"title":"Beste duftende Privatsph\u00e4reanlagen - 5 Duftstau Jahre und Str\u00e4ucher, um Ihren Garten in ein parf\u00fcmiertes Heiligtum zu verwandeln - Nachrichten - Stra\u00dfenweb","robots":{"index":"index","follow":"follow","max-snippet":"max-snippet:-1","max-image-preview":"max-image-preview:large","max-video-preview":"max-video-preview:-1"},"canonical":"https:\/\/www.strassenweb.de\/nachrichten\/beste-duftende-privatsphaereanlagen-5-duftstau-jahre-und-straeucher-um-ihren-garten-in-ein-parfuemiertes-heiligtum-zu-verwandeln\/","og_locale":"de_DE","og_type":"article","og_title":"Beste duftende Privatsph\u00e4reanlagen - 5 Duftstau Jahre und Str\u00e4ucher, um Ihren Garten in ein parf\u00fcmiertes Heiligtum zu verwandeln - Nachrichten - Stra\u00dfenweb","og_description":"Ich bin immer von der Idee angezogen, Schutzgebiete in G\u00e4rten zu schaffen. Abgeschiedene R\u00fcckzugsm\u00f6glichkeiten, bei denen Sie f\u00fcnf Minuten mit einem Buch und einem Kaffee","og_url":"https:\/\/www.strassenweb.de\/nachrichten\/beste-duftende-privatsphaereanlagen-5-duftstau-jahre-und-straeucher-um-ihren-garten-in-ein-parfuemiertes-heiligtum-zu-verwandeln\/","og_site_name":"Stra\u00dfenweb","article_publisher":"https:\/\/www.facebook.com\/strassenweb\/","article_published_time":"2025-05-29T07:40:41+00:00","article_modified_time":"2025-05-29T07:40:42+00:00","og_image":[{"width":1600,"height":900,"url":"https:\/\/www.strassenweb.de\/nachrichten\/wp-content\/uploads\/2025\/05\/zEEmtokUVnEn8nwd5qtKd7.jpg","type":"image\/jpeg"}],"author":"Robert Hoffmann","twitter_card":"summary_large_image","twitter_misc":{"Verfasst von":"Robert Hoffmann","Gesch\u00e4tzte Lesezeit":"6\u00a0Minuten"},"schema":{"@context":"https:\/\/schema.org","@graph":[{"@type":"Article","@id":"https:\/\/www.strassenweb.de\/nachrichten\/beste-duftende-privatsphaereanlagen-5-duftstau-jahre-und-straeucher-um-ihren-garten-in-ein-parfuemiertes-heiligtum-zu-verwandeln\/#article","isPartOf":{"@id":"https:\/\/www.strassenweb.de\/nachrichten\/beste-duftende-privatsphaereanlagen-5-duftstau-jahre-und-straeucher-um-ihren-garten-in-ein-parfuemiertes-heiligtum-zu-verwandeln\/"},"author":{"name":"Robert Hoffmann","@id":"https:\/\/www.strassenweb.de\/nachrichten\/#\/schema\/person\/87c9c9067f1211da429a744dc5a5aa41"},"headline":"Beste duftende Privatsph\u00e4reanlagen &#8211; 5 Duftstau Jahre und Str\u00e4ucher, um Ihren Garten in ein parf\u00fcmiertes Heiligtum zu verwandeln","datePublished":"2025-05-29T07:40:41+00:00","dateModified":"2025-05-29T07:40:42+00:00","mainEntityOfPage":{"@id":"https:\/\/www.strassenweb.de\/nachrichten\/beste-duftende-privatsphaereanlagen-5-duftstau-jahre-und-straeucher-um-ihren-garten-in-ein-parfuemiertes-heiligtum-zu-verwandeln\/"},"wordCount":1268,"publisher":{"@id":"https:\/\/www.strassenweb.de\/nachrichten\/#organization"},"image":{"@id":"https:\/\/www.strassenweb.de\/nachrichten\/beste-duftende-privatsphaereanlagen-5-duftstau-jahre-und-straeucher-um-ihren-garten-in-ein-parfuemiertes-heiligtum-zu-verwandeln\/#primaryimage"},"thumbnailUrl":"https:\/\/www.strassenweb.de\/nachrichten\/wp-content\/uploads\/2025\/05\/zEEmtokUVnEn8nwd5qtKd7.jpg","keywords":["beste","duftende","Duftstau","ein","Garten","Heiligtum","ihren","Jahre","parf\u00fcmiertes","Privatsph\u00e4reanlagen","Str\u00e4ucher","und","Verwandeln"],"articleSection":["Haus &amp; Garten"],"inLanguage":"de"},{"@type":"WebPage","@id":"https:\/\/www.strassenweb.de\/nachrichten\/beste-duftende-privatsphaereanlagen-5-duftstau-jahre-und-straeucher-um-ihren-garten-in-ein-parfuemiertes-heiligtum-zu-verwandeln\/","url":"https:\/\/www.strassenweb.de\/nachrichten\/beste-duftende-privatsphaereanlagen-5-duftstau-jahre-und-straeucher-um-ihren-garten-in-ein-parfuemiertes-heiligtum-zu-verwandeln\/","name":"Beste duftende Privatsph\u00e4reanlagen - 5 Duftstau Jahre und Str\u00e4ucher, um Ihren Garten in ein parf\u00fcmiertes Heiligtum zu verwandeln - Nachrichten - Stra\u00dfenweb","isPartOf":{"@id":"https:\/\/www.strassenweb.de\/nachrichten\/#website"},"primaryImageOfPage":{"@id":"https:\/\/www.strassenweb.de\/nachrichten\/beste-duftende-privatsphaereanlagen-5-duftstau-jahre-und-straeucher-um-ihren-garten-in-ein-parfuemiertes-heiligtum-zu-verwandeln\/#primaryimage"},"image":{"@id":"https:\/\/www.strassenweb.de\/nachrichten\/beste-duftende-privatsphaereanlagen-5-duftstau-jahre-und-straeucher-um-ihren-garten-in-ein-parfuemiertes-heiligtum-zu-verwandeln\/#primaryimage"},"thumbnailUrl":"https:\/\/www.strassenweb.de\/nachrichten\/wp-content\/uploads\/2025\/05\/zEEmtokUVnEn8nwd5qtKd7.jpg","datePublished":"2025-05-29T07:40:41+00:00","dateModified":"2025-05-29T07:40:42+00:00","breadcrumb":{"@id":"https:\/\/www.strassenweb.de\/nachrichten\/beste-duftende-privatsphaereanlagen-5-duftstau-jahre-und-straeucher-um-ihren-garten-in-ein-parfuemiertes-heiligtum-zu-verwandeln\/#breadcrumb"},"inLanguage":"de","potentialAction":[{"@type":"ReadAction","target":["https:\/\/www.strassenweb.de\/nachrichten\/beste-duftende-privatsphaereanlagen-5-duftstau-jahre-und-straeucher-um-ihren-garten-in-ein-parfuemiertes-heiligtum-zu-verwandeln\/"]}]},{"@type":"ImageObject","inLanguage":"de","@id":"https:\/\/www.strassenweb.de\/nachrichten\/beste-duftende-privatsphaereanlagen-5-duftstau-jahre-und-straeucher-um-ihren-garten-in-ein-parfuemiertes-heiligtum-zu-verwandeln\/#primaryimage","url":"https:\/\/www.strassenweb.de\/nachrichten\/wp-content\/uploads\/2025\/05\/zEEmtokUVnEn8nwd5qtKd7.jpg","contentUrl":"https:\/\/www.strassenweb.de\/nachrichten\/wp-content\/uploads\/2025\/05\/zEEmtokUVnEn8nwd5qtKd7.jpg","width":1600,"height":900,"caption":"Purple verbena blooms in a garden border"},{"@type":"BreadcrumbList","@id":"https:\/\/www.strassenweb.de\/nachrichten\/beste-duftende-privatsphaereanlagen-5-duftstau-jahre-und-straeucher-um-ihren-garten-in-ein-parfuemiertes-heiligtum-zu-verwandeln\/#breadcrumb","itemListElement":[{"@type":"ListItem","position":1,"name":"Home","item":"https:\/\/www.strassenweb.de\/nachrichten\/"},{"@type":"ListItem","position":2,"name":"Beste duftende Privatsph\u00e4reanlagen &#8211; 5 Duftstau Jahre und Str\u00e4ucher, um Ihren Garten in ein parf\u00fcmiertes Heiligtum zu verwandeln"}]},{"@type":"WebSite","@id":"https:\/\/www.strassenweb.de\/nachrichten\/#website","url":"https:\/\/www.strassenweb.de\/nachrichten\/","name":"Stra\u00dfenweb","description":"Stra\u00dfenverzeichnis f\u00fcr Deutschland","publisher":{"@id":"https:\/\/www.strassenweb.de\/nachrichten\/#organization"},"potentialAction":[{"@type":"SearchAction","target":{"@type":"EntryPoint","urlTemplate":"https:\/\/www.strassenweb.de\/nachrichten\/?s={search_term_string}"},"query-input":{"@type":"PropertyValueSpecification","valueRequired":true,"valueName":"search_term_string"}}],"inLanguage":"de"},{"@type":"Organization","@id":"https:\/\/www.strassenweb.de\/nachrichten\/#organization","name":"Stra\u00dfenweb","url":"https:\/\/www.strassenweb.de\/nachrichten\/","logo":{"@type":"ImageObject","inLanguage":"de","@id":"https:\/\/www.strassenweb.de\/nachrichten\/#\/schema\/logo\/image\/","url":"https:\/\/www.strassenweb.de\/nachrichten\/wp-content\/uploads\/2024\/09\/cropped-favicon.png","contentUrl":"https:\/\/www.strassenweb.de\/nachrichten\/wp-content\/uploads\/2024\/09\/cropped-favicon.png","width":512,"height":512,"caption":"Stra\u00dfenweb"},"image":{"@id":"https:\/\/www.strassenweb.de\/nachrichten\/#\/schema\/logo\/image\/"},"sameAs":["https:\/\/www.facebook.com\/strassenweb\/"]},{"@type":"Person","@id":"https:\/\/www.strassenweb.de\/nachrichten\/#\/schema\/person\/87c9c9067f1211da429a744dc5a5aa41","name":"Robert Hoffmann","image":{"@type":"ImageObject","inLanguage":"de","@id":"https:\/\/www.strassenweb.de\/nachrichten\/wp-content\/uploads\/2024\/09\/strassenweb-150x150.jpg","url":"https:\/\/www.strassenweb.de\/nachrichten\/wp-content\/uploads\/2024\/09\/strassenweb-150x150.jpg","contentUrl":"https:\/\/www.strassenweb.de\/nachrichten\/wp-content\/uploads\/2024\/09\/strassenweb-150x150.jpg","caption":"Robert Hoffmann"},"description":"Ich hei\u00dfe Robert Hoffmann und ich bin ein leidenschaftlicher Verfechter von \u00d6kologie und Biodiversit\u00e4t. Seit meiner Kindheit in den W\u00e4ldern Bayerns f\u00fchle ich mich mit der Natur verbunden und bin entschlossen, sie zu sch\u00fctzen. Heute widme ich mein Leben der Sensibilisierung anderer f\u00fcr die Bedeutung des Umweltschutzes f\u00fcr zuk\u00fcnftige Generationen.","sameAs":["https:\/\/www.strassenweb.de\/"]}]}},"_links":{"self":[{"href":"https:\/\/www.strassenweb.de\/nachrichten\/wp-json\/wp\/v2\/posts\/5335","targetHints":{"allow":["GET"]}}],"collection":[{"href":"https:\/\/www.strassenweb.de\/nachrichten\/wp-json\/wp\/v2\/posts"}],"about":[{"href":"https:\/\/www.strassenweb.de\/nachrichten\/wp-json\/wp\/v2\/types\/post"}],"author":[{"embeddable":true,"href":"https:\/\/www.strassenweb.de\/nachrichten\/wp-json\/wp\/v2\/users\/1"}],"replies":[{"embeddable":true,"href":"https:\/\/www.strassenweb.de\/nachrichten\/wp-json\/wp\/v2\/comments?post=5335"}],"version-history":[{"count":0,"href":"https:\/\/www.strassenweb.de\/nachrichten\/wp-json\/wp\/v2\/posts\/5335\/revisions"}],"wp:featuredmedia":[{"embeddable":true,"href":"https:\/\/www.strassenweb.de\/nachrichten\/wp-json\/wp\/v2\/media\/5336"}],"wp:attachment":[{"href":"https:\/\/www.strassenweb.de\/nachrichten\/wp-json\/wp\/v2\/media?parent=5335"}],"wp:term":[{"taxonomy":"category","embeddable":true,"href":"https:\/\/www.strassenweb.de\/nachrichten\/wp-json\/wp\/v2\/categories?post=5335"},{"taxonomy":"post_tag","embeddable":true,"href":"https:\/\/www.strassenweb.de\/nachrichten\/wp-json\/wp\/v2\/tags?post=5335"}],"curies":[{"name":"wp","href":"https:\/\/api.w.org\/{rel}","templated":true}]}}