{"id":533,"date":"2024-10-02T21:05:53","date_gmt":"2024-10-02T19:05:53","guid":{"rendered":"https:\/\/www.strassenweb.de\/nachrichten\/warum-kraeuseln-sich-meine-zitrusblaetter-5-gruende-fuer-verzogenes-laub\/"},"modified":"2024-10-02T21:05:54","modified_gmt":"2024-10-02T19:05:54","slug":"warum-kraeuseln-sich-meine-zitrusblaetter-5-gruende-fuer-verzogenes-laub","status":"publish","type":"post","link":"https:\/\/www.strassenweb.de\/nachrichten\/warum-kraeuseln-sich-meine-zitrusblaetter-5-gruende-fuer-verzogenes-laub\/","title":{"rendered":"Warum kr\u00e4useln sich meine Zitrusbl\u00e4tter? 5 Gr\u00fcnde f\u00fcr verzogenes Laub"},"content":{"rendered":"<p><\/p>\n<div id=\"article-body\" class=\"article__body \">\n<p><strong>F: Auf meiner Terrasse w\u00e4chst ein Zitronenbaum in einem Topf. Sie ist seit mehreren Jahren gl\u00fccklich und wird f\u00fcr den Winter ins Haus gebracht, aber jetzt f\u00e4llt mir auf, dass sich einige ihrer Bl\u00e4tter kr\u00e4useln. Was kann dazu f\u00fchren, dass sich die Bl\u00e4tter von Zitrusb\u00e4umen kr\u00e4useln, und l\u00e4sst sich das Problem leicht beheben?<\/strong><\/p>\n<div id=\"ad-unit-1\" class=\"ad-unit\"><\/div>\n<p>Zitrusb\u00e4ume sind eine fantastische Bereicherung f\u00fcr einen Raum. Der Anbau von Zitronen, Limetten, Orangen oder anderen Zitrusb\u00e4umen bringt wundersch\u00f6ne und duftende Blumen und Fr\u00fcchte mit sich. Obwohl es viel zu genie\u00dfen gibt, geh\u00f6ren Zitrusb\u00e4ume nicht zu den Obstb\u00e4umen, die sich am einfachsten z\u00fcchten lassen, und sich kr\u00e4uselnde Bl\u00e4tter sind ein Zeichen daf\u00fcr, dass die Pflanze gestresst ist.<\/p>\n<p>Die Wahrheit ist, dass das Kr\u00e4useln der Zitrusbl\u00e4tter auf viele verschiedene Faktoren zur\u00fcckzuf\u00fchren sein kann, die sich darauf auswirken, wie gl\u00fccklich und gesund der Baum ist. Zu diesen Gr\u00fcnden geh\u00f6ren Bew\u00e4sserung, N\u00e4hrstoffe, Sch\u00e4dlinge und Krankheiten. Um etwas Licht ins Dunkel zu bringen, befasst sich unser Ratgeber eingehend mit den Gr\u00fcnden, warum sich Ihre Zitrusbl\u00e4tter m\u00f6glicherweise kr\u00e4useln, und was Sie tun k\u00f6nnen, um die Probleme zu bek\u00e4mpfen.<\/p>\n<div id=\"desktop-in-article\" class=\"in-article ad-unit\">\n<div id=\"desktop-taboola-mid-article\"><\/div>\n<\/div>\n<div id=\"mobile-in-article\" class=\"in-article ad-unit\">\n<div id=\"mobile-taboola-mid-article\"><\/div>\n<\/div>\n<figure class=\"van-image-figure inline-layout \" data-bordeaux-image-check>\n<div class=\"image-full-width-wrapper\">\n<div class=\"image-widthsetter\" style=\"max-width:2400px;\"><\/div>\n<\/div>\n<\/figure>\n<h2 id=\"why-citrus-tree-leaves-curl-3\">Warum sich die Bl\u00e4tter von Zitrusb\u00e4umen kr\u00e4useln <\/h2>\n<aside class=\"hawk-nest\" data-render-type=\"fte\" data-skip=\"dealsy\" data-widget-type=\"seasonal\">\n<div class=\"hawk-master-widget-hawk-base-wrapper\"><\/div>\n<\/aside>\n<p>Das Kr\u00e4useln der Zitrusbl\u00e4tter ist ein Zeichen daf\u00fcr, dass die Pflanze gestresst ist. Sie zeigt dies dadurch, dass sie ihre Bl\u00e4tter nach innen kr\u00e4uselt. Als Reaktion auf die Belastung kr\u00e4useln sich die Bl\u00e4tter normalerweise entlang ihrer L\u00e4nge oder von der Spitze nach oben. Zusammen mit dem Vergilben von Zitrusbl\u00e4ttern kann das ein besorgniserregender Anblick sein, aber was sind die Hauptursachen daf\u00fcr, dass sich Zitrusbl\u00e4tter kr\u00e4useln?<\/p>\n<div class=\"van_vid_carousel\">\n<div class=\"van_vid_carousel__padding\">\n<div class=\"van_vid_carousel__container\"><\/div>\n<\/div>\n<\/div>\n<h3 class=\"article-body__section\" id=\"section-what-causes-citrus-leaves-to-curl\"><span>Was f\u00fchrt dazu, dass sich Zitrusbl\u00e4tter kr\u00e4useln?<\/span><\/h3>\n<figure class=\"van-image-figure inline-layout \" data-bordeaux-image-check>\n<div class=\"image-full-width-wrapper\">\n<div class=\"image-widthsetter\" style=\"max-width:2000px;\"><\/div>\n<\/div>\n<\/figure>\n<p>Es gibt mehrere m\u00f6gliche Gr\u00fcnde daf\u00fcr, dass sich die Bl\u00e4tter eines Zitrusbaums zu kr\u00e4useln beginnen. Ganz gleich, ob Sie den Obstbaum in T\u00f6pfen anbauen oder eine Sammlung von Obstb\u00e4umen f\u00fcr den Innenbereich kultivieren \u2013 da Zitrusb\u00e4ume wie Zitronen f\u00fcr den Innenanbau geeignet sind \u2013 wirkt sich dies auf die Art und Weise aus, wie Sie sie pflegen, und kann m\u00f6glicherweise zum Kr\u00e4useln der Bl\u00e4tter beitragen.<\/p>\n<div id=\"ad-unit-2\" class=\"ad-unit\"><\/div>\n<p>\u201eDas Kr\u00e4useln von Zitrusbl\u00e4ttern kann durch eine Vielzahl von Faktoren verursacht werden, darunter Umweltstress wie D\u00fcrre oder \u00dcberw\u00e4sserung, N\u00e4hrstoffmangel, Sch\u00e4dlingsbefall wie Blattl\u00e4use oder Milben oder Krankheiten wie Citrus Greening\u201c, sagt Susan Poizner, Autorin und Gr\u00fcnderin von Orchard People.<\/p>\n<p>Zum Umgang mit dem Problem f\u00fcgt Susan hinzu: \u201eEine ordnungsgem\u00e4\u00dfe Diagnose ist unerl\u00e4sslich, um die zugrunde liegende Ursache zu ermitteln und sie wirksam zu bek\u00e4mpfen.\u201c<\/p>\n<p>Um Ihnen dabei zu helfen, die Ursache f\u00fcr das Kr\u00e4useln der Zitrusbl\u00e4tter zu ermitteln und den besten Aktionsplan zusammenzustellen, werfen wir einen genaueren Blick auf die f\u00fcnf Probleme und wie Sie sie bek\u00e4mpfen k\u00f6nnen, damit Ihre Zitrusb\u00e4ume wieder gesund und gedeihen.<\/p>\n<h3 class=\"article-body__section\" id=\"section-how-to-fix-citrus-leaves-curling\"><span>So beheben Sie das Kr\u00e4useln von Zitrusbl\u00e4ttern<\/span><\/h3>\n<p>Wie oben hervorgehoben, besteht der erste Schritt zur Behebung von Blattkr\u00e4useln an Zitrusb\u00e4umen darin, die Ursache zu ermitteln und dann praktische Ma\u00dfnahmen zur Behebung des Problems zu ergreifen.<\/p>\n<h2 id=\"overwatering-3\">\u00dcberw\u00e4sserung <\/h2>\n<figure class=\"van-image-figure inline-layout \" data-bordeaux-image-check>\n<div class=\"image-full-width-wrapper\">\n<div class=\"image-widthsetter\" style=\"max-width:2400px;\"><\/div>\n<\/div>\n<\/figure>\n<p>Kr\u00e4uselnde Bl\u00e4tter sind ein h\u00e4ufiges Zeichen daf\u00fcr, dass Pflanzen zu viel gegossen werden. Zitrusb\u00e4ume m\u00f6gen es nicht, l\u00e4ngere Zeit in ges\u00e4ttigter Erde zu stehen, und ihre Bl\u00e4tter kr\u00e4useln sich, verf\u00e4rben sich und fallen ab, wenn sie durchn\u00e4sst sind. Zu viel Wasser um die Wurzeln verringert den Sauerstoffgehalt im Boden und beeintr\u00e4chtigt die F\u00e4higkeit der Pflanze zur Photosynthese.<\/p>\n<p>Gl\u00fccklicherweise k\u00f6nnen Sie eine \u00fcberbew\u00e4sserte Pflanze reparieren. Wenn sich der Zitrusbaum in einem Beh\u00e4lter befindet, sollten Sie ihn in neue, gut durchl\u00e4ssige Erde umtopfen und sicherstellen, dass sich am Boden des Beh\u00e4lters Drainagel\u00f6cher befinden.<\/p>\n<p>Bew\u00e4ssern Sie den Zitrusbaum nicht erneut, bis die Erde vollst\u00e4ndig ausgetrocknet ist. In vielen F\u00e4llen kann es ausreichen, den Boden trocknen zu lassen und dann die Bew\u00e4sserung anzupassen, damit die Pflanze einen Anfall von \u00dcberw\u00e4sserung \u00fcbersteht.<\/p>\n<h2 id=\"drought-3\">Trockenheit <\/h2>\n<figure class=\"van-image-figure inline-layout \" data-bordeaux-image-check>\n<div class=\"image-full-width-wrapper\">\n<div class=\"image-widthsetter\" style=\"max-width:2000px;\"><\/div>\n<\/div>\n<\/figure>\n<p>Als Reaktion auf Trockenstress k\u00f6nnen sich Bl\u00e4tter kr\u00e4useln, um ihre Oberfl\u00e4che zu verkleinern. Dadurch wird der Feuchtigkeitsverlust durch Transpiration verringert, da die Pflanze aufgrund von Feuchtigkeitsmangel versucht, so viel Wasser wie m\u00f6glich zur\u00fcckzuhalten, um am Leben zu bleiben.<\/p>\n<p>Damit Zitrusb\u00e4ume gedeihen, ist es wichtig zu wissen, wie und wann man Pflanzen gie\u00dft. Neben dem Kr\u00e4useln der Bl\u00e4tter f\u00fchrt ein Mangel an Feuchtigkeit dazu, dass Zitrusb\u00e4ume Schwierigkeiten haben, Fr\u00fcchte zu produzieren.<\/p>\n<p>Etablierte Zitrusb\u00e4ume profitieren von regelm\u00e4\u00dfiger, gr\u00fcndlicher Bew\u00e4sserung, wobei der Boden zwischen den Bew\u00e4sserungen leicht austrocknet. Der Boden sollte nicht \u00fcber l\u00e4ngere Zeit vollst\u00e4ndig trocken sein \u2013 das w\u00e4re ein Bew\u00e4sserungsfehler und w\u00fcrde dazu f\u00fchren, dass der Zitrusbaum um Feuchtigkeit k\u00e4mpfen w\u00fcrde.<\/p>\n<p>\u00dcberpr\u00fcfen Sie den Feuchtigkeitsgehalt des Bodens mit einem Bodenfeuchtigkeitsmesser, der bei Amazon erh\u00e4ltlich ist, oder pr\u00fcfen Sie mit den Fingern den Feuchtigkeitsgehalt zwei oder mehr Zoll unter der Oberfl\u00e4che, wenn Sie Pflanzen in Beh\u00e4ltern gie\u00dfen. Zitrusb\u00e4ume im Topf m\u00f6chten so lange bew\u00e4ssert werden, bis das Wasser durch die Abflussl\u00f6cher im Topfboden abflie\u00dft.<\/p>\n<p>Wenn Feuchtigkeitsmangel die Ursache daf\u00fcr ist, dass sich die Bl\u00e4tter von Zitrusfr\u00fcchten kr\u00e4useln, \u00fcberpr\u00fcfen Sie regelm\u00e4\u00dfig den Bodenstand und passen Sie Ihre Bew\u00e4sserungspraktiken an, um den Baum ausreichend mit Feuchtigkeit zu versorgen. Denken Sie daran, dass junge Zitrusb\u00e4ume und solche, die in T\u00f6pfen wachsen, h\u00e4ufiger gegossen werden m\u00fcssen.<\/p>\n<h2 id=\"nutrient-deficiencies-3\">N\u00e4hrstoffmangel <\/h2>\n<figure class=\"van-image-figure inline-layout \" data-bordeaux-image-check>\n<div class=\"image-full-width-wrapper\">\n<div class=\"image-widthsetter\" style=\"max-width:2400px;\"><\/div>\n<\/div>\n<\/figure>\n<p>Das Kr\u00e4useln der Bl\u00e4tter von Zitrusfr\u00fcchten kann auf einen Mangel an N\u00e4hrstoffen zur\u00fcckzuf\u00fchren sein, die f\u00fcr ein gesundes Wachstum erforderlich sind. Zitrusb\u00e4ume ben\u00f6tigen die Hauptn\u00e4hrstoffe Stickstoff, Phosphor und Kalium sowie andere Makro- und Mikron\u00e4hrstoffe.<\/p>\n<p>D\u00fcngen Sie Zitrusb\u00e4ume im sp\u00e4ten Winter oder fr\u00fchen Fr\u00fchling sowie im Fr\u00fchling und Sommer, damit die B\u00e4ume gesund wachsen und Fr\u00fcchte tragen. F\u00fcr die D\u00fcngung von Obstb\u00e4umen eignet sich am besten ein ausgewogener D\u00fcnger f\u00fcr Zitrusb\u00e4ume.<\/p>\n<p>\u201eSie k\u00f6nnen D\u00fcngemittel kaufen, die speziell f\u00fcr Zitrusb\u00e4ume entwickelt wurden, die reich an Stickstoff sind und zus\u00e4tzliche Mikron\u00e4hrstoffe wie Eisen, Zink und Magnesium enthalten, die f\u00fcr ihre allgemeine Gesundheit und Fruchtproduktion unerl\u00e4sslich sind\u201c, sagt Fern Berg, Baumexperte bei Tree Vitalize.<\/p>\n<p>\u201eDer Vorteil der Verwendung eines D\u00fcngemittels, das speziell f\u00fcr die Baumart entwickelt wurde, auf die Sie es anwenden, besteht darin, dass ihm Anwendungsanweisungen beiliegen, die Ihnen helfen, die ideale Menge f\u00fcr die Gr\u00f6\u00dfe oder das Alter Ihres Baumes und die Jahreszeit, in der Sie es anwenden, bereitzustellen es drin.&#8216;<\/p>\n<h2 id=\"pests-3\">Sch\u00e4dlinge <\/h2>\n<figure class=\"van-image-figure inline-layout \" data-bordeaux-image-check>\n<div class=\"image-full-width-wrapper\">\n<div class=\"image-widthsetter\" style=\"max-width:2400px;\"><\/div>\n<\/div>\n<\/figure>\n<p>Blattl\u00e4use, Spinnmilben und Wolll\u00e4use sind h\u00e4ufige Sch\u00e4dlinge an Zitrusb\u00e4umen. Diese l\u00e4stigen Sch\u00e4dlinge saugen Saft aus der Pflanze und sich kr\u00e4uselnde Bl\u00e4tter k\u00f6nnen ein Symptom eines Befalls sein. Um Sch\u00e4dlinge als Ursache zu diagnostizieren, \u00fcberpr\u00fcfen Sie die Unterseite der Bl\u00e4tter, da sie dort h\u00e4ufig in gro\u00dfer Zahl zu sehen sind.<\/p>\n<p>Susan Poizner behauptet, dass \u201einsektizide Seifen oder Gartenbau\u00f6le\u201c \u2013 wie zum Beispiel die Verwendung von Neem\u00f6l auf Pflanzen \u2013 auf Pflanzen gespr\u00fcht werden k\u00f6nnen, um sie loszuwerden. Bespr\u00fchen Sie beide Seiten der Bl\u00e4tter. Es k\u00f6nnen jedoch wiederholte Behandlungen erforderlich sein, um die Sch\u00e4dlinge vollst\u00e4ndig auszurotten.<\/p>\n<h2 id=\"disease-3\">Krankheit <\/h2>\n<figure class=\"van-image-figure inline-layout \" data-bordeaux-image-check>\n<div class=\"image-full-width-wrapper\">\n<div class=\"image-widthsetter\" style=\"max-width:2400px;\"><\/div>\n<\/div>\n<\/figure>\n<p>Die potenziell verheerendste Krankheit, die dazu f\u00fchren kann, dass sich die Bl\u00e4tter von Zitrusfr\u00fcchten kr\u00e4useln, ist die Vergr\u00fcnung der Zitrusfr\u00fcchte. Es handelt sich um eine sehr schwere Zitruskrankheit, die B\u00e4ume zerst\u00f6ren kann \u2013 da es keine Heilung gibt. Zu den Anzeichen der Vergr\u00fcnung von Zitrusfr\u00fcchten z\u00e4hlen verf\u00e4rbte Bl\u00e4tter, Blattverlust und Absterben. Die Ausbreitung erfolgt durch Insekten, die zwischen Zitrusb\u00e4umen wandern. Susan Poizner empfiehlt: \u201eBei Verdacht auf Citrus Greening konsultieren Sie einen Fachmann, da diese Krankheit spezifische Managementstrategien erfordert.\u201c<\/p>\n<p>Es gibt andere, h\u00e4ufiger auftretende Krankheiten, die Zitrusbl\u00e4tter befallen und Blattkr\u00e4uselungen verursachen k\u00f6nnen \u2013 und sie sind nicht so zerst\u00f6rerisch wie die Vergr\u00fcnung von Zitrusfr\u00fcchten. Pilzprobleme wie Bakterienbefall, Anthracnose und Botrytis k\u00f6nnen dazu f\u00fchren, dass sich die Bl\u00e4tter kr\u00e4useln und abfallen. Untersuchen Sie die B\u00e4ume auf Anzeichen von Pilzbefall und bespr\u00fchen Sie die betroffenen Pflanzen mit einem Kupferfungizid.<\/p>\n<hr>\n<p>Zitronenb\u00e4ume sind in den US-Winterh\u00e4rtezonen 8\u201311 winterhart und werden leiden, wenn die Temperaturen unter 32 \u00b0F fallen. Um einen eingetopften Zitronenbaum im Winter zu pflegen, stellen Sie ihn an einen frostfreien und k\u00fchlen Ort, um K\u00e4ltesch\u00e4den an Stielen, Bl\u00e4ttern und Fr\u00fcchten zu vermeiden \u2013 an einem Ort mit einer Temperatur von mindestens 40 \u00b0F im Winter. B\u00e4ume im Freien k\u00f6nnen mit Gartenvlies oder einer Frostdecke umwickelt werden, um sie vor der Winterk\u00e4lte zu sch\u00fctzen, wie zum Beispiel diese bei Amazon erh\u00e4ltlichen Pflanzenabdeckungen.<\/p>\n<\/div>\n","protected":false},"excerpt":{"rendered":"<p>F: Auf meiner Terrasse w\u00e4chst ein Zitronenbaum in einem Topf. Sie ist seit mehreren Jahren gl\u00fccklich und wird f\u00fcr den Winter ins Haus gebracht, aber<\/p>\n","protected":false},"author":1,"featured_media":534,"comment_status":"closed","ping_status":"","sticky":false,"template":"","format":"standard","meta":{"footnotes":""},"categories":[118],"tags":[55,1056,1053,1058,1054,142,1057,744,1055],"class_list":["post-533","post","type-post","status-publish","format-standard","has-post-thumbnail","hentry","category-haus-garten","tag-fuer","tag-gruende","tag-kraeuseln","tag-laub","tag-meine","tag-sich","tag-verzogenes","tag-warum","tag-zitrusblaetter","generate-columns","tablet-grid-50","mobile-grid-100","grid-parent","grid-50"],"yoast_head":"<!-- This site is optimized with the Yoast SEO plugin v27.3 - https:\/\/yoast.com\/product\/yoast-seo-wordpress\/ -->\n<title>Warum kr\u00e4useln sich meine Zitrusbl\u00e4tter? 5 Gr\u00fcnde f\u00fcr verzogenes Laub - Nachrichten - Stra\u00dfenweb<\/title>\n<meta name=\"robots\" content=\"index, follow, max-snippet:-1, max-image-preview:large, max-video-preview:-1\" \/>\n<link rel=\"canonical\" href=\"https:\/\/www.strassenweb.de\/nachrichten\/warum-kraeuseln-sich-meine-zitrusblaetter-5-gruende-fuer-verzogenes-laub\/\" \/>\n<meta property=\"og:locale\" content=\"de_DE\" \/>\n<meta property=\"og:type\" content=\"article\" \/>\n<meta property=\"og:title\" content=\"Warum kr\u00e4useln sich meine Zitrusbl\u00e4tter? 5 Gr\u00fcnde f\u00fcr verzogenes Laub - Nachrichten - Stra\u00dfenweb\" \/>\n<meta property=\"og:description\" content=\"F: Auf meiner Terrasse w\u00e4chst ein Zitronenbaum in einem Topf. Sie ist seit mehreren Jahren gl\u00fccklich und wird f\u00fcr den Winter ins Haus gebracht, aber\" \/>\n<meta property=\"og:url\" content=\"https:\/\/www.strassenweb.de\/nachrichten\/warum-kraeuseln-sich-meine-zitrusblaetter-5-gruende-fuer-verzogenes-laub\/\" \/>\n<meta property=\"og:site_name\" content=\"Stra\u00dfenweb\" \/>\n<meta property=\"article:publisher\" content=\"https:\/\/www.facebook.com\/strassenweb\/\" \/>\n<meta property=\"article:published_time\" content=\"2024-10-02T19:05:53+00:00\" \/>\n<meta property=\"article:modified_time\" content=\"2024-10-02T19:05:54+00:00\" \/>\n<meta property=\"og:image\" content=\"https:\/\/www.strassenweb.de\/nachrichten\/wp-content\/uploads\/2024\/10\/Warum-kraeuseln-sich-meine-Zitrusblaetter-5-Gruende-fuer-verzogenes-Laub.jpg\" \/>\n\t<meta property=\"og:image:width\" content=\"1200\" \/>\n\t<meta property=\"og:image:height\" content=\"675\" \/>\n\t<meta property=\"og:image:type\" content=\"image\/jpeg\" \/>\n<meta name=\"author\" content=\"Robert Hoffmann\" \/>\n<meta name=\"twitter:card\" content=\"summary_large_image\" \/>\n<meta name=\"twitter:label1\" content=\"Verfasst von\" \/>\n\t<meta name=\"twitter:data1\" content=\"Robert Hoffmann\" \/>\n\t<meta name=\"twitter:label2\" content=\"Gesch\u00e4tzte Lesezeit\" \/>\n\t<meta name=\"twitter:data2\" content=\"8\u00a0Minuten\" \/>\n<script type=\"application\/ld+json\" class=\"yoast-schema-graph\">{\"@context\":\"https:\\\/\\\/schema.org\",\"@graph\":[{\"@type\":\"Article\",\"@id\":\"https:\\\/\\\/www.strassenweb.de\\\/nachrichten\\\/warum-kraeuseln-sich-meine-zitrusblaetter-5-gruende-fuer-verzogenes-laub\\\/#article\",\"isPartOf\":{\"@id\":\"https:\\\/\\\/www.strassenweb.de\\\/nachrichten\\\/warum-kraeuseln-sich-meine-zitrusblaetter-5-gruende-fuer-verzogenes-laub\\\/\"},\"author\":{\"name\":\"Robert Hoffmann\",\"@id\":\"https:\\\/\\\/www.strassenweb.de\\\/nachrichten\\\/#\\\/schema\\\/person\\\/87c9c9067f1211da429a744dc5a5aa41\"},\"headline\":\"Warum kr\u00e4useln sich meine Zitrusbl\u00e4tter? 5 Gr\u00fcnde f\u00fcr verzogenes Laub\",\"datePublished\":\"2024-10-02T19:05:53+00:00\",\"dateModified\":\"2024-10-02T19:05:54+00:00\",\"mainEntityOfPage\":{\"@id\":\"https:\\\/\\\/www.strassenweb.de\\\/nachrichten\\\/warum-kraeuseln-sich-meine-zitrusblaetter-5-gruende-fuer-verzogenes-laub\\\/\"},\"wordCount\":1547,\"publisher\":{\"@id\":\"https:\\\/\\\/www.strassenweb.de\\\/nachrichten\\\/#organization\"},\"image\":{\"@id\":\"https:\\\/\\\/www.strassenweb.de\\\/nachrichten\\\/warum-kraeuseln-sich-meine-zitrusblaetter-5-gruende-fuer-verzogenes-laub\\\/#primaryimage\"},\"thumbnailUrl\":\"https:\\\/\\\/www.strassenweb.de\\\/nachrichten\\\/wp-content\\\/uploads\\\/2024\\\/10\\\/Warum-kraeuseln-sich-meine-Zitrusblaetter-5-Gruende-fuer-verzogenes-Laub.jpg\",\"keywords\":[\"f\u00fcr\",\"Gr\u00fcnde\",\"kr\u00e4useln\",\"Laub\",\"meine\",\"sich\",\"verzogenes\",\"warum\",\"Zitrusbl\u00e4tter\"],\"articleSection\":[\"Haus &amp; Garten\"],\"inLanguage\":\"de\"},{\"@type\":\"WebPage\",\"@id\":\"https:\\\/\\\/www.strassenweb.de\\\/nachrichten\\\/warum-kraeuseln-sich-meine-zitrusblaetter-5-gruende-fuer-verzogenes-laub\\\/\",\"url\":\"https:\\\/\\\/www.strassenweb.de\\\/nachrichten\\\/warum-kraeuseln-sich-meine-zitrusblaetter-5-gruende-fuer-verzogenes-laub\\\/\",\"name\":\"Warum kr\u00e4useln sich meine Zitrusbl\u00e4tter? 5 Gr\u00fcnde f\u00fcr verzogenes Laub - Nachrichten - Stra\u00dfenweb\",\"isPartOf\":{\"@id\":\"https:\\\/\\\/www.strassenweb.de\\\/nachrichten\\\/#website\"},\"primaryImageOfPage\":{\"@id\":\"https:\\\/\\\/www.strassenweb.de\\\/nachrichten\\\/warum-kraeuseln-sich-meine-zitrusblaetter-5-gruende-fuer-verzogenes-laub\\\/#primaryimage\"},\"image\":{\"@id\":\"https:\\\/\\\/www.strassenweb.de\\\/nachrichten\\\/warum-kraeuseln-sich-meine-zitrusblaetter-5-gruende-fuer-verzogenes-laub\\\/#primaryimage\"},\"thumbnailUrl\":\"https:\\\/\\\/www.strassenweb.de\\\/nachrichten\\\/wp-content\\\/uploads\\\/2024\\\/10\\\/Warum-kraeuseln-sich-meine-Zitrusblaetter-5-Gruende-fuer-verzogenes-Laub.jpg\",\"datePublished\":\"2024-10-02T19:05:53+00:00\",\"dateModified\":\"2024-10-02T19:05:54+00:00\",\"breadcrumb\":{\"@id\":\"https:\\\/\\\/www.strassenweb.de\\\/nachrichten\\\/warum-kraeuseln-sich-meine-zitrusblaetter-5-gruende-fuer-verzogenes-laub\\\/#breadcrumb\"},\"inLanguage\":\"de\",\"potentialAction\":[{\"@type\":\"ReadAction\",\"target\":[\"https:\\\/\\\/www.strassenweb.de\\\/nachrichten\\\/warum-kraeuseln-sich-meine-zitrusblaetter-5-gruende-fuer-verzogenes-laub\\\/\"]}]},{\"@type\":\"ImageObject\",\"inLanguage\":\"de\",\"@id\":\"https:\\\/\\\/www.strassenweb.de\\\/nachrichten\\\/warum-kraeuseln-sich-meine-zitrusblaetter-5-gruende-fuer-verzogenes-laub\\\/#primaryimage\",\"url\":\"https:\\\/\\\/www.strassenweb.de\\\/nachrichten\\\/wp-content\\\/uploads\\\/2024\\\/10\\\/Warum-kraeuseln-sich-meine-Zitrusblaetter-5-Gruende-fuer-verzogenes-Laub.jpg\",\"contentUrl\":\"https:\\\/\\\/www.strassenweb.de\\\/nachrichten\\\/wp-content\\\/uploads\\\/2024\\\/10\\\/Warum-kraeuseln-sich-meine-Zitrusblaetter-5-Gruende-fuer-verzogenes-Laub.jpg\",\"width\":1200,\"height\":675,\"caption\":\"Warum kr\u00e4useln sich meine Zitrusbl\u00e4tter? 5 Gr\u00fcnde f\u00fcr verzogenes Laub\"},{\"@type\":\"BreadcrumbList\",\"@id\":\"https:\\\/\\\/www.strassenweb.de\\\/nachrichten\\\/warum-kraeuseln-sich-meine-zitrusblaetter-5-gruende-fuer-verzogenes-laub\\\/#breadcrumb\",\"itemListElement\":[{\"@type\":\"ListItem\",\"position\":1,\"name\":\"Home\",\"item\":\"https:\\\/\\\/www.strassenweb.de\\\/nachrichten\\\/\"},{\"@type\":\"ListItem\",\"position\":2,\"name\":\"Warum kr\u00e4useln sich meine Zitrusbl\u00e4tter? 5 Gr\u00fcnde f\u00fcr verzogenes Laub\"}]},{\"@type\":\"WebSite\",\"@id\":\"https:\\\/\\\/www.strassenweb.de\\\/nachrichten\\\/#website\",\"url\":\"https:\\\/\\\/www.strassenweb.de\\\/nachrichten\\\/\",\"name\":\"Stra\u00dfenweb\",\"description\":\"Stra\u00dfenverzeichnis f\u00fcr Deutschland\",\"publisher\":{\"@id\":\"https:\\\/\\\/www.strassenweb.de\\\/nachrichten\\\/#organization\"},\"potentialAction\":[{\"@type\":\"SearchAction\",\"target\":{\"@type\":\"EntryPoint\",\"urlTemplate\":\"https:\\\/\\\/www.strassenweb.de\\\/nachrichten\\\/?s={search_term_string}\"},\"query-input\":{\"@type\":\"PropertyValueSpecification\",\"valueRequired\":true,\"valueName\":\"search_term_string\"}}],\"inLanguage\":\"de\"},{\"@type\":\"Organization\",\"@id\":\"https:\\\/\\\/www.strassenweb.de\\\/nachrichten\\\/#organization\",\"name\":\"Stra\u00dfenweb\",\"url\":\"https:\\\/\\\/www.strassenweb.de\\\/nachrichten\\\/\",\"logo\":{\"@type\":\"ImageObject\",\"inLanguage\":\"de\",\"@id\":\"https:\\\/\\\/www.strassenweb.de\\\/nachrichten\\\/#\\\/schema\\\/logo\\\/image\\\/\",\"url\":\"https:\\\/\\\/www.strassenweb.de\\\/nachrichten\\\/wp-content\\\/uploads\\\/2024\\\/09\\\/cropped-favicon.png\",\"contentUrl\":\"https:\\\/\\\/www.strassenweb.de\\\/nachrichten\\\/wp-content\\\/uploads\\\/2024\\\/09\\\/cropped-favicon.png\",\"width\":512,\"height\":512,\"caption\":\"Stra\u00dfenweb\"},\"image\":{\"@id\":\"https:\\\/\\\/www.strassenweb.de\\\/nachrichten\\\/#\\\/schema\\\/logo\\\/image\\\/\"},\"sameAs\":[\"https:\\\/\\\/www.facebook.com\\\/strassenweb\\\/\"]},{\"@type\":\"Person\",\"@id\":\"https:\\\/\\\/www.strassenweb.de\\\/nachrichten\\\/#\\\/schema\\\/person\\\/87c9c9067f1211da429a744dc5a5aa41\",\"name\":\"Robert Hoffmann\",\"image\":{\"@type\":\"ImageObject\",\"inLanguage\":\"de\",\"@id\":\"https:\\\/\\\/www.strassenweb.de\\\/nachrichten\\\/wp-content\\\/uploads\\\/2024\\\/09\\\/strassenweb-150x150.jpg\",\"url\":\"https:\\\/\\\/www.strassenweb.de\\\/nachrichten\\\/wp-content\\\/uploads\\\/2024\\\/09\\\/strassenweb-150x150.jpg\",\"contentUrl\":\"https:\\\/\\\/www.strassenweb.de\\\/nachrichten\\\/wp-content\\\/uploads\\\/2024\\\/09\\\/strassenweb-150x150.jpg\",\"caption\":\"Robert Hoffmann\"},\"description\":\"Ich hei\u00dfe Robert Hoffmann und ich bin ein leidenschaftlicher Verfechter von \u00d6kologie und Biodiversit\u00e4t. Seit meiner Kindheit in den W\u00e4ldern Bayerns f\u00fchle ich mich mit der Natur verbunden und bin entschlossen, sie zu sch\u00fctzen. Heute widme ich mein Leben der Sensibilisierung anderer f\u00fcr die Bedeutung des Umweltschutzes f\u00fcr zuk\u00fcnftige Generationen.\",\"sameAs\":[\"https:\\\/\\\/www.strassenweb.de\\\/\"]}]}<\/script>\n<!-- \/ Yoast SEO plugin. -->","yoast_head_json":{"title":"Warum kr\u00e4useln sich meine Zitrusbl\u00e4tter? 5 Gr\u00fcnde f\u00fcr verzogenes Laub - Nachrichten - Stra\u00dfenweb","robots":{"index":"index","follow":"follow","max-snippet":"max-snippet:-1","max-image-preview":"max-image-preview:large","max-video-preview":"max-video-preview:-1"},"canonical":"https:\/\/www.strassenweb.de\/nachrichten\/warum-kraeuseln-sich-meine-zitrusblaetter-5-gruende-fuer-verzogenes-laub\/","og_locale":"de_DE","og_type":"article","og_title":"Warum kr\u00e4useln sich meine Zitrusbl\u00e4tter? 5 Gr\u00fcnde f\u00fcr verzogenes Laub - Nachrichten - Stra\u00dfenweb","og_description":"F: Auf meiner Terrasse w\u00e4chst ein Zitronenbaum in einem Topf. Sie ist seit mehreren Jahren gl\u00fccklich und wird f\u00fcr den Winter ins Haus gebracht, aber","og_url":"https:\/\/www.strassenweb.de\/nachrichten\/warum-kraeuseln-sich-meine-zitrusblaetter-5-gruende-fuer-verzogenes-laub\/","og_site_name":"Stra\u00dfenweb","article_publisher":"https:\/\/www.facebook.com\/strassenweb\/","article_published_time":"2024-10-02T19:05:53+00:00","article_modified_time":"2024-10-02T19:05:54+00:00","og_image":[{"width":1200,"height":675,"url":"https:\/\/www.strassenweb.de\/nachrichten\/wp-content\/uploads\/2024\/10\/Warum-kraeuseln-sich-meine-Zitrusblaetter-5-Gruende-fuer-verzogenes-Laub.jpg","type":"image\/jpeg"}],"author":"Robert Hoffmann","twitter_card":"summary_large_image","twitter_misc":{"Verfasst von":"Robert Hoffmann","Gesch\u00e4tzte Lesezeit":"8\u00a0Minuten"},"schema":{"@context":"https:\/\/schema.org","@graph":[{"@type":"Article","@id":"https:\/\/www.strassenweb.de\/nachrichten\/warum-kraeuseln-sich-meine-zitrusblaetter-5-gruende-fuer-verzogenes-laub\/#article","isPartOf":{"@id":"https:\/\/www.strassenweb.de\/nachrichten\/warum-kraeuseln-sich-meine-zitrusblaetter-5-gruende-fuer-verzogenes-laub\/"},"author":{"name":"Robert Hoffmann","@id":"https:\/\/www.strassenweb.de\/nachrichten\/#\/schema\/person\/87c9c9067f1211da429a744dc5a5aa41"},"headline":"Warum kr\u00e4useln sich meine Zitrusbl\u00e4tter? 5 Gr\u00fcnde f\u00fcr verzogenes Laub","datePublished":"2024-10-02T19:05:53+00:00","dateModified":"2024-10-02T19:05:54+00:00","mainEntityOfPage":{"@id":"https:\/\/www.strassenweb.de\/nachrichten\/warum-kraeuseln-sich-meine-zitrusblaetter-5-gruende-fuer-verzogenes-laub\/"},"wordCount":1547,"publisher":{"@id":"https:\/\/www.strassenweb.de\/nachrichten\/#organization"},"image":{"@id":"https:\/\/www.strassenweb.de\/nachrichten\/warum-kraeuseln-sich-meine-zitrusblaetter-5-gruende-fuer-verzogenes-laub\/#primaryimage"},"thumbnailUrl":"https:\/\/www.strassenweb.de\/nachrichten\/wp-content\/uploads\/2024\/10\/Warum-kraeuseln-sich-meine-Zitrusblaetter-5-Gruende-fuer-verzogenes-Laub.jpg","keywords":["f\u00fcr","Gr\u00fcnde","kr\u00e4useln","Laub","meine","sich","verzogenes","warum","Zitrusbl\u00e4tter"],"articleSection":["Haus &amp; Garten"],"inLanguage":"de"},{"@type":"WebPage","@id":"https:\/\/www.strassenweb.de\/nachrichten\/warum-kraeuseln-sich-meine-zitrusblaetter-5-gruende-fuer-verzogenes-laub\/","url":"https:\/\/www.strassenweb.de\/nachrichten\/warum-kraeuseln-sich-meine-zitrusblaetter-5-gruende-fuer-verzogenes-laub\/","name":"Warum kr\u00e4useln sich meine Zitrusbl\u00e4tter? 5 Gr\u00fcnde f\u00fcr verzogenes Laub - Nachrichten - Stra\u00dfenweb","isPartOf":{"@id":"https:\/\/www.strassenweb.de\/nachrichten\/#website"},"primaryImageOfPage":{"@id":"https:\/\/www.strassenweb.de\/nachrichten\/warum-kraeuseln-sich-meine-zitrusblaetter-5-gruende-fuer-verzogenes-laub\/#primaryimage"},"image":{"@id":"https:\/\/www.strassenweb.de\/nachrichten\/warum-kraeuseln-sich-meine-zitrusblaetter-5-gruende-fuer-verzogenes-laub\/#primaryimage"},"thumbnailUrl":"https:\/\/www.strassenweb.de\/nachrichten\/wp-content\/uploads\/2024\/10\/Warum-kraeuseln-sich-meine-Zitrusblaetter-5-Gruende-fuer-verzogenes-Laub.jpg","datePublished":"2024-10-02T19:05:53+00:00","dateModified":"2024-10-02T19:05:54+00:00","breadcrumb":{"@id":"https:\/\/www.strassenweb.de\/nachrichten\/warum-kraeuseln-sich-meine-zitrusblaetter-5-gruende-fuer-verzogenes-laub\/#breadcrumb"},"inLanguage":"de","potentialAction":[{"@type":"ReadAction","target":["https:\/\/www.strassenweb.de\/nachrichten\/warum-kraeuseln-sich-meine-zitrusblaetter-5-gruende-fuer-verzogenes-laub\/"]}]},{"@type":"ImageObject","inLanguage":"de","@id":"https:\/\/www.strassenweb.de\/nachrichten\/warum-kraeuseln-sich-meine-zitrusblaetter-5-gruende-fuer-verzogenes-laub\/#primaryimage","url":"https:\/\/www.strassenweb.de\/nachrichten\/wp-content\/uploads\/2024\/10\/Warum-kraeuseln-sich-meine-Zitrusblaetter-5-Gruende-fuer-verzogenes-Laub.jpg","contentUrl":"https:\/\/www.strassenweb.de\/nachrichten\/wp-content\/uploads\/2024\/10\/Warum-kraeuseln-sich-meine-Zitrusblaetter-5-Gruende-fuer-verzogenes-Laub.jpg","width":1200,"height":675,"caption":"Warum kr\u00e4useln sich meine Zitrusbl\u00e4tter? 5 Gr\u00fcnde f\u00fcr verzogenes Laub"},{"@type":"BreadcrumbList","@id":"https:\/\/www.strassenweb.de\/nachrichten\/warum-kraeuseln-sich-meine-zitrusblaetter-5-gruende-fuer-verzogenes-laub\/#breadcrumb","itemListElement":[{"@type":"ListItem","position":1,"name":"Home","item":"https:\/\/www.strassenweb.de\/nachrichten\/"},{"@type":"ListItem","position":2,"name":"Warum kr\u00e4useln sich meine Zitrusbl\u00e4tter? 5 Gr\u00fcnde f\u00fcr verzogenes Laub"}]},{"@type":"WebSite","@id":"https:\/\/www.strassenweb.de\/nachrichten\/#website","url":"https:\/\/www.strassenweb.de\/nachrichten\/","name":"Stra\u00dfenweb","description":"Stra\u00dfenverzeichnis f\u00fcr Deutschland","publisher":{"@id":"https:\/\/www.strassenweb.de\/nachrichten\/#organization"},"potentialAction":[{"@type":"SearchAction","target":{"@type":"EntryPoint","urlTemplate":"https:\/\/www.strassenweb.de\/nachrichten\/?s={search_term_string}"},"query-input":{"@type":"PropertyValueSpecification","valueRequired":true,"valueName":"search_term_string"}}],"inLanguage":"de"},{"@type":"Organization","@id":"https:\/\/www.strassenweb.de\/nachrichten\/#organization","name":"Stra\u00dfenweb","url":"https:\/\/www.strassenweb.de\/nachrichten\/","logo":{"@type":"ImageObject","inLanguage":"de","@id":"https:\/\/www.strassenweb.de\/nachrichten\/#\/schema\/logo\/image\/","url":"https:\/\/www.strassenweb.de\/nachrichten\/wp-content\/uploads\/2024\/09\/cropped-favicon.png","contentUrl":"https:\/\/www.strassenweb.de\/nachrichten\/wp-content\/uploads\/2024\/09\/cropped-favicon.png","width":512,"height":512,"caption":"Stra\u00dfenweb"},"image":{"@id":"https:\/\/www.strassenweb.de\/nachrichten\/#\/schema\/logo\/image\/"},"sameAs":["https:\/\/www.facebook.com\/strassenweb\/"]},{"@type":"Person","@id":"https:\/\/www.strassenweb.de\/nachrichten\/#\/schema\/person\/87c9c9067f1211da429a744dc5a5aa41","name":"Robert Hoffmann","image":{"@type":"ImageObject","inLanguage":"de","@id":"https:\/\/www.strassenweb.de\/nachrichten\/wp-content\/uploads\/2024\/09\/strassenweb-150x150.jpg","url":"https:\/\/www.strassenweb.de\/nachrichten\/wp-content\/uploads\/2024\/09\/strassenweb-150x150.jpg","contentUrl":"https:\/\/www.strassenweb.de\/nachrichten\/wp-content\/uploads\/2024\/09\/strassenweb-150x150.jpg","caption":"Robert Hoffmann"},"description":"Ich hei\u00dfe Robert Hoffmann und ich bin ein leidenschaftlicher Verfechter von \u00d6kologie und Biodiversit\u00e4t. Seit meiner Kindheit in den W\u00e4ldern Bayerns f\u00fchle ich mich mit der Natur verbunden und bin entschlossen, sie zu sch\u00fctzen. Heute widme ich mein Leben der Sensibilisierung anderer f\u00fcr die Bedeutung des Umweltschutzes f\u00fcr zuk\u00fcnftige Generationen.","sameAs":["https:\/\/www.strassenweb.de\/"]}]}},"_links":{"self":[{"href":"https:\/\/www.strassenweb.de\/nachrichten\/wp-json\/wp\/v2\/posts\/533","targetHints":{"allow":["GET"]}}],"collection":[{"href":"https:\/\/www.strassenweb.de\/nachrichten\/wp-json\/wp\/v2\/posts"}],"about":[{"href":"https:\/\/www.strassenweb.de\/nachrichten\/wp-json\/wp\/v2\/types\/post"}],"author":[{"embeddable":true,"href":"https:\/\/www.strassenweb.de\/nachrichten\/wp-json\/wp\/v2\/users\/1"}],"replies":[{"embeddable":true,"href":"https:\/\/www.strassenweb.de\/nachrichten\/wp-json\/wp\/v2\/comments?post=533"}],"version-history":[{"count":0,"href":"https:\/\/www.strassenweb.de\/nachrichten\/wp-json\/wp\/v2\/posts\/533\/revisions"}],"wp:featuredmedia":[{"embeddable":true,"href":"https:\/\/www.strassenweb.de\/nachrichten\/wp-json\/wp\/v2\/media\/534"}],"wp:attachment":[{"href":"https:\/\/www.strassenweb.de\/nachrichten\/wp-json\/wp\/v2\/media?parent=533"}],"wp:term":[{"taxonomy":"category","embeddable":true,"href":"https:\/\/www.strassenweb.de\/nachrichten\/wp-json\/wp\/v2\/categories?post=533"},{"taxonomy":"post_tag","embeddable":true,"href":"https:\/\/www.strassenweb.de\/nachrichten\/wp-json\/wp\/v2\/tags?post=533"}],"curies":[{"name":"wp","href":"https:\/\/api.w.org\/{rel}","templated":true}]}}