{"id":5306,"date":"2025-05-27T18:44:48","date_gmt":"2025-05-27T16:44:48","guid":{"rendered":"https:\/\/www.strassenweb.de\/nachrichten\/nature-charities-fordert-die-menschen-auf-die-natur-in-diesem-fruehjahr-vor-waldbraenden-zu-schuetzen\/"},"modified":"2025-05-27T18:44:48","modified_gmt":"2025-05-27T16:44:48","slug":"nature-charities-fordert-die-menschen-auf-die-natur-in-diesem-fruehjahr-vor-waldbraenden-zu-schuetzen","status":"publish","type":"post","link":"https:\/\/www.strassenweb.de\/nachrichten\/nature-charities-fordert-die-menschen-auf-die-natur-in-diesem-fruehjahr-vor-waldbraenden-zu-schuetzen\/","title":{"rendered":"Nature Charities fordert die Menschen auf, die Natur in diesem Fr\u00fchjahr vor Waldbr\u00e4nden zu sch\u00fctzen"},"content":{"rendered":"<ul class=\"wp-block-list\">\n<li><strong>Der RSPB und der National Trust bitten die Mitglieder der \u00d6ffentlichkeit, Waldbr\u00e4nde auf dem Land zu verhindern, um die Natur und die Tierwelt zu sch\u00fctzen <\/strong> <\/li>\n<li><strong>Fast alle Waldbr\u00e4nde in Gro\u00dfbritannien werden durch menschliche Aktivit\u00e4ten verursacht, aber wenn das hei\u00dfe und trockene Wetter weitergeht, wird erwartet, dass der National Fire Chiefs Council (NFCC) Waldbr\u00e4nde h\u00e4ufiger werden.<\/strong> <\/li>\n<li><strong>Die Wohlt\u00e4tigkeitsorganisationen geben einfache Ma\u00dfnahmen zum Schutz der wertvollen Gr\u00fcnfl\u00e4chen des Landes und bitten, dass Anzeichen von Br\u00e4nden sofort an die lokalen Feuerdienste gemeldet werden.<\/strong> <\/li>\n<\/ul>\n<p>RSPB, National Trust und NFCC bitten die Besucher des Landes, um Waldbr\u00e4nde an diesem Feiertagswochenende zu verhindern und Menschen, Natur und Wildtiere zu sch\u00fctzen. Das j\u00fcngste warme und trockene Wetter in Gro\u00dfbritannien erh\u00f6ht das Risiko, dass Br\u00e4nde ausgel\u00f6st werden, was verheerende Auswirkungen auf Menschen, Wildtiere und die kostbaren Gr\u00fcnfl\u00e4chen des Landes verursachen kann. Die Wohlt\u00e4tigkeitsorganisationen geben der \u00d6ffentlichkeit einfache Ma\u00dfnahmen zur Verf\u00fcgung, die dazu beitragen k\u00f6nnen, Br\u00e4nde zu verhindern, die Menschen zu sch\u00fctzen und die Umwelt und die Tierwelt zu sch\u00fctzen, die es zu Hause nennen. <\/p>\n<p>Bisher hat der Fr\u00fchling hohe Temperaturen und sehr niedrige Niederschl\u00e4ge verzeichnet. Da in Gro\u00dfbritannien im April etwas mehr als die H\u00e4lfte der erwarteten Niederschl\u00e4ge (57%) etwas mehr als die sonnigsten April seit Beginn der Aufzeichnungen erlebt haben, schafft das aktuelle Klima ideale Bedingungen f\u00fcr Waldbr\u00e4nde. Die NFCC warnt, dass in diesem Jahr bereits mehr als 200 Waldbr\u00e4nde als f\u00fcr den gleichen Zeitraum im Jahr 2022 zu sehen sind, was f\u00fcr Waldbr\u00e4nde das schlechteste Jahr war. Das Met Office hat auch vorausgesagt, dass es ein weiteres Jahr h\u00e4ufigerer hei\u00dfer Zaubers sein k\u00f6nnte, wobei die Temperaturen in allen Jahreszeiten weiter steigen. <\/p>\n<p>Da in diesem Jahr bereits gro\u00dfe Waldbr\u00e4nde gemeldet wurden, erinnern die Wohlt\u00e4tigkeitsorganisationen die Besucher daran, zus\u00e4tzliche Vorsichtsma\u00dfnahmen zu treffen. Der Anruf erfolgt, nachdem am Freitag (16. Mai) in Eastern Moors im Peak District ein Feuer ausgebrochen ist, das von RSPB und National Trust in Partnerschaft verwaltet wird. Eine Fl\u00e4che von ca. 300 m mal 100 m Moorland wurde verbrannt. Dank der gemeinsamen Bem\u00fchungen von Feuer- und Rettungsdiensten und Site -Teams wurde das Feuer innerhalb von Stunden gel\u00f6scht. Trotzdem bleiben die Teams in Alarmbereitschaft und bewerten nun das Ausma\u00df der verursachten Sch\u00e4den und m\u00f6gliche Auswirkungen auf die Tierwelt. Auf dem Standort befinden sich Arten der roten Liste wie die Bodennistung Skylark, die sich im H\u00f6hepunkt ihrer Brutzeit befinden. <\/p>\n<p>Da mehr Menschen diesen Sommer aufs Land gehen, ist es immer noch m\u00f6glich, das warme Wetter zu genie\u00dfen und auf die Natur zu achten. <strong>Die RSPB, der National Trust und der NFCC haben einfache Ma\u00dfnahmen zur Brandverh\u00fctung vorgelegt, denen jeder folgen kann:<\/strong> <\/p>\n<ul class=\"wp-block-list\">\n<li>Leuchten Sie keine offenen Br\u00e4nde an oder verwenden Sie keine Grillabende auf dem Land, au\u00dfer in speziell ausgewiesenen Gebieten. <\/li>\n<li>Grillabende und Lagerfeuer sind in vielen Country -Parks, Campingpl\u00e4tzen und offenen R\u00e4umen verboten. \u00dcberpr\u00fcfen Sie die lokalen Regeln und Einschr\u00e4nkungen und befolgen Sie sie immer. <\/li>\n<li>Rauchermaterialien richtig l\u00f6schen und niemals Zigarettenenden auf den Boden oder aus Autofenstern werfen &#8211; nehmen Sie Ihren gesamten M\u00fcll mit nach Hause.  <\/li>\n<li>Wenn Sie verd\u00e4chtiges Verhalten oder jemanden sehen, der absichtlich ein Feuer startet, melden Sie es der Polizei sofort oder anonym an Crimestoppers unter 0800 555 111. <\/li>\n<li>Wenn Sie auf dem Land ein Feuer sehen, rufen Sie 999 an und melden Sie es sofort dem Feuerwehr. Eine fr\u00fchzeitige Erkennung kann verhindern, dass sich ein kleines Feuer im Freien zu einem gro\u00dfen Lauffeuer -Vorfall entwickelt. Wissen Sie, wo Sie sich befinden, und verwenden Sie Apps wie What3Words, um dabei zu helfen. <\/li>\n<\/ul>\n<p>Das vielf\u00e4ltige Lebensnetz von Gro\u00dfbritannien bietet wichtige H\u00e4user f\u00fcr eine breite Palette von Wildtieren. Viele Arten sind auf unsere Landschaften mit Heide-, Grasland-, Schilf- und Waldlandschaften angewiesen, um zu \u00fcberleben und zu gedeihen. Diese Orte sind jedoch ein hohes Risiko aus Br\u00e4nden ausgesetzt, insbesondere im Fr\u00fchjahr und Sommer und l\u00e4ngere Trockenperioden. Grundnistende V\u00f6gel wie Nightjar, Curlew und Dartford Warbler sind in diesen Umgebungen besonders anf\u00e4llig. Aus gef\u00e4hrdete Wirbellose und alle sechs einheimischen Reptilienarten in Gro\u00dfbritannien, die in diesen Lebensr\u00e4umen zu finden sind, sind ebenfalls gef\u00e4hrdet. <\/p>\n<p>Der Klimawandel macht extreme Wetterereignisse-wie Hitzewellen-h\u00e4ufiger, langlebiger und intensiver. Dieses extreme Wetter erh\u00f6ht auch die Skala, Intensit\u00e4t und H\u00e4ufigkeit von Waldbr\u00e4nden in Gro\u00dfbritannien und global. Die Verhinderung von Waldbr\u00e4nden war noch nie wichtiger. <\/p>\n<p><strong>Der CEO von RSPB, Bechcy Speight, sagte:<\/strong> \u201c<em>\u201eWir sind dankbar f\u00fcr die Sorgfalt und Vorsicht, die die meisten unserer Besucher bei der Erkundung von RSPB -Naturschutzgebieten und der breiteren Landschaft einnehmen. Br\u00e4nde k\u00f6nnen jedoch von Gegenst\u00e4nden gestartet werden, von denen die Menschen nicht einmal ein Risiko in Betracht ziehen w\u00fcrden. Die Verwendung von Einweggrillern ist bei RSPB -Standorten nicht zugelassen, da sie an RSPB -Standorten nicht ein offenes Brandrisiko sind. Zigaretten-End-geschnitzt werden schnell zu einem Brand.<\/em> <\/p>\n<p><strong>Ben McCarthy, Leiterin der Naturesteration am National Trust, sagte:<\/strong> <em>\u201eMit einem Gro\u00dfteil der Landschaft, die der Tinder im Moment trocken ist, bitten wir alle, sich zus\u00e4tzlich zu k\u00fcmmern, wenn sie unterwegs sind. Wir wollen absolut, dass die Menschen im Freien im Freien kommen und die Natur genie\u00dfen, aber wir brauchen ihre Hilfe, um sich darum zu k\u00fcmmern. Im Laufe der Jahre haben wir gesehen, wie wir mit dem Sprudel mit dem Sprudel. Einmal, also brauchen wir die Hilfe der Menschen, um sich verantwortungsbewusst zu verhalten und Anzeichen eines Brandes dem Feuer- und Rettungsdienst zu melden. \u201c<\/em> <\/p>\n<p><strong>Ein Sprecher des National Fire Chiefs Council (NFCC): <\/strong><em>\u201eIn diesem Jahr verzeichnen wir einen klaren Anstieg der Anzahl und Intensit\u00e4t von Waldbr\u00e4nden in ganz Gro\u00dfbritannien, wobei Feuer- und Rettungsdienste zunehmend auf diese anspruchsvollen Vorf\u00e4lle reagieren. Um die Landschaft sicher zu genie\u00dfen, diesen Bankurlaub sicher und gleichzeitig dazu beitragen, die Menschen, Orte und die Tierwelt zu sch\u00fctzen, die wir alle sch\u00e4tzen. \u201c <\/em> <\/p>\n","protected":false},"excerpt":{"rendered":"<p>Der RSPB und der National Trust bitten die Mitglieder der \u00d6ffentlichkeit, Waldbr\u00e4nde auf dem Land zu verhindern, um die Natur und die Tierwelt zu sch\u00fctzen<\/p>\n","protected":false},"author":1,"featured_media":5307,"comment_status":"closed","ping_status":"","sticky":false,"template":"","format":"standard","meta":{"footnotes":""},"categories":[101],"tags":[46,7619,9,32,1072,4067,408,805,1330,1074,524,7620],"class_list":["post-5306","post","type-post","status-publish","format-standard","has-post-thumbnail","hentry","category-oekologie","tag-auf","tag-charities","tag-die","tag-diesem","tag-fordert","tag-fruehjahr","tag-menschen","tag-natur","tag-nature","tag-schuetzen","tag-vor","tag-waldbraenden","generate-columns","tablet-grid-50","mobile-grid-100","grid-parent","grid-50"],"yoast_head":"<!-- This site is optimized with the Yoast SEO plugin v27.3 - https:\/\/yoast.com\/product\/yoast-seo-wordpress\/ -->\n<title>Nature Charities fordert die Menschen auf, die Natur in diesem Fr\u00fchjahr vor Waldbr\u00e4nden zu sch\u00fctzen - Nachrichten - Stra\u00dfenweb<\/title>\n<meta name=\"robots\" content=\"index, follow, max-snippet:-1, max-image-preview:large, max-video-preview:-1\" \/>\n<link rel=\"canonical\" href=\"https:\/\/www.strassenweb.de\/nachrichten\/nature-charities-fordert-die-menschen-auf-die-natur-in-diesem-fruehjahr-vor-waldbraenden-zu-schuetzen\/\" \/>\n<meta property=\"og:locale\" content=\"de_DE\" \/>\n<meta property=\"og:type\" content=\"article\" \/>\n<meta property=\"og:title\" content=\"Nature Charities fordert die Menschen auf, die Natur in diesem Fr\u00fchjahr vor Waldbr\u00e4nden zu sch\u00fctzen - Nachrichten - Stra\u00dfenweb\" \/>\n<meta property=\"og:description\" content=\"Der RSPB und der National Trust bitten die Mitglieder der \u00d6ffentlichkeit, Waldbr\u00e4nde auf dem Land zu verhindern, um die Natur und die Tierwelt zu sch\u00fctzen\" \/>\n<meta property=\"og:url\" content=\"https:\/\/www.strassenweb.de\/nachrichten\/nature-charities-fordert-die-menschen-auf-die-natur-in-diesem-fruehjahr-vor-waldbraenden-zu-schuetzen\/\" \/>\n<meta property=\"og:site_name\" content=\"Stra\u00dfenweb\" \/>\n<meta property=\"article:publisher\" content=\"https:\/\/www.facebook.com\/strassenweb\/\" \/>\n<meta property=\"article:published_time\" content=\"2025-05-27T16:44:48+00:00\" \/>\n<meta property=\"og:image\" content=\"https:\/\/www.strassenweb.de\/nachrichten\/wp-content\/uploads\/2025\/05\/Nature-Charities-fordert-die-Menschen-auf-die-Natur-in-diesem.jpg\" \/>\n\t<meta property=\"og:image:width\" content=\"900\" \/>\n\t<meta property=\"og:image:height\" content=\"600\" \/>\n\t<meta property=\"og:image:type\" content=\"image\/jpeg\" \/>\n<meta name=\"author\" content=\"Robert Hoffmann\" \/>\n<meta name=\"twitter:card\" content=\"summary_large_image\" \/>\n<meta name=\"twitter:label1\" content=\"Verfasst von\" \/>\n\t<meta name=\"twitter:data1\" content=\"Robert Hoffmann\" \/>\n\t<meta name=\"twitter:label2\" content=\"Gesch\u00e4tzte Lesezeit\" \/>\n\t<meta name=\"twitter:data2\" content=\"5\u00a0Minuten\" \/>\n<script type=\"application\/ld+json\" class=\"yoast-schema-graph\">{\"@context\":\"https:\\\/\\\/schema.org\",\"@graph\":[{\"@type\":\"Article\",\"@id\":\"https:\\\/\\\/www.strassenweb.de\\\/nachrichten\\\/nature-charities-fordert-die-menschen-auf-die-natur-in-diesem-fruehjahr-vor-waldbraenden-zu-schuetzen\\\/#article\",\"isPartOf\":{\"@id\":\"https:\\\/\\\/www.strassenweb.de\\\/nachrichten\\\/nature-charities-fordert-die-menschen-auf-die-natur-in-diesem-fruehjahr-vor-waldbraenden-zu-schuetzen\\\/\"},\"author\":{\"name\":\"Robert Hoffmann\",\"@id\":\"https:\\\/\\\/www.strassenweb.de\\\/nachrichten\\\/#\\\/schema\\\/person\\\/87c9c9067f1211da429a744dc5a5aa41\"},\"headline\":\"Nature Charities fordert die Menschen auf, die Natur in diesem Fr\u00fchjahr vor Waldbr\u00e4nden zu sch\u00fctzen\",\"datePublished\":\"2025-05-27T16:44:48+00:00\",\"mainEntityOfPage\":{\"@id\":\"https:\\\/\\\/www.strassenweb.de\\\/nachrichten\\\/nature-charities-fordert-die-menschen-auf-die-natur-in-diesem-fruehjahr-vor-waldbraenden-zu-schuetzen\\\/\"},\"wordCount\":1033,\"publisher\":{\"@id\":\"https:\\\/\\\/www.strassenweb.de\\\/nachrichten\\\/#organization\"},\"image\":{\"@id\":\"https:\\\/\\\/www.strassenweb.de\\\/nachrichten\\\/nature-charities-fordert-die-menschen-auf-die-natur-in-diesem-fruehjahr-vor-waldbraenden-zu-schuetzen\\\/#primaryimage\"},\"thumbnailUrl\":\"https:\\\/\\\/www.strassenweb.de\\\/nachrichten\\\/wp-content\\\/uploads\\\/2025\\\/05\\\/Nature-Charities-fordert-die-Menschen-auf-die-Natur-in-diesem.jpg\",\"keywords\":[\"auf\",\"Charities\",\"die\",\"diesem\",\"fordert\",\"Fr\u00fchjahr\",\"Menschen\",\"Natur\",\"Nature\",\"sch\u00fctzen\",\"vor\",\"Waldbr\u00e4nden\"],\"articleSection\":[\"\u00d6kologie\"],\"inLanguage\":\"de\"},{\"@type\":\"WebPage\",\"@id\":\"https:\\\/\\\/www.strassenweb.de\\\/nachrichten\\\/nature-charities-fordert-die-menschen-auf-die-natur-in-diesem-fruehjahr-vor-waldbraenden-zu-schuetzen\\\/\",\"url\":\"https:\\\/\\\/www.strassenweb.de\\\/nachrichten\\\/nature-charities-fordert-die-menschen-auf-die-natur-in-diesem-fruehjahr-vor-waldbraenden-zu-schuetzen\\\/\",\"name\":\"Nature Charities fordert die Menschen auf, die Natur in diesem Fr\u00fchjahr vor Waldbr\u00e4nden zu sch\u00fctzen - Nachrichten - Stra\u00dfenweb\",\"isPartOf\":{\"@id\":\"https:\\\/\\\/www.strassenweb.de\\\/nachrichten\\\/#website\"},\"primaryImageOfPage\":{\"@id\":\"https:\\\/\\\/www.strassenweb.de\\\/nachrichten\\\/nature-charities-fordert-die-menschen-auf-die-natur-in-diesem-fruehjahr-vor-waldbraenden-zu-schuetzen\\\/#primaryimage\"},\"image\":{\"@id\":\"https:\\\/\\\/www.strassenweb.de\\\/nachrichten\\\/nature-charities-fordert-die-menschen-auf-die-natur-in-diesem-fruehjahr-vor-waldbraenden-zu-schuetzen\\\/#primaryimage\"},\"thumbnailUrl\":\"https:\\\/\\\/www.strassenweb.de\\\/nachrichten\\\/wp-content\\\/uploads\\\/2025\\\/05\\\/Nature-Charities-fordert-die-Menschen-auf-die-Natur-in-diesem.jpg\",\"datePublished\":\"2025-05-27T16:44:48+00:00\",\"breadcrumb\":{\"@id\":\"https:\\\/\\\/www.strassenweb.de\\\/nachrichten\\\/nature-charities-fordert-die-menschen-auf-die-natur-in-diesem-fruehjahr-vor-waldbraenden-zu-schuetzen\\\/#breadcrumb\"},\"inLanguage\":\"de\",\"potentialAction\":[{\"@type\":\"ReadAction\",\"target\":[\"https:\\\/\\\/www.strassenweb.de\\\/nachrichten\\\/nature-charities-fordert-die-menschen-auf-die-natur-in-diesem-fruehjahr-vor-waldbraenden-zu-schuetzen\\\/\"]}]},{\"@type\":\"ImageObject\",\"inLanguage\":\"de\",\"@id\":\"https:\\\/\\\/www.strassenweb.de\\\/nachrichten\\\/nature-charities-fordert-die-menschen-auf-die-natur-in-diesem-fruehjahr-vor-waldbraenden-zu-schuetzen\\\/#primaryimage\",\"url\":\"https:\\\/\\\/www.strassenweb.de\\\/nachrichten\\\/wp-content\\\/uploads\\\/2025\\\/05\\\/Nature-Charities-fordert-die-Menschen-auf-die-Natur-in-diesem.jpg\",\"contentUrl\":\"https:\\\/\\\/www.strassenweb.de\\\/nachrichten\\\/wp-content\\\/uploads\\\/2025\\\/05\\\/Nature-Charities-fordert-die-Menschen-auf-die-Natur-in-diesem.jpg\",\"width\":900,\"height\":600,\"caption\":\"Nature charities urge people to keep nature safe from wildfires this spring\"},{\"@type\":\"BreadcrumbList\",\"@id\":\"https:\\\/\\\/www.strassenweb.de\\\/nachrichten\\\/nature-charities-fordert-die-menschen-auf-die-natur-in-diesem-fruehjahr-vor-waldbraenden-zu-schuetzen\\\/#breadcrumb\",\"itemListElement\":[{\"@type\":\"ListItem\",\"position\":1,\"name\":\"Home\",\"item\":\"https:\\\/\\\/www.strassenweb.de\\\/nachrichten\\\/\"},{\"@type\":\"ListItem\",\"position\":2,\"name\":\"Nature Charities fordert die Menschen auf, die Natur in diesem Fr\u00fchjahr vor Waldbr\u00e4nden zu sch\u00fctzen\"}]},{\"@type\":\"WebSite\",\"@id\":\"https:\\\/\\\/www.strassenweb.de\\\/nachrichten\\\/#website\",\"url\":\"https:\\\/\\\/www.strassenweb.de\\\/nachrichten\\\/\",\"name\":\"Stra\u00dfenweb\",\"description\":\"Stra\u00dfenverzeichnis f\u00fcr Deutschland\",\"publisher\":{\"@id\":\"https:\\\/\\\/www.strassenweb.de\\\/nachrichten\\\/#organization\"},\"potentialAction\":[{\"@type\":\"SearchAction\",\"target\":{\"@type\":\"EntryPoint\",\"urlTemplate\":\"https:\\\/\\\/www.strassenweb.de\\\/nachrichten\\\/?s={search_term_string}\"},\"query-input\":{\"@type\":\"PropertyValueSpecification\",\"valueRequired\":true,\"valueName\":\"search_term_string\"}}],\"inLanguage\":\"de\"},{\"@type\":\"Organization\",\"@id\":\"https:\\\/\\\/www.strassenweb.de\\\/nachrichten\\\/#organization\",\"name\":\"Stra\u00dfenweb\",\"url\":\"https:\\\/\\\/www.strassenweb.de\\\/nachrichten\\\/\",\"logo\":{\"@type\":\"ImageObject\",\"inLanguage\":\"de\",\"@id\":\"https:\\\/\\\/www.strassenweb.de\\\/nachrichten\\\/#\\\/schema\\\/logo\\\/image\\\/\",\"url\":\"https:\\\/\\\/www.strassenweb.de\\\/nachrichten\\\/wp-content\\\/uploads\\\/2024\\\/09\\\/cropped-favicon.png\",\"contentUrl\":\"https:\\\/\\\/www.strassenweb.de\\\/nachrichten\\\/wp-content\\\/uploads\\\/2024\\\/09\\\/cropped-favicon.png\",\"width\":512,\"height\":512,\"caption\":\"Stra\u00dfenweb\"},\"image\":{\"@id\":\"https:\\\/\\\/www.strassenweb.de\\\/nachrichten\\\/#\\\/schema\\\/logo\\\/image\\\/\"},\"sameAs\":[\"https:\\\/\\\/www.facebook.com\\\/strassenweb\\\/\"]},{\"@type\":\"Person\",\"@id\":\"https:\\\/\\\/www.strassenweb.de\\\/nachrichten\\\/#\\\/schema\\\/person\\\/87c9c9067f1211da429a744dc5a5aa41\",\"name\":\"Robert Hoffmann\",\"image\":{\"@type\":\"ImageObject\",\"inLanguage\":\"de\",\"@id\":\"https:\\\/\\\/www.strassenweb.de\\\/nachrichten\\\/wp-content\\\/uploads\\\/2024\\\/09\\\/strassenweb-150x150.jpg\",\"url\":\"https:\\\/\\\/www.strassenweb.de\\\/nachrichten\\\/wp-content\\\/uploads\\\/2024\\\/09\\\/strassenweb-150x150.jpg\",\"contentUrl\":\"https:\\\/\\\/www.strassenweb.de\\\/nachrichten\\\/wp-content\\\/uploads\\\/2024\\\/09\\\/strassenweb-150x150.jpg\",\"caption\":\"Robert Hoffmann\"},\"description\":\"Ich hei\u00dfe Robert Hoffmann und ich bin ein leidenschaftlicher Verfechter von \u00d6kologie und Biodiversit\u00e4t. Seit meiner Kindheit in den W\u00e4ldern Bayerns f\u00fchle ich mich mit der Natur verbunden und bin entschlossen, sie zu sch\u00fctzen. Heute widme ich mein Leben der Sensibilisierung anderer f\u00fcr die Bedeutung des Umweltschutzes f\u00fcr zuk\u00fcnftige Generationen.\",\"sameAs\":[\"https:\\\/\\\/www.strassenweb.de\\\/\"]}]}<\/script>\n<!-- \/ Yoast SEO plugin. -->","yoast_head_json":{"title":"Nature Charities fordert die Menschen auf, die Natur in diesem Fr\u00fchjahr vor Waldbr\u00e4nden zu sch\u00fctzen - Nachrichten - Stra\u00dfenweb","robots":{"index":"index","follow":"follow","max-snippet":"max-snippet:-1","max-image-preview":"max-image-preview:large","max-video-preview":"max-video-preview:-1"},"canonical":"https:\/\/www.strassenweb.de\/nachrichten\/nature-charities-fordert-die-menschen-auf-die-natur-in-diesem-fruehjahr-vor-waldbraenden-zu-schuetzen\/","og_locale":"de_DE","og_type":"article","og_title":"Nature Charities fordert die Menschen auf, die Natur in diesem Fr\u00fchjahr vor Waldbr\u00e4nden zu sch\u00fctzen - Nachrichten - Stra\u00dfenweb","og_description":"Der RSPB und der National Trust bitten die Mitglieder der \u00d6ffentlichkeit, Waldbr\u00e4nde auf dem Land zu verhindern, um die Natur und die Tierwelt zu sch\u00fctzen","og_url":"https:\/\/www.strassenweb.de\/nachrichten\/nature-charities-fordert-die-menschen-auf-die-natur-in-diesem-fruehjahr-vor-waldbraenden-zu-schuetzen\/","og_site_name":"Stra\u00dfenweb","article_publisher":"https:\/\/www.facebook.com\/strassenweb\/","article_published_time":"2025-05-27T16:44:48+00:00","og_image":[{"width":900,"height":600,"url":"https:\/\/www.strassenweb.de\/nachrichten\/wp-content\/uploads\/2025\/05\/Nature-Charities-fordert-die-Menschen-auf-die-Natur-in-diesem.jpg","type":"image\/jpeg"}],"author":"Robert Hoffmann","twitter_card":"summary_large_image","twitter_misc":{"Verfasst von":"Robert Hoffmann","Gesch\u00e4tzte Lesezeit":"5\u00a0Minuten"},"schema":{"@context":"https:\/\/schema.org","@graph":[{"@type":"Article","@id":"https:\/\/www.strassenweb.de\/nachrichten\/nature-charities-fordert-die-menschen-auf-die-natur-in-diesem-fruehjahr-vor-waldbraenden-zu-schuetzen\/#article","isPartOf":{"@id":"https:\/\/www.strassenweb.de\/nachrichten\/nature-charities-fordert-die-menschen-auf-die-natur-in-diesem-fruehjahr-vor-waldbraenden-zu-schuetzen\/"},"author":{"name":"Robert Hoffmann","@id":"https:\/\/www.strassenweb.de\/nachrichten\/#\/schema\/person\/87c9c9067f1211da429a744dc5a5aa41"},"headline":"Nature Charities fordert die Menschen auf, die Natur in diesem Fr\u00fchjahr vor Waldbr\u00e4nden zu sch\u00fctzen","datePublished":"2025-05-27T16:44:48+00:00","mainEntityOfPage":{"@id":"https:\/\/www.strassenweb.de\/nachrichten\/nature-charities-fordert-die-menschen-auf-die-natur-in-diesem-fruehjahr-vor-waldbraenden-zu-schuetzen\/"},"wordCount":1033,"publisher":{"@id":"https:\/\/www.strassenweb.de\/nachrichten\/#organization"},"image":{"@id":"https:\/\/www.strassenweb.de\/nachrichten\/nature-charities-fordert-die-menschen-auf-die-natur-in-diesem-fruehjahr-vor-waldbraenden-zu-schuetzen\/#primaryimage"},"thumbnailUrl":"https:\/\/www.strassenweb.de\/nachrichten\/wp-content\/uploads\/2025\/05\/Nature-Charities-fordert-die-Menschen-auf-die-Natur-in-diesem.jpg","keywords":["auf","Charities","die","diesem","fordert","Fr\u00fchjahr","Menschen","Natur","Nature","sch\u00fctzen","vor","Waldbr\u00e4nden"],"articleSection":["\u00d6kologie"],"inLanguage":"de"},{"@type":"WebPage","@id":"https:\/\/www.strassenweb.de\/nachrichten\/nature-charities-fordert-die-menschen-auf-die-natur-in-diesem-fruehjahr-vor-waldbraenden-zu-schuetzen\/","url":"https:\/\/www.strassenweb.de\/nachrichten\/nature-charities-fordert-die-menschen-auf-die-natur-in-diesem-fruehjahr-vor-waldbraenden-zu-schuetzen\/","name":"Nature Charities fordert die Menschen auf, die Natur in diesem Fr\u00fchjahr vor Waldbr\u00e4nden zu sch\u00fctzen - Nachrichten - Stra\u00dfenweb","isPartOf":{"@id":"https:\/\/www.strassenweb.de\/nachrichten\/#website"},"primaryImageOfPage":{"@id":"https:\/\/www.strassenweb.de\/nachrichten\/nature-charities-fordert-die-menschen-auf-die-natur-in-diesem-fruehjahr-vor-waldbraenden-zu-schuetzen\/#primaryimage"},"image":{"@id":"https:\/\/www.strassenweb.de\/nachrichten\/nature-charities-fordert-die-menschen-auf-die-natur-in-diesem-fruehjahr-vor-waldbraenden-zu-schuetzen\/#primaryimage"},"thumbnailUrl":"https:\/\/www.strassenweb.de\/nachrichten\/wp-content\/uploads\/2025\/05\/Nature-Charities-fordert-die-Menschen-auf-die-Natur-in-diesem.jpg","datePublished":"2025-05-27T16:44:48+00:00","breadcrumb":{"@id":"https:\/\/www.strassenweb.de\/nachrichten\/nature-charities-fordert-die-menschen-auf-die-natur-in-diesem-fruehjahr-vor-waldbraenden-zu-schuetzen\/#breadcrumb"},"inLanguage":"de","potentialAction":[{"@type":"ReadAction","target":["https:\/\/www.strassenweb.de\/nachrichten\/nature-charities-fordert-die-menschen-auf-die-natur-in-diesem-fruehjahr-vor-waldbraenden-zu-schuetzen\/"]}]},{"@type":"ImageObject","inLanguage":"de","@id":"https:\/\/www.strassenweb.de\/nachrichten\/nature-charities-fordert-die-menschen-auf-die-natur-in-diesem-fruehjahr-vor-waldbraenden-zu-schuetzen\/#primaryimage","url":"https:\/\/www.strassenweb.de\/nachrichten\/wp-content\/uploads\/2025\/05\/Nature-Charities-fordert-die-Menschen-auf-die-Natur-in-diesem.jpg","contentUrl":"https:\/\/www.strassenweb.de\/nachrichten\/wp-content\/uploads\/2025\/05\/Nature-Charities-fordert-die-Menschen-auf-die-Natur-in-diesem.jpg","width":900,"height":600,"caption":"Nature charities urge people to keep nature safe from wildfires this spring"},{"@type":"BreadcrumbList","@id":"https:\/\/www.strassenweb.de\/nachrichten\/nature-charities-fordert-die-menschen-auf-die-natur-in-diesem-fruehjahr-vor-waldbraenden-zu-schuetzen\/#breadcrumb","itemListElement":[{"@type":"ListItem","position":1,"name":"Home","item":"https:\/\/www.strassenweb.de\/nachrichten\/"},{"@type":"ListItem","position":2,"name":"Nature Charities fordert die Menschen auf, die Natur in diesem Fr\u00fchjahr vor Waldbr\u00e4nden zu sch\u00fctzen"}]},{"@type":"WebSite","@id":"https:\/\/www.strassenweb.de\/nachrichten\/#website","url":"https:\/\/www.strassenweb.de\/nachrichten\/","name":"Stra\u00dfenweb","description":"Stra\u00dfenverzeichnis f\u00fcr Deutschland","publisher":{"@id":"https:\/\/www.strassenweb.de\/nachrichten\/#organization"},"potentialAction":[{"@type":"SearchAction","target":{"@type":"EntryPoint","urlTemplate":"https:\/\/www.strassenweb.de\/nachrichten\/?s={search_term_string}"},"query-input":{"@type":"PropertyValueSpecification","valueRequired":true,"valueName":"search_term_string"}}],"inLanguage":"de"},{"@type":"Organization","@id":"https:\/\/www.strassenweb.de\/nachrichten\/#organization","name":"Stra\u00dfenweb","url":"https:\/\/www.strassenweb.de\/nachrichten\/","logo":{"@type":"ImageObject","inLanguage":"de","@id":"https:\/\/www.strassenweb.de\/nachrichten\/#\/schema\/logo\/image\/","url":"https:\/\/www.strassenweb.de\/nachrichten\/wp-content\/uploads\/2024\/09\/cropped-favicon.png","contentUrl":"https:\/\/www.strassenweb.de\/nachrichten\/wp-content\/uploads\/2024\/09\/cropped-favicon.png","width":512,"height":512,"caption":"Stra\u00dfenweb"},"image":{"@id":"https:\/\/www.strassenweb.de\/nachrichten\/#\/schema\/logo\/image\/"},"sameAs":["https:\/\/www.facebook.com\/strassenweb\/"]},{"@type":"Person","@id":"https:\/\/www.strassenweb.de\/nachrichten\/#\/schema\/person\/87c9c9067f1211da429a744dc5a5aa41","name":"Robert Hoffmann","image":{"@type":"ImageObject","inLanguage":"de","@id":"https:\/\/www.strassenweb.de\/nachrichten\/wp-content\/uploads\/2024\/09\/strassenweb-150x150.jpg","url":"https:\/\/www.strassenweb.de\/nachrichten\/wp-content\/uploads\/2024\/09\/strassenweb-150x150.jpg","contentUrl":"https:\/\/www.strassenweb.de\/nachrichten\/wp-content\/uploads\/2024\/09\/strassenweb-150x150.jpg","caption":"Robert Hoffmann"},"description":"Ich hei\u00dfe Robert Hoffmann und ich bin ein leidenschaftlicher Verfechter von \u00d6kologie und Biodiversit\u00e4t. Seit meiner Kindheit in den W\u00e4ldern Bayerns f\u00fchle ich mich mit der Natur verbunden und bin entschlossen, sie zu sch\u00fctzen. Heute widme ich mein Leben der Sensibilisierung anderer f\u00fcr die Bedeutung des Umweltschutzes f\u00fcr zuk\u00fcnftige Generationen.","sameAs":["https:\/\/www.strassenweb.de\/"]}]}},"_links":{"self":[{"href":"https:\/\/www.strassenweb.de\/nachrichten\/wp-json\/wp\/v2\/posts\/5306","targetHints":{"allow":["GET"]}}],"collection":[{"href":"https:\/\/www.strassenweb.de\/nachrichten\/wp-json\/wp\/v2\/posts"}],"about":[{"href":"https:\/\/www.strassenweb.de\/nachrichten\/wp-json\/wp\/v2\/types\/post"}],"author":[{"embeddable":true,"href":"https:\/\/www.strassenweb.de\/nachrichten\/wp-json\/wp\/v2\/users\/1"}],"replies":[{"embeddable":true,"href":"https:\/\/www.strassenweb.de\/nachrichten\/wp-json\/wp\/v2\/comments?post=5306"}],"version-history":[{"count":0,"href":"https:\/\/www.strassenweb.de\/nachrichten\/wp-json\/wp\/v2\/posts\/5306\/revisions"}],"wp:featuredmedia":[{"embeddable":true,"href":"https:\/\/www.strassenweb.de\/nachrichten\/wp-json\/wp\/v2\/media\/5307"}],"wp:attachment":[{"href":"https:\/\/www.strassenweb.de\/nachrichten\/wp-json\/wp\/v2\/media?parent=5306"}],"wp:term":[{"taxonomy":"category","embeddable":true,"href":"https:\/\/www.strassenweb.de\/nachrichten\/wp-json\/wp\/v2\/categories?post=5306"},{"taxonomy":"post_tag","embeddable":true,"href":"https:\/\/www.strassenweb.de\/nachrichten\/wp-json\/wp\/v2\/tags?post=5306"}],"curies":[{"name":"wp","href":"https:\/\/api.w.org\/{rel}","templated":true}]}}