{"id":5300,"date":"2025-05-27T14:39:22","date_gmt":"2025-05-27T12:39:22","guid":{"rendered":"https:\/\/www.strassenweb.de\/nachrichten\/die-stille-der-schwaene-der-neue-bericht-zeigt-die-sorge-um-beliebte-voegel\/"},"modified":"2025-05-27T14:39:22","modified_gmt":"2025-05-27T12:39:22","slug":"die-stille-der-schwaene-der-neue-bericht-zeigt-die-sorge-um-beliebte-voegel","status":"publish","type":"post","link":"https:\/\/www.strassenweb.de\/nachrichten\/die-stille-der-schwaene-der-neue-bericht-zeigt-die-sorge-um-beliebte-voegel\/","title":{"rendered":"Die Stille der Schw\u00e4ne: Der neue Bericht zeigt die Sorge um beliebte V\u00f6gel"},"content":{"rendered":"<p class=\"has-text-align-center\"><strong>Ein neuer Bericht, der heute vom British Trust for Ornithology (BTO) in Zusammenarbeit mit RSPB und JNCC ver\u00f6ffentlicht wurde, zeigt die Auswirkungen von Vogel -Influenza auf stumme Schw\u00e4ne in ganz Gro\u00dfbritannien.<\/strong><\/p>\n<p class=\"has-text-align-center\"><strong>Der Bericht von Wetland Bird Survey (Web) unterstreicht auch, wie wichtig es ist, gesch\u00fctzte Gebiete f\u00fcr wichtige \u00dcberwinterung und wandernde Wilds und Waders aufrechtzuerhalten.<\/strong><\/p>\n<p>Das Vereinigte K\u00f6nigreich ist eine international wichtige Anzahl von \u00dcberwinterungswasserv\u00f6geln, und das langj\u00e4hrige Netz- und G\u00e4nse- und SWAN-\u00dcberwachungsprogramm (GSMP) liefern wesentliche Daten, die Entscheidungstr\u00e4ger bei der Pr\u00fcfung von Naturschutzma\u00dfnahmen f\u00fcr diese V\u00f6gel informieren.<\/p>\n<p>Mit den Daten von \u00fcber 3.800 engagierten Freiwilligen in ganz Gro\u00dfbritannien liefern die Umfragen eine j\u00e4hrliche Einsch\u00e4tzung von Enten, G\u00e4nsen, Schw\u00e4nen, Waders und anderen Wasserv\u00f6geln, die auf unseren K\u00fcsten, Flussm\u00fcndungen, Seen, Stauseen und Fl\u00fcssen bestehen oder durchlaufen.<\/p>\n<p>Der Bericht von 2023\/24 Webs zeigt noch mehr Ver\u00e4nderungen in den Verm\u00f6gen vieler unserer Wildv\u00f6gel und Waders.<\/p>\n<p>Selten weit von den Schlagzeilen entfernt, hat in den letzten Jahren eine hohe pathogenit\u00e4tsvielerische Influenza, auch als Vogelgrippe bekannt, in bestimmten Arten Chaos angerufen. Zusammen mit Seev\u00f6geln geh\u00f6ren Wildfowl unter den Gruppen von Wildv\u00f6geln, die stark getroffen wurden. Dies ist teilweise auf die Tatsache zur\u00fcckzuf\u00fchren, dass sich diese V\u00f6gel h\u00e4ufig in gro\u00dfer Anzahl versammeln, was es dem Virus erm\u00f6glicht, sich schnell auszubreiten.<\/p>\n<p>Die stummen Schw\u00e4ne geh\u00f6ren zu unseren bekanntesten Wasserv\u00f6geln, und im ganzen Land waren Berichte \u00fcber tote und sterbende V\u00f6gel im ganzen Land weit verbreitet. Im Jahr 2021 wurden im Laufe der Vogelgrippe mehr stumme Schw\u00e4ne positiv auf Vogelgrippe getestet als alle anderen Wildvogelarten, w\u00e4hrend es die zweith\u00e4ufigste Arten von 2022 war.<\/p>\n<p>J\u00e4hrliche Bev\u00f6lkerungsstatistiken von Waterbirds, die heute im Webbericht ver\u00f6ffentlicht wurden, zeigen, dass im Winter 2023\/24 die stummen Swan -Zahlen in England, Schottland und Wales seit 25 Jahren auf das niedrigste Niveau zur\u00fcckgegangen sind. Es ist nicht m\u00f6glich, sicher zu sein, ob dieser R\u00fcckgang vollst\u00e4ndig eine direkte Folge von Todesf\u00e4llen der Vogelgrippe ist, aber es zeigt an, wie verletzlich einige unserer bekanntesten Feuchtgebiete f\u00fcr Ver\u00e4nderungen in ihrer Umwelt sowie andere Bedrohungen und Drucke sein k\u00f6nnen. <\/p>\n<h3 class=\"wp-block-heading\">Bewertung von Schutzgebieten<\/h3>\n<p>Alle paar Jahre enth\u00e4lt der j\u00e4hrliche Webbericht auch &#8222;Web -Benachrichtigungen&#8220;. Dies sind wichtige &#8222;Stocktakes&#8220;, die untersuchen, wie sich winterliche Wasserv\u00f6gel auf Standorten, die rechtlich f\u00fcr sie gesch\u00fctzt sind, im Vergleich dazu, wie sie in der breiteren Landschaft zu sch\u00fctzen sind, ausf\u00fchren.<\/p>\n<p>Unter den vielen Erkenntnissen ist klar, dass mehrere Arten in den Schutzgebieten Gro\u00dfbritanniens konsequent zur\u00fcckgehen.<\/p>\n<p>Beispielsweise werden langfristige R\u00fcckg\u00e4nge bei mehreren Seaduck-Arten mit SCAUP, Velvet Scoter und Langschwanz-Enten um 70% oder mehr ausgesprochen. Andere Arten, die anhaltende Abw\u00e4rtstrends aufweisen, sind Goldeneye, Curlew, Grau -Plover und Ringed Plover.<\/p>\n<p>Diese Muster stimmen mit einer umfassenderen Bev\u00f6lkerungsver\u00e4nderungen oder Ver\u00e4nderungen der Eignung des Lebensraums \u00fcberein und spiegeln den Druck wider, der an einzelnen Standorten m\u00f6glicherweise nicht leicht angesprochen wird. Mit anderen Worten, die Populationen k\u00f6nnen aufgrund anderer Faktoren erhebliche Ver\u00e4nderungen durchf\u00fchren, und die benannten \u00dcberwinterungs- oder Stop-Off-Standorte bleiben f\u00fcr diejenigen V\u00f6gel, die sie verwenden, unerl\u00e4sslich.<\/p>\n<p>Nachdem der Erfolg des Standortschutzes f\u00fcr mehr als die H\u00e4lfte aller 472 Artenbewertungen die Bev\u00f6lkerung auf dem gesch\u00fctzten Standort besser als zu erwarten war oder sich von historischen Standortr\u00fcckg\u00e4ngen erholt hat, verglichen mit dem, wie die Arten regional oder national entwickelt wurde. Es gibt auch einige Arten mit zunehmenden Winterpopulationen-wie Avocet und Schwarzschwanz-Godwit-, bei denen sie den Anteil, der sich in einem speziellen Schutzgebiet befindet, reduziert werden, wenn sie in andere, weniger Prime, Feuchtgebiete ausgehen.<\/p>\n<p>Nur durch Messung der Qualit\u00e4t der gesch\u00fctzten Gebiete und ihres Wertes f\u00fcr Schl\u00fcsselarten k\u00f6nnen Erhaltungsentscheidungen die Bed\u00fcrfnisse der V\u00f6gel widerspiegeln, die sie verwenden, sowie Flaggenprobleme, die zuk\u00fcnftige Erhaltungsbem\u00fchungen lenken k\u00f6nnen.<\/p>\n<p><strong>Dr. Teresa Frost, BTOs Kopf von Waterbird Monitoring, sagte:<\/strong> \u201eWir leben in einer sich schnell ver\u00e4ndernden Welt, und Feuchtgebietsumgebungen sind allen Arten von Druck ausgesetzt, die sich auf die Anzahl der Schw\u00e4ne, Enten, Wader und andere Wasserv\u00f6gel auswirken, die wir beim Besuch sehen. W\u00e4hrend wir hoffen, dass sich Vogelpopulationen von krankheitsbezogenen Todesf\u00e4llen erholen k\u00f6nnen, ist es wichtig, sie weiter zu \u00fcberwachen, so viele andere Faktoren ihre Zahlen auf ihre Zahlen auf ihre Zahlen auf ihre Zahlen auf local und national.&#8220;<\/p>\n<p><strong>Simon Wotton, Senior Conservation Scientist bei der RSPB<\/strong> <strong>sagte<\/strong>\u201eViele der unter Netze befragten Standorte sind von internationaler Bedeutung und werden als spezielle Schutzgebiete bezeichnet. Der gro\u00dfe R\u00fcckgang bei mehreren Feuchtgebieten an vielen dieser Standorte bezieht sich auf und zeigt die umfassenderen Auswirkungen des Klimawandels auf den R\u00fcckgang der Arten und die Migrations\u00e4nderungen.<\/p>\n<p><strong>Dr. Kirsi Peck, Beweisspezialist bei JNCC, sagte:<\/strong> \u201eIn unserer Umwelt, die durch den Klimawandel, den Verlust von Lebensr\u00e4umen und den unvorhersehbaren Druck wie Krankheiten beeinflusst wird, k\u00f6nnen wir den Wasserv\u00f6geln, die jeden Winter in international signifikanten Zahlen auf Gro\u00dfbritannien angewiesen sind. Fortsetzung der \u00dcberwachung durch Webs und GSMP ist f\u00fcr unser Verst\u00e4ndnis von entscheidender Bedeutung und hilft, ohne Erhaltung von Richtlinien und Ma\u00dfnahmen das wichtige Netzwerk der Feuchtgebietsstandorte aufrechtzuerhalten. Diese Birds k\u00f6nnen nicht \u00fcberleben.\u201c<\/p>\n<p>Lesen Sie den Bericht <strong>Hier<\/strong>.<\/p>\n<p><em>Die Warnungen wurden von Natural England und Web Partners finanziert.<\/em><\/p>\n<hr class=\"wp-block-separator has-alpha-channel-opacity\">\n<p><em>Bildnachweis: Langschwanz Ente von Sarah Kelman BTO<\/em><\/p><\/p>\n","protected":false},"excerpt":{"rendered":"<p>Ein neuer Bericht, der heute vom British Trust for Ornithology (BTO) in Zusammenarbeit mit RSPB und JNCC ver\u00f6ffentlicht wurde, zeigt die Auswirkungen von Vogel -Influenza<\/p>\n","protected":false},"author":1,"featured_media":5301,"comment_status":"closed","ping_status":"","sticky":false,"template":"","format":"standard","meta":{"footnotes":""},"categories":[101],"tags":[1682,2146,81,9,108,7617,7618,7616,918,110],"class_list":["post-5300","post","type-post","status-publish","format-standard","has-post-thumbnail","hentry","category-oekologie","tag-beliebte","tag-bericht","tag-der","tag-die","tag-neue","tag-schwaene","tag-sorge","tag-stille","tag-voegel","tag-zeigt","generate-columns","tablet-grid-50","mobile-grid-100","grid-parent","grid-50"],"yoast_head":"<!-- This site is optimized with the Yoast SEO plugin v27.3 - https:\/\/yoast.com\/product\/yoast-seo-wordpress\/ -->\n<title>Die Stille der Schw\u00e4ne: Der neue Bericht zeigt die Sorge um beliebte V\u00f6gel - Nachrichten - Stra\u00dfenweb<\/title>\n<meta name=\"robots\" content=\"index, follow, max-snippet:-1, max-image-preview:large, max-video-preview:-1\" \/>\n<link rel=\"canonical\" href=\"https:\/\/www.strassenweb.de\/nachrichten\/die-stille-der-schwaene-der-neue-bericht-zeigt-die-sorge-um-beliebte-voegel\/\" \/>\n<meta property=\"og:locale\" content=\"de_DE\" \/>\n<meta property=\"og:type\" content=\"article\" \/>\n<meta property=\"og:title\" content=\"Die Stille der Schw\u00e4ne: Der neue Bericht zeigt die Sorge um beliebte V\u00f6gel - Nachrichten - Stra\u00dfenweb\" \/>\n<meta property=\"og:description\" content=\"Ein neuer Bericht, der heute vom British Trust for Ornithology (BTO) in Zusammenarbeit mit RSPB und JNCC ver\u00f6ffentlicht wurde, zeigt die Auswirkungen von Vogel -Influenza\" \/>\n<meta property=\"og:url\" content=\"https:\/\/www.strassenweb.de\/nachrichten\/die-stille-der-schwaene-der-neue-bericht-zeigt-die-sorge-um-beliebte-voegel\/\" \/>\n<meta property=\"og:site_name\" content=\"Stra\u00dfenweb\" \/>\n<meta property=\"article:publisher\" content=\"https:\/\/www.facebook.com\/strassenweb\/\" \/>\n<meta property=\"article:published_time\" content=\"2025-05-27T12:39:22+00:00\" \/>\n<meta property=\"og:image\" content=\"https:\/\/www.strassenweb.de\/nachrichten\/wp-content\/uploads\/2025\/05\/Die-Stille-der-Schwaene-Der-neue-Bericht-zeigt-die-Sorge.jpg\" \/>\n\t<meta property=\"og:image:width\" content=\"900\" \/>\n\t<meta property=\"og:image:height\" content=\"599\" \/>\n\t<meta property=\"og:image:type\" content=\"image\/jpeg\" \/>\n<meta name=\"author\" content=\"Robert Hoffmann\" \/>\n<meta name=\"twitter:card\" content=\"summary_large_image\" \/>\n<meta name=\"twitter:label1\" content=\"Verfasst von\" \/>\n\t<meta name=\"twitter:data1\" content=\"Robert Hoffmann\" \/>\n\t<meta name=\"twitter:label2\" content=\"Gesch\u00e4tzte Lesezeit\" \/>\n\t<meta name=\"twitter:data2\" content=\"5\u00a0Minuten\" \/>\n<script type=\"application\/ld+json\" class=\"yoast-schema-graph\">{\"@context\":\"https:\\\/\\\/schema.org\",\"@graph\":[{\"@type\":\"Article\",\"@id\":\"https:\\\/\\\/www.strassenweb.de\\\/nachrichten\\\/die-stille-der-schwaene-der-neue-bericht-zeigt-die-sorge-um-beliebte-voegel\\\/#article\",\"isPartOf\":{\"@id\":\"https:\\\/\\\/www.strassenweb.de\\\/nachrichten\\\/die-stille-der-schwaene-der-neue-bericht-zeigt-die-sorge-um-beliebte-voegel\\\/\"},\"author\":{\"name\":\"Robert Hoffmann\",\"@id\":\"https:\\\/\\\/www.strassenweb.de\\\/nachrichten\\\/#\\\/schema\\\/person\\\/87c9c9067f1211da429a744dc5a5aa41\"},\"headline\":\"Die Stille der Schw\u00e4ne: Der neue Bericht zeigt die Sorge um beliebte V\u00f6gel\",\"datePublished\":\"2025-05-27T12:39:22+00:00\",\"mainEntityOfPage\":{\"@id\":\"https:\\\/\\\/www.strassenweb.de\\\/nachrichten\\\/die-stille-der-schwaene-der-neue-bericht-zeigt-die-sorge-um-beliebte-voegel\\\/\"},\"wordCount\":926,\"publisher\":{\"@id\":\"https:\\\/\\\/www.strassenweb.de\\\/nachrichten\\\/#organization\"},\"image\":{\"@id\":\"https:\\\/\\\/www.strassenweb.de\\\/nachrichten\\\/die-stille-der-schwaene-der-neue-bericht-zeigt-die-sorge-um-beliebte-voegel\\\/#primaryimage\"},\"thumbnailUrl\":\"https:\\\/\\\/www.strassenweb.de\\\/nachrichten\\\/wp-content\\\/uploads\\\/2025\\\/05\\\/Die-Stille-der-Schwaene-Der-neue-Bericht-zeigt-die-Sorge.jpg\",\"keywords\":[\"beliebte\",\"Bericht\",\"der\",\"die\",\"Neue\",\"Schw\u00e4ne\",\"Sorge\",\"Stille\",\"V\u00f6gel\",\"zeigt\"],\"articleSection\":[\"\u00d6kologie\"],\"inLanguage\":\"de\"},{\"@type\":\"WebPage\",\"@id\":\"https:\\\/\\\/www.strassenweb.de\\\/nachrichten\\\/die-stille-der-schwaene-der-neue-bericht-zeigt-die-sorge-um-beliebte-voegel\\\/\",\"url\":\"https:\\\/\\\/www.strassenweb.de\\\/nachrichten\\\/die-stille-der-schwaene-der-neue-bericht-zeigt-die-sorge-um-beliebte-voegel\\\/\",\"name\":\"Die Stille der Schw\u00e4ne: Der neue Bericht zeigt die Sorge um beliebte V\u00f6gel - Nachrichten - Stra\u00dfenweb\",\"isPartOf\":{\"@id\":\"https:\\\/\\\/www.strassenweb.de\\\/nachrichten\\\/#website\"},\"primaryImageOfPage\":{\"@id\":\"https:\\\/\\\/www.strassenweb.de\\\/nachrichten\\\/die-stille-der-schwaene-der-neue-bericht-zeigt-die-sorge-um-beliebte-voegel\\\/#primaryimage\"},\"image\":{\"@id\":\"https:\\\/\\\/www.strassenweb.de\\\/nachrichten\\\/die-stille-der-schwaene-der-neue-bericht-zeigt-die-sorge-um-beliebte-voegel\\\/#primaryimage\"},\"thumbnailUrl\":\"https:\\\/\\\/www.strassenweb.de\\\/nachrichten\\\/wp-content\\\/uploads\\\/2025\\\/05\\\/Die-Stille-der-Schwaene-Der-neue-Bericht-zeigt-die-Sorge.jpg\",\"datePublished\":\"2025-05-27T12:39:22+00:00\",\"breadcrumb\":{\"@id\":\"https:\\\/\\\/www.strassenweb.de\\\/nachrichten\\\/die-stille-der-schwaene-der-neue-bericht-zeigt-die-sorge-um-beliebte-voegel\\\/#breadcrumb\"},\"inLanguage\":\"de\",\"potentialAction\":[{\"@type\":\"ReadAction\",\"target\":[\"https:\\\/\\\/www.strassenweb.de\\\/nachrichten\\\/die-stille-der-schwaene-der-neue-bericht-zeigt-die-sorge-um-beliebte-voegel\\\/\"]}]},{\"@type\":\"ImageObject\",\"inLanguage\":\"de\",\"@id\":\"https:\\\/\\\/www.strassenweb.de\\\/nachrichten\\\/die-stille-der-schwaene-der-neue-bericht-zeigt-die-sorge-um-beliebte-voegel\\\/#primaryimage\",\"url\":\"https:\\\/\\\/www.strassenweb.de\\\/nachrichten\\\/wp-content\\\/uploads\\\/2025\\\/05\\\/Die-Stille-der-Schwaene-Der-neue-Bericht-zeigt-die-Sorge.jpg\",\"contentUrl\":\"https:\\\/\\\/www.strassenweb.de\\\/nachrichten\\\/wp-content\\\/uploads\\\/2025\\\/05\\\/Die-Stille-der-Schwaene-Der-neue-Bericht-zeigt-die-Sorge.jpg\",\"width\":900,\"height\":599,\"caption\":\"The silence of the swans: new report highlights concern for much-loved birds\"},{\"@type\":\"BreadcrumbList\",\"@id\":\"https:\\\/\\\/www.strassenweb.de\\\/nachrichten\\\/die-stille-der-schwaene-der-neue-bericht-zeigt-die-sorge-um-beliebte-voegel\\\/#breadcrumb\",\"itemListElement\":[{\"@type\":\"ListItem\",\"position\":1,\"name\":\"Home\",\"item\":\"https:\\\/\\\/www.strassenweb.de\\\/nachrichten\\\/\"},{\"@type\":\"ListItem\",\"position\":2,\"name\":\"Die Stille der Schw\u00e4ne: Der neue Bericht zeigt die Sorge um beliebte V\u00f6gel\"}]},{\"@type\":\"WebSite\",\"@id\":\"https:\\\/\\\/www.strassenweb.de\\\/nachrichten\\\/#website\",\"url\":\"https:\\\/\\\/www.strassenweb.de\\\/nachrichten\\\/\",\"name\":\"Stra\u00dfenweb\",\"description\":\"Stra\u00dfenverzeichnis f\u00fcr Deutschland\",\"publisher\":{\"@id\":\"https:\\\/\\\/www.strassenweb.de\\\/nachrichten\\\/#organization\"},\"potentialAction\":[{\"@type\":\"SearchAction\",\"target\":{\"@type\":\"EntryPoint\",\"urlTemplate\":\"https:\\\/\\\/www.strassenweb.de\\\/nachrichten\\\/?s={search_term_string}\"},\"query-input\":{\"@type\":\"PropertyValueSpecification\",\"valueRequired\":true,\"valueName\":\"search_term_string\"}}],\"inLanguage\":\"de\"},{\"@type\":\"Organization\",\"@id\":\"https:\\\/\\\/www.strassenweb.de\\\/nachrichten\\\/#organization\",\"name\":\"Stra\u00dfenweb\",\"url\":\"https:\\\/\\\/www.strassenweb.de\\\/nachrichten\\\/\",\"logo\":{\"@type\":\"ImageObject\",\"inLanguage\":\"de\",\"@id\":\"https:\\\/\\\/www.strassenweb.de\\\/nachrichten\\\/#\\\/schema\\\/logo\\\/image\\\/\",\"url\":\"https:\\\/\\\/www.strassenweb.de\\\/nachrichten\\\/wp-content\\\/uploads\\\/2024\\\/09\\\/cropped-favicon.png\",\"contentUrl\":\"https:\\\/\\\/www.strassenweb.de\\\/nachrichten\\\/wp-content\\\/uploads\\\/2024\\\/09\\\/cropped-favicon.png\",\"width\":512,\"height\":512,\"caption\":\"Stra\u00dfenweb\"},\"image\":{\"@id\":\"https:\\\/\\\/www.strassenweb.de\\\/nachrichten\\\/#\\\/schema\\\/logo\\\/image\\\/\"},\"sameAs\":[\"https:\\\/\\\/www.facebook.com\\\/strassenweb\\\/\"]},{\"@type\":\"Person\",\"@id\":\"https:\\\/\\\/www.strassenweb.de\\\/nachrichten\\\/#\\\/schema\\\/person\\\/87c9c9067f1211da429a744dc5a5aa41\",\"name\":\"Robert Hoffmann\",\"image\":{\"@type\":\"ImageObject\",\"inLanguage\":\"de\",\"@id\":\"https:\\\/\\\/www.strassenweb.de\\\/nachrichten\\\/wp-content\\\/uploads\\\/2024\\\/09\\\/strassenweb-150x150.jpg\",\"url\":\"https:\\\/\\\/www.strassenweb.de\\\/nachrichten\\\/wp-content\\\/uploads\\\/2024\\\/09\\\/strassenweb-150x150.jpg\",\"contentUrl\":\"https:\\\/\\\/www.strassenweb.de\\\/nachrichten\\\/wp-content\\\/uploads\\\/2024\\\/09\\\/strassenweb-150x150.jpg\",\"caption\":\"Robert Hoffmann\"},\"description\":\"Ich hei\u00dfe Robert Hoffmann und ich bin ein leidenschaftlicher Verfechter von \u00d6kologie und Biodiversit\u00e4t. Seit meiner Kindheit in den W\u00e4ldern Bayerns f\u00fchle ich mich mit der Natur verbunden und bin entschlossen, sie zu sch\u00fctzen. Heute widme ich mein Leben der Sensibilisierung anderer f\u00fcr die Bedeutung des Umweltschutzes f\u00fcr zuk\u00fcnftige Generationen.\",\"sameAs\":[\"https:\\\/\\\/www.strassenweb.de\\\/\"]}]}<\/script>\n<!-- \/ Yoast SEO plugin. -->","yoast_head_json":{"title":"Die Stille der Schw\u00e4ne: Der neue Bericht zeigt die Sorge um beliebte V\u00f6gel - Nachrichten - Stra\u00dfenweb","robots":{"index":"index","follow":"follow","max-snippet":"max-snippet:-1","max-image-preview":"max-image-preview:large","max-video-preview":"max-video-preview:-1"},"canonical":"https:\/\/www.strassenweb.de\/nachrichten\/die-stille-der-schwaene-der-neue-bericht-zeigt-die-sorge-um-beliebte-voegel\/","og_locale":"de_DE","og_type":"article","og_title":"Die Stille der Schw\u00e4ne: Der neue Bericht zeigt die Sorge um beliebte V\u00f6gel - Nachrichten - Stra\u00dfenweb","og_description":"Ein neuer Bericht, der heute vom British Trust for Ornithology (BTO) in Zusammenarbeit mit RSPB und JNCC ver\u00f6ffentlicht wurde, zeigt die Auswirkungen von Vogel -Influenza","og_url":"https:\/\/www.strassenweb.de\/nachrichten\/die-stille-der-schwaene-der-neue-bericht-zeigt-die-sorge-um-beliebte-voegel\/","og_site_name":"Stra\u00dfenweb","article_publisher":"https:\/\/www.facebook.com\/strassenweb\/","article_published_time":"2025-05-27T12:39:22+00:00","og_image":[{"width":900,"height":599,"url":"https:\/\/www.strassenweb.de\/nachrichten\/wp-content\/uploads\/2025\/05\/Die-Stille-der-Schwaene-Der-neue-Bericht-zeigt-die-Sorge.jpg","type":"image\/jpeg"}],"author":"Robert Hoffmann","twitter_card":"summary_large_image","twitter_misc":{"Verfasst von":"Robert Hoffmann","Gesch\u00e4tzte Lesezeit":"5\u00a0Minuten"},"schema":{"@context":"https:\/\/schema.org","@graph":[{"@type":"Article","@id":"https:\/\/www.strassenweb.de\/nachrichten\/die-stille-der-schwaene-der-neue-bericht-zeigt-die-sorge-um-beliebte-voegel\/#article","isPartOf":{"@id":"https:\/\/www.strassenweb.de\/nachrichten\/die-stille-der-schwaene-der-neue-bericht-zeigt-die-sorge-um-beliebte-voegel\/"},"author":{"name":"Robert Hoffmann","@id":"https:\/\/www.strassenweb.de\/nachrichten\/#\/schema\/person\/87c9c9067f1211da429a744dc5a5aa41"},"headline":"Die Stille der Schw\u00e4ne: Der neue Bericht zeigt die Sorge um beliebte V\u00f6gel","datePublished":"2025-05-27T12:39:22+00:00","mainEntityOfPage":{"@id":"https:\/\/www.strassenweb.de\/nachrichten\/die-stille-der-schwaene-der-neue-bericht-zeigt-die-sorge-um-beliebte-voegel\/"},"wordCount":926,"publisher":{"@id":"https:\/\/www.strassenweb.de\/nachrichten\/#organization"},"image":{"@id":"https:\/\/www.strassenweb.de\/nachrichten\/die-stille-der-schwaene-der-neue-bericht-zeigt-die-sorge-um-beliebte-voegel\/#primaryimage"},"thumbnailUrl":"https:\/\/www.strassenweb.de\/nachrichten\/wp-content\/uploads\/2025\/05\/Die-Stille-der-Schwaene-Der-neue-Bericht-zeigt-die-Sorge.jpg","keywords":["beliebte","Bericht","der","die","Neue","Schw\u00e4ne","Sorge","Stille","V\u00f6gel","zeigt"],"articleSection":["\u00d6kologie"],"inLanguage":"de"},{"@type":"WebPage","@id":"https:\/\/www.strassenweb.de\/nachrichten\/die-stille-der-schwaene-der-neue-bericht-zeigt-die-sorge-um-beliebte-voegel\/","url":"https:\/\/www.strassenweb.de\/nachrichten\/die-stille-der-schwaene-der-neue-bericht-zeigt-die-sorge-um-beliebte-voegel\/","name":"Die Stille der Schw\u00e4ne: Der neue Bericht zeigt die Sorge um beliebte V\u00f6gel - Nachrichten - Stra\u00dfenweb","isPartOf":{"@id":"https:\/\/www.strassenweb.de\/nachrichten\/#website"},"primaryImageOfPage":{"@id":"https:\/\/www.strassenweb.de\/nachrichten\/die-stille-der-schwaene-der-neue-bericht-zeigt-die-sorge-um-beliebte-voegel\/#primaryimage"},"image":{"@id":"https:\/\/www.strassenweb.de\/nachrichten\/die-stille-der-schwaene-der-neue-bericht-zeigt-die-sorge-um-beliebte-voegel\/#primaryimage"},"thumbnailUrl":"https:\/\/www.strassenweb.de\/nachrichten\/wp-content\/uploads\/2025\/05\/Die-Stille-der-Schwaene-Der-neue-Bericht-zeigt-die-Sorge.jpg","datePublished":"2025-05-27T12:39:22+00:00","breadcrumb":{"@id":"https:\/\/www.strassenweb.de\/nachrichten\/die-stille-der-schwaene-der-neue-bericht-zeigt-die-sorge-um-beliebte-voegel\/#breadcrumb"},"inLanguage":"de","potentialAction":[{"@type":"ReadAction","target":["https:\/\/www.strassenweb.de\/nachrichten\/die-stille-der-schwaene-der-neue-bericht-zeigt-die-sorge-um-beliebte-voegel\/"]}]},{"@type":"ImageObject","inLanguage":"de","@id":"https:\/\/www.strassenweb.de\/nachrichten\/die-stille-der-schwaene-der-neue-bericht-zeigt-die-sorge-um-beliebte-voegel\/#primaryimage","url":"https:\/\/www.strassenweb.de\/nachrichten\/wp-content\/uploads\/2025\/05\/Die-Stille-der-Schwaene-Der-neue-Bericht-zeigt-die-Sorge.jpg","contentUrl":"https:\/\/www.strassenweb.de\/nachrichten\/wp-content\/uploads\/2025\/05\/Die-Stille-der-Schwaene-Der-neue-Bericht-zeigt-die-Sorge.jpg","width":900,"height":599,"caption":"The silence of the swans: new report highlights concern for much-loved birds"},{"@type":"BreadcrumbList","@id":"https:\/\/www.strassenweb.de\/nachrichten\/die-stille-der-schwaene-der-neue-bericht-zeigt-die-sorge-um-beliebte-voegel\/#breadcrumb","itemListElement":[{"@type":"ListItem","position":1,"name":"Home","item":"https:\/\/www.strassenweb.de\/nachrichten\/"},{"@type":"ListItem","position":2,"name":"Die Stille der Schw\u00e4ne: Der neue Bericht zeigt die Sorge um beliebte V\u00f6gel"}]},{"@type":"WebSite","@id":"https:\/\/www.strassenweb.de\/nachrichten\/#website","url":"https:\/\/www.strassenweb.de\/nachrichten\/","name":"Stra\u00dfenweb","description":"Stra\u00dfenverzeichnis f\u00fcr Deutschland","publisher":{"@id":"https:\/\/www.strassenweb.de\/nachrichten\/#organization"},"potentialAction":[{"@type":"SearchAction","target":{"@type":"EntryPoint","urlTemplate":"https:\/\/www.strassenweb.de\/nachrichten\/?s={search_term_string}"},"query-input":{"@type":"PropertyValueSpecification","valueRequired":true,"valueName":"search_term_string"}}],"inLanguage":"de"},{"@type":"Organization","@id":"https:\/\/www.strassenweb.de\/nachrichten\/#organization","name":"Stra\u00dfenweb","url":"https:\/\/www.strassenweb.de\/nachrichten\/","logo":{"@type":"ImageObject","inLanguage":"de","@id":"https:\/\/www.strassenweb.de\/nachrichten\/#\/schema\/logo\/image\/","url":"https:\/\/www.strassenweb.de\/nachrichten\/wp-content\/uploads\/2024\/09\/cropped-favicon.png","contentUrl":"https:\/\/www.strassenweb.de\/nachrichten\/wp-content\/uploads\/2024\/09\/cropped-favicon.png","width":512,"height":512,"caption":"Stra\u00dfenweb"},"image":{"@id":"https:\/\/www.strassenweb.de\/nachrichten\/#\/schema\/logo\/image\/"},"sameAs":["https:\/\/www.facebook.com\/strassenweb\/"]},{"@type":"Person","@id":"https:\/\/www.strassenweb.de\/nachrichten\/#\/schema\/person\/87c9c9067f1211da429a744dc5a5aa41","name":"Robert Hoffmann","image":{"@type":"ImageObject","inLanguage":"de","@id":"https:\/\/www.strassenweb.de\/nachrichten\/wp-content\/uploads\/2024\/09\/strassenweb-150x150.jpg","url":"https:\/\/www.strassenweb.de\/nachrichten\/wp-content\/uploads\/2024\/09\/strassenweb-150x150.jpg","contentUrl":"https:\/\/www.strassenweb.de\/nachrichten\/wp-content\/uploads\/2024\/09\/strassenweb-150x150.jpg","caption":"Robert Hoffmann"},"description":"Ich hei\u00dfe Robert Hoffmann und ich bin ein leidenschaftlicher Verfechter von \u00d6kologie und Biodiversit\u00e4t. Seit meiner Kindheit in den W\u00e4ldern Bayerns f\u00fchle ich mich mit der Natur verbunden und bin entschlossen, sie zu sch\u00fctzen. Heute widme ich mein Leben der Sensibilisierung anderer f\u00fcr die Bedeutung des Umweltschutzes f\u00fcr zuk\u00fcnftige Generationen.","sameAs":["https:\/\/www.strassenweb.de\/"]}]}},"_links":{"self":[{"href":"https:\/\/www.strassenweb.de\/nachrichten\/wp-json\/wp\/v2\/posts\/5300","targetHints":{"allow":["GET"]}}],"collection":[{"href":"https:\/\/www.strassenweb.de\/nachrichten\/wp-json\/wp\/v2\/posts"}],"about":[{"href":"https:\/\/www.strassenweb.de\/nachrichten\/wp-json\/wp\/v2\/types\/post"}],"author":[{"embeddable":true,"href":"https:\/\/www.strassenweb.de\/nachrichten\/wp-json\/wp\/v2\/users\/1"}],"replies":[{"embeddable":true,"href":"https:\/\/www.strassenweb.de\/nachrichten\/wp-json\/wp\/v2\/comments?post=5300"}],"version-history":[{"count":0,"href":"https:\/\/www.strassenweb.de\/nachrichten\/wp-json\/wp\/v2\/posts\/5300\/revisions"}],"wp:featuredmedia":[{"embeddable":true,"href":"https:\/\/www.strassenweb.de\/nachrichten\/wp-json\/wp\/v2\/media\/5301"}],"wp:attachment":[{"href":"https:\/\/www.strassenweb.de\/nachrichten\/wp-json\/wp\/v2\/media?parent=5300"}],"wp:term":[{"taxonomy":"category","embeddable":true,"href":"https:\/\/www.strassenweb.de\/nachrichten\/wp-json\/wp\/v2\/categories?post=5300"},{"taxonomy":"post_tag","embeddable":true,"href":"https:\/\/www.strassenweb.de\/nachrichten\/wp-json\/wp\/v2\/tags?post=5300"}],"curies":[{"name":"wp","href":"https:\/\/api.w.org\/{rel}","templated":true}]}}