{"id":5297,"date":"2025-05-27T13:39:52","date_gmt":"2025-05-27T11:39:52","guid":{"rendered":"https:\/\/www.strassenweb.de\/nachrichten\/rod-stewart-war-5-jahre-vor-dem-groessten-farbtrend-von-2025-sein-sonniges-aussenbereich-ist-die-gewagte-wendung-die-ich-bisher-gesehen-habe\/"},"modified":"2025-05-27T13:39:53","modified_gmt":"2025-05-27T11:39:53","slug":"rod-stewart-war-5-jahre-vor-dem-groessten-farbtrend-von-2025-sein-sonniges-aussenbereich-ist-die-gewagte-wendung-die-ich-bisher-gesehen-habe","status":"publish","type":"post","link":"https:\/\/www.strassenweb.de\/nachrichten\/rod-stewart-war-5-jahre-vor-dem-groessten-farbtrend-von-2025-sein-sonniges-aussenbereich-ist-die-gewagte-wendung-die-ich-bisher-gesehen-habe\/","title":{"rendered":"Rod Stewart war 5 Jahre vor dem gr\u00f6\u00dften Farbtrend von 2025 &#8211; sein sonniges Au\u00dfenbereich ist die gewagte Wendung, die ich bisher gesehen habe"},"content":{"rendered":"<p><\/p>\n<div id=\"article-body\" class=\"article__body \">\n<p>Es ist die Farbe, die dieses Jahr \u00fcbernommen wurde: Gelb dominiert in all seinen butterartigen, sunshine-y-Ruhm die Trends in den Innenr\u00e4umen, und es stellt sich heraus, dass es sich auch um den Weg nach Hause, wie Rod Stewarts Haus zeigt.<\/p>\n<div id=\"ad-unit-1\" class=\"ad-unit\"><\/div>\n<p>Das Beverly Hills Estate des S\u00e4ngers, das letztes Jahr tats\u00e4chlich auf den Markt kommt, ist dank seiner leuchtend gelben Farbbeschichtung, die sich im Gegensatz zu seiner wei\u00dfen Fensterverkleidung -, gelinde gesagt, un\u00fcberweisbar.<\/p>\n<aside data-block-type=\"embed\" data-render-type=\"fte\" data-skip=\"dealsy\" data-widget-type=\"seasonal\" class=\"hawk-base\"><\/aside>\n<p>W\u00e4hrend Buttergelb als neues Neutral bezeichnet wurde, haben wir es haupts\u00e4chlich in Bezug auf Inneneinrichtung und Accessoires besprochen. Das Haus von Rod Stewart l\u00e4sst uns jedoch die expansiven M\u00f6glichkeiten dieses dauerhaften Volkshue ber\u00fccksichtigen, und Experten sind sich einig, dass es eins ist, mit dem man experimentieren kann.<\/p>\n<div id=\"desktop-in-article\" class=\"in-article ad-unit\">\n<div id=\"desktop-taboola-mid-article\"><\/div>\n<\/div>\n<div id=\"mobile-in-article\" class=\"in-article ad-unit\">\n<div id=\"mobile-taboola-mid-article\"><\/div>\n<\/div>\n<div class=\"van_vid_carousel\">\n<div class=\"van_vid_carousel__padding\">\n<div class=\"van_vid_carousel__container\"><\/div>\n<\/div>\n<\/div>\n<aside data-component-name=\"Recirculation:ArticleRiver\" data-nosnippet>\n<span class=\"bg-secondary-500 text-white text-lg font-bold uppercase py-1 px-2 leading-(1.625rem) sm:leading-(6px) sm:text-sm\"><\/p>\n<p>Sie m\u00f6gen m\u00f6gen<br \/>\n<\/span><\/p>\n<ul class=\"flex flex-col my-2 list-outside ms-5 bg-none\" data-analytics-id=\"more-about-inline\">\n<li class=\"m-0 mb-2\" name=\"more-about-inline\" data-analytics-id=\"more-about-inline-0\">\n<p>Nicht beige, nicht grau &#8211; dieser perfekte &#8217;neue Neutral&#8216; ist das, was Josh Brolin, Gwyneth Paltrow und Martha Stewart stattdessen dekorieren<\/p>\n<\/li>\n<li class=\"m-0 mb-2\" name=\"more-about-inline\" data-analytics-id=\"more-about-inline-1\">\n<p>Martha Stewarts Butter Yellow Kitchen aus den 1970er Jahren ist wieder stilvoll und dominiert die Farbtrends im Jahr 2025-die stimmungsbraunen Vorteile sind un\u00fcbertroffen<\/p>\n<\/li>\n<li class=\"m-0 mb-2\" name=\"more-about-inline\" data-analytics-id=\"more-about-inline-2\">\n<p>Josh Brolin dekoriert gerade mit der trendigen Farbe, die Grau und Beige f\u00fcr 2026 ersetzt<\/p>\n<\/li>\n<\/ul>\n<\/aside>\n<div class=\"instagram-embed\">\n<blockquote class=\"instagram-media\" data-instgrm-captioned data-instgrm-version=\"6\" style=\"width:99.375%; width:-webkit-calc(100% - 2px); width:calc(100% - 2px);\">\n<p>Ein Beitrag, der von Sir Rod Stewart (@siRrodstewart) geteilt wird<\/p>\n<p>Ein Foto von on <\/p>\n<\/blockquote>\n<\/div>\n<h3 class=\"article-body__section\" id=\"section-shop-the-yellow-home-edit\"><span>Kaufen Sie das Yellow Home Edit ein<\/span><\/h3>\n<div class=\"product-container hero-product-container product-block-no-wrap\">\n<div class=\"product-block-row\"><\/div>\n<div class=\"product-block-row\"><\/div>\n<div class=\"product-block-row\"><\/div>\n<\/div>\n<p>Laut Designer k\u00f6nnen Yellows positive Auswirkungen auf die Menschen nicht untertrieben werden, und als solche ist es eine fantastische Wahl f\u00fcr eine Au\u00dfenfarbe.<\/p>\n<div id=\"ad-unit-2\" class=\"ad-unit\"><\/div>\n<p>&#8222;Gelb kann auf verschiedene Arten f\u00fcr das \u00c4u\u00dfere eines Hauses verwendet werden&#8220;, erkl\u00e4rt Victoria Holly von Victoria Holly Interiors von Victoria Holly. &#8218;Die Art der Gelb und die Art der Heimarchitektur k\u00f6nnen ebenfalls variieren. Gelb ist eine warme Farbe, die es zu einer hervorragenden Option f\u00fcr ein einladendes Ambiente macht. F\u00fcr ein traditionelleres Haus im Stil, wie z. B. ein spanisches Zuhause oder ein Tudor, kann ein leichteres, weniger ges\u00e4ttigtes Gelb ein veraltetes Gef\u00fchl verleihen. W\u00e4hrend f\u00fcr ein moderneres oder mitte Jahrhunderts Haus ein leuchtendes Gelb, ein fr\u00f6hliches und verspieltes Aussehen verleihen kann. &#8218;<\/p>\n<p>Die Architektur der spanischen Stil von Rod folgt im Einklang mit diesem Rat, wobei Rods hellgelbe Farbe das Zuhause wie eine europ\u00e4ische Villa anf\u00fchlt.<\/p>\n<p>Victoria f\u00e4hrt fort, &#8218;leichtere Farbt\u00f6ne wie butterartige oder pastellfarbene Gelbs k\u00f6nnen ein charmantes, h\u00e4uschenartiges Gef\u00fchl hervorrufen, w\u00e4hrend tiefere Senft\u00f6ne Raffinesse und W\u00e4rme verleihen. Und wenn Sie Gelb mit komplement\u00e4ren Akzenten wie dunkleren Fensterl\u00e4den kombinieren, kann es die Farbe ausgleichen und ein zusammenh\u00e4ngendes Aussehen erzeugen. &#8218;<\/p>\n<div id=\"slice-container-newsletterForm-articleInbodyContent-vFW5temmEy9MWowG9xvHid\" class=\"slice-container newsletter-inbodyContent-slice newsletterForm-articleInbodyContent-vFW5temmEy9MWowG9xvHid slice-container-newsletterForm\"><\/div>\n<p>Da Gelb von Natur aus eine mutige Farbe hat, empfiehlt Victoria, die komplette Umgebung Ihres Hauses bei der Auswahl eines Schattens zu ber\u00fccksichtigen.<\/p>\n<p>&#8222;Es ist wichtig, die umliegende Landschaft und die \u00c4sthetik der Nachbarschaft zu ber\u00fccksichtigen, um die gelbe Erg\u00e4nzung der Gesamtumgebung zu gew\u00e4hrleisten und sich nicht \u00fcberw\u00e4ltigend anf\u00fchlt&#8220;, sagt sie.<\/p>\n<hr>\n<p>W\u00e4hrend Gelb sicherlich ein Trend ist, machen seine Vielseitigkeit und sein positives Ambiente es zu einer lohnenden Farbinvestition, egal ob in unserem Au\u00dfenzustand.<\/p>\n<hr>\n<\/div>\n<p><script async src=\"\/\/www.instagram.com\/embed.js\"><\/script><\/p>\n","protected":false},"excerpt":{"rendered":"<p>Es ist die Farbe, die dieses Jahr \u00fcbernommen wurde: Gelb dominiert in all seinen butterartigen, sunshine-y-Ruhm die Trends in den Innenr\u00e4umen, und es stellt sich<\/p>\n","protected":false},"author":1,"featured_media":5298,"comment_status":"closed","ping_status":"","sticky":false,"template":"","format":"standard","meta":{"footnotes":""},"categories":[118],"tags":[3489,2124,91,9,2771,1905,7615,2600,823,129,15,831,7613,306,7614,3131,21,524,1495,5495],"class_list":["post-5297","post","type-post","status-publish","format-standard","has-post-thumbnail","hentry","category-haus-garten","tag-aussenbereich","tag-bisher","tag-dem","tag-die","tag-farbtrend","tag-gesehen","tag-gewagte","tag-groessten","tag-habe","tag-ich","tag-ist","tag-jahre","tag-rod","tag-sein","tag-sonniges","tag-stewart","tag-von","tag-vor","tag-war","tag-wendung","generate-columns","tablet-grid-50","mobile-grid-100","grid-parent","grid-50"],"yoast_head":"<!-- This site is optimized with the Yoast SEO plugin v27.3 - https:\/\/yoast.com\/product\/yoast-seo-wordpress\/ -->\n<title>Rod Stewart war 5 Jahre vor dem gr\u00f6\u00dften Farbtrend von 2025 - sein sonniges Au\u00dfenbereich ist die gewagte Wendung, die ich bisher gesehen habe - Nachrichten - Stra\u00dfenweb<\/title>\n<meta name=\"robots\" content=\"index, follow, max-snippet:-1, max-image-preview:large, max-video-preview:-1\" \/>\n<link rel=\"canonical\" href=\"https:\/\/www.strassenweb.de\/nachrichten\/rod-stewart-war-5-jahre-vor-dem-groessten-farbtrend-von-2025-sein-sonniges-aussenbereich-ist-die-gewagte-wendung-die-ich-bisher-gesehen-habe\/\" \/>\n<meta property=\"og:locale\" content=\"de_DE\" \/>\n<meta property=\"og:type\" content=\"article\" \/>\n<meta property=\"og:title\" content=\"Rod Stewart war 5 Jahre vor dem gr\u00f6\u00dften Farbtrend von 2025 - sein sonniges Au\u00dfenbereich ist die gewagte Wendung, die ich bisher gesehen habe - Nachrichten - Stra\u00dfenweb\" \/>\n<meta property=\"og:description\" content=\"Es ist die Farbe, die dieses Jahr \u00fcbernommen wurde: Gelb dominiert in all seinen butterartigen, sunshine-y-Ruhm die Trends in den Innenr\u00e4umen, und es stellt sich\" \/>\n<meta property=\"og:url\" content=\"https:\/\/www.strassenweb.de\/nachrichten\/rod-stewart-war-5-jahre-vor-dem-groessten-farbtrend-von-2025-sein-sonniges-aussenbereich-ist-die-gewagte-wendung-die-ich-bisher-gesehen-habe\/\" \/>\n<meta property=\"og:site_name\" content=\"Stra\u00dfenweb\" \/>\n<meta property=\"article:publisher\" content=\"https:\/\/www.facebook.com\/strassenweb\/\" \/>\n<meta property=\"article:published_time\" content=\"2025-05-27T11:39:52+00:00\" \/>\n<meta property=\"article:modified_time\" content=\"2025-05-27T11:39:53+00:00\" \/>\n<meta property=\"og:image\" content=\"https:\/\/www.strassenweb.de\/nachrichten\/wp-content\/uploads\/2025\/05\/U5uDS5wEo3Eb8wbabbncaZ.jpg\" \/>\n\t<meta property=\"og:image:width\" content=\"1600\" \/>\n\t<meta property=\"og:image:height\" content=\"900\" \/>\n\t<meta property=\"og:image:type\" content=\"image\/jpeg\" \/>\n<meta name=\"author\" content=\"Robert Hoffmann\" \/>\n<meta name=\"twitter:card\" content=\"summary_large_image\" \/>\n<meta name=\"twitter:label1\" content=\"Verfasst von\" \/>\n\t<meta name=\"twitter:data1\" content=\"Robert Hoffmann\" \/>\n\t<meta name=\"twitter:label2\" content=\"Gesch\u00e4tzte Lesezeit\" \/>\n\t<meta name=\"twitter:data2\" content=\"3\u00a0Minuten\" \/>\n<script type=\"application\/ld+json\" class=\"yoast-schema-graph\">{\"@context\":\"https:\\\/\\\/schema.org\",\"@graph\":[{\"@type\":\"Article\",\"@id\":\"https:\\\/\\\/www.strassenweb.de\\\/nachrichten\\\/rod-stewart-war-5-jahre-vor-dem-groessten-farbtrend-von-2025-sein-sonniges-aussenbereich-ist-die-gewagte-wendung-die-ich-bisher-gesehen-habe\\\/#article\",\"isPartOf\":{\"@id\":\"https:\\\/\\\/www.strassenweb.de\\\/nachrichten\\\/rod-stewart-war-5-jahre-vor-dem-groessten-farbtrend-von-2025-sein-sonniges-aussenbereich-ist-die-gewagte-wendung-die-ich-bisher-gesehen-habe\\\/\"},\"author\":{\"name\":\"Robert Hoffmann\",\"@id\":\"https:\\\/\\\/www.strassenweb.de\\\/nachrichten\\\/#\\\/schema\\\/person\\\/87c9c9067f1211da429a744dc5a5aa41\"},\"headline\":\"Rod Stewart war 5 Jahre vor dem gr\u00f6\u00dften Farbtrend von 2025 &#8211; sein sonniges Au\u00dfenbereich ist die gewagte Wendung, die ich bisher gesehen habe\",\"datePublished\":\"2025-05-27T11:39:52+00:00\",\"dateModified\":\"2025-05-27T11:39:53+00:00\",\"mainEntityOfPage\":{\"@id\":\"https:\\\/\\\/www.strassenweb.de\\\/nachrichten\\\/rod-stewart-war-5-jahre-vor-dem-groessten-farbtrend-von-2025-sein-sonniges-aussenbereich-ist-die-gewagte-wendung-die-ich-bisher-gesehen-habe\\\/\"},\"wordCount\":532,\"publisher\":{\"@id\":\"https:\\\/\\\/www.strassenweb.de\\\/nachrichten\\\/#organization\"},\"image\":{\"@id\":\"https:\\\/\\\/www.strassenweb.de\\\/nachrichten\\\/rod-stewart-war-5-jahre-vor-dem-groessten-farbtrend-von-2025-sein-sonniges-aussenbereich-ist-die-gewagte-wendung-die-ich-bisher-gesehen-habe\\\/#primaryimage\"},\"thumbnailUrl\":\"https:\\\/\\\/www.strassenweb.de\\\/nachrichten\\\/wp-content\\\/uploads\\\/2025\\\/05\\\/U5uDS5wEo3Eb8wbabbncaZ.jpg\",\"keywords\":[\"Au\u00dfenbereich\",\"bisher\",\"dem\",\"die\",\"Farbtrend\",\"gesehen\",\"gewagte\",\"gr\u00f6\u00dften\",\"habe\",\"ich\",\"ist\",\"Jahre\",\"Rod\",\"sein\",\"sonniges\",\"Stewart\",\"von\",\"vor\",\"war\",\"Wendung\"],\"articleSection\":[\"Haus &amp; Garten\"],\"inLanguage\":\"de\"},{\"@type\":\"WebPage\",\"@id\":\"https:\\\/\\\/www.strassenweb.de\\\/nachrichten\\\/rod-stewart-war-5-jahre-vor-dem-groessten-farbtrend-von-2025-sein-sonniges-aussenbereich-ist-die-gewagte-wendung-die-ich-bisher-gesehen-habe\\\/\",\"url\":\"https:\\\/\\\/www.strassenweb.de\\\/nachrichten\\\/rod-stewart-war-5-jahre-vor-dem-groessten-farbtrend-von-2025-sein-sonniges-aussenbereich-ist-die-gewagte-wendung-die-ich-bisher-gesehen-habe\\\/\",\"name\":\"Rod Stewart war 5 Jahre vor dem gr\u00f6\u00dften Farbtrend von 2025 - sein sonniges Au\u00dfenbereich ist die gewagte Wendung, die ich bisher gesehen habe - Nachrichten - Stra\u00dfenweb\",\"isPartOf\":{\"@id\":\"https:\\\/\\\/www.strassenweb.de\\\/nachrichten\\\/#website\"},\"primaryImageOfPage\":{\"@id\":\"https:\\\/\\\/www.strassenweb.de\\\/nachrichten\\\/rod-stewart-war-5-jahre-vor-dem-groessten-farbtrend-von-2025-sein-sonniges-aussenbereich-ist-die-gewagte-wendung-die-ich-bisher-gesehen-habe\\\/#primaryimage\"},\"image\":{\"@id\":\"https:\\\/\\\/www.strassenweb.de\\\/nachrichten\\\/rod-stewart-war-5-jahre-vor-dem-groessten-farbtrend-von-2025-sein-sonniges-aussenbereich-ist-die-gewagte-wendung-die-ich-bisher-gesehen-habe\\\/#primaryimage\"},\"thumbnailUrl\":\"https:\\\/\\\/www.strassenweb.de\\\/nachrichten\\\/wp-content\\\/uploads\\\/2025\\\/05\\\/U5uDS5wEo3Eb8wbabbncaZ.jpg\",\"datePublished\":\"2025-05-27T11:39:52+00:00\",\"dateModified\":\"2025-05-27T11:39:53+00:00\",\"breadcrumb\":{\"@id\":\"https:\\\/\\\/www.strassenweb.de\\\/nachrichten\\\/rod-stewart-war-5-jahre-vor-dem-groessten-farbtrend-von-2025-sein-sonniges-aussenbereich-ist-die-gewagte-wendung-die-ich-bisher-gesehen-habe\\\/#breadcrumb\"},\"inLanguage\":\"de\",\"potentialAction\":[{\"@type\":\"ReadAction\",\"target\":[\"https:\\\/\\\/www.strassenweb.de\\\/nachrichten\\\/rod-stewart-war-5-jahre-vor-dem-groessten-farbtrend-von-2025-sein-sonniges-aussenbereich-ist-die-gewagte-wendung-die-ich-bisher-gesehen-habe\\\/\"]}]},{\"@type\":\"ImageObject\",\"inLanguage\":\"de\",\"@id\":\"https:\\\/\\\/www.strassenweb.de\\\/nachrichten\\\/rod-stewart-war-5-jahre-vor-dem-groessten-farbtrend-von-2025-sein-sonniges-aussenbereich-ist-die-gewagte-wendung-die-ich-bisher-gesehen-habe\\\/#primaryimage\",\"url\":\"https:\\\/\\\/www.strassenweb.de\\\/nachrichten\\\/wp-content\\\/uploads\\\/2025\\\/05\\\/U5uDS5wEo3Eb8wbabbncaZ.jpg\",\"contentUrl\":\"https:\\\/\\\/www.strassenweb.de\\\/nachrichten\\\/wp-content\\\/uploads\\\/2025\\\/05\\\/U5uDS5wEo3Eb8wbabbncaZ.jpg\",\"width\":1600,\"height\":900,\"caption\":\"Rod Stewart\"},{\"@type\":\"BreadcrumbList\",\"@id\":\"https:\\\/\\\/www.strassenweb.de\\\/nachrichten\\\/rod-stewart-war-5-jahre-vor-dem-groessten-farbtrend-von-2025-sein-sonniges-aussenbereich-ist-die-gewagte-wendung-die-ich-bisher-gesehen-habe\\\/#breadcrumb\",\"itemListElement\":[{\"@type\":\"ListItem\",\"position\":1,\"name\":\"Home\",\"item\":\"https:\\\/\\\/www.strassenweb.de\\\/nachrichten\\\/\"},{\"@type\":\"ListItem\",\"position\":2,\"name\":\"Rod Stewart war 5 Jahre vor dem gr\u00f6\u00dften Farbtrend von 2025 &#8211; sein sonniges Au\u00dfenbereich ist die gewagte Wendung, die ich bisher gesehen habe\"}]},{\"@type\":\"WebSite\",\"@id\":\"https:\\\/\\\/www.strassenweb.de\\\/nachrichten\\\/#website\",\"url\":\"https:\\\/\\\/www.strassenweb.de\\\/nachrichten\\\/\",\"name\":\"Stra\u00dfenweb\",\"description\":\"Stra\u00dfenverzeichnis f\u00fcr Deutschland\",\"publisher\":{\"@id\":\"https:\\\/\\\/www.strassenweb.de\\\/nachrichten\\\/#organization\"},\"potentialAction\":[{\"@type\":\"SearchAction\",\"target\":{\"@type\":\"EntryPoint\",\"urlTemplate\":\"https:\\\/\\\/www.strassenweb.de\\\/nachrichten\\\/?s={search_term_string}\"},\"query-input\":{\"@type\":\"PropertyValueSpecification\",\"valueRequired\":true,\"valueName\":\"search_term_string\"}}],\"inLanguage\":\"de\"},{\"@type\":\"Organization\",\"@id\":\"https:\\\/\\\/www.strassenweb.de\\\/nachrichten\\\/#organization\",\"name\":\"Stra\u00dfenweb\",\"url\":\"https:\\\/\\\/www.strassenweb.de\\\/nachrichten\\\/\",\"logo\":{\"@type\":\"ImageObject\",\"inLanguage\":\"de\",\"@id\":\"https:\\\/\\\/www.strassenweb.de\\\/nachrichten\\\/#\\\/schema\\\/logo\\\/image\\\/\",\"url\":\"https:\\\/\\\/www.strassenweb.de\\\/nachrichten\\\/wp-content\\\/uploads\\\/2024\\\/09\\\/cropped-favicon.png\",\"contentUrl\":\"https:\\\/\\\/www.strassenweb.de\\\/nachrichten\\\/wp-content\\\/uploads\\\/2024\\\/09\\\/cropped-favicon.png\",\"width\":512,\"height\":512,\"caption\":\"Stra\u00dfenweb\"},\"image\":{\"@id\":\"https:\\\/\\\/www.strassenweb.de\\\/nachrichten\\\/#\\\/schema\\\/logo\\\/image\\\/\"},\"sameAs\":[\"https:\\\/\\\/www.facebook.com\\\/strassenweb\\\/\"]},{\"@type\":\"Person\",\"@id\":\"https:\\\/\\\/www.strassenweb.de\\\/nachrichten\\\/#\\\/schema\\\/person\\\/87c9c9067f1211da429a744dc5a5aa41\",\"name\":\"Robert Hoffmann\",\"image\":{\"@type\":\"ImageObject\",\"inLanguage\":\"de\",\"@id\":\"https:\\\/\\\/www.strassenweb.de\\\/nachrichten\\\/wp-content\\\/uploads\\\/2024\\\/09\\\/strassenweb-150x150.jpg\",\"url\":\"https:\\\/\\\/www.strassenweb.de\\\/nachrichten\\\/wp-content\\\/uploads\\\/2024\\\/09\\\/strassenweb-150x150.jpg\",\"contentUrl\":\"https:\\\/\\\/www.strassenweb.de\\\/nachrichten\\\/wp-content\\\/uploads\\\/2024\\\/09\\\/strassenweb-150x150.jpg\",\"caption\":\"Robert Hoffmann\"},\"description\":\"Ich hei\u00dfe Robert Hoffmann und ich bin ein leidenschaftlicher Verfechter von \u00d6kologie und Biodiversit\u00e4t. Seit meiner Kindheit in den W\u00e4ldern Bayerns f\u00fchle ich mich mit der Natur verbunden und bin entschlossen, sie zu sch\u00fctzen. Heute widme ich mein Leben der Sensibilisierung anderer f\u00fcr die Bedeutung des Umweltschutzes f\u00fcr zuk\u00fcnftige Generationen.\",\"sameAs\":[\"https:\\\/\\\/www.strassenweb.de\\\/\"]}]}<\/script>\n<!-- \/ Yoast SEO plugin. -->","yoast_head_json":{"title":"Rod Stewart war 5 Jahre vor dem gr\u00f6\u00dften Farbtrend von 2025 - sein sonniges Au\u00dfenbereich ist die gewagte Wendung, die ich bisher gesehen habe - Nachrichten - Stra\u00dfenweb","robots":{"index":"index","follow":"follow","max-snippet":"max-snippet:-1","max-image-preview":"max-image-preview:large","max-video-preview":"max-video-preview:-1"},"canonical":"https:\/\/www.strassenweb.de\/nachrichten\/rod-stewart-war-5-jahre-vor-dem-groessten-farbtrend-von-2025-sein-sonniges-aussenbereich-ist-die-gewagte-wendung-die-ich-bisher-gesehen-habe\/","og_locale":"de_DE","og_type":"article","og_title":"Rod Stewart war 5 Jahre vor dem gr\u00f6\u00dften Farbtrend von 2025 - sein sonniges Au\u00dfenbereich ist die gewagte Wendung, die ich bisher gesehen habe - Nachrichten - Stra\u00dfenweb","og_description":"Es ist die Farbe, die dieses Jahr \u00fcbernommen wurde: Gelb dominiert in all seinen butterartigen, sunshine-y-Ruhm die Trends in den Innenr\u00e4umen, und es stellt sich","og_url":"https:\/\/www.strassenweb.de\/nachrichten\/rod-stewart-war-5-jahre-vor-dem-groessten-farbtrend-von-2025-sein-sonniges-aussenbereich-ist-die-gewagte-wendung-die-ich-bisher-gesehen-habe\/","og_site_name":"Stra\u00dfenweb","article_publisher":"https:\/\/www.facebook.com\/strassenweb\/","article_published_time":"2025-05-27T11:39:52+00:00","article_modified_time":"2025-05-27T11:39:53+00:00","og_image":[{"width":1600,"height":900,"url":"https:\/\/www.strassenweb.de\/nachrichten\/wp-content\/uploads\/2025\/05\/U5uDS5wEo3Eb8wbabbncaZ.jpg","type":"image\/jpeg"}],"author":"Robert Hoffmann","twitter_card":"summary_large_image","twitter_misc":{"Verfasst von":"Robert Hoffmann","Gesch\u00e4tzte Lesezeit":"3\u00a0Minuten"},"schema":{"@context":"https:\/\/schema.org","@graph":[{"@type":"Article","@id":"https:\/\/www.strassenweb.de\/nachrichten\/rod-stewart-war-5-jahre-vor-dem-groessten-farbtrend-von-2025-sein-sonniges-aussenbereich-ist-die-gewagte-wendung-die-ich-bisher-gesehen-habe\/#article","isPartOf":{"@id":"https:\/\/www.strassenweb.de\/nachrichten\/rod-stewart-war-5-jahre-vor-dem-groessten-farbtrend-von-2025-sein-sonniges-aussenbereich-ist-die-gewagte-wendung-die-ich-bisher-gesehen-habe\/"},"author":{"name":"Robert Hoffmann","@id":"https:\/\/www.strassenweb.de\/nachrichten\/#\/schema\/person\/87c9c9067f1211da429a744dc5a5aa41"},"headline":"Rod Stewart war 5 Jahre vor dem gr\u00f6\u00dften Farbtrend von 2025 &#8211; sein sonniges Au\u00dfenbereich ist die gewagte Wendung, die ich bisher gesehen habe","datePublished":"2025-05-27T11:39:52+00:00","dateModified":"2025-05-27T11:39:53+00:00","mainEntityOfPage":{"@id":"https:\/\/www.strassenweb.de\/nachrichten\/rod-stewart-war-5-jahre-vor-dem-groessten-farbtrend-von-2025-sein-sonniges-aussenbereich-ist-die-gewagte-wendung-die-ich-bisher-gesehen-habe\/"},"wordCount":532,"publisher":{"@id":"https:\/\/www.strassenweb.de\/nachrichten\/#organization"},"image":{"@id":"https:\/\/www.strassenweb.de\/nachrichten\/rod-stewart-war-5-jahre-vor-dem-groessten-farbtrend-von-2025-sein-sonniges-aussenbereich-ist-die-gewagte-wendung-die-ich-bisher-gesehen-habe\/#primaryimage"},"thumbnailUrl":"https:\/\/www.strassenweb.de\/nachrichten\/wp-content\/uploads\/2025\/05\/U5uDS5wEo3Eb8wbabbncaZ.jpg","keywords":["Au\u00dfenbereich","bisher","dem","die","Farbtrend","gesehen","gewagte","gr\u00f6\u00dften","habe","ich","ist","Jahre","Rod","sein","sonniges","Stewart","von","vor","war","Wendung"],"articleSection":["Haus &amp; Garten"],"inLanguage":"de"},{"@type":"WebPage","@id":"https:\/\/www.strassenweb.de\/nachrichten\/rod-stewart-war-5-jahre-vor-dem-groessten-farbtrend-von-2025-sein-sonniges-aussenbereich-ist-die-gewagte-wendung-die-ich-bisher-gesehen-habe\/","url":"https:\/\/www.strassenweb.de\/nachrichten\/rod-stewart-war-5-jahre-vor-dem-groessten-farbtrend-von-2025-sein-sonniges-aussenbereich-ist-die-gewagte-wendung-die-ich-bisher-gesehen-habe\/","name":"Rod Stewart war 5 Jahre vor dem gr\u00f6\u00dften Farbtrend von 2025 - sein sonniges Au\u00dfenbereich ist die gewagte Wendung, die ich bisher gesehen habe - Nachrichten - Stra\u00dfenweb","isPartOf":{"@id":"https:\/\/www.strassenweb.de\/nachrichten\/#website"},"primaryImageOfPage":{"@id":"https:\/\/www.strassenweb.de\/nachrichten\/rod-stewart-war-5-jahre-vor-dem-groessten-farbtrend-von-2025-sein-sonniges-aussenbereich-ist-die-gewagte-wendung-die-ich-bisher-gesehen-habe\/#primaryimage"},"image":{"@id":"https:\/\/www.strassenweb.de\/nachrichten\/rod-stewart-war-5-jahre-vor-dem-groessten-farbtrend-von-2025-sein-sonniges-aussenbereich-ist-die-gewagte-wendung-die-ich-bisher-gesehen-habe\/#primaryimage"},"thumbnailUrl":"https:\/\/www.strassenweb.de\/nachrichten\/wp-content\/uploads\/2025\/05\/U5uDS5wEo3Eb8wbabbncaZ.jpg","datePublished":"2025-05-27T11:39:52+00:00","dateModified":"2025-05-27T11:39:53+00:00","breadcrumb":{"@id":"https:\/\/www.strassenweb.de\/nachrichten\/rod-stewart-war-5-jahre-vor-dem-groessten-farbtrend-von-2025-sein-sonniges-aussenbereich-ist-die-gewagte-wendung-die-ich-bisher-gesehen-habe\/#breadcrumb"},"inLanguage":"de","potentialAction":[{"@type":"ReadAction","target":["https:\/\/www.strassenweb.de\/nachrichten\/rod-stewart-war-5-jahre-vor-dem-groessten-farbtrend-von-2025-sein-sonniges-aussenbereich-ist-die-gewagte-wendung-die-ich-bisher-gesehen-habe\/"]}]},{"@type":"ImageObject","inLanguage":"de","@id":"https:\/\/www.strassenweb.de\/nachrichten\/rod-stewart-war-5-jahre-vor-dem-groessten-farbtrend-von-2025-sein-sonniges-aussenbereich-ist-die-gewagte-wendung-die-ich-bisher-gesehen-habe\/#primaryimage","url":"https:\/\/www.strassenweb.de\/nachrichten\/wp-content\/uploads\/2025\/05\/U5uDS5wEo3Eb8wbabbncaZ.jpg","contentUrl":"https:\/\/www.strassenweb.de\/nachrichten\/wp-content\/uploads\/2025\/05\/U5uDS5wEo3Eb8wbabbncaZ.jpg","width":1600,"height":900,"caption":"Rod Stewart"},{"@type":"BreadcrumbList","@id":"https:\/\/www.strassenweb.de\/nachrichten\/rod-stewart-war-5-jahre-vor-dem-groessten-farbtrend-von-2025-sein-sonniges-aussenbereich-ist-die-gewagte-wendung-die-ich-bisher-gesehen-habe\/#breadcrumb","itemListElement":[{"@type":"ListItem","position":1,"name":"Home","item":"https:\/\/www.strassenweb.de\/nachrichten\/"},{"@type":"ListItem","position":2,"name":"Rod Stewart war 5 Jahre vor dem gr\u00f6\u00dften Farbtrend von 2025 &#8211; sein sonniges Au\u00dfenbereich ist die gewagte Wendung, die ich bisher gesehen habe"}]},{"@type":"WebSite","@id":"https:\/\/www.strassenweb.de\/nachrichten\/#website","url":"https:\/\/www.strassenweb.de\/nachrichten\/","name":"Stra\u00dfenweb","description":"Stra\u00dfenverzeichnis f\u00fcr Deutschland","publisher":{"@id":"https:\/\/www.strassenweb.de\/nachrichten\/#organization"},"potentialAction":[{"@type":"SearchAction","target":{"@type":"EntryPoint","urlTemplate":"https:\/\/www.strassenweb.de\/nachrichten\/?s={search_term_string}"},"query-input":{"@type":"PropertyValueSpecification","valueRequired":true,"valueName":"search_term_string"}}],"inLanguage":"de"},{"@type":"Organization","@id":"https:\/\/www.strassenweb.de\/nachrichten\/#organization","name":"Stra\u00dfenweb","url":"https:\/\/www.strassenweb.de\/nachrichten\/","logo":{"@type":"ImageObject","inLanguage":"de","@id":"https:\/\/www.strassenweb.de\/nachrichten\/#\/schema\/logo\/image\/","url":"https:\/\/www.strassenweb.de\/nachrichten\/wp-content\/uploads\/2024\/09\/cropped-favicon.png","contentUrl":"https:\/\/www.strassenweb.de\/nachrichten\/wp-content\/uploads\/2024\/09\/cropped-favicon.png","width":512,"height":512,"caption":"Stra\u00dfenweb"},"image":{"@id":"https:\/\/www.strassenweb.de\/nachrichten\/#\/schema\/logo\/image\/"},"sameAs":["https:\/\/www.facebook.com\/strassenweb\/"]},{"@type":"Person","@id":"https:\/\/www.strassenweb.de\/nachrichten\/#\/schema\/person\/87c9c9067f1211da429a744dc5a5aa41","name":"Robert Hoffmann","image":{"@type":"ImageObject","inLanguage":"de","@id":"https:\/\/www.strassenweb.de\/nachrichten\/wp-content\/uploads\/2024\/09\/strassenweb-150x150.jpg","url":"https:\/\/www.strassenweb.de\/nachrichten\/wp-content\/uploads\/2024\/09\/strassenweb-150x150.jpg","contentUrl":"https:\/\/www.strassenweb.de\/nachrichten\/wp-content\/uploads\/2024\/09\/strassenweb-150x150.jpg","caption":"Robert Hoffmann"},"description":"Ich hei\u00dfe Robert Hoffmann und ich bin ein leidenschaftlicher Verfechter von \u00d6kologie und Biodiversit\u00e4t. Seit meiner Kindheit in den W\u00e4ldern Bayerns f\u00fchle ich mich mit der Natur verbunden und bin entschlossen, sie zu sch\u00fctzen. Heute widme ich mein Leben der Sensibilisierung anderer f\u00fcr die Bedeutung des Umweltschutzes f\u00fcr zuk\u00fcnftige Generationen.","sameAs":["https:\/\/www.strassenweb.de\/"]}]}},"_links":{"self":[{"href":"https:\/\/www.strassenweb.de\/nachrichten\/wp-json\/wp\/v2\/posts\/5297","targetHints":{"allow":["GET"]}}],"collection":[{"href":"https:\/\/www.strassenweb.de\/nachrichten\/wp-json\/wp\/v2\/posts"}],"about":[{"href":"https:\/\/www.strassenweb.de\/nachrichten\/wp-json\/wp\/v2\/types\/post"}],"author":[{"embeddable":true,"href":"https:\/\/www.strassenweb.de\/nachrichten\/wp-json\/wp\/v2\/users\/1"}],"replies":[{"embeddable":true,"href":"https:\/\/www.strassenweb.de\/nachrichten\/wp-json\/wp\/v2\/comments?post=5297"}],"version-history":[{"count":0,"href":"https:\/\/www.strassenweb.de\/nachrichten\/wp-json\/wp\/v2\/posts\/5297\/revisions"}],"wp:featuredmedia":[{"embeddable":true,"href":"https:\/\/www.strassenweb.de\/nachrichten\/wp-json\/wp\/v2\/media\/5298"}],"wp:attachment":[{"href":"https:\/\/www.strassenweb.de\/nachrichten\/wp-json\/wp\/v2\/media?parent=5297"}],"wp:term":[{"taxonomy":"category","embeddable":true,"href":"https:\/\/www.strassenweb.de\/nachrichten\/wp-json\/wp\/v2\/categories?post=5297"},{"taxonomy":"post_tag","embeddable":true,"href":"https:\/\/www.strassenweb.de\/nachrichten\/wp-json\/wp\/v2\/tags?post=5297"}],"curies":[{"name":"wp","href":"https:\/\/api.w.org\/{rel}","templated":true}]}}