{"id":5286,"date":"2025-05-26T21:39:25","date_gmt":"2025-05-26T19:39:25","guid":{"rendered":"https:\/\/www.strassenweb.de\/nachrichten\/welche-couchfarben-haben-2025-aus-dem-stil-designer-sagen-diese-6-farbtoene-sollten-vermieden-werden\/"},"modified":"2025-05-26T21:39:26","modified_gmt":"2025-05-26T19:39:26","slug":"welche-couchfarben-haben-2025-aus-dem-stil-designer-sagen-diese-6-farbtoene-sollten-vermieden-werden","status":"publish","type":"post","link":"https:\/\/www.strassenweb.de\/nachrichten\/welche-couchfarben-haben-2025-aus-dem-stil-designer-sagen-diese-6-farbtoene-sollten-vermieden-werden\/","title":{"rendered":"Welche Couchfarben haben 2025 aus dem Stil? Designer sagen, diese 6 Farbt\u00f6ne sollten vermieden werden"},"content":{"rendered":"<p><\/p>\n<div id=\"article-body\" class=\"article__body \">\n<p>Eine Couch ist eine der Verpflichtungen des Lebens. Es ist nicht f\u00fcr immer, aber es sollte sich f\u00fcr eine gute Zeit gut aussehen und sich gut anf\u00fchlen. Wenn Sie also jetzt oder in naher Zukunft einkaufen, sind die Couchfarben f\u00fcr 2025 und dar\u00fcber hinaus wissen, \u00fcber das sie wissen sollten.<\/p>\n<div id=\"ad-unit-1\" class=\"ad-unit\"><\/div>\n<p>Was drin ist und was drau\u00dfen ist, ist nicht nur ein Laune der Mode. &#8222;Das Design entwickelt die Art und Weise, wie die Sprache tut &#8211; bestimmte T\u00f6ne fallen aus dem Gespr\u00e4ch nicht, weil sie falsch lagen, sondern weil sie nicht mehr sagen, was wir brauchen&#8220;, sagt Rachel Blindauer, Innen- und Produktdesigner.<\/p>\n<aside data-block-type=\"embed\" data-render-type=\"fte\" data-skip=\"dealsy\" data-widget-type=\"seasonal\" class=\"hawk-base\"><\/aside>\n<p>Hier enth\u00fcllen Inneninterienexperten, welche Wohnzimmersofas -Farben ausgewichen sind, die Gr\u00fcnde, warum sie derzeit kein gro\u00dfer Beitrag zu Innenr\u00e4umen sind und welche zeitlosen Couchfarben Sie stattdessen gerne ausw\u00e4hlen m\u00f6chten.<\/p>\n<div id=\"desktop-in-article\" class=\"in-article ad-unit\">\n<div id=\"desktop-taboola-mid-article\"><\/div>\n<\/div>\n<div id=\"mobile-in-article\" class=\"in-article ad-unit\">\n<div id=\"mobile-taboola-mid-article\"><\/div>\n<\/div>\n<div class=\"van_vid_carousel\">\n<div class=\"van_vid_carousel__padding\">\n<div class=\"van_vid_carousel__container\"><\/div>\n<\/div>\n<\/div>\n<aside data-component-name=\"Recirculation:ArticleRiver\" data-nosnippet>\n<span class=\"bg-secondary-500 text-white text-lg font-bold uppercase py-1 px-2 leading-(1.625rem) sm:leading-(6px) sm:text-sm\"><\/p>\n<p>Sie m\u00f6gen m\u00f6gen<br \/>\n<\/span><\/p>\n<ul class=\"flex flex-col my-2 list-outside ms-5 bg-none\" data-analytics-id=\"more-about-inline\">\n<li class=\"m-0 mb-2\" name=\"more-about-inline\" data-analytics-id=\"more-about-inline-0\">\n<p>5 Wohnzimmerfarben, die im Jahr 2025 aus dem Stil gehen<\/p>\n<\/li>\n<li class=\"m-0 mb-2\" name=\"more-about-inline\" data-analytics-id=\"more-about-inline-1\">\n<p>5 Sofa -Stile zu vermeiden, wenn Sie ein zeitloses Wohnzimmer w\u00fcnschen<\/p>\n<\/li>\n<li class=\"m-0 mb-2\" name=\"more-about-inline\" data-analytics-id=\"more-about-inline-2\">\n<p>9 Farben Designer werden in ihren Wohnzimmern im Jahr 2025 nicht verwendet<\/p>\n<\/li>\n<\/ul>\n<\/aside>\n<h3 class=\"article-body__section\" id=\"section-1-cool-gray\"><span>1. Cool Grey<\/span><\/h3>\n<figure class=\"van-image-figure inline-layout \" data-bordeaux-image-check>\n<div class=\"image-full-width-wrapper\">\n<div class=\"image-widthsetter\" style=\"max-width:2000px;\"><\/div>\n<\/div>\n<\/figure>\n<p>Einmal eine zuverl\u00e4ssige Wahl f\u00fcr ein Wohnzimmer, hatten k\u00fchle Graut\u00f6ne, insbesondere solche mit blauen Untert\u00f6nen. Cool Grey ist f\u00fcr 2025 ausgefallen. Tats\u00e4chlich ist es schon lange in der Lage. Vermeiden Sie diesen Schatten, wenn Sie eine Couchfarbe ausw\u00e4hlen.<\/p>\n<div id=\"ad-unit-2\" class=\"ad-unit\"><\/div>\n<p>&#8222;Grey war w\u00e4hrend des Bauernhauss und der minimalistischen Jahre ein Grundnahrungsmittel, aber sie werden jetzt als \u00fcberm\u00e4\u00dfig kalt und eindimensional angesehen&#8220;, sagt Alice Moszczynski, ein in New York ans\u00e4ssiger Innenarchitekt bei Planer 5D, der auch als Millennial Gray bekannt ist.<\/p>\n<p>Aber das hei\u00dft nicht, dass alle Neutralen nicht mehr sind; Vermeiden Sie einfach die chilligeren Versionen. &#8222;Ich sehe, dass die Leute stattdessen in w\u00e4rmere Neutrale wie Taupe, Kamel und Pilz lehnen, die die gleiche Vielseitigkeit bieten, aber mit viel mehr W\u00e4rme und Tiefe&#8220;, sagt Alice.<\/p>\n<div class=\"product-container horizontal-product-container\">\n<div class=\"product-block-row\"><\/div>\n<\/div>\n<h3 class=\"article-body__section\" id=\"section-2-bright-white\"><span>2. Hellwei\u00df<\/span><\/h3>\n<figure class=\"van-image-figure inline-layout \" data-bordeaux-image-check>\n<div class=\"image-full-width-wrapper\">\n<div class=\"image-widthsetter\" style=\"max-width:2000px;\"><\/div>\n<\/div>\n<\/figure>\n<p>Der gleiche Vorwurf der K\u00e4lte wird f\u00fcr die Couch, die das Herzst\u00fcck von Wohnzimmerm\u00f6beln ist, auf helles Wei\u00df ausgezeichnet. Wie Cool Grey kann eine wei\u00dfe Couch die W\u00e4rme und Tiefe fehlen, in die sich die aktuellen Innenr\u00e4ume beugern, erkl\u00e4rt Rebekah Moore Murphy, Mitbegr\u00fcnder und Architekten von Design bei Murphy &#038; Moore Design.<\/p>\n<p>&#8222;Hellwei\u00dfe Polsterung ist zwar immer noch ein Klassiker in kleinen Dosen, ist jedoch f\u00fcr die meisten Haushalte und vermisst dieses Gef\u00fchl der Patina und dem Luxus, nach dem sich viele sehnen&#8220;, sagt sie.<\/p>\n<p>Die zu gew\u00e4hlten Farbt\u00f6ne befinden sich in den gleichen Zeilen wie diejenigen, die k\u00fchles Grau ersetzen k\u00f6nnten. Denken Sie an &#8222;w\u00e4rmere Farbt\u00f6ne wie Pilz, Elfenbein, weiches Taupe und cremige Off-Whites&#8220;, empfiehlt Innenarchitekt und Gr\u00fcnder des Juni-St. George Ally-Catherine Trenary.<\/p>\n<div class=\"product-container horizontal-product-container\">\n<div class=\"product-block-row\"><\/div>\n<\/div>\n<h3 class=\"article-body__section\" id=\"section-3-dark-gray\"><span>3. Dunkelgrau<\/span><\/h3>\n<figure class=\"van-image-figure inline-layout \" data-bordeaux-image-check>\n<div class=\"image-full-width-wrapper\">\n<div class=\"image-widthsetter\" style=\"max-width:2000px;\"><\/div>\n<\/div>\n<\/figure>\n<p>Ja, wieder Grey, aber es gibt eine weitere Einstellung zu Gray, die Sie wissen sollten, die f\u00fcr die Sofas nicht mehr im Stil ist, und das ist Holzkohle.<\/p>\n<p>&#8222;Seit Jahren war Charcoal Grey die Option&#8220; sicher &#8222;: Dunkel genug, um Flecken zu verbergen, neutral genug, um jeden Trend zu entsprechen&#8220;, sagt Rachel Blindauer. &#8218;Aber seine Regierungszeit endet leise. Heute liest Holzkohle mehr Unternehmen als gem\u00fctlich-insbesondere in offenen H\u00e4usern mit offenem Licht. &#8218;<\/p>\n<p>Die M\u00e4ngel der Farbe sind, dass sie sich in hellen oder K\u00fcstenr\u00e4umen schwer und kalt anf\u00fchlen kann. Oft flacht andere Farben im Raum an, anstatt sie zu verbessern; und ist mit Massenmarkt, Builder-Grade-Dekor aus den 2010er Jahren verbunden, sagt sie.<\/p>\n<p>Die Alternativen zur Auswahl, sagt Rachel, sind &#8222;Erdneutrale wie Pilze, Hafer oder warmes Flachs&#8220;.<\/p>\n<div class=\"product-container horizontal-product-container\">\n<div class=\"product-block-row\"><\/div>\n<\/div>\n<h3 class=\"article-body__section\" id=\"section-4-navy-blue\"><span>4. Marineblau<\/span><\/h3>\n<figure class=\"van-image-figure inline-layout \" data-bordeaux-image-check>\n<div class=\"image-full-width-wrapper\">\n<div class=\"image-widthsetter\" style=\"max-width:2000px;\"><\/div>\n<\/div>\n<\/figure>\n<p>Sogar die Grundnahrungsmittel der Wohnzimmerfarbe k\u00f6nnen mit der Zeit au\u00dferhalb des Gelenks werden. &#8222;Navy hatte einen starken Lauf als sichere, aber stilvolle Wahl&#8220;, sagt Innenarchitektin und Betriebsleiterin bei 123 Remodeling Lior Kahana. &#8222;In letzter Zeit kann es ein bisschen schwer oder \u00fcberm\u00e4\u00dfig formell ausgehen.&#8220;<\/p>\n<p>Sie m\u00fcssen jedoch nicht aufgeben, mit Blau zu dekorieren. &#8222;Dusty Blues oder Schiefert\u00f6ne bieten einen \u00e4hnlichen Erdungseffekt, f\u00fchlen sich aber entspannter und nat\u00fcrlicher&#8220;, sagt Lior. &#8222;Sie passen gut zu Holz, Leder und gewebten Texturen, was sie besser f\u00fcr l\u00e4ssige, geschichtete R\u00e4ume fit zu tun.&#8220;<\/p>\n<div class=\"product-container horizontal-product-container\">\n<div class=\"product-block-row\"><\/div>\n<\/div>\n<h3 class=\"article-body__section\" id=\"section-5-aqua\"><span>5. Aqua<\/span><\/h3>\n<figure class=\"van-image-figure inline-layout \" data-bordeaux-image-check>\n<div class=\"image-full-width-wrapper\">\n<div class=\"image-widthsetter\" style=\"max-width:1989px;\"><\/div>\n<\/div>\n<\/figure>\n<p>Auch in Schatten aus dem blaugr\u00fcnen Bereich des Farbrads, wenn Sie stilvoll sein m\u00f6chten, schl\u00e4gt Rachel Blindauer vor.<\/p>\n<p>&#8222;Aqua-t\u00f6nte Sofas hatten ihren Moment, insbesondere in der K\u00fcsten- oder BOHO-inspirierte Innenr\u00e4ume&#8220;, sagt sie. &#8222;Aber wenn sich das Design zu subtileren Ausdrucksformen von Ort und Pers\u00f6nlichkeit bewegt, f\u00fchlen sich diese hellen Blues zu laut, zu themenspezifisch.&#8220;<\/p>\n<p>Probleme mit diesem Farbton sind, dass es zu charakteristisch f\u00fcr Beachy ist, und es ist schwierig, sich in sich entwickelnde Paletten oder saisonale Dekoration zu integrieren.<\/p>\n<p>Es gibt einige ansprechende Alternativen. &#8222;Betrachten Sie ged\u00e4mpftes Weise, Mineralblau oder staubige Olive&#8220;, schl\u00e4gt Rachel vor. &#8222;Diese Farbt\u00f6ne f\u00fchlen sich frischer, aber geerdter und bieten eine Anspielung auf die Natur, ohne in Neuheit zu wechseln.&#8220;<\/p>\n<div class=\"product-container horizontal-product-container\">\n<div class=\"product-block-row\"><\/div>\n<\/div>\n<h3 class=\"article-body__section\" id=\"section-6-millennial-pink\"><span>6. Millennial Pink<\/span><\/h3>\n<figure class=\"van-image-figure inline-layout \" data-bordeaux-image-check>\n<div class=\"image-full-width-wrapper\">\n<div class=\"image-widthsetter\" style=\"max-width:2000px;\"><\/div>\n<\/div>\n<\/figure>\n<p>Ein weiterer Farbton, der in der Vergangenheit in Raumfarbe Ideen zu einer Explosion geworden ist, ist ein tausendj\u00e4hriges Rosa. Erinnerst du dich, als jedes coole Wohnzimmer in den sozialen Medien ein rosa Samtsofa hatte?<\/p>\n<p>&#8222;Dieser weiche Err\u00f6tenton dominierte jahrelang Sofas und Akzentst\u00fchle, aber er wird jetzt durch ges\u00e4ttigte Farbt\u00f6ne ersetzt&#8220;, sagt Alice Moszczynski. &#8222;Reichere T\u00f6ne wie Terrakotta, Clay oder sogar Oxblood-Farben bringen immer noch W\u00e4rme und Romantik, f\u00fchlen sich aber mehr erwachsen&#8220;, schl\u00e4gt sie vor.<\/p>\n<div class=\"product-container horizontal-product-container\">\n<div class=\"product-block-row\"><\/div>\n<\/div>\n<hr>\n<p>Wenn Sie die Zeichen gesehen haben, die Sie eine neue Couch ben\u00f6tigen, geht es nicht darum, die Mode sklavisch zu folgen, um die Farben abzulehnen, die f\u00fcr seinen Nachfolger aus dem Stil gehen. W\u00e4hlen Sie die T\u00f6ne, die der Zeit entsprechen, und Ihr Wohnzimmer wird sowohl Platz als auch elegant f\u00f6rdern.<\/p>\n<\/div>\n","protected":false},"excerpt":{"rendered":"<p>Eine Couch ist eine der Verpflichtungen des Lebens. Es ist nicht f\u00fcr immer, aber es sollte sich f\u00fcr eine gute Zeit gut aussehen und sich<\/p>\n","protected":false},"author":1,"featured_media":5287,"comment_status":"closed","ping_status":"","sticky":false,"template":"","format":"standard","meta":{"footnotes":""},"categories":[118],"tags":[287,7607,91,216,143,162,469,284,560,322,5778,1606,27],"class_list":["post-5286","post","type-post","status-publish","format-standard","has-post-thumbnail","hentry","category-haus-garten","tag-aus","tag-couchfarben","tag-dem","tag-designer","tag-diese","tag-farbtoene","tag-haben","tag-sagen","tag-sollten","tag-stil","tag-vermieden","tag-welche","tag-werden","generate-columns","tablet-grid-50","mobile-grid-100","grid-parent","grid-50"],"yoast_head":"<!-- This site is optimized with the Yoast SEO plugin v27.3 - https:\/\/yoast.com\/product\/yoast-seo-wordpress\/ -->\n<title>Welche Couchfarben haben 2025 aus dem Stil? Designer sagen, diese 6 Farbt\u00f6ne sollten vermieden werden - Nachrichten - Stra\u00dfenweb<\/title>\n<meta name=\"robots\" content=\"index, follow, max-snippet:-1, max-image-preview:large, max-video-preview:-1\" \/>\n<link rel=\"canonical\" href=\"https:\/\/www.strassenweb.de\/nachrichten\/welche-couchfarben-haben-2025-aus-dem-stil-designer-sagen-diese-6-farbtoene-sollten-vermieden-werden\/\" \/>\n<meta property=\"og:locale\" content=\"de_DE\" \/>\n<meta property=\"og:type\" content=\"article\" \/>\n<meta property=\"og:title\" content=\"Welche Couchfarben haben 2025 aus dem Stil? Designer sagen, diese 6 Farbt\u00f6ne sollten vermieden werden - Nachrichten - Stra\u00dfenweb\" \/>\n<meta property=\"og:description\" content=\"Eine Couch ist eine der Verpflichtungen des Lebens. Es ist nicht f\u00fcr immer, aber es sollte sich f\u00fcr eine gute Zeit gut aussehen und sich\" \/>\n<meta property=\"og:url\" content=\"https:\/\/www.strassenweb.de\/nachrichten\/welche-couchfarben-haben-2025-aus-dem-stil-designer-sagen-diese-6-farbtoene-sollten-vermieden-werden\/\" \/>\n<meta property=\"og:site_name\" content=\"Stra\u00dfenweb\" \/>\n<meta property=\"article:publisher\" content=\"https:\/\/www.facebook.com\/strassenweb\/\" \/>\n<meta property=\"article:published_time\" content=\"2025-05-26T19:39:25+00:00\" \/>\n<meta property=\"article:modified_time\" content=\"2025-05-26T19:39:26+00:00\" \/>\n<meta property=\"og:image\" content=\"https:\/\/www.strassenweb.de\/nachrichten\/wp-content\/uploads\/2025\/05\/aCXhTnFY9WxaAtExDbvaAi.jpg\" \/>\n\t<meta property=\"og:image:width\" content=\"1600\" \/>\n\t<meta property=\"og:image:height\" content=\"900\" \/>\n\t<meta property=\"og:image:type\" content=\"image\/jpeg\" \/>\n<meta name=\"author\" content=\"Robert Hoffmann\" \/>\n<meta name=\"twitter:card\" content=\"summary_large_image\" \/>\n<meta name=\"twitter:label1\" content=\"Verfasst von\" \/>\n\t<meta name=\"twitter:data1\" content=\"Robert Hoffmann\" \/>\n\t<meta name=\"twitter:label2\" content=\"Gesch\u00e4tzte Lesezeit\" \/>\n\t<meta name=\"twitter:data2\" content=\"5\u00a0Minuten\" \/>\n<script type=\"application\/ld+json\" class=\"yoast-schema-graph\">{\"@context\":\"https:\\\/\\\/schema.org\",\"@graph\":[{\"@type\":\"Article\",\"@id\":\"https:\\\/\\\/www.strassenweb.de\\\/nachrichten\\\/welche-couchfarben-haben-2025-aus-dem-stil-designer-sagen-diese-6-farbtoene-sollten-vermieden-werden\\\/#article\",\"isPartOf\":{\"@id\":\"https:\\\/\\\/www.strassenweb.de\\\/nachrichten\\\/welche-couchfarben-haben-2025-aus-dem-stil-designer-sagen-diese-6-farbtoene-sollten-vermieden-werden\\\/\"},\"author\":{\"name\":\"Robert Hoffmann\",\"@id\":\"https:\\\/\\\/www.strassenweb.de\\\/nachrichten\\\/#\\\/schema\\\/person\\\/87c9c9067f1211da429a744dc5a5aa41\"},\"headline\":\"Welche Couchfarben haben 2025 aus dem Stil? Designer sagen, diese 6 Farbt\u00f6ne sollten vermieden werden\",\"datePublished\":\"2025-05-26T19:39:25+00:00\",\"dateModified\":\"2025-05-26T19:39:26+00:00\",\"mainEntityOfPage\":{\"@id\":\"https:\\\/\\\/www.strassenweb.de\\\/nachrichten\\\/welche-couchfarben-haben-2025-aus-dem-stil-designer-sagen-diese-6-farbtoene-sollten-vermieden-werden\\\/\"},\"wordCount\":973,\"publisher\":{\"@id\":\"https:\\\/\\\/www.strassenweb.de\\\/nachrichten\\\/#organization\"},\"image\":{\"@id\":\"https:\\\/\\\/www.strassenweb.de\\\/nachrichten\\\/welche-couchfarben-haben-2025-aus-dem-stil-designer-sagen-diese-6-farbtoene-sollten-vermieden-werden\\\/#primaryimage\"},\"thumbnailUrl\":\"https:\\\/\\\/www.strassenweb.de\\\/nachrichten\\\/wp-content\\\/uploads\\\/2025\\\/05\\\/aCXhTnFY9WxaAtExDbvaAi.jpg\",\"keywords\":[\"aus\",\"Couchfarben\",\"dem\",\"Designer\",\"diese\",\"Farbt\u00f6ne\",\"haben\",\"sagen\",\"sollten\",\"Stil\",\"vermieden\",\"welche\",\"werden\"],\"articleSection\":[\"Haus &amp; Garten\"],\"inLanguage\":\"de\"},{\"@type\":\"WebPage\",\"@id\":\"https:\\\/\\\/www.strassenweb.de\\\/nachrichten\\\/welche-couchfarben-haben-2025-aus-dem-stil-designer-sagen-diese-6-farbtoene-sollten-vermieden-werden\\\/\",\"url\":\"https:\\\/\\\/www.strassenweb.de\\\/nachrichten\\\/welche-couchfarben-haben-2025-aus-dem-stil-designer-sagen-diese-6-farbtoene-sollten-vermieden-werden\\\/\",\"name\":\"Welche Couchfarben haben 2025 aus dem Stil? Designer sagen, diese 6 Farbt\u00f6ne sollten vermieden werden - Nachrichten - Stra\u00dfenweb\",\"isPartOf\":{\"@id\":\"https:\\\/\\\/www.strassenweb.de\\\/nachrichten\\\/#website\"},\"primaryImageOfPage\":{\"@id\":\"https:\\\/\\\/www.strassenweb.de\\\/nachrichten\\\/welche-couchfarben-haben-2025-aus-dem-stil-designer-sagen-diese-6-farbtoene-sollten-vermieden-werden\\\/#primaryimage\"},\"image\":{\"@id\":\"https:\\\/\\\/www.strassenweb.de\\\/nachrichten\\\/welche-couchfarben-haben-2025-aus-dem-stil-designer-sagen-diese-6-farbtoene-sollten-vermieden-werden\\\/#primaryimage\"},\"thumbnailUrl\":\"https:\\\/\\\/www.strassenweb.de\\\/nachrichten\\\/wp-content\\\/uploads\\\/2025\\\/05\\\/aCXhTnFY9WxaAtExDbvaAi.jpg\",\"datePublished\":\"2025-05-26T19:39:25+00:00\",\"dateModified\":\"2025-05-26T19:39:26+00:00\",\"breadcrumb\":{\"@id\":\"https:\\\/\\\/www.strassenweb.de\\\/nachrichten\\\/welche-couchfarben-haben-2025-aus-dem-stil-designer-sagen-diese-6-farbtoene-sollten-vermieden-werden\\\/#breadcrumb\"},\"inLanguage\":\"de\",\"potentialAction\":[{\"@type\":\"ReadAction\",\"target\":[\"https:\\\/\\\/www.strassenweb.de\\\/nachrichten\\\/welche-couchfarben-haben-2025-aus-dem-stil-designer-sagen-diese-6-farbtoene-sollten-vermieden-werden\\\/\"]}]},{\"@type\":\"ImageObject\",\"inLanguage\":\"de\",\"@id\":\"https:\\\/\\\/www.strassenweb.de\\\/nachrichten\\\/welche-couchfarben-haben-2025-aus-dem-stil-designer-sagen-diese-6-farbtoene-sollten-vermieden-werden\\\/#primaryimage\",\"url\":\"https:\\\/\\\/www.strassenweb.de\\\/nachrichten\\\/wp-content\\\/uploads\\\/2025\\\/05\\\/aCXhTnFY9WxaAtExDbvaAi.jpg\",\"contentUrl\":\"https:\\\/\\\/www.strassenweb.de\\\/nachrichten\\\/wp-content\\\/uploads\\\/2025\\\/05\\\/aCXhTnFY9WxaAtExDbvaAi.jpg\",\"width\":1600,\"height\":900,\"caption\":\"family room with taupe and cream palette taupe sectional sofa and games table and bar behind\"},{\"@type\":\"BreadcrumbList\",\"@id\":\"https:\\\/\\\/www.strassenweb.de\\\/nachrichten\\\/welche-couchfarben-haben-2025-aus-dem-stil-designer-sagen-diese-6-farbtoene-sollten-vermieden-werden\\\/#breadcrumb\",\"itemListElement\":[{\"@type\":\"ListItem\",\"position\":1,\"name\":\"Home\",\"item\":\"https:\\\/\\\/www.strassenweb.de\\\/nachrichten\\\/\"},{\"@type\":\"ListItem\",\"position\":2,\"name\":\"Welche Couchfarben haben 2025 aus dem Stil? Designer sagen, diese 6 Farbt\u00f6ne sollten vermieden werden\"}]},{\"@type\":\"WebSite\",\"@id\":\"https:\\\/\\\/www.strassenweb.de\\\/nachrichten\\\/#website\",\"url\":\"https:\\\/\\\/www.strassenweb.de\\\/nachrichten\\\/\",\"name\":\"Stra\u00dfenweb\",\"description\":\"Stra\u00dfenverzeichnis f\u00fcr Deutschland\",\"publisher\":{\"@id\":\"https:\\\/\\\/www.strassenweb.de\\\/nachrichten\\\/#organization\"},\"potentialAction\":[{\"@type\":\"SearchAction\",\"target\":{\"@type\":\"EntryPoint\",\"urlTemplate\":\"https:\\\/\\\/www.strassenweb.de\\\/nachrichten\\\/?s={search_term_string}\"},\"query-input\":{\"@type\":\"PropertyValueSpecification\",\"valueRequired\":true,\"valueName\":\"search_term_string\"}}],\"inLanguage\":\"de\"},{\"@type\":\"Organization\",\"@id\":\"https:\\\/\\\/www.strassenweb.de\\\/nachrichten\\\/#organization\",\"name\":\"Stra\u00dfenweb\",\"url\":\"https:\\\/\\\/www.strassenweb.de\\\/nachrichten\\\/\",\"logo\":{\"@type\":\"ImageObject\",\"inLanguage\":\"de\",\"@id\":\"https:\\\/\\\/www.strassenweb.de\\\/nachrichten\\\/#\\\/schema\\\/logo\\\/image\\\/\",\"url\":\"https:\\\/\\\/www.strassenweb.de\\\/nachrichten\\\/wp-content\\\/uploads\\\/2024\\\/09\\\/cropped-favicon.png\",\"contentUrl\":\"https:\\\/\\\/www.strassenweb.de\\\/nachrichten\\\/wp-content\\\/uploads\\\/2024\\\/09\\\/cropped-favicon.png\",\"width\":512,\"height\":512,\"caption\":\"Stra\u00dfenweb\"},\"image\":{\"@id\":\"https:\\\/\\\/www.strassenweb.de\\\/nachrichten\\\/#\\\/schema\\\/logo\\\/image\\\/\"},\"sameAs\":[\"https:\\\/\\\/www.facebook.com\\\/strassenweb\\\/\"]},{\"@type\":\"Person\",\"@id\":\"https:\\\/\\\/www.strassenweb.de\\\/nachrichten\\\/#\\\/schema\\\/person\\\/87c9c9067f1211da429a744dc5a5aa41\",\"name\":\"Robert Hoffmann\",\"image\":{\"@type\":\"ImageObject\",\"inLanguage\":\"de\",\"@id\":\"https:\\\/\\\/www.strassenweb.de\\\/nachrichten\\\/wp-content\\\/uploads\\\/2024\\\/09\\\/strassenweb-150x150.jpg\",\"url\":\"https:\\\/\\\/www.strassenweb.de\\\/nachrichten\\\/wp-content\\\/uploads\\\/2024\\\/09\\\/strassenweb-150x150.jpg\",\"contentUrl\":\"https:\\\/\\\/www.strassenweb.de\\\/nachrichten\\\/wp-content\\\/uploads\\\/2024\\\/09\\\/strassenweb-150x150.jpg\",\"caption\":\"Robert Hoffmann\"},\"description\":\"Ich hei\u00dfe Robert Hoffmann und ich bin ein leidenschaftlicher Verfechter von \u00d6kologie und Biodiversit\u00e4t. Seit meiner Kindheit in den W\u00e4ldern Bayerns f\u00fchle ich mich mit der Natur verbunden und bin entschlossen, sie zu sch\u00fctzen. Heute widme ich mein Leben der Sensibilisierung anderer f\u00fcr die Bedeutung des Umweltschutzes f\u00fcr zuk\u00fcnftige Generationen.\",\"sameAs\":[\"https:\\\/\\\/www.strassenweb.de\\\/\"]}]}<\/script>\n<!-- \/ Yoast SEO plugin. -->","yoast_head_json":{"title":"Welche Couchfarben haben 2025 aus dem Stil? Designer sagen, diese 6 Farbt\u00f6ne sollten vermieden werden - Nachrichten - Stra\u00dfenweb","robots":{"index":"index","follow":"follow","max-snippet":"max-snippet:-1","max-image-preview":"max-image-preview:large","max-video-preview":"max-video-preview:-1"},"canonical":"https:\/\/www.strassenweb.de\/nachrichten\/welche-couchfarben-haben-2025-aus-dem-stil-designer-sagen-diese-6-farbtoene-sollten-vermieden-werden\/","og_locale":"de_DE","og_type":"article","og_title":"Welche Couchfarben haben 2025 aus dem Stil? Designer sagen, diese 6 Farbt\u00f6ne sollten vermieden werden - Nachrichten - Stra\u00dfenweb","og_description":"Eine Couch ist eine der Verpflichtungen des Lebens. Es ist nicht f\u00fcr immer, aber es sollte sich f\u00fcr eine gute Zeit gut aussehen und sich","og_url":"https:\/\/www.strassenweb.de\/nachrichten\/welche-couchfarben-haben-2025-aus-dem-stil-designer-sagen-diese-6-farbtoene-sollten-vermieden-werden\/","og_site_name":"Stra\u00dfenweb","article_publisher":"https:\/\/www.facebook.com\/strassenweb\/","article_published_time":"2025-05-26T19:39:25+00:00","article_modified_time":"2025-05-26T19:39:26+00:00","og_image":[{"width":1600,"height":900,"url":"https:\/\/www.strassenweb.de\/nachrichten\/wp-content\/uploads\/2025\/05\/aCXhTnFY9WxaAtExDbvaAi.jpg","type":"image\/jpeg"}],"author":"Robert Hoffmann","twitter_card":"summary_large_image","twitter_misc":{"Verfasst von":"Robert Hoffmann","Gesch\u00e4tzte Lesezeit":"5\u00a0Minuten"},"schema":{"@context":"https:\/\/schema.org","@graph":[{"@type":"Article","@id":"https:\/\/www.strassenweb.de\/nachrichten\/welche-couchfarben-haben-2025-aus-dem-stil-designer-sagen-diese-6-farbtoene-sollten-vermieden-werden\/#article","isPartOf":{"@id":"https:\/\/www.strassenweb.de\/nachrichten\/welche-couchfarben-haben-2025-aus-dem-stil-designer-sagen-diese-6-farbtoene-sollten-vermieden-werden\/"},"author":{"name":"Robert Hoffmann","@id":"https:\/\/www.strassenweb.de\/nachrichten\/#\/schema\/person\/87c9c9067f1211da429a744dc5a5aa41"},"headline":"Welche Couchfarben haben 2025 aus dem Stil? Designer sagen, diese 6 Farbt\u00f6ne sollten vermieden werden","datePublished":"2025-05-26T19:39:25+00:00","dateModified":"2025-05-26T19:39:26+00:00","mainEntityOfPage":{"@id":"https:\/\/www.strassenweb.de\/nachrichten\/welche-couchfarben-haben-2025-aus-dem-stil-designer-sagen-diese-6-farbtoene-sollten-vermieden-werden\/"},"wordCount":973,"publisher":{"@id":"https:\/\/www.strassenweb.de\/nachrichten\/#organization"},"image":{"@id":"https:\/\/www.strassenweb.de\/nachrichten\/welche-couchfarben-haben-2025-aus-dem-stil-designer-sagen-diese-6-farbtoene-sollten-vermieden-werden\/#primaryimage"},"thumbnailUrl":"https:\/\/www.strassenweb.de\/nachrichten\/wp-content\/uploads\/2025\/05\/aCXhTnFY9WxaAtExDbvaAi.jpg","keywords":["aus","Couchfarben","dem","Designer","diese","Farbt\u00f6ne","haben","sagen","sollten","Stil","vermieden","welche","werden"],"articleSection":["Haus &amp; Garten"],"inLanguage":"de"},{"@type":"WebPage","@id":"https:\/\/www.strassenweb.de\/nachrichten\/welche-couchfarben-haben-2025-aus-dem-stil-designer-sagen-diese-6-farbtoene-sollten-vermieden-werden\/","url":"https:\/\/www.strassenweb.de\/nachrichten\/welche-couchfarben-haben-2025-aus-dem-stil-designer-sagen-diese-6-farbtoene-sollten-vermieden-werden\/","name":"Welche Couchfarben haben 2025 aus dem Stil? Designer sagen, diese 6 Farbt\u00f6ne sollten vermieden werden - Nachrichten - Stra\u00dfenweb","isPartOf":{"@id":"https:\/\/www.strassenweb.de\/nachrichten\/#website"},"primaryImageOfPage":{"@id":"https:\/\/www.strassenweb.de\/nachrichten\/welche-couchfarben-haben-2025-aus-dem-stil-designer-sagen-diese-6-farbtoene-sollten-vermieden-werden\/#primaryimage"},"image":{"@id":"https:\/\/www.strassenweb.de\/nachrichten\/welche-couchfarben-haben-2025-aus-dem-stil-designer-sagen-diese-6-farbtoene-sollten-vermieden-werden\/#primaryimage"},"thumbnailUrl":"https:\/\/www.strassenweb.de\/nachrichten\/wp-content\/uploads\/2025\/05\/aCXhTnFY9WxaAtExDbvaAi.jpg","datePublished":"2025-05-26T19:39:25+00:00","dateModified":"2025-05-26T19:39:26+00:00","breadcrumb":{"@id":"https:\/\/www.strassenweb.de\/nachrichten\/welche-couchfarben-haben-2025-aus-dem-stil-designer-sagen-diese-6-farbtoene-sollten-vermieden-werden\/#breadcrumb"},"inLanguage":"de","potentialAction":[{"@type":"ReadAction","target":["https:\/\/www.strassenweb.de\/nachrichten\/welche-couchfarben-haben-2025-aus-dem-stil-designer-sagen-diese-6-farbtoene-sollten-vermieden-werden\/"]}]},{"@type":"ImageObject","inLanguage":"de","@id":"https:\/\/www.strassenweb.de\/nachrichten\/welche-couchfarben-haben-2025-aus-dem-stil-designer-sagen-diese-6-farbtoene-sollten-vermieden-werden\/#primaryimage","url":"https:\/\/www.strassenweb.de\/nachrichten\/wp-content\/uploads\/2025\/05\/aCXhTnFY9WxaAtExDbvaAi.jpg","contentUrl":"https:\/\/www.strassenweb.de\/nachrichten\/wp-content\/uploads\/2025\/05\/aCXhTnFY9WxaAtExDbvaAi.jpg","width":1600,"height":900,"caption":"family room with taupe and cream palette taupe sectional sofa and games table and bar behind"},{"@type":"BreadcrumbList","@id":"https:\/\/www.strassenweb.de\/nachrichten\/welche-couchfarben-haben-2025-aus-dem-stil-designer-sagen-diese-6-farbtoene-sollten-vermieden-werden\/#breadcrumb","itemListElement":[{"@type":"ListItem","position":1,"name":"Home","item":"https:\/\/www.strassenweb.de\/nachrichten\/"},{"@type":"ListItem","position":2,"name":"Welche Couchfarben haben 2025 aus dem Stil? Designer sagen, diese 6 Farbt\u00f6ne sollten vermieden werden"}]},{"@type":"WebSite","@id":"https:\/\/www.strassenweb.de\/nachrichten\/#website","url":"https:\/\/www.strassenweb.de\/nachrichten\/","name":"Stra\u00dfenweb","description":"Stra\u00dfenverzeichnis f\u00fcr Deutschland","publisher":{"@id":"https:\/\/www.strassenweb.de\/nachrichten\/#organization"},"potentialAction":[{"@type":"SearchAction","target":{"@type":"EntryPoint","urlTemplate":"https:\/\/www.strassenweb.de\/nachrichten\/?s={search_term_string}"},"query-input":{"@type":"PropertyValueSpecification","valueRequired":true,"valueName":"search_term_string"}}],"inLanguage":"de"},{"@type":"Organization","@id":"https:\/\/www.strassenweb.de\/nachrichten\/#organization","name":"Stra\u00dfenweb","url":"https:\/\/www.strassenweb.de\/nachrichten\/","logo":{"@type":"ImageObject","inLanguage":"de","@id":"https:\/\/www.strassenweb.de\/nachrichten\/#\/schema\/logo\/image\/","url":"https:\/\/www.strassenweb.de\/nachrichten\/wp-content\/uploads\/2024\/09\/cropped-favicon.png","contentUrl":"https:\/\/www.strassenweb.de\/nachrichten\/wp-content\/uploads\/2024\/09\/cropped-favicon.png","width":512,"height":512,"caption":"Stra\u00dfenweb"},"image":{"@id":"https:\/\/www.strassenweb.de\/nachrichten\/#\/schema\/logo\/image\/"},"sameAs":["https:\/\/www.facebook.com\/strassenweb\/"]},{"@type":"Person","@id":"https:\/\/www.strassenweb.de\/nachrichten\/#\/schema\/person\/87c9c9067f1211da429a744dc5a5aa41","name":"Robert Hoffmann","image":{"@type":"ImageObject","inLanguage":"de","@id":"https:\/\/www.strassenweb.de\/nachrichten\/wp-content\/uploads\/2024\/09\/strassenweb-150x150.jpg","url":"https:\/\/www.strassenweb.de\/nachrichten\/wp-content\/uploads\/2024\/09\/strassenweb-150x150.jpg","contentUrl":"https:\/\/www.strassenweb.de\/nachrichten\/wp-content\/uploads\/2024\/09\/strassenweb-150x150.jpg","caption":"Robert Hoffmann"},"description":"Ich hei\u00dfe Robert Hoffmann und ich bin ein leidenschaftlicher Verfechter von \u00d6kologie und Biodiversit\u00e4t. Seit meiner Kindheit in den W\u00e4ldern Bayerns f\u00fchle ich mich mit der Natur verbunden und bin entschlossen, sie zu sch\u00fctzen. Heute widme ich mein Leben der Sensibilisierung anderer f\u00fcr die Bedeutung des Umweltschutzes f\u00fcr zuk\u00fcnftige Generationen.","sameAs":["https:\/\/www.strassenweb.de\/"]}]}},"_links":{"self":[{"href":"https:\/\/www.strassenweb.de\/nachrichten\/wp-json\/wp\/v2\/posts\/5286","targetHints":{"allow":["GET"]}}],"collection":[{"href":"https:\/\/www.strassenweb.de\/nachrichten\/wp-json\/wp\/v2\/posts"}],"about":[{"href":"https:\/\/www.strassenweb.de\/nachrichten\/wp-json\/wp\/v2\/types\/post"}],"author":[{"embeddable":true,"href":"https:\/\/www.strassenweb.de\/nachrichten\/wp-json\/wp\/v2\/users\/1"}],"replies":[{"embeddable":true,"href":"https:\/\/www.strassenweb.de\/nachrichten\/wp-json\/wp\/v2\/comments?post=5286"}],"version-history":[{"count":0,"href":"https:\/\/www.strassenweb.de\/nachrichten\/wp-json\/wp\/v2\/posts\/5286\/revisions"}],"wp:featuredmedia":[{"embeddable":true,"href":"https:\/\/www.strassenweb.de\/nachrichten\/wp-json\/wp\/v2\/media\/5287"}],"wp:attachment":[{"href":"https:\/\/www.strassenweb.de\/nachrichten\/wp-json\/wp\/v2\/media?parent=5286"}],"wp:term":[{"taxonomy":"category","embeddable":true,"href":"https:\/\/www.strassenweb.de\/nachrichten\/wp-json\/wp\/v2\/categories?post=5286"},{"taxonomy":"post_tag","embeddable":true,"href":"https:\/\/www.strassenweb.de\/nachrichten\/wp-json\/wp\/v2\/tags?post=5286"}],"curies":[{"name":"wp","href":"https:\/\/api.w.org\/{rel}","templated":true}]}}