{"id":5258,"date":"2025-05-25T05:39:42","date_gmt":"2025-05-25T03:39:42","guid":{"rendered":"https:\/\/www.strassenweb.de\/nachrichten\/martha-stewarts-nostalgische-kuechenschrankfarbe-ersetzt-grey-im-jahr-2026-und-ich-gehe-davon-aus\/"},"modified":"2025-05-25T05:39:44","modified_gmt":"2025-05-25T03:39:44","slug":"martha-stewarts-nostalgische-kuechenschrankfarbe-ersetzt-grey-im-jahr-2026-und-ich-gehe-davon-aus","status":"publish","type":"post","link":"https:\/\/www.strassenweb.de\/nachrichten\/martha-stewarts-nostalgische-kuechenschrankfarbe-ersetzt-grey-im-jahr-2026-und-ich-gehe-davon-aus\/","title":{"rendered":"Martha Stewarts nostalgische K\u00fcchenschrankfarbe ersetzt Grey im Jahr 2026 &#8211; und ich gehe davon aus"},"content":{"rendered":"<p><\/p>\n<div id=\"article-body\" class=\"article__body \">\n<p>Die beliebteste TV -Pers\u00f6nlichkeit von Amerikas, Martha Stewart, kennt einen K\u00fcchenfarbentrend, wenn sie einen sieht. Der Mogul ist ein bekannter Name, und das Tauchen durch ihre Archive gibt mir immer viel Inspiration f\u00fcr mein eigenes Zuhause.<\/p>\n<div id=\"ad-unit-1\" class=\"ad-unit\"><\/div>\n<p>Martha hat seit Jahrzehnten unsere H\u00e4user gepr\u00e4gt &#8211; Produkte aus ihrer Martha Stewart -Kollektion in Amazon und Martha Stewart Essentials reichen von Walmart Take Pride of Place in meiner K\u00fcche. Als sie also ein R\u00fcckfallfoto ihres ehemaligen K\u00fcchenraums teilte, war eine Sache, die ich bemerkte. Die stimmungsbraunen buttergelben K\u00fcchenschr\u00e4nke.<\/p>\n<aside data-block-type=\"embed\" data-render-type=\"fte\" data-skip=\"dealsy\" data-widget-type=\"seasonal\" class=\"hawk-base\"><\/aside>\n<p>Beruhigend und doch freudig &#8211; und nur ein bisschen retro &#8211; weiche, milde Gelbs sind die Farbe des Augenblicks. Tauchen Sie mit einer K\u00fcche, die in diesem w\u00e4rmenden Farbton gebadet wurde, in den ganzj\u00e4hrigen Sonnenschein ein. W\u00e4hrend Enten-Eggon-Blues und Salbei-Gr\u00fcns einst die Farbtrends der K\u00fcchenschrank waren, sind Buttergelben zu meinem neuen Favoriten geworden. Im Winter tr\u00f6stet sie sich und doch im Fr\u00fchjahr und Sommer optimistisch und bilden eine wundervolle Palette f\u00fcr diesen gesch\u00e4ftigen Raum.<\/p>\n<div id=\"desktop-in-article\" class=\"in-article ad-unit\">\n<div id=\"desktop-taboola-mid-article\"><\/div>\n<\/div>\n<div id=\"mobile-in-article\" class=\"in-article ad-unit\">\n<div id=\"mobile-taboola-mid-article\"><\/div>\n<\/div>\n<div class=\"van_vid_carousel\">\n<div class=\"van_vid_carousel__padding\">\n<div class=\"van_vid_carousel__container\"><\/div>\n<\/div>\n<\/div>\n<aside data-component-name=\"Recirculation:ArticleRiver\" data-nosnippet>\n<span class=\"bg-secondary-500 text-white text-lg font-bold uppercase py-1 px-2 leading-(1.625rem) sm:leading-(6px) sm:text-sm\"><\/p>\n<p>Sie m\u00f6gen m\u00f6gen<br \/>\n<\/span><\/p>\n<ul class=\"flex flex-col my-2 list-outside ms-5 bg-none\" data-analytics-id=\"more-about-inline\">\n<li class=\"m-0 mb-2\" name=\"more-about-inline\" data-analytics-id=\"more-about-inline-0\">\n<p>Martha Stewarts Butter Yellow Kitchen aus den 1970er Jahren ist wieder stilvoll und dominiert die Farbtrends im Jahr 2025-die stimmungsbraunen Vorteile sind un\u00fcbertroffen<\/p>\n<\/li>\n<li class=\"m-0 mb-2\" name=\"more-about-inline\" data-analytics-id=\"more-about-inline-1\">\n<p>Nicht beige, nicht grau &#8211; dieser perfekte &#8217;neue Neutral&#8216; ist das, was Josh Brolin, Gwyneth Paltrow und Martha Stewart stattdessen dekorieren<\/p>\n<\/li>\n<li class=\"m-0 mb-2\" name=\"more-about-inline\" data-analytics-id=\"more-about-inline-2\">\n<p>Cynthia Nixons unkonventionelle K\u00fcchenbacksplash beweist, dass Gelb der k\u00fchnste Farbtrend von 2025 ist &#8211; Designer sagen, dass es einladend ist und doch raffiniert ist<\/p>\n<\/li>\n<\/ul>\n<\/aside>\n<p>Das Dekorieren mit Gelb wirkt diesen Sommer auf unseren H\u00e4usern ins Rampenlicht. Als eine der erhebendsten Farben ist es nicht \u00fcberraschend, dass es eine Renaissance hat.<\/p>\n<div id=\"ad-unit-2\" class=\"ad-unit\"><\/div>\n<div class=\"instagram-embed\">\n<blockquote class=\"instagram-media\" data-instgrm-captioned data-instgrm-version=\"6\" style=\"width:99.375%; width:-webkit-calc(100% - 2px); width:calc(100% - 2px);\">\n<p>Ein Beitrag, der von Martha Stewart (@MarthasteWart) geteilt wurde<\/p>\n<p>Ein Foto von on <\/p>\n<\/blockquote>\n<\/div>\n<p>Gelb ist der Schatten des Optimismus und der Freude. Nach den globalen Turbulenzen der letzten Jahre ist es so wenig \u00fcberraschend, dass es Decoratings Color du Jour ist. Aber es ist so viel mehr als ein Blitz in der Pfanne &#8211; der richtige Farbton kann \u00fcberraschende Langlebigkeit haben und traditionelleren Schemata Reichtum verleihen.<\/p>\n<p>Dieser Farbton hat ein energetisierendes, jugendliches Gef\u00fchl und verleiht den K\u00fcchenschr\u00e4nken eine gro\u00dfe Tiefe. Es ist perfekt f\u00fcr das Herz des Hauses und w\u00fcrde als Hintergrundfarbe gut funktionieren.<\/p>\n<p>Der Architekt Richard Parr wird vorschl\u00e4gt, Buttergelb mit einer nat\u00fcrlichen Palette zu kombinieren, die Gelb bereichert, anstatt dagegen zu arbeiten. &#8222;Wir empfehlen, gelb mit erdigen und tiefen T\u00f6nen zu sein, von Terrakotta bis Rost, wobei nat\u00fcrliche Materialien wie reichhaltige H\u00f6lzer und warme Metalle aufgenommen werden, die die Farbe aufnehmen und verbessern.&#8220;<\/p>\n<div id=\"slice-container-newsletterForm-articleInbodyContent-NfD7A9DJYFiTPtiMSnbKg6\" class=\"slice-container newsletter-inbodyContent-slice newsletterForm-articleInbodyContent-NfD7A9DJYFiTPtiMSnbKg6 slice-container-newsletterForm\"><\/div>\n<p>Die in Martha Stewarts K\u00fcche verwendeten Kupfer-, Off-White- und Holzkohle-T\u00f6ne funktionieren wunderbar, damit das Buttergelb singen kann. Farbe ist ein bemerkenswertes Dekorationsmedium und eine einfache M\u00f6glichkeit, eine K\u00fcche teurer aussehen zu lassen. Daher ist es eine wichtige \u00dcberlegung in den fr\u00fchen Stadien der Gestaltung einer K\u00fcche.<\/p>\n<figure class=\"van-image-figure inline-layout \" data-bordeaux-image-check>\n<div class=\"image-full-width-wrapper\">\n<div class=\"image-widthsetter\" style=\"max-width:2400px;\"><\/div>\n<\/div><figcaption class=\"inline-layout \">\n<div class=\"caption-text\">\n<p>\u00c4hnliche buttergelbe K\u00fcche, entworfen von DeVol<\/p>\n<\/div>\n<\/figcaption><\/figure>\n<h3 class=\"article-body__section\" id=\"section-shop-the-butter-yellow-edit\"><span>Kaufen Sie die buttergelbe Bearbeitung ein<\/span><\/h3>\n<p>Wenn das Neuaufbau von K\u00fcchenschr\u00e4nken nicht auf Ihrer Dekorationsagenda ist, sollten Sie stattdessen in buttergelbe Dekork\u00e4ufe investieren. Im Folgenden habe ich meine bevorzugten M\u00f6glichkeiten bezogen, diesen Sonnenschein mit Leichtigkeit in Ihre K\u00fcche einzuf\u00fchren.<\/p>\n<div class=\"product-container hero-product-container product-block-no-wrap\">\n<div class=\"product-block-row\"><\/div>\n<div class=\"product-block-row\"><\/div>\n<div class=\"product-block-row\"><\/div>\n<\/div>\n<div class=\"block\" id=\"articleTag\" data-component-name=\"PostArticleLinks\">\n<div class=\"border-b border-b-black border-solid py-2.5 text-black font-bold uppercase\">Themen<\/div>\n<nav class=\"py-2.5 flex gap-2.5 flex-wrap\" data-analytics-id=\"article-tag\">\n<p>Martha Stewart<br \/>\n<\/nav>\n<\/div>\n<\/div>\n<p><script async src=\"\/\/www.instagram.com\/embed.js\"><\/script><\/p>\n","protected":false},"excerpt":{"rendered":"<p>Die beliebteste TV -Pers\u00f6nlichkeit von Amerikas, Martha Stewart, kennt einen K\u00fcchenfarbentrend, wenn sie einen sieht. Der Mogul ist ein bekannter Name, und das Tauchen durch<\/p>\n","protected":false},"author":1,"featured_media":5259,"comment_status":"closed","ping_status":"","sticky":false,"template":"","format":"standard","meta":{"footnotes":""},"categories":[118],"tags":[287,2630,990,2629,3300,129,384,4050,2894,1591,2895,37],"class_list":["post-5258","post","type-post","status-publish","format-standard","has-post-thumbnail","hentry","category-haus-garten","tag-aus","tag-davon","tag-ersetzt","tag-gehe","tag-grey","tag-ich","tag-jahr","tag-kuechenschrankfarbe","tag-martha","tag-nostalgische","tag-stewarts","tag-und","generate-columns","tablet-grid-50","mobile-grid-100","grid-parent","grid-50"],"yoast_head":"<!-- This site is optimized with the Yoast SEO plugin v27.3 - https:\/\/yoast.com\/product\/yoast-seo-wordpress\/ -->\n<title>Martha Stewarts nostalgische K\u00fcchenschrankfarbe ersetzt Grey im Jahr 2026 - und ich gehe davon aus - Nachrichten - Stra\u00dfenweb<\/title>\n<meta name=\"robots\" content=\"index, follow, max-snippet:-1, max-image-preview:large, max-video-preview:-1\" \/>\n<link rel=\"canonical\" href=\"https:\/\/www.strassenweb.de\/nachrichten\/martha-stewarts-nostalgische-kuechenschrankfarbe-ersetzt-grey-im-jahr-2026-und-ich-gehe-davon-aus\/\" \/>\n<meta property=\"og:locale\" content=\"de_DE\" \/>\n<meta property=\"og:type\" content=\"article\" \/>\n<meta property=\"og:title\" content=\"Martha Stewarts nostalgische K\u00fcchenschrankfarbe ersetzt Grey im Jahr 2026 - und ich gehe davon aus - Nachrichten - Stra\u00dfenweb\" \/>\n<meta property=\"og:description\" content=\"Die beliebteste TV -Pers\u00f6nlichkeit von Amerikas, Martha Stewart, kennt einen K\u00fcchenfarbentrend, wenn sie einen sieht. Der Mogul ist ein bekannter Name, und das Tauchen durch\" \/>\n<meta property=\"og:url\" content=\"https:\/\/www.strassenweb.de\/nachrichten\/martha-stewarts-nostalgische-kuechenschrankfarbe-ersetzt-grey-im-jahr-2026-und-ich-gehe-davon-aus\/\" \/>\n<meta property=\"og:site_name\" content=\"Stra\u00dfenweb\" \/>\n<meta property=\"article:publisher\" content=\"https:\/\/www.facebook.com\/strassenweb\/\" \/>\n<meta property=\"article:published_time\" content=\"2025-05-25T03:39:42+00:00\" \/>\n<meta property=\"article:modified_time\" content=\"2025-05-25T03:39:44+00:00\" \/>\n<meta property=\"og:image\" content=\"https:\/\/www.strassenweb.de\/nachrichten\/wp-content\/uploads\/2025\/05\/5F2toMvw4fbWUinrdd47ZD-scaled.jpg\" \/>\n\t<meta property=\"og:image:width\" content=\"2560\" \/>\n\t<meta property=\"og:image:height\" content=\"1440\" \/>\n\t<meta property=\"og:image:type\" content=\"image\/jpeg\" \/>\n<meta name=\"author\" content=\"Robert Hoffmann\" \/>\n<meta name=\"twitter:card\" content=\"summary_large_image\" \/>\n<meta name=\"twitter:label1\" content=\"Verfasst von\" \/>\n\t<meta name=\"twitter:data1\" content=\"Robert Hoffmann\" \/>\n\t<meta name=\"twitter:label2\" content=\"Gesch\u00e4tzte Lesezeit\" \/>\n\t<meta name=\"twitter:data2\" content=\"3\u00a0Minuten\" \/>\n<script type=\"application\/ld+json\" class=\"yoast-schema-graph\">{\"@context\":\"https:\\\/\\\/schema.org\",\"@graph\":[{\"@type\":\"Article\",\"@id\":\"https:\\\/\\\/www.strassenweb.de\\\/nachrichten\\\/martha-stewarts-nostalgische-kuechenschrankfarbe-ersetzt-grey-im-jahr-2026-und-ich-gehe-davon-aus\\\/#article\",\"isPartOf\":{\"@id\":\"https:\\\/\\\/www.strassenweb.de\\\/nachrichten\\\/martha-stewarts-nostalgische-kuechenschrankfarbe-ersetzt-grey-im-jahr-2026-und-ich-gehe-davon-aus\\\/\"},\"author\":{\"name\":\"Robert Hoffmann\",\"@id\":\"https:\\\/\\\/www.strassenweb.de\\\/nachrichten\\\/#\\\/schema\\\/person\\\/87c9c9067f1211da429a744dc5a5aa41\"},\"headline\":\"Martha Stewarts nostalgische K\u00fcchenschrankfarbe ersetzt Grey im Jahr 2026 &#8211; und ich gehe davon aus\",\"datePublished\":\"2025-05-25T03:39:42+00:00\",\"dateModified\":\"2025-05-25T03:39:44+00:00\",\"mainEntityOfPage\":{\"@id\":\"https:\\\/\\\/www.strassenweb.de\\\/nachrichten\\\/martha-stewarts-nostalgische-kuechenschrankfarbe-ersetzt-grey-im-jahr-2026-und-ich-gehe-davon-aus\\\/\"},\"wordCount\":559,\"publisher\":{\"@id\":\"https:\\\/\\\/www.strassenweb.de\\\/nachrichten\\\/#organization\"},\"image\":{\"@id\":\"https:\\\/\\\/www.strassenweb.de\\\/nachrichten\\\/martha-stewarts-nostalgische-kuechenschrankfarbe-ersetzt-grey-im-jahr-2026-und-ich-gehe-davon-aus\\\/#primaryimage\"},\"thumbnailUrl\":\"https:\\\/\\\/www.strassenweb.de\\\/nachrichten\\\/wp-content\\\/uploads\\\/2025\\\/05\\\/5F2toMvw4fbWUinrdd47ZD-scaled.jpg\",\"keywords\":[\"aus\",\"davon\",\"ersetzt\",\"gehe\",\"Grey\",\"ich\",\"Jahr\",\"K\u00fcchenschrankfarbe\",\"Martha\",\"Nostalgische\",\"Stewarts\",\"und\"],\"articleSection\":[\"Haus &amp; Garten\"],\"inLanguage\":\"de\"},{\"@type\":\"WebPage\",\"@id\":\"https:\\\/\\\/www.strassenweb.de\\\/nachrichten\\\/martha-stewarts-nostalgische-kuechenschrankfarbe-ersetzt-grey-im-jahr-2026-und-ich-gehe-davon-aus\\\/\",\"url\":\"https:\\\/\\\/www.strassenweb.de\\\/nachrichten\\\/martha-stewarts-nostalgische-kuechenschrankfarbe-ersetzt-grey-im-jahr-2026-und-ich-gehe-davon-aus\\\/\",\"name\":\"Martha Stewarts nostalgische K\u00fcchenschrankfarbe ersetzt Grey im Jahr 2026 - und ich gehe davon aus - Nachrichten - Stra\u00dfenweb\",\"isPartOf\":{\"@id\":\"https:\\\/\\\/www.strassenweb.de\\\/nachrichten\\\/#website\"},\"primaryImageOfPage\":{\"@id\":\"https:\\\/\\\/www.strassenweb.de\\\/nachrichten\\\/martha-stewarts-nostalgische-kuechenschrankfarbe-ersetzt-grey-im-jahr-2026-und-ich-gehe-davon-aus\\\/#primaryimage\"},\"image\":{\"@id\":\"https:\\\/\\\/www.strassenweb.de\\\/nachrichten\\\/martha-stewarts-nostalgische-kuechenschrankfarbe-ersetzt-grey-im-jahr-2026-und-ich-gehe-davon-aus\\\/#primaryimage\"},\"thumbnailUrl\":\"https:\\\/\\\/www.strassenweb.de\\\/nachrichten\\\/wp-content\\\/uploads\\\/2025\\\/05\\\/5F2toMvw4fbWUinrdd47ZD-scaled.jpg\",\"datePublished\":\"2025-05-25T03:39:42+00:00\",\"dateModified\":\"2025-05-25T03:39:44+00:00\",\"breadcrumb\":{\"@id\":\"https:\\\/\\\/www.strassenweb.de\\\/nachrichten\\\/martha-stewarts-nostalgische-kuechenschrankfarbe-ersetzt-grey-im-jahr-2026-und-ich-gehe-davon-aus\\\/#breadcrumb\"},\"inLanguage\":\"de\",\"potentialAction\":[{\"@type\":\"ReadAction\",\"target\":[\"https:\\\/\\\/www.strassenweb.de\\\/nachrichten\\\/martha-stewarts-nostalgische-kuechenschrankfarbe-ersetzt-grey-im-jahr-2026-und-ich-gehe-davon-aus\\\/\"]}]},{\"@type\":\"ImageObject\",\"inLanguage\":\"de\",\"@id\":\"https:\\\/\\\/www.strassenweb.de\\\/nachrichten\\\/martha-stewarts-nostalgische-kuechenschrankfarbe-ersetzt-grey-im-jahr-2026-und-ich-gehe-davon-aus\\\/#primaryimage\",\"url\":\"https:\\\/\\\/www.strassenweb.de\\\/nachrichten\\\/wp-content\\\/uploads\\\/2025\\\/05\\\/5F2toMvw4fbWUinrdd47ZD-scaled.jpg\",\"contentUrl\":\"https:\\\/\\\/www.strassenweb.de\\\/nachrichten\\\/wp-content\\\/uploads\\\/2025\\\/05\\\/5F2toMvw4fbWUinrdd47ZD-scaled.jpg\",\"width\":2560,\"height\":1440,\"caption\":\"Martha Stewart attends Martha Stewart&amp;#039;s 100th Book Party Celebration during Food Network New York City Wine &amp;amp; Food Festival\"},{\"@type\":\"BreadcrumbList\",\"@id\":\"https:\\\/\\\/www.strassenweb.de\\\/nachrichten\\\/martha-stewarts-nostalgische-kuechenschrankfarbe-ersetzt-grey-im-jahr-2026-und-ich-gehe-davon-aus\\\/#breadcrumb\",\"itemListElement\":[{\"@type\":\"ListItem\",\"position\":1,\"name\":\"Home\",\"item\":\"https:\\\/\\\/www.strassenweb.de\\\/nachrichten\\\/\"},{\"@type\":\"ListItem\",\"position\":2,\"name\":\"Martha Stewarts nostalgische K\u00fcchenschrankfarbe ersetzt Grey im Jahr 2026 &#8211; und ich gehe davon aus\"}]},{\"@type\":\"WebSite\",\"@id\":\"https:\\\/\\\/www.strassenweb.de\\\/nachrichten\\\/#website\",\"url\":\"https:\\\/\\\/www.strassenweb.de\\\/nachrichten\\\/\",\"name\":\"Stra\u00dfenweb\",\"description\":\"Stra\u00dfenverzeichnis f\u00fcr Deutschland\",\"publisher\":{\"@id\":\"https:\\\/\\\/www.strassenweb.de\\\/nachrichten\\\/#organization\"},\"potentialAction\":[{\"@type\":\"SearchAction\",\"target\":{\"@type\":\"EntryPoint\",\"urlTemplate\":\"https:\\\/\\\/www.strassenweb.de\\\/nachrichten\\\/?s={search_term_string}\"},\"query-input\":{\"@type\":\"PropertyValueSpecification\",\"valueRequired\":true,\"valueName\":\"search_term_string\"}}],\"inLanguage\":\"de\"},{\"@type\":\"Organization\",\"@id\":\"https:\\\/\\\/www.strassenweb.de\\\/nachrichten\\\/#organization\",\"name\":\"Stra\u00dfenweb\",\"url\":\"https:\\\/\\\/www.strassenweb.de\\\/nachrichten\\\/\",\"logo\":{\"@type\":\"ImageObject\",\"inLanguage\":\"de\",\"@id\":\"https:\\\/\\\/www.strassenweb.de\\\/nachrichten\\\/#\\\/schema\\\/logo\\\/image\\\/\",\"url\":\"https:\\\/\\\/www.strassenweb.de\\\/nachrichten\\\/wp-content\\\/uploads\\\/2024\\\/09\\\/cropped-favicon.png\",\"contentUrl\":\"https:\\\/\\\/www.strassenweb.de\\\/nachrichten\\\/wp-content\\\/uploads\\\/2024\\\/09\\\/cropped-favicon.png\",\"width\":512,\"height\":512,\"caption\":\"Stra\u00dfenweb\"},\"image\":{\"@id\":\"https:\\\/\\\/www.strassenweb.de\\\/nachrichten\\\/#\\\/schema\\\/logo\\\/image\\\/\"},\"sameAs\":[\"https:\\\/\\\/www.facebook.com\\\/strassenweb\\\/\"]},{\"@type\":\"Person\",\"@id\":\"https:\\\/\\\/www.strassenweb.de\\\/nachrichten\\\/#\\\/schema\\\/person\\\/87c9c9067f1211da429a744dc5a5aa41\",\"name\":\"Robert Hoffmann\",\"image\":{\"@type\":\"ImageObject\",\"inLanguage\":\"de\",\"@id\":\"https:\\\/\\\/www.strassenweb.de\\\/nachrichten\\\/wp-content\\\/uploads\\\/2024\\\/09\\\/strassenweb-150x150.jpg\",\"url\":\"https:\\\/\\\/www.strassenweb.de\\\/nachrichten\\\/wp-content\\\/uploads\\\/2024\\\/09\\\/strassenweb-150x150.jpg\",\"contentUrl\":\"https:\\\/\\\/www.strassenweb.de\\\/nachrichten\\\/wp-content\\\/uploads\\\/2024\\\/09\\\/strassenweb-150x150.jpg\",\"caption\":\"Robert Hoffmann\"},\"description\":\"Ich hei\u00dfe Robert Hoffmann und ich bin ein leidenschaftlicher Verfechter von \u00d6kologie und Biodiversit\u00e4t. Seit meiner Kindheit in den W\u00e4ldern Bayerns f\u00fchle ich mich mit der Natur verbunden und bin entschlossen, sie zu sch\u00fctzen. Heute widme ich mein Leben der Sensibilisierung anderer f\u00fcr die Bedeutung des Umweltschutzes f\u00fcr zuk\u00fcnftige Generationen.\",\"sameAs\":[\"https:\\\/\\\/www.strassenweb.de\\\/\"]}]}<\/script>\n<!-- \/ Yoast SEO plugin. -->","yoast_head_json":{"title":"Martha Stewarts nostalgische K\u00fcchenschrankfarbe ersetzt Grey im Jahr 2026 - und ich gehe davon aus - Nachrichten - Stra\u00dfenweb","robots":{"index":"index","follow":"follow","max-snippet":"max-snippet:-1","max-image-preview":"max-image-preview:large","max-video-preview":"max-video-preview:-1"},"canonical":"https:\/\/www.strassenweb.de\/nachrichten\/martha-stewarts-nostalgische-kuechenschrankfarbe-ersetzt-grey-im-jahr-2026-und-ich-gehe-davon-aus\/","og_locale":"de_DE","og_type":"article","og_title":"Martha Stewarts nostalgische K\u00fcchenschrankfarbe ersetzt Grey im Jahr 2026 - und ich gehe davon aus - Nachrichten - Stra\u00dfenweb","og_description":"Die beliebteste TV -Pers\u00f6nlichkeit von Amerikas, Martha Stewart, kennt einen K\u00fcchenfarbentrend, wenn sie einen sieht. Der Mogul ist ein bekannter Name, und das Tauchen durch","og_url":"https:\/\/www.strassenweb.de\/nachrichten\/martha-stewarts-nostalgische-kuechenschrankfarbe-ersetzt-grey-im-jahr-2026-und-ich-gehe-davon-aus\/","og_site_name":"Stra\u00dfenweb","article_publisher":"https:\/\/www.facebook.com\/strassenweb\/","article_published_time":"2025-05-25T03:39:42+00:00","article_modified_time":"2025-05-25T03:39:44+00:00","og_image":[{"width":2560,"height":1440,"url":"https:\/\/www.strassenweb.de\/nachrichten\/wp-content\/uploads\/2025\/05\/5F2toMvw4fbWUinrdd47ZD-scaled.jpg","type":"image\/jpeg"}],"author":"Robert Hoffmann","twitter_card":"summary_large_image","twitter_misc":{"Verfasst von":"Robert Hoffmann","Gesch\u00e4tzte Lesezeit":"3\u00a0Minuten"},"schema":{"@context":"https:\/\/schema.org","@graph":[{"@type":"Article","@id":"https:\/\/www.strassenweb.de\/nachrichten\/martha-stewarts-nostalgische-kuechenschrankfarbe-ersetzt-grey-im-jahr-2026-und-ich-gehe-davon-aus\/#article","isPartOf":{"@id":"https:\/\/www.strassenweb.de\/nachrichten\/martha-stewarts-nostalgische-kuechenschrankfarbe-ersetzt-grey-im-jahr-2026-und-ich-gehe-davon-aus\/"},"author":{"name":"Robert Hoffmann","@id":"https:\/\/www.strassenweb.de\/nachrichten\/#\/schema\/person\/87c9c9067f1211da429a744dc5a5aa41"},"headline":"Martha Stewarts nostalgische K\u00fcchenschrankfarbe ersetzt Grey im Jahr 2026 &#8211; und ich gehe davon aus","datePublished":"2025-05-25T03:39:42+00:00","dateModified":"2025-05-25T03:39:44+00:00","mainEntityOfPage":{"@id":"https:\/\/www.strassenweb.de\/nachrichten\/martha-stewarts-nostalgische-kuechenschrankfarbe-ersetzt-grey-im-jahr-2026-und-ich-gehe-davon-aus\/"},"wordCount":559,"publisher":{"@id":"https:\/\/www.strassenweb.de\/nachrichten\/#organization"},"image":{"@id":"https:\/\/www.strassenweb.de\/nachrichten\/martha-stewarts-nostalgische-kuechenschrankfarbe-ersetzt-grey-im-jahr-2026-und-ich-gehe-davon-aus\/#primaryimage"},"thumbnailUrl":"https:\/\/www.strassenweb.de\/nachrichten\/wp-content\/uploads\/2025\/05\/5F2toMvw4fbWUinrdd47ZD-scaled.jpg","keywords":["aus","davon","ersetzt","gehe","Grey","ich","Jahr","K\u00fcchenschrankfarbe","Martha","Nostalgische","Stewarts","und"],"articleSection":["Haus &amp; Garten"],"inLanguage":"de"},{"@type":"WebPage","@id":"https:\/\/www.strassenweb.de\/nachrichten\/martha-stewarts-nostalgische-kuechenschrankfarbe-ersetzt-grey-im-jahr-2026-und-ich-gehe-davon-aus\/","url":"https:\/\/www.strassenweb.de\/nachrichten\/martha-stewarts-nostalgische-kuechenschrankfarbe-ersetzt-grey-im-jahr-2026-und-ich-gehe-davon-aus\/","name":"Martha Stewarts nostalgische K\u00fcchenschrankfarbe ersetzt Grey im Jahr 2026 - und ich gehe davon aus - Nachrichten - Stra\u00dfenweb","isPartOf":{"@id":"https:\/\/www.strassenweb.de\/nachrichten\/#website"},"primaryImageOfPage":{"@id":"https:\/\/www.strassenweb.de\/nachrichten\/martha-stewarts-nostalgische-kuechenschrankfarbe-ersetzt-grey-im-jahr-2026-und-ich-gehe-davon-aus\/#primaryimage"},"image":{"@id":"https:\/\/www.strassenweb.de\/nachrichten\/martha-stewarts-nostalgische-kuechenschrankfarbe-ersetzt-grey-im-jahr-2026-und-ich-gehe-davon-aus\/#primaryimage"},"thumbnailUrl":"https:\/\/www.strassenweb.de\/nachrichten\/wp-content\/uploads\/2025\/05\/5F2toMvw4fbWUinrdd47ZD-scaled.jpg","datePublished":"2025-05-25T03:39:42+00:00","dateModified":"2025-05-25T03:39:44+00:00","breadcrumb":{"@id":"https:\/\/www.strassenweb.de\/nachrichten\/martha-stewarts-nostalgische-kuechenschrankfarbe-ersetzt-grey-im-jahr-2026-und-ich-gehe-davon-aus\/#breadcrumb"},"inLanguage":"de","potentialAction":[{"@type":"ReadAction","target":["https:\/\/www.strassenweb.de\/nachrichten\/martha-stewarts-nostalgische-kuechenschrankfarbe-ersetzt-grey-im-jahr-2026-und-ich-gehe-davon-aus\/"]}]},{"@type":"ImageObject","inLanguage":"de","@id":"https:\/\/www.strassenweb.de\/nachrichten\/martha-stewarts-nostalgische-kuechenschrankfarbe-ersetzt-grey-im-jahr-2026-und-ich-gehe-davon-aus\/#primaryimage","url":"https:\/\/www.strassenweb.de\/nachrichten\/wp-content\/uploads\/2025\/05\/5F2toMvw4fbWUinrdd47ZD-scaled.jpg","contentUrl":"https:\/\/www.strassenweb.de\/nachrichten\/wp-content\/uploads\/2025\/05\/5F2toMvw4fbWUinrdd47ZD-scaled.jpg","width":2560,"height":1440,"caption":"Martha Stewart attends Martha Stewart&amp;#039;s 100th Book Party Celebration during Food Network New York City Wine &amp;amp; Food Festival"},{"@type":"BreadcrumbList","@id":"https:\/\/www.strassenweb.de\/nachrichten\/martha-stewarts-nostalgische-kuechenschrankfarbe-ersetzt-grey-im-jahr-2026-und-ich-gehe-davon-aus\/#breadcrumb","itemListElement":[{"@type":"ListItem","position":1,"name":"Home","item":"https:\/\/www.strassenweb.de\/nachrichten\/"},{"@type":"ListItem","position":2,"name":"Martha Stewarts nostalgische K\u00fcchenschrankfarbe ersetzt Grey im Jahr 2026 &#8211; und ich gehe davon aus"}]},{"@type":"WebSite","@id":"https:\/\/www.strassenweb.de\/nachrichten\/#website","url":"https:\/\/www.strassenweb.de\/nachrichten\/","name":"Stra\u00dfenweb","description":"Stra\u00dfenverzeichnis f\u00fcr Deutschland","publisher":{"@id":"https:\/\/www.strassenweb.de\/nachrichten\/#organization"},"potentialAction":[{"@type":"SearchAction","target":{"@type":"EntryPoint","urlTemplate":"https:\/\/www.strassenweb.de\/nachrichten\/?s={search_term_string}"},"query-input":{"@type":"PropertyValueSpecification","valueRequired":true,"valueName":"search_term_string"}}],"inLanguage":"de"},{"@type":"Organization","@id":"https:\/\/www.strassenweb.de\/nachrichten\/#organization","name":"Stra\u00dfenweb","url":"https:\/\/www.strassenweb.de\/nachrichten\/","logo":{"@type":"ImageObject","inLanguage":"de","@id":"https:\/\/www.strassenweb.de\/nachrichten\/#\/schema\/logo\/image\/","url":"https:\/\/www.strassenweb.de\/nachrichten\/wp-content\/uploads\/2024\/09\/cropped-favicon.png","contentUrl":"https:\/\/www.strassenweb.de\/nachrichten\/wp-content\/uploads\/2024\/09\/cropped-favicon.png","width":512,"height":512,"caption":"Stra\u00dfenweb"},"image":{"@id":"https:\/\/www.strassenweb.de\/nachrichten\/#\/schema\/logo\/image\/"},"sameAs":["https:\/\/www.facebook.com\/strassenweb\/"]},{"@type":"Person","@id":"https:\/\/www.strassenweb.de\/nachrichten\/#\/schema\/person\/87c9c9067f1211da429a744dc5a5aa41","name":"Robert Hoffmann","image":{"@type":"ImageObject","inLanguage":"de","@id":"https:\/\/www.strassenweb.de\/nachrichten\/wp-content\/uploads\/2024\/09\/strassenweb-150x150.jpg","url":"https:\/\/www.strassenweb.de\/nachrichten\/wp-content\/uploads\/2024\/09\/strassenweb-150x150.jpg","contentUrl":"https:\/\/www.strassenweb.de\/nachrichten\/wp-content\/uploads\/2024\/09\/strassenweb-150x150.jpg","caption":"Robert Hoffmann"},"description":"Ich hei\u00dfe Robert Hoffmann und ich bin ein leidenschaftlicher Verfechter von \u00d6kologie und Biodiversit\u00e4t. Seit meiner Kindheit in den W\u00e4ldern Bayerns f\u00fchle ich mich mit der Natur verbunden und bin entschlossen, sie zu sch\u00fctzen. Heute widme ich mein Leben der Sensibilisierung anderer f\u00fcr die Bedeutung des Umweltschutzes f\u00fcr zuk\u00fcnftige Generationen.","sameAs":["https:\/\/www.strassenweb.de\/"]}]}},"_links":{"self":[{"href":"https:\/\/www.strassenweb.de\/nachrichten\/wp-json\/wp\/v2\/posts\/5258","targetHints":{"allow":["GET"]}}],"collection":[{"href":"https:\/\/www.strassenweb.de\/nachrichten\/wp-json\/wp\/v2\/posts"}],"about":[{"href":"https:\/\/www.strassenweb.de\/nachrichten\/wp-json\/wp\/v2\/types\/post"}],"author":[{"embeddable":true,"href":"https:\/\/www.strassenweb.de\/nachrichten\/wp-json\/wp\/v2\/users\/1"}],"replies":[{"embeddable":true,"href":"https:\/\/www.strassenweb.de\/nachrichten\/wp-json\/wp\/v2\/comments?post=5258"}],"version-history":[{"count":0,"href":"https:\/\/www.strassenweb.de\/nachrichten\/wp-json\/wp\/v2\/posts\/5258\/revisions"}],"wp:featuredmedia":[{"embeddable":true,"href":"https:\/\/www.strassenweb.de\/nachrichten\/wp-json\/wp\/v2\/media\/5259"}],"wp:attachment":[{"href":"https:\/\/www.strassenweb.de\/nachrichten\/wp-json\/wp\/v2\/media?parent=5258"}],"wp:term":[{"taxonomy":"category","embeddable":true,"href":"https:\/\/www.strassenweb.de\/nachrichten\/wp-json\/wp\/v2\/categories?post=5258"},{"taxonomy":"post_tag","embeddable":true,"href":"https:\/\/www.strassenweb.de\/nachrichten\/wp-json\/wp\/v2\/tags?post=5258"}],"curies":[{"name":"wp","href":"https:\/\/api.w.org\/{rel}","templated":true}]}}