{"id":5232,"date":"2025-05-23T17:39:44","date_gmt":"2025-05-23T15:39:44","guid":{"rendered":"https:\/\/www.strassenweb.de\/nachrichten\/die-kueche-von-victoria-beckham-ist-dank-dieser-hoch-entwickelten-europaeischen-marken-so-elegant-wie-ihre-mode-sommer-mode-reichweite-sie-koennen-ihren-look-von-16-einkaufen\/"},"modified":"2025-05-23T17:39:44","modified_gmt":"2025-05-23T15:39:44","slug":"die-kueche-von-victoria-beckham-ist-dank-dieser-hoch-entwickelten-europaeischen-marken-so-elegant-wie-ihre-mode-sommer-mode-reichweite-sie-koennen-ihren-look-von-16-einkaufen","status":"publish","type":"post","link":"https:\/\/www.strassenweb.de\/nachrichten\/die-kueche-von-victoria-beckham-ist-dank-dieser-hoch-entwickelten-europaeischen-marken-so-elegant-wie-ihre-mode-sommer-mode-reichweite-sie-koennen-ihren-look-von-16-einkaufen\/","title":{"rendered":"Die K\u00fcche von Victoria Beckham ist dank dieser hoch entwickelten europ\u00e4ischen Marken so elegant wie ihre Mode-\/Sommer -Mode -Reichweite. Sie k\u00f6nnen ihren Look von 16 $ einkaufen"},"content":{"rendered":"<p><\/p>\n<div id=\"article-body\" class=\"article__body \">\n<p>In vielen Promi -K\u00fcchen ist Minimalismus K\u00f6nig, aber David und Victoria Beckhams Raum sind besonders pers\u00f6nlicher (und funktionaler). Ihre Londoner Townhouse -K\u00fcche ist ein Raum, in dem wir, das Team f\u00fcr Prominente, oft zur\u00fcckkehren.<\/p>\n<div id=\"ad-unit-1\" class=\"ad-unit\"><\/div>\n<p>Der von Luxus italienische Hersteller von luxuri\u00f6se Hersteller Gullo, David und Victoria&#8217;s Kitchen verwischt die Grenze zwischen Luxus und Praktikabilit\u00e4t.<\/p>\n<aside data-block-type=\"embed\" data-render-type=\"fte\" data-skip=\"dealsy\" data-widget-type=\"seasonal\" class=\"hawk-base\"><\/aside>\n<p>Officine Gullo wurde f\u00fcr seine High-End-Designs auf Metallbasis und au\u00dfergew\u00f6hnliche Kocher bewundert und ist eine K\u00fcchendreitkr\u00e4fte, die au\u00dfergew\u00f6hnlich gut funktioniert, aber dabei extra-stylisch aussieht. Es ist also vielleicht nicht \u00fcberraschend, dass das Paar einer \u00e4hnlichen Ideologie in Bezug auf ihre Ger\u00e4te und ihre Arbeitsplattenzubeh\u00f6r folgt.<\/p>\n<div id=\"desktop-in-article\" class=\"in-article ad-unit\">\n<div id=\"desktop-taboola-mid-article\"><\/div>\n<\/div>\n<div id=\"mobile-in-article\" class=\"in-article ad-unit\">\n<div id=\"mobile-taboola-mid-article\"><\/div>\n<\/div>\n<div class=\"van_vid_carousel\">\n<div class=\"van_vid_carousel__padding\">\n<div class=\"van_vid_carousel__container\"><\/div>\n<\/div>\n<\/div>\n<aside data-component-name=\"Recirculation:ArticleRiver\" data-nosnippet>\n<span class=\"bg-secondary-500 text-white text-lg font-bold uppercase py-1 px-2 leading-(1.625rem) sm:leading-(6px) sm:text-sm\"><\/p>\n<p>Sie m\u00f6gen m\u00f6gen<br \/>\n<\/span><\/p>\n<ul class=\"flex flex-col my-2 list-outside ms-5 bg-none\" data-analytics-id=\"more-about-inline\">\n<li class=\"m-0 mb-2\" name=\"more-about-inline\" data-analytics-id=\"more-about-inline-0\">\n<p>Diese von French entworfene Pfefferm\u00fchle hat einen erstklassigen Platz f\u00fcr David und Victoria Beckhams Arbeitsplatten-es ist ein Koch, das f\u00fcr weniger als 45 US-Dollar erforderlich ist<\/p>\n<\/li>\n<li class=\"m-0 mb-2\" name=\"more-about-inline\" data-analytics-id=\"more-about-inline-1\">\n<p>David Beckham nutzt den toten Raum, indem er T\u00f6pfe und Pfannen in der K\u00fcche seines K\u00fcchenchefs h\u00e4ngt &#8211; Experten schw\u00f6ren auf seine geniale Technik<\/p>\n<\/li>\n<li class=\"m-0 mb-2\" name=\"more-about-inline\" data-analytics-id=\"more-about-inline-2\">\n<p>Die italienische K\u00fcche von Andrea Bocellis kombiniert moderne Eleganz mit utilitaristischen Funktionen &#8211; ihre Designer sagen, dass es eine \u201eKunst\u201c ist, die perfekte Balance zu schlagen, ist eine \u201eKunst\u201c.<\/p>\n<\/li>\n<\/ul>\n<\/aside>\n<p>In einem auf ihrem Instagram ver\u00f6ffentlichten Video bietet Victoria einen Einblick in die Artikel auf ihren K\u00fcchenarbeitsplatten, und viele ihrer wichtigsten Grundlagen sind f\u00fcr nur 16 US -Dollar einkaufbar. Zu den herausragenden Funktionen z\u00e4hlen eine Pfefferm\u00fchle der legend\u00e4ren franz\u00f6sischen Marke Le Creuset (erh\u00e4ltlich bei der Marke) und einem klassischen Britisch-Designed Toaster (bei Amazon).<\/p>\n<div id=\"ad-unit-2\" class=\"ad-unit\"><\/div>\n<p>Im Folgenden k\u00f6nnen Sie die Arbeitsplatten von Victoria Beckham (einschlie\u00dflich vieler exakter Spiele) einkaufen.<\/p>\n<div class=\"instagram-embed\">\n<blockquote class=\"instagram-media\" data-instgrm-captioned data-instgrm-version=\"6\" style=\"width:99.375%; width:-webkit-calc(100% - 2px); width:calc(100% - 2px);\">\n<p>Ein Beitrag, der von Victoria Beckham (@victoriabeckham) geteilt wird<\/p>\n<p>Ein Foto von on <\/p>\n<\/blockquote>\n<\/div>\n<div class=\"product-container hero-product-container product-block-no-wrap\">\n<div class=\"product-block-row\"><\/div>\n<div class=\"product-block-row\"><\/div>\n<div class=\"product-block-row\"><\/div>\n<div class=\"product-block-row\"><\/div>\n<div class=\"product-block-row\"><\/div>\n<div class=\"product-block-row\"><\/div>\n<\/div>\n<hr>\n<div id=\"slice-container-newsletterForm-articleInbodyContent-3wco43V7LK7y3GEcaBUAU7\" class=\"slice-container newsletter-inbodyContent-slice newsletterForm-articleInbodyContent-3wco43V7LK7y3GEcaBUAU7 slice-container-newsletterForm\"><\/div>\n<div class=\"block\" id=\"articleTag\" data-component-name=\"PostArticleLinks\">\n<div class=\"border-b border-b-black border-solid py-2.5 text-black font-bold uppercase\">Themen<\/div>\n<nav class=\"py-2.5 flex gap-2.5 flex-wrap\" data-analytics-id=\"article-tag\">\n<p>Victoria Beckham<br \/>\n<\/nav>\n<\/div>\n<\/div>\n<p><script async src=\"\/\/www.instagram.com\/embed.js\"><\/script><\/p>\n","protected":false},"excerpt":{"rendered":"<p>In vielen Promi -K\u00fcchen ist Minimalismus K\u00f6nig, aber David und Victoria Beckhams Raum sind besonders pers\u00f6nlicher (und funktionaler). Ihre Londoner Townhouse -K\u00fcche ist ein Raum,<\/p>\n","protected":false},"author":1,"featured_media":5233,"comment_status":"closed","ping_status":"","sticky":false,"template":"","format":"standard","meta":{"footnotes":""},"categories":[118],"tags":[3875,365,9,1554,2371,3305,7545,79,6308,225,325,15,689,468,4616,2252,7546,7547,165,515,21,26],"class_list":["post-5232","post","type-post","status-publish","format-standard","has-post-thumbnail","hentry","category-haus-garten","tag-beckham","tag-dank","tag-die","tag-dieser","tag-einkaufen","tag-elegant","tag-entwickelten","tag-europaeischen","tag-hoch","tag-ihre","tag-ihren","tag-ist","tag-koennen","tag-kueche","tag-marken","tag-mode","tag-modesommer","tag-reichweite","tag-sie","tag-victoria","tag-von","tag-wie","generate-columns","tablet-grid-50","mobile-grid-100","grid-parent","grid-50"],"yoast_head":"<!-- This site is optimized with the Yoast SEO plugin v27.3 - https:\/\/yoast.com\/product\/yoast-seo-wordpress\/ -->\n<title>Die K\u00fcche von Victoria Beckham ist dank dieser hoch entwickelten europ\u00e4ischen Marken so elegant wie ihre Mode-\/Sommer -Mode -Reichweite. Sie k\u00f6nnen ihren Look von 16 $ einkaufen - Nachrichten - Stra\u00dfenweb<\/title>\n<meta name=\"robots\" content=\"index, follow, max-snippet:-1, max-image-preview:large, max-video-preview:-1\" \/>\n<link rel=\"canonical\" href=\"https:\/\/www.strassenweb.de\/nachrichten\/die-kueche-von-victoria-beckham-ist-dank-dieser-hoch-entwickelten-europaeischen-marken-so-elegant-wie-ihre-mode-sommer-mode-reichweite-sie-koennen-ihren-look-von-16-einkaufen\/\" \/>\n<meta property=\"og:locale\" content=\"de_DE\" \/>\n<meta property=\"og:type\" content=\"article\" \/>\n<meta property=\"og:title\" content=\"Die K\u00fcche von Victoria Beckham ist dank dieser hoch entwickelten europ\u00e4ischen Marken so elegant wie ihre Mode-\/Sommer -Mode -Reichweite. Sie k\u00f6nnen ihren Look von 16 $ einkaufen - Nachrichten - Stra\u00dfenweb\" \/>\n<meta property=\"og:description\" content=\"In vielen Promi -K\u00fcchen ist Minimalismus K\u00f6nig, aber David und Victoria Beckhams Raum sind besonders pers\u00f6nlicher (und funktionaler). Ihre Londoner Townhouse -K\u00fcche ist ein Raum,\" \/>\n<meta property=\"og:url\" content=\"https:\/\/www.strassenweb.de\/nachrichten\/die-kueche-von-victoria-beckham-ist-dank-dieser-hoch-entwickelten-europaeischen-marken-so-elegant-wie-ihre-mode-sommer-mode-reichweite-sie-koennen-ihren-look-von-16-einkaufen\/\" \/>\n<meta property=\"og:site_name\" content=\"Stra\u00dfenweb\" \/>\n<meta property=\"article:publisher\" content=\"https:\/\/www.facebook.com\/strassenweb\/\" \/>\n<meta property=\"article:published_time\" content=\"2025-05-23T15:39:44+00:00\" \/>\n<meta property=\"og:image\" content=\"https:\/\/www.strassenweb.de\/nachrichten\/wp-content\/uploads\/2024\/11\/g4MrdcpGQfge37zhZmEiaT.jpg\" \/>\n\t<meta property=\"og:image:width\" content=\"1\" \/>\n\t<meta property=\"og:image:height\" content=\"1\" \/>\n\t<meta property=\"og:image:type\" content=\"image\/jpeg\" \/>\n<meta name=\"author\" content=\"Robert Hoffmann\" \/>\n<meta name=\"twitter:card\" content=\"summary_large_image\" \/>\n<meta name=\"twitter:label1\" content=\"Verfasst von\" \/>\n\t<meta name=\"twitter:data1\" content=\"Robert Hoffmann\" \/>\n\t<meta name=\"twitter:label2\" content=\"Gesch\u00e4tzte Lesezeit\" \/>\n\t<meta name=\"twitter:data2\" content=\"1\u00a0Minute\" \/>\n<script type=\"application\/ld+json\" class=\"yoast-schema-graph\">{\"@context\":\"https:\\\/\\\/schema.org\",\"@graph\":[{\"@type\":\"Article\",\"@id\":\"https:\\\/\\\/www.strassenweb.de\\\/nachrichten\\\/die-kueche-von-victoria-beckham-ist-dank-dieser-hoch-entwickelten-europaeischen-marken-so-elegant-wie-ihre-mode-sommer-mode-reichweite-sie-koennen-ihren-look-von-16-einkaufen\\\/#article\",\"isPartOf\":{\"@id\":\"https:\\\/\\\/www.strassenweb.de\\\/nachrichten\\\/die-kueche-von-victoria-beckham-ist-dank-dieser-hoch-entwickelten-europaeischen-marken-so-elegant-wie-ihre-mode-sommer-mode-reichweite-sie-koennen-ihren-look-von-16-einkaufen\\\/\"},\"author\":{\"name\":\"Robert Hoffmann\",\"@id\":\"https:\\\/\\\/www.strassenweb.de\\\/nachrichten\\\/#\\\/schema\\\/person\\\/87c9c9067f1211da429a744dc5a5aa41\"},\"headline\":\"Die K\u00fcche von Victoria Beckham ist dank dieser hoch entwickelten europ\u00e4ischen Marken so elegant wie ihre Mode-\\\/Sommer -Mode -Reichweite. Sie k\u00f6nnen ihren Look von 16 $ einkaufen\",\"datePublished\":\"2025-05-23T15:39:44+00:00\",\"mainEntityOfPage\":{\"@id\":\"https:\\\/\\\/www.strassenweb.de\\\/nachrichten\\\/die-kueche-von-victoria-beckham-ist-dank-dieser-hoch-entwickelten-europaeischen-marken-so-elegant-wie-ihre-mode-sommer-mode-reichweite-sie-koennen-ihren-look-von-16-einkaufen\\\/\"},\"wordCount\":330,\"publisher\":{\"@id\":\"https:\\\/\\\/www.strassenweb.de\\\/nachrichten\\\/#organization\"},\"image\":{\"@id\":\"https:\\\/\\\/www.strassenweb.de\\\/nachrichten\\\/die-kueche-von-victoria-beckham-ist-dank-dieser-hoch-entwickelten-europaeischen-marken-so-elegant-wie-ihre-mode-sommer-mode-reichweite-sie-koennen-ihren-look-von-16-einkaufen\\\/#primaryimage\"},\"thumbnailUrl\":\"https:\\\/\\\/www.strassenweb.de\\\/nachrichten\\\/wp-content\\\/uploads\\\/2024\\\/11\\\/g4MrdcpGQfge37zhZmEiaT.jpg\",\"keywords\":[\"Beckham\",\"dank\",\"die\",\"dieser\",\"Einkaufen\",\"elegant\",\"entwickelten\",\"europ\u00e4ischen\",\"hoch\",\"ihre\",\"ihren\",\"ist\",\"k\u00f6nnen\",\"K\u00fcche\",\"Marken\",\"Mode\",\"ModeSommer\",\"Reichweite\",\"Sie\",\"Victoria\",\"von\",\"Wie\"],\"articleSection\":[\"Haus &amp; Garten\"],\"inLanguage\":\"de\"},{\"@type\":\"WebPage\",\"@id\":\"https:\\\/\\\/www.strassenweb.de\\\/nachrichten\\\/die-kueche-von-victoria-beckham-ist-dank-dieser-hoch-entwickelten-europaeischen-marken-so-elegant-wie-ihre-mode-sommer-mode-reichweite-sie-koennen-ihren-look-von-16-einkaufen\\\/\",\"url\":\"https:\\\/\\\/www.strassenweb.de\\\/nachrichten\\\/die-kueche-von-victoria-beckham-ist-dank-dieser-hoch-entwickelten-europaeischen-marken-so-elegant-wie-ihre-mode-sommer-mode-reichweite-sie-koennen-ihren-look-von-16-einkaufen\\\/\",\"name\":\"Die K\u00fcche von Victoria Beckham ist dank dieser hoch entwickelten europ\u00e4ischen Marken so elegant wie ihre Mode-\\\/Sommer -Mode -Reichweite. Sie k\u00f6nnen ihren Look von 16 $ einkaufen - Nachrichten - Stra\u00dfenweb\",\"isPartOf\":{\"@id\":\"https:\\\/\\\/www.strassenweb.de\\\/nachrichten\\\/#website\"},\"primaryImageOfPage\":{\"@id\":\"https:\\\/\\\/www.strassenweb.de\\\/nachrichten\\\/die-kueche-von-victoria-beckham-ist-dank-dieser-hoch-entwickelten-europaeischen-marken-so-elegant-wie-ihre-mode-sommer-mode-reichweite-sie-koennen-ihren-look-von-16-einkaufen\\\/#primaryimage\"},\"image\":{\"@id\":\"https:\\\/\\\/www.strassenweb.de\\\/nachrichten\\\/die-kueche-von-victoria-beckham-ist-dank-dieser-hoch-entwickelten-europaeischen-marken-so-elegant-wie-ihre-mode-sommer-mode-reichweite-sie-koennen-ihren-look-von-16-einkaufen\\\/#primaryimage\"},\"thumbnailUrl\":\"https:\\\/\\\/www.strassenweb.de\\\/nachrichten\\\/wp-content\\\/uploads\\\/2024\\\/11\\\/g4MrdcpGQfge37zhZmEiaT.jpg\",\"datePublished\":\"2025-05-23T15:39:44+00:00\",\"breadcrumb\":{\"@id\":\"https:\\\/\\\/www.strassenweb.de\\\/nachrichten\\\/die-kueche-von-victoria-beckham-ist-dank-dieser-hoch-entwickelten-europaeischen-marken-so-elegant-wie-ihre-mode-sommer-mode-reichweite-sie-koennen-ihren-look-von-16-einkaufen\\\/#breadcrumb\"},\"inLanguage\":\"de\",\"potentialAction\":[{\"@type\":\"ReadAction\",\"target\":[\"https:\\\/\\\/www.strassenweb.de\\\/nachrichten\\\/die-kueche-von-victoria-beckham-ist-dank-dieser-hoch-entwickelten-europaeischen-marken-so-elegant-wie-ihre-mode-sommer-mode-reichweite-sie-koennen-ihren-look-von-16-einkaufen\\\/\"]}]},{\"@type\":\"ImageObject\",\"inLanguage\":\"de\",\"@id\":\"https:\\\/\\\/www.strassenweb.de\\\/nachrichten\\\/die-kueche-von-victoria-beckham-ist-dank-dieser-hoch-entwickelten-europaeischen-marken-so-elegant-wie-ihre-mode-sommer-mode-reichweite-sie-koennen-ihren-look-von-16-einkaufen\\\/#primaryimage\",\"url\":\"https:\\\/\\\/www.strassenweb.de\\\/nachrichten\\\/wp-content\\\/uploads\\\/2024\\\/11\\\/g4MrdcpGQfge37zhZmEiaT.jpg\",\"contentUrl\":\"https:\\\/\\\/www.strassenweb.de\\\/nachrichten\\\/wp-content\\\/uploads\\\/2024\\\/11\\\/g4MrdcpGQfge37zhZmEiaT.jpg\",\"caption\":\"Victoria Beckham\"},{\"@type\":\"BreadcrumbList\",\"@id\":\"https:\\\/\\\/www.strassenweb.de\\\/nachrichten\\\/die-kueche-von-victoria-beckham-ist-dank-dieser-hoch-entwickelten-europaeischen-marken-so-elegant-wie-ihre-mode-sommer-mode-reichweite-sie-koennen-ihren-look-von-16-einkaufen\\\/#breadcrumb\",\"itemListElement\":[{\"@type\":\"ListItem\",\"position\":1,\"name\":\"Home\",\"item\":\"https:\\\/\\\/www.strassenweb.de\\\/nachrichten\\\/\"},{\"@type\":\"ListItem\",\"position\":2,\"name\":\"Die K\u00fcche von Victoria Beckham ist dank dieser hoch entwickelten europ\u00e4ischen Marken so elegant wie ihre Mode-\\\/Sommer -Mode -Reichweite. Sie k\u00f6nnen ihren Look von 16 $ einkaufen\"}]},{\"@type\":\"WebSite\",\"@id\":\"https:\\\/\\\/www.strassenweb.de\\\/nachrichten\\\/#website\",\"url\":\"https:\\\/\\\/www.strassenweb.de\\\/nachrichten\\\/\",\"name\":\"Stra\u00dfenweb\",\"description\":\"Stra\u00dfenverzeichnis f\u00fcr Deutschland\",\"publisher\":{\"@id\":\"https:\\\/\\\/www.strassenweb.de\\\/nachrichten\\\/#organization\"},\"potentialAction\":[{\"@type\":\"SearchAction\",\"target\":{\"@type\":\"EntryPoint\",\"urlTemplate\":\"https:\\\/\\\/www.strassenweb.de\\\/nachrichten\\\/?s={search_term_string}\"},\"query-input\":{\"@type\":\"PropertyValueSpecification\",\"valueRequired\":true,\"valueName\":\"search_term_string\"}}],\"inLanguage\":\"de\"},{\"@type\":\"Organization\",\"@id\":\"https:\\\/\\\/www.strassenweb.de\\\/nachrichten\\\/#organization\",\"name\":\"Stra\u00dfenweb\",\"url\":\"https:\\\/\\\/www.strassenweb.de\\\/nachrichten\\\/\",\"logo\":{\"@type\":\"ImageObject\",\"inLanguage\":\"de\",\"@id\":\"https:\\\/\\\/www.strassenweb.de\\\/nachrichten\\\/#\\\/schema\\\/logo\\\/image\\\/\",\"url\":\"https:\\\/\\\/www.strassenweb.de\\\/nachrichten\\\/wp-content\\\/uploads\\\/2024\\\/09\\\/cropped-favicon.png\",\"contentUrl\":\"https:\\\/\\\/www.strassenweb.de\\\/nachrichten\\\/wp-content\\\/uploads\\\/2024\\\/09\\\/cropped-favicon.png\",\"width\":512,\"height\":512,\"caption\":\"Stra\u00dfenweb\"},\"image\":{\"@id\":\"https:\\\/\\\/www.strassenweb.de\\\/nachrichten\\\/#\\\/schema\\\/logo\\\/image\\\/\"},\"sameAs\":[\"https:\\\/\\\/www.facebook.com\\\/strassenweb\\\/\"]},{\"@type\":\"Person\",\"@id\":\"https:\\\/\\\/www.strassenweb.de\\\/nachrichten\\\/#\\\/schema\\\/person\\\/87c9c9067f1211da429a744dc5a5aa41\",\"name\":\"Robert Hoffmann\",\"image\":{\"@type\":\"ImageObject\",\"inLanguage\":\"de\",\"@id\":\"https:\\\/\\\/www.strassenweb.de\\\/nachrichten\\\/wp-content\\\/uploads\\\/2024\\\/09\\\/strassenweb-150x150.jpg\",\"url\":\"https:\\\/\\\/www.strassenweb.de\\\/nachrichten\\\/wp-content\\\/uploads\\\/2024\\\/09\\\/strassenweb-150x150.jpg\",\"contentUrl\":\"https:\\\/\\\/www.strassenweb.de\\\/nachrichten\\\/wp-content\\\/uploads\\\/2024\\\/09\\\/strassenweb-150x150.jpg\",\"caption\":\"Robert Hoffmann\"},\"description\":\"Ich hei\u00dfe Robert Hoffmann und ich bin ein leidenschaftlicher Verfechter von \u00d6kologie und Biodiversit\u00e4t. Seit meiner Kindheit in den W\u00e4ldern Bayerns f\u00fchle ich mich mit der Natur verbunden und bin entschlossen, sie zu sch\u00fctzen. Heute widme ich mein Leben der Sensibilisierung anderer f\u00fcr die Bedeutung des Umweltschutzes f\u00fcr zuk\u00fcnftige Generationen.\",\"sameAs\":[\"https:\\\/\\\/www.strassenweb.de\\\/\"]}]}<\/script>\n<!-- \/ Yoast SEO plugin. -->","yoast_head_json":{"title":"Die K\u00fcche von Victoria Beckham ist dank dieser hoch entwickelten europ\u00e4ischen Marken so elegant wie ihre Mode-\/Sommer -Mode -Reichweite. Sie k\u00f6nnen ihren Look von 16 $ einkaufen - Nachrichten - Stra\u00dfenweb","robots":{"index":"index","follow":"follow","max-snippet":"max-snippet:-1","max-image-preview":"max-image-preview:large","max-video-preview":"max-video-preview:-1"},"canonical":"https:\/\/www.strassenweb.de\/nachrichten\/die-kueche-von-victoria-beckham-ist-dank-dieser-hoch-entwickelten-europaeischen-marken-so-elegant-wie-ihre-mode-sommer-mode-reichweite-sie-koennen-ihren-look-von-16-einkaufen\/","og_locale":"de_DE","og_type":"article","og_title":"Die K\u00fcche von Victoria Beckham ist dank dieser hoch entwickelten europ\u00e4ischen Marken so elegant wie ihre Mode-\/Sommer -Mode -Reichweite. Sie k\u00f6nnen ihren Look von 16 $ einkaufen - Nachrichten - Stra\u00dfenweb","og_description":"In vielen Promi -K\u00fcchen ist Minimalismus K\u00f6nig, aber David und Victoria Beckhams Raum sind besonders pers\u00f6nlicher (und funktionaler). Ihre Londoner Townhouse -K\u00fcche ist ein Raum,","og_url":"https:\/\/www.strassenweb.de\/nachrichten\/die-kueche-von-victoria-beckham-ist-dank-dieser-hoch-entwickelten-europaeischen-marken-so-elegant-wie-ihre-mode-sommer-mode-reichweite-sie-koennen-ihren-look-von-16-einkaufen\/","og_site_name":"Stra\u00dfenweb","article_publisher":"https:\/\/www.facebook.com\/strassenweb\/","article_published_time":"2025-05-23T15:39:44+00:00","og_image":[{"url":"https:\/\/www.strassenweb.de\/nachrichten\/wp-content\/uploads\/2024\/11\/g4MrdcpGQfge37zhZmEiaT.jpg","width":1,"height":1,"type":"image\/jpeg"}],"author":"Robert Hoffmann","twitter_card":"summary_large_image","twitter_misc":{"Verfasst von":"Robert Hoffmann","Gesch\u00e4tzte Lesezeit":"1\u00a0Minute"},"schema":{"@context":"https:\/\/schema.org","@graph":[{"@type":"Article","@id":"https:\/\/www.strassenweb.de\/nachrichten\/die-kueche-von-victoria-beckham-ist-dank-dieser-hoch-entwickelten-europaeischen-marken-so-elegant-wie-ihre-mode-sommer-mode-reichweite-sie-koennen-ihren-look-von-16-einkaufen\/#article","isPartOf":{"@id":"https:\/\/www.strassenweb.de\/nachrichten\/die-kueche-von-victoria-beckham-ist-dank-dieser-hoch-entwickelten-europaeischen-marken-so-elegant-wie-ihre-mode-sommer-mode-reichweite-sie-koennen-ihren-look-von-16-einkaufen\/"},"author":{"name":"Robert Hoffmann","@id":"https:\/\/www.strassenweb.de\/nachrichten\/#\/schema\/person\/87c9c9067f1211da429a744dc5a5aa41"},"headline":"Die K\u00fcche von Victoria Beckham ist dank dieser hoch entwickelten europ\u00e4ischen Marken so elegant wie ihre Mode-\/Sommer -Mode -Reichweite. Sie k\u00f6nnen ihren Look von 16 $ einkaufen","datePublished":"2025-05-23T15:39:44+00:00","mainEntityOfPage":{"@id":"https:\/\/www.strassenweb.de\/nachrichten\/die-kueche-von-victoria-beckham-ist-dank-dieser-hoch-entwickelten-europaeischen-marken-so-elegant-wie-ihre-mode-sommer-mode-reichweite-sie-koennen-ihren-look-von-16-einkaufen\/"},"wordCount":330,"publisher":{"@id":"https:\/\/www.strassenweb.de\/nachrichten\/#organization"},"image":{"@id":"https:\/\/www.strassenweb.de\/nachrichten\/die-kueche-von-victoria-beckham-ist-dank-dieser-hoch-entwickelten-europaeischen-marken-so-elegant-wie-ihre-mode-sommer-mode-reichweite-sie-koennen-ihren-look-von-16-einkaufen\/#primaryimage"},"thumbnailUrl":"https:\/\/www.strassenweb.de\/nachrichten\/wp-content\/uploads\/2024\/11\/g4MrdcpGQfge37zhZmEiaT.jpg","keywords":["Beckham","dank","die","dieser","Einkaufen","elegant","entwickelten","europ\u00e4ischen","hoch","ihre","ihren","ist","k\u00f6nnen","K\u00fcche","Marken","Mode","ModeSommer","Reichweite","Sie","Victoria","von","Wie"],"articleSection":["Haus &amp; Garten"],"inLanguage":"de"},{"@type":"WebPage","@id":"https:\/\/www.strassenweb.de\/nachrichten\/die-kueche-von-victoria-beckham-ist-dank-dieser-hoch-entwickelten-europaeischen-marken-so-elegant-wie-ihre-mode-sommer-mode-reichweite-sie-koennen-ihren-look-von-16-einkaufen\/","url":"https:\/\/www.strassenweb.de\/nachrichten\/die-kueche-von-victoria-beckham-ist-dank-dieser-hoch-entwickelten-europaeischen-marken-so-elegant-wie-ihre-mode-sommer-mode-reichweite-sie-koennen-ihren-look-von-16-einkaufen\/","name":"Die K\u00fcche von Victoria Beckham ist dank dieser hoch entwickelten europ\u00e4ischen Marken so elegant wie ihre Mode-\/Sommer -Mode -Reichweite. Sie k\u00f6nnen ihren Look von 16 $ einkaufen - Nachrichten - Stra\u00dfenweb","isPartOf":{"@id":"https:\/\/www.strassenweb.de\/nachrichten\/#website"},"primaryImageOfPage":{"@id":"https:\/\/www.strassenweb.de\/nachrichten\/die-kueche-von-victoria-beckham-ist-dank-dieser-hoch-entwickelten-europaeischen-marken-so-elegant-wie-ihre-mode-sommer-mode-reichweite-sie-koennen-ihren-look-von-16-einkaufen\/#primaryimage"},"image":{"@id":"https:\/\/www.strassenweb.de\/nachrichten\/die-kueche-von-victoria-beckham-ist-dank-dieser-hoch-entwickelten-europaeischen-marken-so-elegant-wie-ihre-mode-sommer-mode-reichweite-sie-koennen-ihren-look-von-16-einkaufen\/#primaryimage"},"thumbnailUrl":"https:\/\/www.strassenweb.de\/nachrichten\/wp-content\/uploads\/2024\/11\/g4MrdcpGQfge37zhZmEiaT.jpg","datePublished":"2025-05-23T15:39:44+00:00","breadcrumb":{"@id":"https:\/\/www.strassenweb.de\/nachrichten\/die-kueche-von-victoria-beckham-ist-dank-dieser-hoch-entwickelten-europaeischen-marken-so-elegant-wie-ihre-mode-sommer-mode-reichweite-sie-koennen-ihren-look-von-16-einkaufen\/#breadcrumb"},"inLanguage":"de","potentialAction":[{"@type":"ReadAction","target":["https:\/\/www.strassenweb.de\/nachrichten\/die-kueche-von-victoria-beckham-ist-dank-dieser-hoch-entwickelten-europaeischen-marken-so-elegant-wie-ihre-mode-sommer-mode-reichweite-sie-koennen-ihren-look-von-16-einkaufen\/"]}]},{"@type":"ImageObject","inLanguage":"de","@id":"https:\/\/www.strassenweb.de\/nachrichten\/die-kueche-von-victoria-beckham-ist-dank-dieser-hoch-entwickelten-europaeischen-marken-so-elegant-wie-ihre-mode-sommer-mode-reichweite-sie-koennen-ihren-look-von-16-einkaufen\/#primaryimage","url":"https:\/\/www.strassenweb.de\/nachrichten\/wp-content\/uploads\/2024\/11\/g4MrdcpGQfge37zhZmEiaT.jpg","contentUrl":"https:\/\/www.strassenweb.de\/nachrichten\/wp-content\/uploads\/2024\/11\/g4MrdcpGQfge37zhZmEiaT.jpg","caption":"Victoria Beckham"},{"@type":"BreadcrumbList","@id":"https:\/\/www.strassenweb.de\/nachrichten\/die-kueche-von-victoria-beckham-ist-dank-dieser-hoch-entwickelten-europaeischen-marken-so-elegant-wie-ihre-mode-sommer-mode-reichweite-sie-koennen-ihren-look-von-16-einkaufen\/#breadcrumb","itemListElement":[{"@type":"ListItem","position":1,"name":"Home","item":"https:\/\/www.strassenweb.de\/nachrichten\/"},{"@type":"ListItem","position":2,"name":"Die K\u00fcche von Victoria Beckham ist dank dieser hoch entwickelten europ\u00e4ischen Marken so elegant wie ihre Mode-\/Sommer -Mode -Reichweite. Sie k\u00f6nnen ihren Look von 16 $ einkaufen"}]},{"@type":"WebSite","@id":"https:\/\/www.strassenweb.de\/nachrichten\/#website","url":"https:\/\/www.strassenweb.de\/nachrichten\/","name":"Stra\u00dfenweb","description":"Stra\u00dfenverzeichnis f\u00fcr Deutschland","publisher":{"@id":"https:\/\/www.strassenweb.de\/nachrichten\/#organization"},"potentialAction":[{"@type":"SearchAction","target":{"@type":"EntryPoint","urlTemplate":"https:\/\/www.strassenweb.de\/nachrichten\/?s={search_term_string}"},"query-input":{"@type":"PropertyValueSpecification","valueRequired":true,"valueName":"search_term_string"}}],"inLanguage":"de"},{"@type":"Organization","@id":"https:\/\/www.strassenweb.de\/nachrichten\/#organization","name":"Stra\u00dfenweb","url":"https:\/\/www.strassenweb.de\/nachrichten\/","logo":{"@type":"ImageObject","inLanguage":"de","@id":"https:\/\/www.strassenweb.de\/nachrichten\/#\/schema\/logo\/image\/","url":"https:\/\/www.strassenweb.de\/nachrichten\/wp-content\/uploads\/2024\/09\/cropped-favicon.png","contentUrl":"https:\/\/www.strassenweb.de\/nachrichten\/wp-content\/uploads\/2024\/09\/cropped-favicon.png","width":512,"height":512,"caption":"Stra\u00dfenweb"},"image":{"@id":"https:\/\/www.strassenweb.de\/nachrichten\/#\/schema\/logo\/image\/"},"sameAs":["https:\/\/www.facebook.com\/strassenweb\/"]},{"@type":"Person","@id":"https:\/\/www.strassenweb.de\/nachrichten\/#\/schema\/person\/87c9c9067f1211da429a744dc5a5aa41","name":"Robert Hoffmann","image":{"@type":"ImageObject","inLanguage":"de","@id":"https:\/\/www.strassenweb.de\/nachrichten\/wp-content\/uploads\/2024\/09\/strassenweb-150x150.jpg","url":"https:\/\/www.strassenweb.de\/nachrichten\/wp-content\/uploads\/2024\/09\/strassenweb-150x150.jpg","contentUrl":"https:\/\/www.strassenweb.de\/nachrichten\/wp-content\/uploads\/2024\/09\/strassenweb-150x150.jpg","caption":"Robert Hoffmann"},"description":"Ich hei\u00dfe Robert Hoffmann und ich bin ein leidenschaftlicher Verfechter von \u00d6kologie und Biodiversit\u00e4t. Seit meiner Kindheit in den W\u00e4ldern Bayerns f\u00fchle ich mich mit der Natur verbunden und bin entschlossen, sie zu sch\u00fctzen. Heute widme ich mein Leben der Sensibilisierung anderer f\u00fcr die Bedeutung des Umweltschutzes f\u00fcr zuk\u00fcnftige Generationen.","sameAs":["https:\/\/www.strassenweb.de\/"]}]}},"_links":{"self":[{"href":"https:\/\/www.strassenweb.de\/nachrichten\/wp-json\/wp\/v2\/posts\/5232","targetHints":{"allow":["GET"]}}],"collection":[{"href":"https:\/\/www.strassenweb.de\/nachrichten\/wp-json\/wp\/v2\/posts"}],"about":[{"href":"https:\/\/www.strassenweb.de\/nachrichten\/wp-json\/wp\/v2\/types\/post"}],"author":[{"embeddable":true,"href":"https:\/\/www.strassenweb.de\/nachrichten\/wp-json\/wp\/v2\/users\/1"}],"replies":[{"embeddable":true,"href":"https:\/\/www.strassenweb.de\/nachrichten\/wp-json\/wp\/v2\/comments?post=5232"}],"version-history":[{"count":0,"href":"https:\/\/www.strassenweb.de\/nachrichten\/wp-json\/wp\/v2\/posts\/5232\/revisions"}],"wp:featuredmedia":[{"embeddable":true,"href":"https:\/\/www.strassenweb.de\/nachrichten\/wp-json\/wp\/v2\/media\/5233"}],"wp:attachment":[{"href":"https:\/\/www.strassenweb.de\/nachrichten\/wp-json\/wp\/v2\/media?parent=5232"}],"wp:term":[{"taxonomy":"category","embeddable":true,"href":"https:\/\/www.strassenweb.de\/nachrichten\/wp-json\/wp\/v2\/categories?post=5232"},{"taxonomy":"post_tag","embeddable":true,"href":"https:\/\/www.strassenweb.de\/nachrichten\/wp-json\/wp\/v2\/tags?post=5232"}],"curies":[{"name":"wp","href":"https:\/\/api.w.org\/{rel}","templated":true}]}}