{"id":52,"date":"2024-09-23T10:56:47","date_gmt":"2024-09-23T08:56:47","guid":{"rendered":"https:\/\/www.strassenweb.de\/nachrichten\/viral-auf-tiktokeine-spanierin-die-in-deutschland-lebt-ist-erstaunt-dass-es-parkplaetze-gibt-die-nur-fuer-frauen-reserviert-sind\/"},"modified":"2024-09-23T10:56:49","modified_gmt":"2024-09-23T08:56:49","slug":"viral-auf-tiktokeine-spanierin-die-in-deutschland-lebt-ist-erstaunt-dass-es-parkplaetze-gibt-die-nur-fuer-frauen-reserviert-sind","status":"publish","type":"post","link":"https:\/\/www.strassenweb.de\/nachrichten\/viral-auf-tiktokeine-spanierin-die-in-deutschland-lebt-ist-erstaunt-dass-es-parkplaetze-gibt-die-nur-fuer-frauen-reserviert-sind\/","title":{"rendered":"Viral auf TiktokEine Spanierin, die in Deutschland lebt, ist erstaunt, dass es Parkpl\u00e4tze gibt, die nur f\u00fcr Frauen reserviert sind"},"content":{"rendered":"<footer class=\"article-main__signed\"><\/footer>\n<p><strong>Alfonso Ar\u00fas <\/strong>bringt zum Set<strong> Aruser<\/strong> das TikTok-Virus<b> ein Spanier<\/b> der \u00fcberrascht die vorhandenen Parkpl\u00e4tze zeigt <b>in Deutschland<\/b> nur f\u00fcr Frauen reserviert. \u201eWas ich gerade herausgefunden habe, schauen Sie sich das bitte an. Jemand erkl\u00e4rt es\u201c, kommentiert die junge Spanierin, w\u00e4hrend sie \u00fcber den Parkplatz l\u00e4uft und einen Parkplatz mit einem zeigt<strong> Buchstabe F in der Mitte gemalt<\/strong>.<\/p>\n<p>Die junge Frau erkl\u00e4rt, dass der Buchstabe F bedeutet <strong>Frau<\/strong> (Frau auf Deutsch) und fragt ihre Follower erstaunt, ob nur Frauen parken d\u00fcrfen: \u201eIch flippe aus.\u201c \u201eMal sehen, ich bin an einer Autobahntankstelle und es wird nachts sehr dunkel sein, also ist es zu vermeiden, dass \u2026\u201c <strong>sexueller \u00dcbergriff<\/strong>weil Frauen<strong> sie f\u00fchlen sich schutzlos<\/strong> wenn sie an einem Ort wie diesem sind <strong>dunkel <\/strong>und das ist ein Bereich, der st\u00e4rker beleuchtet wird oder so etwas in der Art\u201c, erkl\u00e4rt er im Video.<\/p>\n<div><\/div>\n<p>\u201eAlles, was hinzugef\u00fcgt werden kann und sich sicher anf\u00fchlt, desto besser\u201c, sagt er. <strong>Angie Cardenas <\/strong>als ich das virale Bild der jungen Frau sah.<\/p>\n","protected":false},"excerpt":{"rendered":"<p>Alfonso Ar\u00fas bringt zum Set Aruser das TikTok-Virus ein Spanier der \u00fcberrascht die vorhandenen Parkpl\u00e4tze zeigt in Deutschland nur f\u00fcr Frauen reserviert. \u201eWas ich gerade<\/p>\n","protected":false},"author":1,"featured_media":53,"comment_status":"closed","ping_status":"","sticky":false,"template":"","format":"standard","meta":{"footnotes":""},"categories":[4],"tags":[46,51,35,9,50,56,55,53,15,49,54,52,57,58,48,47,45],"class_list":["post-52","post","type-post","status-publish","format-standard","has-post-thumbnail","hentry","category-aktuelle-nachrichten","tag-auf","tag-dass","tag-deutschland","tag-die","tag-erstaunt","tag-frauen","tag-fuer","tag-gibt","tag-ist","tag-lebt","tag-nur","tag-parkplaetze","tag-reserviert","tag-sind","tag-spanierin","tag-tiktokeine","tag-viral","generate-columns","tablet-grid-50","mobile-grid-100","grid-parent","grid-50"],"yoast_head":"<!-- This site is optimized with the Yoast SEO plugin v27.3 - https:\/\/yoast.com\/product\/yoast-seo-wordpress\/ -->\n<title>Viral auf TiktokEine Spanierin, die in Deutschland lebt, ist erstaunt, dass es Parkpl\u00e4tze gibt, die nur f\u00fcr Frauen reserviert sind - Nachrichten - Stra\u00dfenweb<\/title>\n<meta name=\"robots\" content=\"index, follow, max-snippet:-1, max-image-preview:large, max-video-preview:-1\" \/>\n<link rel=\"canonical\" href=\"https:\/\/www.strassenweb.de\/nachrichten\/viral-auf-tiktokeine-spanierin-die-in-deutschland-lebt-ist-erstaunt-dass-es-parkplaetze-gibt-die-nur-fuer-frauen-reserviert-sind\/\" \/>\n<meta property=\"og:locale\" content=\"de_DE\" \/>\n<meta property=\"og:type\" content=\"article\" \/>\n<meta property=\"og:title\" content=\"Viral auf TiktokEine Spanierin, die in Deutschland lebt, ist erstaunt, dass es Parkpl\u00e4tze gibt, die nur f\u00fcr Frauen reserviert sind - Nachrichten - Stra\u00dfenweb\" \/>\n<meta property=\"og:description\" content=\"Alfonso Ar\u00fas bringt zum Set Aruser das TikTok-Virus ein Spanier der \u00fcberrascht die vorhandenen Parkpl\u00e4tze zeigt in Deutschland nur f\u00fcr Frauen reserviert. \u201eWas ich gerade\" \/>\n<meta property=\"og:url\" content=\"https:\/\/www.strassenweb.de\/nachrichten\/viral-auf-tiktokeine-spanierin-die-in-deutschland-lebt-ist-erstaunt-dass-es-parkplaetze-gibt-die-nur-fuer-frauen-reserviert-sind\/\" \/>\n<meta property=\"og:site_name\" content=\"Stra\u00dfenweb\" \/>\n<meta property=\"article:publisher\" content=\"https:\/\/www.facebook.com\/strassenweb\/\" \/>\n<meta property=\"article:published_time\" content=\"2024-09-23T08:56:47+00:00\" \/>\n<meta property=\"article:modified_time\" content=\"2024-09-23T08:56:49+00:00\" \/>\n<meta property=\"og:image\" content=\"https:\/\/www.strassenweb.de\/nachrichten\/wp-content\/uploads\/2024\/09\/Viral-auf-TiktokEine-Spanierin-die-in-Deutschland-lebt-ist-erstaunt.jpg\" \/>\n\t<meta property=\"og:image:width\" content=\"1280\" \/>\n\t<meta property=\"og:image:height\" content=\"720\" \/>\n\t<meta property=\"og:image:type\" content=\"image\/jpeg\" \/>\n<meta name=\"author\" content=\"Robert Hoffmann\" \/>\n<meta name=\"twitter:card\" content=\"summary_large_image\" \/>\n<meta name=\"twitter:label1\" content=\"Verfasst von\" \/>\n\t<meta name=\"twitter:data1\" content=\"Robert Hoffmann\" \/>\n\t<meta name=\"twitter:label2\" content=\"Gesch\u00e4tzte Lesezeit\" \/>\n\t<meta name=\"twitter:data2\" content=\"1\u00a0Minute\" \/>\n<script type=\"application\/ld+json\" class=\"yoast-schema-graph\">{\"@context\":\"https:\\\/\\\/schema.org\",\"@graph\":[{\"@type\":\"Article\",\"@id\":\"https:\\\/\\\/www.strassenweb.de\\\/nachrichten\\\/viral-auf-tiktokeine-spanierin-die-in-deutschland-lebt-ist-erstaunt-dass-es-parkplaetze-gibt-die-nur-fuer-frauen-reserviert-sind\\\/#article\",\"isPartOf\":{\"@id\":\"https:\\\/\\\/www.strassenweb.de\\\/nachrichten\\\/viral-auf-tiktokeine-spanierin-die-in-deutschland-lebt-ist-erstaunt-dass-es-parkplaetze-gibt-die-nur-fuer-frauen-reserviert-sind\\\/\"},\"author\":{\"name\":\"Robert Hoffmann\",\"@id\":\"https:\\\/\\\/www.strassenweb.de\\\/nachrichten\\\/#\\\/schema\\\/person\\\/87c9c9067f1211da429a744dc5a5aa41\"},\"headline\":\"Viral auf TiktokEine Spanierin, die in Deutschland lebt, ist erstaunt, dass es Parkpl\u00e4tze gibt, die nur f\u00fcr Frauen reserviert sind\",\"datePublished\":\"2024-09-23T08:56:47+00:00\",\"dateModified\":\"2024-09-23T08:56:49+00:00\",\"mainEntityOfPage\":{\"@id\":\"https:\\\/\\\/www.strassenweb.de\\\/nachrichten\\\/viral-auf-tiktokeine-spanierin-die-in-deutschland-lebt-ist-erstaunt-dass-es-parkplaetze-gibt-die-nur-fuer-frauen-reserviert-sind\\\/\"},\"wordCount\":198,\"publisher\":{\"@id\":\"https:\\\/\\\/www.strassenweb.de\\\/nachrichten\\\/#organization\"},\"image\":{\"@id\":\"https:\\\/\\\/www.strassenweb.de\\\/nachrichten\\\/viral-auf-tiktokeine-spanierin-die-in-deutschland-lebt-ist-erstaunt-dass-es-parkplaetze-gibt-die-nur-fuer-frauen-reserviert-sind\\\/#primaryimage\"},\"thumbnailUrl\":\"https:\\\/\\\/www.strassenweb.de\\\/nachrichten\\\/wp-content\\\/uploads\\\/2024\\\/09\\\/Viral-auf-TiktokEine-Spanierin-die-in-Deutschland-lebt-ist-erstaunt.jpg\",\"keywords\":[\"auf\",\"dass\",\"Deutschland\",\"die\",\"erstaunt\",\"Frauen\",\"f\u00fcr\",\"gibt\",\"ist\",\"lebt\",\"nur\",\"Parkpl\u00e4tze\",\"reserviert\",\"sind\",\"Spanierin\",\"TiktokEine\",\"Viral\"],\"articleSection\":[\"Aktuelle Nachrichten\"],\"inLanguage\":\"de\"},{\"@type\":\"WebPage\",\"@id\":\"https:\\\/\\\/www.strassenweb.de\\\/nachrichten\\\/viral-auf-tiktokeine-spanierin-die-in-deutschland-lebt-ist-erstaunt-dass-es-parkplaetze-gibt-die-nur-fuer-frauen-reserviert-sind\\\/\",\"url\":\"https:\\\/\\\/www.strassenweb.de\\\/nachrichten\\\/viral-auf-tiktokeine-spanierin-die-in-deutschland-lebt-ist-erstaunt-dass-es-parkplaetze-gibt-die-nur-fuer-frauen-reserviert-sind\\\/\",\"name\":\"Viral auf TiktokEine Spanierin, die in Deutschland lebt, ist erstaunt, dass es Parkpl\u00e4tze gibt, die nur f\u00fcr Frauen reserviert sind - Nachrichten - Stra\u00dfenweb\",\"isPartOf\":{\"@id\":\"https:\\\/\\\/www.strassenweb.de\\\/nachrichten\\\/#website\"},\"primaryImageOfPage\":{\"@id\":\"https:\\\/\\\/www.strassenweb.de\\\/nachrichten\\\/viral-auf-tiktokeine-spanierin-die-in-deutschland-lebt-ist-erstaunt-dass-es-parkplaetze-gibt-die-nur-fuer-frauen-reserviert-sind\\\/#primaryimage\"},\"image\":{\"@id\":\"https:\\\/\\\/www.strassenweb.de\\\/nachrichten\\\/viral-auf-tiktokeine-spanierin-die-in-deutschland-lebt-ist-erstaunt-dass-es-parkplaetze-gibt-die-nur-fuer-frauen-reserviert-sind\\\/#primaryimage\"},\"thumbnailUrl\":\"https:\\\/\\\/www.strassenweb.de\\\/nachrichten\\\/wp-content\\\/uploads\\\/2024\\\/09\\\/Viral-auf-TiktokEine-Spanierin-die-in-Deutschland-lebt-ist-erstaunt.jpg\",\"datePublished\":\"2024-09-23T08:56:47+00:00\",\"dateModified\":\"2024-09-23T08:56:49+00:00\",\"breadcrumb\":{\"@id\":\"https:\\\/\\\/www.strassenweb.de\\\/nachrichten\\\/viral-auf-tiktokeine-spanierin-die-in-deutschland-lebt-ist-erstaunt-dass-es-parkplaetze-gibt-die-nur-fuer-frauen-reserviert-sind\\\/#breadcrumb\"},\"inLanguage\":\"de\",\"potentialAction\":[{\"@type\":\"ReadAction\",\"target\":[\"https:\\\/\\\/www.strassenweb.de\\\/nachrichten\\\/viral-auf-tiktokeine-spanierin-die-in-deutschland-lebt-ist-erstaunt-dass-es-parkplaetze-gibt-die-nur-fuer-frauen-reserviert-sind\\\/\"]}]},{\"@type\":\"ImageObject\",\"inLanguage\":\"de\",\"@id\":\"https:\\\/\\\/www.strassenweb.de\\\/nachrichten\\\/viral-auf-tiktokeine-spanierin-die-in-deutschland-lebt-ist-erstaunt-dass-es-parkplaetze-gibt-die-nur-fuer-frauen-reserviert-sind\\\/#primaryimage\",\"url\":\"https:\\\/\\\/www.strassenweb.de\\\/nachrichten\\\/wp-content\\\/uploads\\\/2024\\\/09\\\/Viral-auf-TiktokEine-Spanierin-die-in-Deutschland-lebt-ist-erstaunt.jpg\",\"contentUrl\":\"https:\\\/\\\/www.strassenweb.de\\\/nachrichten\\\/wp-content\\\/uploads\\\/2024\\\/09\\\/Viral-auf-TiktokEine-Spanierin-die-in-Deutschland-lebt-ist-erstaunt.jpg\",\"width\":1280,\"height\":720,\"caption\":\"Viral auf TiktokEine Spanierin, die in Deutschland lebt, ist erstaunt, dass es Parkpl\u00e4tze gibt, die nur f\u00fcr Frauen reserviert sind\"},{\"@type\":\"BreadcrumbList\",\"@id\":\"https:\\\/\\\/www.strassenweb.de\\\/nachrichten\\\/viral-auf-tiktokeine-spanierin-die-in-deutschland-lebt-ist-erstaunt-dass-es-parkplaetze-gibt-die-nur-fuer-frauen-reserviert-sind\\\/#breadcrumb\",\"itemListElement\":[{\"@type\":\"ListItem\",\"position\":1,\"name\":\"Home\",\"item\":\"https:\\\/\\\/www.strassenweb.de\\\/nachrichten\\\/\"},{\"@type\":\"ListItem\",\"position\":2,\"name\":\"Viral auf TiktokEine Spanierin, die in Deutschland lebt, ist erstaunt, dass es Parkpl\u00e4tze gibt, die nur f\u00fcr Frauen reserviert sind\"}]},{\"@type\":\"WebSite\",\"@id\":\"https:\\\/\\\/www.strassenweb.de\\\/nachrichten\\\/#website\",\"url\":\"https:\\\/\\\/www.strassenweb.de\\\/nachrichten\\\/\",\"name\":\"Stra\u00dfenweb\",\"description\":\"Stra\u00dfenverzeichnis f\u00fcr Deutschland\",\"publisher\":{\"@id\":\"https:\\\/\\\/www.strassenweb.de\\\/nachrichten\\\/#organization\"},\"potentialAction\":[{\"@type\":\"SearchAction\",\"target\":{\"@type\":\"EntryPoint\",\"urlTemplate\":\"https:\\\/\\\/www.strassenweb.de\\\/nachrichten\\\/?s={search_term_string}\"},\"query-input\":{\"@type\":\"PropertyValueSpecification\",\"valueRequired\":true,\"valueName\":\"search_term_string\"}}],\"inLanguage\":\"de\"},{\"@type\":\"Organization\",\"@id\":\"https:\\\/\\\/www.strassenweb.de\\\/nachrichten\\\/#organization\",\"name\":\"Stra\u00dfenweb\",\"url\":\"https:\\\/\\\/www.strassenweb.de\\\/nachrichten\\\/\",\"logo\":{\"@type\":\"ImageObject\",\"inLanguage\":\"de\",\"@id\":\"https:\\\/\\\/www.strassenweb.de\\\/nachrichten\\\/#\\\/schema\\\/logo\\\/image\\\/\",\"url\":\"https:\\\/\\\/www.strassenweb.de\\\/nachrichten\\\/wp-content\\\/uploads\\\/2024\\\/09\\\/cropped-favicon.png\",\"contentUrl\":\"https:\\\/\\\/www.strassenweb.de\\\/nachrichten\\\/wp-content\\\/uploads\\\/2024\\\/09\\\/cropped-favicon.png\",\"width\":512,\"height\":512,\"caption\":\"Stra\u00dfenweb\"},\"image\":{\"@id\":\"https:\\\/\\\/www.strassenweb.de\\\/nachrichten\\\/#\\\/schema\\\/logo\\\/image\\\/\"},\"sameAs\":[\"https:\\\/\\\/www.facebook.com\\\/strassenweb\\\/\"]},{\"@type\":\"Person\",\"@id\":\"https:\\\/\\\/www.strassenweb.de\\\/nachrichten\\\/#\\\/schema\\\/person\\\/87c9c9067f1211da429a744dc5a5aa41\",\"name\":\"Robert Hoffmann\",\"image\":{\"@type\":\"ImageObject\",\"inLanguage\":\"de\",\"@id\":\"https:\\\/\\\/www.strassenweb.de\\\/nachrichten\\\/wp-content\\\/uploads\\\/2024\\\/09\\\/strassenweb-150x150.jpg\",\"url\":\"https:\\\/\\\/www.strassenweb.de\\\/nachrichten\\\/wp-content\\\/uploads\\\/2024\\\/09\\\/strassenweb-150x150.jpg\",\"contentUrl\":\"https:\\\/\\\/www.strassenweb.de\\\/nachrichten\\\/wp-content\\\/uploads\\\/2024\\\/09\\\/strassenweb-150x150.jpg\",\"caption\":\"Robert Hoffmann\"},\"description\":\"Ich hei\u00dfe Robert Hoffmann und ich bin ein leidenschaftlicher Verfechter von \u00d6kologie und Biodiversit\u00e4t. Seit meiner Kindheit in den W\u00e4ldern Bayerns f\u00fchle ich mich mit der Natur verbunden und bin entschlossen, sie zu sch\u00fctzen. Heute widme ich mein Leben der Sensibilisierung anderer f\u00fcr die Bedeutung des Umweltschutzes f\u00fcr zuk\u00fcnftige Generationen.\",\"sameAs\":[\"https:\\\/\\\/www.strassenweb.de\\\/\"]}]}<\/script>\n<!-- \/ Yoast SEO plugin. -->","yoast_head_json":{"title":"Viral auf TiktokEine Spanierin, die in Deutschland lebt, ist erstaunt, dass es Parkpl\u00e4tze gibt, die nur f\u00fcr Frauen reserviert sind - Nachrichten - Stra\u00dfenweb","robots":{"index":"index","follow":"follow","max-snippet":"max-snippet:-1","max-image-preview":"max-image-preview:large","max-video-preview":"max-video-preview:-1"},"canonical":"https:\/\/www.strassenweb.de\/nachrichten\/viral-auf-tiktokeine-spanierin-die-in-deutschland-lebt-ist-erstaunt-dass-es-parkplaetze-gibt-die-nur-fuer-frauen-reserviert-sind\/","og_locale":"de_DE","og_type":"article","og_title":"Viral auf TiktokEine Spanierin, die in Deutschland lebt, ist erstaunt, dass es Parkpl\u00e4tze gibt, die nur f\u00fcr Frauen reserviert sind - Nachrichten - Stra\u00dfenweb","og_description":"Alfonso Ar\u00fas bringt zum Set Aruser das TikTok-Virus ein Spanier der \u00fcberrascht die vorhandenen Parkpl\u00e4tze zeigt in Deutschland nur f\u00fcr Frauen reserviert. \u201eWas ich gerade","og_url":"https:\/\/www.strassenweb.de\/nachrichten\/viral-auf-tiktokeine-spanierin-die-in-deutschland-lebt-ist-erstaunt-dass-es-parkplaetze-gibt-die-nur-fuer-frauen-reserviert-sind\/","og_site_name":"Stra\u00dfenweb","article_publisher":"https:\/\/www.facebook.com\/strassenweb\/","article_published_time":"2024-09-23T08:56:47+00:00","article_modified_time":"2024-09-23T08:56:49+00:00","og_image":[{"width":1280,"height":720,"url":"https:\/\/www.strassenweb.de\/nachrichten\/wp-content\/uploads\/2024\/09\/Viral-auf-TiktokEine-Spanierin-die-in-Deutschland-lebt-ist-erstaunt.jpg","type":"image\/jpeg"}],"author":"Robert Hoffmann","twitter_card":"summary_large_image","twitter_misc":{"Verfasst von":"Robert Hoffmann","Gesch\u00e4tzte Lesezeit":"1\u00a0Minute"},"schema":{"@context":"https:\/\/schema.org","@graph":[{"@type":"Article","@id":"https:\/\/www.strassenweb.de\/nachrichten\/viral-auf-tiktokeine-spanierin-die-in-deutschland-lebt-ist-erstaunt-dass-es-parkplaetze-gibt-die-nur-fuer-frauen-reserviert-sind\/#article","isPartOf":{"@id":"https:\/\/www.strassenweb.de\/nachrichten\/viral-auf-tiktokeine-spanierin-die-in-deutschland-lebt-ist-erstaunt-dass-es-parkplaetze-gibt-die-nur-fuer-frauen-reserviert-sind\/"},"author":{"name":"Robert Hoffmann","@id":"https:\/\/www.strassenweb.de\/nachrichten\/#\/schema\/person\/87c9c9067f1211da429a744dc5a5aa41"},"headline":"Viral auf TiktokEine Spanierin, die in Deutschland lebt, ist erstaunt, dass es Parkpl\u00e4tze gibt, die nur f\u00fcr Frauen reserviert sind","datePublished":"2024-09-23T08:56:47+00:00","dateModified":"2024-09-23T08:56:49+00:00","mainEntityOfPage":{"@id":"https:\/\/www.strassenweb.de\/nachrichten\/viral-auf-tiktokeine-spanierin-die-in-deutschland-lebt-ist-erstaunt-dass-es-parkplaetze-gibt-die-nur-fuer-frauen-reserviert-sind\/"},"wordCount":198,"publisher":{"@id":"https:\/\/www.strassenweb.de\/nachrichten\/#organization"},"image":{"@id":"https:\/\/www.strassenweb.de\/nachrichten\/viral-auf-tiktokeine-spanierin-die-in-deutschland-lebt-ist-erstaunt-dass-es-parkplaetze-gibt-die-nur-fuer-frauen-reserviert-sind\/#primaryimage"},"thumbnailUrl":"https:\/\/www.strassenweb.de\/nachrichten\/wp-content\/uploads\/2024\/09\/Viral-auf-TiktokEine-Spanierin-die-in-Deutschland-lebt-ist-erstaunt.jpg","keywords":["auf","dass","Deutschland","die","erstaunt","Frauen","f\u00fcr","gibt","ist","lebt","nur","Parkpl\u00e4tze","reserviert","sind","Spanierin","TiktokEine","Viral"],"articleSection":["Aktuelle Nachrichten"],"inLanguage":"de"},{"@type":"WebPage","@id":"https:\/\/www.strassenweb.de\/nachrichten\/viral-auf-tiktokeine-spanierin-die-in-deutschland-lebt-ist-erstaunt-dass-es-parkplaetze-gibt-die-nur-fuer-frauen-reserviert-sind\/","url":"https:\/\/www.strassenweb.de\/nachrichten\/viral-auf-tiktokeine-spanierin-die-in-deutschland-lebt-ist-erstaunt-dass-es-parkplaetze-gibt-die-nur-fuer-frauen-reserviert-sind\/","name":"Viral auf TiktokEine Spanierin, die in Deutschland lebt, ist erstaunt, dass es Parkpl\u00e4tze gibt, die nur f\u00fcr Frauen reserviert sind - Nachrichten - Stra\u00dfenweb","isPartOf":{"@id":"https:\/\/www.strassenweb.de\/nachrichten\/#website"},"primaryImageOfPage":{"@id":"https:\/\/www.strassenweb.de\/nachrichten\/viral-auf-tiktokeine-spanierin-die-in-deutschland-lebt-ist-erstaunt-dass-es-parkplaetze-gibt-die-nur-fuer-frauen-reserviert-sind\/#primaryimage"},"image":{"@id":"https:\/\/www.strassenweb.de\/nachrichten\/viral-auf-tiktokeine-spanierin-die-in-deutschland-lebt-ist-erstaunt-dass-es-parkplaetze-gibt-die-nur-fuer-frauen-reserviert-sind\/#primaryimage"},"thumbnailUrl":"https:\/\/www.strassenweb.de\/nachrichten\/wp-content\/uploads\/2024\/09\/Viral-auf-TiktokEine-Spanierin-die-in-Deutschland-lebt-ist-erstaunt.jpg","datePublished":"2024-09-23T08:56:47+00:00","dateModified":"2024-09-23T08:56:49+00:00","breadcrumb":{"@id":"https:\/\/www.strassenweb.de\/nachrichten\/viral-auf-tiktokeine-spanierin-die-in-deutschland-lebt-ist-erstaunt-dass-es-parkplaetze-gibt-die-nur-fuer-frauen-reserviert-sind\/#breadcrumb"},"inLanguage":"de","potentialAction":[{"@type":"ReadAction","target":["https:\/\/www.strassenweb.de\/nachrichten\/viral-auf-tiktokeine-spanierin-die-in-deutschland-lebt-ist-erstaunt-dass-es-parkplaetze-gibt-die-nur-fuer-frauen-reserviert-sind\/"]}]},{"@type":"ImageObject","inLanguage":"de","@id":"https:\/\/www.strassenweb.de\/nachrichten\/viral-auf-tiktokeine-spanierin-die-in-deutschland-lebt-ist-erstaunt-dass-es-parkplaetze-gibt-die-nur-fuer-frauen-reserviert-sind\/#primaryimage","url":"https:\/\/www.strassenweb.de\/nachrichten\/wp-content\/uploads\/2024\/09\/Viral-auf-TiktokEine-Spanierin-die-in-Deutschland-lebt-ist-erstaunt.jpg","contentUrl":"https:\/\/www.strassenweb.de\/nachrichten\/wp-content\/uploads\/2024\/09\/Viral-auf-TiktokEine-Spanierin-die-in-Deutschland-lebt-ist-erstaunt.jpg","width":1280,"height":720,"caption":"Viral auf TiktokEine Spanierin, die in Deutschland lebt, ist erstaunt, dass es Parkpl\u00e4tze gibt, die nur f\u00fcr Frauen reserviert sind"},{"@type":"BreadcrumbList","@id":"https:\/\/www.strassenweb.de\/nachrichten\/viral-auf-tiktokeine-spanierin-die-in-deutschland-lebt-ist-erstaunt-dass-es-parkplaetze-gibt-die-nur-fuer-frauen-reserviert-sind\/#breadcrumb","itemListElement":[{"@type":"ListItem","position":1,"name":"Home","item":"https:\/\/www.strassenweb.de\/nachrichten\/"},{"@type":"ListItem","position":2,"name":"Viral auf TiktokEine Spanierin, die in Deutschland lebt, ist erstaunt, dass es Parkpl\u00e4tze gibt, die nur f\u00fcr Frauen reserviert sind"}]},{"@type":"WebSite","@id":"https:\/\/www.strassenweb.de\/nachrichten\/#website","url":"https:\/\/www.strassenweb.de\/nachrichten\/","name":"Stra\u00dfenweb","description":"Stra\u00dfenverzeichnis f\u00fcr Deutschland","publisher":{"@id":"https:\/\/www.strassenweb.de\/nachrichten\/#organization"},"potentialAction":[{"@type":"SearchAction","target":{"@type":"EntryPoint","urlTemplate":"https:\/\/www.strassenweb.de\/nachrichten\/?s={search_term_string}"},"query-input":{"@type":"PropertyValueSpecification","valueRequired":true,"valueName":"search_term_string"}}],"inLanguage":"de"},{"@type":"Organization","@id":"https:\/\/www.strassenweb.de\/nachrichten\/#organization","name":"Stra\u00dfenweb","url":"https:\/\/www.strassenweb.de\/nachrichten\/","logo":{"@type":"ImageObject","inLanguage":"de","@id":"https:\/\/www.strassenweb.de\/nachrichten\/#\/schema\/logo\/image\/","url":"https:\/\/www.strassenweb.de\/nachrichten\/wp-content\/uploads\/2024\/09\/cropped-favicon.png","contentUrl":"https:\/\/www.strassenweb.de\/nachrichten\/wp-content\/uploads\/2024\/09\/cropped-favicon.png","width":512,"height":512,"caption":"Stra\u00dfenweb"},"image":{"@id":"https:\/\/www.strassenweb.de\/nachrichten\/#\/schema\/logo\/image\/"},"sameAs":["https:\/\/www.facebook.com\/strassenweb\/"]},{"@type":"Person","@id":"https:\/\/www.strassenweb.de\/nachrichten\/#\/schema\/person\/87c9c9067f1211da429a744dc5a5aa41","name":"Robert Hoffmann","image":{"@type":"ImageObject","inLanguage":"de","@id":"https:\/\/www.strassenweb.de\/nachrichten\/wp-content\/uploads\/2024\/09\/strassenweb-150x150.jpg","url":"https:\/\/www.strassenweb.de\/nachrichten\/wp-content\/uploads\/2024\/09\/strassenweb-150x150.jpg","contentUrl":"https:\/\/www.strassenweb.de\/nachrichten\/wp-content\/uploads\/2024\/09\/strassenweb-150x150.jpg","caption":"Robert Hoffmann"},"description":"Ich hei\u00dfe Robert Hoffmann und ich bin ein leidenschaftlicher Verfechter von \u00d6kologie und Biodiversit\u00e4t. Seit meiner Kindheit in den W\u00e4ldern Bayerns f\u00fchle ich mich mit der Natur verbunden und bin entschlossen, sie zu sch\u00fctzen. Heute widme ich mein Leben der Sensibilisierung anderer f\u00fcr die Bedeutung des Umweltschutzes f\u00fcr zuk\u00fcnftige Generationen.","sameAs":["https:\/\/www.strassenweb.de\/"]}]}},"_links":{"self":[{"href":"https:\/\/www.strassenweb.de\/nachrichten\/wp-json\/wp\/v2\/posts\/52","targetHints":{"allow":["GET"]}}],"collection":[{"href":"https:\/\/www.strassenweb.de\/nachrichten\/wp-json\/wp\/v2\/posts"}],"about":[{"href":"https:\/\/www.strassenweb.de\/nachrichten\/wp-json\/wp\/v2\/types\/post"}],"author":[{"embeddable":true,"href":"https:\/\/www.strassenweb.de\/nachrichten\/wp-json\/wp\/v2\/users\/1"}],"replies":[{"embeddable":true,"href":"https:\/\/www.strassenweb.de\/nachrichten\/wp-json\/wp\/v2\/comments?post=52"}],"version-history":[{"count":0,"href":"https:\/\/www.strassenweb.de\/nachrichten\/wp-json\/wp\/v2\/posts\/52\/revisions"}],"wp:featuredmedia":[{"embeddable":true,"href":"https:\/\/www.strassenweb.de\/nachrichten\/wp-json\/wp\/v2\/media\/53"}],"wp:attachment":[{"href":"https:\/\/www.strassenweb.de\/nachrichten\/wp-json\/wp\/v2\/media?parent=52"}],"wp:term":[{"taxonomy":"category","embeddable":true,"href":"https:\/\/www.strassenweb.de\/nachrichten\/wp-json\/wp\/v2\/categories?post=52"},{"taxonomy":"post_tag","embeddable":true,"href":"https:\/\/www.strassenweb.de\/nachrichten\/wp-json\/wp\/v2\/tags?post=52"}],"curies":[{"name":"wp","href":"https:\/\/api.w.org\/{rel}","templated":true}]}}