{"id":5139,"date":"2025-05-19T02:06:29","date_gmt":"2025-05-19T00:06:29","guid":{"rendered":"https:\/\/www.strassenweb.de\/nachrichten\/dieses-100-jaehrige-haus-im-tudor-ueberarbeitungsstil-in-minneapolis-wurde-nachdenklich-um-sowohl-seine-geschichte-als-auch-die-forderungen-des-modernen-familienlebens-nachdenklich-zu-ehren\/"},"modified":"2025-05-19T02:06:29","modified_gmt":"2025-05-19T00:06:29","slug":"dieses-100-jaehrige-haus-im-tudor-ueberarbeitungsstil-in-minneapolis-wurde-nachdenklich-um-sowohl-seine-geschichte-als-auch-die-forderungen-des-modernen-familienlebens-nachdenklich-zu-ehren","status":"publish","type":"post","link":"https:\/\/www.strassenweb.de\/nachrichten\/dieses-100-jaehrige-haus-im-tudor-ueberarbeitungsstil-in-minneapolis-wurde-nachdenklich-um-sowohl-seine-geschichte-als-auch-die-forderungen-des-modernen-familienlebens-nachdenklich-zu-ehren\/","title":{"rendered":"Dieses 100-j\u00e4hrige Haus im Tudor-\u00dcberarbeitungsstil in Minneapolis wurde nachdenklich, um sowohl seine Geschichte als auch die Forderungen des modernen Familienlebens nachdenklich zu ehren"},"content":{"rendered":"<p><\/p>\n<div id=\"article-body\" class=\"article__body \">\n<p>Die neuen Eigent\u00fcmer dieses Vororts in Minneapolis suchten nach einer Immobilie im Einklang mit dem modernen Leben mit Zugang zur Natur und einem Gef\u00fchl des R\u00fcckzugs in der N\u00e4he der Stadt.<\/p>\n<div id=\"ad-unit-1\" class=\"ad-unit\"><\/div>\n<p>Als sie sich jedoch in diese 100-j\u00e4hrige Immobilie im Tudor-Revival-Stil verliebten, stellten sie fest, dass sie m\u00f6glicherweise ein wenig Hilfe ben\u00f6tigen, um das Hausdesign auf den neuesten Stand zu bringen. Sie fanden es wichtig, die Geschichte des Eigentums zu ehren, w\u00e4hrend sie es vergr\u00f6\u00dferten und es f\u00fcr einen modernen Familienlebensstil ausstatten.<\/p>\n<aside data-block-type=\"embed\" data-render-type=\"fte\" data-skip=\"dealsy\" data-widget-type=\"seasonal\" class=\"hawk-base\"><\/aside>\n<p>Eine enge Zusammenarbeit zwischen Innenarchitekten Martha Drayton und dem Team von PKA Architecture erwies sich als perfekte L\u00f6sung.<\/p>\n<div id=\"desktop-in-article\" class=\"in-article ad-unit\">\n<div id=\"desktop-taboola-mid-article\"><\/div>\n<\/div>\n<div id=\"mobile-in-article\" class=\"in-article ad-unit\">\n<div id=\"mobile-taboola-mid-article\"><\/div>\n<\/div>\n<div class=\"van_vid_carousel\">\n<div class=\"van_vid_carousel__padding\">\n<div class=\"van_vid_carousel__container\"><\/div>\n<\/div>\n<\/div>\n<aside data-component-name=\"Recirculation:ArticleRiver\" data-nosnippet>\n<span class=\"bg-secondary-500 text-white text-lg font-bold uppercase py-1 px-2 leading-(1.625rem) sm:leading-(6px) sm:text-sm\"><\/p>\n<p>Sie m\u00f6gen m\u00f6gen<br \/>\n<\/span><\/p>\n<ul class=\"flex flex-col my-2 list-outside ms-5 bg-none\" data-analytics-id=\"more-about-inline\">\n<li class=\"m-0 mb-2\" name=\"more-about-inline\" data-analytics-id=\"more-about-inline-0\">\n<p>Dieses Haus in der Mitte des Jahrhunderts wurde f\u00fcr das Familienleben aktualisiert, ohne einen urspr\u00fcnglichen Charme zu verlieren-eine Tour machen, um herauszufinden, wie<\/p>\n<\/li>\n<li class=\"m-0 mb-2\" name=\"more-about-inline\" data-analytics-id=\"more-about-inline-1\">\n<p>Treten Sie in diese britische, stattliche K\u00fcche, die sich im Land Charme befindet &#8211; eine vorerst gebaute K\u00fcche mit der Seele einer anderen \u00c4ra<\/p>\n<\/li>\n<li class=\"m-0 mb-2\" name=\"more-about-inline\" data-analytics-id=\"more-about-inline-2\">\n<p>9 Inspirierende M\u00f6glichkeiten, wie dieses LA-Redesign einem einmaligen und langweiligen Haus Charakter verleiht<\/p>\n<\/li>\n<\/ul>\n<\/aside>\n<p>&#8222;Das Designteam n\u00e4herte sich dem Umbau und der Zugabe dieses historischen Hauses mit einem Gef\u00fchl von Respekt, Praktikabilit\u00e4t und Freude&#8220;, sagt Ryan Fish of PKA. Machen Sie die Tour, um herauszufinden, wie das fertige Look diese Schl\u00fcsselattribute ausgleichen.<\/p>\n<div id=\"ad-unit-2\" class=\"ad-unit\"><\/div>\n<figure class=\"van-image-figure inline-layout \" data-bordeaux-image-check>\n<div class=\"image-full-width-wrapper\">\n<div class=\"image-widthsetter\" style=\"max-width:2400px;\"><\/div>\n<\/div>\n<\/figure>\n<p>Die neue K\u00fcche ist in einer gro\u00dfen Erg\u00e4nzung im hinteren Teil des Hauses untergebracht. Der Raum ist hell und ger\u00e4umig mit wei\u00dfen Schr\u00e4nken und ist jetzt auf den Bach ausgerichtet und das erfrischende Gr\u00fcn, das ihn umgibt. Eine ungew\u00f6hnliche Dreiecks-K\u00fccheninsel war die beste Passform f\u00fcr den Raum. Ein intelligenter Backsplash aus blauen Laternenfliesen verleiht dem sauberen wei\u00dfen Raum subtile Farbe und Muster.<\/p>\n<p>&#8218;Die K\u00fcche war der schwierigste Raum f\u00fcr das gesamte Designteam. Die Winkel stellten eine bedeutende Herausforderung im Hinblick auf den K\u00fcchenworkflow dar. Nach mehreren Iterationen haben wir jedoch erfolgreich ein w\u00f6rtliches K\u00fcchendreieck geschaffen. Das Hinzuf\u00fcgen der Kassaderdecke sowie der V -Groove half dabei, kritische historische Details zu kreieren und R\u00e4ume zu definieren \u201c, f\u00fcgt Ryan hinzu.<\/p>\n<figure class=\"van-image-figure inline-layout \" data-bordeaux-image-check>\n<div class=\"image-full-width-wrapper\">\n<div class=\"image-widthsetter\" style=\"max-width:2400px;\"><\/div>\n<\/div>\n<\/figure>\n<p>In diesem neu gebauten Teil des Hauses k\u00f6nnen wir zu sch\u00e4tzen wissen, wie fachm\u00e4nnisch das Architekten und das Designteam Alt und NEU gemischt haben. Wei\u00dfe Schr\u00e4nke und Arbeitsplatten verleihen der Hauptk\u00fcche ein zeitgem\u00e4\u00dfes Gef\u00fchl, aber schauen Sie in die Speisekammer des Butlers, wobei die h\u00f6lzernen Schr\u00e4nke in Benjamin Moore Providence Blue 1636 gemalt sind, und Sie werden sehen, dass dieses Haus moderne und traditionelle Stile gleicherma\u00dfen gut bedeckt ist.<\/p>\n<p>\u00bbObwohl die Hausbesitzer urspr\u00fcnglich eine modernere Glasschachtel-Erg\u00e4nzung betrachteten, entschieden sie sich letztendlich f\u00fcr eine Renovierung, die den Tudor-Stil und die Handwerkskunst des vorhandenen Haushalts auszeichnete. Das hei\u00dft, es ist nicht \u00fcberm\u00e4\u00dfig traditionell; Wir haben das Design definitiv aktualisiert, um einer modernen sechs sechsj\u00e4hrigen Familie und dem Potenzial f\u00fcr Live-in-Gro\u00dfeltern besser zu passen \u201c, sagt Martha.<\/p>\n<figure class=\"van-image-figure inline-layout \" data-bordeaux-image-check>\n<div class=\"image-full-width-wrapper\">\n<div class=\"image-widthsetter\" style=\"max-width:2400px;\"><\/div>\n<\/div>\n<\/figure>\n<p>Die Heimatbar, Teil des informellen Essbereichs in der offenen K\u00fcche, nimmt den gleichen Benjamin Moore Providence Blue Shade wie in der Speisekammer des Butlers auf.<\/p>\n<p>\u201eWir blieben dem Haus und seinem klassischen amerikanischen Stil sehr treu, aber wir konnten immer noch Spa\u00df haben. Zum Beispiel bietet der Barbereich obere Schr\u00e4nke, die mit antiken Glas in einem Kreuzmuster ausgestattet sind, das sich f\u00fcr das Haus angemessen anf\u00fchlte \u201c, sagt Martha.<\/p>\n<figure class=\"van-image-figure inline-layout \" data-bordeaux-image-check>\n<div class=\"image-full-width-wrapper\">\n<div class=\"image-widthsetter\" style=\"max-width:2400px;\"><\/div>\n<\/div>\n<\/figure>\n<p>&#8222;Das historische, versunkene Wohnzimmer vor dem Haus ist ein Favorit des gesamten Teams&#8220;, sagt Ryan bei PKA. \u201eEs ist ein Raum, der sich in seiner urspr\u00fcnglichen Form v\u00f6llig authentisch blieb. Das Designteam f\u00fcgte eine Feature -B\u00fccherregal -Wand hinzu und erneuerte und definierte einen vorhandenen Kamin und lesende Ecke. &#8218;<\/p>\n<p>Wir lieben den alten Charme dieser Heimbibliothek\/dieses Wohnzimmers mit seiner Mauer aus B\u00fcchern, traditionellen Clubst\u00fchlen und einem gem\u00fctlichen Gef\u00fchl.<\/p>\n<figure class=\"van-image-figure inline-layout \" data-bordeaux-image-check>\n<div class=\"image-full-width-wrapper\">\n<div class=\"image-widthsetter\" style=\"max-width:2400px;\"><\/div>\n<\/div>\n<\/figure>\n<p>Obwohl die Architektur dieses Raums so bleibt, als das Haus 1927 gebaut wurde, sind viele der traditionellen Ausstattungen im Stil von B\u00fccherregalen neue Erg\u00e4nzungen, wie Innenarchitekten Martha erkl\u00e4rt: \u201eWir haben alles neu und aktualisiert den Kamin mit neuen Einbauten. Wir verwendeten Materialien, die sich so anf\u00fchlten, als h\u00e4tten sie im Haus original sein k\u00f6nnen. Dieser Raum strahlt Gem\u00fctlichkeit aus, und wir haben versucht, dieses Gef\u00fchl im ganzen Haus zu replizieren \u201c, sagt sie.<\/p>\n<figure class=\"van-image-figure inline-layout \" data-bordeaux-image-check>\n<div class=\"image-full-width-wrapper\">\n<div class=\"image-widthsetter\" style=\"max-width:2400px;\"><\/div>\n<\/div>\n<\/figure>\n<p>Es ist das Wohnzimmer der Familie im hinteren Teil des Hauses, das am meisten gebraucht wird. Offen f\u00fcr die K\u00fcche und mit den Glasw\u00e4nden verleiht es dieser aktiven Familie den perfekten Treffpunkt und einen einfachen Zugang zur Welt im Freien.<\/p>\n<p>&#8222;Wenn Sie sich durch das Haus bewegen, expandieren die R\u00e4ume und offen f\u00fcr weitl\u00e4ufige Aussichten des Baches und priorisieren die Schaffung gem\u00fctlicher und kollektiver Momente im ganzen Haus&#8220;, f\u00fcgt Ryan hinzu.<\/p>\n<figure class=\"van-image-figure inline-layout \" data-bordeaux-image-check>\n<div class=\"image-full-width-wrapper\">\n<div class=\"image-widthsetter\" style=\"max-width:2400px;\"><\/div>\n<\/div>\n<\/figure>\n<p>Die Architekten und Designer versprachen, dass ihr Umbau ein Gef\u00fchl der Freude beinhalten w\u00fcrde, und dieser helle, helle Raum im Dach tickt sicherlich diese Schachtel.<\/p>\n<p>Es ist ein Raum, der die entgegengesetzten Konzepte von luftig und ger\u00e4umig mit intimer und gem\u00fctlicher Konzepte kombiniert. Nat\u00fcrliche, neutrale M\u00f6bel-gewebter Tisch, Vintage-Teppich und Ledersofa von Gerard van den Berg-und Benjamin Moore White Dove Walls spielen ihre Rolle.<\/p>\n<p>&#8222;Dieser \u00fcberraschende und wunderbare Hangout -Raum im Dachboden des Hauses ist einer der Lieblingsr\u00e4ume des Designteams&#8220;, sagt Ryan. &#8218;Zu Beginn des Erg\u00e4nzung wurde dieser Raum als zus\u00e4tzlich abgedeckten Au\u00dfenraum angesehen. Aber als sich das Design entfaltete, entwickelte es sich weiter und wurde zu einem neuen dynamischen Familienraum, der sich aufgrund der zus\u00e4tzlichen Dachfenster und des Julia -Balkons eher wie ein Baumhaus als wie ein Dachbodenraum anf\u00fchlt. &#8218;<\/p>\n<p>Ein Innenbaumhaus? Das ist unsere Art von Raum.<\/p>\n<figure class=\"van-image-figure inline-layout \" data-bordeaux-image-check>\n<div class=\"image-full-width-wrapper\">\n<div class=\"image-widthsetter\" style=\"max-width:2000px;\"><\/div>\n<\/div>\n<\/figure>\n<p>Auch oben im Haus wird dieses attraktive und farbenfrohe Schlafzimmer als G\u00e4stezimmer genutzt. Aufbewahrungsl\u00f6sungen gibt es hier im \u00dcberfluss. Es gibt ein Plattformbett mit Schubladen darunter, und ein integrierte B\u00fccherregale wurden an anderer Stelle im Raum eingebaut.<\/p>\n<figure class=\"van-image-figure inline-layout \" data-bordeaux-image-check>\n<div class=\"image-full-width-wrapper\">\n<div class=\"image-widthsetter\" style=\"max-width:2400px;\"><\/div>\n<\/div>\n<\/figure>\n<p>F\u00fcr dieses Badezimmerschema w\u00e4hlte Martha eine auff\u00e4llige Tapete aus und erg\u00e4nzt sie mit schieferblauen U-Bahn-Fliesen und goldenen Hardware. &#8222;Die Kunden waren bereit, uns zu vertrauen und mit den Wandverkleidungen auf ein Glied zu gehen, was Spa\u00df gemacht hat&#8220;, sagt sie.<\/p>\n<p>F\u00fcr Martha fasst dieser kleine Raum das Designethos im ganzen Haus zusammen. &#8222;Es ist die Art von Haus, die zwei M\u00f6glichkeiten h\u00e4tte gehen k\u00f6nnen&#8220;, erkl\u00e4rt sie. \u201eSicher, Sie renovieren f\u00fcr das Jahr 2024 oder 2025 und m\u00f6chten, dass es frisch und voller moderner Annehmlichkeiten ist. Aber das kann wirklich schief gehen, wenn Sie den Charakter und den Geist eines Hauses verlieren, das in diesem Fall in den 1920er Jahren gebaut wurde. Wir haben dieser Familie also ein Zuhause mit allem gegeben, was sie f\u00fcr die Zukunft wollen, aber das ehrt immer noch die Knochen und die Sch\u00f6nheit der Vergangenheit des Hauses. &#8218;<\/p>\n<h2 id=\"shop-the-look-3\">Kaufen Sie den Look ein<\/h2>\n<div class=\"product-container hero-product-container product-block-no-wrap\">\n<div class=\"product-block-row\"><\/div>\n<div class=\"product-block-row\"><\/div>\n<div class=\"product-block-row\"><\/div>\n<div class=\"product-block-row\"><\/div>\n<div class=\"product-block-row\"><\/div>\n<div class=\"product-block-row\"><\/div>\n<\/div>\n<hr>\n<p>Architektur: PKA -Architektur<br \/>Innenarchitektur: Martha Dayton<br \/>Fotografie: Taylor Hall O&#8217;Brien<\/p>\n<\/div>\n","protected":false},"excerpt":{"rendered":"<p>Die neuen Eigent\u00fcmer dieses Vororts in Minneapolis suchten nach einer Immobilie im Einklang mit dem modernen Leben mit Zugang zur Natur und einem Gef\u00fchl des<\/p>\n","protected":false},"author":1,"featured_media":5140,"comment_status":"closed","ping_status":"","sticky":false,"template":"","format":"standard","meta":{"footnotes":""},"categories":[118],"tags":[7425,935,436,281,9,531,7431,7430,7429,972,125,7427,985,7428,186,1434,7426,1529],"class_list":["post-5139","post","type-post","status-publish","format-standard","has-post-thumbnail","hentry","category-haus-garten","tag-100jaehrige","tag-als","tag-auch","tag-des","tag-die","tag-dieses","tag-ehren","tag-familienlebens","tag-forderungen","tag-geschichte","tag-haus","tag-minneapolis","tag-modernen","tag-nachdenklich","tag-seine","tag-sowohl","tag-tudorueberarbeitungsstil","tag-wuerde","generate-columns","tablet-grid-50","mobile-grid-100","grid-parent","grid-50"],"yoast_head":"<!-- This site is optimized with the Yoast SEO plugin v27.3 - https:\/\/yoast.com\/product\/yoast-seo-wordpress\/ -->\n<title>Dieses 100-j\u00e4hrige Haus im Tudor-\u00dcberarbeitungsstil in Minneapolis wurde nachdenklich, um sowohl seine Geschichte als auch die Forderungen des modernen Familienlebens nachdenklich zu ehren - Nachrichten - Stra\u00dfenweb<\/title>\n<meta name=\"robots\" content=\"index, follow, max-snippet:-1, max-image-preview:large, max-video-preview:-1\" \/>\n<link rel=\"canonical\" href=\"https:\/\/www.strassenweb.de\/nachrichten\/dieses-100-jaehrige-haus-im-tudor-ueberarbeitungsstil-in-minneapolis-wurde-nachdenklich-um-sowohl-seine-geschichte-als-auch-die-forderungen-des-modernen-familienlebens-nachdenklich-zu-ehren\/\" \/>\n<meta property=\"og:locale\" content=\"de_DE\" \/>\n<meta property=\"og:type\" content=\"article\" \/>\n<meta property=\"og:title\" content=\"Dieses 100-j\u00e4hrige Haus im Tudor-\u00dcberarbeitungsstil in Minneapolis wurde nachdenklich, um sowohl seine Geschichte als auch die Forderungen des modernen Familienlebens nachdenklich zu ehren - Nachrichten - Stra\u00dfenweb\" \/>\n<meta property=\"og:description\" content=\"Die neuen Eigent\u00fcmer dieses Vororts in Minneapolis suchten nach einer Immobilie im Einklang mit dem modernen Leben mit Zugang zur Natur und einem Gef\u00fchl des\" \/>\n<meta property=\"og:url\" content=\"https:\/\/www.strassenweb.de\/nachrichten\/dieses-100-jaehrige-haus-im-tudor-ueberarbeitungsstil-in-minneapolis-wurde-nachdenklich-um-sowohl-seine-geschichte-als-auch-die-forderungen-des-modernen-familienlebens-nachdenklich-zu-ehren\/\" \/>\n<meta property=\"og:site_name\" content=\"Stra\u00dfenweb\" \/>\n<meta property=\"article:publisher\" content=\"https:\/\/www.facebook.com\/strassenweb\/\" \/>\n<meta property=\"article:published_time\" content=\"2025-05-19T00:06:29+00:00\" \/>\n<meta property=\"og:image\" content=\"https:\/\/www.strassenweb.de\/nachrichten\/wp-content\/uploads\/2025\/05\/6sZSi5jG7SWLTRfnSDfRZm.jpg\" \/>\n\t<meta property=\"og:image:width\" content=\"1600\" \/>\n\t<meta property=\"og:image:height\" content=\"900\" \/>\n\t<meta property=\"og:image:type\" content=\"image\/jpeg\" \/>\n<meta name=\"author\" content=\"Robert Hoffmann\" \/>\n<meta name=\"twitter:card\" content=\"summary_large_image\" \/>\n<meta name=\"twitter:label1\" content=\"Verfasst von\" \/>\n\t<meta name=\"twitter:data1\" content=\"Robert Hoffmann\" \/>\n\t<meta name=\"twitter:label2\" content=\"Gesch\u00e4tzte Lesezeit\" \/>\n\t<meta name=\"twitter:data2\" content=\"6\u00a0Minuten\" \/>\n<script type=\"application\/ld+json\" class=\"yoast-schema-graph\">{\"@context\":\"https:\\\/\\\/schema.org\",\"@graph\":[{\"@type\":\"Article\",\"@id\":\"https:\\\/\\\/www.strassenweb.de\\\/nachrichten\\\/dieses-100-jaehrige-haus-im-tudor-ueberarbeitungsstil-in-minneapolis-wurde-nachdenklich-um-sowohl-seine-geschichte-als-auch-die-forderungen-des-modernen-familienlebens-nachdenklich-zu-ehren\\\/#article\",\"isPartOf\":{\"@id\":\"https:\\\/\\\/www.strassenweb.de\\\/nachrichten\\\/dieses-100-jaehrige-haus-im-tudor-ueberarbeitungsstil-in-minneapolis-wurde-nachdenklich-um-sowohl-seine-geschichte-als-auch-die-forderungen-des-modernen-familienlebens-nachdenklich-zu-ehren\\\/\"},\"author\":{\"name\":\"Robert Hoffmann\",\"@id\":\"https:\\\/\\\/www.strassenweb.de\\\/nachrichten\\\/#\\\/schema\\\/person\\\/87c9c9067f1211da429a744dc5a5aa41\"},\"headline\":\"Dieses 100-j\u00e4hrige Haus im Tudor-\u00dcberarbeitungsstil in Minneapolis wurde nachdenklich, um sowohl seine Geschichte als auch die Forderungen des modernen Familienlebens nachdenklich zu ehren\",\"datePublished\":\"2025-05-19T00:06:29+00:00\",\"mainEntityOfPage\":{\"@id\":\"https:\\\/\\\/www.strassenweb.de\\\/nachrichten\\\/dieses-100-jaehrige-haus-im-tudor-ueberarbeitungsstil-in-minneapolis-wurde-nachdenklich-um-sowohl-seine-geschichte-als-auch-die-forderungen-des-modernen-familienlebens-nachdenklich-zu-ehren\\\/\"},\"wordCount\":1185,\"publisher\":{\"@id\":\"https:\\\/\\\/www.strassenweb.de\\\/nachrichten\\\/#organization\"},\"image\":{\"@id\":\"https:\\\/\\\/www.strassenweb.de\\\/nachrichten\\\/dieses-100-jaehrige-haus-im-tudor-ueberarbeitungsstil-in-minneapolis-wurde-nachdenklich-um-sowohl-seine-geschichte-als-auch-die-forderungen-des-modernen-familienlebens-nachdenklich-zu-ehren\\\/#primaryimage\"},\"thumbnailUrl\":\"https:\\\/\\\/www.strassenweb.de\\\/nachrichten\\\/wp-content\\\/uploads\\\/2025\\\/05\\\/6sZSi5jG7SWLTRfnSDfRZm.jpg\",\"keywords\":[\"100j\u00e4hrige\",\"als\",\"Auch\",\"des\",\"die\",\"dieses\",\"ehren\",\"Familienlebens\",\"Forderungen\",\"Geschichte\",\"Haus\",\"Minneapolis\",\"modernen\",\"nachdenklich\",\"seine\",\"sowohl\",\"Tudor\u00dcberarbeitungsstil\",\"w\u00fcrde\"],\"articleSection\":[\"Haus &amp; Garten\"],\"inLanguage\":\"de\"},{\"@type\":\"WebPage\",\"@id\":\"https:\\\/\\\/www.strassenweb.de\\\/nachrichten\\\/dieses-100-jaehrige-haus-im-tudor-ueberarbeitungsstil-in-minneapolis-wurde-nachdenklich-um-sowohl-seine-geschichte-als-auch-die-forderungen-des-modernen-familienlebens-nachdenklich-zu-ehren\\\/\",\"url\":\"https:\\\/\\\/www.strassenweb.de\\\/nachrichten\\\/dieses-100-jaehrige-haus-im-tudor-ueberarbeitungsstil-in-minneapolis-wurde-nachdenklich-um-sowohl-seine-geschichte-als-auch-die-forderungen-des-modernen-familienlebens-nachdenklich-zu-ehren\\\/\",\"name\":\"Dieses 100-j\u00e4hrige Haus im Tudor-\u00dcberarbeitungsstil in Minneapolis wurde nachdenklich, um sowohl seine Geschichte als auch die Forderungen des modernen Familienlebens nachdenklich zu ehren - Nachrichten - Stra\u00dfenweb\",\"isPartOf\":{\"@id\":\"https:\\\/\\\/www.strassenweb.de\\\/nachrichten\\\/#website\"},\"primaryImageOfPage\":{\"@id\":\"https:\\\/\\\/www.strassenweb.de\\\/nachrichten\\\/dieses-100-jaehrige-haus-im-tudor-ueberarbeitungsstil-in-minneapolis-wurde-nachdenklich-um-sowohl-seine-geschichte-als-auch-die-forderungen-des-modernen-familienlebens-nachdenklich-zu-ehren\\\/#primaryimage\"},\"image\":{\"@id\":\"https:\\\/\\\/www.strassenweb.de\\\/nachrichten\\\/dieses-100-jaehrige-haus-im-tudor-ueberarbeitungsstil-in-minneapolis-wurde-nachdenklich-um-sowohl-seine-geschichte-als-auch-die-forderungen-des-modernen-familienlebens-nachdenklich-zu-ehren\\\/#primaryimage\"},\"thumbnailUrl\":\"https:\\\/\\\/www.strassenweb.de\\\/nachrichten\\\/wp-content\\\/uploads\\\/2025\\\/05\\\/6sZSi5jG7SWLTRfnSDfRZm.jpg\",\"datePublished\":\"2025-05-19T00:06:29+00:00\",\"breadcrumb\":{\"@id\":\"https:\\\/\\\/www.strassenweb.de\\\/nachrichten\\\/dieses-100-jaehrige-haus-im-tudor-ueberarbeitungsstil-in-minneapolis-wurde-nachdenklich-um-sowohl-seine-geschichte-als-auch-die-forderungen-des-modernen-familienlebens-nachdenklich-zu-ehren\\\/#breadcrumb\"},\"inLanguage\":\"de\",\"potentialAction\":[{\"@type\":\"ReadAction\",\"target\":[\"https:\\\/\\\/www.strassenweb.de\\\/nachrichten\\\/dieses-100-jaehrige-haus-im-tudor-ueberarbeitungsstil-in-minneapolis-wurde-nachdenklich-um-sowohl-seine-geschichte-als-auch-die-forderungen-des-modernen-familienlebens-nachdenklich-zu-ehren\\\/\"]}]},{\"@type\":\"ImageObject\",\"inLanguage\":\"de\",\"@id\":\"https:\\\/\\\/www.strassenweb.de\\\/nachrichten\\\/dieses-100-jaehrige-haus-im-tudor-ueberarbeitungsstil-in-minneapolis-wurde-nachdenklich-um-sowohl-seine-geschichte-als-auch-die-forderungen-des-modernen-familienlebens-nachdenklich-zu-ehren\\\/#primaryimage\",\"url\":\"https:\\\/\\\/www.strassenweb.de\\\/nachrichten\\\/wp-content\\\/uploads\\\/2025\\\/05\\\/6sZSi5jG7SWLTRfnSDfRZm.jpg\",\"contentUrl\":\"https:\\\/\\\/www.strassenweb.de\\\/nachrichten\\\/wp-content\\\/uploads\\\/2025\\\/05\\\/6sZSi5jG7SWLTRfnSDfRZm.jpg\",\"width\":1600,\"height\":900,\"caption\":\"living room built-in bookshelves\"},{\"@type\":\"BreadcrumbList\",\"@id\":\"https:\\\/\\\/www.strassenweb.de\\\/nachrichten\\\/dieses-100-jaehrige-haus-im-tudor-ueberarbeitungsstil-in-minneapolis-wurde-nachdenklich-um-sowohl-seine-geschichte-als-auch-die-forderungen-des-modernen-familienlebens-nachdenklich-zu-ehren\\\/#breadcrumb\",\"itemListElement\":[{\"@type\":\"ListItem\",\"position\":1,\"name\":\"Home\",\"item\":\"https:\\\/\\\/www.strassenweb.de\\\/nachrichten\\\/\"},{\"@type\":\"ListItem\",\"position\":2,\"name\":\"Dieses 100-j\u00e4hrige Haus im Tudor-\u00dcberarbeitungsstil in Minneapolis wurde nachdenklich, um sowohl seine Geschichte als auch die Forderungen des modernen Familienlebens nachdenklich zu ehren\"}]},{\"@type\":\"WebSite\",\"@id\":\"https:\\\/\\\/www.strassenweb.de\\\/nachrichten\\\/#website\",\"url\":\"https:\\\/\\\/www.strassenweb.de\\\/nachrichten\\\/\",\"name\":\"Stra\u00dfenweb\",\"description\":\"Stra\u00dfenverzeichnis f\u00fcr Deutschland\",\"publisher\":{\"@id\":\"https:\\\/\\\/www.strassenweb.de\\\/nachrichten\\\/#organization\"},\"potentialAction\":[{\"@type\":\"SearchAction\",\"target\":{\"@type\":\"EntryPoint\",\"urlTemplate\":\"https:\\\/\\\/www.strassenweb.de\\\/nachrichten\\\/?s={search_term_string}\"},\"query-input\":{\"@type\":\"PropertyValueSpecification\",\"valueRequired\":true,\"valueName\":\"search_term_string\"}}],\"inLanguage\":\"de\"},{\"@type\":\"Organization\",\"@id\":\"https:\\\/\\\/www.strassenweb.de\\\/nachrichten\\\/#organization\",\"name\":\"Stra\u00dfenweb\",\"url\":\"https:\\\/\\\/www.strassenweb.de\\\/nachrichten\\\/\",\"logo\":{\"@type\":\"ImageObject\",\"inLanguage\":\"de\",\"@id\":\"https:\\\/\\\/www.strassenweb.de\\\/nachrichten\\\/#\\\/schema\\\/logo\\\/image\\\/\",\"url\":\"https:\\\/\\\/www.strassenweb.de\\\/nachrichten\\\/wp-content\\\/uploads\\\/2024\\\/09\\\/cropped-favicon.png\",\"contentUrl\":\"https:\\\/\\\/www.strassenweb.de\\\/nachrichten\\\/wp-content\\\/uploads\\\/2024\\\/09\\\/cropped-favicon.png\",\"width\":512,\"height\":512,\"caption\":\"Stra\u00dfenweb\"},\"image\":{\"@id\":\"https:\\\/\\\/www.strassenweb.de\\\/nachrichten\\\/#\\\/schema\\\/logo\\\/image\\\/\"},\"sameAs\":[\"https:\\\/\\\/www.facebook.com\\\/strassenweb\\\/\"]},{\"@type\":\"Person\",\"@id\":\"https:\\\/\\\/www.strassenweb.de\\\/nachrichten\\\/#\\\/schema\\\/person\\\/87c9c9067f1211da429a744dc5a5aa41\",\"name\":\"Robert Hoffmann\",\"image\":{\"@type\":\"ImageObject\",\"inLanguage\":\"de\",\"@id\":\"https:\\\/\\\/www.strassenweb.de\\\/nachrichten\\\/wp-content\\\/uploads\\\/2024\\\/09\\\/strassenweb-150x150.jpg\",\"url\":\"https:\\\/\\\/www.strassenweb.de\\\/nachrichten\\\/wp-content\\\/uploads\\\/2024\\\/09\\\/strassenweb-150x150.jpg\",\"contentUrl\":\"https:\\\/\\\/www.strassenweb.de\\\/nachrichten\\\/wp-content\\\/uploads\\\/2024\\\/09\\\/strassenweb-150x150.jpg\",\"caption\":\"Robert Hoffmann\"},\"description\":\"Ich hei\u00dfe Robert Hoffmann und ich bin ein leidenschaftlicher Verfechter von \u00d6kologie und Biodiversit\u00e4t. Seit meiner Kindheit in den W\u00e4ldern Bayerns f\u00fchle ich mich mit der Natur verbunden und bin entschlossen, sie zu sch\u00fctzen. Heute widme ich mein Leben der Sensibilisierung anderer f\u00fcr die Bedeutung des Umweltschutzes f\u00fcr zuk\u00fcnftige Generationen.\",\"sameAs\":[\"https:\\\/\\\/www.strassenweb.de\\\/\"]}]}<\/script>\n<!-- \/ Yoast SEO plugin. -->","yoast_head_json":{"title":"Dieses 100-j\u00e4hrige Haus im Tudor-\u00dcberarbeitungsstil in Minneapolis wurde nachdenklich, um sowohl seine Geschichte als auch die Forderungen des modernen Familienlebens nachdenklich zu ehren - Nachrichten - Stra\u00dfenweb","robots":{"index":"index","follow":"follow","max-snippet":"max-snippet:-1","max-image-preview":"max-image-preview:large","max-video-preview":"max-video-preview:-1"},"canonical":"https:\/\/www.strassenweb.de\/nachrichten\/dieses-100-jaehrige-haus-im-tudor-ueberarbeitungsstil-in-minneapolis-wurde-nachdenklich-um-sowohl-seine-geschichte-als-auch-die-forderungen-des-modernen-familienlebens-nachdenklich-zu-ehren\/","og_locale":"de_DE","og_type":"article","og_title":"Dieses 100-j\u00e4hrige Haus im Tudor-\u00dcberarbeitungsstil in Minneapolis wurde nachdenklich, um sowohl seine Geschichte als auch die Forderungen des modernen Familienlebens nachdenklich zu ehren - Nachrichten - Stra\u00dfenweb","og_description":"Die neuen Eigent\u00fcmer dieses Vororts in Minneapolis suchten nach einer Immobilie im Einklang mit dem modernen Leben mit Zugang zur Natur und einem Gef\u00fchl des","og_url":"https:\/\/www.strassenweb.de\/nachrichten\/dieses-100-jaehrige-haus-im-tudor-ueberarbeitungsstil-in-minneapolis-wurde-nachdenklich-um-sowohl-seine-geschichte-als-auch-die-forderungen-des-modernen-familienlebens-nachdenklich-zu-ehren\/","og_site_name":"Stra\u00dfenweb","article_publisher":"https:\/\/www.facebook.com\/strassenweb\/","article_published_time":"2025-05-19T00:06:29+00:00","og_image":[{"width":1600,"height":900,"url":"https:\/\/www.strassenweb.de\/nachrichten\/wp-content\/uploads\/2025\/05\/6sZSi5jG7SWLTRfnSDfRZm.jpg","type":"image\/jpeg"}],"author":"Robert Hoffmann","twitter_card":"summary_large_image","twitter_misc":{"Verfasst von":"Robert Hoffmann","Gesch\u00e4tzte Lesezeit":"6\u00a0Minuten"},"schema":{"@context":"https:\/\/schema.org","@graph":[{"@type":"Article","@id":"https:\/\/www.strassenweb.de\/nachrichten\/dieses-100-jaehrige-haus-im-tudor-ueberarbeitungsstil-in-minneapolis-wurde-nachdenklich-um-sowohl-seine-geschichte-als-auch-die-forderungen-des-modernen-familienlebens-nachdenklich-zu-ehren\/#article","isPartOf":{"@id":"https:\/\/www.strassenweb.de\/nachrichten\/dieses-100-jaehrige-haus-im-tudor-ueberarbeitungsstil-in-minneapolis-wurde-nachdenklich-um-sowohl-seine-geschichte-als-auch-die-forderungen-des-modernen-familienlebens-nachdenklich-zu-ehren\/"},"author":{"name":"Robert Hoffmann","@id":"https:\/\/www.strassenweb.de\/nachrichten\/#\/schema\/person\/87c9c9067f1211da429a744dc5a5aa41"},"headline":"Dieses 100-j\u00e4hrige Haus im Tudor-\u00dcberarbeitungsstil in Minneapolis wurde nachdenklich, um sowohl seine Geschichte als auch die Forderungen des modernen Familienlebens nachdenklich zu ehren","datePublished":"2025-05-19T00:06:29+00:00","mainEntityOfPage":{"@id":"https:\/\/www.strassenweb.de\/nachrichten\/dieses-100-jaehrige-haus-im-tudor-ueberarbeitungsstil-in-minneapolis-wurde-nachdenklich-um-sowohl-seine-geschichte-als-auch-die-forderungen-des-modernen-familienlebens-nachdenklich-zu-ehren\/"},"wordCount":1185,"publisher":{"@id":"https:\/\/www.strassenweb.de\/nachrichten\/#organization"},"image":{"@id":"https:\/\/www.strassenweb.de\/nachrichten\/dieses-100-jaehrige-haus-im-tudor-ueberarbeitungsstil-in-minneapolis-wurde-nachdenklich-um-sowohl-seine-geschichte-als-auch-die-forderungen-des-modernen-familienlebens-nachdenklich-zu-ehren\/#primaryimage"},"thumbnailUrl":"https:\/\/www.strassenweb.de\/nachrichten\/wp-content\/uploads\/2025\/05\/6sZSi5jG7SWLTRfnSDfRZm.jpg","keywords":["100j\u00e4hrige","als","Auch","des","die","dieses","ehren","Familienlebens","Forderungen","Geschichte","Haus","Minneapolis","modernen","nachdenklich","seine","sowohl","Tudor\u00dcberarbeitungsstil","w\u00fcrde"],"articleSection":["Haus &amp; Garten"],"inLanguage":"de"},{"@type":"WebPage","@id":"https:\/\/www.strassenweb.de\/nachrichten\/dieses-100-jaehrige-haus-im-tudor-ueberarbeitungsstil-in-minneapolis-wurde-nachdenklich-um-sowohl-seine-geschichte-als-auch-die-forderungen-des-modernen-familienlebens-nachdenklich-zu-ehren\/","url":"https:\/\/www.strassenweb.de\/nachrichten\/dieses-100-jaehrige-haus-im-tudor-ueberarbeitungsstil-in-minneapolis-wurde-nachdenklich-um-sowohl-seine-geschichte-als-auch-die-forderungen-des-modernen-familienlebens-nachdenklich-zu-ehren\/","name":"Dieses 100-j\u00e4hrige Haus im Tudor-\u00dcberarbeitungsstil in Minneapolis wurde nachdenklich, um sowohl seine Geschichte als auch die Forderungen des modernen Familienlebens nachdenklich zu ehren - Nachrichten - Stra\u00dfenweb","isPartOf":{"@id":"https:\/\/www.strassenweb.de\/nachrichten\/#website"},"primaryImageOfPage":{"@id":"https:\/\/www.strassenweb.de\/nachrichten\/dieses-100-jaehrige-haus-im-tudor-ueberarbeitungsstil-in-minneapolis-wurde-nachdenklich-um-sowohl-seine-geschichte-als-auch-die-forderungen-des-modernen-familienlebens-nachdenklich-zu-ehren\/#primaryimage"},"image":{"@id":"https:\/\/www.strassenweb.de\/nachrichten\/dieses-100-jaehrige-haus-im-tudor-ueberarbeitungsstil-in-minneapolis-wurde-nachdenklich-um-sowohl-seine-geschichte-als-auch-die-forderungen-des-modernen-familienlebens-nachdenklich-zu-ehren\/#primaryimage"},"thumbnailUrl":"https:\/\/www.strassenweb.de\/nachrichten\/wp-content\/uploads\/2025\/05\/6sZSi5jG7SWLTRfnSDfRZm.jpg","datePublished":"2025-05-19T00:06:29+00:00","breadcrumb":{"@id":"https:\/\/www.strassenweb.de\/nachrichten\/dieses-100-jaehrige-haus-im-tudor-ueberarbeitungsstil-in-minneapolis-wurde-nachdenklich-um-sowohl-seine-geschichte-als-auch-die-forderungen-des-modernen-familienlebens-nachdenklich-zu-ehren\/#breadcrumb"},"inLanguage":"de","potentialAction":[{"@type":"ReadAction","target":["https:\/\/www.strassenweb.de\/nachrichten\/dieses-100-jaehrige-haus-im-tudor-ueberarbeitungsstil-in-minneapolis-wurde-nachdenklich-um-sowohl-seine-geschichte-als-auch-die-forderungen-des-modernen-familienlebens-nachdenklich-zu-ehren\/"]}]},{"@type":"ImageObject","inLanguage":"de","@id":"https:\/\/www.strassenweb.de\/nachrichten\/dieses-100-jaehrige-haus-im-tudor-ueberarbeitungsstil-in-minneapolis-wurde-nachdenklich-um-sowohl-seine-geschichte-als-auch-die-forderungen-des-modernen-familienlebens-nachdenklich-zu-ehren\/#primaryimage","url":"https:\/\/www.strassenweb.de\/nachrichten\/wp-content\/uploads\/2025\/05\/6sZSi5jG7SWLTRfnSDfRZm.jpg","contentUrl":"https:\/\/www.strassenweb.de\/nachrichten\/wp-content\/uploads\/2025\/05\/6sZSi5jG7SWLTRfnSDfRZm.jpg","width":1600,"height":900,"caption":"living room built-in bookshelves"},{"@type":"BreadcrumbList","@id":"https:\/\/www.strassenweb.de\/nachrichten\/dieses-100-jaehrige-haus-im-tudor-ueberarbeitungsstil-in-minneapolis-wurde-nachdenklich-um-sowohl-seine-geschichte-als-auch-die-forderungen-des-modernen-familienlebens-nachdenklich-zu-ehren\/#breadcrumb","itemListElement":[{"@type":"ListItem","position":1,"name":"Home","item":"https:\/\/www.strassenweb.de\/nachrichten\/"},{"@type":"ListItem","position":2,"name":"Dieses 100-j\u00e4hrige Haus im Tudor-\u00dcberarbeitungsstil in Minneapolis wurde nachdenklich, um sowohl seine Geschichte als auch die Forderungen des modernen Familienlebens nachdenklich zu ehren"}]},{"@type":"WebSite","@id":"https:\/\/www.strassenweb.de\/nachrichten\/#website","url":"https:\/\/www.strassenweb.de\/nachrichten\/","name":"Stra\u00dfenweb","description":"Stra\u00dfenverzeichnis f\u00fcr Deutschland","publisher":{"@id":"https:\/\/www.strassenweb.de\/nachrichten\/#organization"},"potentialAction":[{"@type":"SearchAction","target":{"@type":"EntryPoint","urlTemplate":"https:\/\/www.strassenweb.de\/nachrichten\/?s={search_term_string}"},"query-input":{"@type":"PropertyValueSpecification","valueRequired":true,"valueName":"search_term_string"}}],"inLanguage":"de"},{"@type":"Organization","@id":"https:\/\/www.strassenweb.de\/nachrichten\/#organization","name":"Stra\u00dfenweb","url":"https:\/\/www.strassenweb.de\/nachrichten\/","logo":{"@type":"ImageObject","inLanguage":"de","@id":"https:\/\/www.strassenweb.de\/nachrichten\/#\/schema\/logo\/image\/","url":"https:\/\/www.strassenweb.de\/nachrichten\/wp-content\/uploads\/2024\/09\/cropped-favicon.png","contentUrl":"https:\/\/www.strassenweb.de\/nachrichten\/wp-content\/uploads\/2024\/09\/cropped-favicon.png","width":512,"height":512,"caption":"Stra\u00dfenweb"},"image":{"@id":"https:\/\/www.strassenweb.de\/nachrichten\/#\/schema\/logo\/image\/"},"sameAs":["https:\/\/www.facebook.com\/strassenweb\/"]},{"@type":"Person","@id":"https:\/\/www.strassenweb.de\/nachrichten\/#\/schema\/person\/87c9c9067f1211da429a744dc5a5aa41","name":"Robert Hoffmann","image":{"@type":"ImageObject","inLanguage":"de","@id":"https:\/\/www.strassenweb.de\/nachrichten\/wp-content\/uploads\/2024\/09\/strassenweb-150x150.jpg","url":"https:\/\/www.strassenweb.de\/nachrichten\/wp-content\/uploads\/2024\/09\/strassenweb-150x150.jpg","contentUrl":"https:\/\/www.strassenweb.de\/nachrichten\/wp-content\/uploads\/2024\/09\/strassenweb-150x150.jpg","caption":"Robert Hoffmann"},"description":"Ich hei\u00dfe Robert Hoffmann und ich bin ein leidenschaftlicher Verfechter von \u00d6kologie und Biodiversit\u00e4t. Seit meiner Kindheit in den W\u00e4ldern Bayerns f\u00fchle ich mich mit der Natur verbunden und bin entschlossen, sie zu sch\u00fctzen. Heute widme ich mein Leben der Sensibilisierung anderer f\u00fcr die Bedeutung des Umweltschutzes f\u00fcr zuk\u00fcnftige Generationen.","sameAs":["https:\/\/www.strassenweb.de\/"]}]}},"_links":{"self":[{"href":"https:\/\/www.strassenweb.de\/nachrichten\/wp-json\/wp\/v2\/posts\/5139","targetHints":{"allow":["GET"]}}],"collection":[{"href":"https:\/\/www.strassenweb.de\/nachrichten\/wp-json\/wp\/v2\/posts"}],"about":[{"href":"https:\/\/www.strassenweb.de\/nachrichten\/wp-json\/wp\/v2\/types\/post"}],"author":[{"embeddable":true,"href":"https:\/\/www.strassenweb.de\/nachrichten\/wp-json\/wp\/v2\/users\/1"}],"replies":[{"embeddable":true,"href":"https:\/\/www.strassenweb.de\/nachrichten\/wp-json\/wp\/v2\/comments?post=5139"}],"version-history":[{"count":0,"href":"https:\/\/www.strassenweb.de\/nachrichten\/wp-json\/wp\/v2\/posts\/5139\/revisions"}],"wp:featuredmedia":[{"embeddable":true,"href":"https:\/\/www.strassenweb.de\/nachrichten\/wp-json\/wp\/v2\/media\/5140"}],"wp:attachment":[{"href":"https:\/\/www.strassenweb.de\/nachrichten\/wp-json\/wp\/v2\/media?parent=5139"}],"wp:term":[{"taxonomy":"category","embeddable":true,"href":"https:\/\/www.strassenweb.de\/nachrichten\/wp-json\/wp\/v2\/categories?post=5139"},{"taxonomy":"post_tag","embeddable":true,"href":"https:\/\/www.strassenweb.de\/nachrichten\/wp-json\/wp\/v2\/tags?post=5139"}],"curies":[{"name":"wp","href":"https:\/\/api.w.org\/{rel}","templated":true}]}}