{"id":5121,"date":"2025-05-18T01:40:47","date_gmt":"2025-05-17T23:40:47","guid":{"rendered":"https:\/\/www.strassenweb.de\/nachrichten\/buttergelb-mag-endlos-schick-sein-aber-designer-warnen-es-nicht-mit-diesen-farben-zu-kombinieren-die-diesen-weichen-subtilen-farbton-ruinieren-koennen\/"},"modified":"2025-05-18T01:40:47","modified_gmt":"2025-05-17T23:40:47","slug":"buttergelb-mag-endlos-schick-sein-aber-designer-warnen-es-nicht-mit-diesen-farben-zu-kombinieren-die-diesen-weichen-subtilen-farbton-ruinieren-koennen","status":"publish","type":"post","link":"https:\/\/www.strassenweb.de\/nachrichten\/buttergelb-mag-endlos-schick-sein-aber-designer-warnen-es-nicht-mit-diesen-farben-zu-kombinieren-die-diesen-weichen-subtilen-farbton-ruinieren-koennen\/","title":{"rendered":"Buttergelb mag endlos schick sein &#8211; aber Designer warnen, es nicht mit diesen Farben zu kombinieren, die diesen weichen subtilen Farbton ruinieren k\u00f6nnen"},"content":{"rendered":"<p><\/p>\n<div id=\"article-body\" class=\"article__body \">\n<p>F\u00fcr 2025 als &#8222;neuer Neutral&#8220; bezeichnet, gibt es viel zu lieben an viralen Buttergelb. Buttergelb f\u00e4hrt innenr\u00e4umen mit einer subtilen Anspielung auf Vintage eine Weichheit und W\u00e4rme hinzu und ist sowohl raffiniert als auch verspielt.<\/p>\n<div id=\"ad-unit-1\" class=\"ad-unit\"><\/div>\n<p>Trotzdem k\u00f6nnen die falschen Farbkombinationen diesen stilvollen Farbton schnell abwerfen, wobei bestimmte kr\u00e4ftige und dunkle T\u00f6ne seine Weichheit \u00fcberschattet und k\u00fchle Neutrale, die im Widerspruch zu der inh\u00e4renten W\u00e4rme der Dekoration mit Gelb erscheinen, \u00fcberschattet werden.<\/p>\n<aside data-block-type=\"embed\" data-render-type=\"fte\" data-skip=\"dealsy\" data-widget-type=\"seasonal\" class=\"hawk-base\"><\/aside>\n<p>Unten erkunden wir die Farben, um das Kombination mit Buttergelb zu vermeiden, wie von Innenarchitekten erkl\u00e4rt. Indem Sie diese konkurrierenden Farbt\u00f6ne fernhalten und stattdessen nach den Farben greifen, die mit Buttergelb am besten passen, k\u00f6nnen Sie ein perfekt ausbalanciertes Buttergelbschema erstellen.<\/p>\n<div id=\"desktop-in-article\" class=\"in-article ad-unit\">\n<div id=\"desktop-taboola-mid-article\"><\/div>\n<\/div>\n<div id=\"mobile-in-article\" class=\"in-article ad-unit\">\n<div id=\"mobile-taboola-mid-article\"><\/div>\n<\/div>\n<div class=\"van_vid_carousel\">\n<div class=\"van_vid_carousel__padding\">\n<div class=\"van_vid_carousel__container\"><\/div>\n<\/div>\n<\/div>\n<aside data-component-name=\"Recirculation:ArticleRiver\" data-nosnippet>\n<span class=\"bg-secondary-500 text-white text-lg font-bold uppercase py-1 px-2 leading-(1.625rem) sm:leading-(6px) sm:text-sm\"><\/p>\n<p>Sie m\u00f6gen m\u00f6gen<br \/>\n<\/span><\/p>\n<ul class=\"flex flex-col my-2 list-outside ms-5 bg-none\" data-analytics-id=\"more-about-inline\">\n<li class=\"m-0 mb-2\" name=\"more-about-inline\" data-analytics-id=\"more-about-inline-0\">\n<p>Nicht beige, nicht grau &#8211; dieser perfekte &#8217;neue Neutral&#8216; ist das, was Josh Brolin, Gwyneth Paltrow und Martha Stewart stattdessen dekorieren<\/p>\n<\/li>\n<li class=\"m-0 mb-2\" name=\"more-about-inline\" data-analytics-id=\"more-about-inline-1\">\n<p>&#8222;Es hat eine Pr\u00e4senz, \u00fcberw\u00e4ltigt aber keinen Raum&#8220; &#8211; Benjamin Moores beste Buttergelbfarben beweisen, wie nutzbar die Farbe, f\u00fcr die jeder schmilzt, sein kann<\/p>\n<\/li>\n<li class=\"m-0 mb-2\" name=\"more-about-inline\" data-analytics-id=\"more-about-inline-2\">\n<p>Josh Brolin dekoriert gerade mit der trendigen Farbe, die Grau und Beige f\u00fcr 2026 ersetzt<\/p>\n<\/li>\n<\/ul>\n<\/aside>\n<h3 class=\"article-body__section\" id=\"section-1-cool-toned-whites\"><span>1. K\u00fchlt\u00f6nte Wei\u00dfe<\/span><\/h3>\n<figure class=\"van-image-figure inline-layout \" data-bordeaux-image-check>\n<div class=\"image-full-width-wrapper\">\n<div class=\"image-widthsetter\" style=\"max-width:2000px;\"><\/div>\n<\/div><figcaption class=\"inline-layout \">\n<div class=\"caption-text\">\n<p>W\u00e4hrend Wei\u00df gut mit buttergelben passen, k\u00f6nnen sich k\u00fchle Wei\u00dfe unausgewogene Wei\u00dfe anf\u00fchlen, und Designer empfehlen w\u00e4rmere Wei\u00dfe f\u00fcr einen zusammenh\u00e4ngenden Raum. <\/p>\n<\/div>\n<\/figcaption><\/figure>\n<p>Das Kombination von Buttergelb mit Neutralen wie White ist eine wunderbare M\u00f6glichkeit, einen abgerissenen, beruhigenden Raum zu erreichen, aber es ist wichtig, den richtigen Schatten der wei\u00dfen Farbe zu w\u00e4hlen. K\u00fchlt\u00f6nte Wei\u00dfe k\u00f6nnen sich in Kombination mit einem w\u00e4rmenden Buttergelb synchronisieren, w\u00e4hrend warme wei\u00dfe Farben neben warmen gelben T\u00f6nen harmonisch sind.<\/p>\n<div id=\"ad-unit-2\" class=\"ad-unit\"><\/div>\n<p>\u201eButtergelb bringt eine warme, spielerische Energie in einen Raum, aber es ist wichtig, bei der Auswahl komplement\u00e4rer Farben nachdenklich zu sein. Ein Farbton, mit dem man vorsichtig sein kann, ist ein k\u00fchles oder blau-wei\u00dfes Wei\u00df-denken Sie helle, reine Wei\u00dfe, die h\u00e4ufig auf Trimm- oder modernen M\u00f6beln verwendet werden \u201c, erkl\u00e4rt Designerin Lucas Goldbach, Designdirektorin der in Chicago ans\u00e4ssigen EN Masse Architecture &#038; Design.<\/p>\n<p>&#8218;In Kombination mit Buttergelb k\u00f6nnen diese k\u00fchleren Wei\u00dfen das Gelb im Gegensatz dazu stumpf oder sogar schmuddelig erscheinen lassen. Entscheiden Sie sich stattdessen f\u00fcr ein warmes Wei\u00df wie Benjamin Moores Schweizer Kaffee, was die Weichheit von Butter Yellow verbessert und eine zusammenh\u00e4ngendere, einladendere Palette schafft \u201c, empfiehlt Lucas.<\/p>\n<h3 class=\"article-body__section\" id=\"section-2-bold-and-saturated-tones\"><span>2. Fett und ges\u00e4ttigte T\u00f6ne<\/span><\/h3>\n<figure class=\"van-image-figure inline-layout \" data-bordeaux-image-check>\n<div class=\"image-full-width-wrapper\">\n<div class=\"image-widthsetter\" style=\"max-width:2000px;\"><\/div>\n<\/div><figcaption class=\"inline-layout \">\n<div class=\"caption-text\">\n<p>W\u00e4hrend lebhafte T\u00f6ne wie Rot Buttergelb mit Sicherheit ein Drama verleihen, warnen Designer, dass sie seine Weichheit \u00fcberw\u00e4ltigen k\u00f6nnen. <\/p>\n<\/div>\n<\/figcaption><\/figure>\n<p>W\u00e4hrend sich coole Wei\u00dfe mit Buttergelb nicht unausgeglichen f\u00fchlen k\u00f6nnen, m\u00f6chten Sie m\u00f6glicherweise auch von ges\u00e4ttigten und fetten T\u00f6nen ablenken. Da Buttergelb ein weicher Farbton ist, kann das Kombination mit \u00fcberm\u00e4\u00dfig lauten und intensiven Farben seine empfindliche Anziehungskraft beeintr\u00e4chtigen, schl\u00e4gt die Innenarchitektin in NYC, Marina Hanisch, vor.<\/p>\n<p>\u201eButtergelb ist so ein weicher, cremiger Pastell &#8211; es hat diese sch\u00f6ne Art, Licht zu fangen und eine sanfte W\u00e4rme in einen Raum zu bringen, ohne es zu \u00fcberw\u00e4ltigen. Normalerweise habe ich es mir klar, es mit irgendetwas zu k\u00fcftem oder ges\u00e4ttigt zu kombinieren, weil das seine Weichheit \u00fcberw\u00e4ltigen kann \u201c, erkl\u00e4rt sie.<\/p>\n<p>&#8222;Wenn Sie sich in seine Neutralit\u00e4t lehnen, w\u00fcrde ich es vermeiden, Buttergelb mit \u00fcberm\u00e4\u00dfig lauten oder neonfarbenen Farben zu kombinieren, was seine subtile Raffinesse \u00fcberw\u00e4ltigen kann&#8220;, stimmt der Innenarchitektin Christina Garcia Lysaught of Layered Dimensions Innenarchitektur zu.<\/p>\n<p>Anstelle von lebendigen T\u00f6nen entscheiden Sie sich f\u00fcr erdige Farbt\u00f6ne wie Farrow &#038; Balls legend\u00e4r verblasstes Terrakotta oder einen nach Erdung, ged\u00e4mpften Blauton wie Benjamin Moores Eisberg f\u00fcr einen farbenfrohen, aber harmonischen Look.<\/p>\n<h3 class=\"article-body__section\" id=\"section-3-pastels\"><span>3. Pastellfarben<\/span><\/h3>\n<figure class=\"van-image-figure inline-layout \" data-bordeaux-image-check>\n<div class=\"image-full-width-wrapper\">\n<div class=\"image-widthsetter\" style=\"max-width:2000px;\"><\/div>\n<\/div><figcaption class=\"inline-layout \">\n<div class=\"caption-text\">\n<p>Anstatt Buttergelb mit Pastellfarben zu kombinieren, entscheiden Sie sich f\u00fcr ein weiches Grau, das sich ausgewogen und zeitlos anf\u00fchlt, wie in diesem Schlafzimmer zu sehen ist. <\/p>\n<\/div>\n<\/figcaption><\/figure>\n<p>Designer warnen auch vor viel leichteren, weicheren Farbkombinationen bei der Dekoration mit Buttergelb. W\u00e4hrend Pastellzimmer -Ideen neben Buttergelb gut mit bestimmten Innenarchitekten funktionieren k\u00f6nnen, k\u00f6nnen sie f\u00fcr einige fade sein. &#8222;Wenn Sie Buttergelb verwenden, vermeiden Sie es, es mit Pastellfarben zu kombinieren, was kindisch aussehen kann&#8220;, r\u00e4t der Innenarchitekt MK Smith von Smith Interiors.<\/p>\n<p>&#8222;Ich vermeide es, Buttergelb mit Rosa und anderen Pastellfarben zu kombinieren, die es zu s\u00fc\u00df f\u00fchlen&#8220;, stimmt Designer Heather Hilliard von Heather Hilliard Design, der dieses Schlafzimmer mit einem buttergelben Kopfteil in San Francisco ans\u00e4ssig ist, zu. An den W\u00e4nden wird anstelle von Pastellfarben ein helles Graufarbton verwendet, um das Gelb zu erg\u00e4nzen und ein weiches Aussehen zu erzielen, aber mit mehr Tiefe und Zeitlosigkeit als Pastellfarben.<\/p>\n<h3 class=\"article-body__section\" id=\"section-4-black\"><span>4. Schwarz<\/span><\/h3>\n<figure class=\"van-image-figure inline-layout \" data-bordeaux-image-check>\n<div class=\"image-full-width-wrapper\">\n<div class=\"image-widthsetter\" style=\"max-width:2000px;\"><\/div>\n<\/div><figcaption class=\"inline-layout \">\n<div class=\"caption-text\">\n<p>W\u00e4hrend Schwarz neben weichen gelben viel zu intensiv erscheinen kann, verleihen warme Braun auf erg\u00e4nzende Weise Tiefe. <\/p>\n<\/div>\n<\/figcaption><\/figure>\n<p>Sie sollten auch zweimal \u00fcberlegen, bevor Sie Buttergelb mit Schwarz kombinieren, da es zu viel Kontrast erzeugen kann. &#8222;Ich w\u00fcrde es auf jeden Fall vermeiden, Buttergelb mit Schwarz zu kombinieren&#8220;, sagt Designerin Alexis Warren von Alexis Warren Designs. &#8218;Es gibt zu viel Kontrast zu der Weichheit einer Buttergelb. Ich w\u00fcrde empfehlen, an eine Farbpalette zu bleiben, die eine \u00e4hnliche S\u00e4ttigung f\u00fcr ein zusammenh\u00e4ngendes Gef\u00fchl hat. &#8218;<\/p>\n<p>Die in New York ans\u00e4ssige Innenarchitektin Kathy Kuo r\u00e4t auch gegen hochkontrastierende Paarungen mit Buttergelb und f\u00fcgte hinzu: \u201eIch w\u00fcrde raten, Buttergelb fast als neutral zu verwenden und nicht zu versuchen, super mutige, kontrastierende Momente damit zu schaffen. Lassen Sie es subtil sein und kombinieren Sie es mit anderen leichten und luftigen T\u00f6nen. &#8218;<\/p>\n<p>Wenn Sie Buttergelb mit dunkleren T\u00f6nen zusammenstellen m\u00f6chten, sollten Sie mit Brown dekorieren, was ein Gef\u00fchl von Drama mit mehr W\u00e4rme und weniger Intensit\u00e4t als Schwarz erzielen kann. Die Cola von Farrow &#038; Ball ist eine sch\u00f6ne weiche, reichhaltige, warme braune Farbe, die wunderbar mit Buttergelb funktioniert, insbesondere wenn sie in kleineren Akzenten verwendet werden.<\/p>\n<hr>\n<p>W\u00e4hrend Designer im Allgemeinen von diesen Buttergelb -Farbpaarungen fernhalten, sollten Sie ber\u00fccksichtigen, dass Farbe subjektiv ist und Sie mit Ihren Pl\u00e4nen kreativ werden k\u00f6nnen, um es am besten zu Ihrem eigenen Zuhause zu passen. Wenn Sie sich inspiriert f\u00fchlen, mit diesem gl\u00fccklichen Farbton zu dekorieren, werden unsere Lieblings -Buttergelben -Dekork\u00e4ufe in diesem Sommer Ihr Zuhause erh\u00f6hen.<\/p>\n<\/div>\n","protected":false},"excerpt":{"rendered":"<p>F\u00fcr 2025 als &#8222;neuer Neutral&#8220; bezeichnet, gibt es viel zu lieben an viralen Buttergelb. Buttergelb f\u00e4hrt innenr\u00e4umen mit einer subtilen Anspielung auf Vintage eine Weichheit<\/p>\n","protected":false},"author":1,"featured_media":5122,"comment_status":"closed","ping_status":"","sticky":false,"template":"","format":"standard","meta":{"footnotes":""},"categories":[118],"tags":[357,6770,216,9,208,7407,874,210,6773,689,1830,146,61,2377,2960,306,3333,1066,6480],"class_list":["post-5121","post","type-post","status-publish","format-standard","has-post-thumbnail","hentry","category-haus-garten","tag-aber","tag-buttergelb","tag-designer","tag-die","tag-diesen","tag-endlos","tag-farben","tag-farbton","tag-kombinieren","tag-koennen","tag-mag","tag-mit","tag-nicht","tag-ruinieren","tag-schick","tag-sein","tag-subtilen","tag-warnen","tag-weichen","generate-columns","tablet-grid-50","mobile-grid-100","grid-parent","grid-50"],"yoast_head":"<!-- This site is optimized with the Yoast SEO plugin v27.3 - https:\/\/yoast.com\/product\/yoast-seo-wordpress\/ -->\n<title>Buttergelb mag endlos schick sein - aber Designer warnen, es nicht mit diesen Farben zu kombinieren, die diesen weichen subtilen Farbton ruinieren k\u00f6nnen - Nachrichten - Stra\u00dfenweb<\/title>\n<meta name=\"robots\" content=\"index, follow, max-snippet:-1, max-image-preview:large, max-video-preview:-1\" \/>\n<link rel=\"canonical\" href=\"https:\/\/www.strassenweb.de\/nachrichten\/buttergelb-mag-endlos-schick-sein-aber-designer-warnen-es-nicht-mit-diesen-farben-zu-kombinieren-die-diesen-weichen-subtilen-farbton-ruinieren-koennen\/\" \/>\n<meta property=\"og:locale\" content=\"de_DE\" \/>\n<meta property=\"og:type\" content=\"article\" \/>\n<meta property=\"og:title\" content=\"Buttergelb mag endlos schick sein - aber Designer warnen, es nicht mit diesen Farben zu kombinieren, die diesen weichen subtilen Farbton ruinieren k\u00f6nnen - Nachrichten - Stra\u00dfenweb\" \/>\n<meta property=\"og:description\" content=\"F\u00fcr 2025 als &#8222;neuer Neutral&#8220; bezeichnet, gibt es viel zu lieben an viralen Buttergelb. Buttergelb f\u00e4hrt innenr\u00e4umen mit einer subtilen Anspielung auf Vintage eine Weichheit\" \/>\n<meta property=\"og:url\" content=\"https:\/\/www.strassenweb.de\/nachrichten\/buttergelb-mag-endlos-schick-sein-aber-designer-warnen-es-nicht-mit-diesen-farben-zu-kombinieren-die-diesen-weichen-subtilen-farbton-ruinieren-koennen\/\" \/>\n<meta property=\"og:site_name\" content=\"Stra\u00dfenweb\" \/>\n<meta property=\"article:publisher\" content=\"https:\/\/www.facebook.com\/strassenweb\/\" \/>\n<meta property=\"article:published_time\" content=\"2025-05-17T23:40:47+00:00\" \/>\n<meta property=\"og:image\" content=\"https:\/\/www.strassenweb.de\/nachrichten\/wp-content\/uploads\/2025\/05\/Nh7Ny2tADcz7J25qnbTwm9.jpg\" \/>\n\t<meta property=\"og:image:width\" content=\"1600\" \/>\n\t<meta property=\"og:image:height\" content=\"900\" \/>\n\t<meta property=\"og:image:type\" content=\"image\/jpeg\" \/>\n<meta name=\"author\" content=\"Robert Hoffmann\" \/>\n<meta name=\"twitter:card\" content=\"summary_large_image\" \/>\n<meta name=\"twitter:label1\" content=\"Verfasst von\" \/>\n\t<meta name=\"twitter:data1\" content=\"Robert Hoffmann\" \/>\n\t<meta name=\"twitter:label2\" content=\"Gesch\u00e4tzte Lesezeit\" \/>\n\t<meta name=\"twitter:data2\" content=\"5\u00a0Minuten\" \/>\n<script type=\"application\/ld+json\" class=\"yoast-schema-graph\">{\"@context\":\"https:\\\/\\\/schema.org\",\"@graph\":[{\"@type\":\"Article\",\"@id\":\"https:\\\/\\\/www.strassenweb.de\\\/nachrichten\\\/buttergelb-mag-endlos-schick-sein-aber-designer-warnen-es-nicht-mit-diesen-farben-zu-kombinieren-die-diesen-weichen-subtilen-farbton-ruinieren-koennen\\\/#article\",\"isPartOf\":{\"@id\":\"https:\\\/\\\/www.strassenweb.de\\\/nachrichten\\\/buttergelb-mag-endlos-schick-sein-aber-designer-warnen-es-nicht-mit-diesen-farben-zu-kombinieren-die-diesen-weichen-subtilen-farbton-ruinieren-koennen\\\/\"},\"author\":{\"name\":\"Robert Hoffmann\",\"@id\":\"https:\\\/\\\/www.strassenweb.de\\\/nachrichten\\\/#\\\/schema\\\/person\\\/87c9c9067f1211da429a744dc5a5aa41\"},\"headline\":\"Buttergelb mag endlos schick sein &#8211; aber Designer warnen, es nicht mit diesen Farben zu kombinieren, die diesen weichen subtilen Farbton ruinieren k\u00f6nnen\",\"datePublished\":\"2025-05-17T23:40:47+00:00\",\"mainEntityOfPage\":{\"@id\":\"https:\\\/\\\/www.strassenweb.de\\\/nachrichten\\\/buttergelb-mag-endlos-schick-sein-aber-designer-warnen-es-nicht-mit-diesen-farben-zu-kombinieren-die-diesen-weichen-subtilen-farbton-ruinieren-koennen\\\/\"},\"wordCount\":1094,\"publisher\":{\"@id\":\"https:\\\/\\\/www.strassenweb.de\\\/nachrichten\\\/#organization\"},\"image\":{\"@id\":\"https:\\\/\\\/www.strassenweb.de\\\/nachrichten\\\/buttergelb-mag-endlos-schick-sein-aber-designer-warnen-es-nicht-mit-diesen-farben-zu-kombinieren-die-diesen-weichen-subtilen-farbton-ruinieren-koennen\\\/#primaryimage\"},\"thumbnailUrl\":\"https:\\\/\\\/www.strassenweb.de\\\/nachrichten\\\/wp-content\\\/uploads\\\/2025\\\/05\\\/Nh7Ny2tADcz7J25qnbTwm9.jpg\",\"keywords\":[\"aber\",\"Buttergelb\",\"Designer\",\"die\",\"diesen\",\"endlos\",\"Farben\",\"Farbton\",\"kombinieren\",\"k\u00f6nnen\",\"mag\",\"mit\",\"nicht\",\"ruinieren\",\"schick\",\"sein\",\"subtilen\",\"warnen\",\"weichen\"],\"articleSection\":[\"Haus &amp; Garten\"],\"inLanguage\":\"de\"},{\"@type\":\"WebPage\",\"@id\":\"https:\\\/\\\/www.strassenweb.de\\\/nachrichten\\\/buttergelb-mag-endlos-schick-sein-aber-designer-warnen-es-nicht-mit-diesen-farben-zu-kombinieren-die-diesen-weichen-subtilen-farbton-ruinieren-koennen\\\/\",\"url\":\"https:\\\/\\\/www.strassenweb.de\\\/nachrichten\\\/buttergelb-mag-endlos-schick-sein-aber-designer-warnen-es-nicht-mit-diesen-farben-zu-kombinieren-die-diesen-weichen-subtilen-farbton-ruinieren-koennen\\\/\",\"name\":\"Buttergelb mag endlos schick sein - aber Designer warnen, es nicht mit diesen Farben zu kombinieren, die diesen weichen subtilen Farbton ruinieren k\u00f6nnen - Nachrichten - Stra\u00dfenweb\",\"isPartOf\":{\"@id\":\"https:\\\/\\\/www.strassenweb.de\\\/nachrichten\\\/#website\"},\"primaryImageOfPage\":{\"@id\":\"https:\\\/\\\/www.strassenweb.de\\\/nachrichten\\\/buttergelb-mag-endlos-schick-sein-aber-designer-warnen-es-nicht-mit-diesen-farben-zu-kombinieren-die-diesen-weichen-subtilen-farbton-ruinieren-koennen\\\/#primaryimage\"},\"image\":{\"@id\":\"https:\\\/\\\/www.strassenweb.de\\\/nachrichten\\\/buttergelb-mag-endlos-schick-sein-aber-designer-warnen-es-nicht-mit-diesen-farben-zu-kombinieren-die-diesen-weichen-subtilen-farbton-ruinieren-koennen\\\/#primaryimage\"},\"thumbnailUrl\":\"https:\\\/\\\/www.strassenweb.de\\\/nachrichten\\\/wp-content\\\/uploads\\\/2025\\\/05\\\/Nh7Ny2tADcz7J25qnbTwm9.jpg\",\"datePublished\":\"2025-05-17T23:40:47+00:00\",\"breadcrumb\":{\"@id\":\"https:\\\/\\\/www.strassenweb.de\\\/nachrichten\\\/buttergelb-mag-endlos-schick-sein-aber-designer-warnen-es-nicht-mit-diesen-farben-zu-kombinieren-die-diesen-weichen-subtilen-farbton-ruinieren-koennen\\\/#breadcrumb\"},\"inLanguage\":\"de\",\"potentialAction\":[{\"@type\":\"ReadAction\",\"target\":[\"https:\\\/\\\/www.strassenweb.de\\\/nachrichten\\\/buttergelb-mag-endlos-schick-sein-aber-designer-warnen-es-nicht-mit-diesen-farben-zu-kombinieren-die-diesen-weichen-subtilen-farbton-ruinieren-koennen\\\/\"]}]},{\"@type\":\"ImageObject\",\"inLanguage\":\"de\",\"@id\":\"https:\\\/\\\/www.strassenweb.de\\\/nachrichten\\\/buttergelb-mag-endlos-schick-sein-aber-designer-warnen-es-nicht-mit-diesen-farben-zu-kombinieren-die-diesen-weichen-subtilen-farbton-ruinieren-koennen\\\/#primaryimage\",\"url\":\"https:\\\/\\\/www.strassenweb.de\\\/nachrichten\\\/wp-content\\\/uploads\\\/2025\\\/05\\\/Nh7Ny2tADcz7J25qnbTwm9.jpg\",\"contentUrl\":\"https:\\\/\\\/www.strassenweb.de\\\/nachrichten\\\/wp-content\\\/uploads\\\/2025\\\/05\\\/Nh7Ny2tADcz7J25qnbTwm9.jpg\",\"width\":1600,\"height\":900,\"caption\":\"modern kitchen worktop with pale yellow wall, white upper cabinets and white backsplash, dark red lower cabinets\"},{\"@type\":\"BreadcrumbList\",\"@id\":\"https:\\\/\\\/www.strassenweb.de\\\/nachrichten\\\/buttergelb-mag-endlos-schick-sein-aber-designer-warnen-es-nicht-mit-diesen-farben-zu-kombinieren-die-diesen-weichen-subtilen-farbton-ruinieren-koennen\\\/#breadcrumb\",\"itemListElement\":[{\"@type\":\"ListItem\",\"position\":1,\"name\":\"Home\",\"item\":\"https:\\\/\\\/www.strassenweb.de\\\/nachrichten\\\/\"},{\"@type\":\"ListItem\",\"position\":2,\"name\":\"Buttergelb mag endlos schick sein &#8211; aber Designer warnen, es nicht mit diesen Farben zu kombinieren, die diesen weichen subtilen Farbton ruinieren k\u00f6nnen\"}]},{\"@type\":\"WebSite\",\"@id\":\"https:\\\/\\\/www.strassenweb.de\\\/nachrichten\\\/#website\",\"url\":\"https:\\\/\\\/www.strassenweb.de\\\/nachrichten\\\/\",\"name\":\"Stra\u00dfenweb\",\"description\":\"Stra\u00dfenverzeichnis f\u00fcr Deutschland\",\"publisher\":{\"@id\":\"https:\\\/\\\/www.strassenweb.de\\\/nachrichten\\\/#organization\"},\"potentialAction\":[{\"@type\":\"SearchAction\",\"target\":{\"@type\":\"EntryPoint\",\"urlTemplate\":\"https:\\\/\\\/www.strassenweb.de\\\/nachrichten\\\/?s={search_term_string}\"},\"query-input\":{\"@type\":\"PropertyValueSpecification\",\"valueRequired\":true,\"valueName\":\"search_term_string\"}}],\"inLanguage\":\"de\"},{\"@type\":\"Organization\",\"@id\":\"https:\\\/\\\/www.strassenweb.de\\\/nachrichten\\\/#organization\",\"name\":\"Stra\u00dfenweb\",\"url\":\"https:\\\/\\\/www.strassenweb.de\\\/nachrichten\\\/\",\"logo\":{\"@type\":\"ImageObject\",\"inLanguage\":\"de\",\"@id\":\"https:\\\/\\\/www.strassenweb.de\\\/nachrichten\\\/#\\\/schema\\\/logo\\\/image\\\/\",\"url\":\"https:\\\/\\\/www.strassenweb.de\\\/nachrichten\\\/wp-content\\\/uploads\\\/2024\\\/09\\\/cropped-favicon.png\",\"contentUrl\":\"https:\\\/\\\/www.strassenweb.de\\\/nachrichten\\\/wp-content\\\/uploads\\\/2024\\\/09\\\/cropped-favicon.png\",\"width\":512,\"height\":512,\"caption\":\"Stra\u00dfenweb\"},\"image\":{\"@id\":\"https:\\\/\\\/www.strassenweb.de\\\/nachrichten\\\/#\\\/schema\\\/logo\\\/image\\\/\"},\"sameAs\":[\"https:\\\/\\\/www.facebook.com\\\/strassenweb\\\/\"]},{\"@type\":\"Person\",\"@id\":\"https:\\\/\\\/www.strassenweb.de\\\/nachrichten\\\/#\\\/schema\\\/person\\\/87c9c9067f1211da429a744dc5a5aa41\",\"name\":\"Robert Hoffmann\",\"image\":{\"@type\":\"ImageObject\",\"inLanguage\":\"de\",\"@id\":\"https:\\\/\\\/www.strassenweb.de\\\/nachrichten\\\/wp-content\\\/uploads\\\/2024\\\/09\\\/strassenweb-150x150.jpg\",\"url\":\"https:\\\/\\\/www.strassenweb.de\\\/nachrichten\\\/wp-content\\\/uploads\\\/2024\\\/09\\\/strassenweb-150x150.jpg\",\"contentUrl\":\"https:\\\/\\\/www.strassenweb.de\\\/nachrichten\\\/wp-content\\\/uploads\\\/2024\\\/09\\\/strassenweb-150x150.jpg\",\"caption\":\"Robert Hoffmann\"},\"description\":\"Ich hei\u00dfe Robert Hoffmann und ich bin ein leidenschaftlicher Verfechter von \u00d6kologie und Biodiversit\u00e4t. Seit meiner Kindheit in den W\u00e4ldern Bayerns f\u00fchle ich mich mit der Natur verbunden und bin entschlossen, sie zu sch\u00fctzen. Heute widme ich mein Leben der Sensibilisierung anderer f\u00fcr die Bedeutung des Umweltschutzes f\u00fcr zuk\u00fcnftige Generationen.\",\"sameAs\":[\"https:\\\/\\\/www.strassenweb.de\\\/\"]}]}<\/script>\n<!-- \/ Yoast SEO plugin. -->","yoast_head_json":{"title":"Buttergelb mag endlos schick sein - aber Designer warnen, es nicht mit diesen Farben zu kombinieren, die diesen weichen subtilen Farbton ruinieren k\u00f6nnen - Nachrichten - Stra\u00dfenweb","robots":{"index":"index","follow":"follow","max-snippet":"max-snippet:-1","max-image-preview":"max-image-preview:large","max-video-preview":"max-video-preview:-1"},"canonical":"https:\/\/www.strassenweb.de\/nachrichten\/buttergelb-mag-endlos-schick-sein-aber-designer-warnen-es-nicht-mit-diesen-farben-zu-kombinieren-die-diesen-weichen-subtilen-farbton-ruinieren-koennen\/","og_locale":"de_DE","og_type":"article","og_title":"Buttergelb mag endlos schick sein - aber Designer warnen, es nicht mit diesen Farben zu kombinieren, die diesen weichen subtilen Farbton ruinieren k\u00f6nnen - Nachrichten - Stra\u00dfenweb","og_description":"F\u00fcr 2025 als &#8222;neuer Neutral&#8220; bezeichnet, gibt es viel zu lieben an viralen Buttergelb. Buttergelb f\u00e4hrt innenr\u00e4umen mit einer subtilen Anspielung auf Vintage eine Weichheit","og_url":"https:\/\/www.strassenweb.de\/nachrichten\/buttergelb-mag-endlos-schick-sein-aber-designer-warnen-es-nicht-mit-diesen-farben-zu-kombinieren-die-diesen-weichen-subtilen-farbton-ruinieren-koennen\/","og_site_name":"Stra\u00dfenweb","article_publisher":"https:\/\/www.facebook.com\/strassenweb\/","article_published_time":"2025-05-17T23:40:47+00:00","og_image":[{"width":1600,"height":900,"url":"https:\/\/www.strassenweb.de\/nachrichten\/wp-content\/uploads\/2025\/05\/Nh7Ny2tADcz7J25qnbTwm9.jpg","type":"image\/jpeg"}],"author":"Robert Hoffmann","twitter_card":"summary_large_image","twitter_misc":{"Verfasst von":"Robert Hoffmann","Gesch\u00e4tzte Lesezeit":"5\u00a0Minuten"},"schema":{"@context":"https:\/\/schema.org","@graph":[{"@type":"Article","@id":"https:\/\/www.strassenweb.de\/nachrichten\/buttergelb-mag-endlos-schick-sein-aber-designer-warnen-es-nicht-mit-diesen-farben-zu-kombinieren-die-diesen-weichen-subtilen-farbton-ruinieren-koennen\/#article","isPartOf":{"@id":"https:\/\/www.strassenweb.de\/nachrichten\/buttergelb-mag-endlos-schick-sein-aber-designer-warnen-es-nicht-mit-diesen-farben-zu-kombinieren-die-diesen-weichen-subtilen-farbton-ruinieren-koennen\/"},"author":{"name":"Robert Hoffmann","@id":"https:\/\/www.strassenweb.de\/nachrichten\/#\/schema\/person\/87c9c9067f1211da429a744dc5a5aa41"},"headline":"Buttergelb mag endlos schick sein &#8211; aber Designer warnen, es nicht mit diesen Farben zu kombinieren, die diesen weichen subtilen Farbton ruinieren k\u00f6nnen","datePublished":"2025-05-17T23:40:47+00:00","mainEntityOfPage":{"@id":"https:\/\/www.strassenweb.de\/nachrichten\/buttergelb-mag-endlos-schick-sein-aber-designer-warnen-es-nicht-mit-diesen-farben-zu-kombinieren-die-diesen-weichen-subtilen-farbton-ruinieren-koennen\/"},"wordCount":1094,"publisher":{"@id":"https:\/\/www.strassenweb.de\/nachrichten\/#organization"},"image":{"@id":"https:\/\/www.strassenweb.de\/nachrichten\/buttergelb-mag-endlos-schick-sein-aber-designer-warnen-es-nicht-mit-diesen-farben-zu-kombinieren-die-diesen-weichen-subtilen-farbton-ruinieren-koennen\/#primaryimage"},"thumbnailUrl":"https:\/\/www.strassenweb.de\/nachrichten\/wp-content\/uploads\/2025\/05\/Nh7Ny2tADcz7J25qnbTwm9.jpg","keywords":["aber","Buttergelb","Designer","die","diesen","endlos","Farben","Farbton","kombinieren","k\u00f6nnen","mag","mit","nicht","ruinieren","schick","sein","subtilen","warnen","weichen"],"articleSection":["Haus &amp; Garten"],"inLanguage":"de"},{"@type":"WebPage","@id":"https:\/\/www.strassenweb.de\/nachrichten\/buttergelb-mag-endlos-schick-sein-aber-designer-warnen-es-nicht-mit-diesen-farben-zu-kombinieren-die-diesen-weichen-subtilen-farbton-ruinieren-koennen\/","url":"https:\/\/www.strassenweb.de\/nachrichten\/buttergelb-mag-endlos-schick-sein-aber-designer-warnen-es-nicht-mit-diesen-farben-zu-kombinieren-die-diesen-weichen-subtilen-farbton-ruinieren-koennen\/","name":"Buttergelb mag endlos schick sein - aber Designer warnen, es nicht mit diesen Farben zu kombinieren, die diesen weichen subtilen Farbton ruinieren k\u00f6nnen - Nachrichten - Stra\u00dfenweb","isPartOf":{"@id":"https:\/\/www.strassenweb.de\/nachrichten\/#website"},"primaryImageOfPage":{"@id":"https:\/\/www.strassenweb.de\/nachrichten\/buttergelb-mag-endlos-schick-sein-aber-designer-warnen-es-nicht-mit-diesen-farben-zu-kombinieren-die-diesen-weichen-subtilen-farbton-ruinieren-koennen\/#primaryimage"},"image":{"@id":"https:\/\/www.strassenweb.de\/nachrichten\/buttergelb-mag-endlos-schick-sein-aber-designer-warnen-es-nicht-mit-diesen-farben-zu-kombinieren-die-diesen-weichen-subtilen-farbton-ruinieren-koennen\/#primaryimage"},"thumbnailUrl":"https:\/\/www.strassenweb.de\/nachrichten\/wp-content\/uploads\/2025\/05\/Nh7Ny2tADcz7J25qnbTwm9.jpg","datePublished":"2025-05-17T23:40:47+00:00","breadcrumb":{"@id":"https:\/\/www.strassenweb.de\/nachrichten\/buttergelb-mag-endlos-schick-sein-aber-designer-warnen-es-nicht-mit-diesen-farben-zu-kombinieren-die-diesen-weichen-subtilen-farbton-ruinieren-koennen\/#breadcrumb"},"inLanguage":"de","potentialAction":[{"@type":"ReadAction","target":["https:\/\/www.strassenweb.de\/nachrichten\/buttergelb-mag-endlos-schick-sein-aber-designer-warnen-es-nicht-mit-diesen-farben-zu-kombinieren-die-diesen-weichen-subtilen-farbton-ruinieren-koennen\/"]}]},{"@type":"ImageObject","inLanguage":"de","@id":"https:\/\/www.strassenweb.de\/nachrichten\/buttergelb-mag-endlos-schick-sein-aber-designer-warnen-es-nicht-mit-diesen-farben-zu-kombinieren-die-diesen-weichen-subtilen-farbton-ruinieren-koennen\/#primaryimage","url":"https:\/\/www.strassenweb.de\/nachrichten\/wp-content\/uploads\/2025\/05\/Nh7Ny2tADcz7J25qnbTwm9.jpg","contentUrl":"https:\/\/www.strassenweb.de\/nachrichten\/wp-content\/uploads\/2025\/05\/Nh7Ny2tADcz7J25qnbTwm9.jpg","width":1600,"height":900,"caption":"modern kitchen worktop with pale yellow wall, white upper cabinets and white backsplash, dark red lower cabinets"},{"@type":"BreadcrumbList","@id":"https:\/\/www.strassenweb.de\/nachrichten\/buttergelb-mag-endlos-schick-sein-aber-designer-warnen-es-nicht-mit-diesen-farben-zu-kombinieren-die-diesen-weichen-subtilen-farbton-ruinieren-koennen\/#breadcrumb","itemListElement":[{"@type":"ListItem","position":1,"name":"Home","item":"https:\/\/www.strassenweb.de\/nachrichten\/"},{"@type":"ListItem","position":2,"name":"Buttergelb mag endlos schick sein &#8211; aber Designer warnen, es nicht mit diesen Farben zu kombinieren, die diesen weichen subtilen Farbton ruinieren k\u00f6nnen"}]},{"@type":"WebSite","@id":"https:\/\/www.strassenweb.de\/nachrichten\/#website","url":"https:\/\/www.strassenweb.de\/nachrichten\/","name":"Stra\u00dfenweb","description":"Stra\u00dfenverzeichnis f\u00fcr Deutschland","publisher":{"@id":"https:\/\/www.strassenweb.de\/nachrichten\/#organization"},"potentialAction":[{"@type":"SearchAction","target":{"@type":"EntryPoint","urlTemplate":"https:\/\/www.strassenweb.de\/nachrichten\/?s={search_term_string}"},"query-input":{"@type":"PropertyValueSpecification","valueRequired":true,"valueName":"search_term_string"}}],"inLanguage":"de"},{"@type":"Organization","@id":"https:\/\/www.strassenweb.de\/nachrichten\/#organization","name":"Stra\u00dfenweb","url":"https:\/\/www.strassenweb.de\/nachrichten\/","logo":{"@type":"ImageObject","inLanguage":"de","@id":"https:\/\/www.strassenweb.de\/nachrichten\/#\/schema\/logo\/image\/","url":"https:\/\/www.strassenweb.de\/nachrichten\/wp-content\/uploads\/2024\/09\/cropped-favicon.png","contentUrl":"https:\/\/www.strassenweb.de\/nachrichten\/wp-content\/uploads\/2024\/09\/cropped-favicon.png","width":512,"height":512,"caption":"Stra\u00dfenweb"},"image":{"@id":"https:\/\/www.strassenweb.de\/nachrichten\/#\/schema\/logo\/image\/"},"sameAs":["https:\/\/www.facebook.com\/strassenweb\/"]},{"@type":"Person","@id":"https:\/\/www.strassenweb.de\/nachrichten\/#\/schema\/person\/87c9c9067f1211da429a744dc5a5aa41","name":"Robert Hoffmann","image":{"@type":"ImageObject","inLanguage":"de","@id":"https:\/\/www.strassenweb.de\/nachrichten\/wp-content\/uploads\/2024\/09\/strassenweb-150x150.jpg","url":"https:\/\/www.strassenweb.de\/nachrichten\/wp-content\/uploads\/2024\/09\/strassenweb-150x150.jpg","contentUrl":"https:\/\/www.strassenweb.de\/nachrichten\/wp-content\/uploads\/2024\/09\/strassenweb-150x150.jpg","caption":"Robert Hoffmann"},"description":"Ich hei\u00dfe Robert Hoffmann und ich bin ein leidenschaftlicher Verfechter von \u00d6kologie und Biodiversit\u00e4t. Seit meiner Kindheit in den W\u00e4ldern Bayerns f\u00fchle ich mich mit der Natur verbunden und bin entschlossen, sie zu sch\u00fctzen. Heute widme ich mein Leben der Sensibilisierung anderer f\u00fcr die Bedeutung des Umweltschutzes f\u00fcr zuk\u00fcnftige Generationen.","sameAs":["https:\/\/www.strassenweb.de\/"]}]}},"_links":{"self":[{"href":"https:\/\/www.strassenweb.de\/nachrichten\/wp-json\/wp\/v2\/posts\/5121","targetHints":{"allow":["GET"]}}],"collection":[{"href":"https:\/\/www.strassenweb.de\/nachrichten\/wp-json\/wp\/v2\/posts"}],"about":[{"href":"https:\/\/www.strassenweb.de\/nachrichten\/wp-json\/wp\/v2\/types\/post"}],"author":[{"embeddable":true,"href":"https:\/\/www.strassenweb.de\/nachrichten\/wp-json\/wp\/v2\/users\/1"}],"replies":[{"embeddable":true,"href":"https:\/\/www.strassenweb.de\/nachrichten\/wp-json\/wp\/v2\/comments?post=5121"}],"version-history":[{"count":0,"href":"https:\/\/www.strassenweb.de\/nachrichten\/wp-json\/wp\/v2\/posts\/5121\/revisions"}],"wp:featuredmedia":[{"embeddable":true,"href":"https:\/\/www.strassenweb.de\/nachrichten\/wp-json\/wp\/v2\/media\/5122"}],"wp:attachment":[{"href":"https:\/\/www.strassenweb.de\/nachrichten\/wp-json\/wp\/v2\/media?parent=5121"}],"wp:term":[{"taxonomy":"category","embeddable":true,"href":"https:\/\/www.strassenweb.de\/nachrichten\/wp-json\/wp\/v2\/categories?post=5121"},{"taxonomy":"post_tag","embeddable":true,"href":"https:\/\/www.strassenweb.de\/nachrichten\/wp-json\/wp\/v2\/tags?post=5121"}],"curies":[{"name":"wp","href":"https:\/\/api.w.org\/{rel}","templated":true}]}}