{"id":509,"date":"2024-10-02T05:00:48","date_gmt":"2024-10-02T03:00:48","guid":{"rendered":"https:\/\/www.strassenweb.de\/nachrichten\/was-tun-mit-rhododendren-und-azaleen-im-herbst-expertentipps-um-ihre-straeucher-auf-die-kaelteren-monate-vorzubereiten\/"},"modified":"2024-10-02T05:00:50","modified_gmt":"2024-10-02T03:00:50","slug":"was-tun-mit-rhododendren-und-azaleen-im-herbst-expertentipps-um-ihre-straeucher-auf-die-kaelteren-monate-vorzubereiten","status":"publish","type":"post","link":"https:\/\/www.strassenweb.de\/nachrichten\/was-tun-mit-rhododendren-und-azaleen-im-herbst-expertentipps-um-ihre-straeucher-auf-die-kaelteren-monate-vorzubereiten\/","title":{"rendered":"Was tun mit Rhododendren und Azaleen im Herbst? Expertentipps, um Ihre Str\u00e4ucher auf die k\u00e4lteren Monate vorzubereiten"},"content":{"rendered":"<p><\/p>\n<div id=\"article-body\" class=\"article__body \">\n<p>Die Gattung Rhododendron ist eine gro\u00dfe Gruppe von \u00fcber 1.000 verschiedenen Arten. Die meisten davon stammen aus Asien, insbesondere aus der Himalaya-Region, aber eine kleine Anzahl w\u00e4chst n\u00e4her an der Heimat. Der pazifische Rhododendron, <em>Rhododendron Macrophyllum<\/em>Sie w\u00e4chst entlang der Westk\u00fcste Nordamerikas und bringt massenhaft Barbie-rosa Bl\u00fcten hervor, die in einer Waldumgebung im Bundesstaat Washington, Oregon oder Kalifornien auffallen.<\/p>\n<div id=\"ad-unit-1\" class=\"ad-unit\"><\/div>\n<p>Welche Art Sie auch immer anbauen, ob es sich um eine einheimische Azalee oder einen Rhododendron aus weit entfernten Berggebieten handelt, es ist wichtig zu wissen, wie Sie Ihre Pflanze im Herbst pflegen. Wie alle Jahreszeiten ist der Herbst eine Zeit gro\u00dfer Ver\u00e4nderungen: milde, milde Tage werden oft in kurzer Zeit heftigen Regenf\u00e4llen und strengen Fr\u00f6sten abgel\u00f6st.<\/p>\n<p>Als ehemaliger professioneller G\u00e4rtner habe ich <u>gewachsene Rhododendren<\/u> und Azaleen in vielen G\u00e4rten in ganz Gro\u00dfbritannien, in denen ich gearbeitet habe. W\u00e4hrend diese beliebten Str\u00e4ucher leicht zu pflegen sind, sorgen ein paar einfache Schritte im Herbst daf\u00fcr, dass Ihre Pflanzen im n\u00e4chsten Jahr reichlich Bl\u00fcten produzieren. Hier teile ich alles, was ich wei\u00df, um das Beste aus Ihren wertvollen Str\u00e4uchern herauszuholen.<\/p>\n<div id=\"desktop-in-article\" class=\"in-article ad-unit\">\n<div id=\"desktop-taboola-mid-article\"><\/div>\n<\/div>\n<div id=\"mobile-in-article\" class=\"in-article ad-unit\">\n<div id=\"mobile-taboola-mid-article\"><\/div>\n<\/div>\n<figure class=\"van-image-figure inline-layout \" data-bordeaux-image-check>\n<div class=\"image-full-width-wrapper\">\n<div class=\"image-widthsetter\" style=\"max-width:2400px;\"><\/div>\n<\/div>\n<\/figure>\n<h2 id=\"what-to-do-with-rhododendrons-and-azaleas-in-the-fall-3\">Was tun mit Rhododendren und Azaleen im Herbst?<\/h2>\n<aside class=\"hawk-nest\" data-render-type=\"fte\" data-skip=\"dealsy\" data-widget-type=\"seasonal\">\n<div class=\"hawk-master-widget-hawk-base-wrapper\"><\/div>\n<\/aside>\n<p>Im Herbst ben\u00f6tigen Rhododendren und Azaleen besondere Pflege, damit sie im folgenden Fr\u00fchling und Sommer gedeihen. Im Oktober und November ist es eine gute Idee, Ihre Rabatten zu mulchen, Ihre Pflanzen zu ordnen und die Bew\u00e4sserung zu \u00fcberwachen. Wenn Sie diese einfachen Schritte befolgen, holen Sie das Beste aus Ihrem heraus <u>bl\u00fchende Str\u00e4ucher<\/u> in den kommenden Jahren.<\/p>\n<div class=\"van_vid_carousel\">\n<div class=\"van_vid_carousel__padding\">\n<div class=\"van_vid_carousel__container\"><\/div>\n<\/div>\n<\/div>\n<h3 class=\"article-body__section\" id=\"section-1-mulch-rhododendron-and-azalea-shrubs\"><span>1. Rhododendron- und Azaleenstr\u00e4ucher mulchen<\/span><\/h3>\n<figure class=\"van-image-figure inline-layout \" data-bordeaux-image-check>\n<div class=\"image-full-width-wrapper\">\n<div class=\"image-widthsetter\" style=\"max-width:2400px;\"><\/div>\n<\/div>\n<\/figure>\n<p>Mulchen im Herbst ist eine gute Idee, da es Ihre Pflanzen in den k\u00e4lteren Monaten des Jahres sch\u00fctzt. Dies ist besonders wichtig in k\u00fchleren US-Winterh\u00e4rtezonen wie Zone 4 oder 5. Dar\u00fcber hinaus hilft das Mulchen, das Unkraut auf ein Minimum zu beschr\u00e4nken, was im Herbst hilfreich ist, wenn das nasse Wetter ideale Wachstumsbedingungen f\u00fcr viele kr\u00e4ftige Unkr\u00e4uter schaffen kann.<\/p>\n<div id=\"ad-unit-2\" class=\"ad-unit\"><\/div>\n<p>Tragen Sie jederzeit im Oktober oder November eine Schicht Mulch um die Basis Ihrer Rhododendren und Azaleen auf, bevor der Winter beginnt. Bio-Produkte wie dieser Kiefernrindenmulch eignen sich hervorragend als Mulch, der das \u00d6kosystem in Ihrem Garten unterst\u00fctzt und die Wurzeln Ihrer Pflanzen isoliert.<\/p>\n<p>Ich schlage vor, rund um den Boden eine dicke, 5 cm dicke Mulchschicht aufzutragen und darauf zu achten, dass der Mulch den Stamm Ihrer Rhododendren oder Azaleen nicht direkt ber\u00fchrt, da dies zu F\u00e4ulnis f\u00fchren kann.<\/p>\n<h3 class=\"article-body__section\" id=\"section-2-lightly-prune-your-rhododendrons-and-azaleas\"><span>2. Schneiden Sie Ihre Rhododendren und Azaleen leicht zur\u00fcck<\/span><\/h3>\n<figure class=\"van-image-figure inline-layout \" data-bordeaux-image-check>\n<div class=\"image-full-width-wrapper\">\n<div class=\"image-widthsetter\" style=\"max-width:2400px;\"><\/div>\n<\/div>\n<\/figure>\n<p>Ein leichter R\u00fcckschnitt von Rhododendren und Azaleen im Herbst sorgt daf\u00fcr, dass sie gesund und in gutem Zustand bleiben. Ich empfehle, alle toten oder kranken \u00c4ste zu entfernen, da diese leicht zu erkennen sein sollten. Diese Zweige haben, wenn \u00fcberhaupt, nur wenige Bl\u00e4tter und sehen oft faul oder geschw\u00e4rzt aus. F\u00fcr dickere \u00c4ste verwenden Sie am besten eine scharfe Asts\u00e4ge, die bei Walmart erh\u00e4ltlich ist, und schneiden Sie sie bis auf einen gesunden Stamm oder Trieb ab.<\/p>\n<p>Ich empfehle au\u00dferdem, die verbl\u00fchten Bl\u00fctenst\u00e4nde zum letzten Mal zu entfernen. Dadurch wird verhindert, dass der Strauch Energie f\u00fcr die Samenproduktion aufwendet, und es wird auch sichergestellt, dass Sie im Fr\u00fchjahr keine Unmengen an S\u00e4mlingen entfernen m\u00fcssen, es sei denn, Sie m\u00f6chten Rhododendronpflanzen in Ihrem Garten vermehren.<\/p>\n<p>Schneiden Sie Azaleen- und Rhododendronstr\u00e4ucher einfach ab, indem Sie alle verblassten Bl\u00fcten oder Samenkapseln mit sauberen und scharfen Werkzeugen wie diesen Felco-Gartenscheren, die bei Amazon erh\u00e4ltlich sind, bis zum Stiel abschneiden.<\/p>\n<h3 class=\"article-body__section\" id=\"section-3-water-rhododendron-and-azalea-shrubs-deeply\"><span>3. Rhododendron- und Azaleenstr\u00e4ucher tief gie\u00dfen<\/span><\/h3>\n<figure class=\"van-image-figure inline-layout \" data-bordeaux-image-check>\n<div class=\"image-full-width-wrapper\">\n<div class=\"image-widthsetter\" style=\"max-width:2400px;\"><\/div>\n<\/div>\n<\/figure>\n<p>\u00c4hnlich wie die Pflege von Rhododendren und Azaleen im Sommer ist die Bew\u00e4sserung dieser Waldstr\u00e4ucher im Herbst von entscheidender Bedeutung. Obwohl sie nicht \u00fcberm\u00e4\u00dfig viel Wasser ben\u00f6tigen, ist es eine gute Idee, daf\u00fcr zu sorgen, dass der Boden feucht ist, bevor der Winter einsetzt.<\/p>\n<p>\u201eRhododendren und Azaleen sind typischerweise Waldpflanzen\u201c, sagt Kathy Jentz, Azaleenexpertin und Herausgeberin von The Azalean, \u201edas hei\u00dft, sie gedeihen in feuchten B\u00f6den.\u201c Aus diesem Grund stellt eine zus\u00e4tzliche Bew\u00e4sserung vom Sp\u00e4tsommer bis zum Fr\u00fchherbst sicher, dass Ihre Pflanzen f\u00fcr die kommenden dunklen, kalten Monate alles haben, was sie brauchen.<\/p>\n<p>\u201eEs ist am besten, den Ansatz einer tiefen Bew\u00e4sserung zu befolgen\u201c, r\u00e4t Kathy, \u201ewobei seltene, aber gr\u00fcndliche Bew\u00e4sserungen kleineren Mengen weitaus vorzuziehen sind.\u201c<\/p>\n<p>Der Herbst kann eine unglaublich wechselhafte Jahreszeit sein. Perioden mit warmem und trockenem Wetter machen das Gie\u00dfen zu einer wichtigen Aufgabe, die Sie auf Ihre Herbst-Gartencheckliste setzen sollten. Die Wassermenge variiert je nach Boden und Wetter, ich w\u00fcrde jedoch immer empfehlen, mindestens zwei oder mehr Dosen zu verwenden, um die Wurzeln weit unter der Erde zu erreichen. Der Kauf einer qualitativ hochwertigen Gie\u00dfkanne ist eine langfristige Investition, die ich nur w\u00e4rmstens empfehlen kann, wie zum Beispiel diese Gie\u00dfkanne aus verzinktem Stahl, die bei Amazon erh\u00e4ltlich ist.<\/p>\n<h3 class=\"article-body__section\" id=\"section-faqs\"><span>FAQs<\/span><\/h3>\n<h2 id=\"what-is-eating-the-lower-leaves-of-my-azalea-3\">Was frisst die unteren Bl\u00e4tter meiner Azalee? <\/h2>\n<p>Wenn der Blattschaden auf die unteren Bl\u00e4tter Ihrer Rhododendron- oder Azaleenpflanze beschr\u00e4nkt ist, ist er oft auf hungrige Rehe zur\u00fcckzuf\u00fchren, die durch Ihren Garten streifen. Wenn Sie einen gro\u00dfen Strauch haben, stellt dies normalerweise kein Problem dar, da dieser nicht in der Lage ist, das obere Bl\u00e4tterdach zu erreichen. Bei kleineren Str\u00e4uchern ist es jedoch eine gute Idee, diese Sch\u00e4dlinge abzuwehren, indem Sie beispielsweise diese Bio-Pfefferminz-Abwehrkugeln von Amazon verwenden.<\/p>\n<hr>\n<p>Eine letzte Warnung ist, dass Sie Ihre Rhododendren oder Azaleen im Herbst niemals f\u00fcttern sollten. Dies ist ein h\u00e4ufiger Fehler beim D\u00fcngen, sollte jedoch unbedingt vermieden werden. \u201eEine D\u00fcngung im Herbst kann Ihre Pflanze dazu anregen, neues Wachstum zu produzieren, das dann im Winter abget\u00f6tet wird\u201c, sagt Kathy. \u201eAm besten \u00fcberl\u00e4sst man die D\u00fcngung dem Fr\u00fchling.\u201c<\/p>\n<\/div>\n","protected":false},"excerpt":{"rendered":"<p>Die Gattung Rhododendron ist eine gro\u00dfe Gruppe von \u00fcber 1.000 verschiedenen Arten. Die meisten davon stammen aus Asien, insbesondere aus der Himalaya-Region, aber eine kleine<\/p>\n","protected":false},"author":1,"featured_media":510,"comment_status":"closed","ping_status":"","sticky":false,"template":"","format":"standard","meta":{"footnotes":""},"categories":[118],"tags":[46,1007,9,416,203,225,1009,146,1010,1006,1008,553,37,1011],"class_list":["post-509","post","type-post","status-publish","format-standard","has-post-thumbnail","hentry","category-haus-garten","tag-auf","tag-azaleen","tag-die","tag-expertentipps","tag-herbst","tag-ihre","tag-kaelteren","tag-mit","tag-monate","tag-rhododendren","tag-straeucher","tag-tun","tag-und","tag-vorzubereiten","generate-columns","tablet-grid-50","mobile-grid-100","grid-parent","grid-50"],"yoast_head":"<!-- This site is optimized with the Yoast SEO plugin v27.3 - https:\/\/yoast.com\/product\/yoast-seo-wordpress\/ -->\n<title>Was tun mit Rhododendren und Azaleen im Herbst? Expertentipps, um Ihre Str\u00e4ucher auf die k\u00e4lteren Monate vorzubereiten - Nachrichten - Stra\u00dfenweb<\/title>\n<meta name=\"robots\" content=\"index, follow, max-snippet:-1, max-image-preview:large, max-video-preview:-1\" \/>\n<link rel=\"canonical\" href=\"https:\/\/www.strassenweb.de\/nachrichten\/was-tun-mit-rhododendren-und-azaleen-im-herbst-expertentipps-um-ihre-straeucher-auf-die-kaelteren-monate-vorzubereiten\/\" \/>\n<meta property=\"og:locale\" content=\"de_DE\" \/>\n<meta property=\"og:type\" content=\"article\" \/>\n<meta property=\"og:title\" content=\"Was tun mit Rhododendren und Azaleen im Herbst? Expertentipps, um Ihre Str\u00e4ucher auf die k\u00e4lteren Monate vorzubereiten - Nachrichten - Stra\u00dfenweb\" \/>\n<meta property=\"og:description\" content=\"Die Gattung Rhododendron ist eine gro\u00dfe Gruppe von \u00fcber 1.000 verschiedenen Arten. Die meisten davon stammen aus Asien, insbesondere aus der Himalaya-Region, aber eine kleine\" \/>\n<meta property=\"og:url\" content=\"https:\/\/www.strassenweb.de\/nachrichten\/was-tun-mit-rhododendren-und-azaleen-im-herbst-expertentipps-um-ihre-straeucher-auf-die-kaelteren-monate-vorzubereiten\/\" \/>\n<meta property=\"og:site_name\" content=\"Stra\u00dfenweb\" \/>\n<meta property=\"article:publisher\" content=\"https:\/\/www.facebook.com\/strassenweb\/\" \/>\n<meta property=\"article:published_time\" content=\"2024-10-02T03:00:48+00:00\" \/>\n<meta property=\"article:modified_time\" content=\"2024-10-02T03:00:50+00:00\" \/>\n<meta property=\"og:image\" content=\"https:\/\/www.strassenweb.de\/nachrichten\/wp-content\/uploads\/2024\/10\/Was-tun-mit-Rhododendren-und-Azaleen-im-Herbst-Expertentipps-um.jpg\" \/>\n\t<meta property=\"og:image:width\" content=\"1200\" \/>\n\t<meta property=\"og:image:height\" content=\"675\" \/>\n\t<meta property=\"og:image:type\" content=\"image\/jpeg\" \/>\n<meta name=\"author\" content=\"Robert Hoffmann\" \/>\n<meta name=\"twitter:card\" content=\"summary_large_image\" \/>\n<meta name=\"twitter:label1\" content=\"Verfasst von\" \/>\n\t<meta name=\"twitter:data1\" content=\"Robert Hoffmann\" \/>\n\t<meta name=\"twitter:label2\" content=\"Gesch\u00e4tzte Lesezeit\" \/>\n\t<meta name=\"twitter:data2\" content=\"5\u00a0Minuten\" \/>\n<script type=\"application\/ld+json\" class=\"yoast-schema-graph\">{\"@context\":\"https:\\\/\\\/schema.org\",\"@graph\":[{\"@type\":\"Article\",\"@id\":\"https:\\\/\\\/www.strassenweb.de\\\/nachrichten\\\/was-tun-mit-rhododendren-und-azaleen-im-herbst-expertentipps-um-ihre-straeucher-auf-die-kaelteren-monate-vorzubereiten\\\/#article\",\"isPartOf\":{\"@id\":\"https:\\\/\\\/www.strassenweb.de\\\/nachrichten\\\/was-tun-mit-rhododendren-und-azaleen-im-herbst-expertentipps-um-ihre-straeucher-auf-die-kaelteren-monate-vorzubereiten\\\/\"},\"author\":{\"name\":\"Robert Hoffmann\",\"@id\":\"https:\\\/\\\/www.strassenweb.de\\\/nachrichten\\\/#\\\/schema\\\/person\\\/87c9c9067f1211da429a744dc5a5aa41\"},\"headline\":\"Was tun mit Rhododendren und Azaleen im Herbst? Expertentipps, um Ihre Str\u00e4ucher auf die k\u00e4lteren Monate vorzubereiten\",\"datePublished\":\"2024-10-02T03:00:48+00:00\",\"dateModified\":\"2024-10-02T03:00:50+00:00\",\"mainEntityOfPage\":{\"@id\":\"https:\\\/\\\/www.strassenweb.de\\\/nachrichten\\\/was-tun-mit-rhododendren-und-azaleen-im-herbst-expertentipps-um-ihre-straeucher-auf-die-kaelteren-monate-vorzubereiten\\\/\"},\"wordCount\":1002,\"publisher\":{\"@id\":\"https:\\\/\\\/www.strassenweb.de\\\/nachrichten\\\/#organization\"},\"image\":{\"@id\":\"https:\\\/\\\/www.strassenweb.de\\\/nachrichten\\\/was-tun-mit-rhododendren-und-azaleen-im-herbst-expertentipps-um-ihre-straeucher-auf-die-kaelteren-monate-vorzubereiten\\\/#primaryimage\"},\"thumbnailUrl\":\"https:\\\/\\\/www.strassenweb.de\\\/nachrichten\\\/wp-content\\\/uploads\\\/2024\\\/10\\\/Was-tun-mit-Rhododendren-und-Azaleen-im-Herbst-Expertentipps-um.jpg\",\"keywords\":[\"auf\",\"Azaleen\",\"die\",\"Expertentipps\",\"Herbst\",\"ihre\",\"k\u00e4lteren\",\"mit\",\"Monate\",\"Rhododendren\",\"Str\u00e4ucher\",\"tun\",\"und\",\"vorzubereiten\"],\"articleSection\":[\"Haus &amp; Garten\"],\"inLanguage\":\"de\"},{\"@type\":\"WebPage\",\"@id\":\"https:\\\/\\\/www.strassenweb.de\\\/nachrichten\\\/was-tun-mit-rhododendren-und-azaleen-im-herbst-expertentipps-um-ihre-straeucher-auf-die-kaelteren-monate-vorzubereiten\\\/\",\"url\":\"https:\\\/\\\/www.strassenweb.de\\\/nachrichten\\\/was-tun-mit-rhododendren-und-azaleen-im-herbst-expertentipps-um-ihre-straeucher-auf-die-kaelteren-monate-vorzubereiten\\\/\",\"name\":\"Was tun mit Rhododendren und Azaleen im Herbst? Expertentipps, um Ihre Str\u00e4ucher auf die k\u00e4lteren Monate vorzubereiten - Nachrichten - Stra\u00dfenweb\",\"isPartOf\":{\"@id\":\"https:\\\/\\\/www.strassenweb.de\\\/nachrichten\\\/#website\"},\"primaryImageOfPage\":{\"@id\":\"https:\\\/\\\/www.strassenweb.de\\\/nachrichten\\\/was-tun-mit-rhododendren-und-azaleen-im-herbst-expertentipps-um-ihre-straeucher-auf-die-kaelteren-monate-vorzubereiten\\\/#primaryimage\"},\"image\":{\"@id\":\"https:\\\/\\\/www.strassenweb.de\\\/nachrichten\\\/was-tun-mit-rhododendren-und-azaleen-im-herbst-expertentipps-um-ihre-straeucher-auf-die-kaelteren-monate-vorzubereiten\\\/#primaryimage\"},\"thumbnailUrl\":\"https:\\\/\\\/www.strassenweb.de\\\/nachrichten\\\/wp-content\\\/uploads\\\/2024\\\/10\\\/Was-tun-mit-Rhododendren-und-Azaleen-im-Herbst-Expertentipps-um.jpg\",\"datePublished\":\"2024-10-02T03:00:48+00:00\",\"dateModified\":\"2024-10-02T03:00:50+00:00\",\"breadcrumb\":{\"@id\":\"https:\\\/\\\/www.strassenweb.de\\\/nachrichten\\\/was-tun-mit-rhododendren-und-azaleen-im-herbst-expertentipps-um-ihre-straeucher-auf-die-kaelteren-monate-vorzubereiten\\\/#breadcrumb\"},\"inLanguage\":\"de\",\"potentialAction\":[{\"@type\":\"ReadAction\",\"target\":[\"https:\\\/\\\/www.strassenweb.de\\\/nachrichten\\\/was-tun-mit-rhododendren-und-azaleen-im-herbst-expertentipps-um-ihre-straeucher-auf-die-kaelteren-monate-vorzubereiten\\\/\"]}]},{\"@type\":\"ImageObject\",\"inLanguage\":\"de\",\"@id\":\"https:\\\/\\\/www.strassenweb.de\\\/nachrichten\\\/was-tun-mit-rhododendren-und-azaleen-im-herbst-expertentipps-um-ihre-straeucher-auf-die-kaelteren-monate-vorzubereiten\\\/#primaryimage\",\"url\":\"https:\\\/\\\/www.strassenweb.de\\\/nachrichten\\\/wp-content\\\/uploads\\\/2024\\\/10\\\/Was-tun-mit-Rhododendren-und-Azaleen-im-Herbst-Expertentipps-um.jpg\",\"contentUrl\":\"https:\\\/\\\/www.strassenweb.de\\\/nachrichten\\\/wp-content\\\/uploads\\\/2024\\\/10\\\/Was-tun-mit-Rhododendren-und-Azaleen-im-Herbst-Expertentipps-um.jpg\",\"width\":1200,\"height\":675,\"caption\":\"Was tun mit Rhododendren und Azaleen im Herbst? Expertentipps, um Ihre Str\u00e4ucher auf die k\u00e4lteren Monate vorzubereiten\"},{\"@type\":\"BreadcrumbList\",\"@id\":\"https:\\\/\\\/www.strassenweb.de\\\/nachrichten\\\/was-tun-mit-rhododendren-und-azaleen-im-herbst-expertentipps-um-ihre-straeucher-auf-die-kaelteren-monate-vorzubereiten\\\/#breadcrumb\",\"itemListElement\":[{\"@type\":\"ListItem\",\"position\":1,\"name\":\"Home\",\"item\":\"https:\\\/\\\/www.strassenweb.de\\\/nachrichten\\\/\"},{\"@type\":\"ListItem\",\"position\":2,\"name\":\"Was tun mit Rhododendren und Azaleen im Herbst? Expertentipps, um Ihre Str\u00e4ucher auf die k\u00e4lteren Monate vorzubereiten\"}]},{\"@type\":\"WebSite\",\"@id\":\"https:\\\/\\\/www.strassenweb.de\\\/nachrichten\\\/#website\",\"url\":\"https:\\\/\\\/www.strassenweb.de\\\/nachrichten\\\/\",\"name\":\"Stra\u00dfenweb\",\"description\":\"Stra\u00dfenverzeichnis f\u00fcr Deutschland\",\"publisher\":{\"@id\":\"https:\\\/\\\/www.strassenweb.de\\\/nachrichten\\\/#organization\"},\"potentialAction\":[{\"@type\":\"SearchAction\",\"target\":{\"@type\":\"EntryPoint\",\"urlTemplate\":\"https:\\\/\\\/www.strassenweb.de\\\/nachrichten\\\/?s={search_term_string}\"},\"query-input\":{\"@type\":\"PropertyValueSpecification\",\"valueRequired\":true,\"valueName\":\"search_term_string\"}}],\"inLanguage\":\"de\"},{\"@type\":\"Organization\",\"@id\":\"https:\\\/\\\/www.strassenweb.de\\\/nachrichten\\\/#organization\",\"name\":\"Stra\u00dfenweb\",\"url\":\"https:\\\/\\\/www.strassenweb.de\\\/nachrichten\\\/\",\"logo\":{\"@type\":\"ImageObject\",\"inLanguage\":\"de\",\"@id\":\"https:\\\/\\\/www.strassenweb.de\\\/nachrichten\\\/#\\\/schema\\\/logo\\\/image\\\/\",\"url\":\"https:\\\/\\\/www.strassenweb.de\\\/nachrichten\\\/wp-content\\\/uploads\\\/2024\\\/09\\\/cropped-favicon.png\",\"contentUrl\":\"https:\\\/\\\/www.strassenweb.de\\\/nachrichten\\\/wp-content\\\/uploads\\\/2024\\\/09\\\/cropped-favicon.png\",\"width\":512,\"height\":512,\"caption\":\"Stra\u00dfenweb\"},\"image\":{\"@id\":\"https:\\\/\\\/www.strassenweb.de\\\/nachrichten\\\/#\\\/schema\\\/logo\\\/image\\\/\"},\"sameAs\":[\"https:\\\/\\\/www.facebook.com\\\/strassenweb\\\/\"]},{\"@type\":\"Person\",\"@id\":\"https:\\\/\\\/www.strassenweb.de\\\/nachrichten\\\/#\\\/schema\\\/person\\\/87c9c9067f1211da429a744dc5a5aa41\",\"name\":\"Robert Hoffmann\",\"image\":{\"@type\":\"ImageObject\",\"inLanguage\":\"de\",\"@id\":\"https:\\\/\\\/www.strassenweb.de\\\/nachrichten\\\/wp-content\\\/uploads\\\/2024\\\/09\\\/strassenweb-150x150.jpg\",\"url\":\"https:\\\/\\\/www.strassenweb.de\\\/nachrichten\\\/wp-content\\\/uploads\\\/2024\\\/09\\\/strassenweb-150x150.jpg\",\"contentUrl\":\"https:\\\/\\\/www.strassenweb.de\\\/nachrichten\\\/wp-content\\\/uploads\\\/2024\\\/09\\\/strassenweb-150x150.jpg\",\"caption\":\"Robert Hoffmann\"},\"description\":\"Ich hei\u00dfe Robert Hoffmann und ich bin ein leidenschaftlicher Verfechter von \u00d6kologie und Biodiversit\u00e4t. Seit meiner Kindheit in den W\u00e4ldern Bayerns f\u00fchle ich mich mit der Natur verbunden und bin entschlossen, sie zu sch\u00fctzen. Heute widme ich mein Leben der Sensibilisierung anderer f\u00fcr die Bedeutung des Umweltschutzes f\u00fcr zuk\u00fcnftige Generationen.\",\"sameAs\":[\"https:\\\/\\\/www.strassenweb.de\\\/\"]}]}<\/script>\n<!-- \/ Yoast SEO plugin. -->","yoast_head_json":{"title":"Was tun mit Rhododendren und Azaleen im Herbst? Expertentipps, um Ihre Str\u00e4ucher auf die k\u00e4lteren Monate vorzubereiten - Nachrichten - Stra\u00dfenweb","robots":{"index":"index","follow":"follow","max-snippet":"max-snippet:-1","max-image-preview":"max-image-preview:large","max-video-preview":"max-video-preview:-1"},"canonical":"https:\/\/www.strassenweb.de\/nachrichten\/was-tun-mit-rhododendren-und-azaleen-im-herbst-expertentipps-um-ihre-straeucher-auf-die-kaelteren-monate-vorzubereiten\/","og_locale":"de_DE","og_type":"article","og_title":"Was tun mit Rhododendren und Azaleen im Herbst? Expertentipps, um Ihre Str\u00e4ucher auf die k\u00e4lteren Monate vorzubereiten - Nachrichten - Stra\u00dfenweb","og_description":"Die Gattung Rhododendron ist eine gro\u00dfe Gruppe von \u00fcber 1.000 verschiedenen Arten. Die meisten davon stammen aus Asien, insbesondere aus der Himalaya-Region, aber eine kleine","og_url":"https:\/\/www.strassenweb.de\/nachrichten\/was-tun-mit-rhododendren-und-azaleen-im-herbst-expertentipps-um-ihre-straeucher-auf-die-kaelteren-monate-vorzubereiten\/","og_site_name":"Stra\u00dfenweb","article_publisher":"https:\/\/www.facebook.com\/strassenweb\/","article_published_time":"2024-10-02T03:00:48+00:00","article_modified_time":"2024-10-02T03:00:50+00:00","og_image":[{"width":1200,"height":675,"url":"https:\/\/www.strassenweb.de\/nachrichten\/wp-content\/uploads\/2024\/10\/Was-tun-mit-Rhododendren-und-Azaleen-im-Herbst-Expertentipps-um.jpg","type":"image\/jpeg"}],"author":"Robert Hoffmann","twitter_card":"summary_large_image","twitter_misc":{"Verfasst von":"Robert Hoffmann","Gesch\u00e4tzte Lesezeit":"5\u00a0Minuten"},"schema":{"@context":"https:\/\/schema.org","@graph":[{"@type":"Article","@id":"https:\/\/www.strassenweb.de\/nachrichten\/was-tun-mit-rhododendren-und-azaleen-im-herbst-expertentipps-um-ihre-straeucher-auf-die-kaelteren-monate-vorzubereiten\/#article","isPartOf":{"@id":"https:\/\/www.strassenweb.de\/nachrichten\/was-tun-mit-rhododendren-und-azaleen-im-herbst-expertentipps-um-ihre-straeucher-auf-die-kaelteren-monate-vorzubereiten\/"},"author":{"name":"Robert Hoffmann","@id":"https:\/\/www.strassenweb.de\/nachrichten\/#\/schema\/person\/87c9c9067f1211da429a744dc5a5aa41"},"headline":"Was tun mit Rhododendren und Azaleen im Herbst? Expertentipps, um Ihre Str\u00e4ucher auf die k\u00e4lteren Monate vorzubereiten","datePublished":"2024-10-02T03:00:48+00:00","dateModified":"2024-10-02T03:00:50+00:00","mainEntityOfPage":{"@id":"https:\/\/www.strassenweb.de\/nachrichten\/was-tun-mit-rhododendren-und-azaleen-im-herbst-expertentipps-um-ihre-straeucher-auf-die-kaelteren-monate-vorzubereiten\/"},"wordCount":1002,"publisher":{"@id":"https:\/\/www.strassenweb.de\/nachrichten\/#organization"},"image":{"@id":"https:\/\/www.strassenweb.de\/nachrichten\/was-tun-mit-rhododendren-und-azaleen-im-herbst-expertentipps-um-ihre-straeucher-auf-die-kaelteren-monate-vorzubereiten\/#primaryimage"},"thumbnailUrl":"https:\/\/www.strassenweb.de\/nachrichten\/wp-content\/uploads\/2024\/10\/Was-tun-mit-Rhododendren-und-Azaleen-im-Herbst-Expertentipps-um.jpg","keywords":["auf","Azaleen","die","Expertentipps","Herbst","ihre","k\u00e4lteren","mit","Monate","Rhododendren","Str\u00e4ucher","tun","und","vorzubereiten"],"articleSection":["Haus &amp; Garten"],"inLanguage":"de"},{"@type":"WebPage","@id":"https:\/\/www.strassenweb.de\/nachrichten\/was-tun-mit-rhododendren-und-azaleen-im-herbst-expertentipps-um-ihre-straeucher-auf-die-kaelteren-monate-vorzubereiten\/","url":"https:\/\/www.strassenweb.de\/nachrichten\/was-tun-mit-rhododendren-und-azaleen-im-herbst-expertentipps-um-ihre-straeucher-auf-die-kaelteren-monate-vorzubereiten\/","name":"Was tun mit Rhododendren und Azaleen im Herbst? Expertentipps, um Ihre Str\u00e4ucher auf die k\u00e4lteren Monate vorzubereiten - Nachrichten - Stra\u00dfenweb","isPartOf":{"@id":"https:\/\/www.strassenweb.de\/nachrichten\/#website"},"primaryImageOfPage":{"@id":"https:\/\/www.strassenweb.de\/nachrichten\/was-tun-mit-rhododendren-und-azaleen-im-herbst-expertentipps-um-ihre-straeucher-auf-die-kaelteren-monate-vorzubereiten\/#primaryimage"},"image":{"@id":"https:\/\/www.strassenweb.de\/nachrichten\/was-tun-mit-rhododendren-und-azaleen-im-herbst-expertentipps-um-ihre-straeucher-auf-die-kaelteren-monate-vorzubereiten\/#primaryimage"},"thumbnailUrl":"https:\/\/www.strassenweb.de\/nachrichten\/wp-content\/uploads\/2024\/10\/Was-tun-mit-Rhododendren-und-Azaleen-im-Herbst-Expertentipps-um.jpg","datePublished":"2024-10-02T03:00:48+00:00","dateModified":"2024-10-02T03:00:50+00:00","breadcrumb":{"@id":"https:\/\/www.strassenweb.de\/nachrichten\/was-tun-mit-rhododendren-und-azaleen-im-herbst-expertentipps-um-ihre-straeucher-auf-die-kaelteren-monate-vorzubereiten\/#breadcrumb"},"inLanguage":"de","potentialAction":[{"@type":"ReadAction","target":["https:\/\/www.strassenweb.de\/nachrichten\/was-tun-mit-rhododendren-und-azaleen-im-herbst-expertentipps-um-ihre-straeucher-auf-die-kaelteren-monate-vorzubereiten\/"]}]},{"@type":"ImageObject","inLanguage":"de","@id":"https:\/\/www.strassenweb.de\/nachrichten\/was-tun-mit-rhododendren-und-azaleen-im-herbst-expertentipps-um-ihre-straeucher-auf-die-kaelteren-monate-vorzubereiten\/#primaryimage","url":"https:\/\/www.strassenweb.de\/nachrichten\/wp-content\/uploads\/2024\/10\/Was-tun-mit-Rhododendren-und-Azaleen-im-Herbst-Expertentipps-um.jpg","contentUrl":"https:\/\/www.strassenweb.de\/nachrichten\/wp-content\/uploads\/2024\/10\/Was-tun-mit-Rhododendren-und-Azaleen-im-Herbst-Expertentipps-um.jpg","width":1200,"height":675,"caption":"Was tun mit Rhododendren und Azaleen im Herbst? Expertentipps, um Ihre Str\u00e4ucher auf die k\u00e4lteren Monate vorzubereiten"},{"@type":"BreadcrumbList","@id":"https:\/\/www.strassenweb.de\/nachrichten\/was-tun-mit-rhododendren-und-azaleen-im-herbst-expertentipps-um-ihre-straeucher-auf-die-kaelteren-monate-vorzubereiten\/#breadcrumb","itemListElement":[{"@type":"ListItem","position":1,"name":"Home","item":"https:\/\/www.strassenweb.de\/nachrichten\/"},{"@type":"ListItem","position":2,"name":"Was tun mit Rhododendren und Azaleen im Herbst? Expertentipps, um Ihre Str\u00e4ucher auf die k\u00e4lteren Monate vorzubereiten"}]},{"@type":"WebSite","@id":"https:\/\/www.strassenweb.de\/nachrichten\/#website","url":"https:\/\/www.strassenweb.de\/nachrichten\/","name":"Stra\u00dfenweb","description":"Stra\u00dfenverzeichnis f\u00fcr Deutschland","publisher":{"@id":"https:\/\/www.strassenweb.de\/nachrichten\/#organization"},"potentialAction":[{"@type":"SearchAction","target":{"@type":"EntryPoint","urlTemplate":"https:\/\/www.strassenweb.de\/nachrichten\/?s={search_term_string}"},"query-input":{"@type":"PropertyValueSpecification","valueRequired":true,"valueName":"search_term_string"}}],"inLanguage":"de"},{"@type":"Organization","@id":"https:\/\/www.strassenweb.de\/nachrichten\/#organization","name":"Stra\u00dfenweb","url":"https:\/\/www.strassenweb.de\/nachrichten\/","logo":{"@type":"ImageObject","inLanguage":"de","@id":"https:\/\/www.strassenweb.de\/nachrichten\/#\/schema\/logo\/image\/","url":"https:\/\/www.strassenweb.de\/nachrichten\/wp-content\/uploads\/2024\/09\/cropped-favicon.png","contentUrl":"https:\/\/www.strassenweb.de\/nachrichten\/wp-content\/uploads\/2024\/09\/cropped-favicon.png","width":512,"height":512,"caption":"Stra\u00dfenweb"},"image":{"@id":"https:\/\/www.strassenweb.de\/nachrichten\/#\/schema\/logo\/image\/"},"sameAs":["https:\/\/www.facebook.com\/strassenweb\/"]},{"@type":"Person","@id":"https:\/\/www.strassenweb.de\/nachrichten\/#\/schema\/person\/87c9c9067f1211da429a744dc5a5aa41","name":"Robert Hoffmann","image":{"@type":"ImageObject","inLanguage":"de","@id":"https:\/\/www.strassenweb.de\/nachrichten\/wp-content\/uploads\/2024\/09\/strassenweb-150x150.jpg","url":"https:\/\/www.strassenweb.de\/nachrichten\/wp-content\/uploads\/2024\/09\/strassenweb-150x150.jpg","contentUrl":"https:\/\/www.strassenweb.de\/nachrichten\/wp-content\/uploads\/2024\/09\/strassenweb-150x150.jpg","caption":"Robert Hoffmann"},"description":"Ich hei\u00dfe Robert Hoffmann und ich bin ein leidenschaftlicher Verfechter von \u00d6kologie und Biodiversit\u00e4t. Seit meiner Kindheit in den W\u00e4ldern Bayerns f\u00fchle ich mich mit der Natur verbunden und bin entschlossen, sie zu sch\u00fctzen. Heute widme ich mein Leben der Sensibilisierung anderer f\u00fcr die Bedeutung des Umweltschutzes f\u00fcr zuk\u00fcnftige Generationen.","sameAs":["https:\/\/www.strassenweb.de\/"]}]}},"_links":{"self":[{"href":"https:\/\/www.strassenweb.de\/nachrichten\/wp-json\/wp\/v2\/posts\/509","targetHints":{"allow":["GET"]}}],"collection":[{"href":"https:\/\/www.strassenweb.de\/nachrichten\/wp-json\/wp\/v2\/posts"}],"about":[{"href":"https:\/\/www.strassenweb.de\/nachrichten\/wp-json\/wp\/v2\/types\/post"}],"author":[{"embeddable":true,"href":"https:\/\/www.strassenweb.de\/nachrichten\/wp-json\/wp\/v2\/users\/1"}],"replies":[{"embeddable":true,"href":"https:\/\/www.strassenweb.de\/nachrichten\/wp-json\/wp\/v2\/comments?post=509"}],"version-history":[{"count":0,"href":"https:\/\/www.strassenweb.de\/nachrichten\/wp-json\/wp\/v2\/posts\/509\/revisions"}],"wp:featuredmedia":[{"embeddable":true,"href":"https:\/\/www.strassenweb.de\/nachrichten\/wp-json\/wp\/v2\/media\/510"}],"wp:attachment":[{"href":"https:\/\/www.strassenweb.de\/nachrichten\/wp-json\/wp\/v2\/media?parent=509"}],"wp:term":[{"taxonomy":"category","embeddable":true,"href":"https:\/\/www.strassenweb.de\/nachrichten\/wp-json\/wp\/v2\/categories?post=509"},{"taxonomy":"post_tag","embeddable":true,"href":"https:\/\/www.strassenweb.de\/nachrichten\/wp-json\/wp\/v2\/tags?post=509"}],"curies":[{"name":"wp","href":"https:\/\/api.w.org\/{rel}","templated":true}]}}