{"id":5076,"date":"2025-05-15T12:40:07","date_gmt":"2025-05-15T10:40:07","guid":{"rendered":"https:\/\/www.strassenweb.de\/nachrichten\/die-neue-serie-von-joanna-gaines-konzentriert\/"},"modified":"2025-05-15T12:40:09","modified_gmt":"2025-05-15T10:40:09","slug":"die-neue-serie-von-joanna-gaines-konzentriert","status":"publish","type":"post","link":"https:\/\/www.strassenweb.de\/nachrichten\/die-neue-serie-von-joanna-gaines-konzentriert\/","title":{"rendered":"Die neue Serie von Joanna Gaines konzentriert"},"content":{"rendered":"<p><\/p>\n<div id=\"article-body\" class=\"article__body \">\n<p>Joanna Gaines &#8217;neue Serie&#8216; Mini Reni &#8218;ist die Renovierungsserie, auf die ich gewartet habe. Nat\u00fcrlich ist Joanna f\u00fcr ihre gro\u00df angelegten Total-Darm-Renovierungsprojekte bekannt, und ich liebe es, diese zu verfolgen, aber diese neue Serie f\u00fchlte sich n\u00e4her an der Heimat, zuverst\u00e4ndlicher und erreichbarer. Und das ist der springende Punkt.<\/p>\n<div id=\"ad-unit-1\" class=\"ad-unit\"><\/div>\n<p>Im Trailer f\u00fcr die neue Show er\u00f6ffnet Joanna mit den Worten: \u201eWas ich meinen Kunden immer gerne erz\u00e4hle, ist, wie sich Ihr Zuhause entwickelt und sich die Geschichte Ihrer Familie entwickelt, m\u00f6chten Sie diese R\u00e4ume f\u00fcr Sie funktionieren lassen. Die Idee von Mini Reni ist, dass ich hier etwas mehr Freiheit versp\u00fcren kann, neue Ideen auszuprobieren und mit diesen frisch fertigen R\u00e4umen zu enden, die keine monatelangen Arbeiten erforderten. &#8218;<\/p>\n<aside data-block-type=\"embed\" data-render-type=\"fte\" data-skip=\"dealsy\" data-widget-type=\"seasonal\" class=\"hawk-base\"><\/aside>\n<p>Die Pr\u00e4misse der Show, die letzte Nacht uraufgef\u00fchrt wurde, besteht darin, nicht alles herauszurei\u00dfen und von vorne zu beginnen. Es soll mit dem arbeiten, was Sie haben, kreativ werden und nicht zu viel ausgeben. Und ich denke, das ist etwas, mit dem sich so viele von uns beziehen k\u00f6nnen.<\/p>\n<div id=\"desktop-in-article\" class=\"in-article ad-unit\">\n<div id=\"desktop-taboola-mid-article\"><\/div>\n<\/div>\n<div id=\"mobile-in-article\" class=\"in-article ad-unit\">\n<div id=\"mobile-taboola-mid-article\"><\/div>\n<\/div>\n<div class=\"van_vid_carousel\">\n<div class=\"van_vid_carousel__padding\">\n<div class=\"van_vid_carousel__container\"><\/div>\n<\/div>\n<\/div>\n<aside data-component-name=\"Recirculation:ArticleRiver\" data-nosnippet>\n<span class=\"bg-secondary-500 text-white text-lg font-bold uppercase py-1 px-2 leading-(1.625rem) sm:leading-(6px) sm:text-sm\"><\/p>\n<p>Sie m\u00f6gen m\u00f6gen<br \/>\n<\/span><\/p>\n<ul class=\"flex flex-col my-2 list-outside ms-5 bg-none\" data-analytics-id=\"more-about-inline\">\n<li class=\"m-0 mb-2\" name=\"more-about-inline\" data-analytics-id=\"more-about-inline-0\">\n<p>Joanna Gaines &#8218;Hillcrest Cottage ist eine Lektion, um das Beste aus einem kleinen Raum herauszuholen &#8211; machen Sie eine Tour, um zu sehen, wie sie ihren legend\u00e4ren Stil in dieses winzige Mietobjekt bringt<\/p>\n<\/li>\n<li class=\"m-0 mb-2\" name=\"more-about-inline\" data-analytics-id=\"more-about-inline-1\">\n<p>Joanna Gaines &#8218;Sommermagnolia -Kollektion f\u00e4ngt den Geist des Sommers mit h\u00fcbschen Blumen und nostalgischem Charme ein &#8211; hier ist alles, was ich zuerst einkaufe<\/p>\n<\/li>\n<li class=\"m-0 mb-2\" name=\"more-about-inline\" data-analytics-id=\"more-about-inline-2\">\n<p>Joanna Gaines &#8217;neuer Ziel -Drop hat alles, was Sie f\u00fcr ein stilvolles Osterwochenende im Freien brauchen<\/p>\n<\/li>\n<\/ul>\n<\/aside>\n<div class=\"instagram-embed\">\n<blockquote class=\"instagram-media\" data-instgrm-captioned data-instgrm-version=\"6\" style=\"width:99.375%; width:-webkit-calc(100% - 2px); width:calc(100% - 2px);\">\n<p>Ein Beitrag von Joanna Gaines (@joannagaines)<\/p>\n<p>Ein Foto von on <\/p>\n<\/blockquote>\n<\/div>\n<p>&#8222;Was ich an Mini Reni liebe, ist die Freiheit, auf nur ein oder zwei kleinere R\u00e4ume ein All-in zu machen&#8220;, sagt<strong> <\/strong>Joanna. &#8222;Dies sind keine Renovierungsarbeiten im ganzen Haus, daher ist es das Herz hinter der Show, die Menschen dazu zu inspirieren, ihr Zuhause allm\u00e4hlich und nachdenklich zu gestalten, damit Sie sich anstatt sich um die Millionen Details zu wickeln, die in eine gr\u00f6\u00dfere Renovierung geraten, Sie den Prozess der Schaffung von Sch\u00f6nheit genie\u00dfen k\u00f6nnen, indem Sie sich verengen, Ihre Kreativit\u00e4t beugten und die kleinen Details, die Ihre Geschichte wirklich sagen.&#8220;<\/p>\n<div id=\"ad-unit-2\" class=\"ad-unit\"><\/div>\n<p>In dieser Show geht es also nicht darum, ein ganzes Zuhause zu erreichen. Es sind nicht die riesigen Projekte, die wir mit dem Schloss, dem Hotel oder dem Lakehouse gesehen haben. Es handelt sich um kleine Projekte in realen H\u00e4usern, die den wirklichen Einheimischen aus Waco, Texas, geh\u00f6ren.<\/p>\n<div class=\"instagram-embed\">\n<blockquote class=\"instagram-media\" data-instgrm-captioned data-instgrm-version=\"6\" style=\"width:99.375%; width:-webkit-calc(100% - 2px); width:calc(100% - 2px);\">\n<p>Ein Beitrag, der von Magnolia Network (@Magnolianetwork) geteilt wird<\/p>\n<p>Ein Foto von on <\/p>\n<\/blockquote>\n<\/div>\n<p>In jeder Episode tritt Joanna ein &#8218;Mini Reni&#8216; direkt in ihrer eigenen Heimatstadt an. Der Fokus liegt nur auf einem Raum, nicht auf dem gesamten Zuhause. Die Turnarounds sind schnell und die Budgets realistisch und die Ergebnisse sind wundersch\u00f6n. Jedes Projekt beginnt mit drei W\u00f6rtern, die beschreiben, wie der Hausbesitzer den Raum f\u00fchlt.<\/p>\n<p>&#8222;Bei Magnolia Network suchen wir immer nach Geschichten, die sowohl inspirierend als auch zug\u00e4nglich sind, und Mini Reni verk\u00f6rpert beide&#8220;, sagt Allison Page, Pr\u00e4sident von Magnolia Network.<strong> <\/strong>&#8222;Joanna hat ein bemerkenswertes Talent daf\u00fcr, dass Design sich zuordenbar und engagiert f\u00fchlt, und diese Serie spiegelt diese St\u00e4rken in einem frischen Format wider.&#8220;<\/p>\n<div id=\"slice-container-newsletterForm-articleInbodyContent-gZydsZjTCCDmCDLsSrQbkN\" class=\"slice-container newsletter-inbodyContent-slice newsletterForm-articleInbodyContent-gZydsZjTCCDmCDLsSrQbkN slice-container-newsletterForm\"><\/div>\n<div class=\"instagram-embed\">\n<blockquote class=\"instagram-media\" data-instgrm-captioned data-instgrm-version=\"6\" style=\"width:99.375%; width:-webkit-calc(100% - 2px); width:calc(100% - 2px);\">\n<p>Ein Beitrag, der von Magnolia Network (@Magnolianetwork) geteilt wird<\/p>\n<p>Ein Foto von on <\/p>\n<\/blockquote>\n<\/div>\n<p>Als Joanna die neue Serie auf Instagram ank\u00fcndigte, hat sie viel Liebe von ihren Followern. Offensichtlich waren wir alle bereit, so etwas von Joanna zu sehen, demselben ikonischen modernen Farmhausstil, den sie in ihren massiven Reno-Projekten kreiert, nur in einer kleineren, zug\u00e4nglicheren Skala.<\/p>\n<p>&#8222;Unser Ziel war es, Joannas kreative Vision zu fangen und ihren Designprozess auf eine Weise zum Leben zu erwecken, die sich wahr anf\u00fchlt, wie sie ist&#8220;, sagt Jarrett Lambo, Executive Vice President von Blind Nil, der Produktionsfirma Gaines. \u201eNachdem unser Team im Laufe der Jahre mit Jo an zahlreichen Magnolia Network Productions zusammengearbeitet hat, hat sie ein Verst\u00e4ndnis f\u00fcr ihren einzigartigen Ansatz f\u00fcr das Geschichtenerz\u00e4hlen entwickelt. Projekte wie diese haben Jo nach gro\u00df angelegten Renovierungsarbeiten immer geerdet, um sich wieder mit dem Herzen dessen zu verbinden, was sie am meisten inspiriert. &#8218;<\/p>\n<p>&#8222;Sie werden in Mini Reni sehen, wir konzentrierten uns auf die Magic Jo, die Jo schafft &#8211; es ging nicht um umfangreiche Umbauten, sondern um sinnvolle R\u00e4ume und die Dynamik zwischen dem Leben der Menschen und dem Ort, an dem sie ihren Alltag mit ihren Lieben verbringen.&#8220;<\/p>\n<h2 id=\"shop-joanna-gaines-signature-style-3\">Laden Sie Joanna Gaines &#8218;charakteristischer Stil ein<\/h2>\n<p>Zum Gl\u00fcck hat Joanna ihren Stil so einfach gemacht, mit ihrem Magnolia Store einzukaufen, und die neue Sommerkollektion eignet sich perfekt f\u00fcr einige schnelle und einfache Updates. Folgendes w\u00e4hle ich aus, um meinem Zuhause ein Mini -Update zu geben.<\/p>\n<div class=\"product-container hero-product-container product-block-no-wrap\"><\/div>\n<hr>\n<p>Ich bin bereits investiert und f\u00fchle mich von Joannas neuer Show inspiriert, und es hat mich definitiv dazu gebracht, \u00fcber die drei Worte nachzudenken, die meine R\u00e4ume f\u00fchlen sollen, und die kleinen Verbesserungen, die ich vornehmen kann, um dorthin zu gelangen. Die erste Folge von Mini Reni wurde gestern Abend (15\/04) auf Magnolia Network und Max ausgestrahlt, und es werden neun Folgen der Serie sein, die jeden Mittwoch bis zum 9. Juli ausgestrahlt werden.<\/p>\n<div class=\"block\" id=\"articleTag\" data-component-name=\"PostArticleLinks\">\n<div class=\"border-b border-b-black border-solid py-2.5 text-black font-bold uppercase\">Themen<\/div>\n<nav class=\"py-2.5 flex gap-2.5 flex-wrap\" data-analytics-id=\"article-tag\">\n<p>Joanna Gaines<br \/>\n<\/nav>\n<\/div>\n<\/div>\n<p><script async src=\"\/\/www.instagram.com\/embed.js\"><\/script><\/p>\n","protected":false},"excerpt":{"rendered":"<p>Joanna Gaines &#8217;neue Serie&#8216; Mini Reni &#8218;ist die Renovierungsserie, auf die ich gewartet habe. Nat\u00fcrlich ist Joanna f\u00fcr ihre gro\u00df angelegten Total-Darm-Renovierungsprojekte bekannt, und ich<\/p>\n","protected":false},"author":1,"featured_media":5077,"comment_status":"closed","ping_status":"","sticky":false,"template":"","format":"standard","meta":{"footnotes":""},"categories":[118],"tags":[9,194,193,7358,108,7357,21],"class_list":["post-5076","post","type-post","status-publish","format-standard","has-post-thumbnail","hentry","category-haus-garten","tag-die","tag-gaines","tag-joanna","tag-konzentriert","tag-neue","tag-serie","tag-von","generate-columns","tablet-grid-50","mobile-grid-100","grid-parent","grid-50"],"yoast_head":"<!-- This site is optimized with the Yoast SEO plugin v27.3 - https:\/\/yoast.com\/product\/yoast-seo-wordpress\/ -->\n<title>Die neue Serie von Joanna Gaines konzentriert - Nachrichten - Stra\u00dfenweb<\/title>\n<meta name=\"robots\" content=\"index, follow, max-snippet:-1, max-image-preview:large, max-video-preview:-1\" \/>\n<link rel=\"canonical\" href=\"https:\/\/www.strassenweb.de\/nachrichten\/die-neue-serie-von-joanna-gaines-konzentriert\/\" \/>\n<meta property=\"og:locale\" content=\"de_DE\" \/>\n<meta property=\"og:type\" content=\"article\" \/>\n<meta property=\"og:title\" content=\"Die neue Serie von Joanna Gaines konzentriert - Nachrichten - Stra\u00dfenweb\" \/>\n<meta property=\"og:description\" content=\"Joanna Gaines &#8217;neue Serie&#8216; Mini Reni &#8218;ist die Renovierungsserie, auf die ich gewartet habe. Nat\u00fcrlich ist Joanna f\u00fcr ihre gro\u00df angelegten Total-Darm-Renovierungsprojekte bekannt, und ich\" \/>\n<meta property=\"og:url\" content=\"https:\/\/www.strassenweb.de\/nachrichten\/die-neue-serie-von-joanna-gaines-konzentriert\/\" \/>\n<meta property=\"og:site_name\" content=\"Stra\u00dfenweb\" \/>\n<meta property=\"article:publisher\" content=\"https:\/\/www.facebook.com\/strassenweb\/\" \/>\n<meta property=\"article:published_time\" content=\"2025-05-15T10:40:07+00:00\" \/>\n<meta property=\"article:modified_time\" content=\"2025-05-15T10:40:09+00:00\" \/>\n<meta property=\"og:image\" content=\"https:\/\/www.strassenweb.de\/nachrichten\/wp-content\/uploads\/2025\/05\/RLza9BHQkguNCgjPBHo4Gb-1024x576.png\" \/>\n\t<meta property=\"og:image:width\" content=\"1024\" \/>\n\t<meta property=\"og:image:height\" content=\"576\" \/>\n\t<meta property=\"og:image:type\" content=\"image\/png\" \/>\n<meta name=\"author\" content=\"Robert Hoffmann\" \/>\n<meta name=\"twitter:card\" content=\"summary_large_image\" \/>\n<meta name=\"twitter:label1\" content=\"Verfasst von\" \/>\n\t<meta name=\"twitter:data1\" content=\"Robert Hoffmann\" \/>\n\t<meta name=\"twitter:label2\" content=\"Gesch\u00e4tzte Lesezeit\" \/>\n\t<meta name=\"twitter:data2\" content=\"4\u00a0Minuten\" \/>\n<script type=\"application\/ld+json\" class=\"yoast-schema-graph\">{\"@context\":\"https:\\\/\\\/schema.org\",\"@graph\":[{\"@type\":\"Article\",\"@id\":\"https:\\\/\\\/www.strassenweb.de\\\/nachrichten\\\/die-neue-serie-von-joanna-gaines-konzentriert\\\/#article\",\"isPartOf\":{\"@id\":\"https:\\\/\\\/www.strassenweb.de\\\/nachrichten\\\/die-neue-serie-von-joanna-gaines-konzentriert\\\/\"},\"author\":{\"name\":\"Robert Hoffmann\",\"@id\":\"https:\\\/\\\/www.strassenweb.de\\\/nachrichten\\\/#\\\/schema\\\/person\\\/87c9c9067f1211da429a744dc5a5aa41\"},\"headline\":\"Die neue Serie von Joanna Gaines konzentriert\",\"datePublished\":\"2025-05-15T10:40:07+00:00\",\"dateModified\":\"2025-05-15T10:40:09+00:00\",\"mainEntityOfPage\":{\"@id\":\"https:\\\/\\\/www.strassenweb.de\\\/nachrichten\\\/die-neue-serie-von-joanna-gaines-konzentriert\\\/\"},\"wordCount\":886,\"publisher\":{\"@id\":\"https:\\\/\\\/www.strassenweb.de\\\/nachrichten\\\/#organization\"},\"image\":{\"@id\":\"https:\\\/\\\/www.strassenweb.de\\\/nachrichten\\\/die-neue-serie-von-joanna-gaines-konzentriert\\\/#primaryimage\"},\"thumbnailUrl\":\"https:\\\/\\\/www.strassenweb.de\\\/nachrichten\\\/wp-content\\\/uploads\\\/2025\\\/05\\\/RLza9BHQkguNCgjPBHo4Gb.png\",\"keywords\":[\"die\",\"Gaines\",\"Joanna\",\"konzentriert\",\"Neue\",\"Serie\",\"von\"],\"articleSection\":[\"Haus &amp; Garten\"],\"inLanguage\":\"de\"},{\"@type\":\"WebPage\",\"@id\":\"https:\\\/\\\/www.strassenweb.de\\\/nachrichten\\\/die-neue-serie-von-joanna-gaines-konzentriert\\\/\",\"url\":\"https:\\\/\\\/www.strassenweb.de\\\/nachrichten\\\/die-neue-serie-von-joanna-gaines-konzentriert\\\/\",\"name\":\"Die neue Serie von Joanna Gaines konzentriert - Nachrichten - Stra\u00dfenweb\",\"isPartOf\":{\"@id\":\"https:\\\/\\\/www.strassenweb.de\\\/nachrichten\\\/#website\"},\"primaryImageOfPage\":{\"@id\":\"https:\\\/\\\/www.strassenweb.de\\\/nachrichten\\\/die-neue-serie-von-joanna-gaines-konzentriert\\\/#primaryimage\"},\"image\":{\"@id\":\"https:\\\/\\\/www.strassenweb.de\\\/nachrichten\\\/die-neue-serie-von-joanna-gaines-konzentriert\\\/#primaryimage\"},\"thumbnailUrl\":\"https:\\\/\\\/www.strassenweb.de\\\/nachrichten\\\/wp-content\\\/uploads\\\/2025\\\/05\\\/RLza9BHQkguNCgjPBHo4Gb.png\",\"datePublished\":\"2025-05-15T10:40:07+00:00\",\"dateModified\":\"2025-05-15T10:40:09+00:00\",\"breadcrumb\":{\"@id\":\"https:\\\/\\\/www.strassenweb.de\\\/nachrichten\\\/die-neue-serie-von-joanna-gaines-konzentriert\\\/#breadcrumb\"},\"inLanguage\":\"de\",\"potentialAction\":[{\"@type\":\"ReadAction\",\"target\":[\"https:\\\/\\\/www.strassenweb.de\\\/nachrichten\\\/die-neue-serie-von-joanna-gaines-konzentriert\\\/\"]}]},{\"@type\":\"ImageObject\",\"inLanguage\":\"de\",\"@id\":\"https:\\\/\\\/www.strassenweb.de\\\/nachrichten\\\/die-neue-serie-von-joanna-gaines-konzentriert\\\/#primaryimage\",\"url\":\"https:\\\/\\\/www.strassenweb.de\\\/nachrichten\\\/wp-content\\\/uploads\\\/2025\\\/05\\\/RLza9BHQkguNCgjPBHo4Gb.png\",\"contentUrl\":\"https:\\\/\\\/www.strassenweb.de\\\/nachrichten\\\/wp-content\\\/uploads\\\/2025\\\/05\\\/RLza9BHQkguNCgjPBHo4Gb.png\",\"width\":1600,\"height\":900,\"caption\":\"Joanna Gaines\"},{\"@type\":\"BreadcrumbList\",\"@id\":\"https:\\\/\\\/www.strassenweb.de\\\/nachrichten\\\/die-neue-serie-von-joanna-gaines-konzentriert\\\/#breadcrumb\",\"itemListElement\":[{\"@type\":\"ListItem\",\"position\":1,\"name\":\"Home\",\"item\":\"https:\\\/\\\/www.strassenweb.de\\\/nachrichten\\\/\"},{\"@type\":\"ListItem\",\"position\":2,\"name\":\"Die neue Serie von Joanna Gaines konzentriert\"}]},{\"@type\":\"WebSite\",\"@id\":\"https:\\\/\\\/www.strassenweb.de\\\/nachrichten\\\/#website\",\"url\":\"https:\\\/\\\/www.strassenweb.de\\\/nachrichten\\\/\",\"name\":\"Stra\u00dfenweb\",\"description\":\"Stra\u00dfenverzeichnis f\u00fcr Deutschland\",\"publisher\":{\"@id\":\"https:\\\/\\\/www.strassenweb.de\\\/nachrichten\\\/#organization\"},\"potentialAction\":[{\"@type\":\"SearchAction\",\"target\":{\"@type\":\"EntryPoint\",\"urlTemplate\":\"https:\\\/\\\/www.strassenweb.de\\\/nachrichten\\\/?s={search_term_string}\"},\"query-input\":{\"@type\":\"PropertyValueSpecification\",\"valueRequired\":true,\"valueName\":\"search_term_string\"}}],\"inLanguage\":\"de\"},{\"@type\":\"Organization\",\"@id\":\"https:\\\/\\\/www.strassenweb.de\\\/nachrichten\\\/#organization\",\"name\":\"Stra\u00dfenweb\",\"url\":\"https:\\\/\\\/www.strassenweb.de\\\/nachrichten\\\/\",\"logo\":{\"@type\":\"ImageObject\",\"inLanguage\":\"de\",\"@id\":\"https:\\\/\\\/www.strassenweb.de\\\/nachrichten\\\/#\\\/schema\\\/logo\\\/image\\\/\",\"url\":\"https:\\\/\\\/www.strassenweb.de\\\/nachrichten\\\/wp-content\\\/uploads\\\/2024\\\/09\\\/cropped-favicon.png\",\"contentUrl\":\"https:\\\/\\\/www.strassenweb.de\\\/nachrichten\\\/wp-content\\\/uploads\\\/2024\\\/09\\\/cropped-favicon.png\",\"width\":512,\"height\":512,\"caption\":\"Stra\u00dfenweb\"},\"image\":{\"@id\":\"https:\\\/\\\/www.strassenweb.de\\\/nachrichten\\\/#\\\/schema\\\/logo\\\/image\\\/\"},\"sameAs\":[\"https:\\\/\\\/www.facebook.com\\\/strassenweb\\\/\"]},{\"@type\":\"Person\",\"@id\":\"https:\\\/\\\/www.strassenweb.de\\\/nachrichten\\\/#\\\/schema\\\/person\\\/87c9c9067f1211da429a744dc5a5aa41\",\"name\":\"Robert Hoffmann\",\"image\":{\"@type\":\"ImageObject\",\"inLanguage\":\"de\",\"@id\":\"https:\\\/\\\/www.strassenweb.de\\\/nachrichten\\\/wp-content\\\/uploads\\\/2024\\\/09\\\/strassenweb-150x150.jpg\",\"url\":\"https:\\\/\\\/www.strassenweb.de\\\/nachrichten\\\/wp-content\\\/uploads\\\/2024\\\/09\\\/strassenweb-150x150.jpg\",\"contentUrl\":\"https:\\\/\\\/www.strassenweb.de\\\/nachrichten\\\/wp-content\\\/uploads\\\/2024\\\/09\\\/strassenweb-150x150.jpg\",\"caption\":\"Robert Hoffmann\"},\"description\":\"Ich hei\u00dfe Robert Hoffmann und ich bin ein leidenschaftlicher Verfechter von \u00d6kologie und Biodiversit\u00e4t. Seit meiner Kindheit in den W\u00e4ldern Bayerns f\u00fchle ich mich mit der Natur verbunden und bin entschlossen, sie zu sch\u00fctzen. Heute widme ich mein Leben der Sensibilisierung anderer f\u00fcr die Bedeutung des Umweltschutzes f\u00fcr zuk\u00fcnftige Generationen.\",\"sameAs\":[\"https:\\\/\\\/www.strassenweb.de\\\/\"]}]}<\/script>\n<!-- \/ Yoast SEO plugin. -->","yoast_head_json":{"title":"Die neue Serie von Joanna Gaines konzentriert - Nachrichten - Stra\u00dfenweb","robots":{"index":"index","follow":"follow","max-snippet":"max-snippet:-1","max-image-preview":"max-image-preview:large","max-video-preview":"max-video-preview:-1"},"canonical":"https:\/\/www.strassenweb.de\/nachrichten\/die-neue-serie-von-joanna-gaines-konzentriert\/","og_locale":"de_DE","og_type":"article","og_title":"Die neue Serie von Joanna Gaines konzentriert - Nachrichten - Stra\u00dfenweb","og_description":"Joanna Gaines &#8217;neue Serie&#8216; Mini Reni &#8218;ist die Renovierungsserie, auf die ich gewartet habe. Nat\u00fcrlich ist Joanna f\u00fcr ihre gro\u00df angelegten Total-Darm-Renovierungsprojekte bekannt, und ich","og_url":"https:\/\/www.strassenweb.de\/nachrichten\/die-neue-serie-von-joanna-gaines-konzentriert\/","og_site_name":"Stra\u00dfenweb","article_publisher":"https:\/\/www.facebook.com\/strassenweb\/","article_published_time":"2025-05-15T10:40:07+00:00","article_modified_time":"2025-05-15T10:40:09+00:00","og_image":[{"width":1024,"height":576,"url":"https:\/\/www.strassenweb.de\/nachrichten\/wp-content\/uploads\/2025\/05\/RLza9BHQkguNCgjPBHo4Gb-1024x576.png","type":"image\/png"}],"author":"Robert Hoffmann","twitter_card":"summary_large_image","twitter_misc":{"Verfasst von":"Robert Hoffmann","Gesch\u00e4tzte Lesezeit":"4\u00a0Minuten"},"schema":{"@context":"https:\/\/schema.org","@graph":[{"@type":"Article","@id":"https:\/\/www.strassenweb.de\/nachrichten\/die-neue-serie-von-joanna-gaines-konzentriert\/#article","isPartOf":{"@id":"https:\/\/www.strassenweb.de\/nachrichten\/die-neue-serie-von-joanna-gaines-konzentriert\/"},"author":{"name":"Robert Hoffmann","@id":"https:\/\/www.strassenweb.de\/nachrichten\/#\/schema\/person\/87c9c9067f1211da429a744dc5a5aa41"},"headline":"Die neue Serie von Joanna Gaines konzentriert","datePublished":"2025-05-15T10:40:07+00:00","dateModified":"2025-05-15T10:40:09+00:00","mainEntityOfPage":{"@id":"https:\/\/www.strassenweb.de\/nachrichten\/die-neue-serie-von-joanna-gaines-konzentriert\/"},"wordCount":886,"publisher":{"@id":"https:\/\/www.strassenweb.de\/nachrichten\/#organization"},"image":{"@id":"https:\/\/www.strassenweb.de\/nachrichten\/die-neue-serie-von-joanna-gaines-konzentriert\/#primaryimage"},"thumbnailUrl":"https:\/\/www.strassenweb.de\/nachrichten\/wp-content\/uploads\/2025\/05\/RLza9BHQkguNCgjPBHo4Gb.png","keywords":["die","Gaines","Joanna","konzentriert","Neue","Serie","von"],"articleSection":["Haus &amp; Garten"],"inLanguage":"de"},{"@type":"WebPage","@id":"https:\/\/www.strassenweb.de\/nachrichten\/die-neue-serie-von-joanna-gaines-konzentriert\/","url":"https:\/\/www.strassenweb.de\/nachrichten\/die-neue-serie-von-joanna-gaines-konzentriert\/","name":"Die neue Serie von Joanna Gaines konzentriert - Nachrichten - Stra\u00dfenweb","isPartOf":{"@id":"https:\/\/www.strassenweb.de\/nachrichten\/#website"},"primaryImageOfPage":{"@id":"https:\/\/www.strassenweb.de\/nachrichten\/die-neue-serie-von-joanna-gaines-konzentriert\/#primaryimage"},"image":{"@id":"https:\/\/www.strassenweb.de\/nachrichten\/die-neue-serie-von-joanna-gaines-konzentriert\/#primaryimage"},"thumbnailUrl":"https:\/\/www.strassenweb.de\/nachrichten\/wp-content\/uploads\/2025\/05\/RLza9BHQkguNCgjPBHo4Gb.png","datePublished":"2025-05-15T10:40:07+00:00","dateModified":"2025-05-15T10:40:09+00:00","breadcrumb":{"@id":"https:\/\/www.strassenweb.de\/nachrichten\/die-neue-serie-von-joanna-gaines-konzentriert\/#breadcrumb"},"inLanguage":"de","potentialAction":[{"@type":"ReadAction","target":["https:\/\/www.strassenweb.de\/nachrichten\/die-neue-serie-von-joanna-gaines-konzentriert\/"]}]},{"@type":"ImageObject","inLanguage":"de","@id":"https:\/\/www.strassenweb.de\/nachrichten\/die-neue-serie-von-joanna-gaines-konzentriert\/#primaryimage","url":"https:\/\/www.strassenweb.de\/nachrichten\/wp-content\/uploads\/2025\/05\/RLza9BHQkguNCgjPBHo4Gb.png","contentUrl":"https:\/\/www.strassenweb.de\/nachrichten\/wp-content\/uploads\/2025\/05\/RLza9BHQkguNCgjPBHo4Gb.png","width":1600,"height":900,"caption":"Joanna Gaines"},{"@type":"BreadcrumbList","@id":"https:\/\/www.strassenweb.de\/nachrichten\/die-neue-serie-von-joanna-gaines-konzentriert\/#breadcrumb","itemListElement":[{"@type":"ListItem","position":1,"name":"Home","item":"https:\/\/www.strassenweb.de\/nachrichten\/"},{"@type":"ListItem","position":2,"name":"Die neue Serie von Joanna Gaines konzentriert"}]},{"@type":"WebSite","@id":"https:\/\/www.strassenweb.de\/nachrichten\/#website","url":"https:\/\/www.strassenweb.de\/nachrichten\/","name":"Stra\u00dfenweb","description":"Stra\u00dfenverzeichnis f\u00fcr Deutschland","publisher":{"@id":"https:\/\/www.strassenweb.de\/nachrichten\/#organization"},"potentialAction":[{"@type":"SearchAction","target":{"@type":"EntryPoint","urlTemplate":"https:\/\/www.strassenweb.de\/nachrichten\/?s={search_term_string}"},"query-input":{"@type":"PropertyValueSpecification","valueRequired":true,"valueName":"search_term_string"}}],"inLanguage":"de"},{"@type":"Organization","@id":"https:\/\/www.strassenweb.de\/nachrichten\/#organization","name":"Stra\u00dfenweb","url":"https:\/\/www.strassenweb.de\/nachrichten\/","logo":{"@type":"ImageObject","inLanguage":"de","@id":"https:\/\/www.strassenweb.de\/nachrichten\/#\/schema\/logo\/image\/","url":"https:\/\/www.strassenweb.de\/nachrichten\/wp-content\/uploads\/2024\/09\/cropped-favicon.png","contentUrl":"https:\/\/www.strassenweb.de\/nachrichten\/wp-content\/uploads\/2024\/09\/cropped-favicon.png","width":512,"height":512,"caption":"Stra\u00dfenweb"},"image":{"@id":"https:\/\/www.strassenweb.de\/nachrichten\/#\/schema\/logo\/image\/"},"sameAs":["https:\/\/www.facebook.com\/strassenweb\/"]},{"@type":"Person","@id":"https:\/\/www.strassenweb.de\/nachrichten\/#\/schema\/person\/87c9c9067f1211da429a744dc5a5aa41","name":"Robert Hoffmann","image":{"@type":"ImageObject","inLanguage":"de","@id":"https:\/\/www.strassenweb.de\/nachrichten\/wp-content\/uploads\/2024\/09\/strassenweb-150x150.jpg","url":"https:\/\/www.strassenweb.de\/nachrichten\/wp-content\/uploads\/2024\/09\/strassenweb-150x150.jpg","contentUrl":"https:\/\/www.strassenweb.de\/nachrichten\/wp-content\/uploads\/2024\/09\/strassenweb-150x150.jpg","caption":"Robert Hoffmann"},"description":"Ich hei\u00dfe Robert Hoffmann und ich bin ein leidenschaftlicher Verfechter von \u00d6kologie und Biodiversit\u00e4t. Seit meiner Kindheit in den W\u00e4ldern Bayerns f\u00fchle ich mich mit der Natur verbunden und bin entschlossen, sie zu sch\u00fctzen. Heute widme ich mein Leben der Sensibilisierung anderer f\u00fcr die Bedeutung des Umweltschutzes f\u00fcr zuk\u00fcnftige Generationen.","sameAs":["https:\/\/www.strassenweb.de\/"]}]}},"_links":{"self":[{"href":"https:\/\/www.strassenweb.de\/nachrichten\/wp-json\/wp\/v2\/posts\/5076","targetHints":{"allow":["GET"]}}],"collection":[{"href":"https:\/\/www.strassenweb.de\/nachrichten\/wp-json\/wp\/v2\/posts"}],"about":[{"href":"https:\/\/www.strassenweb.de\/nachrichten\/wp-json\/wp\/v2\/types\/post"}],"author":[{"embeddable":true,"href":"https:\/\/www.strassenweb.de\/nachrichten\/wp-json\/wp\/v2\/users\/1"}],"replies":[{"embeddable":true,"href":"https:\/\/www.strassenweb.de\/nachrichten\/wp-json\/wp\/v2\/comments?post=5076"}],"version-history":[{"count":0,"href":"https:\/\/www.strassenweb.de\/nachrichten\/wp-json\/wp\/v2\/posts\/5076\/revisions"}],"wp:featuredmedia":[{"embeddable":true,"href":"https:\/\/www.strassenweb.de\/nachrichten\/wp-json\/wp\/v2\/media\/5077"}],"wp:attachment":[{"href":"https:\/\/www.strassenweb.de\/nachrichten\/wp-json\/wp\/v2\/media?parent=5076"}],"wp:term":[{"taxonomy":"category","embeddable":true,"href":"https:\/\/www.strassenweb.de\/nachrichten\/wp-json\/wp\/v2\/categories?post=5076"},{"taxonomy":"post_tag","embeddable":true,"href":"https:\/\/www.strassenweb.de\/nachrichten\/wp-json\/wp\/v2\/tags?post=5076"}],"curies":[{"name":"wp","href":"https:\/\/api.w.org\/{rel}","templated":true}]}}