{"id":5042,"date":"2025-05-14T04:40:59","date_gmt":"2025-05-14T02:40:59","guid":{"rendered":"https:\/\/www.strassenweb.de\/nachrichten\/ich-dachte-ich-hasste-galy-kuechen-aber-mark-ruffalos-innovatives-layout-verwandelt-einen-schmalen-raum-in-ein-kunstwerk\/"},"modified":"2025-05-14T04:40:59","modified_gmt":"2025-05-14T02:40:59","slug":"ich-dachte-ich-hasste-galy-kuechen-aber-mark-ruffalos-innovatives-layout-verwandelt-einen-schmalen-raum-in-ein-kunstwerk","status":"publish","type":"post","link":"https:\/\/www.strassenweb.de\/nachrichten\/ich-dachte-ich-hasste-galy-kuechen-aber-mark-ruffalos-innovatives-layout-verwandelt-einen-schmalen-raum-in-ein-kunstwerk\/","title":{"rendered":"Ich dachte, ich hasste Galy -K\u00fcchen, aber Mark Ruffalos innovatives Layout verwandelt einen schmalen Raum in ein Kunstwerk"},"content":{"rendered":"<p><\/p>\n<div id=\"article-body\" class=\"article__body \">\n<p>Die Idee einer &#8222;Galeerek\u00fcche&#8220; hat mir historisch Angst in mein Herz geschlagen. Wie der Name schon sagt, hatte ich mir dieses enge Layout immer als Teil der dunklen, datierten R\u00e4ume wie im Rumpf eines Schiffes vorgestellt.<\/p>\n<div id=\"ad-unit-1\" class=\"ad-unit\"><\/div>\n<p>Mark Ruffalos schmale K\u00fcchenidee ist das genaue Gegenteil dieser Wahrnehmungen. Es ist elegant, modern und voller nat\u00fcrliches Licht. Nachdem er seinen Platz in einem Instagram -Post entdeckt hat, klingen zwei Schr\u00e4nke, die sich gegenseitig gegen\u00fcbersehen, pl\u00f6tzlich nicht so schlimm.<\/p>\n<aside data-block-type=\"embed\" data-render-type=\"fte\" data-skip=\"dealsy\" data-widget-type=\"seasonal\" class=\"hawk-base\"><\/aside>\n<p>Wie funktioniert der Schauspieler ein Galeere -K\u00fcchenlayout so gut, dass es mir v\u00f6llig ver\u00e4ndert hat? Erstens hat er die K\u00fcche direkt in der Mitte von zwei Fenstern positioniert. Wir k\u00f6nnen das Licht von der n\u00e4heren Marke und den Gesichtern seiner Katze und die Aussicht vom anderen im Hintergrund sehen. Diese Positionierung sorgt daf\u00fcr, dass der Raum zwar klein ist, aber nicht zu dunkel aussieht.<\/p>\n<div id=\"desktop-in-article\" class=\"in-article ad-unit\">\n<div id=\"desktop-taboola-mid-article\"><\/div>\n<\/div>\n<div id=\"mobile-in-article\" class=\"in-article ad-unit\">\n<div id=\"mobile-taboola-mid-article\"><\/div>\n<\/div>\n<div class=\"van_vid_carousel\">\n<div class=\"van_vid_carousel__padding\">\n<div class=\"van_vid_carousel__container\"><\/div>\n<\/div>\n<\/div>\n<aside data-component-name=\"Recirculation:ArticleRiver\" data-nosnippet>\n<span class=\"bg-secondary-500 text-white text-lg font-bold uppercase py-1 px-2 leading-(1.625rem) sm:leading-(6px) sm:text-sm\"><\/p>\n<p>Sie m\u00f6gen m\u00f6gen<br \/>\n<\/span><\/p>\n<ul class=\"flex flex-col my-2 list-outside ms-5 bg-none\" data-analytics-id=\"more-about-inline\">\n<li class=\"m-0 mb-2\" name=\"more-about-inline\" data-analytics-id=\"more-about-inline-0\">\n<p>Colman Domingos kluges Regal k\u00f6nnte Ihre kleine K\u00fcche so viel lufter anf\u00fchlen &#8211; sie machen das Beste aus &#8222;jedem Zentimeter Raum&#8220; und sehen auch sch\u00f6n aus<\/p>\n<\/li>\n<li class=\"m-0 mb-2\" name=\"more-about-inline\" data-analytics-id=\"more-about-inline-1\">\n<p>Martha Stewart nannte ihre einzigartige Fifth Avenue -K\u00fcche ihre &#8222;Galeere Alley&#8220; &#8211; seine Metalloberfl\u00e4chen ert\u00e4uschen uns eine Lektion in der modernen Heimfunktionalit\u00e4t<\/p>\n<\/li>\n<li class=\"m-0 mb-2\" name=\"more-about-inline\" data-analytics-id=\"more-about-inline-2\">\n<p>Colman Domingos erdt\u00f6nte K\u00fcche tippt in den Skandinavian-Stil 2025 mit geriffelten Schr\u00e4nken, Open-Shelving- und Steinplatten im Stil<\/p>\n<\/li>\n<\/ul>\n<\/aside>\n<div class=\"instagram-embed\">\n<blockquote class=\"instagram-media\" data-instgrm-captioned data-instgrm-version=\"6\" style=\"width:99.375%; width:-webkit-calc(100% - 2px); width:calc(100% - 2px);\">\n<p>Ein Beitrag, der von Mark Ruffalo (@markruffalo) geteilt wird<\/p>\n<p>Ein Foto von on <\/p>\n<\/blockquote>\n<\/div>\n<h3 class=\"article-body__section\" id=\"section-shop-the-edit\"><span>Kaufen Sie die Bearbeitung ein<\/span><\/h3>\n<div class=\"product-container hero-product-container product-block-no-wrap\"><\/div>\n<p>Zweitens und vor allem hat er meiner Meinung nach erh\u00f6hte nat\u00fcrliche Materialien f\u00fcr sein kleines K\u00fcchenlayout ausgew\u00e4hlt. Einige meiner Aufschl\u00e4mme um Gally -K\u00fcchen kommen wahrscheinlich aus der Tatsache, dass ich sie oft als Laminat -Albtr\u00e4ume in gemeinsamen Wohnungen gesehen habe, in denen seit Anfang der 90er Jahre nichts aktualisiert wurde.<\/p>\n<div id=\"ad-unit-2\" class=\"ad-unit\"><\/div>\n<p>Im Gegenteil, Marks Wahl von Holz und Marmor mit goldenen Akzenten f\u00fchlt sich deutlich aktuell an. Das nat\u00fcrliche Korn des Holzb\u00f6dens und der Schr\u00e4nke verleiht dem Raum Textur und Tiefe, und der hellgraue K\u00fchlschrank legt den Raum und macht ihn zum besten Layout f\u00fcr eine Galeerek\u00fcche. Vielleicht war das Problem nie das Galeere -Layout selbst, sondern die Art und Weise, wie es gemacht wurde.<\/p>\n<p>Schlie\u00dflich verwendet der Schauspieler &#8222;Invisible Kitchen&#8220; -Schallschr\u00e4nke, die dem kleinen Layout helfen, sich unendlich ger\u00e4umiger zu f\u00fchlen. Dieser Stil lehnt formale Schr\u00e4nke f\u00fcr einen flachen Pressemechanismus ab, der l\u00e4stige Hardware in einem schmalen Raum aus dem Weg h\u00e4lt. In Marks K\u00fcche wirkt sich diese Entscheidung aus, den Zusammenhalt zu schaffen und sie besonders erh\u00f6ht zu machen.<\/p>\n<hr>\n<p>Wenn Sie diesen Artikel auch als Hasser von Galy -K\u00fcchen kamen, war Marks Raum genug, um Ihre Meinung zu \u00e4ndern? Unabh\u00e4ngig davon, ob es den weltweiten Verschiebungseffekt auf mich hat oder nicht, kann es dazu beitragen, neue Variationen alter Stile zu sehen, die Ihre Vision von dem erweitern k\u00f6nnen, was zu Hause m\u00f6glich ist.<\/p>\n<div id=\"slice-container-newsletterForm-articleInbodyContent-GUMurCPFoqaHKDJSFoq56P\" class=\"slice-container newsletter-inbodyContent-slice newsletterForm-articleInbodyContent-GUMurCPFoqaHKDJSFoq56P slice-container-newsletterForm\"><\/div>\n<hr>\n<\/div>\n<p><script async src=\"\/\/www.instagram.com\/embed.js\"><\/script><\/p>\n","protected":false},"excerpt":{"rendered":"<p>Die Idee einer &#8222;Galeerek\u00fcche&#8220; hat mir historisch Angst in mein Herz geschlagen. Wie der Name schon sagt, hatte ich mir dieses enge Layout immer als<\/p>\n","protected":false},"author":1,"featured_media":5043,"comment_status":"closed","ping_status":"","sticky":false,"template":"","format":"standard","meta":{"footnotes":""},"categories":[118],"tags":[357,174,43,166,7325,5984,129,5435,992,3909,6613,3848,182,7326,7327,662],"class_list":["post-5042","post","type-post","status-publish","format-standard","has-post-thumbnail","hentry","category-haus-garten","tag-aber","tag-dachte","tag-ein","tag-einen","tag-galy","tag-hasste","tag-ich","tag-innovatives","tag-kuechen","tag-kunstwerk","tag-layout","tag-mark","tag-raum","tag-ruffalos","tag-schmalen","tag-verwandelt","generate-columns","tablet-grid-50","mobile-grid-100","grid-parent","grid-50"],"yoast_head":"<!-- This site is optimized with the Yoast SEO plugin v27.3 - https:\/\/yoast.com\/product\/yoast-seo-wordpress\/ -->\n<title>Ich dachte, ich hasste Galy -K\u00fcchen, aber Mark Ruffalos innovatives Layout verwandelt einen schmalen Raum in ein Kunstwerk - Nachrichten - Stra\u00dfenweb<\/title>\n<meta name=\"robots\" content=\"index, follow, max-snippet:-1, max-image-preview:large, max-video-preview:-1\" \/>\n<link rel=\"canonical\" href=\"https:\/\/www.strassenweb.de\/nachrichten\/ich-dachte-ich-hasste-galy-kuechen-aber-mark-ruffalos-innovatives-layout-verwandelt-einen-schmalen-raum-in-ein-kunstwerk\/\" \/>\n<meta property=\"og:locale\" content=\"de_DE\" \/>\n<meta property=\"og:type\" content=\"article\" \/>\n<meta property=\"og:title\" content=\"Ich dachte, ich hasste Galy -K\u00fcchen, aber Mark Ruffalos innovatives Layout verwandelt einen schmalen Raum in ein Kunstwerk - Nachrichten - Stra\u00dfenweb\" \/>\n<meta property=\"og:description\" content=\"Die Idee einer &#8222;Galeerek\u00fcche&#8220; hat mir historisch Angst in mein Herz geschlagen. Wie der Name schon sagt, hatte ich mir dieses enge Layout immer als\" \/>\n<meta property=\"og:url\" content=\"https:\/\/www.strassenweb.de\/nachrichten\/ich-dachte-ich-hasste-galy-kuechen-aber-mark-ruffalos-innovatives-layout-verwandelt-einen-schmalen-raum-in-ein-kunstwerk\/\" \/>\n<meta property=\"og:site_name\" content=\"Stra\u00dfenweb\" \/>\n<meta property=\"article:publisher\" content=\"https:\/\/www.facebook.com\/strassenweb\/\" \/>\n<meta property=\"article:published_time\" content=\"2025-05-14T02:40:59+00:00\" \/>\n<meta property=\"og:image\" content=\"https:\/\/www.strassenweb.de\/nachrichten\/wp-content\/uploads\/2025\/05\/M9ZVfM3YdJ59fMG9jPY7RW.jpg\" \/>\n\t<meta property=\"og:image:width\" content=\"1600\" \/>\n\t<meta property=\"og:image:height\" content=\"900\" \/>\n\t<meta property=\"og:image:type\" content=\"image\/jpeg\" \/>\n<meta name=\"author\" content=\"Robert Hoffmann\" \/>\n<meta name=\"twitter:card\" content=\"summary_large_image\" \/>\n<meta name=\"twitter:label1\" content=\"Verfasst von\" \/>\n\t<meta name=\"twitter:data1\" content=\"Robert Hoffmann\" \/>\n\t<meta name=\"twitter:label2\" content=\"Gesch\u00e4tzte Lesezeit\" \/>\n\t<meta name=\"twitter:data2\" content=\"3\u00a0Minuten\" \/>\n<script type=\"application\/ld+json\" class=\"yoast-schema-graph\">{\"@context\":\"https:\\\/\\\/schema.org\",\"@graph\":[{\"@type\":\"Article\",\"@id\":\"https:\\\/\\\/www.strassenweb.de\\\/nachrichten\\\/ich-dachte-ich-hasste-galy-kuechen-aber-mark-ruffalos-innovatives-layout-verwandelt-einen-schmalen-raum-in-ein-kunstwerk\\\/#article\",\"isPartOf\":{\"@id\":\"https:\\\/\\\/www.strassenweb.de\\\/nachrichten\\\/ich-dachte-ich-hasste-galy-kuechen-aber-mark-ruffalos-innovatives-layout-verwandelt-einen-schmalen-raum-in-ein-kunstwerk\\\/\"},\"author\":{\"name\":\"Robert Hoffmann\",\"@id\":\"https:\\\/\\\/www.strassenweb.de\\\/nachrichten\\\/#\\\/schema\\\/person\\\/87c9c9067f1211da429a744dc5a5aa41\"},\"headline\":\"Ich dachte, ich hasste Galy -K\u00fcchen, aber Mark Ruffalos innovatives Layout verwandelt einen schmalen Raum in ein Kunstwerk\",\"datePublished\":\"2025-05-14T02:40:59+00:00\",\"mainEntityOfPage\":{\"@id\":\"https:\\\/\\\/www.strassenweb.de\\\/nachrichten\\\/ich-dachte-ich-hasste-galy-kuechen-aber-mark-ruffalos-innovatives-layout-verwandelt-einen-schmalen-raum-in-ein-kunstwerk\\\/\"},\"wordCount\":523,\"publisher\":{\"@id\":\"https:\\\/\\\/www.strassenweb.de\\\/nachrichten\\\/#organization\"},\"image\":{\"@id\":\"https:\\\/\\\/www.strassenweb.de\\\/nachrichten\\\/ich-dachte-ich-hasste-galy-kuechen-aber-mark-ruffalos-innovatives-layout-verwandelt-einen-schmalen-raum-in-ein-kunstwerk\\\/#primaryimage\"},\"thumbnailUrl\":\"https:\\\/\\\/www.strassenweb.de\\\/nachrichten\\\/wp-content\\\/uploads\\\/2025\\\/05\\\/M9ZVfM3YdJ59fMG9jPY7RW.jpg\",\"keywords\":[\"aber\",\"dachte\",\"ein\",\"einen\",\"Galy\",\"hasste\",\"ich\",\"innovatives\",\"K\u00fcchen\",\"Kunstwerk\",\"Layout\",\"Mark\",\"Raum\",\"Ruffalos\",\"schmalen\",\"verwandelt\"],\"articleSection\":[\"Haus &amp; Garten\"],\"inLanguage\":\"de\"},{\"@type\":\"WebPage\",\"@id\":\"https:\\\/\\\/www.strassenweb.de\\\/nachrichten\\\/ich-dachte-ich-hasste-galy-kuechen-aber-mark-ruffalos-innovatives-layout-verwandelt-einen-schmalen-raum-in-ein-kunstwerk\\\/\",\"url\":\"https:\\\/\\\/www.strassenweb.de\\\/nachrichten\\\/ich-dachte-ich-hasste-galy-kuechen-aber-mark-ruffalos-innovatives-layout-verwandelt-einen-schmalen-raum-in-ein-kunstwerk\\\/\",\"name\":\"Ich dachte, ich hasste Galy -K\u00fcchen, aber Mark Ruffalos innovatives Layout verwandelt einen schmalen Raum in ein Kunstwerk - Nachrichten - Stra\u00dfenweb\",\"isPartOf\":{\"@id\":\"https:\\\/\\\/www.strassenweb.de\\\/nachrichten\\\/#website\"},\"primaryImageOfPage\":{\"@id\":\"https:\\\/\\\/www.strassenweb.de\\\/nachrichten\\\/ich-dachte-ich-hasste-galy-kuechen-aber-mark-ruffalos-innovatives-layout-verwandelt-einen-schmalen-raum-in-ein-kunstwerk\\\/#primaryimage\"},\"image\":{\"@id\":\"https:\\\/\\\/www.strassenweb.de\\\/nachrichten\\\/ich-dachte-ich-hasste-galy-kuechen-aber-mark-ruffalos-innovatives-layout-verwandelt-einen-schmalen-raum-in-ein-kunstwerk\\\/#primaryimage\"},\"thumbnailUrl\":\"https:\\\/\\\/www.strassenweb.de\\\/nachrichten\\\/wp-content\\\/uploads\\\/2025\\\/05\\\/M9ZVfM3YdJ59fMG9jPY7RW.jpg\",\"datePublished\":\"2025-05-14T02:40:59+00:00\",\"breadcrumb\":{\"@id\":\"https:\\\/\\\/www.strassenweb.de\\\/nachrichten\\\/ich-dachte-ich-hasste-galy-kuechen-aber-mark-ruffalos-innovatives-layout-verwandelt-einen-schmalen-raum-in-ein-kunstwerk\\\/#breadcrumb\"},\"inLanguage\":\"de\",\"potentialAction\":[{\"@type\":\"ReadAction\",\"target\":[\"https:\\\/\\\/www.strassenweb.de\\\/nachrichten\\\/ich-dachte-ich-hasste-galy-kuechen-aber-mark-ruffalos-innovatives-layout-verwandelt-einen-schmalen-raum-in-ein-kunstwerk\\\/\"]}]},{\"@type\":\"ImageObject\",\"inLanguage\":\"de\",\"@id\":\"https:\\\/\\\/www.strassenweb.de\\\/nachrichten\\\/ich-dachte-ich-hasste-galy-kuechen-aber-mark-ruffalos-innovatives-layout-verwandelt-einen-schmalen-raum-in-ein-kunstwerk\\\/#primaryimage\",\"url\":\"https:\\\/\\\/www.strassenweb.de\\\/nachrichten\\\/wp-content\\\/uploads\\\/2025\\\/05\\\/M9ZVfM3YdJ59fMG9jPY7RW.jpg\",\"contentUrl\":\"https:\\\/\\\/www.strassenweb.de\\\/nachrichten\\\/wp-content\\\/uploads\\\/2025\\\/05\\\/M9ZVfM3YdJ59fMG9jPY7RW.jpg\",\"width\":1600,\"height\":900,\"caption\":\"Mark Ruffalo\"},{\"@type\":\"BreadcrumbList\",\"@id\":\"https:\\\/\\\/www.strassenweb.de\\\/nachrichten\\\/ich-dachte-ich-hasste-galy-kuechen-aber-mark-ruffalos-innovatives-layout-verwandelt-einen-schmalen-raum-in-ein-kunstwerk\\\/#breadcrumb\",\"itemListElement\":[{\"@type\":\"ListItem\",\"position\":1,\"name\":\"Home\",\"item\":\"https:\\\/\\\/www.strassenweb.de\\\/nachrichten\\\/\"},{\"@type\":\"ListItem\",\"position\":2,\"name\":\"Ich dachte, ich hasste Galy -K\u00fcchen, aber Mark Ruffalos innovatives Layout verwandelt einen schmalen Raum in ein Kunstwerk\"}]},{\"@type\":\"WebSite\",\"@id\":\"https:\\\/\\\/www.strassenweb.de\\\/nachrichten\\\/#website\",\"url\":\"https:\\\/\\\/www.strassenweb.de\\\/nachrichten\\\/\",\"name\":\"Stra\u00dfenweb\",\"description\":\"Stra\u00dfenverzeichnis f\u00fcr Deutschland\",\"publisher\":{\"@id\":\"https:\\\/\\\/www.strassenweb.de\\\/nachrichten\\\/#organization\"},\"potentialAction\":[{\"@type\":\"SearchAction\",\"target\":{\"@type\":\"EntryPoint\",\"urlTemplate\":\"https:\\\/\\\/www.strassenweb.de\\\/nachrichten\\\/?s={search_term_string}\"},\"query-input\":{\"@type\":\"PropertyValueSpecification\",\"valueRequired\":true,\"valueName\":\"search_term_string\"}}],\"inLanguage\":\"de\"},{\"@type\":\"Organization\",\"@id\":\"https:\\\/\\\/www.strassenweb.de\\\/nachrichten\\\/#organization\",\"name\":\"Stra\u00dfenweb\",\"url\":\"https:\\\/\\\/www.strassenweb.de\\\/nachrichten\\\/\",\"logo\":{\"@type\":\"ImageObject\",\"inLanguage\":\"de\",\"@id\":\"https:\\\/\\\/www.strassenweb.de\\\/nachrichten\\\/#\\\/schema\\\/logo\\\/image\\\/\",\"url\":\"https:\\\/\\\/www.strassenweb.de\\\/nachrichten\\\/wp-content\\\/uploads\\\/2024\\\/09\\\/cropped-favicon.png\",\"contentUrl\":\"https:\\\/\\\/www.strassenweb.de\\\/nachrichten\\\/wp-content\\\/uploads\\\/2024\\\/09\\\/cropped-favicon.png\",\"width\":512,\"height\":512,\"caption\":\"Stra\u00dfenweb\"},\"image\":{\"@id\":\"https:\\\/\\\/www.strassenweb.de\\\/nachrichten\\\/#\\\/schema\\\/logo\\\/image\\\/\"},\"sameAs\":[\"https:\\\/\\\/www.facebook.com\\\/strassenweb\\\/\"]},{\"@type\":\"Person\",\"@id\":\"https:\\\/\\\/www.strassenweb.de\\\/nachrichten\\\/#\\\/schema\\\/person\\\/87c9c9067f1211da429a744dc5a5aa41\",\"name\":\"Robert Hoffmann\",\"image\":{\"@type\":\"ImageObject\",\"inLanguage\":\"de\",\"@id\":\"https:\\\/\\\/www.strassenweb.de\\\/nachrichten\\\/wp-content\\\/uploads\\\/2024\\\/09\\\/strassenweb-150x150.jpg\",\"url\":\"https:\\\/\\\/www.strassenweb.de\\\/nachrichten\\\/wp-content\\\/uploads\\\/2024\\\/09\\\/strassenweb-150x150.jpg\",\"contentUrl\":\"https:\\\/\\\/www.strassenweb.de\\\/nachrichten\\\/wp-content\\\/uploads\\\/2024\\\/09\\\/strassenweb-150x150.jpg\",\"caption\":\"Robert Hoffmann\"},\"description\":\"Ich hei\u00dfe Robert Hoffmann und ich bin ein leidenschaftlicher Verfechter von \u00d6kologie und Biodiversit\u00e4t. Seit meiner Kindheit in den W\u00e4ldern Bayerns f\u00fchle ich mich mit der Natur verbunden und bin entschlossen, sie zu sch\u00fctzen. Heute widme ich mein Leben der Sensibilisierung anderer f\u00fcr die Bedeutung des Umweltschutzes f\u00fcr zuk\u00fcnftige Generationen.\",\"sameAs\":[\"https:\\\/\\\/www.strassenweb.de\\\/\"]}]}<\/script>\n<!-- \/ Yoast SEO plugin. -->","yoast_head_json":{"title":"Ich dachte, ich hasste Galy -K\u00fcchen, aber Mark Ruffalos innovatives Layout verwandelt einen schmalen Raum in ein Kunstwerk - Nachrichten - Stra\u00dfenweb","robots":{"index":"index","follow":"follow","max-snippet":"max-snippet:-1","max-image-preview":"max-image-preview:large","max-video-preview":"max-video-preview:-1"},"canonical":"https:\/\/www.strassenweb.de\/nachrichten\/ich-dachte-ich-hasste-galy-kuechen-aber-mark-ruffalos-innovatives-layout-verwandelt-einen-schmalen-raum-in-ein-kunstwerk\/","og_locale":"de_DE","og_type":"article","og_title":"Ich dachte, ich hasste Galy -K\u00fcchen, aber Mark Ruffalos innovatives Layout verwandelt einen schmalen Raum in ein Kunstwerk - Nachrichten - Stra\u00dfenweb","og_description":"Die Idee einer &#8222;Galeerek\u00fcche&#8220; hat mir historisch Angst in mein Herz geschlagen. Wie der Name schon sagt, hatte ich mir dieses enge Layout immer als","og_url":"https:\/\/www.strassenweb.de\/nachrichten\/ich-dachte-ich-hasste-galy-kuechen-aber-mark-ruffalos-innovatives-layout-verwandelt-einen-schmalen-raum-in-ein-kunstwerk\/","og_site_name":"Stra\u00dfenweb","article_publisher":"https:\/\/www.facebook.com\/strassenweb\/","article_published_time":"2025-05-14T02:40:59+00:00","og_image":[{"width":1600,"height":900,"url":"https:\/\/www.strassenweb.de\/nachrichten\/wp-content\/uploads\/2025\/05\/M9ZVfM3YdJ59fMG9jPY7RW.jpg","type":"image\/jpeg"}],"author":"Robert Hoffmann","twitter_card":"summary_large_image","twitter_misc":{"Verfasst von":"Robert Hoffmann","Gesch\u00e4tzte Lesezeit":"3\u00a0Minuten"},"schema":{"@context":"https:\/\/schema.org","@graph":[{"@type":"Article","@id":"https:\/\/www.strassenweb.de\/nachrichten\/ich-dachte-ich-hasste-galy-kuechen-aber-mark-ruffalos-innovatives-layout-verwandelt-einen-schmalen-raum-in-ein-kunstwerk\/#article","isPartOf":{"@id":"https:\/\/www.strassenweb.de\/nachrichten\/ich-dachte-ich-hasste-galy-kuechen-aber-mark-ruffalos-innovatives-layout-verwandelt-einen-schmalen-raum-in-ein-kunstwerk\/"},"author":{"name":"Robert Hoffmann","@id":"https:\/\/www.strassenweb.de\/nachrichten\/#\/schema\/person\/87c9c9067f1211da429a744dc5a5aa41"},"headline":"Ich dachte, ich hasste Galy -K\u00fcchen, aber Mark Ruffalos innovatives Layout verwandelt einen schmalen Raum in ein Kunstwerk","datePublished":"2025-05-14T02:40:59+00:00","mainEntityOfPage":{"@id":"https:\/\/www.strassenweb.de\/nachrichten\/ich-dachte-ich-hasste-galy-kuechen-aber-mark-ruffalos-innovatives-layout-verwandelt-einen-schmalen-raum-in-ein-kunstwerk\/"},"wordCount":523,"publisher":{"@id":"https:\/\/www.strassenweb.de\/nachrichten\/#organization"},"image":{"@id":"https:\/\/www.strassenweb.de\/nachrichten\/ich-dachte-ich-hasste-galy-kuechen-aber-mark-ruffalos-innovatives-layout-verwandelt-einen-schmalen-raum-in-ein-kunstwerk\/#primaryimage"},"thumbnailUrl":"https:\/\/www.strassenweb.de\/nachrichten\/wp-content\/uploads\/2025\/05\/M9ZVfM3YdJ59fMG9jPY7RW.jpg","keywords":["aber","dachte","ein","einen","Galy","hasste","ich","innovatives","K\u00fcchen","Kunstwerk","Layout","Mark","Raum","Ruffalos","schmalen","verwandelt"],"articleSection":["Haus &amp; Garten"],"inLanguage":"de"},{"@type":"WebPage","@id":"https:\/\/www.strassenweb.de\/nachrichten\/ich-dachte-ich-hasste-galy-kuechen-aber-mark-ruffalos-innovatives-layout-verwandelt-einen-schmalen-raum-in-ein-kunstwerk\/","url":"https:\/\/www.strassenweb.de\/nachrichten\/ich-dachte-ich-hasste-galy-kuechen-aber-mark-ruffalos-innovatives-layout-verwandelt-einen-schmalen-raum-in-ein-kunstwerk\/","name":"Ich dachte, ich hasste Galy -K\u00fcchen, aber Mark Ruffalos innovatives Layout verwandelt einen schmalen Raum in ein Kunstwerk - Nachrichten - Stra\u00dfenweb","isPartOf":{"@id":"https:\/\/www.strassenweb.de\/nachrichten\/#website"},"primaryImageOfPage":{"@id":"https:\/\/www.strassenweb.de\/nachrichten\/ich-dachte-ich-hasste-galy-kuechen-aber-mark-ruffalos-innovatives-layout-verwandelt-einen-schmalen-raum-in-ein-kunstwerk\/#primaryimage"},"image":{"@id":"https:\/\/www.strassenweb.de\/nachrichten\/ich-dachte-ich-hasste-galy-kuechen-aber-mark-ruffalos-innovatives-layout-verwandelt-einen-schmalen-raum-in-ein-kunstwerk\/#primaryimage"},"thumbnailUrl":"https:\/\/www.strassenweb.de\/nachrichten\/wp-content\/uploads\/2025\/05\/M9ZVfM3YdJ59fMG9jPY7RW.jpg","datePublished":"2025-05-14T02:40:59+00:00","breadcrumb":{"@id":"https:\/\/www.strassenweb.de\/nachrichten\/ich-dachte-ich-hasste-galy-kuechen-aber-mark-ruffalos-innovatives-layout-verwandelt-einen-schmalen-raum-in-ein-kunstwerk\/#breadcrumb"},"inLanguage":"de","potentialAction":[{"@type":"ReadAction","target":["https:\/\/www.strassenweb.de\/nachrichten\/ich-dachte-ich-hasste-galy-kuechen-aber-mark-ruffalos-innovatives-layout-verwandelt-einen-schmalen-raum-in-ein-kunstwerk\/"]}]},{"@type":"ImageObject","inLanguage":"de","@id":"https:\/\/www.strassenweb.de\/nachrichten\/ich-dachte-ich-hasste-galy-kuechen-aber-mark-ruffalos-innovatives-layout-verwandelt-einen-schmalen-raum-in-ein-kunstwerk\/#primaryimage","url":"https:\/\/www.strassenweb.de\/nachrichten\/wp-content\/uploads\/2025\/05\/M9ZVfM3YdJ59fMG9jPY7RW.jpg","contentUrl":"https:\/\/www.strassenweb.de\/nachrichten\/wp-content\/uploads\/2025\/05\/M9ZVfM3YdJ59fMG9jPY7RW.jpg","width":1600,"height":900,"caption":"Mark Ruffalo"},{"@type":"BreadcrumbList","@id":"https:\/\/www.strassenweb.de\/nachrichten\/ich-dachte-ich-hasste-galy-kuechen-aber-mark-ruffalos-innovatives-layout-verwandelt-einen-schmalen-raum-in-ein-kunstwerk\/#breadcrumb","itemListElement":[{"@type":"ListItem","position":1,"name":"Home","item":"https:\/\/www.strassenweb.de\/nachrichten\/"},{"@type":"ListItem","position":2,"name":"Ich dachte, ich hasste Galy -K\u00fcchen, aber Mark Ruffalos innovatives Layout verwandelt einen schmalen Raum in ein Kunstwerk"}]},{"@type":"WebSite","@id":"https:\/\/www.strassenweb.de\/nachrichten\/#website","url":"https:\/\/www.strassenweb.de\/nachrichten\/","name":"Stra\u00dfenweb","description":"Stra\u00dfenverzeichnis f\u00fcr Deutschland","publisher":{"@id":"https:\/\/www.strassenweb.de\/nachrichten\/#organization"},"potentialAction":[{"@type":"SearchAction","target":{"@type":"EntryPoint","urlTemplate":"https:\/\/www.strassenweb.de\/nachrichten\/?s={search_term_string}"},"query-input":{"@type":"PropertyValueSpecification","valueRequired":true,"valueName":"search_term_string"}}],"inLanguage":"de"},{"@type":"Organization","@id":"https:\/\/www.strassenweb.de\/nachrichten\/#organization","name":"Stra\u00dfenweb","url":"https:\/\/www.strassenweb.de\/nachrichten\/","logo":{"@type":"ImageObject","inLanguage":"de","@id":"https:\/\/www.strassenweb.de\/nachrichten\/#\/schema\/logo\/image\/","url":"https:\/\/www.strassenweb.de\/nachrichten\/wp-content\/uploads\/2024\/09\/cropped-favicon.png","contentUrl":"https:\/\/www.strassenweb.de\/nachrichten\/wp-content\/uploads\/2024\/09\/cropped-favicon.png","width":512,"height":512,"caption":"Stra\u00dfenweb"},"image":{"@id":"https:\/\/www.strassenweb.de\/nachrichten\/#\/schema\/logo\/image\/"},"sameAs":["https:\/\/www.facebook.com\/strassenweb\/"]},{"@type":"Person","@id":"https:\/\/www.strassenweb.de\/nachrichten\/#\/schema\/person\/87c9c9067f1211da429a744dc5a5aa41","name":"Robert Hoffmann","image":{"@type":"ImageObject","inLanguage":"de","@id":"https:\/\/www.strassenweb.de\/nachrichten\/wp-content\/uploads\/2024\/09\/strassenweb-150x150.jpg","url":"https:\/\/www.strassenweb.de\/nachrichten\/wp-content\/uploads\/2024\/09\/strassenweb-150x150.jpg","contentUrl":"https:\/\/www.strassenweb.de\/nachrichten\/wp-content\/uploads\/2024\/09\/strassenweb-150x150.jpg","caption":"Robert Hoffmann"},"description":"Ich hei\u00dfe Robert Hoffmann und ich bin ein leidenschaftlicher Verfechter von \u00d6kologie und Biodiversit\u00e4t. Seit meiner Kindheit in den W\u00e4ldern Bayerns f\u00fchle ich mich mit der Natur verbunden und bin entschlossen, sie zu sch\u00fctzen. Heute widme ich mein Leben der Sensibilisierung anderer f\u00fcr die Bedeutung des Umweltschutzes f\u00fcr zuk\u00fcnftige Generationen.","sameAs":["https:\/\/www.strassenweb.de\/"]}]}},"_links":{"self":[{"href":"https:\/\/www.strassenweb.de\/nachrichten\/wp-json\/wp\/v2\/posts\/5042","targetHints":{"allow":["GET"]}}],"collection":[{"href":"https:\/\/www.strassenweb.de\/nachrichten\/wp-json\/wp\/v2\/posts"}],"about":[{"href":"https:\/\/www.strassenweb.de\/nachrichten\/wp-json\/wp\/v2\/types\/post"}],"author":[{"embeddable":true,"href":"https:\/\/www.strassenweb.de\/nachrichten\/wp-json\/wp\/v2\/users\/1"}],"replies":[{"embeddable":true,"href":"https:\/\/www.strassenweb.de\/nachrichten\/wp-json\/wp\/v2\/comments?post=5042"}],"version-history":[{"count":0,"href":"https:\/\/www.strassenweb.de\/nachrichten\/wp-json\/wp\/v2\/posts\/5042\/revisions"}],"wp:featuredmedia":[{"embeddable":true,"href":"https:\/\/www.strassenweb.de\/nachrichten\/wp-json\/wp\/v2\/media\/5043"}],"wp:attachment":[{"href":"https:\/\/www.strassenweb.de\/nachrichten\/wp-json\/wp\/v2\/media?parent=5042"}],"wp:term":[{"taxonomy":"category","embeddable":true,"href":"https:\/\/www.strassenweb.de\/nachrichten\/wp-json\/wp\/v2\/categories?post=5042"},{"taxonomy":"post_tag","embeddable":true,"href":"https:\/\/www.strassenweb.de\/nachrichten\/wp-json\/wp\/v2\/tags?post=5042"}],"curies":[{"name":"wp","href":"https:\/\/api.w.org\/{rel}","templated":true}]}}