{"id":4988,"date":"2025-05-11T20:42:43","date_gmt":"2025-05-11T18:42:43","guid":{"rendered":"https:\/\/www.strassenweb.de\/nachrichten\/dieser-chic-martha-stewart-entworfener-stuhl-gehoert-auf-der-terrasse-eines-pariser-bistros-sie-perfektioniert-die-europaeische-cafekultur-fuer-180-us-dollar\/"},"modified":"2025-05-11T20:42:44","modified_gmt":"2025-05-11T18:42:44","slug":"dieser-chic-martha-stewart-entworfener-stuhl-gehoert-auf-der-terrasse-eines-pariser-bistros-sie-perfektioniert-die-europaeische-cafekultur-fuer-180-us-dollar","status":"publish","type":"post","link":"https:\/\/www.strassenweb.de\/nachrichten\/dieser-chic-martha-stewart-entworfener-stuhl-gehoert-auf-der-terrasse-eines-pariser-bistros-sie-perfektioniert-die-europaeische-cafekultur-fuer-180-us-dollar\/","title":{"rendered":"Dieser Chic Martha Stewart-entworfener Stuhl geh\u00f6rt auf der Terrasse eines Pariser Bistros-sie perfektioniert die europ\u00e4ische Caf\u00e9kultur (f\u00fcr 180 US-Dollar)"},"content":{"rendered":"<p><\/p>\n<div id=\"article-body\" class=\"article__body \">\n<p>Wenn Sie wie wir sind, tr\u00e4umen Sie davon, \u00fcber den Sommer in eine europ\u00e4ische Hauptstadt zu fliehen, wo die Caf\u00e9kultur eine Lebenseinstellung ist. Obwohl nicht alle von uns die Reise nach \u00dcbersee machen, hei\u00dft das nicht, dass wir das Ambiente in unseren eigenen Hinterh\u00f6fen nicht nachbilden k\u00f6nnen, und wir haben das perfekte St\u00fcck gefunden.<\/p>\n<div id=\"ad-unit-1\" class=\"ad-unit\"><\/div>\n<p>Als wir nach Hinterhof -Aufenthalts -Ideen nachdachten, stie\u00dfen wir auf diesen wundersch\u00f6nen, gemusterten Martha Stewart -Essstuhl in Wayfair. Mit nur 180 US -Dollar hat dieser Sitz ein luxuri\u00f6ses Gef\u00fchl mit einem gewebten Rattan, einem blauen und wei\u00dfen Sitz und einem langlebigen, rostfesten Aluminiumrahmen.<\/p>\n<aside data-block-type=\"embed\" data-render-type=\"fte\" data-skip=\"dealsy\" data-widget-type=\"seasonal\" class=\"hawk-base\"><\/aside>\n<p>Eine Kombination aus praktischen und luxuri\u00f6sen M\u00f6beln zu finden, ist das, wof\u00fcr wir leben, und umso besser, wenn es sich um einen Trend handelt (Spoiler: Es ist sehr viel f\u00fcr den Sommer 2025).<\/p>\n<div id=\"desktop-in-article\" class=\"in-article ad-unit\">\n<div id=\"desktop-taboola-mid-article\"><\/div>\n<\/div>\n<div id=\"mobile-in-article\" class=\"in-article ad-unit\">\n<div id=\"mobile-taboola-mid-article\"><\/div>\n<\/div>\n<p>Experten zufolge hat das schicke Design von Mustered Furniture ein von Natur aus veranstaltetes Gef\u00fchl, das an sonnige Ziele erinnert. Sie sind auch extrem pragmatisch.<\/p>\n<div class=\"van_vid_carousel\">\n<div class=\"van_vid_carousel__padding\">\n<div class=\"van_vid_carousel__container\"><\/div>\n<\/div>\n<\/div>\n<p>&#8222;Gemusterte Outdoor-M\u00f6bel k\u00f6nnen das Erscheinungsbild Ihres Au\u00dfenbereichs wirklich st\u00e4rken&#8220;, sagt der Innenarchitekten von Hamptons, Allison Babcock.<\/p>\n<div id=\"ad-unit-2\" class=\"ad-unit\"><\/div>\n<p>&#8222;Die Entw\u00fcrfe verleihen nicht nur eine unterhaltsame und einzigartige Note, sondern machen auch gro\u00dfartige Arbeit, um Schmutz und Flecken zu verbergen, was sehr wichtig ist, da sie den Elementen und jedem Unternehmen, das Sie haben, standhalten m\u00fcssen.&#8220;<\/p>\n<p>Wenn Ihre Terrassenm\u00f6bel befleckt werden und Sie sie sauber halten m\u00f6chten, wird eine einfache Seife und eine Wassermischung normalerweise den Trick dazu haben, dass sie frisch aussieht, insbesondere wenn Wei\u00df enthalten ist.<\/p>\n<div id=\"slice-container-newsletterForm-articleInbodyContent-EELVQWhN2bmM4ugG5ft9eC\" class=\"slice-container newsletter-inbodyContent-slice newsletterForm-articleInbodyContent-EELVQWhN2bmM4ugG5ft9eC slice-container-newsletterForm\"><\/div>\n<p>Allison merkt auch an, dass es unz\u00e4hlige M\u00f6glichkeiten mit gemusterten M\u00f6beln gibt und ermutigt Sie, mit einem Druck herumzuspielen, der Ihrem pers\u00f6nlichen Stil treu anf\u00fchlt.<\/p>\n<p>&#8222;Egal, ob Sie sich f\u00fcr mutige Streifen oder zarte Blumenmuster entscheiden, diese Teile verleihen Charme und Charakter und machen Ihren Wohnbereich im Freien gem\u00fctlicher und einladender&#8220;, erkl\u00e4rt sie. \u201eSie mischen sich wundersch\u00f6n in die nat\u00fcrliche Umgebung und schaffen einen gro\u00dfartigen Ort, um mit Freunden und Familie abzuh\u00e4ngen. Gemusterte M\u00f6bel vereinen Sch\u00f6nheit, Praktikabilit\u00e4t und Vielseitigkeit und machen es zu einer perfekten Wahl, um Ihre Wohnbereiche im Freien zu erh\u00f6hen. &#8218;<\/p>\n<p>Ein letzter Tipp? Versuchen Sie, verschiedene Muster und Farben f\u00fcr eine vielseitigere Mischung zu mischen und zu passen, oder halten Sie die Dinge mit einer Reihe passender Sitze f\u00fcr einen zusammenh\u00e4ngenden Look einheitlich. Dann genie\u00dfen Sie Ihren Morgenkaffee oder Abend Aperitif, so wie Sie es an fernen Ufern tun w\u00fcrden.<\/p>\n<hr>\n<\/div>\n","protected":false},"excerpt":{"rendered":"<p>Wenn Sie wie wir sind, tr\u00e4umen Sie davon, \u00fcber den Sommer in eine europ\u00e4ische Hauptstadt zu fliehen, wo die Caf\u00e9kultur eine Lebenseinstellung ist. Obwohl nicht<\/p>\n","protected":false},"author":1,"featured_media":4989,"comment_status":"closed","ping_status":"","sticky":false,"template":"","format":"standard","meta":{"footnotes":""},"categories":[118],"tags":[46,7264,7266,6479,81,9,1554,827,7265,55,1810,2894,2918,4242,7263,6815,2491,1038],"class_list":["post-4988","post","type-post","status-publish","format-standard","has-post-thumbnail","hentry","category-haus-garten","tag-auf","tag-bistrossie","tag-cafekultur","tag-chic","tag-der","tag-die","tag-dieser","tag-eines","tag-europaeische","tag-fuer","tag-gehoert","tag-martha","tag-pariser","tag-perfektioniert","tag-stewartentworfener","tag-stuhl","tag-terrasse","tag-usdollar","generate-columns","tablet-grid-50","mobile-grid-100","grid-parent","grid-50"],"yoast_head":"<!-- This site is optimized with the Yoast SEO plugin v27.3 - https:\/\/yoast.com\/product\/yoast-seo-wordpress\/ -->\n<title>Dieser Chic Martha Stewart-entworfener Stuhl geh\u00f6rt auf der Terrasse eines Pariser Bistros-sie perfektioniert die europ\u00e4ische Caf\u00e9kultur (f\u00fcr 180 US-Dollar) - Nachrichten - Stra\u00dfenweb<\/title>\n<meta name=\"robots\" content=\"index, follow, max-snippet:-1, max-image-preview:large, max-video-preview:-1\" \/>\n<link rel=\"canonical\" href=\"https:\/\/www.strassenweb.de\/nachrichten\/dieser-chic-martha-stewart-entworfener-stuhl-gehoert-auf-der-terrasse-eines-pariser-bistros-sie-perfektioniert-die-europaeische-cafekultur-fuer-180-us-dollar\/\" \/>\n<meta property=\"og:locale\" content=\"de_DE\" \/>\n<meta property=\"og:type\" content=\"article\" \/>\n<meta property=\"og:title\" content=\"Dieser Chic Martha Stewart-entworfener Stuhl geh\u00f6rt auf der Terrasse eines Pariser Bistros-sie perfektioniert die europ\u00e4ische Caf\u00e9kultur (f\u00fcr 180 US-Dollar) - Nachrichten - Stra\u00dfenweb\" \/>\n<meta property=\"og:description\" content=\"Wenn Sie wie wir sind, tr\u00e4umen Sie davon, \u00fcber den Sommer in eine europ\u00e4ische Hauptstadt zu fliehen, wo die Caf\u00e9kultur eine Lebenseinstellung ist. Obwohl nicht\" \/>\n<meta property=\"og:url\" content=\"https:\/\/www.strassenweb.de\/nachrichten\/dieser-chic-martha-stewart-entworfener-stuhl-gehoert-auf-der-terrasse-eines-pariser-bistros-sie-perfektioniert-die-europaeische-cafekultur-fuer-180-us-dollar\/\" \/>\n<meta property=\"og:site_name\" content=\"Stra\u00dfenweb\" \/>\n<meta property=\"article:publisher\" content=\"https:\/\/www.facebook.com\/strassenweb\/\" \/>\n<meta property=\"article:published_time\" content=\"2025-05-11T18:42:43+00:00\" \/>\n<meta property=\"article:modified_time\" content=\"2025-05-11T18:42:44+00:00\" \/>\n<meta property=\"og:image\" content=\"https:\/\/www.strassenweb.de\/nachrichten\/wp-content\/uploads\/2024\/12\/H486y2W2C67BiQQivb5JdU.jpg\" \/>\n\t<meta property=\"og:image:width\" content=\"1\" \/>\n\t<meta property=\"og:image:height\" content=\"1\" \/>\n\t<meta property=\"og:image:type\" content=\"image\/jpeg\" \/>\n<meta name=\"author\" content=\"Robert Hoffmann\" \/>\n<meta name=\"twitter:card\" content=\"summary_large_image\" \/>\n<meta name=\"twitter:label1\" content=\"Verfasst von\" \/>\n\t<meta name=\"twitter:data1\" content=\"Robert Hoffmann\" \/>\n\t<meta name=\"twitter:label2\" content=\"Gesch\u00e4tzte Lesezeit\" \/>\n\t<meta name=\"twitter:data2\" content=\"2\u00a0Minuten\" \/>\n<script type=\"application\/ld+json\" class=\"yoast-schema-graph\">{\"@context\":\"https:\\\/\\\/schema.org\",\"@graph\":[{\"@type\":\"Article\",\"@id\":\"https:\\\/\\\/www.strassenweb.de\\\/nachrichten\\\/dieser-chic-martha-stewart-entworfener-stuhl-gehoert-auf-der-terrasse-eines-pariser-bistros-sie-perfektioniert-die-europaeische-cafekultur-fuer-180-us-dollar\\\/#article\",\"isPartOf\":{\"@id\":\"https:\\\/\\\/www.strassenweb.de\\\/nachrichten\\\/dieser-chic-martha-stewart-entworfener-stuhl-gehoert-auf-der-terrasse-eines-pariser-bistros-sie-perfektioniert-die-europaeische-cafekultur-fuer-180-us-dollar\\\/\"},\"author\":{\"name\":\"Robert Hoffmann\",\"@id\":\"https:\\\/\\\/www.strassenweb.de\\\/nachrichten\\\/#\\\/schema\\\/person\\\/87c9c9067f1211da429a744dc5a5aa41\"},\"headline\":\"Dieser Chic Martha Stewart-entworfener Stuhl geh\u00f6rt auf der Terrasse eines Pariser Bistros-sie perfektioniert die europ\u00e4ische Caf\u00e9kultur (f\u00fcr 180 US-Dollar)\",\"datePublished\":\"2025-05-11T18:42:43+00:00\",\"dateModified\":\"2025-05-11T18:42:44+00:00\",\"mainEntityOfPage\":{\"@id\":\"https:\\\/\\\/www.strassenweb.de\\\/nachrichten\\\/dieser-chic-martha-stewart-entworfener-stuhl-gehoert-auf-der-terrasse-eines-pariser-bistros-sie-perfektioniert-die-europaeische-cafekultur-fuer-180-us-dollar\\\/\"},\"wordCount\":450,\"publisher\":{\"@id\":\"https:\\\/\\\/www.strassenweb.de\\\/nachrichten\\\/#organization\"},\"image\":{\"@id\":\"https:\\\/\\\/www.strassenweb.de\\\/nachrichten\\\/dieser-chic-martha-stewart-entworfener-stuhl-gehoert-auf-der-terrasse-eines-pariser-bistros-sie-perfektioniert-die-europaeische-cafekultur-fuer-180-us-dollar\\\/#primaryimage\"},\"thumbnailUrl\":\"https:\\\/\\\/www.strassenweb.de\\\/nachrichten\\\/wp-content\\\/uploads\\\/2024\\\/12\\\/H486y2W2C67BiQQivb5JdU.jpg\",\"keywords\":[\"auf\",\"Bistrossie\",\"Caf\u00e9kultur\",\"Chic\",\"der\",\"die\",\"dieser\",\"eines\",\"europ\u00e4ische\",\"f\u00fcr\",\"geh\u00f6rt\",\"Martha\",\"Pariser\",\"perfektioniert\",\"Stewartentworfener\",\"Stuhl\",\"Terrasse\",\"USDollar\"],\"articleSection\":[\"Haus &amp; Garten\"],\"inLanguage\":\"de\"},{\"@type\":\"WebPage\",\"@id\":\"https:\\\/\\\/www.strassenweb.de\\\/nachrichten\\\/dieser-chic-martha-stewart-entworfener-stuhl-gehoert-auf-der-terrasse-eines-pariser-bistros-sie-perfektioniert-die-europaeische-cafekultur-fuer-180-us-dollar\\\/\",\"url\":\"https:\\\/\\\/www.strassenweb.de\\\/nachrichten\\\/dieser-chic-martha-stewart-entworfener-stuhl-gehoert-auf-der-terrasse-eines-pariser-bistros-sie-perfektioniert-die-europaeische-cafekultur-fuer-180-us-dollar\\\/\",\"name\":\"Dieser Chic Martha Stewart-entworfener Stuhl geh\u00f6rt auf der Terrasse eines Pariser Bistros-sie perfektioniert die europ\u00e4ische Caf\u00e9kultur (f\u00fcr 180 US-Dollar) - Nachrichten - Stra\u00dfenweb\",\"isPartOf\":{\"@id\":\"https:\\\/\\\/www.strassenweb.de\\\/nachrichten\\\/#website\"},\"primaryImageOfPage\":{\"@id\":\"https:\\\/\\\/www.strassenweb.de\\\/nachrichten\\\/dieser-chic-martha-stewart-entworfener-stuhl-gehoert-auf-der-terrasse-eines-pariser-bistros-sie-perfektioniert-die-europaeische-cafekultur-fuer-180-us-dollar\\\/#primaryimage\"},\"image\":{\"@id\":\"https:\\\/\\\/www.strassenweb.de\\\/nachrichten\\\/dieser-chic-martha-stewart-entworfener-stuhl-gehoert-auf-der-terrasse-eines-pariser-bistros-sie-perfektioniert-die-europaeische-cafekultur-fuer-180-us-dollar\\\/#primaryimage\"},\"thumbnailUrl\":\"https:\\\/\\\/www.strassenweb.de\\\/nachrichten\\\/wp-content\\\/uploads\\\/2024\\\/12\\\/H486y2W2C67BiQQivb5JdU.jpg\",\"datePublished\":\"2025-05-11T18:42:43+00:00\",\"dateModified\":\"2025-05-11T18:42:44+00:00\",\"breadcrumb\":{\"@id\":\"https:\\\/\\\/www.strassenweb.de\\\/nachrichten\\\/dieser-chic-martha-stewart-entworfener-stuhl-gehoert-auf-der-terrasse-eines-pariser-bistros-sie-perfektioniert-die-europaeische-cafekultur-fuer-180-us-dollar\\\/#breadcrumb\"},\"inLanguage\":\"de\",\"potentialAction\":[{\"@type\":\"ReadAction\",\"target\":[\"https:\\\/\\\/www.strassenweb.de\\\/nachrichten\\\/dieser-chic-martha-stewart-entworfener-stuhl-gehoert-auf-der-terrasse-eines-pariser-bistros-sie-perfektioniert-die-europaeische-cafekultur-fuer-180-us-dollar\\\/\"]}]},{\"@type\":\"ImageObject\",\"inLanguage\":\"de\",\"@id\":\"https:\\\/\\\/www.strassenweb.de\\\/nachrichten\\\/dieser-chic-martha-stewart-entworfener-stuhl-gehoert-auf-der-terrasse-eines-pariser-bistros-sie-perfektioniert-die-europaeische-cafekultur-fuer-180-us-dollar\\\/#primaryimage\",\"url\":\"https:\\\/\\\/www.strassenweb.de\\\/nachrichten\\\/wp-content\\\/uploads\\\/2024\\\/12\\\/H486y2W2C67BiQQivb5JdU.jpg\",\"contentUrl\":\"https:\\\/\\\/www.strassenweb.de\\\/nachrichten\\\/wp-content\\\/uploads\\\/2024\\\/12\\\/H486y2W2C67BiQQivb5JdU.jpg\",\"caption\":\"Martha Stewart\"},{\"@type\":\"BreadcrumbList\",\"@id\":\"https:\\\/\\\/www.strassenweb.de\\\/nachrichten\\\/dieser-chic-martha-stewart-entworfener-stuhl-gehoert-auf-der-terrasse-eines-pariser-bistros-sie-perfektioniert-die-europaeische-cafekultur-fuer-180-us-dollar\\\/#breadcrumb\",\"itemListElement\":[{\"@type\":\"ListItem\",\"position\":1,\"name\":\"Home\",\"item\":\"https:\\\/\\\/www.strassenweb.de\\\/nachrichten\\\/\"},{\"@type\":\"ListItem\",\"position\":2,\"name\":\"Dieser Chic Martha Stewart-entworfener Stuhl geh\u00f6rt auf der Terrasse eines Pariser Bistros-sie perfektioniert die europ\u00e4ische Caf\u00e9kultur (f\u00fcr 180 US-Dollar)\"}]},{\"@type\":\"WebSite\",\"@id\":\"https:\\\/\\\/www.strassenweb.de\\\/nachrichten\\\/#website\",\"url\":\"https:\\\/\\\/www.strassenweb.de\\\/nachrichten\\\/\",\"name\":\"Stra\u00dfenweb\",\"description\":\"Stra\u00dfenverzeichnis f\u00fcr Deutschland\",\"publisher\":{\"@id\":\"https:\\\/\\\/www.strassenweb.de\\\/nachrichten\\\/#organization\"},\"potentialAction\":[{\"@type\":\"SearchAction\",\"target\":{\"@type\":\"EntryPoint\",\"urlTemplate\":\"https:\\\/\\\/www.strassenweb.de\\\/nachrichten\\\/?s={search_term_string}\"},\"query-input\":{\"@type\":\"PropertyValueSpecification\",\"valueRequired\":true,\"valueName\":\"search_term_string\"}}],\"inLanguage\":\"de\"},{\"@type\":\"Organization\",\"@id\":\"https:\\\/\\\/www.strassenweb.de\\\/nachrichten\\\/#organization\",\"name\":\"Stra\u00dfenweb\",\"url\":\"https:\\\/\\\/www.strassenweb.de\\\/nachrichten\\\/\",\"logo\":{\"@type\":\"ImageObject\",\"inLanguage\":\"de\",\"@id\":\"https:\\\/\\\/www.strassenweb.de\\\/nachrichten\\\/#\\\/schema\\\/logo\\\/image\\\/\",\"url\":\"https:\\\/\\\/www.strassenweb.de\\\/nachrichten\\\/wp-content\\\/uploads\\\/2024\\\/09\\\/cropped-favicon.png\",\"contentUrl\":\"https:\\\/\\\/www.strassenweb.de\\\/nachrichten\\\/wp-content\\\/uploads\\\/2024\\\/09\\\/cropped-favicon.png\",\"width\":512,\"height\":512,\"caption\":\"Stra\u00dfenweb\"},\"image\":{\"@id\":\"https:\\\/\\\/www.strassenweb.de\\\/nachrichten\\\/#\\\/schema\\\/logo\\\/image\\\/\"},\"sameAs\":[\"https:\\\/\\\/www.facebook.com\\\/strassenweb\\\/\"]},{\"@type\":\"Person\",\"@id\":\"https:\\\/\\\/www.strassenweb.de\\\/nachrichten\\\/#\\\/schema\\\/person\\\/87c9c9067f1211da429a744dc5a5aa41\",\"name\":\"Robert Hoffmann\",\"image\":{\"@type\":\"ImageObject\",\"inLanguage\":\"de\",\"@id\":\"https:\\\/\\\/www.strassenweb.de\\\/nachrichten\\\/wp-content\\\/uploads\\\/2024\\\/09\\\/strassenweb-150x150.jpg\",\"url\":\"https:\\\/\\\/www.strassenweb.de\\\/nachrichten\\\/wp-content\\\/uploads\\\/2024\\\/09\\\/strassenweb-150x150.jpg\",\"contentUrl\":\"https:\\\/\\\/www.strassenweb.de\\\/nachrichten\\\/wp-content\\\/uploads\\\/2024\\\/09\\\/strassenweb-150x150.jpg\",\"caption\":\"Robert Hoffmann\"},\"description\":\"Ich hei\u00dfe Robert Hoffmann und ich bin ein leidenschaftlicher Verfechter von \u00d6kologie und Biodiversit\u00e4t. Seit meiner Kindheit in den W\u00e4ldern Bayerns f\u00fchle ich mich mit der Natur verbunden und bin entschlossen, sie zu sch\u00fctzen. Heute widme ich mein Leben der Sensibilisierung anderer f\u00fcr die Bedeutung des Umweltschutzes f\u00fcr zuk\u00fcnftige Generationen.\",\"sameAs\":[\"https:\\\/\\\/www.strassenweb.de\\\/\"]}]}<\/script>\n<!-- \/ Yoast SEO plugin. -->","yoast_head_json":{"title":"Dieser Chic Martha Stewart-entworfener Stuhl geh\u00f6rt auf der Terrasse eines Pariser Bistros-sie perfektioniert die europ\u00e4ische Caf\u00e9kultur (f\u00fcr 180 US-Dollar) - Nachrichten - Stra\u00dfenweb","robots":{"index":"index","follow":"follow","max-snippet":"max-snippet:-1","max-image-preview":"max-image-preview:large","max-video-preview":"max-video-preview:-1"},"canonical":"https:\/\/www.strassenweb.de\/nachrichten\/dieser-chic-martha-stewart-entworfener-stuhl-gehoert-auf-der-terrasse-eines-pariser-bistros-sie-perfektioniert-die-europaeische-cafekultur-fuer-180-us-dollar\/","og_locale":"de_DE","og_type":"article","og_title":"Dieser Chic Martha Stewart-entworfener Stuhl geh\u00f6rt auf der Terrasse eines Pariser Bistros-sie perfektioniert die europ\u00e4ische Caf\u00e9kultur (f\u00fcr 180 US-Dollar) - Nachrichten - Stra\u00dfenweb","og_description":"Wenn Sie wie wir sind, tr\u00e4umen Sie davon, \u00fcber den Sommer in eine europ\u00e4ische Hauptstadt zu fliehen, wo die Caf\u00e9kultur eine Lebenseinstellung ist. Obwohl nicht","og_url":"https:\/\/www.strassenweb.de\/nachrichten\/dieser-chic-martha-stewart-entworfener-stuhl-gehoert-auf-der-terrasse-eines-pariser-bistros-sie-perfektioniert-die-europaeische-cafekultur-fuer-180-us-dollar\/","og_site_name":"Stra\u00dfenweb","article_publisher":"https:\/\/www.facebook.com\/strassenweb\/","article_published_time":"2025-05-11T18:42:43+00:00","article_modified_time":"2025-05-11T18:42:44+00:00","og_image":[{"url":"https:\/\/www.strassenweb.de\/nachrichten\/wp-content\/uploads\/2024\/12\/H486y2W2C67BiQQivb5JdU.jpg","width":1,"height":1,"type":"image\/jpeg"}],"author":"Robert Hoffmann","twitter_card":"summary_large_image","twitter_misc":{"Verfasst von":"Robert Hoffmann","Gesch\u00e4tzte Lesezeit":"2\u00a0Minuten"},"schema":{"@context":"https:\/\/schema.org","@graph":[{"@type":"Article","@id":"https:\/\/www.strassenweb.de\/nachrichten\/dieser-chic-martha-stewart-entworfener-stuhl-gehoert-auf-der-terrasse-eines-pariser-bistros-sie-perfektioniert-die-europaeische-cafekultur-fuer-180-us-dollar\/#article","isPartOf":{"@id":"https:\/\/www.strassenweb.de\/nachrichten\/dieser-chic-martha-stewart-entworfener-stuhl-gehoert-auf-der-terrasse-eines-pariser-bistros-sie-perfektioniert-die-europaeische-cafekultur-fuer-180-us-dollar\/"},"author":{"name":"Robert Hoffmann","@id":"https:\/\/www.strassenweb.de\/nachrichten\/#\/schema\/person\/87c9c9067f1211da429a744dc5a5aa41"},"headline":"Dieser Chic Martha Stewart-entworfener Stuhl geh\u00f6rt auf der Terrasse eines Pariser Bistros-sie perfektioniert die europ\u00e4ische Caf\u00e9kultur (f\u00fcr 180 US-Dollar)","datePublished":"2025-05-11T18:42:43+00:00","dateModified":"2025-05-11T18:42:44+00:00","mainEntityOfPage":{"@id":"https:\/\/www.strassenweb.de\/nachrichten\/dieser-chic-martha-stewart-entworfener-stuhl-gehoert-auf-der-terrasse-eines-pariser-bistros-sie-perfektioniert-die-europaeische-cafekultur-fuer-180-us-dollar\/"},"wordCount":450,"publisher":{"@id":"https:\/\/www.strassenweb.de\/nachrichten\/#organization"},"image":{"@id":"https:\/\/www.strassenweb.de\/nachrichten\/dieser-chic-martha-stewart-entworfener-stuhl-gehoert-auf-der-terrasse-eines-pariser-bistros-sie-perfektioniert-die-europaeische-cafekultur-fuer-180-us-dollar\/#primaryimage"},"thumbnailUrl":"https:\/\/www.strassenweb.de\/nachrichten\/wp-content\/uploads\/2024\/12\/H486y2W2C67BiQQivb5JdU.jpg","keywords":["auf","Bistrossie","Caf\u00e9kultur","Chic","der","die","dieser","eines","europ\u00e4ische","f\u00fcr","geh\u00f6rt","Martha","Pariser","perfektioniert","Stewartentworfener","Stuhl","Terrasse","USDollar"],"articleSection":["Haus &amp; Garten"],"inLanguage":"de"},{"@type":"WebPage","@id":"https:\/\/www.strassenweb.de\/nachrichten\/dieser-chic-martha-stewart-entworfener-stuhl-gehoert-auf-der-terrasse-eines-pariser-bistros-sie-perfektioniert-die-europaeische-cafekultur-fuer-180-us-dollar\/","url":"https:\/\/www.strassenweb.de\/nachrichten\/dieser-chic-martha-stewart-entworfener-stuhl-gehoert-auf-der-terrasse-eines-pariser-bistros-sie-perfektioniert-die-europaeische-cafekultur-fuer-180-us-dollar\/","name":"Dieser Chic Martha Stewart-entworfener Stuhl geh\u00f6rt auf der Terrasse eines Pariser Bistros-sie perfektioniert die europ\u00e4ische Caf\u00e9kultur (f\u00fcr 180 US-Dollar) - Nachrichten - Stra\u00dfenweb","isPartOf":{"@id":"https:\/\/www.strassenweb.de\/nachrichten\/#website"},"primaryImageOfPage":{"@id":"https:\/\/www.strassenweb.de\/nachrichten\/dieser-chic-martha-stewart-entworfener-stuhl-gehoert-auf-der-terrasse-eines-pariser-bistros-sie-perfektioniert-die-europaeische-cafekultur-fuer-180-us-dollar\/#primaryimage"},"image":{"@id":"https:\/\/www.strassenweb.de\/nachrichten\/dieser-chic-martha-stewart-entworfener-stuhl-gehoert-auf-der-terrasse-eines-pariser-bistros-sie-perfektioniert-die-europaeische-cafekultur-fuer-180-us-dollar\/#primaryimage"},"thumbnailUrl":"https:\/\/www.strassenweb.de\/nachrichten\/wp-content\/uploads\/2024\/12\/H486y2W2C67BiQQivb5JdU.jpg","datePublished":"2025-05-11T18:42:43+00:00","dateModified":"2025-05-11T18:42:44+00:00","breadcrumb":{"@id":"https:\/\/www.strassenweb.de\/nachrichten\/dieser-chic-martha-stewart-entworfener-stuhl-gehoert-auf-der-terrasse-eines-pariser-bistros-sie-perfektioniert-die-europaeische-cafekultur-fuer-180-us-dollar\/#breadcrumb"},"inLanguage":"de","potentialAction":[{"@type":"ReadAction","target":["https:\/\/www.strassenweb.de\/nachrichten\/dieser-chic-martha-stewart-entworfener-stuhl-gehoert-auf-der-terrasse-eines-pariser-bistros-sie-perfektioniert-die-europaeische-cafekultur-fuer-180-us-dollar\/"]}]},{"@type":"ImageObject","inLanguage":"de","@id":"https:\/\/www.strassenweb.de\/nachrichten\/dieser-chic-martha-stewart-entworfener-stuhl-gehoert-auf-der-terrasse-eines-pariser-bistros-sie-perfektioniert-die-europaeische-cafekultur-fuer-180-us-dollar\/#primaryimage","url":"https:\/\/www.strassenweb.de\/nachrichten\/wp-content\/uploads\/2024\/12\/H486y2W2C67BiQQivb5JdU.jpg","contentUrl":"https:\/\/www.strassenweb.de\/nachrichten\/wp-content\/uploads\/2024\/12\/H486y2W2C67BiQQivb5JdU.jpg","caption":"Martha Stewart"},{"@type":"BreadcrumbList","@id":"https:\/\/www.strassenweb.de\/nachrichten\/dieser-chic-martha-stewart-entworfener-stuhl-gehoert-auf-der-terrasse-eines-pariser-bistros-sie-perfektioniert-die-europaeische-cafekultur-fuer-180-us-dollar\/#breadcrumb","itemListElement":[{"@type":"ListItem","position":1,"name":"Home","item":"https:\/\/www.strassenweb.de\/nachrichten\/"},{"@type":"ListItem","position":2,"name":"Dieser Chic Martha Stewart-entworfener Stuhl geh\u00f6rt auf der Terrasse eines Pariser Bistros-sie perfektioniert die europ\u00e4ische Caf\u00e9kultur (f\u00fcr 180 US-Dollar)"}]},{"@type":"WebSite","@id":"https:\/\/www.strassenweb.de\/nachrichten\/#website","url":"https:\/\/www.strassenweb.de\/nachrichten\/","name":"Stra\u00dfenweb","description":"Stra\u00dfenverzeichnis f\u00fcr Deutschland","publisher":{"@id":"https:\/\/www.strassenweb.de\/nachrichten\/#organization"},"potentialAction":[{"@type":"SearchAction","target":{"@type":"EntryPoint","urlTemplate":"https:\/\/www.strassenweb.de\/nachrichten\/?s={search_term_string}"},"query-input":{"@type":"PropertyValueSpecification","valueRequired":true,"valueName":"search_term_string"}}],"inLanguage":"de"},{"@type":"Organization","@id":"https:\/\/www.strassenweb.de\/nachrichten\/#organization","name":"Stra\u00dfenweb","url":"https:\/\/www.strassenweb.de\/nachrichten\/","logo":{"@type":"ImageObject","inLanguage":"de","@id":"https:\/\/www.strassenweb.de\/nachrichten\/#\/schema\/logo\/image\/","url":"https:\/\/www.strassenweb.de\/nachrichten\/wp-content\/uploads\/2024\/09\/cropped-favicon.png","contentUrl":"https:\/\/www.strassenweb.de\/nachrichten\/wp-content\/uploads\/2024\/09\/cropped-favicon.png","width":512,"height":512,"caption":"Stra\u00dfenweb"},"image":{"@id":"https:\/\/www.strassenweb.de\/nachrichten\/#\/schema\/logo\/image\/"},"sameAs":["https:\/\/www.facebook.com\/strassenweb\/"]},{"@type":"Person","@id":"https:\/\/www.strassenweb.de\/nachrichten\/#\/schema\/person\/87c9c9067f1211da429a744dc5a5aa41","name":"Robert Hoffmann","image":{"@type":"ImageObject","inLanguage":"de","@id":"https:\/\/www.strassenweb.de\/nachrichten\/wp-content\/uploads\/2024\/09\/strassenweb-150x150.jpg","url":"https:\/\/www.strassenweb.de\/nachrichten\/wp-content\/uploads\/2024\/09\/strassenweb-150x150.jpg","contentUrl":"https:\/\/www.strassenweb.de\/nachrichten\/wp-content\/uploads\/2024\/09\/strassenweb-150x150.jpg","caption":"Robert Hoffmann"},"description":"Ich hei\u00dfe Robert Hoffmann und ich bin ein leidenschaftlicher Verfechter von \u00d6kologie und Biodiversit\u00e4t. Seit meiner Kindheit in den W\u00e4ldern Bayerns f\u00fchle ich mich mit der Natur verbunden und bin entschlossen, sie zu sch\u00fctzen. Heute widme ich mein Leben der Sensibilisierung anderer f\u00fcr die Bedeutung des Umweltschutzes f\u00fcr zuk\u00fcnftige Generationen.","sameAs":["https:\/\/www.strassenweb.de\/"]}]}},"_links":{"self":[{"href":"https:\/\/www.strassenweb.de\/nachrichten\/wp-json\/wp\/v2\/posts\/4988","targetHints":{"allow":["GET"]}}],"collection":[{"href":"https:\/\/www.strassenweb.de\/nachrichten\/wp-json\/wp\/v2\/posts"}],"about":[{"href":"https:\/\/www.strassenweb.de\/nachrichten\/wp-json\/wp\/v2\/types\/post"}],"author":[{"embeddable":true,"href":"https:\/\/www.strassenweb.de\/nachrichten\/wp-json\/wp\/v2\/users\/1"}],"replies":[{"embeddable":true,"href":"https:\/\/www.strassenweb.de\/nachrichten\/wp-json\/wp\/v2\/comments?post=4988"}],"version-history":[{"count":0,"href":"https:\/\/www.strassenweb.de\/nachrichten\/wp-json\/wp\/v2\/posts\/4988\/revisions"}],"wp:featuredmedia":[{"embeddable":true,"href":"https:\/\/www.strassenweb.de\/nachrichten\/wp-json\/wp\/v2\/media\/4989"}],"wp:attachment":[{"href":"https:\/\/www.strassenweb.de\/nachrichten\/wp-json\/wp\/v2\/media?parent=4988"}],"wp:term":[{"taxonomy":"category","embeddable":true,"href":"https:\/\/www.strassenweb.de\/nachrichten\/wp-json\/wp\/v2\/categories?post=4988"},{"taxonomy":"post_tag","embeddable":true,"href":"https:\/\/www.strassenweb.de\/nachrichten\/wp-json\/wp\/v2\/tags?post=4988"}],"curies":[{"name":"wp","href":"https:\/\/api.w.org\/{rel}","templated":true}]}}