{"id":4979,"date":"2025-05-11T08:39:43","date_gmt":"2025-05-11T06:39:43","guid":{"rendered":"https:\/\/www.strassenweb.de\/nachrichten\/warum-der-memorial-day-das-perfekte-und-vielleicht-das-letzte-mal-sein-wird-um-die-eingehenden-us-tarifwanderungen-fuer-haushaltsgeraete-mit-grossem-ticket-zu-schlagen\/"},"modified":"2025-05-11T08:39:44","modified_gmt":"2025-05-11T06:39:44","slug":"warum-der-memorial-day-das-perfekte-und-vielleicht-das-letzte-mal-sein-wird-um-die-eingehenden-us-tarifwanderungen-fuer-haushaltsgeraete-mit-grossem-ticket-zu-schlagen","status":"publish","type":"post","link":"https:\/\/www.strassenweb.de\/nachrichten\/warum-der-memorial-day-das-perfekte-und-vielleicht-das-letzte-mal-sein-wird-um-die-eingehenden-us-tarifwanderungen-fuer-haushaltsgeraete-mit-grossem-ticket-zu-schlagen\/","title":{"rendered":"Warum der Memorial Day das perfekte-und vielleicht das letzte Mal-sein wird, um die eingehenden US-Tarifwanderungen f\u00fcr Haushaltsger\u00e4te mit gro\u00dfem Ticket zu schlagen"},"content":{"rendered":"<p><\/p>\n<div id=\"article-body\" class=\"article__body \">\n<p>Denken Sie dar\u00fcber nach, Ihren K\u00fchlschrank zu ersetzen oder schlie\u00dflich auf diese 10-in-1-Luftfritteuse zu aktualisieren? M\u00f6glicherweise m\u00f6chten Sie die Dinge beschleunigen, da die bevorstehende Tarifwanderung f\u00fcr importierte Waren in den USA sicherlich die Preise f\u00fcr Verbraucher erh\u00f6hen wird.<\/p>\n<div id=\"ad-unit-1\" class=\"ad-unit\"><\/div>\n<p>Neue US -Z\u00f6lle, von denen einige bereits ins Spiel gekommen sind, werden die Kosten f\u00fcr Ger\u00e4te und Heimtechniker erheblich erh\u00f6hen. Von Waschmaschinen bis hin zu Wi-Fi-Routern k\u00f6nnen die Preise f\u00fcr allt\u00e4gliche Wesentliche in den kommenden Wochen, Monaten und Jahren um Hunderte von Dollar steigen.<\/p>\n<aside data-block-type=\"embed\" data-render-type=\"fte\" data-skip=\"dealsy\" data-widget-type=\"seasonal\" class=\"hawk-base\"><\/aside>\n<p>Hier ist, was passiert, wie es sich auf Ihre Brieftasche auswirkt und warum der Verkauf am fr\u00fchen Gedenktag die letzte Chance ist, gro\u00dfe, sinnvolle Rabatte zu kaufen.<\/p>\n<div id=\"desktop-in-article\" class=\"in-article ad-unit\">\n<div id=\"desktop-taboola-mid-article\"><\/div>\n<\/div>\n<div id=\"mobile-in-article\" class=\"in-article ad-unit\">\n<div id=\"mobile-taboola-mid-article\"><\/div>\n<\/div>\n<h2 id=\"what-is-a-tariff-and-how-does-it-impact-appliance-shopping-3\">Was ist ein Tarif und wie wirkt sich das Einkauf von Ger\u00e4ten aus?<\/h2>\n<p>Einfach ausgedr\u00fcckt ist ein Tarif eine Steuer auf Waren, die in das Land eintreten (oder manchmal ausstreben). Und wenn diese Waren wichtige Gegenst\u00e4nde wie \u00d6fen oder die besten Luftreiniger oder die besten ungiftigen Luftfritteusen umfassen, zahlt der Verbraucher den Unterschied.<\/p>\n<div class=\"van_vid_carousel\">\n<div class=\"van_vid_carousel__padding\">\n<div class=\"van_vid_carousel__container\"><\/div>\n<\/div>\n<\/div>\n<p>&#8222;Ein Tarif ist eine Steuersteuer, die von einem Land \u00fcber seine Importe erhoben wird&#8220;, sagt Babak Hafezi, au\u00dferordentlicher Professor f\u00fcr internationale Unternehmen an der American University. &#8222;Wenn ein Produkt aus einem Tarifland die US -K\u00fcste betritt, verlangt die US -Regierung, dass der K\u00e4ufer einen Tarif\/eine Steuer zahlt. Andernfalls kann das Produkt nicht frei in die USA eintreten.&#8220;<\/p>\n<div id=\"ad-unit-2\" class=\"ad-unit\"><\/div>\n<p>Was ist diesmal anders? Die USA haben sowohl die Skala als auch die Geschwindigkeit dieser Tarife erh\u00f6ht. Einige traten im April in Kraft, wobei mehr im Mai und Juni getroffen werden konnten &#8211; und es geht nicht nur um fertige Produkte. Wenn Sie dar\u00fcber nachdenken, in einen der besten kabellosen Staubsauger zu investieren, ist jetzt Ihre beste Chance.<\/p>\n<p>&#8222;Fast alle Technologien werden betroffen sein&#8220;, f\u00fcgt Babak hinzu. &#8218;Es ist nicht nur der letzte Gegenstand, sondern auch Vermittlerteile in der globalen Lieferkette. Dies k\u00f6nnte zu mehreren Besteuerungsrunden f\u00fchren, bevor ein Produkt \u00fcberhaupt in den USA landet.<\/p>\n<p>Christine Abely, Assistenzprofessorin f\u00fcr Recht bei New England Law, best\u00e4tigt die Komplexit\u00e4t und f\u00fcgt hinzu: \u201eDie Anfang April k\u00fcndigten die gegenseitigen Tarife bestehen aus einem 10% igen pauschalen Tarif f\u00fcr Waren aus anderen L\u00e4ndern neben Kanada und Mexiko sowie einem zus\u00e4tzlichen Prozentsatz, der je nach Land unterschiedlich ist. Der Gesamtz\u00f6lle f\u00fcr chinesische Importe betr\u00e4gt jetzt 145%. &#8218;<\/p>\n<h3 class=\"article-body__section\" id=\"section-why-is-this-relevant-to-appliances-and-home-tech\"><span>Warum ist das f\u00fcr Ger\u00e4te und Heimtechniker relevant?<\/span><\/h3>\n<figure class=\"van-image-figure inline-layout \" data-bordeaux-image-check>\n<div class=\"image-full-width-wrapper\">\n<div class=\"image-widthsetter\" style=\"max-width:2000px;\"><\/div>\n<\/div><figcaption class=\"inline-layout \">\n<div class=\"caption-text\">\n<p>Sogar Waren, die in den USA hergestellt werden, verwenden importierte Teile und Materialien und leiden weiterhin unter dem Tarifen.<\/p>\n<\/div>\n<\/figcaption><\/figure>\n<p>Wie von Al Jazeera abgedeckt, wird ein erheblicher Teil unserer Haushaltsger\u00e4te aus \u00dcbersee (wie den besten Dyson -Vakuum) importiert, wobei ein Gro\u00dfteil des Herstellungsprozesses ebenfalls globalisiert wird. Dies bedeutet, dass Tarife die Preise auch auf Artikeln mit einem Label &#8222;Made in the USA&#8220; erh\u00f6hen k\u00f6nnen.<\/p>\n<p>&#8222;Brands wie GE, Maytag und Whirlpool m\u00fcssen immer noch viel von dem, was sie in \u00dcbersee verwenden, beziehen&#8220;, sagt Lindsey Davis, E-Commerce-Inhaltsdirektorin bei Future. <em>Made in den USA<\/em> bedeutet nicht immer, dass der vollst\u00e4ndige Herstellungsprozess auf amerikanischem Boden stattgefunden hat. &#8218;<\/p>\n<p>Mit schwieriger zu beschaffenden ausl\u00e4ndischen Teilen und teureren Imports steigen die Produktion und die Preise. Das kann l\u00e4ngere Wartezeiten und weniger Auswahlm\u00f6glichkeiten in den Regalen bedeuten, insbesondere wenn es um h\u00f6here Gegenst\u00e4nde geht. Dies kann bedeuten, dass es beispielsweise schwieriger wird, Ihre K\u00fcchenger\u00e4te zu stimmen.<\/p>\n<p>&#8222;Z\u00f6lle sind nicht nur die Handelspolitik &#8211; sie formen die Schulden, die Menschen tragen, leise&#8220;, sagt Ali Zane, CEO der IMAX -Kreditreparaturfirma. &#8222;Eine Waschmaschine, die im letzten Jahr 800 US -Dollar war, k\u00f6nnte pl\u00f6tzlich 950 US -Dollar kosten, und die meisten Leute werden nicht einmal erkennen, warum.&#8220;<\/p>\n<h3 class=\"article-body__section\" id=\"section-when-are-the-new-tariffs-coming\"><span>Wann kommen die neuen Tarife?<\/span><\/h3>\n<figure class=\"van-image-figure inline-layout \" data-bordeaux-image-check>\n<div class=\"image-full-width-wrapper\">\n<div class=\"image-widthsetter\" style=\"max-width:2000px;\"><\/div>\n<\/div><figcaption class=\"inline-layout \">\n<div class=\"caption-text\">\n<p>Einige Tarife sind bereits gelandet, wobei in den kommenden Wochen weitere \u00c4nderungen bekannt gegeben wurden, da die Verhandlungen fortgesetzt werden.<\/p>\n<\/div>\n<\/figcaption><\/figure>\n<p>Einige sind schon da. Die De -Minimus -Z\u00f6lle, die f\u00fcr Produkte im Wert von unter 800 US -Dollar gelten &#8211; traten am 1. Mai in Kraft. Die breiteren gegenseitigen Tarife werden im Mai und Juni erwartet.<\/p>\n<p>Wir sind auch in der Mitte eines 90-Tage-Verl\u00e4ngerungsfensters, was bedeutet, dass die realen Preiserh\u00f6hungen in den n\u00e4chsten zwei Monaten beginnen k\u00f6nnten. Alles, von den besten Schilfdiffusoren bis hin zu den besten Geschirrsp\u00fclern konnten erhebliche Erh\u00f6hungen verzeichnen.<\/p>\n<p>&#8222;Der wahre Druck trifft in den n\u00e4chsten 60 Tagen&#8220;, sagt Joe Camberato, CEO von National Business Capital. &#8222;Dann werden wir sehen, ob diese Verhandlungen zu unseren Gunsten funktionieren oder ob wir Price -Wanderungen auf ganzer Linie betrachten.&#8220;<\/p>\n<h3 class=\"article-body__section\" id=\"section-which-appliances-and-home-tech-are-most-likely-to-be-affected\"><span>Welche Ger\u00e4te und Heimtechniker sind am wahrscheinlichsten betroffen?<\/span><\/h3>\n<figure class=\"van-image-figure inline-layout \" data-bordeaux-image-check>\n<div class=\"image-full-width-wrapper\">\n<div class=\"image-widthsetter\" style=\"max-width:2000px;\"><\/div>\n<\/div><figcaption class=\"inline-layout \">\n<div class=\"caption-text\">\n<p>Fast alle elektrischen G\u00fcter und Ger\u00e4te werden von Preiserh\u00f6hungen betroffen.<\/p>\n<\/div>\n<\/figcaption><\/figure>\n<p>&#8222;Alle kleinen Elektronik, wie Elektrowerkzeuge, Fernseher, Computer und Computerteile, Spielzeug, Haushaltswaren, Mobiltelefone, Networking -Ger\u00e4te und M\u00f6bel werden den Preis erh\u00f6hen&#8220;, sagt Babak Hafezi.<\/p>\n<p>Allgemeiner wird alles, was auf Teile oder Arbeitskr\u00e4fte aus \u00dcbersee st\u00fctzt, Preiserh\u00f6hungen, einschlie\u00dflich (aber nicht beschr\u00e4nkt auf):<\/p>\n<ul>\n<li>Waschmaschinen und Trockner<\/li>\n<li>K\u00fchlschr\u00e4nke und Gefrierger\u00e4te<\/li>\n<li>Mikrowellen und \u00d6fen<\/li>\n<li>Geschirrsp\u00fcler<\/li>\n<li>Luftreiniger und AC -Einheiten<\/li>\n<li>Smart -TVs und Soundsysteme<\/li>\n<li>Router und Netzwerkger\u00e4te<\/li>\n<li>Kleine Elektronik und die besten Staubsaugerinnen<\/li>\n<li>Computer, Tablets und Telefone<\/li>\n<\/ul>\n<h3 class=\"article-body__section\" id=\"section-when-should-you-buy\"><span>Wann solltest du kaufen?<\/span><\/h3>\n<figure class=\"van-image-figure inline-layout \" data-bordeaux-image-check>\n<div class=\"image-full-width-wrapper\">\n<div class=\"image-widthsetter\" style=\"max-width:2000px;\"><\/div>\n<\/div><figcaption class=\"inline-layout \">\n<div class=\"caption-text\">\n<p>Mit dem Verkauf von Memorial Day um die Ecke k\u00f6nnte jetzt Ihre letzte Chance sein, Haushaltswaren und Ger\u00e4te mit erheblichen Einsparungen zu ergreifen.<\/p>\n<\/div>\n<\/figcaption><\/figure>\n<p>Wenn Sie einen gro\u00dfen Ger\u00e4teinkauf verschoben haben, ist m\u00f6glicherweise die Zeit zum Handeln.<\/p>\n<p>&#8222;Wenn Ihre Zeitleiste innerhalb der n\u00e4chsten 6 bis 12 Monate liegt, sperren Sie den Preis jetzt, bevor die Dinge m\u00f6glicherweise spitzen&#8220;, r\u00e4t Joe Camberato. &#8222;Besonders alles, was in China hergestellt wird &#8211; einschlie\u00dflich vieler Technik und Ger\u00e4te.&#8220;<\/p>\n<p>Auch wenn Rabatte w\u00e4hrend des Feiertagsverk\u00e4ufe erscheinen, gibt es keine Garantie daf\u00fcr, dass der Grundpreis immer noch niedrig ist.<\/p>\n<p>&#8222;All diese Unsicherheit bedeutet, dass es sinnvoll ist, jetzt zu streiken, wenn Sie \u00fcber gro\u00dfe Investitionsk\u00e4ufe wie ein Top-Line-Vakuum oder eine Waschmaschine in Betracht gezogen werden, w\u00e4hrend es so viele gute Angebote gibt&#8220;, sagt Lindsey Davis. &#8222;Wir k\u00f6nnen nicht sicher sein, dass die Angebote genauso gro\u00dfz\u00fcgig kommen werden.&#8220;<\/p>\n<p>Da der Umsatz von Memorial Day unmittelbar ankommt, kann dies f\u00fcr uns Verbraucher die letzte Chance sein, Preise f\u00fcr importierte Waren aus der ganzen Welt vor dem Tarif zu genie\u00dfen.<\/p>\n<h3 class=\"article-body__section\" id=\"section-what-to-consider-when-purchasing-home-tech\"><span>Was beim Kauf von Home -Technologien zu beachten ist<\/span><\/h3>\n<figure class=\"van-image-figure inline-layout \" data-bordeaux-image-check>\n<div class=\"image-full-width-wrapper\">\n<div class=\"image-widthsetter\" style=\"max-width:2000px;\"><\/div>\n<\/div><figcaption class=\"inline-layout \">\n<div class=\"caption-text\">\n<p>Das Finden von Produkten, die \u00fcberwiegend in den USA hergestellt wurden, werden hoffentlich die steilsten Preiserh\u00f6hungen vermeiden, aber wenn fast alles auf importierte Materialien st\u00fctzt, werden die Preise auf ganzer Linie steigen.<\/p>\n<\/div>\n<\/figcaption><\/figure>\n<p>\u00dcberpr\u00fcfen Sie zun\u00e4chst, wo Ihr Ger\u00e4t hergestellt wird &#8211; oder wo seine Teile bezogen werden. Einige Marken mit in den USA ans\u00e4ssigen Fertigung k\u00f6nnen Ihnen helfen, die steilsten Preisserh\u00f6hungen zu vermeiden.<\/p>\n<p>Marken mit mehr US-amerikanischen Fertigung:<\/p>\n<ul>\n<li><strong>Whirlpool<\/strong><strong>:<\/strong> Seinen Hauptsitz in Michigan mit mehreren US -Pflanzen<\/li>\n<li><strong>GE -Ger\u00e4te<\/strong><strong>:<\/strong> Im Besitz von Haier, aber in Kentucky und anderen US -amerikanischen Websites versammelt<\/li>\n<li><strong>Speed \u200b\u200bQueen<\/strong><strong>:<\/strong> Vollst\u00e4ndig in Wisconsin gemacht<\/li>\n<li><strong>Frigidaire<\/strong><strong>:<\/strong> Im Besitz von Electrolux, aber viele Produkte sind US<\/li>\n<\/ul>\n<p>Selbst inl\u00e4ndische Marken st\u00fctzen sich jedoch auf ausl\u00e4ndische Komponenten, sodass das Verhalten schnell immer noch finanziell sinnvoll ist.<\/p>\n<p>Ber\u00fccksichtigen Sie auch Ihre Zahlungsmethode. &#8222;Wenn Sie es finanzieren m\u00f6chten, berechnen Sie das volle Interesse, bevor Sie den Abzug ziehen&#8220;, sagt Ali Zane. &#8222;Ein Anstieg von 100 US -Dollar im Voraus kann in monatelange Zahlungen verwandeln, wenn Sie bereits gestreckt sind.&#8220;<\/p>\n<h2 class=\"article-body__section\" id=\"section-what-to-shop-right-now\"><span>Was ist gerade einzukaufen<\/span><\/h2>\n<p>Wenn Sie auf der Suche nach einem neuen Ger\u00e4t jeglicher Art sind, finden Sie hier eine Liste der besten Angebote, die Sie derzeit in den wichtigsten Einzelh\u00e4ndlern und unseren bevorzugten Home Tech -Marken finden.<\/p>\n<ul>\n<li><strong>Amazonas:<\/strong> Sparen Sie 100 US-Dollar im Verkauf vor dem Memorial Day<\/li>\n<li><strong>Dyson:<\/strong> Bis zu 170 US-Dollar Rabatt in der obersten bewerteten Bodenversorgung und Luftversorgung<\/li>\n<li><strong>KitchenAid: <\/strong>Kochger\u00e4te mit bis zu 130 US -Dollar Rabatt<\/li>\n<li><strong>Ninja: <\/strong><u>10% Rabatt mit Code Special10<\/u><\/li>\n<li><strong>QVC: <\/strong>Angebote f\u00fcr bew\u00e4hrte Ger\u00e4te mit bis zu 20% Rabatt<\/li>\n<li><strong>Ziel: <\/strong>Bis zu 25% Rabatt auf K\u00fcchenger\u00e4te<\/li>\n<li><strong>Walmart: <\/strong>Einsparungen von \u00fcber 100 US -Dollar f\u00fcr Haus- und K\u00fcchenger\u00e4te<\/li>\n<li><strong>Wayfair: <\/strong>Bis zu 70% Rabatt<\/li>\n<\/ul>\n<hr>\n<p>Wir aktualisieren unsere Anleitungen regelm\u00e4\u00dfig auf die besten Dyson-Angebote, die besten Vakuumangebote, die besten Air Fryer-Angebote und die besten Kaffeemaschinen-Angebote, damit Sie die Preise f\u00fcr die Wanderung vor dem Tarif genie\u00dfen k\u00f6nnen, bevor sie weg sind.<\/p>\n<\/div>\n","protected":false},"excerpt":{"rendered":"<p>Denken Sie dar\u00fcber nach, Ihren K\u00fchlschrank zu ersetzen oder schlie\u00dflich auf diese 10-in-1-Luftfritteuse zu aktualisieren? M\u00f6glicherweise m\u00f6chten Sie die Dinge beschleunigen, da die bevorstehende Tarifwanderung<\/p>\n","protected":false},"author":1,"featured_media":4980,"comment_status":"closed","ping_status":"","sticky":false,"template":"","format":"standard","meta":{"footnotes":""},"categories":[118],"tags":[112,1273,81,9,7252,55,7254,5312,2365,7251,6964,146,7250,3750,7255,7253,1480,744,71],"class_list":["post-4979","post","type-post","status-publish","format-standard","has-post-thumbnail","hentry","category-haus-garten","tag-das","tag-day","tag-der","tag-die","tag-eingehenden","tag-fuer","tag-grossem","tag-haushaltsgeraete","tag-letzte","tag-malsein","tag-memorial","tag-mit","tag-perfekteund","tag-schlagen","tag-ticket","tag-ustarifwanderungen","tag-vielleicht","tag-warum","tag-wird","generate-columns","tablet-grid-50","mobile-grid-100","grid-parent","grid-50"],"yoast_head":"<!-- This site is optimized with the Yoast SEO plugin v27.3 - https:\/\/yoast.com\/product\/yoast-seo-wordpress\/ -->\n<title>Warum der Memorial Day das perfekte-und vielleicht das letzte Mal-sein wird, um die eingehenden US-Tarifwanderungen f\u00fcr Haushaltsger\u00e4te mit gro\u00dfem Ticket zu schlagen - Nachrichten - Stra\u00dfenweb<\/title>\n<meta name=\"robots\" content=\"index, follow, max-snippet:-1, max-image-preview:large, max-video-preview:-1\" \/>\n<link rel=\"canonical\" href=\"https:\/\/www.strassenweb.de\/nachrichten\/warum-der-memorial-day-das-perfekte-und-vielleicht-das-letzte-mal-sein-wird-um-die-eingehenden-us-tarifwanderungen-fuer-haushaltsgeraete-mit-grossem-ticket-zu-schlagen\/\" \/>\n<meta property=\"og:locale\" content=\"de_DE\" \/>\n<meta property=\"og:type\" content=\"article\" \/>\n<meta property=\"og:title\" content=\"Warum der Memorial Day das perfekte-und vielleicht das letzte Mal-sein wird, um die eingehenden US-Tarifwanderungen f\u00fcr Haushaltsger\u00e4te mit gro\u00dfem Ticket zu schlagen - Nachrichten - Stra\u00dfenweb\" \/>\n<meta property=\"og:description\" content=\"Denken Sie dar\u00fcber nach, Ihren K\u00fchlschrank zu ersetzen oder schlie\u00dflich auf diese 10-in-1-Luftfritteuse zu aktualisieren? M\u00f6glicherweise m\u00f6chten Sie die Dinge beschleunigen, da die bevorstehende Tarifwanderung\" \/>\n<meta property=\"og:url\" content=\"https:\/\/www.strassenweb.de\/nachrichten\/warum-der-memorial-day-das-perfekte-und-vielleicht-das-letzte-mal-sein-wird-um-die-eingehenden-us-tarifwanderungen-fuer-haushaltsgeraete-mit-grossem-ticket-zu-schlagen\/\" \/>\n<meta property=\"og:site_name\" content=\"Stra\u00dfenweb\" \/>\n<meta property=\"article:publisher\" content=\"https:\/\/www.facebook.com\/strassenweb\/\" \/>\n<meta property=\"article:published_time\" content=\"2025-05-11T06:39:43+00:00\" \/>\n<meta property=\"article:modified_time\" content=\"2025-05-11T06:39:44+00:00\" \/>\n<meta property=\"og:image\" content=\"https:\/\/www.strassenweb.de\/nachrichten\/wp-content\/uploads\/2025\/05\/ThJEBKDhV8BkAD3EJV499m.jpg\" \/>\n\t<meta property=\"og:image:width\" content=\"2400\" \/>\n\t<meta property=\"og:image:height\" content=\"1350\" \/>\n\t<meta property=\"og:image:type\" content=\"image\/jpeg\" \/>\n<meta name=\"author\" content=\"Robert Hoffmann\" \/>\n<meta name=\"twitter:card\" content=\"summary_large_image\" \/>\n<meta name=\"twitter:label1\" content=\"Verfasst von\" \/>\n\t<meta name=\"twitter:data1\" content=\"Robert Hoffmann\" \/>\n\t<meta name=\"twitter:label2\" content=\"Gesch\u00e4tzte Lesezeit\" \/>\n\t<meta name=\"twitter:data2\" content=\"7\u00a0Minuten\" \/>\n<script type=\"application\/ld+json\" class=\"yoast-schema-graph\">{\"@context\":\"https:\\\/\\\/schema.org\",\"@graph\":[{\"@type\":\"Article\",\"@id\":\"https:\\\/\\\/www.strassenweb.de\\\/nachrichten\\\/warum-der-memorial-day-das-perfekte-und-vielleicht-das-letzte-mal-sein-wird-um-die-eingehenden-us-tarifwanderungen-fuer-haushaltsgeraete-mit-grossem-ticket-zu-schlagen\\\/#article\",\"isPartOf\":{\"@id\":\"https:\\\/\\\/www.strassenweb.de\\\/nachrichten\\\/warum-der-memorial-day-das-perfekte-und-vielleicht-das-letzte-mal-sein-wird-um-die-eingehenden-us-tarifwanderungen-fuer-haushaltsgeraete-mit-grossem-ticket-zu-schlagen\\\/\"},\"author\":{\"name\":\"Robert Hoffmann\",\"@id\":\"https:\\\/\\\/www.strassenweb.de\\\/nachrichten\\\/#\\\/schema\\\/person\\\/87c9c9067f1211da429a744dc5a5aa41\"},\"headline\":\"Warum der Memorial Day das perfekte-und vielleicht das letzte Mal-sein wird, um die eingehenden US-Tarifwanderungen f\u00fcr Haushaltsger\u00e4te mit gro\u00dfem Ticket zu schlagen\",\"datePublished\":\"2025-05-11T06:39:43+00:00\",\"dateModified\":\"2025-05-11T06:39:44+00:00\",\"mainEntityOfPage\":{\"@id\":\"https:\\\/\\\/www.strassenweb.de\\\/nachrichten\\\/warum-der-memorial-day-das-perfekte-und-vielleicht-das-letzte-mal-sein-wird-um-die-eingehenden-us-tarifwanderungen-fuer-haushaltsgeraete-mit-grossem-ticket-zu-schlagen\\\/\"},\"wordCount\":1438,\"publisher\":{\"@id\":\"https:\\\/\\\/www.strassenweb.de\\\/nachrichten\\\/#organization\"},\"image\":{\"@id\":\"https:\\\/\\\/www.strassenweb.de\\\/nachrichten\\\/warum-der-memorial-day-das-perfekte-und-vielleicht-das-letzte-mal-sein-wird-um-die-eingehenden-us-tarifwanderungen-fuer-haushaltsgeraete-mit-grossem-ticket-zu-schlagen\\\/#primaryimage\"},\"thumbnailUrl\":\"https:\\\/\\\/www.strassenweb.de\\\/nachrichten\\\/wp-content\\\/uploads\\\/2025\\\/05\\\/ThJEBKDhV8BkAD3EJV499m.jpg\",\"keywords\":[\"das\",\"Day\",\"der\",\"die\",\"eingehenden\",\"f\u00fcr\",\"gro\u00dfem\",\"Haushaltsger\u00e4te\",\"letzte\",\"Malsein\",\"Memorial\",\"mit\",\"perfekteund\",\"schlagen\",\"Ticket\",\"USTarifwanderungen\",\"vielleicht\",\"warum\",\"wird\"],\"articleSection\":[\"Haus &amp; Garten\"],\"inLanguage\":\"de\"},{\"@type\":\"WebPage\",\"@id\":\"https:\\\/\\\/www.strassenweb.de\\\/nachrichten\\\/warum-der-memorial-day-das-perfekte-und-vielleicht-das-letzte-mal-sein-wird-um-die-eingehenden-us-tarifwanderungen-fuer-haushaltsgeraete-mit-grossem-ticket-zu-schlagen\\\/\",\"url\":\"https:\\\/\\\/www.strassenweb.de\\\/nachrichten\\\/warum-der-memorial-day-das-perfekte-und-vielleicht-das-letzte-mal-sein-wird-um-die-eingehenden-us-tarifwanderungen-fuer-haushaltsgeraete-mit-grossem-ticket-zu-schlagen\\\/\",\"name\":\"Warum der Memorial Day das perfekte-und vielleicht das letzte Mal-sein wird, um die eingehenden US-Tarifwanderungen f\u00fcr Haushaltsger\u00e4te mit gro\u00dfem Ticket zu schlagen - Nachrichten - Stra\u00dfenweb\",\"isPartOf\":{\"@id\":\"https:\\\/\\\/www.strassenweb.de\\\/nachrichten\\\/#website\"},\"primaryImageOfPage\":{\"@id\":\"https:\\\/\\\/www.strassenweb.de\\\/nachrichten\\\/warum-der-memorial-day-das-perfekte-und-vielleicht-das-letzte-mal-sein-wird-um-die-eingehenden-us-tarifwanderungen-fuer-haushaltsgeraete-mit-grossem-ticket-zu-schlagen\\\/#primaryimage\"},\"image\":{\"@id\":\"https:\\\/\\\/www.strassenweb.de\\\/nachrichten\\\/warum-der-memorial-day-das-perfekte-und-vielleicht-das-letzte-mal-sein-wird-um-die-eingehenden-us-tarifwanderungen-fuer-haushaltsgeraete-mit-grossem-ticket-zu-schlagen\\\/#primaryimage\"},\"thumbnailUrl\":\"https:\\\/\\\/www.strassenweb.de\\\/nachrichten\\\/wp-content\\\/uploads\\\/2025\\\/05\\\/ThJEBKDhV8BkAD3EJV499m.jpg\",\"datePublished\":\"2025-05-11T06:39:43+00:00\",\"dateModified\":\"2025-05-11T06:39:44+00:00\",\"breadcrumb\":{\"@id\":\"https:\\\/\\\/www.strassenweb.de\\\/nachrichten\\\/warum-der-memorial-day-das-perfekte-und-vielleicht-das-letzte-mal-sein-wird-um-die-eingehenden-us-tarifwanderungen-fuer-haushaltsgeraete-mit-grossem-ticket-zu-schlagen\\\/#breadcrumb\"},\"inLanguage\":\"de\",\"potentialAction\":[{\"@type\":\"ReadAction\",\"target\":[\"https:\\\/\\\/www.strassenweb.de\\\/nachrichten\\\/warum-der-memorial-day-das-perfekte-und-vielleicht-das-letzte-mal-sein-wird-um-die-eingehenden-us-tarifwanderungen-fuer-haushaltsgeraete-mit-grossem-ticket-zu-schlagen\\\/\"]}]},{\"@type\":\"ImageObject\",\"inLanguage\":\"de\",\"@id\":\"https:\\\/\\\/www.strassenweb.de\\\/nachrichten\\\/warum-der-memorial-day-das-perfekte-und-vielleicht-das-letzte-mal-sein-wird-um-die-eingehenden-us-tarifwanderungen-fuer-haushaltsgeraete-mit-grossem-ticket-zu-schlagen\\\/#primaryimage\",\"url\":\"https:\\\/\\\/www.strassenweb.de\\\/nachrichten\\\/wp-content\\\/uploads\\\/2025\\\/05\\\/ThJEBKDhV8BkAD3EJV499m.jpg\",\"contentUrl\":\"https:\\\/\\\/www.strassenweb.de\\\/nachrichten\\\/wp-content\\\/uploads\\\/2025\\\/05\\\/ThJEBKDhV8BkAD3EJV499m.jpg\",\"width\":2400,\"height\":1350,\"caption\":\"Large open-plan space with kitchen island and stools; kitchen area with oven\\\/stove cooker, wooden cabinets and microwave; living room area with sofa, armchair and small coffee table; large, round, wooden table in the foreground. All on wooden floor with bright windows in background.\"},{\"@type\":\"BreadcrumbList\",\"@id\":\"https:\\\/\\\/www.strassenweb.de\\\/nachrichten\\\/warum-der-memorial-day-das-perfekte-und-vielleicht-das-letzte-mal-sein-wird-um-die-eingehenden-us-tarifwanderungen-fuer-haushaltsgeraete-mit-grossem-ticket-zu-schlagen\\\/#breadcrumb\",\"itemListElement\":[{\"@type\":\"ListItem\",\"position\":1,\"name\":\"Home\",\"item\":\"https:\\\/\\\/www.strassenweb.de\\\/nachrichten\\\/\"},{\"@type\":\"ListItem\",\"position\":2,\"name\":\"Warum der Memorial Day das perfekte-und vielleicht das letzte Mal-sein wird, um die eingehenden US-Tarifwanderungen f\u00fcr Haushaltsger\u00e4te mit gro\u00dfem Ticket zu schlagen\"}]},{\"@type\":\"WebSite\",\"@id\":\"https:\\\/\\\/www.strassenweb.de\\\/nachrichten\\\/#website\",\"url\":\"https:\\\/\\\/www.strassenweb.de\\\/nachrichten\\\/\",\"name\":\"Stra\u00dfenweb\",\"description\":\"Stra\u00dfenverzeichnis f\u00fcr Deutschland\",\"publisher\":{\"@id\":\"https:\\\/\\\/www.strassenweb.de\\\/nachrichten\\\/#organization\"},\"potentialAction\":[{\"@type\":\"SearchAction\",\"target\":{\"@type\":\"EntryPoint\",\"urlTemplate\":\"https:\\\/\\\/www.strassenweb.de\\\/nachrichten\\\/?s={search_term_string}\"},\"query-input\":{\"@type\":\"PropertyValueSpecification\",\"valueRequired\":true,\"valueName\":\"search_term_string\"}}],\"inLanguage\":\"de\"},{\"@type\":\"Organization\",\"@id\":\"https:\\\/\\\/www.strassenweb.de\\\/nachrichten\\\/#organization\",\"name\":\"Stra\u00dfenweb\",\"url\":\"https:\\\/\\\/www.strassenweb.de\\\/nachrichten\\\/\",\"logo\":{\"@type\":\"ImageObject\",\"inLanguage\":\"de\",\"@id\":\"https:\\\/\\\/www.strassenweb.de\\\/nachrichten\\\/#\\\/schema\\\/logo\\\/image\\\/\",\"url\":\"https:\\\/\\\/www.strassenweb.de\\\/nachrichten\\\/wp-content\\\/uploads\\\/2024\\\/09\\\/cropped-favicon.png\",\"contentUrl\":\"https:\\\/\\\/www.strassenweb.de\\\/nachrichten\\\/wp-content\\\/uploads\\\/2024\\\/09\\\/cropped-favicon.png\",\"width\":512,\"height\":512,\"caption\":\"Stra\u00dfenweb\"},\"image\":{\"@id\":\"https:\\\/\\\/www.strassenweb.de\\\/nachrichten\\\/#\\\/schema\\\/logo\\\/image\\\/\"},\"sameAs\":[\"https:\\\/\\\/www.facebook.com\\\/strassenweb\\\/\"]},{\"@type\":\"Person\",\"@id\":\"https:\\\/\\\/www.strassenweb.de\\\/nachrichten\\\/#\\\/schema\\\/person\\\/87c9c9067f1211da429a744dc5a5aa41\",\"name\":\"Robert Hoffmann\",\"image\":{\"@type\":\"ImageObject\",\"inLanguage\":\"de\",\"@id\":\"https:\\\/\\\/www.strassenweb.de\\\/nachrichten\\\/wp-content\\\/uploads\\\/2024\\\/09\\\/strassenweb-150x150.jpg\",\"url\":\"https:\\\/\\\/www.strassenweb.de\\\/nachrichten\\\/wp-content\\\/uploads\\\/2024\\\/09\\\/strassenweb-150x150.jpg\",\"contentUrl\":\"https:\\\/\\\/www.strassenweb.de\\\/nachrichten\\\/wp-content\\\/uploads\\\/2024\\\/09\\\/strassenweb-150x150.jpg\",\"caption\":\"Robert Hoffmann\"},\"description\":\"Ich hei\u00dfe Robert Hoffmann und ich bin ein leidenschaftlicher Verfechter von \u00d6kologie und Biodiversit\u00e4t. Seit meiner Kindheit in den W\u00e4ldern Bayerns f\u00fchle ich mich mit der Natur verbunden und bin entschlossen, sie zu sch\u00fctzen. Heute widme ich mein Leben der Sensibilisierung anderer f\u00fcr die Bedeutung des Umweltschutzes f\u00fcr zuk\u00fcnftige Generationen.\",\"sameAs\":[\"https:\\\/\\\/www.strassenweb.de\\\/\"]}]}<\/script>\n<!-- \/ Yoast SEO plugin. -->","yoast_head_json":{"title":"Warum der Memorial Day das perfekte-und vielleicht das letzte Mal-sein wird, um die eingehenden US-Tarifwanderungen f\u00fcr Haushaltsger\u00e4te mit gro\u00dfem Ticket zu schlagen - Nachrichten - Stra\u00dfenweb","robots":{"index":"index","follow":"follow","max-snippet":"max-snippet:-1","max-image-preview":"max-image-preview:large","max-video-preview":"max-video-preview:-1"},"canonical":"https:\/\/www.strassenweb.de\/nachrichten\/warum-der-memorial-day-das-perfekte-und-vielleicht-das-letzte-mal-sein-wird-um-die-eingehenden-us-tarifwanderungen-fuer-haushaltsgeraete-mit-grossem-ticket-zu-schlagen\/","og_locale":"de_DE","og_type":"article","og_title":"Warum der Memorial Day das perfekte-und vielleicht das letzte Mal-sein wird, um die eingehenden US-Tarifwanderungen f\u00fcr Haushaltsger\u00e4te mit gro\u00dfem Ticket zu schlagen - Nachrichten - Stra\u00dfenweb","og_description":"Denken Sie dar\u00fcber nach, Ihren K\u00fchlschrank zu ersetzen oder schlie\u00dflich auf diese 10-in-1-Luftfritteuse zu aktualisieren? M\u00f6glicherweise m\u00f6chten Sie die Dinge beschleunigen, da die bevorstehende Tarifwanderung","og_url":"https:\/\/www.strassenweb.de\/nachrichten\/warum-der-memorial-day-das-perfekte-und-vielleicht-das-letzte-mal-sein-wird-um-die-eingehenden-us-tarifwanderungen-fuer-haushaltsgeraete-mit-grossem-ticket-zu-schlagen\/","og_site_name":"Stra\u00dfenweb","article_publisher":"https:\/\/www.facebook.com\/strassenweb\/","article_published_time":"2025-05-11T06:39:43+00:00","article_modified_time":"2025-05-11T06:39:44+00:00","og_image":[{"width":2400,"height":1350,"url":"https:\/\/www.strassenweb.de\/nachrichten\/wp-content\/uploads\/2025\/05\/ThJEBKDhV8BkAD3EJV499m.jpg","type":"image\/jpeg"}],"author":"Robert Hoffmann","twitter_card":"summary_large_image","twitter_misc":{"Verfasst von":"Robert Hoffmann","Gesch\u00e4tzte Lesezeit":"7\u00a0Minuten"},"schema":{"@context":"https:\/\/schema.org","@graph":[{"@type":"Article","@id":"https:\/\/www.strassenweb.de\/nachrichten\/warum-der-memorial-day-das-perfekte-und-vielleicht-das-letzte-mal-sein-wird-um-die-eingehenden-us-tarifwanderungen-fuer-haushaltsgeraete-mit-grossem-ticket-zu-schlagen\/#article","isPartOf":{"@id":"https:\/\/www.strassenweb.de\/nachrichten\/warum-der-memorial-day-das-perfekte-und-vielleicht-das-letzte-mal-sein-wird-um-die-eingehenden-us-tarifwanderungen-fuer-haushaltsgeraete-mit-grossem-ticket-zu-schlagen\/"},"author":{"name":"Robert Hoffmann","@id":"https:\/\/www.strassenweb.de\/nachrichten\/#\/schema\/person\/87c9c9067f1211da429a744dc5a5aa41"},"headline":"Warum der Memorial Day das perfekte-und vielleicht das letzte Mal-sein wird, um die eingehenden US-Tarifwanderungen f\u00fcr Haushaltsger\u00e4te mit gro\u00dfem Ticket zu schlagen","datePublished":"2025-05-11T06:39:43+00:00","dateModified":"2025-05-11T06:39:44+00:00","mainEntityOfPage":{"@id":"https:\/\/www.strassenweb.de\/nachrichten\/warum-der-memorial-day-das-perfekte-und-vielleicht-das-letzte-mal-sein-wird-um-die-eingehenden-us-tarifwanderungen-fuer-haushaltsgeraete-mit-grossem-ticket-zu-schlagen\/"},"wordCount":1438,"publisher":{"@id":"https:\/\/www.strassenweb.de\/nachrichten\/#organization"},"image":{"@id":"https:\/\/www.strassenweb.de\/nachrichten\/warum-der-memorial-day-das-perfekte-und-vielleicht-das-letzte-mal-sein-wird-um-die-eingehenden-us-tarifwanderungen-fuer-haushaltsgeraete-mit-grossem-ticket-zu-schlagen\/#primaryimage"},"thumbnailUrl":"https:\/\/www.strassenweb.de\/nachrichten\/wp-content\/uploads\/2025\/05\/ThJEBKDhV8BkAD3EJV499m.jpg","keywords":["das","Day","der","die","eingehenden","f\u00fcr","gro\u00dfem","Haushaltsger\u00e4te","letzte","Malsein","Memorial","mit","perfekteund","schlagen","Ticket","USTarifwanderungen","vielleicht","warum","wird"],"articleSection":["Haus &amp; Garten"],"inLanguage":"de"},{"@type":"WebPage","@id":"https:\/\/www.strassenweb.de\/nachrichten\/warum-der-memorial-day-das-perfekte-und-vielleicht-das-letzte-mal-sein-wird-um-die-eingehenden-us-tarifwanderungen-fuer-haushaltsgeraete-mit-grossem-ticket-zu-schlagen\/","url":"https:\/\/www.strassenweb.de\/nachrichten\/warum-der-memorial-day-das-perfekte-und-vielleicht-das-letzte-mal-sein-wird-um-die-eingehenden-us-tarifwanderungen-fuer-haushaltsgeraete-mit-grossem-ticket-zu-schlagen\/","name":"Warum der Memorial Day das perfekte-und vielleicht das letzte Mal-sein wird, um die eingehenden US-Tarifwanderungen f\u00fcr Haushaltsger\u00e4te mit gro\u00dfem Ticket zu schlagen - Nachrichten - Stra\u00dfenweb","isPartOf":{"@id":"https:\/\/www.strassenweb.de\/nachrichten\/#website"},"primaryImageOfPage":{"@id":"https:\/\/www.strassenweb.de\/nachrichten\/warum-der-memorial-day-das-perfekte-und-vielleicht-das-letzte-mal-sein-wird-um-die-eingehenden-us-tarifwanderungen-fuer-haushaltsgeraete-mit-grossem-ticket-zu-schlagen\/#primaryimage"},"image":{"@id":"https:\/\/www.strassenweb.de\/nachrichten\/warum-der-memorial-day-das-perfekte-und-vielleicht-das-letzte-mal-sein-wird-um-die-eingehenden-us-tarifwanderungen-fuer-haushaltsgeraete-mit-grossem-ticket-zu-schlagen\/#primaryimage"},"thumbnailUrl":"https:\/\/www.strassenweb.de\/nachrichten\/wp-content\/uploads\/2025\/05\/ThJEBKDhV8BkAD3EJV499m.jpg","datePublished":"2025-05-11T06:39:43+00:00","dateModified":"2025-05-11T06:39:44+00:00","breadcrumb":{"@id":"https:\/\/www.strassenweb.de\/nachrichten\/warum-der-memorial-day-das-perfekte-und-vielleicht-das-letzte-mal-sein-wird-um-die-eingehenden-us-tarifwanderungen-fuer-haushaltsgeraete-mit-grossem-ticket-zu-schlagen\/#breadcrumb"},"inLanguage":"de","potentialAction":[{"@type":"ReadAction","target":["https:\/\/www.strassenweb.de\/nachrichten\/warum-der-memorial-day-das-perfekte-und-vielleicht-das-letzte-mal-sein-wird-um-die-eingehenden-us-tarifwanderungen-fuer-haushaltsgeraete-mit-grossem-ticket-zu-schlagen\/"]}]},{"@type":"ImageObject","inLanguage":"de","@id":"https:\/\/www.strassenweb.de\/nachrichten\/warum-der-memorial-day-das-perfekte-und-vielleicht-das-letzte-mal-sein-wird-um-die-eingehenden-us-tarifwanderungen-fuer-haushaltsgeraete-mit-grossem-ticket-zu-schlagen\/#primaryimage","url":"https:\/\/www.strassenweb.de\/nachrichten\/wp-content\/uploads\/2025\/05\/ThJEBKDhV8BkAD3EJV499m.jpg","contentUrl":"https:\/\/www.strassenweb.de\/nachrichten\/wp-content\/uploads\/2025\/05\/ThJEBKDhV8BkAD3EJV499m.jpg","width":2400,"height":1350,"caption":"Large open-plan space with kitchen island and stools; kitchen area with oven\/stove cooker, wooden cabinets and microwave; living room area with sofa, armchair and small coffee table; large, round, wooden table in the foreground. All on wooden floor with bright windows in background."},{"@type":"BreadcrumbList","@id":"https:\/\/www.strassenweb.de\/nachrichten\/warum-der-memorial-day-das-perfekte-und-vielleicht-das-letzte-mal-sein-wird-um-die-eingehenden-us-tarifwanderungen-fuer-haushaltsgeraete-mit-grossem-ticket-zu-schlagen\/#breadcrumb","itemListElement":[{"@type":"ListItem","position":1,"name":"Home","item":"https:\/\/www.strassenweb.de\/nachrichten\/"},{"@type":"ListItem","position":2,"name":"Warum der Memorial Day das perfekte-und vielleicht das letzte Mal-sein wird, um die eingehenden US-Tarifwanderungen f\u00fcr Haushaltsger\u00e4te mit gro\u00dfem Ticket zu schlagen"}]},{"@type":"WebSite","@id":"https:\/\/www.strassenweb.de\/nachrichten\/#website","url":"https:\/\/www.strassenweb.de\/nachrichten\/","name":"Stra\u00dfenweb","description":"Stra\u00dfenverzeichnis f\u00fcr Deutschland","publisher":{"@id":"https:\/\/www.strassenweb.de\/nachrichten\/#organization"},"potentialAction":[{"@type":"SearchAction","target":{"@type":"EntryPoint","urlTemplate":"https:\/\/www.strassenweb.de\/nachrichten\/?s={search_term_string}"},"query-input":{"@type":"PropertyValueSpecification","valueRequired":true,"valueName":"search_term_string"}}],"inLanguage":"de"},{"@type":"Organization","@id":"https:\/\/www.strassenweb.de\/nachrichten\/#organization","name":"Stra\u00dfenweb","url":"https:\/\/www.strassenweb.de\/nachrichten\/","logo":{"@type":"ImageObject","inLanguage":"de","@id":"https:\/\/www.strassenweb.de\/nachrichten\/#\/schema\/logo\/image\/","url":"https:\/\/www.strassenweb.de\/nachrichten\/wp-content\/uploads\/2024\/09\/cropped-favicon.png","contentUrl":"https:\/\/www.strassenweb.de\/nachrichten\/wp-content\/uploads\/2024\/09\/cropped-favicon.png","width":512,"height":512,"caption":"Stra\u00dfenweb"},"image":{"@id":"https:\/\/www.strassenweb.de\/nachrichten\/#\/schema\/logo\/image\/"},"sameAs":["https:\/\/www.facebook.com\/strassenweb\/"]},{"@type":"Person","@id":"https:\/\/www.strassenweb.de\/nachrichten\/#\/schema\/person\/87c9c9067f1211da429a744dc5a5aa41","name":"Robert Hoffmann","image":{"@type":"ImageObject","inLanguage":"de","@id":"https:\/\/www.strassenweb.de\/nachrichten\/wp-content\/uploads\/2024\/09\/strassenweb-150x150.jpg","url":"https:\/\/www.strassenweb.de\/nachrichten\/wp-content\/uploads\/2024\/09\/strassenweb-150x150.jpg","contentUrl":"https:\/\/www.strassenweb.de\/nachrichten\/wp-content\/uploads\/2024\/09\/strassenweb-150x150.jpg","caption":"Robert Hoffmann"},"description":"Ich hei\u00dfe Robert Hoffmann und ich bin ein leidenschaftlicher Verfechter von \u00d6kologie und Biodiversit\u00e4t. Seit meiner Kindheit in den W\u00e4ldern Bayerns f\u00fchle ich mich mit der Natur verbunden und bin entschlossen, sie zu sch\u00fctzen. Heute widme ich mein Leben der Sensibilisierung anderer f\u00fcr die Bedeutung des Umweltschutzes f\u00fcr zuk\u00fcnftige Generationen.","sameAs":["https:\/\/www.strassenweb.de\/"]}]}},"_links":{"self":[{"href":"https:\/\/www.strassenweb.de\/nachrichten\/wp-json\/wp\/v2\/posts\/4979","targetHints":{"allow":["GET"]}}],"collection":[{"href":"https:\/\/www.strassenweb.de\/nachrichten\/wp-json\/wp\/v2\/posts"}],"about":[{"href":"https:\/\/www.strassenweb.de\/nachrichten\/wp-json\/wp\/v2\/types\/post"}],"author":[{"embeddable":true,"href":"https:\/\/www.strassenweb.de\/nachrichten\/wp-json\/wp\/v2\/users\/1"}],"replies":[{"embeddable":true,"href":"https:\/\/www.strassenweb.de\/nachrichten\/wp-json\/wp\/v2\/comments?post=4979"}],"version-history":[{"count":0,"href":"https:\/\/www.strassenweb.de\/nachrichten\/wp-json\/wp\/v2\/posts\/4979\/revisions"}],"wp:featuredmedia":[{"embeddable":true,"href":"https:\/\/www.strassenweb.de\/nachrichten\/wp-json\/wp\/v2\/media\/4980"}],"wp:attachment":[{"href":"https:\/\/www.strassenweb.de\/nachrichten\/wp-json\/wp\/v2\/media?parent=4979"}],"wp:term":[{"taxonomy":"category","embeddable":true,"href":"https:\/\/www.strassenweb.de\/nachrichten\/wp-json\/wp\/v2\/categories?post=4979"},{"taxonomy":"post_tag","embeddable":true,"href":"https:\/\/www.strassenweb.de\/nachrichten\/wp-json\/wp\/v2\/tags?post=4979"}],"curies":[{"name":"wp","href":"https:\/\/api.w.org\/{rel}","templated":true}]}}