{"id":4967,"date":"2025-05-10T15:41:08","date_gmt":"2025-05-10T13:41:08","guid":{"rendered":"https:\/\/www.strassenweb.de\/nachrichten\/ja-wir-alle-hassen-grau-im-moment-aber-es-scheint-dass-wir-alle-einig-sind\/"},"modified":"2025-05-10T15:41:09","modified_gmt":"2025-05-10T13:41:09","slug":"ja-wir-alle-hassen-grau-im-moment-aber-es-scheint-dass-wir-alle-einig-sind","status":"publish","type":"post","link":"https:\/\/www.strassenweb.de\/nachrichten\/ja-wir-alle-hassen-grau-im-moment-aber-es-scheint-dass-wir-alle-einig-sind\/","title":{"rendered":"Ja, wir alle hassen grau im Moment-aber es scheint, dass wir alle einig sind"},"content":{"rendered":"<p><\/p>\n<div id=\"article-body\" class=\"article__body \">\n<p>Wenn es um neutrale Farben geht, die sich sowohl stilvoll als auch m\u00fchelos anf\u00fchlen, macht Sherwin-Williams &#8218;Bestseller, Ruhegrau, die Shortlist. Ein weiches, einladendes Gro\u00dfe mit genau der richtigen Menge an W\u00e4rme bietet eine ruhige, zeitgen\u00f6ssische Grundlage f\u00fcr Innenr\u00e4ume, die sich nach einer stillen Eleganz sehnen.<\/p>\n<div id=\"ad-unit-1\" class=\"ad-unit\"><\/div>\n<p>Egal, ob Sie ein ganzes Zuhause aktualisieren oder einen einzelnen Raum erfrischen, Repose Grey hat die Art von Vielseitigkeit, nach denen Designer in einem grauen Farbton suchen. Wenn Sie also auf der Suche nach der besten grauen Farbe sind, die einen Raum mit zur\u00fcckhaltender Charme tragen kann, verdient dieser Farbton ernsthafte \u00dcberlegungen.<\/p>\n<aside data-block-type=\"embed\" data-render-type=\"fte\" data-skip=\"dealsy\" data-widget-type=\"seasonal\" class=\"hawk-base\"><\/aside>\n<p>Und w\u00e4hrend das Dekorieren mit Grau manchmal ein wenig klinisch oder flach anf\u00fchlt, vermeidet es ruhige Grau. Die Balance zwischen warmen und coolen Untert\u00f6nen macht es \u00fcberraschend flexibel und kann mit Farbe, Textur oder Muster leicht zu schichten, ohne einen Raum zu \u00fcberw\u00e4ltigen.<\/p>\n<div id=\"desktop-in-article\" class=\"in-article ad-unit\">\n<div id=\"desktop-taboola-mid-article\"><\/div>\n<\/div>\n<div id=\"mobile-in-article\" class=\"in-article ad-unit\">\n<div id=\"mobile-taboola-mid-article\"><\/div>\n<\/div>\n<p>Mit erfahrenen Einsichten von Emily Kantz, Farbmarketing-Managerin bei Sherwin-Williams, sehen wir uns eher auf dem ruhigen grauen SW 7015 ein, um zu untersuchen, wie es in unterschiedlicher Beleuchtung aussieht, wo es am besten funktioniert (und wo es m\u00f6glicherweise nicht ist), und wie man es mit anderen Farbt\u00f6nen kombiniert, um das Beste aus seiner raffinierten Farbe herauszuholen.<\/p>\n<div class=\"van_vid_carousel\">\n<div class=\"van_vid_carousel__padding\">\n<div class=\"van_vid_carousel__container\"><\/div>\n<\/div>\n<\/div>\n<h2 id=\"how-to-decorate-with-sherwin-williams-repose-gray-3\">Wie man mit Sherwin-Williams Dekoration ist, ruht grau<\/h2>\n<figure class=\"van-image-figure inline-layout \" data-bordeaux-image-check>\n<div class=\"image-full-width-wrapper\">\n<div class=\"image-widthsetter\" style=\"max-width:2000px;\"><\/div>\n<\/div>\n<\/figure>\n<p>Replose Gray ist aufgrund seiner Anpassungsf\u00e4higkeit gleicherma\u00dfen zu einem Favoriten unter Designern und Hausbesitzern geworden. Es ist eine echte Greigefarbe &#8211; die bequem zwischen warm und cool sitzt -, die gut mit den meisten Innenausfarbpaletten spielt.<\/p>\n<div id=\"ad-unit-2\" class=\"ad-unit\"><\/div>\n<p>Laut Emily Kantz macht es die Vielseitigkeit von Ruhe Grey zu einer idealen Farbe, um ein zusammenh\u00e4ngendes Erscheinungsbild im ganzen Haus zu erzeugen. Seine ausgewogene Tonalit\u00e4t erm\u00f6glicht es diesem Ton, eine ruhige und raffinierte Atmosph\u00e4re zu schaffen, die sich hervorragend f\u00fcr Wohnzimmer, Schlafzimmer und K\u00fcchen eignet. &#8218; Es bietet auch eine neutrale Kulisse, in der M\u00f6bel, Kunst und architektonische Details leuchten k\u00f6nnen.<\/p>\n<p>Wenn Ihr Raum mit nat\u00fcrlichem Licht gesegnet ist, wird ruhiger Grau absolut gedeihen. &#8222;R\u00e4ume mit viel nat\u00fcrlichen Licht oder guter k\u00fcnstlicher Beleuchtung k\u00f6nnen die Sch\u00f6nheit von Ruhegrau zeigen und ein Gef\u00fchl der subtilen Weichheit und des Komforts in einem Raum schaffen&#8220;, sagt Emily. Es ist die Art von Farbe, die ein Raum verabreicht f\u00fchlt, ohne sich zu sehr zu bem\u00fchen-ideal f\u00fcr offene Wohnzimmer oder Schlafzimmer, die sich als Heiligt\u00fcmer dienen.<\/p>\n<figure class=\"van-image-figure inline-layout \" data-bordeaux-image-check>\n<div class=\"image-full-width-wrapper\">\n<div class=\"image-widthsetter\" style=\"max-width:2000px;\"><\/div>\n<\/div>\n<\/figure>\n<p>Im Gegensatz dazu bringen R\u00e4ume mit niedrigeren Lichtstufen die stimmungsvollere Seite von Ruhe. Emily empfiehlt, dass &#8222;in R\u00e4umen mit begrenztem nat\u00fcrlichen Licht, ruhiges Grau dunkler und ged\u00e4mpfter aussehen kann&#8220;, was zu einem etwas dunkleren Aussehen f\u00fchrt.<\/p>\n<p>Dies kann in kleineren R\u00e4umen wie Pulverr\u00e4umen oder B\u00fcros wunderbar gut funktionieren, um Tiefe zu verleihen. Um jedoch zu verhindern, dass sich die Dinge auf der schweren Seite anf\u00fchlen und verhindern, dass sich der Raum ungl\u00fccklich anf\u00fchlt, kombinieren Sie ihn mit hellen M\u00f6beln, reflektierenden Oberfl\u00e4chen oder knusprigen wei\u00dfen Farbe auf der Verkleidung, um Licht herum zu h\u00fcpfen und den Raum auszugleichen. Wie immer ist das Testen in Ihren spezifischen Beleuchtungsbedingungen von entscheidender Bedeutung. Testen Sie daher mit einer Farbprobe, bevor Sie sich vollst\u00e4ndig begehen.<\/p>\n<h2 id=\"what-colors-go-with-repose-gray-3\">Welche Farben passen zu ruhender Grau?<\/h2>\n<p>Ruhegrau und seine lockere Natur, wenn sie mit anderen Farben kombiniert werden, bedeutet, dass es sich m\u00fchelos mit kr\u00e4ftigen Akzenten und subtilen Neutralen kombiniert. F\u00fcr einen knusprigen, sauberen Kontrast schl\u00e4gt Emily vor, es mit reinem wei\u00dfem SW 7005 zu kombinieren, was eine frische Kante f\u00fcr die Verkleidung, Decken oder Schr\u00e4nke verleiht.<\/p>\n<p>Wenn Sie nach etwas Tieferem und Launischerem Naval SW 6244, einer reichen Marine, suchen, bietet eine dramatische Folie, die sich immer noch zeitlos anf\u00fchlt. Um einen w\u00e4rmeren Raum zu erreichen, bringen erdige T\u00f6ne wie Redend Point SW 9081 oder weiches, immergrauem Nebel SW 9130 eine gem\u00fctliche, geschichtete Stimmung in den Raum.<\/p>\n<p>Wenn Sie sich in ein tonaleres, subtileres Aussehen lehnen, probieren Sie komplement\u00e4re Neutrale wie Pavestone SW 7642 oder neuer grauer SW 7030.<\/p>\n<h2 id=\"is-there-any-rooms-to-avoid-using-repose-gray-3\">Gibt es R\u00e4ume, die vermeiden, dass sie ein ruhendes Grau verwenden?<\/h2>\n<figure class=\"van-image-figure inline-layout \" data-bordeaux-image-check>\n<div class=\"image-full-width-wrapper\">\n<div class=\"image-widthsetter\" style=\"max-width:2000px;\"><\/div>\n<\/div>\n<\/figure>\n<p>Obwohl Ruhegrau eine ber\u00fchmte vielseitige Farbe hat, gibt es immer noch einige Szenarien, in denen es sich m\u00f6glicherweise nicht wie erwartet verhalten kann. Emily r\u00e4t: \u201eEs gibt seltene F\u00e4lle, in denen ruhiger Grau nicht funktioniert, wie beispielsweise einen Raum mit Fenstern in Richtung Norden. Dieses k\u00fchlere Licht kann ruhig grau blau oder gr\u00fcn erscheinen lassen. &#8218;<\/p>\n<p>Dies ist nicht unbedingt ein Dealbreaker, aber es kann Sie \u00fcberraschen, wenn Sie ein echtes warmes Grau erwarten. Emily empfiehlt, einen Farbchip oder eine Probe im tats\u00e4chlichen Raum zu testen. Es ist ein einfacher, aber wesentlicher Schritt, um sicherzustellen, dass die Untert\u00f6ne von ruhigen Grey mit der nat\u00fcrlichen Beleuchtung in Ihrem Zimmer und nicht dagegen arbeiten.<\/p>\n<p>Wenn Sie kein gro\u00dfes Lackierungsprojekt planen, bringen Sie die weichen, ausgewogenen T\u00f6ne von ruhiger Grau in kleinere Akzente mit diesen Wohnkulturst\u00fccken mit.<\/p>\n<div class=\"product-container hero-product-container product-block-no-wrap\"><\/div>\n<hr>\n<p>Sherwin-Williams &#8218;ehemaliger grauer SW 7015 ist weiterhin eine Auswahl f\u00fcr diejenigen, die eine neutrale Farbe wollen, die diesen Sweet Spot zwischen warm und cool, modern und klassisch trifft.<\/p>\n<p>Egal, ob Sie ein leicht erf\u00fclltes Wohnzimmer erfrischen oder einen Raum mit niedrigerer Leuchtdichte dekorieren, dieses sanfte Greige liefert gleichzeitig Tiefe und Zur\u00fcckhaltung. Es ist erw\u00e4hnenswert, dass Grau, der in bestimmten Kontexten verwendet wird, eher ein Fehltritt als ein Meisterwerk sein kann und einer der der <u>Schlimmste Farben, um einen Raum zu dekorieren<\/u>aufgrund seiner inh\u00e4renten Kruppigkeit. In einigen F\u00e4llen gibt es Zeiten, in denen Sie niemals ein Raumgrau malen sollten, aber Grey hat seine Verwendung. Wenn Sie nach dem zuverl\u00e4ssigsten Grau auf dem Markt suchen, k\u00f6nnen Sie Ihre Suche hier stoppen.<\/p>\n<div class=\"block\" id=\"articleTag\" data-component-name=\"PostArticleLinks\">\n<div class=\"border-b border-b-black border-solid py-2.5 text-black font-bold uppercase\">Themen<\/div>\n<nav class=\"py-2.5 flex gap-2.5 flex-wrap\" data-analytics-id=\"article-tag\">\n<p>Zimmerfarbe Ideen<br \/>\n<\/nav>\n<\/div>\n<\/div>\n","protected":false},"excerpt":{"rendered":"<p>Wenn es um neutrale Farben geht, die sich sowohl stilvoll als auch m\u00fchelos anf\u00fchlen, macht Sherwin-Williams &#8218;Bestseller, Ruhegrau, die Shortlist. Ein weiches, einladendes Gro\u00dfe mit<\/p>\n","protected":false},"author":1,"featured_media":4968,"comment_status":"closed","ping_status":"","sticky":false,"template":"","format":"standard","meta":{"footnotes":""},"categories":[118],"tags":[176,51,3424,2251,3681,7240,3316,58,411],"class_list":["post-4967","post","type-post","status-publish","format-standard","has-post-thumbnail","hentry","category-haus-garten","tag-alle","tag-dass","tag-einig","tag-grau","tag-hassen","tag-momentaber","tag-scheint","tag-sind","tag-wir","generate-columns","tablet-grid-50","mobile-grid-100","grid-parent","grid-50"],"yoast_head":"<!-- This site is optimized with the Yoast SEO plugin v27.3 - https:\/\/yoast.com\/product\/yoast-seo-wordpress\/ -->\n<title>Ja, wir alle hassen grau im Moment-aber es scheint, dass wir alle einig sind - Nachrichten - Stra\u00dfenweb<\/title>\n<meta name=\"robots\" content=\"index, follow, max-snippet:-1, max-image-preview:large, max-video-preview:-1\" \/>\n<link rel=\"canonical\" href=\"https:\/\/www.strassenweb.de\/nachrichten\/ja-wir-alle-hassen-grau-im-moment-aber-es-scheint-dass-wir-alle-einig-sind\/\" \/>\n<meta property=\"og:locale\" content=\"de_DE\" \/>\n<meta property=\"og:type\" content=\"article\" \/>\n<meta property=\"og:title\" content=\"Ja, wir alle hassen grau im Moment-aber es scheint, dass wir alle einig sind - Nachrichten - Stra\u00dfenweb\" \/>\n<meta property=\"og:description\" content=\"Wenn es um neutrale Farben geht, die sich sowohl stilvoll als auch m\u00fchelos anf\u00fchlen, macht Sherwin-Williams &#8218;Bestseller, Ruhegrau, die Shortlist. Ein weiches, einladendes Gro\u00dfe mit\" \/>\n<meta property=\"og:url\" content=\"https:\/\/www.strassenweb.de\/nachrichten\/ja-wir-alle-hassen-grau-im-moment-aber-es-scheint-dass-wir-alle-einig-sind\/\" \/>\n<meta property=\"og:site_name\" content=\"Stra\u00dfenweb\" \/>\n<meta property=\"article:publisher\" content=\"https:\/\/www.facebook.com\/strassenweb\/\" \/>\n<meta property=\"article:published_time\" content=\"2025-05-10T13:41:08+00:00\" \/>\n<meta property=\"article:modified_time\" content=\"2025-05-10T13:41:09+00:00\" \/>\n<meta property=\"og:image\" content=\"https:\/\/www.strassenweb.de\/nachrichten\/wp-content\/uploads\/2025\/05\/bsHDzWn5WHdq2dAEGUVCd7.jpg\" \/>\n\t<meta property=\"og:image:width\" content=\"1920\" \/>\n\t<meta property=\"og:image:height\" content=\"1080\" \/>\n\t<meta property=\"og:image:type\" content=\"image\/jpeg\" \/>\n<meta name=\"author\" content=\"Robert Hoffmann\" \/>\n<meta name=\"twitter:card\" content=\"summary_large_image\" \/>\n<meta name=\"twitter:label1\" content=\"Verfasst von\" \/>\n\t<meta name=\"twitter:data1\" content=\"Robert Hoffmann\" \/>\n\t<meta name=\"twitter:label2\" content=\"Gesch\u00e4tzte Lesezeit\" \/>\n\t<meta name=\"twitter:data2\" content=\"5\u00a0Minuten\" \/>\n<script type=\"application\/ld+json\" class=\"yoast-schema-graph\">{\"@context\":\"https:\\\/\\\/schema.org\",\"@graph\":[{\"@type\":\"Article\",\"@id\":\"https:\\\/\\\/www.strassenweb.de\\\/nachrichten\\\/ja-wir-alle-hassen-grau-im-moment-aber-es-scheint-dass-wir-alle-einig-sind\\\/#article\",\"isPartOf\":{\"@id\":\"https:\\\/\\\/www.strassenweb.de\\\/nachrichten\\\/ja-wir-alle-hassen-grau-im-moment-aber-es-scheint-dass-wir-alle-einig-sind\\\/\"},\"author\":{\"name\":\"Robert Hoffmann\",\"@id\":\"https:\\\/\\\/www.strassenweb.de\\\/nachrichten\\\/#\\\/schema\\\/person\\\/87c9c9067f1211da429a744dc5a5aa41\"},\"headline\":\"Ja, wir alle hassen grau im Moment-aber es scheint, dass wir alle einig sind\",\"datePublished\":\"2025-05-10T13:41:08+00:00\",\"dateModified\":\"2025-05-10T13:41:09+00:00\",\"mainEntityOfPage\":{\"@id\":\"https:\\\/\\\/www.strassenweb.de\\\/nachrichten\\\/ja-wir-alle-hassen-grau-im-moment-aber-es-scheint-dass-wir-alle-einig-sind\\\/\"},\"wordCount\":977,\"publisher\":{\"@id\":\"https:\\\/\\\/www.strassenweb.de\\\/nachrichten\\\/#organization\"},\"image\":{\"@id\":\"https:\\\/\\\/www.strassenweb.de\\\/nachrichten\\\/ja-wir-alle-hassen-grau-im-moment-aber-es-scheint-dass-wir-alle-einig-sind\\\/#primaryimage\"},\"thumbnailUrl\":\"https:\\\/\\\/www.strassenweb.de\\\/nachrichten\\\/wp-content\\\/uploads\\\/2025\\\/05\\\/bsHDzWn5WHdq2dAEGUVCd7.jpg\",\"keywords\":[\"alle\",\"dass\",\"einig\",\"Grau\",\"hassen\",\"Momentaber\",\"scheint\",\"sind\",\"wir\"],\"articleSection\":[\"Haus &amp; Garten\"],\"inLanguage\":\"de\"},{\"@type\":\"WebPage\",\"@id\":\"https:\\\/\\\/www.strassenweb.de\\\/nachrichten\\\/ja-wir-alle-hassen-grau-im-moment-aber-es-scheint-dass-wir-alle-einig-sind\\\/\",\"url\":\"https:\\\/\\\/www.strassenweb.de\\\/nachrichten\\\/ja-wir-alle-hassen-grau-im-moment-aber-es-scheint-dass-wir-alle-einig-sind\\\/\",\"name\":\"Ja, wir alle hassen grau im Moment-aber es scheint, dass wir alle einig sind - Nachrichten - Stra\u00dfenweb\",\"isPartOf\":{\"@id\":\"https:\\\/\\\/www.strassenweb.de\\\/nachrichten\\\/#website\"},\"primaryImageOfPage\":{\"@id\":\"https:\\\/\\\/www.strassenweb.de\\\/nachrichten\\\/ja-wir-alle-hassen-grau-im-moment-aber-es-scheint-dass-wir-alle-einig-sind\\\/#primaryimage\"},\"image\":{\"@id\":\"https:\\\/\\\/www.strassenweb.de\\\/nachrichten\\\/ja-wir-alle-hassen-grau-im-moment-aber-es-scheint-dass-wir-alle-einig-sind\\\/#primaryimage\"},\"thumbnailUrl\":\"https:\\\/\\\/www.strassenweb.de\\\/nachrichten\\\/wp-content\\\/uploads\\\/2025\\\/05\\\/bsHDzWn5WHdq2dAEGUVCd7.jpg\",\"datePublished\":\"2025-05-10T13:41:08+00:00\",\"dateModified\":\"2025-05-10T13:41:09+00:00\",\"breadcrumb\":{\"@id\":\"https:\\\/\\\/www.strassenweb.de\\\/nachrichten\\\/ja-wir-alle-hassen-grau-im-moment-aber-es-scheint-dass-wir-alle-einig-sind\\\/#breadcrumb\"},\"inLanguage\":\"de\",\"potentialAction\":[{\"@type\":\"ReadAction\",\"target\":[\"https:\\\/\\\/www.strassenweb.de\\\/nachrichten\\\/ja-wir-alle-hassen-grau-im-moment-aber-es-scheint-dass-wir-alle-einig-sind\\\/\"]}]},{\"@type\":\"ImageObject\",\"inLanguage\":\"de\",\"@id\":\"https:\\\/\\\/www.strassenweb.de\\\/nachrichten\\\/ja-wir-alle-hassen-grau-im-moment-aber-es-scheint-dass-wir-alle-einig-sind\\\/#primaryimage\",\"url\":\"https:\\\/\\\/www.strassenweb.de\\\/nachrichten\\\/wp-content\\\/uploads\\\/2025\\\/05\\\/bsHDzWn5WHdq2dAEGUVCd7.jpg\",\"contentUrl\":\"https:\\\/\\\/www.strassenweb.de\\\/nachrichten\\\/wp-content\\\/uploads\\\/2025\\\/05\\\/bsHDzWn5WHdq2dAEGUVCd7.jpg\",\"width\":1920,\"height\":1080,\"caption\":\"A modern sitting room with walls painted in Repose Gray by Sherwin Williams\"},{\"@type\":\"BreadcrumbList\",\"@id\":\"https:\\\/\\\/www.strassenweb.de\\\/nachrichten\\\/ja-wir-alle-hassen-grau-im-moment-aber-es-scheint-dass-wir-alle-einig-sind\\\/#breadcrumb\",\"itemListElement\":[{\"@type\":\"ListItem\",\"position\":1,\"name\":\"Home\",\"item\":\"https:\\\/\\\/www.strassenweb.de\\\/nachrichten\\\/\"},{\"@type\":\"ListItem\",\"position\":2,\"name\":\"Ja, wir alle hassen grau im Moment-aber es scheint, dass wir alle einig sind\"}]},{\"@type\":\"WebSite\",\"@id\":\"https:\\\/\\\/www.strassenweb.de\\\/nachrichten\\\/#website\",\"url\":\"https:\\\/\\\/www.strassenweb.de\\\/nachrichten\\\/\",\"name\":\"Stra\u00dfenweb\",\"description\":\"Stra\u00dfenverzeichnis f\u00fcr Deutschland\",\"publisher\":{\"@id\":\"https:\\\/\\\/www.strassenweb.de\\\/nachrichten\\\/#organization\"},\"potentialAction\":[{\"@type\":\"SearchAction\",\"target\":{\"@type\":\"EntryPoint\",\"urlTemplate\":\"https:\\\/\\\/www.strassenweb.de\\\/nachrichten\\\/?s={search_term_string}\"},\"query-input\":{\"@type\":\"PropertyValueSpecification\",\"valueRequired\":true,\"valueName\":\"search_term_string\"}}],\"inLanguage\":\"de\"},{\"@type\":\"Organization\",\"@id\":\"https:\\\/\\\/www.strassenweb.de\\\/nachrichten\\\/#organization\",\"name\":\"Stra\u00dfenweb\",\"url\":\"https:\\\/\\\/www.strassenweb.de\\\/nachrichten\\\/\",\"logo\":{\"@type\":\"ImageObject\",\"inLanguage\":\"de\",\"@id\":\"https:\\\/\\\/www.strassenweb.de\\\/nachrichten\\\/#\\\/schema\\\/logo\\\/image\\\/\",\"url\":\"https:\\\/\\\/www.strassenweb.de\\\/nachrichten\\\/wp-content\\\/uploads\\\/2024\\\/09\\\/cropped-favicon.png\",\"contentUrl\":\"https:\\\/\\\/www.strassenweb.de\\\/nachrichten\\\/wp-content\\\/uploads\\\/2024\\\/09\\\/cropped-favicon.png\",\"width\":512,\"height\":512,\"caption\":\"Stra\u00dfenweb\"},\"image\":{\"@id\":\"https:\\\/\\\/www.strassenweb.de\\\/nachrichten\\\/#\\\/schema\\\/logo\\\/image\\\/\"},\"sameAs\":[\"https:\\\/\\\/www.facebook.com\\\/strassenweb\\\/\"]},{\"@type\":\"Person\",\"@id\":\"https:\\\/\\\/www.strassenweb.de\\\/nachrichten\\\/#\\\/schema\\\/person\\\/87c9c9067f1211da429a744dc5a5aa41\",\"name\":\"Robert Hoffmann\",\"image\":{\"@type\":\"ImageObject\",\"inLanguage\":\"de\",\"@id\":\"https:\\\/\\\/www.strassenweb.de\\\/nachrichten\\\/wp-content\\\/uploads\\\/2024\\\/09\\\/strassenweb-150x150.jpg\",\"url\":\"https:\\\/\\\/www.strassenweb.de\\\/nachrichten\\\/wp-content\\\/uploads\\\/2024\\\/09\\\/strassenweb-150x150.jpg\",\"contentUrl\":\"https:\\\/\\\/www.strassenweb.de\\\/nachrichten\\\/wp-content\\\/uploads\\\/2024\\\/09\\\/strassenweb-150x150.jpg\",\"caption\":\"Robert Hoffmann\"},\"description\":\"Ich hei\u00dfe Robert Hoffmann und ich bin ein leidenschaftlicher Verfechter von \u00d6kologie und Biodiversit\u00e4t. Seit meiner Kindheit in den W\u00e4ldern Bayerns f\u00fchle ich mich mit der Natur verbunden und bin entschlossen, sie zu sch\u00fctzen. Heute widme ich mein Leben der Sensibilisierung anderer f\u00fcr die Bedeutung des Umweltschutzes f\u00fcr zuk\u00fcnftige Generationen.\",\"sameAs\":[\"https:\\\/\\\/www.strassenweb.de\\\/\"]}]}<\/script>\n<!-- \/ Yoast SEO plugin. -->","yoast_head_json":{"title":"Ja, wir alle hassen grau im Moment-aber es scheint, dass wir alle einig sind - Nachrichten - Stra\u00dfenweb","robots":{"index":"index","follow":"follow","max-snippet":"max-snippet:-1","max-image-preview":"max-image-preview:large","max-video-preview":"max-video-preview:-1"},"canonical":"https:\/\/www.strassenweb.de\/nachrichten\/ja-wir-alle-hassen-grau-im-moment-aber-es-scheint-dass-wir-alle-einig-sind\/","og_locale":"de_DE","og_type":"article","og_title":"Ja, wir alle hassen grau im Moment-aber es scheint, dass wir alle einig sind - Nachrichten - Stra\u00dfenweb","og_description":"Wenn es um neutrale Farben geht, die sich sowohl stilvoll als auch m\u00fchelos anf\u00fchlen, macht Sherwin-Williams &#8218;Bestseller, Ruhegrau, die Shortlist. Ein weiches, einladendes Gro\u00dfe mit","og_url":"https:\/\/www.strassenweb.de\/nachrichten\/ja-wir-alle-hassen-grau-im-moment-aber-es-scheint-dass-wir-alle-einig-sind\/","og_site_name":"Stra\u00dfenweb","article_publisher":"https:\/\/www.facebook.com\/strassenweb\/","article_published_time":"2025-05-10T13:41:08+00:00","article_modified_time":"2025-05-10T13:41:09+00:00","og_image":[{"width":1920,"height":1080,"url":"https:\/\/www.strassenweb.de\/nachrichten\/wp-content\/uploads\/2025\/05\/bsHDzWn5WHdq2dAEGUVCd7.jpg","type":"image\/jpeg"}],"author":"Robert Hoffmann","twitter_card":"summary_large_image","twitter_misc":{"Verfasst von":"Robert Hoffmann","Gesch\u00e4tzte Lesezeit":"5\u00a0Minuten"},"schema":{"@context":"https:\/\/schema.org","@graph":[{"@type":"Article","@id":"https:\/\/www.strassenweb.de\/nachrichten\/ja-wir-alle-hassen-grau-im-moment-aber-es-scheint-dass-wir-alle-einig-sind\/#article","isPartOf":{"@id":"https:\/\/www.strassenweb.de\/nachrichten\/ja-wir-alle-hassen-grau-im-moment-aber-es-scheint-dass-wir-alle-einig-sind\/"},"author":{"name":"Robert Hoffmann","@id":"https:\/\/www.strassenweb.de\/nachrichten\/#\/schema\/person\/87c9c9067f1211da429a744dc5a5aa41"},"headline":"Ja, wir alle hassen grau im Moment-aber es scheint, dass wir alle einig sind","datePublished":"2025-05-10T13:41:08+00:00","dateModified":"2025-05-10T13:41:09+00:00","mainEntityOfPage":{"@id":"https:\/\/www.strassenweb.de\/nachrichten\/ja-wir-alle-hassen-grau-im-moment-aber-es-scheint-dass-wir-alle-einig-sind\/"},"wordCount":977,"publisher":{"@id":"https:\/\/www.strassenweb.de\/nachrichten\/#organization"},"image":{"@id":"https:\/\/www.strassenweb.de\/nachrichten\/ja-wir-alle-hassen-grau-im-moment-aber-es-scheint-dass-wir-alle-einig-sind\/#primaryimage"},"thumbnailUrl":"https:\/\/www.strassenweb.de\/nachrichten\/wp-content\/uploads\/2025\/05\/bsHDzWn5WHdq2dAEGUVCd7.jpg","keywords":["alle","dass","einig","Grau","hassen","Momentaber","scheint","sind","wir"],"articleSection":["Haus &amp; Garten"],"inLanguage":"de"},{"@type":"WebPage","@id":"https:\/\/www.strassenweb.de\/nachrichten\/ja-wir-alle-hassen-grau-im-moment-aber-es-scheint-dass-wir-alle-einig-sind\/","url":"https:\/\/www.strassenweb.de\/nachrichten\/ja-wir-alle-hassen-grau-im-moment-aber-es-scheint-dass-wir-alle-einig-sind\/","name":"Ja, wir alle hassen grau im Moment-aber es scheint, dass wir alle einig sind - Nachrichten - Stra\u00dfenweb","isPartOf":{"@id":"https:\/\/www.strassenweb.de\/nachrichten\/#website"},"primaryImageOfPage":{"@id":"https:\/\/www.strassenweb.de\/nachrichten\/ja-wir-alle-hassen-grau-im-moment-aber-es-scheint-dass-wir-alle-einig-sind\/#primaryimage"},"image":{"@id":"https:\/\/www.strassenweb.de\/nachrichten\/ja-wir-alle-hassen-grau-im-moment-aber-es-scheint-dass-wir-alle-einig-sind\/#primaryimage"},"thumbnailUrl":"https:\/\/www.strassenweb.de\/nachrichten\/wp-content\/uploads\/2025\/05\/bsHDzWn5WHdq2dAEGUVCd7.jpg","datePublished":"2025-05-10T13:41:08+00:00","dateModified":"2025-05-10T13:41:09+00:00","breadcrumb":{"@id":"https:\/\/www.strassenweb.de\/nachrichten\/ja-wir-alle-hassen-grau-im-moment-aber-es-scheint-dass-wir-alle-einig-sind\/#breadcrumb"},"inLanguage":"de","potentialAction":[{"@type":"ReadAction","target":["https:\/\/www.strassenweb.de\/nachrichten\/ja-wir-alle-hassen-grau-im-moment-aber-es-scheint-dass-wir-alle-einig-sind\/"]}]},{"@type":"ImageObject","inLanguage":"de","@id":"https:\/\/www.strassenweb.de\/nachrichten\/ja-wir-alle-hassen-grau-im-moment-aber-es-scheint-dass-wir-alle-einig-sind\/#primaryimage","url":"https:\/\/www.strassenweb.de\/nachrichten\/wp-content\/uploads\/2025\/05\/bsHDzWn5WHdq2dAEGUVCd7.jpg","contentUrl":"https:\/\/www.strassenweb.de\/nachrichten\/wp-content\/uploads\/2025\/05\/bsHDzWn5WHdq2dAEGUVCd7.jpg","width":1920,"height":1080,"caption":"A modern sitting room with walls painted in Repose Gray by Sherwin Williams"},{"@type":"BreadcrumbList","@id":"https:\/\/www.strassenweb.de\/nachrichten\/ja-wir-alle-hassen-grau-im-moment-aber-es-scheint-dass-wir-alle-einig-sind\/#breadcrumb","itemListElement":[{"@type":"ListItem","position":1,"name":"Home","item":"https:\/\/www.strassenweb.de\/nachrichten\/"},{"@type":"ListItem","position":2,"name":"Ja, wir alle hassen grau im Moment-aber es scheint, dass wir alle einig sind"}]},{"@type":"WebSite","@id":"https:\/\/www.strassenweb.de\/nachrichten\/#website","url":"https:\/\/www.strassenweb.de\/nachrichten\/","name":"Stra\u00dfenweb","description":"Stra\u00dfenverzeichnis f\u00fcr Deutschland","publisher":{"@id":"https:\/\/www.strassenweb.de\/nachrichten\/#organization"},"potentialAction":[{"@type":"SearchAction","target":{"@type":"EntryPoint","urlTemplate":"https:\/\/www.strassenweb.de\/nachrichten\/?s={search_term_string}"},"query-input":{"@type":"PropertyValueSpecification","valueRequired":true,"valueName":"search_term_string"}}],"inLanguage":"de"},{"@type":"Organization","@id":"https:\/\/www.strassenweb.de\/nachrichten\/#organization","name":"Stra\u00dfenweb","url":"https:\/\/www.strassenweb.de\/nachrichten\/","logo":{"@type":"ImageObject","inLanguage":"de","@id":"https:\/\/www.strassenweb.de\/nachrichten\/#\/schema\/logo\/image\/","url":"https:\/\/www.strassenweb.de\/nachrichten\/wp-content\/uploads\/2024\/09\/cropped-favicon.png","contentUrl":"https:\/\/www.strassenweb.de\/nachrichten\/wp-content\/uploads\/2024\/09\/cropped-favicon.png","width":512,"height":512,"caption":"Stra\u00dfenweb"},"image":{"@id":"https:\/\/www.strassenweb.de\/nachrichten\/#\/schema\/logo\/image\/"},"sameAs":["https:\/\/www.facebook.com\/strassenweb\/"]},{"@type":"Person","@id":"https:\/\/www.strassenweb.de\/nachrichten\/#\/schema\/person\/87c9c9067f1211da429a744dc5a5aa41","name":"Robert Hoffmann","image":{"@type":"ImageObject","inLanguage":"de","@id":"https:\/\/www.strassenweb.de\/nachrichten\/wp-content\/uploads\/2024\/09\/strassenweb-150x150.jpg","url":"https:\/\/www.strassenweb.de\/nachrichten\/wp-content\/uploads\/2024\/09\/strassenweb-150x150.jpg","contentUrl":"https:\/\/www.strassenweb.de\/nachrichten\/wp-content\/uploads\/2024\/09\/strassenweb-150x150.jpg","caption":"Robert Hoffmann"},"description":"Ich hei\u00dfe Robert Hoffmann und ich bin ein leidenschaftlicher Verfechter von \u00d6kologie und Biodiversit\u00e4t. Seit meiner Kindheit in den W\u00e4ldern Bayerns f\u00fchle ich mich mit der Natur verbunden und bin entschlossen, sie zu sch\u00fctzen. Heute widme ich mein Leben der Sensibilisierung anderer f\u00fcr die Bedeutung des Umweltschutzes f\u00fcr zuk\u00fcnftige Generationen.","sameAs":["https:\/\/www.strassenweb.de\/"]}]}},"_links":{"self":[{"href":"https:\/\/www.strassenweb.de\/nachrichten\/wp-json\/wp\/v2\/posts\/4967","targetHints":{"allow":["GET"]}}],"collection":[{"href":"https:\/\/www.strassenweb.de\/nachrichten\/wp-json\/wp\/v2\/posts"}],"about":[{"href":"https:\/\/www.strassenweb.de\/nachrichten\/wp-json\/wp\/v2\/types\/post"}],"author":[{"embeddable":true,"href":"https:\/\/www.strassenweb.de\/nachrichten\/wp-json\/wp\/v2\/users\/1"}],"replies":[{"embeddable":true,"href":"https:\/\/www.strassenweb.de\/nachrichten\/wp-json\/wp\/v2\/comments?post=4967"}],"version-history":[{"count":0,"href":"https:\/\/www.strassenweb.de\/nachrichten\/wp-json\/wp\/v2\/posts\/4967\/revisions"}],"wp:featuredmedia":[{"embeddable":true,"href":"https:\/\/www.strassenweb.de\/nachrichten\/wp-json\/wp\/v2\/media\/4968"}],"wp:attachment":[{"href":"https:\/\/www.strassenweb.de\/nachrichten\/wp-json\/wp\/v2\/media?parent=4967"}],"wp:term":[{"taxonomy":"category","embeddable":true,"href":"https:\/\/www.strassenweb.de\/nachrichten\/wp-json\/wp\/v2\/categories?post=4967"},{"taxonomy":"post_tag","embeddable":true,"href":"https:\/\/www.strassenweb.de\/nachrichten\/wp-json\/wp\/v2\/tags?post=4967"}],"curies":[{"name":"wp","href":"https:\/\/api.w.org\/{rel}","templated":true}]}}