{"id":4964,"date":"2025-05-10T11:39:22","date_gmt":"2025-05-10T09:39:22","guid":{"rendered":"https:\/\/www.strassenweb.de\/nachrichten\/der-montecito-garten-von-meghan-markle-ist-privat-ruhig-und-sicher-aufgrund-einer-intelligenten-platzierung-von-baum-und-in-kleineren-yards-reproduzierbar\/"},"modified":"2025-05-10T11:39:24","modified_gmt":"2025-05-10T09:39:24","slug":"der-montecito-garten-von-meghan-markle-ist-privat-ruhig-und-sicher-aufgrund-einer-intelligenten-platzierung-von-baum-und-in-kleineren-yards-reproduzierbar","status":"publish","type":"post","link":"https:\/\/www.strassenweb.de\/nachrichten\/der-montecito-garten-von-meghan-markle-ist-privat-ruhig-und-sicher-aufgrund-einer-intelligenten-platzierung-von-baum-und-in-kleineren-yards-reproduzierbar\/","title":{"rendered":"Der Montecito -Garten von Meghan Markle ist privat, ruhig und sicher aufgrund einer intelligenten Platzierung von Baum und in kleineren Yards reproduzierbar"},"content":{"rendered":"<p><\/p>\n<div id=\"article-body\" class=\"article__body \">\n<p>Der Wunsch nach einem privaten Garten ist sicherlich nicht auf Prominente beschr\u00e4nkt, denn schlie\u00dflich m\u00f6chte niemand unterbrochen oder \u00fcbersehen werden, w\u00e4hrend er sich in der Sonne entspannt. Nat\u00fcrlich haben die ber\u00fchmtesten Figuren der Welt die Kunst der Privatsph\u00e4re auf eine Weise gemeistert, die sowohl sicher als auch gelassen ist und von Meghan und Harry angef\u00fchrt wird.<\/p>\n<div id=\"ad-unit-1\" class=\"ad-unit\"><\/div>\n<p>Meghan gab k\u00fcrzlich einen seltenen Einblick in den Montecito -Hof ihrer Familie, wo etablierte Str\u00e4ucher und B\u00e4ume die Grenzen f\u00fcllen. Die hohe, \u00fcberf\u00fcllte Natur dieser Str\u00e4ucher sorgt daf\u00fcr, dass sich der Hof gr\u00fcner und verborgener vor dem Rest der Welt versteckt und sch\u00f6n aussieht.<\/p>\n<aside data-block-type=\"embed\" data-render-type=\"fte\" data-skip=\"dealsy\" data-widget-type=\"seasonal\" class=\"hawk-base\"><\/aside>\n<p>Viele der besten Pflanzen f\u00fcr die Privatsph\u00e4re verleihen einem Hof \u200b\u200bgleichzeitig einen \u00e4sthetischen Wert, wie Meghans Raum betont. Ihre B\u00e4ume und Str\u00e4ucher f\u00fchlen sich kuratiert an, haben aber auch ein Gef\u00fchl der Wildheit, das wild lebende Tiere in den Hof der Familie f\u00f6rdern kann.<\/p>\n<div id=\"desktop-in-article\" class=\"in-article ad-unit\">\n<div id=\"desktop-taboola-mid-article\"><\/div>\n<\/div>\n<div id=\"mobile-in-article\" class=\"in-article ad-unit\">\n<div id=\"mobile-taboola-mid-article\"><\/div>\n<\/div>\n<p>W\u00e4hrend ihr Zuhause sicherlich nicht kompakt ist, sagen Gartenexperten, dass ihre Technik in viel kleinerem Ma\u00dfstab reproduzierbar ist.<\/p>\n<div class=\"van_vid_carousel\">\n<div class=\"van_vid_carousel__padding\">\n<div class=\"van_vid_carousel__container\"><\/div>\n<\/div>\n<\/div>\n<div class=\"instagram-embed\">\n<blockquote class=\"instagram-media\" data-instgrm-captioned data-instgrm-version=\"6\" style=\"width:99.375%; width:-webkit-calc(100% - 2px); width:calc(100% - 2px);\">\n<p>Ein Beitrag von Meghan, Herzogin von Sussex (@meghan)<\/p>\n<p>Ein Foto von on <\/p>\n<\/blockquote>\n<\/div>\n<h2 id=\"shop-h-g-s-top-privacy-plants-3\">Kaufen Sie H &#038; Gs Top -Datenschutzanlagen ein<\/h2>\n<div class=\"product-container hero-product-container product-block-no-wrap\"><\/div>\n<p>&#8218;Meghans intelligentes Strauch und Baumpflanzen bringen ihr und der Familie Privatsph\u00e4re, aber wir k\u00f6nnen ihrem Beispiel folgen, auch wenn es in kleinerem Ma\u00dfstab ist, kommentiert Thom Rutter. <em>H\u00e4user &#038; G\u00e4rten<\/em>&#8218;Content Editor und Inhouse Master Gardener.<\/p>\n<div id=\"ad-unit-2\" class=\"ad-unit\"><\/div>\n<p>\u201eEs gibt verschiedene etablierte Str\u00e4ucher und B\u00e4ume, die die Grenzen ihres Gartens f\u00fcllen und dieses Geh\u00e4usegef\u00fchl schaffen. In kleineren G\u00e4rten w\u00fcrde ich schnell wachsende Str\u00e4ucher wie Lilacs sowie \u00fcppige und dichte Kletterpflanzen wie Clematis Cirrhosa und Clematis Armandii entscheiden, die in einer reichlichen Privatsph\u00e4re, die W\u00e4nde und Z\u00e4hne mit Folia und Bl\u00fcten f\u00fcllen, mit Folien und Bl\u00fcten und Bl\u00fcten f\u00fcllen k\u00f6nnen.<\/p>\n<p>&#8218;In einem kleinen Garten, in dem sich der Platz noch st\u00e4rker befindet, schl\u00e4gt Thom vor, die Kletteranlagen zu maximieren, um nach oben und nach au\u00dfen nach oben zu wachsen. Er schl\u00e4gt vor, Evergreens wie English Ivy zu verwenden, der Ihren Garten das ganze Jahr \u00fcber Gr\u00fcn geben und auch die ruhige, beruhigende \u00c4sthetik unterst\u00fctzt und gleichzeitig vor dem Rest der Welt verborgen bleibt.<\/p>\n<div id=\"slice-container-newsletterForm-articleInbodyContent-75rxFPFK8FFkUpvcWJgJji\" class=\"slice-container newsletter-inbodyContent-slice newsletterForm-articleInbodyContent-75rxFPFK8FFkUpvcWJgJji slice-container-newsletterForm\"><\/div>\n<p>&#8218;Eine weitl\u00e4ufige Kletterhordera ist eine weitere wundervolle Alternative f\u00fcr kleinere G\u00e4rten. Diese sch\u00f6ne Pflanze ist perfekt f\u00fcr Stadt- und Innenhofg\u00e4rten, in denen die Privatsph\u00e4re schwer zu bekommen ist, aber nicht weniger erw\u00fcnscht \u201c, f\u00fcgt Thom hinzu.<\/p>\n<p>Wenn der Sommer n\u00e4hert, beeilen wir uns, Meghans F\u00fchrung in unseren eigenen H\u00e4usern zu folgen. Es ist \u00fcberraschend so einfach, sch\u00f6n und vor allem sicher.<\/p>\n<hr>\n<div class=\"block\" id=\"articleTag\" data-component-name=\"PostArticleLinks\">\n<div class=\"border-b border-b-black border-solid py-2.5 text-black font-bold uppercase\">Themen<\/div>\n<nav class=\"py-2.5 flex gap-2.5 flex-wrap\" data-analytics-id=\"article-tag\">\n<p>Meghan Markle<br \/>\n<\/nav>\n<\/div>\n<\/div>\n<p><script async src=\"\/\/www.instagram.com\/embed.js\"><\/script><\/p>\n","protected":false},"excerpt":{"rendered":"<p>Der Wunsch nach einem privaten Garten ist sicherlich nicht auf Prominente beschr\u00e4nkt, denn schlie\u00dflich m\u00f6chte niemand unterbrochen oder \u00fcbersehen werden, w\u00e4hrend er sich in der<\/p>\n","protected":false},"author":1,"featured_media":4965,"comment_status":"closed","ping_status":"","sticky":false,"template":"","format":"standard","meta":{"footnotes":""},"categories":[118],"tags":[378,3408,81,303,320,7238,15,7239,6342,5896,7236,579,7237,3012,4750,1166,37,21,7014],"class_list":["post-4964","post","type-post","status-publish","format-standard","has-post-thumbnail","hentry","category-haus-garten","tag-aufgrund","tag-baum","tag-der","tag-einer","tag-garten","tag-intelligenten","tag-ist","tag-kleineren","tag-markle","tag-meghan","tag-montecito","tag-platzierung","tag-privat","tag-reproduzierbar","tag-ruhig","tag-sicher","tag-und","tag-von","tag-yards","generate-columns","tablet-grid-50","mobile-grid-100","grid-parent","grid-50"],"yoast_head":"<!-- This site is optimized with the Yoast SEO plugin v27.3 - https:\/\/yoast.com\/product\/yoast-seo-wordpress\/ -->\n<title>Der Montecito -Garten von Meghan Markle ist privat, ruhig und sicher aufgrund einer intelligenten Platzierung von Baum und in kleineren Yards reproduzierbar - Nachrichten - Stra\u00dfenweb<\/title>\n<meta name=\"robots\" content=\"index, follow, max-snippet:-1, max-image-preview:large, max-video-preview:-1\" \/>\n<link rel=\"canonical\" href=\"https:\/\/www.strassenweb.de\/nachrichten\/der-montecito-garten-von-meghan-markle-ist-privat-ruhig-und-sicher-aufgrund-einer-intelligenten-platzierung-von-baum-und-in-kleineren-yards-reproduzierbar\/\" \/>\n<meta property=\"og:locale\" content=\"de_DE\" \/>\n<meta property=\"og:type\" content=\"article\" \/>\n<meta property=\"og:title\" content=\"Der Montecito -Garten von Meghan Markle ist privat, ruhig und sicher aufgrund einer intelligenten Platzierung von Baum und in kleineren Yards reproduzierbar - Nachrichten - Stra\u00dfenweb\" \/>\n<meta property=\"og:description\" content=\"Der Wunsch nach einem privaten Garten ist sicherlich nicht auf Prominente beschr\u00e4nkt, denn schlie\u00dflich m\u00f6chte niemand unterbrochen oder \u00fcbersehen werden, w\u00e4hrend er sich in der\" \/>\n<meta property=\"og:url\" content=\"https:\/\/www.strassenweb.de\/nachrichten\/der-montecito-garten-von-meghan-markle-ist-privat-ruhig-und-sicher-aufgrund-einer-intelligenten-platzierung-von-baum-und-in-kleineren-yards-reproduzierbar\/\" \/>\n<meta property=\"og:site_name\" content=\"Stra\u00dfenweb\" \/>\n<meta property=\"article:publisher\" content=\"https:\/\/www.facebook.com\/strassenweb\/\" \/>\n<meta property=\"article:published_time\" content=\"2025-05-10T09:39:22+00:00\" \/>\n<meta property=\"article:modified_time\" content=\"2025-05-10T09:39:24+00:00\" \/>\n<meta property=\"og:image\" content=\"https:\/\/www.strassenweb.de\/nachrichten\/wp-content\/uploads\/2025\/05\/VGyXiySwsuSrDfEe4xa8yL.png\" \/>\n\t<meta property=\"og:image:width\" content=\"1600\" \/>\n\t<meta property=\"og:image:height\" content=\"900\" \/>\n\t<meta property=\"og:image:type\" content=\"image\/png\" \/>\n<meta name=\"author\" content=\"Robert Hoffmann\" \/>\n<meta name=\"twitter:card\" content=\"summary_large_image\" \/>\n<meta name=\"twitter:label1\" content=\"Verfasst von\" \/>\n\t<meta name=\"twitter:data1\" content=\"Robert Hoffmann\" \/>\n\t<meta name=\"twitter:label2\" content=\"Gesch\u00e4tzte Lesezeit\" \/>\n\t<meta name=\"twitter:data2\" content=\"2\u00a0Minuten\" \/>\n<script type=\"application\/ld+json\" class=\"yoast-schema-graph\">{\"@context\":\"https:\\\/\\\/schema.org\",\"@graph\":[{\"@type\":\"Article\",\"@id\":\"https:\\\/\\\/www.strassenweb.de\\\/nachrichten\\\/der-montecito-garten-von-meghan-markle-ist-privat-ruhig-und-sicher-aufgrund-einer-intelligenten-platzierung-von-baum-und-in-kleineren-yards-reproduzierbar\\\/#article\",\"isPartOf\":{\"@id\":\"https:\\\/\\\/www.strassenweb.de\\\/nachrichten\\\/der-montecito-garten-von-meghan-markle-ist-privat-ruhig-und-sicher-aufgrund-einer-intelligenten-platzierung-von-baum-und-in-kleineren-yards-reproduzierbar\\\/\"},\"author\":{\"name\":\"Robert Hoffmann\",\"@id\":\"https:\\\/\\\/www.strassenweb.de\\\/nachrichten\\\/#\\\/schema\\\/person\\\/87c9c9067f1211da429a744dc5a5aa41\"},\"headline\":\"Der Montecito -Garten von Meghan Markle ist privat, ruhig und sicher aufgrund einer intelligenten Platzierung von Baum und in kleineren Yards reproduzierbar\",\"datePublished\":\"2025-05-10T09:39:22+00:00\",\"dateModified\":\"2025-05-10T09:39:24+00:00\",\"mainEntityOfPage\":{\"@id\":\"https:\\\/\\\/www.strassenweb.de\\\/nachrichten\\\/der-montecito-garten-von-meghan-markle-ist-privat-ruhig-und-sicher-aufgrund-einer-intelligenten-platzierung-von-baum-und-in-kleineren-yards-reproduzierbar\\\/\"},\"wordCount\":492,\"publisher\":{\"@id\":\"https:\\\/\\\/www.strassenweb.de\\\/nachrichten\\\/#organization\"},\"image\":{\"@id\":\"https:\\\/\\\/www.strassenweb.de\\\/nachrichten\\\/der-montecito-garten-von-meghan-markle-ist-privat-ruhig-und-sicher-aufgrund-einer-intelligenten-platzierung-von-baum-und-in-kleineren-yards-reproduzierbar\\\/#primaryimage\"},\"thumbnailUrl\":\"https:\\\/\\\/www.strassenweb.de\\\/nachrichten\\\/wp-content\\\/uploads\\\/2025\\\/05\\\/VGyXiySwsuSrDfEe4xa8yL.png\",\"keywords\":[\"aufgrund\",\"Baum\",\"der\",\"einer\",\"Garten\",\"intelligenten\",\"ist\",\"kleineren\",\"Markle\",\"Meghan\",\"Montecito\",\"Platzierung\",\"privat\",\"reproduzierbar\",\"ruhig\",\"sicher\",\"und\",\"von\",\"Yards\"],\"articleSection\":[\"Haus &amp; Garten\"],\"inLanguage\":\"de\"},{\"@type\":\"WebPage\",\"@id\":\"https:\\\/\\\/www.strassenweb.de\\\/nachrichten\\\/der-montecito-garten-von-meghan-markle-ist-privat-ruhig-und-sicher-aufgrund-einer-intelligenten-platzierung-von-baum-und-in-kleineren-yards-reproduzierbar\\\/\",\"url\":\"https:\\\/\\\/www.strassenweb.de\\\/nachrichten\\\/der-montecito-garten-von-meghan-markle-ist-privat-ruhig-und-sicher-aufgrund-einer-intelligenten-platzierung-von-baum-und-in-kleineren-yards-reproduzierbar\\\/\",\"name\":\"Der Montecito -Garten von Meghan Markle ist privat, ruhig und sicher aufgrund einer intelligenten Platzierung von Baum und in kleineren Yards reproduzierbar - Nachrichten - Stra\u00dfenweb\",\"isPartOf\":{\"@id\":\"https:\\\/\\\/www.strassenweb.de\\\/nachrichten\\\/#website\"},\"primaryImageOfPage\":{\"@id\":\"https:\\\/\\\/www.strassenweb.de\\\/nachrichten\\\/der-montecito-garten-von-meghan-markle-ist-privat-ruhig-und-sicher-aufgrund-einer-intelligenten-platzierung-von-baum-und-in-kleineren-yards-reproduzierbar\\\/#primaryimage\"},\"image\":{\"@id\":\"https:\\\/\\\/www.strassenweb.de\\\/nachrichten\\\/der-montecito-garten-von-meghan-markle-ist-privat-ruhig-und-sicher-aufgrund-einer-intelligenten-platzierung-von-baum-und-in-kleineren-yards-reproduzierbar\\\/#primaryimage\"},\"thumbnailUrl\":\"https:\\\/\\\/www.strassenweb.de\\\/nachrichten\\\/wp-content\\\/uploads\\\/2025\\\/05\\\/VGyXiySwsuSrDfEe4xa8yL.png\",\"datePublished\":\"2025-05-10T09:39:22+00:00\",\"dateModified\":\"2025-05-10T09:39:24+00:00\",\"breadcrumb\":{\"@id\":\"https:\\\/\\\/www.strassenweb.de\\\/nachrichten\\\/der-montecito-garten-von-meghan-markle-ist-privat-ruhig-und-sicher-aufgrund-einer-intelligenten-platzierung-von-baum-und-in-kleineren-yards-reproduzierbar\\\/#breadcrumb\"},\"inLanguage\":\"de\",\"potentialAction\":[{\"@type\":\"ReadAction\",\"target\":[\"https:\\\/\\\/www.strassenweb.de\\\/nachrichten\\\/der-montecito-garten-von-meghan-markle-ist-privat-ruhig-und-sicher-aufgrund-einer-intelligenten-platzierung-von-baum-und-in-kleineren-yards-reproduzierbar\\\/\"]}]},{\"@type\":\"ImageObject\",\"inLanguage\":\"de\",\"@id\":\"https:\\\/\\\/www.strassenweb.de\\\/nachrichten\\\/der-montecito-garten-von-meghan-markle-ist-privat-ruhig-und-sicher-aufgrund-einer-intelligenten-platzierung-von-baum-und-in-kleineren-yards-reproduzierbar\\\/#primaryimage\",\"url\":\"https:\\\/\\\/www.strassenweb.de\\\/nachrichten\\\/wp-content\\\/uploads\\\/2025\\\/05\\\/VGyXiySwsuSrDfEe4xa8yL.png\",\"contentUrl\":\"https:\\\/\\\/www.strassenweb.de\\\/nachrichten\\\/wp-content\\\/uploads\\\/2025\\\/05\\\/VGyXiySwsuSrDfEe4xa8yL.png\",\"width\":1600,\"height\":900,\"caption\":\"Meghan and Harry\"},{\"@type\":\"BreadcrumbList\",\"@id\":\"https:\\\/\\\/www.strassenweb.de\\\/nachrichten\\\/der-montecito-garten-von-meghan-markle-ist-privat-ruhig-und-sicher-aufgrund-einer-intelligenten-platzierung-von-baum-und-in-kleineren-yards-reproduzierbar\\\/#breadcrumb\",\"itemListElement\":[{\"@type\":\"ListItem\",\"position\":1,\"name\":\"Home\",\"item\":\"https:\\\/\\\/www.strassenweb.de\\\/nachrichten\\\/\"},{\"@type\":\"ListItem\",\"position\":2,\"name\":\"Der Montecito -Garten von Meghan Markle ist privat, ruhig und sicher aufgrund einer intelligenten Platzierung von Baum und in kleineren Yards reproduzierbar\"}]},{\"@type\":\"WebSite\",\"@id\":\"https:\\\/\\\/www.strassenweb.de\\\/nachrichten\\\/#website\",\"url\":\"https:\\\/\\\/www.strassenweb.de\\\/nachrichten\\\/\",\"name\":\"Stra\u00dfenweb\",\"description\":\"Stra\u00dfenverzeichnis f\u00fcr Deutschland\",\"publisher\":{\"@id\":\"https:\\\/\\\/www.strassenweb.de\\\/nachrichten\\\/#organization\"},\"potentialAction\":[{\"@type\":\"SearchAction\",\"target\":{\"@type\":\"EntryPoint\",\"urlTemplate\":\"https:\\\/\\\/www.strassenweb.de\\\/nachrichten\\\/?s={search_term_string}\"},\"query-input\":{\"@type\":\"PropertyValueSpecification\",\"valueRequired\":true,\"valueName\":\"search_term_string\"}}],\"inLanguage\":\"de\"},{\"@type\":\"Organization\",\"@id\":\"https:\\\/\\\/www.strassenweb.de\\\/nachrichten\\\/#organization\",\"name\":\"Stra\u00dfenweb\",\"url\":\"https:\\\/\\\/www.strassenweb.de\\\/nachrichten\\\/\",\"logo\":{\"@type\":\"ImageObject\",\"inLanguage\":\"de\",\"@id\":\"https:\\\/\\\/www.strassenweb.de\\\/nachrichten\\\/#\\\/schema\\\/logo\\\/image\\\/\",\"url\":\"https:\\\/\\\/www.strassenweb.de\\\/nachrichten\\\/wp-content\\\/uploads\\\/2024\\\/09\\\/cropped-favicon.png\",\"contentUrl\":\"https:\\\/\\\/www.strassenweb.de\\\/nachrichten\\\/wp-content\\\/uploads\\\/2024\\\/09\\\/cropped-favicon.png\",\"width\":512,\"height\":512,\"caption\":\"Stra\u00dfenweb\"},\"image\":{\"@id\":\"https:\\\/\\\/www.strassenweb.de\\\/nachrichten\\\/#\\\/schema\\\/logo\\\/image\\\/\"},\"sameAs\":[\"https:\\\/\\\/www.facebook.com\\\/strassenweb\\\/\"]},{\"@type\":\"Person\",\"@id\":\"https:\\\/\\\/www.strassenweb.de\\\/nachrichten\\\/#\\\/schema\\\/person\\\/87c9c9067f1211da429a744dc5a5aa41\",\"name\":\"Robert Hoffmann\",\"image\":{\"@type\":\"ImageObject\",\"inLanguage\":\"de\",\"@id\":\"https:\\\/\\\/www.strassenweb.de\\\/nachrichten\\\/wp-content\\\/uploads\\\/2024\\\/09\\\/strassenweb-150x150.jpg\",\"url\":\"https:\\\/\\\/www.strassenweb.de\\\/nachrichten\\\/wp-content\\\/uploads\\\/2024\\\/09\\\/strassenweb-150x150.jpg\",\"contentUrl\":\"https:\\\/\\\/www.strassenweb.de\\\/nachrichten\\\/wp-content\\\/uploads\\\/2024\\\/09\\\/strassenweb-150x150.jpg\",\"caption\":\"Robert Hoffmann\"},\"description\":\"Ich hei\u00dfe Robert Hoffmann und ich bin ein leidenschaftlicher Verfechter von \u00d6kologie und Biodiversit\u00e4t. Seit meiner Kindheit in den W\u00e4ldern Bayerns f\u00fchle ich mich mit der Natur verbunden und bin entschlossen, sie zu sch\u00fctzen. Heute widme ich mein Leben der Sensibilisierung anderer f\u00fcr die Bedeutung des Umweltschutzes f\u00fcr zuk\u00fcnftige Generationen.\",\"sameAs\":[\"https:\\\/\\\/www.strassenweb.de\\\/\"]}]}<\/script>\n<!-- \/ Yoast SEO plugin. -->","yoast_head_json":{"title":"Der Montecito -Garten von Meghan Markle ist privat, ruhig und sicher aufgrund einer intelligenten Platzierung von Baum und in kleineren Yards reproduzierbar - Nachrichten - Stra\u00dfenweb","robots":{"index":"index","follow":"follow","max-snippet":"max-snippet:-1","max-image-preview":"max-image-preview:large","max-video-preview":"max-video-preview:-1"},"canonical":"https:\/\/www.strassenweb.de\/nachrichten\/der-montecito-garten-von-meghan-markle-ist-privat-ruhig-und-sicher-aufgrund-einer-intelligenten-platzierung-von-baum-und-in-kleineren-yards-reproduzierbar\/","og_locale":"de_DE","og_type":"article","og_title":"Der Montecito -Garten von Meghan Markle ist privat, ruhig und sicher aufgrund einer intelligenten Platzierung von Baum und in kleineren Yards reproduzierbar - Nachrichten - Stra\u00dfenweb","og_description":"Der Wunsch nach einem privaten Garten ist sicherlich nicht auf Prominente beschr\u00e4nkt, denn schlie\u00dflich m\u00f6chte niemand unterbrochen oder \u00fcbersehen werden, w\u00e4hrend er sich in der","og_url":"https:\/\/www.strassenweb.de\/nachrichten\/der-montecito-garten-von-meghan-markle-ist-privat-ruhig-und-sicher-aufgrund-einer-intelligenten-platzierung-von-baum-und-in-kleineren-yards-reproduzierbar\/","og_site_name":"Stra\u00dfenweb","article_publisher":"https:\/\/www.facebook.com\/strassenweb\/","article_published_time":"2025-05-10T09:39:22+00:00","article_modified_time":"2025-05-10T09:39:24+00:00","og_image":[{"width":1600,"height":900,"url":"https:\/\/www.strassenweb.de\/nachrichten\/wp-content\/uploads\/2025\/05\/VGyXiySwsuSrDfEe4xa8yL.png","type":"image\/png"}],"author":"Robert Hoffmann","twitter_card":"summary_large_image","twitter_misc":{"Verfasst von":"Robert Hoffmann","Gesch\u00e4tzte Lesezeit":"2\u00a0Minuten"},"schema":{"@context":"https:\/\/schema.org","@graph":[{"@type":"Article","@id":"https:\/\/www.strassenweb.de\/nachrichten\/der-montecito-garten-von-meghan-markle-ist-privat-ruhig-und-sicher-aufgrund-einer-intelligenten-platzierung-von-baum-und-in-kleineren-yards-reproduzierbar\/#article","isPartOf":{"@id":"https:\/\/www.strassenweb.de\/nachrichten\/der-montecito-garten-von-meghan-markle-ist-privat-ruhig-und-sicher-aufgrund-einer-intelligenten-platzierung-von-baum-und-in-kleineren-yards-reproduzierbar\/"},"author":{"name":"Robert Hoffmann","@id":"https:\/\/www.strassenweb.de\/nachrichten\/#\/schema\/person\/87c9c9067f1211da429a744dc5a5aa41"},"headline":"Der Montecito -Garten von Meghan Markle ist privat, ruhig und sicher aufgrund einer intelligenten Platzierung von Baum und in kleineren Yards reproduzierbar","datePublished":"2025-05-10T09:39:22+00:00","dateModified":"2025-05-10T09:39:24+00:00","mainEntityOfPage":{"@id":"https:\/\/www.strassenweb.de\/nachrichten\/der-montecito-garten-von-meghan-markle-ist-privat-ruhig-und-sicher-aufgrund-einer-intelligenten-platzierung-von-baum-und-in-kleineren-yards-reproduzierbar\/"},"wordCount":492,"publisher":{"@id":"https:\/\/www.strassenweb.de\/nachrichten\/#organization"},"image":{"@id":"https:\/\/www.strassenweb.de\/nachrichten\/der-montecito-garten-von-meghan-markle-ist-privat-ruhig-und-sicher-aufgrund-einer-intelligenten-platzierung-von-baum-und-in-kleineren-yards-reproduzierbar\/#primaryimage"},"thumbnailUrl":"https:\/\/www.strassenweb.de\/nachrichten\/wp-content\/uploads\/2025\/05\/VGyXiySwsuSrDfEe4xa8yL.png","keywords":["aufgrund","Baum","der","einer","Garten","intelligenten","ist","kleineren","Markle","Meghan","Montecito","Platzierung","privat","reproduzierbar","ruhig","sicher","und","von","Yards"],"articleSection":["Haus &amp; Garten"],"inLanguage":"de"},{"@type":"WebPage","@id":"https:\/\/www.strassenweb.de\/nachrichten\/der-montecito-garten-von-meghan-markle-ist-privat-ruhig-und-sicher-aufgrund-einer-intelligenten-platzierung-von-baum-und-in-kleineren-yards-reproduzierbar\/","url":"https:\/\/www.strassenweb.de\/nachrichten\/der-montecito-garten-von-meghan-markle-ist-privat-ruhig-und-sicher-aufgrund-einer-intelligenten-platzierung-von-baum-und-in-kleineren-yards-reproduzierbar\/","name":"Der Montecito -Garten von Meghan Markle ist privat, ruhig und sicher aufgrund einer intelligenten Platzierung von Baum und in kleineren Yards reproduzierbar - Nachrichten - Stra\u00dfenweb","isPartOf":{"@id":"https:\/\/www.strassenweb.de\/nachrichten\/#website"},"primaryImageOfPage":{"@id":"https:\/\/www.strassenweb.de\/nachrichten\/der-montecito-garten-von-meghan-markle-ist-privat-ruhig-und-sicher-aufgrund-einer-intelligenten-platzierung-von-baum-und-in-kleineren-yards-reproduzierbar\/#primaryimage"},"image":{"@id":"https:\/\/www.strassenweb.de\/nachrichten\/der-montecito-garten-von-meghan-markle-ist-privat-ruhig-und-sicher-aufgrund-einer-intelligenten-platzierung-von-baum-und-in-kleineren-yards-reproduzierbar\/#primaryimage"},"thumbnailUrl":"https:\/\/www.strassenweb.de\/nachrichten\/wp-content\/uploads\/2025\/05\/VGyXiySwsuSrDfEe4xa8yL.png","datePublished":"2025-05-10T09:39:22+00:00","dateModified":"2025-05-10T09:39:24+00:00","breadcrumb":{"@id":"https:\/\/www.strassenweb.de\/nachrichten\/der-montecito-garten-von-meghan-markle-ist-privat-ruhig-und-sicher-aufgrund-einer-intelligenten-platzierung-von-baum-und-in-kleineren-yards-reproduzierbar\/#breadcrumb"},"inLanguage":"de","potentialAction":[{"@type":"ReadAction","target":["https:\/\/www.strassenweb.de\/nachrichten\/der-montecito-garten-von-meghan-markle-ist-privat-ruhig-und-sicher-aufgrund-einer-intelligenten-platzierung-von-baum-und-in-kleineren-yards-reproduzierbar\/"]}]},{"@type":"ImageObject","inLanguage":"de","@id":"https:\/\/www.strassenweb.de\/nachrichten\/der-montecito-garten-von-meghan-markle-ist-privat-ruhig-und-sicher-aufgrund-einer-intelligenten-platzierung-von-baum-und-in-kleineren-yards-reproduzierbar\/#primaryimage","url":"https:\/\/www.strassenweb.de\/nachrichten\/wp-content\/uploads\/2025\/05\/VGyXiySwsuSrDfEe4xa8yL.png","contentUrl":"https:\/\/www.strassenweb.de\/nachrichten\/wp-content\/uploads\/2025\/05\/VGyXiySwsuSrDfEe4xa8yL.png","width":1600,"height":900,"caption":"Meghan and Harry"},{"@type":"BreadcrumbList","@id":"https:\/\/www.strassenweb.de\/nachrichten\/der-montecito-garten-von-meghan-markle-ist-privat-ruhig-und-sicher-aufgrund-einer-intelligenten-platzierung-von-baum-und-in-kleineren-yards-reproduzierbar\/#breadcrumb","itemListElement":[{"@type":"ListItem","position":1,"name":"Home","item":"https:\/\/www.strassenweb.de\/nachrichten\/"},{"@type":"ListItem","position":2,"name":"Der Montecito -Garten von Meghan Markle ist privat, ruhig und sicher aufgrund einer intelligenten Platzierung von Baum und in kleineren Yards reproduzierbar"}]},{"@type":"WebSite","@id":"https:\/\/www.strassenweb.de\/nachrichten\/#website","url":"https:\/\/www.strassenweb.de\/nachrichten\/","name":"Stra\u00dfenweb","description":"Stra\u00dfenverzeichnis f\u00fcr Deutschland","publisher":{"@id":"https:\/\/www.strassenweb.de\/nachrichten\/#organization"},"potentialAction":[{"@type":"SearchAction","target":{"@type":"EntryPoint","urlTemplate":"https:\/\/www.strassenweb.de\/nachrichten\/?s={search_term_string}"},"query-input":{"@type":"PropertyValueSpecification","valueRequired":true,"valueName":"search_term_string"}}],"inLanguage":"de"},{"@type":"Organization","@id":"https:\/\/www.strassenweb.de\/nachrichten\/#organization","name":"Stra\u00dfenweb","url":"https:\/\/www.strassenweb.de\/nachrichten\/","logo":{"@type":"ImageObject","inLanguage":"de","@id":"https:\/\/www.strassenweb.de\/nachrichten\/#\/schema\/logo\/image\/","url":"https:\/\/www.strassenweb.de\/nachrichten\/wp-content\/uploads\/2024\/09\/cropped-favicon.png","contentUrl":"https:\/\/www.strassenweb.de\/nachrichten\/wp-content\/uploads\/2024\/09\/cropped-favicon.png","width":512,"height":512,"caption":"Stra\u00dfenweb"},"image":{"@id":"https:\/\/www.strassenweb.de\/nachrichten\/#\/schema\/logo\/image\/"},"sameAs":["https:\/\/www.facebook.com\/strassenweb\/"]},{"@type":"Person","@id":"https:\/\/www.strassenweb.de\/nachrichten\/#\/schema\/person\/87c9c9067f1211da429a744dc5a5aa41","name":"Robert Hoffmann","image":{"@type":"ImageObject","inLanguage":"de","@id":"https:\/\/www.strassenweb.de\/nachrichten\/wp-content\/uploads\/2024\/09\/strassenweb-150x150.jpg","url":"https:\/\/www.strassenweb.de\/nachrichten\/wp-content\/uploads\/2024\/09\/strassenweb-150x150.jpg","contentUrl":"https:\/\/www.strassenweb.de\/nachrichten\/wp-content\/uploads\/2024\/09\/strassenweb-150x150.jpg","caption":"Robert Hoffmann"},"description":"Ich hei\u00dfe Robert Hoffmann und ich bin ein leidenschaftlicher Verfechter von \u00d6kologie und Biodiversit\u00e4t. Seit meiner Kindheit in den W\u00e4ldern Bayerns f\u00fchle ich mich mit der Natur verbunden und bin entschlossen, sie zu sch\u00fctzen. Heute widme ich mein Leben der Sensibilisierung anderer f\u00fcr die Bedeutung des Umweltschutzes f\u00fcr zuk\u00fcnftige Generationen.","sameAs":["https:\/\/www.strassenweb.de\/"]}]}},"_links":{"self":[{"href":"https:\/\/www.strassenweb.de\/nachrichten\/wp-json\/wp\/v2\/posts\/4964","targetHints":{"allow":["GET"]}}],"collection":[{"href":"https:\/\/www.strassenweb.de\/nachrichten\/wp-json\/wp\/v2\/posts"}],"about":[{"href":"https:\/\/www.strassenweb.de\/nachrichten\/wp-json\/wp\/v2\/types\/post"}],"author":[{"embeddable":true,"href":"https:\/\/www.strassenweb.de\/nachrichten\/wp-json\/wp\/v2\/users\/1"}],"replies":[{"embeddable":true,"href":"https:\/\/www.strassenweb.de\/nachrichten\/wp-json\/wp\/v2\/comments?post=4964"}],"version-history":[{"count":0,"href":"https:\/\/www.strassenweb.de\/nachrichten\/wp-json\/wp\/v2\/posts\/4964\/revisions"}],"wp:featuredmedia":[{"embeddable":true,"href":"https:\/\/www.strassenweb.de\/nachrichten\/wp-json\/wp\/v2\/media\/4965"}],"wp:attachment":[{"href":"https:\/\/www.strassenweb.de\/nachrichten\/wp-json\/wp\/v2\/media?parent=4964"}],"wp:term":[{"taxonomy":"category","embeddable":true,"href":"https:\/\/www.strassenweb.de\/nachrichten\/wp-json\/wp\/v2\/categories?post=4964"},{"taxonomy":"post_tag","embeddable":true,"href":"https:\/\/www.strassenweb.de\/nachrichten\/wp-json\/wp\/v2\/tags?post=4964"}],"curies":[{"name":"wp","href":"https:\/\/api.w.org\/{rel}","templated":true}]}}