{"id":4955,"date":"2025-05-09T23:39:44","date_gmt":"2025-05-09T21:39:44","guid":{"rendered":"https:\/\/www.strassenweb.de\/nachrichten\/ich-war-ueberzeugt-dass-diese-farbkombination-ueberbeansprucht-wurde-bis-ich-sie-in-kourtney-kardashians-eingangsweg-sah-es-ist-so-schick-und-absolut-zeitlos\/"},"modified":"2025-05-09T23:39:45","modified_gmt":"2025-05-09T21:39:45","slug":"ich-war-ueberzeugt-dass-diese-farbkombination-ueberbeansprucht-wurde-bis-ich-sie-in-kourtney-kardashians-eingangsweg-sah-es-ist-so-schick-und-absolut-zeitlos","status":"publish","type":"post","link":"https:\/\/www.strassenweb.de\/nachrichten\/ich-war-ueberzeugt-dass-diese-farbkombination-ueberbeansprucht-wurde-bis-ich-sie-in-kourtney-kardashians-eingangsweg-sah-es-ist-so-schick-und-absolut-zeitlos\/","title":{"rendered":"Ich war \u00fcberzeugt, dass diese Farbkombination \u00fcberbeansprucht wurde, bis ich sie in Kourtney Kardashians Eingangsweg sah &#8211; es ist so schick und absolut zeitlos"},"content":{"rendered":"<p><\/p>\n<div id=\"article-body\" class=\"article__body \">\n<p>Monochrom ist so stilvoll wie vielseitig. Schwarz und Wei\u00df ist eine beliebte Palette von der K\u00fcche zum Badezimmer, aber ein Ort, den wir wiederholt gesehen haben, ist der Eingang.<\/p>\n<div id=\"ad-unit-1\" class=\"ad-unit\"><\/div>\n<p>Hier auf The Celebrity Style Desk sehen wir diese Farbkombination immer wieder und ich gebe zu, ich habe mich von Schwarz -Wei\u00df -Eing\u00e4ngen unaufgefordert gef\u00fchlt. Dann sah ich Kourtney Kardashians Wendung, die mich sofort an seine Zeitlosigkeit erinnerte.<\/p>\n<aside data-block-type=\"embed\" data-render-type=\"fte\" data-skip=\"dealsy\" data-widget-type=\"seasonal\" class=\"hawk-base\"><\/aside>\n<p>In dem fraglichen Raum werden wei\u00dfe W\u00e4nde durch Schwarz-Rahmen-Fotos und -Abgarten sowie schwarze Hardware an der T\u00fcr kontrastiert. Es gibt mir einige fantastische Ideen f\u00fcr Schwarz -Wei\u00df -Zimmer, die in einem Jahrzehnt genauso schick aussehen werden.<\/p>\n<div id=\"desktop-in-article\" class=\"in-article ad-unit\">\n<div id=\"desktop-taboola-mid-article\"><\/div>\n<\/div>\n<div id=\"mobile-in-article\" class=\"in-article ad-unit\">\n<div id=\"mobile-taboola-mid-article\"><\/div>\n<\/div>\n<p>W\u00e4hrend der Rest von Kourtneys Raum (hier auf Instagram zu sehen) einheitlich wei\u00df ist, einschlie\u00dflich eines Wandleuchters an der Wand, machen die schwarzen Akzente die Gegend sowohl visuell interessant als auch unglaublich schick, und Designer stimmen mir zu: Es ist eine fantastische Auswahl der Design.<\/p>\n<div class=\"van_vid_carousel\">\n<div class=\"van_vid_carousel__padding\">\n<div class=\"van_vid_carousel__container\"><\/div>\n<\/div>\n<\/div>\n<div class=\"instagram-embed\">\n<blockquote class=\"instagram-media\" data-instgrm-captioned data-instgrm-version=\"6\" style=\"width:99.375%; width:-webkit-calc(100% - 2px); width:calc(100% - 2px);\">\n<p>Ein Beitrag, der von @Marc_eram geteilt wird<\/p>\n<p>Ein Foto von on <\/p>\n<\/blockquote>\n<\/div>\n<h3 class=\"article-body__section\" id=\"section-shop-the-black-and-white-entryway-edit\"><span>Kaufen Sie den Schwarzwei\u00dfeingang ein, bearbeiten Sie<\/span><\/h3>\n<div class=\"product-container hero-product-container product-block-no-wrap\"><\/div>\n<p>Design -Insider sagen, dass schwarze und wei\u00dfe Eing\u00e4nge die ideale Mischung aus abenteuerlustig und raffiniert sind und einen idealen ersten Eindruck im Zuhause haben.<\/p>\n<div id=\"ad-unit-2\" class=\"ad-unit\"><\/div>\n<p>&#8222;Wenn Sie mit Ihrem Eingang eine mutige Aussage abgeben m\u00f6chten und dunklere Farbschemata bevorzugen, ist ein schwarz -wei\u00dfer Eingang eine gro\u00dfartige M\u00f6glichkeit&#8220;, erkl\u00e4rt Kathy Kuo, Gr\u00fcnderin und Designerin von Kathy Kuo zu Hause.<\/p>\n<p>\u201eEs ist auff\u00e4llig, geht aber nicht mit Mischung und \u00dcbereinstimmung \u00fcber Bord. Immer wenn Sie einen monochromen Look ausw\u00e4hlen, insbesondere f\u00fcr einen Raum wie den Eingang, in dem Sie wirklich den Ton f\u00fcr Ihr gesamtes Zuhause angeben, verpflichten Sie sich zu einem unverwechselbaren Standpunkt. Und die Tatsache, dass Sie Ihre Farbpalette eingeschr\u00e4nkt haben, bedeutet, dass es so viel Raum gibt, um einen kunstvollen Kontrast zu Formen und Texturen zu schaffen. &#8218;<\/p>\n<div id=\"slice-container-newsletterForm-articleInbodyContent-5ZUWRZjtsn3qN9xsUn4iKM\" class=\"slice-container newsletter-inbodyContent-slice newsletterForm-articleInbodyContent-5ZUWRZjtsn3qN9xsUn4iKM slice-container-newsletterForm\"><\/div>\n<p>Wenn es um die Stile geht, in die Schwarzwei\u00df gut passt, sagen Designer, dass die M\u00f6glichkeiten weitreichend sind.<\/p>\n<p>&#8222;Diese Palette arbeitet m\u00fchelos in einer Vielzahl von Designstilen&#8220;, erkl\u00e4rt Designerin Nina Lichtenstein.<\/p>\n<p>&#8218;In einer modernen oder zeitgen\u00f6ssischen Umgebung betont Schwarzwei\u00df saubere Linien und geometrische Form, die oft mit schlanken Oberfl\u00e4chen und skulpturalen Beleuchtung gepaart sind. In einem traditionelleren Zuhause f\u00fchlt sich das Duo kulturerreich. Bild Schwarz-Wei\u00df-Schachbrettb\u00f6den, kompliziertes M\u00fchlenwerk in hohen kontrastischen Farben und Messingvorrichtungen, die W\u00e4rme verleihen. Es erg\u00e4nzt auch \u00dcbergangs-, Art -Deco-, Bauernhaus- und sogar industrielle \u00c4sthetik mit gleicher Finesse. &#8218;<\/p>\n<hr>\n<p>Wenn Sie mit einem wei\u00df gestrichenen Flur arbeiten, sollten Sie schwarze Akzente \u00fcber Zubeh\u00f6r wie Kerzen, Teppiche oder Lampen hinzuf\u00fcgen.<\/p>\n<hr>\n<\/div>\n<p><script async src=\"\/\/www.instagram.com\/embed.js\"><\/script><\/p>\n","protected":false},"excerpt":{"rendered":"<p>Monochrom ist so stilvoll wie vielseitig. Schwarz und Wei\u00df ist eine beliebte Palette von der K\u00fcche zum Badezimmer, aber ein Ort, den wir wiederholt gesehen<\/p>\n","protected":false},"author":1,"featured_media":4956,"comment_status":"closed","ping_status":"","sticky":false,"template":"","format":"standard","meta":{"footnotes":""},"categories":[118],"tags":[4307,180,51,143,7068,2515,129,15,3324,4248,185,2960,165,7227,4512,37,1495,1529,3271],"class_list":["post-4955","post","type-post","status-publish","format-standard","has-post-thumbnail","hentry","category-haus-garten","tag-absolut","tag-bis","tag-dass","tag-diese","tag-eingangsweg","tag-farbkombination","tag-ich","tag-ist","tag-kardashians","tag-kourtney","tag-sah","tag-schick","tag-sie","tag-ueberbeansprucht","tag-ueberzeugt","tag-und","tag-war","tag-wuerde","tag-zeitlos","generate-columns","tablet-grid-50","mobile-grid-100","grid-parent","grid-50"],"yoast_head":"<!-- This site is optimized with the Yoast SEO plugin v27.3 - https:\/\/yoast.com\/product\/yoast-seo-wordpress\/ -->\n<title>Ich war \u00fcberzeugt, dass diese Farbkombination \u00fcberbeansprucht wurde, bis ich sie in Kourtney Kardashians Eingangsweg sah - es ist so schick und absolut zeitlos - Nachrichten - Stra\u00dfenweb<\/title>\n<meta name=\"robots\" content=\"index, follow, max-snippet:-1, max-image-preview:large, max-video-preview:-1\" \/>\n<link rel=\"canonical\" href=\"https:\/\/www.strassenweb.de\/nachrichten\/ich-war-ueberzeugt-dass-diese-farbkombination-ueberbeansprucht-wurde-bis-ich-sie-in-kourtney-kardashians-eingangsweg-sah-es-ist-so-schick-und-absolut-zeitlos\/\" \/>\n<meta property=\"og:locale\" content=\"de_DE\" \/>\n<meta property=\"og:type\" content=\"article\" \/>\n<meta property=\"og:title\" content=\"Ich war \u00fcberzeugt, dass diese Farbkombination \u00fcberbeansprucht wurde, bis ich sie in Kourtney Kardashians Eingangsweg sah - es ist so schick und absolut zeitlos - Nachrichten - Stra\u00dfenweb\" \/>\n<meta property=\"og:description\" content=\"Monochrom ist so stilvoll wie vielseitig. Schwarz und Wei\u00df ist eine beliebte Palette von der K\u00fcche zum Badezimmer, aber ein Ort, den wir wiederholt gesehen\" \/>\n<meta property=\"og:url\" content=\"https:\/\/www.strassenweb.de\/nachrichten\/ich-war-ueberzeugt-dass-diese-farbkombination-ueberbeansprucht-wurde-bis-ich-sie-in-kourtney-kardashians-eingangsweg-sah-es-ist-so-schick-und-absolut-zeitlos\/\" \/>\n<meta property=\"og:site_name\" content=\"Stra\u00dfenweb\" \/>\n<meta property=\"article:publisher\" content=\"https:\/\/www.facebook.com\/strassenweb\/\" \/>\n<meta property=\"article:published_time\" content=\"2025-05-09T21:39:44+00:00\" \/>\n<meta property=\"article:modified_time\" content=\"2025-05-09T21:39:45+00:00\" \/>\n<meta property=\"og:image\" content=\"https:\/\/www.strassenweb.de\/nachrichten\/wp-content\/uploads\/2025\/05\/GtGgts2oeBS4f9aAt8aRAk.jpg\" \/>\n\t<meta property=\"og:image:width\" content=\"1600\" \/>\n\t<meta property=\"og:image:height\" content=\"900\" \/>\n\t<meta property=\"og:image:type\" content=\"image\/jpeg\" \/>\n<meta name=\"author\" content=\"Robert Hoffmann\" \/>\n<meta name=\"twitter:card\" content=\"summary_large_image\" \/>\n<meta name=\"twitter:label1\" content=\"Verfasst von\" \/>\n\t<meta name=\"twitter:data1\" content=\"Robert Hoffmann\" \/>\n\t<meta name=\"twitter:label2\" content=\"Gesch\u00e4tzte Lesezeit\" \/>\n\t<meta name=\"twitter:data2\" content=\"2\u00a0Minuten\" \/>\n<script type=\"application\/ld+json\" class=\"yoast-schema-graph\">{\"@context\":\"https:\\\/\\\/schema.org\",\"@graph\":[{\"@type\":\"Article\",\"@id\":\"https:\\\/\\\/www.strassenweb.de\\\/nachrichten\\\/ich-war-ueberzeugt-dass-diese-farbkombination-ueberbeansprucht-wurde-bis-ich-sie-in-kourtney-kardashians-eingangsweg-sah-es-ist-so-schick-und-absolut-zeitlos\\\/#article\",\"isPartOf\":{\"@id\":\"https:\\\/\\\/www.strassenweb.de\\\/nachrichten\\\/ich-war-ueberzeugt-dass-diese-farbkombination-ueberbeansprucht-wurde-bis-ich-sie-in-kourtney-kardashians-eingangsweg-sah-es-ist-so-schick-und-absolut-zeitlos\\\/\"},\"author\":{\"name\":\"Robert Hoffmann\",\"@id\":\"https:\\\/\\\/www.strassenweb.de\\\/nachrichten\\\/#\\\/schema\\\/person\\\/87c9c9067f1211da429a744dc5a5aa41\"},\"headline\":\"Ich war \u00fcberzeugt, dass diese Farbkombination \u00fcberbeansprucht wurde, bis ich sie in Kourtney Kardashians Eingangsweg sah &#8211; es ist so schick und absolut zeitlos\",\"datePublished\":\"2025-05-09T21:39:44+00:00\",\"dateModified\":\"2025-05-09T21:39:45+00:00\",\"mainEntityOfPage\":{\"@id\":\"https:\\\/\\\/www.strassenweb.de\\\/nachrichten\\\/ich-war-ueberzeugt-dass-diese-farbkombination-ueberbeansprucht-wurde-bis-ich-sie-in-kourtney-kardashians-eingangsweg-sah-es-ist-so-schick-und-absolut-zeitlos\\\/\"},\"wordCount\":464,\"publisher\":{\"@id\":\"https:\\\/\\\/www.strassenweb.de\\\/nachrichten\\\/#organization\"},\"image\":{\"@id\":\"https:\\\/\\\/www.strassenweb.de\\\/nachrichten\\\/ich-war-ueberzeugt-dass-diese-farbkombination-ueberbeansprucht-wurde-bis-ich-sie-in-kourtney-kardashians-eingangsweg-sah-es-ist-so-schick-und-absolut-zeitlos\\\/#primaryimage\"},\"thumbnailUrl\":\"https:\\\/\\\/www.strassenweb.de\\\/nachrichten\\\/wp-content\\\/uploads\\\/2025\\\/05\\\/GtGgts2oeBS4f9aAt8aRAk.jpg\",\"keywords\":[\"absolut\",\"bis\",\"dass\",\"diese\",\"Eingangsweg\",\"Farbkombination\",\"ich\",\"ist\",\"Kardashians\",\"Kourtney\",\"sah\",\"schick\",\"Sie\",\"\u00fcberbeansprucht\",\"\u00fcberzeugt\",\"und\",\"war\",\"w\u00fcrde\",\"zeitlos\"],\"articleSection\":[\"Haus &amp; Garten\"],\"inLanguage\":\"de\"},{\"@type\":\"WebPage\",\"@id\":\"https:\\\/\\\/www.strassenweb.de\\\/nachrichten\\\/ich-war-ueberzeugt-dass-diese-farbkombination-ueberbeansprucht-wurde-bis-ich-sie-in-kourtney-kardashians-eingangsweg-sah-es-ist-so-schick-und-absolut-zeitlos\\\/\",\"url\":\"https:\\\/\\\/www.strassenweb.de\\\/nachrichten\\\/ich-war-ueberzeugt-dass-diese-farbkombination-ueberbeansprucht-wurde-bis-ich-sie-in-kourtney-kardashians-eingangsweg-sah-es-ist-so-schick-und-absolut-zeitlos\\\/\",\"name\":\"Ich war \u00fcberzeugt, dass diese Farbkombination \u00fcberbeansprucht wurde, bis ich sie in Kourtney Kardashians Eingangsweg sah - es ist so schick und absolut zeitlos - Nachrichten - Stra\u00dfenweb\",\"isPartOf\":{\"@id\":\"https:\\\/\\\/www.strassenweb.de\\\/nachrichten\\\/#website\"},\"primaryImageOfPage\":{\"@id\":\"https:\\\/\\\/www.strassenweb.de\\\/nachrichten\\\/ich-war-ueberzeugt-dass-diese-farbkombination-ueberbeansprucht-wurde-bis-ich-sie-in-kourtney-kardashians-eingangsweg-sah-es-ist-so-schick-und-absolut-zeitlos\\\/#primaryimage\"},\"image\":{\"@id\":\"https:\\\/\\\/www.strassenweb.de\\\/nachrichten\\\/ich-war-ueberzeugt-dass-diese-farbkombination-ueberbeansprucht-wurde-bis-ich-sie-in-kourtney-kardashians-eingangsweg-sah-es-ist-so-schick-und-absolut-zeitlos\\\/#primaryimage\"},\"thumbnailUrl\":\"https:\\\/\\\/www.strassenweb.de\\\/nachrichten\\\/wp-content\\\/uploads\\\/2025\\\/05\\\/GtGgts2oeBS4f9aAt8aRAk.jpg\",\"datePublished\":\"2025-05-09T21:39:44+00:00\",\"dateModified\":\"2025-05-09T21:39:45+00:00\",\"breadcrumb\":{\"@id\":\"https:\\\/\\\/www.strassenweb.de\\\/nachrichten\\\/ich-war-ueberzeugt-dass-diese-farbkombination-ueberbeansprucht-wurde-bis-ich-sie-in-kourtney-kardashians-eingangsweg-sah-es-ist-so-schick-und-absolut-zeitlos\\\/#breadcrumb\"},\"inLanguage\":\"de\",\"potentialAction\":[{\"@type\":\"ReadAction\",\"target\":[\"https:\\\/\\\/www.strassenweb.de\\\/nachrichten\\\/ich-war-ueberzeugt-dass-diese-farbkombination-ueberbeansprucht-wurde-bis-ich-sie-in-kourtney-kardashians-eingangsweg-sah-es-ist-so-schick-und-absolut-zeitlos\\\/\"]}]},{\"@type\":\"ImageObject\",\"inLanguage\":\"de\",\"@id\":\"https:\\\/\\\/www.strassenweb.de\\\/nachrichten\\\/ich-war-ueberzeugt-dass-diese-farbkombination-ueberbeansprucht-wurde-bis-ich-sie-in-kourtney-kardashians-eingangsweg-sah-es-ist-so-schick-und-absolut-zeitlos\\\/#primaryimage\",\"url\":\"https:\\\/\\\/www.strassenweb.de\\\/nachrichten\\\/wp-content\\\/uploads\\\/2025\\\/05\\\/GtGgts2oeBS4f9aAt8aRAk.jpg\",\"contentUrl\":\"https:\\\/\\\/www.strassenweb.de\\\/nachrichten\\\/wp-content\\\/uploads\\\/2025\\\/05\\\/GtGgts2oeBS4f9aAt8aRAk.jpg\",\"width\":1600,\"height\":900,\"caption\":\"Kourtney Kardashian\"},{\"@type\":\"BreadcrumbList\",\"@id\":\"https:\\\/\\\/www.strassenweb.de\\\/nachrichten\\\/ich-war-ueberzeugt-dass-diese-farbkombination-ueberbeansprucht-wurde-bis-ich-sie-in-kourtney-kardashians-eingangsweg-sah-es-ist-so-schick-und-absolut-zeitlos\\\/#breadcrumb\",\"itemListElement\":[{\"@type\":\"ListItem\",\"position\":1,\"name\":\"Home\",\"item\":\"https:\\\/\\\/www.strassenweb.de\\\/nachrichten\\\/\"},{\"@type\":\"ListItem\",\"position\":2,\"name\":\"Ich war \u00fcberzeugt, dass diese Farbkombination \u00fcberbeansprucht wurde, bis ich sie in Kourtney Kardashians Eingangsweg sah &#8211; es ist so schick und absolut zeitlos\"}]},{\"@type\":\"WebSite\",\"@id\":\"https:\\\/\\\/www.strassenweb.de\\\/nachrichten\\\/#website\",\"url\":\"https:\\\/\\\/www.strassenweb.de\\\/nachrichten\\\/\",\"name\":\"Stra\u00dfenweb\",\"description\":\"Stra\u00dfenverzeichnis f\u00fcr Deutschland\",\"publisher\":{\"@id\":\"https:\\\/\\\/www.strassenweb.de\\\/nachrichten\\\/#organization\"},\"potentialAction\":[{\"@type\":\"SearchAction\",\"target\":{\"@type\":\"EntryPoint\",\"urlTemplate\":\"https:\\\/\\\/www.strassenweb.de\\\/nachrichten\\\/?s={search_term_string}\"},\"query-input\":{\"@type\":\"PropertyValueSpecification\",\"valueRequired\":true,\"valueName\":\"search_term_string\"}}],\"inLanguage\":\"de\"},{\"@type\":\"Organization\",\"@id\":\"https:\\\/\\\/www.strassenweb.de\\\/nachrichten\\\/#organization\",\"name\":\"Stra\u00dfenweb\",\"url\":\"https:\\\/\\\/www.strassenweb.de\\\/nachrichten\\\/\",\"logo\":{\"@type\":\"ImageObject\",\"inLanguage\":\"de\",\"@id\":\"https:\\\/\\\/www.strassenweb.de\\\/nachrichten\\\/#\\\/schema\\\/logo\\\/image\\\/\",\"url\":\"https:\\\/\\\/www.strassenweb.de\\\/nachrichten\\\/wp-content\\\/uploads\\\/2024\\\/09\\\/cropped-favicon.png\",\"contentUrl\":\"https:\\\/\\\/www.strassenweb.de\\\/nachrichten\\\/wp-content\\\/uploads\\\/2024\\\/09\\\/cropped-favicon.png\",\"width\":512,\"height\":512,\"caption\":\"Stra\u00dfenweb\"},\"image\":{\"@id\":\"https:\\\/\\\/www.strassenweb.de\\\/nachrichten\\\/#\\\/schema\\\/logo\\\/image\\\/\"},\"sameAs\":[\"https:\\\/\\\/www.facebook.com\\\/strassenweb\\\/\"]},{\"@type\":\"Person\",\"@id\":\"https:\\\/\\\/www.strassenweb.de\\\/nachrichten\\\/#\\\/schema\\\/person\\\/87c9c9067f1211da429a744dc5a5aa41\",\"name\":\"Robert Hoffmann\",\"image\":{\"@type\":\"ImageObject\",\"inLanguage\":\"de\",\"@id\":\"https:\\\/\\\/www.strassenweb.de\\\/nachrichten\\\/wp-content\\\/uploads\\\/2024\\\/09\\\/strassenweb-150x150.jpg\",\"url\":\"https:\\\/\\\/www.strassenweb.de\\\/nachrichten\\\/wp-content\\\/uploads\\\/2024\\\/09\\\/strassenweb-150x150.jpg\",\"contentUrl\":\"https:\\\/\\\/www.strassenweb.de\\\/nachrichten\\\/wp-content\\\/uploads\\\/2024\\\/09\\\/strassenweb-150x150.jpg\",\"caption\":\"Robert Hoffmann\"},\"description\":\"Ich hei\u00dfe Robert Hoffmann und ich bin ein leidenschaftlicher Verfechter von \u00d6kologie und Biodiversit\u00e4t. Seit meiner Kindheit in den W\u00e4ldern Bayerns f\u00fchle ich mich mit der Natur verbunden und bin entschlossen, sie zu sch\u00fctzen. Heute widme ich mein Leben der Sensibilisierung anderer f\u00fcr die Bedeutung des Umweltschutzes f\u00fcr zuk\u00fcnftige Generationen.\",\"sameAs\":[\"https:\\\/\\\/www.strassenweb.de\\\/\"]}]}<\/script>\n<!-- \/ Yoast SEO plugin. -->","yoast_head_json":{"title":"Ich war \u00fcberzeugt, dass diese Farbkombination \u00fcberbeansprucht wurde, bis ich sie in Kourtney Kardashians Eingangsweg sah - es ist so schick und absolut zeitlos - Nachrichten - Stra\u00dfenweb","robots":{"index":"index","follow":"follow","max-snippet":"max-snippet:-1","max-image-preview":"max-image-preview:large","max-video-preview":"max-video-preview:-1"},"canonical":"https:\/\/www.strassenweb.de\/nachrichten\/ich-war-ueberzeugt-dass-diese-farbkombination-ueberbeansprucht-wurde-bis-ich-sie-in-kourtney-kardashians-eingangsweg-sah-es-ist-so-schick-und-absolut-zeitlos\/","og_locale":"de_DE","og_type":"article","og_title":"Ich war \u00fcberzeugt, dass diese Farbkombination \u00fcberbeansprucht wurde, bis ich sie in Kourtney Kardashians Eingangsweg sah - es ist so schick und absolut zeitlos - Nachrichten - Stra\u00dfenweb","og_description":"Monochrom ist so stilvoll wie vielseitig. Schwarz und Wei\u00df ist eine beliebte Palette von der K\u00fcche zum Badezimmer, aber ein Ort, den wir wiederholt gesehen","og_url":"https:\/\/www.strassenweb.de\/nachrichten\/ich-war-ueberzeugt-dass-diese-farbkombination-ueberbeansprucht-wurde-bis-ich-sie-in-kourtney-kardashians-eingangsweg-sah-es-ist-so-schick-und-absolut-zeitlos\/","og_site_name":"Stra\u00dfenweb","article_publisher":"https:\/\/www.facebook.com\/strassenweb\/","article_published_time":"2025-05-09T21:39:44+00:00","article_modified_time":"2025-05-09T21:39:45+00:00","og_image":[{"width":1600,"height":900,"url":"https:\/\/www.strassenweb.de\/nachrichten\/wp-content\/uploads\/2025\/05\/GtGgts2oeBS4f9aAt8aRAk.jpg","type":"image\/jpeg"}],"author":"Robert Hoffmann","twitter_card":"summary_large_image","twitter_misc":{"Verfasst von":"Robert Hoffmann","Gesch\u00e4tzte Lesezeit":"2\u00a0Minuten"},"schema":{"@context":"https:\/\/schema.org","@graph":[{"@type":"Article","@id":"https:\/\/www.strassenweb.de\/nachrichten\/ich-war-ueberzeugt-dass-diese-farbkombination-ueberbeansprucht-wurde-bis-ich-sie-in-kourtney-kardashians-eingangsweg-sah-es-ist-so-schick-und-absolut-zeitlos\/#article","isPartOf":{"@id":"https:\/\/www.strassenweb.de\/nachrichten\/ich-war-ueberzeugt-dass-diese-farbkombination-ueberbeansprucht-wurde-bis-ich-sie-in-kourtney-kardashians-eingangsweg-sah-es-ist-so-schick-und-absolut-zeitlos\/"},"author":{"name":"Robert Hoffmann","@id":"https:\/\/www.strassenweb.de\/nachrichten\/#\/schema\/person\/87c9c9067f1211da429a744dc5a5aa41"},"headline":"Ich war \u00fcberzeugt, dass diese Farbkombination \u00fcberbeansprucht wurde, bis ich sie in Kourtney Kardashians Eingangsweg sah &#8211; es ist so schick und absolut zeitlos","datePublished":"2025-05-09T21:39:44+00:00","dateModified":"2025-05-09T21:39:45+00:00","mainEntityOfPage":{"@id":"https:\/\/www.strassenweb.de\/nachrichten\/ich-war-ueberzeugt-dass-diese-farbkombination-ueberbeansprucht-wurde-bis-ich-sie-in-kourtney-kardashians-eingangsweg-sah-es-ist-so-schick-und-absolut-zeitlos\/"},"wordCount":464,"publisher":{"@id":"https:\/\/www.strassenweb.de\/nachrichten\/#organization"},"image":{"@id":"https:\/\/www.strassenweb.de\/nachrichten\/ich-war-ueberzeugt-dass-diese-farbkombination-ueberbeansprucht-wurde-bis-ich-sie-in-kourtney-kardashians-eingangsweg-sah-es-ist-so-schick-und-absolut-zeitlos\/#primaryimage"},"thumbnailUrl":"https:\/\/www.strassenweb.de\/nachrichten\/wp-content\/uploads\/2025\/05\/GtGgts2oeBS4f9aAt8aRAk.jpg","keywords":["absolut","bis","dass","diese","Eingangsweg","Farbkombination","ich","ist","Kardashians","Kourtney","sah","schick","Sie","\u00fcberbeansprucht","\u00fcberzeugt","und","war","w\u00fcrde","zeitlos"],"articleSection":["Haus &amp; Garten"],"inLanguage":"de"},{"@type":"WebPage","@id":"https:\/\/www.strassenweb.de\/nachrichten\/ich-war-ueberzeugt-dass-diese-farbkombination-ueberbeansprucht-wurde-bis-ich-sie-in-kourtney-kardashians-eingangsweg-sah-es-ist-so-schick-und-absolut-zeitlos\/","url":"https:\/\/www.strassenweb.de\/nachrichten\/ich-war-ueberzeugt-dass-diese-farbkombination-ueberbeansprucht-wurde-bis-ich-sie-in-kourtney-kardashians-eingangsweg-sah-es-ist-so-schick-und-absolut-zeitlos\/","name":"Ich war \u00fcberzeugt, dass diese Farbkombination \u00fcberbeansprucht wurde, bis ich sie in Kourtney Kardashians Eingangsweg sah - es ist so schick und absolut zeitlos - Nachrichten - Stra\u00dfenweb","isPartOf":{"@id":"https:\/\/www.strassenweb.de\/nachrichten\/#website"},"primaryImageOfPage":{"@id":"https:\/\/www.strassenweb.de\/nachrichten\/ich-war-ueberzeugt-dass-diese-farbkombination-ueberbeansprucht-wurde-bis-ich-sie-in-kourtney-kardashians-eingangsweg-sah-es-ist-so-schick-und-absolut-zeitlos\/#primaryimage"},"image":{"@id":"https:\/\/www.strassenweb.de\/nachrichten\/ich-war-ueberzeugt-dass-diese-farbkombination-ueberbeansprucht-wurde-bis-ich-sie-in-kourtney-kardashians-eingangsweg-sah-es-ist-so-schick-und-absolut-zeitlos\/#primaryimage"},"thumbnailUrl":"https:\/\/www.strassenweb.de\/nachrichten\/wp-content\/uploads\/2025\/05\/GtGgts2oeBS4f9aAt8aRAk.jpg","datePublished":"2025-05-09T21:39:44+00:00","dateModified":"2025-05-09T21:39:45+00:00","breadcrumb":{"@id":"https:\/\/www.strassenweb.de\/nachrichten\/ich-war-ueberzeugt-dass-diese-farbkombination-ueberbeansprucht-wurde-bis-ich-sie-in-kourtney-kardashians-eingangsweg-sah-es-ist-so-schick-und-absolut-zeitlos\/#breadcrumb"},"inLanguage":"de","potentialAction":[{"@type":"ReadAction","target":["https:\/\/www.strassenweb.de\/nachrichten\/ich-war-ueberzeugt-dass-diese-farbkombination-ueberbeansprucht-wurde-bis-ich-sie-in-kourtney-kardashians-eingangsweg-sah-es-ist-so-schick-und-absolut-zeitlos\/"]}]},{"@type":"ImageObject","inLanguage":"de","@id":"https:\/\/www.strassenweb.de\/nachrichten\/ich-war-ueberzeugt-dass-diese-farbkombination-ueberbeansprucht-wurde-bis-ich-sie-in-kourtney-kardashians-eingangsweg-sah-es-ist-so-schick-und-absolut-zeitlos\/#primaryimage","url":"https:\/\/www.strassenweb.de\/nachrichten\/wp-content\/uploads\/2025\/05\/GtGgts2oeBS4f9aAt8aRAk.jpg","contentUrl":"https:\/\/www.strassenweb.de\/nachrichten\/wp-content\/uploads\/2025\/05\/GtGgts2oeBS4f9aAt8aRAk.jpg","width":1600,"height":900,"caption":"Kourtney Kardashian"},{"@type":"BreadcrumbList","@id":"https:\/\/www.strassenweb.de\/nachrichten\/ich-war-ueberzeugt-dass-diese-farbkombination-ueberbeansprucht-wurde-bis-ich-sie-in-kourtney-kardashians-eingangsweg-sah-es-ist-so-schick-und-absolut-zeitlos\/#breadcrumb","itemListElement":[{"@type":"ListItem","position":1,"name":"Home","item":"https:\/\/www.strassenweb.de\/nachrichten\/"},{"@type":"ListItem","position":2,"name":"Ich war \u00fcberzeugt, dass diese Farbkombination \u00fcberbeansprucht wurde, bis ich sie in Kourtney Kardashians Eingangsweg sah &#8211; es ist so schick und absolut zeitlos"}]},{"@type":"WebSite","@id":"https:\/\/www.strassenweb.de\/nachrichten\/#website","url":"https:\/\/www.strassenweb.de\/nachrichten\/","name":"Stra\u00dfenweb","description":"Stra\u00dfenverzeichnis f\u00fcr Deutschland","publisher":{"@id":"https:\/\/www.strassenweb.de\/nachrichten\/#organization"},"potentialAction":[{"@type":"SearchAction","target":{"@type":"EntryPoint","urlTemplate":"https:\/\/www.strassenweb.de\/nachrichten\/?s={search_term_string}"},"query-input":{"@type":"PropertyValueSpecification","valueRequired":true,"valueName":"search_term_string"}}],"inLanguage":"de"},{"@type":"Organization","@id":"https:\/\/www.strassenweb.de\/nachrichten\/#organization","name":"Stra\u00dfenweb","url":"https:\/\/www.strassenweb.de\/nachrichten\/","logo":{"@type":"ImageObject","inLanguage":"de","@id":"https:\/\/www.strassenweb.de\/nachrichten\/#\/schema\/logo\/image\/","url":"https:\/\/www.strassenweb.de\/nachrichten\/wp-content\/uploads\/2024\/09\/cropped-favicon.png","contentUrl":"https:\/\/www.strassenweb.de\/nachrichten\/wp-content\/uploads\/2024\/09\/cropped-favicon.png","width":512,"height":512,"caption":"Stra\u00dfenweb"},"image":{"@id":"https:\/\/www.strassenweb.de\/nachrichten\/#\/schema\/logo\/image\/"},"sameAs":["https:\/\/www.facebook.com\/strassenweb\/"]},{"@type":"Person","@id":"https:\/\/www.strassenweb.de\/nachrichten\/#\/schema\/person\/87c9c9067f1211da429a744dc5a5aa41","name":"Robert Hoffmann","image":{"@type":"ImageObject","inLanguage":"de","@id":"https:\/\/www.strassenweb.de\/nachrichten\/wp-content\/uploads\/2024\/09\/strassenweb-150x150.jpg","url":"https:\/\/www.strassenweb.de\/nachrichten\/wp-content\/uploads\/2024\/09\/strassenweb-150x150.jpg","contentUrl":"https:\/\/www.strassenweb.de\/nachrichten\/wp-content\/uploads\/2024\/09\/strassenweb-150x150.jpg","caption":"Robert Hoffmann"},"description":"Ich hei\u00dfe Robert Hoffmann und ich bin ein leidenschaftlicher Verfechter von \u00d6kologie und Biodiversit\u00e4t. Seit meiner Kindheit in den W\u00e4ldern Bayerns f\u00fchle ich mich mit der Natur verbunden und bin entschlossen, sie zu sch\u00fctzen. Heute widme ich mein Leben der Sensibilisierung anderer f\u00fcr die Bedeutung des Umweltschutzes f\u00fcr zuk\u00fcnftige Generationen.","sameAs":["https:\/\/www.strassenweb.de\/"]}]}},"_links":{"self":[{"href":"https:\/\/www.strassenweb.de\/nachrichten\/wp-json\/wp\/v2\/posts\/4955","targetHints":{"allow":["GET"]}}],"collection":[{"href":"https:\/\/www.strassenweb.de\/nachrichten\/wp-json\/wp\/v2\/posts"}],"about":[{"href":"https:\/\/www.strassenweb.de\/nachrichten\/wp-json\/wp\/v2\/types\/post"}],"author":[{"embeddable":true,"href":"https:\/\/www.strassenweb.de\/nachrichten\/wp-json\/wp\/v2\/users\/1"}],"replies":[{"embeddable":true,"href":"https:\/\/www.strassenweb.de\/nachrichten\/wp-json\/wp\/v2\/comments?post=4955"}],"version-history":[{"count":0,"href":"https:\/\/www.strassenweb.de\/nachrichten\/wp-json\/wp\/v2\/posts\/4955\/revisions"}],"wp:featuredmedia":[{"embeddable":true,"href":"https:\/\/www.strassenweb.de\/nachrichten\/wp-json\/wp\/v2\/media\/4956"}],"wp:attachment":[{"href":"https:\/\/www.strassenweb.de\/nachrichten\/wp-json\/wp\/v2\/media?parent=4955"}],"wp:term":[{"taxonomy":"category","embeddable":true,"href":"https:\/\/www.strassenweb.de\/nachrichten\/wp-json\/wp\/v2\/categories?post=4955"},{"taxonomy":"post_tag","embeddable":true,"href":"https:\/\/www.strassenweb.de\/nachrichten\/wp-json\/wp\/v2\/tags?post=4955"}],"curies":[{"name":"wp","href":"https:\/\/api.w.org\/{rel}","templated":true}]}}