{"id":4949,"date":"2025-05-09T15:41:04","date_gmt":"2025-05-09T13:41:04","guid":{"rendered":"https:\/\/www.strassenweb.de\/nachrichten\/aprikose-frangipane-tart\/"},"modified":"2025-05-09T15:41:05","modified_gmt":"2025-05-09T13:41:05","slug":"aprikose-frangipane-tart","status":"publish","type":"post","link":"https:\/\/www.strassenweb.de\/nachrichten\/aprikose-frangipane-tart\/","title":{"rendered":"Aprikose Frangipane Tart"},"content":{"rendered":"<p><\/p>\n<div id=\"article-body\" class=\"article__body \">\n<p>Im sp\u00e4ten Fr\u00fchling gibt es nichts Besseres als ein leichtes Dessert, um eine feierliche Mahlzeit abzurunden.<\/p>\n<div id=\"ad-unit-1\" class=\"ad-unit\"><\/div>\n<p>Sie k\u00f6nnen diese Frangipane -Aprikosenkautier einen Tag im Voraus machen, wenn Sie m\u00f6chten, und f\u00fcgen Sie die Aprikosen hinzu, die bis zu einer Stunde vor dem Servieren \u00fcbertroffen wird.<\/p>\n<aside data-block-type=\"embed\" data-render-type=\"fte\" data-skip=\"dealsy\" data-widget-type=\"seasonal\" class=\"hawk-base\"><\/aside>\n<p>Ideal als Muttertagsbacken ist es perfekt zu einem knusprigen, trockenen Ros\u00e9.<\/p>\n<div id=\"desktop-in-article\" class=\"in-article ad-unit\">\n<div id=\"desktop-taboola-mid-article\"><\/div>\n<\/div>\n<div id=\"mobile-in-article\" class=\"in-article ad-unit\">\n<div id=\"mobile-taboola-mid-article\"><\/div>\n<\/div>\n<h2 id=\"ingredients-3\">Zutaten<\/h2>\n<p><strong>Dient 8\u201310<\/strong><\/p>\n<div class=\"van_vid_carousel\">\n<div class=\"van_vid_carousel__padding\">\n<div class=\"van_vid_carousel__container\"><\/div>\n<\/div>\n<\/div>\n<p>10 \u00bd oz All-Butter-Shortcrust-Geb\u00e4ck<\/p>\n<div id=\"ad-unit-2\" class=\"ad-unit\"><\/div>\n<p>12\u201314 gro\u00dfe Aprikosen, gesteinigt und geviertelt<\/p>\n<p>\u2154 Tasse Elderblume herzlich<\/p>\n<p>9 Unzen weiche ungesalzene franz\u00f6sische Butter<\/p>\n<p>9 Unzen goldener Zaubererzucker<\/p>\n<p>9 Unzen gemahlene Mandeln<\/p>\n<p>1\u20132 TL Vanilleschuhpaste oder Extrakt<\/p>\n<p>2 Eier, geschlagen<\/p>\n<p>6 EL Aprikosenmarmelade<\/p>\n<p>Zucker mit Zucker, zu Staub<\/p>\n<h2 id=\"the-homes-gardens-method-3\">Die Homes &#038; Gardens -Methode<\/h2>\n<ol start=\"1\">\n<li>Rollen Sie das Geb\u00e4ck in einen 1\/8-Zoll-dicken Kreis aus und verwenden Sie es, um eine 9-Zoll-Tart-Dose mit einem losen Bottom auszurichten (diese Dose bei Amazon gibt Ihnen ziemlich geriffelte Kanten), sodass die Kanten leicht \u00fcberdachten. Stechen Sie die Basis \u00fcberall hin\u00fcber und k\u00fchlen Sie es 20 Minuten lang. Erhitzen Sie den Ofen auf 375 \u00b0 F, Gasmarke 4. Blindbacken das Geb\u00e4ckgeh\u00e4use f\u00fcr 20 Minuten, dann die Bohnen und das Papier entfernen und 15\u201320 Minuten backen, bis sie sehr blass golden sind.<\/li>\n<li>Um die Aprikosen zu pochieren, sie in einen Topf mit weitem Basis mit dem \u00e4lteren Blumen herzlich zu stecken und bei schwacher Hitze sehr sanft zu k\u00f6cheln. 8 Minuten k\u00f6cheln lassen oder bis die Aprikosen zart sind, aber dennoch ihre Form halten. Entfernen Sie die Pfanne vom Herd und lassen Sie sie vollst\u00e4ndig abk\u00fchlen lassen. Entfernen Sie die Aprikosen vorsichtig mit einem geschlitzten L\u00f6ffel und k\u00f6cheln Sie den Sirup, bis er um die H\u00e4lfte reduziert wird.<\/li>\n<li>Um das Frangipane zu machen, schlagen Sie Butter und Zucker vorzugsweise zusammen in einem Standmixer, bis es hell ist. F\u00fcgen Sie die gemahlenen Mandeln und Vanille hinzu und schlagen Sie weiter, bis sie gleichm\u00e4\u00dfig kombiniert sind. F\u00fcgen Sie die Eier nacheinander hinzu und halten Sie ab und zu an, um die Seiten abzukratzen. Wenn bequem. Decken Sie die Mischung \u00fcber Nacht ab und k\u00fchlen Sie sie ab, aber es ist in Ordnung, sich mit dem Rezept direkt zu bewegen.<\/li>\n<li>4 Essl\u00f6ffel der Aprikosenmarmelade gleichm\u00e4\u00dfig \u00fcber die Basis des Geb\u00e4ckgehalts verteilen und dann den Frangipane \u00fcber die Marmeladenschicht geben. Backen Sie die Torte bei 350 \u00b0 F, Gasmarke 4 f\u00fcr etwa 40 Minuten, bis sie in der Mitte golden, auferstanden und fest gestiegen sind. Legen Sie sich leicht beiseite und ordnen Sie die abgelassenen Aprikosenquartiere oben in eng verpackten, konzentrischen Kreisen an.<\/li>\n<li>Kombinieren Sie die verbleibende Aprikosenmarmelade mit 1 EL des Wilzsirups (der Rest kann in Cocktails auf Ginbasis oder als leichter herzliches verwendet werden) und b\u00fcrsten Sie gleichm\u00e4\u00dfig \u00fcber die Aprikosen. Staub die Oberseite der Torte mit Puderzucker vor dem Servieren warm oder bei Raumtemperatur mit Sahne oder Cr\u00e8me Fra\u00eeche.<\/li>\n<\/ol>\n<hr>\n<p>Am besten frisch gegessen, kann diese Torte jedoch ein paar Tage lang an einem trockenen, k\u00fchlen Ort oder im K\u00fchlschrank bedeckt werden. Das Geb\u00e4ck wird nicht so knusprig sein, aber die Aromen werden genauso wunderbar sein. Wir haben auch ein Zitronenk\u00e4sekuchen -Tart -Rezept, das Sie gerne ausprobieren m\u00f6chten. Genauso einfach zu machen und ebenso lecker.<\/p>\n<\/div>\n","protected":false},"excerpt":{"rendered":"<p>Im sp\u00e4ten Fr\u00fchling gibt es nichts Besseres als ein leichtes Dessert, um eine feierliche Mahlzeit abzurunden. Sie k\u00f6nnen diese Frangipane -Aprikosenkautier einen Tag im Voraus<\/p>\n","protected":false},"author":1,"featured_media":4950,"comment_status":"closed","ping_status":"","sticky":false,"template":"","format":"standard","meta":{"footnotes":""},"categories":[118],"tags":[7218,7219,7220],"class_list":["post-4949","post","type-post","status-publish","format-standard","has-post-thumbnail","hentry","category-haus-garten","tag-aprikose","tag-frangipane","tag-tart","generate-columns","tablet-grid-50","mobile-grid-100","grid-parent","grid-50"],"yoast_head":"<!-- This site is optimized with the Yoast SEO plugin v27.3 - https:\/\/yoast.com\/product\/yoast-seo-wordpress\/ -->\n<title>Aprikose Frangipane Tart - Nachrichten - Stra\u00dfenweb<\/title>\n<meta name=\"robots\" content=\"index, follow, max-snippet:-1, max-image-preview:large, max-video-preview:-1\" \/>\n<link rel=\"canonical\" href=\"https:\/\/www.strassenweb.de\/nachrichten\/aprikose-frangipane-tart\/\" \/>\n<meta property=\"og:locale\" content=\"de_DE\" \/>\n<meta property=\"og:type\" content=\"article\" \/>\n<meta property=\"og:title\" content=\"Aprikose Frangipane Tart - Nachrichten - Stra\u00dfenweb\" \/>\n<meta property=\"og:description\" content=\"Im sp\u00e4ten Fr\u00fchling gibt es nichts Besseres als ein leichtes Dessert, um eine feierliche Mahlzeit abzurunden. Sie k\u00f6nnen diese Frangipane -Aprikosenkautier einen Tag im Voraus\" \/>\n<meta property=\"og:url\" content=\"https:\/\/www.strassenweb.de\/nachrichten\/aprikose-frangipane-tart\/\" \/>\n<meta property=\"og:site_name\" content=\"Stra\u00dfenweb\" \/>\n<meta property=\"article:publisher\" content=\"https:\/\/www.facebook.com\/strassenweb\/\" \/>\n<meta property=\"article:published_time\" content=\"2025-05-09T13:41:04+00:00\" \/>\n<meta property=\"article:modified_time\" content=\"2025-05-09T13:41:05+00:00\" \/>\n<meta property=\"og:image\" content=\"https:\/\/www.strassenweb.de\/nachrichten\/wp-content\/uploads\/2025\/05\/d5kyJrMHAaVxjr2qiZUoRi.jpg\" \/>\n\t<meta property=\"og:image:width\" content=\"1600\" \/>\n\t<meta property=\"og:image:height\" content=\"900\" \/>\n\t<meta property=\"og:image:type\" content=\"image\/jpeg\" \/>\n<meta name=\"author\" content=\"Robert Hoffmann\" \/>\n<meta name=\"twitter:card\" content=\"summary_large_image\" \/>\n<meta name=\"twitter:label1\" content=\"Verfasst von\" \/>\n\t<meta name=\"twitter:data1\" content=\"Robert Hoffmann\" \/>\n\t<meta name=\"twitter:label2\" content=\"Gesch\u00e4tzte Lesezeit\" \/>\n\t<meta name=\"twitter:data2\" content=\"3\u00a0Minuten\" \/>\n<script type=\"application\/ld+json\" class=\"yoast-schema-graph\">{\"@context\":\"https:\\\/\\\/schema.org\",\"@graph\":[{\"@type\":\"Article\",\"@id\":\"https:\\\/\\\/www.strassenweb.de\\\/nachrichten\\\/aprikose-frangipane-tart\\\/#article\",\"isPartOf\":{\"@id\":\"https:\\\/\\\/www.strassenweb.de\\\/nachrichten\\\/aprikose-frangipane-tart\\\/\"},\"author\":{\"name\":\"Robert Hoffmann\",\"@id\":\"https:\\\/\\\/www.strassenweb.de\\\/nachrichten\\\/#\\\/schema\\\/person\\\/87c9c9067f1211da429a744dc5a5aa41\"},\"headline\":\"Aprikose Frangipane Tart\",\"datePublished\":\"2025-05-09T13:41:04+00:00\",\"dateModified\":\"2025-05-09T13:41:05+00:00\",\"mainEntityOfPage\":{\"@id\":\"https:\\\/\\\/www.strassenweb.de\\\/nachrichten\\\/aprikose-frangipane-tart\\\/\"},\"wordCount\":526,\"publisher\":{\"@id\":\"https:\\\/\\\/www.strassenweb.de\\\/nachrichten\\\/#organization\"},\"image\":{\"@id\":\"https:\\\/\\\/www.strassenweb.de\\\/nachrichten\\\/aprikose-frangipane-tart\\\/#primaryimage\"},\"thumbnailUrl\":\"https:\\\/\\\/www.strassenweb.de\\\/nachrichten\\\/wp-content\\\/uploads\\\/2025\\\/05\\\/d5kyJrMHAaVxjr2qiZUoRi.jpg\",\"keywords\":[\"Aprikose\",\"Frangipane\",\"Tart\"],\"articleSection\":[\"Haus &amp; Garten\"],\"inLanguage\":\"de\"},{\"@type\":\"WebPage\",\"@id\":\"https:\\\/\\\/www.strassenweb.de\\\/nachrichten\\\/aprikose-frangipane-tart\\\/\",\"url\":\"https:\\\/\\\/www.strassenweb.de\\\/nachrichten\\\/aprikose-frangipane-tart\\\/\",\"name\":\"Aprikose Frangipane Tart - Nachrichten - Stra\u00dfenweb\",\"isPartOf\":{\"@id\":\"https:\\\/\\\/www.strassenweb.de\\\/nachrichten\\\/#website\"},\"primaryImageOfPage\":{\"@id\":\"https:\\\/\\\/www.strassenweb.de\\\/nachrichten\\\/aprikose-frangipane-tart\\\/#primaryimage\"},\"image\":{\"@id\":\"https:\\\/\\\/www.strassenweb.de\\\/nachrichten\\\/aprikose-frangipane-tart\\\/#primaryimage\"},\"thumbnailUrl\":\"https:\\\/\\\/www.strassenweb.de\\\/nachrichten\\\/wp-content\\\/uploads\\\/2025\\\/05\\\/d5kyJrMHAaVxjr2qiZUoRi.jpg\",\"datePublished\":\"2025-05-09T13:41:04+00:00\",\"dateModified\":\"2025-05-09T13:41:05+00:00\",\"breadcrumb\":{\"@id\":\"https:\\\/\\\/www.strassenweb.de\\\/nachrichten\\\/aprikose-frangipane-tart\\\/#breadcrumb\"},\"inLanguage\":\"de\",\"potentialAction\":[{\"@type\":\"ReadAction\",\"target\":[\"https:\\\/\\\/www.strassenweb.de\\\/nachrichten\\\/aprikose-frangipane-tart\\\/\"]}]},{\"@type\":\"ImageObject\",\"inLanguage\":\"de\",\"@id\":\"https:\\\/\\\/www.strassenweb.de\\\/nachrichten\\\/aprikose-frangipane-tart\\\/#primaryimage\",\"url\":\"https:\\\/\\\/www.strassenweb.de\\\/nachrichten\\\/wp-content\\\/uploads\\\/2025\\\/05\\\/d5kyJrMHAaVxjr2qiZUoRi.jpg\",\"contentUrl\":\"https:\\\/\\\/www.strassenweb.de\\\/nachrichten\\\/wp-content\\\/uploads\\\/2025\\\/05\\\/d5kyJrMHAaVxjr2qiZUoRi.jpg\",\"width\":1600,\"height\":900,\"caption\":\"Apricot tart\"},{\"@type\":\"BreadcrumbList\",\"@id\":\"https:\\\/\\\/www.strassenweb.de\\\/nachrichten\\\/aprikose-frangipane-tart\\\/#breadcrumb\",\"itemListElement\":[{\"@type\":\"ListItem\",\"position\":1,\"name\":\"Home\",\"item\":\"https:\\\/\\\/www.strassenweb.de\\\/nachrichten\\\/\"},{\"@type\":\"ListItem\",\"position\":2,\"name\":\"Aprikose Frangipane Tart\"}]},{\"@type\":\"WebSite\",\"@id\":\"https:\\\/\\\/www.strassenweb.de\\\/nachrichten\\\/#website\",\"url\":\"https:\\\/\\\/www.strassenweb.de\\\/nachrichten\\\/\",\"name\":\"Stra\u00dfenweb\",\"description\":\"Stra\u00dfenverzeichnis f\u00fcr Deutschland\",\"publisher\":{\"@id\":\"https:\\\/\\\/www.strassenweb.de\\\/nachrichten\\\/#organization\"},\"potentialAction\":[{\"@type\":\"SearchAction\",\"target\":{\"@type\":\"EntryPoint\",\"urlTemplate\":\"https:\\\/\\\/www.strassenweb.de\\\/nachrichten\\\/?s={search_term_string}\"},\"query-input\":{\"@type\":\"PropertyValueSpecification\",\"valueRequired\":true,\"valueName\":\"search_term_string\"}}],\"inLanguage\":\"de\"},{\"@type\":\"Organization\",\"@id\":\"https:\\\/\\\/www.strassenweb.de\\\/nachrichten\\\/#organization\",\"name\":\"Stra\u00dfenweb\",\"url\":\"https:\\\/\\\/www.strassenweb.de\\\/nachrichten\\\/\",\"logo\":{\"@type\":\"ImageObject\",\"inLanguage\":\"de\",\"@id\":\"https:\\\/\\\/www.strassenweb.de\\\/nachrichten\\\/#\\\/schema\\\/logo\\\/image\\\/\",\"url\":\"https:\\\/\\\/www.strassenweb.de\\\/nachrichten\\\/wp-content\\\/uploads\\\/2024\\\/09\\\/cropped-favicon.png\",\"contentUrl\":\"https:\\\/\\\/www.strassenweb.de\\\/nachrichten\\\/wp-content\\\/uploads\\\/2024\\\/09\\\/cropped-favicon.png\",\"width\":512,\"height\":512,\"caption\":\"Stra\u00dfenweb\"},\"image\":{\"@id\":\"https:\\\/\\\/www.strassenweb.de\\\/nachrichten\\\/#\\\/schema\\\/logo\\\/image\\\/\"},\"sameAs\":[\"https:\\\/\\\/www.facebook.com\\\/strassenweb\\\/\"]},{\"@type\":\"Person\",\"@id\":\"https:\\\/\\\/www.strassenweb.de\\\/nachrichten\\\/#\\\/schema\\\/person\\\/87c9c9067f1211da429a744dc5a5aa41\",\"name\":\"Robert Hoffmann\",\"image\":{\"@type\":\"ImageObject\",\"inLanguage\":\"de\",\"@id\":\"https:\\\/\\\/www.strassenweb.de\\\/nachrichten\\\/wp-content\\\/uploads\\\/2024\\\/09\\\/strassenweb-150x150.jpg\",\"url\":\"https:\\\/\\\/www.strassenweb.de\\\/nachrichten\\\/wp-content\\\/uploads\\\/2024\\\/09\\\/strassenweb-150x150.jpg\",\"contentUrl\":\"https:\\\/\\\/www.strassenweb.de\\\/nachrichten\\\/wp-content\\\/uploads\\\/2024\\\/09\\\/strassenweb-150x150.jpg\",\"caption\":\"Robert Hoffmann\"},\"description\":\"Ich hei\u00dfe Robert Hoffmann und ich bin ein leidenschaftlicher Verfechter von \u00d6kologie und Biodiversit\u00e4t. Seit meiner Kindheit in den W\u00e4ldern Bayerns f\u00fchle ich mich mit der Natur verbunden und bin entschlossen, sie zu sch\u00fctzen. Heute widme ich mein Leben der Sensibilisierung anderer f\u00fcr die Bedeutung des Umweltschutzes f\u00fcr zuk\u00fcnftige Generationen.\",\"sameAs\":[\"https:\\\/\\\/www.strassenweb.de\\\/\"]}]}<\/script>\n<!-- \/ Yoast SEO plugin. -->","yoast_head_json":{"title":"Aprikose Frangipane Tart - Nachrichten - Stra\u00dfenweb","robots":{"index":"index","follow":"follow","max-snippet":"max-snippet:-1","max-image-preview":"max-image-preview:large","max-video-preview":"max-video-preview:-1"},"canonical":"https:\/\/www.strassenweb.de\/nachrichten\/aprikose-frangipane-tart\/","og_locale":"de_DE","og_type":"article","og_title":"Aprikose Frangipane Tart - Nachrichten - Stra\u00dfenweb","og_description":"Im sp\u00e4ten Fr\u00fchling gibt es nichts Besseres als ein leichtes Dessert, um eine feierliche Mahlzeit abzurunden. Sie k\u00f6nnen diese Frangipane -Aprikosenkautier einen Tag im Voraus","og_url":"https:\/\/www.strassenweb.de\/nachrichten\/aprikose-frangipane-tart\/","og_site_name":"Stra\u00dfenweb","article_publisher":"https:\/\/www.facebook.com\/strassenweb\/","article_published_time":"2025-05-09T13:41:04+00:00","article_modified_time":"2025-05-09T13:41:05+00:00","og_image":[{"width":1600,"height":900,"url":"https:\/\/www.strassenweb.de\/nachrichten\/wp-content\/uploads\/2025\/05\/d5kyJrMHAaVxjr2qiZUoRi.jpg","type":"image\/jpeg"}],"author":"Robert Hoffmann","twitter_card":"summary_large_image","twitter_misc":{"Verfasst von":"Robert Hoffmann","Gesch\u00e4tzte Lesezeit":"3\u00a0Minuten"},"schema":{"@context":"https:\/\/schema.org","@graph":[{"@type":"Article","@id":"https:\/\/www.strassenweb.de\/nachrichten\/aprikose-frangipane-tart\/#article","isPartOf":{"@id":"https:\/\/www.strassenweb.de\/nachrichten\/aprikose-frangipane-tart\/"},"author":{"name":"Robert Hoffmann","@id":"https:\/\/www.strassenweb.de\/nachrichten\/#\/schema\/person\/87c9c9067f1211da429a744dc5a5aa41"},"headline":"Aprikose Frangipane Tart","datePublished":"2025-05-09T13:41:04+00:00","dateModified":"2025-05-09T13:41:05+00:00","mainEntityOfPage":{"@id":"https:\/\/www.strassenweb.de\/nachrichten\/aprikose-frangipane-tart\/"},"wordCount":526,"publisher":{"@id":"https:\/\/www.strassenweb.de\/nachrichten\/#organization"},"image":{"@id":"https:\/\/www.strassenweb.de\/nachrichten\/aprikose-frangipane-tart\/#primaryimage"},"thumbnailUrl":"https:\/\/www.strassenweb.de\/nachrichten\/wp-content\/uploads\/2025\/05\/d5kyJrMHAaVxjr2qiZUoRi.jpg","keywords":["Aprikose","Frangipane","Tart"],"articleSection":["Haus &amp; Garten"],"inLanguage":"de"},{"@type":"WebPage","@id":"https:\/\/www.strassenweb.de\/nachrichten\/aprikose-frangipane-tart\/","url":"https:\/\/www.strassenweb.de\/nachrichten\/aprikose-frangipane-tart\/","name":"Aprikose Frangipane Tart - Nachrichten - Stra\u00dfenweb","isPartOf":{"@id":"https:\/\/www.strassenweb.de\/nachrichten\/#website"},"primaryImageOfPage":{"@id":"https:\/\/www.strassenweb.de\/nachrichten\/aprikose-frangipane-tart\/#primaryimage"},"image":{"@id":"https:\/\/www.strassenweb.de\/nachrichten\/aprikose-frangipane-tart\/#primaryimage"},"thumbnailUrl":"https:\/\/www.strassenweb.de\/nachrichten\/wp-content\/uploads\/2025\/05\/d5kyJrMHAaVxjr2qiZUoRi.jpg","datePublished":"2025-05-09T13:41:04+00:00","dateModified":"2025-05-09T13:41:05+00:00","breadcrumb":{"@id":"https:\/\/www.strassenweb.de\/nachrichten\/aprikose-frangipane-tart\/#breadcrumb"},"inLanguage":"de","potentialAction":[{"@type":"ReadAction","target":["https:\/\/www.strassenweb.de\/nachrichten\/aprikose-frangipane-tart\/"]}]},{"@type":"ImageObject","inLanguage":"de","@id":"https:\/\/www.strassenweb.de\/nachrichten\/aprikose-frangipane-tart\/#primaryimage","url":"https:\/\/www.strassenweb.de\/nachrichten\/wp-content\/uploads\/2025\/05\/d5kyJrMHAaVxjr2qiZUoRi.jpg","contentUrl":"https:\/\/www.strassenweb.de\/nachrichten\/wp-content\/uploads\/2025\/05\/d5kyJrMHAaVxjr2qiZUoRi.jpg","width":1600,"height":900,"caption":"Apricot tart"},{"@type":"BreadcrumbList","@id":"https:\/\/www.strassenweb.de\/nachrichten\/aprikose-frangipane-tart\/#breadcrumb","itemListElement":[{"@type":"ListItem","position":1,"name":"Home","item":"https:\/\/www.strassenweb.de\/nachrichten\/"},{"@type":"ListItem","position":2,"name":"Aprikose Frangipane Tart"}]},{"@type":"WebSite","@id":"https:\/\/www.strassenweb.de\/nachrichten\/#website","url":"https:\/\/www.strassenweb.de\/nachrichten\/","name":"Stra\u00dfenweb","description":"Stra\u00dfenverzeichnis f\u00fcr Deutschland","publisher":{"@id":"https:\/\/www.strassenweb.de\/nachrichten\/#organization"},"potentialAction":[{"@type":"SearchAction","target":{"@type":"EntryPoint","urlTemplate":"https:\/\/www.strassenweb.de\/nachrichten\/?s={search_term_string}"},"query-input":{"@type":"PropertyValueSpecification","valueRequired":true,"valueName":"search_term_string"}}],"inLanguage":"de"},{"@type":"Organization","@id":"https:\/\/www.strassenweb.de\/nachrichten\/#organization","name":"Stra\u00dfenweb","url":"https:\/\/www.strassenweb.de\/nachrichten\/","logo":{"@type":"ImageObject","inLanguage":"de","@id":"https:\/\/www.strassenweb.de\/nachrichten\/#\/schema\/logo\/image\/","url":"https:\/\/www.strassenweb.de\/nachrichten\/wp-content\/uploads\/2024\/09\/cropped-favicon.png","contentUrl":"https:\/\/www.strassenweb.de\/nachrichten\/wp-content\/uploads\/2024\/09\/cropped-favicon.png","width":512,"height":512,"caption":"Stra\u00dfenweb"},"image":{"@id":"https:\/\/www.strassenweb.de\/nachrichten\/#\/schema\/logo\/image\/"},"sameAs":["https:\/\/www.facebook.com\/strassenweb\/"]},{"@type":"Person","@id":"https:\/\/www.strassenweb.de\/nachrichten\/#\/schema\/person\/87c9c9067f1211da429a744dc5a5aa41","name":"Robert Hoffmann","image":{"@type":"ImageObject","inLanguage":"de","@id":"https:\/\/www.strassenweb.de\/nachrichten\/wp-content\/uploads\/2024\/09\/strassenweb-150x150.jpg","url":"https:\/\/www.strassenweb.de\/nachrichten\/wp-content\/uploads\/2024\/09\/strassenweb-150x150.jpg","contentUrl":"https:\/\/www.strassenweb.de\/nachrichten\/wp-content\/uploads\/2024\/09\/strassenweb-150x150.jpg","caption":"Robert Hoffmann"},"description":"Ich hei\u00dfe Robert Hoffmann und ich bin ein leidenschaftlicher Verfechter von \u00d6kologie und Biodiversit\u00e4t. Seit meiner Kindheit in den W\u00e4ldern Bayerns f\u00fchle ich mich mit der Natur verbunden und bin entschlossen, sie zu sch\u00fctzen. Heute widme ich mein Leben der Sensibilisierung anderer f\u00fcr die Bedeutung des Umweltschutzes f\u00fcr zuk\u00fcnftige Generationen.","sameAs":["https:\/\/www.strassenweb.de\/"]}]}},"_links":{"self":[{"href":"https:\/\/www.strassenweb.de\/nachrichten\/wp-json\/wp\/v2\/posts\/4949","targetHints":{"allow":["GET"]}}],"collection":[{"href":"https:\/\/www.strassenweb.de\/nachrichten\/wp-json\/wp\/v2\/posts"}],"about":[{"href":"https:\/\/www.strassenweb.de\/nachrichten\/wp-json\/wp\/v2\/types\/post"}],"author":[{"embeddable":true,"href":"https:\/\/www.strassenweb.de\/nachrichten\/wp-json\/wp\/v2\/users\/1"}],"replies":[{"embeddable":true,"href":"https:\/\/www.strassenweb.de\/nachrichten\/wp-json\/wp\/v2\/comments?post=4949"}],"version-history":[{"count":0,"href":"https:\/\/www.strassenweb.de\/nachrichten\/wp-json\/wp\/v2\/posts\/4949\/revisions"}],"wp:featuredmedia":[{"embeddable":true,"href":"https:\/\/www.strassenweb.de\/nachrichten\/wp-json\/wp\/v2\/media\/4950"}],"wp:attachment":[{"href":"https:\/\/www.strassenweb.de\/nachrichten\/wp-json\/wp\/v2\/media?parent=4949"}],"wp:term":[{"taxonomy":"category","embeddable":true,"href":"https:\/\/www.strassenweb.de\/nachrichten\/wp-json\/wp\/v2\/categories?post=4949"},{"taxonomy":"post_tag","embeddable":true,"href":"https:\/\/www.strassenweb.de\/nachrichten\/wp-json\/wp\/v2\/tags?post=4949"}],"curies":[{"name":"wp","href":"https:\/\/api.w.org\/{rel}","templated":true}]}}