{"id":494,"date":"2024-10-01T17:53:16","date_gmt":"2024-10-01T15:53:16","guid":{"rendered":"https:\/\/www.strassenweb.de\/nachrichten\/blick-in-den-zerbrochenen-spiegel\/"},"modified":"2024-10-01T17:53:17","modified_gmt":"2024-10-01T15:53:17","slug":"blick-in-den-zerbrochenen-spiegel","status":"publish","type":"post","link":"https:\/\/www.strassenweb.de\/nachrichten\/blick-in-den-zerbrochenen-spiegel\/","title":{"rendered":"Blick in den zerbrochenen Spiegel"},"content":{"rendered":"<p><em>Da das Quecksilber im Zuge des Klimawandels steigt, kann Verzweiflung als angemessene Reaktion erscheinen. D\u00fcrre, Waldbr\u00e4nde, tobende Meere, gefallene Arten \u2013 es ist leicht zu glauben, dass die Natur \u00fcberall um uns herum w\u00fctet und es keine M\u00f6glichkeit gibt, den Sturm zu b\u00e4ndigen. Schlimmer noch: Klimaforscher haben festgestellt, dass wir schuld sind und unseren eigenen Untergang mit Autos, K\u00fchen und der Gier der Konzerne befeuern. Wenn wir nur mehr Zeit, mehr Wissen und mehr Macht h\u00e4tten, um die t\u00f6dlichen Trends umzukehren. Wenn sich die Menschheit nur genug darum k\u00fcmmern w\u00fcrde, es zu versuchen.<\/em><\/p>\n<p>Das ist eine erm\u00fcdende Geschichte, besonders f\u00fcr diejenigen von uns, die nachts aufwachen und sich Sorgen dar\u00fcber machen, wie sie ausgehen k\u00f6nnte. Aber in ihrem kompakten neuen Buch <em>Volle \u00d6kologie<\/em>erinnern uns die Sozial- und Kulturpsychologin Mary M. Clare und der Wissenschaftsjournalist Gary Ferguson daran, dass es ein Gegenmittel gegen Klimam\u00fcdigkeit gibt. Und wir tragen es in unseren Genen.<\/p>\n<p>Die Einleitung des Buches enth\u00e4lt zwei Schwarzwei\u00dffotos von Kindern im Freien: Eine kleine Clare spielt mit Kaulquappen; Ein dreij\u00e4hriger Ferguson wirft den V\u00f6geln Brot zu. Die meisten von uns haben \u00e4hnliche Bilder in den staubigen Ecken unseres Geistes, und sie k\u00f6nnen uns dabei helfen, in eine Zeit zur\u00fcckzukehren, in der wir die Natur in uns nicht von dem trennten, was die Autoren als die Landschaft unseres Seins bezeichnen. Daher sagen uns Clare und Ferguson: \u201eDies ist ein Buch \u00fcber die Reparatur der Br\u00fccke zwischen der \u00d6kologie \u201ada drau\u00dfen\u2018 \u2013 dem gesunden Funktionieren eines Waldes, Ozeans oder Graslandes \u2013 und der Gesundheit und kreativen F\u00e4higkeit Ihrer Gedanken und Wahrnehmungen.\u201c<\/p>\n<p>Mit einem Hauch von Ironie, <em>Volle \u00d6kologie<\/em> l\u00e4sst sich vielleicht am besten als ein Umwelt-Selbsthilfebuch beschreiben, das die Leser dazu dr\u00e4ngt, die \u201eIch-Geschichte\u201c loszulassen \u2013 Ratschl\u00e4ge, die ich zum ersten Mal von Ferguson geh\u00f6rt habe, als er in den 2010er Jahren als mein MFA-Mentor fungierte. Anfangs war ich von dem Vorschlag verwirrt: Ich wollte an dem Programm teilnehmen, in der Hoffnung, pers\u00f6nliche Essays zu verfassen. Aber der Clou an Fergusons Lehre ist, dass sich die Ich-Geschichte oft \u201ein einer Nicht-Ich-Geschichte verbirgt\u201c und dass der daraus resultierende \u201eTrennungsmythos\u201c uns von der gr\u00f6\u00dferen Geschichte unserer Verbindungen zu anderen, unserer Kultur, unserer Existenz in der Natur trennt . Fergusons literarisches Werk, darunter seine mitrei\u00dfenden Memoiren \u201eThe Carry Home\u201c, verdeutlicht, dass meisterhaftes Geschichtenerz\u00e4hlen unsere individuellen Geschichten zu Sagen \u00fcber gegenseitige Abh\u00e4ngigkeit erhebt.<\/p>\n<p>Was hat die Me-Story mit dem Klimawandel zu tun? Hier erh\u00f6ht Clares Fachwissen als Psychologieprofessorin die Autorit\u00e4t des Textes zus\u00e4tzlich. Sie und Ferguson machen auf die unendlichen \u201esozialen \u00d6kologien\u201c zwischen und in uns aufmerksam und fordern eine ehrliche Reflexion \u00fcber unsere treibenden Gedanken und \u00dcberzeugungen \u2013 die allzu oft in falschen Dichotomien verwurzelt sind. Die \u00dcberzeugungen, die wir dar\u00fcber haben, wer wir sind, filtern, was wir aufnehmen und was wir rauslassen, sagen sie, und bestimmen letztendlich die Politik, die unsere Gesellschaft pr\u00e4gt. \u201eSoziale \u00d6kologien sind der Ursprung menschlichen Handelns. Und sie k\u00f6nnen unsere Chancen auf ein w\u00fcrdiges Leben auf einem verwundeten Planeten entweder st\u00e4rken oder verschlechtern.\u201c<\/p>\n<figure class=\"wp-block-image size-full\"><figcaption>\u200bClare und Ferguson gliedern den Kern des Buches nach vier grundlegenden Verhaltensweisen, die f\u00fcr die Klimareparatur unerl\u00e4sslich sind. Die erste besteht darin, einfach innezuhalten \u2013 sich bewusst zu machen, worauf man seine Aufmerksamkeit richtet, und dar\u00fcber nachzudenken, wie dies die Illusion aufrechterh\u00e4lt, dass wir in einer Welt getrennter Wesen leben. Foto von Paula MacKay.<\/figcaption><\/figure>\n<p>Clare und Ferguson gliedern den Kern des Buches nach vier grundlegenden Verhaltensweisen, die ihrer Ansicht nach f\u00fcr die Klimareparatur unerl\u00e4sslich sind: Anhalten, Fragen, Handeln, Inspirieren. Der erste Schritt, um vorw\u00e4rts zu kommen, besteht laut den Autoren darin, einfach innezuhalten \u2013 sich bewusst zu machen, worauf man seine Aufmerksamkeit richtet, und dar\u00fcber nachzudenken, wie dies die Illusion aufrechterh\u00e4lt, dass wir in einer Welt getrennter Wesen leben. \u201eDie Sanierung des Klimas beginnt ganz nah, so lokal wie Ihr n\u00e4chster Gedanke.\u201c<\/p>\n<p>Als ich das Buch langsam durchlas \u2013 w\u00e4hrend ich an einer wilden K\u00fcste zeltete und dann in einem \u00fcberf\u00fcllten Flugzeug quer durchs Land flog \u2013 sp\u00fcrte ich, wie sich seine Wahrheiten auf herausfordernde und doch erfrischende Weise in mir entfalteten. Bei vielen von uns haben die politischen Unruhen der letzten Jahre in Verbindung mit der Pandemie unseren Zynismus gesch\u00fcrt und wenig dazu beigetragen, Einigkeit oder Hoffnung auf eine Reparatur des Klimawandels zu wecken. Die Autoren weisen darauf hin, dass wir aus unserem Leid eine wichtige Lektion lernen k\u00f6nnen: \u201eDie Panik und Disharmonie, die durch Covid-19 ausgel\u00f6st wurde, entstand aus dem gleichen alten Trennungsfokus \u2013 was ist mit mir und meinem?\u201c Aber schon nach kurzer Zeit wurde vielen von uns klar, dass wir nur so sicher sind wie alle anderen.\u201c \u00dcber den Klimawandel l\u00e4sst sich nichts Wahres sagen.<\/p>\n<p>Wir alle verf\u00fcgen \u00fcber die \u201eentwickelten Instinkte und Reflexionsf\u00e4higkeiten\u201c, um auf Unsicherheit zu reagieren, argumentieren die Autoren, und \u201emysteri\u00f6se Handlungen bedeuten, sich in der Unvorhersehbarkeit des Ganzen zu zeigen und unser Bestes zu geben.\u201c Die Reparatur des Klimas erfordert, dass wir \u00fcber die reine Ich-Geschichte hinausgehen, die Unsicherheit eines sich erw\u00e4rmenden Planeten akzeptieren und auf die Weisheit der Natur in uns h\u00f6ren.<\/p>\n<p><em>\u00dcber die Autorin: Paula MacKay ist eine freiberufliche Autorin, Forscherin und Feldbiologin, die sich in den letzten zwei Jahrzehnten mit B\u00e4ren, Vielfra\u00dfen und anderen wilden Raubtieren besch\u00e4ftigt hat. Paula war leitende Redakteurin f\u00fcr Noninvasive Survey Methods for Carnivores (Island Press, 2008) und erwarb 2015 einen MFA in kreativem Schreiben an der Pacific Lutheran University. Sie hat f\u00fcr zahlreiche Naturschutzgruppen, B\u00fccher und Zeitschriften geschrieben. Weitere Arbeiten von ihr finden Sie unter https:\/\/paulamackay.com.<\/em><\/p>\n<p><em>Titelbild: Als ich das Buch langsam durchlas \u2013 w\u00e4hrend ich an einer wilden K\u00fcste zeltete und dann in einem \u00fcberf\u00fcllten Flugzeug quer durchs Land flog \u2013 sp\u00fcrte ich, wie sich seine Wahrheiten auf herausfordernde und doch erfrischende Weise in mir entfalteten. Foto von Paula MacKay.<\/em><\/p>\n<p><em>Artikel erstmals ver\u00f6ffentlicht im Earth Island Journal, Herbst 2021, https:\/\/www.earthisland.org\/<\/em><\/p>\n","protected":false},"excerpt":{"rendered":"<p>Da das Quecksilber im Zuge des Klimawandels steigt, kann Verzweiflung als angemessene Reaktion erscheinen. D\u00fcrre, Waldbr\u00e4nde, tobende Meere, gefallene Arten \u2013 es ist leicht zu<\/p>\n","protected":false},"author":1,"featured_media":495,"comment_status":"closed","ping_status":"","sticky":false,"template":"","format":"standard","meta":{"footnotes":""},"categories":[101],"tags":[987,78,989,988],"class_list":["post-494","post","type-post","status-publish","format-standard","has-post-thumbnail","hentry","category-oekologie","tag-blick","tag-den","tag-spiegel","tag-zerbrochenen","generate-columns","tablet-grid-50","mobile-grid-100","grid-parent","grid-50"],"yoast_head":"<!-- This site is optimized with the Yoast SEO plugin v27.3 - https:\/\/yoast.com\/product\/yoast-seo-wordpress\/ -->\n<title>Blick in den zerbrochenen Spiegel - Nachrichten - Stra\u00dfenweb<\/title>\n<meta name=\"robots\" content=\"index, follow, max-snippet:-1, max-image-preview:large, max-video-preview:-1\" \/>\n<link rel=\"canonical\" href=\"https:\/\/www.strassenweb.de\/nachrichten\/blick-in-den-zerbrochenen-spiegel\/\" \/>\n<meta property=\"og:locale\" content=\"de_DE\" \/>\n<meta property=\"og:type\" content=\"article\" \/>\n<meta property=\"og:title\" content=\"Blick in den zerbrochenen Spiegel - Nachrichten - Stra\u00dfenweb\" \/>\n<meta property=\"og:description\" content=\"Da das Quecksilber im Zuge des Klimawandels steigt, kann Verzweiflung als angemessene Reaktion erscheinen. D\u00fcrre, Waldbr\u00e4nde, tobende Meere, gefallene Arten \u2013 es ist leicht zu\" \/>\n<meta property=\"og:url\" content=\"https:\/\/www.strassenweb.de\/nachrichten\/blick-in-den-zerbrochenen-spiegel\/\" \/>\n<meta property=\"og:site_name\" content=\"Stra\u00dfenweb\" \/>\n<meta property=\"article:publisher\" content=\"https:\/\/www.facebook.com\/strassenweb\/\" \/>\n<meta property=\"article:published_time\" content=\"2024-10-01T15:53:16+00:00\" \/>\n<meta property=\"article:modified_time\" content=\"2024-10-01T15:53:17+00:00\" \/>\n<meta property=\"og:image\" content=\"https:\/\/www.strassenweb.de\/nachrichten\/wp-content\/uploads\/2024\/10\/1727797997_Blick-in-den-zerbrochenen-Spiegel.jpeg\" \/>\n\t<meta property=\"og:image:width\" content=\"1000\" \/>\n\t<meta property=\"og:image:height\" content=\"750\" \/>\n\t<meta property=\"og:image:type\" content=\"image\/jpeg\" \/>\n<meta name=\"author\" content=\"Robert Hoffmann\" \/>\n<meta name=\"twitter:card\" content=\"summary_large_image\" \/>\n<meta name=\"twitter:label1\" content=\"Verfasst von\" \/>\n\t<meta name=\"twitter:data1\" content=\"Robert Hoffmann\" \/>\n\t<meta name=\"twitter:label2\" content=\"Gesch\u00e4tzte Lesezeit\" \/>\n\t<meta name=\"twitter:data2\" content=\"5\u00a0Minuten\" \/>\n<script type=\"application\/ld+json\" class=\"yoast-schema-graph\">{\"@context\":\"https:\\\/\\\/schema.org\",\"@graph\":[{\"@type\":\"Article\",\"@id\":\"https:\\\/\\\/www.strassenweb.de\\\/nachrichten\\\/blick-in-den-zerbrochenen-spiegel\\\/#article\",\"isPartOf\":{\"@id\":\"https:\\\/\\\/www.strassenweb.de\\\/nachrichten\\\/blick-in-den-zerbrochenen-spiegel\\\/\"},\"author\":{\"name\":\"Robert Hoffmann\",\"@id\":\"https:\\\/\\\/www.strassenweb.de\\\/nachrichten\\\/#\\\/schema\\\/person\\\/87c9c9067f1211da429a744dc5a5aa41\"},\"headline\":\"Blick in den zerbrochenen Spiegel\",\"datePublished\":\"2024-10-01T15:53:16+00:00\",\"dateModified\":\"2024-10-01T15:53:17+00:00\",\"mainEntityOfPage\":{\"@id\":\"https:\\\/\\\/www.strassenweb.de\\\/nachrichten\\\/blick-in-den-zerbrochenen-spiegel\\\/\"},\"wordCount\":1019,\"publisher\":{\"@id\":\"https:\\\/\\\/www.strassenweb.de\\\/nachrichten\\\/#organization\"},\"image\":{\"@id\":\"https:\\\/\\\/www.strassenweb.de\\\/nachrichten\\\/blick-in-den-zerbrochenen-spiegel\\\/#primaryimage\"},\"thumbnailUrl\":\"https:\\\/\\\/www.strassenweb.de\\\/nachrichten\\\/wp-content\\\/uploads\\\/2024\\\/10\\\/1727797997_Blick-in-den-zerbrochenen-Spiegel.jpeg\",\"keywords\":[\"Blick\",\"den\",\"Spiegel\",\"zerbrochenen\"],\"articleSection\":[\"\u00d6kologie\"],\"inLanguage\":\"de\"},{\"@type\":\"WebPage\",\"@id\":\"https:\\\/\\\/www.strassenweb.de\\\/nachrichten\\\/blick-in-den-zerbrochenen-spiegel\\\/\",\"url\":\"https:\\\/\\\/www.strassenweb.de\\\/nachrichten\\\/blick-in-den-zerbrochenen-spiegel\\\/\",\"name\":\"Blick in den zerbrochenen Spiegel - Nachrichten - Stra\u00dfenweb\",\"isPartOf\":{\"@id\":\"https:\\\/\\\/www.strassenweb.de\\\/nachrichten\\\/#website\"},\"primaryImageOfPage\":{\"@id\":\"https:\\\/\\\/www.strassenweb.de\\\/nachrichten\\\/blick-in-den-zerbrochenen-spiegel\\\/#primaryimage\"},\"image\":{\"@id\":\"https:\\\/\\\/www.strassenweb.de\\\/nachrichten\\\/blick-in-den-zerbrochenen-spiegel\\\/#primaryimage\"},\"thumbnailUrl\":\"https:\\\/\\\/www.strassenweb.de\\\/nachrichten\\\/wp-content\\\/uploads\\\/2024\\\/10\\\/1727797997_Blick-in-den-zerbrochenen-Spiegel.jpeg\",\"datePublished\":\"2024-10-01T15:53:16+00:00\",\"dateModified\":\"2024-10-01T15:53:17+00:00\",\"breadcrumb\":{\"@id\":\"https:\\\/\\\/www.strassenweb.de\\\/nachrichten\\\/blick-in-den-zerbrochenen-spiegel\\\/#breadcrumb\"},\"inLanguage\":\"de\",\"potentialAction\":[{\"@type\":\"ReadAction\",\"target\":[\"https:\\\/\\\/www.strassenweb.de\\\/nachrichten\\\/blick-in-den-zerbrochenen-spiegel\\\/\"]}]},{\"@type\":\"ImageObject\",\"inLanguage\":\"de\",\"@id\":\"https:\\\/\\\/www.strassenweb.de\\\/nachrichten\\\/blick-in-den-zerbrochenen-spiegel\\\/#primaryimage\",\"url\":\"https:\\\/\\\/www.strassenweb.de\\\/nachrichten\\\/wp-content\\\/uploads\\\/2024\\\/10\\\/1727797997_Blick-in-den-zerbrochenen-Spiegel.jpeg\",\"contentUrl\":\"https:\\\/\\\/www.strassenweb.de\\\/nachrichten\\\/wp-content\\\/uploads\\\/2024\\\/10\\\/1727797997_Blick-in-den-zerbrochenen-Spiegel.jpeg\",\"width\":1000,\"height\":750,\"caption\":\"Blick in den zerbrochenen Spiegel\"},{\"@type\":\"BreadcrumbList\",\"@id\":\"https:\\\/\\\/www.strassenweb.de\\\/nachrichten\\\/blick-in-den-zerbrochenen-spiegel\\\/#breadcrumb\",\"itemListElement\":[{\"@type\":\"ListItem\",\"position\":1,\"name\":\"Home\",\"item\":\"https:\\\/\\\/www.strassenweb.de\\\/nachrichten\\\/\"},{\"@type\":\"ListItem\",\"position\":2,\"name\":\"Blick in den zerbrochenen Spiegel\"}]},{\"@type\":\"WebSite\",\"@id\":\"https:\\\/\\\/www.strassenweb.de\\\/nachrichten\\\/#website\",\"url\":\"https:\\\/\\\/www.strassenweb.de\\\/nachrichten\\\/\",\"name\":\"Stra\u00dfenweb\",\"description\":\"Stra\u00dfenverzeichnis f\u00fcr Deutschland\",\"publisher\":{\"@id\":\"https:\\\/\\\/www.strassenweb.de\\\/nachrichten\\\/#organization\"},\"potentialAction\":[{\"@type\":\"SearchAction\",\"target\":{\"@type\":\"EntryPoint\",\"urlTemplate\":\"https:\\\/\\\/www.strassenweb.de\\\/nachrichten\\\/?s={search_term_string}\"},\"query-input\":{\"@type\":\"PropertyValueSpecification\",\"valueRequired\":true,\"valueName\":\"search_term_string\"}}],\"inLanguage\":\"de\"},{\"@type\":\"Organization\",\"@id\":\"https:\\\/\\\/www.strassenweb.de\\\/nachrichten\\\/#organization\",\"name\":\"Stra\u00dfenweb\",\"url\":\"https:\\\/\\\/www.strassenweb.de\\\/nachrichten\\\/\",\"logo\":{\"@type\":\"ImageObject\",\"inLanguage\":\"de\",\"@id\":\"https:\\\/\\\/www.strassenweb.de\\\/nachrichten\\\/#\\\/schema\\\/logo\\\/image\\\/\",\"url\":\"https:\\\/\\\/www.strassenweb.de\\\/nachrichten\\\/wp-content\\\/uploads\\\/2024\\\/09\\\/cropped-favicon.png\",\"contentUrl\":\"https:\\\/\\\/www.strassenweb.de\\\/nachrichten\\\/wp-content\\\/uploads\\\/2024\\\/09\\\/cropped-favicon.png\",\"width\":512,\"height\":512,\"caption\":\"Stra\u00dfenweb\"},\"image\":{\"@id\":\"https:\\\/\\\/www.strassenweb.de\\\/nachrichten\\\/#\\\/schema\\\/logo\\\/image\\\/\"},\"sameAs\":[\"https:\\\/\\\/www.facebook.com\\\/strassenweb\\\/\"]},{\"@type\":\"Person\",\"@id\":\"https:\\\/\\\/www.strassenweb.de\\\/nachrichten\\\/#\\\/schema\\\/person\\\/87c9c9067f1211da429a744dc5a5aa41\",\"name\":\"Robert Hoffmann\",\"image\":{\"@type\":\"ImageObject\",\"inLanguage\":\"de\",\"@id\":\"https:\\\/\\\/www.strassenweb.de\\\/nachrichten\\\/wp-content\\\/uploads\\\/2024\\\/09\\\/strassenweb-150x150.jpg\",\"url\":\"https:\\\/\\\/www.strassenweb.de\\\/nachrichten\\\/wp-content\\\/uploads\\\/2024\\\/09\\\/strassenweb-150x150.jpg\",\"contentUrl\":\"https:\\\/\\\/www.strassenweb.de\\\/nachrichten\\\/wp-content\\\/uploads\\\/2024\\\/09\\\/strassenweb-150x150.jpg\",\"caption\":\"Robert Hoffmann\"},\"description\":\"Ich hei\u00dfe Robert Hoffmann und ich bin ein leidenschaftlicher Verfechter von \u00d6kologie und Biodiversit\u00e4t. Seit meiner Kindheit in den W\u00e4ldern Bayerns f\u00fchle ich mich mit der Natur verbunden und bin entschlossen, sie zu sch\u00fctzen. Heute widme ich mein Leben der Sensibilisierung anderer f\u00fcr die Bedeutung des Umweltschutzes f\u00fcr zuk\u00fcnftige Generationen.\",\"sameAs\":[\"https:\\\/\\\/www.strassenweb.de\\\/\"]}]}<\/script>\n<!-- \/ Yoast SEO plugin. -->","yoast_head_json":{"title":"Blick in den zerbrochenen Spiegel - Nachrichten - Stra\u00dfenweb","robots":{"index":"index","follow":"follow","max-snippet":"max-snippet:-1","max-image-preview":"max-image-preview:large","max-video-preview":"max-video-preview:-1"},"canonical":"https:\/\/www.strassenweb.de\/nachrichten\/blick-in-den-zerbrochenen-spiegel\/","og_locale":"de_DE","og_type":"article","og_title":"Blick in den zerbrochenen Spiegel - Nachrichten - Stra\u00dfenweb","og_description":"Da das Quecksilber im Zuge des Klimawandels steigt, kann Verzweiflung als angemessene Reaktion erscheinen. D\u00fcrre, Waldbr\u00e4nde, tobende Meere, gefallene Arten \u2013 es ist leicht zu","og_url":"https:\/\/www.strassenweb.de\/nachrichten\/blick-in-den-zerbrochenen-spiegel\/","og_site_name":"Stra\u00dfenweb","article_publisher":"https:\/\/www.facebook.com\/strassenweb\/","article_published_time":"2024-10-01T15:53:16+00:00","article_modified_time":"2024-10-01T15:53:17+00:00","og_image":[{"width":1000,"height":750,"url":"https:\/\/www.strassenweb.de\/nachrichten\/wp-content\/uploads\/2024\/10\/1727797997_Blick-in-den-zerbrochenen-Spiegel.jpeg","type":"image\/jpeg"}],"author":"Robert Hoffmann","twitter_card":"summary_large_image","twitter_misc":{"Verfasst von":"Robert Hoffmann","Gesch\u00e4tzte Lesezeit":"5\u00a0Minuten"},"schema":{"@context":"https:\/\/schema.org","@graph":[{"@type":"Article","@id":"https:\/\/www.strassenweb.de\/nachrichten\/blick-in-den-zerbrochenen-spiegel\/#article","isPartOf":{"@id":"https:\/\/www.strassenweb.de\/nachrichten\/blick-in-den-zerbrochenen-spiegel\/"},"author":{"name":"Robert Hoffmann","@id":"https:\/\/www.strassenweb.de\/nachrichten\/#\/schema\/person\/87c9c9067f1211da429a744dc5a5aa41"},"headline":"Blick in den zerbrochenen Spiegel","datePublished":"2024-10-01T15:53:16+00:00","dateModified":"2024-10-01T15:53:17+00:00","mainEntityOfPage":{"@id":"https:\/\/www.strassenweb.de\/nachrichten\/blick-in-den-zerbrochenen-spiegel\/"},"wordCount":1019,"publisher":{"@id":"https:\/\/www.strassenweb.de\/nachrichten\/#organization"},"image":{"@id":"https:\/\/www.strassenweb.de\/nachrichten\/blick-in-den-zerbrochenen-spiegel\/#primaryimage"},"thumbnailUrl":"https:\/\/www.strassenweb.de\/nachrichten\/wp-content\/uploads\/2024\/10\/1727797997_Blick-in-den-zerbrochenen-Spiegel.jpeg","keywords":["Blick","den","Spiegel","zerbrochenen"],"articleSection":["\u00d6kologie"],"inLanguage":"de"},{"@type":"WebPage","@id":"https:\/\/www.strassenweb.de\/nachrichten\/blick-in-den-zerbrochenen-spiegel\/","url":"https:\/\/www.strassenweb.de\/nachrichten\/blick-in-den-zerbrochenen-spiegel\/","name":"Blick in den zerbrochenen Spiegel - Nachrichten - Stra\u00dfenweb","isPartOf":{"@id":"https:\/\/www.strassenweb.de\/nachrichten\/#website"},"primaryImageOfPage":{"@id":"https:\/\/www.strassenweb.de\/nachrichten\/blick-in-den-zerbrochenen-spiegel\/#primaryimage"},"image":{"@id":"https:\/\/www.strassenweb.de\/nachrichten\/blick-in-den-zerbrochenen-spiegel\/#primaryimage"},"thumbnailUrl":"https:\/\/www.strassenweb.de\/nachrichten\/wp-content\/uploads\/2024\/10\/1727797997_Blick-in-den-zerbrochenen-Spiegel.jpeg","datePublished":"2024-10-01T15:53:16+00:00","dateModified":"2024-10-01T15:53:17+00:00","breadcrumb":{"@id":"https:\/\/www.strassenweb.de\/nachrichten\/blick-in-den-zerbrochenen-spiegel\/#breadcrumb"},"inLanguage":"de","potentialAction":[{"@type":"ReadAction","target":["https:\/\/www.strassenweb.de\/nachrichten\/blick-in-den-zerbrochenen-spiegel\/"]}]},{"@type":"ImageObject","inLanguage":"de","@id":"https:\/\/www.strassenweb.de\/nachrichten\/blick-in-den-zerbrochenen-spiegel\/#primaryimage","url":"https:\/\/www.strassenweb.de\/nachrichten\/wp-content\/uploads\/2024\/10\/1727797997_Blick-in-den-zerbrochenen-Spiegel.jpeg","contentUrl":"https:\/\/www.strassenweb.de\/nachrichten\/wp-content\/uploads\/2024\/10\/1727797997_Blick-in-den-zerbrochenen-Spiegel.jpeg","width":1000,"height":750,"caption":"Blick in den zerbrochenen Spiegel"},{"@type":"BreadcrumbList","@id":"https:\/\/www.strassenweb.de\/nachrichten\/blick-in-den-zerbrochenen-spiegel\/#breadcrumb","itemListElement":[{"@type":"ListItem","position":1,"name":"Home","item":"https:\/\/www.strassenweb.de\/nachrichten\/"},{"@type":"ListItem","position":2,"name":"Blick in den zerbrochenen Spiegel"}]},{"@type":"WebSite","@id":"https:\/\/www.strassenweb.de\/nachrichten\/#website","url":"https:\/\/www.strassenweb.de\/nachrichten\/","name":"Stra\u00dfenweb","description":"Stra\u00dfenverzeichnis f\u00fcr Deutschland","publisher":{"@id":"https:\/\/www.strassenweb.de\/nachrichten\/#organization"},"potentialAction":[{"@type":"SearchAction","target":{"@type":"EntryPoint","urlTemplate":"https:\/\/www.strassenweb.de\/nachrichten\/?s={search_term_string}"},"query-input":{"@type":"PropertyValueSpecification","valueRequired":true,"valueName":"search_term_string"}}],"inLanguage":"de"},{"@type":"Organization","@id":"https:\/\/www.strassenweb.de\/nachrichten\/#organization","name":"Stra\u00dfenweb","url":"https:\/\/www.strassenweb.de\/nachrichten\/","logo":{"@type":"ImageObject","inLanguage":"de","@id":"https:\/\/www.strassenweb.de\/nachrichten\/#\/schema\/logo\/image\/","url":"https:\/\/www.strassenweb.de\/nachrichten\/wp-content\/uploads\/2024\/09\/cropped-favicon.png","contentUrl":"https:\/\/www.strassenweb.de\/nachrichten\/wp-content\/uploads\/2024\/09\/cropped-favicon.png","width":512,"height":512,"caption":"Stra\u00dfenweb"},"image":{"@id":"https:\/\/www.strassenweb.de\/nachrichten\/#\/schema\/logo\/image\/"},"sameAs":["https:\/\/www.facebook.com\/strassenweb\/"]},{"@type":"Person","@id":"https:\/\/www.strassenweb.de\/nachrichten\/#\/schema\/person\/87c9c9067f1211da429a744dc5a5aa41","name":"Robert Hoffmann","image":{"@type":"ImageObject","inLanguage":"de","@id":"https:\/\/www.strassenweb.de\/nachrichten\/wp-content\/uploads\/2024\/09\/strassenweb-150x150.jpg","url":"https:\/\/www.strassenweb.de\/nachrichten\/wp-content\/uploads\/2024\/09\/strassenweb-150x150.jpg","contentUrl":"https:\/\/www.strassenweb.de\/nachrichten\/wp-content\/uploads\/2024\/09\/strassenweb-150x150.jpg","caption":"Robert Hoffmann"},"description":"Ich hei\u00dfe Robert Hoffmann und ich bin ein leidenschaftlicher Verfechter von \u00d6kologie und Biodiversit\u00e4t. Seit meiner Kindheit in den W\u00e4ldern Bayerns f\u00fchle ich mich mit der Natur verbunden und bin entschlossen, sie zu sch\u00fctzen. Heute widme ich mein Leben der Sensibilisierung anderer f\u00fcr die Bedeutung des Umweltschutzes f\u00fcr zuk\u00fcnftige Generationen.","sameAs":["https:\/\/www.strassenweb.de\/"]}]}},"_links":{"self":[{"href":"https:\/\/www.strassenweb.de\/nachrichten\/wp-json\/wp\/v2\/posts\/494","targetHints":{"allow":["GET"]}}],"collection":[{"href":"https:\/\/www.strassenweb.de\/nachrichten\/wp-json\/wp\/v2\/posts"}],"about":[{"href":"https:\/\/www.strassenweb.de\/nachrichten\/wp-json\/wp\/v2\/types\/post"}],"author":[{"embeddable":true,"href":"https:\/\/www.strassenweb.de\/nachrichten\/wp-json\/wp\/v2\/users\/1"}],"replies":[{"embeddable":true,"href":"https:\/\/www.strassenweb.de\/nachrichten\/wp-json\/wp\/v2\/comments?post=494"}],"version-history":[{"count":0,"href":"https:\/\/www.strassenweb.de\/nachrichten\/wp-json\/wp\/v2\/posts\/494\/revisions"}],"wp:featuredmedia":[{"embeddable":true,"href":"https:\/\/www.strassenweb.de\/nachrichten\/wp-json\/wp\/v2\/media\/495"}],"wp:attachment":[{"href":"https:\/\/www.strassenweb.de\/nachrichten\/wp-json\/wp\/v2\/media?parent=494"}],"wp:term":[{"taxonomy":"category","embeddable":true,"href":"https:\/\/www.strassenweb.de\/nachrichten\/wp-json\/wp\/v2\/categories?post=494"},{"taxonomy":"post_tag","embeddable":true,"href":"https:\/\/www.strassenweb.de\/nachrichten\/wp-json\/wp\/v2\/tags?post=494"}],"curies":[{"name":"wp","href":"https:\/\/api.w.org\/{rel}","templated":true}]}}