{"id":4908,"date":"2025-05-07T15:39:33","date_gmt":"2025-05-07T13:39:33","guid":{"rendered":"https:\/\/www.strassenweb.de\/nachrichten\/die-aussage-farbtrendung-alicia-keys-trug-die-met-gala-hat-mich-endlich-ueberzeugt-mit-der-spaltendsten-farbe-des-jahres-2025-zu-dekorieren\/"},"modified":"2025-05-07T15:39:35","modified_gmt":"2025-05-07T13:39:35","slug":"die-aussage-farbtrendung-alicia-keys-trug-die-met-gala-hat-mich-endlich-ueberzeugt-mit-der-spaltendsten-farbe-des-jahres-2025-zu-dekorieren","status":"publish","type":"post","link":"https:\/\/www.strassenweb.de\/nachrichten\/die-aussage-farbtrendung-alicia-keys-trug-die-met-gala-hat-mich-endlich-ueberzeugt-mit-der-spaltendsten-farbe-des-jahres-2025-zu-dekorieren\/","title":{"rendered":"Die Aussage -Farbtrendung Alicia Keys trug die Met Gala hat mich endlich \u00fcberzeugt, mit der spaltendsten Farbe des Jahres 2025 zu dekorieren"},"content":{"rendered":"<p><\/p>\n<div id=\"article-body\" class=\"article__body \">\n<p>Crimson Shades bl\u00fchen in der Designwelt, sowohl f\u00fcr ihre Vielseitigkeit als auch f\u00fcr beruhigende Designqualit\u00e4ten. Von Cherry Red bis im trendigen Terrakotta ist es eine schmeichelhafte Wahl f\u00fcr jeden.<\/p>\n<div id=\"ad-unit-1\" class=\"ad-unit\"><\/div>\n<p>Aber es ist Alicia Keys &#8218;tiefrotes und weinfarbenes Outfit aus ihrer Erfahrung bei der Met Gala 2025, die mich endlich davon \u00fcberzeugt hat, in meinem eigenen Zuhause mit Rot zu dekorieren.<\/p>\n<aside data-block-type=\"embed\" data-render-type=\"fte\" data-skip=\"dealsy\" data-widget-type=\"seasonal\" class=\"hawk-base\"><\/aside>\n<p>Ich habe mich immer vor roten Raumideen gescheut, stattdessen weiche Taupe, err\u00f6tende Rosa und sogar Buttergelb, aber Rot hat eine Renaissance.<\/p>\n<div id=\"desktop-in-article\" class=\"in-article ad-unit\">\n<div id=\"desktop-taboola-mid-article\"><\/div>\n<\/div>\n<div id=\"mobile-in-article\" class=\"in-article ad-unit\">\n<div id=\"mobile-taboola-mid-article\"><\/div>\n<\/div>\n<p>Rot kann Innenr\u00e4ume verwandeln und eine anspruchsvolle \u00c4sthetik hinzuf\u00fcgen. Finden Sie also heraus, wie Sie diese selbstbewusste Farbe am besten verwenden k\u00f6nnen, von Akzent -Highlights bis hin zu mutigen Schemata<\/p>\n<div class=\"van_vid_carousel\">\n<div class=\"van_vid_carousel__padding\">\n<div class=\"van_vid_carousel__container\"><\/div>\n<\/div>\n<\/div>\n<figure class=\"van-image-figure inline-layout \" data-bordeaux-image-check>\n<div class=\"image-full-width-wrapper\">\n<div class=\"image-widthsetter\" style=\"max-width:2000px;\"><\/div>\n<\/div>\n<\/figure>\n<p>Die Wiederbelebung von Rot ist nicht \u00fcberraschend und die Vorteile sind endlos. Red ist eine der leidenschaftlichsten und lebenslangsten Farben, die in einem Dekorationsschema verwendet werden sollen, und bietet eine luxuri\u00f6se Bank mit positiver Energie.<\/p>\n<div id=\"ad-unit-2\" class=\"ad-unit\"><\/div>\n<p>Unabh\u00e4ngig davon, ob Sie ein Designschema mit einem Hauch von sorgf\u00e4ltig ausgew\u00e4hltem Zubeh\u00f6r hervorheben oder in einem tiefen Farbton dieser vielseitigen Farbe von W\u00e4nden von Boden bis zur Decke lackieren, kann es die Innenr\u00e4ume ver\u00e4ndern und unterschiedliche Stimmungen erzeugen, von raffiniert bis verspielt, je nach Anwendung.<\/p>\n<p>\u201eWenn Sie Rot in einem Farbschema verwenden, w\u00e4hlen Sie am besten Farbt\u00f6ne, die reich und warm und eher laut und beharrlich sind. Kastanienbraun, Burgund und Hagebutten arbeiten brillant mit Gr\u00fcnt\u00f6nen, w\u00e4hrend tiefe Pinky-Reds sehr anpassungsf\u00e4hig sind und sich gut mit Khaki oder Stein verschmelzen. Dark Reds kombinieren am besten mit goldenen Metallic -Ber\u00fchrungen und tragen ein gewisses Ma\u00df an Erbe, besonders wenn sie mit dunklem Holz gemischt werden \u201c, sagt Simon Temprell, Leiter des Innenarchitektur in Neptun.<\/p>\n<div id=\"slice-container-newsletterForm-articleInbodyContent-3MNoV8qmf2SaPP6wNag9fR\" class=\"slice-container newsletter-inbodyContent-slice newsletterForm-articleInbodyContent-3MNoV8qmf2SaPP6wNag9fR slice-container-newsletterForm\"><\/div>\n<figure class=\"van-image-figure inline-layout \" data-bordeaux-image-check>\n<div class=\"image-full-width-wrapper\">\n<div class=\"image-widthsetter\" style=\"max-width:2000px;\"><\/div>\n<\/div>\n<\/figure>\n<p>Brandon Schubert, Direktor von Brandon Schubert Studio, verehrt mit Hauch von unerwarteten Rot in den H\u00e4usern seiner Kunden.<\/p>\n<p>\u201eIch liebe tiefe rote Farbt\u00f6ne und benutze sie in meinen Projekten oft. Es ist eine Farbe, die jede Menge unterschiedlicher Einstellungen annehmen kann, je nachdem, mit dem Sie sie kombinieren. Es ist diese Vielseitigkeit, die tiefe rostige Rott\u00f6ne zu einer perfekten Wahl f\u00fcr Tischlerei und unerwartete Akzente macht. &#8218;<\/p>\n<p>Wenn Sie sich f\u00fcr die Auswahl der Verwendung in Ihrem Schema rot verwenden, kann dies v\u00f6llig unterschiedliche Effekte erzielen. Das Farben eines Raumes mit roten W\u00e4nden und passenden Polsterung bietet einen vollst\u00e4ndig eintauchenden Effekt. Im Gegensatz dazu kann es genauso aufregend sein, den roten Prozentsatz zu einer diskreten Ausstattung an wei\u00dfem Bettlingen oder an der Vorderkante eines Vorhangs zu beziehen.<\/p>\n<p>Sie sind sich nicht sicher, ob Rot f\u00fcr Sie ist? Bei kr\u00e4ftigen Farben ist es Zeit, \u00fcber zu \u00fcberlegen, wie Sie auf die Farbe reagieren und wie Sie sich so f\u00fchlen. In unseren Schr\u00e4nken gibt es oft einen Hinweis darauf, welche Farben wir neigen. Obwohl wir unsere Outfits \u00e4ndern k\u00f6nnen, k\u00f6nnen wir diese Ver\u00e4nderung mit unseren Innenr\u00e4umen nicht so leicht vornehmen.<\/p>\n<p>Vermeiden Sie teure Fehler, indem Sie zwei oder drei Probent\u00f6pfe mit verschiedenen Farbt\u00f6nen zum Vergleich erhalten. Malen Sie Farbfelder auf gro\u00dfe Papierst\u00fccke und h\u00e4ngen Sie sie im Raum auf, um zu sehen, wie sie in verschiedenen Lichtern und neben Ihren M\u00f6beln und anderen Farben, die Sie in Betracht ziehen, in Betracht ziehen.<\/p>\n<h3 class=\"article-body__section\" id=\"section-shop-the-red-edit\"><span>Kaufen Sie die rote Bearbeitung ein<\/span><\/h3>\n<div class=\"product-container hero-product-container product-block-no-wrap\"><\/div>\n<\/div>\n","protected":false},"excerpt":{"rendered":"<p>Crimson Shades bl\u00fchen in der Designwelt, sowohl f\u00fcr ihre Vielseitigkeit als auch f\u00fcr beruhigende Designqualit\u00e4ten. Von Cherry Red bis im trendigen Terrakotta ist es eine<\/p>\n","protected":false},"author":1,"featured_media":4909,"comment_status":"closed","ping_status":"","sticky":false,"template":"","format":"standard","meta":{"footnotes":""},"categories":[118],"tags":[7166,7164,1126,81,281,9,1553,1202,7165,7150,189,282,7167,7149,1122,146,7168,7148,4512],"class_list":["post-4908","post","type-post","status-publish","format-standard","has-post-thumbnail","hentry","category-haus-garten","tag-alicia","tag-aussage","tag-dekorieren","tag-der","tag-des","tag-die","tag-endlich","tag-farbe","tag-farbtrendung","tag-gala","tag-hat","tag-jahres","tag-keys","tag-met","tag-mich","tag-mit","tag-spaltendsten","tag-trug","tag-ueberzeugt","generate-columns","tablet-grid-50","mobile-grid-100","grid-parent","grid-50"],"yoast_head":"<!-- This site is optimized with the Yoast SEO plugin v27.3 - https:\/\/yoast.com\/product\/yoast-seo-wordpress\/ -->\n<title>Die Aussage -Farbtrendung Alicia Keys trug die Met Gala hat mich endlich \u00fcberzeugt, mit der spaltendsten Farbe des Jahres 2025 zu dekorieren - Nachrichten - Stra\u00dfenweb<\/title>\n<meta name=\"robots\" content=\"index, follow, max-snippet:-1, max-image-preview:large, max-video-preview:-1\" \/>\n<link rel=\"canonical\" href=\"https:\/\/www.strassenweb.de\/nachrichten\/die-aussage-farbtrendung-alicia-keys-trug-die-met-gala-hat-mich-endlich-ueberzeugt-mit-der-spaltendsten-farbe-des-jahres-2025-zu-dekorieren\/\" \/>\n<meta property=\"og:locale\" content=\"de_DE\" \/>\n<meta property=\"og:type\" content=\"article\" \/>\n<meta property=\"og:title\" content=\"Die Aussage -Farbtrendung Alicia Keys trug die Met Gala hat mich endlich \u00fcberzeugt, mit der spaltendsten Farbe des Jahres 2025 zu dekorieren - Nachrichten - Stra\u00dfenweb\" \/>\n<meta property=\"og:description\" content=\"Crimson Shades bl\u00fchen in der Designwelt, sowohl f\u00fcr ihre Vielseitigkeit als auch f\u00fcr beruhigende Designqualit\u00e4ten. Von Cherry Red bis im trendigen Terrakotta ist es eine\" \/>\n<meta property=\"og:url\" content=\"https:\/\/www.strassenweb.de\/nachrichten\/die-aussage-farbtrendung-alicia-keys-trug-die-met-gala-hat-mich-endlich-ueberzeugt-mit-der-spaltendsten-farbe-des-jahres-2025-zu-dekorieren\/\" \/>\n<meta property=\"og:site_name\" content=\"Stra\u00dfenweb\" \/>\n<meta property=\"article:publisher\" content=\"https:\/\/www.facebook.com\/strassenweb\/\" \/>\n<meta property=\"article:published_time\" content=\"2025-05-07T13:39:33+00:00\" \/>\n<meta property=\"article:modified_time\" content=\"2025-05-07T13:39:35+00:00\" \/>\n<meta property=\"og:image\" content=\"https:\/\/www.strassenweb.de\/nachrichten\/wp-content\/uploads\/2025\/05\/DMwngae8oQchFfqnhPtBxN-scaled.jpg\" \/>\n\t<meta property=\"og:image:width\" content=\"2560\" \/>\n\t<meta property=\"og:image:height\" content=\"1440\" \/>\n\t<meta property=\"og:image:type\" content=\"image\/jpeg\" \/>\n<meta name=\"author\" content=\"Robert Hoffmann\" \/>\n<meta name=\"twitter:card\" content=\"summary_large_image\" \/>\n<meta name=\"twitter:label1\" content=\"Verfasst von\" \/>\n\t<meta name=\"twitter:data1\" content=\"Robert Hoffmann\" \/>\n\t<meta name=\"twitter:label2\" content=\"Gesch\u00e4tzte Lesezeit\" \/>\n\t<meta name=\"twitter:data2\" content=\"3\u00a0Minuten\" \/>\n<script type=\"application\/ld+json\" class=\"yoast-schema-graph\">{\"@context\":\"https:\\\/\\\/schema.org\",\"@graph\":[{\"@type\":\"Article\",\"@id\":\"https:\\\/\\\/www.strassenweb.de\\\/nachrichten\\\/die-aussage-farbtrendung-alicia-keys-trug-die-met-gala-hat-mich-endlich-ueberzeugt-mit-der-spaltendsten-farbe-des-jahres-2025-zu-dekorieren\\\/#article\",\"isPartOf\":{\"@id\":\"https:\\\/\\\/www.strassenweb.de\\\/nachrichten\\\/die-aussage-farbtrendung-alicia-keys-trug-die-met-gala-hat-mich-endlich-ueberzeugt-mit-der-spaltendsten-farbe-des-jahres-2025-zu-dekorieren\\\/\"},\"author\":{\"name\":\"Robert Hoffmann\",\"@id\":\"https:\\\/\\\/www.strassenweb.de\\\/nachrichten\\\/#\\\/schema\\\/person\\\/87c9c9067f1211da429a744dc5a5aa41\"},\"headline\":\"Die Aussage -Farbtrendung Alicia Keys trug die Met Gala hat mich endlich \u00fcberzeugt, mit der spaltendsten Farbe des Jahres 2025 zu dekorieren\",\"datePublished\":\"2025-05-07T13:39:33+00:00\",\"dateModified\":\"2025-05-07T13:39:35+00:00\",\"mainEntityOfPage\":{\"@id\":\"https:\\\/\\\/www.strassenweb.de\\\/nachrichten\\\/die-aussage-farbtrendung-alicia-keys-trug-die-met-gala-hat-mich-endlich-ueberzeugt-mit-der-spaltendsten-farbe-des-jahres-2025-zu-dekorieren\\\/\"},\"wordCount\":580,\"publisher\":{\"@id\":\"https:\\\/\\\/www.strassenweb.de\\\/nachrichten\\\/#organization\"},\"image\":{\"@id\":\"https:\\\/\\\/www.strassenweb.de\\\/nachrichten\\\/die-aussage-farbtrendung-alicia-keys-trug-die-met-gala-hat-mich-endlich-ueberzeugt-mit-der-spaltendsten-farbe-des-jahres-2025-zu-dekorieren\\\/#primaryimage\"},\"thumbnailUrl\":\"https:\\\/\\\/www.strassenweb.de\\\/nachrichten\\\/wp-content\\\/uploads\\\/2025\\\/05\\\/DMwngae8oQchFfqnhPtBxN-scaled.jpg\",\"keywords\":[\"Alicia\",\"Aussage\",\"dekorieren\",\"der\",\"des\",\"die\",\"endlich\",\"Farbe\",\"Farbtrendung\",\"Gala\",\"hat\",\"Jahres\",\"Keys\",\"Met\",\"mich\",\"mit\",\"spaltendsten\",\"trug\",\"\u00fcberzeugt\"],\"articleSection\":[\"Haus &amp; Garten\"],\"inLanguage\":\"de\"},{\"@type\":\"WebPage\",\"@id\":\"https:\\\/\\\/www.strassenweb.de\\\/nachrichten\\\/die-aussage-farbtrendung-alicia-keys-trug-die-met-gala-hat-mich-endlich-ueberzeugt-mit-der-spaltendsten-farbe-des-jahres-2025-zu-dekorieren\\\/\",\"url\":\"https:\\\/\\\/www.strassenweb.de\\\/nachrichten\\\/die-aussage-farbtrendung-alicia-keys-trug-die-met-gala-hat-mich-endlich-ueberzeugt-mit-der-spaltendsten-farbe-des-jahres-2025-zu-dekorieren\\\/\",\"name\":\"Die Aussage -Farbtrendung Alicia Keys trug die Met Gala hat mich endlich \u00fcberzeugt, mit der spaltendsten Farbe des Jahres 2025 zu dekorieren - Nachrichten - Stra\u00dfenweb\",\"isPartOf\":{\"@id\":\"https:\\\/\\\/www.strassenweb.de\\\/nachrichten\\\/#website\"},\"primaryImageOfPage\":{\"@id\":\"https:\\\/\\\/www.strassenweb.de\\\/nachrichten\\\/die-aussage-farbtrendung-alicia-keys-trug-die-met-gala-hat-mich-endlich-ueberzeugt-mit-der-spaltendsten-farbe-des-jahres-2025-zu-dekorieren\\\/#primaryimage\"},\"image\":{\"@id\":\"https:\\\/\\\/www.strassenweb.de\\\/nachrichten\\\/die-aussage-farbtrendung-alicia-keys-trug-die-met-gala-hat-mich-endlich-ueberzeugt-mit-der-spaltendsten-farbe-des-jahres-2025-zu-dekorieren\\\/#primaryimage\"},\"thumbnailUrl\":\"https:\\\/\\\/www.strassenweb.de\\\/nachrichten\\\/wp-content\\\/uploads\\\/2025\\\/05\\\/DMwngae8oQchFfqnhPtBxN-scaled.jpg\",\"datePublished\":\"2025-05-07T13:39:33+00:00\",\"dateModified\":\"2025-05-07T13:39:35+00:00\",\"breadcrumb\":{\"@id\":\"https:\\\/\\\/www.strassenweb.de\\\/nachrichten\\\/die-aussage-farbtrendung-alicia-keys-trug-die-met-gala-hat-mich-endlich-ueberzeugt-mit-der-spaltendsten-farbe-des-jahres-2025-zu-dekorieren\\\/#breadcrumb\"},\"inLanguage\":\"de\",\"potentialAction\":[{\"@type\":\"ReadAction\",\"target\":[\"https:\\\/\\\/www.strassenweb.de\\\/nachrichten\\\/die-aussage-farbtrendung-alicia-keys-trug-die-met-gala-hat-mich-endlich-ueberzeugt-mit-der-spaltendsten-farbe-des-jahres-2025-zu-dekorieren\\\/\"]}]},{\"@type\":\"ImageObject\",\"inLanguage\":\"de\",\"@id\":\"https:\\\/\\\/www.strassenweb.de\\\/nachrichten\\\/die-aussage-farbtrendung-alicia-keys-trug-die-met-gala-hat-mich-endlich-ueberzeugt-mit-der-spaltendsten-farbe-des-jahres-2025-zu-dekorieren\\\/#primaryimage\",\"url\":\"https:\\\/\\\/www.strassenweb.de\\\/nachrichten\\\/wp-content\\\/uploads\\\/2025\\\/05\\\/DMwngae8oQchFfqnhPtBxN-scaled.jpg\",\"contentUrl\":\"https:\\\/\\\/www.strassenweb.de\\\/nachrichten\\\/wp-content\\\/uploads\\\/2025\\\/05\\\/DMwngae8oQchFfqnhPtBxN-scaled.jpg\",\"width\":2560,\"height\":1440,\"caption\":\"Alicia Keys\"},{\"@type\":\"BreadcrumbList\",\"@id\":\"https:\\\/\\\/www.strassenweb.de\\\/nachrichten\\\/die-aussage-farbtrendung-alicia-keys-trug-die-met-gala-hat-mich-endlich-ueberzeugt-mit-der-spaltendsten-farbe-des-jahres-2025-zu-dekorieren\\\/#breadcrumb\",\"itemListElement\":[{\"@type\":\"ListItem\",\"position\":1,\"name\":\"Home\",\"item\":\"https:\\\/\\\/www.strassenweb.de\\\/nachrichten\\\/\"},{\"@type\":\"ListItem\",\"position\":2,\"name\":\"Die Aussage -Farbtrendung Alicia Keys trug die Met Gala hat mich endlich \u00fcberzeugt, mit der spaltendsten Farbe des Jahres 2025 zu dekorieren\"}]},{\"@type\":\"WebSite\",\"@id\":\"https:\\\/\\\/www.strassenweb.de\\\/nachrichten\\\/#website\",\"url\":\"https:\\\/\\\/www.strassenweb.de\\\/nachrichten\\\/\",\"name\":\"Stra\u00dfenweb\",\"description\":\"Stra\u00dfenverzeichnis f\u00fcr Deutschland\",\"publisher\":{\"@id\":\"https:\\\/\\\/www.strassenweb.de\\\/nachrichten\\\/#organization\"},\"potentialAction\":[{\"@type\":\"SearchAction\",\"target\":{\"@type\":\"EntryPoint\",\"urlTemplate\":\"https:\\\/\\\/www.strassenweb.de\\\/nachrichten\\\/?s={search_term_string}\"},\"query-input\":{\"@type\":\"PropertyValueSpecification\",\"valueRequired\":true,\"valueName\":\"search_term_string\"}}],\"inLanguage\":\"de\"},{\"@type\":\"Organization\",\"@id\":\"https:\\\/\\\/www.strassenweb.de\\\/nachrichten\\\/#organization\",\"name\":\"Stra\u00dfenweb\",\"url\":\"https:\\\/\\\/www.strassenweb.de\\\/nachrichten\\\/\",\"logo\":{\"@type\":\"ImageObject\",\"inLanguage\":\"de\",\"@id\":\"https:\\\/\\\/www.strassenweb.de\\\/nachrichten\\\/#\\\/schema\\\/logo\\\/image\\\/\",\"url\":\"https:\\\/\\\/www.strassenweb.de\\\/nachrichten\\\/wp-content\\\/uploads\\\/2024\\\/09\\\/cropped-favicon.png\",\"contentUrl\":\"https:\\\/\\\/www.strassenweb.de\\\/nachrichten\\\/wp-content\\\/uploads\\\/2024\\\/09\\\/cropped-favicon.png\",\"width\":512,\"height\":512,\"caption\":\"Stra\u00dfenweb\"},\"image\":{\"@id\":\"https:\\\/\\\/www.strassenweb.de\\\/nachrichten\\\/#\\\/schema\\\/logo\\\/image\\\/\"},\"sameAs\":[\"https:\\\/\\\/www.facebook.com\\\/strassenweb\\\/\"]},{\"@type\":\"Person\",\"@id\":\"https:\\\/\\\/www.strassenweb.de\\\/nachrichten\\\/#\\\/schema\\\/person\\\/87c9c9067f1211da429a744dc5a5aa41\",\"name\":\"Robert Hoffmann\",\"image\":{\"@type\":\"ImageObject\",\"inLanguage\":\"de\",\"@id\":\"https:\\\/\\\/www.strassenweb.de\\\/nachrichten\\\/wp-content\\\/uploads\\\/2024\\\/09\\\/strassenweb-150x150.jpg\",\"url\":\"https:\\\/\\\/www.strassenweb.de\\\/nachrichten\\\/wp-content\\\/uploads\\\/2024\\\/09\\\/strassenweb-150x150.jpg\",\"contentUrl\":\"https:\\\/\\\/www.strassenweb.de\\\/nachrichten\\\/wp-content\\\/uploads\\\/2024\\\/09\\\/strassenweb-150x150.jpg\",\"caption\":\"Robert Hoffmann\"},\"description\":\"Ich hei\u00dfe Robert Hoffmann und ich bin ein leidenschaftlicher Verfechter von \u00d6kologie und Biodiversit\u00e4t. Seit meiner Kindheit in den W\u00e4ldern Bayerns f\u00fchle ich mich mit der Natur verbunden und bin entschlossen, sie zu sch\u00fctzen. Heute widme ich mein Leben der Sensibilisierung anderer f\u00fcr die Bedeutung des Umweltschutzes f\u00fcr zuk\u00fcnftige Generationen.\",\"sameAs\":[\"https:\\\/\\\/www.strassenweb.de\\\/\"]}]}<\/script>\n<!-- \/ Yoast SEO plugin. -->","yoast_head_json":{"title":"Die Aussage -Farbtrendung Alicia Keys trug die Met Gala hat mich endlich \u00fcberzeugt, mit der spaltendsten Farbe des Jahres 2025 zu dekorieren - Nachrichten - Stra\u00dfenweb","robots":{"index":"index","follow":"follow","max-snippet":"max-snippet:-1","max-image-preview":"max-image-preview:large","max-video-preview":"max-video-preview:-1"},"canonical":"https:\/\/www.strassenweb.de\/nachrichten\/die-aussage-farbtrendung-alicia-keys-trug-die-met-gala-hat-mich-endlich-ueberzeugt-mit-der-spaltendsten-farbe-des-jahres-2025-zu-dekorieren\/","og_locale":"de_DE","og_type":"article","og_title":"Die Aussage -Farbtrendung Alicia Keys trug die Met Gala hat mich endlich \u00fcberzeugt, mit der spaltendsten Farbe des Jahres 2025 zu dekorieren - Nachrichten - Stra\u00dfenweb","og_description":"Crimson Shades bl\u00fchen in der Designwelt, sowohl f\u00fcr ihre Vielseitigkeit als auch f\u00fcr beruhigende Designqualit\u00e4ten. Von Cherry Red bis im trendigen Terrakotta ist es eine","og_url":"https:\/\/www.strassenweb.de\/nachrichten\/die-aussage-farbtrendung-alicia-keys-trug-die-met-gala-hat-mich-endlich-ueberzeugt-mit-der-spaltendsten-farbe-des-jahres-2025-zu-dekorieren\/","og_site_name":"Stra\u00dfenweb","article_publisher":"https:\/\/www.facebook.com\/strassenweb\/","article_published_time":"2025-05-07T13:39:33+00:00","article_modified_time":"2025-05-07T13:39:35+00:00","og_image":[{"width":2560,"height":1440,"url":"https:\/\/www.strassenweb.de\/nachrichten\/wp-content\/uploads\/2025\/05\/DMwngae8oQchFfqnhPtBxN-scaled.jpg","type":"image\/jpeg"}],"author":"Robert Hoffmann","twitter_card":"summary_large_image","twitter_misc":{"Verfasst von":"Robert Hoffmann","Gesch\u00e4tzte Lesezeit":"3\u00a0Minuten"},"schema":{"@context":"https:\/\/schema.org","@graph":[{"@type":"Article","@id":"https:\/\/www.strassenweb.de\/nachrichten\/die-aussage-farbtrendung-alicia-keys-trug-die-met-gala-hat-mich-endlich-ueberzeugt-mit-der-spaltendsten-farbe-des-jahres-2025-zu-dekorieren\/#article","isPartOf":{"@id":"https:\/\/www.strassenweb.de\/nachrichten\/die-aussage-farbtrendung-alicia-keys-trug-die-met-gala-hat-mich-endlich-ueberzeugt-mit-der-spaltendsten-farbe-des-jahres-2025-zu-dekorieren\/"},"author":{"name":"Robert Hoffmann","@id":"https:\/\/www.strassenweb.de\/nachrichten\/#\/schema\/person\/87c9c9067f1211da429a744dc5a5aa41"},"headline":"Die Aussage -Farbtrendung Alicia Keys trug die Met Gala hat mich endlich \u00fcberzeugt, mit der spaltendsten Farbe des Jahres 2025 zu dekorieren","datePublished":"2025-05-07T13:39:33+00:00","dateModified":"2025-05-07T13:39:35+00:00","mainEntityOfPage":{"@id":"https:\/\/www.strassenweb.de\/nachrichten\/die-aussage-farbtrendung-alicia-keys-trug-die-met-gala-hat-mich-endlich-ueberzeugt-mit-der-spaltendsten-farbe-des-jahres-2025-zu-dekorieren\/"},"wordCount":580,"publisher":{"@id":"https:\/\/www.strassenweb.de\/nachrichten\/#organization"},"image":{"@id":"https:\/\/www.strassenweb.de\/nachrichten\/die-aussage-farbtrendung-alicia-keys-trug-die-met-gala-hat-mich-endlich-ueberzeugt-mit-der-spaltendsten-farbe-des-jahres-2025-zu-dekorieren\/#primaryimage"},"thumbnailUrl":"https:\/\/www.strassenweb.de\/nachrichten\/wp-content\/uploads\/2025\/05\/DMwngae8oQchFfqnhPtBxN-scaled.jpg","keywords":["Alicia","Aussage","dekorieren","der","des","die","endlich","Farbe","Farbtrendung","Gala","hat","Jahres","Keys","Met","mich","mit","spaltendsten","trug","\u00fcberzeugt"],"articleSection":["Haus &amp; Garten"],"inLanguage":"de"},{"@type":"WebPage","@id":"https:\/\/www.strassenweb.de\/nachrichten\/die-aussage-farbtrendung-alicia-keys-trug-die-met-gala-hat-mich-endlich-ueberzeugt-mit-der-spaltendsten-farbe-des-jahres-2025-zu-dekorieren\/","url":"https:\/\/www.strassenweb.de\/nachrichten\/die-aussage-farbtrendung-alicia-keys-trug-die-met-gala-hat-mich-endlich-ueberzeugt-mit-der-spaltendsten-farbe-des-jahres-2025-zu-dekorieren\/","name":"Die Aussage -Farbtrendung Alicia Keys trug die Met Gala hat mich endlich \u00fcberzeugt, mit der spaltendsten Farbe des Jahres 2025 zu dekorieren - Nachrichten - Stra\u00dfenweb","isPartOf":{"@id":"https:\/\/www.strassenweb.de\/nachrichten\/#website"},"primaryImageOfPage":{"@id":"https:\/\/www.strassenweb.de\/nachrichten\/die-aussage-farbtrendung-alicia-keys-trug-die-met-gala-hat-mich-endlich-ueberzeugt-mit-der-spaltendsten-farbe-des-jahres-2025-zu-dekorieren\/#primaryimage"},"image":{"@id":"https:\/\/www.strassenweb.de\/nachrichten\/die-aussage-farbtrendung-alicia-keys-trug-die-met-gala-hat-mich-endlich-ueberzeugt-mit-der-spaltendsten-farbe-des-jahres-2025-zu-dekorieren\/#primaryimage"},"thumbnailUrl":"https:\/\/www.strassenweb.de\/nachrichten\/wp-content\/uploads\/2025\/05\/DMwngae8oQchFfqnhPtBxN-scaled.jpg","datePublished":"2025-05-07T13:39:33+00:00","dateModified":"2025-05-07T13:39:35+00:00","breadcrumb":{"@id":"https:\/\/www.strassenweb.de\/nachrichten\/die-aussage-farbtrendung-alicia-keys-trug-die-met-gala-hat-mich-endlich-ueberzeugt-mit-der-spaltendsten-farbe-des-jahres-2025-zu-dekorieren\/#breadcrumb"},"inLanguage":"de","potentialAction":[{"@type":"ReadAction","target":["https:\/\/www.strassenweb.de\/nachrichten\/die-aussage-farbtrendung-alicia-keys-trug-die-met-gala-hat-mich-endlich-ueberzeugt-mit-der-spaltendsten-farbe-des-jahres-2025-zu-dekorieren\/"]}]},{"@type":"ImageObject","inLanguage":"de","@id":"https:\/\/www.strassenweb.de\/nachrichten\/die-aussage-farbtrendung-alicia-keys-trug-die-met-gala-hat-mich-endlich-ueberzeugt-mit-der-spaltendsten-farbe-des-jahres-2025-zu-dekorieren\/#primaryimage","url":"https:\/\/www.strassenweb.de\/nachrichten\/wp-content\/uploads\/2025\/05\/DMwngae8oQchFfqnhPtBxN-scaled.jpg","contentUrl":"https:\/\/www.strassenweb.de\/nachrichten\/wp-content\/uploads\/2025\/05\/DMwngae8oQchFfqnhPtBxN-scaled.jpg","width":2560,"height":1440,"caption":"Alicia Keys"},{"@type":"BreadcrumbList","@id":"https:\/\/www.strassenweb.de\/nachrichten\/die-aussage-farbtrendung-alicia-keys-trug-die-met-gala-hat-mich-endlich-ueberzeugt-mit-der-spaltendsten-farbe-des-jahres-2025-zu-dekorieren\/#breadcrumb","itemListElement":[{"@type":"ListItem","position":1,"name":"Home","item":"https:\/\/www.strassenweb.de\/nachrichten\/"},{"@type":"ListItem","position":2,"name":"Die Aussage -Farbtrendung Alicia Keys trug die Met Gala hat mich endlich \u00fcberzeugt, mit der spaltendsten Farbe des Jahres 2025 zu dekorieren"}]},{"@type":"WebSite","@id":"https:\/\/www.strassenweb.de\/nachrichten\/#website","url":"https:\/\/www.strassenweb.de\/nachrichten\/","name":"Stra\u00dfenweb","description":"Stra\u00dfenverzeichnis f\u00fcr Deutschland","publisher":{"@id":"https:\/\/www.strassenweb.de\/nachrichten\/#organization"},"potentialAction":[{"@type":"SearchAction","target":{"@type":"EntryPoint","urlTemplate":"https:\/\/www.strassenweb.de\/nachrichten\/?s={search_term_string}"},"query-input":{"@type":"PropertyValueSpecification","valueRequired":true,"valueName":"search_term_string"}}],"inLanguage":"de"},{"@type":"Organization","@id":"https:\/\/www.strassenweb.de\/nachrichten\/#organization","name":"Stra\u00dfenweb","url":"https:\/\/www.strassenweb.de\/nachrichten\/","logo":{"@type":"ImageObject","inLanguage":"de","@id":"https:\/\/www.strassenweb.de\/nachrichten\/#\/schema\/logo\/image\/","url":"https:\/\/www.strassenweb.de\/nachrichten\/wp-content\/uploads\/2024\/09\/cropped-favicon.png","contentUrl":"https:\/\/www.strassenweb.de\/nachrichten\/wp-content\/uploads\/2024\/09\/cropped-favicon.png","width":512,"height":512,"caption":"Stra\u00dfenweb"},"image":{"@id":"https:\/\/www.strassenweb.de\/nachrichten\/#\/schema\/logo\/image\/"},"sameAs":["https:\/\/www.facebook.com\/strassenweb\/"]},{"@type":"Person","@id":"https:\/\/www.strassenweb.de\/nachrichten\/#\/schema\/person\/87c9c9067f1211da429a744dc5a5aa41","name":"Robert Hoffmann","image":{"@type":"ImageObject","inLanguage":"de","@id":"https:\/\/www.strassenweb.de\/nachrichten\/wp-content\/uploads\/2024\/09\/strassenweb-150x150.jpg","url":"https:\/\/www.strassenweb.de\/nachrichten\/wp-content\/uploads\/2024\/09\/strassenweb-150x150.jpg","contentUrl":"https:\/\/www.strassenweb.de\/nachrichten\/wp-content\/uploads\/2024\/09\/strassenweb-150x150.jpg","caption":"Robert Hoffmann"},"description":"Ich hei\u00dfe Robert Hoffmann und ich bin ein leidenschaftlicher Verfechter von \u00d6kologie und Biodiversit\u00e4t. Seit meiner Kindheit in den W\u00e4ldern Bayerns f\u00fchle ich mich mit der Natur verbunden und bin entschlossen, sie zu sch\u00fctzen. Heute widme ich mein Leben der Sensibilisierung anderer f\u00fcr die Bedeutung des Umweltschutzes f\u00fcr zuk\u00fcnftige Generationen.","sameAs":["https:\/\/www.strassenweb.de\/"]}]}},"_links":{"self":[{"href":"https:\/\/www.strassenweb.de\/nachrichten\/wp-json\/wp\/v2\/posts\/4908","targetHints":{"allow":["GET"]}}],"collection":[{"href":"https:\/\/www.strassenweb.de\/nachrichten\/wp-json\/wp\/v2\/posts"}],"about":[{"href":"https:\/\/www.strassenweb.de\/nachrichten\/wp-json\/wp\/v2\/types\/post"}],"author":[{"embeddable":true,"href":"https:\/\/www.strassenweb.de\/nachrichten\/wp-json\/wp\/v2\/users\/1"}],"replies":[{"embeddable":true,"href":"https:\/\/www.strassenweb.de\/nachrichten\/wp-json\/wp\/v2\/comments?post=4908"}],"version-history":[{"count":0,"href":"https:\/\/www.strassenweb.de\/nachrichten\/wp-json\/wp\/v2\/posts\/4908\/revisions"}],"wp:featuredmedia":[{"embeddable":true,"href":"https:\/\/www.strassenweb.de\/nachrichten\/wp-json\/wp\/v2\/media\/4909"}],"wp:attachment":[{"href":"https:\/\/www.strassenweb.de\/nachrichten\/wp-json\/wp\/v2\/media?parent=4908"}],"wp:term":[{"taxonomy":"category","embeddable":true,"href":"https:\/\/www.strassenweb.de\/nachrichten\/wp-json\/wp\/v2\/categories?post=4908"},{"taxonomy":"post_tag","embeddable":true,"href":"https:\/\/www.strassenweb.de\/nachrichten\/wp-json\/wp\/v2\/tags?post=4908"}],"curies":[{"name":"wp","href":"https:\/\/api.w.org\/{rel}","templated":true}]}}