{"id":49,"date":"2024-09-23T10:56:39","date_gmt":"2024-09-23T08:56:39","guid":{"rendered":"https:\/\/www.strassenweb.de\/nachrichten\/ab-diesem-montag-ignoriert-deutschland-die-kritik-und-fuehrt-kontrollen-an-allen-seinen-landgrenzen-ein-um-die-migration-zu-stoppen\/"},"modified":"2024-09-23T10:56:40","modified_gmt":"2024-09-23T08:56:40","slug":"ab-diesem-montag-ignoriert-deutschland-die-kritik-und-fuehrt-kontrollen-an-allen-seinen-landgrenzen-ein-um-die-migration-zu-stoppen","status":"publish","type":"post","link":"https:\/\/www.strassenweb.de\/nachrichten\/ab-diesem-montag-ignoriert-deutschland-die-kritik-und-fuehrt-kontrollen-an-allen-seinen-landgrenzen-ein-um-die-migration-zu-stoppen\/","title":{"rendered":"Ab diesem Montag ignoriert Deutschland die Kritik und f\u00fchrt Kontrollen an allen seinen Landgrenzen ein, um die Migration zu stoppen"},"content":{"rendered":"<footer class=\"article-main__signed\"><\/footer>\n<p>Deutschland startet ab diesem Montag um <b>Kontrolliere alle deine Landgrenzen<\/b> die irregul\u00e4re Migration trotz der zu reduzieren <b>Ablehnung aus den Nachbarl\u00e4ndern<\/b> und unter den Vorw\u00fcrfen, dass die Ma\u00dfnahme a <b>Ein harter Schlag f\u00fcr den europ\u00e4ischen Schengen-Raum<\/b> des freien Verkehrs.<\/p>\n<p>Diese Kontrollen, die nach Angaben der Bundesregierung \u201eflexibel und sicherheitsorientiert\u201c erfolgen sollen, werden an den Grenzen des mitteleurop\u00e4ischen Landes durchgef\u00fchrt <b>Frankreich, Luxemburg, Niederlande, Belgien und D\u00e4nemark<\/b> w\u00e4hrend des n\u00e4chsten<b> sechs Monate<\/b>und werden zu den bereits bestehenden in den Grenzgebieten zur Schweiz, \u00d6sterreich, der Tschechischen Republik und Polen hinzugef\u00fcgt.<\/p>\n<p>Der Kanzler <b>Olaf Scholz<\/b> verteidigte die Kontrollen am Samstag bei einer Veranstaltung im Land Brandenburg, wo die Rechtsextremen <b>AfD<\/b> f\u00fchrt die Umfragen vor den Regionalwahlen am kommenden Sonntag an. <b>\u201eIrregul\u00e4re Migration ist nicht das, was wir wollen\u201c<\/b>sagte der Sozialdemokrat, der darauf hinwies, dass es \u201enicht gut\u201c sei, dass von den 300.000 Menschen, die im vergangenen Jahr in Deutschland ankamen, nur ein Teil das Recht auf Schutz habe.<\/p>\n<p>&#8222;Bedauerlicherweise, <b>wir k\u00f6nnen nicht vertrauen<\/b> v\u00f6llig darin jeder <b>Unsere Nachbarn machen die Dinge so, wie sie sollten<\/b>\u201ebehauptete er. Die Ma\u00dfnahme kommt zu einer Zeit, in der die Scholz-Koalition unter Druck steht <b>Aufstieg der extremen Rechten<\/b> im Osten des Landes und eine christdemokratische Opposition, die auf einer generellen Ablehnung von Asylbewerbern an den Grenzen besteht, was die Regierung als europarechtswidrig ansieht.<\/p>\n<p>Mit diesen Kontrollen will Deutschland \u201e<b>die irregul\u00e4re Migration weiter reduzieren<\/b>\u201eWir agieren weiterhin in enger Abstimmung mit unseren Nachbarl\u00e4ndern. \u201eAu\u00dferdem wollen wir sicherstellen, dass die Kontrollen die Menschen in Grenzregionen, Reisende, Handel und Wirtschaft m\u00f6glichst wenig beeintr\u00e4chtigen\u201c, sagte er.<\/p>\n<p>Deutschland behauptet, dass Binnengrenzkontrollen mit <b>Polen, Tschechien, \u00d6sterreich und Schweiz<\/b>wirksam ab <b>Oktober 2023,<\/b> Sie beweisen ihre Wirksamkeit, da sie seitdem die Abweisung von mehr als 30.000 Menschen erm\u00f6glicht haben, die versuchten, irregul\u00e4r einzureisen. Faeser versichert, dass es auch ein F\u00fcnftel weniger Asylantr\u00e4ge und ein F\u00fcnftel mehr R\u00fcckf\u00fchrungen gebe.<\/p>\n<p>Berlin h\u00e4lt jedoch fest, dass die Gesamtbelastung Deutschlands ber\u00fccksichtigt werden muss, insbesondere die begrenzten Kapazit\u00e4ten der Kommunen bei der Unterbringung sowie in den Bereichen Bildung und Integration aufgrund der Aufnahme von 1,2 Millionen Fl\u00fcchtlingen <b>Ukraine<\/b>und Asylmigration in den letzten Jahren.<\/p>\n<h2 class=\"title-h2\">Rezensionen aus anderen L\u00e4ndern<\/h2>\n<p>Deutschland versucht damit, sein Vorgehen nach der Kritik einiger Nachbarl\u00e4nder, aber auch von Gemeinschaftsstaaten wie Griechenland zu rechtfertigen. Scholz rief am Freitag den polnischen Ministerpr\u00e4sidenten an, <b>Donald Tusk<\/b>um Ihnen zu versichern, dass die Ma\u00dfnahme im Einklang mit der europ\u00e4ischen Rechtsordnung steht. Der liberale polnische Politiker beschrieb: \u201e<b>inakzeptabel<\/b>\u201e Berlins Ank\u00fcndigung und k\u00fcndigte dringende Konsultationen mit den anderen betroffenen L\u00e4ndern in der Europ\u00e4ischen Union an.<\/p>\n<p>Die Regierung von <b>\u00d6sterreich<\/b>Die Bundesregierung k\u00fcndigte ihrerseits an, keine an der deutschen Grenze abgewiesenen Menschen aufzunehmen. \u201eEs gibt keinen Handlungsspielraum\u201c, sagte der \u00f6sterreichische Innenminister Gerhard Karner. Auch andere europ\u00e4ische L\u00e4nder haben sich zu der Ma\u00dfnahme und dem Ministerpr\u00e4sidenten ge\u00e4u\u00dfert <b>Griechenland<\/b>Der konservative Kyriakos Mitsotakis hat darauf hingewiesen, dass die Einwanderungsfrage nicht mit dem gel\u00f6st werden kann <b>\u201eeinseitige Abschaffung\u201c des Schengener Abkommens<\/b>.<\/p>\n<p>In <b>Ungarn<\/b>der Premierminister <b>Viktor Orb\u00e1n<\/b>Die f\u00fcr ihre ultranationalistische und gegen Einwanderung bekannte Haltung begr\u00fc\u00dfte die deutsche Entscheidung, doch Innenminister Gergely Guly\u00e1s behauptete, Deutschland habe den Schengen-Raum zerst\u00f6rt, und zwar erstmals im Jahr 2015, als es die massive Einreise von Fl\u00fcchtlingen erlaubte , und jetzt mit den neuen Grenzkontrollen.<\/p>\n<div><\/div>\n<p>Die ihrerseits <b>Europ\u00e4ische Kommission<\/b> Zun\u00e4chst wurde nur daran erinnert, dass der Schengener Grenzkodex es den Mitgliedstaaten erlaubt, in bedrohlichen Situationen Grenzkontrollen einzuf\u00fchren, sofern dies als \u201enotwendig und verh\u00e4ltnism\u00e4\u00dfig\u201c erachtet wird.<\/p>\n","protected":false},"excerpt":{"rendered":"<p>Deutschland startet ab diesem Montag um Kontrolliere alle deine Landgrenzen die irregul\u00e4re Migration trotz der zu reduzieren Ablehnung aus den Nachbarl\u00e4ndern und unter den Vorw\u00fcrfen,<\/p>\n","protected":false},"author":1,"featured_media":50,"comment_status":"closed","ping_status":"","sticky":false,"template":"","format":"standard","meta":{"footnotes":""},"categories":[4],"tags":[40,35,9,32,43,38,34,39,36,42,44,33,41,14,37],"class_list":["post-49","post","type-post","status-publish","format-standard","has-post-thumbnail","hentry","category-aktuelle-nachrichten","tag-allen","tag-deutschland","tag-die","tag-diesem","tag-ein","tag-fuehrt","tag-ignoriert","tag-kontrollen","tag-kritik","tag-landgrenzen","tag-migration","tag-montag","tag-seinen","tag-stoppen","tag-und","generate-columns","tablet-grid-50","mobile-grid-100","grid-parent","grid-50"],"yoast_head":"<!-- This site is optimized with the Yoast SEO plugin v27.3 - https:\/\/yoast.com\/product\/yoast-seo-wordpress\/ -->\n<title>Ab diesem Montag ignoriert Deutschland die Kritik und f\u00fchrt Kontrollen an allen seinen Landgrenzen ein, um die Migration zu stoppen - Nachrichten - Stra\u00dfenweb<\/title>\n<meta name=\"robots\" content=\"index, follow, max-snippet:-1, max-image-preview:large, max-video-preview:-1\" \/>\n<link rel=\"canonical\" href=\"https:\/\/www.strassenweb.de\/nachrichten\/ab-diesem-montag-ignoriert-deutschland-die-kritik-und-fuehrt-kontrollen-an-allen-seinen-landgrenzen-ein-um-die-migration-zu-stoppen\/\" \/>\n<meta property=\"og:locale\" content=\"de_DE\" \/>\n<meta property=\"og:type\" content=\"article\" \/>\n<meta property=\"og:title\" content=\"Ab diesem Montag ignoriert Deutschland die Kritik und f\u00fchrt Kontrollen an allen seinen Landgrenzen ein, um die Migration zu stoppen - Nachrichten - Stra\u00dfenweb\" \/>\n<meta property=\"og:description\" content=\"Deutschland startet ab diesem Montag um Kontrolliere alle deine Landgrenzen die irregul\u00e4re Migration trotz der zu reduzieren Ablehnung aus den Nachbarl\u00e4ndern und unter den Vorw\u00fcrfen,\" \/>\n<meta property=\"og:url\" content=\"https:\/\/www.strassenweb.de\/nachrichten\/ab-diesem-montag-ignoriert-deutschland-die-kritik-und-fuehrt-kontrollen-an-allen-seinen-landgrenzen-ein-um-die-migration-zu-stoppen\/\" \/>\n<meta property=\"og:site_name\" content=\"Stra\u00dfenweb\" \/>\n<meta property=\"article:publisher\" content=\"https:\/\/www.facebook.com\/strassenweb\/\" \/>\n<meta property=\"article:published_time\" content=\"2024-09-23T08:56:39+00:00\" \/>\n<meta property=\"article:modified_time\" content=\"2024-09-23T08:56:40+00:00\" \/>\n<meta property=\"og:image\" content=\"https:\/\/www.strassenweb.de\/nachrichten\/wp-content\/uploads\/2024\/09\/Ab-diesem-Montag-ignoriert-Deutschland-die-Kritik-und-fuehrt-Kontrollen.jpg\" \/>\n\t<meta property=\"og:image:width\" content=\"1280\" \/>\n\t<meta property=\"og:image:height\" content=\"720\" \/>\n\t<meta property=\"og:image:type\" content=\"image\/jpeg\" \/>\n<meta name=\"author\" content=\"Robert Hoffmann\" \/>\n<meta name=\"twitter:card\" content=\"summary_large_image\" \/>\n<meta name=\"twitter:label1\" content=\"Verfasst von\" \/>\n\t<meta name=\"twitter:data1\" content=\"Robert Hoffmann\" \/>\n\t<meta name=\"twitter:label2\" content=\"Gesch\u00e4tzte Lesezeit\" \/>\n\t<meta name=\"twitter:data2\" content=\"3\u00a0Minuten\" \/>\n<script type=\"application\/ld+json\" class=\"yoast-schema-graph\">{\"@context\":\"https:\\\/\\\/schema.org\",\"@graph\":[{\"@type\":\"Article\",\"@id\":\"https:\\\/\\\/www.strassenweb.de\\\/nachrichten\\\/ab-diesem-montag-ignoriert-deutschland-die-kritik-und-fuehrt-kontrollen-an-allen-seinen-landgrenzen-ein-um-die-migration-zu-stoppen\\\/#article\",\"isPartOf\":{\"@id\":\"https:\\\/\\\/www.strassenweb.de\\\/nachrichten\\\/ab-diesem-montag-ignoriert-deutschland-die-kritik-und-fuehrt-kontrollen-an-allen-seinen-landgrenzen-ein-um-die-migration-zu-stoppen\\\/\"},\"author\":{\"name\":\"Robert Hoffmann\",\"@id\":\"https:\\\/\\\/www.strassenweb.de\\\/nachrichten\\\/#\\\/schema\\\/person\\\/87c9c9067f1211da429a744dc5a5aa41\"},\"headline\":\"Ab diesem Montag ignoriert Deutschland die Kritik und f\u00fchrt Kontrollen an allen seinen Landgrenzen ein, um die Migration zu stoppen\",\"datePublished\":\"2024-09-23T08:56:39+00:00\",\"dateModified\":\"2024-09-23T08:56:40+00:00\",\"mainEntityOfPage\":{\"@id\":\"https:\\\/\\\/www.strassenweb.de\\\/nachrichten\\\/ab-diesem-montag-ignoriert-deutschland-die-kritik-und-fuehrt-kontrollen-an-allen-seinen-landgrenzen-ein-um-die-migration-zu-stoppen\\\/\"},\"wordCount\":624,\"publisher\":{\"@id\":\"https:\\\/\\\/www.strassenweb.de\\\/nachrichten\\\/#organization\"},\"image\":{\"@id\":\"https:\\\/\\\/www.strassenweb.de\\\/nachrichten\\\/ab-diesem-montag-ignoriert-deutschland-die-kritik-und-fuehrt-kontrollen-an-allen-seinen-landgrenzen-ein-um-die-migration-zu-stoppen\\\/#primaryimage\"},\"thumbnailUrl\":\"https:\\\/\\\/www.strassenweb.de\\\/nachrichten\\\/wp-content\\\/uploads\\\/2024\\\/09\\\/Ab-diesem-Montag-ignoriert-Deutschland-die-Kritik-und-fuehrt-Kontrollen.jpg\",\"keywords\":[\"allen\",\"Deutschland\",\"die\",\"diesem\",\"ein\",\"f\u00fchrt\",\"ignoriert\",\"Kontrollen\",\"Kritik\",\"Landgrenzen\",\"Migration\",\"Montag\",\"seinen\",\"stoppen\",\"und\"],\"articleSection\":[\"Aktuelle Nachrichten\"],\"inLanguage\":\"de\"},{\"@type\":\"WebPage\",\"@id\":\"https:\\\/\\\/www.strassenweb.de\\\/nachrichten\\\/ab-diesem-montag-ignoriert-deutschland-die-kritik-und-fuehrt-kontrollen-an-allen-seinen-landgrenzen-ein-um-die-migration-zu-stoppen\\\/\",\"url\":\"https:\\\/\\\/www.strassenweb.de\\\/nachrichten\\\/ab-diesem-montag-ignoriert-deutschland-die-kritik-und-fuehrt-kontrollen-an-allen-seinen-landgrenzen-ein-um-die-migration-zu-stoppen\\\/\",\"name\":\"Ab diesem Montag ignoriert Deutschland die Kritik und f\u00fchrt Kontrollen an allen seinen Landgrenzen ein, um die Migration zu stoppen - Nachrichten - Stra\u00dfenweb\",\"isPartOf\":{\"@id\":\"https:\\\/\\\/www.strassenweb.de\\\/nachrichten\\\/#website\"},\"primaryImageOfPage\":{\"@id\":\"https:\\\/\\\/www.strassenweb.de\\\/nachrichten\\\/ab-diesem-montag-ignoriert-deutschland-die-kritik-und-fuehrt-kontrollen-an-allen-seinen-landgrenzen-ein-um-die-migration-zu-stoppen\\\/#primaryimage\"},\"image\":{\"@id\":\"https:\\\/\\\/www.strassenweb.de\\\/nachrichten\\\/ab-diesem-montag-ignoriert-deutschland-die-kritik-und-fuehrt-kontrollen-an-allen-seinen-landgrenzen-ein-um-die-migration-zu-stoppen\\\/#primaryimage\"},\"thumbnailUrl\":\"https:\\\/\\\/www.strassenweb.de\\\/nachrichten\\\/wp-content\\\/uploads\\\/2024\\\/09\\\/Ab-diesem-Montag-ignoriert-Deutschland-die-Kritik-und-fuehrt-Kontrollen.jpg\",\"datePublished\":\"2024-09-23T08:56:39+00:00\",\"dateModified\":\"2024-09-23T08:56:40+00:00\",\"breadcrumb\":{\"@id\":\"https:\\\/\\\/www.strassenweb.de\\\/nachrichten\\\/ab-diesem-montag-ignoriert-deutschland-die-kritik-und-fuehrt-kontrollen-an-allen-seinen-landgrenzen-ein-um-die-migration-zu-stoppen\\\/#breadcrumb\"},\"inLanguage\":\"de\",\"potentialAction\":[{\"@type\":\"ReadAction\",\"target\":[\"https:\\\/\\\/www.strassenweb.de\\\/nachrichten\\\/ab-diesem-montag-ignoriert-deutschland-die-kritik-und-fuehrt-kontrollen-an-allen-seinen-landgrenzen-ein-um-die-migration-zu-stoppen\\\/\"]}]},{\"@type\":\"ImageObject\",\"inLanguage\":\"de\",\"@id\":\"https:\\\/\\\/www.strassenweb.de\\\/nachrichten\\\/ab-diesem-montag-ignoriert-deutschland-die-kritik-und-fuehrt-kontrollen-an-allen-seinen-landgrenzen-ein-um-die-migration-zu-stoppen\\\/#primaryimage\",\"url\":\"https:\\\/\\\/www.strassenweb.de\\\/nachrichten\\\/wp-content\\\/uploads\\\/2024\\\/09\\\/Ab-diesem-Montag-ignoriert-Deutschland-die-Kritik-und-fuehrt-Kontrollen.jpg\",\"contentUrl\":\"https:\\\/\\\/www.strassenweb.de\\\/nachrichten\\\/wp-content\\\/uploads\\\/2024\\\/09\\\/Ab-diesem-Montag-ignoriert-Deutschland-die-Kritik-und-fuehrt-Kontrollen.jpg\",\"width\":1280,\"height\":720,\"caption\":\"Ab diesem Montag ignoriert Deutschland die Kritik und f\u00fchrt Kontrollen an allen seinen Landgrenzen ein, um die Migration zu stoppen\"},{\"@type\":\"BreadcrumbList\",\"@id\":\"https:\\\/\\\/www.strassenweb.de\\\/nachrichten\\\/ab-diesem-montag-ignoriert-deutschland-die-kritik-und-fuehrt-kontrollen-an-allen-seinen-landgrenzen-ein-um-die-migration-zu-stoppen\\\/#breadcrumb\",\"itemListElement\":[{\"@type\":\"ListItem\",\"position\":1,\"name\":\"Home\",\"item\":\"https:\\\/\\\/www.strassenweb.de\\\/nachrichten\\\/\"},{\"@type\":\"ListItem\",\"position\":2,\"name\":\"Ab diesem Montag ignoriert Deutschland die Kritik und f\u00fchrt Kontrollen an allen seinen Landgrenzen ein, um die Migration zu stoppen\"}]},{\"@type\":\"WebSite\",\"@id\":\"https:\\\/\\\/www.strassenweb.de\\\/nachrichten\\\/#website\",\"url\":\"https:\\\/\\\/www.strassenweb.de\\\/nachrichten\\\/\",\"name\":\"Stra\u00dfenweb\",\"description\":\"Stra\u00dfenverzeichnis f\u00fcr Deutschland\",\"publisher\":{\"@id\":\"https:\\\/\\\/www.strassenweb.de\\\/nachrichten\\\/#organization\"},\"potentialAction\":[{\"@type\":\"SearchAction\",\"target\":{\"@type\":\"EntryPoint\",\"urlTemplate\":\"https:\\\/\\\/www.strassenweb.de\\\/nachrichten\\\/?s={search_term_string}\"},\"query-input\":{\"@type\":\"PropertyValueSpecification\",\"valueRequired\":true,\"valueName\":\"search_term_string\"}}],\"inLanguage\":\"de\"},{\"@type\":\"Organization\",\"@id\":\"https:\\\/\\\/www.strassenweb.de\\\/nachrichten\\\/#organization\",\"name\":\"Stra\u00dfenweb\",\"url\":\"https:\\\/\\\/www.strassenweb.de\\\/nachrichten\\\/\",\"logo\":{\"@type\":\"ImageObject\",\"inLanguage\":\"de\",\"@id\":\"https:\\\/\\\/www.strassenweb.de\\\/nachrichten\\\/#\\\/schema\\\/logo\\\/image\\\/\",\"url\":\"https:\\\/\\\/www.strassenweb.de\\\/nachrichten\\\/wp-content\\\/uploads\\\/2024\\\/09\\\/cropped-favicon.png\",\"contentUrl\":\"https:\\\/\\\/www.strassenweb.de\\\/nachrichten\\\/wp-content\\\/uploads\\\/2024\\\/09\\\/cropped-favicon.png\",\"width\":512,\"height\":512,\"caption\":\"Stra\u00dfenweb\"},\"image\":{\"@id\":\"https:\\\/\\\/www.strassenweb.de\\\/nachrichten\\\/#\\\/schema\\\/logo\\\/image\\\/\"},\"sameAs\":[\"https:\\\/\\\/www.facebook.com\\\/strassenweb\\\/\"]},{\"@type\":\"Person\",\"@id\":\"https:\\\/\\\/www.strassenweb.de\\\/nachrichten\\\/#\\\/schema\\\/person\\\/87c9c9067f1211da429a744dc5a5aa41\",\"name\":\"Robert Hoffmann\",\"image\":{\"@type\":\"ImageObject\",\"inLanguage\":\"de\",\"@id\":\"https:\\\/\\\/www.strassenweb.de\\\/nachrichten\\\/wp-content\\\/uploads\\\/2024\\\/09\\\/strassenweb-150x150.jpg\",\"url\":\"https:\\\/\\\/www.strassenweb.de\\\/nachrichten\\\/wp-content\\\/uploads\\\/2024\\\/09\\\/strassenweb-150x150.jpg\",\"contentUrl\":\"https:\\\/\\\/www.strassenweb.de\\\/nachrichten\\\/wp-content\\\/uploads\\\/2024\\\/09\\\/strassenweb-150x150.jpg\",\"caption\":\"Robert Hoffmann\"},\"description\":\"Ich hei\u00dfe Robert Hoffmann und ich bin ein leidenschaftlicher Verfechter von \u00d6kologie und Biodiversit\u00e4t. Seit meiner Kindheit in den W\u00e4ldern Bayerns f\u00fchle ich mich mit der Natur verbunden und bin entschlossen, sie zu sch\u00fctzen. Heute widme ich mein Leben der Sensibilisierung anderer f\u00fcr die Bedeutung des Umweltschutzes f\u00fcr zuk\u00fcnftige Generationen.\",\"sameAs\":[\"https:\\\/\\\/www.strassenweb.de\\\/\"]}]}<\/script>\n<!-- \/ Yoast SEO plugin. -->","yoast_head_json":{"title":"Ab diesem Montag ignoriert Deutschland die Kritik und f\u00fchrt Kontrollen an allen seinen Landgrenzen ein, um die Migration zu stoppen - Nachrichten - Stra\u00dfenweb","robots":{"index":"index","follow":"follow","max-snippet":"max-snippet:-1","max-image-preview":"max-image-preview:large","max-video-preview":"max-video-preview:-1"},"canonical":"https:\/\/www.strassenweb.de\/nachrichten\/ab-diesem-montag-ignoriert-deutschland-die-kritik-und-fuehrt-kontrollen-an-allen-seinen-landgrenzen-ein-um-die-migration-zu-stoppen\/","og_locale":"de_DE","og_type":"article","og_title":"Ab diesem Montag ignoriert Deutschland die Kritik und f\u00fchrt Kontrollen an allen seinen Landgrenzen ein, um die Migration zu stoppen - Nachrichten - Stra\u00dfenweb","og_description":"Deutschland startet ab diesem Montag um Kontrolliere alle deine Landgrenzen die irregul\u00e4re Migration trotz der zu reduzieren Ablehnung aus den Nachbarl\u00e4ndern und unter den Vorw\u00fcrfen,","og_url":"https:\/\/www.strassenweb.de\/nachrichten\/ab-diesem-montag-ignoriert-deutschland-die-kritik-und-fuehrt-kontrollen-an-allen-seinen-landgrenzen-ein-um-die-migration-zu-stoppen\/","og_site_name":"Stra\u00dfenweb","article_publisher":"https:\/\/www.facebook.com\/strassenweb\/","article_published_time":"2024-09-23T08:56:39+00:00","article_modified_time":"2024-09-23T08:56:40+00:00","og_image":[{"width":1280,"height":720,"url":"https:\/\/www.strassenweb.de\/nachrichten\/wp-content\/uploads\/2024\/09\/Ab-diesem-Montag-ignoriert-Deutschland-die-Kritik-und-fuehrt-Kontrollen.jpg","type":"image\/jpeg"}],"author":"Robert Hoffmann","twitter_card":"summary_large_image","twitter_misc":{"Verfasst von":"Robert Hoffmann","Gesch\u00e4tzte Lesezeit":"3\u00a0Minuten"},"schema":{"@context":"https:\/\/schema.org","@graph":[{"@type":"Article","@id":"https:\/\/www.strassenweb.de\/nachrichten\/ab-diesem-montag-ignoriert-deutschland-die-kritik-und-fuehrt-kontrollen-an-allen-seinen-landgrenzen-ein-um-die-migration-zu-stoppen\/#article","isPartOf":{"@id":"https:\/\/www.strassenweb.de\/nachrichten\/ab-diesem-montag-ignoriert-deutschland-die-kritik-und-fuehrt-kontrollen-an-allen-seinen-landgrenzen-ein-um-die-migration-zu-stoppen\/"},"author":{"name":"Robert Hoffmann","@id":"https:\/\/www.strassenweb.de\/nachrichten\/#\/schema\/person\/87c9c9067f1211da429a744dc5a5aa41"},"headline":"Ab diesem Montag ignoriert Deutschland die Kritik und f\u00fchrt Kontrollen an allen seinen Landgrenzen ein, um die Migration zu stoppen","datePublished":"2024-09-23T08:56:39+00:00","dateModified":"2024-09-23T08:56:40+00:00","mainEntityOfPage":{"@id":"https:\/\/www.strassenweb.de\/nachrichten\/ab-diesem-montag-ignoriert-deutschland-die-kritik-und-fuehrt-kontrollen-an-allen-seinen-landgrenzen-ein-um-die-migration-zu-stoppen\/"},"wordCount":624,"publisher":{"@id":"https:\/\/www.strassenweb.de\/nachrichten\/#organization"},"image":{"@id":"https:\/\/www.strassenweb.de\/nachrichten\/ab-diesem-montag-ignoriert-deutschland-die-kritik-und-fuehrt-kontrollen-an-allen-seinen-landgrenzen-ein-um-die-migration-zu-stoppen\/#primaryimage"},"thumbnailUrl":"https:\/\/www.strassenweb.de\/nachrichten\/wp-content\/uploads\/2024\/09\/Ab-diesem-Montag-ignoriert-Deutschland-die-Kritik-und-fuehrt-Kontrollen.jpg","keywords":["allen","Deutschland","die","diesem","ein","f\u00fchrt","ignoriert","Kontrollen","Kritik","Landgrenzen","Migration","Montag","seinen","stoppen","und"],"articleSection":["Aktuelle Nachrichten"],"inLanguage":"de"},{"@type":"WebPage","@id":"https:\/\/www.strassenweb.de\/nachrichten\/ab-diesem-montag-ignoriert-deutschland-die-kritik-und-fuehrt-kontrollen-an-allen-seinen-landgrenzen-ein-um-die-migration-zu-stoppen\/","url":"https:\/\/www.strassenweb.de\/nachrichten\/ab-diesem-montag-ignoriert-deutschland-die-kritik-und-fuehrt-kontrollen-an-allen-seinen-landgrenzen-ein-um-die-migration-zu-stoppen\/","name":"Ab diesem Montag ignoriert Deutschland die Kritik und f\u00fchrt Kontrollen an allen seinen Landgrenzen ein, um die Migration zu stoppen - Nachrichten - Stra\u00dfenweb","isPartOf":{"@id":"https:\/\/www.strassenweb.de\/nachrichten\/#website"},"primaryImageOfPage":{"@id":"https:\/\/www.strassenweb.de\/nachrichten\/ab-diesem-montag-ignoriert-deutschland-die-kritik-und-fuehrt-kontrollen-an-allen-seinen-landgrenzen-ein-um-die-migration-zu-stoppen\/#primaryimage"},"image":{"@id":"https:\/\/www.strassenweb.de\/nachrichten\/ab-diesem-montag-ignoriert-deutschland-die-kritik-und-fuehrt-kontrollen-an-allen-seinen-landgrenzen-ein-um-die-migration-zu-stoppen\/#primaryimage"},"thumbnailUrl":"https:\/\/www.strassenweb.de\/nachrichten\/wp-content\/uploads\/2024\/09\/Ab-diesem-Montag-ignoriert-Deutschland-die-Kritik-und-fuehrt-Kontrollen.jpg","datePublished":"2024-09-23T08:56:39+00:00","dateModified":"2024-09-23T08:56:40+00:00","breadcrumb":{"@id":"https:\/\/www.strassenweb.de\/nachrichten\/ab-diesem-montag-ignoriert-deutschland-die-kritik-und-fuehrt-kontrollen-an-allen-seinen-landgrenzen-ein-um-die-migration-zu-stoppen\/#breadcrumb"},"inLanguage":"de","potentialAction":[{"@type":"ReadAction","target":["https:\/\/www.strassenweb.de\/nachrichten\/ab-diesem-montag-ignoriert-deutschland-die-kritik-und-fuehrt-kontrollen-an-allen-seinen-landgrenzen-ein-um-die-migration-zu-stoppen\/"]}]},{"@type":"ImageObject","inLanguage":"de","@id":"https:\/\/www.strassenweb.de\/nachrichten\/ab-diesem-montag-ignoriert-deutschland-die-kritik-und-fuehrt-kontrollen-an-allen-seinen-landgrenzen-ein-um-die-migration-zu-stoppen\/#primaryimage","url":"https:\/\/www.strassenweb.de\/nachrichten\/wp-content\/uploads\/2024\/09\/Ab-diesem-Montag-ignoriert-Deutschland-die-Kritik-und-fuehrt-Kontrollen.jpg","contentUrl":"https:\/\/www.strassenweb.de\/nachrichten\/wp-content\/uploads\/2024\/09\/Ab-diesem-Montag-ignoriert-Deutschland-die-Kritik-und-fuehrt-Kontrollen.jpg","width":1280,"height":720,"caption":"Ab diesem Montag ignoriert Deutschland die Kritik und f\u00fchrt Kontrollen an allen seinen Landgrenzen ein, um die Migration zu stoppen"},{"@type":"BreadcrumbList","@id":"https:\/\/www.strassenweb.de\/nachrichten\/ab-diesem-montag-ignoriert-deutschland-die-kritik-und-fuehrt-kontrollen-an-allen-seinen-landgrenzen-ein-um-die-migration-zu-stoppen\/#breadcrumb","itemListElement":[{"@type":"ListItem","position":1,"name":"Home","item":"https:\/\/www.strassenweb.de\/nachrichten\/"},{"@type":"ListItem","position":2,"name":"Ab diesem Montag ignoriert Deutschland die Kritik und f\u00fchrt Kontrollen an allen seinen Landgrenzen ein, um die Migration zu stoppen"}]},{"@type":"WebSite","@id":"https:\/\/www.strassenweb.de\/nachrichten\/#website","url":"https:\/\/www.strassenweb.de\/nachrichten\/","name":"Stra\u00dfenweb","description":"Stra\u00dfenverzeichnis f\u00fcr Deutschland","publisher":{"@id":"https:\/\/www.strassenweb.de\/nachrichten\/#organization"},"potentialAction":[{"@type":"SearchAction","target":{"@type":"EntryPoint","urlTemplate":"https:\/\/www.strassenweb.de\/nachrichten\/?s={search_term_string}"},"query-input":{"@type":"PropertyValueSpecification","valueRequired":true,"valueName":"search_term_string"}}],"inLanguage":"de"},{"@type":"Organization","@id":"https:\/\/www.strassenweb.de\/nachrichten\/#organization","name":"Stra\u00dfenweb","url":"https:\/\/www.strassenweb.de\/nachrichten\/","logo":{"@type":"ImageObject","inLanguage":"de","@id":"https:\/\/www.strassenweb.de\/nachrichten\/#\/schema\/logo\/image\/","url":"https:\/\/www.strassenweb.de\/nachrichten\/wp-content\/uploads\/2024\/09\/cropped-favicon.png","contentUrl":"https:\/\/www.strassenweb.de\/nachrichten\/wp-content\/uploads\/2024\/09\/cropped-favicon.png","width":512,"height":512,"caption":"Stra\u00dfenweb"},"image":{"@id":"https:\/\/www.strassenweb.de\/nachrichten\/#\/schema\/logo\/image\/"},"sameAs":["https:\/\/www.facebook.com\/strassenweb\/"]},{"@type":"Person","@id":"https:\/\/www.strassenweb.de\/nachrichten\/#\/schema\/person\/87c9c9067f1211da429a744dc5a5aa41","name":"Robert Hoffmann","image":{"@type":"ImageObject","inLanguage":"de","@id":"https:\/\/www.strassenweb.de\/nachrichten\/wp-content\/uploads\/2024\/09\/strassenweb-150x150.jpg","url":"https:\/\/www.strassenweb.de\/nachrichten\/wp-content\/uploads\/2024\/09\/strassenweb-150x150.jpg","contentUrl":"https:\/\/www.strassenweb.de\/nachrichten\/wp-content\/uploads\/2024\/09\/strassenweb-150x150.jpg","caption":"Robert Hoffmann"},"description":"Ich hei\u00dfe Robert Hoffmann und ich bin ein leidenschaftlicher Verfechter von \u00d6kologie und Biodiversit\u00e4t. Seit meiner Kindheit in den W\u00e4ldern Bayerns f\u00fchle ich mich mit der Natur verbunden und bin entschlossen, sie zu sch\u00fctzen. Heute widme ich mein Leben der Sensibilisierung anderer f\u00fcr die Bedeutung des Umweltschutzes f\u00fcr zuk\u00fcnftige Generationen.","sameAs":["https:\/\/www.strassenweb.de\/"]}]}},"_links":{"self":[{"href":"https:\/\/www.strassenweb.de\/nachrichten\/wp-json\/wp\/v2\/posts\/49","targetHints":{"allow":["GET"]}}],"collection":[{"href":"https:\/\/www.strassenweb.de\/nachrichten\/wp-json\/wp\/v2\/posts"}],"about":[{"href":"https:\/\/www.strassenweb.de\/nachrichten\/wp-json\/wp\/v2\/types\/post"}],"author":[{"embeddable":true,"href":"https:\/\/www.strassenweb.de\/nachrichten\/wp-json\/wp\/v2\/users\/1"}],"replies":[{"embeddable":true,"href":"https:\/\/www.strassenweb.de\/nachrichten\/wp-json\/wp\/v2\/comments?post=49"}],"version-history":[{"count":0,"href":"https:\/\/www.strassenweb.de\/nachrichten\/wp-json\/wp\/v2\/posts\/49\/revisions"}],"wp:featuredmedia":[{"embeddable":true,"href":"https:\/\/www.strassenweb.de\/nachrichten\/wp-json\/wp\/v2\/media\/50"}],"wp:attachment":[{"href":"https:\/\/www.strassenweb.de\/nachrichten\/wp-json\/wp\/v2\/media?parent=49"}],"wp:term":[{"taxonomy":"category","embeddable":true,"href":"https:\/\/www.strassenweb.de\/nachrichten\/wp-json\/wp\/v2\/categories?post=49"},{"taxonomy":"post_tag","embeddable":true,"href":"https:\/\/www.strassenweb.de\/nachrichten\/wp-json\/wp\/v2\/tags?post=49"}],"curies":[{"name":"wp","href":"https:\/\/api.w.org\/{rel}","templated":true}]}}