{"id":4896,"date":"2025-05-07T03:44:59","date_gmt":"2025-05-07T01:44:59","guid":{"rendered":"https:\/\/www.strassenweb.de\/nachrichten\/anne-hathaways-met-gala-outfit-von-anne-hathaway-ist-der-grund-warum-jeder-zu-hause-mit-diesem-mustertrend-dekorieren-wird-und-ich-gehe-davon-aus-dass-es-2026-eine-wiederbelebung-haben-wird\/"},"modified":"2025-05-07T03:44:59","modified_gmt":"2025-05-07T01:44:59","slug":"anne-hathaways-met-gala-outfit-von-anne-hathaway-ist-der-grund-warum-jeder-zu-hause-mit-diesem-mustertrend-dekorieren-wird-und-ich-gehe-davon-aus-dass-es-2026-eine-wiederbelebung-haben-wird","status":"publish","type":"post","link":"https:\/\/www.strassenweb.de\/nachrichten\/anne-hathaways-met-gala-outfit-von-anne-hathaway-ist-der-grund-warum-jeder-zu-hause-mit-diesem-mustertrend-dekorieren-wird-und-ich-gehe-davon-aus-dass-es-2026-eine-wiederbelebung-haben-wird\/","title":{"rendered":"Anne Hathaways Met Gala -Outfit von Anne Hathaway ist der Grund, warum jeder zu Hause mit diesem Mustertrend dekorieren wird, und ich gehe davon aus, dass es 2026 eine Wiederbelebung haben wird"},"content":{"rendered":"<p><\/p>\n<div id=\"article-body\" class=\"article__body \">\n<p>Die Met Gala 2025 war lebendig mit aufregenden Modetrends, die sich in die Schemata -Designer f\u00fcr die besten H\u00e4user der Welt schaffen.<\/p>\n<div id=\"ad-unit-1\" class=\"ad-unit\"><\/div>\n<p>Ein solcher Innenarchitekturstrend, der von der Schauspielerin Anne Hathaway wundersch\u00f6n pr\u00e4sentiert wurde, ist mit Streifen dekoriert.<\/p>\n<p>Der klassische Stripe hat momentan nie wirklich aus der Mode, und es geht weniger um das Ticken des Landes und vieles mehr darum, Pers\u00f6nlichkeit hinzuzuf\u00fcgen. Es wird als Must-Have-Trend f\u00fcr 2026 angek\u00fcndigt, der seine mit Spannung erwartete Wiederbelebung signalisiert.<\/p>\n<div id=\"desktop-in-article\" class=\"in-article ad-unit\">\n<div id=\"desktop-taboola-mid-article\"><\/div>\n<\/div>\n<div id=\"mobile-in-article\" class=\"in-article ad-unit\">\n<div id=\"mobile-taboola-mid-article\"><\/div>\n<\/div>\n<figure class=\"van-image-figure inline-layout \" data-bordeaux-image-check>\n<div class=\"image-full-width-wrapper\">\n<div class=\"image-widthsetter\" style=\"max-width:2000px;\"><\/div>\n<\/div>\n<\/figure>\n<p>&#8222;Streifen bringen Ordnung und Struktur in einen Raum und k\u00f6nnen das Auge umleiten&#8220;, sagt Roselind Wilson, Gr\u00fcnder von Roselind Wilson Design.<\/p>\n<div class=\"van_vid_carousel\">\n<div class=\"van_vid_carousel__padding\">\n<div class=\"van_vid_carousel__container\"><\/div>\n<\/div>\n<\/div>\n<p>&#8218;Wenn sie in ein inneres Schema aufgenommen werden, injizieren sie eine Dosis von zur\u00fcckhaltenden Eleganz und Raffinesse. Ich bin von Layering bei der Gestaltung eines Innenraumschemas angezogen, und das Einbau von Streifen in das Design bietet die perfekte Struktur, die mit anderen Designs, Mustern und Farben kontrastiert werden kann. &#8218;<\/p>\n<div id=\"ad-unit-2\" class=\"ad-unit\"><\/div>\n<figure class=\"van-image-figure inline-layout \" data-bordeaux-image-check>\n<div class=\"image-full-width-wrapper\">\n<div class=\"image-widthsetter\" style=\"max-width:2000px;\"><\/div>\n<\/div>\n<\/figure>\n<p>Die Vorteile von Streifen sind endlos. Streifen neigen dazu, die Illusion des Raums zu erzeugen: Vertikale Streifen lassen die Decken h\u00f6her und horizontale R\u00e4ume sind breiter erscheinen, sodass sie in R\u00e4umen, die ziemlich kompakt sind, perfekt sind.<\/p>\n<aside data-block-type=\"embed\" data-render-type=\"fte\" data-skip=\"dealsy\" data-widget-type=\"seasonal\" class=\"hawk-base\"><\/aside>\n<p>&#8222;In kleinen Schlafzimmern verwende ich gerne eine Kombination aus vertikalen und horizontalen Streifen, um den Raum zu verl\u00e4ngern&#8220;, erkl\u00e4rt Roselind Wilson. Umgekehrt betont die Verwendung vertikaler Streifen in einem bereits gro\u00dfen Raum die Deckenh\u00f6he und die expansive Natur des Raums. &#8218;<\/p>\n<div id=\"slice-container-newsletterForm-articleInbodyContent-4D2oyBjq46DmjFgF8zD9xN\" class=\"slice-container newsletter-inbodyContent-slice newsletterForm-articleInbodyContent-4D2oyBjq46DmjFgF8zD9xN slice-container-newsletterForm\"><\/div>\n<p>Um zu verhindern, dass die Streifen den Raum \u00fcberw\u00e4ltigen, w\u00e4hlen Sie Ihre Farbpalette und f\u00fcgen Sie dann Muster und Akzente dieser Farbpalette in dunkleren und leichteren Farbt\u00f6nen hinzu.<\/p>\n<p>Wenn Sie sich z\u00f6gern, mit Mustern wie Streifen zu dekorieren, beginnen Sie vielleicht mit einem kleinen Raum oder einem Eckraum in Ihrem Haus. Oder verwenden Sie als Einf\u00fchrung in die Verwendung von Grafikmustern in Ihrem Innenschema ein dekoratives Element, z. B. eine gestreifte Vase oder eine gestreifte Wurfkissen als Ausgangspunkt.<\/p>\n<h3 class=\"article-body__section\" id=\"section-shop-the-stripe-edit\"><span>Kaufen Sie die Streifenbearbeitung ein<\/span><\/h3>\n<p>Mit unendlichen Farben und Konfigurationen gibt es einen Streifen, um einen beliebigen Raum zu verwandeln &#8211; unabh\u00e4ngig davon, ob Sie einen auff\u00e4lligen Schwerpunkt oder einen subtilen Hintergrund w\u00fcnschen.<\/p>\n<div class=\"product-container hero-product-container product-block-no-wrap\"><\/div>\n<p>Haben Sie schlie\u00dflich keine Angst davor, eine Kombination aus horizontalen und vertikalen Streifen in verschiedenen Farben zu verwenden, um eine mutige, aber verspielte Wendung hinzuzuf\u00fcgen. Erw\u00e4gen Sie auch, verschiedene Oberfl\u00e4chen f\u00fcr die Streifen zu kombinieren, wie Satin und Glanz f\u00fcr ein knackiges, zeitgem\u00e4\u00dfes Aussehen.<\/p>\n<\/div>\n","protected":false},"excerpt":{"rendered":"<p>Die Met Gala 2025 war lebendig mit aufregenden Modetrends, die sich in die Schemata -Designer f\u00fcr die besten H\u00e4user der Welt schaffen. Ein solcher Innenarchitekturstrend,<\/p>\n","protected":false},"author":1,"featured_media":4897,"comment_status":"closed","ping_status":"","sticky":false,"template":"","format":"standard","meta":{"footnotes":""},"categories":[118],"tags":[1459,287,51,2630,1126,81,32,74,7150,2629,458,469,1460,3169,1132,129,15,2162,7149,146,5003,7151,37,21,744,5905,71],"class_list":["post-4896","post","type-post","status-publish","format-standard","has-post-thumbnail","hentry","category-haus-garten","tag-anne","tag-aus","tag-dass","tag-davon","tag-dekorieren","tag-der","tag-diesem","tag-eine","tag-gala","tag-gehe","tag-grund","tag-haben","tag-hathaway","tag-hathaways","tag-hause","tag-ich","tag-ist","tag-jeder","tag-met","tag-mit","tag-mustertrend","tag-outfit","tag-und","tag-von","tag-warum","tag-wiederbelebung","tag-wird","generate-columns","tablet-grid-50","mobile-grid-100","grid-parent","grid-50"],"yoast_head":"<!-- This site is optimized with the Yoast SEO plugin v27.3 - https:\/\/yoast.com\/product\/yoast-seo-wordpress\/ -->\n<title>Anne Hathaways Met Gala -Outfit von Anne Hathaway ist der Grund, warum jeder zu Hause mit diesem Mustertrend dekorieren wird, und ich gehe davon aus, dass es 2026 eine Wiederbelebung haben wird - Nachrichten - Stra\u00dfenweb<\/title>\n<meta name=\"robots\" content=\"index, follow, max-snippet:-1, max-image-preview:large, max-video-preview:-1\" \/>\n<link rel=\"canonical\" href=\"https:\/\/www.strassenweb.de\/nachrichten\/anne-hathaways-met-gala-outfit-von-anne-hathaway-ist-der-grund-warum-jeder-zu-hause-mit-diesem-mustertrend-dekorieren-wird-und-ich-gehe-davon-aus-dass-es-2026-eine-wiederbelebung-haben-wird\/\" \/>\n<meta property=\"og:locale\" content=\"de_DE\" \/>\n<meta property=\"og:type\" content=\"article\" \/>\n<meta property=\"og:title\" content=\"Anne Hathaways Met Gala -Outfit von Anne Hathaway ist der Grund, warum jeder zu Hause mit diesem Mustertrend dekorieren wird, und ich gehe davon aus, dass es 2026 eine Wiederbelebung haben wird - Nachrichten - Stra\u00dfenweb\" \/>\n<meta property=\"og:description\" content=\"Die Met Gala 2025 war lebendig mit aufregenden Modetrends, die sich in die Schemata -Designer f\u00fcr die besten H\u00e4user der Welt schaffen. Ein solcher Innenarchitekturstrend,\" \/>\n<meta property=\"og:url\" content=\"https:\/\/www.strassenweb.de\/nachrichten\/anne-hathaways-met-gala-outfit-von-anne-hathaway-ist-der-grund-warum-jeder-zu-hause-mit-diesem-mustertrend-dekorieren-wird-und-ich-gehe-davon-aus-dass-es-2026-eine-wiederbelebung-haben-wird\/\" \/>\n<meta property=\"og:site_name\" content=\"Stra\u00dfenweb\" \/>\n<meta property=\"article:publisher\" content=\"https:\/\/www.facebook.com\/strassenweb\/\" \/>\n<meta property=\"article:published_time\" content=\"2025-05-07T01:44:59+00:00\" \/>\n<meta property=\"og:image\" content=\"https:\/\/www.strassenweb.de\/nachrichten\/wp-content\/uploads\/2024\/11\/agc7sp7A733QBRkmYXrbt6.jpg\" \/>\n\t<meta property=\"og:image:width\" content=\"1\" \/>\n\t<meta property=\"og:image:height\" content=\"1\" \/>\n\t<meta property=\"og:image:type\" content=\"image\/jpeg\" \/>\n<meta name=\"author\" content=\"Robert Hoffmann\" \/>\n<meta name=\"twitter:card\" content=\"summary_large_image\" \/>\n<meta name=\"twitter:label1\" content=\"Verfasst von\" \/>\n\t<meta name=\"twitter:data1\" content=\"Robert Hoffmann\" \/>\n\t<meta name=\"twitter:label2\" content=\"Gesch\u00e4tzte Lesezeit\" \/>\n\t<meta name=\"twitter:data2\" content=\"2\u00a0Minuten\" \/>\n<script type=\"application\/ld+json\" class=\"yoast-schema-graph\">{\"@context\":\"https:\\\/\\\/schema.org\",\"@graph\":[{\"@type\":\"Article\",\"@id\":\"https:\\\/\\\/www.strassenweb.de\\\/nachrichten\\\/anne-hathaways-met-gala-outfit-von-anne-hathaway-ist-der-grund-warum-jeder-zu-hause-mit-diesem-mustertrend-dekorieren-wird-und-ich-gehe-davon-aus-dass-es-2026-eine-wiederbelebung-haben-wird\\\/#article\",\"isPartOf\":{\"@id\":\"https:\\\/\\\/www.strassenweb.de\\\/nachrichten\\\/anne-hathaways-met-gala-outfit-von-anne-hathaway-ist-der-grund-warum-jeder-zu-hause-mit-diesem-mustertrend-dekorieren-wird-und-ich-gehe-davon-aus-dass-es-2026-eine-wiederbelebung-haben-wird\\\/\"},\"author\":{\"name\":\"Robert Hoffmann\",\"@id\":\"https:\\\/\\\/www.strassenweb.de\\\/nachrichten\\\/#\\\/schema\\\/person\\\/87c9c9067f1211da429a744dc5a5aa41\"},\"headline\":\"Anne Hathaways Met Gala -Outfit von Anne Hathaway ist der Grund, warum jeder zu Hause mit diesem Mustertrend dekorieren wird, und ich gehe davon aus, dass es 2026 eine Wiederbelebung haben wird\",\"datePublished\":\"2025-05-07T01:44:59+00:00\",\"mainEntityOfPage\":{\"@id\":\"https:\\\/\\\/www.strassenweb.de\\\/nachrichten\\\/anne-hathaways-met-gala-outfit-von-anne-hathaway-ist-der-grund-warum-jeder-zu-hause-mit-diesem-mustertrend-dekorieren-wird-und-ich-gehe-davon-aus-dass-es-2026-eine-wiederbelebung-haben-wird\\\/\"},\"wordCount\":442,\"publisher\":{\"@id\":\"https:\\\/\\\/www.strassenweb.de\\\/nachrichten\\\/#organization\"},\"image\":{\"@id\":\"https:\\\/\\\/www.strassenweb.de\\\/nachrichten\\\/anne-hathaways-met-gala-outfit-von-anne-hathaway-ist-der-grund-warum-jeder-zu-hause-mit-diesem-mustertrend-dekorieren-wird-und-ich-gehe-davon-aus-dass-es-2026-eine-wiederbelebung-haben-wird\\\/#primaryimage\"},\"thumbnailUrl\":\"https:\\\/\\\/www.strassenweb.de\\\/nachrichten\\\/wp-content\\\/uploads\\\/2024\\\/11\\\/agc7sp7A733QBRkmYXrbt6.jpg\",\"keywords\":[\"Anne\",\"aus\",\"dass\",\"davon\",\"dekorieren\",\"der\",\"diesem\",\"eine\",\"Gala\",\"gehe\",\"Grund\",\"haben\",\"Hathaway\",\"Hathaways\",\"Hause\",\"ich\",\"ist\",\"jeder\",\"Met\",\"mit\",\"MusterTrend\",\"Outfit\",\"und\",\"von\",\"warum\",\"Wiederbelebung\",\"wird\"],\"articleSection\":[\"Haus &amp; Garten\"],\"inLanguage\":\"de\"},{\"@type\":\"WebPage\",\"@id\":\"https:\\\/\\\/www.strassenweb.de\\\/nachrichten\\\/anne-hathaways-met-gala-outfit-von-anne-hathaway-ist-der-grund-warum-jeder-zu-hause-mit-diesem-mustertrend-dekorieren-wird-und-ich-gehe-davon-aus-dass-es-2026-eine-wiederbelebung-haben-wird\\\/\",\"url\":\"https:\\\/\\\/www.strassenweb.de\\\/nachrichten\\\/anne-hathaways-met-gala-outfit-von-anne-hathaway-ist-der-grund-warum-jeder-zu-hause-mit-diesem-mustertrend-dekorieren-wird-und-ich-gehe-davon-aus-dass-es-2026-eine-wiederbelebung-haben-wird\\\/\",\"name\":\"Anne Hathaways Met Gala -Outfit von Anne Hathaway ist der Grund, warum jeder zu Hause mit diesem Mustertrend dekorieren wird, und ich gehe davon aus, dass es 2026 eine Wiederbelebung haben wird - Nachrichten - Stra\u00dfenweb\",\"isPartOf\":{\"@id\":\"https:\\\/\\\/www.strassenweb.de\\\/nachrichten\\\/#website\"},\"primaryImageOfPage\":{\"@id\":\"https:\\\/\\\/www.strassenweb.de\\\/nachrichten\\\/anne-hathaways-met-gala-outfit-von-anne-hathaway-ist-der-grund-warum-jeder-zu-hause-mit-diesem-mustertrend-dekorieren-wird-und-ich-gehe-davon-aus-dass-es-2026-eine-wiederbelebung-haben-wird\\\/#primaryimage\"},\"image\":{\"@id\":\"https:\\\/\\\/www.strassenweb.de\\\/nachrichten\\\/anne-hathaways-met-gala-outfit-von-anne-hathaway-ist-der-grund-warum-jeder-zu-hause-mit-diesem-mustertrend-dekorieren-wird-und-ich-gehe-davon-aus-dass-es-2026-eine-wiederbelebung-haben-wird\\\/#primaryimage\"},\"thumbnailUrl\":\"https:\\\/\\\/www.strassenweb.de\\\/nachrichten\\\/wp-content\\\/uploads\\\/2024\\\/11\\\/agc7sp7A733QBRkmYXrbt6.jpg\",\"datePublished\":\"2025-05-07T01:44:59+00:00\",\"breadcrumb\":{\"@id\":\"https:\\\/\\\/www.strassenweb.de\\\/nachrichten\\\/anne-hathaways-met-gala-outfit-von-anne-hathaway-ist-der-grund-warum-jeder-zu-hause-mit-diesem-mustertrend-dekorieren-wird-und-ich-gehe-davon-aus-dass-es-2026-eine-wiederbelebung-haben-wird\\\/#breadcrumb\"},\"inLanguage\":\"de\",\"potentialAction\":[{\"@type\":\"ReadAction\",\"target\":[\"https:\\\/\\\/www.strassenweb.de\\\/nachrichten\\\/anne-hathaways-met-gala-outfit-von-anne-hathaway-ist-der-grund-warum-jeder-zu-hause-mit-diesem-mustertrend-dekorieren-wird-und-ich-gehe-davon-aus-dass-es-2026-eine-wiederbelebung-haben-wird\\\/\"]}]},{\"@type\":\"ImageObject\",\"inLanguage\":\"de\",\"@id\":\"https:\\\/\\\/www.strassenweb.de\\\/nachrichten\\\/anne-hathaways-met-gala-outfit-von-anne-hathaway-ist-der-grund-warum-jeder-zu-hause-mit-diesem-mustertrend-dekorieren-wird-und-ich-gehe-davon-aus-dass-es-2026-eine-wiederbelebung-haben-wird\\\/#primaryimage\",\"url\":\"https:\\\/\\\/www.strassenweb.de\\\/nachrichten\\\/wp-content\\\/uploads\\\/2024\\\/11\\\/agc7sp7A733QBRkmYXrbt6.jpg\",\"contentUrl\":\"https:\\\/\\\/www.strassenweb.de\\\/nachrichten\\\/wp-content\\\/uploads\\\/2024\\\/11\\\/agc7sp7A733QBRkmYXrbt6.jpg\",\"caption\":\"Anne Hathaway\"},{\"@type\":\"BreadcrumbList\",\"@id\":\"https:\\\/\\\/www.strassenweb.de\\\/nachrichten\\\/anne-hathaways-met-gala-outfit-von-anne-hathaway-ist-der-grund-warum-jeder-zu-hause-mit-diesem-mustertrend-dekorieren-wird-und-ich-gehe-davon-aus-dass-es-2026-eine-wiederbelebung-haben-wird\\\/#breadcrumb\",\"itemListElement\":[{\"@type\":\"ListItem\",\"position\":1,\"name\":\"Home\",\"item\":\"https:\\\/\\\/www.strassenweb.de\\\/nachrichten\\\/\"},{\"@type\":\"ListItem\",\"position\":2,\"name\":\"Anne Hathaways Met Gala -Outfit von Anne Hathaway ist der Grund, warum jeder zu Hause mit diesem Mustertrend dekorieren wird, und ich gehe davon aus, dass es 2026 eine Wiederbelebung haben wird\"}]},{\"@type\":\"WebSite\",\"@id\":\"https:\\\/\\\/www.strassenweb.de\\\/nachrichten\\\/#website\",\"url\":\"https:\\\/\\\/www.strassenweb.de\\\/nachrichten\\\/\",\"name\":\"Stra\u00dfenweb\",\"description\":\"Stra\u00dfenverzeichnis f\u00fcr Deutschland\",\"publisher\":{\"@id\":\"https:\\\/\\\/www.strassenweb.de\\\/nachrichten\\\/#organization\"},\"potentialAction\":[{\"@type\":\"SearchAction\",\"target\":{\"@type\":\"EntryPoint\",\"urlTemplate\":\"https:\\\/\\\/www.strassenweb.de\\\/nachrichten\\\/?s={search_term_string}\"},\"query-input\":{\"@type\":\"PropertyValueSpecification\",\"valueRequired\":true,\"valueName\":\"search_term_string\"}}],\"inLanguage\":\"de\"},{\"@type\":\"Organization\",\"@id\":\"https:\\\/\\\/www.strassenweb.de\\\/nachrichten\\\/#organization\",\"name\":\"Stra\u00dfenweb\",\"url\":\"https:\\\/\\\/www.strassenweb.de\\\/nachrichten\\\/\",\"logo\":{\"@type\":\"ImageObject\",\"inLanguage\":\"de\",\"@id\":\"https:\\\/\\\/www.strassenweb.de\\\/nachrichten\\\/#\\\/schema\\\/logo\\\/image\\\/\",\"url\":\"https:\\\/\\\/www.strassenweb.de\\\/nachrichten\\\/wp-content\\\/uploads\\\/2024\\\/09\\\/cropped-favicon.png\",\"contentUrl\":\"https:\\\/\\\/www.strassenweb.de\\\/nachrichten\\\/wp-content\\\/uploads\\\/2024\\\/09\\\/cropped-favicon.png\",\"width\":512,\"height\":512,\"caption\":\"Stra\u00dfenweb\"},\"image\":{\"@id\":\"https:\\\/\\\/www.strassenweb.de\\\/nachrichten\\\/#\\\/schema\\\/logo\\\/image\\\/\"},\"sameAs\":[\"https:\\\/\\\/www.facebook.com\\\/strassenweb\\\/\"]},{\"@type\":\"Person\",\"@id\":\"https:\\\/\\\/www.strassenweb.de\\\/nachrichten\\\/#\\\/schema\\\/person\\\/87c9c9067f1211da429a744dc5a5aa41\",\"name\":\"Robert Hoffmann\",\"image\":{\"@type\":\"ImageObject\",\"inLanguage\":\"de\",\"@id\":\"https:\\\/\\\/www.strassenweb.de\\\/nachrichten\\\/wp-content\\\/uploads\\\/2024\\\/09\\\/strassenweb-150x150.jpg\",\"url\":\"https:\\\/\\\/www.strassenweb.de\\\/nachrichten\\\/wp-content\\\/uploads\\\/2024\\\/09\\\/strassenweb-150x150.jpg\",\"contentUrl\":\"https:\\\/\\\/www.strassenweb.de\\\/nachrichten\\\/wp-content\\\/uploads\\\/2024\\\/09\\\/strassenweb-150x150.jpg\",\"caption\":\"Robert Hoffmann\"},\"description\":\"Ich hei\u00dfe Robert Hoffmann und ich bin ein leidenschaftlicher Verfechter von \u00d6kologie und Biodiversit\u00e4t. Seit meiner Kindheit in den W\u00e4ldern Bayerns f\u00fchle ich mich mit der Natur verbunden und bin entschlossen, sie zu sch\u00fctzen. Heute widme ich mein Leben der Sensibilisierung anderer f\u00fcr die Bedeutung des Umweltschutzes f\u00fcr zuk\u00fcnftige Generationen.\",\"sameAs\":[\"https:\\\/\\\/www.strassenweb.de\\\/\"]}]}<\/script>\n<!-- \/ Yoast SEO plugin. -->","yoast_head_json":{"title":"Anne Hathaways Met Gala -Outfit von Anne Hathaway ist der Grund, warum jeder zu Hause mit diesem Mustertrend dekorieren wird, und ich gehe davon aus, dass es 2026 eine Wiederbelebung haben wird - Nachrichten - Stra\u00dfenweb","robots":{"index":"index","follow":"follow","max-snippet":"max-snippet:-1","max-image-preview":"max-image-preview:large","max-video-preview":"max-video-preview:-1"},"canonical":"https:\/\/www.strassenweb.de\/nachrichten\/anne-hathaways-met-gala-outfit-von-anne-hathaway-ist-der-grund-warum-jeder-zu-hause-mit-diesem-mustertrend-dekorieren-wird-und-ich-gehe-davon-aus-dass-es-2026-eine-wiederbelebung-haben-wird\/","og_locale":"de_DE","og_type":"article","og_title":"Anne Hathaways Met Gala -Outfit von Anne Hathaway ist der Grund, warum jeder zu Hause mit diesem Mustertrend dekorieren wird, und ich gehe davon aus, dass es 2026 eine Wiederbelebung haben wird - Nachrichten - Stra\u00dfenweb","og_description":"Die Met Gala 2025 war lebendig mit aufregenden Modetrends, die sich in die Schemata -Designer f\u00fcr die besten H\u00e4user der Welt schaffen. Ein solcher Innenarchitekturstrend,","og_url":"https:\/\/www.strassenweb.de\/nachrichten\/anne-hathaways-met-gala-outfit-von-anne-hathaway-ist-der-grund-warum-jeder-zu-hause-mit-diesem-mustertrend-dekorieren-wird-und-ich-gehe-davon-aus-dass-es-2026-eine-wiederbelebung-haben-wird\/","og_site_name":"Stra\u00dfenweb","article_publisher":"https:\/\/www.facebook.com\/strassenweb\/","article_published_time":"2025-05-07T01:44:59+00:00","og_image":[{"url":"https:\/\/www.strassenweb.de\/nachrichten\/wp-content\/uploads\/2024\/11\/agc7sp7A733QBRkmYXrbt6.jpg","width":1,"height":1,"type":"image\/jpeg"}],"author":"Robert Hoffmann","twitter_card":"summary_large_image","twitter_misc":{"Verfasst von":"Robert Hoffmann","Gesch\u00e4tzte Lesezeit":"2\u00a0Minuten"},"schema":{"@context":"https:\/\/schema.org","@graph":[{"@type":"Article","@id":"https:\/\/www.strassenweb.de\/nachrichten\/anne-hathaways-met-gala-outfit-von-anne-hathaway-ist-der-grund-warum-jeder-zu-hause-mit-diesem-mustertrend-dekorieren-wird-und-ich-gehe-davon-aus-dass-es-2026-eine-wiederbelebung-haben-wird\/#article","isPartOf":{"@id":"https:\/\/www.strassenweb.de\/nachrichten\/anne-hathaways-met-gala-outfit-von-anne-hathaway-ist-der-grund-warum-jeder-zu-hause-mit-diesem-mustertrend-dekorieren-wird-und-ich-gehe-davon-aus-dass-es-2026-eine-wiederbelebung-haben-wird\/"},"author":{"name":"Robert Hoffmann","@id":"https:\/\/www.strassenweb.de\/nachrichten\/#\/schema\/person\/87c9c9067f1211da429a744dc5a5aa41"},"headline":"Anne Hathaways Met Gala -Outfit von Anne Hathaway ist der Grund, warum jeder zu Hause mit diesem Mustertrend dekorieren wird, und ich gehe davon aus, dass es 2026 eine Wiederbelebung haben wird","datePublished":"2025-05-07T01:44:59+00:00","mainEntityOfPage":{"@id":"https:\/\/www.strassenweb.de\/nachrichten\/anne-hathaways-met-gala-outfit-von-anne-hathaway-ist-der-grund-warum-jeder-zu-hause-mit-diesem-mustertrend-dekorieren-wird-und-ich-gehe-davon-aus-dass-es-2026-eine-wiederbelebung-haben-wird\/"},"wordCount":442,"publisher":{"@id":"https:\/\/www.strassenweb.de\/nachrichten\/#organization"},"image":{"@id":"https:\/\/www.strassenweb.de\/nachrichten\/anne-hathaways-met-gala-outfit-von-anne-hathaway-ist-der-grund-warum-jeder-zu-hause-mit-diesem-mustertrend-dekorieren-wird-und-ich-gehe-davon-aus-dass-es-2026-eine-wiederbelebung-haben-wird\/#primaryimage"},"thumbnailUrl":"https:\/\/www.strassenweb.de\/nachrichten\/wp-content\/uploads\/2024\/11\/agc7sp7A733QBRkmYXrbt6.jpg","keywords":["Anne","aus","dass","davon","dekorieren","der","diesem","eine","Gala","gehe","Grund","haben","Hathaway","Hathaways","Hause","ich","ist","jeder","Met","mit","MusterTrend","Outfit","und","von","warum","Wiederbelebung","wird"],"articleSection":["Haus &amp; Garten"],"inLanguage":"de"},{"@type":"WebPage","@id":"https:\/\/www.strassenweb.de\/nachrichten\/anne-hathaways-met-gala-outfit-von-anne-hathaway-ist-der-grund-warum-jeder-zu-hause-mit-diesem-mustertrend-dekorieren-wird-und-ich-gehe-davon-aus-dass-es-2026-eine-wiederbelebung-haben-wird\/","url":"https:\/\/www.strassenweb.de\/nachrichten\/anne-hathaways-met-gala-outfit-von-anne-hathaway-ist-der-grund-warum-jeder-zu-hause-mit-diesem-mustertrend-dekorieren-wird-und-ich-gehe-davon-aus-dass-es-2026-eine-wiederbelebung-haben-wird\/","name":"Anne Hathaways Met Gala -Outfit von Anne Hathaway ist der Grund, warum jeder zu Hause mit diesem Mustertrend dekorieren wird, und ich gehe davon aus, dass es 2026 eine Wiederbelebung haben wird - Nachrichten - Stra\u00dfenweb","isPartOf":{"@id":"https:\/\/www.strassenweb.de\/nachrichten\/#website"},"primaryImageOfPage":{"@id":"https:\/\/www.strassenweb.de\/nachrichten\/anne-hathaways-met-gala-outfit-von-anne-hathaway-ist-der-grund-warum-jeder-zu-hause-mit-diesem-mustertrend-dekorieren-wird-und-ich-gehe-davon-aus-dass-es-2026-eine-wiederbelebung-haben-wird\/#primaryimage"},"image":{"@id":"https:\/\/www.strassenweb.de\/nachrichten\/anne-hathaways-met-gala-outfit-von-anne-hathaway-ist-der-grund-warum-jeder-zu-hause-mit-diesem-mustertrend-dekorieren-wird-und-ich-gehe-davon-aus-dass-es-2026-eine-wiederbelebung-haben-wird\/#primaryimage"},"thumbnailUrl":"https:\/\/www.strassenweb.de\/nachrichten\/wp-content\/uploads\/2024\/11\/agc7sp7A733QBRkmYXrbt6.jpg","datePublished":"2025-05-07T01:44:59+00:00","breadcrumb":{"@id":"https:\/\/www.strassenweb.de\/nachrichten\/anne-hathaways-met-gala-outfit-von-anne-hathaway-ist-der-grund-warum-jeder-zu-hause-mit-diesem-mustertrend-dekorieren-wird-und-ich-gehe-davon-aus-dass-es-2026-eine-wiederbelebung-haben-wird\/#breadcrumb"},"inLanguage":"de","potentialAction":[{"@type":"ReadAction","target":["https:\/\/www.strassenweb.de\/nachrichten\/anne-hathaways-met-gala-outfit-von-anne-hathaway-ist-der-grund-warum-jeder-zu-hause-mit-diesem-mustertrend-dekorieren-wird-und-ich-gehe-davon-aus-dass-es-2026-eine-wiederbelebung-haben-wird\/"]}]},{"@type":"ImageObject","inLanguage":"de","@id":"https:\/\/www.strassenweb.de\/nachrichten\/anne-hathaways-met-gala-outfit-von-anne-hathaway-ist-der-grund-warum-jeder-zu-hause-mit-diesem-mustertrend-dekorieren-wird-und-ich-gehe-davon-aus-dass-es-2026-eine-wiederbelebung-haben-wird\/#primaryimage","url":"https:\/\/www.strassenweb.de\/nachrichten\/wp-content\/uploads\/2024\/11\/agc7sp7A733QBRkmYXrbt6.jpg","contentUrl":"https:\/\/www.strassenweb.de\/nachrichten\/wp-content\/uploads\/2024\/11\/agc7sp7A733QBRkmYXrbt6.jpg","caption":"Anne Hathaway"},{"@type":"BreadcrumbList","@id":"https:\/\/www.strassenweb.de\/nachrichten\/anne-hathaways-met-gala-outfit-von-anne-hathaway-ist-der-grund-warum-jeder-zu-hause-mit-diesem-mustertrend-dekorieren-wird-und-ich-gehe-davon-aus-dass-es-2026-eine-wiederbelebung-haben-wird\/#breadcrumb","itemListElement":[{"@type":"ListItem","position":1,"name":"Home","item":"https:\/\/www.strassenweb.de\/nachrichten\/"},{"@type":"ListItem","position":2,"name":"Anne Hathaways Met Gala -Outfit von Anne Hathaway ist der Grund, warum jeder zu Hause mit diesem Mustertrend dekorieren wird, und ich gehe davon aus, dass es 2026 eine Wiederbelebung haben wird"}]},{"@type":"WebSite","@id":"https:\/\/www.strassenweb.de\/nachrichten\/#website","url":"https:\/\/www.strassenweb.de\/nachrichten\/","name":"Stra\u00dfenweb","description":"Stra\u00dfenverzeichnis f\u00fcr Deutschland","publisher":{"@id":"https:\/\/www.strassenweb.de\/nachrichten\/#organization"},"potentialAction":[{"@type":"SearchAction","target":{"@type":"EntryPoint","urlTemplate":"https:\/\/www.strassenweb.de\/nachrichten\/?s={search_term_string}"},"query-input":{"@type":"PropertyValueSpecification","valueRequired":true,"valueName":"search_term_string"}}],"inLanguage":"de"},{"@type":"Organization","@id":"https:\/\/www.strassenweb.de\/nachrichten\/#organization","name":"Stra\u00dfenweb","url":"https:\/\/www.strassenweb.de\/nachrichten\/","logo":{"@type":"ImageObject","inLanguage":"de","@id":"https:\/\/www.strassenweb.de\/nachrichten\/#\/schema\/logo\/image\/","url":"https:\/\/www.strassenweb.de\/nachrichten\/wp-content\/uploads\/2024\/09\/cropped-favicon.png","contentUrl":"https:\/\/www.strassenweb.de\/nachrichten\/wp-content\/uploads\/2024\/09\/cropped-favicon.png","width":512,"height":512,"caption":"Stra\u00dfenweb"},"image":{"@id":"https:\/\/www.strassenweb.de\/nachrichten\/#\/schema\/logo\/image\/"},"sameAs":["https:\/\/www.facebook.com\/strassenweb\/"]},{"@type":"Person","@id":"https:\/\/www.strassenweb.de\/nachrichten\/#\/schema\/person\/87c9c9067f1211da429a744dc5a5aa41","name":"Robert Hoffmann","image":{"@type":"ImageObject","inLanguage":"de","@id":"https:\/\/www.strassenweb.de\/nachrichten\/wp-content\/uploads\/2024\/09\/strassenweb-150x150.jpg","url":"https:\/\/www.strassenweb.de\/nachrichten\/wp-content\/uploads\/2024\/09\/strassenweb-150x150.jpg","contentUrl":"https:\/\/www.strassenweb.de\/nachrichten\/wp-content\/uploads\/2024\/09\/strassenweb-150x150.jpg","caption":"Robert Hoffmann"},"description":"Ich hei\u00dfe Robert Hoffmann und ich bin ein leidenschaftlicher Verfechter von \u00d6kologie und Biodiversit\u00e4t. Seit meiner Kindheit in den W\u00e4ldern Bayerns f\u00fchle ich mich mit der Natur verbunden und bin entschlossen, sie zu sch\u00fctzen. Heute widme ich mein Leben der Sensibilisierung anderer f\u00fcr die Bedeutung des Umweltschutzes f\u00fcr zuk\u00fcnftige Generationen.","sameAs":["https:\/\/www.strassenweb.de\/"]}]}},"_links":{"self":[{"href":"https:\/\/www.strassenweb.de\/nachrichten\/wp-json\/wp\/v2\/posts\/4896","targetHints":{"allow":["GET"]}}],"collection":[{"href":"https:\/\/www.strassenweb.de\/nachrichten\/wp-json\/wp\/v2\/posts"}],"about":[{"href":"https:\/\/www.strassenweb.de\/nachrichten\/wp-json\/wp\/v2\/types\/post"}],"author":[{"embeddable":true,"href":"https:\/\/www.strassenweb.de\/nachrichten\/wp-json\/wp\/v2\/users\/1"}],"replies":[{"embeddable":true,"href":"https:\/\/www.strassenweb.de\/nachrichten\/wp-json\/wp\/v2\/comments?post=4896"}],"version-history":[{"count":0,"href":"https:\/\/www.strassenweb.de\/nachrichten\/wp-json\/wp\/v2\/posts\/4896\/revisions"}],"wp:featuredmedia":[{"embeddable":true,"href":"https:\/\/www.strassenweb.de\/nachrichten\/wp-json\/wp\/v2\/media\/4897"}],"wp:attachment":[{"href":"https:\/\/www.strassenweb.de\/nachrichten\/wp-json\/wp\/v2\/media?parent=4896"}],"wp:term":[{"taxonomy":"category","embeddable":true,"href":"https:\/\/www.strassenweb.de\/nachrichten\/wp-json\/wp\/v2\/categories?post=4896"},{"taxonomy":"post_tag","embeddable":true,"href":"https:\/\/www.strassenweb.de\/nachrichten\/wp-json\/wp\/v2\/tags?post=4896"}],"curies":[{"name":"wp","href":"https:\/\/api.w.org\/{rel}","templated":true}]}}