{"id":4893,"date":"2025-05-06T23:41:08","date_gmt":"2025-05-06T21:41:08","guid":{"rendered":"https:\/\/www.strassenweb.de\/nachrichten\/der-elegante-anzug-farbtrend-lupita-nyongo-trug-die-met-gala-wird-2025-in-jedem-haus-sein-sagen-designer\/"},"modified":"2025-05-06T23:41:08","modified_gmt":"2025-05-06T21:41:08","slug":"der-elegante-anzug-farbtrend-lupita-nyongo-trug-die-met-gala-wird-2025-in-jedem-haus-sein-sagen-designer","status":"publish","type":"post","link":"https:\/\/www.strassenweb.de\/nachrichten\/der-elegante-anzug-farbtrend-lupita-nyongo-trug-die-met-gala-wird-2025-in-jedem-haus-sein-sagen-designer\/","title":{"rendered":"Der elegante Anzug -Farbtrend Lupita Nyong&#8217;o trug die Met -Gala wird 2025 in jedem Haus sein, sagen Designer"},"content":{"rendered":"<p><\/p>\n<div id=\"article-body\" class=\"article__body \">\n<p>Die Met Gala 2025 ist ein Highlight im Modekalender. Es ist eines der am meisten erwarteten Ereignisse des Jahres und auch eine gute Inspirationsquelle f\u00fcr unsere H\u00e4user.<\/p>\n<div id=\"ad-unit-1\" class=\"ad-unit\"><\/div>\n<p><em>Superfine: Anpassung des schwarzen Stils <\/em>war das Thema in diesem Jahr, das die Sch\u00f6nheit und M\u00e4nnlichkeit der Herrenmode betonte.<\/p>\n<aside data-block-type=\"embed\" data-render-type=\"fte\" data-skip=\"dealsy\" data-widget-type=\"seasonal\" class=\"hawk-base\"><\/aside>\n<p>Die Farbtrends waren besonders schillernd und eine Farbe, ein blasses Seafoam -Gr\u00fcn, wie von der Schauspielerin Lupita Nyong&#8217;o getragen, hat die Show gestohlen. Ich erwarte, dass es 2025 und dar\u00fcber hinaus in allen zu Hause zu sehen sein wird.<\/p>\n<div id=\"desktop-in-article\" class=\"in-article ad-unit\">\n<div id=\"desktop-taboola-mid-article\"><\/div>\n<\/div>\n<div id=\"mobile-in-article\" class=\"in-article ad-unit\">\n<div id=\"mobile-taboola-mid-article\"><\/div>\n<\/div>\n<p>Pale Seafoam Green, ein bet\u00f6render Farbton, der uns an w\u00e4rmere Gegenden erinnert, hat die F\u00e4higkeit, belebend und beruhigend zu sein. Blasse Seafoamgr\u00fcn ist ein Blaugr\u00fcn, der niemals kalt ist.<\/p>\n<div class=\"van_vid_carousel\">\n<div class=\"van_vid_carousel__padding\">\n<div class=\"van_vid_carousel__container\"><\/div>\n<\/div>\n<\/div>\n<p>Es ist eine Farbe, die jeder Oberfl\u00e4che ruhig und Gl\u00fcck bringt, um warme tropische Meere, Paradiesinseln und luxuri\u00f6se Infinity -Pools zu erf\u00fcllen. Mit seinen Assoziationen des Ebbe und dem Fluss eines sanft l\u00e4utenden Meeres f\u00f6rdert es ein Gef\u00fchl der Ruhe und Entspannung. Die alten \u00e4gyptischen, azteken und s\u00fcdamerikanischen Zivilisationen glaubten, dass diese Farbe ein Besch\u00fctzer und ein Gl\u00fccksbringer ist.<\/p>\n<div id=\"ad-unit-2\" class=\"ad-unit\"><\/div>\n<figure class=\"van-image-figure inline-layout \" data-bordeaux-image-check>\n<div class=\"image-full-width-wrapper\">\n<div class=\"image-widthsetter\" style=\"max-width:2000px;\"><\/div>\n<\/div>\n<\/figure>\n<p>Ein weiterer Grund f\u00fcr die Popularit\u00e4t dieses Schattens ist seine intrinsische Verbindung zur Natur. Leichte Seafoam -Gr\u00fcne wurden in diesem Jahr frisch, luftig und von der restaurativen Kraft der Natur durchdrungen.<\/p>\n<p>&#8222;Ich bin ein gro\u00dfer Verfechter der Farbe und liebe es, hellblaues Gr\u00fcn mit reichen roten und verbrannten Orangen zu kombinieren, um den perfekten Kontrast zu schaffen&#8220;, sagt Sarah Fortescue, Gr\u00fcnderin von Sarah Fortescue Design. &#8222;Es ist besonders in einem Raum in Richtung Norden geeignet, in dem Farbst\u00e4rke den Mangel an nat\u00fcrlichen Licht und Sonnenschein ersetzen kann.&#8220; Es ist eine ideale Fr\u00fchlings-Sommer-Farbe und das perfekte Gegenmittel gegen einen harten Winter.<\/p>\n<div id=\"slice-container-newsletterForm-articleInbodyContent-JHjdQtt3hfSbBKgBJTsvsg\" class=\"slice-container newsletter-inbodyContent-slice newsletterForm-articleInbodyContent-JHjdQtt3hfSbBKgBJTsvsg slice-container-newsletterForm\"><\/div>\n<figure class=\"van-image-figure inline-layout \" data-bordeaux-image-check>\n<div class=\"image-full-width-wrapper\">\n<div class=\"image-widthsetter\" style=\"max-width:3200px;\"><\/div>\n<\/div>\n<\/figure>\n<p>Tricia Guild, Gr\u00fcnderin und Kreativdirektorin der Designer Guild, verehrt die Dekoration mit K\u00fcstenfarbschemata wie Seafoam Green. Diese Farbe erinnert an endlose tropische Himmel und Ozeane und ist auch an einem grauen Tag voller Vitalit\u00e4t. Einige betrachten Blau als kalt (und es kann manchmal sein), aber dieser kraftvolle, druckvolle Schatten ist alles andere als; Vielmehr belebt es in seiner St\u00e4rke. Verwenden Sie es mit wei\u00dfem Einfachheit, machen Sie es mit dunkleren Farbt\u00f6nen dramatisch oder bringen Sie es mit Pastellt\u00f6nen in die Karibik. Es reagiert wundersch\u00f6n auf sonnenbeschienene Zimmer, sieht aber mit geringer Beleuchtung und Kerzenlicht ebenso atemberaubend aus. &#8218;<\/p>\n<p>Nat\u00fcrlich beruhigend, aber ebenso energisch und hoffnungsvoll, verspricht der Schatten, das Wohlbefinden nach au\u00dfen zu bringen.<\/p>\n<p>&#8222;Egal, ob wir arbeiten oder entspannen, schaffen oder trainieren, es ist wichtig, einen Raum zu haben, der den Optimismus und den Wunsch nach einem neuen Start widerspiegelt, der f\u00fcr das kommende Jahr auf dem neuesten Stand ist&#8220;, sagt Marianne Shillingford, Kreativdirektorin von Dulux.<\/p>\n<p>Dies ist eine garantierte Farbe, die mit vielen positiven Assoziationen gef\u00e4rbt ist. Es verk\u00f6rpert sowohl die rezessive Qualit\u00e4t eines Blaues als auch die beruhigende Qualit\u00e4t eines Gr\u00fcns, wodurch es sehr einfach ist, mit ihnen zu arbeiten. Ich w\u00fcrde geneigt sein zu sagen, dass es die w\u00fcnschenswerteste Farbe von 2025 sein wird.<\/p>\n<figure class=\"van-image-figure inline-layout \" data-bordeaux-image-check>\n<div class=\"image-full-width-wrapper\">\n<div class=\"image-widthsetter\" style=\"max-width:2000px;\"><\/div>\n<\/div>\n<\/figure>\n<h3 class=\"article-body__section\" id=\"section-shop-the-seafoam-green-edit\"><span>Kaufen Sie die SeaFoam Green Edit ein<\/span><\/h3>\n<p>Wenn Sie sich inspiriert f\u00fchlen, mit der Farbe des Augenblicks zu dekorieren, habe ich meine Lieblingsdekor und weiche M\u00f6bel bezogen, damit Sie den faszinierenden Blick nach Hause nachbilden k\u00f6nnen.<\/p>\n<div class=\"product-container hero-product-container product-block-no-wrap\"><\/div>\n<\/div>\n","protected":false},"excerpt":{"rendered":"<p>Die Met Gala 2025 ist ein Highlight im Modekalender. Es ist eines der am meisten erwarteten Ereignisse des Jahres und auch eine gute Inspirationsquelle f\u00fcr<\/p>\n","protected":false},"author":1,"featured_media":4894,"comment_status":"closed","ping_status":"","sticky":false,"template":"","format":"standard","meta":{"footnotes":""},"categories":[118],"tags":[7145,81,216,9,2839,2771,7150,125,963,7146,7149,7147,284,306,7148,71],"class_list":["post-4893","post","type-post","status-publish","format-standard","has-post-thumbnail","hentry","category-haus-garten","tag-anzug","tag-der","tag-designer","tag-die","tag-elegante","tag-farbtrend","tag-gala","tag-haus","tag-jedem","tag-lupita","tag-met","tag-nyongo","tag-sagen","tag-sein","tag-trug","tag-wird","generate-columns","tablet-grid-50","mobile-grid-100","grid-parent","grid-50"],"yoast_head":"<!-- This site is optimized with the Yoast SEO plugin v27.3 - https:\/\/yoast.com\/product\/yoast-seo-wordpress\/ -->\n<title>Der elegante Anzug -Farbtrend Lupita Nyong&#039;o trug die Met -Gala wird 2025 in jedem Haus sein, sagen Designer - Nachrichten - Stra\u00dfenweb<\/title>\n<meta name=\"robots\" content=\"index, follow, max-snippet:-1, max-image-preview:large, max-video-preview:-1\" \/>\n<link rel=\"canonical\" href=\"https:\/\/www.strassenweb.de\/nachrichten\/der-elegante-anzug-farbtrend-lupita-nyongo-trug-die-met-gala-wird-2025-in-jedem-haus-sein-sagen-designer\/\" \/>\n<meta property=\"og:locale\" content=\"de_DE\" \/>\n<meta property=\"og:type\" content=\"article\" \/>\n<meta property=\"og:title\" content=\"Der elegante Anzug -Farbtrend Lupita Nyong&#039;o trug die Met -Gala wird 2025 in jedem Haus sein, sagen Designer - Nachrichten - Stra\u00dfenweb\" \/>\n<meta property=\"og:description\" content=\"Die Met Gala 2025 ist ein Highlight im Modekalender. Es ist eines der am meisten erwarteten Ereignisse des Jahres und auch eine gute Inspirationsquelle f\u00fcr\" \/>\n<meta property=\"og:url\" content=\"https:\/\/www.strassenweb.de\/nachrichten\/der-elegante-anzug-farbtrend-lupita-nyongo-trug-die-met-gala-wird-2025-in-jedem-haus-sein-sagen-designer\/\" \/>\n<meta property=\"og:site_name\" content=\"Stra\u00dfenweb\" \/>\n<meta property=\"article:publisher\" content=\"https:\/\/www.facebook.com\/strassenweb\/\" \/>\n<meta property=\"article:published_time\" content=\"2025-05-06T21:41:08+00:00\" \/>\n<meta property=\"og:image\" content=\"https:\/\/www.strassenweb.de\/nachrichten\/wp-content\/uploads\/2025\/05\/y4gwiVTyfBzKRQrqPgCy7T.jpg\" \/>\n\t<meta property=\"og:image:width\" content=\"1600\" \/>\n\t<meta property=\"og:image:height\" content=\"900\" \/>\n\t<meta property=\"og:image:type\" content=\"image\/jpeg\" \/>\n<meta name=\"author\" content=\"Robert Hoffmann\" \/>\n<meta name=\"twitter:card\" content=\"summary_large_image\" \/>\n<meta name=\"twitter:label1\" content=\"Verfasst von\" \/>\n\t<meta name=\"twitter:data1\" content=\"Robert Hoffmann\" \/>\n\t<meta name=\"twitter:label2\" content=\"Gesch\u00e4tzte Lesezeit\" \/>\n\t<meta name=\"twitter:data2\" content=\"3\u00a0Minuten\" \/>\n<script type=\"application\/ld+json\" class=\"yoast-schema-graph\">{\"@context\":\"https:\\\/\\\/schema.org\",\"@graph\":[{\"@type\":\"Article\",\"@id\":\"https:\\\/\\\/www.strassenweb.de\\\/nachrichten\\\/der-elegante-anzug-farbtrend-lupita-nyongo-trug-die-met-gala-wird-2025-in-jedem-haus-sein-sagen-designer\\\/#article\",\"isPartOf\":{\"@id\":\"https:\\\/\\\/www.strassenweb.de\\\/nachrichten\\\/der-elegante-anzug-farbtrend-lupita-nyongo-trug-die-met-gala-wird-2025-in-jedem-haus-sein-sagen-designer\\\/\"},\"author\":{\"name\":\"Robert Hoffmann\",\"@id\":\"https:\\\/\\\/www.strassenweb.de\\\/nachrichten\\\/#\\\/schema\\\/person\\\/87c9c9067f1211da429a744dc5a5aa41\"},\"headline\":\"Der elegante Anzug -Farbtrend Lupita Nyong&#8217;o trug die Met -Gala wird 2025 in jedem Haus sein, sagen Designer\",\"datePublished\":\"2025-05-06T21:41:08+00:00\",\"mainEntityOfPage\":{\"@id\":\"https:\\\/\\\/www.strassenweb.de\\\/nachrichten\\\/der-elegante-anzug-farbtrend-lupita-nyongo-trug-die-met-gala-wird-2025-in-jedem-haus-sein-sagen-designer\\\/\"},\"wordCount\":583,\"publisher\":{\"@id\":\"https:\\\/\\\/www.strassenweb.de\\\/nachrichten\\\/#organization\"},\"image\":{\"@id\":\"https:\\\/\\\/www.strassenweb.de\\\/nachrichten\\\/der-elegante-anzug-farbtrend-lupita-nyongo-trug-die-met-gala-wird-2025-in-jedem-haus-sein-sagen-designer\\\/#primaryimage\"},\"thumbnailUrl\":\"https:\\\/\\\/www.strassenweb.de\\\/nachrichten\\\/wp-content\\\/uploads\\\/2025\\\/05\\\/y4gwiVTyfBzKRQrqPgCy7T.jpg\",\"keywords\":[\"Anzug\",\"der\",\"Designer\",\"die\",\"elegante\",\"Farbtrend\",\"Gala\",\"Haus\",\"jedem\",\"Lupita\",\"Met\",\"Nyongo\",\"sagen\",\"sein\",\"trug\",\"wird\"],\"articleSection\":[\"Haus &amp; Garten\"],\"inLanguage\":\"de\"},{\"@type\":\"WebPage\",\"@id\":\"https:\\\/\\\/www.strassenweb.de\\\/nachrichten\\\/der-elegante-anzug-farbtrend-lupita-nyongo-trug-die-met-gala-wird-2025-in-jedem-haus-sein-sagen-designer\\\/\",\"url\":\"https:\\\/\\\/www.strassenweb.de\\\/nachrichten\\\/der-elegante-anzug-farbtrend-lupita-nyongo-trug-die-met-gala-wird-2025-in-jedem-haus-sein-sagen-designer\\\/\",\"name\":\"Der elegante Anzug -Farbtrend Lupita Nyong'o trug die Met -Gala wird 2025 in jedem Haus sein, sagen Designer - Nachrichten - Stra\u00dfenweb\",\"isPartOf\":{\"@id\":\"https:\\\/\\\/www.strassenweb.de\\\/nachrichten\\\/#website\"},\"primaryImageOfPage\":{\"@id\":\"https:\\\/\\\/www.strassenweb.de\\\/nachrichten\\\/der-elegante-anzug-farbtrend-lupita-nyongo-trug-die-met-gala-wird-2025-in-jedem-haus-sein-sagen-designer\\\/#primaryimage\"},\"image\":{\"@id\":\"https:\\\/\\\/www.strassenweb.de\\\/nachrichten\\\/der-elegante-anzug-farbtrend-lupita-nyongo-trug-die-met-gala-wird-2025-in-jedem-haus-sein-sagen-designer\\\/#primaryimage\"},\"thumbnailUrl\":\"https:\\\/\\\/www.strassenweb.de\\\/nachrichten\\\/wp-content\\\/uploads\\\/2025\\\/05\\\/y4gwiVTyfBzKRQrqPgCy7T.jpg\",\"datePublished\":\"2025-05-06T21:41:08+00:00\",\"breadcrumb\":{\"@id\":\"https:\\\/\\\/www.strassenweb.de\\\/nachrichten\\\/der-elegante-anzug-farbtrend-lupita-nyongo-trug-die-met-gala-wird-2025-in-jedem-haus-sein-sagen-designer\\\/#breadcrumb\"},\"inLanguage\":\"de\",\"potentialAction\":[{\"@type\":\"ReadAction\",\"target\":[\"https:\\\/\\\/www.strassenweb.de\\\/nachrichten\\\/der-elegante-anzug-farbtrend-lupita-nyongo-trug-die-met-gala-wird-2025-in-jedem-haus-sein-sagen-designer\\\/\"]}]},{\"@type\":\"ImageObject\",\"inLanguage\":\"de\",\"@id\":\"https:\\\/\\\/www.strassenweb.de\\\/nachrichten\\\/der-elegante-anzug-farbtrend-lupita-nyongo-trug-die-met-gala-wird-2025-in-jedem-haus-sein-sagen-designer\\\/#primaryimage\",\"url\":\"https:\\\/\\\/www.strassenweb.de\\\/nachrichten\\\/wp-content\\\/uploads\\\/2025\\\/05\\\/y4gwiVTyfBzKRQrqPgCy7T.jpg\",\"contentUrl\":\"https:\\\/\\\/www.strassenweb.de\\\/nachrichten\\\/wp-content\\\/uploads\\\/2025\\\/05\\\/y4gwiVTyfBzKRQrqPgCy7T.jpg\",\"width\":1600,\"height\":900,\"caption\":\"Lupita Nyong&amp;#039;o\"},{\"@type\":\"BreadcrumbList\",\"@id\":\"https:\\\/\\\/www.strassenweb.de\\\/nachrichten\\\/der-elegante-anzug-farbtrend-lupita-nyongo-trug-die-met-gala-wird-2025-in-jedem-haus-sein-sagen-designer\\\/#breadcrumb\",\"itemListElement\":[{\"@type\":\"ListItem\",\"position\":1,\"name\":\"Home\",\"item\":\"https:\\\/\\\/www.strassenweb.de\\\/nachrichten\\\/\"},{\"@type\":\"ListItem\",\"position\":2,\"name\":\"Der elegante Anzug -Farbtrend Lupita Nyong&#8217;o trug die Met -Gala wird 2025 in jedem Haus sein, sagen Designer\"}]},{\"@type\":\"WebSite\",\"@id\":\"https:\\\/\\\/www.strassenweb.de\\\/nachrichten\\\/#website\",\"url\":\"https:\\\/\\\/www.strassenweb.de\\\/nachrichten\\\/\",\"name\":\"Stra\u00dfenweb\",\"description\":\"Stra\u00dfenverzeichnis f\u00fcr Deutschland\",\"publisher\":{\"@id\":\"https:\\\/\\\/www.strassenweb.de\\\/nachrichten\\\/#organization\"},\"potentialAction\":[{\"@type\":\"SearchAction\",\"target\":{\"@type\":\"EntryPoint\",\"urlTemplate\":\"https:\\\/\\\/www.strassenweb.de\\\/nachrichten\\\/?s={search_term_string}\"},\"query-input\":{\"@type\":\"PropertyValueSpecification\",\"valueRequired\":true,\"valueName\":\"search_term_string\"}}],\"inLanguage\":\"de\"},{\"@type\":\"Organization\",\"@id\":\"https:\\\/\\\/www.strassenweb.de\\\/nachrichten\\\/#organization\",\"name\":\"Stra\u00dfenweb\",\"url\":\"https:\\\/\\\/www.strassenweb.de\\\/nachrichten\\\/\",\"logo\":{\"@type\":\"ImageObject\",\"inLanguage\":\"de\",\"@id\":\"https:\\\/\\\/www.strassenweb.de\\\/nachrichten\\\/#\\\/schema\\\/logo\\\/image\\\/\",\"url\":\"https:\\\/\\\/www.strassenweb.de\\\/nachrichten\\\/wp-content\\\/uploads\\\/2024\\\/09\\\/cropped-favicon.png\",\"contentUrl\":\"https:\\\/\\\/www.strassenweb.de\\\/nachrichten\\\/wp-content\\\/uploads\\\/2024\\\/09\\\/cropped-favicon.png\",\"width\":512,\"height\":512,\"caption\":\"Stra\u00dfenweb\"},\"image\":{\"@id\":\"https:\\\/\\\/www.strassenweb.de\\\/nachrichten\\\/#\\\/schema\\\/logo\\\/image\\\/\"},\"sameAs\":[\"https:\\\/\\\/www.facebook.com\\\/strassenweb\\\/\"]},{\"@type\":\"Person\",\"@id\":\"https:\\\/\\\/www.strassenweb.de\\\/nachrichten\\\/#\\\/schema\\\/person\\\/87c9c9067f1211da429a744dc5a5aa41\",\"name\":\"Robert Hoffmann\",\"image\":{\"@type\":\"ImageObject\",\"inLanguage\":\"de\",\"@id\":\"https:\\\/\\\/www.strassenweb.de\\\/nachrichten\\\/wp-content\\\/uploads\\\/2024\\\/09\\\/strassenweb-150x150.jpg\",\"url\":\"https:\\\/\\\/www.strassenweb.de\\\/nachrichten\\\/wp-content\\\/uploads\\\/2024\\\/09\\\/strassenweb-150x150.jpg\",\"contentUrl\":\"https:\\\/\\\/www.strassenweb.de\\\/nachrichten\\\/wp-content\\\/uploads\\\/2024\\\/09\\\/strassenweb-150x150.jpg\",\"caption\":\"Robert Hoffmann\"},\"description\":\"Ich hei\u00dfe Robert Hoffmann und ich bin ein leidenschaftlicher Verfechter von \u00d6kologie und Biodiversit\u00e4t. Seit meiner Kindheit in den W\u00e4ldern Bayerns f\u00fchle ich mich mit der Natur verbunden und bin entschlossen, sie zu sch\u00fctzen. Heute widme ich mein Leben der Sensibilisierung anderer f\u00fcr die Bedeutung des Umweltschutzes f\u00fcr zuk\u00fcnftige Generationen.\",\"sameAs\":[\"https:\\\/\\\/www.strassenweb.de\\\/\"]}]}<\/script>\n<!-- \/ Yoast SEO plugin. -->","yoast_head_json":{"title":"Der elegante Anzug -Farbtrend Lupita Nyong'o trug die Met -Gala wird 2025 in jedem Haus sein, sagen Designer - Nachrichten - Stra\u00dfenweb","robots":{"index":"index","follow":"follow","max-snippet":"max-snippet:-1","max-image-preview":"max-image-preview:large","max-video-preview":"max-video-preview:-1"},"canonical":"https:\/\/www.strassenweb.de\/nachrichten\/der-elegante-anzug-farbtrend-lupita-nyongo-trug-die-met-gala-wird-2025-in-jedem-haus-sein-sagen-designer\/","og_locale":"de_DE","og_type":"article","og_title":"Der elegante Anzug -Farbtrend Lupita Nyong'o trug die Met -Gala wird 2025 in jedem Haus sein, sagen Designer - Nachrichten - Stra\u00dfenweb","og_description":"Die Met Gala 2025 ist ein Highlight im Modekalender. Es ist eines der am meisten erwarteten Ereignisse des Jahres und auch eine gute Inspirationsquelle f\u00fcr","og_url":"https:\/\/www.strassenweb.de\/nachrichten\/der-elegante-anzug-farbtrend-lupita-nyongo-trug-die-met-gala-wird-2025-in-jedem-haus-sein-sagen-designer\/","og_site_name":"Stra\u00dfenweb","article_publisher":"https:\/\/www.facebook.com\/strassenweb\/","article_published_time":"2025-05-06T21:41:08+00:00","og_image":[{"width":1600,"height":900,"url":"https:\/\/www.strassenweb.de\/nachrichten\/wp-content\/uploads\/2025\/05\/y4gwiVTyfBzKRQrqPgCy7T.jpg","type":"image\/jpeg"}],"author":"Robert Hoffmann","twitter_card":"summary_large_image","twitter_misc":{"Verfasst von":"Robert Hoffmann","Gesch\u00e4tzte Lesezeit":"3\u00a0Minuten"},"schema":{"@context":"https:\/\/schema.org","@graph":[{"@type":"Article","@id":"https:\/\/www.strassenweb.de\/nachrichten\/der-elegante-anzug-farbtrend-lupita-nyongo-trug-die-met-gala-wird-2025-in-jedem-haus-sein-sagen-designer\/#article","isPartOf":{"@id":"https:\/\/www.strassenweb.de\/nachrichten\/der-elegante-anzug-farbtrend-lupita-nyongo-trug-die-met-gala-wird-2025-in-jedem-haus-sein-sagen-designer\/"},"author":{"name":"Robert Hoffmann","@id":"https:\/\/www.strassenweb.de\/nachrichten\/#\/schema\/person\/87c9c9067f1211da429a744dc5a5aa41"},"headline":"Der elegante Anzug -Farbtrend Lupita Nyong&#8217;o trug die Met -Gala wird 2025 in jedem Haus sein, sagen Designer","datePublished":"2025-05-06T21:41:08+00:00","mainEntityOfPage":{"@id":"https:\/\/www.strassenweb.de\/nachrichten\/der-elegante-anzug-farbtrend-lupita-nyongo-trug-die-met-gala-wird-2025-in-jedem-haus-sein-sagen-designer\/"},"wordCount":583,"publisher":{"@id":"https:\/\/www.strassenweb.de\/nachrichten\/#organization"},"image":{"@id":"https:\/\/www.strassenweb.de\/nachrichten\/der-elegante-anzug-farbtrend-lupita-nyongo-trug-die-met-gala-wird-2025-in-jedem-haus-sein-sagen-designer\/#primaryimage"},"thumbnailUrl":"https:\/\/www.strassenweb.de\/nachrichten\/wp-content\/uploads\/2025\/05\/y4gwiVTyfBzKRQrqPgCy7T.jpg","keywords":["Anzug","der","Designer","die","elegante","Farbtrend","Gala","Haus","jedem","Lupita","Met","Nyongo","sagen","sein","trug","wird"],"articleSection":["Haus &amp; Garten"],"inLanguage":"de"},{"@type":"WebPage","@id":"https:\/\/www.strassenweb.de\/nachrichten\/der-elegante-anzug-farbtrend-lupita-nyongo-trug-die-met-gala-wird-2025-in-jedem-haus-sein-sagen-designer\/","url":"https:\/\/www.strassenweb.de\/nachrichten\/der-elegante-anzug-farbtrend-lupita-nyongo-trug-die-met-gala-wird-2025-in-jedem-haus-sein-sagen-designer\/","name":"Der elegante Anzug -Farbtrend Lupita Nyong'o trug die Met -Gala wird 2025 in jedem Haus sein, sagen Designer - Nachrichten - Stra\u00dfenweb","isPartOf":{"@id":"https:\/\/www.strassenweb.de\/nachrichten\/#website"},"primaryImageOfPage":{"@id":"https:\/\/www.strassenweb.de\/nachrichten\/der-elegante-anzug-farbtrend-lupita-nyongo-trug-die-met-gala-wird-2025-in-jedem-haus-sein-sagen-designer\/#primaryimage"},"image":{"@id":"https:\/\/www.strassenweb.de\/nachrichten\/der-elegante-anzug-farbtrend-lupita-nyongo-trug-die-met-gala-wird-2025-in-jedem-haus-sein-sagen-designer\/#primaryimage"},"thumbnailUrl":"https:\/\/www.strassenweb.de\/nachrichten\/wp-content\/uploads\/2025\/05\/y4gwiVTyfBzKRQrqPgCy7T.jpg","datePublished":"2025-05-06T21:41:08+00:00","breadcrumb":{"@id":"https:\/\/www.strassenweb.de\/nachrichten\/der-elegante-anzug-farbtrend-lupita-nyongo-trug-die-met-gala-wird-2025-in-jedem-haus-sein-sagen-designer\/#breadcrumb"},"inLanguage":"de","potentialAction":[{"@type":"ReadAction","target":["https:\/\/www.strassenweb.de\/nachrichten\/der-elegante-anzug-farbtrend-lupita-nyongo-trug-die-met-gala-wird-2025-in-jedem-haus-sein-sagen-designer\/"]}]},{"@type":"ImageObject","inLanguage":"de","@id":"https:\/\/www.strassenweb.de\/nachrichten\/der-elegante-anzug-farbtrend-lupita-nyongo-trug-die-met-gala-wird-2025-in-jedem-haus-sein-sagen-designer\/#primaryimage","url":"https:\/\/www.strassenweb.de\/nachrichten\/wp-content\/uploads\/2025\/05\/y4gwiVTyfBzKRQrqPgCy7T.jpg","contentUrl":"https:\/\/www.strassenweb.de\/nachrichten\/wp-content\/uploads\/2025\/05\/y4gwiVTyfBzKRQrqPgCy7T.jpg","width":1600,"height":900,"caption":"Lupita Nyong&amp;#039;o"},{"@type":"BreadcrumbList","@id":"https:\/\/www.strassenweb.de\/nachrichten\/der-elegante-anzug-farbtrend-lupita-nyongo-trug-die-met-gala-wird-2025-in-jedem-haus-sein-sagen-designer\/#breadcrumb","itemListElement":[{"@type":"ListItem","position":1,"name":"Home","item":"https:\/\/www.strassenweb.de\/nachrichten\/"},{"@type":"ListItem","position":2,"name":"Der elegante Anzug -Farbtrend Lupita Nyong&#8217;o trug die Met -Gala wird 2025 in jedem Haus sein, sagen Designer"}]},{"@type":"WebSite","@id":"https:\/\/www.strassenweb.de\/nachrichten\/#website","url":"https:\/\/www.strassenweb.de\/nachrichten\/","name":"Stra\u00dfenweb","description":"Stra\u00dfenverzeichnis f\u00fcr Deutschland","publisher":{"@id":"https:\/\/www.strassenweb.de\/nachrichten\/#organization"},"potentialAction":[{"@type":"SearchAction","target":{"@type":"EntryPoint","urlTemplate":"https:\/\/www.strassenweb.de\/nachrichten\/?s={search_term_string}"},"query-input":{"@type":"PropertyValueSpecification","valueRequired":true,"valueName":"search_term_string"}}],"inLanguage":"de"},{"@type":"Organization","@id":"https:\/\/www.strassenweb.de\/nachrichten\/#organization","name":"Stra\u00dfenweb","url":"https:\/\/www.strassenweb.de\/nachrichten\/","logo":{"@type":"ImageObject","inLanguage":"de","@id":"https:\/\/www.strassenweb.de\/nachrichten\/#\/schema\/logo\/image\/","url":"https:\/\/www.strassenweb.de\/nachrichten\/wp-content\/uploads\/2024\/09\/cropped-favicon.png","contentUrl":"https:\/\/www.strassenweb.de\/nachrichten\/wp-content\/uploads\/2024\/09\/cropped-favicon.png","width":512,"height":512,"caption":"Stra\u00dfenweb"},"image":{"@id":"https:\/\/www.strassenweb.de\/nachrichten\/#\/schema\/logo\/image\/"},"sameAs":["https:\/\/www.facebook.com\/strassenweb\/"]},{"@type":"Person","@id":"https:\/\/www.strassenweb.de\/nachrichten\/#\/schema\/person\/87c9c9067f1211da429a744dc5a5aa41","name":"Robert Hoffmann","image":{"@type":"ImageObject","inLanguage":"de","@id":"https:\/\/www.strassenweb.de\/nachrichten\/wp-content\/uploads\/2024\/09\/strassenweb-150x150.jpg","url":"https:\/\/www.strassenweb.de\/nachrichten\/wp-content\/uploads\/2024\/09\/strassenweb-150x150.jpg","contentUrl":"https:\/\/www.strassenweb.de\/nachrichten\/wp-content\/uploads\/2024\/09\/strassenweb-150x150.jpg","caption":"Robert Hoffmann"},"description":"Ich hei\u00dfe Robert Hoffmann und ich bin ein leidenschaftlicher Verfechter von \u00d6kologie und Biodiversit\u00e4t. Seit meiner Kindheit in den W\u00e4ldern Bayerns f\u00fchle ich mich mit der Natur verbunden und bin entschlossen, sie zu sch\u00fctzen. Heute widme ich mein Leben der Sensibilisierung anderer f\u00fcr die Bedeutung des Umweltschutzes f\u00fcr zuk\u00fcnftige Generationen.","sameAs":["https:\/\/www.strassenweb.de\/"]}]}},"_links":{"self":[{"href":"https:\/\/www.strassenweb.de\/nachrichten\/wp-json\/wp\/v2\/posts\/4893","targetHints":{"allow":["GET"]}}],"collection":[{"href":"https:\/\/www.strassenweb.de\/nachrichten\/wp-json\/wp\/v2\/posts"}],"about":[{"href":"https:\/\/www.strassenweb.de\/nachrichten\/wp-json\/wp\/v2\/types\/post"}],"author":[{"embeddable":true,"href":"https:\/\/www.strassenweb.de\/nachrichten\/wp-json\/wp\/v2\/users\/1"}],"replies":[{"embeddable":true,"href":"https:\/\/www.strassenweb.de\/nachrichten\/wp-json\/wp\/v2\/comments?post=4893"}],"version-history":[{"count":0,"href":"https:\/\/www.strassenweb.de\/nachrichten\/wp-json\/wp\/v2\/posts\/4893\/revisions"}],"wp:featuredmedia":[{"embeddable":true,"href":"https:\/\/www.strassenweb.de\/nachrichten\/wp-json\/wp\/v2\/media\/4894"}],"wp:attachment":[{"href":"https:\/\/www.strassenweb.de\/nachrichten\/wp-json\/wp\/v2\/media?parent=4893"}],"wp:term":[{"taxonomy":"category","embeddable":true,"href":"https:\/\/www.strassenweb.de\/nachrichten\/wp-json\/wp\/v2\/categories?post=4893"},{"taxonomy":"post_tag","embeddable":true,"href":"https:\/\/www.strassenweb.de\/nachrichten\/wp-json\/wp\/v2\/tags?post=4893"}],"curies":[{"name":"wp","href":"https:\/\/api.w.org\/{rel}","templated":true}]}}