{"id":4890,"date":"2025-05-06T19:45:30","date_gmt":"2025-05-06T17:45:30","guid":{"rendered":"https:\/\/www.strassenweb.de\/nachrichten\/die-diesjaehrigen-met-gala-outfits-sind-die-quelle-der-farbinspiration-von-der-ich-nicht-wusste-dass-ich-ich-brauchte-anna-wintours-alles-cool-blue-look-hat-mir-das-perfekte-programm-fuer-mein-wohnz\/"},"modified":"2025-05-06T19:45:30","modified_gmt":"2025-05-06T17:45:30","slug":"die-diesjaehrigen-met-gala-outfits-sind-die-quelle-der-farbinspiration-von-der-ich-nicht-wusste-dass-ich-ich-brauchte-anna-wintours-alles-cool-blue-look-hat-mir-das-perfekte-programm-fuer-mein-wohnz","status":"publish","type":"post","link":"https:\/\/www.strassenweb.de\/nachrichten\/die-diesjaehrigen-met-gala-outfits-sind-die-quelle-der-farbinspiration-von-der-ich-nicht-wusste-dass-ich-ich-brauchte-anna-wintours-alles-cool-blue-look-hat-mir-das-perfekte-programm-fuer-mein-wohnz\/","title":{"rendered":"Die diesj\u00e4hrigen Met-Gala-Outfits sind die Quelle der Farbinspiration, von der ich nicht wusste, dass ich ich brauchte-Anna Wintours alles cool-blue-Look hat mir das perfekte Programm f\u00fcr mein Wohnzimmerumbau gegeben"},"content":{"rendered":"<p><\/p>\n<div id=\"article-body\" class=\"article__body \">\n<p>Oh, die j\u00e4hrliche Met Gala Extravaganza! Der Abend markierte die \u00d6ffnung von <em>Superfine: Anpassung des schwarzen Stils<\/em>Die Ausstellung des Kost\u00fcminstituts, die sich auf die Mode der M\u00e4nner konzentriert, und der erste, der schwarzen Stil in seinem Zentrum stellt.<\/p>\n<div id=\"ad-unit-1\" class=\"ad-unit\"><\/div>\n<p>Als solches gab es in diesem Jahr eine deutlich m\u00e4nnliche, ma\u00dfgeschneiderte und achromatische \u00c4sthetik. Viele entschieden sich f\u00fcr Smoking, machten sich f\u00fcr Struktur, aber wir wurden nat\u00fcrlich mit all den Extravaganz, Glamour und oft erwarteten Probation behandelt.<\/p>\n<aside data-block-type=\"embed\" data-render-type=\"fte\" data-skip=\"dealsy\" data-widget-type=\"seasonal\" class=\"hawk-base\"><\/aside>\n<p>Ja, es ist die am meisten erwartete Nacht im Modekalender, aber f\u00fcr diejenigen von uns, die mit Trends der Innenausstattung den Puls auf dem Puls halten, ist es auch eine Nacht voller Trend- und Trendvorhersagen, die die gesamte Designwelt beeinflussen wird. Mode und Innenr\u00e4ume hatten schon immer eine symbiotische Beziehung, und die Met Gala ist eine Quelle aus Farbe, Muster und Designinspiration f\u00fcr unsere H\u00e4user.<\/p>\n<div id=\"desktop-in-article\" class=\"in-article ad-unit\">\n<div id=\"desktop-taboola-mid-article\"><\/div>\n<\/div>\n<div id=\"mobile-in-article\" class=\"in-article ad-unit\">\n<div id=\"mobile-taboola-mid-article\"><\/div>\n<\/div>\n<p>Wenn Sie also durch das scheinbar endlose Gefolge exquisit gekleideter Superstars scrollen und sich fragen, was dies f\u00fcr Innenr\u00e4ume bedeutet und welche Inspiration aus diesem schillernden, glitzernden Spektakel, gl\u00fccklich farbig und Ball, ein Marktf\u00fchrer in Farbe und Farbe, aus dem besten Blick auf den besten Aussehen des Met -Gala 2025 geschaffen werden kann. Anna Wintours sanft blaues und coolem Look wirkt mich an die sehr schicke Palette f\u00fcr mein Wohnzimmerumbau.<\/p>\n<div class=\"van_vid_carousel\">\n<div class=\"van_vid_carousel__padding\">\n<div class=\"van_vid_carousel__container\"><\/div>\n<\/div>\n<\/div>\n<h2 id=\"4-farrow-ball-color-schemes-inspired-by-the-met-gala-2025-3\">4 Farrow &#038; Ball -Farbschemata inspiriert von der Met Gala 2025<\/h2>\n<p>Zugegebenerma\u00dfen kann es schwer sein, sich nur vorzustellen <em>Wie<\/em> Um den mit Diamanten besetzten Glam der Met Gala in die Welt der Innenr\u00e4ume zu \u00fcbersetzen. Schauen Sie sich jedoch genau hin, und nicht alle Outfits waren ein Aufruhr aus Waffen und Drama; Bestimmte Promis treten in erh\u00f6hterem Gel\u00e4nde und die Farben, Muster und Designs reflektierten die gr\u00f6\u00dften Farbtrends, Mustertrends und die \u00fcbergreifende \u00e4sthetische Erz\u00e4hlung von Innenr\u00e4umen insgesamt.<\/p>\n<div id=\"ad-unit-2\" class=\"ad-unit\"><\/div>\n<p>Patrick O&#8217;Donnell, internationaler Markenbotschafter f\u00fcr Farrow &#038; Ball, hebt hervor, dass sich Trendfarben aus einer Vielzahl von Ausgangspunkten stammen. Egal, ob dies ein wiederkehrendes Thema in der Welt der Innenr\u00e4ume, ein Zeitgeist -Moment oder sogar High Fashion sein. &#8218;<\/p>\n<p>Ich habe hier mit Prominenten gesprochen <em>H\u00e4user &#038; G\u00e4rten<\/em>Megan Slack, der, wie ihre Berufsbezeichnung schon sagt, mit Promi -Stil sehr gut im Kenntnis kommt und wie sie die Innentrends stark beeinflussen. Ich fragte sie, was Met Gala auf sich aufmerksam machte, und es war der vergleichsweise zur\u00fcckhaltende und klassische Look, den Anna Wintour, der Gastgeber des Abends, f\u00fcr Sport entschied, dass Megan f\u00fcr besonders schick war.<\/p>\n<figure class=\"van-image-figure inline-layout \" data-bordeaux-image-check>\n<div class=\"image-full-width-wrapper\">\n<div class=\"image-widthsetter\" style=\"max-width:2000px;\"><\/div>\n<\/div>\n<\/figure>\n<div class=\"product-container hero-product-container product-block-no-wrap\"><\/div>\n<p>&#8218;Gentle Grey-Blue ist eine immer beliebte Farbe, die oft als Hintergrund f\u00fcr Zeitdramen dient, wobei Parma Grey von Farrow &#038; Ball das relevanteste Beispiel daf\u00fcr ist. Trotz seiner nostalgischen Eigenschaften finden Prominente konsequent Wege, den Farbton zeitgem\u00e4\u00df zu halten \u201c, sagt Megan.<\/p>\n<p>\u00bbWenn ich Anna Wintours (unweigerlich) einen makellosen Metala -Look ansieht, erinnere ich mich an Miley Cyrus &#8218;Speisesaal, das von ihrer Mutter Tish Cyrus entworfen wurde und einen \u00e4hnlichen Ton aufweist. Der Raum f\u00fchlt sich jugendlich und modern an, was angesichts der uralten Untert\u00f6ne von Gray-Blue widerspr\u00fcchlich erscheinen mag. Dies betont jedoch die F\u00e4higkeit des HUE, fl\u00fcchtige Farbschonungen zu entwickeln und zu transzendieren. Es ist absolut zeitlos, genau wie Anna Wintours Stil. &#8218;<\/p>\n<p>Bisher f\u00fchlt sich alles ziemlich ernst und zur\u00fcckgezogen. Vielleicht nicht das, was wir alle erwartet haben, wenn wir uns so an das Theater der gesamten Veranstaltung gew\u00f6hnt haben. Das Aussehen in diesem Jahr hatte etwas deutlich Slickes und Sch\u00e4rfe; Einige sind sogar so weit gegangen zu sagen, dass das Gesamtsehen etwas feierlich war.<\/p>\n<p>Nat\u00fcrlich gab es einige etwas spielerischer und optimistischer, die sich frisch und saisonal anf\u00fchlten. Es ist ungew\u00f6hnlich, dass viele der Paletten diejenigen widerspiegeln, die in den diesj\u00e4hrigen Innenarchitekten Trends zu sehen sind, und die beliebten Fr\u00fchlingsfarbideen, die wir in der Innenraumwelt bl\u00fchen.<\/p>\n<figure class=\"van-image-figure inline-layout \" data-bordeaux-image-check>\n<div class=\"image-full-width-wrapper\">\n<div class=\"image-widthsetter\" style=\"max-width:2000px;\"><\/div>\n<\/div>\n<\/figure>\n<div class=\"product-container hero-product-container product-block-no-wrap\"><\/div>\n<p>Penny Morrison ist zu einem f\u00fchrenden Namen in der Welt des Innenarchitekturs geworden, und ihre Marke f\u00fcr Heimwaren steht weiterhin an der Spitze der Farb-, Muster- und Designtrends und f\u00fchrt seit \u00fcber vierzig Jahren zutiefst schmeichelhafte und geschmackvolle Designs. Shauna Dennison-Taylor, Creative Director bei Penny Morrison, ist besonders f\u00fcr diesen frischen Look von Andrew Scott interessiert.<\/p>\n<p>&#8222;Diese Farben rufen die Frische des Fr\u00fchlings und die W\u00e4rme des Sommers hervor&#8220;, erkl\u00e4rt Shauna. &#8218;Gr\u00fcn bringt T\u00f6ne wie Moos, Oliven, Salbei und Minze ein, w\u00e4hrend Strohgelb einen weichen, sonnenbeschienenen Kontrast verleiht. Diese Palette wird durch geschichtete Innenr\u00e4ume zum Leben erweckt, die reich an Textur und Muster sind, in denen h\u00e4ufig florale und geometrische Drucke kombiniert werden. Gr\u00fcne Botanische, Blattmotive und komplizierte Designs sind \u00fcberall gewebt, wodurch R\u00e4ume erzeugt werden, die sich sowohl lebendig als auch geerdet anf\u00fchlen. &#8218;<\/p>\n<figure class=\"van-image-figure inline-layout \" data-bordeaux-image-check>\n<div class=\"image-full-width-wrapper\">\n<div class=\"image-widthsetter\" style=\"max-width:2000px;\"><\/div>\n<\/div>\n<\/figure>\n<div class=\"product-container hero-product-container product-block-no-wrap\"><\/div>\n<p>Wie k\u00f6nnen wir die aufstrebenden Farbtrends in Mode und Innenr\u00e4umen diskutieren, ohne den Abstand von Wei\u00df und Grau wie die Neutralen und die Verbreitung von organischen, nat\u00fcrlichen, tiefen erdigen Farben in unseren H\u00e4usern zu erw\u00e4hnen? In den letzten Jahren gab es eine kollektive Denkweise in der Innenraumwelt, dass warme Neutrale, Oliven, Ochres und Terrakottas genauso einfach zu bedienen sind wie das allgegenw\u00e4rtige Grau und Wei\u00df.<\/p>\n<p>Hebe Hatton, Leiter der Innenr\u00e4ume, ist nicht \u00fcberrascht, warme, erdige Brauns dominieren weiterhin die Farbe und die Designszene.<\/p>\n<p>&#8222;Brown war im letzten Jahr ein gro\u00dfer Farbtrend in der Modewelt, und als jemand, der sich noch nie in den k\u00fchleren Neutralen kleidet hat, bin ich froh, dass sich die Innenraumwelt auch zu w\u00e4rmeren, weicheren Farben verlagert&#8220;, bemerkt sie. \u201eEs ist eine Farbe, die Sie schichten m\u00f6chten, genauso schlechter Bunny. Kombinieren Sie ein reiches dunkelbraun mit helleren beige und senf f\u00fcr ein Farbschema, das sich sowohl unglaublich schick als auch unglaublich einladend anf\u00fchlt. &#8218;<\/p>\n<figure class=\"van-image-figure inline-layout \" data-bordeaux-image-check>\n<div class=\"image-full-width-wrapper\">\n<div class=\"image-widthsetter\" style=\"max-width:2000px;\"><\/div>\n<\/div>\n<\/figure>\n<div class=\"product-container hero-product-container product-block-no-wrap\"><\/div>\n<p>Eine Vision in Pink! Diese gl\u00fccklichen und lebenswichtigen Beerenfarben sind erfrischend optimistisch, und oft werden Farben wie diese in R\u00e4umen innerhalb des Hauses verwendet, die sich energisch, verspielt und fr\u00f6hlich anf\u00fchlen sollen. Hier zeigt Tracee Ellis Ross, wie diese Farben hervorragend geschichtet werden.<\/p>\n<p>Der in Gro\u00dfbritannien ans\u00e4ssige Innenarchitekt, Sean Symington, erkl\u00e4rt, dass die Pers\u00f6nlichkeit des von Ihnen verwendeten Rosa vollst\u00e4ndig von den Begleitfarben abh\u00e4ngt, mit denen sie gepaart ist.<\/p>\n<p>&#8218;Berry ist ein so reichhaltiger, vielseitiger Schatten. Es bringt Tiefe und Eleganz und kann wirklich einen Raum oder ein Outfit verankern. &#8218; Sean bemerkt. &#8222;Was es so \u00fcberzeugend macht, ist, wie es sich verwandelt, je nachdem, was es gepaart ist.&#8220;<\/p>\n<p>\u00bbWenn die Palette mit weichen Rosa und einem Pop aus Pink geschichtet wird, nimmt sie ein neues Leben an &#8211; sie wird freudig, jugendlich und ein bisschen unerwartet, h\u00e4lt sich dennoch an einer raffinierten Sensibilit\u00e4t fest. Das Gleichgewicht zwischen Weichheit und hellen Farbt\u00f6nen schafft eine Harmonie, die sich sowohl verspielt als auch ausgeglichen anf\u00fchlt. Es ist eine klassische, aber unerwartete Kombination, die Pers\u00f6nlichkeit und Raffinesse bringt. Wir haben k\u00fcrzlich diese Palette aus Beeren, weichem Pink und einem Hauch von Pink in einem Spielzimmer verwendet, das sich im Laufe der Zeit in eine Studie anpassen k\u00f6nnte. Das Ergebnis war ein Raum, der sich frisch, lustig und mit dem allgemeinen Sinn f\u00fcr raffinierten Charme des Hauses anf\u00fchlte. &#8218;<\/p>\n<hr>\n<p>Farrow &#038; Ball ist mit der Kuratierung und Herstellung von atemberaubenden Farbideen vertraut, und diese Promi-Stile beweisen, dass Farbe in all ihrer unendlichen Sorte die Br\u00fcckensprache zwischen diesen beiden Welten ist. In den diesj\u00e4hrigen Promi-G\u00e4sten und ihre umwerfende Kleidung wurden unter den Glanz und dem Glam ausgespielt und erzeugten viele Farbideen und insbesondere die Inspiration f\u00fcr kreative Farbkombination, die wir in unsere Innenr\u00e4ume einbringen k\u00f6nnen.<\/p>\n<\/div>\n<p><script async src=\"\/\/www.instagram.com\/embed.js\"><\/script><\/p>\n","protected":false},"excerpt":{"rendered":"<p>Oh, die j\u00e4hrliche Met Gala Extravaganza! Der Abend markierte die \u00d6ffnung von Superfine: Anpassung des schwarzen StilsDie Ausstellung des Kost\u00fcminstituts, die sich auf die Mode<\/p>\n","protected":false},"author":1,"featured_media":4891,"comment_status":"closed","ping_status":"","sticky":false,"template":"","format":"standard","meta":{"footnotes":""},"categories":[118],"tags":[157,7140,7142,112,51,81,9,7137,7139,55,7144,189,129,778,7138,603,61,2188,5374,5922,58,21,7141,7143,1615],"class_list":["post-4890","post","type-post","status-publish","format-standard","has-post-thumbnail","hentry","category-haus-garten","tag-alles","tag-brauchteanna","tag-coolbluelook","tag-das","tag-dass","tag-der","tag-die","tag-diesjaehrigen","tag-farbinspiration","tag-fuer","tag-gegeben","tag-hat","tag-ich","tag-mein","tag-metgalaoutfits","tag-mir","tag-nicht","tag-perfekte","tag-programm","tag-quelle","tag-sind","tag-von","tag-wintours","tag-wohnzimmerumbau","tag-wusste","generate-columns","tablet-grid-50","mobile-grid-100","grid-parent","grid-50"],"yoast_head":"<!-- This site is optimized with the Yoast SEO plugin v27.3 - https:\/\/yoast.com\/product\/yoast-seo-wordpress\/ -->\n<title>Die diesj\u00e4hrigen Met-Gala-Outfits sind die Quelle der Farbinspiration, von der ich nicht wusste, dass ich ich brauchte-Anna Wintours alles cool-blue-Look hat mir das perfekte Programm f\u00fcr mein Wohnzimmerumbau gegeben - Nachrichten - Stra\u00dfenweb<\/title>\n<meta name=\"robots\" content=\"index, follow, max-snippet:-1, max-image-preview:large, max-video-preview:-1\" \/>\n<link rel=\"canonical\" href=\"https:\/\/www.strassenweb.de\/nachrichten\/die-diesjaehrigen-met-gala-outfits-sind-die-quelle-der-farbinspiration-von-der-ich-nicht-wusste-dass-ich-ich-brauchte-anna-wintours-alles-cool-blue-look-hat-mir-das-perfekte-programm-fuer-mein-wohnz\/\" \/>\n<meta property=\"og:locale\" content=\"de_DE\" \/>\n<meta property=\"og:type\" content=\"article\" \/>\n<meta property=\"og:title\" content=\"Die diesj\u00e4hrigen Met-Gala-Outfits sind die Quelle der Farbinspiration, von der ich nicht wusste, dass ich ich brauchte-Anna Wintours alles cool-blue-Look hat mir das perfekte Programm f\u00fcr mein Wohnzimmerumbau gegeben - Nachrichten - Stra\u00dfenweb\" \/>\n<meta property=\"og:description\" content=\"Oh, die j\u00e4hrliche Met Gala Extravaganza! Der Abend markierte die \u00d6ffnung von Superfine: Anpassung des schwarzen StilsDie Ausstellung des Kost\u00fcminstituts, die sich auf die Mode\" \/>\n<meta property=\"og:url\" content=\"https:\/\/www.strassenweb.de\/nachrichten\/die-diesjaehrigen-met-gala-outfits-sind-die-quelle-der-farbinspiration-von-der-ich-nicht-wusste-dass-ich-ich-brauchte-anna-wintours-alles-cool-blue-look-hat-mir-das-perfekte-programm-fuer-mein-wohnz\/\" \/>\n<meta property=\"og:site_name\" content=\"Stra\u00dfenweb\" \/>\n<meta property=\"article:publisher\" content=\"https:\/\/www.facebook.com\/strassenweb\/\" \/>\n<meta property=\"article:published_time\" content=\"2025-05-06T17:45:30+00:00\" \/>\n<meta property=\"og:image\" content=\"https:\/\/www.strassenweb.de\/nachrichten\/wp-content\/uploads\/2025\/05\/5VSgpp7Jk7FSHDFfKFA74Q.jpg\" \/>\n\t<meta property=\"og:image:width\" content=\"1920\" \/>\n\t<meta property=\"og:image:height\" content=\"1080\" \/>\n\t<meta property=\"og:image:type\" content=\"image\/jpeg\" \/>\n<meta name=\"author\" content=\"Robert Hoffmann\" \/>\n<meta name=\"twitter:card\" content=\"summary_large_image\" \/>\n<meta name=\"twitter:label1\" content=\"Verfasst von\" \/>\n\t<meta name=\"twitter:data1\" content=\"Robert Hoffmann\" \/>\n\t<meta name=\"twitter:label2\" content=\"Gesch\u00e4tzte Lesezeit\" \/>\n\t<meta name=\"twitter:data2\" content=\"6\u00a0Minuten\" \/>\n<script type=\"application\/ld+json\" class=\"yoast-schema-graph\">{\"@context\":\"https:\\\/\\\/schema.org\",\"@graph\":[{\"@type\":\"Article\",\"@id\":\"https:\\\/\\\/www.strassenweb.de\\\/nachrichten\\\/die-diesjaehrigen-met-gala-outfits-sind-die-quelle-der-farbinspiration-von-der-ich-nicht-wusste-dass-ich-ich-brauchte-anna-wintours-alles-cool-blue-look-hat-mir-das-perfekte-programm-fuer-mein-wohnz\\\/#article\",\"isPartOf\":{\"@id\":\"https:\\\/\\\/www.strassenweb.de\\\/nachrichten\\\/die-diesjaehrigen-met-gala-outfits-sind-die-quelle-der-farbinspiration-von-der-ich-nicht-wusste-dass-ich-ich-brauchte-anna-wintours-alles-cool-blue-look-hat-mir-das-perfekte-programm-fuer-mein-wohnz\\\/\"},\"author\":{\"name\":\"Robert Hoffmann\",\"@id\":\"https:\\\/\\\/www.strassenweb.de\\\/nachrichten\\\/#\\\/schema\\\/person\\\/87c9c9067f1211da429a744dc5a5aa41\"},\"headline\":\"Die diesj\u00e4hrigen Met-Gala-Outfits sind die Quelle der Farbinspiration, von der ich nicht wusste, dass ich ich brauchte-Anna Wintours alles cool-blue-Look hat mir das perfekte Programm f\u00fcr mein Wohnzimmerumbau gegeben\",\"datePublished\":\"2025-05-06T17:45:30+00:00\",\"mainEntityOfPage\":{\"@id\":\"https:\\\/\\\/www.strassenweb.de\\\/nachrichten\\\/die-diesjaehrigen-met-gala-outfits-sind-die-quelle-der-farbinspiration-von-der-ich-nicht-wusste-dass-ich-ich-brauchte-anna-wintours-alles-cool-blue-look-hat-mir-das-perfekte-programm-fuer-mein-wohnz\\\/\"},\"wordCount\":1302,\"publisher\":{\"@id\":\"https:\\\/\\\/www.strassenweb.de\\\/nachrichten\\\/#organization\"},\"image\":{\"@id\":\"https:\\\/\\\/www.strassenweb.de\\\/nachrichten\\\/die-diesjaehrigen-met-gala-outfits-sind-die-quelle-der-farbinspiration-von-der-ich-nicht-wusste-dass-ich-ich-brauchte-anna-wintours-alles-cool-blue-look-hat-mir-das-perfekte-programm-fuer-mein-wohnz\\\/#primaryimage\"},\"thumbnailUrl\":\"https:\\\/\\\/www.strassenweb.de\\\/nachrichten\\\/wp-content\\\/uploads\\\/2025\\\/05\\\/5VSgpp7Jk7FSHDFfKFA74Q.jpg\",\"keywords\":[\"alles\",\"brauchteAnna\",\"coolblueLook\",\"das\",\"dass\",\"der\",\"die\",\"diesj\u00e4hrigen\",\"Farbinspiration\",\"f\u00fcr\",\"gegeben\",\"hat\",\"ich\",\"mein\",\"MetGalaOutfits\",\"mir\",\"nicht\",\"perfekte\",\"Programm\",\"Quelle\",\"sind\",\"von\",\"Wintours\",\"Wohnzimmerumbau\",\"wusste\"],\"articleSection\":[\"Haus &amp; Garten\"],\"inLanguage\":\"de\"},{\"@type\":\"WebPage\",\"@id\":\"https:\\\/\\\/www.strassenweb.de\\\/nachrichten\\\/die-diesjaehrigen-met-gala-outfits-sind-die-quelle-der-farbinspiration-von-der-ich-nicht-wusste-dass-ich-ich-brauchte-anna-wintours-alles-cool-blue-look-hat-mir-das-perfekte-programm-fuer-mein-wohnz\\\/\",\"url\":\"https:\\\/\\\/www.strassenweb.de\\\/nachrichten\\\/die-diesjaehrigen-met-gala-outfits-sind-die-quelle-der-farbinspiration-von-der-ich-nicht-wusste-dass-ich-ich-brauchte-anna-wintours-alles-cool-blue-look-hat-mir-das-perfekte-programm-fuer-mein-wohnz\\\/\",\"name\":\"Die diesj\u00e4hrigen Met-Gala-Outfits sind die Quelle der Farbinspiration, von der ich nicht wusste, dass ich ich brauchte-Anna Wintours alles cool-blue-Look hat mir das perfekte Programm f\u00fcr mein Wohnzimmerumbau gegeben - Nachrichten - Stra\u00dfenweb\",\"isPartOf\":{\"@id\":\"https:\\\/\\\/www.strassenweb.de\\\/nachrichten\\\/#website\"},\"primaryImageOfPage\":{\"@id\":\"https:\\\/\\\/www.strassenweb.de\\\/nachrichten\\\/die-diesjaehrigen-met-gala-outfits-sind-die-quelle-der-farbinspiration-von-der-ich-nicht-wusste-dass-ich-ich-brauchte-anna-wintours-alles-cool-blue-look-hat-mir-das-perfekte-programm-fuer-mein-wohnz\\\/#primaryimage\"},\"image\":{\"@id\":\"https:\\\/\\\/www.strassenweb.de\\\/nachrichten\\\/die-diesjaehrigen-met-gala-outfits-sind-die-quelle-der-farbinspiration-von-der-ich-nicht-wusste-dass-ich-ich-brauchte-anna-wintours-alles-cool-blue-look-hat-mir-das-perfekte-programm-fuer-mein-wohnz\\\/#primaryimage\"},\"thumbnailUrl\":\"https:\\\/\\\/www.strassenweb.de\\\/nachrichten\\\/wp-content\\\/uploads\\\/2025\\\/05\\\/5VSgpp7Jk7FSHDFfKFA74Q.jpg\",\"datePublished\":\"2025-05-06T17:45:30+00:00\",\"breadcrumb\":{\"@id\":\"https:\\\/\\\/www.strassenweb.de\\\/nachrichten\\\/die-diesjaehrigen-met-gala-outfits-sind-die-quelle-der-farbinspiration-von-der-ich-nicht-wusste-dass-ich-ich-brauchte-anna-wintours-alles-cool-blue-look-hat-mir-das-perfekte-programm-fuer-mein-wohnz\\\/#breadcrumb\"},\"inLanguage\":\"de\",\"potentialAction\":[{\"@type\":\"ReadAction\",\"target\":[\"https:\\\/\\\/www.strassenweb.de\\\/nachrichten\\\/die-diesjaehrigen-met-gala-outfits-sind-die-quelle-der-farbinspiration-von-der-ich-nicht-wusste-dass-ich-ich-brauchte-anna-wintours-alles-cool-blue-look-hat-mir-das-perfekte-programm-fuer-mein-wohnz\\\/\"]}]},{\"@type\":\"ImageObject\",\"inLanguage\":\"de\",\"@id\":\"https:\\\/\\\/www.strassenweb.de\\\/nachrichten\\\/die-diesjaehrigen-met-gala-outfits-sind-die-quelle-der-farbinspiration-von-der-ich-nicht-wusste-dass-ich-ich-brauchte-anna-wintours-alles-cool-blue-look-hat-mir-das-perfekte-programm-fuer-mein-wohnz\\\/#primaryimage\",\"url\":\"https:\\\/\\\/www.strassenweb.de\\\/nachrichten\\\/wp-content\\\/uploads\\\/2025\\\/05\\\/5VSgpp7Jk7FSHDFfKFA74Q.jpg\",\"contentUrl\":\"https:\\\/\\\/www.strassenweb.de\\\/nachrichten\\\/wp-content\\\/uploads\\\/2025\\\/05\\\/5VSgpp7Jk7FSHDFfKFA74Q.jpg\",\"width\":1920,\"height\":1080,\"caption\":\"Three celebrities at the Met Gala, with Farrow &amp;amp; Ball color swatches besides each celebrity relating to the color palette of their outfit.\"},{\"@type\":\"BreadcrumbList\",\"@id\":\"https:\\\/\\\/www.strassenweb.de\\\/nachrichten\\\/die-diesjaehrigen-met-gala-outfits-sind-die-quelle-der-farbinspiration-von-der-ich-nicht-wusste-dass-ich-ich-brauchte-anna-wintours-alles-cool-blue-look-hat-mir-das-perfekte-programm-fuer-mein-wohnz\\\/#breadcrumb\",\"itemListElement\":[{\"@type\":\"ListItem\",\"position\":1,\"name\":\"Home\",\"item\":\"https:\\\/\\\/www.strassenweb.de\\\/nachrichten\\\/\"},{\"@type\":\"ListItem\",\"position\":2,\"name\":\"Die diesj\u00e4hrigen Met-Gala-Outfits sind die Quelle der Farbinspiration, von der ich nicht wusste, dass ich ich brauchte-Anna Wintours alles cool-blue-Look hat mir das perfekte Programm f\u00fcr mein Wohnzimmerumbau gegeben\"}]},{\"@type\":\"WebSite\",\"@id\":\"https:\\\/\\\/www.strassenweb.de\\\/nachrichten\\\/#website\",\"url\":\"https:\\\/\\\/www.strassenweb.de\\\/nachrichten\\\/\",\"name\":\"Stra\u00dfenweb\",\"description\":\"Stra\u00dfenverzeichnis f\u00fcr Deutschland\",\"publisher\":{\"@id\":\"https:\\\/\\\/www.strassenweb.de\\\/nachrichten\\\/#organization\"},\"potentialAction\":[{\"@type\":\"SearchAction\",\"target\":{\"@type\":\"EntryPoint\",\"urlTemplate\":\"https:\\\/\\\/www.strassenweb.de\\\/nachrichten\\\/?s={search_term_string}\"},\"query-input\":{\"@type\":\"PropertyValueSpecification\",\"valueRequired\":true,\"valueName\":\"search_term_string\"}}],\"inLanguage\":\"de\"},{\"@type\":\"Organization\",\"@id\":\"https:\\\/\\\/www.strassenweb.de\\\/nachrichten\\\/#organization\",\"name\":\"Stra\u00dfenweb\",\"url\":\"https:\\\/\\\/www.strassenweb.de\\\/nachrichten\\\/\",\"logo\":{\"@type\":\"ImageObject\",\"inLanguage\":\"de\",\"@id\":\"https:\\\/\\\/www.strassenweb.de\\\/nachrichten\\\/#\\\/schema\\\/logo\\\/image\\\/\",\"url\":\"https:\\\/\\\/www.strassenweb.de\\\/nachrichten\\\/wp-content\\\/uploads\\\/2024\\\/09\\\/cropped-favicon.png\",\"contentUrl\":\"https:\\\/\\\/www.strassenweb.de\\\/nachrichten\\\/wp-content\\\/uploads\\\/2024\\\/09\\\/cropped-favicon.png\",\"width\":512,\"height\":512,\"caption\":\"Stra\u00dfenweb\"},\"image\":{\"@id\":\"https:\\\/\\\/www.strassenweb.de\\\/nachrichten\\\/#\\\/schema\\\/logo\\\/image\\\/\"},\"sameAs\":[\"https:\\\/\\\/www.facebook.com\\\/strassenweb\\\/\"]},{\"@type\":\"Person\",\"@id\":\"https:\\\/\\\/www.strassenweb.de\\\/nachrichten\\\/#\\\/schema\\\/person\\\/87c9c9067f1211da429a744dc5a5aa41\",\"name\":\"Robert Hoffmann\",\"image\":{\"@type\":\"ImageObject\",\"inLanguage\":\"de\",\"@id\":\"https:\\\/\\\/www.strassenweb.de\\\/nachrichten\\\/wp-content\\\/uploads\\\/2024\\\/09\\\/strassenweb-150x150.jpg\",\"url\":\"https:\\\/\\\/www.strassenweb.de\\\/nachrichten\\\/wp-content\\\/uploads\\\/2024\\\/09\\\/strassenweb-150x150.jpg\",\"contentUrl\":\"https:\\\/\\\/www.strassenweb.de\\\/nachrichten\\\/wp-content\\\/uploads\\\/2024\\\/09\\\/strassenweb-150x150.jpg\",\"caption\":\"Robert Hoffmann\"},\"description\":\"Ich hei\u00dfe Robert Hoffmann und ich bin ein leidenschaftlicher Verfechter von \u00d6kologie und Biodiversit\u00e4t. Seit meiner Kindheit in den W\u00e4ldern Bayerns f\u00fchle ich mich mit der Natur verbunden und bin entschlossen, sie zu sch\u00fctzen. Heute widme ich mein Leben der Sensibilisierung anderer f\u00fcr die Bedeutung des Umweltschutzes f\u00fcr zuk\u00fcnftige Generationen.\",\"sameAs\":[\"https:\\\/\\\/www.strassenweb.de\\\/\"]}]}<\/script>\n<!-- \/ Yoast SEO plugin. -->","yoast_head_json":{"title":"Die diesj\u00e4hrigen Met-Gala-Outfits sind die Quelle der Farbinspiration, von der ich nicht wusste, dass ich ich brauchte-Anna Wintours alles cool-blue-Look hat mir das perfekte Programm f\u00fcr mein Wohnzimmerumbau gegeben - Nachrichten - Stra\u00dfenweb","robots":{"index":"index","follow":"follow","max-snippet":"max-snippet:-1","max-image-preview":"max-image-preview:large","max-video-preview":"max-video-preview:-1"},"canonical":"https:\/\/www.strassenweb.de\/nachrichten\/die-diesjaehrigen-met-gala-outfits-sind-die-quelle-der-farbinspiration-von-der-ich-nicht-wusste-dass-ich-ich-brauchte-anna-wintours-alles-cool-blue-look-hat-mir-das-perfekte-programm-fuer-mein-wohnz\/","og_locale":"de_DE","og_type":"article","og_title":"Die diesj\u00e4hrigen Met-Gala-Outfits sind die Quelle der Farbinspiration, von der ich nicht wusste, dass ich ich brauchte-Anna Wintours alles cool-blue-Look hat mir das perfekte Programm f\u00fcr mein Wohnzimmerumbau gegeben - Nachrichten - Stra\u00dfenweb","og_description":"Oh, die j\u00e4hrliche Met Gala Extravaganza! Der Abend markierte die \u00d6ffnung von Superfine: Anpassung des schwarzen StilsDie Ausstellung des Kost\u00fcminstituts, die sich auf die Mode","og_url":"https:\/\/www.strassenweb.de\/nachrichten\/die-diesjaehrigen-met-gala-outfits-sind-die-quelle-der-farbinspiration-von-der-ich-nicht-wusste-dass-ich-ich-brauchte-anna-wintours-alles-cool-blue-look-hat-mir-das-perfekte-programm-fuer-mein-wohnz\/","og_site_name":"Stra\u00dfenweb","article_publisher":"https:\/\/www.facebook.com\/strassenweb\/","article_published_time":"2025-05-06T17:45:30+00:00","og_image":[{"width":1920,"height":1080,"url":"https:\/\/www.strassenweb.de\/nachrichten\/wp-content\/uploads\/2025\/05\/5VSgpp7Jk7FSHDFfKFA74Q.jpg","type":"image\/jpeg"}],"author":"Robert Hoffmann","twitter_card":"summary_large_image","twitter_misc":{"Verfasst von":"Robert Hoffmann","Gesch\u00e4tzte Lesezeit":"6\u00a0Minuten"},"schema":{"@context":"https:\/\/schema.org","@graph":[{"@type":"Article","@id":"https:\/\/www.strassenweb.de\/nachrichten\/die-diesjaehrigen-met-gala-outfits-sind-die-quelle-der-farbinspiration-von-der-ich-nicht-wusste-dass-ich-ich-brauchte-anna-wintours-alles-cool-blue-look-hat-mir-das-perfekte-programm-fuer-mein-wohnz\/#article","isPartOf":{"@id":"https:\/\/www.strassenweb.de\/nachrichten\/die-diesjaehrigen-met-gala-outfits-sind-die-quelle-der-farbinspiration-von-der-ich-nicht-wusste-dass-ich-ich-brauchte-anna-wintours-alles-cool-blue-look-hat-mir-das-perfekte-programm-fuer-mein-wohnz\/"},"author":{"name":"Robert Hoffmann","@id":"https:\/\/www.strassenweb.de\/nachrichten\/#\/schema\/person\/87c9c9067f1211da429a744dc5a5aa41"},"headline":"Die diesj\u00e4hrigen Met-Gala-Outfits sind die Quelle der Farbinspiration, von der ich nicht wusste, dass ich ich brauchte-Anna Wintours alles cool-blue-Look hat mir das perfekte Programm f\u00fcr mein Wohnzimmerumbau gegeben","datePublished":"2025-05-06T17:45:30+00:00","mainEntityOfPage":{"@id":"https:\/\/www.strassenweb.de\/nachrichten\/die-diesjaehrigen-met-gala-outfits-sind-die-quelle-der-farbinspiration-von-der-ich-nicht-wusste-dass-ich-ich-brauchte-anna-wintours-alles-cool-blue-look-hat-mir-das-perfekte-programm-fuer-mein-wohnz\/"},"wordCount":1302,"publisher":{"@id":"https:\/\/www.strassenweb.de\/nachrichten\/#organization"},"image":{"@id":"https:\/\/www.strassenweb.de\/nachrichten\/die-diesjaehrigen-met-gala-outfits-sind-die-quelle-der-farbinspiration-von-der-ich-nicht-wusste-dass-ich-ich-brauchte-anna-wintours-alles-cool-blue-look-hat-mir-das-perfekte-programm-fuer-mein-wohnz\/#primaryimage"},"thumbnailUrl":"https:\/\/www.strassenweb.de\/nachrichten\/wp-content\/uploads\/2025\/05\/5VSgpp7Jk7FSHDFfKFA74Q.jpg","keywords":["alles","brauchteAnna","coolblueLook","das","dass","der","die","diesj\u00e4hrigen","Farbinspiration","f\u00fcr","gegeben","hat","ich","mein","MetGalaOutfits","mir","nicht","perfekte","Programm","Quelle","sind","von","Wintours","Wohnzimmerumbau","wusste"],"articleSection":["Haus &amp; Garten"],"inLanguage":"de"},{"@type":"WebPage","@id":"https:\/\/www.strassenweb.de\/nachrichten\/die-diesjaehrigen-met-gala-outfits-sind-die-quelle-der-farbinspiration-von-der-ich-nicht-wusste-dass-ich-ich-brauchte-anna-wintours-alles-cool-blue-look-hat-mir-das-perfekte-programm-fuer-mein-wohnz\/","url":"https:\/\/www.strassenweb.de\/nachrichten\/die-diesjaehrigen-met-gala-outfits-sind-die-quelle-der-farbinspiration-von-der-ich-nicht-wusste-dass-ich-ich-brauchte-anna-wintours-alles-cool-blue-look-hat-mir-das-perfekte-programm-fuer-mein-wohnz\/","name":"Die diesj\u00e4hrigen Met-Gala-Outfits sind die Quelle der Farbinspiration, von der ich nicht wusste, dass ich ich brauchte-Anna Wintours alles cool-blue-Look hat mir das perfekte Programm f\u00fcr mein Wohnzimmerumbau gegeben - Nachrichten - Stra\u00dfenweb","isPartOf":{"@id":"https:\/\/www.strassenweb.de\/nachrichten\/#website"},"primaryImageOfPage":{"@id":"https:\/\/www.strassenweb.de\/nachrichten\/die-diesjaehrigen-met-gala-outfits-sind-die-quelle-der-farbinspiration-von-der-ich-nicht-wusste-dass-ich-ich-brauchte-anna-wintours-alles-cool-blue-look-hat-mir-das-perfekte-programm-fuer-mein-wohnz\/#primaryimage"},"image":{"@id":"https:\/\/www.strassenweb.de\/nachrichten\/die-diesjaehrigen-met-gala-outfits-sind-die-quelle-der-farbinspiration-von-der-ich-nicht-wusste-dass-ich-ich-brauchte-anna-wintours-alles-cool-blue-look-hat-mir-das-perfekte-programm-fuer-mein-wohnz\/#primaryimage"},"thumbnailUrl":"https:\/\/www.strassenweb.de\/nachrichten\/wp-content\/uploads\/2025\/05\/5VSgpp7Jk7FSHDFfKFA74Q.jpg","datePublished":"2025-05-06T17:45:30+00:00","breadcrumb":{"@id":"https:\/\/www.strassenweb.de\/nachrichten\/die-diesjaehrigen-met-gala-outfits-sind-die-quelle-der-farbinspiration-von-der-ich-nicht-wusste-dass-ich-ich-brauchte-anna-wintours-alles-cool-blue-look-hat-mir-das-perfekte-programm-fuer-mein-wohnz\/#breadcrumb"},"inLanguage":"de","potentialAction":[{"@type":"ReadAction","target":["https:\/\/www.strassenweb.de\/nachrichten\/die-diesjaehrigen-met-gala-outfits-sind-die-quelle-der-farbinspiration-von-der-ich-nicht-wusste-dass-ich-ich-brauchte-anna-wintours-alles-cool-blue-look-hat-mir-das-perfekte-programm-fuer-mein-wohnz\/"]}]},{"@type":"ImageObject","inLanguage":"de","@id":"https:\/\/www.strassenweb.de\/nachrichten\/die-diesjaehrigen-met-gala-outfits-sind-die-quelle-der-farbinspiration-von-der-ich-nicht-wusste-dass-ich-ich-brauchte-anna-wintours-alles-cool-blue-look-hat-mir-das-perfekte-programm-fuer-mein-wohnz\/#primaryimage","url":"https:\/\/www.strassenweb.de\/nachrichten\/wp-content\/uploads\/2025\/05\/5VSgpp7Jk7FSHDFfKFA74Q.jpg","contentUrl":"https:\/\/www.strassenweb.de\/nachrichten\/wp-content\/uploads\/2025\/05\/5VSgpp7Jk7FSHDFfKFA74Q.jpg","width":1920,"height":1080,"caption":"Three celebrities at the Met Gala, with Farrow &amp;amp; Ball color swatches besides each celebrity relating to the color palette of their outfit."},{"@type":"BreadcrumbList","@id":"https:\/\/www.strassenweb.de\/nachrichten\/die-diesjaehrigen-met-gala-outfits-sind-die-quelle-der-farbinspiration-von-der-ich-nicht-wusste-dass-ich-ich-brauchte-anna-wintours-alles-cool-blue-look-hat-mir-das-perfekte-programm-fuer-mein-wohnz\/#breadcrumb","itemListElement":[{"@type":"ListItem","position":1,"name":"Home","item":"https:\/\/www.strassenweb.de\/nachrichten\/"},{"@type":"ListItem","position":2,"name":"Die diesj\u00e4hrigen Met-Gala-Outfits sind die Quelle der Farbinspiration, von der ich nicht wusste, dass ich ich brauchte-Anna Wintours alles cool-blue-Look hat mir das perfekte Programm f\u00fcr mein Wohnzimmerumbau gegeben"}]},{"@type":"WebSite","@id":"https:\/\/www.strassenweb.de\/nachrichten\/#website","url":"https:\/\/www.strassenweb.de\/nachrichten\/","name":"Stra\u00dfenweb","description":"Stra\u00dfenverzeichnis f\u00fcr Deutschland","publisher":{"@id":"https:\/\/www.strassenweb.de\/nachrichten\/#organization"},"potentialAction":[{"@type":"SearchAction","target":{"@type":"EntryPoint","urlTemplate":"https:\/\/www.strassenweb.de\/nachrichten\/?s={search_term_string}"},"query-input":{"@type":"PropertyValueSpecification","valueRequired":true,"valueName":"search_term_string"}}],"inLanguage":"de"},{"@type":"Organization","@id":"https:\/\/www.strassenweb.de\/nachrichten\/#organization","name":"Stra\u00dfenweb","url":"https:\/\/www.strassenweb.de\/nachrichten\/","logo":{"@type":"ImageObject","inLanguage":"de","@id":"https:\/\/www.strassenweb.de\/nachrichten\/#\/schema\/logo\/image\/","url":"https:\/\/www.strassenweb.de\/nachrichten\/wp-content\/uploads\/2024\/09\/cropped-favicon.png","contentUrl":"https:\/\/www.strassenweb.de\/nachrichten\/wp-content\/uploads\/2024\/09\/cropped-favicon.png","width":512,"height":512,"caption":"Stra\u00dfenweb"},"image":{"@id":"https:\/\/www.strassenweb.de\/nachrichten\/#\/schema\/logo\/image\/"},"sameAs":["https:\/\/www.facebook.com\/strassenweb\/"]},{"@type":"Person","@id":"https:\/\/www.strassenweb.de\/nachrichten\/#\/schema\/person\/87c9c9067f1211da429a744dc5a5aa41","name":"Robert Hoffmann","image":{"@type":"ImageObject","inLanguage":"de","@id":"https:\/\/www.strassenweb.de\/nachrichten\/wp-content\/uploads\/2024\/09\/strassenweb-150x150.jpg","url":"https:\/\/www.strassenweb.de\/nachrichten\/wp-content\/uploads\/2024\/09\/strassenweb-150x150.jpg","contentUrl":"https:\/\/www.strassenweb.de\/nachrichten\/wp-content\/uploads\/2024\/09\/strassenweb-150x150.jpg","caption":"Robert Hoffmann"},"description":"Ich hei\u00dfe Robert Hoffmann und ich bin ein leidenschaftlicher Verfechter von \u00d6kologie und Biodiversit\u00e4t. Seit meiner Kindheit in den W\u00e4ldern Bayerns f\u00fchle ich mich mit der Natur verbunden und bin entschlossen, sie zu sch\u00fctzen. Heute widme ich mein Leben der Sensibilisierung anderer f\u00fcr die Bedeutung des Umweltschutzes f\u00fcr zuk\u00fcnftige Generationen.","sameAs":["https:\/\/www.strassenweb.de\/"]}]}},"_links":{"self":[{"href":"https:\/\/www.strassenweb.de\/nachrichten\/wp-json\/wp\/v2\/posts\/4890","targetHints":{"allow":["GET"]}}],"collection":[{"href":"https:\/\/www.strassenweb.de\/nachrichten\/wp-json\/wp\/v2\/posts"}],"about":[{"href":"https:\/\/www.strassenweb.de\/nachrichten\/wp-json\/wp\/v2\/types\/post"}],"author":[{"embeddable":true,"href":"https:\/\/www.strassenweb.de\/nachrichten\/wp-json\/wp\/v2\/users\/1"}],"replies":[{"embeddable":true,"href":"https:\/\/www.strassenweb.de\/nachrichten\/wp-json\/wp\/v2\/comments?post=4890"}],"version-history":[{"count":0,"href":"https:\/\/www.strassenweb.de\/nachrichten\/wp-json\/wp\/v2\/posts\/4890\/revisions"}],"wp:featuredmedia":[{"embeddable":true,"href":"https:\/\/www.strassenweb.de\/nachrichten\/wp-json\/wp\/v2\/media\/4891"}],"wp:attachment":[{"href":"https:\/\/www.strassenweb.de\/nachrichten\/wp-json\/wp\/v2\/media?parent=4890"}],"wp:term":[{"taxonomy":"category","embeddable":true,"href":"https:\/\/www.strassenweb.de\/nachrichten\/wp-json\/wp\/v2\/categories?post=4890"},{"taxonomy":"post_tag","embeddable":true,"href":"https:\/\/www.strassenweb.de\/nachrichten\/wp-json\/wp\/v2\/tags?post=4890"}],"curies":[{"name":"wp","href":"https:\/\/api.w.org\/{rel}","templated":true}]}}