{"id":4851,"date":"2025-05-04T19:42:59","date_gmt":"2025-05-04T17:42:59","guid":{"rendered":"https:\/\/www.strassenweb.de\/nachrichten\/lewis-hamilton-machte-das-graue-moebel-fuer-den-sommer-2025-wieder-cool\/"},"modified":"2025-05-04T19:42:59","modified_gmt":"2025-05-04T17:42:59","slug":"lewis-hamilton-machte-das-graue-moebel-fuer-den-sommer-2025-wieder-cool","status":"publish","type":"post","link":"https:\/\/www.strassenweb.de\/nachrichten\/lewis-hamilton-machte-das-graue-moebel-fuer-den-sommer-2025-wieder-cool\/","title":{"rendered":"Lewis Hamilton machte das graue M\u00f6bel f\u00fcr den Sommer 2025 wieder cool"},"content":{"rendered":"<p><\/p>\n<div id=\"article-body\" class=\"article__body \">\n<p>Es ist endlich da: Die Patio -Saison ist angekommen, und damit haben wir nach Inspirationsquellen f\u00fcr M\u00f6bel und Zubeh\u00f6r -Upgrades gesucht.<\/p>\n<div id=\"ad-unit-1\" class=\"ad-unit\"><\/div>\n<p>Lewis Hamilton hat uns dank eines Instagram-Posts einige Terrassenideen zur Verf\u00fcgung gestellt. Der Schwerpunkt? Ein graues Outdoor -Sofa, das so elegant aussieht wie bequem.<\/p>\n<aside data-block-type=\"embed\" data-render-type=\"fte\" data-skip=\"dealsy\" data-widget-type=\"seasonal\" class=\"hawk-base\"><\/aside>\n<p>W\u00e4hrend Grau f\u00fcr manche als veraltet oder uninspirierend angesehen werden kann, glauben wir, dass es in einem Au\u00dfenbereich als fantastische, neutrale Basis dienen kann, insbesondere wenn es gut gestaltet ist. Dies ist auf Lewis Hamiltons Terrasse der Fall, was, wie ich zu gebe, meine Sichtweise auf diese &#8222;\u00dcbertrieb&#8220; ge\u00e4ndert habe. Ich hatte nicht erwartet, dass Grey so modern aussieht wie in seinem Schuss, aber seine Outdoor-M\u00f6bel sind unbestreitbar zeitgem\u00e4\u00df und ach so cool.<\/p>\n<div id=\"desktop-in-article\" class=\"in-article ad-unit\">\n<div id=\"desktop-taboola-mid-article\"><\/div>\n<\/div>\n<div id=\"mobile-in-article\" class=\"in-article ad-unit\">\n<div id=\"mobile-taboola-mid-article\"><\/div>\n<\/div>\n<div class=\"instagram-embed\">\n<blockquote class=\"instagram-media\" data-instgrm-captioned data-instgrm-version=\"6\" style=\"width:99.375%; width:-webkit-calc(100% - 2px); width:calc(100% - 2px);\">\n<p>Ein Beitrag, der von Lewis Hamilton (@lewishamilton) geteilt wird<\/p>\n<p>Ein Foto von on <\/p>\n<\/blockquote>\n<\/div>\n<h3 class=\"article-body__section\" id=\"section-shop-the-gray-outdoor-furniture-edit\"><span>Kaufen Sie die grauen Outdoor -M\u00f6bel ein<\/span><\/h3>\n<div class=\"product-container hero-product-container product-block-no-wrap\"><\/div>\n<p>Laut Experten ist das Dekorieren mit Grey eine fantastische Wahl f\u00fcr Innen- und Au\u00dfenbereiche, was zum gro\u00dfen Teil aufgrund seiner Vielseitigkeit.<\/p>\n<div class=\"van_vid_carousel\">\n<div class=\"van_vid_carousel__padding\">\n<div class=\"van_vid_carousel__container\"><\/div>\n<\/div>\n<\/div>\n<p>&#8222;Gray&#8217;s Anpassungsf\u00e4higkeit und zur\u00fcckhaltender Charme machen es zu einer ausgezeichneten Wahl f\u00fcr jedes Designschema&#8220;, sagt Designerin Nina Lichtenstein. &#8222;Egal, ob Sie einen modernen Minimalismus, klassischen Eleganz oder gem\u00fctlichen Komfort anstreben, Gray bietet eine zeitlose Grundlage, mit der Ihr pers\u00f6nlicher Stil durchscheinen kann.&#8220;<\/p>\n<div id=\"ad-unit-2\" class=\"ad-unit\"><\/div>\n<p>Ein wesentlicher Aspekt des Styling -Grey -M\u00f6bels ist die Kombination mit komplement\u00e4ren Farben. Wir k\u00f6nnen sehen, dass Lewis sich f\u00fcr einige Creme -Wurfkissen entschieden hat, die das dunkle Sofa wundersch\u00f6n erg\u00e4nzen.<\/p>\n<p>&#8222;F\u00fcr einen knusprigen, sauberen Look, das grau mit Wei\u00df paart&#8220;, schl\u00e4gt Nina vor. &#8218;Diese Kombination ist zeitlos und frisch, perfekt f\u00fcr moderne und minimalistische \u00c4sthetik. Zu den wei\u00dfen Akzenten geh\u00f6ren Trim, M\u00f6bel und Accessoires, die die Klarheit und Helligkeit des Raums verbessern. &#8218;<\/p>\n<div id=\"slice-container-newsletterForm-articleInbodyContent-V75jH6ouWzThF9SYfazg99\" class=\"slice-container newsletter-inbodyContent-slice newsletterForm-articleInbodyContent-V75jH6ouWzThF9SYfazg99 slice-container-newsletterForm\"><\/div>\n<p>Alternativ ist Gr\u00fcn eine gro\u00dfartige Akzentfarbe in einem Au\u00dfenbereich, unabh\u00e4ngig davon, ob Ihre Terrasse st\u00e4dtisch oder l\u00e4ndlich ist.<\/p>\n<p>&#8222;Grau und gr\u00fcn zusammen bringen ein nat\u00fcrliches, organisches Gef\u00fchl in einen Raum&#8220;, sagt Nina. &#8218;Sage oder Olive Green erg\u00e4nzt Gray&#8217;s ged\u00e4mpfte T\u00f6ne und schafft eine harmonische und erfrischende Umgebung. Diese Paarung eignet sich gut in Wohnzimmern, Heimb\u00fcros und jedem Raum, in dem Sie die von Natur aus inspirierte Ruhe einbeziehen m\u00f6chten. &#8218;<\/p>\n<p>F\u00fcr diejenigen, die eine mutige Hinterhofeinstellung erstellen m\u00f6chten, sollten Sie sich die bew\u00e4hrte Paarung von Grau und Schwarz in Betracht ziehen.<\/p>\n<p>&#8222;F\u00fcr eine mutige und dramatische Aussage, kombinieren Sie Grey mit Schwarz&#8220;, sagt Nina. &#8218;Dieses raffinierte Duo verleiht Tiefe und Moderne, perfekt f\u00fcr zeitgen\u00f6ssische R\u00e4ume. Verwenden Sie schwarze Akzente sparsam, um das Gleichgewicht aufrechtzuerhalten und den Raum zu \u00fcberw\u00e4ltigen. &#8218;<\/p>\n<hr>\n<p>Entspannend und doch schick ist Grau die perfekte Farbe, um eine Terrasse zu w\u00e4hlen.<\/p>\n<hr>\n<\/div>\n<p><script async src=\"\/\/www.instagram.com\/embed.js\"><\/script><\/p>\n","protected":false},"excerpt":{"rendered":"<p>Es ist endlich da: Die Patio -Saison ist angekommen, und damit haben wir nach Inspirationsquellen f\u00fcr M\u00f6bel und Zubeh\u00f6r -Upgrades gesucht. Lewis Hamilton hat uns<\/p>\n","protected":false},"author":1,"featured_media":4852,"comment_status":"closed","ping_status":"","sticky":false,"template":"","format":"standard","meta":{"footnotes":""},"categories":[118],"tags":[5565,112,78,55,2020,2534,2533,7091,1816,385,1440],"class_list":["post-4851","post","type-post","status-publish","format-standard","has-post-thumbnail","hentry","category-haus-garten","tag-cool","tag-das","tag-den","tag-fuer","tag-graue","tag-hamilton","tag-lewis","tag-machte","tag-moebel","tag-sommer","tag-wieder","generate-columns","tablet-grid-50","mobile-grid-100","grid-parent","grid-50"],"yoast_head":"<!-- This site is optimized with the Yoast SEO plugin v27.3 - https:\/\/yoast.com\/product\/yoast-seo-wordpress\/ -->\n<title>Lewis Hamilton machte das graue M\u00f6bel f\u00fcr den Sommer 2025 wieder cool - Nachrichten - Stra\u00dfenweb<\/title>\n<meta name=\"robots\" content=\"index, follow, max-snippet:-1, max-image-preview:large, max-video-preview:-1\" \/>\n<link rel=\"canonical\" href=\"https:\/\/www.strassenweb.de\/nachrichten\/lewis-hamilton-machte-das-graue-moebel-fuer-den-sommer-2025-wieder-cool\/\" \/>\n<meta property=\"og:locale\" content=\"de_DE\" \/>\n<meta property=\"og:type\" content=\"article\" \/>\n<meta property=\"og:title\" content=\"Lewis Hamilton machte das graue M\u00f6bel f\u00fcr den Sommer 2025 wieder cool - Nachrichten - Stra\u00dfenweb\" \/>\n<meta property=\"og:description\" content=\"Es ist endlich da: Die Patio -Saison ist angekommen, und damit haben wir nach Inspirationsquellen f\u00fcr M\u00f6bel und Zubeh\u00f6r -Upgrades gesucht. Lewis Hamilton hat uns\" \/>\n<meta property=\"og:url\" content=\"https:\/\/www.strassenweb.de\/nachrichten\/lewis-hamilton-machte-das-graue-moebel-fuer-den-sommer-2025-wieder-cool\/\" \/>\n<meta property=\"og:site_name\" content=\"Stra\u00dfenweb\" \/>\n<meta property=\"article:publisher\" content=\"https:\/\/www.facebook.com\/strassenweb\/\" \/>\n<meta property=\"article:published_time\" content=\"2025-05-04T17:42:59+00:00\" \/>\n<meta property=\"og:image\" content=\"https:\/\/www.strassenweb.de\/nachrichten\/wp-content\/uploads\/2024\/11\/ZCv3uLxFh5pYkVRACtQ4VU.jpg\" \/>\n\t<meta property=\"og:image:width\" content=\"1\" \/>\n\t<meta property=\"og:image:height\" content=\"1\" \/>\n\t<meta property=\"og:image:type\" content=\"image\/jpeg\" \/>\n<meta name=\"author\" content=\"Robert Hoffmann\" \/>\n<meta name=\"twitter:card\" content=\"summary_large_image\" \/>\n<meta name=\"twitter:label1\" content=\"Verfasst von\" \/>\n\t<meta name=\"twitter:data1\" content=\"Robert Hoffmann\" \/>\n\t<meta name=\"twitter:label2\" content=\"Gesch\u00e4tzte Lesezeit\" \/>\n\t<meta name=\"twitter:data2\" content=\"2\u00a0Minuten\" \/>\n<script type=\"application\/ld+json\" class=\"yoast-schema-graph\">{\"@context\":\"https:\\\/\\\/schema.org\",\"@graph\":[{\"@type\":\"Article\",\"@id\":\"https:\\\/\\\/www.strassenweb.de\\\/nachrichten\\\/lewis-hamilton-machte-das-graue-moebel-fuer-den-sommer-2025-wieder-cool\\\/#article\",\"isPartOf\":{\"@id\":\"https:\\\/\\\/www.strassenweb.de\\\/nachrichten\\\/lewis-hamilton-machte-das-graue-moebel-fuer-den-sommer-2025-wieder-cool\\\/\"},\"author\":{\"name\":\"Robert Hoffmann\",\"@id\":\"https:\\\/\\\/www.strassenweb.de\\\/nachrichten\\\/#\\\/schema\\\/person\\\/87c9c9067f1211da429a744dc5a5aa41\"},\"headline\":\"Lewis Hamilton machte das graue M\u00f6bel f\u00fcr den Sommer 2025 wieder cool\",\"datePublished\":\"2025-05-04T17:42:59+00:00\",\"mainEntityOfPage\":{\"@id\":\"https:\\\/\\\/www.strassenweb.de\\\/nachrichten\\\/lewis-hamilton-machte-das-graue-moebel-fuer-den-sommer-2025-wieder-cool\\\/\"},\"wordCount\":484,\"publisher\":{\"@id\":\"https:\\\/\\\/www.strassenweb.de\\\/nachrichten\\\/#organization\"},\"image\":{\"@id\":\"https:\\\/\\\/www.strassenweb.de\\\/nachrichten\\\/lewis-hamilton-machte-das-graue-moebel-fuer-den-sommer-2025-wieder-cool\\\/#primaryimage\"},\"thumbnailUrl\":\"https:\\\/\\\/www.strassenweb.de\\\/nachrichten\\\/wp-content\\\/uploads\\\/2024\\\/11\\\/ZCv3uLxFh5pYkVRACtQ4VU.jpg\",\"keywords\":[\"cool\",\"das\",\"den\",\"f\u00fcr\",\"graue\",\"Hamilton\",\"Lewis\",\"machte\",\"M\u00f6bel\",\"Sommer\",\"wieder\"],\"articleSection\":[\"Haus &amp; Garten\"],\"inLanguage\":\"de\"},{\"@type\":\"WebPage\",\"@id\":\"https:\\\/\\\/www.strassenweb.de\\\/nachrichten\\\/lewis-hamilton-machte-das-graue-moebel-fuer-den-sommer-2025-wieder-cool\\\/\",\"url\":\"https:\\\/\\\/www.strassenweb.de\\\/nachrichten\\\/lewis-hamilton-machte-das-graue-moebel-fuer-den-sommer-2025-wieder-cool\\\/\",\"name\":\"Lewis Hamilton machte das graue M\u00f6bel f\u00fcr den Sommer 2025 wieder cool - Nachrichten - Stra\u00dfenweb\",\"isPartOf\":{\"@id\":\"https:\\\/\\\/www.strassenweb.de\\\/nachrichten\\\/#website\"},\"primaryImageOfPage\":{\"@id\":\"https:\\\/\\\/www.strassenweb.de\\\/nachrichten\\\/lewis-hamilton-machte-das-graue-moebel-fuer-den-sommer-2025-wieder-cool\\\/#primaryimage\"},\"image\":{\"@id\":\"https:\\\/\\\/www.strassenweb.de\\\/nachrichten\\\/lewis-hamilton-machte-das-graue-moebel-fuer-den-sommer-2025-wieder-cool\\\/#primaryimage\"},\"thumbnailUrl\":\"https:\\\/\\\/www.strassenweb.de\\\/nachrichten\\\/wp-content\\\/uploads\\\/2024\\\/11\\\/ZCv3uLxFh5pYkVRACtQ4VU.jpg\",\"datePublished\":\"2025-05-04T17:42:59+00:00\",\"breadcrumb\":{\"@id\":\"https:\\\/\\\/www.strassenweb.de\\\/nachrichten\\\/lewis-hamilton-machte-das-graue-moebel-fuer-den-sommer-2025-wieder-cool\\\/#breadcrumb\"},\"inLanguage\":\"de\",\"potentialAction\":[{\"@type\":\"ReadAction\",\"target\":[\"https:\\\/\\\/www.strassenweb.de\\\/nachrichten\\\/lewis-hamilton-machte-das-graue-moebel-fuer-den-sommer-2025-wieder-cool\\\/\"]}]},{\"@type\":\"ImageObject\",\"inLanguage\":\"de\",\"@id\":\"https:\\\/\\\/www.strassenweb.de\\\/nachrichten\\\/lewis-hamilton-machte-das-graue-moebel-fuer-den-sommer-2025-wieder-cool\\\/#primaryimage\",\"url\":\"https:\\\/\\\/www.strassenweb.de\\\/nachrichten\\\/wp-content\\\/uploads\\\/2024\\\/11\\\/ZCv3uLxFh5pYkVRACtQ4VU.jpg\",\"contentUrl\":\"https:\\\/\\\/www.strassenweb.de\\\/nachrichten\\\/wp-content\\\/uploads\\\/2024\\\/11\\\/ZCv3uLxFh5pYkVRACtQ4VU.jpg\",\"caption\":\"Lewis Hamilton\"},{\"@type\":\"BreadcrumbList\",\"@id\":\"https:\\\/\\\/www.strassenweb.de\\\/nachrichten\\\/lewis-hamilton-machte-das-graue-moebel-fuer-den-sommer-2025-wieder-cool\\\/#breadcrumb\",\"itemListElement\":[{\"@type\":\"ListItem\",\"position\":1,\"name\":\"Home\",\"item\":\"https:\\\/\\\/www.strassenweb.de\\\/nachrichten\\\/\"},{\"@type\":\"ListItem\",\"position\":2,\"name\":\"Lewis Hamilton machte das graue M\u00f6bel f\u00fcr den Sommer 2025 wieder cool\"}]},{\"@type\":\"WebSite\",\"@id\":\"https:\\\/\\\/www.strassenweb.de\\\/nachrichten\\\/#website\",\"url\":\"https:\\\/\\\/www.strassenweb.de\\\/nachrichten\\\/\",\"name\":\"Stra\u00dfenweb\",\"description\":\"Stra\u00dfenverzeichnis f\u00fcr Deutschland\",\"publisher\":{\"@id\":\"https:\\\/\\\/www.strassenweb.de\\\/nachrichten\\\/#organization\"},\"potentialAction\":[{\"@type\":\"SearchAction\",\"target\":{\"@type\":\"EntryPoint\",\"urlTemplate\":\"https:\\\/\\\/www.strassenweb.de\\\/nachrichten\\\/?s={search_term_string}\"},\"query-input\":{\"@type\":\"PropertyValueSpecification\",\"valueRequired\":true,\"valueName\":\"search_term_string\"}}],\"inLanguage\":\"de\"},{\"@type\":\"Organization\",\"@id\":\"https:\\\/\\\/www.strassenweb.de\\\/nachrichten\\\/#organization\",\"name\":\"Stra\u00dfenweb\",\"url\":\"https:\\\/\\\/www.strassenweb.de\\\/nachrichten\\\/\",\"logo\":{\"@type\":\"ImageObject\",\"inLanguage\":\"de\",\"@id\":\"https:\\\/\\\/www.strassenweb.de\\\/nachrichten\\\/#\\\/schema\\\/logo\\\/image\\\/\",\"url\":\"https:\\\/\\\/www.strassenweb.de\\\/nachrichten\\\/wp-content\\\/uploads\\\/2024\\\/09\\\/cropped-favicon.png\",\"contentUrl\":\"https:\\\/\\\/www.strassenweb.de\\\/nachrichten\\\/wp-content\\\/uploads\\\/2024\\\/09\\\/cropped-favicon.png\",\"width\":512,\"height\":512,\"caption\":\"Stra\u00dfenweb\"},\"image\":{\"@id\":\"https:\\\/\\\/www.strassenweb.de\\\/nachrichten\\\/#\\\/schema\\\/logo\\\/image\\\/\"},\"sameAs\":[\"https:\\\/\\\/www.facebook.com\\\/strassenweb\\\/\"]},{\"@type\":\"Person\",\"@id\":\"https:\\\/\\\/www.strassenweb.de\\\/nachrichten\\\/#\\\/schema\\\/person\\\/87c9c9067f1211da429a744dc5a5aa41\",\"name\":\"Robert Hoffmann\",\"image\":{\"@type\":\"ImageObject\",\"inLanguage\":\"de\",\"@id\":\"https:\\\/\\\/www.strassenweb.de\\\/nachrichten\\\/wp-content\\\/uploads\\\/2024\\\/09\\\/strassenweb-150x150.jpg\",\"url\":\"https:\\\/\\\/www.strassenweb.de\\\/nachrichten\\\/wp-content\\\/uploads\\\/2024\\\/09\\\/strassenweb-150x150.jpg\",\"contentUrl\":\"https:\\\/\\\/www.strassenweb.de\\\/nachrichten\\\/wp-content\\\/uploads\\\/2024\\\/09\\\/strassenweb-150x150.jpg\",\"caption\":\"Robert Hoffmann\"},\"description\":\"Ich hei\u00dfe Robert Hoffmann und ich bin ein leidenschaftlicher Verfechter von \u00d6kologie und Biodiversit\u00e4t. Seit meiner Kindheit in den W\u00e4ldern Bayerns f\u00fchle ich mich mit der Natur verbunden und bin entschlossen, sie zu sch\u00fctzen. Heute widme ich mein Leben der Sensibilisierung anderer f\u00fcr die Bedeutung des Umweltschutzes f\u00fcr zuk\u00fcnftige Generationen.\",\"sameAs\":[\"https:\\\/\\\/www.strassenweb.de\\\/\"]}]}<\/script>\n<!-- \/ Yoast SEO plugin. -->","yoast_head_json":{"title":"Lewis Hamilton machte das graue M\u00f6bel f\u00fcr den Sommer 2025 wieder cool - Nachrichten - Stra\u00dfenweb","robots":{"index":"index","follow":"follow","max-snippet":"max-snippet:-1","max-image-preview":"max-image-preview:large","max-video-preview":"max-video-preview:-1"},"canonical":"https:\/\/www.strassenweb.de\/nachrichten\/lewis-hamilton-machte-das-graue-moebel-fuer-den-sommer-2025-wieder-cool\/","og_locale":"de_DE","og_type":"article","og_title":"Lewis Hamilton machte das graue M\u00f6bel f\u00fcr den Sommer 2025 wieder cool - Nachrichten - Stra\u00dfenweb","og_description":"Es ist endlich da: Die Patio -Saison ist angekommen, und damit haben wir nach Inspirationsquellen f\u00fcr M\u00f6bel und Zubeh\u00f6r -Upgrades gesucht. Lewis Hamilton hat uns","og_url":"https:\/\/www.strassenweb.de\/nachrichten\/lewis-hamilton-machte-das-graue-moebel-fuer-den-sommer-2025-wieder-cool\/","og_site_name":"Stra\u00dfenweb","article_publisher":"https:\/\/www.facebook.com\/strassenweb\/","article_published_time":"2025-05-04T17:42:59+00:00","og_image":[{"url":"https:\/\/www.strassenweb.de\/nachrichten\/wp-content\/uploads\/2024\/11\/ZCv3uLxFh5pYkVRACtQ4VU.jpg","width":1,"height":1,"type":"image\/jpeg"}],"author":"Robert Hoffmann","twitter_card":"summary_large_image","twitter_misc":{"Verfasst von":"Robert Hoffmann","Gesch\u00e4tzte Lesezeit":"2\u00a0Minuten"},"schema":{"@context":"https:\/\/schema.org","@graph":[{"@type":"Article","@id":"https:\/\/www.strassenweb.de\/nachrichten\/lewis-hamilton-machte-das-graue-moebel-fuer-den-sommer-2025-wieder-cool\/#article","isPartOf":{"@id":"https:\/\/www.strassenweb.de\/nachrichten\/lewis-hamilton-machte-das-graue-moebel-fuer-den-sommer-2025-wieder-cool\/"},"author":{"name":"Robert Hoffmann","@id":"https:\/\/www.strassenweb.de\/nachrichten\/#\/schema\/person\/87c9c9067f1211da429a744dc5a5aa41"},"headline":"Lewis Hamilton machte das graue M\u00f6bel f\u00fcr den Sommer 2025 wieder cool","datePublished":"2025-05-04T17:42:59+00:00","mainEntityOfPage":{"@id":"https:\/\/www.strassenweb.de\/nachrichten\/lewis-hamilton-machte-das-graue-moebel-fuer-den-sommer-2025-wieder-cool\/"},"wordCount":484,"publisher":{"@id":"https:\/\/www.strassenweb.de\/nachrichten\/#organization"},"image":{"@id":"https:\/\/www.strassenweb.de\/nachrichten\/lewis-hamilton-machte-das-graue-moebel-fuer-den-sommer-2025-wieder-cool\/#primaryimage"},"thumbnailUrl":"https:\/\/www.strassenweb.de\/nachrichten\/wp-content\/uploads\/2024\/11\/ZCv3uLxFh5pYkVRACtQ4VU.jpg","keywords":["cool","das","den","f\u00fcr","graue","Hamilton","Lewis","machte","M\u00f6bel","Sommer","wieder"],"articleSection":["Haus &amp; Garten"],"inLanguage":"de"},{"@type":"WebPage","@id":"https:\/\/www.strassenweb.de\/nachrichten\/lewis-hamilton-machte-das-graue-moebel-fuer-den-sommer-2025-wieder-cool\/","url":"https:\/\/www.strassenweb.de\/nachrichten\/lewis-hamilton-machte-das-graue-moebel-fuer-den-sommer-2025-wieder-cool\/","name":"Lewis Hamilton machte das graue M\u00f6bel f\u00fcr den Sommer 2025 wieder cool - Nachrichten - Stra\u00dfenweb","isPartOf":{"@id":"https:\/\/www.strassenweb.de\/nachrichten\/#website"},"primaryImageOfPage":{"@id":"https:\/\/www.strassenweb.de\/nachrichten\/lewis-hamilton-machte-das-graue-moebel-fuer-den-sommer-2025-wieder-cool\/#primaryimage"},"image":{"@id":"https:\/\/www.strassenweb.de\/nachrichten\/lewis-hamilton-machte-das-graue-moebel-fuer-den-sommer-2025-wieder-cool\/#primaryimage"},"thumbnailUrl":"https:\/\/www.strassenweb.de\/nachrichten\/wp-content\/uploads\/2024\/11\/ZCv3uLxFh5pYkVRACtQ4VU.jpg","datePublished":"2025-05-04T17:42:59+00:00","breadcrumb":{"@id":"https:\/\/www.strassenweb.de\/nachrichten\/lewis-hamilton-machte-das-graue-moebel-fuer-den-sommer-2025-wieder-cool\/#breadcrumb"},"inLanguage":"de","potentialAction":[{"@type":"ReadAction","target":["https:\/\/www.strassenweb.de\/nachrichten\/lewis-hamilton-machte-das-graue-moebel-fuer-den-sommer-2025-wieder-cool\/"]}]},{"@type":"ImageObject","inLanguage":"de","@id":"https:\/\/www.strassenweb.de\/nachrichten\/lewis-hamilton-machte-das-graue-moebel-fuer-den-sommer-2025-wieder-cool\/#primaryimage","url":"https:\/\/www.strassenweb.de\/nachrichten\/wp-content\/uploads\/2024\/11\/ZCv3uLxFh5pYkVRACtQ4VU.jpg","contentUrl":"https:\/\/www.strassenweb.de\/nachrichten\/wp-content\/uploads\/2024\/11\/ZCv3uLxFh5pYkVRACtQ4VU.jpg","caption":"Lewis Hamilton"},{"@type":"BreadcrumbList","@id":"https:\/\/www.strassenweb.de\/nachrichten\/lewis-hamilton-machte-das-graue-moebel-fuer-den-sommer-2025-wieder-cool\/#breadcrumb","itemListElement":[{"@type":"ListItem","position":1,"name":"Home","item":"https:\/\/www.strassenweb.de\/nachrichten\/"},{"@type":"ListItem","position":2,"name":"Lewis Hamilton machte das graue M\u00f6bel f\u00fcr den Sommer 2025 wieder cool"}]},{"@type":"WebSite","@id":"https:\/\/www.strassenweb.de\/nachrichten\/#website","url":"https:\/\/www.strassenweb.de\/nachrichten\/","name":"Stra\u00dfenweb","description":"Stra\u00dfenverzeichnis f\u00fcr Deutschland","publisher":{"@id":"https:\/\/www.strassenweb.de\/nachrichten\/#organization"},"potentialAction":[{"@type":"SearchAction","target":{"@type":"EntryPoint","urlTemplate":"https:\/\/www.strassenweb.de\/nachrichten\/?s={search_term_string}"},"query-input":{"@type":"PropertyValueSpecification","valueRequired":true,"valueName":"search_term_string"}}],"inLanguage":"de"},{"@type":"Organization","@id":"https:\/\/www.strassenweb.de\/nachrichten\/#organization","name":"Stra\u00dfenweb","url":"https:\/\/www.strassenweb.de\/nachrichten\/","logo":{"@type":"ImageObject","inLanguage":"de","@id":"https:\/\/www.strassenweb.de\/nachrichten\/#\/schema\/logo\/image\/","url":"https:\/\/www.strassenweb.de\/nachrichten\/wp-content\/uploads\/2024\/09\/cropped-favicon.png","contentUrl":"https:\/\/www.strassenweb.de\/nachrichten\/wp-content\/uploads\/2024\/09\/cropped-favicon.png","width":512,"height":512,"caption":"Stra\u00dfenweb"},"image":{"@id":"https:\/\/www.strassenweb.de\/nachrichten\/#\/schema\/logo\/image\/"},"sameAs":["https:\/\/www.facebook.com\/strassenweb\/"]},{"@type":"Person","@id":"https:\/\/www.strassenweb.de\/nachrichten\/#\/schema\/person\/87c9c9067f1211da429a744dc5a5aa41","name":"Robert Hoffmann","image":{"@type":"ImageObject","inLanguage":"de","@id":"https:\/\/www.strassenweb.de\/nachrichten\/wp-content\/uploads\/2024\/09\/strassenweb-150x150.jpg","url":"https:\/\/www.strassenweb.de\/nachrichten\/wp-content\/uploads\/2024\/09\/strassenweb-150x150.jpg","contentUrl":"https:\/\/www.strassenweb.de\/nachrichten\/wp-content\/uploads\/2024\/09\/strassenweb-150x150.jpg","caption":"Robert Hoffmann"},"description":"Ich hei\u00dfe Robert Hoffmann und ich bin ein leidenschaftlicher Verfechter von \u00d6kologie und Biodiversit\u00e4t. Seit meiner Kindheit in den W\u00e4ldern Bayerns f\u00fchle ich mich mit der Natur verbunden und bin entschlossen, sie zu sch\u00fctzen. Heute widme ich mein Leben der Sensibilisierung anderer f\u00fcr die Bedeutung des Umweltschutzes f\u00fcr zuk\u00fcnftige Generationen.","sameAs":["https:\/\/www.strassenweb.de\/"]}]}},"_links":{"self":[{"href":"https:\/\/www.strassenweb.de\/nachrichten\/wp-json\/wp\/v2\/posts\/4851","targetHints":{"allow":["GET"]}}],"collection":[{"href":"https:\/\/www.strassenweb.de\/nachrichten\/wp-json\/wp\/v2\/posts"}],"about":[{"href":"https:\/\/www.strassenweb.de\/nachrichten\/wp-json\/wp\/v2\/types\/post"}],"author":[{"embeddable":true,"href":"https:\/\/www.strassenweb.de\/nachrichten\/wp-json\/wp\/v2\/users\/1"}],"replies":[{"embeddable":true,"href":"https:\/\/www.strassenweb.de\/nachrichten\/wp-json\/wp\/v2\/comments?post=4851"}],"version-history":[{"count":0,"href":"https:\/\/www.strassenweb.de\/nachrichten\/wp-json\/wp\/v2\/posts\/4851\/revisions"}],"wp:featuredmedia":[{"embeddable":true,"href":"https:\/\/www.strassenweb.de\/nachrichten\/wp-json\/wp\/v2\/media\/4852"}],"wp:attachment":[{"href":"https:\/\/www.strassenweb.de\/nachrichten\/wp-json\/wp\/v2\/media?parent=4851"}],"wp:term":[{"taxonomy":"category","embeddable":true,"href":"https:\/\/www.strassenweb.de\/nachrichten\/wp-json\/wp\/v2\/categories?post=4851"},{"taxonomy":"post_tag","embeddable":true,"href":"https:\/\/www.strassenweb.de\/nachrichten\/wp-json\/wp\/v2\/tags?post=4851"}],"curies":[{"name":"wp","href":"https:\/\/api.w.org\/{rel}","templated":true}]}}