{"id":485,"date":"2024-10-01T11:44:44","date_gmt":"2024-10-01T09:44:44","guid":{"rendered":"https:\/\/www.strassenweb.de\/nachrichten\/designer-sagen-dass-diese-5-farben-ihr-zuhause-im-jahr-2025-praegen-werden-und-was-sie-stattdessen-verwenden-sollten\/"},"modified":"2024-10-01T11:44:45","modified_gmt":"2024-10-01T09:44:45","slug":"designer-sagen-dass-diese-5-farben-ihr-zuhause-im-jahr-2025-praegen-werden-und-was-sie-stattdessen-verwenden-sollten","status":"publish","type":"post","link":"https:\/\/www.strassenweb.de\/nachrichten\/designer-sagen-dass-diese-5-farben-ihr-zuhause-im-jahr-2025-praegen-werden-und-was-sie-stattdessen-verwenden-sollten\/","title":{"rendered":"Designer sagen, dass diese 5 Farben Ihr Zuhause im Jahr 2025 pr\u00e4gen werden \u2013 und was Sie stattdessen verwenden sollten"},"content":{"rendered":"<p><\/p>\n<div id=\"article-body\" class=\"article__body \">\n<p>Da wir uns dem Jahr 2025 n\u00e4hern, denken Sie m\u00f6glicherweise bereits \u00fcber die besten Farben nach, die Sie in Ihre Inneneinrichtung integrieren k\u00f6nnen. Aber neben der Beobachtung der neuesten Farbtrends lohnt es sich auch, auf die Farben zu achten, die Ihr Zuhause m\u00f6glicherweise ins Jahr 2025 bringen k\u00f6nnten.<\/p>\n<div id=\"ad-unit-1\" class=\"ad-unit\"><\/div>\n<p>Innenarchitekten zufolge sollten bestimmte einst beliebte Farben im Jahr 2025 am besten vermieden werden, wenn Sie ein trendiges und zeitgem\u00e4\u00dfes Konzept schaffen und Fehler bei der Innenarchitektur vermeiden m\u00f6chten.<\/p>\n<aside class=\"hawk-nest\" data-render-type=\"fte\" data-skip=\"dealsy\" data-widget-type=\"seasonal\">\n<div class=\"hawk-master-widget-hawk-base-wrapper\"><\/div>\n<\/aside>\n<p>Welche Farben pr\u00e4gen also Ihr Zuhause im Jahr 2025? Nachfolgend haben wir f\u00fcnf Vorschl\u00e4ge von Designern zusammengestellt. W\u00e4hrend bei veralteten Farbtrends Neutralt\u00f6ne dominieren, passen laut Designexperten auch bestimmte kr\u00e4ftige Farbt\u00f6ne in diese Kategorie.<\/p>\n<div id=\"desktop-in-article\" class=\"in-article ad-unit\">\n<div id=\"desktop-taboola-mid-article\"><\/div>\n<\/div>\n<div id=\"mobile-in-article\" class=\"in-article ad-unit\">\n<div id=\"mobile-taboola-mid-article\"><\/div>\n<\/div>\n<h2 id=\"colors-that-are-dating-your-home-in-2025-3\">Farben, die Ihr Zuhause im Jahr 2025 pr\u00e4gen<\/h2>\n<p>Bevor wir uns mit den Farben befassen, die f\u00fcr das kommende Jahr veraltet wirken k\u00f6nnen, ist es erw\u00e4hnenswert, dass Farben subjektiv sind und Sie unabh\u00e4ngig von Farbtrends immer mit denen dekorieren sollten, die Sie am meisten lieben. Auch wenn eine bestimmte Farbe als altmodisch abgestempelt werden mag: Wenn sie zu Ihrem Stil passt und Ihnen Freude bereitet, sollten Sie sich nicht zu sehr auf Trends einlassen.<\/p>\n<div class=\"van_vid_carousel\">\n<div class=\"van_vid_carousel__padding\">\n<div class=\"van_vid_carousel__container\"><\/div>\n<\/div>\n<\/div>\n<p>\u201eJede Farbe hat das Potenzial, einen einzigartigen und interessanten Effekt zu erzeugen\u201c, sagt Innenarchitektin Natalia Miyar. \u201eFarbe ist unglaublich transformativ und kann einen Raum zusammenhalten.\u201c \u201eIch bin fest davon \u00fcberzeugt, dass es wichtig ist, sich f\u00fcr das zu entscheiden, was man liebt, und das gilt sicherlich auch f\u00fcr die Farbwahl.\u201c<\/p>\n<div id=\"ad-unit-2\" class=\"ad-unit\"><\/div>\n<h3 class=\"article-body__section\" id=\"section-1-beige\"><span>1. Beige<\/span><\/h3>\n<figure class=\"van-image-figure inline-layout \" data-bordeaux-image-check>\n<div class=\"image-full-width-wrapper\">\n<div class=\"image-widthsetter\" style=\"max-width:2000px;\"><\/div>\n<\/div>\n<\/figure>\n<p>\u201eDer \u00fcberm\u00e4\u00dfige Einsatz veralteter Neutralt\u00f6ne wie Beige kann dazu f\u00fchren, dass R\u00e4ume flach und uninspiriert wirken\u201c, sagt Innenarchitektin Melissa Read, Kreativdirektorin bei Studio Burntwood.<\/p>\n<p>W\u00e4hrend Beige eine harmlose Farbwahl ist, beobachten wir, dass Designer Beiget\u00f6ne durch warme gebrochene Wei\u00dft\u00f6ne und warme Graut\u00f6ne ersetzen. Diese Lackfarben k\u00f6nnen dem Zuhause ein moderneres Aussehen verleihen, indem sie daf\u00fcr sorgen, dass der Raum hell und luftig wirkt und ihm gleichzeitig Tiefe verleiht, \u00e4hnlich wie dieses zeitlose Farbschema f\u00fcr die K\u00fcche.<\/p>\n<p>\u201eIch w\u00fcrde zu w\u00e4rmeren Neutralt\u00f6nen tendieren, die mehr Tiefe verleihen\u201c, f\u00e4hrt Melissa fort. \u201eZum Beispiel Skimming Stone von Farrow &#038; Ball oder Little Greene\u2019s Wood Ash.\u201c<u><\/u><\/p>\n<h3 class=\"article-body__section\" id=\"section-2-stark-white\"><span>2. Starkes Wei\u00df<\/span><\/h3>\n<figure class=\"van-image-figure inline-layout \" data-bordeaux-image-check>\n<div class=\"image-full-width-wrapper\">\n<div class=\"image-widthsetter\" style=\"max-width:2000px;\"><\/div>\n<\/div>\n<\/figure>\n<p>Es ist keine \u00dcberraschung, dass Designer die Abkehr von kr\u00e4ftigen Wei\u00dft\u00f6nen hin zu solchen mit kr\u00e4ftigeren Untert\u00f6nen bekr\u00e4ftigen; ein wichtiger Designtrend im Jahr 2024, der auch im n\u00e4chsten Jahr Bestand haben wird.<\/p>\n<p>\u201eSterilen Wei\u00dft\u00f6nen fehlt die W\u00e4rme und Gem\u00fctlichkeit, nach denen sich die Menschen heutzutage sehnen\u201c, erkl\u00e4rt Designer Nureed Saeed.<\/p>\n<p>Lackfarben wie Strong White von Farrow &#038; Ball mit dezenten grauen Untert\u00f6nen sind eine gute Alternative zu hellen Wei\u00dft\u00f6nen, sie verleihen einem Raum Tiefe und Gem\u00fctlichkeit und sorgen gleichzeitig f\u00fcr ein klares und klassisches Aussehen.<\/p>\n<p>Ebenso bevorzugen Designer f\u00fcr das Jahr 2025 einen mehrschichtigen Ansatz bei der Dekoration mit Wei\u00df, anstatt R\u00e4ume rein wei\u00df zu halten. \u201eF\u00fcgen Sie einem Raum mit Textur, Muster und Farbe etwas Tiefe hinzu, um ihm Leben einzuhauchen\u201c, f\u00fcgt Designerin Sarah Latham von Latham Interiors hinzu.<\/p>\n<h3 class=\"article-body__section\" id=\"section-3-magnolia\"><span>3. Magnolie<\/span><\/h3>\n<figure class=\"van-image-figure inline-layout \" data-bordeaux-image-check>\n<div class=\"image-full-width-wrapper\">\n<div class=\"image-widthsetter\" style=\"max-width:2000px;\"><\/div>\n<\/div>\n<\/figure>\n<p><u><em><strong><\/strong><\/em><\/u>\u201eGelb get\u00f6ntes Elfenbein, insbesondere auf Zierleisten, Leisten und Schr\u00e4nken, kann veraltet wirken\u201c, erkl\u00e4rt Mary Jones, Chefdesignerin und Gr\u00fcnderin von Arpieka.<\/p>\n<p>Anstelle von gelben Wei\u00dft\u00f6nen, die in Richtung Magnolie tendieren, sind f\u00fcr 2025 frischere Wei\u00dft\u00f6ne mit subtilerer W\u00e4rme der Weg in die Zukunft, \u00e4hnlich wie Sherwin-Williams\u2018 Pure White, das in diesem Schlafzimmer verwendet wurde.<\/p>\n<p>\u201eWenn Ihr letztes Update schon eine Weile her ist, kann eine Auffrischung mit moderneren Neutralt\u00f6nen wie Simply White von Benjamin Moore oder Pure White von Sherwin Williams einen gro\u00dfen Unterschied machen\u201c, f\u00e4hrt Mary fort. \u201eIch mag es, die Wandfarbe mit Verzierungen abzustimmen, um einen zusammenh\u00e4ngenden, frischen Look zu erzielen.\u201c Matte Oberfl\u00e4chen sind auch bei W\u00e4nden im Trend, obwohl Kunden wegen der Haltbarkeit h\u00e4ufig satinierte Oberfl\u00e4chen f\u00fcr Verkleidungen und Schr\u00e4nke bevorzugen. \u201eEs ist immer eine gute Idee, mit Ihrem Maler zu besprechen, um die beste Option f\u00fcr Ihre R\u00e4umlichkeiten zu finden.\u201c<\/p>\n<h3 class=\"article-body__section\" id=\"section-4-gray\"><span>4. Grau<\/span><\/h3>\n<figure class=\"van-image-figure inline-layout \" data-bordeaux-image-check>\n<div class=\"image-full-width-wrapper\">\n<div class=\"image-widthsetter\" style=\"max-width:2000px;\"><\/div>\n<\/div>\n<\/figure>\n<p>Ein weiterer neutraler Farbton, der f\u00fcr 2025 als veraltet angesehen werden kann, sind k\u00fchle Graut\u00f6ne. Die R\u00e4ume sind bekannt daf\u00fcr, dass sie sich kalt anf\u00fchlen. Erw\u00e4gen Sie, k\u00fchle Graut\u00f6ne durch nuancierte, gem\u00fctliche Farben wie das Blaugrau von Farrow &#038; Ball zu ersetzen, das in diesem Wohnzimmer verwendet wurde.<\/p>\n<p>\u201eIch w\u00fcrde die k\u00fchleren Graut\u00f6ne meiden, sie hatten mehr als genug Sendezeit und ich pers\u00f6nlich habe nicht das Gef\u00fchl, dass sie die Innenr\u00e4ume aufwerten und einen Raum wirklich uneinladend wirken lassen\u201c, sagt Innenarchitektin Jenny Luck.<\/p>\n<p>\u201eEntscheiden Sie sich f\u00fcr w\u00e4rmere Neutralt\u00f6ne, wenn Sie ein schlichtes Design w\u00fcnschen. \u201eDie Clay-Reihe von Little Greene wirkt Wunder als Ausgangspunkt f\u00fcr den Aufbau eines w\u00e4rmeren und farbenfroheren Farbschemas.\u201c<\/p>\n<h3 class=\"article-body__section\" id=\"section-5-bright-blues-and-purples\"><span>5. Helle Blau- und Lilat\u00f6ne<\/span><\/h3>\n<figure class=\"van-image-figure inline-layout \" data-bordeaux-image-check>\n<div class=\"image-full-width-wrapper\">\n<div class=\"image-widthsetter\" style=\"max-width:2000px;\"><\/div>\n<\/div>\n<\/figure>\n<p>Bei den veralteten Farben f\u00fcr 2025 geht es nicht nur um Neutralt\u00f6ne, sondern auch um kr\u00e4ftigere und ges\u00e4ttigtere Farbt\u00f6ne. Insbesondere kr\u00e4ftige Blau- und Lilat\u00f6ne passen m\u00f6glicherweise nicht zu den aktuellen Innenarchitekturtrends.<\/p>\n<p>\u201eT\u00f6ne wie elektrisches Blau und tiefes Lila passen oft nicht zu zeitgen\u00f6ssischen Designtrends, zusammen mit vielen hellen und \u00fcberreizenden Farben\u201c, f\u00fcgt Melissa Read hinzu.<\/p>\n<p>Obwohl stark ges\u00e4ttigte Farben f\u00fcr maximalistische Dekorationsideen gut geeignet sind, sollten Sie f\u00fcr einen schmeichelhafteren Look etwas wohnlichere, abgeschw\u00e4chte Variationen von Blau und Lila in Betracht ziehen. In dieser K\u00fcche von deVOL wirken die aquablauen K\u00fcchenschr\u00e4nke, obwohl sie gewagt sind, beruhigend und zeitlos, eine zeitgem\u00e4\u00dfe Art der Dekoration mit solchen Farben.<\/p>\n<hr>\n<p>N\u00e4chstes Jahr geht es darum, warme, sanfte Neutralt\u00f6ne anstelle von k\u00fchlen, raueren T\u00f6nen zu bevorzugen, die R\u00e4ume \u00fcberw\u00e4ltigen k\u00f6nnen. Wenn Sie m\u00f6chten, dass Ihr Zuhause diesen Wandel widerspiegelt, sollten Sie erw\u00e4gen, zu gebrochenen Wei\u00dft\u00f6nen, warmen Graut\u00f6nen und ganz allgemein zu solchen mit einer erdigen Note zu greifen, die den R\u00e4umen Tiefe verleihen.<\/p>\n<\/div>\n","protected":false},"excerpt":{"rendered":"<p>Da wir uns dem Jahr 2025 n\u00e4hern, denken Sie m\u00f6glicherweise bereits \u00fcber die besten Farben nach, die Sie in Ihre Inneneinrichtung integrieren k\u00f6nnen. Aber neben<\/p>\n","protected":false},"author":1,"featured_media":486,"comment_status":"closed","ping_status":"","sticky":false,"template":"","format":"standard","meta":{"footnotes":""},"categories":[118],"tags":[51,216,143,874,170,384,969,284,165,560,646,37,126,27,171],"class_list":["post-485","post","type-post","status-publish","format-standard","has-post-thumbnail","hentry","category-haus-garten","tag-dass","tag-designer","tag-diese","tag-farben","tag-ihr","tag-jahr","tag-praegen","tag-sagen","tag-sie","tag-sollten","tag-stattdessen","tag-und","tag-verwenden","tag-werden","tag-zuhause","generate-columns","tablet-grid-50","mobile-grid-100","grid-parent","grid-50"],"yoast_head":"<!-- This site is optimized with the Yoast SEO plugin v27.3 - https:\/\/yoast.com\/product\/yoast-seo-wordpress\/ -->\n<title>Designer sagen, dass diese 5 Farben Ihr Zuhause im Jahr 2025 pr\u00e4gen werden \u2013 und was Sie stattdessen verwenden sollten - Nachrichten - Stra\u00dfenweb<\/title>\n<meta name=\"robots\" content=\"index, follow, max-snippet:-1, max-image-preview:large, max-video-preview:-1\" \/>\n<link rel=\"canonical\" href=\"https:\/\/www.strassenweb.de\/nachrichten\/designer-sagen-dass-diese-5-farben-ihr-zuhause-im-jahr-2025-praegen-werden-und-was-sie-stattdessen-verwenden-sollten\/\" \/>\n<meta property=\"og:locale\" content=\"de_DE\" \/>\n<meta property=\"og:type\" content=\"article\" \/>\n<meta property=\"og:title\" content=\"Designer sagen, dass diese 5 Farben Ihr Zuhause im Jahr 2025 pr\u00e4gen werden \u2013 und was Sie stattdessen verwenden sollten - Nachrichten - Stra\u00dfenweb\" \/>\n<meta property=\"og:description\" content=\"Da wir uns dem Jahr 2025 n\u00e4hern, denken Sie m\u00f6glicherweise bereits \u00fcber die besten Farben nach, die Sie in Ihre Inneneinrichtung integrieren k\u00f6nnen. Aber neben\" \/>\n<meta property=\"og:url\" content=\"https:\/\/www.strassenweb.de\/nachrichten\/designer-sagen-dass-diese-5-farben-ihr-zuhause-im-jahr-2025-praegen-werden-und-was-sie-stattdessen-verwenden-sollten\/\" \/>\n<meta property=\"og:site_name\" content=\"Stra\u00dfenweb\" \/>\n<meta property=\"article:publisher\" content=\"https:\/\/www.facebook.com\/strassenweb\/\" \/>\n<meta property=\"article:published_time\" content=\"2024-10-01T09:44:44+00:00\" \/>\n<meta property=\"article:modified_time\" content=\"2024-10-01T09:44:45+00:00\" \/>\n<meta property=\"og:image\" content=\"https:\/\/www.strassenweb.de\/nachrichten\/wp-content\/uploads\/2024\/10\/Designer-sagen-dass-diese-5-Farben-Ihr-Zuhause-im-Jahr.jpg\" \/>\n\t<meta property=\"og:image:width\" content=\"1200\" \/>\n\t<meta property=\"og:image:height\" content=\"675\" \/>\n\t<meta property=\"og:image:type\" content=\"image\/jpeg\" \/>\n<meta name=\"author\" content=\"Robert Hoffmann\" \/>\n<meta name=\"twitter:card\" content=\"summary_large_image\" \/>\n<meta name=\"twitter:label1\" content=\"Verfasst von\" \/>\n\t<meta name=\"twitter:data1\" content=\"Robert Hoffmann\" \/>\n\t<meta name=\"twitter:label2\" content=\"Gesch\u00e4tzte Lesezeit\" \/>\n\t<meta name=\"twitter:data2\" content=\"5\u00a0Minuten\" \/>\n<script type=\"application\/ld+json\" class=\"yoast-schema-graph\">{\"@context\":\"https:\\\/\\\/schema.org\",\"@graph\":[{\"@type\":\"Article\",\"@id\":\"https:\\\/\\\/www.strassenweb.de\\\/nachrichten\\\/designer-sagen-dass-diese-5-farben-ihr-zuhause-im-jahr-2025-praegen-werden-und-was-sie-stattdessen-verwenden-sollten\\\/#article\",\"isPartOf\":{\"@id\":\"https:\\\/\\\/www.strassenweb.de\\\/nachrichten\\\/designer-sagen-dass-diese-5-farben-ihr-zuhause-im-jahr-2025-praegen-werden-und-was-sie-stattdessen-verwenden-sollten\\\/\"},\"author\":{\"name\":\"Robert Hoffmann\",\"@id\":\"https:\\\/\\\/www.strassenweb.de\\\/nachrichten\\\/#\\\/schema\\\/person\\\/87c9c9067f1211da429a744dc5a5aa41\"},\"headline\":\"Designer sagen, dass diese 5 Farben Ihr Zuhause im Jahr 2025 pr\u00e4gen werden \u2013 und was Sie stattdessen verwenden sollten\",\"datePublished\":\"2024-10-01T09:44:44+00:00\",\"dateModified\":\"2024-10-01T09:44:45+00:00\",\"mainEntityOfPage\":{\"@id\":\"https:\\\/\\\/www.strassenweb.de\\\/nachrichten\\\/designer-sagen-dass-diese-5-farben-ihr-zuhause-im-jahr-2025-praegen-werden-und-was-sie-stattdessen-verwenden-sollten\\\/\"},\"wordCount\":1030,\"publisher\":{\"@id\":\"https:\\\/\\\/www.strassenweb.de\\\/nachrichten\\\/#organization\"},\"image\":{\"@id\":\"https:\\\/\\\/www.strassenweb.de\\\/nachrichten\\\/designer-sagen-dass-diese-5-farben-ihr-zuhause-im-jahr-2025-praegen-werden-und-was-sie-stattdessen-verwenden-sollten\\\/#primaryimage\"},\"thumbnailUrl\":\"https:\\\/\\\/www.strassenweb.de\\\/nachrichten\\\/wp-content\\\/uploads\\\/2024\\\/10\\\/Designer-sagen-dass-diese-5-Farben-Ihr-Zuhause-im-Jahr.jpg\",\"keywords\":[\"dass\",\"Designer\",\"diese\",\"Farben\",\"Ihr\",\"Jahr\",\"pr\u00e4gen\",\"sagen\",\"Sie\",\"sollten\",\"stattdessen\",\"und\",\"verwenden\",\"werden\",\"Zuhause\"],\"articleSection\":[\"Haus &amp; Garten\"],\"inLanguage\":\"de\"},{\"@type\":\"WebPage\",\"@id\":\"https:\\\/\\\/www.strassenweb.de\\\/nachrichten\\\/designer-sagen-dass-diese-5-farben-ihr-zuhause-im-jahr-2025-praegen-werden-und-was-sie-stattdessen-verwenden-sollten\\\/\",\"url\":\"https:\\\/\\\/www.strassenweb.de\\\/nachrichten\\\/designer-sagen-dass-diese-5-farben-ihr-zuhause-im-jahr-2025-praegen-werden-und-was-sie-stattdessen-verwenden-sollten\\\/\",\"name\":\"Designer sagen, dass diese 5 Farben Ihr Zuhause im Jahr 2025 pr\u00e4gen werden \u2013 und was Sie stattdessen verwenden sollten - Nachrichten - Stra\u00dfenweb\",\"isPartOf\":{\"@id\":\"https:\\\/\\\/www.strassenweb.de\\\/nachrichten\\\/#website\"},\"primaryImageOfPage\":{\"@id\":\"https:\\\/\\\/www.strassenweb.de\\\/nachrichten\\\/designer-sagen-dass-diese-5-farben-ihr-zuhause-im-jahr-2025-praegen-werden-und-was-sie-stattdessen-verwenden-sollten\\\/#primaryimage\"},\"image\":{\"@id\":\"https:\\\/\\\/www.strassenweb.de\\\/nachrichten\\\/designer-sagen-dass-diese-5-farben-ihr-zuhause-im-jahr-2025-praegen-werden-und-was-sie-stattdessen-verwenden-sollten\\\/#primaryimage\"},\"thumbnailUrl\":\"https:\\\/\\\/www.strassenweb.de\\\/nachrichten\\\/wp-content\\\/uploads\\\/2024\\\/10\\\/Designer-sagen-dass-diese-5-Farben-Ihr-Zuhause-im-Jahr.jpg\",\"datePublished\":\"2024-10-01T09:44:44+00:00\",\"dateModified\":\"2024-10-01T09:44:45+00:00\",\"breadcrumb\":{\"@id\":\"https:\\\/\\\/www.strassenweb.de\\\/nachrichten\\\/designer-sagen-dass-diese-5-farben-ihr-zuhause-im-jahr-2025-praegen-werden-und-was-sie-stattdessen-verwenden-sollten\\\/#breadcrumb\"},\"inLanguage\":\"de\",\"potentialAction\":[{\"@type\":\"ReadAction\",\"target\":[\"https:\\\/\\\/www.strassenweb.de\\\/nachrichten\\\/designer-sagen-dass-diese-5-farben-ihr-zuhause-im-jahr-2025-praegen-werden-und-was-sie-stattdessen-verwenden-sollten\\\/\"]}]},{\"@type\":\"ImageObject\",\"inLanguage\":\"de\",\"@id\":\"https:\\\/\\\/www.strassenweb.de\\\/nachrichten\\\/designer-sagen-dass-diese-5-farben-ihr-zuhause-im-jahr-2025-praegen-werden-und-was-sie-stattdessen-verwenden-sollten\\\/#primaryimage\",\"url\":\"https:\\\/\\\/www.strassenweb.de\\\/nachrichten\\\/wp-content\\\/uploads\\\/2024\\\/10\\\/Designer-sagen-dass-diese-5-Farben-Ihr-Zuhause-im-Jahr.jpg\",\"contentUrl\":\"https:\\\/\\\/www.strassenweb.de\\\/nachrichten\\\/wp-content\\\/uploads\\\/2024\\\/10\\\/Designer-sagen-dass-diese-5-Farben-Ihr-Zuhause-im-Jahr.jpg\",\"width\":1200,\"height\":675,\"caption\":\"Designer sagen, dass diese 5 Farben Ihr Zuhause im Jahr 2025 pr\u00e4gen werden \u2013 und was Sie stattdessen verwenden sollten\"},{\"@type\":\"BreadcrumbList\",\"@id\":\"https:\\\/\\\/www.strassenweb.de\\\/nachrichten\\\/designer-sagen-dass-diese-5-farben-ihr-zuhause-im-jahr-2025-praegen-werden-und-was-sie-stattdessen-verwenden-sollten\\\/#breadcrumb\",\"itemListElement\":[{\"@type\":\"ListItem\",\"position\":1,\"name\":\"Home\",\"item\":\"https:\\\/\\\/www.strassenweb.de\\\/nachrichten\\\/\"},{\"@type\":\"ListItem\",\"position\":2,\"name\":\"Designer sagen, dass diese 5 Farben Ihr Zuhause im Jahr 2025 pr\u00e4gen werden \u2013 und was Sie stattdessen verwenden sollten\"}]},{\"@type\":\"WebSite\",\"@id\":\"https:\\\/\\\/www.strassenweb.de\\\/nachrichten\\\/#website\",\"url\":\"https:\\\/\\\/www.strassenweb.de\\\/nachrichten\\\/\",\"name\":\"Stra\u00dfenweb\",\"description\":\"Stra\u00dfenverzeichnis f\u00fcr Deutschland\",\"publisher\":{\"@id\":\"https:\\\/\\\/www.strassenweb.de\\\/nachrichten\\\/#organization\"},\"potentialAction\":[{\"@type\":\"SearchAction\",\"target\":{\"@type\":\"EntryPoint\",\"urlTemplate\":\"https:\\\/\\\/www.strassenweb.de\\\/nachrichten\\\/?s={search_term_string}\"},\"query-input\":{\"@type\":\"PropertyValueSpecification\",\"valueRequired\":true,\"valueName\":\"search_term_string\"}}],\"inLanguage\":\"de\"},{\"@type\":\"Organization\",\"@id\":\"https:\\\/\\\/www.strassenweb.de\\\/nachrichten\\\/#organization\",\"name\":\"Stra\u00dfenweb\",\"url\":\"https:\\\/\\\/www.strassenweb.de\\\/nachrichten\\\/\",\"logo\":{\"@type\":\"ImageObject\",\"inLanguage\":\"de\",\"@id\":\"https:\\\/\\\/www.strassenweb.de\\\/nachrichten\\\/#\\\/schema\\\/logo\\\/image\\\/\",\"url\":\"https:\\\/\\\/www.strassenweb.de\\\/nachrichten\\\/wp-content\\\/uploads\\\/2024\\\/09\\\/cropped-favicon.png\",\"contentUrl\":\"https:\\\/\\\/www.strassenweb.de\\\/nachrichten\\\/wp-content\\\/uploads\\\/2024\\\/09\\\/cropped-favicon.png\",\"width\":512,\"height\":512,\"caption\":\"Stra\u00dfenweb\"},\"image\":{\"@id\":\"https:\\\/\\\/www.strassenweb.de\\\/nachrichten\\\/#\\\/schema\\\/logo\\\/image\\\/\"},\"sameAs\":[\"https:\\\/\\\/www.facebook.com\\\/strassenweb\\\/\"]},{\"@type\":\"Person\",\"@id\":\"https:\\\/\\\/www.strassenweb.de\\\/nachrichten\\\/#\\\/schema\\\/person\\\/87c9c9067f1211da429a744dc5a5aa41\",\"name\":\"Robert Hoffmann\",\"image\":{\"@type\":\"ImageObject\",\"inLanguage\":\"de\",\"@id\":\"https:\\\/\\\/www.strassenweb.de\\\/nachrichten\\\/wp-content\\\/uploads\\\/2024\\\/09\\\/strassenweb-150x150.jpg\",\"url\":\"https:\\\/\\\/www.strassenweb.de\\\/nachrichten\\\/wp-content\\\/uploads\\\/2024\\\/09\\\/strassenweb-150x150.jpg\",\"contentUrl\":\"https:\\\/\\\/www.strassenweb.de\\\/nachrichten\\\/wp-content\\\/uploads\\\/2024\\\/09\\\/strassenweb-150x150.jpg\",\"caption\":\"Robert Hoffmann\"},\"description\":\"Ich hei\u00dfe Robert Hoffmann und ich bin ein leidenschaftlicher Verfechter von \u00d6kologie und Biodiversit\u00e4t. Seit meiner Kindheit in den W\u00e4ldern Bayerns f\u00fchle ich mich mit der Natur verbunden und bin entschlossen, sie zu sch\u00fctzen. Heute widme ich mein Leben der Sensibilisierung anderer f\u00fcr die Bedeutung des Umweltschutzes f\u00fcr zuk\u00fcnftige Generationen.\",\"sameAs\":[\"https:\\\/\\\/www.strassenweb.de\\\/\"]}]}<\/script>\n<!-- \/ Yoast SEO plugin. -->","yoast_head_json":{"title":"Designer sagen, dass diese 5 Farben Ihr Zuhause im Jahr 2025 pr\u00e4gen werden \u2013 und was Sie stattdessen verwenden sollten - Nachrichten - Stra\u00dfenweb","robots":{"index":"index","follow":"follow","max-snippet":"max-snippet:-1","max-image-preview":"max-image-preview:large","max-video-preview":"max-video-preview:-1"},"canonical":"https:\/\/www.strassenweb.de\/nachrichten\/designer-sagen-dass-diese-5-farben-ihr-zuhause-im-jahr-2025-praegen-werden-und-was-sie-stattdessen-verwenden-sollten\/","og_locale":"de_DE","og_type":"article","og_title":"Designer sagen, dass diese 5 Farben Ihr Zuhause im Jahr 2025 pr\u00e4gen werden \u2013 und was Sie stattdessen verwenden sollten - Nachrichten - Stra\u00dfenweb","og_description":"Da wir uns dem Jahr 2025 n\u00e4hern, denken Sie m\u00f6glicherweise bereits \u00fcber die besten Farben nach, die Sie in Ihre Inneneinrichtung integrieren k\u00f6nnen. Aber neben","og_url":"https:\/\/www.strassenweb.de\/nachrichten\/designer-sagen-dass-diese-5-farben-ihr-zuhause-im-jahr-2025-praegen-werden-und-was-sie-stattdessen-verwenden-sollten\/","og_site_name":"Stra\u00dfenweb","article_publisher":"https:\/\/www.facebook.com\/strassenweb\/","article_published_time":"2024-10-01T09:44:44+00:00","article_modified_time":"2024-10-01T09:44:45+00:00","og_image":[{"width":1200,"height":675,"url":"https:\/\/www.strassenweb.de\/nachrichten\/wp-content\/uploads\/2024\/10\/Designer-sagen-dass-diese-5-Farben-Ihr-Zuhause-im-Jahr.jpg","type":"image\/jpeg"}],"author":"Robert Hoffmann","twitter_card":"summary_large_image","twitter_misc":{"Verfasst von":"Robert Hoffmann","Gesch\u00e4tzte Lesezeit":"5\u00a0Minuten"},"schema":{"@context":"https:\/\/schema.org","@graph":[{"@type":"Article","@id":"https:\/\/www.strassenweb.de\/nachrichten\/designer-sagen-dass-diese-5-farben-ihr-zuhause-im-jahr-2025-praegen-werden-und-was-sie-stattdessen-verwenden-sollten\/#article","isPartOf":{"@id":"https:\/\/www.strassenweb.de\/nachrichten\/designer-sagen-dass-diese-5-farben-ihr-zuhause-im-jahr-2025-praegen-werden-und-was-sie-stattdessen-verwenden-sollten\/"},"author":{"name":"Robert Hoffmann","@id":"https:\/\/www.strassenweb.de\/nachrichten\/#\/schema\/person\/87c9c9067f1211da429a744dc5a5aa41"},"headline":"Designer sagen, dass diese 5 Farben Ihr Zuhause im Jahr 2025 pr\u00e4gen werden \u2013 und was Sie stattdessen verwenden sollten","datePublished":"2024-10-01T09:44:44+00:00","dateModified":"2024-10-01T09:44:45+00:00","mainEntityOfPage":{"@id":"https:\/\/www.strassenweb.de\/nachrichten\/designer-sagen-dass-diese-5-farben-ihr-zuhause-im-jahr-2025-praegen-werden-und-was-sie-stattdessen-verwenden-sollten\/"},"wordCount":1030,"publisher":{"@id":"https:\/\/www.strassenweb.de\/nachrichten\/#organization"},"image":{"@id":"https:\/\/www.strassenweb.de\/nachrichten\/designer-sagen-dass-diese-5-farben-ihr-zuhause-im-jahr-2025-praegen-werden-und-was-sie-stattdessen-verwenden-sollten\/#primaryimage"},"thumbnailUrl":"https:\/\/www.strassenweb.de\/nachrichten\/wp-content\/uploads\/2024\/10\/Designer-sagen-dass-diese-5-Farben-Ihr-Zuhause-im-Jahr.jpg","keywords":["dass","Designer","diese","Farben","Ihr","Jahr","pr\u00e4gen","sagen","Sie","sollten","stattdessen","und","verwenden","werden","Zuhause"],"articleSection":["Haus &amp; Garten"],"inLanguage":"de"},{"@type":"WebPage","@id":"https:\/\/www.strassenweb.de\/nachrichten\/designer-sagen-dass-diese-5-farben-ihr-zuhause-im-jahr-2025-praegen-werden-und-was-sie-stattdessen-verwenden-sollten\/","url":"https:\/\/www.strassenweb.de\/nachrichten\/designer-sagen-dass-diese-5-farben-ihr-zuhause-im-jahr-2025-praegen-werden-und-was-sie-stattdessen-verwenden-sollten\/","name":"Designer sagen, dass diese 5 Farben Ihr Zuhause im Jahr 2025 pr\u00e4gen werden \u2013 und was Sie stattdessen verwenden sollten - Nachrichten - Stra\u00dfenweb","isPartOf":{"@id":"https:\/\/www.strassenweb.de\/nachrichten\/#website"},"primaryImageOfPage":{"@id":"https:\/\/www.strassenweb.de\/nachrichten\/designer-sagen-dass-diese-5-farben-ihr-zuhause-im-jahr-2025-praegen-werden-und-was-sie-stattdessen-verwenden-sollten\/#primaryimage"},"image":{"@id":"https:\/\/www.strassenweb.de\/nachrichten\/designer-sagen-dass-diese-5-farben-ihr-zuhause-im-jahr-2025-praegen-werden-und-was-sie-stattdessen-verwenden-sollten\/#primaryimage"},"thumbnailUrl":"https:\/\/www.strassenweb.de\/nachrichten\/wp-content\/uploads\/2024\/10\/Designer-sagen-dass-diese-5-Farben-Ihr-Zuhause-im-Jahr.jpg","datePublished":"2024-10-01T09:44:44+00:00","dateModified":"2024-10-01T09:44:45+00:00","breadcrumb":{"@id":"https:\/\/www.strassenweb.de\/nachrichten\/designer-sagen-dass-diese-5-farben-ihr-zuhause-im-jahr-2025-praegen-werden-und-was-sie-stattdessen-verwenden-sollten\/#breadcrumb"},"inLanguage":"de","potentialAction":[{"@type":"ReadAction","target":["https:\/\/www.strassenweb.de\/nachrichten\/designer-sagen-dass-diese-5-farben-ihr-zuhause-im-jahr-2025-praegen-werden-und-was-sie-stattdessen-verwenden-sollten\/"]}]},{"@type":"ImageObject","inLanguage":"de","@id":"https:\/\/www.strassenweb.de\/nachrichten\/designer-sagen-dass-diese-5-farben-ihr-zuhause-im-jahr-2025-praegen-werden-und-was-sie-stattdessen-verwenden-sollten\/#primaryimage","url":"https:\/\/www.strassenweb.de\/nachrichten\/wp-content\/uploads\/2024\/10\/Designer-sagen-dass-diese-5-Farben-Ihr-Zuhause-im-Jahr.jpg","contentUrl":"https:\/\/www.strassenweb.de\/nachrichten\/wp-content\/uploads\/2024\/10\/Designer-sagen-dass-diese-5-Farben-Ihr-Zuhause-im-Jahr.jpg","width":1200,"height":675,"caption":"Designer sagen, dass diese 5 Farben Ihr Zuhause im Jahr 2025 pr\u00e4gen werden \u2013 und was Sie stattdessen verwenden sollten"},{"@type":"BreadcrumbList","@id":"https:\/\/www.strassenweb.de\/nachrichten\/designer-sagen-dass-diese-5-farben-ihr-zuhause-im-jahr-2025-praegen-werden-und-was-sie-stattdessen-verwenden-sollten\/#breadcrumb","itemListElement":[{"@type":"ListItem","position":1,"name":"Home","item":"https:\/\/www.strassenweb.de\/nachrichten\/"},{"@type":"ListItem","position":2,"name":"Designer sagen, dass diese 5 Farben Ihr Zuhause im Jahr 2025 pr\u00e4gen werden \u2013 und was Sie stattdessen verwenden sollten"}]},{"@type":"WebSite","@id":"https:\/\/www.strassenweb.de\/nachrichten\/#website","url":"https:\/\/www.strassenweb.de\/nachrichten\/","name":"Stra\u00dfenweb","description":"Stra\u00dfenverzeichnis f\u00fcr Deutschland","publisher":{"@id":"https:\/\/www.strassenweb.de\/nachrichten\/#organization"},"potentialAction":[{"@type":"SearchAction","target":{"@type":"EntryPoint","urlTemplate":"https:\/\/www.strassenweb.de\/nachrichten\/?s={search_term_string}"},"query-input":{"@type":"PropertyValueSpecification","valueRequired":true,"valueName":"search_term_string"}}],"inLanguage":"de"},{"@type":"Organization","@id":"https:\/\/www.strassenweb.de\/nachrichten\/#organization","name":"Stra\u00dfenweb","url":"https:\/\/www.strassenweb.de\/nachrichten\/","logo":{"@type":"ImageObject","inLanguage":"de","@id":"https:\/\/www.strassenweb.de\/nachrichten\/#\/schema\/logo\/image\/","url":"https:\/\/www.strassenweb.de\/nachrichten\/wp-content\/uploads\/2024\/09\/cropped-favicon.png","contentUrl":"https:\/\/www.strassenweb.de\/nachrichten\/wp-content\/uploads\/2024\/09\/cropped-favicon.png","width":512,"height":512,"caption":"Stra\u00dfenweb"},"image":{"@id":"https:\/\/www.strassenweb.de\/nachrichten\/#\/schema\/logo\/image\/"},"sameAs":["https:\/\/www.facebook.com\/strassenweb\/"]},{"@type":"Person","@id":"https:\/\/www.strassenweb.de\/nachrichten\/#\/schema\/person\/87c9c9067f1211da429a744dc5a5aa41","name":"Robert Hoffmann","image":{"@type":"ImageObject","inLanguage":"de","@id":"https:\/\/www.strassenweb.de\/nachrichten\/wp-content\/uploads\/2024\/09\/strassenweb-150x150.jpg","url":"https:\/\/www.strassenweb.de\/nachrichten\/wp-content\/uploads\/2024\/09\/strassenweb-150x150.jpg","contentUrl":"https:\/\/www.strassenweb.de\/nachrichten\/wp-content\/uploads\/2024\/09\/strassenweb-150x150.jpg","caption":"Robert Hoffmann"},"description":"Ich hei\u00dfe Robert Hoffmann und ich bin ein leidenschaftlicher Verfechter von \u00d6kologie und Biodiversit\u00e4t. Seit meiner Kindheit in den W\u00e4ldern Bayerns f\u00fchle ich mich mit der Natur verbunden und bin entschlossen, sie zu sch\u00fctzen. Heute widme ich mein Leben der Sensibilisierung anderer f\u00fcr die Bedeutung des Umweltschutzes f\u00fcr zuk\u00fcnftige Generationen.","sameAs":["https:\/\/www.strassenweb.de\/"]}]}},"_links":{"self":[{"href":"https:\/\/www.strassenweb.de\/nachrichten\/wp-json\/wp\/v2\/posts\/485","targetHints":{"allow":["GET"]}}],"collection":[{"href":"https:\/\/www.strassenweb.de\/nachrichten\/wp-json\/wp\/v2\/posts"}],"about":[{"href":"https:\/\/www.strassenweb.de\/nachrichten\/wp-json\/wp\/v2\/types\/post"}],"author":[{"embeddable":true,"href":"https:\/\/www.strassenweb.de\/nachrichten\/wp-json\/wp\/v2\/users\/1"}],"replies":[{"embeddable":true,"href":"https:\/\/www.strassenweb.de\/nachrichten\/wp-json\/wp\/v2\/comments?post=485"}],"version-history":[{"count":0,"href":"https:\/\/www.strassenweb.de\/nachrichten\/wp-json\/wp\/v2\/posts\/485\/revisions"}],"wp:featuredmedia":[{"embeddable":true,"href":"https:\/\/www.strassenweb.de\/nachrichten\/wp-json\/wp\/v2\/media\/486"}],"wp:attachment":[{"href":"https:\/\/www.strassenweb.de\/nachrichten\/wp-json\/wp\/v2\/media?parent=485"}],"wp:term":[{"taxonomy":"category","embeddable":true,"href":"https:\/\/www.strassenweb.de\/nachrichten\/wp-json\/wp\/v2\/categories?post=485"},{"taxonomy":"post_tag","embeddable":true,"href":"https:\/\/www.strassenweb.de\/nachrichten\/wp-json\/wp\/v2\/tags?post=485"}],"curies":[{"name":"wp","href":"https:\/\/api.w.org\/{rel}","templated":true}]}}