{"id":4757,"date":"2025-04-29T15:43:04","date_gmt":"2025-04-29T13:43:04","guid":{"rendered":"https:\/\/www.strassenweb.de\/nachrichten\/was-ist-minimalismus-designer-erklaeren-was-diesen-klassischen-stil-charakterisiert\/"},"modified":"2025-04-29T15:43:04","modified_gmt":"2025-04-29T13:43:04","slug":"was-ist-minimalismus-designer-erklaeren-was-diesen-klassischen-stil-charakterisiert","status":"publish","type":"post","link":"https:\/\/www.strassenweb.de\/nachrichten\/was-ist-minimalismus-designer-erklaeren-was-diesen-klassischen-stil-charakterisiert\/","title":{"rendered":"Was ist Minimalismus? Designer erkl\u00e4ren, was diesen klassischen Stil charakterisiert"},"content":{"rendered":"<p><\/p>\n<div id=\"article-body\" class=\"article__body \">\n<p><em>Minimalismus<\/em> ist ein Begriff, der den meisten von uns bekannt ist. Es hat sich im Laufe der Jahre als Grundnahrungsmittel unter den Designern erwiesen und ist heute noch eine beliebte \u00c4sthetik. Aber was ist eigentlich Minimalismus in der Innenausstattung? Und wie sieht es im Jahr 2025 aus? In der Vergangenheit, als ich an das Wort Minimalismus dachte, hatte ich mir einen rein wei\u00dfen Raum ohne Charakter vorstellen, aber der legend\u00e4re Stil hat weit mehr als dem Auge, und die \u00c4sthetik ver\u00e4ndert sich st\u00e4ndig, wenn sich der Geschmack und die Trends \u00e4ndern.<\/p>\n<div id=\"ad-unit-1\" class=\"ad-unit\"><\/div>\n<p>Minimalistische Dekorideen, tauchen Sie weiter in Trends f\u00fcr das Jahr auf. Der Aufstieg charaktervollerer Stile hat jedoch dazu gef\u00fchrt, dass minimalistische Stereotypen und minimalistische Designmythen weit verbreitet sind, wobei viele von uns den Stil mit K\u00e4lte und mangelnder Pers\u00f6nlichkeit in Verbindung bringen.<\/p>\n<aside data-block-type=\"embed\" data-render-type=\"fte\" data-skip=\"dealsy\" data-widget-type=\"seasonal\" class=\"hawk-base\"><\/aside>\n<p>Um zu verstehen, worum es bei Minimalismus geht, habe ich mit Innenarchitekten gesprochen, die die Methode hinter dem kuratierten, abgerissenen Look erkl\u00e4rt haben, das die Innenarchitekturtrends seit Jahren dominiert.<\/p>\n<div id=\"desktop-in-article\" class=\"in-article ad-unit\">\n<div id=\"desktop-taboola-mid-article\"><\/div>\n<\/div>\n<div id=\"mobile-in-article\" class=\"in-article ad-unit\">\n<div id=\"mobile-taboola-mid-article\"><\/div>\n<\/div>\n<h2 id=\"what-is-minimalism-3\">Was ist Minimalismus?<\/h2>\n<figure class=\"van-image-figure inline-layout \" data-bordeaux-image-check>\n<div class=\"image-full-width-wrapper\">\n<div class=\"image-widthsetter\" style=\"max-width:2000px;\"><\/div>\n<\/div>\n<\/figure>\n<p>Leigh Kirby, Gr\u00fcnder von Weatherleigh Interiors, erkl\u00e4rt, dass \u201eMinimalismus absichtlich lebt, sich zur\u00fccksch\u00e4lt, Ruhe in sich findet und sich auf Dinge konzentriert, die Ihnen Freude und Gl\u00fcck bringen. Manchmal hat Minimalismus einen negativen Zusammenhang damit, pers\u00f6nliche Gegenst\u00e4nde oder etwas von Bedeutung zu sein. gleichzeitig starke wei\u00dfe W\u00e4nde und verk\u00f6rpern eine &#8222;K\u00e4lte&#8220;. Dies muss jedoch nicht der Fall sein! Minimalismus kann tats\u00e4chlich einladend und warm sein. &#8218;<\/p>\n<div class=\"van_vid_carousel\">\n<div class=\"van_vid_carousel__padding\">\n<div class=\"van_vid_carousel__container\"><\/div>\n<\/div>\n<\/div>\n<p>Dies sind die wichtigsten Eigenschaften, die Designer derzeit minimalismus definieren.<\/p>\n<div id=\"ad-unit-2\" class=\"ad-unit\"><\/div>\n<h3 class=\"article-body__section\" id=\"section-1-simplicity-in-color-palette\"><span>1. Einfachheit in der Farbpalette<\/span><\/h3>\n<figure class=\"van-image-figure inline-layout \" data-bordeaux-image-check>\n<div class=\"image-full-width-wrapper\">\n<div class=\"image-widthsetter\" style=\"max-width:2000px;\"><\/div>\n<\/div>\n<\/figure>\n<p>Ein minimalistisches Farbschema besteht aus einer Handvoll verwandter Farbt\u00f6ne, typischerweise am neutraleren Ende des Schattenspektrums, das von Haferflocken bis Wei\u00df reicht.<\/p>\n<p>Leigh erkl\u00e4rt weiter: \u201eIch glaube, dass Minimalismus in allen verschiedenen Formen und Formen einhergeht, aber es gibt ein paar Gemeinsamkeiten durch alles. Erstens ist Einfachheit in der Farbpalette und beabsichtigt mit der Verwendung von Farbe. &#8218;<\/p>\n<p>&#8218;Minimalistische Innenr\u00e4ume k\u00f6nnen Farbe, Texturen und Muster einbeziehen; In der Tat k\u00f6nnen sie mutige Farbe verwenden! Der Schl\u00fcssel zur Schaffung eines simplen Innenraums mit Farbe besteht darin, ihn monochromatisch im gesamten Raum auszubalancieren und so wenige Farben wie m\u00f6glich zu verwenden, um das Auge nicht zu \u00fcberw\u00e4ltigen. &#8218;<\/p>\n<p>Leigh f\u00fcgt hinzu: &#8222;Wenn eine Farbe in einen Raum infundiert wird, wird diese Farbe h\u00e4ufig in unterschiedlichen materiellen Elementen wie Gipsw\u00e4nden, Kaschmirdecken, Leinen oder Samtvorh\u00e4ngen verwendet, die unvermeidlich eine W\u00e4rme erzeugen.&#8220;<\/p>\n<h3 class=\"article-body__section\" id=\"section-2-quality-over-quantity\"><span>2. Qualit\u00e4t \u00fcber Quantit\u00e4t<\/span><\/h3>\n<figure class=\"van-image-figure inline-layout \" data-bordeaux-image-check>\n<div class=\"image-full-width-wrapper\">\n<div class=\"image-widthsetter\" style=\"max-width:2000px;\"><\/div>\n<\/div>\n<\/figure>\n<p>W\u00e4hrend ein minimalistisches Interieur einfach erscheinen mag, hat jedes einzelne St\u00fcck im Schema einen Zweck, der sich mit der absichtlichen und nachdenklichen Natur des Minimalismus als Stil verbindet.<\/p>\n<p>Sie werden normalerweise weit weniger Dekor und weniger Unordnung und das Dekorieren das finden <em>Ist<\/em> Im Design ist weitaus absichtlich und bedeutungsvoller, da der Designer es sparsam und mit Absicht benutzt hat. Nehmen Sie dieses minimalistische Schlafzimmer als Beispiel: Ein schwimmender Nachttisch bietet den gesamten Aufbewahrungsraum, das schlanke Wandlicht ersetzt die Notwendigkeit einer zus\u00e4tzlichen Unordnung auf dem Tisch, und das Dekor wird auf ein echtes Minimum gehalten.<\/p>\n<p>Leigh bezeichnet dies als &#8222;Qualit\u00e4t \u00fcber Quantit\u00e4tsmethode&#8220;, eine Praxis, die sie beim Entwerfen ihrer R\u00e4ume verfolgt. Sie erkl\u00e4rt: \u201eEin minimalistisches Interieur muss nicht mehr Erbst\u00fccke, pers\u00f6nliche Gegenst\u00e4nde und Vintage -St\u00fccke sein, die die einzigartige Pers\u00f6nlichkeit eines Individuums widerspiegeln. Ich finde, minimalistische Innenr\u00e4ume sind diejenigen, die perfekt kuratiert werden, mit Schwerpunkt auf Bedeutung und Sch\u00f6nheit hinter jedem ihrer Objekte. &#8218;<\/p>\n<h3 class=\"article-body__section\" id=\"section-3-it-s-all-about-balance\"><span>3. Es dreht sich alles um das Gleichgewicht<\/span><\/h3>\n<figure class=\"van-image-figure inline-layout \" data-bordeaux-image-check>\n<div class=\"image-full-width-wrapper\">\n<div class=\"image-widthsetter\" style=\"max-width:2000px;\"><\/div>\n<\/div>\n<\/figure>\n<p>W\u00e4hrend das Gleichgewicht in der Innenausstattung immer wichtig ist, ist es f\u00fcr den Minimalismus von entscheidender Bedeutung. Ein Stil, der sich auf Kuration und Koh\u00e4sion konzentriert, gleicht ein minimalistisches Interieur perfekt aus Textur, Farbe und Form.<\/p>\n<p>Magdalena Keck ist bekannt f\u00fcr ihr elegantes, abh\u00e4ngiges Interieur. Sie erkl\u00e4rt: \u201eIch interessiere mich f\u00fcr Klarheit und Nuance. Mein Ansatz ist in der Natur verwurzelt, wo Instinkt, Verh\u00e4ltnis, Skala und Licht immer sinnvoll sind und sehr sch\u00f6n sind. Kontinuit\u00e4t, Konsistenz und Gleichgewicht sind wesentlich, aber es gibt auch seltene Momente von entz\u00fcckenden \u00dcberraschungen. &#8218;<\/p>\n<p>W\u00e4hrend ein minimalistisches Schema visuell simpel erscheinen mag, wurde jedes Dekor oder M\u00f6bel gem\u00e4\u00df dem gesamten Design in Betracht gezogen und ausbalanciert, was zu einem sinnvollen Design f\u00fchrt.<\/p>\n<h3 class=\"article-body__section\" id=\"section-4-there-s-a-focus-on-shapes-and-silhouettes\"><span>4.. Es gibt einen Fokus auf Formen und Silhouetten <\/span><\/h3>\n<figure class=\"van-image-figure inline-layout \" data-bordeaux-image-check>\n<div class=\"image-full-width-wrapper\">\n<div class=\"image-widthsetter\" style=\"max-width:2400px;\"><\/div>\n<\/div>\n<\/figure>\n<p>Klare Linien und skulpturale Formen sind in einem minimalistischen Innenraum prominente Motive. Der Stil basiert auf diesen interessanten Formen, um Interesse und Kontrast gegen die neutrale Farbpalette und die mangelnde Dekoration zu gew\u00e4hrleisten.<\/p>\n<p>Genevieve Webb und Ashley Mutch von Feather Hill Interiors sagen: &#8222;Ein skulpturales St\u00fcck, ob es sich um einen Stuhl, ein Sofa, eine Leuchte oder eine handgeformte Keramik handelt, kann Interesse wecken, ohne den Raum zu \u00fcberf\u00fcllen, alles sauber, offen und absichtlich zu halten.&#8220;<\/p>\n<p>In diesem minimalistischen Wohnzimmer gibt es Schichten von Formen, wie den architektonischen Couchtisch, der mit dem eckigen B\u00fccherregal und den weichen, gekr\u00fcmmten Sesseln gepaart ist.<\/p>\n<h2 id=\"shop-minimalist-decor-3\">Kaufen Sie minimalistisches Dekor<\/h2>\n<p>Trotz seiner Designregeln ist Minimalismus ein vielseitiger Look, der nicht einfach auf seiner Fahrspur bleiben muss. Der Trend zum Mittelimalismus hat bewiesen, dass sich dieser R\u00fccken-Look perfekt mit einer charakteristischen \u00c4sthetik mischen kann. Wenn Sie Ihrem Zuhause einen Hauch von Minimalismus verleihen m\u00f6chten, sind dies meine Wahl, um Ihnen den Einstieg zu erleichtern.<\/p>\n<div class=\"product-container hero-product-container product-block-no-wrap\"><\/div>\n<hr>\n<p>Magdalena Keck fasst diese wichtige Antwort darauf zusammen, wie der Minimalismus derzeit aussieht: &#8222;Im Gegensatz zum gemeinsamen Glauben ist Minimalismus nicht Sp\u00e4rlichkeit oder Leere, sondern eine Essenz der Echtheit, Eleganz der Form, Reinheit des Details, der mit tiefsten Widmung ausgew\u00e4hlten Materialien.<\/p>\n<p>Es gab Fragen, ob Minimalismus nicht im Stil ist, aber es ist eher eine Frage, welche Version des Minimalismus derzeit im Trend steht. Und denken Sie daran, Minimalismus muss sich nicht kalt f\u00fchlen. Es gibt einen ganzen Blick darauf, das \u00e4sthetische Gef\u00fchl mehr als den warmen minimalistischen Trend zu machen.<\/p>\n<\/div>\n","protected":false},"excerpt":{"rendered":"<p>Minimalismus ist ein Begriff, der den meisten von uns bekannt ist. Es hat sich im Laufe der Jahre als Grundnahrungsmittel unter den Designern erwiesen und<\/p>\n","protected":false},"author":1,"featured_media":4758,"comment_status":"closed","ping_status":"","sticky":false,"template":"","format":"standard","meta":{"footnotes":""},"categories":[118],"tags":[6990,216,208,2244,15,1239,3572,322],"class_list":["post-4757","post","type-post","status-publish","format-standard","has-post-thumbnail","hentry","category-haus-garten","tag-charakterisiert","tag-designer","tag-diesen","tag-erklaeren","tag-ist","tag-klassischen","tag-minimalismus","tag-stil","generate-columns","tablet-grid-50","mobile-grid-100","grid-parent","grid-50"],"yoast_head":"<!-- This site is optimized with the Yoast SEO plugin v27.3 - https:\/\/yoast.com\/product\/yoast-seo-wordpress\/ -->\n<title>Was ist Minimalismus? Designer erkl\u00e4ren, was diesen klassischen Stil charakterisiert - Nachrichten - Stra\u00dfenweb<\/title>\n<meta name=\"robots\" content=\"index, follow, max-snippet:-1, max-image-preview:large, max-video-preview:-1\" \/>\n<link rel=\"canonical\" href=\"https:\/\/www.strassenweb.de\/nachrichten\/was-ist-minimalismus-designer-erklaeren-was-diesen-klassischen-stil-charakterisiert\/\" \/>\n<meta property=\"og:locale\" content=\"de_DE\" \/>\n<meta property=\"og:type\" content=\"article\" \/>\n<meta property=\"og:title\" content=\"Was ist Minimalismus? Designer erkl\u00e4ren, was diesen klassischen Stil charakterisiert - Nachrichten - Stra\u00dfenweb\" \/>\n<meta property=\"og:description\" content=\"Minimalismus ist ein Begriff, der den meisten von uns bekannt ist. Es hat sich im Laufe der Jahre als Grundnahrungsmittel unter den Designern erwiesen und\" \/>\n<meta property=\"og:url\" content=\"https:\/\/www.strassenweb.de\/nachrichten\/was-ist-minimalismus-designer-erklaeren-was-diesen-klassischen-stil-charakterisiert\/\" \/>\n<meta property=\"og:site_name\" content=\"Stra\u00dfenweb\" \/>\n<meta property=\"article:publisher\" content=\"https:\/\/www.facebook.com\/strassenweb\/\" \/>\n<meta property=\"article:published_time\" content=\"2025-04-29T13:43:04+00:00\" \/>\n<meta property=\"og:image\" content=\"https:\/\/www.strassenweb.de\/nachrichten\/wp-content\/uploads\/2025\/04\/eXT4uK2PTWGsu4KHPdhF2V.jpg\" \/>\n\t<meta property=\"og:image:width\" content=\"1600\" \/>\n\t<meta property=\"og:image:height\" content=\"900\" \/>\n\t<meta property=\"og:image:type\" content=\"image\/jpeg\" \/>\n<meta name=\"author\" content=\"Robert Hoffmann\" \/>\n<meta name=\"twitter:card\" content=\"summary_large_image\" \/>\n<meta name=\"twitter:label1\" content=\"Verfasst von\" \/>\n\t<meta name=\"twitter:data1\" content=\"Robert Hoffmann\" \/>\n\t<meta name=\"twitter:label2\" content=\"Gesch\u00e4tzte Lesezeit\" \/>\n\t<meta name=\"twitter:data2\" content=\"5\u00a0Minuten\" \/>\n<script type=\"application\/ld+json\" class=\"yoast-schema-graph\">{\"@context\":\"https:\\\/\\\/schema.org\",\"@graph\":[{\"@type\":\"Article\",\"@id\":\"https:\\\/\\\/www.strassenweb.de\\\/nachrichten\\\/was-ist-minimalismus-designer-erklaeren-was-diesen-klassischen-stil-charakterisiert\\\/#article\",\"isPartOf\":{\"@id\":\"https:\\\/\\\/www.strassenweb.de\\\/nachrichten\\\/was-ist-minimalismus-designer-erklaeren-was-diesen-klassischen-stil-charakterisiert\\\/\"},\"author\":{\"name\":\"Robert Hoffmann\",\"@id\":\"https:\\\/\\\/www.strassenweb.de\\\/nachrichten\\\/#\\\/schema\\\/person\\\/87c9c9067f1211da429a744dc5a5aa41\"},\"headline\":\"Was ist Minimalismus? Designer erkl\u00e4ren, was diesen klassischen Stil charakterisiert\",\"datePublished\":\"2025-04-29T13:43:04+00:00\",\"mainEntityOfPage\":{\"@id\":\"https:\\\/\\\/www.strassenweb.de\\\/nachrichten\\\/was-ist-minimalismus-designer-erklaeren-was-diesen-klassischen-stil-charakterisiert\\\/\"},\"wordCount\":1000,\"publisher\":{\"@id\":\"https:\\\/\\\/www.strassenweb.de\\\/nachrichten\\\/#organization\"},\"image\":{\"@id\":\"https:\\\/\\\/www.strassenweb.de\\\/nachrichten\\\/was-ist-minimalismus-designer-erklaeren-was-diesen-klassischen-stil-charakterisiert\\\/#primaryimage\"},\"thumbnailUrl\":\"https:\\\/\\\/www.strassenweb.de\\\/nachrichten\\\/wp-content\\\/uploads\\\/2025\\\/04\\\/eXT4uK2PTWGsu4KHPdhF2V.jpg\",\"keywords\":[\"charakterisiert\",\"Designer\",\"diesen\",\"erkl\u00e4ren\",\"ist\",\"klassischen\",\"Minimalismus\",\"Stil\"],\"articleSection\":[\"Haus &amp; Garten\"],\"inLanguage\":\"de\"},{\"@type\":\"WebPage\",\"@id\":\"https:\\\/\\\/www.strassenweb.de\\\/nachrichten\\\/was-ist-minimalismus-designer-erklaeren-was-diesen-klassischen-stil-charakterisiert\\\/\",\"url\":\"https:\\\/\\\/www.strassenweb.de\\\/nachrichten\\\/was-ist-minimalismus-designer-erklaeren-was-diesen-klassischen-stil-charakterisiert\\\/\",\"name\":\"Was ist Minimalismus? Designer erkl\u00e4ren, was diesen klassischen Stil charakterisiert - Nachrichten - Stra\u00dfenweb\",\"isPartOf\":{\"@id\":\"https:\\\/\\\/www.strassenweb.de\\\/nachrichten\\\/#website\"},\"primaryImageOfPage\":{\"@id\":\"https:\\\/\\\/www.strassenweb.de\\\/nachrichten\\\/was-ist-minimalismus-designer-erklaeren-was-diesen-klassischen-stil-charakterisiert\\\/#primaryimage\"},\"image\":{\"@id\":\"https:\\\/\\\/www.strassenweb.de\\\/nachrichten\\\/was-ist-minimalismus-designer-erklaeren-was-diesen-klassischen-stil-charakterisiert\\\/#primaryimage\"},\"thumbnailUrl\":\"https:\\\/\\\/www.strassenweb.de\\\/nachrichten\\\/wp-content\\\/uploads\\\/2025\\\/04\\\/eXT4uK2PTWGsu4KHPdhF2V.jpg\",\"datePublished\":\"2025-04-29T13:43:04+00:00\",\"breadcrumb\":{\"@id\":\"https:\\\/\\\/www.strassenweb.de\\\/nachrichten\\\/was-ist-minimalismus-designer-erklaeren-was-diesen-klassischen-stil-charakterisiert\\\/#breadcrumb\"},\"inLanguage\":\"de\",\"potentialAction\":[{\"@type\":\"ReadAction\",\"target\":[\"https:\\\/\\\/www.strassenweb.de\\\/nachrichten\\\/was-ist-minimalismus-designer-erklaeren-was-diesen-klassischen-stil-charakterisiert\\\/\"]}]},{\"@type\":\"ImageObject\",\"inLanguage\":\"de\",\"@id\":\"https:\\\/\\\/www.strassenweb.de\\\/nachrichten\\\/was-ist-minimalismus-designer-erklaeren-was-diesen-klassischen-stil-charakterisiert\\\/#primaryimage\",\"url\":\"https:\\\/\\\/www.strassenweb.de\\\/nachrichten\\\/wp-content\\\/uploads\\\/2025\\\/04\\\/eXT4uK2PTWGsu4KHPdhF2V.jpg\",\"contentUrl\":\"https:\\\/\\\/www.strassenweb.de\\\/nachrichten\\\/wp-content\\\/uploads\\\/2025\\\/04\\\/eXT4uK2PTWGsu4KHPdhF2V.jpg\",\"width\":1600,\"height\":900,\"caption\":\"Minimalist style living room with bookshelf, curved coffee table and low armchairs\"},{\"@type\":\"BreadcrumbList\",\"@id\":\"https:\\\/\\\/www.strassenweb.de\\\/nachrichten\\\/was-ist-minimalismus-designer-erklaeren-was-diesen-klassischen-stil-charakterisiert\\\/#breadcrumb\",\"itemListElement\":[{\"@type\":\"ListItem\",\"position\":1,\"name\":\"Home\",\"item\":\"https:\\\/\\\/www.strassenweb.de\\\/nachrichten\\\/\"},{\"@type\":\"ListItem\",\"position\":2,\"name\":\"Was ist Minimalismus? Designer erkl\u00e4ren, was diesen klassischen Stil charakterisiert\"}]},{\"@type\":\"WebSite\",\"@id\":\"https:\\\/\\\/www.strassenweb.de\\\/nachrichten\\\/#website\",\"url\":\"https:\\\/\\\/www.strassenweb.de\\\/nachrichten\\\/\",\"name\":\"Stra\u00dfenweb\",\"description\":\"Stra\u00dfenverzeichnis f\u00fcr Deutschland\",\"publisher\":{\"@id\":\"https:\\\/\\\/www.strassenweb.de\\\/nachrichten\\\/#organization\"},\"potentialAction\":[{\"@type\":\"SearchAction\",\"target\":{\"@type\":\"EntryPoint\",\"urlTemplate\":\"https:\\\/\\\/www.strassenweb.de\\\/nachrichten\\\/?s={search_term_string}\"},\"query-input\":{\"@type\":\"PropertyValueSpecification\",\"valueRequired\":true,\"valueName\":\"search_term_string\"}}],\"inLanguage\":\"de\"},{\"@type\":\"Organization\",\"@id\":\"https:\\\/\\\/www.strassenweb.de\\\/nachrichten\\\/#organization\",\"name\":\"Stra\u00dfenweb\",\"url\":\"https:\\\/\\\/www.strassenweb.de\\\/nachrichten\\\/\",\"logo\":{\"@type\":\"ImageObject\",\"inLanguage\":\"de\",\"@id\":\"https:\\\/\\\/www.strassenweb.de\\\/nachrichten\\\/#\\\/schema\\\/logo\\\/image\\\/\",\"url\":\"https:\\\/\\\/www.strassenweb.de\\\/nachrichten\\\/wp-content\\\/uploads\\\/2024\\\/09\\\/cropped-favicon.png\",\"contentUrl\":\"https:\\\/\\\/www.strassenweb.de\\\/nachrichten\\\/wp-content\\\/uploads\\\/2024\\\/09\\\/cropped-favicon.png\",\"width\":512,\"height\":512,\"caption\":\"Stra\u00dfenweb\"},\"image\":{\"@id\":\"https:\\\/\\\/www.strassenweb.de\\\/nachrichten\\\/#\\\/schema\\\/logo\\\/image\\\/\"},\"sameAs\":[\"https:\\\/\\\/www.facebook.com\\\/strassenweb\\\/\"]},{\"@type\":\"Person\",\"@id\":\"https:\\\/\\\/www.strassenweb.de\\\/nachrichten\\\/#\\\/schema\\\/person\\\/87c9c9067f1211da429a744dc5a5aa41\",\"name\":\"Robert Hoffmann\",\"image\":{\"@type\":\"ImageObject\",\"inLanguage\":\"de\",\"@id\":\"https:\\\/\\\/www.strassenweb.de\\\/nachrichten\\\/wp-content\\\/uploads\\\/2024\\\/09\\\/strassenweb-150x150.jpg\",\"url\":\"https:\\\/\\\/www.strassenweb.de\\\/nachrichten\\\/wp-content\\\/uploads\\\/2024\\\/09\\\/strassenweb-150x150.jpg\",\"contentUrl\":\"https:\\\/\\\/www.strassenweb.de\\\/nachrichten\\\/wp-content\\\/uploads\\\/2024\\\/09\\\/strassenweb-150x150.jpg\",\"caption\":\"Robert Hoffmann\"},\"description\":\"Ich hei\u00dfe Robert Hoffmann und ich bin ein leidenschaftlicher Verfechter von \u00d6kologie und Biodiversit\u00e4t. Seit meiner Kindheit in den W\u00e4ldern Bayerns f\u00fchle ich mich mit der Natur verbunden und bin entschlossen, sie zu sch\u00fctzen. Heute widme ich mein Leben der Sensibilisierung anderer f\u00fcr die Bedeutung des Umweltschutzes f\u00fcr zuk\u00fcnftige Generationen.\",\"sameAs\":[\"https:\\\/\\\/www.strassenweb.de\\\/\"]}]}<\/script>\n<!-- \/ Yoast SEO plugin. -->","yoast_head_json":{"title":"Was ist Minimalismus? Designer erkl\u00e4ren, was diesen klassischen Stil charakterisiert - Nachrichten - Stra\u00dfenweb","robots":{"index":"index","follow":"follow","max-snippet":"max-snippet:-1","max-image-preview":"max-image-preview:large","max-video-preview":"max-video-preview:-1"},"canonical":"https:\/\/www.strassenweb.de\/nachrichten\/was-ist-minimalismus-designer-erklaeren-was-diesen-klassischen-stil-charakterisiert\/","og_locale":"de_DE","og_type":"article","og_title":"Was ist Minimalismus? Designer erkl\u00e4ren, was diesen klassischen Stil charakterisiert - Nachrichten - Stra\u00dfenweb","og_description":"Minimalismus ist ein Begriff, der den meisten von uns bekannt ist. Es hat sich im Laufe der Jahre als Grundnahrungsmittel unter den Designern erwiesen und","og_url":"https:\/\/www.strassenweb.de\/nachrichten\/was-ist-minimalismus-designer-erklaeren-was-diesen-klassischen-stil-charakterisiert\/","og_site_name":"Stra\u00dfenweb","article_publisher":"https:\/\/www.facebook.com\/strassenweb\/","article_published_time":"2025-04-29T13:43:04+00:00","og_image":[{"width":1600,"height":900,"url":"https:\/\/www.strassenweb.de\/nachrichten\/wp-content\/uploads\/2025\/04\/eXT4uK2PTWGsu4KHPdhF2V.jpg","type":"image\/jpeg"}],"author":"Robert Hoffmann","twitter_card":"summary_large_image","twitter_misc":{"Verfasst von":"Robert Hoffmann","Gesch\u00e4tzte Lesezeit":"5\u00a0Minuten"},"schema":{"@context":"https:\/\/schema.org","@graph":[{"@type":"Article","@id":"https:\/\/www.strassenweb.de\/nachrichten\/was-ist-minimalismus-designer-erklaeren-was-diesen-klassischen-stil-charakterisiert\/#article","isPartOf":{"@id":"https:\/\/www.strassenweb.de\/nachrichten\/was-ist-minimalismus-designer-erklaeren-was-diesen-klassischen-stil-charakterisiert\/"},"author":{"name":"Robert Hoffmann","@id":"https:\/\/www.strassenweb.de\/nachrichten\/#\/schema\/person\/87c9c9067f1211da429a744dc5a5aa41"},"headline":"Was ist Minimalismus? Designer erkl\u00e4ren, was diesen klassischen Stil charakterisiert","datePublished":"2025-04-29T13:43:04+00:00","mainEntityOfPage":{"@id":"https:\/\/www.strassenweb.de\/nachrichten\/was-ist-minimalismus-designer-erklaeren-was-diesen-klassischen-stil-charakterisiert\/"},"wordCount":1000,"publisher":{"@id":"https:\/\/www.strassenweb.de\/nachrichten\/#organization"},"image":{"@id":"https:\/\/www.strassenweb.de\/nachrichten\/was-ist-minimalismus-designer-erklaeren-was-diesen-klassischen-stil-charakterisiert\/#primaryimage"},"thumbnailUrl":"https:\/\/www.strassenweb.de\/nachrichten\/wp-content\/uploads\/2025\/04\/eXT4uK2PTWGsu4KHPdhF2V.jpg","keywords":["charakterisiert","Designer","diesen","erkl\u00e4ren","ist","klassischen","Minimalismus","Stil"],"articleSection":["Haus &amp; Garten"],"inLanguage":"de"},{"@type":"WebPage","@id":"https:\/\/www.strassenweb.de\/nachrichten\/was-ist-minimalismus-designer-erklaeren-was-diesen-klassischen-stil-charakterisiert\/","url":"https:\/\/www.strassenweb.de\/nachrichten\/was-ist-minimalismus-designer-erklaeren-was-diesen-klassischen-stil-charakterisiert\/","name":"Was ist Minimalismus? Designer erkl\u00e4ren, was diesen klassischen Stil charakterisiert - Nachrichten - Stra\u00dfenweb","isPartOf":{"@id":"https:\/\/www.strassenweb.de\/nachrichten\/#website"},"primaryImageOfPage":{"@id":"https:\/\/www.strassenweb.de\/nachrichten\/was-ist-minimalismus-designer-erklaeren-was-diesen-klassischen-stil-charakterisiert\/#primaryimage"},"image":{"@id":"https:\/\/www.strassenweb.de\/nachrichten\/was-ist-minimalismus-designer-erklaeren-was-diesen-klassischen-stil-charakterisiert\/#primaryimage"},"thumbnailUrl":"https:\/\/www.strassenweb.de\/nachrichten\/wp-content\/uploads\/2025\/04\/eXT4uK2PTWGsu4KHPdhF2V.jpg","datePublished":"2025-04-29T13:43:04+00:00","breadcrumb":{"@id":"https:\/\/www.strassenweb.de\/nachrichten\/was-ist-minimalismus-designer-erklaeren-was-diesen-klassischen-stil-charakterisiert\/#breadcrumb"},"inLanguage":"de","potentialAction":[{"@type":"ReadAction","target":["https:\/\/www.strassenweb.de\/nachrichten\/was-ist-minimalismus-designer-erklaeren-was-diesen-klassischen-stil-charakterisiert\/"]}]},{"@type":"ImageObject","inLanguage":"de","@id":"https:\/\/www.strassenweb.de\/nachrichten\/was-ist-minimalismus-designer-erklaeren-was-diesen-klassischen-stil-charakterisiert\/#primaryimage","url":"https:\/\/www.strassenweb.de\/nachrichten\/wp-content\/uploads\/2025\/04\/eXT4uK2PTWGsu4KHPdhF2V.jpg","contentUrl":"https:\/\/www.strassenweb.de\/nachrichten\/wp-content\/uploads\/2025\/04\/eXT4uK2PTWGsu4KHPdhF2V.jpg","width":1600,"height":900,"caption":"Minimalist style living room with bookshelf, curved coffee table and low armchairs"},{"@type":"BreadcrumbList","@id":"https:\/\/www.strassenweb.de\/nachrichten\/was-ist-minimalismus-designer-erklaeren-was-diesen-klassischen-stil-charakterisiert\/#breadcrumb","itemListElement":[{"@type":"ListItem","position":1,"name":"Home","item":"https:\/\/www.strassenweb.de\/nachrichten\/"},{"@type":"ListItem","position":2,"name":"Was ist Minimalismus? Designer erkl\u00e4ren, was diesen klassischen Stil charakterisiert"}]},{"@type":"WebSite","@id":"https:\/\/www.strassenweb.de\/nachrichten\/#website","url":"https:\/\/www.strassenweb.de\/nachrichten\/","name":"Stra\u00dfenweb","description":"Stra\u00dfenverzeichnis f\u00fcr Deutschland","publisher":{"@id":"https:\/\/www.strassenweb.de\/nachrichten\/#organization"},"potentialAction":[{"@type":"SearchAction","target":{"@type":"EntryPoint","urlTemplate":"https:\/\/www.strassenweb.de\/nachrichten\/?s={search_term_string}"},"query-input":{"@type":"PropertyValueSpecification","valueRequired":true,"valueName":"search_term_string"}}],"inLanguage":"de"},{"@type":"Organization","@id":"https:\/\/www.strassenweb.de\/nachrichten\/#organization","name":"Stra\u00dfenweb","url":"https:\/\/www.strassenweb.de\/nachrichten\/","logo":{"@type":"ImageObject","inLanguage":"de","@id":"https:\/\/www.strassenweb.de\/nachrichten\/#\/schema\/logo\/image\/","url":"https:\/\/www.strassenweb.de\/nachrichten\/wp-content\/uploads\/2024\/09\/cropped-favicon.png","contentUrl":"https:\/\/www.strassenweb.de\/nachrichten\/wp-content\/uploads\/2024\/09\/cropped-favicon.png","width":512,"height":512,"caption":"Stra\u00dfenweb"},"image":{"@id":"https:\/\/www.strassenweb.de\/nachrichten\/#\/schema\/logo\/image\/"},"sameAs":["https:\/\/www.facebook.com\/strassenweb\/"]},{"@type":"Person","@id":"https:\/\/www.strassenweb.de\/nachrichten\/#\/schema\/person\/87c9c9067f1211da429a744dc5a5aa41","name":"Robert Hoffmann","image":{"@type":"ImageObject","inLanguage":"de","@id":"https:\/\/www.strassenweb.de\/nachrichten\/wp-content\/uploads\/2024\/09\/strassenweb-150x150.jpg","url":"https:\/\/www.strassenweb.de\/nachrichten\/wp-content\/uploads\/2024\/09\/strassenweb-150x150.jpg","contentUrl":"https:\/\/www.strassenweb.de\/nachrichten\/wp-content\/uploads\/2024\/09\/strassenweb-150x150.jpg","caption":"Robert Hoffmann"},"description":"Ich hei\u00dfe Robert Hoffmann und ich bin ein leidenschaftlicher Verfechter von \u00d6kologie und Biodiversit\u00e4t. Seit meiner Kindheit in den W\u00e4ldern Bayerns f\u00fchle ich mich mit der Natur verbunden und bin entschlossen, sie zu sch\u00fctzen. Heute widme ich mein Leben der Sensibilisierung anderer f\u00fcr die Bedeutung des Umweltschutzes f\u00fcr zuk\u00fcnftige Generationen.","sameAs":["https:\/\/www.strassenweb.de\/"]}]}},"_links":{"self":[{"href":"https:\/\/www.strassenweb.de\/nachrichten\/wp-json\/wp\/v2\/posts\/4757","targetHints":{"allow":["GET"]}}],"collection":[{"href":"https:\/\/www.strassenweb.de\/nachrichten\/wp-json\/wp\/v2\/posts"}],"about":[{"href":"https:\/\/www.strassenweb.de\/nachrichten\/wp-json\/wp\/v2\/types\/post"}],"author":[{"embeddable":true,"href":"https:\/\/www.strassenweb.de\/nachrichten\/wp-json\/wp\/v2\/users\/1"}],"replies":[{"embeddable":true,"href":"https:\/\/www.strassenweb.de\/nachrichten\/wp-json\/wp\/v2\/comments?post=4757"}],"version-history":[{"count":0,"href":"https:\/\/www.strassenweb.de\/nachrichten\/wp-json\/wp\/v2\/posts\/4757\/revisions"}],"wp:featuredmedia":[{"embeddable":true,"href":"https:\/\/www.strassenweb.de\/nachrichten\/wp-json\/wp\/v2\/media\/4758"}],"wp:attachment":[{"href":"https:\/\/www.strassenweb.de\/nachrichten\/wp-json\/wp\/v2\/media?parent=4757"}],"wp:term":[{"taxonomy":"category","embeddable":true,"href":"https:\/\/www.strassenweb.de\/nachrichten\/wp-json\/wp\/v2\/categories?post=4757"},{"taxonomy":"post_tag","embeddable":true,"href":"https:\/\/www.strassenweb.de\/nachrichten\/wp-json\/wp\/v2\/tags?post=4757"}],"curies":[{"name":"wp","href":"https:\/\/api.w.org\/{rel}","templated":true}]}}