{"id":4743,"date":"2025-04-28T20:40:07","date_gmt":"2025-04-28T18:40:07","guid":{"rendered":"https:\/\/www.strassenweb.de\/nachrichten\/die-verlorenen-elms-ein-liebesbrief-an-unsere-verschwundenen-baeume-und-der-kampf-um-sie-zu-retten\/"},"modified":"2025-04-28T20:40:08","modified_gmt":"2025-04-28T18:40:08","slug":"die-verlorenen-elms-ein-liebesbrief-an-unsere-verschwundenen-baeume-und-der-kampf-um-sie-zu-retten","status":"publish","type":"post","link":"https:\/\/www.strassenweb.de\/nachrichten\/die-verlorenen-elms-ein-liebesbrief-an-unsere-verschwundenen-baeume-und-der-kampf-um-sie-zu-retten\/","title":{"rendered":"Die verlorenen Elms &#8211; ein Liebesbrief an unsere verschwundenen B\u00e4ume &#8211; und der Kampf um sie zu retten"},"content":{"rendered":"<h4 class=\"wp-block-heading\">\u00bbNicht nur eine Elegie f\u00fcr unsere verlorenen Elms, sondern auch eine Meditation \u00fcber Leben, Kultur und Frieden. Ich bin in Ehrfurcht vor Mandys leicht einverstandener Gelehrsamkeit. &#8218; Fred Pearce, Autor von <em>Eine Billion B\u00e4ume<\/em><\/h4>\n<figure class=\"wp-block-image size-full\"><\/figure>\n<p>In der vergangenen Jahrhundert hat eine t\u00f6dliche Pandemie weltweit geworfen, die alles auf ihrem Weg zerst\u00f6rt und die verzweifelten Versuche der Wissenschaftler, sie stoppen.<\/p>\n<p>Die niederl\u00e4ndische Ulmenkrankheit hat weltweit Hunderte Millionen B\u00e4ume get\u00f6tet und allein in Gro\u00dfbritannien \u00fcber 25 Millionen in Gro\u00dfbritannien und ver\u00e4ndert unsere Landschaften f\u00fcr immer. Nur wenige junge Menschen haben einen reifen Elmbaum gesehen, doch sie bedeckten einst gro\u00dfe Teile Europas und Nordamerikas und ihr Verm\u00e4chtnis lebt in unserer Mythologie weiter.<\/p>\n<p><em>Die verlorenen Elmen <\/em>ist ein Liebesbrief an unsere verschwundenen Elms &#8211; die Geschichte, wie wir sie alle fast verloren haben, und den langen, langsamen Kampf. Es erz\u00e4hlt die packende Geschichte der Wissenschaftler, die verzweifelt versuchen, den unerbittlichen Fortschritt der Krankheit zu stoppen, und zeigt die t\u00f6dliche Auswirkung, die die Globalisierung auf die Umwelt haben kann, die Bedrohung durch den Klimawandel, die Bedeutung der Biosesicherheit und die komplizierten M\u00f6glichkeiten, wie B\u00e4ume mit anderen Arten verkn\u00fcpft sind. <\/p>\n<p>Durchgehend gewebt ist ein lyrischer Blick auf den zentralen Ort der Ulm in unserer Geschichte, Kultur und Folklore &#8211; die ULM zeigt stark in griechischen, keltischen, japanischen, germanischen und skandinavischen Mythologie. Als &#8222;Liberty Tree&#8220; spielte er eine symbolische Rolle sowohl bei den amerikanischen als auch bei franz\u00f6sischen Revolutionen; Und seit der Antike hat die ULM Assoziationen mit dem Tod und dem \u00dcbernat\u00fcrlichen inne.<\/p>\n<p>Allerdings ist nicht alles verloren: Die j\u00fcngsten Durchbr\u00fcche im \u00f6kologischen Verst\u00e4ndnis zeigen, dass Elmen weitaus widerstandsf\u00e4higer sind, als wir es uns jemals vorgestellt haben. Dieser Baum hat einen wichtigen Platz in unserer Geschichte und bietet jetzt m\u00f6glicherweise hoffnungsvolle Lektionen daf\u00fcr, wie wir andere verschwindende Arten und unsere Umwelt retten k\u00f6nnen.<\/p>\n<figure class=\"wp-block-image size-full\"><img loading=\"lazy\" decoding=\"async\" width=\"400\" height=\"534\" src=\"https:\/\/www.strassenweb.de\/nachrichten\/wp-content\/uploads\/2025\/04\/1745865607_966_Die-verlorenen-Elms-ein-Liebesbrief-an-unsere-verschwundenen-Baeume.jpg\" alt=\"Mandy Haggith\" class=\"wp-image-31897\"  ><\/figure>\n<p><strong>Mandy Haggith<\/strong> lebt in einem \u00dcberrest des alten Regenwaldes im Nordwesten von Schottland und verbrachte 20 Jahre als Waldaktivist, von preisgekr\u00f6nten lokalen Kampagnen in Schottland bis zur Vereinten Nationen. Sie ist jetzt Ehrendienstmitglied und Dozentin f\u00fcr kreatives Schreiben an der Universit\u00e4t der Highlands and Islands. Sie ist die Autorin von  <em>Papierwege:<\/em><em>Von B\u00e4umen bis M\u00fcll &#8211; die wahren Kosten des Papiers<\/em>f\u00fcnf Romane und sechs Gedichtsammlungen und Herausgeber des Baumgedichts, Anthologie,<em> In den Wald. <\/em>https:\/\/www.mandyhaggith.net\/<\/p>\n<h4 class=\"wp-block-heading\">Ver\u00f6ffentlicht von Wildfire Books in Hardback und eBook am 3<sup>Rd<\/sup> Juli 2025.<\/h4><\/p>\n","protected":false},"excerpt":{"rendered":"<p>\u00bbNicht nur eine Elegie f\u00fcr unsere verlorenen Elms, sondern auch eine Meditation \u00fcber Leben, Kultur und Frieden. Ich bin in Ehrfurcht vor Mandys leicht einverstandener<\/p>\n","protected":false},"author":1,"featured_media":4744,"comment_status":"closed","ping_status":"","sticky":false,"template":"","format":"standard","meta":{"footnotes":""},"categories":[101],"tags":[443,81,9,43,6971,6974,6972,230,165,37,1068,6970,6973],"class_list":["post-4743","post","type-post","status-publish","format-standard","has-post-thumbnail","hentry","category-oekologie","tag-baeume","tag-der","tag-die","tag-ein","tag-elms","tag-kampf","tag-liebesbrief","tag-retten","tag-sie","tag-und","tag-unsere","tag-verlorenen","tag-verschwundenen","generate-columns","tablet-grid-50","mobile-grid-100","grid-parent","grid-50"],"yoast_head":"<!-- This site is optimized with the Yoast SEO plugin v27.3 - https:\/\/yoast.com\/product\/yoast-seo-wordpress\/ -->\n<title>Die verlorenen Elms - ein Liebesbrief an unsere verschwundenen B\u00e4ume - und der Kampf um sie zu retten - Nachrichten - Stra\u00dfenweb<\/title>\n<meta name=\"robots\" content=\"index, follow, max-snippet:-1, max-image-preview:large, max-video-preview:-1\" \/>\n<link rel=\"canonical\" href=\"https:\/\/www.strassenweb.de\/nachrichten\/die-verlorenen-elms-ein-liebesbrief-an-unsere-verschwundenen-baeume-und-der-kampf-um-sie-zu-retten\/\" \/>\n<meta property=\"og:locale\" content=\"de_DE\" \/>\n<meta property=\"og:type\" content=\"article\" \/>\n<meta property=\"og:title\" content=\"Die verlorenen Elms - ein Liebesbrief an unsere verschwundenen B\u00e4ume - und der Kampf um sie zu retten - Nachrichten - Stra\u00dfenweb\" \/>\n<meta property=\"og:description\" content=\"\u00bbNicht nur eine Elegie f\u00fcr unsere verlorenen Elms, sondern auch eine Meditation \u00fcber Leben, Kultur und Frieden. Ich bin in Ehrfurcht vor Mandys leicht einverstandener\" \/>\n<meta property=\"og:url\" content=\"https:\/\/www.strassenweb.de\/nachrichten\/die-verlorenen-elms-ein-liebesbrief-an-unsere-verschwundenen-baeume-und-der-kampf-um-sie-zu-retten\/\" \/>\n<meta property=\"og:site_name\" content=\"Stra\u00dfenweb\" \/>\n<meta property=\"article:publisher\" content=\"https:\/\/www.facebook.com\/strassenweb\/\" \/>\n<meta property=\"article:published_time\" content=\"2025-04-28T18:40:07+00:00\" \/>\n<meta property=\"article:modified_time\" content=\"2025-04-28T18:40:08+00:00\" \/>\n<meta property=\"og:image\" content=\"https:\/\/www.strassenweb.de\/nachrichten\/wp-content\/uploads\/2025\/04\/Die-verlorenen-Elms-ein-Liebesbrief-an-unsere-verschwundenen-Baeume.jpg\" \/>\n\t<meta property=\"og:image:width\" content=\"400\" \/>\n\t<meta property=\"og:image:height\" content=\"600\" \/>\n\t<meta property=\"og:image:type\" content=\"image\/jpeg\" \/>\n<meta name=\"author\" content=\"Robert Hoffmann\" \/>\n<meta name=\"twitter:card\" content=\"summary_large_image\" \/>\n<meta name=\"twitter:label1\" content=\"Verfasst von\" \/>\n\t<meta name=\"twitter:data1\" content=\"Robert Hoffmann\" \/>\n\t<meta name=\"twitter:label2\" content=\"Gesch\u00e4tzte Lesezeit\" \/>\n\t<meta name=\"twitter:data2\" content=\"2\u00a0Minuten\" \/>\n<script type=\"application\/ld+json\" class=\"yoast-schema-graph\">{\"@context\":\"https:\\\/\\\/schema.org\",\"@graph\":[{\"@type\":\"Article\",\"@id\":\"https:\\\/\\\/www.strassenweb.de\\\/nachrichten\\\/die-verlorenen-elms-ein-liebesbrief-an-unsere-verschwundenen-baeume-und-der-kampf-um-sie-zu-retten\\\/#article\",\"isPartOf\":{\"@id\":\"https:\\\/\\\/www.strassenweb.de\\\/nachrichten\\\/die-verlorenen-elms-ein-liebesbrief-an-unsere-verschwundenen-baeume-und-der-kampf-um-sie-zu-retten\\\/\"},\"author\":{\"name\":\"Robert Hoffmann\",\"@id\":\"https:\\\/\\\/www.strassenweb.de\\\/nachrichten\\\/#\\\/schema\\\/person\\\/87c9c9067f1211da429a744dc5a5aa41\"},\"headline\":\"Die verlorenen Elms &#8211; ein Liebesbrief an unsere verschwundenen B\u00e4ume &#8211; und der Kampf um sie zu retten\",\"datePublished\":\"2025-04-28T18:40:07+00:00\",\"dateModified\":\"2025-04-28T18:40:08+00:00\",\"mainEntityOfPage\":{\"@id\":\"https:\\\/\\\/www.strassenweb.de\\\/nachrichten\\\/die-verlorenen-elms-ein-liebesbrief-an-unsere-verschwundenen-baeume-und-der-kampf-um-sie-zu-retten\\\/\"},\"wordCount\":434,\"publisher\":{\"@id\":\"https:\\\/\\\/www.strassenweb.de\\\/nachrichten\\\/#organization\"},\"image\":{\"@id\":\"https:\\\/\\\/www.strassenweb.de\\\/nachrichten\\\/die-verlorenen-elms-ein-liebesbrief-an-unsere-verschwundenen-baeume-und-der-kampf-um-sie-zu-retten\\\/#primaryimage\"},\"thumbnailUrl\":\"https:\\\/\\\/www.strassenweb.de\\\/nachrichten\\\/wp-content\\\/uploads\\\/2025\\\/04\\\/Die-verlorenen-Elms-ein-Liebesbrief-an-unsere-verschwundenen-Baeume.jpg\",\"keywords\":[\"B\u00e4ume\",\"der\",\"die\",\"ein\",\"Elms\",\"Kampf\",\"Liebesbrief\",\"retten\",\"Sie\",\"und\",\"Unsere\",\"verlorenen\",\"verschwundenen\"],\"articleSection\":[\"\u00d6kologie\"],\"inLanguage\":\"de\"},{\"@type\":\"WebPage\",\"@id\":\"https:\\\/\\\/www.strassenweb.de\\\/nachrichten\\\/die-verlorenen-elms-ein-liebesbrief-an-unsere-verschwundenen-baeume-und-der-kampf-um-sie-zu-retten\\\/\",\"url\":\"https:\\\/\\\/www.strassenweb.de\\\/nachrichten\\\/die-verlorenen-elms-ein-liebesbrief-an-unsere-verschwundenen-baeume-und-der-kampf-um-sie-zu-retten\\\/\",\"name\":\"Die verlorenen Elms - ein Liebesbrief an unsere verschwundenen B\u00e4ume - und der Kampf um sie zu retten - Nachrichten - Stra\u00dfenweb\",\"isPartOf\":{\"@id\":\"https:\\\/\\\/www.strassenweb.de\\\/nachrichten\\\/#website\"},\"primaryImageOfPage\":{\"@id\":\"https:\\\/\\\/www.strassenweb.de\\\/nachrichten\\\/die-verlorenen-elms-ein-liebesbrief-an-unsere-verschwundenen-baeume-und-der-kampf-um-sie-zu-retten\\\/#primaryimage\"},\"image\":{\"@id\":\"https:\\\/\\\/www.strassenweb.de\\\/nachrichten\\\/die-verlorenen-elms-ein-liebesbrief-an-unsere-verschwundenen-baeume-und-der-kampf-um-sie-zu-retten\\\/#primaryimage\"},\"thumbnailUrl\":\"https:\\\/\\\/www.strassenweb.de\\\/nachrichten\\\/wp-content\\\/uploads\\\/2025\\\/04\\\/Die-verlorenen-Elms-ein-Liebesbrief-an-unsere-verschwundenen-Baeume.jpg\",\"datePublished\":\"2025-04-28T18:40:07+00:00\",\"dateModified\":\"2025-04-28T18:40:08+00:00\",\"breadcrumb\":{\"@id\":\"https:\\\/\\\/www.strassenweb.de\\\/nachrichten\\\/die-verlorenen-elms-ein-liebesbrief-an-unsere-verschwundenen-baeume-und-der-kampf-um-sie-zu-retten\\\/#breadcrumb\"},\"inLanguage\":\"de\",\"potentialAction\":[{\"@type\":\"ReadAction\",\"target\":[\"https:\\\/\\\/www.strassenweb.de\\\/nachrichten\\\/die-verlorenen-elms-ein-liebesbrief-an-unsere-verschwundenen-baeume-und-der-kampf-um-sie-zu-retten\\\/\"]}]},{\"@type\":\"ImageObject\",\"inLanguage\":\"de\",\"@id\":\"https:\\\/\\\/www.strassenweb.de\\\/nachrichten\\\/die-verlorenen-elms-ein-liebesbrief-an-unsere-verschwundenen-baeume-und-der-kampf-um-sie-zu-retten\\\/#primaryimage\",\"url\":\"https:\\\/\\\/www.strassenweb.de\\\/nachrichten\\\/wp-content\\\/uploads\\\/2025\\\/04\\\/Die-verlorenen-Elms-ein-Liebesbrief-an-unsere-verschwundenen-Baeume.jpg\",\"contentUrl\":\"https:\\\/\\\/www.strassenweb.de\\\/nachrichten\\\/wp-content\\\/uploads\\\/2025\\\/04\\\/Die-verlorenen-Elms-ein-Liebesbrief-an-unsere-verschwundenen-Baeume.jpg\",\"width\":400,\"height\":600,\"caption\":\"THE LOST ELMS by Mandy Haggith\"},{\"@type\":\"BreadcrumbList\",\"@id\":\"https:\\\/\\\/www.strassenweb.de\\\/nachrichten\\\/die-verlorenen-elms-ein-liebesbrief-an-unsere-verschwundenen-baeume-und-der-kampf-um-sie-zu-retten\\\/#breadcrumb\",\"itemListElement\":[{\"@type\":\"ListItem\",\"position\":1,\"name\":\"Home\",\"item\":\"https:\\\/\\\/www.strassenweb.de\\\/nachrichten\\\/\"},{\"@type\":\"ListItem\",\"position\":2,\"name\":\"Die verlorenen Elms &#8211; ein Liebesbrief an unsere verschwundenen B\u00e4ume &#8211; und der Kampf um sie zu retten\"}]},{\"@type\":\"WebSite\",\"@id\":\"https:\\\/\\\/www.strassenweb.de\\\/nachrichten\\\/#website\",\"url\":\"https:\\\/\\\/www.strassenweb.de\\\/nachrichten\\\/\",\"name\":\"Stra\u00dfenweb\",\"description\":\"Stra\u00dfenverzeichnis f\u00fcr Deutschland\",\"publisher\":{\"@id\":\"https:\\\/\\\/www.strassenweb.de\\\/nachrichten\\\/#organization\"},\"potentialAction\":[{\"@type\":\"SearchAction\",\"target\":{\"@type\":\"EntryPoint\",\"urlTemplate\":\"https:\\\/\\\/www.strassenweb.de\\\/nachrichten\\\/?s={search_term_string}\"},\"query-input\":{\"@type\":\"PropertyValueSpecification\",\"valueRequired\":true,\"valueName\":\"search_term_string\"}}],\"inLanguage\":\"de\"},{\"@type\":\"Organization\",\"@id\":\"https:\\\/\\\/www.strassenweb.de\\\/nachrichten\\\/#organization\",\"name\":\"Stra\u00dfenweb\",\"url\":\"https:\\\/\\\/www.strassenweb.de\\\/nachrichten\\\/\",\"logo\":{\"@type\":\"ImageObject\",\"inLanguage\":\"de\",\"@id\":\"https:\\\/\\\/www.strassenweb.de\\\/nachrichten\\\/#\\\/schema\\\/logo\\\/image\\\/\",\"url\":\"https:\\\/\\\/www.strassenweb.de\\\/nachrichten\\\/wp-content\\\/uploads\\\/2024\\\/09\\\/cropped-favicon.png\",\"contentUrl\":\"https:\\\/\\\/www.strassenweb.de\\\/nachrichten\\\/wp-content\\\/uploads\\\/2024\\\/09\\\/cropped-favicon.png\",\"width\":512,\"height\":512,\"caption\":\"Stra\u00dfenweb\"},\"image\":{\"@id\":\"https:\\\/\\\/www.strassenweb.de\\\/nachrichten\\\/#\\\/schema\\\/logo\\\/image\\\/\"},\"sameAs\":[\"https:\\\/\\\/www.facebook.com\\\/strassenweb\\\/\"]},{\"@type\":\"Person\",\"@id\":\"https:\\\/\\\/www.strassenweb.de\\\/nachrichten\\\/#\\\/schema\\\/person\\\/87c9c9067f1211da429a744dc5a5aa41\",\"name\":\"Robert Hoffmann\",\"image\":{\"@type\":\"ImageObject\",\"inLanguage\":\"de\",\"@id\":\"https:\\\/\\\/www.strassenweb.de\\\/nachrichten\\\/wp-content\\\/uploads\\\/2024\\\/09\\\/strassenweb-150x150.jpg\",\"url\":\"https:\\\/\\\/www.strassenweb.de\\\/nachrichten\\\/wp-content\\\/uploads\\\/2024\\\/09\\\/strassenweb-150x150.jpg\",\"contentUrl\":\"https:\\\/\\\/www.strassenweb.de\\\/nachrichten\\\/wp-content\\\/uploads\\\/2024\\\/09\\\/strassenweb-150x150.jpg\",\"caption\":\"Robert Hoffmann\"},\"description\":\"Ich hei\u00dfe Robert Hoffmann und ich bin ein leidenschaftlicher Verfechter von \u00d6kologie und Biodiversit\u00e4t. Seit meiner Kindheit in den W\u00e4ldern Bayerns f\u00fchle ich mich mit der Natur verbunden und bin entschlossen, sie zu sch\u00fctzen. Heute widme ich mein Leben der Sensibilisierung anderer f\u00fcr die Bedeutung des Umweltschutzes f\u00fcr zuk\u00fcnftige Generationen.\",\"sameAs\":[\"https:\\\/\\\/www.strassenweb.de\\\/\"]}]}<\/script>\n<!-- \/ Yoast SEO plugin. -->","yoast_head_json":{"title":"Die verlorenen Elms - ein Liebesbrief an unsere verschwundenen B\u00e4ume - und der Kampf um sie zu retten - Nachrichten - Stra\u00dfenweb","robots":{"index":"index","follow":"follow","max-snippet":"max-snippet:-1","max-image-preview":"max-image-preview:large","max-video-preview":"max-video-preview:-1"},"canonical":"https:\/\/www.strassenweb.de\/nachrichten\/die-verlorenen-elms-ein-liebesbrief-an-unsere-verschwundenen-baeume-und-der-kampf-um-sie-zu-retten\/","og_locale":"de_DE","og_type":"article","og_title":"Die verlorenen Elms - ein Liebesbrief an unsere verschwundenen B\u00e4ume - und der Kampf um sie zu retten - Nachrichten - Stra\u00dfenweb","og_description":"\u00bbNicht nur eine Elegie f\u00fcr unsere verlorenen Elms, sondern auch eine Meditation \u00fcber Leben, Kultur und Frieden. Ich bin in Ehrfurcht vor Mandys leicht einverstandener","og_url":"https:\/\/www.strassenweb.de\/nachrichten\/die-verlorenen-elms-ein-liebesbrief-an-unsere-verschwundenen-baeume-und-der-kampf-um-sie-zu-retten\/","og_site_name":"Stra\u00dfenweb","article_publisher":"https:\/\/www.facebook.com\/strassenweb\/","article_published_time":"2025-04-28T18:40:07+00:00","article_modified_time":"2025-04-28T18:40:08+00:00","og_image":[{"width":400,"height":600,"url":"https:\/\/www.strassenweb.de\/nachrichten\/wp-content\/uploads\/2025\/04\/Die-verlorenen-Elms-ein-Liebesbrief-an-unsere-verschwundenen-Baeume.jpg","type":"image\/jpeg"}],"author":"Robert Hoffmann","twitter_card":"summary_large_image","twitter_misc":{"Verfasst von":"Robert Hoffmann","Gesch\u00e4tzte Lesezeit":"2\u00a0Minuten"},"schema":{"@context":"https:\/\/schema.org","@graph":[{"@type":"Article","@id":"https:\/\/www.strassenweb.de\/nachrichten\/die-verlorenen-elms-ein-liebesbrief-an-unsere-verschwundenen-baeume-und-der-kampf-um-sie-zu-retten\/#article","isPartOf":{"@id":"https:\/\/www.strassenweb.de\/nachrichten\/die-verlorenen-elms-ein-liebesbrief-an-unsere-verschwundenen-baeume-und-der-kampf-um-sie-zu-retten\/"},"author":{"name":"Robert Hoffmann","@id":"https:\/\/www.strassenweb.de\/nachrichten\/#\/schema\/person\/87c9c9067f1211da429a744dc5a5aa41"},"headline":"Die verlorenen Elms &#8211; ein Liebesbrief an unsere verschwundenen B\u00e4ume &#8211; und der Kampf um sie zu retten","datePublished":"2025-04-28T18:40:07+00:00","dateModified":"2025-04-28T18:40:08+00:00","mainEntityOfPage":{"@id":"https:\/\/www.strassenweb.de\/nachrichten\/die-verlorenen-elms-ein-liebesbrief-an-unsere-verschwundenen-baeume-und-der-kampf-um-sie-zu-retten\/"},"wordCount":434,"publisher":{"@id":"https:\/\/www.strassenweb.de\/nachrichten\/#organization"},"image":{"@id":"https:\/\/www.strassenweb.de\/nachrichten\/die-verlorenen-elms-ein-liebesbrief-an-unsere-verschwundenen-baeume-und-der-kampf-um-sie-zu-retten\/#primaryimage"},"thumbnailUrl":"https:\/\/www.strassenweb.de\/nachrichten\/wp-content\/uploads\/2025\/04\/Die-verlorenen-Elms-ein-Liebesbrief-an-unsere-verschwundenen-Baeume.jpg","keywords":["B\u00e4ume","der","die","ein","Elms","Kampf","Liebesbrief","retten","Sie","und","Unsere","verlorenen","verschwundenen"],"articleSection":["\u00d6kologie"],"inLanguage":"de"},{"@type":"WebPage","@id":"https:\/\/www.strassenweb.de\/nachrichten\/die-verlorenen-elms-ein-liebesbrief-an-unsere-verschwundenen-baeume-und-der-kampf-um-sie-zu-retten\/","url":"https:\/\/www.strassenweb.de\/nachrichten\/die-verlorenen-elms-ein-liebesbrief-an-unsere-verschwundenen-baeume-und-der-kampf-um-sie-zu-retten\/","name":"Die verlorenen Elms - ein Liebesbrief an unsere verschwundenen B\u00e4ume - und der Kampf um sie zu retten - Nachrichten - Stra\u00dfenweb","isPartOf":{"@id":"https:\/\/www.strassenweb.de\/nachrichten\/#website"},"primaryImageOfPage":{"@id":"https:\/\/www.strassenweb.de\/nachrichten\/die-verlorenen-elms-ein-liebesbrief-an-unsere-verschwundenen-baeume-und-der-kampf-um-sie-zu-retten\/#primaryimage"},"image":{"@id":"https:\/\/www.strassenweb.de\/nachrichten\/die-verlorenen-elms-ein-liebesbrief-an-unsere-verschwundenen-baeume-und-der-kampf-um-sie-zu-retten\/#primaryimage"},"thumbnailUrl":"https:\/\/www.strassenweb.de\/nachrichten\/wp-content\/uploads\/2025\/04\/Die-verlorenen-Elms-ein-Liebesbrief-an-unsere-verschwundenen-Baeume.jpg","datePublished":"2025-04-28T18:40:07+00:00","dateModified":"2025-04-28T18:40:08+00:00","breadcrumb":{"@id":"https:\/\/www.strassenweb.de\/nachrichten\/die-verlorenen-elms-ein-liebesbrief-an-unsere-verschwundenen-baeume-und-der-kampf-um-sie-zu-retten\/#breadcrumb"},"inLanguage":"de","potentialAction":[{"@type":"ReadAction","target":["https:\/\/www.strassenweb.de\/nachrichten\/die-verlorenen-elms-ein-liebesbrief-an-unsere-verschwundenen-baeume-und-der-kampf-um-sie-zu-retten\/"]}]},{"@type":"ImageObject","inLanguage":"de","@id":"https:\/\/www.strassenweb.de\/nachrichten\/die-verlorenen-elms-ein-liebesbrief-an-unsere-verschwundenen-baeume-und-der-kampf-um-sie-zu-retten\/#primaryimage","url":"https:\/\/www.strassenweb.de\/nachrichten\/wp-content\/uploads\/2025\/04\/Die-verlorenen-Elms-ein-Liebesbrief-an-unsere-verschwundenen-Baeume.jpg","contentUrl":"https:\/\/www.strassenweb.de\/nachrichten\/wp-content\/uploads\/2025\/04\/Die-verlorenen-Elms-ein-Liebesbrief-an-unsere-verschwundenen-Baeume.jpg","width":400,"height":600,"caption":"THE LOST ELMS by Mandy Haggith"},{"@type":"BreadcrumbList","@id":"https:\/\/www.strassenweb.de\/nachrichten\/die-verlorenen-elms-ein-liebesbrief-an-unsere-verschwundenen-baeume-und-der-kampf-um-sie-zu-retten\/#breadcrumb","itemListElement":[{"@type":"ListItem","position":1,"name":"Home","item":"https:\/\/www.strassenweb.de\/nachrichten\/"},{"@type":"ListItem","position":2,"name":"Die verlorenen Elms &#8211; ein Liebesbrief an unsere verschwundenen B\u00e4ume &#8211; und der Kampf um sie zu retten"}]},{"@type":"WebSite","@id":"https:\/\/www.strassenweb.de\/nachrichten\/#website","url":"https:\/\/www.strassenweb.de\/nachrichten\/","name":"Stra\u00dfenweb","description":"Stra\u00dfenverzeichnis f\u00fcr Deutschland","publisher":{"@id":"https:\/\/www.strassenweb.de\/nachrichten\/#organization"},"potentialAction":[{"@type":"SearchAction","target":{"@type":"EntryPoint","urlTemplate":"https:\/\/www.strassenweb.de\/nachrichten\/?s={search_term_string}"},"query-input":{"@type":"PropertyValueSpecification","valueRequired":true,"valueName":"search_term_string"}}],"inLanguage":"de"},{"@type":"Organization","@id":"https:\/\/www.strassenweb.de\/nachrichten\/#organization","name":"Stra\u00dfenweb","url":"https:\/\/www.strassenweb.de\/nachrichten\/","logo":{"@type":"ImageObject","inLanguage":"de","@id":"https:\/\/www.strassenweb.de\/nachrichten\/#\/schema\/logo\/image\/","url":"https:\/\/www.strassenweb.de\/nachrichten\/wp-content\/uploads\/2024\/09\/cropped-favicon.png","contentUrl":"https:\/\/www.strassenweb.de\/nachrichten\/wp-content\/uploads\/2024\/09\/cropped-favicon.png","width":512,"height":512,"caption":"Stra\u00dfenweb"},"image":{"@id":"https:\/\/www.strassenweb.de\/nachrichten\/#\/schema\/logo\/image\/"},"sameAs":["https:\/\/www.facebook.com\/strassenweb\/"]},{"@type":"Person","@id":"https:\/\/www.strassenweb.de\/nachrichten\/#\/schema\/person\/87c9c9067f1211da429a744dc5a5aa41","name":"Robert Hoffmann","image":{"@type":"ImageObject","inLanguage":"de","@id":"https:\/\/www.strassenweb.de\/nachrichten\/wp-content\/uploads\/2024\/09\/strassenweb-150x150.jpg","url":"https:\/\/www.strassenweb.de\/nachrichten\/wp-content\/uploads\/2024\/09\/strassenweb-150x150.jpg","contentUrl":"https:\/\/www.strassenweb.de\/nachrichten\/wp-content\/uploads\/2024\/09\/strassenweb-150x150.jpg","caption":"Robert Hoffmann"},"description":"Ich hei\u00dfe Robert Hoffmann und ich bin ein leidenschaftlicher Verfechter von \u00d6kologie und Biodiversit\u00e4t. Seit meiner Kindheit in den W\u00e4ldern Bayerns f\u00fchle ich mich mit der Natur verbunden und bin entschlossen, sie zu sch\u00fctzen. Heute widme ich mein Leben der Sensibilisierung anderer f\u00fcr die Bedeutung des Umweltschutzes f\u00fcr zuk\u00fcnftige Generationen.","sameAs":["https:\/\/www.strassenweb.de\/"]}]}},"_links":{"self":[{"href":"https:\/\/www.strassenweb.de\/nachrichten\/wp-json\/wp\/v2\/posts\/4743","targetHints":{"allow":["GET"]}}],"collection":[{"href":"https:\/\/www.strassenweb.de\/nachrichten\/wp-json\/wp\/v2\/posts"}],"about":[{"href":"https:\/\/www.strassenweb.de\/nachrichten\/wp-json\/wp\/v2\/types\/post"}],"author":[{"embeddable":true,"href":"https:\/\/www.strassenweb.de\/nachrichten\/wp-json\/wp\/v2\/users\/1"}],"replies":[{"embeddable":true,"href":"https:\/\/www.strassenweb.de\/nachrichten\/wp-json\/wp\/v2\/comments?post=4743"}],"version-history":[{"count":0,"href":"https:\/\/www.strassenweb.de\/nachrichten\/wp-json\/wp\/v2\/posts\/4743\/revisions"}],"wp:featuredmedia":[{"embeddable":true,"href":"https:\/\/www.strassenweb.de\/nachrichten\/wp-json\/wp\/v2\/media\/4744"}],"wp:attachment":[{"href":"https:\/\/www.strassenweb.de\/nachrichten\/wp-json\/wp\/v2\/media?parent=4743"}],"wp:term":[{"taxonomy":"category","embeddable":true,"href":"https:\/\/www.strassenweb.de\/nachrichten\/wp-json\/wp\/v2\/categories?post=4743"},{"taxonomy":"post_tag","embeddable":true,"href":"https:\/\/www.strassenweb.de\/nachrichten\/wp-json\/wp\/v2\/tags?post=4743"}],"curies":[{"name":"wp","href":"https:\/\/api.w.org\/{rel}","templated":true}]}}