{"id":4722,"date":"2025-04-28T03:39:34","date_gmt":"2025-04-28T01:39:34","guid":{"rendered":"https:\/\/www.strassenweb.de\/nachrichten\/reese-witherspoon-und-martha-stewarts-graugruene-kuechenschraenke-sind-jahrzehnte-voneinander-entfernt-aber-beide-perfektionieren-diesen-modernen-farbtrend\/"},"modified":"2025-04-28T03:39:34","modified_gmt":"2025-04-28T01:39:34","slug":"reese-witherspoon-und-martha-stewarts-graugruene-kuechenschraenke-sind-jahrzehnte-voneinander-entfernt-aber-beide-perfektionieren-diesen-modernen-farbtrend","status":"publish","type":"post","link":"https:\/\/www.strassenweb.de\/nachrichten\/reese-witherspoon-und-martha-stewarts-graugruene-kuechenschraenke-sind-jahrzehnte-voneinander-entfernt-aber-beide-perfektionieren-diesen-modernen-farbtrend\/","title":{"rendered":"Reese Witherspoon und Martha Stewarts graugr\u00fcne K\u00fcchenschr\u00e4nke sind Jahrzehnte voneinander entfernt, aber beide perfektionieren diesen modernen Farbtrend"},"content":{"rendered":"<p><\/p>\n<div id=\"article-body\" class=\"article__body \">\n<p>Die Auswahl einer K\u00fcchenschrankfarbe ist eine strategische Entscheidung &#8211; Sie m\u00f6chten etwas, das den Test der Zeit bestehen und vielseitig genug sein wird, um in verschiedene Stile zu wechseln. F\u00fcr viele war und wird die L\u00f6sung grau oder gr\u00fcn.<\/p>\n<div id=\"ad-unit-1\" class=\"ad-unit\"><\/div>\n<p>Martha Stewart und Reese Witherspoon befinden sich beide in diesem Lager, wobei jeweils subtile, graugr\u00fcne Schr\u00e4nke in ihren jeweiligen K\u00fcchen enthalten sind. Ihre R\u00e4ume geben uns einige gro\u00dfe gr\u00fcne K\u00fcchenideen, obwohl sie Jahrzehnte voneinander entfernt sind.<\/p>\n<aside class=\"hawk-base\" data-block-type=\"embed\" data-render-type=\"fte\" data-skip=\"dealsy\" data-widget-type=\"seasonal\">\n<div class=\"hawk-master-widget-hawk-base-wrapper\"><\/div>\n<\/aside>\n<p>Die Kombination aus Glasfrontfassaden, die an ein altes Geldgef\u00fchl und fast neutralgr\u00fcner Farbe erinnert, schafft einen warmen, eleganten K\u00fcchenbereich und ist zuf\u00e4llig im Trend f\u00fcr dieses Jahr.<\/p>\n<div id=\"desktop-in-article\" class=\"in-article ad-unit\">\n<div id=\"desktop-taboola-mid-article\"><\/div>\n<\/div>\n<div id=\"mobile-in-article\" class=\"in-article ad-unit\">\n<div id=\"mobile-taboola-mid-article\"><\/div>\n<\/div>\n<div class=\"instagram-embed\">\n<blockquote class=\"instagram-media\" data-instgrm-captioned data-instgrm-version=\"6\" style=\"width:99.375%; width:-webkit-calc(100% - 2px); width:calc(100% - 2px);\">\n<p>Ein Beitrag, der von Martha Momente (@Martha_Moments) geteilt wird<\/p>\n<p>Ein Foto von on <\/p>\n<\/blockquote>\n<\/div>\n<div class=\"instagram-embed\">\n<blockquote class=\"instagram-media\" data-instgrm-captioned data-instgrm-version=\"6\" style=\"width:99.375%; width:-webkit-calc(100% - 2px); width:calc(100% - 2px);\">\n<p>Ein Beitrag von Reese Witherspoon (@reesewitherspoon)<\/p>\n<p>Ein Foto von on <\/p>\n<\/blockquote>\n<\/div>\n<h3 class=\"article-body__section\" id=\"section-shop-the-gray-green-home-edit\"><span>Kaufen Sie das graugr\u00fcne Hausbearbeitung ein<\/span><\/h3>\n<div class=\"product-container hero-product-container product-block-no-wrap\"><\/div>\n<p>Laut Design-Experten sind leichtere Gr\u00fcnsorten von grau-gr\u00fcn bis zum sali perfekt f\u00fcr K\u00fcchen aufgrund ihrer entspannenden und beruhigenden Eigenschaften. Sie erinnern auch an die nat\u00fcrliche Welt und kombinieren sich gut zu nat\u00fcrlichen Materialien wie Holz.<\/p>\n<div class=\"van_vid_carousel\">\n<div class=\"van_vid_carousel__padding\">\n<div class=\"van_vid_carousel__container\"><\/div>\n<\/div>\n<\/div>\n<p>&#8222;Whisper-Soft Sage Green sorgt f\u00fcr eine sch\u00f6ne, neutrale Kulisse und schafft R\u00e4ume, die gleichzeitig entspannt und raffiniert sind&#8220;, sagt Londoner, luxuri\u00f6ser Innenarchitekten Rebecca Hughes.<\/p>\n<div id=\"ad-unit-2\" class=\"ad-unit\"><\/div>\n<p>Alternativ macht Olive Green eine gro\u00dfartige Wahl f\u00fcr diejenigen, die ein bisschen w\u00e4rmeres Gef\u00fchl f\u00fcr ihre K\u00fcche haben m\u00f6chten.<\/p>\n<p>&#8222;Es ist keine geheime gr\u00fcne K\u00fcchen sind ein zeitloser Klassiker geworden&#8220;, erkl\u00e4rt Rebecca. &#8218;Die vielseitige Farbe funktioniert magisch als erdiger, neutraler Kulisse oder als mutiges Statement -St\u00fcck in Ihrem Schema. Mit seinem warmen und biologischen Gef\u00fchl liefert die Olivenfarbe in unserem k\u00fcrzlich erschienenen Kensington Townhouse -Projekt &#8211; gepaart mit Marineschr\u00e4nken, Walnussm\u00f6beln und Messinghardware &#8211; diese perfekte Balance zwischen Komfort und Stil. &#8218;<\/p>\n<div id=\"slice-container-newsletterForm-articleInbodyContent-KdBDhFtb5FvnKLEazMJCdb\" class=\"slice-container newsletter-inbodyContent-slice newsletterForm-articleInbodyContent-KdBDhFtb5FvnKLEazMJCdb slice-container-newsletterForm\"><\/div>\n<hr>\n<p>Es ist klar, dass gr\u00fcne K\u00fcchen nicht so schnell aus dem Stil gehen, und die Entscheidung f\u00fcr eine graugr\u00fcne Farbe ist eine gro\u00dfartige M\u00f6glichkeit, um Langlebigkeit und Vielseitigkeit zu gew\u00e4hrleisten.<\/p>\n<hr>\n<\/div>\n<p><script async src=\"\/\/www.instagram.com\/embed.js\"><\/script><\/p>\n","protected":false},"excerpt":{"rendered":"<p>Die Auswahl einer K\u00fcchenschrankfarbe ist eine strategische Entscheidung &#8211; Sie m\u00f6chten etwas, das den Test der Zeit bestehen und vielseitig genug sein wird, um in<\/p>\n","protected":false},"author":1,"featured_media":4723,"comment_status":"closed","ping_status":"","sticky":false,"template":"","format":"standard","meta":{"footnotes":""},"categories":[118],"tags":[357,5626,208,3339,2771,6943,6437,3453,2894,985,5648,3269,58,2895,37,6944,3270],"class_list":["post-4722","post","type-post","status-publish","format-standard","has-post-thumbnail","hentry","category-haus-garten","tag-aber","tag-beide","tag-diesen","tag-entfernt","tag-farbtrend","tag-graugruene","tag-jahrzehnte","tag-kuechenschraenke","tag-martha","tag-modernen","tag-perfektionieren","tag-reese","tag-sind","tag-stewarts","tag-und","tag-voneinander","tag-witherspoon","generate-columns","tablet-grid-50","mobile-grid-100","grid-parent","grid-50"],"yoast_head":"<!-- This site is optimized with the Yoast SEO plugin v27.3 - https:\/\/yoast.com\/product\/yoast-seo-wordpress\/ -->\n<title>Reese Witherspoon und Martha Stewarts graugr\u00fcne K\u00fcchenschr\u00e4nke sind Jahrzehnte voneinander entfernt, aber beide perfektionieren diesen modernen Farbtrend - Nachrichten - Stra\u00dfenweb<\/title>\n<meta name=\"robots\" content=\"index, follow, max-snippet:-1, max-image-preview:large, max-video-preview:-1\" \/>\n<link rel=\"canonical\" href=\"https:\/\/www.strassenweb.de\/nachrichten\/reese-witherspoon-und-martha-stewarts-graugruene-kuechenschraenke-sind-jahrzehnte-voneinander-entfernt-aber-beide-perfektionieren-diesen-modernen-farbtrend\/\" \/>\n<meta property=\"og:locale\" content=\"de_DE\" \/>\n<meta property=\"og:type\" content=\"article\" \/>\n<meta property=\"og:title\" content=\"Reese Witherspoon und Martha Stewarts graugr\u00fcne K\u00fcchenschr\u00e4nke sind Jahrzehnte voneinander entfernt, aber beide perfektionieren diesen modernen Farbtrend - Nachrichten - Stra\u00dfenweb\" \/>\n<meta property=\"og:description\" content=\"Die Auswahl einer K\u00fcchenschrankfarbe ist eine strategische Entscheidung &#8211; Sie m\u00f6chten etwas, das den Test der Zeit bestehen und vielseitig genug sein wird, um in\" \/>\n<meta property=\"og:url\" content=\"https:\/\/www.strassenweb.de\/nachrichten\/reese-witherspoon-und-martha-stewarts-graugruene-kuechenschraenke-sind-jahrzehnte-voneinander-entfernt-aber-beide-perfektionieren-diesen-modernen-farbtrend\/\" \/>\n<meta property=\"og:site_name\" content=\"Stra\u00dfenweb\" \/>\n<meta property=\"article:publisher\" content=\"https:\/\/www.facebook.com\/strassenweb\/\" \/>\n<meta property=\"article:published_time\" content=\"2025-04-28T01:39:34+00:00\" \/>\n<meta property=\"og:image\" content=\"https:\/\/www.strassenweb.de\/nachrichten\/wp-content\/uploads\/2024\/11\/pJwsniq3ENeCiNd5mYfA4G.jpg\" \/>\n\t<meta property=\"og:image:width\" content=\"1\" \/>\n\t<meta property=\"og:image:height\" content=\"1\" \/>\n\t<meta property=\"og:image:type\" content=\"image\/jpeg\" \/>\n<meta name=\"author\" content=\"Robert Hoffmann\" \/>\n<meta name=\"twitter:card\" content=\"summary_large_image\" \/>\n<meta name=\"twitter:label1\" content=\"Verfasst von\" \/>\n\t<meta name=\"twitter:data1\" content=\"Robert Hoffmann\" \/>\n\t<meta name=\"twitter:label2\" content=\"Gesch\u00e4tzte Lesezeit\" \/>\n\t<meta name=\"twitter:data2\" content=\"2\u00a0Minuten\" \/>\n<script type=\"application\/ld+json\" class=\"yoast-schema-graph\">{\"@context\":\"https:\\\/\\\/schema.org\",\"@graph\":[{\"@type\":\"Article\",\"@id\":\"https:\\\/\\\/www.strassenweb.de\\\/nachrichten\\\/reese-witherspoon-und-martha-stewarts-graugruene-kuechenschraenke-sind-jahrzehnte-voneinander-entfernt-aber-beide-perfektionieren-diesen-modernen-farbtrend\\\/#article\",\"isPartOf\":{\"@id\":\"https:\\\/\\\/www.strassenweb.de\\\/nachrichten\\\/reese-witherspoon-und-martha-stewarts-graugruene-kuechenschraenke-sind-jahrzehnte-voneinander-entfernt-aber-beide-perfektionieren-diesen-modernen-farbtrend\\\/\"},\"author\":{\"name\":\"Robert Hoffmann\",\"@id\":\"https:\\\/\\\/www.strassenweb.de\\\/nachrichten\\\/#\\\/schema\\\/person\\\/87c9c9067f1211da429a744dc5a5aa41\"},\"headline\":\"Reese Witherspoon und Martha Stewarts graugr\u00fcne K\u00fcchenschr\u00e4nke sind Jahrzehnte voneinander entfernt, aber beide perfektionieren diesen modernen Farbtrend\",\"datePublished\":\"2025-04-28T01:39:34+00:00\",\"mainEntityOfPage\":{\"@id\":\"https:\\\/\\\/www.strassenweb.de\\\/nachrichten\\\/reese-witherspoon-und-martha-stewarts-graugruene-kuechenschraenke-sind-jahrzehnte-voneinander-entfernt-aber-beide-perfektionieren-diesen-modernen-farbtrend\\\/\"},\"wordCount\":371,\"publisher\":{\"@id\":\"https:\\\/\\\/www.strassenweb.de\\\/nachrichten\\\/#organization\"},\"image\":{\"@id\":\"https:\\\/\\\/www.strassenweb.de\\\/nachrichten\\\/reese-witherspoon-und-martha-stewarts-graugruene-kuechenschraenke-sind-jahrzehnte-voneinander-entfernt-aber-beide-perfektionieren-diesen-modernen-farbtrend\\\/#primaryimage\"},\"thumbnailUrl\":\"https:\\\/\\\/www.strassenweb.de\\\/nachrichten\\\/wp-content\\\/uploads\\\/2024\\\/11\\\/pJwsniq3ENeCiNd5mYfA4G.jpg\",\"keywords\":[\"aber\",\"beide\",\"diesen\",\"entfernt\",\"Farbtrend\",\"graugr\u00fcne\",\"Jahrzehnte\",\"K\u00fcchenschr\u00e4nke\",\"Martha\",\"modernen\",\"perfektionieren\",\"Reese\",\"sind\",\"Stewarts\",\"und\",\"voneinander\",\"Witherspoon\"],\"articleSection\":[\"Haus &amp; Garten\"],\"inLanguage\":\"de\"},{\"@type\":\"WebPage\",\"@id\":\"https:\\\/\\\/www.strassenweb.de\\\/nachrichten\\\/reese-witherspoon-und-martha-stewarts-graugruene-kuechenschraenke-sind-jahrzehnte-voneinander-entfernt-aber-beide-perfektionieren-diesen-modernen-farbtrend\\\/\",\"url\":\"https:\\\/\\\/www.strassenweb.de\\\/nachrichten\\\/reese-witherspoon-und-martha-stewarts-graugruene-kuechenschraenke-sind-jahrzehnte-voneinander-entfernt-aber-beide-perfektionieren-diesen-modernen-farbtrend\\\/\",\"name\":\"Reese Witherspoon und Martha Stewarts graugr\u00fcne K\u00fcchenschr\u00e4nke sind Jahrzehnte voneinander entfernt, aber beide perfektionieren diesen modernen Farbtrend - Nachrichten - Stra\u00dfenweb\",\"isPartOf\":{\"@id\":\"https:\\\/\\\/www.strassenweb.de\\\/nachrichten\\\/#website\"},\"primaryImageOfPage\":{\"@id\":\"https:\\\/\\\/www.strassenweb.de\\\/nachrichten\\\/reese-witherspoon-und-martha-stewarts-graugruene-kuechenschraenke-sind-jahrzehnte-voneinander-entfernt-aber-beide-perfektionieren-diesen-modernen-farbtrend\\\/#primaryimage\"},\"image\":{\"@id\":\"https:\\\/\\\/www.strassenweb.de\\\/nachrichten\\\/reese-witherspoon-und-martha-stewarts-graugruene-kuechenschraenke-sind-jahrzehnte-voneinander-entfernt-aber-beide-perfektionieren-diesen-modernen-farbtrend\\\/#primaryimage\"},\"thumbnailUrl\":\"https:\\\/\\\/www.strassenweb.de\\\/nachrichten\\\/wp-content\\\/uploads\\\/2024\\\/11\\\/pJwsniq3ENeCiNd5mYfA4G.jpg\",\"datePublished\":\"2025-04-28T01:39:34+00:00\",\"breadcrumb\":{\"@id\":\"https:\\\/\\\/www.strassenweb.de\\\/nachrichten\\\/reese-witherspoon-und-martha-stewarts-graugruene-kuechenschraenke-sind-jahrzehnte-voneinander-entfernt-aber-beide-perfektionieren-diesen-modernen-farbtrend\\\/#breadcrumb\"},\"inLanguage\":\"de\",\"potentialAction\":[{\"@type\":\"ReadAction\",\"target\":[\"https:\\\/\\\/www.strassenweb.de\\\/nachrichten\\\/reese-witherspoon-und-martha-stewarts-graugruene-kuechenschraenke-sind-jahrzehnte-voneinander-entfernt-aber-beide-perfektionieren-diesen-modernen-farbtrend\\\/\"]}]},{\"@type\":\"ImageObject\",\"inLanguage\":\"de\",\"@id\":\"https:\\\/\\\/www.strassenweb.de\\\/nachrichten\\\/reese-witherspoon-und-martha-stewarts-graugruene-kuechenschraenke-sind-jahrzehnte-voneinander-entfernt-aber-beide-perfektionieren-diesen-modernen-farbtrend\\\/#primaryimage\",\"url\":\"https:\\\/\\\/www.strassenweb.de\\\/nachrichten\\\/wp-content\\\/uploads\\\/2024\\\/11\\\/pJwsniq3ENeCiNd5mYfA4G.jpg\",\"contentUrl\":\"https:\\\/\\\/www.strassenweb.de\\\/nachrichten\\\/wp-content\\\/uploads\\\/2024\\\/11\\\/pJwsniq3ENeCiNd5mYfA4G.jpg\",\"caption\":\"Reese Witherspoon attends the WSJ. Magazine 2024 Innovator Awards on October 29, 2024 in New York City\"},{\"@type\":\"BreadcrumbList\",\"@id\":\"https:\\\/\\\/www.strassenweb.de\\\/nachrichten\\\/reese-witherspoon-und-martha-stewarts-graugruene-kuechenschraenke-sind-jahrzehnte-voneinander-entfernt-aber-beide-perfektionieren-diesen-modernen-farbtrend\\\/#breadcrumb\",\"itemListElement\":[{\"@type\":\"ListItem\",\"position\":1,\"name\":\"Home\",\"item\":\"https:\\\/\\\/www.strassenweb.de\\\/nachrichten\\\/\"},{\"@type\":\"ListItem\",\"position\":2,\"name\":\"Reese Witherspoon und Martha Stewarts graugr\u00fcne K\u00fcchenschr\u00e4nke sind Jahrzehnte voneinander entfernt, aber beide perfektionieren diesen modernen Farbtrend\"}]},{\"@type\":\"WebSite\",\"@id\":\"https:\\\/\\\/www.strassenweb.de\\\/nachrichten\\\/#website\",\"url\":\"https:\\\/\\\/www.strassenweb.de\\\/nachrichten\\\/\",\"name\":\"Stra\u00dfenweb\",\"description\":\"Stra\u00dfenverzeichnis f\u00fcr Deutschland\",\"publisher\":{\"@id\":\"https:\\\/\\\/www.strassenweb.de\\\/nachrichten\\\/#organization\"},\"potentialAction\":[{\"@type\":\"SearchAction\",\"target\":{\"@type\":\"EntryPoint\",\"urlTemplate\":\"https:\\\/\\\/www.strassenweb.de\\\/nachrichten\\\/?s={search_term_string}\"},\"query-input\":{\"@type\":\"PropertyValueSpecification\",\"valueRequired\":true,\"valueName\":\"search_term_string\"}}],\"inLanguage\":\"de\"},{\"@type\":\"Organization\",\"@id\":\"https:\\\/\\\/www.strassenweb.de\\\/nachrichten\\\/#organization\",\"name\":\"Stra\u00dfenweb\",\"url\":\"https:\\\/\\\/www.strassenweb.de\\\/nachrichten\\\/\",\"logo\":{\"@type\":\"ImageObject\",\"inLanguage\":\"de\",\"@id\":\"https:\\\/\\\/www.strassenweb.de\\\/nachrichten\\\/#\\\/schema\\\/logo\\\/image\\\/\",\"url\":\"https:\\\/\\\/www.strassenweb.de\\\/nachrichten\\\/wp-content\\\/uploads\\\/2024\\\/09\\\/cropped-favicon.png\",\"contentUrl\":\"https:\\\/\\\/www.strassenweb.de\\\/nachrichten\\\/wp-content\\\/uploads\\\/2024\\\/09\\\/cropped-favicon.png\",\"width\":512,\"height\":512,\"caption\":\"Stra\u00dfenweb\"},\"image\":{\"@id\":\"https:\\\/\\\/www.strassenweb.de\\\/nachrichten\\\/#\\\/schema\\\/logo\\\/image\\\/\"},\"sameAs\":[\"https:\\\/\\\/www.facebook.com\\\/strassenweb\\\/\"]},{\"@type\":\"Person\",\"@id\":\"https:\\\/\\\/www.strassenweb.de\\\/nachrichten\\\/#\\\/schema\\\/person\\\/87c9c9067f1211da429a744dc5a5aa41\",\"name\":\"Robert Hoffmann\",\"image\":{\"@type\":\"ImageObject\",\"inLanguage\":\"de\",\"@id\":\"https:\\\/\\\/www.strassenweb.de\\\/nachrichten\\\/wp-content\\\/uploads\\\/2024\\\/09\\\/strassenweb-150x150.jpg\",\"url\":\"https:\\\/\\\/www.strassenweb.de\\\/nachrichten\\\/wp-content\\\/uploads\\\/2024\\\/09\\\/strassenweb-150x150.jpg\",\"contentUrl\":\"https:\\\/\\\/www.strassenweb.de\\\/nachrichten\\\/wp-content\\\/uploads\\\/2024\\\/09\\\/strassenweb-150x150.jpg\",\"caption\":\"Robert Hoffmann\"},\"description\":\"Ich hei\u00dfe Robert Hoffmann und ich bin ein leidenschaftlicher Verfechter von \u00d6kologie und Biodiversit\u00e4t. Seit meiner Kindheit in den W\u00e4ldern Bayerns f\u00fchle ich mich mit der Natur verbunden und bin entschlossen, sie zu sch\u00fctzen. Heute widme ich mein Leben der Sensibilisierung anderer f\u00fcr die Bedeutung des Umweltschutzes f\u00fcr zuk\u00fcnftige Generationen.\",\"sameAs\":[\"https:\\\/\\\/www.strassenweb.de\\\/\"]}]}<\/script>\n<!-- \/ Yoast SEO plugin. -->","yoast_head_json":{"title":"Reese Witherspoon und Martha Stewarts graugr\u00fcne K\u00fcchenschr\u00e4nke sind Jahrzehnte voneinander entfernt, aber beide perfektionieren diesen modernen Farbtrend - Nachrichten - Stra\u00dfenweb","robots":{"index":"index","follow":"follow","max-snippet":"max-snippet:-1","max-image-preview":"max-image-preview:large","max-video-preview":"max-video-preview:-1"},"canonical":"https:\/\/www.strassenweb.de\/nachrichten\/reese-witherspoon-und-martha-stewarts-graugruene-kuechenschraenke-sind-jahrzehnte-voneinander-entfernt-aber-beide-perfektionieren-diesen-modernen-farbtrend\/","og_locale":"de_DE","og_type":"article","og_title":"Reese Witherspoon und Martha Stewarts graugr\u00fcne K\u00fcchenschr\u00e4nke sind Jahrzehnte voneinander entfernt, aber beide perfektionieren diesen modernen Farbtrend - Nachrichten - Stra\u00dfenweb","og_description":"Die Auswahl einer K\u00fcchenschrankfarbe ist eine strategische Entscheidung &#8211; Sie m\u00f6chten etwas, das den Test der Zeit bestehen und vielseitig genug sein wird, um in","og_url":"https:\/\/www.strassenweb.de\/nachrichten\/reese-witherspoon-und-martha-stewarts-graugruene-kuechenschraenke-sind-jahrzehnte-voneinander-entfernt-aber-beide-perfektionieren-diesen-modernen-farbtrend\/","og_site_name":"Stra\u00dfenweb","article_publisher":"https:\/\/www.facebook.com\/strassenweb\/","article_published_time":"2025-04-28T01:39:34+00:00","og_image":[{"url":"https:\/\/www.strassenweb.de\/nachrichten\/wp-content\/uploads\/2024\/11\/pJwsniq3ENeCiNd5mYfA4G.jpg","width":1,"height":1,"type":"image\/jpeg"}],"author":"Robert Hoffmann","twitter_card":"summary_large_image","twitter_misc":{"Verfasst von":"Robert Hoffmann","Gesch\u00e4tzte Lesezeit":"2\u00a0Minuten"},"schema":{"@context":"https:\/\/schema.org","@graph":[{"@type":"Article","@id":"https:\/\/www.strassenweb.de\/nachrichten\/reese-witherspoon-und-martha-stewarts-graugruene-kuechenschraenke-sind-jahrzehnte-voneinander-entfernt-aber-beide-perfektionieren-diesen-modernen-farbtrend\/#article","isPartOf":{"@id":"https:\/\/www.strassenweb.de\/nachrichten\/reese-witherspoon-und-martha-stewarts-graugruene-kuechenschraenke-sind-jahrzehnte-voneinander-entfernt-aber-beide-perfektionieren-diesen-modernen-farbtrend\/"},"author":{"name":"Robert Hoffmann","@id":"https:\/\/www.strassenweb.de\/nachrichten\/#\/schema\/person\/87c9c9067f1211da429a744dc5a5aa41"},"headline":"Reese Witherspoon und Martha Stewarts graugr\u00fcne K\u00fcchenschr\u00e4nke sind Jahrzehnte voneinander entfernt, aber beide perfektionieren diesen modernen Farbtrend","datePublished":"2025-04-28T01:39:34+00:00","mainEntityOfPage":{"@id":"https:\/\/www.strassenweb.de\/nachrichten\/reese-witherspoon-und-martha-stewarts-graugruene-kuechenschraenke-sind-jahrzehnte-voneinander-entfernt-aber-beide-perfektionieren-diesen-modernen-farbtrend\/"},"wordCount":371,"publisher":{"@id":"https:\/\/www.strassenweb.de\/nachrichten\/#organization"},"image":{"@id":"https:\/\/www.strassenweb.de\/nachrichten\/reese-witherspoon-und-martha-stewarts-graugruene-kuechenschraenke-sind-jahrzehnte-voneinander-entfernt-aber-beide-perfektionieren-diesen-modernen-farbtrend\/#primaryimage"},"thumbnailUrl":"https:\/\/www.strassenweb.de\/nachrichten\/wp-content\/uploads\/2024\/11\/pJwsniq3ENeCiNd5mYfA4G.jpg","keywords":["aber","beide","diesen","entfernt","Farbtrend","graugr\u00fcne","Jahrzehnte","K\u00fcchenschr\u00e4nke","Martha","modernen","perfektionieren","Reese","sind","Stewarts","und","voneinander","Witherspoon"],"articleSection":["Haus &amp; Garten"],"inLanguage":"de"},{"@type":"WebPage","@id":"https:\/\/www.strassenweb.de\/nachrichten\/reese-witherspoon-und-martha-stewarts-graugruene-kuechenschraenke-sind-jahrzehnte-voneinander-entfernt-aber-beide-perfektionieren-diesen-modernen-farbtrend\/","url":"https:\/\/www.strassenweb.de\/nachrichten\/reese-witherspoon-und-martha-stewarts-graugruene-kuechenschraenke-sind-jahrzehnte-voneinander-entfernt-aber-beide-perfektionieren-diesen-modernen-farbtrend\/","name":"Reese Witherspoon und Martha Stewarts graugr\u00fcne K\u00fcchenschr\u00e4nke sind Jahrzehnte voneinander entfernt, aber beide perfektionieren diesen modernen Farbtrend - Nachrichten - Stra\u00dfenweb","isPartOf":{"@id":"https:\/\/www.strassenweb.de\/nachrichten\/#website"},"primaryImageOfPage":{"@id":"https:\/\/www.strassenweb.de\/nachrichten\/reese-witherspoon-und-martha-stewarts-graugruene-kuechenschraenke-sind-jahrzehnte-voneinander-entfernt-aber-beide-perfektionieren-diesen-modernen-farbtrend\/#primaryimage"},"image":{"@id":"https:\/\/www.strassenweb.de\/nachrichten\/reese-witherspoon-und-martha-stewarts-graugruene-kuechenschraenke-sind-jahrzehnte-voneinander-entfernt-aber-beide-perfektionieren-diesen-modernen-farbtrend\/#primaryimage"},"thumbnailUrl":"https:\/\/www.strassenweb.de\/nachrichten\/wp-content\/uploads\/2024\/11\/pJwsniq3ENeCiNd5mYfA4G.jpg","datePublished":"2025-04-28T01:39:34+00:00","breadcrumb":{"@id":"https:\/\/www.strassenweb.de\/nachrichten\/reese-witherspoon-und-martha-stewarts-graugruene-kuechenschraenke-sind-jahrzehnte-voneinander-entfernt-aber-beide-perfektionieren-diesen-modernen-farbtrend\/#breadcrumb"},"inLanguage":"de","potentialAction":[{"@type":"ReadAction","target":["https:\/\/www.strassenweb.de\/nachrichten\/reese-witherspoon-und-martha-stewarts-graugruene-kuechenschraenke-sind-jahrzehnte-voneinander-entfernt-aber-beide-perfektionieren-diesen-modernen-farbtrend\/"]}]},{"@type":"ImageObject","inLanguage":"de","@id":"https:\/\/www.strassenweb.de\/nachrichten\/reese-witherspoon-und-martha-stewarts-graugruene-kuechenschraenke-sind-jahrzehnte-voneinander-entfernt-aber-beide-perfektionieren-diesen-modernen-farbtrend\/#primaryimage","url":"https:\/\/www.strassenweb.de\/nachrichten\/wp-content\/uploads\/2024\/11\/pJwsniq3ENeCiNd5mYfA4G.jpg","contentUrl":"https:\/\/www.strassenweb.de\/nachrichten\/wp-content\/uploads\/2024\/11\/pJwsniq3ENeCiNd5mYfA4G.jpg","caption":"Reese Witherspoon attends the WSJ. Magazine 2024 Innovator Awards on October 29, 2024 in New York City"},{"@type":"BreadcrumbList","@id":"https:\/\/www.strassenweb.de\/nachrichten\/reese-witherspoon-und-martha-stewarts-graugruene-kuechenschraenke-sind-jahrzehnte-voneinander-entfernt-aber-beide-perfektionieren-diesen-modernen-farbtrend\/#breadcrumb","itemListElement":[{"@type":"ListItem","position":1,"name":"Home","item":"https:\/\/www.strassenweb.de\/nachrichten\/"},{"@type":"ListItem","position":2,"name":"Reese Witherspoon und Martha Stewarts graugr\u00fcne K\u00fcchenschr\u00e4nke sind Jahrzehnte voneinander entfernt, aber beide perfektionieren diesen modernen Farbtrend"}]},{"@type":"WebSite","@id":"https:\/\/www.strassenweb.de\/nachrichten\/#website","url":"https:\/\/www.strassenweb.de\/nachrichten\/","name":"Stra\u00dfenweb","description":"Stra\u00dfenverzeichnis f\u00fcr Deutschland","publisher":{"@id":"https:\/\/www.strassenweb.de\/nachrichten\/#organization"},"potentialAction":[{"@type":"SearchAction","target":{"@type":"EntryPoint","urlTemplate":"https:\/\/www.strassenweb.de\/nachrichten\/?s={search_term_string}"},"query-input":{"@type":"PropertyValueSpecification","valueRequired":true,"valueName":"search_term_string"}}],"inLanguage":"de"},{"@type":"Organization","@id":"https:\/\/www.strassenweb.de\/nachrichten\/#organization","name":"Stra\u00dfenweb","url":"https:\/\/www.strassenweb.de\/nachrichten\/","logo":{"@type":"ImageObject","inLanguage":"de","@id":"https:\/\/www.strassenweb.de\/nachrichten\/#\/schema\/logo\/image\/","url":"https:\/\/www.strassenweb.de\/nachrichten\/wp-content\/uploads\/2024\/09\/cropped-favicon.png","contentUrl":"https:\/\/www.strassenweb.de\/nachrichten\/wp-content\/uploads\/2024\/09\/cropped-favicon.png","width":512,"height":512,"caption":"Stra\u00dfenweb"},"image":{"@id":"https:\/\/www.strassenweb.de\/nachrichten\/#\/schema\/logo\/image\/"},"sameAs":["https:\/\/www.facebook.com\/strassenweb\/"]},{"@type":"Person","@id":"https:\/\/www.strassenweb.de\/nachrichten\/#\/schema\/person\/87c9c9067f1211da429a744dc5a5aa41","name":"Robert Hoffmann","image":{"@type":"ImageObject","inLanguage":"de","@id":"https:\/\/www.strassenweb.de\/nachrichten\/wp-content\/uploads\/2024\/09\/strassenweb-150x150.jpg","url":"https:\/\/www.strassenweb.de\/nachrichten\/wp-content\/uploads\/2024\/09\/strassenweb-150x150.jpg","contentUrl":"https:\/\/www.strassenweb.de\/nachrichten\/wp-content\/uploads\/2024\/09\/strassenweb-150x150.jpg","caption":"Robert Hoffmann"},"description":"Ich hei\u00dfe Robert Hoffmann und ich bin ein leidenschaftlicher Verfechter von \u00d6kologie und Biodiversit\u00e4t. Seit meiner Kindheit in den W\u00e4ldern Bayerns f\u00fchle ich mich mit der Natur verbunden und bin entschlossen, sie zu sch\u00fctzen. Heute widme ich mein Leben der Sensibilisierung anderer f\u00fcr die Bedeutung des Umweltschutzes f\u00fcr zuk\u00fcnftige Generationen.","sameAs":["https:\/\/www.strassenweb.de\/"]}]}},"_links":{"self":[{"href":"https:\/\/www.strassenweb.de\/nachrichten\/wp-json\/wp\/v2\/posts\/4722","targetHints":{"allow":["GET"]}}],"collection":[{"href":"https:\/\/www.strassenweb.de\/nachrichten\/wp-json\/wp\/v2\/posts"}],"about":[{"href":"https:\/\/www.strassenweb.de\/nachrichten\/wp-json\/wp\/v2\/types\/post"}],"author":[{"embeddable":true,"href":"https:\/\/www.strassenweb.de\/nachrichten\/wp-json\/wp\/v2\/users\/1"}],"replies":[{"embeddable":true,"href":"https:\/\/www.strassenweb.de\/nachrichten\/wp-json\/wp\/v2\/comments?post=4722"}],"version-history":[{"count":0,"href":"https:\/\/www.strassenweb.de\/nachrichten\/wp-json\/wp\/v2\/posts\/4722\/revisions"}],"wp:featuredmedia":[{"embeddable":true,"href":"https:\/\/www.strassenweb.de\/nachrichten\/wp-json\/wp\/v2\/media\/4723"}],"wp:attachment":[{"href":"https:\/\/www.strassenweb.de\/nachrichten\/wp-json\/wp\/v2\/media?parent=4722"}],"wp:term":[{"taxonomy":"category","embeddable":true,"href":"https:\/\/www.strassenweb.de\/nachrichten\/wp-json\/wp\/v2\/categories?post=4722"},{"taxonomy":"post_tag","embeddable":true,"href":"https:\/\/www.strassenweb.de\/nachrichten\/wp-json\/wp\/v2\/tags?post=4722"}],"curies":[{"name":"wp","href":"https:\/\/api.w.org\/{rel}","templated":true}]}}