{"id":4701,"date":"2025-04-26T23:39:57","date_gmt":"2025-04-26T21:39:57","guid":{"rendered":"https:\/\/www.strassenweb.de\/nachrichten\/mein-schrank-ist-ploetzlich-mit-babyblau-gefuellt-so-bringe-ich-diesen-trendigen-fruehlingsschatten-auch-in-mein-zuhause\/"},"modified":"2025-04-26T23:39:58","modified_gmt":"2025-04-26T21:39:58","slug":"mein-schrank-ist-ploetzlich-mit-babyblau-gefuellt-so-bringe-ich-diesen-trendigen-fruehlingsschatten-auch-in-mein-zuhause","status":"publish","type":"post","link":"https:\/\/www.strassenweb.de\/nachrichten\/mein-schrank-ist-ploetzlich-mit-babyblau-gefuellt-so-bringe-ich-diesen-trendigen-fruehlingsschatten-auch-in-mein-zuhause\/","title":{"rendered":"Mein Schrank ist pl\u00f6tzlich mit Babyblau gef\u00fcllt-so bringe ich diesen trendigen Fr\u00fchlingsschatten auch in mein Zuhause."},"content":{"rendered":"<p><\/p>\n<div id=\"article-body\" class=\"article__body \">\n<p>Babyblau, einst f\u00fcr Kinderg\u00e4rten und Pulverr\u00e4ume reserviert, ist pl\u00f6tzlich \u00fcberall. Es war zuerst in meinem Schrank und Zubeh\u00f6r, und jetzt findet es seinen Weg in mein Zuhause. Frisch, optimistisch und \u00fcberraschend raffiniert, ist es eine Farbe mit einer enormen Reichweite.<\/p>\n<div id=\"ad-unit-1\" class=\"ad-unit\"><\/div>\n<p>Wenn Sie durch die Seiten der Zeitschriften schauen oder durch Ihre Social -Media -Feeds scrollen, k\u00f6nnen Sie nicht helfen, zu bemerken, aber \u00fcberall sind blaue Raumideen. Das Dekorieren mit Blau, insbesondere in seinen blasssten Formen, wird h\u00e4ufig von Top -Innenarchitekten verwendet, um Ruhe, Klarheit und eine leichte luftige Eleganz zu bringen, die sich entspannt und weich anf\u00fchlt, ohne die Raffinesse zu beeintr\u00e4chtigen.<\/p>\n<aside class=\"hawk-base\" data-block-type=\"embed\" data-render-type=\"fte\" data-skip=\"dealsy\" data-widget-type=\"seasonal\">\n<div class=\"hawk-master-widget-hawk-base-wrapper\"><\/div>\n<\/aside>\n<p>Einmal als \u00fcberm\u00e4\u00dfig zuckerhaltiger Pastellfarbton angesehen, f\u00fcr viele von uns, die sich in Nostalgie verwirren, tritt es jetzt vor und hat einen Moment des Designs.<\/p>\n<div id=\"desktop-in-article\" class=\"in-article ad-unit\">\n<div id=\"desktop-taboola-mid-article\"><\/div>\n<\/div>\n<div id=\"mobile-in-article\" class=\"in-article ad-unit\">\n<div id=\"mobile-taboola-mid-article\"><\/div>\n<\/div>\n<p>Hier werde ich untersuchen, warum dieser Farbtrend f\u00fcr mich funktioniert, sowohl in meinem Schrank als auch in meinem Zuhause.<\/p>\n<div class=\"van_vid_carousel\">\n<div class=\"van_vid_carousel__padding\">\n<div class=\"van_vid_carousel__container\"><\/div>\n<\/div>\n<\/div>\n<figure class=\"van-image-figure inline-layout \" data-bordeaux-image-check>\n<div class=\"image-full-width-wrapper\">\n<div class=\"image-widthsetter\" style=\"max-width:2000px;\"><\/div>\n<\/div><figcaption class=\"inline-layout \">\n<div class=\"caption-text\">\n<p>Innenarchitektur von Sean Symington<\/p>\n<\/div>\n<\/figcaption><\/figure>\n<p>&#8218;Dekorieren mit Babyblau muss nicht nur auf den Kindergarten eines Kindes beschr\u00e4nkt sein. Es ist ein weicher, beruhigender Farbton, der gerade in einem ruhigen Schlafzimmer oder in einem raffinierten Salon zu Hause ist.<\/p>\n<div id=\"ad-unit-2\" class=\"ad-unit\"><\/div>\n<p>Wenn es um Schlafzimmer -Design und Auswahl zwischen Schlafzimmer -Farbideen geht, kann ich keine Wei\u00dfe oder Neutrale machen. F\u00fcr mich sollte sich ein Schlafzimmer entweder gem\u00fctlich und etwas gebildetem Mutterleib (in tiefem Rot bewegend) oder frisch und ruhig anf\u00fchlen, abh\u00e4ngig von Ihrem Homestyle. Wenn letzteres mehr f\u00fcr Ihren Geschmack ist, w\u00fcrde ich vorschlagen, dass die perfekte Farbe ein weiches, blasses, babyblau ist. Es f\u00fchlt sich frisch und sauber an, wie knusprige Baumwollbl\u00e4tter und ein Fenster, das auf der Morgenluft hereinl\u00e4sst.<\/p>\n<p>Ich liebe besonders Farben wie Lulworth Blue von Farrow &#038; Ball, was meine Wahl f\u00fcr ein Schlafzimmer sein w\u00fcrde. F\u00fcr moderne Innenr\u00e4ume ist Farrow &#038; Ball Hazy genau ein bisschen cooler. Blasse Wedgewood By Little Greene ist absolut ikonisch, und wenn Sie traditionelle M\u00f6bel und Antiquit\u00e4ten haben, w\u00e4re das meine erste Wahl.<\/p>\n<figure class=\"van-image-figure inline-layout \" data-bordeaux-image-check>\n<div class=\"image-full-width-wrapper\">\n<div class=\"image-widthsetter\" style=\"max-width:2000px;\"><\/div>\n<\/div><figcaption class=\"inline-layout \">\n<div class=\"caption-text\">\n<p>Innenarchitektur von Otta Design. Farbe an den W\u00e4nden Cerulian Blue, Edward Bulmer<\/p>\n<\/div>\n<\/figcaption><\/figure>\n<p>Wenn es darum geht, Farbkombinationen f\u00fcr R\u00e4ume zu finden, ist es erfrischend einfach, Farben mit Babyblau zu kombinieren. Ich bin immer von seinen M\u00f6glichkeiten und nicht von seinen Grenzen betroffen. Insgesamt ist es eine unglaublich vielseitige Farbe.<\/p>\n<p>&#8222;Kombiniert mit braunen und Tabakfarben oder Akzenten von lebendigem Rot, Baby Blue kommt f\u00fcr sich selbst&#8220;, bemerkt Alexandra. \u201eWir verwenden Babyblau in vielen verschiedenen R\u00e4umen, und es sind die Farben, mit denen Sie sie kombinieren, die den Gesamteffekt bestimmen. Softt\u00f6ne von Blau und Gr\u00fcn schaffen ein Gef\u00fchl von Frische und Natur, und Auberginen bieten eine erwachsenere \u00c4sthetik, die in einem formellen Ess- oder Pulverraum gut funktioniert. &#8218;<\/p>\n<figure class=\"van-image-figure inline-layout \" data-bordeaux-image-check>\n<div class=\"image-full-width-wrapper\">\n<div class=\"image-widthsetter\" style=\"max-width:2000px;\"><\/div>\n<\/div><figcaption class=\"inline-layout \">\n<div class=\"caption-text\">\n<p>Innenarchitektur von Otta Design<\/p>\n<\/div>\n<\/figcaption><\/figure>\n<p>&#8222;Baby Blue ist eine dieser Farben, zu denen ich immer wieder zur\u00fcckkehre, es bringt ein so beruhigendes, ruhiges Gef\u00fchl in einen Raum&#8220;, sagt der in Gro\u00dfbritannien ans\u00e4ssige Innenarchitekt Sean Symington.<\/p>\n<p>&#8218;Es ist auch \u00fcberraschend vielseitig; Mit dem richtigen Schema kann es in jedem Raum von K\u00fcchen bis zu Schlafzimmern bis zu Badezimmern wunderbar funktionieren. Es h\u00e4ngt davon ab, mit was Sie es kombinieren. Ich neige dazu, \u00e4hnliche T\u00f6ne in frischen Gelben, Gr\u00fcns und Korallen zu verwenden, die diese sch\u00f6ne Farbe erg\u00e4nzen. Es ist besonders sch\u00f6n gegen antike braune M\u00f6bel. Nachdenklich verwendet, kann es anderen T\u00f6nen in der Palette helfen, egal ob das knusprige Wei\u00dfe, warme Neutrale oder mutige Akzente. &#8218;<\/p>\n<p>Wenn Sie Babyblau mit einem wei\u00dfen Wei\u00df- und Holzarbeiten kombinieren m\u00f6chten, w\u00e4hlen Sie einfach eine wei\u00dfe Farbe mit einem w\u00e4rmeren Unterton, um die Ikriness von hellblau auszugleichen. Wimborne White von Farrow und Ball hat ein kleines gelbes Pigment, das das Wei\u00df so leicht erw\u00e4rmt, sodass die beiden zusammen nicht ersch\u00fctternd sind.<\/p>\n<figure class=\"van-image-figure inline-layout \" data-bordeaux-image-check>\n<div class=\"image-full-width-wrapper\">\n<div class=\"image-widthsetter\" style=\"max-width:2000px;\"><\/div>\n<\/div><figcaption class=\"inline-layout \">\n<div class=\"caption-text\">\n<p>W\u00e4nde in Lulworth Blue, Farrow &#038; Ball. Verkleidungen in Wimborne White, Farrow &#038; Ball<\/p>\n<\/div>\n<\/figcaption><\/figure>\n<p>Baby Blue kann in fast jedem Raum arbeiten, aber es lohnt sich, wenn man bedenkt, dass es am besten ist, wenn es viel Licht ausgesetzt ist.<\/p>\n<p>&#8222;Wir w\u00e4ren vorsichtig, Babyblau in einem nach Norden ausgerichteten Raum zu benutzen, da es ein wenig kalt lesen k\u00f6nnte, aber es umarmen kann, wenn es um den Rest Ihres Hauses verwendet wird&#8220;, r\u00e4t Alexandra. Wenn Sie einen Raum in nat\u00fcrlichem Licht durchn\u00e4sst haben, wird Babyblau das Licht herumprallten und es sich expansiver anf\u00fchlt, und als solches ist es eine wunderbare Idee, wenn Sie diesen dauerhaften Farbtrend lieben.<\/p>\n<figure class=\"van-image-figure inline-layout \" data-bordeaux-image-check>\n<div class=\"image-full-width-wrapper\">\n<div class=\"image-widthsetter\" style=\"max-width:2000px;\"><\/div>\n<\/div><figcaption class=\"inline-layout \">\n<div class=\"caption-text\">\n<p>Farbe auf Schr\u00e4nken ist &#8222;Trinity Blue&#8220; von Devol<\/p>\n<\/div>\n<\/figcaption><\/figure>\n<p>Vor kurzem habe ich einen Teil meiner K\u00fcche Baby Blue gemalt. Es war der legend\u00e4re K\u00fcchendesigner Devol, der zuerst den Grundstein f\u00fcr diese Idee legte, und die Idee spielte ziemlich schnell in Aktion. Bevor ich es wusste, wurden mehrere K\u00fcchenschubladen und ein Beistelltisch in babyblauer Farbe durchn\u00e4sst.<\/p>\n<p>Seitdem hat kein einziger Besucher mein Haus verlassen, ohne es zu begleiten, und ich f\u00fchle mich bei dieser gewagten Entscheidung etwas triumphierend. Ich habe mich lange \u00fcber meine Abneigung gegen graue Farbe ausgesprochen. Das gilt insbesondere f\u00fcr K\u00fcchen, in denen ich denke, dass der Raum wie ein Operationstheater sehr klinisch aussehen kann.<\/p>\n<p>Aber ich denke, es gibt viel zu sagen f\u00fcr die Auswahl einer ruhigen, beruhigenden, weichen Farbe in der K\u00fcche, und als solches denke ich, dass Babyblau die perfekte Alternative zum etwas \u00fcberzeichneten Grau in so vielen modernen K\u00fcchen ist.<\/p>\n<figure class=\"van-image-figure inline-layout \" data-bordeaux-image-check>\n<div class=\"image-full-width-wrapper\">\n<div class=\"image-widthsetter\" style=\"max-width:2000px;\"><\/div>\n<\/div><figcaption class=\"inline-layout \">\n<div class=\"caption-text\">\n<p>Innenarchitektur von Otta Design<\/p>\n<\/div>\n<\/figcaption><\/figure>\n<p>Wenn Sie diese Fr\u00fchlingsfarbe in Ihr Zuhause bringen, m\u00fcssen Sie nat\u00fcrlich nicht mit Farbpeitschen an den W\u00e4nden ausgestattet sein. Es ist eine Farbe, die wunderbar in Tapeten, Textilien, Fliesen und kleineren Akzenten funktioniert<\/p>\n<figure class=\"van-image-figure inline-layout \" data-bordeaux-image-check>\n<div class=\"image-full-width-wrapper\">\n<div class=\"image-widthsetter\" style=\"max-width:2000px;\"><\/div>\n<\/div><figcaption class=\"inline-layout \">\n<div class=\"caption-text\">\n<p>Innenarchitektur von Otta Design<\/p>\n<\/div>\n<\/figcaption><\/figure>\n<p>In Kombination mit starken, lebendigen Farben wie hellem Orangen oder Elektro -Pink kann Babyblau tats\u00e4chlich in den Hintergrund zur\u00fcckgehen, was eine sanfte visuelle Schichtung erm\u00f6glicht.<\/p>\n<p>Im Gegensatz zu White, was sich lebhafte Farbt\u00f6ne sehr \u00fcberw\u00e4ltigend anf\u00fchlen kann, schafft Baby Blue eine ausgewogene Kulisse, damit diese T\u00f6ne leuchten k\u00f6nnen, ohne den Raum vollst\u00e4ndig zu dominieren. Wenn Sie einen Raum lieben, um Tiefe und Farbe zu haben, liegt der Schl\u00fcssel beim Aufbau der Palette und beim Hinzuf\u00fcgen von Schichten von sanfter Farbe und Textur, Baby Blue ist in diesem Sinne ein Wunderarbeiter und kann auf unz\u00e4hlige Arten verwendet werden.<\/p>\n<figure class=\"van-image-figure inline-layout \" data-bordeaux-image-check>\n<div class=\"image-full-width-wrapper\">\n<div class=\"image-widthsetter\" style=\"max-width:2000px;\"><\/div>\n<\/div><figcaption class=\"inline-layout \">\n<div class=\"caption-text\">\n<p>Innenarchitektur von Otta Design<\/p>\n<\/div>\n<\/figcaption><\/figure>\n<p>Als ich zum ersten Mal in mein aktuelles Zuhause zog, beschloss ich, meine Haust\u00fcrfarbe zu wechseln und mit einem hellblauen Blau zu gehen. Es war zuvor ein kluges und auff\u00e4lliges Schwarz gewesen, aber ich wollte eine Ver\u00e4nderung. Das weiche Babyblau f\u00fchlt sich frisch und einladend an, und da es eine der einladendsten Haust\u00fcrfarben f\u00fcr den Fr\u00fchling ist, verleiht es dem \u00c4u\u00dferen einen modernen Aufzug, ohne zu weit von einem klassischen Look entfernt zu sein.<\/p>\n<p>Wenn Sie Ihre Haust\u00fcr -Babyblau malen m\u00f6chten, m\u00f6chten Sie sich vielleicht von diesen Farbt\u00f6nen mit sehr kalten grauen Untert\u00f6nen fernhalten und ein Babyblau mit etwas mehr Tiefe oder Pigment wie Brighton wonitf Little Greene oder meiner pers\u00f6nlichen Lieblings -Vordert\u00fcrfarbe durch einen langen Schuss, Tee mit Florenz durch Little Greene ausw\u00e4hlen.<\/p>\n<figure class=\"van-image-figure inline-layout \" data-bordeaux-image-check>\n<div class=\"image-full-width-wrapper\">\n<div class=\"image-widthsetter\" style=\"max-width:2000px;\"><\/div>\n<\/div><figcaption class=\"inline-layout \">\n<div class=\"caption-text\">\n<p>Innenarchitektur von Sean Symington<\/p>\n<\/div>\n<\/figcaption><\/figure>\n<h2 id=\"bring-baby-blue-into-your-home-in-smaller-accents-with-these-top-picks-3\">Bringen Sie Baby Blue in kleineren Akzenten mit diesen Top -Picks in Ihr Zuhause in Ihr Zuhause<\/h2>\n<div class=\"product-container hero-product-container product-block-no-wrap\"><\/div>\n<hr>\n<p>Wenn Baby Blue Sie \u00fcberzeugt hat und Sie dar\u00fcber nachdenken, einen Raum in dieser optimistischen Farbe zu malen, sollten Sie einige der besten hellblauen Farben vornehmen, bevor Sie sich zu einem verpflichten. Das mag eine vern\u00fcnftige, aber offensichtliche Empfehlung erscheinen, aber Sie leben Sie einige Tage lang mit den Farbfeldern oder wenn Sie die Geduld, einige Wochen, um zu sehen, wie sich Ihre Gef\u00fchle gegen\u00fcber ihr oder nicht im Laufe der Zeit \u00e4ndern.<\/p>\n<\/div>\n","protected":false},"excerpt":{"rendered":"<p>Babyblau, einst f\u00fcr Kinderg\u00e4rten und Pulverr\u00e4ume reserviert, ist pl\u00f6tzlich \u00fcberall. Es war zuerst in meinem Schrank und Zubeh\u00f6r, und jetzt findet es seinen Weg in<\/p>\n","protected":false},"author":1,"featured_media":4702,"comment_status":"closed","ping_status":"","sticky":false,"template":"","format":"standard","meta":{"footnotes":""},"categories":[118],"tags":[436,6923,2387,208,6925,6924,129,15,778,146,6076,2746,326,171],"class_list":["post-4701","post","type-post","status-publish","format-standard","has-post-thumbnail","hentry","category-haus-garten","tag-auch","tag-babyblau","tag-bringe","tag-diesen","tag-fruehlingsschatten","tag-gefuelltso","tag-ich","tag-ist","tag-mein","tag-mit","tag-ploetzlich","tag-schrank","tag-trendigen","tag-zuhause","generate-columns","tablet-grid-50","mobile-grid-100","grid-parent","grid-50"],"yoast_head":"<!-- This site is optimized with the Yoast SEO plugin v27.3 - https:\/\/yoast.com\/product\/yoast-seo-wordpress\/ -->\n<title>Mein Schrank ist pl\u00f6tzlich mit Babyblau gef\u00fcllt-so bringe ich diesen trendigen Fr\u00fchlingsschatten auch in mein Zuhause. - Nachrichten - Stra\u00dfenweb<\/title>\n<meta name=\"robots\" content=\"index, follow, max-snippet:-1, max-image-preview:large, max-video-preview:-1\" \/>\n<link rel=\"canonical\" href=\"https:\/\/www.strassenweb.de\/nachrichten\/mein-schrank-ist-ploetzlich-mit-babyblau-gefuellt-so-bringe-ich-diesen-trendigen-fruehlingsschatten-auch-in-mein-zuhause\/\" \/>\n<meta property=\"og:locale\" content=\"de_DE\" \/>\n<meta property=\"og:type\" content=\"article\" \/>\n<meta property=\"og:title\" content=\"Mein Schrank ist pl\u00f6tzlich mit Babyblau gef\u00fcllt-so bringe ich diesen trendigen Fr\u00fchlingsschatten auch in mein Zuhause. - Nachrichten - Stra\u00dfenweb\" \/>\n<meta property=\"og:description\" content=\"Babyblau, einst f\u00fcr Kinderg\u00e4rten und Pulverr\u00e4ume reserviert, ist pl\u00f6tzlich \u00fcberall. Es war zuerst in meinem Schrank und Zubeh\u00f6r, und jetzt findet es seinen Weg in\" \/>\n<meta property=\"og:url\" content=\"https:\/\/www.strassenweb.de\/nachrichten\/mein-schrank-ist-ploetzlich-mit-babyblau-gefuellt-so-bringe-ich-diesen-trendigen-fruehlingsschatten-auch-in-mein-zuhause\/\" \/>\n<meta property=\"og:site_name\" content=\"Stra\u00dfenweb\" \/>\n<meta property=\"article:publisher\" content=\"https:\/\/www.facebook.com\/strassenweb\/\" \/>\n<meta property=\"article:published_time\" content=\"2025-04-26T21:39:57+00:00\" \/>\n<meta property=\"article:modified_time\" content=\"2025-04-26T21:39:58+00:00\" \/>\n<meta property=\"og:image\" content=\"https:\/\/www.strassenweb.de\/nachrichten\/wp-content\/uploads\/2025\/04\/VHQATzwxMsEiTmHG796qvk.jpg\" \/>\n\t<meta property=\"og:image:width\" content=\"1920\" \/>\n\t<meta property=\"og:image:height\" content=\"1080\" \/>\n\t<meta property=\"og:image:type\" content=\"image\/jpeg\" \/>\n<meta name=\"author\" content=\"Robert Hoffmann\" \/>\n<meta name=\"twitter:card\" content=\"summary_large_image\" \/>\n<meta name=\"twitter:label1\" content=\"Verfasst von\" \/>\n\t<meta name=\"twitter:data1\" content=\"Robert Hoffmann\" \/>\n\t<meta name=\"twitter:label2\" content=\"Gesch\u00e4tzte Lesezeit\" \/>\n\t<meta name=\"twitter:data2\" content=\"7\u00a0Minuten\" \/>\n<script type=\"application\/ld+json\" class=\"yoast-schema-graph\">{\"@context\":\"https:\\\/\\\/schema.org\",\"@graph\":[{\"@type\":\"Article\",\"@id\":\"https:\\\/\\\/www.strassenweb.de\\\/nachrichten\\\/mein-schrank-ist-ploetzlich-mit-babyblau-gefuellt-so-bringe-ich-diesen-trendigen-fruehlingsschatten-auch-in-mein-zuhause\\\/#article\",\"isPartOf\":{\"@id\":\"https:\\\/\\\/www.strassenweb.de\\\/nachrichten\\\/mein-schrank-ist-ploetzlich-mit-babyblau-gefuellt-so-bringe-ich-diesen-trendigen-fruehlingsschatten-auch-in-mein-zuhause\\\/\"},\"author\":{\"name\":\"Robert Hoffmann\",\"@id\":\"https:\\\/\\\/www.strassenweb.de\\\/nachrichten\\\/#\\\/schema\\\/person\\\/87c9c9067f1211da429a744dc5a5aa41\"},\"headline\":\"Mein Schrank ist pl\u00f6tzlich mit Babyblau gef\u00fcllt-so bringe ich diesen trendigen Fr\u00fchlingsschatten auch in mein Zuhause.\",\"datePublished\":\"2025-04-26T21:39:57+00:00\",\"dateModified\":\"2025-04-26T21:39:58+00:00\",\"mainEntityOfPage\":{\"@id\":\"https:\\\/\\\/www.strassenweb.de\\\/nachrichten\\\/mein-schrank-ist-ploetzlich-mit-babyblau-gefuellt-so-bringe-ich-diesen-trendigen-fruehlingsschatten-auch-in-mein-zuhause\\\/\"},\"wordCount\":1339,\"publisher\":{\"@id\":\"https:\\\/\\\/www.strassenweb.de\\\/nachrichten\\\/#organization\"},\"image\":{\"@id\":\"https:\\\/\\\/www.strassenweb.de\\\/nachrichten\\\/mein-schrank-ist-ploetzlich-mit-babyblau-gefuellt-so-bringe-ich-diesen-trendigen-fruehlingsschatten-auch-in-mein-zuhause\\\/#primaryimage\"},\"thumbnailUrl\":\"https:\\\/\\\/www.strassenweb.de\\\/nachrichten\\\/wp-content\\\/uploads\\\/2025\\\/04\\\/VHQATzwxMsEiTmHG796qvk.jpg\",\"keywords\":[\"Auch\",\"Babyblau\",\"bringe\",\"diesen\",\"Fr\u00fchlingsschatten\",\"gef\u00fclltso\",\"ich\",\"ist\",\"mein\",\"mit\",\"Pl\u00f6tzlich\",\"Schrank\",\"trendigen\",\"Zuhause\"],\"articleSection\":[\"Haus &amp; Garten\"],\"inLanguage\":\"de\"},{\"@type\":\"WebPage\",\"@id\":\"https:\\\/\\\/www.strassenweb.de\\\/nachrichten\\\/mein-schrank-ist-ploetzlich-mit-babyblau-gefuellt-so-bringe-ich-diesen-trendigen-fruehlingsschatten-auch-in-mein-zuhause\\\/\",\"url\":\"https:\\\/\\\/www.strassenweb.de\\\/nachrichten\\\/mein-schrank-ist-ploetzlich-mit-babyblau-gefuellt-so-bringe-ich-diesen-trendigen-fruehlingsschatten-auch-in-mein-zuhause\\\/\",\"name\":\"Mein Schrank ist pl\u00f6tzlich mit Babyblau gef\u00fcllt-so bringe ich diesen trendigen Fr\u00fchlingsschatten auch in mein Zuhause. - Nachrichten - Stra\u00dfenweb\",\"isPartOf\":{\"@id\":\"https:\\\/\\\/www.strassenweb.de\\\/nachrichten\\\/#website\"},\"primaryImageOfPage\":{\"@id\":\"https:\\\/\\\/www.strassenweb.de\\\/nachrichten\\\/mein-schrank-ist-ploetzlich-mit-babyblau-gefuellt-so-bringe-ich-diesen-trendigen-fruehlingsschatten-auch-in-mein-zuhause\\\/#primaryimage\"},\"image\":{\"@id\":\"https:\\\/\\\/www.strassenweb.de\\\/nachrichten\\\/mein-schrank-ist-ploetzlich-mit-babyblau-gefuellt-so-bringe-ich-diesen-trendigen-fruehlingsschatten-auch-in-mein-zuhause\\\/#primaryimage\"},\"thumbnailUrl\":\"https:\\\/\\\/www.strassenweb.de\\\/nachrichten\\\/wp-content\\\/uploads\\\/2025\\\/04\\\/VHQATzwxMsEiTmHG796qvk.jpg\",\"datePublished\":\"2025-04-26T21:39:57+00:00\",\"dateModified\":\"2025-04-26T21:39:58+00:00\",\"breadcrumb\":{\"@id\":\"https:\\\/\\\/www.strassenweb.de\\\/nachrichten\\\/mein-schrank-ist-ploetzlich-mit-babyblau-gefuellt-so-bringe-ich-diesen-trendigen-fruehlingsschatten-auch-in-mein-zuhause\\\/#breadcrumb\"},\"inLanguage\":\"de\",\"potentialAction\":[{\"@type\":\"ReadAction\",\"target\":[\"https:\\\/\\\/www.strassenweb.de\\\/nachrichten\\\/mein-schrank-ist-ploetzlich-mit-babyblau-gefuellt-so-bringe-ich-diesen-trendigen-fruehlingsschatten-auch-in-mein-zuhause\\\/\"]}]},{\"@type\":\"ImageObject\",\"inLanguage\":\"de\",\"@id\":\"https:\\\/\\\/www.strassenweb.de\\\/nachrichten\\\/mein-schrank-ist-ploetzlich-mit-babyblau-gefuellt-so-bringe-ich-diesen-trendigen-fruehlingsschatten-auch-in-mein-zuhause\\\/#primaryimage\",\"url\":\"https:\\\/\\\/www.strassenweb.de\\\/nachrichten\\\/wp-content\\\/uploads\\\/2025\\\/04\\\/VHQATzwxMsEiTmHG796qvk.jpg\",\"contentUrl\":\"https:\\\/\\\/www.strassenweb.de\\\/nachrichten\\\/wp-content\\\/uploads\\\/2025\\\/04\\\/VHQATzwxMsEiTmHG796qvk.jpg\",\"width\":1920,\"height\":1080,\"caption\":\"A blue sitting room with an orange sofa, yellow ottoman and bookshelves\"},{\"@type\":\"BreadcrumbList\",\"@id\":\"https:\\\/\\\/www.strassenweb.de\\\/nachrichten\\\/mein-schrank-ist-ploetzlich-mit-babyblau-gefuellt-so-bringe-ich-diesen-trendigen-fruehlingsschatten-auch-in-mein-zuhause\\\/#breadcrumb\",\"itemListElement\":[{\"@type\":\"ListItem\",\"position\":1,\"name\":\"Home\",\"item\":\"https:\\\/\\\/www.strassenweb.de\\\/nachrichten\\\/\"},{\"@type\":\"ListItem\",\"position\":2,\"name\":\"Mein Schrank ist pl\u00f6tzlich mit Babyblau gef\u00fcllt-so bringe ich diesen trendigen Fr\u00fchlingsschatten auch in mein Zuhause.\"}]},{\"@type\":\"WebSite\",\"@id\":\"https:\\\/\\\/www.strassenweb.de\\\/nachrichten\\\/#website\",\"url\":\"https:\\\/\\\/www.strassenweb.de\\\/nachrichten\\\/\",\"name\":\"Stra\u00dfenweb\",\"description\":\"Stra\u00dfenverzeichnis f\u00fcr Deutschland\",\"publisher\":{\"@id\":\"https:\\\/\\\/www.strassenweb.de\\\/nachrichten\\\/#organization\"},\"potentialAction\":[{\"@type\":\"SearchAction\",\"target\":{\"@type\":\"EntryPoint\",\"urlTemplate\":\"https:\\\/\\\/www.strassenweb.de\\\/nachrichten\\\/?s={search_term_string}\"},\"query-input\":{\"@type\":\"PropertyValueSpecification\",\"valueRequired\":true,\"valueName\":\"search_term_string\"}}],\"inLanguage\":\"de\"},{\"@type\":\"Organization\",\"@id\":\"https:\\\/\\\/www.strassenweb.de\\\/nachrichten\\\/#organization\",\"name\":\"Stra\u00dfenweb\",\"url\":\"https:\\\/\\\/www.strassenweb.de\\\/nachrichten\\\/\",\"logo\":{\"@type\":\"ImageObject\",\"inLanguage\":\"de\",\"@id\":\"https:\\\/\\\/www.strassenweb.de\\\/nachrichten\\\/#\\\/schema\\\/logo\\\/image\\\/\",\"url\":\"https:\\\/\\\/www.strassenweb.de\\\/nachrichten\\\/wp-content\\\/uploads\\\/2024\\\/09\\\/cropped-favicon.png\",\"contentUrl\":\"https:\\\/\\\/www.strassenweb.de\\\/nachrichten\\\/wp-content\\\/uploads\\\/2024\\\/09\\\/cropped-favicon.png\",\"width\":512,\"height\":512,\"caption\":\"Stra\u00dfenweb\"},\"image\":{\"@id\":\"https:\\\/\\\/www.strassenweb.de\\\/nachrichten\\\/#\\\/schema\\\/logo\\\/image\\\/\"},\"sameAs\":[\"https:\\\/\\\/www.facebook.com\\\/strassenweb\\\/\"]},{\"@type\":\"Person\",\"@id\":\"https:\\\/\\\/www.strassenweb.de\\\/nachrichten\\\/#\\\/schema\\\/person\\\/87c9c9067f1211da429a744dc5a5aa41\",\"name\":\"Robert Hoffmann\",\"image\":{\"@type\":\"ImageObject\",\"inLanguage\":\"de\",\"@id\":\"https:\\\/\\\/www.strassenweb.de\\\/nachrichten\\\/wp-content\\\/uploads\\\/2024\\\/09\\\/strassenweb-150x150.jpg\",\"url\":\"https:\\\/\\\/www.strassenweb.de\\\/nachrichten\\\/wp-content\\\/uploads\\\/2024\\\/09\\\/strassenweb-150x150.jpg\",\"contentUrl\":\"https:\\\/\\\/www.strassenweb.de\\\/nachrichten\\\/wp-content\\\/uploads\\\/2024\\\/09\\\/strassenweb-150x150.jpg\",\"caption\":\"Robert Hoffmann\"},\"description\":\"Ich hei\u00dfe Robert Hoffmann und ich bin ein leidenschaftlicher Verfechter von \u00d6kologie und Biodiversit\u00e4t. Seit meiner Kindheit in den W\u00e4ldern Bayerns f\u00fchle ich mich mit der Natur verbunden und bin entschlossen, sie zu sch\u00fctzen. Heute widme ich mein Leben der Sensibilisierung anderer f\u00fcr die Bedeutung des Umweltschutzes f\u00fcr zuk\u00fcnftige Generationen.\",\"sameAs\":[\"https:\\\/\\\/www.strassenweb.de\\\/\"]}]}<\/script>\n<!-- \/ Yoast SEO plugin. -->","yoast_head_json":{"title":"Mein Schrank ist pl\u00f6tzlich mit Babyblau gef\u00fcllt-so bringe ich diesen trendigen Fr\u00fchlingsschatten auch in mein Zuhause. - Nachrichten - Stra\u00dfenweb","robots":{"index":"index","follow":"follow","max-snippet":"max-snippet:-1","max-image-preview":"max-image-preview:large","max-video-preview":"max-video-preview:-1"},"canonical":"https:\/\/www.strassenweb.de\/nachrichten\/mein-schrank-ist-ploetzlich-mit-babyblau-gefuellt-so-bringe-ich-diesen-trendigen-fruehlingsschatten-auch-in-mein-zuhause\/","og_locale":"de_DE","og_type":"article","og_title":"Mein Schrank ist pl\u00f6tzlich mit Babyblau gef\u00fcllt-so bringe ich diesen trendigen Fr\u00fchlingsschatten auch in mein Zuhause. - Nachrichten - Stra\u00dfenweb","og_description":"Babyblau, einst f\u00fcr Kinderg\u00e4rten und Pulverr\u00e4ume reserviert, ist pl\u00f6tzlich \u00fcberall. Es war zuerst in meinem Schrank und Zubeh\u00f6r, und jetzt findet es seinen Weg in","og_url":"https:\/\/www.strassenweb.de\/nachrichten\/mein-schrank-ist-ploetzlich-mit-babyblau-gefuellt-so-bringe-ich-diesen-trendigen-fruehlingsschatten-auch-in-mein-zuhause\/","og_site_name":"Stra\u00dfenweb","article_publisher":"https:\/\/www.facebook.com\/strassenweb\/","article_published_time":"2025-04-26T21:39:57+00:00","article_modified_time":"2025-04-26T21:39:58+00:00","og_image":[{"width":1920,"height":1080,"url":"https:\/\/www.strassenweb.de\/nachrichten\/wp-content\/uploads\/2025\/04\/VHQATzwxMsEiTmHG796qvk.jpg","type":"image\/jpeg"}],"author":"Robert Hoffmann","twitter_card":"summary_large_image","twitter_misc":{"Verfasst von":"Robert Hoffmann","Gesch\u00e4tzte Lesezeit":"7\u00a0Minuten"},"schema":{"@context":"https:\/\/schema.org","@graph":[{"@type":"Article","@id":"https:\/\/www.strassenweb.de\/nachrichten\/mein-schrank-ist-ploetzlich-mit-babyblau-gefuellt-so-bringe-ich-diesen-trendigen-fruehlingsschatten-auch-in-mein-zuhause\/#article","isPartOf":{"@id":"https:\/\/www.strassenweb.de\/nachrichten\/mein-schrank-ist-ploetzlich-mit-babyblau-gefuellt-so-bringe-ich-diesen-trendigen-fruehlingsschatten-auch-in-mein-zuhause\/"},"author":{"name":"Robert Hoffmann","@id":"https:\/\/www.strassenweb.de\/nachrichten\/#\/schema\/person\/87c9c9067f1211da429a744dc5a5aa41"},"headline":"Mein Schrank ist pl\u00f6tzlich mit Babyblau gef\u00fcllt-so bringe ich diesen trendigen Fr\u00fchlingsschatten auch in mein Zuhause.","datePublished":"2025-04-26T21:39:57+00:00","dateModified":"2025-04-26T21:39:58+00:00","mainEntityOfPage":{"@id":"https:\/\/www.strassenweb.de\/nachrichten\/mein-schrank-ist-ploetzlich-mit-babyblau-gefuellt-so-bringe-ich-diesen-trendigen-fruehlingsschatten-auch-in-mein-zuhause\/"},"wordCount":1339,"publisher":{"@id":"https:\/\/www.strassenweb.de\/nachrichten\/#organization"},"image":{"@id":"https:\/\/www.strassenweb.de\/nachrichten\/mein-schrank-ist-ploetzlich-mit-babyblau-gefuellt-so-bringe-ich-diesen-trendigen-fruehlingsschatten-auch-in-mein-zuhause\/#primaryimage"},"thumbnailUrl":"https:\/\/www.strassenweb.de\/nachrichten\/wp-content\/uploads\/2025\/04\/VHQATzwxMsEiTmHG796qvk.jpg","keywords":["Auch","Babyblau","bringe","diesen","Fr\u00fchlingsschatten","gef\u00fclltso","ich","ist","mein","mit","Pl\u00f6tzlich","Schrank","trendigen","Zuhause"],"articleSection":["Haus &amp; Garten"],"inLanguage":"de"},{"@type":"WebPage","@id":"https:\/\/www.strassenweb.de\/nachrichten\/mein-schrank-ist-ploetzlich-mit-babyblau-gefuellt-so-bringe-ich-diesen-trendigen-fruehlingsschatten-auch-in-mein-zuhause\/","url":"https:\/\/www.strassenweb.de\/nachrichten\/mein-schrank-ist-ploetzlich-mit-babyblau-gefuellt-so-bringe-ich-diesen-trendigen-fruehlingsschatten-auch-in-mein-zuhause\/","name":"Mein Schrank ist pl\u00f6tzlich mit Babyblau gef\u00fcllt-so bringe ich diesen trendigen Fr\u00fchlingsschatten auch in mein Zuhause. - Nachrichten - Stra\u00dfenweb","isPartOf":{"@id":"https:\/\/www.strassenweb.de\/nachrichten\/#website"},"primaryImageOfPage":{"@id":"https:\/\/www.strassenweb.de\/nachrichten\/mein-schrank-ist-ploetzlich-mit-babyblau-gefuellt-so-bringe-ich-diesen-trendigen-fruehlingsschatten-auch-in-mein-zuhause\/#primaryimage"},"image":{"@id":"https:\/\/www.strassenweb.de\/nachrichten\/mein-schrank-ist-ploetzlich-mit-babyblau-gefuellt-so-bringe-ich-diesen-trendigen-fruehlingsschatten-auch-in-mein-zuhause\/#primaryimage"},"thumbnailUrl":"https:\/\/www.strassenweb.de\/nachrichten\/wp-content\/uploads\/2025\/04\/VHQATzwxMsEiTmHG796qvk.jpg","datePublished":"2025-04-26T21:39:57+00:00","dateModified":"2025-04-26T21:39:58+00:00","breadcrumb":{"@id":"https:\/\/www.strassenweb.de\/nachrichten\/mein-schrank-ist-ploetzlich-mit-babyblau-gefuellt-so-bringe-ich-diesen-trendigen-fruehlingsschatten-auch-in-mein-zuhause\/#breadcrumb"},"inLanguage":"de","potentialAction":[{"@type":"ReadAction","target":["https:\/\/www.strassenweb.de\/nachrichten\/mein-schrank-ist-ploetzlich-mit-babyblau-gefuellt-so-bringe-ich-diesen-trendigen-fruehlingsschatten-auch-in-mein-zuhause\/"]}]},{"@type":"ImageObject","inLanguage":"de","@id":"https:\/\/www.strassenweb.de\/nachrichten\/mein-schrank-ist-ploetzlich-mit-babyblau-gefuellt-so-bringe-ich-diesen-trendigen-fruehlingsschatten-auch-in-mein-zuhause\/#primaryimage","url":"https:\/\/www.strassenweb.de\/nachrichten\/wp-content\/uploads\/2025\/04\/VHQATzwxMsEiTmHG796qvk.jpg","contentUrl":"https:\/\/www.strassenweb.de\/nachrichten\/wp-content\/uploads\/2025\/04\/VHQATzwxMsEiTmHG796qvk.jpg","width":1920,"height":1080,"caption":"A blue sitting room with an orange sofa, yellow ottoman and bookshelves"},{"@type":"BreadcrumbList","@id":"https:\/\/www.strassenweb.de\/nachrichten\/mein-schrank-ist-ploetzlich-mit-babyblau-gefuellt-so-bringe-ich-diesen-trendigen-fruehlingsschatten-auch-in-mein-zuhause\/#breadcrumb","itemListElement":[{"@type":"ListItem","position":1,"name":"Home","item":"https:\/\/www.strassenweb.de\/nachrichten\/"},{"@type":"ListItem","position":2,"name":"Mein Schrank ist pl\u00f6tzlich mit Babyblau gef\u00fcllt-so bringe ich diesen trendigen Fr\u00fchlingsschatten auch in mein Zuhause."}]},{"@type":"WebSite","@id":"https:\/\/www.strassenweb.de\/nachrichten\/#website","url":"https:\/\/www.strassenweb.de\/nachrichten\/","name":"Stra\u00dfenweb","description":"Stra\u00dfenverzeichnis f\u00fcr Deutschland","publisher":{"@id":"https:\/\/www.strassenweb.de\/nachrichten\/#organization"},"potentialAction":[{"@type":"SearchAction","target":{"@type":"EntryPoint","urlTemplate":"https:\/\/www.strassenweb.de\/nachrichten\/?s={search_term_string}"},"query-input":{"@type":"PropertyValueSpecification","valueRequired":true,"valueName":"search_term_string"}}],"inLanguage":"de"},{"@type":"Organization","@id":"https:\/\/www.strassenweb.de\/nachrichten\/#organization","name":"Stra\u00dfenweb","url":"https:\/\/www.strassenweb.de\/nachrichten\/","logo":{"@type":"ImageObject","inLanguage":"de","@id":"https:\/\/www.strassenweb.de\/nachrichten\/#\/schema\/logo\/image\/","url":"https:\/\/www.strassenweb.de\/nachrichten\/wp-content\/uploads\/2024\/09\/cropped-favicon.png","contentUrl":"https:\/\/www.strassenweb.de\/nachrichten\/wp-content\/uploads\/2024\/09\/cropped-favicon.png","width":512,"height":512,"caption":"Stra\u00dfenweb"},"image":{"@id":"https:\/\/www.strassenweb.de\/nachrichten\/#\/schema\/logo\/image\/"},"sameAs":["https:\/\/www.facebook.com\/strassenweb\/"]},{"@type":"Person","@id":"https:\/\/www.strassenweb.de\/nachrichten\/#\/schema\/person\/87c9c9067f1211da429a744dc5a5aa41","name":"Robert Hoffmann","image":{"@type":"ImageObject","inLanguage":"de","@id":"https:\/\/www.strassenweb.de\/nachrichten\/wp-content\/uploads\/2024\/09\/strassenweb-150x150.jpg","url":"https:\/\/www.strassenweb.de\/nachrichten\/wp-content\/uploads\/2024\/09\/strassenweb-150x150.jpg","contentUrl":"https:\/\/www.strassenweb.de\/nachrichten\/wp-content\/uploads\/2024\/09\/strassenweb-150x150.jpg","caption":"Robert Hoffmann"},"description":"Ich hei\u00dfe Robert Hoffmann und ich bin ein leidenschaftlicher Verfechter von \u00d6kologie und Biodiversit\u00e4t. Seit meiner Kindheit in den W\u00e4ldern Bayerns f\u00fchle ich mich mit der Natur verbunden und bin entschlossen, sie zu sch\u00fctzen. Heute widme ich mein Leben der Sensibilisierung anderer f\u00fcr die Bedeutung des Umweltschutzes f\u00fcr zuk\u00fcnftige Generationen.","sameAs":["https:\/\/www.strassenweb.de\/"]}]}},"_links":{"self":[{"href":"https:\/\/www.strassenweb.de\/nachrichten\/wp-json\/wp\/v2\/posts\/4701","targetHints":{"allow":["GET"]}}],"collection":[{"href":"https:\/\/www.strassenweb.de\/nachrichten\/wp-json\/wp\/v2\/posts"}],"about":[{"href":"https:\/\/www.strassenweb.de\/nachrichten\/wp-json\/wp\/v2\/types\/post"}],"author":[{"embeddable":true,"href":"https:\/\/www.strassenweb.de\/nachrichten\/wp-json\/wp\/v2\/users\/1"}],"replies":[{"embeddable":true,"href":"https:\/\/www.strassenweb.de\/nachrichten\/wp-json\/wp\/v2\/comments?post=4701"}],"version-history":[{"count":0,"href":"https:\/\/www.strassenweb.de\/nachrichten\/wp-json\/wp\/v2\/posts\/4701\/revisions"}],"wp:featuredmedia":[{"embeddable":true,"href":"https:\/\/www.strassenweb.de\/nachrichten\/wp-json\/wp\/v2\/media\/4702"}],"wp:attachment":[{"href":"https:\/\/www.strassenweb.de\/nachrichten\/wp-json\/wp\/v2\/media?parent=4701"}],"wp:term":[{"taxonomy":"category","embeddable":true,"href":"https:\/\/www.strassenweb.de\/nachrichten\/wp-json\/wp\/v2\/categories?post=4701"},{"taxonomy":"post_tag","embeddable":true,"href":"https:\/\/www.strassenweb.de\/nachrichten\/wp-json\/wp\/v2\/tags?post=4701"}],"curies":[{"name":"wp","href":"https:\/\/api.w.org\/{rel}","templated":true}]}}