{"id":4686,"date":"2025-04-26T03:41:57","date_gmt":"2025-04-26T01:41:57","guid":{"rendered":"https:\/\/www.strassenweb.de\/nachrichten\/ich-habe-nach-einer-vielseitigen-gartenmoebelfarbe-gesucht-die-im-sommer-2026-genauso-gut-aussieht-stanley-tucci-schlaegt-gray-vor\/"},"modified":"2025-04-26T03:41:57","modified_gmt":"2025-04-26T01:41:57","slug":"ich-habe-nach-einer-vielseitigen-gartenmoebelfarbe-gesucht-die-im-sommer-2026-genauso-gut-aussieht-stanley-tucci-schlaegt-gray-vor","status":"publish","type":"post","link":"https:\/\/www.strassenweb.de\/nachrichten\/ich-habe-nach-einer-vielseitigen-gartenmoebelfarbe-gesucht-die-im-sommer-2026-genauso-gut-aussieht-stanley-tucci-schlaegt-gray-vor\/","title":{"rendered":"Ich habe nach einer vielseitigen Gartenm\u00f6belfarbe gesucht, die im Sommer 2026 genauso gut aussieht &#8211; Stanley Tucci schl\u00e4gt Gray vor"},"content":{"rendered":"<p><\/p>\n<div id=\"article-body\" class=\"article__body \">\n<p>Die Patio -Saison begr\u00fc\u00dft die Chance, in einen Wohnraum im Freien zu investieren, und als solche sind einige atemberaubende M\u00f6bel, die den Test der Zeit bestehen.<\/p>\n<div id=\"ad-unit-1\" class=\"ad-unit\"><\/div>\n<p>Ich habe zuerst \u00fcber Farben nach Outdoor -M\u00f6beln nachgedacht, und ich glaube, ich bin f\u00fcr dieses Jahr (und dar\u00fcber hinaus) mit ein wenig Hilfe von Stanley Tucci: Gray auf meiner Top -Wahl gelandet.<\/p>\n<aside class=\"hawk-base\" data-block-type=\"embed\" data-render-type=\"fte\" data-skip=\"dealsy\" data-widget-type=\"seasonal\">\n<div class=\"hawk-master-widget-hawk-base-wrapper\"><\/div>\n<\/aside>\n<p>Der Schauspieler und Hauskoch teilten 2023 zuerst seine grauen Outdoor -M\u00f6bel auf Instagram, und jetzt sieht er am Rande des Sommers 2025 genauso perfekt aus. Ich war beeindruckt, wie hoch seine grauen Terrassenm\u00f6bel unter seinen vielen Pflanzen und gr\u00fcnen Landschaften aussah. Es wird durch Holzakzente weiter erg\u00e4nzt und die St\u00fccke an die nat\u00fcrliche Welt zur\u00fcckbinden.<\/p>\n<div id=\"desktop-in-article\" class=\"in-article ad-unit\">\n<div id=\"desktop-taboola-mid-article\"><\/div>\n<\/div>\n<div id=\"mobile-in-article\" class=\"in-article ad-unit\">\n<div id=\"mobile-taboola-mid-article\"><\/div>\n<\/div>\n<p>Obwohl es zwei Jahre alt ist, sieht es heute genauso modisch aus und macht es zu einer sicheren Wette, wenn Sie wie ich eine langfristige Investition suchen. Ich kann nicht sicher sein, aber ich w\u00fcrde eine Vermutung haben, dass es genauso gut aussieht, wenn wir diesen Clip im Jahr 2026 noch einmal besuchen.<\/p>\n<div class=\"van_vid_carousel\">\n<div class=\"van_vid_carousel__padding\">\n<div class=\"van_vid_carousel__container\"><\/div>\n<\/div>\n<\/div>\n<div class=\"instagram-embed\">\n<blockquote class=\"instagram-media\" data-instgrm-captioned data-instgrm-version=\"6\" style=\"width:99.375%; width:-webkit-calc(100% - 2px); width:calc(100% - 2px);\">\n<p>Ein Beitrag, der von Stanley Tucci (@stanleyTucci) geteilt wird<\/p>\n<p>Ein Foto von on <\/p>\n<\/blockquote>\n<\/div>\n<h3 class=\"article-body__section\" id=\"section-shop-the-gray-patio-furniture-edit\"><span>Kaufen Sie die grauen Terrassenm\u00f6bel ein<\/span><\/h3>\n<div class=\"product-container hero-product-container product-block-no-wrap\"><\/div>\n<p>W\u00e4hrend es manchmal als &#8222;langweilige&#8220; oder einfache Farbe betrachtet wird, ist die Verwendung von Grau in einer Terrasse laut Experten eine neutrale Auswahl.<\/p>\n<div id=\"ad-unit-2\" class=\"ad-unit\"><\/div>\n<p>&#8222;Die Dekoration mit grau im Freien muss nicht bedeuten, auf Nummer sicher zu gehen&#8220;, sagt Designerin Nina Lichtenstein. &#8218;Gray bietet eine flexible Grundlage f\u00fcr kreativen Ausdruck, das in der Lage ist, Raffinesse hervorzurufen und gleichzeitig die Personalisierung durch Texturen, Materialien und Akzentfarben einl\u00e4dt. Egal, ob Sie einen ruhigen R\u00fcckzugsort oder einen stilvollen Unterhaltungsbereich schaffen m\u00f6chten, Grey Terry Furniture bietet die perfekte Balance zwischen Eleganz und Moderne.<\/p>\n<p>Stanleys Bewegung, graue M\u00f6bel mit Holzakzenten wie sein graues Sofa neben einem Holztisch zu verwenden, ist eine Styling -Techinque Nina, die f\u00fcr seine restaurativen und \u00e4sthetisch ansprechenden Eigenschaften hoch zustimmt.<\/p>\n<div id=\"slice-container-newsletterForm-articleInbodyContent-nMaD7cc2r4Tent7R7L3GAo\" class=\"slice-container newsletter-inbodyContent-slice newsletterForm-articleInbodyContent-nMaD7cc2r4Tent7R7L3GAo slice-container-newsletterForm\"><\/div>\n<p>&#8222;Kombinieren Sie graue M\u00f6bel mit Holzakzenten, um einen Hauch von W\u00e4rme und nat\u00fcrlicher Sch\u00f6nheit zu verleihen&#8220;, schl\u00e4gt sie vor. &#8218;Ein verwittertes graues Sofa, das neben einem rustikalen h\u00f6lzernen Couchtisch oder Seitentischen aus Treibholz oder Teaks gegr\u00fcndet ist, verleiht Ihrem Terrassendekor ein erdiges Element. Die Kombination von Grau und Holz spricht f\u00fcr eine harmonische Mischung aus zeitgen\u00f6ssischem und organischen Design. &#8218;<\/p>\n<p>Erw\u00e4gen Sie schlie\u00dflich, je nach Landschaft Ihrer Terrasse und vorhandenen M\u00f6beln und Zubeh\u00f6r mit unterschiedlichen Graut\u00f6nen zu experimentieren.<\/p>\n<p>&#8222;Grau ist keine One-Note-Farbe&#8220;, erkl\u00e4rt Nina. &#8218;Von hellem Dove Grey bis dunkler Holzkohle kann das Mischen verschiedener Farbt\u00f6ne Ihrem Au\u00dfenbereich Tiefe verleihen. Betrachten Sie leichtere graue Kissen auf dunkleren grauen M\u00f6belrahmen oder umgekehrt, um ein visuell ansprechendes monochromatisches Aussehen zu erzeugen. &#8218;<\/p>\n<hr>\n<p>Grey ist nicht nur vielseitig, sondern bietet auch einen ruhigen, aber erh\u00f6hten Gef\u00fchl im Freien. Wenn Sie nach einem neuen Farbschema suchen, das Sie in Ihren Garten einbeziehen k\u00f6nnen, w\u00fcrde ich wetten, dass mein Geld dieses Jahr auf diesem Schatten Wellen schl\u00e4gt.<\/p>\n<hr>\n<\/div>\n<p><script async src=\"\/\/www.instagram.com\/embed.js\"><\/script><\/p>\n","protected":false},"excerpt":{"rendered":"<p>Die Patio -Saison begr\u00fc\u00dft die Chance, in einen Wohnraum im Freien zu investieren, und als solche sind einige atemberaubende M\u00f6bel, die den Test der Zeit<\/p>\n","protected":false},"author":1,"featured_media":4687,"comment_status":"closed","ping_status":"","sticky":false,"template":"","format":"standard","meta":{"footnotes":""},"categories":[118],"tags":[1083,9,303,6911,2674,6912,6914,740,823,129,341,5225,385,824,6913,3141,524],"class_list":["post-4686","post","type-post","status-publish","format-standard","has-post-thumbnail","hentry","category-haus-garten","tag-aussieht","tag-die","tag-einer","tag-gartenmoebelfarbe","tag-genauso","tag-gesucht","tag-gray","tag-gut","tag-habe","tag-ich","tag-nach","tag-schlaegt","tag-sommer","tag-stanley","tag-tucci","tag-vielseitigen","tag-vor","generate-columns","tablet-grid-50","mobile-grid-100","grid-parent","grid-50"],"yoast_head":"<!-- This site is optimized with the Yoast SEO plugin v27.3 - https:\/\/yoast.com\/product\/yoast-seo-wordpress\/ -->\n<title>Ich habe nach einer vielseitigen Gartenm\u00f6belfarbe gesucht, die im Sommer 2026 genauso gut aussieht - Stanley Tucci schl\u00e4gt Gray vor - Nachrichten - Stra\u00dfenweb<\/title>\n<meta name=\"robots\" content=\"index, follow, max-snippet:-1, max-image-preview:large, max-video-preview:-1\" \/>\n<link rel=\"canonical\" href=\"https:\/\/www.strassenweb.de\/nachrichten\/ich-habe-nach-einer-vielseitigen-gartenmoebelfarbe-gesucht-die-im-sommer-2026-genauso-gut-aussieht-stanley-tucci-schlaegt-gray-vor\/\" \/>\n<meta property=\"og:locale\" content=\"de_DE\" \/>\n<meta property=\"og:type\" content=\"article\" \/>\n<meta property=\"og:title\" content=\"Ich habe nach einer vielseitigen Gartenm\u00f6belfarbe gesucht, die im Sommer 2026 genauso gut aussieht - Stanley Tucci schl\u00e4gt Gray vor - Nachrichten - Stra\u00dfenweb\" \/>\n<meta property=\"og:description\" content=\"Die Patio -Saison begr\u00fc\u00dft die Chance, in einen Wohnraum im Freien zu investieren, und als solche sind einige atemberaubende M\u00f6bel, die den Test der Zeit\" \/>\n<meta property=\"og:url\" content=\"https:\/\/www.strassenweb.de\/nachrichten\/ich-habe-nach-einer-vielseitigen-gartenmoebelfarbe-gesucht-die-im-sommer-2026-genauso-gut-aussieht-stanley-tucci-schlaegt-gray-vor\/\" \/>\n<meta property=\"og:site_name\" content=\"Stra\u00dfenweb\" \/>\n<meta property=\"article:publisher\" content=\"https:\/\/www.facebook.com\/strassenweb\/\" \/>\n<meta property=\"article:published_time\" content=\"2025-04-26T01:41:57+00:00\" \/>\n<meta property=\"og:image\" content=\"https:\/\/www.strassenweb.de\/nachrichten\/wp-content\/uploads\/2024\/09\/qFPnow422ABfUP9VjTxQ9T.jpg\" \/>\n\t<meta property=\"og:image:width\" content=\"1\" \/>\n\t<meta property=\"og:image:height\" content=\"1\" \/>\n\t<meta property=\"og:image:type\" content=\"image\/jpeg\" \/>\n<meta name=\"author\" content=\"Robert Hoffmann\" \/>\n<meta name=\"twitter:card\" content=\"summary_large_image\" \/>\n<meta name=\"twitter:label1\" content=\"Verfasst von\" \/>\n\t<meta name=\"twitter:data1\" content=\"Robert Hoffmann\" \/>\n\t<meta name=\"twitter:label2\" content=\"Gesch\u00e4tzte Lesezeit\" \/>\n\t<meta name=\"twitter:data2\" content=\"3\u00a0Minuten\" \/>\n<script type=\"application\/ld+json\" class=\"yoast-schema-graph\">{\"@context\":\"https:\\\/\\\/schema.org\",\"@graph\":[{\"@type\":\"Article\",\"@id\":\"https:\\\/\\\/www.strassenweb.de\\\/nachrichten\\\/ich-habe-nach-einer-vielseitigen-gartenmoebelfarbe-gesucht-die-im-sommer-2026-genauso-gut-aussieht-stanley-tucci-schlaegt-gray-vor\\\/#article\",\"isPartOf\":{\"@id\":\"https:\\\/\\\/www.strassenweb.de\\\/nachrichten\\\/ich-habe-nach-einer-vielseitigen-gartenmoebelfarbe-gesucht-die-im-sommer-2026-genauso-gut-aussieht-stanley-tucci-schlaegt-gray-vor\\\/\"},\"author\":{\"name\":\"Robert Hoffmann\",\"@id\":\"https:\\\/\\\/www.strassenweb.de\\\/nachrichten\\\/#\\\/schema\\\/person\\\/87c9c9067f1211da429a744dc5a5aa41\"},\"headline\":\"Ich habe nach einer vielseitigen Gartenm\u00f6belfarbe gesucht, die im Sommer 2026 genauso gut aussieht &#8211; Stanley Tucci schl\u00e4gt Gray vor\",\"datePublished\":\"2025-04-26T01:41:57+00:00\",\"mainEntityOfPage\":{\"@id\":\"https:\\\/\\\/www.strassenweb.de\\\/nachrichten\\\/ich-habe-nach-einer-vielseitigen-gartenmoebelfarbe-gesucht-die-im-sommer-2026-genauso-gut-aussieht-stanley-tucci-schlaegt-gray-vor\\\/\"},\"wordCount\":527,\"publisher\":{\"@id\":\"https:\\\/\\\/www.strassenweb.de\\\/nachrichten\\\/#organization\"},\"image\":{\"@id\":\"https:\\\/\\\/www.strassenweb.de\\\/nachrichten\\\/ich-habe-nach-einer-vielseitigen-gartenmoebelfarbe-gesucht-die-im-sommer-2026-genauso-gut-aussieht-stanley-tucci-schlaegt-gray-vor\\\/#primaryimage\"},\"thumbnailUrl\":\"https:\\\/\\\/www.strassenweb.de\\\/nachrichten\\\/wp-content\\\/uploads\\\/2024\\\/09\\\/qFPnow422ABfUP9VjTxQ9T.jpg\",\"keywords\":[\"aussieht\",\"die\",\"einer\",\"Gartenm\u00f6belfarbe\",\"genauso\",\"gesucht\",\"Gray\",\"gut\",\"habe\",\"ich\",\"Nach\",\"schl\u00e4gt\",\"Sommer\",\"Stanley\",\"Tucci\",\"vielseitigen\",\"vor\"],\"articleSection\":[\"Haus &amp; Garten\"],\"inLanguage\":\"de\"},{\"@type\":\"WebPage\",\"@id\":\"https:\\\/\\\/www.strassenweb.de\\\/nachrichten\\\/ich-habe-nach-einer-vielseitigen-gartenmoebelfarbe-gesucht-die-im-sommer-2026-genauso-gut-aussieht-stanley-tucci-schlaegt-gray-vor\\\/\",\"url\":\"https:\\\/\\\/www.strassenweb.de\\\/nachrichten\\\/ich-habe-nach-einer-vielseitigen-gartenmoebelfarbe-gesucht-die-im-sommer-2026-genauso-gut-aussieht-stanley-tucci-schlaegt-gray-vor\\\/\",\"name\":\"Ich habe nach einer vielseitigen Gartenm\u00f6belfarbe gesucht, die im Sommer 2026 genauso gut aussieht - Stanley Tucci schl\u00e4gt Gray vor - Nachrichten - Stra\u00dfenweb\",\"isPartOf\":{\"@id\":\"https:\\\/\\\/www.strassenweb.de\\\/nachrichten\\\/#website\"},\"primaryImageOfPage\":{\"@id\":\"https:\\\/\\\/www.strassenweb.de\\\/nachrichten\\\/ich-habe-nach-einer-vielseitigen-gartenmoebelfarbe-gesucht-die-im-sommer-2026-genauso-gut-aussieht-stanley-tucci-schlaegt-gray-vor\\\/#primaryimage\"},\"image\":{\"@id\":\"https:\\\/\\\/www.strassenweb.de\\\/nachrichten\\\/ich-habe-nach-einer-vielseitigen-gartenmoebelfarbe-gesucht-die-im-sommer-2026-genauso-gut-aussieht-stanley-tucci-schlaegt-gray-vor\\\/#primaryimage\"},\"thumbnailUrl\":\"https:\\\/\\\/www.strassenweb.de\\\/nachrichten\\\/wp-content\\\/uploads\\\/2024\\\/09\\\/qFPnow422ABfUP9VjTxQ9T.jpg\",\"datePublished\":\"2025-04-26T01:41:57+00:00\",\"breadcrumb\":{\"@id\":\"https:\\\/\\\/www.strassenweb.de\\\/nachrichten\\\/ich-habe-nach-einer-vielseitigen-gartenmoebelfarbe-gesucht-die-im-sommer-2026-genauso-gut-aussieht-stanley-tucci-schlaegt-gray-vor\\\/#breadcrumb\"},\"inLanguage\":\"de\",\"potentialAction\":[{\"@type\":\"ReadAction\",\"target\":[\"https:\\\/\\\/www.strassenweb.de\\\/nachrichten\\\/ich-habe-nach-einer-vielseitigen-gartenmoebelfarbe-gesucht-die-im-sommer-2026-genauso-gut-aussieht-stanley-tucci-schlaegt-gray-vor\\\/\"]}]},{\"@type\":\"ImageObject\",\"inLanguage\":\"de\",\"@id\":\"https:\\\/\\\/www.strassenweb.de\\\/nachrichten\\\/ich-habe-nach-einer-vielseitigen-gartenmoebelfarbe-gesucht-die-im-sommer-2026-genauso-gut-aussieht-stanley-tucci-schlaegt-gray-vor\\\/#primaryimage\",\"url\":\"https:\\\/\\\/www.strassenweb.de\\\/nachrichten\\\/wp-content\\\/uploads\\\/2024\\\/09\\\/qFPnow422ABfUP9VjTxQ9T.jpg\",\"contentUrl\":\"https:\\\/\\\/www.strassenweb.de\\\/nachrichten\\\/wp-content\\\/uploads\\\/2024\\\/09\\\/qFPnow422ABfUP9VjTxQ9T.jpg\",\"caption\":\"stanley tucci in a gray suit on a gray background\"},{\"@type\":\"BreadcrumbList\",\"@id\":\"https:\\\/\\\/www.strassenweb.de\\\/nachrichten\\\/ich-habe-nach-einer-vielseitigen-gartenmoebelfarbe-gesucht-die-im-sommer-2026-genauso-gut-aussieht-stanley-tucci-schlaegt-gray-vor\\\/#breadcrumb\",\"itemListElement\":[{\"@type\":\"ListItem\",\"position\":1,\"name\":\"Home\",\"item\":\"https:\\\/\\\/www.strassenweb.de\\\/nachrichten\\\/\"},{\"@type\":\"ListItem\",\"position\":2,\"name\":\"Ich habe nach einer vielseitigen Gartenm\u00f6belfarbe gesucht, die im Sommer 2026 genauso gut aussieht &#8211; Stanley Tucci schl\u00e4gt Gray vor\"}]},{\"@type\":\"WebSite\",\"@id\":\"https:\\\/\\\/www.strassenweb.de\\\/nachrichten\\\/#website\",\"url\":\"https:\\\/\\\/www.strassenweb.de\\\/nachrichten\\\/\",\"name\":\"Stra\u00dfenweb\",\"description\":\"Stra\u00dfenverzeichnis f\u00fcr Deutschland\",\"publisher\":{\"@id\":\"https:\\\/\\\/www.strassenweb.de\\\/nachrichten\\\/#organization\"},\"potentialAction\":[{\"@type\":\"SearchAction\",\"target\":{\"@type\":\"EntryPoint\",\"urlTemplate\":\"https:\\\/\\\/www.strassenweb.de\\\/nachrichten\\\/?s={search_term_string}\"},\"query-input\":{\"@type\":\"PropertyValueSpecification\",\"valueRequired\":true,\"valueName\":\"search_term_string\"}}],\"inLanguage\":\"de\"},{\"@type\":\"Organization\",\"@id\":\"https:\\\/\\\/www.strassenweb.de\\\/nachrichten\\\/#organization\",\"name\":\"Stra\u00dfenweb\",\"url\":\"https:\\\/\\\/www.strassenweb.de\\\/nachrichten\\\/\",\"logo\":{\"@type\":\"ImageObject\",\"inLanguage\":\"de\",\"@id\":\"https:\\\/\\\/www.strassenweb.de\\\/nachrichten\\\/#\\\/schema\\\/logo\\\/image\\\/\",\"url\":\"https:\\\/\\\/www.strassenweb.de\\\/nachrichten\\\/wp-content\\\/uploads\\\/2024\\\/09\\\/cropped-favicon.png\",\"contentUrl\":\"https:\\\/\\\/www.strassenweb.de\\\/nachrichten\\\/wp-content\\\/uploads\\\/2024\\\/09\\\/cropped-favicon.png\",\"width\":512,\"height\":512,\"caption\":\"Stra\u00dfenweb\"},\"image\":{\"@id\":\"https:\\\/\\\/www.strassenweb.de\\\/nachrichten\\\/#\\\/schema\\\/logo\\\/image\\\/\"},\"sameAs\":[\"https:\\\/\\\/www.facebook.com\\\/strassenweb\\\/\"]},{\"@type\":\"Person\",\"@id\":\"https:\\\/\\\/www.strassenweb.de\\\/nachrichten\\\/#\\\/schema\\\/person\\\/87c9c9067f1211da429a744dc5a5aa41\",\"name\":\"Robert Hoffmann\",\"image\":{\"@type\":\"ImageObject\",\"inLanguage\":\"de\",\"@id\":\"https:\\\/\\\/www.strassenweb.de\\\/nachrichten\\\/wp-content\\\/uploads\\\/2024\\\/09\\\/strassenweb-150x150.jpg\",\"url\":\"https:\\\/\\\/www.strassenweb.de\\\/nachrichten\\\/wp-content\\\/uploads\\\/2024\\\/09\\\/strassenweb-150x150.jpg\",\"contentUrl\":\"https:\\\/\\\/www.strassenweb.de\\\/nachrichten\\\/wp-content\\\/uploads\\\/2024\\\/09\\\/strassenweb-150x150.jpg\",\"caption\":\"Robert Hoffmann\"},\"description\":\"Ich hei\u00dfe Robert Hoffmann und ich bin ein leidenschaftlicher Verfechter von \u00d6kologie und Biodiversit\u00e4t. Seit meiner Kindheit in den W\u00e4ldern Bayerns f\u00fchle ich mich mit der Natur verbunden und bin entschlossen, sie zu sch\u00fctzen. Heute widme ich mein Leben der Sensibilisierung anderer f\u00fcr die Bedeutung des Umweltschutzes f\u00fcr zuk\u00fcnftige Generationen.\",\"sameAs\":[\"https:\\\/\\\/www.strassenweb.de\\\/\"]}]}<\/script>\n<!-- \/ Yoast SEO plugin. -->","yoast_head_json":{"title":"Ich habe nach einer vielseitigen Gartenm\u00f6belfarbe gesucht, die im Sommer 2026 genauso gut aussieht - Stanley Tucci schl\u00e4gt Gray vor - Nachrichten - Stra\u00dfenweb","robots":{"index":"index","follow":"follow","max-snippet":"max-snippet:-1","max-image-preview":"max-image-preview:large","max-video-preview":"max-video-preview:-1"},"canonical":"https:\/\/www.strassenweb.de\/nachrichten\/ich-habe-nach-einer-vielseitigen-gartenmoebelfarbe-gesucht-die-im-sommer-2026-genauso-gut-aussieht-stanley-tucci-schlaegt-gray-vor\/","og_locale":"de_DE","og_type":"article","og_title":"Ich habe nach einer vielseitigen Gartenm\u00f6belfarbe gesucht, die im Sommer 2026 genauso gut aussieht - Stanley Tucci schl\u00e4gt Gray vor - Nachrichten - Stra\u00dfenweb","og_description":"Die Patio -Saison begr\u00fc\u00dft die Chance, in einen Wohnraum im Freien zu investieren, und als solche sind einige atemberaubende M\u00f6bel, die den Test der Zeit","og_url":"https:\/\/www.strassenweb.de\/nachrichten\/ich-habe-nach-einer-vielseitigen-gartenmoebelfarbe-gesucht-die-im-sommer-2026-genauso-gut-aussieht-stanley-tucci-schlaegt-gray-vor\/","og_site_name":"Stra\u00dfenweb","article_publisher":"https:\/\/www.facebook.com\/strassenweb\/","article_published_time":"2025-04-26T01:41:57+00:00","og_image":[{"url":"https:\/\/www.strassenweb.de\/nachrichten\/wp-content\/uploads\/2024\/09\/qFPnow422ABfUP9VjTxQ9T.jpg","width":1,"height":1,"type":"image\/jpeg"}],"author":"Robert Hoffmann","twitter_card":"summary_large_image","twitter_misc":{"Verfasst von":"Robert Hoffmann","Gesch\u00e4tzte Lesezeit":"3\u00a0Minuten"},"schema":{"@context":"https:\/\/schema.org","@graph":[{"@type":"Article","@id":"https:\/\/www.strassenweb.de\/nachrichten\/ich-habe-nach-einer-vielseitigen-gartenmoebelfarbe-gesucht-die-im-sommer-2026-genauso-gut-aussieht-stanley-tucci-schlaegt-gray-vor\/#article","isPartOf":{"@id":"https:\/\/www.strassenweb.de\/nachrichten\/ich-habe-nach-einer-vielseitigen-gartenmoebelfarbe-gesucht-die-im-sommer-2026-genauso-gut-aussieht-stanley-tucci-schlaegt-gray-vor\/"},"author":{"name":"Robert Hoffmann","@id":"https:\/\/www.strassenweb.de\/nachrichten\/#\/schema\/person\/87c9c9067f1211da429a744dc5a5aa41"},"headline":"Ich habe nach einer vielseitigen Gartenm\u00f6belfarbe gesucht, die im Sommer 2026 genauso gut aussieht &#8211; Stanley Tucci schl\u00e4gt Gray vor","datePublished":"2025-04-26T01:41:57+00:00","mainEntityOfPage":{"@id":"https:\/\/www.strassenweb.de\/nachrichten\/ich-habe-nach-einer-vielseitigen-gartenmoebelfarbe-gesucht-die-im-sommer-2026-genauso-gut-aussieht-stanley-tucci-schlaegt-gray-vor\/"},"wordCount":527,"publisher":{"@id":"https:\/\/www.strassenweb.de\/nachrichten\/#organization"},"image":{"@id":"https:\/\/www.strassenweb.de\/nachrichten\/ich-habe-nach-einer-vielseitigen-gartenmoebelfarbe-gesucht-die-im-sommer-2026-genauso-gut-aussieht-stanley-tucci-schlaegt-gray-vor\/#primaryimage"},"thumbnailUrl":"https:\/\/www.strassenweb.de\/nachrichten\/wp-content\/uploads\/2024\/09\/qFPnow422ABfUP9VjTxQ9T.jpg","keywords":["aussieht","die","einer","Gartenm\u00f6belfarbe","genauso","gesucht","Gray","gut","habe","ich","Nach","schl\u00e4gt","Sommer","Stanley","Tucci","vielseitigen","vor"],"articleSection":["Haus &amp; Garten"],"inLanguage":"de"},{"@type":"WebPage","@id":"https:\/\/www.strassenweb.de\/nachrichten\/ich-habe-nach-einer-vielseitigen-gartenmoebelfarbe-gesucht-die-im-sommer-2026-genauso-gut-aussieht-stanley-tucci-schlaegt-gray-vor\/","url":"https:\/\/www.strassenweb.de\/nachrichten\/ich-habe-nach-einer-vielseitigen-gartenmoebelfarbe-gesucht-die-im-sommer-2026-genauso-gut-aussieht-stanley-tucci-schlaegt-gray-vor\/","name":"Ich habe nach einer vielseitigen Gartenm\u00f6belfarbe gesucht, die im Sommer 2026 genauso gut aussieht - Stanley Tucci schl\u00e4gt Gray vor - Nachrichten - Stra\u00dfenweb","isPartOf":{"@id":"https:\/\/www.strassenweb.de\/nachrichten\/#website"},"primaryImageOfPage":{"@id":"https:\/\/www.strassenweb.de\/nachrichten\/ich-habe-nach-einer-vielseitigen-gartenmoebelfarbe-gesucht-die-im-sommer-2026-genauso-gut-aussieht-stanley-tucci-schlaegt-gray-vor\/#primaryimage"},"image":{"@id":"https:\/\/www.strassenweb.de\/nachrichten\/ich-habe-nach-einer-vielseitigen-gartenmoebelfarbe-gesucht-die-im-sommer-2026-genauso-gut-aussieht-stanley-tucci-schlaegt-gray-vor\/#primaryimage"},"thumbnailUrl":"https:\/\/www.strassenweb.de\/nachrichten\/wp-content\/uploads\/2024\/09\/qFPnow422ABfUP9VjTxQ9T.jpg","datePublished":"2025-04-26T01:41:57+00:00","breadcrumb":{"@id":"https:\/\/www.strassenweb.de\/nachrichten\/ich-habe-nach-einer-vielseitigen-gartenmoebelfarbe-gesucht-die-im-sommer-2026-genauso-gut-aussieht-stanley-tucci-schlaegt-gray-vor\/#breadcrumb"},"inLanguage":"de","potentialAction":[{"@type":"ReadAction","target":["https:\/\/www.strassenweb.de\/nachrichten\/ich-habe-nach-einer-vielseitigen-gartenmoebelfarbe-gesucht-die-im-sommer-2026-genauso-gut-aussieht-stanley-tucci-schlaegt-gray-vor\/"]}]},{"@type":"ImageObject","inLanguage":"de","@id":"https:\/\/www.strassenweb.de\/nachrichten\/ich-habe-nach-einer-vielseitigen-gartenmoebelfarbe-gesucht-die-im-sommer-2026-genauso-gut-aussieht-stanley-tucci-schlaegt-gray-vor\/#primaryimage","url":"https:\/\/www.strassenweb.de\/nachrichten\/wp-content\/uploads\/2024\/09\/qFPnow422ABfUP9VjTxQ9T.jpg","contentUrl":"https:\/\/www.strassenweb.de\/nachrichten\/wp-content\/uploads\/2024\/09\/qFPnow422ABfUP9VjTxQ9T.jpg","caption":"stanley tucci in a gray suit on a gray background"},{"@type":"BreadcrumbList","@id":"https:\/\/www.strassenweb.de\/nachrichten\/ich-habe-nach-einer-vielseitigen-gartenmoebelfarbe-gesucht-die-im-sommer-2026-genauso-gut-aussieht-stanley-tucci-schlaegt-gray-vor\/#breadcrumb","itemListElement":[{"@type":"ListItem","position":1,"name":"Home","item":"https:\/\/www.strassenweb.de\/nachrichten\/"},{"@type":"ListItem","position":2,"name":"Ich habe nach einer vielseitigen Gartenm\u00f6belfarbe gesucht, die im Sommer 2026 genauso gut aussieht &#8211; Stanley Tucci schl\u00e4gt Gray vor"}]},{"@type":"WebSite","@id":"https:\/\/www.strassenweb.de\/nachrichten\/#website","url":"https:\/\/www.strassenweb.de\/nachrichten\/","name":"Stra\u00dfenweb","description":"Stra\u00dfenverzeichnis f\u00fcr Deutschland","publisher":{"@id":"https:\/\/www.strassenweb.de\/nachrichten\/#organization"},"potentialAction":[{"@type":"SearchAction","target":{"@type":"EntryPoint","urlTemplate":"https:\/\/www.strassenweb.de\/nachrichten\/?s={search_term_string}"},"query-input":{"@type":"PropertyValueSpecification","valueRequired":true,"valueName":"search_term_string"}}],"inLanguage":"de"},{"@type":"Organization","@id":"https:\/\/www.strassenweb.de\/nachrichten\/#organization","name":"Stra\u00dfenweb","url":"https:\/\/www.strassenweb.de\/nachrichten\/","logo":{"@type":"ImageObject","inLanguage":"de","@id":"https:\/\/www.strassenweb.de\/nachrichten\/#\/schema\/logo\/image\/","url":"https:\/\/www.strassenweb.de\/nachrichten\/wp-content\/uploads\/2024\/09\/cropped-favicon.png","contentUrl":"https:\/\/www.strassenweb.de\/nachrichten\/wp-content\/uploads\/2024\/09\/cropped-favicon.png","width":512,"height":512,"caption":"Stra\u00dfenweb"},"image":{"@id":"https:\/\/www.strassenweb.de\/nachrichten\/#\/schema\/logo\/image\/"},"sameAs":["https:\/\/www.facebook.com\/strassenweb\/"]},{"@type":"Person","@id":"https:\/\/www.strassenweb.de\/nachrichten\/#\/schema\/person\/87c9c9067f1211da429a744dc5a5aa41","name":"Robert Hoffmann","image":{"@type":"ImageObject","inLanguage":"de","@id":"https:\/\/www.strassenweb.de\/nachrichten\/wp-content\/uploads\/2024\/09\/strassenweb-150x150.jpg","url":"https:\/\/www.strassenweb.de\/nachrichten\/wp-content\/uploads\/2024\/09\/strassenweb-150x150.jpg","contentUrl":"https:\/\/www.strassenweb.de\/nachrichten\/wp-content\/uploads\/2024\/09\/strassenweb-150x150.jpg","caption":"Robert Hoffmann"},"description":"Ich hei\u00dfe Robert Hoffmann und ich bin ein leidenschaftlicher Verfechter von \u00d6kologie und Biodiversit\u00e4t. Seit meiner Kindheit in den W\u00e4ldern Bayerns f\u00fchle ich mich mit der Natur verbunden und bin entschlossen, sie zu sch\u00fctzen. Heute widme ich mein Leben der Sensibilisierung anderer f\u00fcr die Bedeutung des Umweltschutzes f\u00fcr zuk\u00fcnftige Generationen.","sameAs":["https:\/\/www.strassenweb.de\/"]}]}},"_links":{"self":[{"href":"https:\/\/www.strassenweb.de\/nachrichten\/wp-json\/wp\/v2\/posts\/4686","targetHints":{"allow":["GET"]}}],"collection":[{"href":"https:\/\/www.strassenweb.de\/nachrichten\/wp-json\/wp\/v2\/posts"}],"about":[{"href":"https:\/\/www.strassenweb.de\/nachrichten\/wp-json\/wp\/v2\/types\/post"}],"author":[{"embeddable":true,"href":"https:\/\/www.strassenweb.de\/nachrichten\/wp-json\/wp\/v2\/users\/1"}],"replies":[{"embeddable":true,"href":"https:\/\/www.strassenweb.de\/nachrichten\/wp-json\/wp\/v2\/comments?post=4686"}],"version-history":[{"count":0,"href":"https:\/\/www.strassenweb.de\/nachrichten\/wp-json\/wp\/v2\/posts\/4686\/revisions"}],"wp:featuredmedia":[{"embeddable":true,"href":"https:\/\/www.strassenweb.de\/nachrichten\/wp-json\/wp\/v2\/media\/4687"}],"wp:attachment":[{"href":"https:\/\/www.strassenweb.de\/nachrichten\/wp-json\/wp\/v2\/media?parent=4686"}],"wp:term":[{"taxonomy":"category","embeddable":true,"href":"https:\/\/www.strassenweb.de\/nachrichten\/wp-json\/wp\/v2\/categories?post=4686"},{"taxonomy":"post_tag","embeddable":true,"href":"https:\/\/www.strassenweb.de\/nachrichten\/wp-json\/wp\/v2\/tags?post=4686"}],"curies":[{"name":"wp","href":"https:\/\/api.w.org\/{rel}","templated":true}]}}