{"id":466,"date":"2024-10-01T00:58:46","date_gmt":"2024-09-30T22:58:46","guid":{"rendered":"https:\/\/www.strassenweb.de\/nachrichten\/arbeitende-menschen-bei-der-arbeit-an-woelfen-konfliktbewaeltigung-in-richtung-koexistenz-live-webinar\/"},"modified":"2024-10-01T00:58:47","modified_gmt":"2024-09-30T22:58:47","slug":"arbeitende-menschen-bei-der-arbeit-an-woelfen-konfliktbewaeltigung-in-richtung-koexistenz-live-webinar","status":"publish","type":"post","link":"https:\/\/www.strassenweb.de\/nachrichten\/arbeitende-menschen-bei-der-arbeit-an-woelfen-konfliktbewaeltigung-in-richtung-koexistenz-live-webinar\/","title":{"rendered":"Arbeitende Menschen bei der Arbeit an W\u00f6lfen \u2013 Konfliktbew\u00e4ltigung in Richtung Koexistenz Live-Webinar \u2013&#8230;"},"content":{"rendered":"<h3 class=\"wp-block-heading\">Freitag, 21. Juli 2023<br \/>12:00 Uhr britischer Zeit \/ 07:00 Uhr \u00f6stlicher Zeit<\/h3>\n<h3 class=\"wp-block-heading\">Sprecher: D\u00e1rio Hip\u00f3lito, Universit\u00e4t Aveiro<\/h3>\n<h4 class=\"wp-block-heading\">Die British Ecological Society (BES) veranstaltet \u00fcber ihre offene Plattform Applied Ecology Resources (AER) einen Live-Online-Workshop zum Umgang mit Mensch-Tier-Konflikten mit Schwerpunkt auf W\u00f6lfen. Das Webinar findet am Freitag, 21. Juli, um 12:00 Uhr BST statt und tr\u00e4gt den Titel \u201eArbeitende Menschen bei der Arbeit an W\u00f6lfen \u2013 Konfliktbew\u00e4ltigung auf dem Weg zur Koexistenz\u201c. <\/h4>\n<p>Obwohl sich die Zahl der W\u00f6lfe in ganz Europa auf rund 12.000 erholt hat, sind weitere Anstrengungen erforderlich, um die erzielten Fortschritte zu konsolidieren und ein dauerhaftes Wachstum der Zahl sicherzustellen. Der Schl\u00fcssel zum Erreichen dieses Ziels liegt in der Koexistenz. Allerdings hat sich in den letzten Jahren die Wahrnehmung von W\u00f6lfen als Indikator f\u00fcr die Erholung des \u00d6kosystems ver\u00e4ndert und W\u00f6lfe werden stattdessen oft mit Konflikten zwischen Mensch und Tier in Verbindung gebracht.<\/p>\n<p>Der kommende Redner des Webinars, D\u00e1rio Hip\u00f3lito, wird auf diese Ungleichheit in der Wahrnehmung eingehen und argumentieren, dass sie nicht auftreten w\u00fcrde, wenn sich der Naturschutz auf Koexistenz und Ko-Anpassung konzentrieren w\u00fcrde. <\/p>\n<p>Um auf ein Zusammenleben hinzuarbeiten, ist es wichtig, die lokalen Gemeinschaften zu verstehen und zu lernen, mit ihren Bed\u00fcrfnissen und Sorgen umzugehen, was Beharrlichkeit, Anpassung und kontinuierliche Kommunikation erfordert. Ziel dieses Workshops ist es, Werkzeuge bereitzustellen, mit denen man mit lokalen Gemeinschaften zusammenarbeiten und den Projekterfolg verbessern kann.<\/p>\n<p>Als Doktorand am Zentrum f\u00fcr Umwelt- und Meeresstudien (CESAM) und am Institut f\u00fcr Biologie der Universit\u00e4t Aveiro in Portugal konzentriert sich D\u00e1rios Forschung haupts\u00e4chlich auf die \u00d6kologie und Koexistenz von W\u00f6lfen. Er hat die letzten 8 Jahre damit verbracht, Wolfs\u00fcberwachungen in Zentralportugal und Kroatien durchzuf\u00fchren.<\/p>\n<p>D\u00e1rio Hip\u00f3lito kommentierte die Bedeutung des Webinars wie folgt: <em>\u201eForschung zur Wolfs\u00f6kologie bedeutet mehr als nur die Arbeit mit W\u00f6lfen, es ist die Arbeit mit Menschen.\u201c Koexistenz ist der Schl\u00fcssel und Ko-Anpassung ist ein entscheidender Teil des Prozesses. Allerdings ist es eine Herausforderung, den Einheimischen die Notwendigkeit einer Anpassung verst\u00e4ndlich zu machen, und ich hoffe, sie mit diesem Workshop ein wenig einfacher zu machen.\u201c<\/em><\/p>\n<p><strong><em>Um sich kostenlos f\u00fcr den bevorstehenden Workshop \u201eKonfliktbew\u00e4ltigung auf dem Weg zur Koexistenz\u201c am Freitag, den 21. Juli, anzumelden, besuchen Sie die BES-Website.<\/em><\/strong><\/p><\/p>\n","protected":false},"excerpt":{"rendered":"<p>Freitag, 21. Juli 202312:00 Uhr britischer Zeit \/ 07:00 Uhr \u00f6stlicher Zeit Sprecher: D\u00e1rio Hip\u00f3lito, Universit\u00e4t Aveiro Die British Ecological Society (BES) veranstaltet \u00fcber ihre<\/p>\n","protected":false},"author":1,"featured_media":467,"comment_status":"closed","ping_status":"","sticky":false,"template":"","format":"standard","meta":{"footnotes":""},"categories":[101],"tags":[941,940,152,81,945,943,897,408,944,942],"class_list":["post-466","post","type-post","status-publish","format-standard","has-post-thumbnail","hentry","category-oekologie","tag-arbeit","tag-arbeitende","tag-bei","tag-der","tag-koexistenz","tag-konfliktbewaeltigung","tag-livewebinar","tag-menschen","tag-richtung","tag-woelfen","generate-columns","tablet-grid-50","mobile-grid-100","grid-parent","grid-50"],"yoast_head":"<!-- This site is optimized with the Yoast SEO plugin v27.3 - https:\/\/yoast.com\/product\/yoast-seo-wordpress\/ -->\n<title>Arbeitende Menschen bei der Arbeit an W\u00f6lfen \u2013 Konfliktbew\u00e4ltigung in Richtung Koexistenz Live-Webinar \u2013... - Nachrichten - Stra\u00dfenweb<\/title>\n<meta name=\"robots\" content=\"index, follow, max-snippet:-1, max-image-preview:large, max-video-preview:-1\" \/>\n<link rel=\"canonical\" href=\"https:\/\/www.strassenweb.de\/nachrichten\/arbeitende-menschen-bei-der-arbeit-an-woelfen-konfliktbewaeltigung-in-richtung-koexistenz-live-webinar\/\" \/>\n<meta property=\"og:locale\" content=\"de_DE\" \/>\n<meta property=\"og:type\" content=\"article\" \/>\n<meta property=\"og:title\" content=\"Arbeitende Menschen bei der Arbeit an W\u00f6lfen \u2013 Konfliktbew\u00e4ltigung in Richtung Koexistenz Live-Webinar \u2013... - Nachrichten - Stra\u00dfenweb\" \/>\n<meta property=\"og:description\" content=\"Freitag, 21. Juli 202312:00 Uhr britischer Zeit \/ 07:00 Uhr \u00f6stlicher Zeit Sprecher: D\u00e1rio Hip\u00f3lito, Universit\u00e4t Aveiro Die British Ecological Society (BES) veranstaltet \u00fcber ihre\" \/>\n<meta property=\"og:url\" content=\"https:\/\/www.strassenweb.de\/nachrichten\/arbeitende-menschen-bei-der-arbeit-an-woelfen-konfliktbewaeltigung-in-richtung-koexistenz-live-webinar\/\" \/>\n<meta property=\"og:site_name\" content=\"Stra\u00dfenweb\" \/>\n<meta property=\"article:publisher\" content=\"https:\/\/www.facebook.com\/strassenweb\/\" \/>\n<meta property=\"article:published_time\" content=\"2024-09-30T22:58:46+00:00\" \/>\n<meta property=\"article:modified_time\" content=\"2024-09-30T22:58:47+00:00\" \/>\n<meta property=\"og:image\" content=\"https:\/\/www.strassenweb.de\/nachrichten\/wp-content\/uploads\/2024\/10\/Arbeitende-Menschen-bei-der-Arbeit-an-Woelfen-\u2013-Konfliktbewaeltigung-in.jpg\" \/>\n\t<meta property=\"og:image:width\" content=\"900\" \/>\n\t<meta property=\"og:image:height\" content=\"600\" \/>\n\t<meta property=\"og:image:type\" content=\"image\/jpeg\" \/>\n<meta name=\"author\" content=\"Robert Hoffmann\" \/>\n<meta name=\"twitter:card\" content=\"summary_large_image\" \/>\n<meta name=\"twitter:label1\" content=\"Verfasst von\" \/>\n\t<meta name=\"twitter:data1\" content=\"Robert Hoffmann\" \/>\n\t<meta name=\"twitter:label2\" content=\"Gesch\u00e4tzte Lesezeit\" \/>\n\t<meta name=\"twitter:data2\" content=\"2\u00a0Minuten\" \/>\n<script type=\"application\/ld+json\" class=\"yoast-schema-graph\">{\"@context\":\"https:\\\/\\\/schema.org\",\"@graph\":[{\"@type\":\"Article\",\"@id\":\"https:\\\/\\\/www.strassenweb.de\\\/nachrichten\\\/arbeitende-menschen-bei-der-arbeit-an-woelfen-konfliktbewaeltigung-in-richtung-koexistenz-live-webinar\\\/#article\",\"isPartOf\":{\"@id\":\"https:\\\/\\\/www.strassenweb.de\\\/nachrichten\\\/arbeitende-menschen-bei-der-arbeit-an-woelfen-konfliktbewaeltigung-in-richtung-koexistenz-live-webinar\\\/\"},\"author\":{\"name\":\"Robert Hoffmann\",\"@id\":\"https:\\\/\\\/www.strassenweb.de\\\/nachrichten\\\/#\\\/schema\\\/person\\\/87c9c9067f1211da429a744dc5a5aa41\"},\"headline\":\"Arbeitende Menschen bei der Arbeit an W\u00f6lfen \u2013 Konfliktbew\u00e4ltigung in Richtung Koexistenz Live-Webinar \u2013&#8230;\",\"datePublished\":\"2024-09-30T22:58:46+00:00\",\"dateModified\":\"2024-09-30T22:58:47+00:00\",\"mainEntityOfPage\":{\"@id\":\"https:\\\/\\\/www.strassenweb.de\\\/nachrichten\\\/arbeitende-menschen-bei-der-arbeit-an-woelfen-konfliktbewaeltigung-in-richtung-koexistenz-live-webinar\\\/\"},\"wordCount\":395,\"publisher\":{\"@id\":\"https:\\\/\\\/www.strassenweb.de\\\/nachrichten\\\/#organization\"},\"image\":{\"@id\":\"https:\\\/\\\/www.strassenweb.de\\\/nachrichten\\\/arbeitende-menschen-bei-der-arbeit-an-woelfen-konfliktbewaeltigung-in-richtung-koexistenz-live-webinar\\\/#primaryimage\"},\"thumbnailUrl\":\"https:\\\/\\\/www.strassenweb.de\\\/nachrichten\\\/wp-content\\\/uploads\\\/2024\\\/10\\\/Arbeitende-Menschen-bei-der-Arbeit-an-Woelfen-\u2013-Konfliktbewaeltigung-in.jpg\",\"keywords\":[\"Arbeit\",\"Arbeitende\",\"Bei\",\"der\",\"Koexistenz\",\"Konfliktbew\u00e4ltigung\",\"LiveWebinar\",\"Menschen\",\"Richtung\",\"W\u00f6lfen\"],\"articleSection\":[\"\u00d6kologie\"],\"inLanguage\":\"de\"},{\"@type\":\"WebPage\",\"@id\":\"https:\\\/\\\/www.strassenweb.de\\\/nachrichten\\\/arbeitende-menschen-bei-der-arbeit-an-woelfen-konfliktbewaeltigung-in-richtung-koexistenz-live-webinar\\\/\",\"url\":\"https:\\\/\\\/www.strassenweb.de\\\/nachrichten\\\/arbeitende-menschen-bei-der-arbeit-an-woelfen-konfliktbewaeltigung-in-richtung-koexistenz-live-webinar\\\/\",\"name\":\"Arbeitende Menschen bei der Arbeit an W\u00f6lfen \u2013 Konfliktbew\u00e4ltigung in Richtung Koexistenz Live-Webinar \u2013... - Nachrichten - Stra\u00dfenweb\",\"isPartOf\":{\"@id\":\"https:\\\/\\\/www.strassenweb.de\\\/nachrichten\\\/#website\"},\"primaryImageOfPage\":{\"@id\":\"https:\\\/\\\/www.strassenweb.de\\\/nachrichten\\\/arbeitende-menschen-bei-der-arbeit-an-woelfen-konfliktbewaeltigung-in-richtung-koexistenz-live-webinar\\\/#primaryimage\"},\"image\":{\"@id\":\"https:\\\/\\\/www.strassenweb.de\\\/nachrichten\\\/arbeitende-menschen-bei-der-arbeit-an-woelfen-konfliktbewaeltigung-in-richtung-koexistenz-live-webinar\\\/#primaryimage\"},\"thumbnailUrl\":\"https:\\\/\\\/www.strassenweb.de\\\/nachrichten\\\/wp-content\\\/uploads\\\/2024\\\/10\\\/Arbeitende-Menschen-bei-der-Arbeit-an-Woelfen-\u2013-Konfliktbewaeltigung-in.jpg\",\"datePublished\":\"2024-09-30T22:58:46+00:00\",\"dateModified\":\"2024-09-30T22:58:47+00:00\",\"breadcrumb\":{\"@id\":\"https:\\\/\\\/www.strassenweb.de\\\/nachrichten\\\/arbeitende-menschen-bei-der-arbeit-an-woelfen-konfliktbewaeltigung-in-richtung-koexistenz-live-webinar\\\/#breadcrumb\"},\"inLanguage\":\"de\",\"potentialAction\":[{\"@type\":\"ReadAction\",\"target\":[\"https:\\\/\\\/www.strassenweb.de\\\/nachrichten\\\/arbeitende-menschen-bei-der-arbeit-an-woelfen-konfliktbewaeltigung-in-richtung-koexistenz-live-webinar\\\/\"]}]},{\"@type\":\"ImageObject\",\"inLanguage\":\"de\",\"@id\":\"https:\\\/\\\/www.strassenweb.de\\\/nachrichten\\\/arbeitende-menschen-bei-der-arbeit-an-woelfen-konfliktbewaeltigung-in-richtung-koexistenz-live-webinar\\\/#primaryimage\",\"url\":\"https:\\\/\\\/www.strassenweb.de\\\/nachrichten\\\/wp-content\\\/uploads\\\/2024\\\/10\\\/Arbeitende-Menschen-bei-der-Arbeit-an-Woelfen-\u2013-Konfliktbewaeltigung-in.jpg\",\"contentUrl\":\"https:\\\/\\\/www.strassenweb.de\\\/nachrichten\\\/wp-content\\\/uploads\\\/2024\\\/10\\\/Arbeitende-Menschen-bei-der-Arbeit-an-Woelfen-\u2013-Konfliktbewaeltigung-in.jpg\",\"width\":900,\"height\":600,\"caption\":\"Working people while working on wolves \u2013 managing conflicts towards coexistence \u2013 live webinar\"},{\"@type\":\"BreadcrumbList\",\"@id\":\"https:\\\/\\\/www.strassenweb.de\\\/nachrichten\\\/arbeitende-menschen-bei-der-arbeit-an-woelfen-konfliktbewaeltigung-in-richtung-koexistenz-live-webinar\\\/#breadcrumb\",\"itemListElement\":[{\"@type\":\"ListItem\",\"position\":1,\"name\":\"Home\",\"item\":\"https:\\\/\\\/www.strassenweb.de\\\/nachrichten\\\/\"},{\"@type\":\"ListItem\",\"position\":2,\"name\":\"Arbeitende Menschen bei der Arbeit an W\u00f6lfen \u2013 Konfliktbew\u00e4ltigung in Richtung Koexistenz Live-Webinar \u2013&#8230;\"}]},{\"@type\":\"WebSite\",\"@id\":\"https:\\\/\\\/www.strassenweb.de\\\/nachrichten\\\/#website\",\"url\":\"https:\\\/\\\/www.strassenweb.de\\\/nachrichten\\\/\",\"name\":\"Stra\u00dfenweb\",\"description\":\"Stra\u00dfenverzeichnis f\u00fcr Deutschland\",\"publisher\":{\"@id\":\"https:\\\/\\\/www.strassenweb.de\\\/nachrichten\\\/#organization\"},\"potentialAction\":[{\"@type\":\"SearchAction\",\"target\":{\"@type\":\"EntryPoint\",\"urlTemplate\":\"https:\\\/\\\/www.strassenweb.de\\\/nachrichten\\\/?s={search_term_string}\"},\"query-input\":{\"@type\":\"PropertyValueSpecification\",\"valueRequired\":true,\"valueName\":\"search_term_string\"}}],\"inLanguage\":\"de\"},{\"@type\":\"Organization\",\"@id\":\"https:\\\/\\\/www.strassenweb.de\\\/nachrichten\\\/#organization\",\"name\":\"Stra\u00dfenweb\",\"url\":\"https:\\\/\\\/www.strassenweb.de\\\/nachrichten\\\/\",\"logo\":{\"@type\":\"ImageObject\",\"inLanguage\":\"de\",\"@id\":\"https:\\\/\\\/www.strassenweb.de\\\/nachrichten\\\/#\\\/schema\\\/logo\\\/image\\\/\",\"url\":\"https:\\\/\\\/www.strassenweb.de\\\/nachrichten\\\/wp-content\\\/uploads\\\/2024\\\/09\\\/cropped-favicon.png\",\"contentUrl\":\"https:\\\/\\\/www.strassenweb.de\\\/nachrichten\\\/wp-content\\\/uploads\\\/2024\\\/09\\\/cropped-favicon.png\",\"width\":512,\"height\":512,\"caption\":\"Stra\u00dfenweb\"},\"image\":{\"@id\":\"https:\\\/\\\/www.strassenweb.de\\\/nachrichten\\\/#\\\/schema\\\/logo\\\/image\\\/\"},\"sameAs\":[\"https:\\\/\\\/www.facebook.com\\\/strassenweb\\\/\"]},{\"@type\":\"Person\",\"@id\":\"https:\\\/\\\/www.strassenweb.de\\\/nachrichten\\\/#\\\/schema\\\/person\\\/87c9c9067f1211da429a744dc5a5aa41\",\"name\":\"Robert Hoffmann\",\"image\":{\"@type\":\"ImageObject\",\"inLanguage\":\"de\",\"@id\":\"https:\\\/\\\/www.strassenweb.de\\\/nachrichten\\\/wp-content\\\/uploads\\\/2024\\\/09\\\/strassenweb-150x150.jpg\",\"url\":\"https:\\\/\\\/www.strassenweb.de\\\/nachrichten\\\/wp-content\\\/uploads\\\/2024\\\/09\\\/strassenweb-150x150.jpg\",\"contentUrl\":\"https:\\\/\\\/www.strassenweb.de\\\/nachrichten\\\/wp-content\\\/uploads\\\/2024\\\/09\\\/strassenweb-150x150.jpg\",\"caption\":\"Robert Hoffmann\"},\"description\":\"Ich hei\u00dfe Robert Hoffmann und ich bin ein leidenschaftlicher Verfechter von \u00d6kologie und Biodiversit\u00e4t. Seit meiner Kindheit in den W\u00e4ldern Bayerns f\u00fchle ich mich mit der Natur verbunden und bin entschlossen, sie zu sch\u00fctzen. Heute widme ich mein Leben der Sensibilisierung anderer f\u00fcr die Bedeutung des Umweltschutzes f\u00fcr zuk\u00fcnftige Generationen.\",\"sameAs\":[\"https:\\\/\\\/www.strassenweb.de\\\/\"]}]}<\/script>\n<!-- \/ Yoast SEO plugin. -->","yoast_head_json":{"title":"Arbeitende Menschen bei der Arbeit an W\u00f6lfen \u2013 Konfliktbew\u00e4ltigung in Richtung Koexistenz Live-Webinar \u2013... - Nachrichten - Stra\u00dfenweb","robots":{"index":"index","follow":"follow","max-snippet":"max-snippet:-1","max-image-preview":"max-image-preview:large","max-video-preview":"max-video-preview:-1"},"canonical":"https:\/\/www.strassenweb.de\/nachrichten\/arbeitende-menschen-bei-der-arbeit-an-woelfen-konfliktbewaeltigung-in-richtung-koexistenz-live-webinar\/","og_locale":"de_DE","og_type":"article","og_title":"Arbeitende Menschen bei der Arbeit an W\u00f6lfen \u2013 Konfliktbew\u00e4ltigung in Richtung Koexistenz Live-Webinar \u2013... - Nachrichten - Stra\u00dfenweb","og_description":"Freitag, 21. Juli 202312:00 Uhr britischer Zeit \/ 07:00 Uhr \u00f6stlicher Zeit Sprecher: D\u00e1rio Hip\u00f3lito, Universit\u00e4t Aveiro Die British Ecological Society (BES) veranstaltet \u00fcber ihre","og_url":"https:\/\/www.strassenweb.de\/nachrichten\/arbeitende-menschen-bei-der-arbeit-an-woelfen-konfliktbewaeltigung-in-richtung-koexistenz-live-webinar\/","og_site_name":"Stra\u00dfenweb","article_publisher":"https:\/\/www.facebook.com\/strassenweb\/","article_published_time":"2024-09-30T22:58:46+00:00","article_modified_time":"2024-09-30T22:58:47+00:00","og_image":[{"width":900,"height":600,"url":"https:\/\/www.strassenweb.de\/nachrichten\/wp-content\/uploads\/2024\/10\/Arbeitende-Menschen-bei-der-Arbeit-an-Woelfen-\u2013-Konfliktbewaeltigung-in.jpg","type":"image\/jpeg"}],"author":"Robert Hoffmann","twitter_card":"summary_large_image","twitter_misc":{"Verfasst von":"Robert Hoffmann","Gesch\u00e4tzte Lesezeit":"2\u00a0Minuten"},"schema":{"@context":"https:\/\/schema.org","@graph":[{"@type":"Article","@id":"https:\/\/www.strassenweb.de\/nachrichten\/arbeitende-menschen-bei-der-arbeit-an-woelfen-konfliktbewaeltigung-in-richtung-koexistenz-live-webinar\/#article","isPartOf":{"@id":"https:\/\/www.strassenweb.de\/nachrichten\/arbeitende-menschen-bei-der-arbeit-an-woelfen-konfliktbewaeltigung-in-richtung-koexistenz-live-webinar\/"},"author":{"name":"Robert Hoffmann","@id":"https:\/\/www.strassenweb.de\/nachrichten\/#\/schema\/person\/87c9c9067f1211da429a744dc5a5aa41"},"headline":"Arbeitende Menschen bei der Arbeit an W\u00f6lfen \u2013 Konfliktbew\u00e4ltigung in Richtung Koexistenz Live-Webinar \u2013&#8230;","datePublished":"2024-09-30T22:58:46+00:00","dateModified":"2024-09-30T22:58:47+00:00","mainEntityOfPage":{"@id":"https:\/\/www.strassenweb.de\/nachrichten\/arbeitende-menschen-bei-der-arbeit-an-woelfen-konfliktbewaeltigung-in-richtung-koexistenz-live-webinar\/"},"wordCount":395,"publisher":{"@id":"https:\/\/www.strassenweb.de\/nachrichten\/#organization"},"image":{"@id":"https:\/\/www.strassenweb.de\/nachrichten\/arbeitende-menschen-bei-der-arbeit-an-woelfen-konfliktbewaeltigung-in-richtung-koexistenz-live-webinar\/#primaryimage"},"thumbnailUrl":"https:\/\/www.strassenweb.de\/nachrichten\/wp-content\/uploads\/2024\/10\/Arbeitende-Menschen-bei-der-Arbeit-an-Woelfen-\u2013-Konfliktbewaeltigung-in.jpg","keywords":["Arbeit","Arbeitende","Bei","der","Koexistenz","Konfliktbew\u00e4ltigung","LiveWebinar","Menschen","Richtung","W\u00f6lfen"],"articleSection":["\u00d6kologie"],"inLanguage":"de"},{"@type":"WebPage","@id":"https:\/\/www.strassenweb.de\/nachrichten\/arbeitende-menschen-bei-der-arbeit-an-woelfen-konfliktbewaeltigung-in-richtung-koexistenz-live-webinar\/","url":"https:\/\/www.strassenweb.de\/nachrichten\/arbeitende-menschen-bei-der-arbeit-an-woelfen-konfliktbewaeltigung-in-richtung-koexistenz-live-webinar\/","name":"Arbeitende Menschen bei der Arbeit an W\u00f6lfen \u2013 Konfliktbew\u00e4ltigung in Richtung Koexistenz Live-Webinar \u2013... - Nachrichten - Stra\u00dfenweb","isPartOf":{"@id":"https:\/\/www.strassenweb.de\/nachrichten\/#website"},"primaryImageOfPage":{"@id":"https:\/\/www.strassenweb.de\/nachrichten\/arbeitende-menschen-bei-der-arbeit-an-woelfen-konfliktbewaeltigung-in-richtung-koexistenz-live-webinar\/#primaryimage"},"image":{"@id":"https:\/\/www.strassenweb.de\/nachrichten\/arbeitende-menschen-bei-der-arbeit-an-woelfen-konfliktbewaeltigung-in-richtung-koexistenz-live-webinar\/#primaryimage"},"thumbnailUrl":"https:\/\/www.strassenweb.de\/nachrichten\/wp-content\/uploads\/2024\/10\/Arbeitende-Menschen-bei-der-Arbeit-an-Woelfen-\u2013-Konfliktbewaeltigung-in.jpg","datePublished":"2024-09-30T22:58:46+00:00","dateModified":"2024-09-30T22:58:47+00:00","breadcrumb":{"@id":"https:\/\/www.strassenweb.de\/nachrichten\/arbeitende-menschen-bei-der-arbeit-an-woelfen-konfliktbewaeltigung-in-richtung-koexistenz-live-webinar\/#breadcrumb"},"inLanguage":"de","potentialAction":[{"@type":"ReadAction","target":["https:\/\/www.strassenweb.de\/nachrichten\/arbeitende-menschen-bei-der-arbeit-an-woelfen-konfliktbewaeltigung-in-richtung-koexistenz-live-webinar\/"]}]},{"@type":"ImageObject","inLanguage":"de","@id":"https:\/\/www.strassenweb.de\/nachrichten\/arbeitende-menschen-bei-der-arbeit-an-woelfen-konfliktbewaeltigung-in-richtung-koexistenz-live-webinar\/#primaryimage","url":"https:\/\/www.strassenweb.de\/nachrichten\/wp-content\/uploads\/2024\/10\/Arbeitende-Menschen-bei-der-Arbeit-an-Woelfen-\u2013-Konfliktbewaeltigung-in.jpg","contentUrl":"https:\/\/www.strassenweb.de\/nachrichten\/wp-content\/uploads\/2024\/10\/Arbeitende-Menschen-bei-der-Arbeit-an-Woelfen-\u2013-Konfliktbewaeltigung-in.jpg","width":900,"height":600,"caption":"Working people while working on wolves \u2013 managing conflicts towards coexistence \u2013 live webinar"},{"@type":"BreadcrumbList","@id":"https:\/\/www.strassenweb.de\/nachrichten\/arbeitende-menschen-bei-der-arbeit-an-woelfen-konfliktbewaeltigung-in-richtung-koexistenz-live-webinar\/#breadcrumb","itemListElement":[{"@type":"ListItem","position":1,"name":"Home","item":"https:\/\/www.strassenweb.de\/nachrichten\/"},{"@type":"ListItem","position":2,"name":"Arbeitende Menschen bei der Arbeit an W\u00f6lfen \u2013 Konfliktbew\u00e4ltigung in Richtung Koexistenz Live-Webinar \u2013&#8230;"}]},{"@type":"WebSite","@id":"https:\/\/www.strassenweb.de\/nachrichten\/#website","url":"https:\/\/www.strassenweb.de\/nachrichten\/","name":"Stra\u00dfenweb","description":"Stra\u00dfenverzeichnis f\u00fcr Deutschland","publisher":{"@id":"https:\/\/www.strassenweb.de\/nachrichten\/#organization"},"potentialAction":[{"@type":"SearchAction","target":{"@type":"EntryPoint","urlTemplate":"https:\/\/www.strassenweb.de\/nachrichten\/?s={search_term_string}"},"query-input":{"@type":"PropertyValueSpecification","valueRequired":true,"valueName":"search_term_string"}}],"inLanguage":"de"},{"@type":"Organization","@id":"https:\/\/www.strassenweb.de\/nachrichten\/#organization","name":"Stra\u00dfenweb","url":"https:\/\/www.strassenweb.de\/nachrichten\/","logo":{"@type":"ImageObject","inLanguage":"de","@id":"https:\/\/www.strassenweb.de\/nachrichten\/#\/schema\/logo\/image\/","url":"https:\/\/www.strassenweb.de\/nachrichten\/wp-content\/uploads\/2024\/09\/cropped-favicon.png","contentUrl":"https:\/\/www.strassenweb.de\/nachrichten\/wp-content\/uploads\/2024\/09\/cropped-favicon.png","width":512,"height":512,"caption":"Stra\u00dfenweb"},"image":{"@id":"https:\/\/www.strassenweb.de\/nachrichten\/#\/schema\/logo\/image\/"},"sameAs":["https:\/\/www.facebook.com\/strassenweb\/"]},{"@type":"Person","@id":"https:\/\/www.strassenweb.de\/nachrichten\/#\/schema\/person\/87c9c9067f1211da429a744dc5a5aa41","name":"Robert Hoffmann","image":{"@type":"ImageObject","inLanguage":"de","@id":"https:\/\/www.strassenweb.de\/nachrichten\/wp-content\/uploads\/2024\/09\/strassenweb-150x150.jpg","url":"https:\/\/www.strassenweb.de\/nachrichten\/wp-content\/uploads\/2024\/09\/strassenweb-150x150.jpg","contentUrl":"https:\/\/www.strassenweb.de\/nachrichten\/wp-content\/uploads\/2024\/09\/strassenweb-150x150.jpg","caption":"Robert Hoffmann"},"description":"Ich hei\u00dfe Robert Hoffmann und ich bin ein leidenschaftlicher Verfechter von \u00d6kologie und Biodiversit\u00e4t. Seit meiner Kindheit in den W\u00e4ldern Bayerns f\u00fchle ich mich mit der Natur verbunden und bin entschlossen, sie zu sch\u00fctzen. Heute widme ich mein Leben der Sensibilisierung anderer f\u00fcr die Bedeutung des Umweltschutzes f\u00fcr zuk\u00fcnftige Generationen.","sameAs":["https:\/\/www.strassenweb.de\/"]}]}},"_links":{"self":[{"href":"https:\/\/www.strassenweb.de\/nachrichten\/wp-json\/wp\/v2\/posts\/466","targetHints":{"allow":["GET"]}}],"collection":[{"href":"https:\/\/www.strassenweb.de\/nachrichten\/wp-json\/wp\/v2\/posts"}],"about":[{"href":"https:\/\/www.strassenweb.de\/nachrichten\/wp-json\/wp\/v2\/types\/post"}],"author":[{"embeddable":true,"href":"https:\/\/www.strassenweb.de\/nachrichten\/wp-json\/wp\/v2\/users\/1"}],"replies":[{"embeddable":true,"href":"https:\/\/www.strassenweb.de\/nachrichten\/wp-json\/wp\/v2\/comments?post=466"}],"version-history":[{"count":0,"href":"https:\/\/www.strassenweb.de\/nachrichten\/wp-json\/wp\/v2\/posts\/466\/revisions"}],"wp:featuredmedia":[{"embeddable":true,"href":"https:\/\/www.strassenweb.de\/nachrichten\/wp-json\/wp\/v2\/media\/467"}],"wp:attachment":[{"href":"https:\/\/www.strassenweb.de\/nachrichten\/wp-json\/wp\/v2\/media?parent=466"}],"wp:term":[{"taxonomy":"category","embeddable":true,"href":"https:\/\/www.strassenweb.de\/nachrichten\/wp-json\/wp\/v2\/categories?post=466"},{"taxonomy":"post_tag","embeddable":true,"href":"https:\/\/www.strassenweb.de\/nachrichten\/wp-json\/wp\/v2\/tags?post=466"}],"curies":[{"name":"wp","href":"https:\/\/api.w.org\/{rel}","templated":true}]}}