{"id":4650,"date":"2025-04-24T03:40:25","date_gmt":"2025-04-24T01:40:25","guid":{"rendered":"https:\/\/www.strassenweb.de\/nachrichten\/sollten-sie-ihre-kleider-draussen-trocknen-wenn-sie-heuseever-haben-allergiespezialisten-warnen-die-betroffenen-sich-von-diesem-grossen-ausloeser-fernzuhalten\/"},"modified":"2025-04-24T03:40:26","modified_gmt":"2025-04-24T01:40:26","slug":"sollten-sie-ihre-kleider-draussen-trocknen-wenn-sie-heuseever-haben-allergiespezialisten-warnen-die-betroffenen-sich-von-diesem-grossen-ausloeser-fernzuhalten","status":"publish","type":"post","link":"https:\/\/www.strassenweb.de\/nachrichten\/sollten-sie-ihre-kleider-draussen-trocknen-wenn-sie-heuseever-haben-allergiespezialisten-warnen-die-betroffenen-sich-von-diesem-grossen-ausloeser-fernzuhalten\/","title":{"rendered":"Sollten Sie Ihre Kleider drau\u00dfen trocknen, wenn Sie Heuseever haben? Allergiespezialisten warnen die Betroffenen, sich von diesem \u201egro\u00dfen Ausl\u00f6ser\u201c fernzuhalten,"},"content":{"rendered":"<p><\/p>\n<div id=\"article-body\" class=\"article__body \">\n<p>Mit May gleich um die Ecke, um reichlich Sonnenschein, Asthma und Allergie -Bewusstsein mitzunehmen, ist es der perfekte Zeitpunkt, um zu fragen, ob Sie Ihre Kleidung drau\u00dfen trocknen sollten, wenn Sie Heuelchen haben.<\/p>\n<div id=\"ad-unit-1\" class=\"ad-unit\"><\/div>\n<p>W\u00e4hrend es so viele Vorteile f\u00fcr die lufttrocknende W\u00e4sche gibt, sind sich Allergieexperten einig, dass dies die Dinge f\u00fcr diejenigen mit jenen l\u00e4stigen saisonalen Allergien verschlimmern kann, was zu zus\u00e4tzlichen Angriffen, Niesen, Bew\u00e4sserung oder juckenden Augen und unangenehmeren Reaktionen f\u00fchren kann.<\/p>\n<aside class=\"hawk-base\" data-block-type=\"embed\" data-render-type=\"fte\" data-skip=\"dealsy\" data-widget-type=\"seasonal\">\n<div class=\"hawk-master-widget-hawk-base-wrapper\"><\/div>\n<\/aside>\n<p>Wir haben \u00c4rzte um ihren Rat gefragt, ob das Trocknen Ihrer Kleidung drau\u00dfen ein gro\u00dfes Ja oder ein gro\u00dfes Nein ist, wenn Sie an polleninduzierten Reaktionen leiden.<\/p>\n<div id=\"desktop-in-article\" class=\"in-article ad-unit\">\n<div id=\"desktop-taboola-mid-article\"><\/div>\n<\/div>\n<div id=\"mobile-in-article\" class=\"in-article ad-unit\">\n<div id=\"mobile-taboola-mid-article\"><\/div>\n<\/div>\n<h2 id=\"should-you-dry-your-clothes-outside-if-you-have-hayfever-3\">Sollten Sie Ihre Kleider drau\u00dfen trocknen, wenn Sie Heuseever haben?<\/h2>\n<p>Kurz gesagt, nein. Die Lufttrocknung Ihrer W\u00e4sche drau\u00dfen kann Asthma und Allergiesymptome versch\u00e4rfen und Menschen mit Sensibilit\u00e4t gegen\u00fcber Pollen unn\u00f6tig unwohl f\u00fchlen.<\/p>\n<div class=\"van_vid_carousel\">\n<div class=\"van_vid_carousel__padding\">\n<div class=\"van_vid_carousel__container\"><\/div>\n<\/div>\n<\/div>\n<p>Dr. Emma Lin, ein Arzt und Mitbegr\u00fcnder von Lungen- und Schlafmedizinern von Ready02, r\u00e4t nicht drau\u00dfen trocknen. Sie sagt: \u201eWenn Sie eine Patientin mit Heugeschwindigkeit haben, ist es ein gro\u00dfer Ausl\u00f6ser. Ich hatte zahlreiche Patienten mit Niesen ohne Unterbrechung, verstopfte Nasen und Husten, nur um festzustellen, dass ihre frische W\u00e4sche Allergene direkt in ihr Zuhause einf\u00fchrte. &#8218;<\/p>\n<div id=\"ad-unit-2\" class=\"ad-unit\"><\/div>\n<div id=\"slice-container-freeText-GeM8pNHvhKrJnJaBZtM6zh-aQfLYmxSedHrDyRFuwOJWDFj2cWHo82H\" class=\"slice-container freeText-wrapper freeText-GeM8pNHvhKrJnJaBZtM6zh-aQfLYmxSedHrDyRFuwOJWDFj2cWHo82H slice-container-freeText\">\n<div class=\"info-block\">\n<div class=\"info-block__layout\"><svg xmlns=\"http:\/\/www.w3.org\/2000\/svg\" viewbox=\"0 0 20 20\" width=\"16.67\" height=\"16.67\"><path d=\"M10 5c.6 0 1 .5 1 1v4c0 .6-.4 1-1 1a1 1 0 0 1-1-1V6c0-.5.4-1 1-1Zm0-5a10 10 0 1 0 0 20 10 10 0 0 0 0-20Zm0 18a8 8 0 1 1 0-16 8 8 0 0 1 0 16Zm1-4c0 .6-.4 1-1 1a1 1 0 1 1 0-2c.6 0 1 .4 1 1Z\"><\/path><\/svg><\/p>\n<h5 class=\"info-block__layout-title\">Haftungsausschluss<\/h5>\n<\/div>\n<p class=\"infoDisclaimer\">Seit 1984 haben die Asthma und die Allergy Foundation of America (AAFA) May erkl\u00e4rt, um es zu sein <em>National Asthma und Allergy Awareness Month. <\/em>Weitere Informationen sowie Experten Asthma und Allergie -Ressourcen finden Sie unter aafa.org.<\/p>\n<\/div>\n<\/div>\n<p>Wenn Sie den nat\u00fcrlichen Flecken mit Sonnenschein nutzen, kann es so praktisch sein, wenn Sie bei der Sonne bleiche, um Flecken auf wei\u00dfen Hemden zu entfernen, wenn Sie saisonale Allergien leiden, sind Sie besser dran, diesem W\u00e4schemittel einen Fehlschlag zu geben.<\/p>\n<p>&#8222;Nein, Sie sollten nicht, da die Kleidung Pollenpartikel aufnehmen kann&#8220;, stimmt Dr. Purvi Parikh, Allergiker und Immunologe f\u00fcr Allergy &#038; Asthma Network, zu. \u201eEs ist am besten, Kleidung im Innenbereich mit geschlossenen Fenstern zu trocknen. Wir empfehlen immer allen Pollen -Betroffenen, ihre Kleidung zu wechseln und zu duschen, wenn sie nach Hause kommen. &#8218;<\/p>\n<p>Unsere Experten sehen sich die Gr\u00fcnde an, warum das Trocknen Ihrer Kleidung drau\u00dfen trocknen, wenn Sie Heuseever haben, keine gute Idee.<\/p>\n<h3 class=\"article-body__section\" id=\"section-1-pollen-accumulation\"><span>1. Pollenakkumulation <\/span><\/h3>\n<figure class=\"van-image-figure inline-layout \" data-bordeaux-image-check>\n<div class=\"image-full-width-wrapper\">\n<div class=\"image-widthsetter\" style=\"max-width:2000px;\"><\/div>\n<\/div><figcaption class=\"inline-layout \">\n<div class=\"caption-text\">\n<p>Wenn Sie an Allergien leiden, halten Sie Ihre Landschaft so einfach wie m\u00f6glich. <\/p>\n<\/div>\n<\/figcaption><\/figure>\n<p>W\u00e4hrend der hohen Pollensaison, angezeigt vom American College of Allergy, Asthma &#038; Immunology (ACAAI)<em> <\/em>Anfang Februar und dauerhaft bis zum Fr\u00fchsommer in den meisten Staaten, in denen es sich um die Best\u00e4ubung von B\u00e4umen befasst, besteht das Risiko, dass sie saisonale Allergene auf Stoff und Kleidung ansammeln, die drau\u00dfen getrocknet ist.<\/p>\n<p>Sp\u00e4ter im Fr\u00fchling und Sommer wird Graspollen zu einem st\u00e4ndigen Kopfschmerz f\u00fcr Betroffene, w\u00e4hrend Ragweed im Sp\u00e4tsommer und Herbst ein auff\u00e4lliger \u00c4rgernis ist, den Sie besser davon abhalten, Ihre frisch gereinigte W\u00e4sche fernzuhalten.<\/p>\n<p>Das Acaai erkl\u00e4rt auch, dass, wenn Ihre Allergien fr\u00fcher oder sp\u00e4ter beginnen, dies als direkte Ergebnisse eines leichten Winters sein k\u00f6nnte, was dazu f\u00fchrt, dass Pflanzen fr\u00fcher als \u00fcblich best\u00e4uben, w\u00e4hrend eine regnerische Fr\u00fchling auch ein schnelles Pflanzenwachstum f\u00f6rdern und zu einer Erh\u00f6hung der Schimmelpilze f\u00fchren kann, was dazu f\u00fchrt, dass die Symptome bis weit in den Sturz dauern.<\/p>\n<p>&#8222;Dies kann noch mehr Einfluss auf Menschen haben, die in Wald- oder Naturgebieten leben, da das Pollenniveau h\u00f6her sein wird als in haupts\u00e4chlich urbanisierten Gebieten&#8220;, sagt Dr. Lopes, Assistenzprofessor f\u00fcr P\u00e4diatrie an der Case Western Reserve University. \u201eEin paralleler Rat, den wir Patienten und Familien geben, besteht darin, ihre Kleidung zu entfernen und zu duschen, wenn wir nach einem Tag mit hohem Pollen wieder ins Haus kommen, da dies auch die Exposition der Pollen verringern kann.<\/p>\n<p>Haustiere k\u00f6nnen auch Pollen einbringen, daher ist es eine gute Idee, ihnen einen warmen Schlauch zu geben, bevor sie das Haus betreten. Tausende von gl\u00fccklichen Amazon -Kunden schw\u00f6ren auf ihr Allergenspray, was die Anzahl der Allergene in der Luft in Ihrem Haus und Partikel auf Ihren Oberfl\u00e4chen mit nat\u00fcrlichen Zutaten verringert.<\/p>\n<p>Das Produkt ist Labor verifiziert, um wichtige Allergene zu reduzieren, indem sie Pollen und andere Allergene wie Pet Dander anziehen und befestigen und dann ihre Auswirkungen neutralisieren.<\/p>\n<h3 class=\"article-body__section\" id=\"section-2-increased-exposure\"><span>2. Erh\u00f6hte Belichtung<\/span><\/h3>\n<figure class=\"van-image-figure inline-layout \" data-bordeaux-image-check>\n<div class=\"image-full-width-wrapper\">\n<div class=\"image-widthsetter\" style=\"max-width:2000px;\"><\/div>\n<\/div><figcaption class=\"inline-layout \">\n<div class=\"caption-text\">\n<p>Bestimmte Blumen sind anf\u00e4lliger f\u00fcr Heuelchen als andere wie Sonnenblumen und Chrysanthemen.<\/p>\n<\/div>\n<\/figcaption><\/figure>\n<p>Es gibt bestimmte Jahreszeiten, in denen Pollen h\u00f6her sein k\u00f6nnen als andere. Dies h\u00e4ngt nat\u00fcrlich davon ab, wo Sie leben.<\/p>\n<p>\u00dcberwachen Sie die Hauptpollenz\u00e4hlzeiten, erkl\u00e4rt Dr. Lopes: \u201eEs lohnt sich definitiv, sich in den Phasen hoher oder sehr hoher Pollen, die f\u00fcr Baumpollen, den Sommer f\u00fcr Graspollen zu sein w\u00fcrden, auf jeden Fall zu sein.<\/p>\n<p>Heufever -Symptome treten tendenziell auf, wenn die Pollenzahl 50 K\u00f6rner pro Kubikmeter Luft \u00fcbersteigt, was als niedrig angesehen wird, w\u00e4hrend es bei etwa 1.000 liegt. Es steigt am Morgen tendenziell an und ihren H\u00f6hepunkt am Mittag oder am fr\u00fchen Nachmittag.<\/p>\n<p>Das Smart Air Quality Meter von Amazon mit Alexa kann potenzielle Allergene und Reizstoffe im Laufe des Jahres sowie andere Dinge wie Chemikalien und Kohlenmonoxid aufnehmen und sind ein konstanter Bestseller.<\/p>\n<h3 class=\"article-body__section\" id=\"section-3-pollen-in-bedding\"><span>3. Pollen in Bettw\u00e4sche<\/span><\/h3>\n<figure class=\"van-image-figure inline-layout \" data-bordeaux-image-check>\n<div class=\"image-full-width-wrapper\">\n<div class=\"image-widthsetter\" style=\"max-width:2000px;\"><\/div>\n<\/div><figcaption class=\"inline-layout \">\n<div class=\"caption-text\">\n<p>Halten Sie Ihre Fenster tags\u00fcber in Ihrem Schlafzimmer geschlossen und \u00f6ffnen Sie es nachts, wenn Sie an Heuseel leiden. <\/p>\n<\/div>\n<\/figcaption><\/figure>\n<p>Vielleicht einer der Hauptgr\u00fcnde, warum es keine gute Idee ist, drau\u00dfen zu waschen, ist, dass Sie auf Ihre Bettw\u00e4sche gelangen k\u00f6nnen, was miserable lange N\u00e4chte der Unbehagen verursacht.<\/p>\n<p>\u201eWenn die Bettw\u00e4sche drau\u00dfen aufgeh\u00e4ngt wird, insbesondere in der Allergie -Saison, werden mikroskopische Pollenst\u00fccke in der Luft aufgenommen. Gras, B\u00e4ume, Blumen, alles passiert \u201c, sagt Dr. Emma Lin.<\/p>\n<p>&#8222;Es verweilt&#8220;, f\u00fcgt sie hinzu, &#8222;und dann sammelt Ihre Bettw\u00e4sche Pollen, Sie schlafen darin und atmen sie. Es kann Menschen, die sensibel miserabel sind, mit juckenden Augen, laufenden Nase, Niesen und sogar einem Asthmaanfall machen. Ich habe gesehen, dass es auch den Schlaf der Menschen st\u00f6rt, insbesondere mit allergischem Asthma. Sie wachen mit Husten, \u00dcberlastung oder nur allgemeinem Elend auf. &#8218;<\/p>\n<p>Eines der besten Heuheuermittel f\u00fcr das Haus ist es, Ihr Fenster am Abend offen zu lassen, da es dazu beitr\u00e4gt, Partikel zu zerstreuen, die m\u00f6glicherweise tags\u00fcber aufgebaut haben.<\/p>\n<h2 class=\"article-body__section\" id=\"section-alternatives-to-drying-clothes-outside\"><span>Alternativen zum Trocknen von Kleidung drau\u00dfen<\/span><\/h2>\n<figure class=\"van-image-figure inline-layout \" data-bordeaux-image-check>\n<div class=\"image-full-width-wrapper\">\n<div class=\"image-widthsetter\" style=\"max-width:2000px;\"><\/div>\n<\/div><figcaption class=\"inline-layout \">\n<div class=\"caption-text\">\n<p>Investieren Sie in einen wirtschaftlichen Trockner, damit Sie Ihre Kleidung nicht drau\u00dfen ausstrahlen m\u00fcssen. <\/p>\n<\/div>\n<\/figcaption><\/figure>\n<p>Es gibt Alternativen, und es ist auch m\u00f6glich, Kleidung in kleinem Raum zu trocknen: &#8222;Ein Trockner ist am besten, insbesondere einer, der einen guten Filter hat&#8220;, r\u00e4t Dr. Emma Lin. \u00bbH\u00e4ngen Sie sie in die Luft trocken, wenn Sie keinen Trockner haben, aber tun Sie es mit guter Luftbewegung. Schlie\u00dfen Sie die Fenster in Zeiten von hohem Pollen, am fr\u00fchen Morgen und vor Sonnenunterg\u00e4ngen. &#8218;<\/p>\n<p>Der Kopf von gel\u00f6stem Puntea Van Terheyden verwendet einen billigen kleinen Entfeuchter von Amazon, um die Innenlufttrocknung von Kleidung, Bettw\u00e4sche und Handt\u00fcchern zu beschleunigen, wenn die Pollenzahl hoch ist. Sie sagt: \u00bbIch bekomme schreckliche Heuse und vermeide Lufttrocknen an hohen Pollentagen. Wenn ich viel W\u00e4sche zum Trocknen habe, aber die zus\u00e4tzlichen Energiekosten f\u00fcr die st\u00e4ndige Verwendung des Trockners nicht m\u00f6chte, schalte ich meinen energieeffizienten Entfeuchtungspartier, den ich bei Amazon gekauft habe, und im Innenraum der Luft trocken. Es ist schnell und effektiv. &#8218;<\/p>\n<p>Wie wir bereits erw\u00e4hnt haben, ist es immer noch m\u00f6glich, Pollen auszubringen, nur wenn Dr. Emma einen guten HEPA-gefilterten Luftreiniger erhalten, um die Luft in Ihrem Haus zu reinigen. Wir m\u00f6gen das wahre HEPA-Design der reinen Zone 3-in-1 von QVC, das eine mehrstufige Filtration und drei L\u00fcftergeschwindigkeiten aufweist.<\/p>\n<p>Wir haben unsere drei wichtigsten alternativen K\u00e4ufe bezogen, um Ihre Kleidung zu trocknen.<\/p>\n<div class=\"product-container hero-product-container product-block-no-wrap\"><\/div>\n<h2 class=\"article-body__section\" id=\"section-meet-the-experts\"><span>Treffen Sie die Experten<\/span><\/h2>\n<hr>\n<p>Es kann schwierig sein, Ihre Kleidung nicht zu trocknen, wenn Sie an Heuelchen leiden, insbesondere in den wichtigsten Monaten, in denen es verlockend ist, dies zu tun. Wenn Sie es lieben, Zeit in Ihrem Garten zu verbringen, gibt es einige Blumen, die Sie f\u00fcr Heuelungs -Betroffene wachsen k\u00f6nnen, die weniger Pollen haben.<\/p>\n<\/div>\n","protected":false},"excerpt":{"rendered":"<p>Mit May gleich um die Ecke, um reichlich Sonnenschein, Asthma und Allergie -Bewusstsein mitzunehmen, ist es der perfekte Zeitpunkt, um zu fragen, ob Sie Ihre<\/p>\n","protected":false},"author":1,"featured_media":4651,"comment_status":"closed","ping_status":"","sticky":false,"template":"","format":"standard","meta":{"footnotes":""},"categories":[118],"tags":[6870,6872,6871,9,32,432,6873,1421,469,6869,225,6868,142,165,560,2149,21,1066,1076],"class_list":["post-4650","post","type-post","status-publish","format-standard","has-post-thumbnail","hentry","category-haus-garten","tag-allergiespezialisten","tag-ausloeser","tag-betroffenen","tag-die","tag-diesem","tag-draussen","tag-fernzuhalten","tag-grossen","tag-haben","tag-heuseever","tag-ihre","tag-kleider","tag-sich","tag-sie","tag-sollten","tag-trocknen","tag-von","tag-warnen","tag-wenn","generate-columns","tablet-grid-50","mobile-grid-100","grid-parent","grid-50"],"yoast_head":"<!-- This site is optimized with the Yoast SEO plugin v27.3 - https:\/\/yoast.com\/product\/yoast-seo-wordpress\/ -->\n<title>Sollten Sie Ihre Kleider drau\u00dfen trocknen, wenn Sie Heuseever haben? Allergiespezialisten warnen die Betroffenen, sich von diesem \u201egro\u00dfen Ausl\u00f6ser\u201c fernzuhalten, - Nachrichten - Stra\u00dfenweb<\/title>\n<meta name=\"robots\" content=\"index, follow, max-snippet:-1, max-image-preview:large, max-video-preview:-1\" \/>\n<link rel=\"canonical\" href=\"https:\/\/www.strassenweb.de\/nachrichten\/sollten-sie-ihre-kleider-draussen-trocknen-wenn-sie-heuseever-haben-allergiespezialisten-warnen-die-betroffenen-sich-von-diesem-grossen-ausloeser-fernzuhalten\/\" \/>\n<meta property=\"og:locale\" content=\"de_DE\" \/>\n<meta property=\"og:type\" content=\"article\" \/>\n<meta property=\"og:title\" content=\"Sollten Sie Ihre Kleider drau\u00dfen trocknen, wenn Sie Heuseever haben? Allergiespezialisten warnen die Betroffenen, sich von diesem \u201egro\u00dfen Ausl\u00f6ser\u201c fernzuhalten, - Nachrichten - Stra\u00dfenweb\" \/>\n<meta property=\"og:description\" content=\"Mit May gleich um die Ecke, um reichlich Sonnenschein, Asthma und Allergie -Bewusstsein mitzunehmen, ist es der perfekte Zeitpunkt, um zu fragen, ob Sie Ihre\" \/>\n<meta property=\"og:url\" content=\"https:\/\/www.strassenweb.de\/nachrichten\/sollten-sie-ihre-kleider-draussen-trocknen-wenn-sie-heuseever-haben-allergiespezialisten-warnen-die-betroffenen-sich-von-diesem-grossen-ausloeser-fernzuhalten\/\" \/>\n<meta property=\"og:site_name\" content=\"Stra\u00dfenweb\" \/>\n<meta property=\"article:publisher\" content=\"https:\/\/www.facebook.com\/strassenweb\/\" \/>\n<meta property=\"article:published_time\" content=\"2025-04-24T01:40:25+00:00\" \/>\n<meta property=\"article:modified_time\" content=\"2025-04-24T01:40:26+00:00\" \/>\n<meta property=\"og:image\" content=\"https:\/\/www.strassenweb.de\/nachrichten\/wp-content\/uploads\/2025\/04\/FYPpc6adzhGc8Ly8s5JqJh.jpg\" \/>\n\t<meta property=\"og:image:width\" content=\"1600\" \/>\n\t<meta property=\"og:image:height\" content=\"900\" \/>\n\t<meta property=\"og:image:type\" content=\"image\/jpeg\" \/>\n<meta name=\"author\" content=\"Robert Hoffmann\" \/>\n<meta name=\"twitter:card\" content=\"summary_large_image\" \/>\n<meta name=\"twitter:label1\" content=\"Verfasst von\" \/>\n\t<meta name=\"twitter:data1\" content=\"Robert Hoffmann\" \/>\n\t<meta name=\"twitter:label2\" content=\"Gesch\u00e4tzte Lesezeit\" \/>\n\t<meta name=\"twitter:data2\" content=\"7\u00a0Minuten\" \/>\n<script type=\"application\/ld+json\" class=\"yoast-schema-graph\">{\"@context\":\"https:\\\/\\\/schema.org\",\"@graph\":[{\"@type\":\"Article\",\"@id\":\"https:\\\/\\\/www.strassenweb.de\\\/nachrichten\\\/sollten-sie-ihre-kleider-draussen-trocknen-wenn-sie-heuseever-haben-allergiespezialisten-warnen-die-betroffenen-sich-von-diesem-grossen-ausloeser-fernzuhalten\\\/#article\",\"isPartOf\":{\"@id\":\"https:\\\/\\\/www.strassenweb.de\\\/nachrichten\\\/sollten-sie-ihre-kleider-draussen-trocknen-wenn-sie-heuseever-haben-allergiespezialisten-warnen-die-betroffenen-sich-von-diesem-grossen-ausloeser-fernzuhalten\\\/\"},\"author\":{\"name\":\"Robert Hoffmann\",\"@id\":\"https:\\\/\\\/www.strassenweb.de\\\/nachrichten\\\/#\\\/schema\\\/person\\\/87c9c9067f1211da429a744dc5a5aa41\"},\"headline\":\"Sollten Sie Ihre Kleider drau\u00dfen trocknen, wenn Sie Heuseever haben? Allergiespezialisten warnen die Betroffenen, sich von diesem \u201egro\u00dfen Ausl\u00f6ser\u201c fernzuhalten,\",\"datePublished\":\"2025-04-24T01:40:25+00:00\",\"dateModified\":\"2025-04-24T01:40:26+00:00\",\"mainEntityOfPage\":{\"@id\":\"https:\\\/\\\/www.strassenweb.de\\\/nachrichten\\\/sollten-sie-ihre-kleider-draussen-trocknen-wenn-sie-heuseever-haben-allergiespezialisten-warnen-die-betroffenen-sich-von-diesem-grossen-ausloeser-fernzuhalten\\\/\"},\"wordCount\":1388,\"publisher\":{\"@id\":\"https:\\\/\\\/www.strassenweb.de\\\/nachrichten\\\/#organization\"},\"image\":{\"@id\":\"https:\\\/\\\/www.strassenweb.de\\\/nachrichten\\\/sollten-sie-ihre-kleider-draussen-trocknen-wenn-sie-heuseever-haben-allergiespezialisten-warnen-die-betroffenen-sich-von-diesem-grossen-ausloeser-fernzuhalten\\\/#primaryimage\"},\"thumbnailUrl\":\"https:\\\/\\\/www.strassenweb.de\\\/nachrichten\\\/wp-content\\\/uploads\\\/2025\\\/04\\\/FYPpc6adzhGc8Ly8s5JqJh.jpg\",\"keywords\":[\"Allergiespezialisten\",\"Ausl\u00f6ser\",\"Betroffenen\",\"die\",\"diesem\",\"drau\u00dfen\",\"fernzuhalten\",\"gro\u00dfen\",\"haben\",\"Heuseever\",\"ihre\",\"Kleider\",\"sich\",\"Sie\",\"sollten\",\"trocknen\",\"von\",\"warnen\",\"wenn\"],\"articleSection\":[\"Haus &amp; Garten\"],\"inLanguage\":\"de\"},{\"@type\":\"WebPage\",\"@id\":\"https:\\\/\\\/www.strassenweb.de\\\/nachrichten\\\/sollten-sie-ihre-kleider-draussen-trocknen-wenn-sie-heuseever-haben-allergiespezialisten-warnen-die-betroffenen-sich-von-diesem-grossen-ausloeser-fernzuhalten\\\/\",\"url\":\"https:\\\/\\\/www.strassenweb.de\\\/nachrichten\\\/sollten-sie-ihre-kleider-draussen-trocknen-wenn-sie-heuseever-haben-allergiespezialisten-warnen-die-betroffenen-sich-von-diesem-grossen-ausloeser-fernzuhalten\\\/\",\"name\":\"Sollten Sie Ihre Kleider drau\u00dfen trocknen, wenn Sie Heuseever haben? Allergiespezialisten warnen die Betroffenen, sich von diesem \u201egro\u00dfen Ausl\u00f6ser\u201c fernzuhalten, - Nachrichten - Stra\u00dfenweb\",\"isPartOf\":{\"@id\":\"https:\\\/\\\/www.strassenweb.de\\\/nachrichten\\\/#website\"},\"primaryImageOfPage\":{\"@id\":\"https:\\\/\\\/www.strassenweb.de\\\/nachrichten\\\/sollten-sie-ihre-kleider-draussen-trocknen-wenn-sie-heuseever-haben-allergiespezialisten-warnen-die-betroffenen-sich-von-diesem-grossen-ausloeser-fernzuhalten\\\/#primaryimage\"},\"image\":{\"@id\":\"https:\\\/\\\/www.strassenweb.de\\\/nachrichten\\\/sollten-sie-ihre-kleider-draussen-trocknen-wenn-sie-heuseever-haben-allergiespezialisten-warnen-die-betroffenen-sich-von-diesem-grossen-ausloeser-fernzuhalten\\\/#primaryimage\"},\"thumbnailUrl\":\"https:\\\/\\\/www.strassenweb.de\\\/nachrichten\\\/wp-content\\\/uploads\\\/2025\\\/04\\\/FYPpc6adzhGc8Ly8s5JqJh.jpg\",\"datePublished\":\"2025-04-24T01:40:25+00:00\",\"dateModified\":\"2025-04-24T01:40:26+00:00\",\"breadcrumb\":{\"@id\":\"https:\\\/\\\/www.strassenweb.de\\\/nachrichten\\\/sollten-sie-ihre-kleider-draussen-trocknen-wenn-sie-heuseever-haben-allergiespezialisten-warnen-die-betroffenen-sich-von-diesem-grossen-ausloeser-fernzuhalten\\\/#breadcrumb\"},\"inLanguage\":\"de\",\"potentialAction\":[{\"@type\":\"ReadAction\",\"target\":[\"https:\\\/\\\/www.strassenweb.de\\\/nachrichten\\\/sollten-sie-ihre-kleider-draussen-trocknen-wenn-sie-heuseever-haben-allergiespezialisten-warnen-die-betroffenen-sich-von-diesem-grossen-ausloeser-fernzuhalten\\\/\"]}]},{\"@type\":\"ImageObject\",\"inLanguage\":\"de\",\"@id\":\"https:\\\/\\\/www.strassenweb.de\\\/nachrichten\\\/sollten-sie-ihre-kleider-draussen-trocknen-wenn-sie-heuseever-haben-allergiespezialisten-warnen-die-betroffenen-sich-von-diesem-grossen-ausloeser-fernzuhalten\\\/#primaryimage\",\"url\":\"https:\\\/\\\/www.strassenweb.de\\\/nachrichten\\\/wp-content\\\/uploads\\\/2025\\\/04\\\/FYPpc6adzhGc8Ly8s5JqJh.jpg\",\"contentUrl\":\"https:\\\/\\\/www.strassenweb.de\\\/nachrichten\\\/wp-content\\\/uploads\\\/2025\\\/04\\\/FYPpc6adzhGc8Ly8s5JqJh.jpg\",\"width\":1600,\"height\":900,\"caption\":\"Striped towels hanging from an outside washing line in a bright, sunny garden full of lush green bushes and trees.\"},{\"@type\":\"BreadcrumbList\",\"@id\":\"https:\\\/\\\/www.strassenweb.de\\\/nachrichten\\\/sollten-sie-ihre-kleider-draussen-trocknen-wenn-sie-heuseever-haben-allergiespezialisten-warnen-die-betroffenen-sich-von-diesem-grossen-ausloeser-fernzuhalten\\\/#breadcrumb\",\"itemListElement\":[{\"@type\":\"ListItem\",\"position\":1,\"name\":\"Home\",\"item\":\"https:\\\/\\\/www.strassenweb.de\\\/nachrichten\\\/\"},{\"@type\":\"ListItem\",\"position\":2,\"name\":\"Sollten Sie Ihre Kleider drau\u00dfen trocknen, wenn Sie Heuseever haben? Allergiespezialisten warnen die Betroffenen, sich von diesem \u201egro\u00dfen Ausl\u00f6ser\u201c fernzuhalten,\"}]},{\"@type\":\"WebSite\",\"@id\":\"https:\\\/\\\/www.strassenweb.de\\\/nachrichten\\\/#website\",\"url\":\"https:\\\/\\\/www.strassenweb.de\\\/nachrichten\\\/\",\"name\":\"Stra\u00dfenweb\",\"description\":\"Stra\u00dfenverzeichnis f\u00fcr Deutschland\",\"publisher\":{\"@id\":\"https:\\\/\\\/www.strassenweb.de\\\/nachrichten\\\/#organization\"},\"potentialAction\":[{\"@type\":\"SearchAction\",\"target\":{\"@type\":\"EntryPoint\",\"urlTemplate\":\"https:\\\/\\\/www.strassenweb.de\\\/nachrichten\\\/?s={search_term_string}\"},\"query-input\":{\"@type\":\"PropertyValueSpecification\",\"valueRequired\":true,\"valueName\":\"search_term_string\"}}],\"inLanguage\":\"de\"},{\"@type\":\"Organization\",\"@id\":\"https:\\\/\\\/www.strassenweb.de\\\/nachrichten\\\/#organization\",\"name\":\"Stra\u00dfenweb\",\"url\":\"https:\\\/\\\/www.strassenweb.de\\\/nachrichten\\\/\",\"logo\":{\"@type\":\"ImageObject\",\"inLanguage\":\"de\",\"@id\":\"https:\\\/\\\/www.strassenweb.de\\\/nachrichten\\\/#\\\/schema\\\/logo\\\/image\\\/\",\"url\":\"https:\\\/\\\/www.strassenweb.de\\\/nachrichten\\\/wp-content\\\/uploads\\\/2024\\\/09\\\/cropped-favicon.png\",\"contentUrl\":\"https:\\\/\\\/www.strassenweb.de\\\/nachrichten\\\/wp-content\\\/uploads\\\/2024\\\/09\\\/cropped-favicon.png\",\"width\":512,\"height\":512,\"caption\":\"Stra\u00dfenweb\"},\"image\":{\"@id\":\"https:\\\/\\\/www.strassenweb.de\\\/nachrichten\\\/#\\\/schema\\\/logo\\\/image\\\/\"},\"sameAs\":[\"https:\\\/\\\/www.facebook.com\\\/strassenweb\\\/\"]},{\"@type\":\"Person\",\"@id\":\"https:\\\/\\\/www.strassenweb.de\\\/nachrichten\\\/#\\\/schema\\\/person\\\/87c9c9067f1211da429a744dc5a5aa41\",\"name\":\"Robert Hoffmann\",\"image\":{\"@type\":\"ImageObject\",\"inLanguage\":\"de\",\"@id\":\"https:\\\/\\\/www.strassenweb.de\\\/nachrichten\\\/wp-content\\\/uploads\\\/2024\\\/09\\\/strassenweb-150x150.jpg\",\"url\":\"https:\\\/\\\/www.strassenweb.de\\\/nachrichten\\\/wp-content\\\/uploads\\\/2024\\\/09\\\/strassenweb-150x150.jpg\",\"contentUrl\":\"https:\\\/\\\/www.strassenweb.de\\\/nachrichten\\\/wp-content\\\/uploads\\\/2024\\\/09\\\/strassenweb-150x150.jpg\",\"caption\":\"Robert Hoffmann\"},\"description\":\"Ich hei\u00dfe Robert Hoffmann und ich bin ein leidenschaftlicher Verfechter von \u00d6kologie und Biodiversit\u00e4t. Seit meiner Kindheit in den W\u00e4ldern Bayerns f\u00fchle ich mich mit der Natur verbunden und bin entschlossen, sie zu sch\u00fctzen. Heute widme ich mein Leben der Sensibilisierung anderer f\u00fcr die Bedeutung des Umweltschutzes f\u00fcr zuk\u00fcnftige Generationen.\",\"sameAs\":[\"https:\\\/\\\/www.strassenweb.de\\\/\"]}]}<\/script>\n<!-- \/ Yoast SEO plugin. -->","yoast_head_json":{"title":"Sollten Sie Ihre Kleider drau\u00dfen trocknen, wenn Sie Heuseever haben? Allergiespezialisten warnen die Betroffenen, sich von diesem \u201egro\u00dfen Ausl\u00f6ser\u201c fernzuhalten, - Nachrichten - Stra\u00dfenweb","robots":{"index":"index","follow":"follow","max-snippet":"max-snippet:-1","max-image-preview":"max-image-preview:large","max-video-preview":"max-video-preview:-1"},"canonical":"https:\/\/www.strassenweb.de\/nachrichten\/sollten-sie-ihre-kleider-draussen-trocknen-wenn-sie-heuseever-haben-allergiespezialisten-warnen-die-betroffenen-sich-von-diesem-grossen-ausloeser-fernzuhalten\/","og_locale":"de_DE","og_type":"article","og_title":"Sollten Sie Ihre Kleider drau\u00dfen trocknen, wenn Sie Heuseever haben? Allergiespezialisten warnen die Betroffenen, sich von diesem \u201egro\u00dfen Ausl\u00f6ser\u201c fernzuhalten, - Nachrichten - Stra\u00dfenweb","og_description":"Mit May gleich um die Ecke, um reichlich Sonnenschein, Asthma und Allergie -Bewusstsein mitzunehmen, ist es der perfekte Zeitpunkt, um zu fragen, ob Sie Ihre","og_url":"https:\/\/www.strassenweb.de\/nachrichten\/sollten-sie-ihre-kleider-draussen-trocknen-wenn-sie-heuseever-haben-allergiespezialisten-warnen-die-betroffenen-sich-von-diesem-grossen-ausloeser-fernzuhalten\/","og_site_name":"Stra\u00dfenweb","article_publisher":"https:\/\/www.facebook.com\/strassenweb\/","article_published_time":"2025-04-24T01:40:25+00:00","article_modified_time":"2025-04-24T01:40:26+00:00","og_image":[{"width":1600,"height":900,"url":"https:\/\/www.strassenweb.de\/nachrichten\/wp-content\/uploads\/2025\/04\/FYPpc6adzhGc8Ly8s5JqJh.jpg","type":"image\/jpeg"}],"author":"Robert Hoffmann","twitter_card":"summary_large_image","twitter_misc":{"Verfasst von":"Robert Hoffmann","Gesch\u00e4tzte Lesezeit":"7\u00a0Minuten"},"schema":{"@context":"https:\/\/schema.org","@graph":[{"@type":"Article","@id":"https:\/\/www.strassenweb.de\/nachrichten\/sollten-sie-ihre-kleider-draussen-trocknen-wenn-sie-heuseever-haben-allergiespezialisten-warnen-die-betroffenen-sich-von-diesem-grossen-ausloeser-fernzuhalten\/#article","isPartOf":{"@id":"https:\/\/www.strassenweb.de\/nachrichten\/sollten-sie-ihre-kleider-draussen-trocknen-wenn-sie-heuseever-haben-allergiespezialisten-warnen-die-betroffenen-sich-von-diesem-grossen-ausloeser-fernzuhalten\/"},"author":{"name":"Robert Hoffmann","@id":"https:\/\/www.strassenweb.de\/nachrichten\/#\/schema\/person\/87c9c9067f1211da429a744dc5a5aa41"},"headline":"Sollten Sie Ihre Kleider drau\u00dfen trocknen, wenn Sie Heuseever haben? Allergiespezialisten warnen die Betroffenen, sich von diesem \u201egro\u00dfen Ausl\u00f6ser\u201c fernzuhalten,","datePublished":"2025-04-24T01:40:25+00:00","dateModified":"2025-04-24T01:40:26+00:00","mainEntityOfPage":{"@id":"https:\/\/www.strassenweb.de\/nachrichten\/sollten-sie-ihre-kleider-draussen-trocknen-wenn-sie-heuseever-haben-allergiespezialisten-warnen-die-betroffenen-sich-von-diesem-grossen-ausloeser-fernzuhalten\/"},"wordCount":1388,"publisher":{"@id":"https:\/\/www.strassenweb.de\/nachrichten\/#organization"},"image":{"@id":"https:\/\/www.strassenweb.de\/nachrichten\/sollten-sie-ihre-kleider-draussen-trocknen-wenn-sie-heuseever-haben-allergiespezialisten-warnen-die-betroffenen-sich-von-diesem-grossen-ausloeser-fernzuhalten\/#primaryimage"},"thumbnailUrl":"https:\/\/www.strassenweb.de\/nachrichten\/wp-content\/uploads\/2025\/04\/FYPpc6adzhGc8Ly8s5JqJh.jpg","keywords":["Allergiespezialisten","Ausl\u00f6ser","Betroffenen","die","diesem","drau\u00dfen","fernzuhalten","gro\u00dfen","haben","Heuseever","ihre","Kleider","sich","Sie","sollten","trocknen","von","warnen","wenn"],"articleSection":["Haus &amp; Garten"],"inLanguage":"de"},{"@type":"WebPage","@id":"https:\/\/www.strassenweb.de\/nachrichten\/sollten-sie-ihre-kleider-draussen-trocknen-wenn-sie-heuseever-haben-allergiespezialisten-warnen-die-betroffenen-sich-von-diesem-grossen-ausloeser-fernzuhalten\/","url":"https:\/\/www.strassenweb.de\/nachrichten\/sollten-sie-ihre-kleider-draussen-trocknen-wenn-sie-heuseever-haben-allergiespezialisten-warnen-die-betroffenen-sich-von-diesem-grossen-ausloeser-fernzuhalten\/","name":"Sollten Sie Ihre Kleider drau\u00dfen trocknen, wenn Sie Heuseever haben? Allergiespezialisten warnen die Betroffenen, sich von diesem \u201egro\u00dfen Ausl\u00f6ser\u201c fernzuhalten, - Nachrichten - Stra\u00dfenweb","isPartOf":{"@id":"https:\/\/www.strassenweb.de\/nachrichten\/#website"},"primaryImageOfPage":{"@id":"https:\/\/www.strassenweb.de\/nachrichten\/sollten-sie-ihre-kleider-draussen-trocknen-wenn-sie-heuseever-haben-allergiespezialisten-warnen-die-betroffenen-sich-von-diesem-grossen-ausloeser-fernzuhalten\/#primaryimage"},"image":{"@id":"https:\/\/www.strassenweb.de\/nachrichten\/sollten-sie-ihre-kleider-draussen-trocknen-wenn-sie-heuseever-haben-allergiespezialisten-warnen-die-betroffenen-sich-von-diesem-grossen-ausloeser-fernzuhalten\/#primaryimage"},"thumbnailUrl":"https:\/\/www.strassenweb.de\/nachrichten\/wp-content\/uploads\/2025\/04\/FYPpc6adzhGc8Ly8s5JqJh.jpg","datePublished":"2025-04-24T01:40:25+00:00","dateModified":"2025-04-24T01:40:26+00:00","breadcrumb":{"@id":"https:\/\/www.strassenweb.de\/nachrichten\/sollten-sie-ihre-kleider-draussen-trocknen-wenn-sie-heuseever-haben-allergiespezialisten-warnen-die-betroffenen-sich-von-diesem-grossen-ausloeser-fernzuhalten\/#breadcrumb"},"inLanguage":"de","potentialAction":[{"@type":"ReadAction","target":["https:\/\/www.strassenweb.de\/nachrichten\/sollten-sie-ihre-kleider-draussen-trocknen-wenn-sie-heuseever-haben-allergiespezialisten-warnen-die-betroffenen-sich-von-diesem-grossen-ausloeser-fernzuhalten\/"]}]},{"@type":"ImageObject","inLanguage":"de","@id":"https:\/\/www.strassenweb.de\/nachrichten\/sollten-sie-ihre-kleider-draussen-trocknen-wenn-sie-heuseever-haben-allergiespezialisten-warnen-die-betroffenen-sich-von-diesem-grossen-ausloeser-fernzuhalten\/#primaryimage","url":"https:\/\/www.strassenweb.de\/nachrichten\/wp-content\/uploads\/2025\/04\/FYPpc6adzhGc8Ly8s5JqJh.jpg","contentUrl":"https:\/\/www.strassenweb.de\/nachrichten\/wp-content\/uploads\/2025\/04\/FYPpc6adzhGc8Ly8s5JqJh.jpg","width":1600,"height":900,"caption":"Striped towels hanging from an outside washing line in a bright, sunny garden full of lush green bushes and trees."},{"@type":"BreadcrumbList","@id":"https:\/\/www.strassenweb.de\/nachrichten\/sollten-sie-ihre-kleider-draussen-trocknen-wenn-sie-heuseever-haben-allergiespezialisten-warnen-die-betroffenen-sich-von-diesem-grossen-ausloeser-fernzuhalten\/#breadcrumb","itemListElement":[{"@type":"ListItem","position":1,"name":"Home","item":"https:\/\/www.strassenweb.de\/nachrichten\/"},{"@type":"ListItem","position":2,"name":"Sollten Sie Ihre Kleider drau\u00dfen trocknen, wenn Sie Heuseever haben? Allergiespezialisten warnen die Betroffenen, sich von diesem \u201egro\u00dfen Ausl\u00f6ser\u201c fernzuhalten,"}]},{"@type":"WebSite","@id":"https:\/\/www.strassenweb.de\/nachrichten\/#website","url":"https:\/\/www.strassenweb.de\/nachrichten\/","name":"Stra\u00dfenweb","description":"Stra\u00dfenverzeichnis f\u00fcr Deutschland","publisher":{"@id":"https:\/\/www.strassenweb.de\/nachrichten\/#organization"},"potentialAction":[{"@type":"SearchAction","target":{"@type":"EntryPoint","urlTemplate":"https:\/\/www.strassenweb.de\/nachrichten\/?s={search_term_string}"},"query-input":{"@type":"PropertyValueSpecification","valueRequired":true,"valueName":"search_term_string"}}],"inLanguage":"de"},{"@type":"Organization","@id":"https:\/\/www.strassenweb.de\/nachrichten\/#organization","name":"Stra\u00dfenweb","url":"https:\/\/www.strassenweb.de\/nachrichten\/","logo":{"@type":"ImageObject","inLanguage":"de","@id":"https:\/\/www.strassenweb.de\/nachrichten\/#\/schema\/logo\/image\/","url":"https:\/\/www.strassenweb.de\/nachrichten\/wp-content\/uploads\/2024\/09\/cropped-favicon.png","contentUrl":"https:\/\/www.strassenweb.de\/nachrichten\/wp-content\/uploads\/2024\/09\/cropped-favicon.png","width":512,"height":512,"caption":"Stra\u00dfenweb"},"image":{"@id":"https:\/\/www.strassenweb.de\/nachrichten\/#\/schema\/logo\/image\/"},"sameAs":["https:\/\/www.facebook.com\/strassenweb\/"]},{"@type":"Person","@id":"https:\/\/www.strassenweb.de\/nachrichten\/#\/schema\/person\/87c9c9067f1211da429a744dc5a5aa41","name":"Robert Hoffmann","image":{"@type":"ImageObject","inLanguage":"de","@id":"https:\/\/www.strassenweb.de\/nachrichten\/wp-content\/uploads\/2024\/09\/strassenweb-150x150.jpg","url":"https:\/\/www.strassenweb.de\/nachrichten\/wp-content\/uploads\/2024\/09\/strassenweb-150x150.jpg","contentUrl":"https:\/\/www.strassenweb.de\/nachrichten\/wp-content\/uploads\/2024\/09\/strassenweb-150x150.jpg","caption":"Robert Hoffmann"},"description":"Ich hei\u00dfe Robert Hoffmann und ich bin ein leidenschaftlicher Verfechter von \u00d6kologie und Biodiversit\u00e4t. Seit meiner Kindheit in den W\u00e4ldern Bayerns f\u00fchle ich mich mit der Natur verbunden und bin entschlossen, sie zu sch\u00fctzen. Heute widme ich mein Leben der Sensibilisierung anderer f\u00fcr die Bedeutung des Umweltschutzes f\u00fcr zuk\u00fcnftige Generationen.","sameAs":["https:\/\/www.strassenweb.de\/"]}]}},"_links":{"self":[{"href":"https:\/\/www.strassenweb.de\/nachrichten\/wp-json\/wp\/v2\/posts\/4650","targetHints":{"allow":["GET"]}}],"collection":[{"href":"https:\/\/www.strassenweb.de\/nachrichten\/wp-json\/wp\/v2\/posts"}],"about":[{"href":"https:\/\/www.strassenweb.de\/nachrichten\/wp-json\/wp\/v2\/types\/post"}],"author":[{"embeddable":true,"href":"https:\/\/www.strassenweb.de\/nachrichten\/wp-json\/wp\/v2\/users\/1"}],"replies":[{"embeddable":true,"href":"https:\/\/www.strassenweb.de\/nachrichten\/wp-json\/wp\/v2\/comments?post=4650"}],"version-history":[{"count":0,"href":"https:\/\/www.strassenweb.de\/nachrichten\/wp-json\/wp\/v2\/posts\/4650\/revisions"}],"wp:featuredmedia":[{"embeddable":true,"href":"https:\/\/www.strassenweb.de\/nachrichten\/wp-json\/wp\/v2\/media\/4651"}],"wp:attachment":[{"href":"https:\/\/www.strassenweb.de\/nachrichten\/wp-json\/wp\/v2\/media?parent=4650"}],"wp:term":[{"taxonomy":"category","embeddable":true,"href":"https:\/\/www.strassenweb.de\/nachrichten\/wp-json\/wp\/v2\/categories?post=4650"},{"taxonomy":"post_tag","embeddable":true,"href":"https:\/\/www.strassenweb.de\/nachrichten\/wp-json\/wp\/v2\/tags?post=4650"}],"curies":[{"name":"wp","href":"https:\/\/api.w.org\/{rel}","templated":true}]}}